{"id":497118,"date":"2020-03-27T11:52:30","date_gmt":"2020-03-27T14:52:30","guid":{"rendered":"https:\/\/www.estrategiaconcursos.com.br\/blog\/?p=497118"},"modified":"2020-03-27T13:05:31","modified_gmt":"2020-03-27T16:05:31","slug":"sao-luis-veda-realizacao-de-concursos-publicos-em-razao-de-calamidade-publica","status":"publish","type":"post","link":"https:\/\/www.estrategiaconcursos.com.br\/blog\/sao-luis-veda-realizacao-de-concursos-publicos-em-razao-de-calamidade-publica\/","title":{"rendered":"S\u00e3o Luis veda realiza\u00e7\u00e3o de concursos p\u00fablicos em raz\u00e3o de calamidade p\u00fablica"},"content":{"rendered":"\n<p>Em publica\u00e7\u00e3o no Di\u00e1rio Oficial da Assembl\u00e9ia Legislativa do Estado do Maranh\u00e3o, no dia 26 de mar\u00e7o, o Munic\u00edpio de S\u00e3o Luis divulgou o<a href=\"https:\/\/dhg1h5j42swfq.cloudfront.net\/2020\/03\/27115055\/DIARIO040-26-03-2020-4-5.pdf\"> <strong>Decreto n.\u00ba 54.936\/2020<\/strong><\/a> no qual  Declara estado de calamidade p\u00fablica no Munic\u00edpio de S\u00e3o Lu\u00eds e define outras medidas para o enfrentamento da pandemia decorrente da COVID-19 e do aumento no n\u00famero de casos de H1N1. <\/p>\n\n\n\n<p>O Decreto foi promulgado em 23 de mar\u00e7o e dentre diversas disposi\u00e7\u00f5es, traz em seu artigo 9.\u00ba a seguinte: <\/p>\n\n\n\n<p><em>Art. 9.\u00ba Ficam vedados, ao longo do per\u00edodo de calamidade p\u00fablica: <\/em><br \/><em>(&#8230;); <\/em><br \/><em>II &#8211; a realiza\u00e7\u00e3o de provas de concurso p\u00fablico da Administra\u00e7\u00e3o Direta e Indireta, exceto para \u00e1reas de sa\u00fade, assist\u00eancia social e seguran\u00e7a<\/em>.<\/p>\n\n\n\n<p>Assim, em raz\u00e3o da pandemia causada pelo coronav\u00edrus (Covid-19) e consequente decreta\u00e7\u00e3o de estado de calamidade p\u00fablica no Munic\u00edpio, bem como do aumento de casos de H1N1 na cidade, est\u00e1 <strong><em>vedada a realiza\u00e7\u00e3o de provas para certames que n\u00e3o sejam para \u00e1rea da sa\u00fade, assist\u00eancia social e seguran\u00e7a p\u00fablica. <\/em><\/strong><\/p>\n\n\n\n<p>A validade do decreto, de acordo com o artigo 14, se dar\u00e1 enquanto durar o estado de calamidade p\u00fablica. Recentemente, o Conselho Nacional de Justi\u00e7a j\u00e1 havia suspendido a realiza\u00e7\u00e3o de todas as provas de certames p\u00fablicos do Poder Judici\u00e1rio em \u00e2mbito nacional. <\/p>\n\n\n\n<p>Muitos \u00f3rg\u00e3os, inclusive, t\u00eam cancelado, suspendido ou adiado suas provas prevista para este ou o pr\u00f3ximo m\u00eas, em raz\u00e3o da pandemia causada pelo Covid-19, por decis\u00f5es internas e em conjunto com as bancas organizadoras dos concursos. <\/p>\n\n\n\n<h4 class=\"has-text-align-center wp-block-heading\">Vai aproveitar a quarentena para estudar para concursos? <\/h4>\n\n\n\n<p class=\"has-text-align-center\"><em>Caso voc\u00ea queira acompanhar de perto as novidades nos concursos p\u00fablicos, recomendamos visitar os seguintes artigos:<\/em><\/p>\n\n\n\n<p style=\"font-size:25px\" class=\"has-background has-text-align-center has-very-light-gray-background-color\"> <strong><a href=\"https:\/\/www.estrategiaconcursos.com.br\/blog\/concursos-ma\">Concursos Maranh\u00e3o<\/a><\/strong> <\/p>\n\n\n\n<p style=\"font-size:25px\" class=\"has-background has-text-align-center has-luminous-vivid-amber-background-color\"><a rel=\"noreferrer noopener\" aria-label=\"Concursos Nordeste (abre numa nova aba)\" href=\"https:\/\/www.estrategiaconcursos.com.br\/blog\/concursos-nordeste\/\" target=\"_blank\"><strong>Concursos Nordeste<\/strong><\/a><\/p>\n\n\n\n<p style=\"font-size:25px\" class=\"has-background has-text-align-center has-pale-cyan-blue-background-color\"><strong><a href=\"https:\/\/www.estrategiaconcursos.com.br\/blog\/concursos-abertos\/\" target=\"_blank\" rel=\"noreferrer noopener\">Concursos Abertos<\/a><\/strong><\/p>\n\n\n\n<p style=\"font-size:25px\" class=\"has-background has-text-align-center has-pale-cyan-blue-background-color\"><strong><a href=\"https:\/\/www.estrategiaconcursos.com.br\/blog\/concursos-2020\/\" target=\"_blank\" rel=\"noreferrer noopener\" aria-label=\"Concursos 2020 (abre numa nova aba)\">Concursos 2020<\/a><\/strong><\/p>\n\n\n\n<p class=\"has-text-align-center\"><br \/><em><strong>Assinatura Anual Ilimitada*<\/strong><\/em><\/p>\n\n\n\n<p class=\"has-text-align-center\"><em>Prepare-se com o melhor material e com quem mais aprova em&nbsp;Concursos P\u00fablicos de todo o pa\u00eds. Assine agora a nossa Assinatura Anual e tenha acesso ilimitado* a todos os nossos cursos.<\/em><\/p>\n\n\n\n<p style=\"font-size:25px\" class=\"has-background has-text-align-center has-light-green-cyan-background-color\"><strong>ASSINE AGORA<\/strong>&nbsp;\u2013&nbsp;<a rel=\"noreferrer noopener\" href=\"https:\/\/www.estrategiaconcursos.com.br\/assinaturas\" target=\"_blank\"><strong>Assinatura Ilimitada<\/strong><\/a><\/p>\n","protected":false},"excerpt":{"rendered":"<p>Em publica\u00e7\u00e3o no Di\u00e1rio Oficial da Assembl\u00e9ia Legislativa do Estado do Maranh\u00e3o, no dia 26 de mar\u00e7o, o Munic\u00edpio de S\u00e3o Luis divulgou o Decreto n.\u00ba 54.936\/2020 no qual Declara estado de calamidade p\u00fablica no Munic\u00edpio de S\u00e3o Lu\u00eds e define outras medidas para o enfrentamento da pandemia decorrente da COVID-19 e do aumento no [&hellip;]<\/p>\n","protected":false},"author":317,"featured_media":0,"comment_status":"open","ping_status":"closed","sticky":false,"template":"","format":"standard","meta":{"post_tipo":"article","footnotes":""},"categories":[1],"tags":[],"tax_estado":[],"class_list":["post-497118","post","type-post","status-publish","format-standard","hentry","category-cursos-e-concursos"],"acf":[],"yoast_head":"<!-- This site is optimized with the Yoast SEO Premium plugin v27.2 (Yoast SEO v27.2) - https:\/\/yoast.com\/product\/yoast-seo-premium-wordpress\/ -->\n<title>S\u00e3o Luis veda realiza\u00e7\u00e3o de concursos p\u00fablicos em raz\u00e3o de calamidade p\u00fablica<\/title>\n<meta name=\"robots\" content=\"index, follow, max-snippet:-1, max-image-preview:large, max-video-preview:-1\" \/>\n<link rel=\"canonical\" href=\"https:\/\/www.estrategiaconcursos.com.br\/blog\/sao-luis-veda-realizacao-de-concursos-publicos-em-razao-de-calamidade-publica\/\" \/>\n<meta property=\"og:locale\" content=\"pt_BR\" \/>\n<meta property=\"og:type\" content=\"article\" \/>\n<meta property=\"og:title\" content=\"S\u00e3o Luis veda realiza\u00e7\u00e3o de concursos p\u00fablicos em raz\u00e3o de calamidade p\u00fablica\" \/>\n<meta property=\"og:description\" content=\"Em publica\u00e7\u00e3o no Di\u00e1rio Oficial da Assembl\u00e9ia Legislativa do Estado do Maranh\u00e3o, no dia 26 de mar\u00e7o, o Munic\u00edpio de S\u00e3o Luis divulgou o Decreto n.\u00ba 54.936\/2020 no qual Declara estado de calamidade p\u00fablica no Munic\u00edpio de S\u00e3o Lu\u00eds e define outras medidas para o enfrentamento da pandemia decorrente da COVID-19 e do aumento no [&hellip;]\" \/>\n<meta property=\"og:url\" content=\"https:\/\/www.estrategiaconcursos.com.br\/blog\/sao-luis-veda-realizacao-de-concursos-publicos-em-razao-de-calamidade-publica\/\" \/>\n<meta property=\"og:site_name\" content=\"Estrat\u00e9gia Concursos\" \/>\n<meta property=\"article:author\" content=\"https:\/\/www.facebook.com\/igor.maciel.1420\" \/>\n<meta property=\"article:published_time\" content=\"2020-03-27T14:52:30+00:00\" \/>\n<meta property=\"article:modified_time\" content=\"2020-03-27T16:05:31+00:00\" \/>\n<meta name=\"author\" content=\"Igor Maciel\" \/>\n<meta name=\"twitter:card\" content=\"summary_large_image\" \/>\n<meta name=\"twitter:creator\" content=\"@EstratConcursos\" \/>\n<meta name=\"twitter:site\" content=\"@EstratConcursos\" \/>\n<meta name=\"twitter:label1\" content=\"Escrito por\" \/>\n\t<meta name=\"twitter:data1\" content=\"Igor Maciel\" \/>\n\t<meta name=\"twitter:label2\" content=\"Est. tempo de leitura\" \/>\n\t<meta name=\"twitter:data2\" content=\"2 minutos\" \/>\n<script type=\"application\/ld+json\" class=\"yoast-schema-graph\">{\"@context\":\"https:\/\/schema.org\",\"@graph\":[{\"@type\":\"NewsArticle\",\"@id\":\"https:\/\/www.estrategiaconcursos.com.br\/blog\/sao-luis-veda-realizacao-de-concursos-publicos-em-razao-de-calamidade-publica\/#article\",\"isPartOf\":{\"@id\":\"https:\/\/www.estrategiaconcursos.com.br\/blog\/sao-luis-veda-realizacao-de-concursos-publicos-em-razao-de-calamidade-publica\/\"},\"author\":{\"name\":\"Igor Maciel\",\"@id\":\"https:\/\/www.estrategiaconcursos.com.br\/blog\/#\/schema\/person\/024d26d5efb06d95dfc04025d7301591\"},\"headline\":\"S\u00e3o Luis veda realiza\u00e7\u00e3o de concursos p\u00fablicos em raz\u00e3o de calamidade p\u00fablica\",\"datePublished\":\"2020-03-27T14:52:30+00:00\",\"dateModified\":\"2020-03-27T16:05:31+00:00\",\"mainEntityOfPage\":{\"@id\":\"https:\/\/www.estrategiaconcursos.com.br\/blog\/sao-luis-veda-realizacao-de-concursos-publicos-em-razao-de-calamidade-publica\/\"},\"wordCount\":375,\"commentCount\":0,\"publisher\":{\"@id\":\"https:\/\/www.estrategiaconcursos.com.br\/blog\/#organization\"},\"articleSection\":[\"Concursos P\u00fablicos\"],\"inLanguage\":\"pt-BR\",\"potentialAction\":[{\"@type\":\"CommentAction\",\"name\":\"Comment\",\"target\":[\"https:\/\/www.estrategiaconcursos.com.br\/blog\/sao-luis-veda-realizacao-de-concursos-publicos-em-razao-de-calamidade-publica\/#respond\"]}],\"copyrightYear\":\"2020\",\"copyrightHolder\":{\"@id\":\"https:\/\/www.estrategiaconcursos.com.br\/blog\/#organization\"}},{\"@type\":\"WebPage\",\"@id\":\"https:\/\/www.estrategiaconcursos.com.br\/blog\/sao-luis-veda-realizacao-de-concursos-publicos-em-razao-de-calamidade-publica\/\",\"url\":\"https:\/\/www.estrategiaconcursos.com.br\/blog\/sao-luis-veda-realizacao-de-concursos-publicos-em-razao-de-calamidade-publica\/\",\"name\":\"S\u00e3o Luis veda realiza\u00e7\u00e3o de concursos p\u00fablicos em raz\u00e3o de calamidade p\u00fablica\",\"isPartOf\":{\"@id\":\"https:\/\/www.estrategiaconcursos.com.br\/blog\/#website\"},\"datePublished\":\"2020-03-27T14:52:30+00:00\",\"dateModified\":\"2020-03-27T16:05:31+00:00\",\"breadcrumb\":{\"@id\":\"https:\/\/www.estrategiaconcursos.com.br\/blog\/sao-luis-veda-realizacao-de-concursos-publicos-em-razao-de-calamidade-publica\/#breadcrumb\"},\"inLanguage\":\"pt-BR\",\"potentialAction\":[{\"@type\":\"ReadAction\",\"target\":[\"https:\/\/www.estrategiaconcursos.com.br\/blog\/sao-luis-veda-realizacao-de-concursos-publicos-em-razao-de-calamidade-publica\/\"]}]},{\"@type\":\"BreadcrumbList\",\"@id\":\"https:\/\/www.estrategiaconcursos.com.br\/blog\/sao-luis-veda-realizacao-de-concursos-publicos-em-razao-de-calamidade-publica\/#breadcrumb\",\"itemListElement\":[{\"@type\":\"ListItem\",\"position\":1,\"name\":\"In\u00edcio\",\"item\":\"https:\/\/www.estrategiaconcursos.com.br\/blog\/\"},{\"@type\":\"ListItem\",\"position\":2,\"name\":\"S\u00e3o Luis veda realiza\u00e7\u00e3o de concursos p\u00fablicos em raz\u00e3o de calamidade p\u00fablica\"}]},{\"@type\":\"WebSite\",\"@id\":\"https:\/\/www.estrategiaconcursos.com.br\/blog\/#website\",\"url\":\"https:\/\/www.estrategiaconcursos.com.br\/blog\/\",\"name\":\"Estrat\u00e9gia Concursos\",\"description\":\"O blog da Estrat\u00e9gia Concursos traz not\u00edcias sobre concursos e artigos de professores oferecendo cursos para concursos (pdf + videaulas) no site.\",\"publisher\":{\"@id\":\"https:\/\/www.estrategiaconcursos.com.br\/blog\/#organization\"},\"potentialAction\":[{\"@type\":\"SearchAction\",\"target\":{\"@type\":\"EntryPoint\",\"urlTemplate\":\"https:\/\/www.estrategiaconcursos.com.br\/blog\/?s={search_term_string}\"},\"query-input\":{\"@type\":\"PropertyValueSpecification\",\"valueRequired\":true,\"valueName\":\"search_term_string\"}}],\"inLanguage\":\"pt-BR\"},{\"@type\":\"Organization\",\"@id\":\"https:\/\/www.estrategiaconcursos.com.br\/blog\/#organization\",\"name\":\"Estrat\u00e9gia Concursos\",\"url\":\"https:\/\/www.estrategiaconcursos.com.br\/blog\/\",\"logo\":{\"@type\":\"ImageObject\",\"inLanguage\":\"pt-BR\",\"@id\":\"https:\/\/www.estrategiaconcursos.com.br\/blog\/#\/schema\/logo\/image\/\",\"url\":\"https:\/\/dhg1h5j42swfq.cloudfront.net\/2025\/06\/03203428\/logo_concursos-1.jpg\",\"contentUrl\":\"https:\/\/dhg1h5j42swfq.cloudfront.net\/2025\/06\/03203428\/logo_concursos-1.jpg\",\"width\":230,\"height\":60,\"caption\":\"Estrat\u00e9gia Concursos\"},\"image\":{\"@id\":\"https:\/\/www.estrategiaconcursos.com.br\/blog\/#\/schema\/logo\/image\/\"},\"sameAs\":[\"https:\/\/x.com\/EstratConcursos\"]},{\"@type\":\"Person\",\"@id\":\"https:\/\/www.estrategiaconcursos.com.br\/blog\/#\/schema\/person\/024d26d5efb06d95dfc04025d7301591\",\"name\":\"Igor Maciel\",\"image\":{\"@type\":\"ImageObject\",\"inLanguage\":\"pt-BR\",\"@id\":\"https:\/\/secure.gravatar.com\/avatar\/e983a676af6facf4aebcb2989d49e3bf61b718712d5e7a4b3f355b7fe651bc2f?s=96&d=mm&r=g\",\"url\":\"https:\/\/secure.gravatar.com\/avatar\/e983a676af6facf4aebcb2989d49e3bf61b718712d5e7a4b3f355b7fe651bc2f?s=96&d=mm&r=g\",\"contentUrl\":\"https:\/\/secure.gravatar.com\/avatar\/e983a676af6facf4aebcb2989d49e3bf61b718712d5e7a4b3f355b7fe651bc2f?s=96&d=mm&r=g\",\"caption\":\"Igor Maciel\"},\"description\":\"Graduado na Universidade Federal de Pernambuco, com extens\u00e3o na Universidade de Coimbra\/Portugal. Especialista LLM em Direito Corporativo pelo IBMEC\/RJ. Mestrando em Direito e Pol\u00edticas P\u00fablicas pelo UNICEUB\/DF. Advogado com atua\u00e7\u00e3o profissional centrada no Direito Tribut\u00e1rio e no Direito Administrativo, especialmente na defesa de servidores p\u00fablicos.\",\"sameAs\":[\"http:\/\/www.imaciel.com.br\",\"https:\/\/www.facebook.com\/igor.maciel.1420\"],\"url\":\"https:\/\/www.estrategiaconcursos.com.br\/blog\/author\/contatoimaciel-com-br\/\"}]}<\/script>\n<!-- \/ Yoast SEO Premium plugin. -->","yoast_head_json":{"title":"S\u00e3o Luis veda realiza\u00e7\u00e3o de concursos p\u00fablicos em raz\u00e3o de calamidade p\u00fablica","robots":{"index":"index","follow":"follow","max-snippet":"max-snippet:-1","max-image-preview":"max-image-preview:large","max-video-preview":"max-video-preview:-1"},"canonical":"https:\/\/www.estrategiaconcursos.com.br\/blog\/sao-luis-veda-realizacao-de-concursos-publicos-em-razao-de-calamidade-publica\/","og_locale":"pt_BR","og_type":"article","og_title":"S\u00e3o Luis veda realiza\u00e7\u00e3o de concursos p\u00fablicos em raz\u00e3o de calamidade p\u00fablica","og_description":"Em publica\u00e7\u00e3o no Di\u00e1rio Oficial da Assembl\u00e9ia Legislativa do Estado do Maranh\u00e3o, no dia 26 de mar\u00e7o, o Munic\u00edpio de S\u00e3o Luis divulgou o Decreto n.\u00ba 54.936\/2020 no qual Declara estado de calamidade p\u00fablica no Munic\u00edpio de S\u00e3o Lu\u00eds e define outras medidas para o enfrentamento da pandemia decorrente da COVID-19 e do aumento no [&hellip;]","og_url":"https:\/\/www.estrategiaconcursos.com.br\/blog\/sao-luis-veda-realizacao-de-concursos-publicos-em-razao-de-calamidade-publica\/","og_site_name":"Estrat\u00e9gia Concursos","article_author":"https:\/\/www.facebook.com\/igor.maciel.1420","article_published_time":"2020-03-27T14:52:30+00:00","article_modified_time":"2020-03-27T16:05:31+00:00","author":"Igor Maciel","twitter_card":"summary_large_image","twitter_creator":"@EstratConcursos","twitter_site":"@EstratConcursos","twitter_misc":{"Escrito por":"Igor Maciel","Est. tempo de leitura":"2 minutos"},"schema":{"@context":"https:\/\/schema.org","@graph":[{"@type":"NewsArticle","@id":"https:\/\/www.estrategiaconcursos.com.br\/blog\/sao-luis-veda-realizacao-de-concursos-publicos-em-razao-de-calamidade-publica\/#article","isPartOf":{"@id":"https:\/\/www.estrategiaconcursos.com.br\/blog\/sao-luis-veda-realizacao-de-concursos-publicos-em-razao-de-calamidade-publica\/"},"author":{"name":"Igor Maciel","@id":"https:\/\/www.estrategiaconcursos.com.br\/blog\/#\/schema\/person\/024d26d5efb06d95dfc04025d7301591"},"headline":"S\u00e3o Luis veda realiza\u00e7\u00e3o de concursos p\u00fablicos em raz\u00e3o de calamidade p\u00fablica","datePublished":"2020-03-27T14:52:30+00:00","dateModified":"2020-03-27T16:05:31+00:00","mainEntityOfPage":{"@id":"https:\/\/www.estrategiaconcursos.com.br\/blog\/sao-luis-veda-realizacao-de-concursos-publicos-em-razao-de-calamidade-publica\/"},"wordCount":375,"commentCount":0,"publisher":{"@id":"https:\/\/www.estrategiaconcursos.com.br\/blog\/#organization"},"articleSection":["Concursos P\u00fablicos"],"inLanguage":"pt-BR","potentialAction":[{"@type":"CommentAction","name":"Comment","target":["https:\/\/www.estrategiaconcursos.com.br\/blog\/sao-luis-veda-realizacao-de-concursos-publicos-em-razao-de-calamidade-publica\/#respond"]}],"copyrightYear":"2020","copyrightHolder":{"@id":"https:\/\/www.estrategiaconcursos.com.br\/blog\/#organization"}},{"@type":"WebPage","@id":"https:\/\/www.estrategiaconcursos.com.br\/blog\/sao-luis-veda-realizacao-de-concursos-publicos-em-razao-de-calamidade-publica\/","url":"https:\/\/www.estrategiaconcursos.com.br\/blog\/sao-luis-veda-realizacao-de-concursos-publicos-em-razao-de-calamidade-publica\/","name":"S\u00e3o Luis veda realiza\u00e7\u00e3o de concursos p\u00fablicos em raz\u00e3o de calamidade p\u00fablica","isPartOf":{"@id":"https:\/\/www.estrategiaconcursos.com.br\/blog\/#website"},"datePublished":"2020-03-27T14:52:30+00:00","dateModified":"2020-03-27T16:05:31+00:00","breadcrumb":{"@id":"https:\/\/www.estrategiaconcursos.com.br\/blog\/sao-luis-veda-realizacao-de-concursos-publicos-em-razao-de-calamidade-publica\/#breadcrumb"},"inLanguage":"pt-BR","potentialAction":[{"@type":"ReadAction","target":["https:\/\/www.estrategiaconcursos.com.br\/blog\/sao-luis-veda-realizacao-de-concursos-publicos-em-razao-de-calamidade-publica\/"]}]},{"@type":"BreadcrumbList","@id":"https:\/\/www.estrategiaconcursos.com.br\/blog\/sao-luis-veda-realizacao-de-concursos-publicos-em-razao-de-calamidade-publica\/#breadcrumb","itemListElement":[{"@type":"ListItem","position":1,"name":"In\u00edcio","item":"https:\/\/www.estrategiaconcursos.com.br\/blog\/"},{"@type":"ListItem","position":2,"name":"S\u00e3o Luis veda realiza\u00e7\u00e3o de concursos p\u00fablicos em raz\u00e3o de calamidade p\u00fablica"}]},{"@type":"WebSite","@id":"https:\/\/www.estrategiaconcursos.com.br\/blog\/#website","url":"https:\/\/www.estrategiaconcursos.com.br\/blog\/","name":"Estrat\u00e9gia Concursos","description":"O blog da Estrat\u00e9gia Concursos traz not\u00edcias sobre concursos e artigos de professores oferecendo cursos para concursos (pdf + videaulas) no site.","publisher":{"@id":"https:\/\/www.estrategiaconcursos.com.br\/blog\/#organization"},"potentialAction":[{"@type":"SearchAction","target":{"@type":"EntryPoint","urlTemplate":"https:\/\/www.estrategiaconcursos.com.br\/blog\/?s={search_term_string}"},"query-input":{"@type":"PropertyValueSpecification","valueRequired":true,"valueName":"search_term_string"}}],"inLanguage":"pt-BR"},{"@type":"Organization","@id":"https:\/\/www.estrategiaconcursos.com.br\/blog\/#organization","name":"Estrat\u00e9gia Concursos","url":"https:\/\/www.estrategiaconcursos.com.br\/blog\/","logo":{"@type":"ImageObject","inLanguage":"pt-BR","@id":"https:\/\/www.estrategiaconcursos.com.br\/blog\/#\/schema\/logo\/image\/","url":"https:\/\/dhg1h5j42swfq.cloudfront.net\/2025\/06\/03203428\/logo_concursos-1.jpg","contentUrl":"https:\/\/dhg1h5j42swfq.cloudfront.net\/2025\/06\/03203428\/logo_concursos-1.jpg","width":230,"height":60,"caption":"Estrat\u00e9gia Concursos"},"image":{"@id":"https:\/\/www.estrategiaconcursos.com.br\/blog\/#\/schema\/logo\/image\/"},"sameAs":["https:\/\/x.com\/EstratConcursos"]},{"@type":"Person","@id":"https:\/\/www.estrategiaconcursos.com.br\/blog\/#\/schema\/person\/024d26d5efb06d95dfc04025d7301591","name":"Igor Maciel","image":{"@type":"ImageObject","inLanguage":"pt-BR","@id":"https:\/\/secure.gravatar.com\/avatar\/e983a676af6facf4aebcb2989d49e3bf61b718712d5e7a4b3f355b7fe651bc2f?s=96&d=mm&r=g","url":"https:\/\/secure.gravatar.com\/avatar\/e983a676af6facf4aebcb2989d49e3bf61b718712d5e7a4b3f355b7fe651bc2f?s=96&d=mm&r=g","contentUrl":"https:\/\/secure.gravatar.com\/avatar\/e983a676af6facf4aebcb2989d49e3bf61b718712d5e7a4b3f355b7fe651bc2f?s=96&d=mm&r=g","caption":"Igor Maciel"},"description":"Graduado na Universidade Federal de Pernambuco, com extens\u00e3o na Universidade de Coimbra\/Portugal. Especialista LLM em Direito Corporativo pelo IBMEC\/RJ. Mestrando em Direito e Pol\u00edticas P\u00fablicas pelo UNICEUB\/DF. Advogado com atua\u00e7\u00e3o profissional centrada no Direito Tribut\u00e1rio e no Direito Administrativo, especialmente na defesa de servidores p\u00fablicos.","sameAs":["http:\/\/www.imaciel.com.br","https:\/\/www.facebook.com\/igor.maciel.1420"],"url":"https:\/\/www.estrategiaconcursos.com.br\/blog\/author\/contatoimaciel-com-br\/"}]}},"_links":{"self":[{"href":"https:\/\/www.estrategiaconcursos.com.br\/blog\/wp-json\/wp\/v2\/posts\/497118","targetHints":{"allow":["GET"]}}],"collection":[{"href":"https:\/\/www.estrategiaconcursos.com.br\/blog\/wp-json\/wp\/v2\/posts"}],"about":[{"href":"https:\/\/www.estrategiaconcursos.com.br\/blog\/wp-json\/wp\/v2\/types\/post"}],"author":[{"embeddable":true,"href":"https:\/\/www.estrategiaconcursos.com.br\/blog\/wp-json\/wp\/v2\/users\/317"}],"replies":[{"embeddable":true,"href":"https:\/\/www.estrategiaconcursos.com.br\/blog\/wp-json\/wp\/v2\/comments?post=497118"}],"version-history":[{"count":2,"href":"https:\/\/www.estrategiaconcursos.com.br\/blog\/wp-json\/wp\/v2\/posts\/497118\/revisions"}],"predecessor-version":[{"id":497139,"href":"https:\/\/www.estrategiaconcursos.com.br\/blog\/wp-json\/wp\/v2\/posts\/497118\/revisions\/497139"}],"wp:attachment":[{"href":"https:\/\/www.estrategiaconcursos.com.br\/blog\/wp-json\/wp\/v2\/media?parent=497118"}],"wp:term":[{"taxonomy":"category","embeddable":true,"href":"https:\/\/www.estrategiaconcursos.com.br\/blog\/wp-json\/wp\/v2\/categories?post=497118"},{"taxonomy":"post_tag","embeddable":true,"href":"https:\/\/www.estrategiaconcursos.com.br\/blog\/wp-json\/wp\/v2\/tags?post=497118"},{"taxonomy":"tax_estado","embeddable":true,"href":"https:\/\/www.estrategiaconcursos.com.br\/blog\/wp-json\/wp\/v2\/tax_estado?post=497118"}],"curies":[{"name":"wp","href":"https:\/\/api.w.org\/{rel}","templated":true}]}}