{"id":496869,"date":"2020-04-01T18:00:00","date_gmt":"2020-04-01T21:00:00","guid":{"rendered":"https:\/\/www.estrategiaconcursos.com.br\/blog\/?p=496869"},"modified":"2023-01-30T15:57:29","modified_gmt":"2023-01-30T18:57:29","slug":"coronavirus-e-as-restricoes-a-liberdade-veja-no-evento-exclusivo-desta-quinta","status":"publish","type":"post","link":"https:\/\/www.estrategiaconcursos.com.br\/blog\/coronavirus-e-as-restricoes-a-liberdade-veja-no-evento-exclusivo-desta-quinta\/","title":{"rendered":"Coronav\u00edrus e as Restri\u00e7\u00f5es \u00e0 Liberdade: Veja no evento exclusivo desta quinta!"},"content":{"rendered":"\n<p>Na sexta-feira, 20 de mar\u00e7o de 2020, foi aprovado, no Senado, o decreto legislativo que reconhece o estado de calamidade p\u00fablica no Brasil em virtude da pandemia de coronav\u00edrus (Covid-19). A vota\u00e7\u00e3o do projeto pelo Senado foi remota, pois a Casa determinou o afastamento coletivo dos senadores por conta das medidas tomadas contra o coronav\u00edrus. <\/p>\n\n\n\n<p>Segundo informa\u00e7\u00f5es do Minist\u00e9rio da Sa\u00fade, coronav\u00edrus \u00e9 uma fam\u00edlia de v\u00edrus que causam infec\u00e7\u00f5es respirat\u00f3rias, e o novo agente do coronav\u00edrus foi descoberto em 31\/12\/19 ap\u00f3s casos registrados na China, provocando a doen\u00e7a chamada de coronav\u00edrus (COVID-19).<\/p>\n\n\n\n<p>Os primeiros coronav\u00edrus humanos foram isolados pela primeira vez em 1937, mas foi em 1965 que o v\u00edrus foi descrito como coronav\u00edrus, em decorr\u00eancia do perfil na microscopia, parecendo uma coroa.<\/p>\n\n\n\n<p> O COVID-19 se caracteriza por sintomas como nariz escorrendo, dor de garganta, tosse e febre, mas doen\u00e7a pode ser mais grave para algumas pessoas, causando pneumonia ou dificuldade para respirar.<\/p>\n\n\n\n<p>Em casos mais raros, ela pode ser fatal. Idosos e pessoas com outras condi\u00e7\u00f5es m\u00e9dicas (como asma, diabetes e doen\u00e7a card\u00edaca) s\u00e3o mais vulner\u00e1veis a quadros graves. <\/p>\n\n\n\n<p>Dentre as principais medidas tomadas em praticamente todos os estados brasileiros e na maioria dos pa\u00edses atingidos pelo v\u00edrus est\u00e1 a recomenda\u00e7\u00e3o de isolamento da popula\u00e7\u00e3o, com a manuten\u00e7\u00e3o de grande parte dos cidad\u00e3os em suas casas. Muitos pa\u00edses, inclusive, t\u00eam aplicado multas aos desobedientes de ordens proferidas nesse sentido. <\/p>\n\n\n\n<p>Mas como fica a quest\u00e3o da restri\u00e7\u00e3o de liberdade do cidad\u00e3o nesses tempos? Quais s\u00e3o suas implica\u00e7\u00f5es e consequ\u00eancias? \u00c9 sobre esse tema que ir\u00e1 tratar o evento desta<em><strong> quinta-feira, 1.\u00ba de abril<\/strong><\/em>, ministrado pelo professor Diego Cerqueira,<em><strong> a partir das 19 horas, diretamente do canal do Estrat\u00e9gia Concursos no YouTube. <\/strong><\/em><\/p>\n\n\n\n<h2 class=\"has-text-align-center wp-block-heading\" id=\"cursos\">Quer estudar para Concursos?<\/h2>\n\n\n\n<p class=\"has-text-align-center\"><em><strong>Vai aproveitar a quarentena para come\u00e7ar a se preparar para concursos p\u00fablicos? Ent\u00e3o, confira os nossos cursos!<\/strong><\/em><\/p>\n\n\n\n<p class=\"has-text-align-center has-luminous-vivid-amber-background-color has-background\" style=\"font-size:clamp(16.293px, 1.018rem + ((1vw - 3.2px) * 0.854), 25px);px\"><a href=\"https:\/\/www.estrategiaconcursos.com.br\/cursos\/concurso\/\"><strong><em>Curso para concurso<\/em><\/strong><\/a><\/p>\n\n\n\n<p class=\"has-text-align-center\"><em><strong>Assinatura Anual Ilimitada*<\/strong><\/em><\/p>\n\n\n\n<p class=\"has-text-align-center\"><em>Prepare-se com o melhor material e com quem mais aprova em Concursos P\u00fablicos em todo o pa\u00eds. Assine agora a nossa Assinatura Anual e tenha acesso ilimitado* a todos os nossos cursos.<\/em><\/p>\n\n\n\n<p class=\"has-text-align-center has-light-green-cyan-background-color has-background\" style=\"font-size:clamp(16.293px, 1.018rem + ((1vw - 3.2px) * 0.854), 25px);px\"><strong>ASSINE AGORA<\/strong>&nbsp;\u2013&nbsp;<a rel=\"noreferrer noopener\" href=\"https:\/\/www.estrategiaconcursos.com.br\/assinaturas\" target=\"_blank\"><strong>Assinatura Ilimitada<\/strong><\/a><\/p>\n\n\n\n<p class=\"has-text-align-center\"><strong><em>Fique por dentro dos concursos vigentes<\/em><\/strong><\/p>\n\n\n\n<p class=\"has-text-align-center has-pale-cyan-blue-background-color has-background\" style=\"font-size:clamp(15.197px, 0.95rem + ((1vw - 3.2px) * 0.765), 23px);px\"><a rel=\"noreferrer noopener\" href=\"https:\/\/www.estrategiaconcursos.com.br\/blog\/concursos-abertos\/\" target=\"_blank\"><strong>CONCURSOS ABERTOS<\/strong><\/a><\/p>\n\n\n\n<p class=\"has-text-align-center has-pale-cyan-blue-background-color has-background\" style=\"font-size:clamp(15.197px, 0.95rem + ((1vw - 3.2px) * 0.765), 23px);px\"><a rel=\"noreferrer noopener\" href=\"https:\/\/www.estrategiaconcursos.com.br\/blog\/concursos-2020\/\" target=\"_blank\"><strong>CONCURSOS&nbsp;2020<\/strong><\/a><\/p>\n","protected":false},"excerpt":{"rendered":"<p>Na sexta-feira, 20 de mar\u00e7o de 2020, foi aprovado, no Senado, o decreto legislativo que reconhece o estado de calamidade p\u00fablica no Brasil em virtude da pandemia de coronav\u00edrus (Covid-19). A vota\u00e7\u00e3o do projeto pelo Senado foi remota, pois a Casa determinou o afastamento coletivo dos senadores por conta das medidas tomadas contra o coronav\u00edrus. [&hellip;]<\/p>\n","protected":false},"author":1094,"featured_media":496877,"comment_status":"open","ping_status":"closed","sticky":false,"template":"","format":"standard","meta":{"post_tipo":"article","footnotes":""},"categories":[1],"tags":[],"tax_estado":[],"class_list":["post-496869","post","type-post","status-publish","format-standard","has-post-thumbnail","hentry","category-cursos-e-concursos"],"acf":[],"yoast_head":"<!-- This site is optimized with the Yoast SEO Premium plugin v27.2 (Yoast SEO v27.2) - https:\/\/yoast.com\/product\/yoast-seo-premium-wordpress\/ -->\n<title>Coronav\u00edrus e as Restri\u00e7\u00f5es \u00e0 Liberdade: Veja no evento exclusivo desta quinta!<\/title>\n<meta name=\"robots\" content=\"index, follow, max-snippet:-1, max-image-preview:large, max-video-preview:-1\" \/>\n<link rel=\"canonical\" href=\"https:\/\/www.estrategiaconcursos.com.br\/blog\/coronavirus-e-as-restricoes-a-liberdade-veja-no-evento-exclusivo-desta-quinta\/\" \/>\n<meta property=\"og:locale\" content=\"pt_BR\" \/>\n<meta property=\"og:type\" content=\"article\" \/>\n<meta property=\"og:title\" content=\"Coronav\u00edrus e as Restri\u00e7\u00f5es \u00e0 Liberdade: Veja no evento exclusivo desta quinta!\" \/>\n<meta property=\"og:description\" content=\"Na sexta-feira, 20 de mar\u00e7o de 2020, foi aprovado, no Senado, o decreto legislativo que reconhece o estado de calamidade p\u00fablica no Brasil em virtude da pandemia de coronav\u00edrus (Covid-19). A vota\u00e7\u00e3o do projeto pelo Senado foi remota, pois a Casa determinou o afastamento coletivo dos senadores por conta das medidas tomadas contra o coronav\u00edrus. [&hellip;]\" \/>\n<meta property=\"og:url\" content=\"https:\/\/www.estrategiaconcursos.com.br\/blog\/coronavirus-e-as-restricoes-a-liberdade-veja-no-evento-exclusivo-desta-quinta\/\" \/>\n<meta property=\"og:site_name\" content=\"Estrat\u00e9gia Concursos\" \/>\n<meta property=\"article:published_time\" content=\"2020-04-01T21:00:00+00:00\" \/>\n<meta property=\"article:modified_time\" content=\"2023-01-30T18:57:29+00:00\" \/>\n<meta property=\"og:image\" content=\"https:\/\/dhg1h5j42swfq.cloudfront.net\/2020\/03\/26154629\/CORONA.jpg\" \/>\n\t<meta property=\"og:image:width\" content=\"300\" \/>\n\t<meta property=\"og:image:height\" content=\"168\" \/>\n\t<meta property=\"og:image:type\" content=\"image\/jpeg\" \/>\n<meta name=\"author\" content=\"Paulo Sousa (Coord.)\" \/>\n<meta name=\"twitter:card\" content=\"summary_large_image\" \/>\n<meta name=\"twitter:creator\" content=\"@EstratConcursos\" \/>\n<meta name=\"twitter:site\" content=\"@EstratConcursos\" \/>\n<meta name=\"twitter:label1\" content=\"Escrito por\" \/>\n\t<meta name=\"twitter:data1\" content=\"Paulo Sousa (Coord.)\" \/>\n\t<meta name=\"twitter:label2\" content=\"Est. tempo de leitura\" \/>\n\t<meta name=\"twitter:data2\" content=\"2 minutos\" \/>\n<script type=\"application\/ld+json\" class=\"yoast-schema-graph\">{\"@context\":\"https:\/\/schema.org\",\"@graph\":[{\"@type\":\"NewsArticle\",\"@id\":\"https:\/\/www.estrategiaconcursos.com.br\/blog\/coronavirus-e-as-restricoes-a-liberdade-veja-no-evento-exclusivo-desta-quinta\/#article\",\"isPartOf\":{\"@id\":\"https:\/\/www.estrategiaconcursos.com.br\/blog\/coronavirus-e-as-restricoes-a-liberdade-veja-no-evento-exclusivo-desta-quinta\/\"},\"author\":{\"name\":\"Paulo Sousa (Coord.)\",\"@id\":\"https:\/\/www.estrategiaconcursos.com.br\/blog\/#\/schema\/person\/f6cf94f3aa8ed75620a4506ad577b88a\"},\"headline\":\"Coronav\u00edrus e as Restri\u00e7\u00f5es \u00e0 Liberdade: Veja no evento exclusivo desta quinta!\",\"datePublished\":\"2020-04-01T21:00:00+00:00\",\"dateModified\":\"2023-01-30T18:57:29+00:00\",\"mainEntityOfPage\":{\"@id\":\"https:\/\/www.estrategiaconcursos.com.br\/blog\/coronavirus-e-as-restricoes-a-liberdade-veja-no-evento-exclusivo-desta-quinta\/\"},\"wordCount\":409,\"commentCount\":0,\"publisher\":{\"@id\":\"https:\/\/www.estrategiaconcursos.com.br\/blog\/#organization\"},\"image\":{\"@id\":\"https:\/\/www.estrategiaconcursos.com.br\/blog\/coronavirus-e-as-restricoes-a-liberdade-veja-no-evento-exclusivo-desta-quinta\/#primaryimage\"},\"thumbnailUrl\":\"https:\/\/dhg1h5j42swfq.cloudfront.net\/2020\/03\/26154629\/CORONA.jpg\",\"articleSection\":[\"Concursos P\u00fablicos\"],\"inLanguage\":\"pt-BR\",\"potentialAction\":[{\"@type\":\"CommentAction\",\"name\":\"Comment\",\"target\":[\"https:\/\/www.estrategiaconcursos.com.br\/blog\/coronavirus-e-as-restricoes-a-liberdade-veja-no-evento-exclusivo-desta-quinta\/#respond\"]}],\"copyrightYear\":\"2020\",\"copyrightHolder\":{\"@id\":\"https:\/\/www.estrategiaconcursos.com.br\/blog\/#organization\"}},{\"@type\":\"WebPage\",\"@id\":\"https:\/\/www.estrategiaconcursos.com.br\/blog\/coronavirus-e-as-restricoes-a-liberdade-veja-no-evento-exclusivo-desta-quinta\/\",\"url\":\"https:\/\/www.estrategiaconcursos.com.br\/blog\/coronavirus-e-as-restricoes-a-liberdade-veja-no-evento-exclusivo-desta-quinta\/\",\"name\":\"Coronav\u00edrus e as Restri\u00e7\u00f5es \u00e0 Liberdade: Veja no evento exclusivo desta quinta!\",\"isPartOf\":{\"@id\":\"https:\/\/www.estrategiaconcursos.com.br\/blog\/#website\"},\"primaryImageOfPage\":{\"@id\":\"https:\/\/www.estrategiaconcursos.com.br\/blog\/coronavirus-e-as-restricoes-a-liberdade-veja-no-evento-exclusivo-desta-quinta\/#primaryimage\"},\"image\":{\"@id\":\"https:\/\/www.estrategiaconcursos.com.br\/blog\/coronavirus-e-as-restricoes-a-liberdade-veja-no-evento-exclusivo-desta-quinta\/#primaryimage\"},\"thumbnailUrl\":\"https:\/\/dhg1h5j42swfq.cloudfront.net\/2020\/03\/26154629\/CORONA.jpg\",\"datePublished\":\"2020-04-01T21:00:00+00:00\",\"dateModified\":\"2023-01-30T18:57:29+00:00\",\"breadcrumb\":{\"@id\":\"https:\/\/www.estrategiaconcursos.com.br\/blog\/coronavirus-e-as-restricoes-a-liberdade-veja-no-evento-exclusivo-desta-quinta\/#breadcrumb\"},\"inLanguage\":\"pt-BR\",\"potentialAction\":[{\"@type\":\"ReadAction\",\"target\":[\"https:\/\/www.estrategiaconcursos.com.br\/blog\/coronavirus-e-as-restricoes-a-liberdade-veja-no-evento-exclusivo-desta-quinta\/\"]}]},{\"@type\":\"ImageObject\",\"inLanguage\":\"pt-BR\",\"@id\":\"https:\/\/www.estrategiaconcursos.com.br\/blog\/coronavirus-e-as-restricoes-a-liberdade-veja-no-evento-exclusivo-desta-quinta\/#primaryimage\",\"url\":\"https:\/\/dhg1h5j42swfq.cloudfront.net\/2020\/03\/26154629\/CORONA.jpg\",\"contentUrl\":\"https:\/\/dhg1h5j42swfq.cloudfront.net\/2020\/03\/26154629\/CORONA.jpg\",\"width\":300,\"height\":168},{\"@type\":\"BreadcrumbList\",\"@id\":\"https:\/\/www.estrategiaconcursos.com.br\/blog\/coronavirus-e-as-restricoes-a-liberdade-veja-no-evento-exclusivo-desta-quinta\/#breadcrumb\",\"itemListElement\":[{\"@type\":\"ListItem\",\"position\":1,\"name\":\"In\u00edcio\",\"item\":\"https:\/\/www.estrategiaconcursos.com.br\/blog\/\"},{\"@type\":\"ListItem\",\"position\":2,\"name\":\"Coronav\u00edrus e as Restri\u00e7\u00f5es \u00e0 Liberdade: Veja no evento exclusivo desta quinta!\"}]},{\"@type\":\"WebSite\",\"@id\":\"https:\/\/www.estrategiaconcursos.com.br\/blog\/#website\",\"url\":\"https:\/\/www.estrategiaconcursos.com.br\/blog\/\",\"name\":\"Estrat\u00e9gia Concursos\",\"description\":\"O blog da Estrat\u00e9gia Concursos traz not\u00edcias sobre concursos e artigos de professores oferecendo cursos para concursos (pdf + videaulas) no site.\",\"publisher\":{\"@id\":\"https:\/\/www.estrategiaconcursos.com.br\/blog\/#organization\"},\"potentialAction\":[{\"@type\":\"SearchAction\",\"target\":{\"@type\":\"EntryPoint\",\"urlTemplate\":\"https:\/\/www.estrategiaconcursos.com.br\/blog\/?s={search_term_string}\"},\"query-input\":{\"@type\":\"PropertyValueSpecification\",\"valueRequired\":true,\"valueName\":\"search_term_string\"}}],\"inLanguage\":\"pt-BR\"},{\"@type\":\"Organization\",\"@id\":\"https:\/\/www.estrategiaconcursos.com.br\/blog\/#organization\",\"name\":\"Estrat\u00e9gia Concursos\",\"url\":\"https:\/\/www.estrategiaconcursos.com.br\/blog\/\",\"logo\":{\"@type\":\"ImageObject\",\"inLanguage\":\"pt-BR\",\"@id\":\"https:\/\/www.estrategiaconcursos.com.br\/blog\/#\/schema\/logo\/image\/\",\"url\":\"https:\/\/dhg1h5j42swfq.cloudfront.net\/2025\/06\/03203428\/logo_concursos-1.jpg\",\"contentUrl\":\"https:\/\/dhg1h5j42swfq.cloudfront.net\/2025\/06\/03203428\/logo_concursos-1.jpg\",\"width\":230,\"height\":60,\"caption\":\"Estrat\u00e9gia Concursos\"},\"image\":{\"@id\":\"https:\/\/www.estrategiaconcursos.com.br\/blog\/#\/schema\/logo\/image\/\"},\"sameAs\":[\"https:\/\/x.com\/EstratConcursos\"]},{\"@type\":\"Person\",\"@id\":\"https:\/\/www.estrategiaconcursos.com.br\/blog\/#\/schema\/person\/f6cf94f3aa8ed75620a4506ad577b88a\",\"name\":\"Paulo Sousa (Coord.)\",\"image\":{\"@type\":\"ImageObject\",\"inLanguage\":\"pt-BR\",\"@id\":\"https:\/\/secure.gravatar.com\/avatar\/29f9e2d4ed868d929b68f3762e3577b9db519beed74b347b76e194f9a3293cf1?s=96&d=mm&r=g\",\"url\":\"https:\/\/secure.gravatar.com\/avatar\/29f9e2d4ed868d929b68f3762e3577b9db519beed74b347b76e194f9a3293cf1?s=96&d=mm&r=g\",\"contentUrl\":\"https:\/\/secure.gravatar.com\/avatar\/29f9e2d4ed868d929b68f3762e3577b9db519beed74b347b76e194f9a3293cf1?s=96&d=mm&r=g\",\"caption\":\"Paulo Sousa (Coord.)\"},\"url\":\"https:\/\/www.estrategiaconcursos.com.br\/blog\/author\/prof-phmsestrategiaconcursos-com-br\/\"}]}<\/script>\n<!-- \/ Yoast SEO Premium plugin. -->","yoast_head_json":{"title":"Coronav\u00edrus e as Restri\u00e7\u00f5es \u00e0 Liberdade: Veja no evento exclusivo desta quinta!","robots":{"index":"index","follow":"follow","max-snippet":"max-snippet:-1","max-image-preview":"max-image-preview:large","max-video-preview":"max-video-preview:-1"},"canonical":"https:\/\/www.estrategiaconcursos.com.br\/blog\/coronavirus-e-as-restricoes-a-liberdade-veja-no-evento-exclusivo-desta-quinta\/","og_locale":"pt_BR","og_type":"article","og_title":"Coronav\u00edrus e as Restri\u00e7\u00f5es \u00e0 Liberdade: Veja no evento exclusivo desta quinta!","og_description":"Na sexta-feira, 20 de mar\u00e7o de 2020, foi aprovado, no Senado, o decreto legislativo que reconhece o estado de calamidade p\u00fablica no Brasil em virtude da pandemia de coronav\u00edrus (Covid-19). A vota\u00e7\u00e3o do projeto pelo Senado foi remota, pois a Casa determinou o afastamento coletivo dos senadores por conta das medidas tomadas contra o coronav\u00edrus. [&hellip;]","og_url":"https:\/\/www.estrategiaconcursos.com.br\/blog\/coronavirus-e-as-restricoes-a-liberdade-veja-no-evento-exclusivo-desta-quinta\/","og_site_name":"Estrat\u00e9gia Concursos","article_published_time":"2020-04-01T21:00:00+00:00","article_modified_time":"2023-01-30T18:57:29+00:00","og_image":[{"width":300,"height":168,"url":"https:\/\/dhg1h5j42swfq.cloudfront.net\/2020\/03\/26154629\/CORONA.jpg","type":"image\/jpeg"}],"author":"Paulo Sousa (Coord.)","twitter_card":"summary_large_image","twitter_creator":"@EstratConcursos","twitter_site":"@EstratConcursos","twitter_misc":{"Escrito por":"Paulo Sousa (Coord.)","Est. tempo de leitura":"2 minutos"},"schema":{"@context":"https:\/\/schema.org","@graph":[{"@type":"NewsArticle","@id":"https:\/\/www.estrategiaconcursos.com.br\/blog\/coronavirus-e-as-restricoes-a-liberdade-veja-no-evento-exclusivo-desta-quinta\/#article","isPartOf":{"@id":"https:\/\/www.estrategiaconcursos.com.br\/blog\/coronavirus-e-as-restricoes-a-liberdade-veja-no-evento-exclusivo-desta-quinta\/"},"author":{"name":"Paulo Sousa (Coord.)","@id":"https:\/\/www.estrategiaconcursos.com.br\/blog\/#\/schema\/person\/f6cf94f3aa8ed75620a4506ad577b88a"},"headline":"Coronav\u00edrus e as Restri\u00e7\u00f5es \u00e0 Liberdade: Veja no evento exclusivo desta quinta!","datePublished":"2020-04-01T21:00:00+00:00","dateModified":"2023-01-30T18:57:29+00:00","mainEntityOfPage":{"@id":"https:\/\/www.estrategiaconcursos.com.br\/blog\/coronavirus-e-as-restricoes-a-liberdade-veja-no-evento-exclusivo-desta-quinta\/"},"wordCount":409,"commentCount":0,"publisher":{"@id":"https:\/\/www.estrategiaconcursos.com.br\/blog\/#organization"},"image":{"@id":"https:\/\/www.estrategiaconcursos.com.br\/blog\/coronavirus-e-as-restricoes-a-liberdade-veja-no-evento-exclusivo-desta-quinta\/#primaryimage"},"thumbnailUrl":"https:\/\/dhg1h5j42swfq.cloudfront.net\/2020\/03\/26154629\/CORONA.jpg","articleSection":["Concursos P\u00fablicos"],"inLanguage":"pt-BR","potentialAction":[{"@type":"CommentAction","name":"Comment","target":["https:\/\/www.estrategiaconcursos.com.br\/blog\/coronavirus-e-as-restricoes-a-liberdade-veja-no-evento-exclusivo-desta-quinta\/#respond"]}],"copyrightYear":"2020","copyrightHolder":{"@id":"https:\/\/www.estrategiaconcursos.com.br\/blog\/#organization"}},{"@type":"WebPage","@id":"https:\/\/www.estrategiaconcursos.com.br\/blog\/coronavirus-e-as-restricoes-a-liberdade-veja-no-evento-exclusivo-desta-quinta\/","url":"https:\/\/www.estrategiaconcursos.com.br\/blog\/coronavirus-e-as-restricoes-a-liberdade-veja-no-evento-exclusivo-desta-quinta\/","name":"Coronav\u00edrus e as Restri\u00e7\u00f5es \u00e0 Liberdade: Veja no evento exclusivo desta quinta!","isPartOf":{"@id":"https:\/\/www.estrategiaconcursos.com.br\/blog\/#website"},"primaryImageOfPage":{"@id":"https:\/\/www.estrategiaconcursos.com.br\/blog\/coronavirus-e-as-restricoes-a-liberdade-veja-no-evento-exclusivo-desta-quinta\/#primaryimage"},"image":{"@id":"https:\/\/www.estrategiaconcursos.com.br\/blog\/coronavirus-e-as-restricoes-a-liberdade-veja-no-evento-exclusivo-desta-quinta\/#primaryimage"},"thumbnailUrl":"https:\/\/dhg1h5j42swfq.cloudfront.net\/2020\/03\/26154629\/CORONA.jpg","datePublished":"2020-04-01T21:00:00+00:00","dateModified":"2023-01-30T18:57:29+00:00","breadcrumb":{"@id":"https:\/\/www.estrategiaconcursos.com.br\/blog\/coronavirus-e-as-restricoes-a-liberdade-veja-no-evento-exclusivo-desta-quinta\/#breadcrumb"},"inLanguage":"pt-BR","potentialAction":[{"@type":"ReadAction","target":["https:\/\/www.estrategiaconcursos.com.br\/blog\/coronavirus-e-as-restricoes-a-liberdade-veja-no-evento-exclusivo-desta-quinta\/"]}]},{"@type":"ImageObject","inLanguage":"pt-BR","@id":"https:\/\/www.estrategiaconcursos.com.br\/blog\/coronavirus-e-as-restricoes-a-liberdade-veja-no-evento-exclusivo-desta-quinta\/#primaryimage","url":"https:\/\/dhg1h5j42swfq.cloudfront.net\/2020\/03\/26154629\/CORONA.jpg","contentUrl":"https:\/\/dhg1h5j42swfq.cloudfront.net\/2020\/03\/26154629\/CORONA.jpg","width":300,"height":168},{"@type":"BreadcrumbList","@id":"https:\/\/www.estrategiaconcursos.com.br\/blog\/coronavirus-e-as-restricoes-a-liberdade-veja-no-evento-exclusivo-desta-quinta\/#breadcrumb","itemListElement":[{"@type":"ListItem","position":1,"name":"In\u00edcio","item":"https:\/\/www.estrategiaconcursos.com.br\/blog\/"},{"@type":"ListItem","position":2,"name":"Coronav\u00edrus e as Restri\u00e7\u00f5es \u00e0 Liberdade: Veja no evento exclusivo desta quinta!"}]},{"@type":"WebSite","@id":"https:\/\/www.estrategiaconcursos.com.br\/blog\/#website","url":"https:\/\/www.estrategiaconcursos.com.br\/blog\/","name":"Estrat\u00e9gia Concursos","description":"O blog da Estrat\u00e9gia Concursos traz not\u00edcias sobre concursos e artigos de professores oferecendo cursos para concursos (pdf + videaulas) no site.","publisher":{"@id":"https:\/\/www.estrategiaconcursos.com.br\/blog\/#organization"},"potentialAction":[{"@type":"SearchAction","target":{"@type":"EntryPoint","urlTemplate":"https:\/\/www.estrategiaconcursos.com.br\/blog\/?s={search_term_string}"},"query-input":{"@type":"PropertyValueSpecification","valueRequired":true,"valueName":"search_term_string"}}],"inLanguage":"pt-BR"},{"@type":"Organization","@id":"https:\/\/www.estrategiaconcursos.com.br\/blog\/#organization","name":"Estrat\u00e9gia Concursos","url":"https:\/\/www.estrategiaconcursos.com.br\/blog\/","logo":{"@type":"ImageObject","inLanguage":"pt-BR","@id":"https:\/\/www.estrategiaconcursos.com.br\/blog\/#\/schema\/logo\/image\/","url":"https:\/\/dhg1h5j42swfq.cloudfront.net\/2025\/06\/03203428\/logo_concursos-1.jpg","contentUrl":"https:\/\/dhg1h5j42swfq.cloudfront.net\/2025\/06\/03203428\/logo_concursos-1.jpg","width":230,"height":60,"caption":"Estrat\u00e9gia Concursos"},"image":{"@id":"https:\/\/www.estrategiaconcursos.com.br\/blog\/#\/schema\/logo\/image\/"},"sameAs":["https:\/\/x.com\/EstratConcursos"]},{"@type":"Person","@id":"https:\/\/www.estrategiaconcursos.com.br\/blog\/#\/schema\/person\/f6cf94f3aa8ed75620a4506ad577b88a","name":"Paulo Sousa (Coord.)","image":{"@type":"ImageObject","inLanguage":"pt-BR","@id":"https:\/\/secure.gravatar.com\/avatar\/29f9e2d4ed868d929b68f3762e3577b9db519beed74b347b76e194f9a3293cf1?s=96&d=mm&r=g","url":"https:\/\/secure.gravatar.com\/avatar\/29f9e2d4ed868d929b68f3762e3577b9db519beed74b347b76e194f9a3293cf1?s=96&d=mm&r=g","contentUrl":"https:\/\/secure.gravatar.com\/avatar\/29f9e2d4ed868d929b68f3762e3577b9db519beed74b347b76e194f9a3293cf1?s=96&d=mm&r=g","caption":"Paulo Sousa (Coord.)"},"url":"https:\/\/www.estrategiaconcursos.com.br\/blog\/author\/prof-phmsestrategiaconcursos-com-br\/"}]}},"_links":{"self":[{"href":"https:\/\/www.estrategiaconcursos.com.br\/blog\/wp-json\/wp\/v2\/posts\/496869","targetHints":{"allow":["GET"]}}],"collection":[{"href":"https:\/\/www.estrategiaconcursos.com.br\/blog\/wp-json\/wp\/v2\/posts"}],"about":[{"href":"https:\/\/www.estrategiaconcursos.com.br\/blog\/wp-json\/wp\/v2\/types\/post"}],"author":[{"embeddable":true,"href":"https:\/\/www.estrategiaconcursos.com.br\/blog\/wp-json\/wp\/v2\/users\/1094"}],"replies":[{"embeddable":true,"href":"https:\/\/www.estrategiaconcursos.com.br\/blog\/wp-json\/wp\/v2\/comments?post=496869"}],"version-history":[{"count":8,"href":"https:\/\/www.estrategiaconcursos.com.br\/blog\/wp-json\/wp\/v2\/posts\/496869\/revisions"}],"predecessor-version":[{"id":1161321,"href":"https:\/\/www.estrategiaconcursos.com.br\/blog\/wp-json\/wp\/v2\/posts\/496869\/revisions\/1161321"}],"wp:featuredmedia":[{"embeddable":true,"href":"https:\/\/www.estrategiaconcursos.com.br\/blog\/wp-json\/wp\/v2\/media\/496877"}],"wp:attachment":[{"href":"https:\/\/www.estrategiaconcursos.com.br\/blog\/wp-json\/wp\/v2\/media?parent=496869"}],"wp:term":[{"taxonomy":"category","embeddable":true,"href":"https:\/\/www.estrategiaconcursos.com.br\/blog\/wp-json\/wp\/v2\/categories?post=496869"},{"taxonomy":"post_tag","embeddable":true,"href":"https:\/\/www.estrategiaconcursos.com.br\/blog\/wp-json\/wp\/v2\/tags?post=496869"},{"taxonomy":"tax_estado","embeddable":true,"href":"https:\/\/www.estrategiaconcursos.com.br\/blog\/wp-json\/wp\/v2\/tax_estado?post=496869"}],"curies":[{"name":"wp","href":"https:\/\/api.w.org\/{rel}","templated":true}]}}