{"id":49681,"date":"2016-09-16T12:25:37","date_gmt":"2016-09-16T15:25:37","guid":{"rendered":"https:\/\/www.estrategiaconcursos.com.br\/blog\/?p=49681"},"modified":"2016-09-16T17:12:35","modified_gmt":"2016-09-16T20:12:35","slug":"concurso-icms-sp-terra-vista","status":"publish","type":"post","link":"https:\/\/www.estrategiaconcursos.com.br\/blog\/concurso-icms-sp-terra-vista\/","title":{"rendered":"Concurso ICMS SP &#8211; Terra \u00e0 vista?"},"content":{"rendered":"<p>Concurso ICMS SP &#8211; Terra \u00e0 vista?<\/p>\n<p><a href=\"https:\/\/dhg1h5j42swfq.cloudfront.net\/2016\/09\/16120834\/sefaz-sp.jpg\"><img loading=\"lazy\" decoding=\"async\" class=\"alignnone size-medium wp-image-49703\" src=\"https:\/\/dhg1h5j42swfq.cloudfront.net\/2016\/09\/16120834\/sefaz-sp-300x216.jpg\" alt=\"sefaz-sp\" width=\"300\" height=\"216\" srcset=\"https:\/\/dhg1h5j42swfq.cloudfront.net\/2016\/09\/16120834\/sefaz-sp.jpg 300w, https:\/\/dhg1h5j42swfq.cloudfront.net\/2016\/09\/16120834\/sefaz-sp.jpg 417w, https:\/\/dhg1h5j42swfq.cloudfront.net\/2016\/09\/16120834\/sefaz-sp.jpg 504w\" sizes=\"auto, (max-width: 300px) 100vw, 300px\" \/><\/a><\/p>\n<p>Ol\u00e1 pessoal, tudo bem?!<\/p>\n<p>Hoje vou falar sobre o quadro de vagas do cargo de Agente Fiscal de Rendas (AFR) do Estado de S\u00e3o Paulo, mais conhecido como ICMS\/SP. Espero que esse artigo sirva para motiv\u00e1-lo a continuar firme nos estudos e para aqueles que ainda n\u00e3o come\u00e7aram, que ainda est\u00e3o pensando&#8230;que sirva para motiv\u00e1-lo a come\u00e7ar j\u00e1!<\/p>\n<div id=\"attachment_49692\" style=\"width: 199px\" class=\"wp-caption alignleft\"><a href=\"https:\/\/dhg1h5j42swfq.cloudfront.net\/2016\/09\/16105750\/AFR-ativos3.jpg\"><img loading=\"lazy\" decoding=\"async\" aria-describedby=\"caption-attachment-49692\" class=\"wp-image-49692 size-full\" src=\"https:\/\/dhg1h5j42swfq.cloudfront.net\/2016\/09\/16105750\/AFR-ativos3.jpg\" width=\"189\" height=\"226\" \/><\/a><p id=\"caption-attachment-49692\" class=\"wp-caption-text\">AFR ativos<\/p><\/div>\n<p>A quantidade de vagas definida para o cargo de Agente Fiscal de Rendas pela <a href=\"http:\/\/www.al.sp.gov.br\/repositorio\/legislacao\/lei.complementar\/2008\/lei.complementar-1059-18.09.2008.html\">LC 1.059\/2008<\/a> \u00e9 de 4.750. \u00c9 pouco prov\u00e1vel, para n\u00e3o dizer imposs\u00edvel, que todas elas sejam ocupadas no pr\u00f3ximo concurso, mas esse n\u00famero servir\u00e1 de par\u00e2metro.<\/p>\n<p>O <a href=\"http:\/\/www.concursosfcc.com.br\/concursos\/fazsp212\/boletim_fazsp212.pdf\">edital<\/a> do \u00faltimo concurso de Agente Fiscal de Rendas foi publicado em agosto de 2012 e as provas ocorreram em mar\u00e7o de 2013. Um m\u00eas antes da prova, havia 3.350 AFR\u00b4s na ativa, portanto 1.400 vagas de acordo com o n\u00famero definido pela lei.<\/p>\n<p>As nomea\u00e7\u00f5es dos Agentes Fiscais de Rendas do Concurso de 2013 foram divididas em duas turmas, setembro de 2013 e mar\u00e7o de 2014. Durante esse intervalo as aposentadorias continuavam a pleno vapor. Um m\u00eas antes da primeira turma ser nomeada, eram <strong>3.237 AFR\u00b4s<\/strong> na ativa.<\/p>\n<div id=\"attachment_49683\" style=\"width: 647px\" class=\"wp-caption alignnone\"><a href=\"https:\/\/dhg1h5j42swfq.cloudfront.net\/2016\/09\/16101152\/quadro-de-vagas-AFR-2016.jpg\"><img loading=\"lazy\" decoding=\"async\" aria-describedby=\"caption-attachment-49683\" class=\"wp-image-49683 size-full\" src=\"https:\/\/dhg1h5j42swfq.cloudfront.net\/2016\/09\/16101152\/quadro-de-vagas-AFR-2016.jpg\" width=\"637\" height=\"378\" srcset=\"https:\/\/dhg1h5j42swfq.cloudfront.net\/2016\/09\/16101152\/quadro-de-vagas-AFR-2016.jpg 637w, https:\/\/dhg1h5j42swfq.cloudfront.net\/2016\/09\/16101152\/quadro-de-vagas-AFR-2016.jpg 300w, https:\/\/dhg1h5j42swfq.cloudfront.net\/2016\/09\/16101152\/quadro-de-vagas-AFR-2016.jpg 500w\" sizes=\"auto, (max-width: 637px) 100vw, 637px\" \/><\/a><p id=\"caption-attachment-49683\" class=\"wp-caption-text\">AFRs na ativa<\/p><\/div>\n<p>Fonte: dados <a href=\"http:\/\/www.fazenda.sp.gov.br\/contas\/indicadores\/relacao_receita.shtm\">dispon\u00edveis no site da Secretaria da Fazenda<\/a>.<\/p>\n<p>O m\u00eas de julho* est\u00e1 atualizado at\u00e9 o dia 15\/09\/2016, contabilizando nessa data 3.302 AFR\u00b4s na ativa, de acordo com as aposentadorias publicadas no DOE entre junho e julho de 2016. <strong>Portanto, falta muito pouco para a quantidade de AFR\u00b4s na ativa ficar abaixo da quantidade que tinha antes da primeira turma ser nomeada. Que tal?!<\/strong><\/p>\n<p>N\u00e3o percam essa oportunidade de ouro! A comiss\u00e3o para o ICMS\/RR foi criada\u00a0semana passada, <a href=\"https:\/\/www.estrategiaconcursos.com.br\/blog\/concurso-icms-rr\/\">clique aqui<\/a> e saiba mais sobre esse concurso. Pelos n\u00fameros demonstrados acima, no pr\u00f3ximo ano ser\u00e1 a vez do ICMS\/SP.<\/p>\n<p>&nbsp;<\/p>\n<h4><span style=\"color: #333399\">Como se preparar para o Concurso ICMS\/SP?<\/span><\/h4>\n<p>&nbsp;<\/p>\n<p>Voc\u00ea pode contar com o <a href=\"https:\/\/www.estrategiaconcursos.com.br\/cursosPorConcurso\/coaching-382\/\">Programa de Coaching do Estrat\u00e9gia Concursos<\/a>, que facilitar\u00e1 o seu caminho rumo \u00e0 aprova\u00e7\u00e3o no concurso para Agente Fiscal de Rendas da Secretaria da Fazenda do Estado de S\u00e3o Paulo. Comece aquecendo com o concurso do ICMS\/RR e depois for\u00e7a total para o ICMS\/SP.<\/p>\n<p>A metodologia do Estrat\u00e9gia Concursos \u00e9 de fato vencedora nas sele\u00e7\u00f5es para \u00c1rea Fiscal. Os <a href=\"https:\/\/www.estrategiaconcursos.com.br\/cursos\/concurso\/\">cursos<\/a> s\u00e3o elaborados com foco no conte\u00fado que efetivamente vai cair na sua prova. S\u00e3o aulas em v\u00eddeo ou em PDF, com v\u00e1rias quest\u00f5es resolvidas para que voc\u00ea possa exercitar bastante.<\/p>\n<p>D\u00ea uma olhada na aula demonstrativa de cada curso e ver\u00e1 que eles foram elaborados de forma objetiva para que voc\u00ea n\u00e3o perca tempo estudando assuntos que n\u00e3o ser\u00e3o cobrados em prova.<\/p>\n<p>Bons estudos e n\u00e3o deixe de comentar o artigo. At\u00e9 breve!<\/p>\n<p><strong>Ricardo Araujo Oliveira<\/strong><\/p>\n<p>Agente Fiscal de Rendas e <a href=\"https:\/\/www.estrategiaconcursos.com.br\/cursosPorConcurso\/coaching-382\/\">Coach<\/a> do Estrat\u00e9gia concursos<\/p>\n<p>&nbsp;<\/p>\n","protected":false},"excerpt":{"rendered":"<p>Concurso ICMS SP &#8211; Terra \u00e0 vista? Ol\u00e1 pessoal, tudo bem?! Hoje vou falar sobre o quadro de vagas do cargo de Agente Fiscal de Rendas (AFR) do Estado de S\u00e3o Paulo, mais conhecido como ICMS\/SP. Espero que esse artigo sirva para motiv\u00e1-lo a continuar firme nos estudos e para aqueles que ainda n\u00e3o come\u00e7aram, [&hellip;]<\/p>\n","protected":false},"author":351,"featured_media":0,"comment_status":"open","ping_status":"open","sticky":false,"template":"","format":"standard","meta":{"post_tipo":"article","footnotes":""},"categories":[1,1983],"tags":[2176,1695,2175],"tax_estado":[],"class_list":["post-49681","post","type-post","status-publish","format-standard","hentry","category-cursos-e-concursos","category-fiscal-estadual","tag-concurso-icms-sp-2017","tag-icms-sp","tag-quadro-de-vagas"],"acf":[],"yoast_head":"<!-- This site is optimized with the Yoast SEO Premium plugin v27.2 (Yoast SEO v27.2) - https:\/\/yoast.com\/product\/yoast-seo-premium-wordpress\/ -->\n<title>Concurso ICMS SP - Terra \u00e0 vista?<\/title>\n<meta name=\"robots\" content=\"index, follow, max-snippet:-1, max-image-preview:large, max-video-preview:-1\" \/>\n<link rel=\"canonical\" href=\"https:\/\/www.estrategiaconcursos.com.br\/blog\/concurso-icms-sp-terra-vista\/\" \/>\n<meta property=\"og:locale\" content=\"pt_BR\" \/>\n<meta property=\"og:type\" content=\"article\" \/>\n<meta property=\"og:title\" content=\"Concurso ICMS SP - Terra \u00e0 vista?\" \/>\n<meta property=\"og:description\" content=\"Concurso ICMS SP &#8211; Terra \u00e0 vista? Ol\u00e1 pessoal, tudo bem?! Hoje vou falar sobre o quadro de vagas do cargo de Agente Fiscal de Rendas (AFR) do Estado de S\u00e3o Paulo, mais conhecido como ICMS\/SP. Espero que esse artigo sirva para motiv\u00e1-lo a continuar firme nos estudos e para aqueles que ainda n\u00e3o come\u00e7aram, [&hellip;]\" \/>\n<meta property=\"og:url\" content=\"https:\/\/www.estrategiaconcursos.com.br\/blog\/concurso-icms-sp-terra-vista\/\" \/>\n<meta property=\"og:site_name\" content=\"Estrat\u00e9gia Concursos\" \/>\n<meta property=\"article:published_time\" content=\"2016-09-16T15:25:37+00:00\" \/>\n<meta property=\"article:modified_time\" content=\"2016-09-16T20:12:35+00:00\" \/>\n<meta property=\"og:image\" content=\"https:\/\/dhg1h5j42swfq.cloudfront.net\/2016\/09\/16120834\/sefaz-sp-300x216.jpg\" \/>\n<meta name=\"author\" content=\"Ricardo Araujo Oliveira\" \/>\n<meta name=\"twitter:card\" content=\"summary_large_image\" \/>\n<meta name=\"twitter:creator\" content=\"@EstratConcursos\" \/>\n<meta name=\"twitter:site\" content=\"@EstratConcursos\" \/>\n<meta name=\"twitter:label1\" content=\"Escrito por\" \/>\n\t<meta name=\"twitter:data1\" content=\"Ricardo Araujo Oliveira\" \/>\n\t<meta name=\"twitter:label2\" content=\"Est. tempo de leitura\" \/>\n\t<meta name=\"twitter:data2\" content=\"3 minutos\" \/>\n<script type=\"application\/ld+json\" class=\"yoast-schema-graph\">{\"@context\":\"https:\/\/schema.org\",\"@graph\":[{\"@type\":\"NewsArticle\",\"@id\":\"https:\/\/www.estrategiaconcursos.com.br\/blog\/concurso-icms-sp-terra-vista\/#article\",\"isPartOf\":{\"@id\":\"https:\/\/www.estrategiaconcursos.com.br\/blog\/concurso-icms-sp-terra-vista\/\"},\"author\":{\"name\":\"Ricardo Araujo Oliveira\",\"@id\":\"https:\/\/www.estrategiaconcursos.com.br\/blog\/#\/schema\/person\/8c5f854c6ec5798915e1d177922bfc89\"},\"headline\":\"Concurso ICMS SP &#8211; Terra \u00e0 vista?\",\"datePublished\":\"2016-09-16T15:25:37+00:00\",\"dateModified\":\"2016-09-16T20:12:35+00:00\",\"mainEntityOfPage\":{\"@id\":\"https:\/\/www.estrategiaconcursos.com.br\/blog\/concurso-icms-sp-terra-vista\/\"},\"wordCount\":515,\"commentCount\":1,\"publisher\":{\"@id\":\"https:\/\/www.estrategiaconcursos.com.br\/blog\/#organization\"},\"image\":{\"@id\":\"https:\/\/www.estrategiaconcursos.com.br\/blog\/concurso-icms-sp-terra-vista\/#primaryimage\"},\"thumbnailUrl\":\"https:\/\/dhg1h5j42swfq.cloudfront.net\/2016\/09\/16120834\/sefaz-sp-300x216.jpg\",\"keywords\":[\"concurso icms sp 2017\",\"ICMS SP\",\"quadro de vagas\"],\"articleSection\":[\"Concursos P\u00fablicos\",\"Fiscal - Estadual (ICMS)\"],\"inLanguage\":\"pt-BR\",\"potentialAction\":[{\"@type\":\"CommentAction\",\"name\":\"Comment\",\"target\":[\"https:\/\/www.estrategiaconcursos.com.br\/blog\/concurso-icms-sp-terra-vista\/#respond\"]}],\"copyrightYear\":\"2016\",\"copyrightHolder\":{\"@id\":\"https:\/\/www.estrategiaconcursos.com.br\/blog\/#organization\"}},{\"@type\":\"WebPage\",\"@id\":\"https:\/\/www.estrategiaconcursos.com.br\/blog\/concurso-icms-sp-terra-vista\/\",\"url\":\"https:\/\/www.estrategiaconcursos.com.br\/blog\/concurso-icms-sp-terra-vista\/\",\"name\":\"Concurso ICMS SP - Terra \u00e0 vista?\",\"isPartOf\":{\"@id\":\"https:\/\/www.estrategiaconcursos.com.br\/blog\/#website\"},\"primaryImageOfPage\":{\"@id\":\"https:\/\/www.estrategiaconcursos.com.br\/blog\/concurso-icms-sp-terra-vista\/#primaryimage\"},\"image\":{\"@id\":\"https:\/\/www.estrategiaconcursos.com.br\/blog\/concurso-icms-sp-terra-vista\/#primaryimage\"},\"thumbnailUrl\":\"https:\/\/dhg1h5j42swfq.cloudfront.net\/2016\/09\/16120834\/sefaz-sp-300x216.jpg\",\"datePublished\":\"2016-09-16T15:25:37+00:00\",\"dateModified\":\"2016-09-16T20:12:35+00:00\",\"breadcrumb\":{\"@id\":\"https:\/\/www.estrategiaconcursos.com.br\/blog\/concurso-icms-sp-terra-vista\/#breadcrumb\"},\"inLanguage\":\"pt-BR\",\"potentialAction\":[{\"@type\":\"ReadAction\",\"target\":[\"https:\/\/www.estrategiaconcursos.com.br\/blog\/concurso-icms-sp-terra-vista\/\"]}]},{\"@type\":\"ImageObject\",\"inLanguage\":\"pt-BR\",\"@id\":\"https:\/\/www.estrategiaconcursos.com.br\/blog\/concurso-icms-sp-terra-vista\/#primaryimage\",\"url\":\"https:\/\/dhg1h5j42swfq.cloudfront.net\/2016\/09\/16120834\/sefaz-sp-300x216.jpg\",\"contentUrl\":\"https:\/\/dhg1h5j42swfq.cloudfront.net\/2016\/09\/16120834\/sefaz-sp-300x216.jpg\"},{\"@type\":\"BreadcrumbList\",\"@id\":\"https:\/\/www.estrategiaconcursos.com.br\/blog\/concurso-icms-sp-terra-vista\/#breadcrumb\",\"itemListElement\":[{\"@type\":\"ListItem\",\"position\":1,\"name\":\"In\u00edcio\",\"item\":\"https:\/\/www.estrategiaconcursos.com.br\/blog\/\"},{\"@type\":\"ListItem\",\"position\":2,\"name\":\"Concurso ICMS SP &#8211; Terra \u00e0 vista?\"}]},{\"@type\":\"WebSite\",\"@id\":\"https:\/\/www.estrategiaconcursos.com.br\/blog\/#website\",\"url\":\"https:\/\/www.estrategiaconcursos.com.br\/blog\/\",\"name\":\"Estrat\u00e9gia Concursos\",\"description\":\"O blog da Estrat\u00e9gia Concursos traz not\u00edcias sobre concursos e artigos de professores oferecendo cursos para concursos (pdf + videaulas) no site.\",\"publisher\":{\"@id\":\"https:\/\/www.estrategiaconcursos.com.br\/blog\/#organization\"},\"potentialAction\":[{\"@type\":\"SearchAction\",\"target\":{\"@type\":\"EntryPoint\",\"urlTemplate\":\"https:\/\/www.estrategiaconcursos.com.br\/blog\/?s={search_term_string}\"},\"query-input\":{\"@type\":\"PropertyValueSpecification\",\"valueRequired\":true,\"valueName\":\"search_term_string\"}}],\"inLanguage\":\"pt-BR\"},{\"@type\":\"Organization\",\"@id\":\"https:\/\/www.estrategiaconcursos.com.br\/blog\/#organization\",\"name\":\"Estrat\u00e9gia Concursos\",\"url\":\"https:\/\/www.estrategiaconcursos.com.br\/blog\/\",\"logo\":{\"@type\":\"ImageObject\",\"inLanguage\":\"pt-BR\",\"@id\":\"https:\/\/www.estrategiaconcursos.com.br\/blog\/#\/schema\/logo\/image\/\",\"url\":\"https:\/\/dhg1h5j42swfq.cloudfront.net\/2025\/06\/03203428\/logo_concursos-1.jpg\",\"contentUrl\":\"https:\/\/dhg1h5j42swfq.cloudfront.net\/2025\/06\/03203428\/logo_concursos-1.jpg\",\"width\":230,\"height\":60,\"caption\":\"Estrat\u00e9gia Concursos\"},\"image\":{\"@id\":\"https:\/\/www.estrategiaconcursos.com.br\/blog\/#\/schema\/logo\/image\/\"},\"sameAs\":[\"https:\/\/x.com\/EstratConcursos\"]},{\"@type\":\"Person\",\"@id\":\"https:\/\/www.estrategiaconcursos.com.br\/blog\/#\/schema\/person\/8c5f854c6ec5798915e1d177922bfc89\",\"name\":\"Ricardo Araujo Oliveira\",\"image\":{\"@type\":\"ImageObject\",\"inLanguage\":\"pt-BR\",\"@id\":\"https:\/\/secure.gravatar.com\/avatar\/36c2dff913a37de38872746ef194782643c9575cad086bdcb7e3771bd3c8cac9?s=96&d=mm&r=g\",\"url\":\"https:\/\/secure.gravatar.com\/avatar\/36c2dff913a37de38872746ef194782643c9575cad086bdcb7e3771bd3c8cac9?s=96&d=mm&r=g\",\"contentUrl\":\"https:\/\/secure.gravatar.com\/avatar\/36c2dff913a37de38872746ef194782643c9575cad086bdcb7e3771bd3c8cac9?s=96&d=mm&r=g\",\"caption\":\"Ricardo Araujo Oliveira\"},\"url\":\"https:\/\/www.estrategiaconcursos.com.br\/blog\/author\/ricardooliveiraestrategiaconcursos-com-br\/\"}]}<\/script>\n<!-- \/ Yoast SEO Premium plugin. -->","yoast_head_json":{"title":"Concurso ICMS SP - Terra \u00e0 vista?","robots":{"index":"index","follow":"follow","max-snippet":"max-snippet:-1","max-image-preview":"max-image-preview:large","max-video-preview":"max-video-preview:-1"},"canonical":"https:\/\/www.estrategiaconcursos.com.br\/blog\/concurso-icms-sp-terra-vista\/","og_locale":"pt_BR","og_type":"article","og_title":"Concurso ICMS SP - Terra \u00e0 vista?","og_description":"Concurso ICMS SP &#8211; Terra \u00e0 vista? Ol\u00e1 pessoal, tudo bem?! Hoje vou falar sobre o quadro de vagas do cargo de Agente Fiscal de Rendas (AFR) do Estado de S\u00e3o Paulo, mais conhecido como ICMS\/SP. Espero que esse artigo sirva para motiv\u00e1-lo a continuar firme nos estudos e para aqueles que ainda n\u00e3o come\u00e7aram, [&hellip;]","og_url":"https:\/\/www.estrategiaconcursos.com.br\/blog\/concurso-icms-sp-terra-vista\/","og_site_name":"Estrat\u00e9gia Concursos","article_published_time":"2016-09-16T15:25:37+00:00","article_modified_time":"2016-09-16T20:12:35+00:00","og_image":[{"url":"https:\/\/dhg1h5j42swfq.cloudfront.net\/2016\/09\/16120834\/sefaz-sp-300x216.jpg","type":"","width":"","height":""}],"author":"Ricardo Araujo Oliveira","twitter_card":"summary_large_image","twitter_creator":"@EstratConcursos","twitter_site":"@EstratConcursos","twitter_misc":{"Escrito por":"Ricardo Araujo Oliveira","Est. tempo de leitura":"3 minutos"},"schema":{"@context":"https:\/\/schema.org","@graph":[{"@type":"NewsArticle","@id":"https:\/\/www.estrategiaconcursos.com.br\/blog\/concurso-icms-sp-terra-vista\/#article","isPartOf":{"@id":"https:\/\/www.estrategiaconcursos.com.br\/blog\/concurso-icms-sp-terra-vista\/"},"author":{"name":"Ricardo Araujo Oliveira","@id":"https:\/\/www.estrategiaconcursos.com.br\/blog\/#\/schema\/person\/8c5f854c6ec5798915e1d177922bfc89"},"headline":"Concurso ICMS SP &#8211; Terra \u00e0 vista?","datePublished":"2016-09-16T15:25:37+00:00","dateModified":"2016-09-16T20:12:35+00:00","mainEntityOfPage":{"@id":"https:\/\/www.estrategiaconcursos.com.br\/blog\/concurso-icms-sp-terra-vista\/"},"wordCount":515,"commentCount":1,"publisher":{"@id":"https:\/\/www.estrategiaconcursos.com.br\/blog\/#organization"},"image":{"@id":"https:\/\/www.estrategiaconcursos.com.br\/blog\/concurso-icms-sp-terra-vista\/#primaryimage"},"thumbnailUrl":"https:\/\/dhg1h5j42swfq.cloudfront.net\/2016\/09\/16120834\/sefaz-sp-300x216.jpg","keywords":["concurso icms sp 2017","ICMS SP","quadro de vagas"],"articleSection":["Concursos P\u00fablicos","Fiscal - Estadual (ICMS)"],"inLanguage":"pt-BR","potentialAction":[{"@type":"CommentAction","name":"Comment","target":["https:\/\/www.estrategiaconcursos.com.br\/blog\/concurso-icms-sp-terra-vista\/#respond"]}],"copyrightYear":"2016","copyrightHolder":{"@id":"https:\/\/www.estrategiaconcursos.com.br\/blog\/#organization"}},{"@type":"WebPage","@id":"https:\/\/www.estrategiaconcursos.com.br\/blog\/concurso-icms-sp-terra-vista\/","url":"https:\/\/www.estrategiaconcursos.com.br\/blog\/concurso-icms-sp-terra-vista\/","name":"Concurso ICMS SP - Terra \u00e0 vista?","isPartOf":{"@id":"https:\/\/www.estrategiaconcursos.com.br\/blog\/#website"},"primaryImageOfPage":{"@id":"https:\/\/www.estrategiaconcursos.com.br\/blog\/concurso-icms-sp-terra-vista\/#primaryimage"},"image":{"@id":"https:\/\/www.estrategiaconcursos.com.br\/blog\/concurso-icms-sp-terra-vista\/#primaryimage"},"thumbnailUrl":"https:\/\/dhg1h5j42swfq.cloudfront.net\/2016\/09\/16120834\/sefaz-sp-300x216.jpg","datePublished":"2016-09-16T15:25:37+00:00","dateModified":"2016-09-16T20:12:35+00:00","breadcrumb":{"@id":"https:\/\/www.estrategiaconcursos.com.br\/blog\/concurso-icms-sp-terra-vista\/#breadcrumb"},"inLanguage":"pt-BR","potentialAction":[{"@type":"ReadAction","target":["https:\/\/www.estrategiaconcursos.com.br\/blog\/concurso-icms-sp-terra-vista\/"]}]},{"@type":"ImageObject","inLanguage":"pt-BR","@id":"https:\/\/www.estrategiaconcursos.com.br\/blog\/concurso-icms-sp-terra-vista\/#primaryimage","url":"https:\/\/dhg1h5j42swfq.cloudfront.net\/2016\/09\/16120834\/sefaz-sp-300x216.jpg","contentUrl":"https:\/\/dhg1h5j42swfq.cloudfront.net\/2016\/09\/16120834\/sefaz-sp-300x216.jpg"},{"@type":"BreadcrumbList","@id":"https:\/\/www.estrategiaconcursos.com.br\/blog\/concurso-icms-sp-terra-vista\/#breadcrumb","itemListElement":[{"@type":"ListItem","position":1,"name":"In\u00edcio","item":"https:\/\/www.estrategiaconcursos.com.br\/blog\/"},{"@type":"ListItem","position":2,"name":"Concurso ICMS SP &#8211; Terra \u00e0 vista?"}]},{"@type":"WebSite","@id":"https:\/\/www.estrategiaconcursos.com.br\/blog\/#website","url":"https:\/\/www.estrategiaconcursos.com.br\/blog\/","name":"Estrat\u00e9gia Concursos","description":"O blog da Estrat\u00e9gia Concursos traz not\u00edcias sobre concursos e artigos de professores oferecendo cursos para concursos (pdf + videaulas) no site.","publisher":{"@id":"https:\/\/www.estrategiaconcursos.com.br\/blog\/#organization"},"potentialAction":[{"@type":"SearchAction","target":{"@type":"EntryPoint","urlTemplate":"https:\/\/www.estrategiaconcursos.com.br\/blog\/?s={search_term_string}"},"query-input":{"@type":"PropertyValueSpecification","valueRequired":true,"valueName":"search_term_string"}}],"inLanguage":"pt-BR"},{"@type":"Organization","@id":"https:\/\/www.estrategiaconcursos.com.br\/blog\/#organization","name":"Estrat\u00e9gia Concursos","url":"https:\/\/www.estrategiaconcursos.com.br\/blog\/","logo":{"@type":"ImageObject","inLanguage":"pt-BR","@id":"https:\/\/www.estrategiaconcursos.com.br\/blog\/#\/schema\/logo\/image\/","url":"https:\/\/dhg1h5j42swfq.cloudfront.net\/2025\/06\/03203428\/logo_concursos-1.jpg","contentUrl":"https:\/\/dhg1h5j42swfq.cloudfront.net\/2025\/06\/03203428\/logo_concursos-1.jpg","width":230,"height":60,"caption":"Estrat\u00e9gia Concursos"},"image":{"@id":"https:\/\/www.estrategiaconcursos.com.br\/blog\/#\/schema\/logo\/image\/"},"sameAs":["https:\/\/x.com\/EstratConcursos"]},{"@type":"Person","@id":"https:\/\/www.estrategiaconcursos.com.br\/blog\/#\/schema\/person\/8c5f854c6ec5798915e1d177922bfc89","name":"Ricardo Araujo Oliveira","image":{"@type":"ImageObject","inLanguage":"pt-BR","@id":"https:\/\/secure.gravatar.com\/avatar\/36c2dff913a37de38872746ef194782643c9575cad086bdcb7e3771bd3c8cac9?s=96&d=mm&r=g","url":"https:\/\/secure.gravatar.com\/avatar\/36c2dff913a37de38872746ef194782643c9575cad086bdcb7e3771bd3c8cac9?s=96&d=mm&r=g","contentUrl":"https:\/\/secure.gravatar.com\/avatar\/36c2dff913a37de38872746ef194782643c9575cad086bdcb7e3771bd3c8cac9?s=96&d=mm&r=g","caption":"Ricardo Araujo Oliveira"},"url":"https:\/\/www.estrategiaconcursos.com.br\/blog\/author\/ricardooliveiraestrategiaconcursos-com-br\/"}]}},"_links":{"self":[{"href":"https:\/\/www.estrategiaconcursos.com.br\/blog\/wp-json\/wp\/v2\/posts\/49681","targetHints":{"allow":["GET"]}}],"collection":[{"href":"https:\/\/www.estrategiaconcursos.com.br\/blog\/wp-json\/wp\/v2\/posts"}],"about":[{"href":"https:\/\/www.estrategiaconcursos.com.br\/blog\/wp-json\/wp\/v2\/types\/post"}],"author":[{"embeddable":true,"href":"https:\/\/www.estrategiaconcursos.com.br\/blog\/wp-json\/wp\/v2\/users\/351"}],"replies":[{"embeddable":true,"href":"https:\/\/www.estrategiaconcursos.com.br\/blog\/wp-json\/wp\/v2\/comments?post=49681"}],"version-history":[{"count":15,"href":"https:\/\/www.estrategiaconcursos.com.br\/blog\/wp-json\/wp\/v2\/posts\/49681\/revisions"}],"predecessor-version":[{"id":49733,"href":"https:\/\/www.estrategiaconcursos.com.br\/blog\/wp-json\/wp\/v2\/posts\/49681\/revisions\/49733"}],"wp:attachment":[{"href":"https:\/\/www.estrategiaconcursos.com.br\/blog\/wp-json\/wp\/v2\/media?parent=49681"}],"wp:term":[{"taxonomy":"category","embeddable":true,"href":"https:\/\/www.estrategiaconcursos.com.br\/blog\/wp-json\/wp\/v2\/categories?post=49681"},{"taxonomy":"post_tag","embeddable":true,"href":"https:\/\/www.estrategiaconcursos.com.br\/blog\/wp-json\/wp\/v2\/tags?post=49681"},{"taxonomy":"tax_estado","embeddable":true,"href":"https:\/\/www.estrategiaconcursos.com.br\/blog\/wp-json\/wp\/v2\/tax_estado?post=49681"}],"curies":[{"name":"wp","href":"https:\/\/api.w.org\/{rel}","templated":true}]}}