{"id":496663,"date":"2020-04-22T02:00:00","date_gmt":"2020-04-22T05:00:00","guid":{"rendered":"https:\/\/www.estrategiaconcursos.com.br\/blog\/?p=496663"},"modified":"2023-06-26T11:15:05","modified_gmt":"2023-06-26T14:15:05","slug":"edital-prefeitura-de-araucaria-pr","status":"publish","type":"post","link":"https:\/\/www.estrategiaconcursos.com.br\/blog\/edital-prefeitura-de-araucaria-pr\/","title":{"rendered":"Edital Prefeitura de Arauc\u00e1ria: 14 vagas na \u00e1rea da sa\u00fade"},"content":{"rendered":"\n<p>Foi publicado o edital do concurso p\u00fablico da Prefeitura de Arauc\u00e1ria, munic\u00edpio do estado do Paran\u00e1. S\u00e3o ofertadas no certame<strong> 14 vagas<\/strong> imediatas mais forma\u00e7\u00e3o de cadastro reserva para os cargos de <strong>T\u00e9cnico em Patologia Cl\u00ednica<\/strong>, <strong>Farmac\u00eautico <\/strong>e <strong>M\u00e9dico<\/strong>.<\/p>\n\n\n\n<p>As inscri\u00e7\u00f5es do certame j\u00e1 est\u00e3o abertas e podem ser feitas at\u00e9 o dia 24 de maio, atrav\u00e9s do site da banca organizadora, a <strong>Funda\u00e7\u00e3o UNESPAR<\/strong>.<\/p>\n\n\n\n<p>Ao longo deste artigo voc\u00ea confere mais informa\u00e7\u00f5es sobre o edital da Prefeitura de Arauc\u00e1ria para que possa se preparar e garantir uma das vagas. <\/p>\n\n\n\n<h2 class=\"wp-block-heading\">Distribui\u00e7\u00e3o das vagas do Edital Prefeitura de Arauc\u00e1ria<\/h2>\n\n\n\n<h3 class=\"wp-block-heading\">N\u00edvel T\u00e9cnico<\/h3>\n\n\n\n<figure class=\"wp-block-table is-style-stripes\"><table class=\"has-background has-fixed-layout\" style=\"background-color:#e7f5fe\"><tbody><tr><td>\n  <strong>Cargo<\/strong>\n  <\/td><td>\n  <strong>Vagas<\/strong>\n  <\/td><td>\n  <strong>Remunera\u00e7\u00e3o<\/strong>\n  <\/td><\/tr><tr><td>\n  T\u00e9cnico em Patologia Cl\u00ednica\n  <\/td><td>\n  01 + CR\n  <\/td><td>\n  R$ 2.323,30\n  <\/td><\/tr><\/tbody><\/table><\/figure>\n\n\n\n<h3 class=\"wp-block-heading\">N\u00edvel Superior<\/h3>\n\n\n\n<figure class=\"wp-block-table is-style-stripes\"><table class=\"has-background has-fixed-layout\" style=\"background-color:#e7f5fe\"><tbody><tr><td>\n  <strong>Cargo<\/strong>\n  <\/td><td>\n  <strong>Vagas<\/strong>\n  <\/td><td>\n  <strong>Remunera\u00e7\u00e3o<\/strong>\n  <\/td><\/tr><tr><td>\n  Farmac\u00eautico\n  <\/td><td>\n  04 + CR\n  <\/td><td>\n  R$ 4.320,53\n  <\/td><\/tr><tr><td>\n  M\u00e9dico Alergologista\n  <\/td><td>\n  CR\n  <\/td><td>\n  R$ 3.571,80 + R$ 3.294,95 \n  <\/td><\/tr><tr><td>\n  M\u00e9dico Angiologista Vascular\n  <\/td><td>\n  CR\n  <\/td><td>\n  R$ 3.571,80 + R$ 3.294,95\n  <\/td><\/tr><tr><td>\n  M\u00e9dico Cardiologista\n  <\/td><td>\n  CR\n  <\/td><td>\n  R$ 3.571,80 + R$ 3.294,95\n  <\/td><\/tr><tr><td>\n  M\u00e9dico do Trabalho\n  <\/td><td>\n  01 + CR\n  <\/td><td>\n  R$ 3.571,80 + R$ 3.294,95\n  <\/td><\/tr><tr><td>\n  M\u00e9dico Endocrinologista\n  <\/td><td>\n  01 + CR\n  <\/td><td>\n  R$ 3.571,80 + R$ 3.294,95\n  <\/td><\/tr><tr><td>\n  M\u00e9dico Generalista\n  <\/td><td>\n  CR\n  <\/td><td>\n  R$ 6.798,90 + R$ 6.271,92\n  <\/td><\/tr><tr><td>\n  M\u00e9dico Geriatra\n  <\/td><td>\n  CR\n  <\/td><td>\n  R$ 3.571,80 + R$ 3.294,95\n  <\/td><\/tr><tr><td>\n  M\u00e9dico Neurologista\n  <\/td><td>\n  01 + CR\n  <\/td><td>\n  R$ 3.571,80 + R$ 3.294,95\n  <\/td><\/tr><tr><td>\n  M\u00e9dico Neurologista Pedi\u00e1trico\n  <\/td><td>\n  CR\n  <\/td><td>\n  R$ 3.571,80 + R$ 3.294,95\n  <\/td><\/tr><tr><td>\n  M\u00e9dico Oftalmologista\n  <\/td><td>\n  01 + CR\n  <\/td><td>\n  R$ 3.571,80 + R$ 3.294,95\n  <\/td><\/tr><tr><td>\n  M\u00e9dico Ortopedista\n  <\/td><td>\n  01 + CR\n  <\/td><td>\n  R$ 3.571,80 + R$ 3.294,95\n  <\/td><\/tr><tr><td>\n  M\u00e9dico Otorrinolaringologi sta\n  <\/td><td>\n  01 + CR\n  <\/td><td>\n  R$ 3.571,80 + R$ 3.294,95\n  <\/td><\/tr><tr><td>\n  M\u00e9dico Pediatra\n  <\/td><td>\n  02 + CR\n  <\/td><td>\n  R$ 3.571,80 + R$ 3.294,95\n  <\/td><\/tr><tr><td>\n  M\u00e9dico Plantonista\n  <\/td><td>\n  CR\n  <\/td><td>\n  R$ 4.079,34 + R$ 3.763,15\n  <\/td><\/tr><tr><td>\n  M\u00e9dico Reumatologista\n  <\/td><td>\n  CR\n  <\/td><td>\n  R$ 3.571,80 + R$ 3.294,95\n  <\/td><\/tr><tr><td>\n  M\u00e9dico Sanitarista\n  <\/td><td>\n  01 + CR\n  <\/td><td>\n  R$ 3.571,80 + R$ 3.294,95\n  <\/td><\/tr><tr><td>\n  M\u00e9dico Urologista\n  <\/td><td>\n  CR\n  <\/td><td>\n  R$ 3.571,80 + R$ 3.294,95\n  <\/td><\/tr><\/tbody><\/table><\/figure>\n\n\n\n<h2 class=\"wp-block-heading\">Principais datas do Edital Prefeitura de Arauc\u00e1ria<\/h2>\n\n\n\n<p>Aqueles interessados em garantir sua inscri\u00e7\u00e3o devem acessar o site da banca organizadora, a <strong>Funda\u00e7\u00e3o UNESPAR<\/strong>, entre os dias 25 de mar\u00e7o e 24 de maio, al\u00e9m de pagar uma taxa que varia conforme a escolaridade do cargo, sendo:<\/p>\n\n\n\n<p class=\"has-very-light-gray-background-color has-background\">N\u00edvel t\u00e9cnico: <strong>R$ 80,00<\/strong><br \/>N\u00edvel superior: <strong>R$ 100,00<\/strong><\/p>\n\n\n\n<ul class=\"wp-block-list\">\n<li><strong>Inscri\u00e7\u00f5es: <\/strong>25\/03 a 24\/05\/2020<\/li>\n\n\n\n<li><strong>Isen\u00e7\u00e3o da taxa: <\/strong><s>25 a 31\/03\/2020<\/s><\/li>\n\n\n\n<li><strong>Pagamento da taxa: <\/strong>at\u00e9 25\/05\/2020<\/li>\n\n\n\n<li><strong>Data prevista da prova: <\/strong>28\/06\/2020<\/li>\n<\/ul>\n\n\n\n<h2 class=\"wp-block-heading\">Etapas do Concurso<\/h2>\n\n\n\n<p>A avalia\u00e7\u00e3o ser\u00e1 realizada atrav\u00e9s de uma \u00fanica etapa, sendo esta uma <strong>prova objetiva<\/strong> prevista para o dia 28 de junho de 2020. Para os cargos de T\u00e9cnico em Patologia Cl\u00ednica e M\u00e9dico Plantonista, as provas ser\u00e3o realizadas no per\u00edodo vespertino. J\u00e1 para as demais especialidades m\u00e9dicas, no per\u00edodo matutino.<\/p>\n\n\n\n<p>A prova ser\u00e1 composta de <strong>40 quest\u00f5es <\/strong>distribu\u00eddas por \u00e1reas de conhecimentos. Cada quest\u00e3o ter\u00e1 quatro alternativas, sendo que cada quest\u00e3o ter\u00e1 apenas 1 alternativa correta.<\/p>\n\n\n\n<p>Ser\u00e1 considerado aprovado o candidato que obtiver, no m\u00ednimo, 50% ou mais no total das \u00e1reas de conhecimento.<\/p>\n\n\n\n<h3 class=\"wp-block-heading\">N\u00edvel t\u00e9cnico:<\/h3>\n\n\n\n<figure class=\"wp-block-image aligncenter size-large\"><img loading=\"lazy\" decoding=\"async\" width=\"717\" height=\"143\" src=\"https:\/\/dhg1h5j42swfq.cloudfront.net\/2020\/03\/26120414\/tec-1.jpg\" alt=\"\" class=\"wp-image-496688\" srcset=\"https:\/\/dhg1h5j42swfq.cloudfront.net\/2020\/03\/26120414\/tec-1.jpg 717w, https:\/\/dhg1h5j42swfq.cloudfront.net\/2020\/03\/26120414\/tec-1-300x60.jpg 300w, https:\/\/dhg1h5j42swfq.cloudfront.net\/2020\/03\/26120414\/tec-1-610x122.jpg 610w\" sizes=\"auto, (max-width: 717px) 100vw, 717px\" \/><\/figure>\n\n\n\n<h3 class=\"wp-block-heading\">N\u00edvel superior:<\/h3>\n\n\n\n<figure class=\"wp-block-image size-large\"><img loading=\"lazy\" decoding=\"async\" width=\"719\" height=\"152\" src=\"https:\/\/dhg1h5j42swfq.cloudfront.net\/2020\/03\/26120325\/sup.png\" alt=\"\" class=\"wp-image-496686\" srcset=\"https:\/\/dhg1h5j42swfq.cloudfront.net\/2020\/03\/26120325\/sup.png 719w, https:\/\/dhg1h5j42swfq.cloudfront.net\/2020\/03\/26120325\/sup-300x63.png 300w, https:\/\/dhg1h5j42swfq.cloudfront.net\/2020\/03\/26120325\/sup-610x129.png 610w\" sizes=\"auto, (max-width: 719px) 100vw, 719px\" \/><\/figure>\n\n\n\n<hr class=\"wp-block-separator has-css-opacity\"\/>\n\n\n\n<h2 class=\"wp-block-heading has-text-align-center\" id=\"assinatura-e-cursos\">Quer estudar para o Concurso da Prefeitura de Arauc\u00e1ria?<\/h2>\n\n\n\n<p class=\"has-text-align-center\"><em>Gostou desta oportunidade e deseja come\u00e7ar se preparar agora mesmo? Ent\u00e3o, confira os nossos cursos e comece a estudar para o concurso Prefeitura de Arauc\u00e1ria:<\/em><\/p>\n\n\n\n<p class=\"has-text-align-center has-luminous-vivid-amber-background-color has-background has-medium-font-size\"><strong><em><a href=\"https:\/\/www.estrategiaconcursos.com.br\/cursos\/concurso\/\" target=\"_blank\" rel=\"noreferrer noopener\">Curso para Concurso<\/a><\/em><\/strong><\/p>\n\n\n\n<p class=\"has-text-align-center\"><em><strong>Assinatura Anual Ilimitada*<\/strong><\/em><\/p>\n\n\n\n<p class=\"has-text-align-center\"><em>Prepare-se com o melhor material e com quem mais aprova em Concursos P\u00fablicos em todo o pa\u00eds. Assine agora a nossa Assinatura Anual e tenha acesso ilimitado* a todos os nossos cursos.<\/em><\/p>\n\n\n\n<p class=\"has-text-align-center has-light-green-cyan-background-color has-background has-medium-font-size\"><strong>ASSINE AGORA<\/strong>&nbsp;\u2013&nbsp;<a rel=\"noreferrer noopener\" href=\"https:\/\/www.estrategiaconcursos.com.br\/assinaturas\" target=\"_blank\"><strong>Assinatura Ilimitada<\/strong><\/a><\/p>\n\n\n\n<p class=\"has-text-align-center has-pale-cyan-blue-background-color has-background has-medium-font-size\"><strong><a href=\"https:\/\/www.estrategiaconcursos.com.br\/blog\/concursos-abertos\/\">CONCURSOS ABERTOS<\/a><\/strong><\/p>\n\n\n\n<figure class=\"wp-block-image\"><img loading=\"lazy\" decoding=\"async\" width=\"300\" height=\"102\" src=\"https:\/\/dhg1h5j42swfq.cloudfront.net\/2017\/03\/28152500\/coruja-ficha-tecnica-300x102.png\" alt=\"\" class=\"wp-image-68542\"\/><\/figure>\n\n\n\n<h3 class=\"wp-block-heading\"><strong>\u2666Informa\u00e7\u00f5es do edital da <\/strong>Prefeitura de Arauc\u00e1ria<\/h3>\n\n\n\n<p><strong>\u25baData da prova:<\/strong>&nbsp;28 de junho<br \/><strong>\u25baVagas:<\/strong> 14 + CR<br \/><strong>\u25baCargos:<\/strong>&nbsp;V\u00e1rios na \u00e1rea da sa\u00fade<br \/><strong>\u25baBanca:<\/strong>&nbsp;Funda\u00e7\u00e3o UNESPAR<br \/><strong>\u25baEscolaridade:<\/strong>&nbsp;N\u00edvel t\u00e9cnico e superior<br \/><strong>\u25baEdital:<\/strong>&nbsp;<a rel=\"noreferrer noopener\" aria-label=\"Edital Prefeitura de Arauc\u00e1ria (abre numa nova aba)\" href=\"https:\/\/dhg1h5j42swfq.cloudfront.net\/2020\/03\/26114416\/bff888b8413d65be4698fbb8fd58884b.pdf\" target=\"_blank\">Edital Prefeitura de Arauc\u00e1ria<\/a> | <a href=\"https:\/\/dhg1h5j42swfq.cloudfront.net\/2020\/04\/23120457\/Novo-Cronograma-Arauc%C3%A1ria.pdf\" target=\"_blank\" rel=\"noreferrer noopener\">Cronograma retificado<\/a><\/p>\n\n\n\n<p><br \/><em>Ascom Estrat\u00e9gia<br \/><\/em>ascomestrategia@gmail.com<\/p>\n","protected":false},"excerpt":{"rendered":"<p>Foi publicado o edital do concurso p\u00fablico da Prefeitura de Arauc\u00e1ria, munic\u00edpio do estado do Paran\u00e1. S\u00e3o ofertadas no certame 14 vagas imediatas mais forma\u00e7\u00e3o de cadastro reserva para os cargos de T\u00e9cnico em Patologia Cl\u00ednica, Farmac\u00eautico e M\u00e9dico. As inscri\u00e7\u00f5es do certame j\u00e1 est\u00e3o abertas e podem ser feitas at\u00e9 o dia 24 de [&hellip;]<\/p>\n","protected":false},"author":561,"featured_media":435603,"comment_status":"open","ping_status":"closed","sticky":false,"template":"","format":"standard","meta":{"post_tipo":"article","footnotes":""},"categories":[1],"tags":[],"tax_estado":[],"class_list":["post-496663","post","type-post","status-publish","format-standard","has-post-thumbnail","hentry","category-cursos-e-concursos"],"acf":[],"yoast_head":"<!-- This site is optimized with the Yoast SEO Premium plugin v27.2 (Yoast SEO v27.2) - https:\/\/yoast.com\/product\/yoast-seo-premium-wordpress\/ -->\n<title>Edital Prefeitura de Arauc\u00e1ria: 14 vagas na \u00e1rea da sa\u00fade<\/title>\n<meta name=\"description\" content=\"Edital Prefeitura de Arauc\u00e1ria: publicado com 14 vagas imeditas mais cadastro reserva na \u00e1rea da sa\u00fade. Provas em junho. Confira!\" \/>\n<meta name=\"robots\" content=\"index, follow, max-snippet:-1, max-image-preview:large, max-video-preview:-1\" \/>\n<link rel=\"canonical\" href=\"https:\/\/www.estrategiaconcursos.com.br\/blog\/edital-prefeitura-de-araucaria-pr\/\" \/>\n<meta property=\"og:locale\" content=\"pt_BR\" \/>\n<meta property=\"og:type\" content=\"article\" \/>\n<meta property=\"og:title\" content=\"Edital Prefeitura de Arauc\u00e1ria: 14 vagas na \u00e1rea da sa\u00fade\" \/>\n<meta property=\"og:description\" content=\"Edital Prefeitura de Arauc\u00e1ria: publicado com 14 vagas imeditas mais cadastro reserva na \u00e1rea da sa\u00fade. Provas em junho. Confira!\" \/>\n<meta property=\"og:url\" content=\"https:\/\/www.estrategiaconcursos.com.br\/blog\/edital-prefeitura-de-araucaria-pr\/\" \/>\n<meta property=\"og:site_name\" content=\"Estrat\u00e9gia Concursos\" \/>\n<meta property=\"article:published_time\" content=\"2020-04-22T05:00:00+00:00\" \/>\n<meta property=\"article:modified_time\" content=\"2023-06-26T14:15:05+00:00\" \/>\n<meta property=\"og:image\" content=\"https:\/\/dhg1h5j42swfq.cloudfront.net\/2019\/10\/16161404\/PREFEITURA-DE-ARAUCA%CC%81RIA-PR.jpg\" \/>\n\t<meta property=\"og:image:width\" content=\"1200\" \/>\n\t<meta property=\"og:image:height\" content=\"628\" \/>\n\t<meta property=\"og:image:type\" content=\"image\/jpeg\" \/>\n<meta name=\"author\" content=\"Ligia Carvalheiro Fernandes\" \/>\n<meta name=\"twitter:card\" content=\"summary_large_image\" \/>\n<meta name=\"twitter:creator\" content=\"@EstratConcursos\" \/>\n<meta name=\"twitter:site\" content=\"@EstratConcursos\" \/>\n<meta name=\"twitter:label1\" content=\"Escrito por\" \/>\n\t<meta name=\"twitter:data1\" content=\"Ligia Carvalheiro Fernandes\" \/>\n\t<meta name=\"twitter:label2\" content=\"Est. tempo de leitura\" \/>\n\t<meta name=\"twitter:data2\" content=\"3 minutos\" \/>\n<script type=\"application\/ld+json\" class=\"yoast-schema-graph\">{\"@context\":\"https:\/\/schema.org\",\"@graph\":[{\"@type\":\"NewsArticle\",\"@id\":\"https:\/\/www.estrategiaconcursos.com.br\/blog\/edital-prefeitura-de-araucaria-pr\/#article\",\"isPartOf\":{\"@id\":\"https:\/\/www.estrategiaconcursos.com.br\/blog\/edital-prefeitura-de-araucaria-pr\/\"},\"author\":{\"name\":\"Ligia Carvalheiro Fernandes\",\"@id\":\"https:\/\/www.estrategiaconcursos.com.br\/blog\/#\/schema\/person\/cc76e9dac392d5e35e7d00c493eee792\"},\"headline\":\"Edital Prefeitura de Arauc\u00e1ria: 14 vagas na \u00e1rea da sa\u00fade\",\"datePublished\":\"2020-04-22T05:00:00+00:00\",\"dateModified\":\"2023-06-26T14:15:05+00:00\",\"mainEntityOfPage\":{\"@id\":\"https:\/\/www.estrategiaconcursos.com.br\/blog\/edital-prefeitura-de-araucaria-pr\/\"},\"wordCount\":585,\"commentCount\":0,\"publisher\":{\"@id\":\"https:\/\/www.estrategiaconcursos.com.br\/blog\/#organization\"},\"image\":{\"@id\":\"https:\/\/www.estrategiaconcursos.com.br\/blog\/edital-prefeitura-de-araucaria-pr\/#primaryimage\"},\"thumbnailUrl\":\"https:\/\/dhg1h5j42swfq.cloudfront.net\/2019\/10\/16161404\/PREFEITURA-DE-ARAUCA%CC%81RIA-PR.jpg\",\"articleSection\":[\"Concursos P\u00fablicos\"],\"inLanguage\":\"pt-BR\",\"potentialAction\":[{\"@type\":\"CommentAction\",\"name\":\"Comment\",\"target\":[\"https:\/\/www.estrategiaconcursos.com.br\/blog\/edital-prefeitura-de-araucaria-pr\/#respond\"]}],\"copyrightYear\":\"2020\",\"copyrightHolder\":{\"@id\":\"https:\/\/www.estrategiaconcursos.com.br\/blog\/#organization\"}},{\"@type\":\"WebPage\",\"@id\":\"https:\/\/www.estrategiaconcursos.com.br\/blog\/edital-prefeitura-de-araucaria-pr\/\",\"url\":\"https:\/\/www.estrategiaconcursos.com.br\/blog\/edital-prefeitura-de-araucaria-pr\/\",\"name\":\"Edital Prefeitura de Arauc\u00e1ria: 14 vagas na \u00e1rea da sa\u00fade\",\"isPartOf\":{\"@id\":\"https:\/\/www.estrategiaconcursos.com.br\/blog\/#website\"},\"primaryImageOfPage\":{\"@id\":\"https:\/\/www.estrategiaconcursos.com.br\/blog\/edital-prefeitura-de-araucaria-pr\/#primaryimage\"},\"image\":{\"@id\":\"https:\/\/www.estrategiaconcursos.com.br\/blog\/edital-prefeitura-de-araucaria-pr\/#primaryimage\"},\"thumbnailUrl\":\"https:\/\/dhg1h5j42swfq.cloudfront.net\/2019\/10\/16161404\/PREFEITURA-DE-ARAUCA%CC%81RIA-PR.jpg\",\"datePublished\":\"2020-04-22T05:00:00+00:00\",\"dateModified\":\"2023-06-26T14:15:05+00:00\",\"description\":\"Edital Prefeitura de Arauc\u00e1ria: publicado com 14 vagas imeditas mais cadastro reserva na \u00e1rea da sa\u00fade. Provas em junho. Confira!\",\"breadcrumb\":{\"@id\":\"https:\/\/www.estrategiaconcursos.com.br\/blog\/edital-prefeitura-de-araucaria-pr\/#breadcrumb\"},\"inLanguage\":\"pt-BR\",\"potentialAction\":[{\"@type\":\"ReadAction\",\"target\":[\"https:\/\/www.estrategiaconcursos.com.br\/blog\/edital-prefeitura-de-araucaria-pr\/\"]}]},{\"@type\":\"ImageObject\",\"inLanguage\":\"pt-BR\",\"@id\":\"https:\/\/www.estrategiaconcursos.com.br\/blog\/edital-prefeitura-de-araucaria-pr\/#primaryimage\",\"url\":\"https:\/\/dhg1h5j42swfq.cloudfront.net\/2019\/10\/16161404\/PREFEITURA-DE-ARAUCA%CC%81RIA-PR.jpg\",\"contentUrl\":\"https:\/\/dhg1h5j42swfq.cloudfront.net\/2019\/10\/16161404\/PREFEITURA-DE-ARAUCA%CC%81RIA-PR.jpg\",\"width\":1200,\"height\":628,\"caption\":\"prefeitura de arauc\u00e1ria\"},{\"@type\":\"BreadcrumbList\",\"@id\":\"https:\/\/www.estrategiaconcursos.com.br\/blog\/edital-prefeitura-de-araucaria-pr\/#breadcrumb\",\"itemListElement\":[{\"@type\":\"ListItem\",\"position\":1,\"name\":\"In\u00edcio\",\"item\":\"https:\/\/www.estrategiaconcursos.com.br\/blog\/\"},{\"@type\":\"ListItem\",\"position\":2,\"name\":\"Edital Prefeitura de Arauc\u00e1ria: 14 vagas na \u00e1rea da sa\u00fade\"}]},{\"@type\":\"WebSite\",\"@id\":\"https:\/\/www.estrategiaconcursos.com.br\/blog\/#website\",\"url\":\"https:\/\/www.estrategiaconcursos.com.br\/blog\/\",\"name\":\"Estrat\u00e9gia Concursos\",\"description\":\"O blog da Estrat\u00e9gia Concursos traz not\u00edcias sobre concursos e artigos de professores oferecendo cursos para concursos (pdf + videaulas) no site.\",\"publisher\":{\"@id\":\"https:\/\/www.estrategiaconcursos.com.br\/blog\/#organization\"},\"potentialAction\":[{\"@type\":\"SearchAction\",\"target\":{\"@type\":\"EntryPoint\",\"urlTemplate\":\"https:\/\/www.estrategiaconcursos.com.br\/blog\/?s={search_term_string}\"},\"query-input\":{\"@type\":\"PropertyValueSpecification\",\"valueRequired\":true,\"valueName\":\"search_term_string\"}}],\"inLanguage\":\"pt-BR\"},{\"@type\":\"Organization\",\"@id\":\"https:\/\/www.estrategiaconcursos.com.br\/blog\/#organization\",\"name\":\"Estrat\u00e9gia Concursos\",\"url\":\"https:\/\/www.estrategiaconcursos.com.br\/blog\/\",\"logo\":{\"@type\":\"ImageObject\",\"inLanguage\":\"pt-BR\",\"@id\":\"https:\/\/www.estrategiaconcursos.com.br\/blog\/#\/schema\/logo\/image\/\",\"url\":\"https:\/\/dhg1h5j42swfq.cloudfront.net\/2025\/06\/03203428\/logo_concursos-1.jpg\",\"contentUrl\":\"https:\/\/dhg1h5j42swfq.cloudfront.net\/2025\/06\/03203428\/logo_concursos-1.jpg\",\"width\":230,\"height\":60,\"caption\":\"Estrat\u00e9gia Concursos\"},\"image\":{\"@id\":\"https:\/\/www.estrategiaconcursos.com.br\/blog\/#\/schema\/logo\/image\/\"},\"sameAs\":[\"https:\/\/x.com\/EstratConcursos\"]},{\"@type\":\"Person\",\"@id\":\"https:\/\/www.estrategiaconcursos.com.br\/blog\/#\/schema\/person\/cc76e9dac392d5e35e7d00c493eee792\",\"name\":\"Ligia Carvalheiro Fernandes\",\"image\":{\"@type\":\"ImageObject\",\"inLanguage\":\"pt-BR\",\"@id\":\"https:\/\/secure.gravatar.com\/avatar\/26e4636c44dabc043eaf634f767ecd1d80505b210d3981d4ebd176a3f373e3ec?s=96&d=mm&r=g\",\"url\":\"https:\/\/secure.gravatar.com\/avatar\/26e4636c44dabc043eaf634f767ecd1d80505b210d3981d4ebd176a3f373e3ec?s=96&d=mm&r=g\",\"contentUrl\":\"https:\/\/secure.gravatar.com\/avatar\/26e4636c44dabc043eaf634f767ecd1d80505b210d3981d4ebd176a3f373e3ec?s=96&d=mm&r=g\",\"caption\":\"Ligia Carvalheiro Fernandes\"},\"url\":\"https:\/\/www.estrategiaconcursos.com.br\/blog\/author\/licarfegmail-com\/\"}]}<\/script>\n<!-- \/ Yoast SEO Premium plugin. -->","yoast_head_json":{"title":"Edital Prefeitura de Arauc\u00e1ria: 14 vagas na \u00e1rea da sa\u00fade","description":"Edital Prefeitura de Arauc\u00e1ria: publicado com 14 vagas imeditas mais cadastro reserva na \u00e1rea da sa\u00fade. Provas em junho. Confira!","robots":{"index":"index","follow":"follow","max-snippet":"max-snippet:-1","max-image-preview":"max-image-preview:large","max-video-preview":"max-video-preview:-1"},"canonical":"https:\/\/www.estrategiaconcursos.com.br\/blog\/edital-prefeitura-de-araucaria-pr\/","og_locale":"pt_BR","og_type":"article","og_title":"Edital Prefeitura de Arauc\u00e1ria: 14 vagas na \u00e1rea da sa\u00fade","og_description":"Edital Prefeitura de Arauc\u00e1ria: publicado com 14 vagas imeditas mais cadastro reserva na \u00e1rea da sa\u00fade. Provas em junho. Confira!","og_url":"https:\/\/www.estrategiaconcursos.com.br\/blog\/edital-prefeitura-de-araucaria-pr\/","og_site_name":"Estrat\u00e9gia Concursos","article_published_time":"2020-04-22T05:00:00+00:00","article_modified_time":"2023-06-26T14:15:05+00:00","og_image":[{"width":1200,"height":628,"url":"https:\/\/dhg1h5j42swfq.cloudfront.net\/2019\/10\/16161404\/PREFEITURA-DE-ARAUCA%CC%81RIA-PR.jpg","type":"image\/jpeg"}],"author":"Ligia Carvalheiro Fernandes","twitter_card":"summary_large_image","twitter_creator":"@EstratConcursos","twitter_site":"@EstratConcursos","twitter_misc":{"Escrito por":"Ligia Carvalheiro Fernandes","Est. tempo de leitura":"3 minutos"},"schema":{"@context":"https:\/\/schema.org","@graph":[{"@type":"NewsArticle","@id":"https:\/\/www.estrategiaconcursos.com.br\/blog\/edital-prefeitura-de-araucaria-pr\/#article","isPartOf":{"@id":"https:\/\/www.estrategiaconcursos.com.br\/blog\/edital-prefeitura-de-araucaria-pr\/"},"author":{"name":"Ligia Carvalheiro Fernandes","@id":"https:\/\/www.estrategiaconcursos.com.br\/blog\/#\/schema\/person\/cc76e9dac392d5e35e7d00c493eee792"},"headline":"Edital Prefeitura de Arauc\u00e1ria: 14 vagas na \u00e1rea da sa\u00fade","datePublished":"2020-04-22T05:00:00+00:00","dateModified":"2023-06-26T14:15:05+00:00","mainEntityOfPage":{"@id":"https:\/\/www.estrategiaconcursos.com.br\/blog\/edital-prefeitura-de-araucaria-pr\/"},"wordCount":585,"commentCount":0,"publisher":{"@id":"https:\/\/www.estrategiaconcursos.com.br\/blog\/#organization"},"image":{"@id":"https:\/\/www.estrategiaconcursos.com.br\/blog\/edital-prefeitura-de-araucaria-pr\/#primaryimage"},"thumbnailUrl":"https:\/\/dhg1h5j42swfq.cloudfront.net\/2019\/10\/16161404\/PREFEITURA-DE-ARAUCA%CC%81RIA-PR.jpg","articleSection":["Concursos P\u00fablicos"],"inLanguage":"pt-BR","potentialAction":[{"@type":"CommentAction","name":"Comment","target":["https:\/\/www.estrategiaconcursos.com.br\/blog\/edital-prefeitura-de-araucaria-pr\/#respond"]}],"copyrightYear":"2020","copyrightHolder":{"@id":"https:\/\/www.estrategiaconcursos.com.br\/blog\/#organization"}},{"@type":"WebPage","@id":"https:\/\/www.estrategiaconcursos.com.br\/blog\/edital-prefeitura-de-araucaria-pr\/","url":"https:\/\/www.estrategiaconcursos.com.br\/blog\/edital-prefeitura-de-araucaria-pr\/","name":"Edital Prefeitura de Arauc\u00e1ria: 14 vagas na \u00e1rea da sa\u00fade","isPartOf":{"@id":"https:\/\/www.estrategiaconcursos.com.br\/blog\/#website"},"primaryImageOfPage":{"@id":"https:\/\/www.estrategiaconcursos.com.br\/blog\/edital-prefeitura-de-araucaria-pr\/#primaryimage"},"image":{"@id":"https:\/\/www.estrategiaconcursos.com.br\/blog\/edital-prefeitura-de-araucaria-pr\/#primaryimage"},"thumbnailUrl":"https:\/\/dhg1h5j42swfq.cloudfront.net\/2019\/10\/16161404\/PREFEITURA-DE-ARAUCA%CC%81RIA-PR.jpg","datePublished":"2020-04-22T05:00:00+00:00","dateModified":"2023-06-26T14:15:05+00:00","description":"Edital Prefeitura de Arauc\u00e1ria: publicado com 14 vagas imeditas mais cadastro reserva na \u00e1rea da sa\u00fade. Provas em junho. Confira!","breadcrumb":{"@id":"https:\/\/www.estrategiaconcursos.com.br\/blog\/edital-prefeitura-de-araucaria-pr\/#breadcrumb"},"inLanguage":"pt-BR","potentialAction":[{"@type":"ReadAction","target":["https:\/\/www.estrategiaconcursos.com.br\/blog\/edital-prefeitura-de-araucaria-pr\/"]}]},{"@type":"ImageObject","inLanguage":"pt-BR","@id":"https:\/\/www.estrategiaconcursos.com.br\/blog\/edital-prefeitura-de-araucaria-pr\/#primaryimage","url":"https:\/\/dhg1h5j42swfq.cloudfront.net\/2019\/10\/16161404\/PREFEITURA-DE-ARAUCA%CC%81RIA-PR.jpg","contentUrl":"https:\/\/dhg1h5j42swfq.cloudfront.net\/2019\/10\/16161404\/PREFEITURA-DE-ARAUCA%CC%81RIA-PR.jpg","width":1200,"height":628,"caption":"prefeitura de arauc\u00e1ria"},{"@type":"BreadcrumbList","@id":"https:\/\/www.estrategiaconcursos.com.br\/blog\/edital-prefeitura-de-araucaria-pr\/#breadcrumb","itemListElement":[{"@type":"ListItem","position":1,"name":"In\u00edcio","item":"https:\/\/www.estrategiaconcursos.com.br\/blog\/"},{"@type":"ListItem","position":2,"name":"Edital Prefeitura de Arauc\u00e1ria: 14 vagas na \u00e1rea da sa\u00fade"}]},{"@type":"WebSite","@id":"https:\/\/www.estrategiaconcursos.com.br\/blog\/#website","url":"https:\/\/www.estrategiaconcursos.com.br\/blog\/","name":"Estrat\u00e9gia Concursos","description":"O blog da Estrat\u00e9gia Concursos traz not\u00edcias sobre concursos e artigos de professores oferecendo cursos para concursos (pdf + videaulas) no site.","publisher":{"@id":"https:\/\/www.estrategiaconcursos.com.br\/blog\/#organization"},"potentialAction":[{"@type":"SearchAction","target":{"@type":"EntryPoint","urlTemplate":"https:\/\/www.estrategiaconcursos.com.br\/blog\/?s={search_term_string}"},"query-input":{"@type":"PropertyValueSpecification","valueRequired":true,"valueName":"search_term_string"}}],"inLanguage":"pt-BR"},{"@type":"Organization","@id":"https:\/\/www.estrategiaconcursos.com.br\/blog\/#organization","name":"Estrat\u00e9gia Concursos","url":"https:\/\/www.estrategiaconcursos.com.br\/blog\/","logo":{"@type":"ImageObject","inLanguage":"pt-BR","@id":"https:\/\/www.estrategiaconcursos.com.br\/blog\/#\/schema\/logo\/image\/","url":"https:\/\/dhg1h5j42swfq.cloudfront.net\/2025\/06\/03203428\/logo_concursos-1.jpg","contentUrl":"https:\/\/dhg1h5j42swfq.cloudfront.net\/2025\/06\/03203428\/logo_concursos-1.jpg","width":230,"height":60,"caption":"Estrat\u00e9gia Concursos"},"image":{"@id":"https:\/\/www.estrategiaconcursos.com.br\/blog\/#\/schema\/logo\/image\/"},"sameAs":["https:\/\/x.com\/EstratConcursos"]},{"@type":"Person","@id":"https:\/\/www.estrategiaconcursos.com.br\/blog\/#\/schema\/person\/cc76e9dac392d5e35e7d00c493eee792","name":"Ligia Carvalheiro Fernandes","image":{"@type":"ImageObject","inLanguage":"pt-BR","@id":"https:\/\/secure.gravatar.com\/avatar\/26e4636c44dabc043eaf634f767ecd1d80505b210d3981d4ebd176a3f373e3ec?s=96&d=mm&r=g","url":"https:\/\/secure.gravatar.com\/avatar\/26e4636c44dabc043eaf634f767ecd1d80505b210d3981d4ebd176a3f373e3ec?s=96&d=mm&r=g","contentUrl":"https:\/\/secure.gravatar.com\/avatar\/26e4636c44dabc043eaf634f767ecd1d80505b210d3981d4ebd176a3f373e3ec?s=96&d=mm&r=g","caption":"Ligia Carvalheiro Fernandes"},"url":"https:\/\/www.estrategiaconcursos.com.br\/blog\/author\/licarfegmail-com\/"}]}},"_links":{"self":[{"href":"https:\/\/www.estrategiaconcursos.com.br\/blog\/wp-json\/wp\/v2\/posts\/496663","targetHints":{"allow":["GET"]}}],"collection":[{"href":"https:\/\/www.estrategiaconcursos.com.br\/blog\/wp-json\/wp\/v2\/posts"}],"about":[{"href":"https:\/\/www.estrategiaconcursos.com.br\/blog\/wp-json\/wp\/v2\/types\/post"}],"author":[{"embeddable":true,"href":"https:\/\/www.estrategiaconcursos.com.br\/blog\/wp-json\/wp\/v2\/users\/561"}],"replies":[{"embeddable":true,"href":"https:\/\/www.estrategiaconcursos.com.br\/blog\/wp-json\/wp\/v2\/comments?post=496663"}],"version-history":[{"count":9,"href":"https:\/\/www.estrategiaconcursos.com.br\/blog\/wp-json\/wp\/v2\/posts\/496663\/revisions"}],"predecessor-version":[{"id":1238783,"href":"https:\/\/www.estrategiaconcursos.com.br\/blog\/wp-json\/wp\/v2\/posts\/496663\/revisions\/1238783"}],"wp:featuredmedia":[{"embeddable":true,"href":"https:\/\/www.estrategiaconcursos.com.br\/blog\/wp-json\/wp\/v2\/media\/435603"}],"wp:attachment":[{"href":"https:\/\/www.estrategiaconcursos.com.br\/blog\/wp-json\/wp\/v2\/media?parent=496663"}],"wp:term":[{"taxonomy":"category","embeddable":true,"href":"https:\/\/www.estrategiaconcursos.com.br\/blog\/wp-json\/wp\/v2\/categories?post=496663"},{"taxonomy":"post_tag","embeddable":true,"href":"https:\/\/www.estrategiaconcursos.com.br\/blog\/wp-json\/wp\/v2\/tags?post=496663"},{"taxonomy":"tax_estado","embeddable":true,"href":"https:\/\/www.estrategiaconcursos.com.br\/blog\/wp-json\/wp\/v2\/tax_estado?post=496663"}],"curies":[{"name":"wp","href":"https:\/\/api.w.org\/{rel}","templated":true}]}}