{"id":496519,"date":"2023-06-20T06:12:00","date_gmt":"2023-06-20T09:12:00","guid":{"rendered":"https:\/\/www.estrategiaconcursos.com.br\/blog\/?p=496519"},"modified":"2023-06-20T08:19:10","modified_gmt":"2023-06-20T11:19:10","slug":"concurso-ufrrj","status":"publish","type":"post","link":"https:\/\/www.estrategiaconcursos.com.br\/blog\/concurso-ufrrj\/","title":{"rendered":"Concurso UFRRJ: resultados dispon\u00edveis. Confira!"},"content":{"rendered":"\n<p>A  Universidade Federal Rural do Rio de Janeiro divulgou o resultado do concurso p\u00fablico com a oferta de <strong>05 vagas<\/strong> distribu\u00eddas entre os cargos de Auditor, Analista de Tecnologia da Informa\u00e7\u00e3o e Bibliotec\u00e1rio.<\/p>\n\n\n\n<p>Confira abaixo:<\/p>\n\n\n\n<ul class=\"wp-block-list\">\n<li><a href=\"https:\/\/dhg1h5j42swfq.cloudfront.net\/2023\/06\/15104520\/2023_06_15_assinado_do3-1.pdf\" target=\"_blank\" rel=\"noreferrer noopener nofollow\">Resultado n\u00edvel superior TAE<\/a><\/li>\n<\/ul>\n\n\n\n<p>Os candidatos foram avaliados por prova objetiva no dia 16 de abril de 2023.<\/p>\n\n\n\n<ul class=\"wp-block-list\">\n<li><strong>Universidade Federal Rural do Rio de Janeiro &#8211; UFRRJ<\/strong><\/li>\n\n\n\n<li><strong>Status<\/strong>: resultados divulgados<\/li>\n\n\n\n<li><strong style=\"background-color: initial; color: initial;\">Banca:<\/strong> <a href=\"https:\/\/servicos.ufrrj.br\/concursos\/\" target=\"_blank\" rel=\"noreferrer noopener\">Comiss\u00e3o Pr\u00f3pria<\/a><\/li>\n\n\n\n<li><strong>Vagas:<\/strong> 05<\/li>\n\n\n\n<li><strong>Cargo<\/strong>: Auditor, Analista de Tecnologia da Informa\u00e7\u00e3o e Bibliotec\u00e1rio<\/li>\n\n\n\n<li><strong>Sal\u00e1rio inicial:<\/strong> R$ 4.180,66<\/li>\n\n\n\n<li><strong>Edital:<\/strong> <a href=\"https:\/\/dhg1h5j42swfq.cloudfront.net\/2022\/12\/28080649\/rj.pdf\" target=\"_blank\" rel=\"noreferrer noopener nofollow\">UFRRJ<\/a> | <a href=\"https:\/\/servicos.ufrrj.br\/concursos\/editais\/CONTEUDO_PROGRAMATICO_RETIFICADO_-_ED_65-2022.pdf\" target=\"_blank\" rel=\"noreferrer noopener\">Conte\u00fado program\u00e1tico<\/a> | <a href=\"https:\/\/servicos.ufrrj.br\/concursos\/editais\/atribuicao_dos_cargos.pdf\" target=\"_blank\" rel=\"noreferrer noopener\">Requisitos<\/a><\/li>\n<\/ul>\n\n\n\n<p>Al\u00e9m disso, existe outro edital vigente tamb\u00e9m com a oferta de <strong>05 vagas<\/strong>\u00a0para o cargo T\u00e9cnico Administrativo, de n\u00edvel m\u00e9dio de escolaridade. E o resultado foi publicado j\u00e1 foi publicado.<\/p>\n\n\n\n<p>Confira:<\/p>\n\n\n\n<ul class=\"wp-block-list\">\n<li><a href=\"https:\/\/dhg1h5j42swfq.cloudfront.net\/2023\/06\/20074147\/diariooficial-45.pdf\" target=\"_blank\" rel=\"noreferrer noopener nofollow\">Resultado n\u00edvel m\u00e9dio<\/a>;<\/li>\n<\/ul>\n\n\n\n<p>Ressalta-se que os aprovados far\u00e3o jus a sal\u00e1rios iniciais de R$ 2.446,96. Os candidatos foram avaliados no dia 07 de maio de 2023, e os resultados devem ser divulgados em breve. Veja maiores detalhes ao longo do artigo!<\/p>\n\n\n\n<ul class=\"wp-block-list\">\n<li><strong>TAE<\/strong><\/li>\n\n\n\n<li><strong>Status<\/strong>: resultados divulgados<\/li>\n\n\n\n<li><strong>Banca:<\/strong>&nbsp;comiss\u00e3o pr\u00f3pria<\/li>\n\n\n\n<li><strong>Vagas:<\/strong>&nbsp;05<\/li>\n\n\n\n<li><strong>Cargo<\/strong>: TAE<\/li>\n\n\n\n<li><strong>Sal\u00e1rio inicial:<\/strong>&nbsp;R$ 2.446,96<\/li>\n\n\n\n<li><strong>Editais<\/strong>:&nbsp;<a href=\"https:\/\/servicos.ufrrj.br\/concursos\/editais\/edital_tae_ufrrj_02_2023_retificado_06_02_23.pdf\" target=\"_blank\" rel=\"noreferrer noopener\">UFRRJ<\/a><\/li>\n<\/ul>\n\n\n\n<div class=\"container\" id=\"boxes\">\n  <div class=\"row\">\n\n    <div class=\"col-sm\">\n      <div class=\"banner-estrategia\" id=\"box-assinatura\">\n        <h3 class=\"titulo-assinatura\">Cursos para concursos<\/h3>\n        <p class=\"subtitulo-assinatura\">Estude conosco<\/p>\n        <div class=\"box-botao\">\n          <a class=\"btn-assinatura\" target=\"_blank\" href=\"https:\/\/www.estrategiaconcursos.com.br\/cursos\/\" role=\"button\" rel=\"noopener noreferrer\">Conhe\u00e7a os cursos<\/a>\n        <\/div>\n      <\/div>\n     \n    <\/div>\n\n  <\/div>\n<\/div>\n\n\n\n<ul class=\"wp-block-list\">\n<li><a href=\"#situa\u00e7\u00e3o-atual\">Situa\u00e7\u00e3o atual<\/a>\n<ul class=\"wp-block-list\">\n<li><a href=\"#resultados-n\u00edvel-superior\">Resultados<\/a><\/li>\n\n\n\n<li><a href=\"#principais-datas-tae\">Principais datas<\/a><\/li>\n<\/ul>\n<\/li>\n\n\n\n<li><a href=\"#cargos-e-vagas\">Cargos e vagas<\/a><\/li>\n\n\n\n<li><a href=\"#requisitos\">Requisitos<\/a><\/li>\n\n\n\n<li><a href=\"#etapas-de-prova\">Etapas de prova<\/a><\/li>\n\n\n\n<li><a href=\"#ficha-tecnica\">Ficha T\u00e9cnica<\/a><\/li>\n<\/ul>\n\n\n\n<h2 class=\"wp-block-heading\" id=\"situa\u00e7\u00e3o-atual\">Concurso UFRRJ: situa\u00e7\u00e3o atual<\/h2>\n\n\n\n<h3 class=\"wp-block-heading\" id=\"resultados-n\u00edvel-superior\">Resultados<\/h3>\n\n\n\n<h4 class=\"wp-block-heading\">N\u00edvel m\u00e9dio<\/h4>\n\n\n\n<p>O resultado final da sele\u00e7\u00e3o para os cargos de n\u00edvel m\u00e9dio foi disponibilizado na edi\u00e7\u00e3o do dia 20 de junho de 2023 do Di\u00e1rio Oficial da Uni\u00e3o. Veja <a href=\"https:\/\/dhg1h5j42swfq.cloudfront.net\/2023\/06\/20074147\/diariooficial-45.pdf\" target=\"_blank\" rel=\"noreferrer noopener nofollow\">AQUI<\/a>!<\/p>\n\n\n\n<h4 class=\"wp-block-heading\" id=\"resultados-n\u00edvel-superior\">N\u00edvel superior <\/h4>\n\n\n\n<p>Foi divulgado no dia 15 de junho de 2023, atrav\u00e9s do Di\u00e1rio Oficial da Uni\u00e3o o resultado final do certame para os cargos de n\u00edvel superior. Confira as notas finais e os aprovados <a href=\"https:\/\/dhg1h5j42swfq.cloudfront.net\/2023\/06\/15104520\/2023_06_15_assinado_do3-1.pdf\" target=\"_blank\" rel=\"noreferrer noopener nofollow\">aqui<\/a>! <\/p>\n\n\n\n<h2 class=\"wp-block-heading\" id=\"cargos-vagas\">Cargos e vagas do concurso UFRRJ<\/h2>\n\n\n\n<h3 class=\"wp-block-heading\">TAE<\/h3>\n\n\n\n<figure class=\"wp-block-table is-style-stripes\"><table class=\"has-background has-fixed-layout\" style=\"background-color:#e7f5fe\"><thead><tr><th class=\"has-text-align-center\" data-align=\"center\">CARGOS<\/th><th class=\"has-text-align-center\" data-align=\"center\">VAGAS<\/th><th class=\"has-text-align-center\" data-align=\"center\">SAL\u00c1RIOS<\/th><\/tr><\/thead><tbody><tr><td class=\"has-text-align-center\" data-align=\"center\">T\u00e9cnico em Agropecu\u00e1ria<\/td><td class=\"has-text-align-center\" data-align=\"center\">01<\/td><td class=\"has-text-align-center\" data-align=\"center\">R$ 2.446,96<\/td><\/tr><tr><td class=\"has-text-align-center\" data-align=\"center\">T\u00e9cnico em Contabilidade<\/td><td class=\"has-text-align-center\" data-align=\"center\">02<\/td><td class=\"has-text-align-center\" data-align=\"center\">R$ 2.446,96<\/td><\/tr><tr><td class=\"has-text-align-center\" data-align=\"center\">T\u00e9cnico em Tecnologia da Informa\u00e7\u00e3o<\/td><td class=\"has-text-align-center\" data-align=\"center\">02<\/td><td class=\"has-text-align-center\" data-align=\"center\">R$ 2.446,96<\/td><\/tr><\/tbody><\/table><\/figure>\n\n\n\n<h3 class=\"wp-block-heading\">Superior <\/h3>\n\n\n\n<figure class=\"wp-block-table is-style-stripes\"><table class=\"has-background has-fixed-layout\" style=\"background-color:#e7f5fe\"><thead><tr><th class=\"has-text-align-center\" data-align=\"center\">CARGOS<\/th><th class=\"has-text-align-center\" data-align=\"center\">VAGAS<\/th><th class=\"has-text-align-center\" data-align=\"center\">SAL\u00c1RIO<\/th><\/tr><\/thead><tbody><tr><td class=\"has-text-align-center\" data-align=\"center\">Auditor<\/td><td class=\"has-text-align-center\" data-align=\"center\">01<\/td><td class=\"has-text-align-center\" data-align=\"center\">R$ 4.180,66<\/td><\/tr><tr><td class=\"has-text-align-center\" data-align=\"center\">Analista de Tecnologia da Informa\u00e7\u00e3o<\/td><td class=\"has-text-align-center\" data-align=\"center\">01<\/td><td class=\"has-text-align-center\" data-align=\"center\">R$ 4.180,66<\/td><\/tr><tr><td class=\"has-text-align-center\" data-align=\"center\">Bibliotec\u00e1rio<\/td><td class=\"has-text-align-center\" data-align=\"center\">03<\/td><td class=\"has-text-align-center\" data-align=\"center\">R$ 4.180,66<\/td><\/tr><\/tbody><\/table><\/figure>\n\n\n\n<p>Al\u00e9m da remunera\u00e7\u00e3o inicial, os aprovados ter\u00e3o direito: <\/p>\n\n\n\n<ul class=\"wp-block-list\">\n<li>Aux\u00edlio-alimenta\u00e7\u00e3o: R$ 458,00;<\/li>\n\n\n\n<li>Aux\u00edlio pr\u00e9-escolar: R$ 321,00;<\/li>\n\n\n\n<li>Aux\u00edlio transporte; e<\/li>\n\n\n\n<li>Aux\u00edlio Sa\u00fade.<\/li>\n<\/ul>\n\n\n\n<p>A UFRRJ oferece incentivo a qualifica\u00e7\u00e3o que varia de acordo com a titula\u00e7\u00e3o:<\/p>\n\n\n\n<ul class=\"wp-block-list\">\n<li>Especializa\u00e7\u00e3o 30%;<\/li>\n\n\n\n<li>Mestrado: 52%; e<\/li>\n\n\n\n<li>Doutorado: 75%. <\/li>\n<\/ul>\n\n\n\n<h2 class=\"wp-block-heading\" id=\"h-requisitos-do-concurso-ufrrj\">Requisitos do concurso UFRRJ<\/h2>\n\n\n\n<p>Requisitos TAE:<\/p>\n\n\n\n<ul class=\"wp-block-list\">\n<li><strong>T\u00e9cnico em Agropecu\u00e1ria<\/strong>: Ensino M\u00e9dio profissionalizante ou M\u00e9dio completo + Curso T\u00e9cnico.<\/li>\n\n\n\n<li><strong>T\u00e9cnico em Contabilidade<\/strong>: Ensino M\u00e9dio profissionalizante ou M\u00e9dio completo + Curso T\u00e9cnico.<\/li>\n\n\n\n<li><strong>T\u00e9cnico em Tecnologia da Informa\u00e7\u00e3o<\/strong>: Ensino M\u00e9dio profissionalizante ou M\u00e9dio completo + Curso T\u00e9cnico.<\/li>\n<\/ul>\n\n\n\n<p>Confira os requisitos exigidos no edital UFRRJ:<\/p>\n\n\n\n<ul class=\"wp-block-list\">\n<li><strong>Auditor<\/strong>: Curso Superior em Economia, Direito ou Ci\u00eancias Cont\u00e1beis.<\/li>\n\n\n\n<li><strong>Analista de Tecnologia da Informa\u00e7\u00e3o<\/strong>: Curso Superior na \u00e1rea.<\/li>\n\n\n\n<li><strong>Bibliotec\u00e1rio<\/strong>: Curso Superior em Biblioteconomia. <\/li>\n<\/ul>\n\n\n\n<h2 class=\"wp-block-heading\" id=\"etapas\">Etapas e provas do concurso UFRRJ<\/h2>\n\n\n\n<h3 class=\"wp-block-heading\">TAE<\/h3>\n\n\n\n<p>A sele\u00e7\u00e3o dos candidatos inscritos no edital UFRRJ se deu mediante aplica\u00e7\u00e3o da seguinte etapa:<\/p>\n\n\n\n<ul class=\"wp-block-list\">\n<li>Prova preambular (objetiva) \u2013 eliminat\u00f3rio e classificat\u00f3rio.<\/li>\n<\/ul>\n\n\n\n<p>As avalia\u00e7\u00f5es foram aplicados no dia 07 de maio de 2023, das 13h \u00e0s 17h, no Campus da UFRRJ no munic\u00edpio de Serop\u00e9dica\/RJ.<\/p>\n\n\n\n<h4 class=\"wp-block-heading\" id=\"objetiva\">Provas Objetivas<\/h4>\n\n\n\n<p>A prova objetiva ser\u00e1 composta por 60 quest\u00f5es:<\/p>\n\n\n\n<h5 class=\"wp-block-heading\">T\u00e9cnico em Contabilidade e T\u00e9cnico em Agropecu\u00e1ria<\/h5>\n\n\n\n<ul class=\"wp-block-list\">\n<li>L\u00edngua Portuguesa: 10 quest\u00f5es;<\/li>\n\n\n\n<li>Inform\u00e1tica: 10 quest\u00f5es;<\/li>\n\n\n\n<li>Legisla\u00e7\u00e3o: 10 quest\u00f5es; e<\/li>\n\n\n\n<li>Conhecimentos espec\u00edficos: 30 quest\u00f5es.<\/li>\n<\/ul>\n\n\n\n<h5 class=\"wp-block-heading\">Cargo de T\u00e9cnico em Tecnologia da Informa\u00e7\u00e3o:<\/h5>\n\n\n\n<ul class=\"wp-block-list\">\n<li>L\u00edngua Portuguesa: 10 quest\u00f5es;<\/li>\n\n\n\n<li>Racioc\u00ednio L\u00f3gico: 10 quest\u00f5es;<\/li>\n\n\n\n<li>Legisla\u00e7\u00e3o: 10 quest\u00f5es; e<\/li>\n\n\n\n<li>Conhecimentos espec\u00edficos: 30 quest\u00f5es.<\/li>\n<\/ul>\n\n\n\n<h3 class=\"wp-block-heading\">Superior <\/h3>\n\n\n\n<p>A sele\u00e7\u00e3o dos candidatos inscritos no edital UFRRJ se deu mediante aplica\u00e7\u00e3o da seguinte etapa:<\/p>\n\n\n\n<ul class=\"wp-block-list\">\n<li>Prova preambular (objetiva) \u2013 eliminat\u00f3rio e classificat\u00f3rio.<\/li>\n<\/ul>\n\n\n\n<p>As provas foram aplicadas no dia 16 de abril de 2023 em Serop\u00e9dica\/RJ.<\/p>\n\n\n\n<h4 class=\"wp-block-heading\" id=\"objetiva\">Provas Objetivas<\/h4>\n\n\n\n<p>Os candidatos ser\u00e3o avaliados nas seguintes disciplinas:<\/p>\n\n\n\n<h5 class=\"wp-block-heading\">Auditor e Bibliotec\u00e1rio<\/h5>\n\n\n\n<ul class=\"wp-block-list\">\n<li>L\u00edngua Portuguesa: 16 quest\u00f5es;<\/li>\n\n\n\n<li>Inform\u00e1tica: 5 quest\u00f5es;<\/li>\n\n\n\n<li>Legisla\u00e7\u00e3o: 10 quest\u00f5es; e<\/li>\n\n\n\n<li>Conhecimentos espec\u00edficos: 30 quest\u00f5es.<\/li>\n<\/ul>\n\n\n\n<h5 class=\"wp-block-heading\">Analista de Tecnologia da Informa\u00e7\u00e3o<\/h5>\n\n\n\n<ul class=\"wp-block-list\">\n<li>L\u00edngua Portuguesa: 15 quest\u00f5es;<\/li>\n\n\n\n<li>Ingl\u00eas: 5 quest\u00f5es;<\/li>\n\n\n\n<li>Legisla\u00e7\u00e3o: 10 quest\u00f5es; e<\/li>\n\n\n\n<li>Conhecimentos espec\u00edficos: 30 quest\u00f5es.<\/li>\n<\/ul>\n\n\n\n<p>A prova objetiva valer\u00e1, ao todo, 100 pontos. <\/p>\n\n\n\n<hr class=\"wp-block-separator has-alpha-channel-opacity\"\/>\n\n\n\n<div class=\"container\" id=\"boxes\">\n  <div class=\"row\">\n\n    <div class=\"col-sm\">\n      <div class=\"estrategia\" id=\"box-assinatura\">\n        <h3 class=\"titulo-assinatura\">Assinatura de Concursos<\/h3>\n        <p class=\"subtitulo-assinatura\">Assinatura de 1 ano ou 2 anos<\/p>\n        <div class=\"box-botao\">\n          <a class=\"btn-assinatura\" target=\"_blank\" href=\"https:\/\/www.estrategiaconcursos.com.br\/assinaturas\/\" role=\"button\" rel=\"noopener noreferrer\">ASSINE AGORA<\/a>\n        <\/div>\n      <\/div>\n     \n    <\/div><\/div><\/div>\n\n\n\n<h2 class=\"wp-block-heading has-text-align-center\" id=\"h-quer-saber-tudo-sobre-concursos-previstos-confira-nossos-artigos\">Quer saber tudo sobre concursos previstos?<br \/>Confira  nossos artigos!<\/h2>\n\n\n\n<ul class=\"wp-block-list\">\n<li><a href=\"https:\/\/www.estrategiaconcursos.com.br\/blog\/concursos-abertos\/\" target=\"_blank\" rel=\"noreferrer noopener\">Concursos abertos<\/a><\/li>\n\n\n\n<li><a href=\"https:\/\/www.estrategiaconcursos.com.br\/blog\/concursos-2023\/\" target=\"_blank\" rel=\"noreferrer noopener\">Concursos 2023<\/a><\/li>\n<\/ul>\n\n\n\n<figure class=\"wp-block-image size-large is-resized\"><img loading=\"lazy\" decoding=\"async\" src=\"https:\/\/dhg1h5j42swfq.cloudfront.net\/2025\/06\/27101122\/ficha-tecnica-1-1024x632.png\" alt=\"Informa\u00e7\u00f5es do edital UFRRJ\" class=\"wp-image-702728\" width=\"269\" height=\"166\" srcset=\"https:\/\/dhg1h5j42swfq.cloudfront.net\/2025\/06\/27101122\/ficha-tecnica-1-1024x632.png 1024w, https:\/\/dhg1h5j42swfq.cloudfront.net\/2025\/06\/27101122\/ficha-tecnica-1-300x185.png 300w, https:\/\/dhg1h5j42swfq.cloudfront.net\/2025\/06\/27101122\/ficha-tecnica-1-768x474.png 768w, https:\/\/dhg1h5j42swfq.cloudfront.net\/2025\/06\/27101122\/ficha-tecnica-1-1536x948.png 1536w, https:\/\/dhg1h5j42swfq.cloudfront.net\/2025\/06\/27101122\/ficha-tecnica-1-610x377.png 610w, https:\/\/dhg1h5j42swfq.cloudfront.net\/2025\/06\/27101122\/ficha-tecnica-1.png 1571w\" sizes=\"auto, (max-width: 269px) 100vw, 269px\" \/><\/figure>\n\n\n\n<h3 class=\"wp-block-heading\" id=\"block-ba1614b5-988b-41ef-892d-f4c9f7e9dd42\">Informa\u00e7\u00f5es do edital UFRRJ<\/h3>\n\n\n\n<h3 class=\"wp-block-heading\">TAE<\/h3>\n\n\n\n<ul class=\"wp-block-list\">\n<li><strong>Inscri\u00e7\u00f5es<\/strong>: <s>30\/01 a 01\/03<\/s><\/li>\n\n\n\n<li><strong>Provas<\/strong>: <s>07\/05<\/s><\/li>\n\n\n\n<li><strong>Vagas<\/strong>: 05<\/li>\n\n\n\n<li><strong>Cargos<\/strong>: TAE<\/li>\n\n\n\n<li><strong>Banca<\/strong>: comiss\u00e3o pr\u00f3pria<\/li>\n\n\n\n<li><strong>Escolaridade<\/strong>: m\u00e9dio<\/li>\n\n\n\n<li><strong>Edital<\/strong>:&nbsp;<a href=\"https:\/\/servicos.ufrrj.br\/concursos\/editais\/edital_tae_ufrrj_02_2023.pdf\" target=\"_blank\" rel=\"noreferrer noopener\">UFRRJ<\/a><\/li>\n<\/ul>\n\n\n\n<h3 class=\"wp-block-heading\">Superior <\/h3>\n\n\n\n<ul class=\"wp-block-list\">\n<li><strong>Inscri\u00e7\u00f5es<\/strong>:<s> 02\/01\/2023 a 31\/01\/2023<\/s><\/li>\n\n\n\n<li><strong>Provas<\/strong>: <s>16\/04\/2023<\/s><\/li>\n\n\n\n<li><strong>Vagas<\/strong>: 05<\/li>\n\n\n\n<li><strong>Cargos<\/strong>: Auditor, Analista de Tecnologia da Informa\u00e7\u00e3o e Bibliotec\u00e1rio<\/li>\n\n\n\n<li><strong>Banca<\/strong>: comiss\u00e3o pr\u00f3pria <\/li>\n\n\n\n<li><strong>Escolaridade<\/strong>: N\u00edvel superior <\/li>\n\n\n\n<li><strong>Edital<\/strong>:&nbsp;<a href=\"https:\/\/dhg1h5j42swfq.cloudfront.net\/2022\/12\/28080649\/rj.pdf\" target=\"_blank\" rel=\"noreferrer noopener nofollow\">UFRRJ<\/a> | <a href=\"https:\/\/servicos.ufrrj.br\/concursos\/editais\/programa.pdf\" target=\"_blank\" rel=\"noreferrer noopener\">Conte\u00fado program\u00e1tico<\/a> | <a href=\"https:\/\/servicos.ufrrj.br\/concursos\/editais\/atribuicao_dos_cargos.pdf\" target=\"_blank\" rel=\"noreferrer noopener\">Requisitos<\/a><\/li>\n<\/ul>\n","protected":false},"excerpt":{"rendered":"<p>A Universidade Federal Rural do Rio de Janeiro divulgou o resultado do concurso p\u00fablico com a oferta de 05 vagas distribu\u00eddas entre os cargos de Auditor, Analista de Tecnologia da Informa\u00e7\u00e3o e Bibliotec\u00e1rio. Confira abaixo: Os candidatos foram avaliados por prova objetiva no dia 16 de abril de 2023. Al\u00e9m disso, existe outro edital vigente [&hellip;]<\/p>\n","protected":false},"author":1,"featured_media":887339,"comment_status":"open","ping_status":"closed","sticky":false,"template":"","format":"standard","meta":{"post_tipo":"news_page","footnotes":""},"categories":[3766,220219],"tags":[],"tax_estado":[219982],"class_list":["post-496519","post","type-post","status-publish","format-standard","has-post-thumbnail","hentry","category-educacional","category-noticias","tax_estado-rj"],"acf":[],"yoast_head":"<!-- This site is optimized with the Yoast SEO Premium plugin v27.2 (Yoast SEO v27.2) - https:\/\/yoast.com\/product\/yoast-seo-premium-wordpress\/ -->\n<title>Concurso UFRRJ: resultados dispon\u00edveis. Confira!<\/title>\n<meta name=\"description\" content=\"Concurso UFRRJ: confira os detalhes sobre o certame da Universidade Federal Rural do Rio de Janeiro com o Estrat\u00e9gia Concursos.\" \/>\n<meta name=\"robots\" content=\"index, follow, max-snippet:-1, max-image-preview:large, max-video-preview:-1\" \/>\n<link rel=\"canonical\" href=\"https:\/\/www.estrategiaconcursos.com.br\/blog\/concurso-ufrrj\/\" \/>\n<meta property=\"og:locale\" content=\"pt_BR\" \/>\n<meta property=\"og:type\" content=\"article\" \/>\n<meta property=\"og:title\" content=\"Concurso UFRRJ: resultados dispon\u00edveis. Confira!\" \/>\n<meta property=\"og:description\" content=\"Concurso UFRRJ: confira os detalhes sobre o certame da Universidade Federal Rural do Rio de Janeiro com o Estrat\u00e9gia Concursos.\" \/>\n<meta property=\"og:url\" content=\"https:\/\/www.estrategiaconcursos.com.br\/blog\/concurso-ufrrj\/\" \/>\n<meta property=\"og:site_name\" content=\"Estrat\u00e9gia Concursos\" \/>\n<meta property=\"article:author\" content=\"https:\/\/www.facebook.com\/EstrategiaConcursos\" \/>\n<meta property=\"article:published_time\" content=\"2023-06-20T09:12:00+00:00\" \/>\n<meta property=\"article:modified_time\" content=\"2023-06-20T11:19:10+00:00\" \/>\n<meta property=\"og:image\" content=\"https:\/\/dhg1h5j42swfq.cloudfront.net\/2021\/10\/18143054\/concursos-educacao.jpg\" \/>\n\t<meta property=\"og:image:width\" content=\"1200\" \/>\n\t<meta property=\"og:image:height\" content=\"628\" \/>\n\t<meta property=\"og:image:type\" content=\"image\/jpeg\" \/>\n<meta name=\"author\" content=\"Coordena\u00e7\u00e3o\" \/>\n<meta name=\"twitter:card\" content=\"summary_large_image\" \/>\n<meta name=\"twitter:creator\" content=\"@EstratConcursos\" \/>\n<meta name=\"twitter:site\" content=\"@EstratConcursos\" \/>\n<meta name=\"twitter:label1\" content=\"Escrito por\" \/>\n\t<meta name=\"twitter:data1\" content=\"Coordena\u00e7\u00e3o\" \/>\n\t<meta name=\"twitter:label2\" content=\"Est. tempo de leitura\" \/>\n\t<meta name=\"twitter:data2\" content=\"4 minutos\" \/>\n<script type=\"application\/ld+json\" class=\"yoast-schema-graph\">{\"@context\":\"https:\/\/schema.org\",\"@graph\":[{\"@type\":\"NewsArticle\",\"@id\":\"https:\/\/www.estrategiaconcursos.com.br\/blog\/concurso-ufrrj\/#article\",\"isPartOf\":{\"@id\":\"https:\/\/www.estrategiaconcursos.com.br\/blog\/concurso-ufrrj\/\"},\"author\":{\"name\":\"Coordena\u00e7\u00e3o\",\"@id\":\"https:\/\/www.estrategiaconcursos.com.br\/blog\/#\/schema\/person\/b4a388c97673c5f483d72185668afa1f\"},\"headline\":\"Concurso UFRRJ: resultados dispon\u00edveis. Confira!\",\"datePublished\":\"2023-06-20T09:12:00+00:00\",\"dateModified\":\"2023-06-20T11:19:10+00:00\",\"mainEntityOfPage\":{\"@id\":\"https:\/\/www.estrategiaconcursos.com.br\/blog\/concurso-ufrrj\/\"},\"wordCount\":802,\"commentCount\":0,\"publisher\":{\"@id\":\"https:\/\/www.estrategiaconcursos.com.br\/blog\/#organization\"},\"image\":{\"@id\":\"https:\/\/www.estrategiaconcursos.com.br\/blog\/concurso-ufrrj\/#primaryimage\"},\"thumbnailUrl\":\"https:\/\/dhg1h5j42swfq.cloudfront.net\/2021\/10\/18143054\/concursos-educacao.jpg\",\"articleSection\":[\"Educa\u00e7\u00e3o\",\"\u00daltimas not\u00edcias\"],\"inLanguage\":\"pt-BR\",\"potentialAction\":[{\"@type\":\"CommentAction\",\"name\":\"Comment\",\"target\":[\"https:\/\/www.estrategiaconcursos.com.br\/blog\/concurso-ufrrj\/#respond\"]}],\"copyrightYear\":\"2023\",\"copyrightHolder\":{\"@id\":\"https:\/\/www.estrategiaconcursos.com.br\/blog\/#organization\"}},{\"@type\":\"WebPage\",\"@id\":\"https:\/\/www.estrategiaconcursos.com.br\/blog\/concurso-ufrrj\/\",\"url\":\"https:\/\/www.estrategiaconcursos.com.br\/blog\/concurso-ufrrj\/\",\"name\":\"Concurso UFRRJ: resultados dispon\u00edveis. Confira!\",\"isPartOf\":{\"@id\":\"https:\/\/www.estrategiaconcursos.com.br\/blog\/#website\"},\"primaryImageOfPage\":{\"@id\":\"https:\/\/www.estrategiaconcursos.com.br\/blog\/concurso-ufrrj\/#primaryimage\"},\"image\":{\"@id\":\"https:\/\/www.estrategiaconcursos.com.br\/blog\/concurso-ufrrj\/#primaryimage\"},\"thumbnailUrl\":\"https:\/\/dhg1h5j42swfq.cloudfront.net\/2021\/10\/18143054\/concursos-educacao.jpg\",\"datePublished\":\"2023-06-20T09:12:00+00:00\",\"dateModified\":\"2023-06-20T11:19:10+00:00\",\"description\":\"Concurso UFRRJ: confira os detalhes sobre o certame da Universidade Federal Rural do Rio de Janeiro com o Estrat\u00e9gia Concursos.\",\"breadcrumb\":{\"@id\":\"https:\/\/www.estrategiaconcursos.com.br\/blog\/concurso-ufrrj\/#breadcrumb\"},\"inLanguage\":\"pt-BR\",\"potentialAction\":[{\"@type\":\"ReadAction\",\"target\":[\"https:\/\/www.estrategiaconcursos.com.br\/blog\/concurso-ufrrj\/\"]}]},{\"@type\":\"ImageObject\",\"inLanguage\":\"pt-BR\",\"@id\":\"https:\/\/www.estrategiaconcursos.com.br\/blog\/concurso-ufrrj\/#primaryimage\",\"url\":\"https:\/\/dhg1h5j42swfq.cloudfront.net\/2021\/10\/18143054\/concursos-educacao.jpg\",\"contentUrl\":\"https:\/\/dhg1h5j42swfq.cloudfront.net\/2021\/10\/18143054\/concursos-educacao.jpg\",\"width\":1200,\"height\":628,\"caption\":\"educa\u00e7\u00e3o\"},{\"@type\":\"BreadcrumbList\",\"@id\":\"https:\/\/www.estrategiaconcursos.com.br\/blog\/concurso-ufrrj\/#breadcrumb\",\"itemListElement\":[{\"@type\":\"ListItem\",\"position\":1,\"name\":\"In\u00edcio\",\"item\":\"https:\/\/www.estrategiaconcursos.com.br\/blog\/\"},{\"@type\":\"ListItem\",\"position\":2,\"name\":\"Concurso UFRRJ: resultados dispon\u00edveis. Confira!\"}]},{\"@type\":\"WebSite\",\"@id\":\"https:\/\/www.estrategiaconcursos.com.br\/blog\/#website\",\"url\":\"https:\/\/www.estrategiaconcursos.com.br\/blog\/\",\"name\":\"Estrat\u00e9gia Concursos\",\"description\":\"O blog da Estrat\u00e9gia Concursos traz not\u00edcias sobre concursos e artigos de professores oferecendo cursos para concursos (pdf + videaulas) no site.\",\"publisher\":{\"@id\":\"https:\/\/www.estrategiaconcursos.com.br\/blog\/#organization\"},\"potentialAction\":[{\"@type\":\"SearchAction\",\"target\":{\"@type\":\"EntryPoint\",\"urlTemplate\":\"https:\/\/www.estrategiaconcursos.com.br\/blog\/?s={search_term_string}\"},\"query-input\":{\"@type\":\"PropertyValueSpecification\",\"valueRequired\":true,\"valueName\":\"search_term_string\"}}],\"inLanguage\":\"pt-BR\"},{\"@type\":\"Organization\",\"@id\":\"https:\/\/www.estrategiaconcursos.com.br\/blog\/#organization\",\"name\":\"Estrat\u00e9gia Concursos\",\"url\":\"https:\/\/www.estrategiaconcursos.com.br\/blog\/\",\"logo\":{\"@type\":\"ImageObject\",\"inLanguage\":\"pt-BR\",\"@id\":\"https:\/\/www.estrategiaconcursos.com.br\/blog\/#\/schema\/logo\/image\/\",\"url\":\"https:\/\/dhg1h5j42swfq.cloudfront.net\/2025\/06\/03203428\/logo_concursos-1.jpg\",\"contentUrl\":\"https:\/\/dhg1h5j42swfq.cloudfront.net\/2025\/06\/03203428\/logo_concursos-1.jpg\",\"width\":230,\"height\":60,\"caption\":\"Estrat\u00e9gia Concursos\"},\"image\":{\"@id\":\"https:\/\/www.estrategiaconcursos.com.br\/blog\/#\/schema\/logo\/image\/\"},\"sameAs\":[\"https:\/\/x.com\/EstratConcursos\"]},{\"@type\":\"Person\",\"@id\":\"https:\/\/www.estrategiaconcursos.com.br\/blog\/#\/schema\/person\/b4a388c97673c5f483d72185668afa1f\",\"name\":\"Coordena\u00e7\u00e3o\",\"image\":{\"@type\":\"ImageObject\",\"inLanguage\":\"pt-BR\",\"@id\":\"https:\/\/secure.gravatar.com\/avatar\/b720319e4c9a967eb58678d110f4fe35452fc5d5f97b202bac7b8acceb18c6ad?s=96&d=mm&r=g\",\"url\":\"https:\/\/secure.gravatar.com\/avatar\/b720319e4c9a967eb58678d110f4fe35452fc5d5f97b202bac7b8acceb18c6ad?s=96&d=mm&r=g\",\"contentUrl\":\"https:\/\/secure.gravatar.com\/avatar\/b720319e4c9a967eb58678d110f4fe35452fc5d5f97b202bac7b8acceb18c6ad?s=96&d=mm&r=g\",\"caption\":\"Coordena\u00e7\u00e3o\"},\"sameAs\":[\"https:\/\/www.facebook.com\/EstrategiaConcursos\",\"https:\/\/x.com\/EstratConcursos\"],\"url\":\"https:\/\/www.estrategiaconcursos.com.br\/blog\/author\/estrategia2013\/\"}]}<\/script>\n<!-- \/ Yoast SEO Premium plugin. -->","yoast_head_json":{"title":"Concurso UFRRJ: resultados dispon\u00edveis. Confira!","description":"Concurso UFRRJ: confira os detalhes sobre o certame da Universidade Federal Rural do Rio de Janeiro com o Estrat\u00e9gia Concursos.","robots":{"index":"index","follow":"follow","max-snippet":"max-snippet:-1","max-image-preview":"max-image-preview:large","max-video-preview":"max-video-preview:-1"},"canonical":"https:\/\/www.estrategiaconcursos.com.br\/blog\/concurso-ufrrj\/","og_locale":"pt_BR","og_type":"article","og_title":"Concurso UFRRJ: resultados dispon\u00edveis. Confira!","og_description":"Concurso UFRRJ: confira os detalhes sobre o certame da Universidade Federal Rural do Rio de Janeiro com o Estrat\u00e9gia Concursos.","og_url":"https:\/\/www.estrategiaconcursos.com.br\/blog\/concurso-ufrrj\/","og_site_name":"Estrat\u00e9gia Concursos","article_author":"https:\/\/www.facebook.com\/EstrategiaConcursos","article_published_time":"2023-06-20T09:12:00+00:00","article_modified_time":"2023-06-20T11:19:10+00:00","og_image":[{"width":1200,"height":628,"url":"https:\/\/dhg1h5j42swfq.cloudfront.net\/2021\/10\/18143054\/concursos-educacao.jpg","type":"image\/jpeg"}],"author":"Coordena\u00e7\u00e3o","twitter_card":"summary_large_image","twitter_creator":"@EstratConcursos","twitter_site":"@EstratConcursos","twitter_misc":{"Escrito por":"Coordena\u00e7\u00e3o","Est. tempo de leitura":"4 minutos"},"schema":{"@context":"https:\/\/schema.org","@graph":[{"@type":"NewsArticle","@id":"https:\/\/www.estrategiaconcursos.com.br\/blog\/concurso-ufrrj\/#article","isPartOf":{"@id":"https:\/\/www.estrategiaconcursos.com.br\/blog\/concurso-ufrrj\/"},"author":{"name":"Coordena\u00e7\u00e3o","@id":"https:\/\/www.estrategiaconcursos.com.br\/blog\/#\/schema\/person\/b4a388c97673c5f483d72185668afa1f"},"headline":"Concurso UFRRJ: resultados dispon\u00edveis. Confira!","datePublished":"2023-06-20T09:12:00+00:00","dateModified":"2023-06-20T11:19:10+00:00","mainEntityOfPage":{"@id":"https:\/\/www.estrategiaconcursos.com.br\/blog\/concurso-ufrrj\/"},"wordCount":802,"commentCount":0,"publisher":{"@id":"https:\/\/www.estrategiaconcursos.com.br\/blog\/#organization"},"image":{"@id":"https:\/\/www.estrategiaconcursos.com.br\/blog\/concurso-ufrrj\/#primaryimage"},"thumbnailUrl":"https:\/\/dhg1h5j42swfq.cloudfront.net\/2021\/10\/18143054\/concursos-educacao.jpg","articleSection":["Educa\u00e7\u00e3o","\u00daltimas not\u00edcias"],"inLanguage":"pt-BR","potentialAction":[{"@type":"CommentAction","name":"Comment","target":["https:\/\/www.estrategiaconcursos.com.br\/blog\/concurso-ufrrj\/#respond"]}],"copyrightYear":"2023","copyrightHolder":{"@id":"https:\/\/www.estrategiaconcursos.com.br\/blog\/#organization"}},{"@type":"WebPage","@id":"https:\/\/www.estrategiaconcursos.com.br\/blog\/concurso-ufrrj\/","url":"https:\/\/www.estrategiaconcursos.com.br\/blog\/concurso-ufrrj\/","name":"Concurso UFRRJ: resultados dispon\u00edveis. Confira!","isPartOf":{"@id":"https:\/\/www.estrategiaconcursos.com.br\/blog\/#website"},"primaryImageOfPage":{"@id":"https:\/\/www.estrategiaconcursos.com.br\/blog\/concurso-ufrrj\/#primaryimage"},"image":{"@id":"https:\/\/www.estrategiaconcursos.com.br\/blog\/concurso-ufrrj\/#primaryimage"},"thumbnailUrl":"https:\/\/dhg1h5j42swfq.cloudfront.net\/2021\/10\/18143054\/concursos-educacao.jpg","datePublished":"2023-06-20T09:12:00+00:00","dateModified":"2023-06-20T11:19:10+00:00","description":"Concurso UFRRJ: confira os detalhes sobre o certame da Universidade Federal Rural do Rio de Janeiro com o Estrat\u00e9gia Concursos.","breadcrumb":{"@id":"https:\/\/www.estrategiaconcursos.com.br\/blog\/concurso-ufrrj\/#breadcrumb"},"inLanguage":"pt-BR","potentialAction":[{"@type":"ReadAction","target":["https:\/\/www.estrategiaconcursos.com.br\/blog\/concurso-ufrrj\/"]}]},{"@type":"ImageObject","inLanguage":"pt-BR","@id":"https:\/\/www.estrategiaconcursos.com.br\/blog\/concurso-ufrrj\/#primaryimage","url":"https:\/\/dhg1h5j42swfq.cloudfront.net\/2021\/10\/18143054\/concursos-educacao.jpg","contentUrl":"https:\/\/dhg1h5j42swfq.cloudfront.net\/2021\/10\/18143054\/concursos-educacao.jpg","width":1200,"height":628,"caption":"educa\u00e7\u00e3o"},{"@type":"BreadcrumbList","@id":"https:\/\/www.estrategiaconcursos.com.br\/blog\/concurso-ufrrj\/#breadcrumb","itemListElement":[{"@type":"ListItem","position":1,"name":"In\u00edcio","item":"https:\/\/www.estrategiaconcursos.com.br\/blog\/"},{"@type":"ListItem","position":2,"name":"Concurso UFRRJ: resultados dispon\u00edveis. Confira!"}]},{"@type":"WebSite","@id":"https:\/\/www.estrategiaconcursos.com.br\/blog\/#website","url":"https:\/\/www.estrategiaconcursos.com.br\/blog\/","name":"Estrat\u00e9gia Concursos","description":"O blog da Estrat\u00e9gia Concursos traz not\u00edcias sobre concursos e artigos de professores oferecendo cursos para concursos (pdf + videaulas) no site.","publisher":{"@id":"https:\/\/www.estrategiaconcursos.com.br\/blog\/#organization"},"potentialAction":[{"@type":"SearchAction","target":{"@type":"EntryPoint","urlTemplate":"https:\/\/www.estrategiaconcursos.com.br\/blog\/?s={search_term_string}"},"query-input":{"@type":"PropertyValueSpecification","valueRequired":true,"valueName":"search_term_string"}}],"inLanguage":"pt-BR"},{"@type":"Organization","@id":"https:\/\/www.estrategiaconcursos.com.br\/blog\/#organization","name":"Estrat\u00e9gia Concursos","url":"https:\/\/www.estrategiaconcursos.com.br\/blog\/","logo":{"@type":"ImageObject","inLanguage":"pt-BR","@id":"https:\/\/www.estrategiaconcursos.com.br\/blog\/#\/schema\/logo\/image\/","url":"https:\/\/dhg1h5j42swfq.cloudfront.net\/2025\/06\/03203428\/logo_concursos-1.jpg","contentUrl":"https:\/\/dhg1h5j42swfq.cloudfront.net\/2025\/06\/03203428\/logo_concursos-1.jpg","width":230,"height":60,"caption":"Estrat\u00e9gia Concursos"},"image":{"@id":"https:\/\/www.estrategiaconcursos.com.br\/blog\/#\/schema\/logo\/image\/"},"sameAs":["https:\/\/x.com\/EstratConcursos"]},{"@type":"Person","@id":"https:\/\/www.estrategiaconcursos.com.br\/blog\/#\/schema\/person\/b4a388c97673c5f483d72185668afa1f","name":"Coordena\u00e7\u00e3o","image":{"@type":"ImageObject","inLanguage":"pt-BR","@id":"https:\/\/secure.gravatar.com\/avatar\/b720319e4c9a967eb58678d110f4fe35452fc5d5f97b202bac7b8acceb18c6ad?s=96&d=mm&r=g","url":"https:\/\/secure.gravatar.com\/avatar\/b720319e4c9a967eb58678d110f4fe35452fc5d5f97b202bac7b8acceb18c6ad?s=96&d=mm&r=g","contentUrl":"https:\/\/secure.gravatar.com\/avatar\/b720319e4c9a967eb58678d110f4fe35452fc5d5f97b202bac7b8acceb18c6ad?s=96&d=mm&r=g","caption":"Coordena\u00e7\u00e3o"},"sameAs":["https:\/\/www.facebook.com\/EstrategiaConcursos","https:\/\/x.com\/EstratConcursos"],"url":"https:\/\/www.estrategiaconcursos.com.br\/blog\/author\/estrategia2013\/"}]}},"_links":{"self":[{"href":"https:\/\/www.estrategiaconcursos.com.br\/blog\/wp-json\/wp\/v2\/posts\/496519","targetHints":{"allow":["GET"]}}],"collection":[{"href":"https:\/\/www.estrategiaconcursos.com.br\/blog\/wp-json\/wp\/v2\/posts"}],"about":[{"href":"https:\/\/www.estrategiaconcursos.com.br\/blog\/wp-json\/wp\/v2\/types\/post"}],"author":[{"embeddable":true,"href":"https:\/\/www.estrategiaconcursos.com.br\/blog\/wp-json\/wp\/v2\/users\/1"}],"replies":[{"embeddable":true,"href":"https:\/\/www.estrategiaconcursos.com.br\/blog\/wp-json\/wp\/v2\/comments?post=496519"}],"version-history":[{"count":24,"href":"https:\/\/www.estrategiaconcursos.com.br\/blog\/wp-json\/wp\/v2\/posts\/496519\/revisions"}],"predecessor-version":[{"id":1235214,"href":"https:\/\/www.estrategiaconcursos.com.br\/blog\/wp-json\/wp\/v2\/posts\/496519\/revisions\/1235214"}],"wp:featuredmedia":[{"embeddable":true,"href":"https:\/\/www.estrategiaconcursos.com.br\/blog\/wp-json\/wp\/v2\/media\/887339"}],"wp:attachment":[{"href":"https:\/\/www.estrategiaconcursos.com.br\/blog\/wp-json\/wp\/v2\/media?parent=496519"}],"wp:term":[{"taxonomy":"category","embeddable":true,"href":"https:\/\/www.estrategiaconcursos.com.br\/blog\/wp-json\/wp\/v2\/categories?post=496519"},{"taxonomy":"post_tag","embeddable":true,"href":"https:\/\/www.estrategiaconcursos.com.br\/blog\/wp-json\/wp\/v2\/tags?post=496519"},{"taxonomy":"tax_estado","embeddable":true,"href":"https:\/\/www.estrategiaconcursos.com.br\/blog\/wp-json\/wp\/v2\/tax_estado?post=496519"}],"curies":[{"name":"wp","href":"https:\/\/api.w.org\/{rel}","templated":true}]}}