{"id":49631,"date":"2016-09-15T19:11:40","date_gmt":"2016-09-15T22:11:40","guid":{"rendered":"https:\/\/www.estrategiaconcursos.com.br\/blog\/?p=49631"},"modified":"2019-10-09T18:44:47","modified_gmt":"2019-10-09T21:44:47","slug":"nota-de-repudio-ofensas-de-lula-aos-servidores-publicos-concursados","status":"publish","type":"post","link":"https:\/\/www.estrategiaconcursos.com.br\/blog\/nota-de-repudio-ofensas-de-lula-aos-servidores-publicos-concursados\/","title":{"rendered":"NOTA DE REP\u00daDIO &#8211; Ofensas de Lula aos servidores p\u00fablicos concursados"},"content":{"rendered":"<p style=\"text-align: justify;\">O Estrat\u00e9gia Concursos vem a p\u00fablico repudiar veementemente ofensa dirigida aos servidores p\u00fablicos concursados pelo Senhor Luis In\u00e1cio Lula da Silva, denunciado ontem (14\/09\/2016) pelo Minist\u00e9rio P\u00fablico Federal por corrup\u00e7\u00e3o e lavagem de dinheiro.<\/p>\n<p style=\"text-align: justify;\">Palavras do ex-presidente:<\/p>\n<p style=\"text-align: justify;\"><strong>&#8220;A profiss\u00e3o mais honesta \u00e9 a do pol\u00edtico. Sabe por qu\u00ea? Porque todo ano, por mais ladr\u00e3o que ele seja, ele tem que ir pra rua encarar o povo e pedir voto. O concursado, n\u00e3o. Ele se forma numa universidade, faz um concurso e est\u00e1 com o emprego garantido.&#8221;<\/strong><\/p>\n<p style=\"text-align: justify;\">Al\u00e9m\u00a0de denegrir a classe pol\u00edtica como um todo, o ex-presidente ofende profundamente todos os servidores p\u00fablicos concursados. Na escala de valores deste senhor, pol\u00edticos ladr\u00f5es s\u00e3o mais honestos do que servidores p\u00fablicos que se prepararam com afinco em seus estudos para lograr aprova\u00e7\u00e3o em um processo ison\u00f4mico, meritocr\u00e1tico e transparente.<\/p>\n<p style=\"text-align: justify;\">O concurso p\u00fablico \u00e9 um instituto com previs\u00e3o constitucional. A estabilidade \u00e9 uma garantia para que os servidores possam atuar com independ\u00eancia e imparcialidade, sem medo de persegui\u00e7\u00f5es pol\u00edticas.<\/p>\n<p style=\"text-align: justify;\">O concurso \u00e9 uma forma democr\u00e1tica de acesso aos cargos p\u00fablicos, permitindo que pessoas de todas as classes, credos, ra\u00e7as e convic\u00e7\u00f5es pol\u00edticas possam servir ao bem comum.<\/p>\n<p style=\"text-align: justify;\">Temos orgulho de ter em nosso corpo docente servidores concursados dos principais \u00f3rg\u00e3os da Administra\u00e7\u00e3o P\u00fablica. S\u00e3o pessoas que se dedicaram anos na sua prepara\u00e7\u00e3o e lograram \u00eaxito. Al\u00e9m disso, ajudamos\u00a0diariamente na prepara\u00e7\u00e3o de milhares de\u00a0pessoas para os mais diversos concursos p\u00fablicos do pa\u00eds. S\u00e3o alunos\u00a0que sacrificam o seu tempo, lazer e conv\u00edvio com a fam\u00edlia em busca de uma oportunidade de trabalho honesto e em prol da sociedade.<\/p>\n<p style=\"text-align: justify;\">N\u00e3o aceitamos que tentem manchar a imagem de nossos colegas e, principalmente, daqueles que est\u00e3o hoje estudando para ingressar nos quadros efetivos da Administra\u00e7\u00e3o P\u00fablica. A moraliza\u00e7\u00e3o da atividade administrativa do Estado\u00a0depende da atua\u00e7\u00e3o diuturna de servidores p\u00fablicos que possam agir com isen\u00e7\u00e3o e imparcialidade.<\/p>\n<p style=\"text-align: justify;\">O que nos motiva \u00e9 saber que estamos contribuindo para a forma\u00e7\u00e3o de futuros servidores que ajudar\u00e3o a construir um pa\u00eds que preze pelos valores \u00e9ticos e livre da corrup\u00e7\u00e3o.<\/p>\n<p style=\"text-align: justify;\"><strong>Estrat\u00e9gia Concursos<\/strong><\/p>\n<p style=\"text-align: justify;\"><img loading=\"lazy\" decoding=\"async\" class=\"aligncenter size-full wp-image-49649\" src=\"https:\/\/dhg1h5j42swfq.cloudfront.net\/2016\/09\/15192509\/Lula1.png\" alt=\"Lula\" width=\"676\" height=\"420\" srcset=\"https:\/\/dhg1h5j42swfq.cloudfront.net\/2016\/09\/15192509\/Lula1.png 676w, https:\/\/dhg1h5j42swfq.cloudfront.net\/2016\/09\/15192509\/Lula1.png 300w, https:\/\/dhg1h5j42swfq.cloudfront.net\/2016\/09\/15192509\/Lula1.png 483w\" sizes=\"auto, (max-width: 676px) 100vw, 676px\" \/><\/p>\n\n\n<p>Estude para Concursos P\u00fablicos:<\/p>\n\n\n\n<p><strong>Panorama Geral dos Concursos P\u00fablicos<\/strong><\/p>\n\n\n\n<ul class=\"wp-block-list\"><li><a href=\"https:\/\/www.estrategiaconcursos.com.br\/blog\/concursos-abertos\">Concursos Abertos<\/a><\/li><li><a href=\"https:\/\/www.estrategiaconcursos.com.br\/blog\/concursos-2019\/\">Concursos 2019<\/a><\/li><li><a href=\"https:\/\/www.estrategiaconcursos.com.br\/blog\/concursos-2020\/\">Concursos 2020<\/a><\/li><\/ul>\n\n\n\n<p><strong>Concursos p\u00fablicos em Destaque:<\/strong><\/p>\n\n\n\n<ul class=\"wp-block-list\"><li><a href=\"https:\/\/www.estrategiaconcursos.com.br\/blog\/concurso-inss-2\/\">Concurso INSS<\/a><\/li><li><a href=\"https:\/\/www.estrategiaconcursos.com.br\/blog\/concurso-receita-federal\/\">Concurso Receita Federal<\/a><\/li><li><a href=\"https:\/\/www.estrategiaconcursos.com.br\/blog\/concurso-trf-3\/\">Concurso TRF 3<\/a><\/li><li><a href=\"https:\/\/www.estrategiaconcursos.com.br\/blog\/concurso-policia-civil-rj\/\">Concurso PC-RJ<\/a><\/li><li><a href=\"https:\/\/www.estrategiaconcursos.com.br\/blog\/concurso-pcdf\/\">Concurso PCDF<\/a><\/li><li><a href=\"https:\/\/www.estrategiaconcursos.com.br\/blog\/concurso-sefaz-df-auditor\/\">Concurso SEFAZ-DF<\/a><\/li><li><a href=\"https:\/\/www.estrategiaconcursos.com.br\/blog\/concurso-senado-federal\/\">Concurso Senado<\/a><\/li><\/ul>\n\n\n\n<p><strong>Concursos Policiais Federais<\/strong><\/p>\n\n\n\n<ul class=\"wp-block-list\"><li><a href=\"https:\/\/www.estrategiaconcursos.com.br\/blog\/concurso-policia-federal\/\">Concurso Pol\u00edcia Federal<\/a><\/li><li><a href=\"https:\/\/www.estrategiaconcursos.com.br\/blog\/concurso-prf-3\/\">Concurso PRF<\/a><\/li><\/ul>\n\n\n\n<p><strong>Concursos SEFAZ \/ ICMS<\/strong><\/p>\n\n\n\n<ul class=\"wp-block-list\"><li><a href=\"https:\/\/www.estrategiaconcursos.com.br\/blog\/concurso-sefaz-al\/\">Concurso SEFAZ-AL<\/a><\/li><li><a href=\"https:\/\/www.estrategiaconcursos.com.br\/blog\/concurso-sefaz-ba\/\">Concurso SEFAZ-BA<\/a><\/li><li><a href=\"https:\/\/www.estrategiaconcursos.com.br\/blog\/concurso-sefaz-ce\/\">Concurso SEFAZ-CE<\/a><\/li><li><a href=\"https:\/\/www.estrategiaconcursos.com.br\/blog\/concurso-sefaz-df-auditor\/\">Concurso SEFAZ-DF<\/a><\/li><li><a href=\"https:\/\/www.estrategiaconcursos.com.br\/blog\/concurso-sefaz-mt\/\">Concurso SEFAZ-MT<\/a><\/li><li><a href=\"https:\/\/www.estrategiaconcursos.com.br\/blog\/concurso-sefaz-pr\/\">Concurso SEFAZ-PR<\/a><\/li><li><a href=\"https:\/\/www.estrategiaconcursos.com.br\/blog\/concurso-sefaz-rj\/\">Concurso SEFAZ-RJ<\/a><\/li><li><a href=\"https:\/\/www.estrategiaconcursos.com.br\/blog\/concurso-sefaz-rr\/\">Concurso SEFAZ-RR<\/a><\/li><li><a href=\"https:\/\/www.estrategiaconcursos.com.br\/blog\/concurso-sefaz-sp\/\">Concurso SEFAZ-SP<\/a><\/li><li><a href=\"https:\/\/www.estrategiaconcursos.com.br\/blog\/concurso-sefaz-se\/\">Concurso SEFAZ-SE<\/a><\/li><\/ul>\n\n\n\n<p><strong>Concursos p\u00fablicos por \u00c1rea<\/strong><\/p>\n\n\n\n<ul class=\"wp-block-list\"><li><a href=\"https:\/\/www.estrategiaconcursos.com.br\/blog\/concursos-tribunais-2019\/\">Concursos Tribunais 2019<\/a><\/li><li><a href=\"https:\/\/www.estrategiaconcursos.com.br\/blog\/concursos-fiscais-2019\/\">Concursos Fiscais 2019<\/a><\/li><li><a href=\"https:\/\/www.estrategiaconcursos.com.br\/blog\/concursos-de-policia\/\">Concursos Policiais 2019<\/a><\/li><li><a href=\"https:\/\/www.estrategiaconcursos.com.br\/blog\/concursos-de-direito\/\">Concursos Carreiras Jur\u00eddicas 2019<\/a><\/li><\/ul>\n\n\n\n<p><strong>Concursos P\u00fablicos por Regi\u00e3o<\/strong><\/p>\n\n\n\n<ul class=\"wp-block-list\"><li><a href=\"https:\/\/www.estrategiaconcursos.com.br\/blog\/concursos-sudeste\/\">Concursos Sudeste<\/a><\/li><li><a href=\"https:\/\/www.estrategiaconcursos.com.br\/blog\/concursos-nordeste\/\">Concursos Nordeste<\/a><\/li><li><a href=\"https:\/\/www.estrategiaconcursos.com.br\/blog\/concursos-sul\/\">Concursos Sul<\/a><\/li><li><a href=\"https:\/\/www.estrategiaconcursos.com.br\/blog\/concursos-centro-oeste\/\">Concursos Centro-Oeste<\/a><\/li><li><a href=\"https:\/\/www.estrategiaconcursos.com.br\/blog\/concursos-regiao-norte-panorama-completo-para-2019\/\">Concursos Norte<\/a><\/li><\/ul>\n","protected":false},"excerpt":{"rendered":"<p>O Estrat\u00e9gia Concursos vem a p\u00fablico repudiar veementemente ofensa dirigida aos servidores p\u00fablicos concursados pelo Senhor Luis In\u00e1cio Lula da Silva, denunciado ontem (14\/09\/2016) pelo Minist\u00e9rio P\u00fablico Federal por corrup\u00e7\u00e3o e lavagem de dinheiro. Palavras do ex-presidente: &#8220;A profiss\u00e3o mais honesta \u00e9 a do pol\u00edtico. Sabe por qu\u00ea? Porque todo ano, por mais ladr\u00e3o que [&hellip;]<\/p>\n","protected":false},"author":1,"featured_media":49645,"comment_status":"open","ping_status":"open","sticky":false,"template":"","format":"standard","meta":{"post_tipo":"news","footnotes":""},"categories":[1],"tags":[],"tax_estado":[],"class_list":["post-49631","post","type-post","status-publish","format-standard","has-post-thumbnail","hentry","category-cursos-e-concursos"],"acf":[],"yoast_head":"<!-- This site is optimized with the Yoast SEO Premium plugin v27.2 (Yoast SEO v27.2) - https:\/\/yoast.com\/product\/yoast-seo-premium-wordpress\/ -->\n<title>NOTA DE REP\u00daDIO - Ofensas de Lula aos servidores p\u00fablicos concursados<\/title>\n<meta name=\"robots\" content=\"index, follow, max-snippet:-1, max-image-preview:large, max-video-preview:-1\" \/>\n<link rel=\"canonical\" href=\"https:\/\/www.estrategiaconcursos.com.br\/blog\/nota-de-repudio-ofensas-de-lula-aos-servidores-publicos-concursados\/\" \/>\n<meta property=\"og:locale\" content=\"pt_BR\" \/>\n<meta property=\"og:type\" content=\"article\" \/>\n<meta property=\"og:title\" content=\"NOTA DE REP\u00daDIO - Ofensas de Lula aos servidores p\u00fablicos concursados\" \/>\n<meta property=\"og:description\" content=\"O Estrat\u00e9gia Concursos vem a p\u00fablico repudiar veementemente ofensa dirigida aos servidores p\u00fablicos concursados pelo Senhor Luis In\u00e1cio Lula da Silva, denunciado ontem (14\/09\/2016) pelo Minist\u00e9rio P\u00fablico Federal por corrup\u00e7\u00e3o e lavagem de dinheiro. Palavras do ex-presidente: &#8220;A profiss\u00e3o mais honesta \u00e9 a do pol\u00edtico. Sabe por qu\u00ea? Porque todo ano, por mais ladr\u00e3o que [&hellip;]\" \/>\n<meta property=\"og:url\" content=\"https:\/\/www.estrategiaconcursos.com.br\/blog\/nota-de-repudio-ofensas-de-lula-aos-servidores-publicos-concursados\/\" \/>\n<meta property=\"og:site_name\" content=\"Estrat\u00e9gia Concursos\" \/>\n<meta property=\"article:author\" content=\"https:\/\/www.facebook.com\/EstrategiaConcursos\" \/>\n<meta property=\"article:published_time\" content=\"2016-09-15T22:11:40+00:00\" \/>\n<meta property=\"article:modified_time\" content=\"2019-10-09T21:44:47+00:00\" \/>\n<meta property=\"og:image\" content=\"https:\/\/dhg1h5j42swfq.cloudfront.net\/2016\/09\/15191114\/bandeira-brasil.jpg\" \/>\n\t<meta property=\"og:image:width\" content=\"1134\" \/>\n\t<meta property=\"og:image:height\" content=\"794\" \/>\n\t<meta property=\"og:image:type\" content=\"image\/jpeg\" \/>\n<meta name=\"author\" content=\"Coordena\u00e7\u00e3o\" \/>\n<meta name=\"twitter:card\" content=\"summary_large_image\" \/>\n<meta name=\"twitter:creator\" content=\"@EstratConcursos\" \/>\n<meta name=\"twitter:site\" content=\"@EstratConcursos\" \/>\n<meta name=\"twitter:label1\" content=\"Escrito por\" \/>\n\t<meta name=\"twitter:data1\" content=\"Coordena\u00e7\u00e3o\" \/>\n\t<meta name=\"twitter:label2\" content=\"Est. tempo de leitura\" \/>\n\t<meta name=\"twitter:data2\" content=\"2 minutos\" \/>\n<script type=\"application\/ld+json\" class=\"yoast-schema-graph\">{\"@context\":\"https:\/\/schema.org\",\"@graph\":[{\"@type\":\"NewsArticle\",\"@id\":\"https:\/\/www.estrategiaconcursos.com.br\/blog\/nota-de-repudio-ofensas-de-lula-aos-servidores-publicos-concursados\/#article\",\"isPartOf\":{\"@id\":\"https:\/\/www.estrategiaconcursos.com.br\/blog\/nota-de-repudio-ofensas-de-lula-aos-servidores-publicos-concursados\/\"},\"author\":{\"name\":\"Coordena\u00e7\u00e3o\",\"@id\":\"https:\/\/www.estrategiaconcursos.com.br\/blog\/#\/schema\/person\/b4a388c97673c5f483d72185668afa1f\"},\"headline\":\"NOTA DE REP\u00daDIO &#8211; Ofensas de Lula aos servidores p\u00fablicos concursados\",\"datePublished\":\"2016-09-15T22:11:40+00:00\",\"dateModified\":\"2019-10-09T21:44:47+00:00\",\"mainEntityOfPage\":{\"@id\":\"https:\/\/www.estrategiaconcursos.com.br\/blog\/nota-de-repudio-ofensas-de-lula-aos-servidores-publicos-concursados\/\"},\"wordCount\":505,\"commentCount\":457,\"publisher\":{\"@id\":\"https:\/\/www.estrategiaconcursos.com.br\/blog\/#organization\"},\"image\":{\"@id\":\"https:\/\/www.estrategiaconcursos.com.br\/blog\/nota-de-repudio-ofensas-de-lula-aos-servidores-publicos-concursados\/#primaryimage\"},\"thumbnailUrl\":\"https:\/\/dhg1h5j42swfq.cloudfront.net\/2016\/09\/15191114\/bandeira-brasil.jpg\",\"articleSection\":[\"Concursos P\u00fablicos\"],\"inLanguage\":\"pt-BR\",\"potentialAction\":[{\"@type\":\"CommentAction\",\"name\":\"Comment\",\"target\":[\"https:\/\/www.estrategiaconcursos.com.br\/blog\/nota-de-repudio-ofensas-de-lula-aos-servidores-publicos-concursados\/#respond\"]}],\"copyrightYear\":\"2016\",\"copyrightHolder\":{\"@id\":\"https:\/\/www.estrategiaconcursos.com.br\/blog\/#organization\"}},{\"@type\":\"WebPage\",\"@id\":\"https:\/\/www.estrategiaconcursos.com.br\/blog\/nota-de-repudio-ofensas-de-lula-aos-servidores-publicos-concursados\/\",\"url\":\"https:\/\/www.estrategiaconcursos.com.br\/blog\/nota-de-repudio-ofensas-de-lula-aos-servidores-publicos-concursados\/\",\"name\":\"NOTA DE REP\u00daDIO - Ofensas de Lula aos servidores p\u00fablicos concursados\",\"isPartOf\":{\"@id\":\"https:\/\/www.estrategiaconcursos.com.br\/blog\/#website\"},\"primaryImageOfPage\":{\"@id\":\"https:\/\/www.estrategiaconcursos.com.br\/blog\/nota-de-repudio-ofensas-de-lula-aos-servidores-publicos-concursados\/#primaryimage\"},\"image\":{\"@id\":\"https:\/\/www.estrategiaconcursos.com.br\/blog\/nota-de-repudio-ofensas-de-lula-aos-servidores-publicos-concursados\/#primaryimage\"},\"thumbnailUrl\":\"https:\/\/dhg1h5j42swfq.cloudfront.net\/2016\/09\/15191114\/bandeira-brasil.jpg\",\"datePublished\":\"2016-09-15T22:11:40+00:00\",\"dateModified\":\"2019-10-09T21:44:47+00:00\",\"breadcrumb\":{\"@id\":\"https:\/\/www.estrategiaconcursos.com.br\/blog\/nota-de-repudio-ofensas-de-lula-aos-servidores-publicos-concursados\/#breadcrumb\"},\"inLanguage\":\"pt-BR\",\"potentialAction\":[{\"@type\":\"ReadAction\",\"target\":[\"https:\/\/www.estrategiaconcursos.com.br\/blog\/nota-de-repudio-ofensas-de-lula-aos-servidores-publicos-concursados\/\"]}]},{\"@type\":\"ImageObject\",\"inLanguage\":\"pt-BR\",\"@id\":\"https:\/\/www.estrategiaconcursos.com.br\/blog\/nota-de-repudio-ofensas-de-lula-aos-servidores-publicos-concursados\/#primaryimage\",\"url\":\"https:\/\/dhg1h5j42swfq.cloudfront.net\/2016\/09\/15191114\/bandeira-brasil.jpg\",\"contentUrl\":\"https:\/\/dhg1h5j42swfq.cloudfront.net\/2016\/09\/15191114\/bandeira-brasil.jpg\",\"width\":1134,\"height\":794},{\"@type\":\"BreadcrumbList\",\"@id\":\"https:\/\/www.estrategiaconcursos.com.br\/blog\/nota-de-repudio-ofensas-de-lula-aos-servidores-publicos-concursados\/#breadcrumb\",\"itemListElement\":[{\"@type\":\"ListItem\",\"position\":1,\"name\":\"In\u00edcio\",\"item\":\"https:\/\/www.estrategiaconcursos.com.br\/blog\/\"},{\"@type\":\"ListItem\",\"position\":2,\"name\":\"NOTA DE REP\u00daDIO &#8211; Ofensas de Lula aos servidores p\u00fablicos concursados\"}]},{\"@type\":\"WebSite\",\"@id\":\"https:\/\/www.estrategiaconcursos.com.br\/blog\/#website\",\"url\":\"https:\/\/www.estrategiaconcursos.com.br\/blog\/\",\"name\":\"Estrat\u00e9gia Concursos\",\"description\":\"O blog da Estrat\u00e9gia Concursos traz not\u00edcias sobre concursos e artigos de professores oferecendo cursos para concursos (pdf + videaulas) no site.\",\"publisher\":{\"@id\":\"https:\/\/www.estrategiaconcursos.com.br\/blog\/#organization\"},\"potentialAction\":[{\"@type\":\"SearchAction\",\"target\":{\"@type\":\"EntryPoint\",\"urlTemplate\":\"https:\/\/www.estrategiaconcursos.com.br\/blog\/?s={search_term_string}\"},\"query-input\":{\"@type\":\"PropertyValueSpecification\",\"valueRequired\":true,\"valueName\":\"search_term_string\"}}],\"inLanguage\":\"pt-BR\"},{\"@type\":\"Organization\",\"@id\":\"https:\/\/www.estrategiaconcursos.com.br\/blog\/#organization\",\"name\":\"Estrat\u00e9gia Concursos\",\"url\":\"https:\/\/www.estrategiaconcursos.com.br\/blog\/\",\"logo\":{\"@type\":\"ImageObject\",\"inLanguage\":\"pt-BR\",\"@id\":\"https:\/\/www.estrategiaconcursos.com.br\/blog\/#\/schema\/logo\/image\/\",\"url\":\"https:\/\/dhg1h5j42swfq.cloudfront.net\/2025\/06\/03203428\/logo_concursos-1.jpg\",\"contentUrl\":\"https:\/\/dhg1h5j42swfq.cloudfront.net\/2025\/06\/03203428\/logo_concursos-1.jpg\",\"width\":230,\"height\":60,\"caption\":\"Estrat\u00e9gia Concursos\"},\"image\":{\"@id\":\"https:\/\/www.estrategiaconcursos.com.br\/blog\/#\/schema\/logo\/image\/\"},\"sameAs\":[\"https:\/\/x.com\/EstratConcursos\"]},{\"@type\":\"Person\",\"@id\":\"https:\/\/www.estrategiaconcursos.com.br\/blog\/#\/schema\/person\/b4a388c97673c5f483d72185668afa1f\",\"name\":\"Coordena\u00e7\u00e3o\",\"image\":{\"@type\":\"ImageObject\",\"inLanguage\":\"pt-BR\",\"@id\":\"https:\/\/secure.gravatar.com\/avatar\/b720319e4c9a967eb58678d110f4fe35452fc5d5f97b202bac7b8acceb18c6ad?s=96&d=mm&r=g\",\"url\":\"https:\/\/secure.gravatar.com\/avatar\/b720319e4c9a967eb58678d110f4fe35452fc5d5f97b202bac7b8acceb18c6ad?s=96&d=mm&r=g\",\"contentUrl\":\"https:\/\/secure.gravatar.com\/avatar\/b720319e4c9a967eb58678d110f4fe35452fc5d5f97b202bac7b8acceb18c6ad?s=96&d=mm&r=g\",\"caption\":\"Coordena\u00e7\u00e3o\"},\"sameAs\":[\"https:\/\/www.facebook.com\/EstrategiaConcursos\",\"https:\/\/x.com\/EstratConcursos\"],\"url\":\"https:\/\/www.estrategiaconcursos.com.br\/blog\/author\/estrategia2013\/\"}]}<\/script>\n<!-- \/ Yoast SEO Premium plugin. -->","yoast_head_json":{"title":"NOTA DE REP\u00daDIO - Ofensas de Lula aos servidores p\u00fablicos concursados","robots":{"index":"index","follow":"follow","max-snippet":"max-snippet:-1","max-image-preview":"max-image-preview:large","max-video-preview":"max-video-preview:-1"},"canonical":"https:\/\/www.estrategiaconcursos.com.br\/blog\/nota-de-repudio-ofensas-de-lula-aos-servidores-publicos-concursados\/","og_locale":"pt_BR","og_type":"article","og_title":"NOTA DE REP\u00daDIO - Ofensas de Lula aos servidores p\u00fablicos concursados","og_description":"O Estrat\u00e9gia Concursos vem a p\u00fablico repudiar veementemente ofensa dirigida aos servidores p\u00fablicos concursados pelo Senhor Luis In\u00e1cio Lula da Silva, denunciado ontem (14\/09\/2016) pelo Minist\u00e9rio P\u00fablico Federal por corrup\u00e7\u00e3o e lavagem de dinheiro. Palavras do ex-presidente: &#8220;A profiss\u00e3o mais honesta \u00e9 a do pol\u00edtico. Sabe por qu\u00ea? Porque todo ano, por mais ladr\u00e3o que [&hellip;]","og_url":"https:\/\/www.estrategiaconcursos.com.br\/blog\/nota-de-repudio-ofensas-de-lula-aos-servidores-publicos-concursados\/","og_site_name":"Estrat\u00e9gia Concursos","article_author":"https:\/\/www.facebook.com\/EstrategiaConcursos","article_published_time":"2016-09-15T22:11:40+00:00","article_modified_time":"2019-10-09T21:44:47+00:00","og_image":[{"width":1134,"height":794,"url":"https:\/\/dhg1h5j42swfq.cloudfront.net\/2016\/09\/15191114\/bandeira-brasil.jpg","type":"image\/jpeg"}],"author":"Coordena\u00e7\u00e3o","twitter_card":"summary_large_image","twitter_creator":"@EstratConcursos","twitter_site":"@EstratConcursos","twitter_misc":{"Escrito por":"Coordena\u00e7\u00e3o","Est. tempo de leitura":"2 minutos"},"schema":{"@context":"https:\/\/schema.org","@graph":[{"@type":"NewsArticle","@id":"https:\/\/www.estrategiaconcursos.com.br\/blog\/nota-de-repudio-ofensas-de-lula-aos-servidores-publicos-concursados\/#article","isPartOf":{"@id":"https:\/\/www.estrategiaconcursos.com.br\/blog\/nota-de-repudio-ofensas-de-lula-aos-servidores-publicos-concursados\/"},"author":{"name":"Coordena\u00e7\u00e3o","@id":"https:\/\/www.estrategiaconcursos.com.br\/blog\/#\/schema\/person\/b4a388c97673c5f483d72185668afa1f"},"headline":"NOTA DE REP\u00daDIO &#8211; Ofensas de Lula aos servidores p\u00fablicos concursados","datePublished":"2016-09-15T22:11:40+00:00","dateModified":"2019-10-09T21:44:47+00:00","mainEntityOfPage":{"@id":"https:\/\/www.estrategiaconcursos.com.br\/blog\/nota-de-repudio-ofensas-de-lula-aos-servidores-publicos-concursados\/"},"wordCount":505,"commentCount":457,"publisher":{"@id":"https:\/\/www.estrategiaconcursos.com.br\/blog\/#organization"},"image":{"@id":"https:\/\/www.estrategiaconcursos.com.br\/blog\/nota-de-repudio-ofensas-de-lula-aos-servidores-publicos-concursados\/#primaryimage"},"thumbnailUrl":"https:\/\/dhg1h5j42swfq.cloudfront.net\/2016\/09\/15191114\/bandeira-brasil.jpg","articleSection":["Concursos P\u00fablicos"],"inLanguage":"pt-BR","potentialAction":[{"@type":"CommentAction","name":"Comment","target":["https:\/\/www.estrategiaconcursos.com.br\/blog\/nota-de-repudio-ofensas-de-lula-aos-servidores-publicos-concursados\/#respond"]}],"copyrightYear":"2016","copyrightHolder":{"@id":"https:\/\/www.estrategiaconcursos.com.br\/blog\/#organization"}},{"@type":"WebPage","@id":"https:\/\/www.estrategiaconcursos.com.br\/blog\/nota-de-repudio-ofensas-de-lula-aos-servidores-publicos-concursados\/","url":"https:\/\/www.estrategiaconcursos.com.br\/blog\/nota-de-repudio-ofensas-de-lula-aos-servidores-publicos-concursados\/","name":"NOTA DE REP\u00daDIO - Ofensas de Lula aos servidores p\u00fablicos concursados","isPartOf":{"@id":"https:\/\/www.estrategiaconcursos.com.br\/blog\/#website"},"primaryImageOfPage":{"@id":"https:\/\/www.estrategiaconcursos.com.br\/blog\/nota-de-repudio-ofensas-de-lula-aos-servidores-publicos-concursados\/#primaryimage"},"image":{"@id":"https:\/\/www.estrategiaconcursos.com.br\/blog\/nota-de-repudio-ofensas-de-lula-aos-servidores-publicos-concursados\/#primaryimage"},"thumbnailUrl":"https:\/\/dhg1h5j42swfq.cloudfront.net\/2016\/09\/15191114\/bandeira-brasil.jpg","datePublished":"2016-09-15T22:11:40+00:00","dateModified":"2019-10-09T21:44:47+00:00","breadcrumb":{"@id":"https:\/\/www.estrategiaconcursos.com.br\/blog\/nota-de-repudio-ofensas-de-lula-aos-servidores-publicos-concursados\/#breadcrumb"},"inLanguage":"pt-BR","potentialAction":[{"@type":"ReadAction","target":["https:\/\/www.estrategiaconcursos.com.br\/blog\/nota-de-repudio-ofensas-de-lula-aos-servidores-publicos-concursados\/"]}]},{"@type":"ImageObject","inLanguage":"pt-BR","@id":"https:\/\/www.estrategiaconcursos.com.br\/blog\/nota-de-repudio-ofensas-de-lula-aos-servidores-publicos-concursados\/#primaryimage","url":"https:\/\/dhg1h5j42swfq.cloudfront.net\/2016\/09\/15191114\/bandeira-brasil.jpg","contentUrl":"https:\/\/dhg1h5j42swfq.cloudfront.net\/2016\/09\/15191114\/bandeira-brasil.jpg","width":1134,"height":794},{"@type":"BreadcrumbList","@id":"https:\/\/www.estrategiaconcursos.com.br\/blog\/nota-de-repudio-ofensas-de-lula-aos-servidores-publicos-concursados\/#breadcrumb","itemListElement":[{"@type":"ListItem","position":1,"name":"In\u00edcio","item":"https:\/\/www.estrategiaconcursos.com.br\/blog\/"},{"@type":"ListItem","position":2,"name":"NOTA DE REP\u00daDIO &#8211; Ofensas de Lula aos servidores p\u00fablicos concursados"}]},{"@type":"WebSite","@id":"https:\/\/www.estrategiaconcursos.com.br\/blog\/#website","url":"https:\/\/www.estrategiaconcursos.com.br\/blog\/","name":"Estrat\u00e9gia Concursos","description":"O blog da Estrat\u00e9gia Concursos traz not\u00edcias sobre concursos e artigos de professores oferecendo cursos para concursos (pdf + videaulas) no site.","publisher":{"@id":"https:\/\/www.estrategiaconcursos.com.br\/blog\/#organization"},"potentialAction":[{"@type":"SearchAction","target":{"@type":"EntryPoint","urlTemplate":"https:\/\/www.estrategiaconcursos.com.br\/blog\/?s={search_term_string}"},"query-input":{"@type":"PropertyValueSpecification","valueRequired":true,"valueName":"search_term_string"}}],"inLanguage":"pt-BR"},{"@type":"Organization","@id":"https:\/\/www.estrategiaconcursos.com.br\/blog\/#organization","name":"Estrat\u00e9gia Concursos","url":"https:\/\/www.estrategiaconcursos.com.br\/blog\/","logo":{"@type":"ImageObject","inLanguage":"pt-BR","@id":"https:\/\/www.estrategiaconcursos.com.br\/blog\/#\/schema\/logo\/image\/","url":"https:\/\/dhg1h5j42swfq.cloudfront.net\/2025\/06\/03203428\/logo_concursos-1.jpg","contentUrl":"https:\/\/dhg1h5j42swfq.cloudfront.net\/2025\/06\/03203428\/logo_concursos-1.jpg","width":230,"height":60,"caption":"Estrat\u00e9gia Concursos"},"image":{"@id":"https:\/\/www.estrategiaconcursos.com.br\/blog\/#\/schema\/logo\/image\/"},"sameAs":["https:\/\/x.com\/EstratConcursos"]},{"@type":"Person","@id":"https:\/\/www.estrategiaconcursos.com.br\/blog\/#\/schema\/person\/b4a388c97673c5f483d72185668afa1f","name":"Coordena\u00e7\u00e3o","image":{"@type":"ImageObject","inLanguage":"pt-BR","@id":"https:\/\/secure.gravatar.com\/avatar\/b720319e4c9a967eb58678d110f4fe35452fc5d5f97b202bac7b8acceb18c6ad?s=96&d=mm&r=g","url":"https:\/\/secure.gravatar.com\/avatar\/b720319e4c9a967eb58678d110f4fe35452fc5d5f97b202bac7b8acceb18c6ad?s=96&d=mm&r=g","contentUrl":"https:\/\/secure.gravatar.com\/avatar\/b720319e4c9a967eb58678d110f4fe35452fc5d5f97b202bac7b8acceb18c6ad?s=96&d=mm&r=g","caption":"Coordena\u00e7\u00e3o"},"sameAs":["https:\/\/www.facebook.com\/EstrategiaConcursos","https:\/\/x.com\/EstratConcursos"],"url":"https:\/\/www.estrategiaconcursos.com.br\/blog\/author\/estrategia2013\/"}]}},"_links":{"self":[{"href":"https:\/\/www.estrategiaconcursos.com.br\/blog\/wp-json\/wp\/v2\/posts\/49631","targetHints":{"allow":["GET"]}}],"collection":[{"href":"https:\/\/www.estrategiaconcursos.com.br\/blog\/wp-json\/wp\/v2\/posts"}],"about":[{"href":"https:\/\/www.estrategiaconcursos.com.br\/blog\/wp-json\/wp\/v2\/types\/post"}],"author":[{"embeddable":true,"href":"https:\/\/www.estrategiaconcursos.com.br\/blog\/wp-json\/wp\/v2\/users\/1"}],"replies":[{"embeddable":true,"href":"https:\/\/www.estrategiaconcursos.com.br\/blog\/wp-json\/wp\/v2\/comments?post=49631"}],"version-history":[{"count":5,"href":"https:\/\/www.estrategiaconcursos.com.br\/blog\/wp-json\/wp\/v2\/posts\/49631\/revisions"}],"predecessor-version":[{"id":432429,"href":"https:\/\/www.estrategiaconcursos.com.br\/blog\/wp-json\/wp\/v2\/posts\/49631\/revisions\/432429"}],"wp:featuredmedia":[{"embeddable":true,"href":"https:\/\/www.estrategiaconcursos.com.br\/blog\/wp-json\/wp\/v2\/media\/49645"}],"wp:attachment":[{"href":"https:\/\/www.estrategiaconcursos.com.br\/blog\/wp-json\/wp\/v2\/media?parent=49631"}],"wp:term":[{"taxonomy":"category","embeddable":true,"href":"https:\/\/www.estrategiaconcursos.com.br\/blog\/wp-json\/wp\/v2\/categories?post=49631"},{"taxonomy":"post_tag","embeddable":true,"href":"https:\/\/www.estrategiaconcursos.com.br\/blog\/wp-json\/wp\/v2\/tags?post=49631"},{"taxonomy":"tax_estado","embeddable":true,"href":"https:\/\/www.estrategiaconcursos.com.br\/blog\/wp-json\/wp\/v2\/tax_estado?post=49631"}],"curies":[{"name":"wp","href":"https:\/\/api.w.org\/{rel}","templated":true}]}}