{"id":496176,"date":"2020-03-29T17:20:00","date_gmt":"2020-03-29T20:20:00","guid":{"rendered":"https:\/\/www.estrategiaconcursos.com.br\/blog\/?p=496176"},"modified":"2023-08-09T16:44:23","modified_gmt":"2023-08-09T19:44:23","slug":"oab-coronavirus-e-o-impacto-nas-relacoes-de-trabalho","status":"publish","type":"post","link":"https:\/\/www.estrategiaconcursos.com.br\/blog\/oab-coronavirus-e-o-impacto-nas-relacoes-de-trabalho\/","title":{"rendered":"OAB: coronav\u00edrus e o impacto nas rela\u00e7\u00f5es de trabalho"},"content":{"rendered":"\n<p>O coronav\u00edrus fez com que o mundo entrasse em quarentena e muitas empresas pararam suas atividades ou aderiram ao home office. Mas, \u00e9 importante ressaltar que algumas empresas j\u00e1 demitiram funcion\u00e1rios com medo da crise econ\u00f4mica que o Brasil pode entrar.<\/p>\n\n\n\n<p>Agora as rela\u00e7\u00f5es de trabalho mudaram, o empregado que necessita da tecnologia para trabalhar consegue fazer de casa, mas o trabalhador bra\u00e7al n\u00e3o e \u00e9 a\u00ed que o coronav\u00edrus impacta, pois este empregado n\u00e3o ter\u00e1 seu emprego afetado. <\/p>\n\n\n\n<p>Pensando nisso, a professora Priscila Ferreira, ir\u00e1 ministrar uma aula completa sobre como o coronav\u00edrus impacta as rela\u00e7\u00f5es de trabalho e quais as causas e consequ\u00eancias. <\/p>\n\n\n\n<p>O evento acontece neste domingo, 29 de mar\u00e7o de 2020, \u00e0s 19:00. Acompanhe ao vivo e gratuitamente atrav\u00e9s do canal do Estrat\u00e9gia Concursos no Youtube. <\/p>\n\n\n\n<h2 class=\"wp-block-heading has-text-align-center\" id=\"h-cursos-para-o-exame-de-ordem\">Cursos para o Exame de Ordem<\/h2>\n\n\n\n<p class=\"has-text-align-center has-luminous-vivid-amber-background-color has-background has-medium-font-size\"><strong><a rel=\"noreferrer noopener\" href=\"https:\/\/www.estrategiaconcursos.com.br\/cursosPorConcurso\/exame-de-ordem-oab-1-fase\/\" target=\"_blank\">Curso OAB 1.\u00aa Fase<\/a><\/strong><\/p>\n\n\n\n<p class=\"has-text-align-center has-light-green-cyan-background-color has-background has-medium-font-size\"><strong><a rel=\"noreferrer noopener\" href=\"https:\/\/www.estrategiaconcursos.com.br\/cursosPorConcurso\/oab-2-fase-192\/\" target=\"_blank\">Curso OAB 2.\u00aa Fase<\/a><\/strong><\/p>\n\n\n\n<h2 class=\"wp-block-heading has-text-align-center\" id=\"h-nossas-redes-sociais\">Nossas redes sociais<\/h2>\n\n\n\n<p class=\"has-text-align-center has-pale-cyan-blue-background-color has-background has-medium-font-size\"><a rel=\"noreferrer noopener\" href=\"https:\/\/www.instagram.com\/estrategiaoab\/\" target=\"_blank\"><strong>Instagram Estrat\u00e9gia OAB<\/strong><\/a><\/p>\n\n\n\n<p class=\"has-text-align-center has-pale-cyan-blue-background-color has-background has-medium-font-size\"><a rel=\"noreferrer noopener\" href=\"https:\/\/www.youtube.com\/channel\/UC7rgrKTSF5aOrBGWOw60ovw\" target=\"_blank\"><strong>YouTube do Estrat\u00e9gia OAB<\/strong><\/a><\/p>\n\n\n\n<h2 class=\"wp-block-heading has-text-align-center\" id=\"h-grupo-de-telegram-para-a-oab\">Grupo de Telegram para a OAB<\/h2>\n\n\n\n<p class=\"has-text-align-center has-very-light-gray-background-color has-background has-medium-font-size\"><a href=\"http:\/\/bit.ly\/TelegramOAB\"><strong>Inscreva-se no nosso grupo do Telegram<\/strong><\/a><\/p>\n","protected":false},"excerpt":{"rendered":"<p>O coronav\u00edrus fez com que o mundo entrasse em quarentena e muitas empresas pararam suas atividades ou aderiram ao home office. Mas, \u00e9 importante ressaltar que algumas empresas j\u00e1 demitiram funcion\u00e1rios com medo da crise econ\u00f4mica que o Brasil pode entrar. Agora as rela\u00e7\u00f5es de trabalho mudaram, o empregado que necessita da tecnologia para trabalhar [&hellip;]<\/p>\n","protected":false},"author":545,"featured_media":174976,"comment_status":"open","ping_status":"closed","sticky":false,"template":"","format":"standard","meta":{"post_tipo":"article","footnotes":""},"categories":[1],"tags":[],"tax_estado":[],"class_list":["post-496176","post","type-post","status-publish","format-standard","has-post-thumbnail","hentry","category-cursos-e-concursos"],"acf":[],"yoast_head":"<!-- This site is optimized with the Yoast SEO Premium plugin v27.2 (Yoast SEO v27.2) - https:\/\/yoast.com\/product\/yoast-seo-premium-wordpress\/ -->\n<title>OAB: coronav\u00edrus e o impacto nas rela\u00e7\u00f5es de trabalho<\/title>\n<meta name=\"robots\" content=\"index, follow, max-snippet:-1, max-image-preview:large, max-video-preview:-1\" \/>\n<link rel=\"canonical\" href=\"https:\/\/www.estrategiaconcursos.com.br\/blog\/oab-coronavirus-e-o-impacto-nas-relacoes-de-trabalho\/\" \/>\n<meta property=\"og:locale\" content=\"pt_BR\" \/>\n<meta property=\"og:type\" content=\"article\" \/>\n<meta property=\"og:title\" content=\"OAB: coronav\u00edrus e o impacto nas rela\u00e7\u00f5es de trabalho\" \/>\n<meta property=\"og:description\" content=\"O coronav\u00edrus fez com que o mundo entrasse em quarentena e muitas empresas pararam suas atividades ou aderiram ao home office. Mas, \u00e9 importante ressaltar que algumas empresas j\u00e1 demitiram funcion\u00e1rios com medo da crise econ\u00f4mica que o Brasil pode entrar. Agora as rela\u00e7\u00f5es de trabalho mudaram, o empregado que necessita da tecnologia para trabalhar [&hellip;]\" \/>\n<meta property=\"og:url\" content=\"https:\/\/www.estrategiaconcursos.com.br\/blog\/oab-coronavirus-e-o-impacto-nas-relacoes-de-trabalho\/\" \/>\n<meta property=\"og:site_name\" content=\"Estrat\u00e9gia Concursos\" \/>\n<meta property=\"article:published_time\" content=\"2020-03-29T20:20:00+00:00\" \/>\n<meta property=\"article:modified_time\" content=\"2023-08-09T19:44:23+00:00\" \/>\n<meta property=\"og:image\" content=\"https:\/\/dhg1h5j42swfq.cloudfront.net\/2019\/03\/29122403\/OAB.jpg\" \/>\n\t<meta property=\"og:image:width\" content=\"997\" \/>\n\t<meta property=\"og:image:height\" content=\"997\" \/>\n\t<meta property=\"og:image:type\" content=\"image\/jpeg\" \/>\n<meta name=\"author\" content=\"Priscila Ferreira\" \/>\n<meta name=\"twitter:card\" content=\"summary_large_image\" \/>\n<meta name=\"twitter:creator\" content=\"@EstratConcursos\" \/>\n<meta name=\"twitter:site\" content=\"@EstratConcursos\" \/>\n<meta name=\"twitter:label1\" content=\"Escrito por\" \/>\n\t<meta name=\"twitter:data1\" content=\"Priscila Ferreira\" \/>\n\t<meta name=\"twitter:label2\" content=\"Est. tempo de leitura\" \/>\n\t<meta name=\"twitter:data2\" content=\"1 minuto\" \/>\n<script type=\"application\/ld+json\" class=\"yoast-schema-graph\">{\"@context\":\"https:\/\/schema.org\",\"@graph\":[{\"@type\":\"NewsArticle\",\"@id\":\"https:\/\/www.estrategiaconcursos.com.br\/blog\/oab-coronavirus-e-o-impacto-nas-relacoes-de-trabalho\/#article\",\"isPartOf\":{\"@id\":\"https:\/\/www.estrategiaconcursos.com.br\/blog\/oab-coronavirus-e-o-impacto-nas-relacoes-de-trabalho\/\"},\"author\":{\"name\":\"Priscila Ferreira\",\"@id\":\"https:\/\/www.estrategiaconcursos.com.br\/blog\/#\/schema\/person\/75dcd757b9d160f278f7513e9964e3b8\"},\"headline\":\"OAB: coronav\u00edrus e o impacto nas rela\u00e7\u00f5es de trabalho\",\"datePublished\":\"2020-03-29T20:20:00+00:00\",\"dateModified\":\"2023-08-09T19:44:23+00:00\",\"mainEntityOfPage\":{\"@id\":\"https:\/\/www.estrategiaconcursos.com.br\/blog\/oab-coronavirus-e-o-impacto-nas-relacoes-de-trabalho\/\"},\"wordCount\":186,\"commentCount\":0,\"publisher\":{\"@id\":\"https:\/\/www.estrategiaconcursos.com.br\/blog\/#organization\"},\"image\":{\"@id\":\"https:\/\/www.estrategiaconcursos.com.br\/blog\/oab-coronavirus-e-o-impacto-nas-relacoes-de-trabalho\/#primaryimage\"},\"thumbnailUrl\":\"https:\/\/dhg1h5j42swfq.cloudfront.net\/2019\/03\/29122403\/OAB.jpg\",\"articleSection\":[\"Concursos P\u00fablicos\"],\"inLanguage\":\"pt-BR\",\"potentialAction\":[{\"@type\":\"CommentAction\",\"name\":\"Comment\",\"target\":[\"https:\/\/www.estrategiaconcursos.com.br\/blog\/oab-coronavirus-e-o-impacto-nas-relacoes-de-trabalho\/#respond\"]}],\"copyrightYear\":\"2020\",\"copyrightHolder\":{\"@id\":\"https:\/\/www.estrategiaconcursos.com.br\/blog\/#organization\"}},{\"@type\":\"WebPage\",\"@id\":\"https:\/\/www.estrategiaconcursos.com.br\/blog\/oab-coronavirus-e-o-impacto-nas-relacoes-de-trabalho\/\",\"url\":\"https:\/\/www.estrategiaconcursos.com.br\/blog\/oab-coronavirus-e-o-impacto-nas-relacoes-de-trabalho\/\",\"name\":\"OAB: coronav\u00edrus e o impacto nas rela\u00e7\u00f5es de trabalho\",\"isPartOf\":{\"@id\":\"https:\/\/www.estrategiaconcursos.com.br\/blog\/#website\"},\"primaryImageOfPage\":{\"@id\":\"https:\/\/www.estrategiaconcursos.com.br\/blog\/oab-coronavirus-e-o-impacto-nas-relacoes-de-trabalho\/#primaryimage\"},\"image\":{\"@id\":\"https:\/\/www.estrategiaconcursos.com.br\/blog\/oab-coronavirus-e-o-impacto-nas-relacoes-de-trabalho\/#primaryimage\"},\"thumbnailUrl\":\"https:\/\/dhg1h5j42swfq.cloudfront.net\/2019\/03\/29122403\/OAB.jpg\",\"datePublished\":\"2020-03-29T20:20:00+00:00\",\"dateModified\":\"2023-08-09T19:44:23+00:00\",\"breadcrumb\":{\"@id\":\"https:\/\/www.estrategiaconcursos.com.br\/blog\/oab-coronavirus-e-o-impacto-nas-relacoes-de-trabalho\/#breadcrumb\"},\"inLanguage\":\"pt-BR\",\"potentialAction\":[{\"@type\":\"ReadAction\",\"target\":[\"https:\/\/www.estrategiaconcursos.com.br\/blog\/oab-coronavirus-e-o-impacto-nas-relacoes-de-trabalho\/\"]}]},{\"@type\":\"ImageObject\",\"inLanguage\":\"pt-BR\",\"@id\":\"https:\/\/www.estrategiaconcursos.com.br\/blog\/oab-coronavirus-e-o-impacto-nas-relacoes-de-trabalho\/#primaryimage\",\"url\":\"https:\/\/dhg1h5j42swfq.cloudfront.net\/2019\/03\/29122403\/OAB.jpg\",\"contentUrl\":\"https:\/\/dhg1h5j42swfq.cloudfront.net\/2019\/03\/29122403\/OAB.jpg\",\"width\":997,\"height\":997,\"caption\":\"semana especial oab\"},{\"@type\":\"BreadcrumbList\",\"@id\":\"https:\/\/www.estrategiaconcursos.com.br\/blog\/oab-coronavirus-e-o-impacto-nas-relacoes-de-trabalho\/#breadcrumb\",\"itemListElement\":[{\"@type\":\"ListItem\",\"position\":1,\"name\":\"In\u00edcio\",\"item\":\"https:\/\/www.estrategiaconcursos.com.br\/blog\/\"},{\"@type\":\"ListItem\",\"position\":2,\"name\":\"OAB: coronav\u00edrus e o impacto nas rela\u00e7\u00f5es de trabalho\"}]},{\"@type\":\"WebSite\",\"@id\":\"https:\/\/www.estrategiaconcursos.com.br\/blog\/#website\",\"url\":\"https:\/\/www.estrategiaconcursos.com.br\/blog\/\",\"name\":\"Estrat\u00e9gia Concursos\",\"description\":\"O blog da Estrat\u00e9gia Concursos traz not\u00edcias sobre concursos e artigos de professores oferecendo cursos para concursos (pdf + videaulas) no site.\",\"publisher\":{\"@id\":\"https:\/\/www.estrategiaconcursos.com.br\/blog\/#organization\"},\"potentialAction\":[{\"@type\":\"SearchAction\",\"target\":{\"@type\":\"EntryPoint\",\"urlTemplate\":\"https:\/\/www.estrategiaconcursos.com.br\/blog\/?s={search_term_string}\"},\"query-input\":{\"@type\":\"PropertyValueSpecification\",\"valueRequired\":true,\"valueName\":\"search_term_string\"}}],\"inLanguage\":\"pt-BR\"},{\"@type\":\"Organization\",\"@id\":\"https:\/\/www.estrategiaconcursos.com.br\/blog\/#organization\",\"name\":\"Estrat\u00e9gia Concursos\",\"url\":\"https:\/\/www.estrategiaconcursos.com.br\/blog\/\",\"logo\":{\"@type\":\"ImageObject\",\"inLanguage\":\"pt-BR\",\"@id\":\"https:\/\/www.estrategiaconcursos.com.br\/blog\/#\/schema\/logo\/image\/\",\"url\":\"https:\/\/dhg1h5j42swfq.cloudfront.net\/2025\/06\/03203428\/logo_concursos-1.jpg\",\"contentUrl\":\"https:\/\/dhg1h5j42swfq.cloudfront.net\/2025\/06\/03203428\/logo_concursos-1.jpg\",\"width\":230,\"height\":60,\"caption\":\"Estrat\u00e9gia Concursos\"},\"image\":{\"@id\":\"https:\/\/www.estrategiaconcursos.com.br\/blog\/#\/schema\/logo\/image\/\"},\"sameAs\":[\"https:\/\/x.com\/EstratConcursos\"]},{\"@type\":\"Person\",\"@id\":\"https:\/\/www.estrategiaconcursos.com.br\/blog\/#\/schema\/person\/75dcd757b9d160f278f7513e9964e3b8\",\"name\":\"Priscila Ferreira\",\"image\":{\"@type\":\"ImageObject\",\"inLanguage\":\"pt-BR\",\"@id\":\"https:\/\/secure.gravatar.com\/avatar\/e8eec4f3a7f5e57631cb11a38fe3ce4b99c1efe7d24b59d6c3433c374d04a68c?s=96&d=mm&r=g\",\"url\":\"https:\/\/secure.gravatar.com\/avatar\/e8eec4f3a7f5e57631cb11a38fe3ce4b99c1efe7d24b59d6c3433c374d04a68c?s=96&d=mm&r=g\",\"contentUrl\":\"https:\/\/secure.gravatar.com\/avatar\/e8eec4f3a7f5e57631cb11a38fe3ce4b99c1efe7d24b59d6c3433c374d04a68c?s=96&d=mm&r=g\",\"caption\":\"Priscila Ferreira\"},\"url\":\"https:\/\/www.estrategiaconcursos.com.br\/blog\/author\/prof-prisfergmail-com\/\"}]}<\/script>\n<!-- \/ Yoast SEO Premium plugin. -->","yoast_head_json":{"title":"OAB: coronav\u00edrus e o impacto nas rela\u00e7\u00f5es de trabalho","robots":{"index":"index","follow":"follow","max-snippet":"max-snippet:-1","max-image-preview":"max-image-preview:large","max-video-preview":"max-video-preview:-1"},"canonical":"https:\/\/www.estrategiaconcursos.com.br\/blog\/oab-coronavirus-e-o-impacto-nas-relacoes-de-trabalho\/","og_locale":"pt_BR","og_type":"article","og_title":"OAB: coronav\u00edrus e o impacto nas rela\u00e7\u00f5es de trabalho","og_description":"O coronav\u00edrus fez com que o mundo entrasse em quarentena e muitas empresas pararam suas atividades ou aderiram ao home office. Mas, \u00e9 importante ressaltar que algumas empresas j\u00e1 demitiram funcion\u00e1rios com medo da crise econ\u00f4mica que o Brasil pode entrar. Agora as rela\u00e7\u00f5es de trabalho mudaram, o empregado que necessita da tecnologia para trabalhar [&hellip;]","og_url":"https:\/\/www.estrategiaconcursos.com.br\/blog\/oab-coronavirus-e-o-impacto-nas-relacoes-de-trabalho\/","og_site_name":"Estrat\u00e9gia Concursos","article_published_time":"2020-03-29T20:20:00+00:00","article_modified_time":"2023-08-09T19:44:23+00:00","og_image":[{"width":997,"height":997,"url":"https:\/\/dhg1h5j42swfq.cloudfront.net\/2019\/03\/29122403\/OAB.jpg","type":"image\/jpeg"}],"author":"Priscila Ferreira","twitter_card":"summary_large_image","twitter_creator":"@EstratConcursos","twitter_site":"@EstratConcursos","twitter_misc":{"Escrito por":"Priscila Ferreira","Est. tempo de leitura":"1 minuto"},"schema":{"@context":"https:\/\/schema.org","@graph":[{"@type":"NewsArticle","@id":"https:\/\/www.estrategiaconcursos.com.br\/blog\/oab-coronavirus-e-o-impacto-nas-relacoes-de-trabalho\/#article","isPartOf":{"@id":"https:\/\/www.estrategiaconcursos.com.br\/blog\/oab-coronavirus-e-o-impacto-nas-relacoes-de-trabalho\/"},"author":{"name":"Priscila Ferreira","@id":"https:\/\/www.estrategiaconcursos.com.br\/blog\/#\/schema\/person\/75dcd757b9d160f278f7513e9964e3b8"},"headline":"OAB: coronav\u00edrus e o impacto nas rela\u00e7\u00f5es de trabalho","datePublished":"2020-03-29T20:20:00+00:00","dateModified":"2023-08-09T19:44:23+00:00","mainEntityOfPage":{"@id":"https:\/\/www.estrategiaconcursos.com.br\/blog\/oab-coronavirus-e-o-impacto-nas-relacoes-de-trabalho\/"},"wordCount":186,"commentCount":0,"publisher":{"@id":"https:\/\/www.estrategiaconcursos.com.br\/blog\/#organization"},"image":{"@id":"https:\/\/www.estrategiaconcursos.com.br\/blog\/oab-coronavirus-e-o-impacto-nas-relacoes-de-trabalho\/#primaryimage"},"thumbnailUrl":"https:\/\/dhg1h5j42swfq.cloudfront.net\/2019\/03\/29122403\/OAB.jpg","articleSection":["Concursos P\u00fablicos"],"inLanguage":"pt-BR","potentialAction":[{"@type":"CommentAction","name":"Comment","target":["https:\/\/www.estrategiaconcursos.com.br\/blog\/oab-coronavirus-e-o-impacto-nas-relacoes-de-trabalho\/#respond"]}],"copyrightYear":"2020","copyrightHolder":{"@id":"https:\/\/www.estrategiaconcursos.com.br\/blog\/#organization"}},{"@type":"WebPage","@id":"https:\/\/www.estrategiaconcursos.com.br\/blog\/oab-coronavirus-e-o-impacto-nas-relacoes-de-trabalho\/","url":"https:\/\/www.estrategiaconcursos.com.br\/blog\/oab-coronavirus-e-o-impacto-nas-relacoes-de-trabalho\/","name":"OAB: coronav\u00edrus e o impacto nas rela\u00e7\u00f5es de trabalho","isPartOf":{"@id":"https:\/\/www.estrategiaconcursos.com.br\/blog\/#website"},"primaryImageOfPage":{"@id":"https:\/\/www.estrategiaconcursos.com.br\/blog\/oab-coronavirus-e-o-impacto-nas-relacoes-de-trabalho\/#primaryimage"},"image":{"@id":"https:\/\/www.estrategiaconcursos.com.br\/blog\/oab-coronavirus-e-o-impacto-nas-relacoes-de-trabalho\/#primaryimage"},"thumbnailUrl":"https:\/\/dhg1h5j42swfq.cloudfront.net\/2019\/03\/29122403\/OAB.jpg","datePublished":"2020-03-29T20:20:00+00:00","dateModified":"2023-08-09T19:44:23+00:00","breadcrumb":{"@id":"https:\/\/www.estrategiaconcursos.com.br\/blog\/oab-coronavirus-e-o-impacto-nas-relacoes-de-trabalho\/#breadcrumb"},"inLanguage":"pt-BR","potentialAction":[{"@type":"ReadAction","target":["https:\/\/www.estrategiaconcursos.com.br\/blog\/oab-coronavirus-e-o-impacto-nas-relacoes-de-trabalho\/"]}]},{"@type":"ImageObject","inLanguage":"pt-BR","@id":"https:\/\/www.estrategiaconcursos.com.br\/blog\/oab-coronavirus-e-o-impacto-nas-relacoes-de-trabalho\/#primaryimage","url":"https:\/\/dhg1h5j42swfq.cloudfront.net\/2019\/03\/29122403\/OAB.jpg","contentUrl":"https:\/\/dhg1h5j42swfq.cloudfront.net\/2019\/03\/29122403\/OAB.jpg","width":997,"height":997,"caption":"semana especial oab"},{"@type":"BreadcrumbList","@id":"https:\/\/www.estrategiaconcursos.com.br\/blog\/oab-coronavirus-e-o-impacto-nas-relacoes-de-trabalho\/#breadcrumb","itemListElement":[{"@type":"ListItem","position":1,"name":"In\u00edcio","item":"https:\/\/www.estrategiaconcursos.com.br\/blog\/"},{"@type":"ListItem","position":2,"name":"OAB: coronav\u00edrus e o impacto nas rela\u00e7\u00f5es de trabalho"}]},{"@type":"WebSite","@id":"https:\/\/www.estrategiaconcursos.com.br\/blog\/#website","url":"https:\/\/www.estrategiaconcursos.com.br\/blog\/","name":"Estrat\u00e9gia Concursos","description":"O blog da Estrat\u00e9gia Concursos traz not\u00edcias sobre concursos e artigos de professores oferecendo cursos para concursos (pdf + videaulas) no site.","publisher":{"@id":"https:\/\/www.estrategiaconcursos.com.br\/blog\/#organization"},"potentialAction":[{"@type":"SearchAction","target":{"@type":"EntryPoint","urlTemplate":"https:\/\/www.estrategiaconcursos.com.br\/blog\/?s={search_term_string}"},"query-input":{"@type":"PropertyValueSpecification","valueRequired":true,"valueName":"search_term_string"}}],"inLanguage":"pt-BR"},{"@type":"Organization","@id":"https:\/\/www.estrategiaconcursos.com.br\/blog\/#organization","name":"Estrat\u00e9gia Concursos","url":"https:\/\/www.estrategiaconcursos.com.br\/blog\/","logo":{"@type":"ImageObject","inLanguage":"pt-BR","@id":"https:\/\/www.estrategiaconcursos.com.br\/blog\/#\/schema\/logo\/image\/","url":"https:\/\/dhg1h5j42swfq.cloudfront.net\/2025\/06\/03203428\/logo_concursos-1.jpg","contentUrl":"https:\/\/dhg1h5j42swfq.cloudfront.net\/2025\/06\/03203428\/logo_concursos-1.jpg","width":230,"height":60,"caption":"Estrat\u00e9gia Concursos"},"image":{"@id":"https:\/\/www.estrategiaconcursos.com.br\/blog\/#\/schema\/logo\/image\/"},"sameAs":["https:\/\/x.com\/EstratConcursos"]},{"@type":"Person","@id":"https:\/\/www.estrategiaconcursos.com.br\/blog\/#\/schema\/person\/75dcd757b9d160f278f7513e9964e3b8","name":"Priscila Ferreira","image":{"@type":"ImageObject","inLanguage":"pt-BR","@id":"https:\/\/secure.gravatar.com\/avatar\/e8eec4f3a7f5e57631cb11a38fe3ce4b99c1efe7d24b59d6c3433c374d04a68c?s=96&d=mm&r=g","url":"https:\/\/secure.gravatar.com\/avatar\/e8eec4f3a7f5e57631cb11a38fe3ce4b99c1efe7d24b59d6c3433c374d04a68c?s=96&d=mm&r=g","contentUrl":"https:\/\/secure.gravatar.com\/avatar\/e8eec4f3a7f5e57631cb11a38fe3ce4b99c1efe7d24b59d6c3433c374d04a68c?s=96&d=mm&r=g","caption":"Priscila Ferreira"},"url":"https:\/\/www.estrategiaconcursos.com.br\/blog\/author\/prof-prisfergmail-com\/"}]}},"_links":{"self":[{"href":"https:\/\/www.estrategiaconcursos.com.br\/blog\/wp-json\/wp\/v2\/posts\/496176","targetHints":{"allow":["GET"]}}],"collection":[{"href":"https:\/\/www.estrategiaconcursos.com.br\/blog\/wp-json\/wp\/v2\/posts"}],"about":[{"href":"https:\/\/www.estrategiaconcursos.com.br\/blog\/wp-json\/wp\/v2\/types\/post"}],"author":[{"embeddable":true,"href":"https:\/\/www.estrategiaconcursos.com.br\/blog\/wp-json\/wp\/v2\/users\/545"}],"replies":[{"embeddable":true,"href":"https:\/\/www.estrategiaconcursos.com.br\/blog\/wp-json\/wp\/v2\/comments?post=496176"}],"version-history":[{"count":4,"href":"https:\/\/www.estrategiaconcursos.com.br\/blog\/wp-json\/wp\/v2\/posts\/496176\/revisions"}],"predecessor-version":[{"id":1262461,"href":"https:\/\/www.estrategiaconcursos.com.br\/blog\/wp-json\/wp\/v2\/posts\/496176\/revisions\/1262461"}],"wp:featuredmedia":[{"embeddable":true,"href":"https:\/\/www.estrategiaconcursos.com.br\/blog\/wp-json\/wp\/v2\/media\/174976"}],"wp:attachment":[{"href":"https:\/\/www.estrategiaconcursos.com.br\/blog\/wp-json\/wp\/v2\/media?parent=496176"}],"wp:term":[{"taxonomy":"category","embeddable":true,"href":"https:\/\/www.estrategiaconcursos.com.br\/blog\/wp-json\/wp\/v2\/categories?post=496176"},{"taxonomy":"post_tag","embeddable":true,"href":"https:\/\/www.estrategiaconcursos.com.br\/blog\/wp-json\/wp\/v2\/tags?post=496176"},{"taxonomy":"tax_estado","embeddable":true,"href":"https:\/\/www.estrategiaconcursos.com.br\/blog\/wp-json\/wp\/v2\/tax_estado?post=496176"}],"curies":[{"name":"wp","href":"https:\/\/api.w.org\/{rel}","templated":true}]}}