{"id":495884,"date":"2020-03-24T12:26:39","date_gmt":"2020-03-24T15:26:39","guid":{"rendered":"https:\/\/www.estrategiaconcursos.com.br\/blog\/?p=495884"},"modified":"2023-06-14T11:47:28","modified_gmt":"2023-06-14T14:47:28","slug":"concurso-da-prefeitura-de-icara-e-icaraprev-estao-suspensos","status":"publish","type":"post","link":"https:\/\/www.estrategiaconcursos.com.br\/blog\/concurso-da-prefeitura-de-icara-e-icaraprev-estao-suspensos\/","title":{"rendered":"Provas do concurso da Prefeitura de I\u00e7ara e I\u00e7araPrev est\u00e3o suspensas"},"content":{"rendered":"\n<p>As provas do concurso p\u00fablico da <strong>Prefeitura <\/strong>e do <strong>Instituto de Previd\u00eancia dos Servidores P\u00fablicos do Munic\u00edpio de I\u00e7ara<\/strong>&nbsp;est\u00e3o temporariamente suspensas. A informa\u00e7\u00e3o foi confirmada atrav\u00e9s dos meios oficiais dos respectivos \u00f3rg\u00e3os. <\/p>\n\n\n\n<p>O motivo da suspens\u00e3o \u00e9 o surto do Covid-19 (novo Coronav\u00edrus) que est\u00e1 atingindo todo o pa\u00eds. Uma nova data para realiza\u00e7\u00e3o das provas e retomada do concurso ser\u00e1 marcada e posteriormente anunciada.<\/p>\n\n\n\n<p>Vale ressaltar que ao todo, o concurso I\u00e7araPrev oferta 3 vagas imediatas aos cargos de Advogado, Analista de Controle Interno e Assistente Administrativo. <\/p>\n\n\n\n<p>J\u00e1 o concurso da Prefeitura ter\u00e1 provimento de 91 vagas diretas, sendo uma vaga para cargo de n\u00edvel superior, qual seja, o de monitor de sistema e inform\u00e1tica, e 90 vagas para o cargo de n\u00edvel fundamental incompleto, agente de servi\u00e7os gerais. <\/p>\n\n\n\n<p>Ambos os concursos constar\u00e3o de uma \u00fanica etapa, de car\u00e1ter classificat\u00f3rio e eliminat\u00f3rio, com uma prova escrita composta por quest\u00f5es objetivas.  <\/p>\n\n\n\n<p>Quer saber mais informa\u00e7\u00f5es na \u00edntegra sobre o concurso da Prefeitura e I\u00e7araIprev? Acesse os links e n\u00e3o perca nenhum detalhe!!<\/p>\n\n\n\n<p class=\"has-text-align-center has-very-light-gray-background-color has-background\" style=\"font-size:clamp(14.642px, 0.915rem + ((1vw - 3.2px) * 0.721), 22px);px\"><strong>Saiba mais: <a href=\"https:\/\/www.estrategiaconcursos.com.br\/blog\/concurso-prefeitura-icara-sc-edital\/\">Concurso Prefeitura de I\u00e7ara<\/a><\/strong> |  <strong><a rel=\"noreferrer noopener\" href=\"https:\/\/www.estrategiaconcursos.com.br\/blog\/concurso-icaraprev\/\" target=\"_blank\">Concurso I\u00e7araPrev<\/a><\/strong> <\/p>\n\n\n\n<p class=\"has-text-align-center\"><em><strong>Assinatura Anual Ilimitada*<\/strong><\/em><\/p>\n\n\n\n<p class=\"has-text-align-center\"><em>Prepare-se com o melhor material e com quem mais aprova em Concursos P\u00fablicos em todo o pa\u00eds. Assine agora a nossa Assinatura Anual e tenha acesso ilimitado* a todos os nossos cursos.<\/em><\/p>\n\n\n\n<p class=\"has-text-align-center has-light-green-cyan-background-color has-background\"><strong>ASSINE AGORA<\/strong>&nbsp;\u2013&nbsp;<strong><a rel=\"noreferrer noopener\" href=\"https:\/\/www.estrategiaconcursos.com.br\/assinaturas\" target=\"_blank\">Assinatura Ilimitada<\/a><\/strong><\/p>\n\n\n\n<p class=\"has-text-align-center\"><strong><em>Fique por dentro de todos os concursos<\/em><\/strong><\/p>\n\n\n\n<p class=\"has-text-align-center has-pale-cyan-blue-background-color has-background\" style=\"font-size:clamp(14.642px, 0.915rem + ((1vw - 3.2px) * 0.721), 22px);px\"><a href=\"https:\/\/www.estrategiaconcursos.com.br\/blog\/concursos-abertos\/\" target=\"_blank\" rel=\"noreferrer noopener\"><strong>CONCURSOS ABERTOS<\/strong><\/a><\/p>\n","protected":false},"excerpt":{"rendered":"<p>As provas do concurso p\u00fablico da Prefeitura e do Instituto de Previd\u00eancia dos Servidores P\u00fablicos do Munic\u00edpio de I\u00e7ara&nbsp;est\u00e3o temporariamente suspensas. A informa\u00e7\u00e3o foi confirmada atrav\u00e9s dos meios oficiais dos respectivos \u00f3rg\u00e3os. O motivo da suspens\u00e3o \u00e9 o surto do Covid-19 (novo Coronav\u00edrus) que est\u00e1 atingindo todo o pa\u00eds. Uma nova data para realiza\u00e7\u00e3o das [&hellip;]<\/p>\n","protected":false},"author":127,"featured_media":462379,"comment_status":"open","ping_status":"closed","sticky":false,"template":"","format":"standard","meta":{"post_tipo":"article","footnotes":""},"categories":[1],"tags":[],"tax_estado":[],"class_list":["post-495884","post","type-post","status-publish","format-standard","has-post-thumbnail","hentry","category-cursos-e-concursos"],"acf":[],"yoast_head":"<!-- This site is optimized with the Yoast SEO Premium plugin v27.2 (Yoast SEO v27.2) - https:\/\/yoast.com\/product\/yoast-seo-premium-wordpress\/ -->\n<title>Provas do concurso da Prefeitura de I\u00e7ara e I\u00e7araPrev est\u00e3o suspensas<\/title>\n<meta name=\"description\" content=\"Provas do concurso da Prefeitura de I\u00e7ara e I\u00e7araPrev previstas para o dia 5 de abril est\u00e3o oficialmente suspensas. Saiba mais!\" \/>\n<meta name=\"robots\" content=\"index, follow, max-snippet:-1, max-image-preview:large, max-video-preview:-1\" \/>\n<link rel=\"canonical\" href=\"https:\/\/www.estrategiaconcursos.com.br\/blog\/concurso-da-prefeitura-de-icara-e-icaraprev-estao-suspensos\/\" \/>\n<meta property=\"og:locale\" content=\"pt_BR\" \/>\n<meta property=\"og:type\" content=\"article\" \/>\n<meta property=\"og:title\" content=\"Provas do concurso da Prefeitura de I\u00e7ara e I\u00e7araPrev est\u00e3o suspensas\" \/>\n<meta property=\"og:description\" content=\"Provas do concurso da Prefeitura de I\u00e7ara e I\u00e7araPrev previstas para o dia 5 de abril est\u00e3o oficialmente suspensas. Saiba mais!\" \/>\n<meta property=\"og:url\" content=\"https:\/\/www.estrategiaconcursos.com.br\/blog\/concurso-da-prefeitura-de-icara-e-icaraprev-estao-suspensos\/\" \/>\n<meta property=\"og:site_name\" content=\"Estrat\u00e9gia Concursos\" \/>\n<meta property=\"article:published_time\" content=\"2020-03-24T15:26:39+00:00\" \/>\n<meta property=\"article:modified_time\" content=\"2023-06-14T14:47:28+00:00\" \/>\n<meta property=\"og:image\" content=\"https:\/\/dhg1h5j42swfq.cloudfront.net\/2019\/12\/19094011\/prefeitura-municipal-de-icara-sc.png\" \/>\n\t<meta property=\"og:image:width\" content=\"990\" \/>\n\t<meta property=\"og:image:height\" content=\"744\" \/>\n\t<meta property=\"og:image:type\" content=\"image\/png\" \/>\n<meta name=\"author\" content=\"Vicente Camillo\" \/>\n<meta name=\"twitter:card\" content=\"summary_large_image\" \/>\n<meta name=\"twitter:creator\" content=\"@EstratConcursos\" \/>\n<meta name=\"twitter:site\" content=\"@EstratConcursos\" \/>\n<meta name=\"twitter:label1\" content=\"Escrito por\" \/>\n\t<meta name=\"twitter:data1\" content=\"Vicente Camillo\" \/>\n\t<meta name=\"twitter:label2\" content=\"Est. tempo de leitura\" \/>\n\t<meta name=\"twitter:data2\" content=\"1 minuto\" \/>\n<script type=\"application\/ld+json\" class=\"yoast-schema-graph\">{\"@context\":\"https:\/\/schema.org\",\"@graph\":[{\"@type\":\"NewsArticle\",\"@id\":\"https:\/\/www.estrategiaconcursos.com.br\/blog\/concurso-da-prefeitura-de-icara-e-icaraprev-estao-suspensos\/#article\",\"isPartOf\":{\"@id\":\"https:\/\/www.estrategiaconcursos.com.br\/blog\/concurso-da-prefeitura-de-icara-e-icaraprev-estao-suspensos\/\"},\"author\":{\"name\":\"Vicente Camillo\",\"@id\":\"https:\/\/www.estrategiaconcursos.com.br\/blog\/#\/schema\/person\/b8a108568861dcf9ea0bc08399a7923b\"},\"headline\":\"Provas do concurso da Prefeitura de I\u00e7ara e I\u00e7araPrev est\u00e3o suspensas\",\"datePublished\":\"2020-03-24T15:26:39+00:00\",\"dateModified\":\"2023-06-14T14:47:28+00:00\",\"mainEntityOfPage\":{\"@id\":\"https:\/\/www.estrategiaconcursos.com.br\/blog\/concurso-da-prefeitura-de-icara-e-icaraprev-estao-suspensos\/\"},\"wordCount\":272,\"commentCount\":0,\"publisher\":{\"@id\":\"https:\/\/www.estrategiaconcursos.com.br\/blog\/#organization\"},\"image\":{\"@id\":\"https:\/\/www.estrategiaconcursos.com.br\/blog\/concurso-da-prefeitura-de-icara-e-icaraprev-estao-suspensos\/#primaryimage\"},\"thumbnailUrl\":\"https:\/\/dhg1h5j42swfq.cloudfront.net\/2019\/12\/19094011\/prefeitura-municipal-de-icara-sc.png\",\"articleSection\":[\"Concursos P\u00fablicos\"],\"inLanguage\":\"pt-BR\",\"potentialAction\":[{\"@type\":\"CommentAction\",\"name\":\"Comment\",\"target\":[\"https:\/\/www.estrategiaconcursos.com.br\/blog\/concurso-da-prefeitura-de-icara-e-icaraprev-estao-suspensos\/#respond\"]}],\"copyrightYear\":\"2020\",\"copyrightHolder\":{\"@id\":\"https:\/\/www.estrategiaconcursos.com.br\/blog\/#organization\"}},{\"@type\":\"WebPage\",\"@id\":\"https:\/\/www.estrategiaconcursos.com.br\/blog\/concurso-da-prefeitura-de-icara-e-icaraprev-estao-suspensos\/\",\"url\":\"https:\/\/www.estrategiaconcursos.com.br\/blog\/concurso-da-prefeitura-de-icara-e-icaraprev-estao-suspensos\/\",\"name\":\"Provas do concurso da Prefeitura de I\u00e7ara e I\u00e7araPrev est\u00e3o suspensas\",\"isPartOf\":{\"@id\":\"https:\/\/www.estrategiaconcursos.com.br\/blog\/#website\"},\"primaryImageOfPage\":{\"@id\":\"https:\/\/www.estrategiaconcursos.com.br\/blog\/concurso-da-prefeitura-de-icara-e-icaraprev-estao-suspensos\/#primaryimage\"},\"image\":{\"@id\":\"https:\/\/www.estrategiaconcursos.com.br\/blog\/concurso-da-prefeitura-de-icara-e-icaraprev-estao-suspensos\/#primaryimage\"},\"thumbnailUrl\":\"https:\/\/dhg1h5j42swfq.cloudfront.net\/2019\/12\/19094011\/prefeitura-municipal-de-icara-sc.png\",\"datePublished\":\"2020-03-24T15:26:39+00:00\",\"dateModified\":\"2023-06-14T14:47:28+00:00\",\"description\":\"Provas do concurso da Prefeitura de I\u00e7ara e I\u00e7araPrev previstas para o dia 5 de abril est\u00e3o oficialmente suspensas. Saiba mais!\",\"breadcrumb\":{\"@id\":\"https:\/\/www.estrategiaconcursos.com.br\/blog\/concurso-da-prefeitura-de-icara-e-icaraprev-estao-suspensos\/#breadcrumb\"},\"inLanguage\":\"pt-BR\",\"potentialAction\":[{\"@type\":\"ReadAction\",\"target\":[\"https:\/\/www.estrategiaconcursos.com.br\/blog\/concurso-da-prefeitura-de-icara-e-icaraprev-estao-suspensos\/\"]}]},{\"@type\":\"ImageObject\",\"inLanguage\":\"pt-BR\",\"@id\":\"https:\/\/www.estrategiaconcursos.com.br\/blog\/concurso-da-prefeitura-de-icara-e-icaraprev-estao-suspensos\/#primaryimage\",\"url\":\"https:\/\/dhg1h5j42swfq.cloudfront.net\/2019\/12\/19094011\/prefeitura-municipal-de-icara-sc.png\",\"contentUrl\":\"https:\/\/dhg1h5j42swfq.cloudfront.net\/2019\/12\/19094011\/prefeitura-municipal-de-icara-sc.png\",\"width\":990,\"height\":744,\"caption\":\"prefeitura-municipal-de-icara-sc\"},{\"@type\":\"BreadcrumbList\",\"@id\":\"https:\/\/www.estrategiaconcursos.com.br\/blog\/concurso-da-prefeitura-de-icara-e-icaraprev-estao-suspensos\/#breadcrumb\",\"itemListElement\":[{\"@type\":\"ListItem\",\"position\":1,\"name\":\"In\u00edcio\",\"item\":\"https:\/\/www.estrategiaconcursos.com.br\/blog\/\"},{\"@type\":\"ListItem\",\"position\":2,\"name\":\"Provas do concurso da Prefeitura de I\u00e7ara e I\u00e7araPrev est\u00e3o suspensas\"}]},{\"@type\":\"WebSite\",\"@id\":\"https:\/\/www.estrategiaconcursos.com.br\/blog\/#website\",\"url\":\"https:\/\/www.estrategiaconcursos.com.br\/blog\/\",\"name\":\"Estrat\u00e9gia Concursos\",\"description\":\"O blog da Estrat\u00e9gia Concursos traz not\u00edcias sobre concursos e artigos de professores oferecendo cursos para concursos (pdf + videaulas) no site.\",\"publisher\":{\"@id\":\"https:\/\/www.estrategiaconcursos.com.br\/blog\/#organization\"},\"potentialAction\":[{\"@type\":\"SearchAction\",\"target\":{\"@type\":\"EntryPoint\",\"urlTemplate\":\"https:\/\/www.estrategiaconcursos.com.br\/blog\/?s={search_term_string}\"},\"query-input\":{\"@type\":\"PropertyValueSpecification\",\"valueRequired\":true,\"valueName\":\"search_term_string\"}}],\"inLanguage\":\"pt-BR\"},{\"@type\":\"Organization\",\"@id\":\"https:\/\/www.estrategiaconcursos.com.br\/blog\/#organization\",\"name\":\"Estrat\u00e9gia Concursos\",\"url\":\"https:\/\/www.estrategiaconcursos.com.br\/blog\/\",\"logo\":{\"@type\":\"ImageObject\",\"inLanguage\":\"pt-BR\",\"@id\":\"https:\/\/www.estrategiaconcursos.com.br\/blog\/#\/schema\/logo\/image\/\",\"url\":\"https:\/\/dhg1h5j42swfq.cloudfront.net\/2025\/06\/03203428\/logo_concursos-1.jpg\",\"contentUrl\":\"https:\/\/dhg1h5j42swfq.cloudfront.net\/2025\/06\/03203428\/logo_concursos-1.jpg\",\"width\":230,\"height\":60,\"caption\":\"Estrat\u00e9gia Concursos\"},\"image\":{\"@id\":\"https:\/\/www.estrategiaconcursos.com.br\/blog\/#\/schema\/logo\/image\/\"},\"sameAs\":[\"https:\/\/x.com\/EstratConcursos\"]},{\"@type\":\"Person\",\"@id\":\"https:\/\/www.estrategiaconcursos.com.br\/blog\/#\/schema\/person\/b8a108568861dcf9ea0bc08399a7923b\",\"name\":\"Vicente Camillo\",\"image\":{\"@type\":\"ImageObject\",\"inLanguage\":\"pt-BR\",\"@id\":\"https:\/\/secure.gravatar.com\/avatar\/468a0239829de687ea87ca16fca161044431e49a078c185df9f7ebdca3918c68?s=96&d=mm&r=g\",\"url\":\"https:\/\/secure.gravatar.com\/avatar\/468a0239829de687ea87ca16fca161044431e49a078c185df9f7ebdca3918c68?s=96&d=mm&r=g\",\"contentUrl\":\"https:\/\/secure.gravatar.com\/avatar\/468a0239829de687ea87ca16fca161044431e49a078c185df9f7ebdca3918c68?s=96&d=mm&r=g\",\"caption\":\"Vicente Camillo\"},\"url\":\"https:\/\/www.estrategiaconcursos.com.br\/blog\/author\/vicentecamilloestrategiaconcursos-com-br\/\"}]}<\/script>\n<!-- \/ Yoast SEO Premium plugin. -->","yoast_head_json":{"title":"Provas do concurso da Prefeitura de I\u00e7ara e I\u00e7araPrev est\u00e3o suspensas","description":"Provas do concurso da Prefeitura de I\u00e7ara e I\u00e7araPrev previstas para o dia 5 de abril est\u00e3o oficialmente suspensas. Saiba mais!","robots":{"index":"index","follow":"follow","max-snippet":"max-snippet:-1","max-image-preview":"max-image-preview:large","max-video-preview":"max-video-preview:-1"},"canonical":"https:\/\/www.estrategiaconcursos.com.br\/blog\/concurso-da-prefeitura-de-icara-e-icaraprev-estao-suspensos\/","og_locale":"pt_BR","og_type":"article","og_title":"Provas do concurso da Prefeitura de I\u00e7ara e I\u00e7araPrev est\u00e3o suspensas","og_description":"Provas do concurso da Prefeitura de I\u00e7ara e I\u00e7araPrev previstas para o dia 5 de abril est\u00e3o oficialmente suspensas. Saiba mais!","og_url":"https:\/\/www.estrategiaconcursos.com.br\/blog\/concurso-da-prefeitura-de-icara-e-icaraprev-estao-suspensos\/","og_site_name":"Estrat\u00e9gia Concursos","article_published_time":"2020-03-24T15:26:39+00:00","article_modified_time":"2023-06-14T14:47:28+00:00","og_image":[{"width":990,"height":744,"url":"https:\/\/dhg1h5j42swfq.cloudfront.net\/2019\/12\/19094011\/prefeitura-municipal-de-icara-sc.png","type":"image\/png"}],"author":"Vicente Camillo","twitter_card":"summary_large_image","twitter_creator":"@EstratConcursos","twitter_site":"@EstratConcursos","twitter_misc":{"Escrito por":"Vicente Camillo","Est. tempo de leitura":"1 minuto"},"schema":{"@context":"https:\/\/schema.org","@graph":[{"@type":"NewsArticle","@id":"https:\/\/www.estrategiaconcursos.com.br\/blog\/concurso-da-prefeitura-de-icara-e-icaraprev-estao-suspensos\/#article","isPartOf":{"@id":"https:\/\/www.estrategiaconcursos.com.br\/blog\/concurso-da-prefeitura-de-icara-e-icaraprev-estao-suspensos\/"},"author":{"name":"Vicente Camillo","@id":"https:\/\/www.estrategiaconcursos.com.br\/blog\/#\/schema\/person\/b8a108568861dcf9ea0bc08399a7923b"},"headline":"Provas do concurso da Prefeitura de I\u00e7ara e I\u00e7araPrev est\u00e3o suspensas","datePublished":"2020-03-24T15:26:39+00:00","dateModified":"2023-06-14T14:47:28+00:00","mainEntityOfPage":{"@id":"https:\/\/www.estrategiaconcursos.com.br\/blog\/concurso-da-prefeitura-de-icara-e-icaraprev-estao-suspensos\/"},"wordCount":272,"commentCount":0,"publisher":{"@id":"https:\/\/www.estrategiaconcursos.com.br\/blog\/#organization"},"image":{"@id":"https:\/\/www.estrategiaconcursos.com.br\/blog\/concurso-da-prefeitura-de-icara-e-icaraprev-estao-suspensos\/#primaryimage"},"thumbnailUrl":"https:\/\/dhg1h5j42swfq.cloudfront.net\/2019\/12\/19094011\/prefeitura-municipal-de-icara-sc.png","articleSection":["Concursos P\u00fablicos"],"inLanguage":"pt-BR","potentialAction":[{"@type":"CommentAction","name":"Comment","target":["https:\/\/www.estrategiaconcursos.com.br\/blog\/concurso-da-prefeitura-de-icara-e-icaraprev-estao-suspensos\/#respond"]}],"copyrightYear":"2020","copyrightHolder":{"@id":"https:\/\/www.estrategiaconcursos.com.br\/blog\/#organization"}},{"@type":"WebPage","@id":"https:\/\/www.estrategiaconcursos.com.br\/blog\/concurso-da-prefeitura-de-icara-e-icaraprev-estao-suspensos\/","url":"https:\/\/www.estrategiaconcursos.com.br\/blog\/concurso-da-prefeitura-de-icara-e-icaraprev-estao-suspensos\/","name":"Provas do concurso da Prefeitura de I\u00e7ara e I\u00e7araPrev est\u00e3o suspensas","isPartOf":{"@id":"https:\/\/www.estrategiaconcursos.com.br\/blog\/#website"},"primaryImageOfPage":{"@id":"https:\/\/www.estrategiaconcursos.com.br\/blog\/concurso-da-prefeitura-de-icara-e-icaraprev-estao-suspensos\/#primaryimage"},"image":{"@id":"https:\/\/www.estrategiaconcursos.com.br\/blog\/concurso-da-prefeitura-de-icara-e-icaraprev-estao-suspensos\/#primaryimage"},"thumbnailUrl":"https:\/\/dhg1h5j42swfq.cloudfront.net\/2019\/12\/19094011\/prefeitura-municipal-de-icara-sc.png","datePublished":"2020-03-24T15:26:39+00:00","dateModified":"2023-06-14T14:47:28+00:00","description":"Provas do concurso da Prefeitura de I\u00e7ara e I\u00e7araPrev previstas para o dia 5 de abril est\u00e3o oficialmente suspensas. Saiba mais!","breadcrumb":{"@id":"https:\/\/www.estrategiaconcursos.com.br\/blog\/concurso-da-prefeitura-de-icara-e-icaraprev-estao-suspensos\/#breadcrumb"},"inLanguage":"pt-BR","potentialAction":[{"@type":"ReadAction","target":["https:\/\/www.estrategiaconcursos.com.br\/blog\/concurso-da-prefeitura-de-icara-e-icaraprev-estao-suspensos\/"]}]},{"@type":"ImageObject","inLanguage":"pt-BR","@id":"https:\/\/www.estrategiaconcursos.com.br\/blog\/concurso-da-prefeitura-de-icara-e-icaraprev-estao-suspensos\/#primaryimage","url":"https:\/\/dhg1h5j42swfq.cloudfront.net\/2019\/12\/19094011\/prefeitura-municipal-de-icara-sc.png","contentUrl":"https:\/\/dhg1h5j42swfq.cloudfront.net\/2019\/12\/19094011\/prefeitura-municipal-de-icara-sc.png","width":990,"height":744,"caption":"prefeitura-municipal-de-icara-sc"},{"@type":"BreadcrumbList","@id":"https:\/\/www.estrategiaconcursos.com.br\/blog\/concurso-da-prefeitura-de-icara-e-icaraprev-estao-suspensos\/#breadcrumb","itemListElement":[{"@type":"ListItem","position":1,"name":"In\u00edcio","item":"https:\/\/www.estrategiaconcursos.com.br\/blog\/"},{"@type":"ListItem","position":2,"name":"Provas do concurso da Prefeitura de I\u00e7ara e I\u00e7araPrev est\u00e3o suspensas"}]},{"@type":"WebSite","@id":"https:\/\/www.estrategiaconcursos.com.br\/blog\/#website","url":"https:\/\/www.estrategiaconcursos.com.br\/blog\/","name":"Estrat\u00e9gia Concursos","description":"O blog da Estrat\u00e9gia Concursos traz not\u00edcias sobre concursos e artigos de professores oferecendo cursos para concursos (pdf + videaulas) no site.","publisher":{"@id":"https:\/\/www.estrategiaconcursos.com.br\/blog\/#organization"},"potentialAction":[{"@type":"SearchAction","target":{"@type":"EntryPoint","urlTemplate":"https:\/\/www.estrategiaconcursos.com.br\/blog\/?s={search_term_string}"},"query-input":{"@type":"PropertyValueSpecification","valueRequired":true,"valueName":"search_term_string"}}],"inLanguage":"pt-BR"},{"@type":"Organization","@id":"https:\/\/www.estrategiaconcursos.com.br\/blog\/#organization","name":"Estrat\u00e9gia Concursos","url":"https:\/\/www.estrategiaconcursos.com.br\/blog\/","logo":{"@type":"ImageObject","inLanguage":"pt-BR","@id":"https:\/\/www.estrategiaconcursos.com.br\/blog\/#\/schema\/logo\/image\/","url":"https:\/\/dhg1h5j42swfq.cloudfront.net\/2025\/06\/03203428\/logo_concursos-1.jpg","contentUrl":"https:\/\/dhg1h5j42swfq.cloudfront.net\/2025\/06\/03203428\/logo_concursos-1.jpg","width":230,"height":60,"caption":"Estrat\u00e9gia Concursos"},"image":{"@id":"https:\/\/www.estrategiaconcursos.com.br\/blog\/#\/schema\/logo\/image\/"},"sameAs":["https:\/\/x.com\/EstratConcursos"]},{"@type":"Person","@id":"https:\/\/www.estrategiaconcursos.com.br\/blog\/#\/schema\/person\/b8a108568861dcf9ea0bc08399a7923b","name":"Vicente Camillo","image":{"@type":"ImageObject","inLanguage":"pt-BR","@id":"https:\/\/secure.gravatar.com\/avatar\/468a0239829de687ea87ca16fca161044431e49a078c185df9f7ebdca3918c68?s=96&d=mm&r=g","url":"https:\/\/secure.gravatar.com\/avatar\/468a0239829de687ea87ca16fca161044431e49a078c185df9f7ebdca3918c68?s=96&d=mm&r=g","contentUrl":"https:\/\/secure.gravatar.com\/avatar\/468a0239829de687ea87ca16fca161044431e49a078c185df9f7ebdca3918c68?s=96&d=mm&r=g","caption":"Vicente Camillo"},"url":"https:\/\/www.estrategiaconcursos.com.br\/blog\/author\/vicentecamilloestrategiaconcursos-com-br\/"}]}},"_links":{"self":[{"href":"https:\/\/www.estrategiaconcursos.com.br\/blog\/wp-json\/wp\/v2\/posts\/495884","targetHints":{"allow":["GET"]}}],"collection":[{"href":"https:\/\/www.estrategiaconcursos.com.br\/blog\/wp-json\/wp\/v2\/posts"}],"about":[{"href":"https:\/\/www.estrategiaconcursos.com.br\/blog\/wp-json\/wp\/v2\/types\/post"}],"author":[{"embeddable":true,"href":"https:\/\/www.estrategiaconcursos.com.br\/blog\/wp-json\/wp\/v2\/users\/127"}],"replies":[{"embeddable":true,"href":"https:\/\/www.estrategiaconcursos.com.br\/blog\/wp-json\/wp\/v2\/comments?post=495884"}],"version-history":[{"count":3,"href":"https:\/\/www.estrategiaconcursos.com.br\/blog\/wp-json\/wp\/v2\/posts\/495884\/revisions"}],"predecessor-version":[{"id":1232083,"href":"https:\/\/www.estrategiaconcursos.com.br\/blog\/wp-json\/wp\/v2\/posts\/495884\/revisions\/1232083"}],"wp:featuredmedia":[{"embeddable":true,"href":"https:\/\/www.estrategiaconcursos.com.br\/blog\/wp-json\/wp\/v2\/media\/462379"}],"wp:attachment":[{"href":"https:\/\/www.estrategiaconcursos.com.br\/blog\/wp-json\/wp\/v2\/media?parent=495884"}],"wp:term":[{"taxonomy":"category","embeddable":true,"href":"https:\/\/www.estrategiaconcursos.com.br\/blog\/wp-json\/wp\/v2\/categories?post=495884"},{"taxonomy":"post_tag","embeddable":true,"href":"https:\/\/www.estrategiaconcursos.com.br\/blog\/wp-json\/wp\/v2\/tags?post=495884"},{"taxonomy":"tax_estado","embeddable":true,"href":"https:\/\/www.estrategiaconcursos.com.br\/blog\/wp-json\/wp\/v2\/tax_estado?post=495884"}],"curies":[{"name":"wp","href":"https:\/\/api.w.org\/{rel}","templated":true}]}}