{"id":495871,"date":"2020-10-14T10:20:00","date_gmt":"2020-10-14T13:20:00","guid":{"rendered":"https:\/\/www.estrategiaconcursos.com.br\/blog\/?p=495871"},"modified":"2023-06-14T16:11:58","modified_gmt":"2023-06-14T19:11:58","slug":"concurso-funec-contagem-processo-seletivo-educacao","status":"publish","type":"post","link":"https:\/\/www.estrategiaconcursos.com.br\/blog\/concurso-funec-contagem-processo-seletivo-educacao\/","title":{"rendered":"Concurso FUNEC Contagem:  prova adiada; Sele\u00e7\u00e3o suspensa!"},"content":{"rendered":"\n<h2 class=\"wp-block-heading\">22 vagas para cargos de n\u00edveis m\u00e9dio e superior<\/h2>\n\n\n\n<p>A Funda\u00e7\u00e3o de Ensino de Contagem resolveu adiar a prova do Concurso FUNEC Contagem que estava prevista para acontecer no dia 25\/10. Al\u00e9m disso, suspendeu por tempo indeterminado as demais atividades descritas no cronograma.<\/p>\n\n\n\n<p>Aos candidatos interessados em solicitar a devolu\u00e7\u00e3o da import\u00e2ncia paga a t\u00edtulo de taxa de inscri\u00e7\u00e3o, dever\u00e3o realizar o requerimento, no prazo de 30 (trinta) dias \u00fateis.<\/p>\n\n\n\n<p>A medida atende as orienta\u00e7\u00f5es do Decreto Municipal n\u00ba 1.526, de 20 de mar\u00e7o de 2020, e acompanha a Lei Federal 13.979\/2020, que disp\u00f5e sobre as medidas para enfrentamento da emerg\u00eancia de sa\u00fade p\u00fablica de import\u00e2ncia internacional decorrente do novo Coronav\u00edrus.<\/p>\n\n\n\n<div class=\"col-sm\">\n      <div class=\"banner-estrategia\" id=\"box-assinatura\">\n        <h3 class=\"titulo-assinatura\">Cursos para FUNEC Contagem<\/h3>\n        <p class=\"subtitulo-assinatura\">Conhe\u00e7a os cursos<\/p>\n        <div class=\"box-botao\">\n          <a class=\"btn-assinatura\" target=\"_blank\" href=\"https:\/\/www.estrategiaconcursos.com.br\/cursosPorConcurso\/prefeitura-municipal-de-contagem-mg\/\" role=\"button\" rel=\"noopener noreferrer\">Conhe\u00e7a mais<\/a>\n        <\/div>\n      <\/div>\n      <p class=\"texto-auxiliar\">Prepare-se com o melhor material e com quem mais aprova em Concursos P\u00fablicos em todo o pa\u00eds.<\/p>\n    <\/div>\n\n\n\n<ul class=\"wp-block-list\">\n<li><strong><a href=\"#atual\">Situa\u00e7\u00e3o atual do concurso <\/a><\/strong>\n<ul class=\"wp-block-list\">\n<li><strong><a aria-label=\"Principais datas (abre numa nova aba)\" rel=\"noreferrer noopener\" href=\"#principais-datas\" target=\"_blank\">Principais datas<\/a><\/strong><\/li>\n<\/ul>\n<\/li>\n\n\n\n<li><strong><a href=\"#carreira\">Carreira<\/a><\/strong>\n<ul class=\"wp-block-list\">\n<li><strong><a href=\"#cargos-vagas\">Cargos, vagas e sal\u00e1rios <\/a><\/strong><\/li>\n<\/ul>\n<\/li>\n\n\n\n<li><strong><a href=\"#etapas-concurso\">Etapas do concurso<\/a><\/strong>\n<ul class=\"wp-block-list\">\n<li><strong><a href=\"#objetiva\">Prova Objetiva<\/a><\/strong><\/li>\n<\/ul>\n<\/li>\n\n\n\n<li><strong><a href=\"#cursos-assinatura\">Cursos e assinatura<\/a> <\/strong><\/li>\n\n\n\n<li><strong><a href=\"#ficha-tecnica\">Ficha T\u00e9cnica<\/a><\/strong><\/li>\n<\/ul>\n\n\n\n<h2 class=\"wp-block-heading\" id=\"atual\">Concurso FUNEC Contagem: Situa\u00e7\u00e3o atual<\/h2>\n\n\n\n<p>O edital para o processo seletivo simplificado foi publicado em raz\u00e3o de excepcional interesse p\u00fablico pela urg\u00eancia transit\u00f3ria na manuten\u00e7\u00e3o de servi\u00e7o p\u00fablico essencial e na excepcionalidade de eventos que n\u00e3o justificam a cria\u00e7\u00e3o de quadro de pessoal efetivo. <\/p>\n\n\n\n<p>O edital previa a possibilidade de disponibiliza\u00e7\u00e3o de computadores para as pessoas que n\u00e3o tivesse acesso \u00e0 internet, para que pudessem realizar suas inscri\u00e7\u00f5es no endere\u00e7o da FUNEC. <\/p>\n\n\n\n<h4 class=\"wp-block-heading\" id=\"principais-datas\">Principais datas <\/h4>\n\n\n\n<p class=\"has-very-light-gray-background-color has-background\"><strong>Per\u00edodo de inscri\u00e7\u00f5es<\/strong>: <s>20 de julho<\/s><br \/><strong>Isen\u00e7\u00e3o de taxa<\/strong>: <s>13 a 14 de abril<\/s><br \/><strong>Taxas<\/strong>: R$ 51,00 (n\u00edvel m\u00e9dio) e R$ 71,00 (n\u00edvel superior) <br \/><strong>Prova Objetiva<\/strong>: <s>25 de outubro de 2020<\/s> ADIADA<\/p>\n\n\n\n<h2 class=\"wp-block-heading\" id=\"carreira\">Concurso FUNEC Contagem: Carreira<\/h2>\n\n\n\n<h3 class=\"wp-block-heading\" id=\"cargos-vagas\">Cargos, vagas e sal\u00e1rios<\/h3>\n\n\n\n<h4 class=\"wp-block-heading\">N\u00edvel M\u00e9dio <\/h4>\n\n\n\n<figure class=\"wp-block-table is-style-stripes\"><table class=\"has-background has-fixed-layout\" style=\"background-color:#e7f5fe\"><tbody><tr><td><strong>Cargo<\/strong><\/td><td><strong>Vagas<\/strong><\/td><td><strong>Remunera\u00e7\u00e3o<\/strong> <\/td><td><strong>Jornada de trabalho semanal<\/strong><\/td><\/tr><tr><td>Assistente Escolar <\/td><td>1<\/td><td> R$ 1.091,09 <\/td><td> 25 horas<\/td><\/tr><tr><td>Auxiliar de Biblioteca Escolar <\/td><td>1<\/td><td> R$ 1.091,09 <\/td><td>  25 horas <\/td><\/tr><tr><td>Secret\u00e1rio Escolar <\/td><td>1<\/td><td> R$ 1.091,09  <\/td><td>   25 horas <\/td><\/tr><\/tbody><\/table><\/figure>\n\n\n\n<h4 class=\"wp-block-heading\">N\u00edvel Superior <\/h4>\n\n\n\n<p><\/p>\n\n\n\n<figure class=\"wp-block-table is-style-stripes\"><table class=\"has-background has-fixed-layout\" style=\"background-color:#e7f5fe\"><tbody><tr><td> <strong>Cargo<\/strong> <\/td><td> <strong>Vagas<\/strong> <\/td><td> <strong>Remunera\u00e7\u00e3o<\/strong>   <\/td><td> <strong>Jornada de trabalho semanal<\/strong> <\/td><\/tr><tr><td>Pedagogo <\/td><td>1<\/td><td>R$ 2.390,23 <\/td><td>22 horas e 30 minutos <\/td><\/tr><tr><td>Professor de  Educa\u00e7\u00e3o B\u00e1sica \u2013E.M. \u2013 Administra\u00e7\u00e3o e Contabilidade <\/td><td>1<\/td><td>R$ 2.390,23  <\/td><td>22 horas e 30 minutos  <\/td><\/tr><tr><td> Professor de Educa\u00e7\u00e3o B\u00e1sica \u2013 E.M. \u2013 An\u00e1lises Cl\u00ednicas <\/td><td>1<\/td><td>R$ 2.390,23  <\/td><td>22 horas e 30 minutos  <\/td><\/tr><tr><td> Professor de Educa\u00e7\u00e3o B\u00e1sica \u2013 E.M. &#8211; Arte <\/td><td>1<\/td><td>R$ 2.390,23  <\/td><td>22 horas e 30 minutos  <\/td><\/tr><tr><td> Professor de Educa\u00e7\u00e3o B\u00e1sica \u2013 E.M. &#8211; Biologia <\/td><td>1<\/td><td>R$ 2.390,23  <\/td><td>22 horas e 30 minutos  <\/td><\/tr><tr><td>Professor de Educa\u00e7\u00e3o B\u00e1sica \u2013 E.M. &#8211; Direito  <\/td><td>1<\/td><td>R$ 2.390,23  <\/td><td>22 horas e 30 minutos  <\/td><\/tr><tr><td>Professor de Educa\u00e7\u00e3o B\u00e1sica \u2013 E.M. \u2013 Educa\u00e7\u00e3o F\u00edsica <\/td><td>1<\/td><td>R$ 2.390,23  <\/td><td>22 horas e 30 minutos  <\/td><\/tr><tr><td>Professor de Educa\u00e7\u00e3o B\u00e1sica \u2013 E.M. &#8211; Farm\u00e1cia  <\/td><td>1<\/td><td>R$ 2.390,23  <\/td><td>22 horas e 30 minutos  <\/td><\/tr><tr><td>Professor de Educa\u00e7\u00e3o B\u00e1sica \u2013 E.M. &#8211; Filosofia  <\/td><td>1<\/td><td>R$ 2.390,23  <\/td><td>22 horas e 30 minutos  <\/td><\/tr><tr><td> Professor de Educa\u00e7\u00e3o B\u00e1sica \u2013 E.M. &#8211; F\u00edsica <\/td><td>1<\/td><td>R$ 2.390,23  <\/td><td>22 horas e 30 minutos  <\/td><\/tr><tr><td>Professor de Educa\u00e7\u00e3o B\u00e1sica \u2013 E.M. &#8211; Geografia <\/td><td>1<\/td><td>R$ 2.390,23  <\/td><td>22 horas e 30 minutos  <\/td><\/tr><tr><td> Professor de Educa\u00e7\u00e3o B\u00e1sica \u2013 E.M. &#8211; Hist\u00f3ria <\/td><td>1<\/td><td>R$ 2.390,23  <\/td><td>22 horas e 30 minutos  <\/td><\/tr><tr><td>Professor de Educa\u00e7\u00e3o B\u00e1sica \u2013 E.M. &#8211; Inform\u00e1tica <\/td><td>1<\/td><td>R$ 2.390,23  <\/td><td>22 horas e 30 minutos  <\/td><\/tr><tr><td>Professor de Educa\u00e7\u00e3o B\u00e1sica \u2013 E.M. &#8211; Ingl\u00eas <\/td><td>1<\/td><td>R$ 2.390,23  <\/td><td>22 horas e 30 minutos  <\/td><\/tr><tr><td>Professor de Educa\u00e7\u00e3o B\u00e1sica \u2013 E.M. &#8211; Matem\u00e1tica <\/td><td>1<\/td><td>R$ 2.390,23  <\/td><td>22 horas e 30 minutos  <\/td><\/tr><tr><td>Professor de Educa\u00e7\u00e3o B\u00e1sica \u2013 E.M. &#8211; Portugu\u00eas <\/td><td>1<\/td><td>R$ 2.390,23  <\/td><td>22 horas e 30 minutos  <\/td><\/tr><tr><td> Professor de Educa\u00e7\u00e3o B\u00e1sica \u2013 E.M. &#8211; Qu\u00edmica <\/td><td>1<\/td><td>R$ 2.390,23  <\/td><td>22 horas e 30 minutos  <\/td><\/tr><tr><td>Professor de Educa\u00e7\u00e3o B\u00e1sica \u2013 E.M. &#8211; Sociologia <\/td><td>1<\/td><td>R$ 2.390,23  <\/td><td>22 horas e 30 minutos  <\/td><\/tr><tr><td>Professor de Educa\u00e7\u00e3o B\u00e1sica \u2013 E.M. \u2013 Seguran\u00e7a do Trabalho <\/td><td>1<\/td><td>R$ 2.390,23  <\/td><td>22 horas e 30 minutos<\/td><\/tr><\/tbody><\/table><\/figure>\n\n\n\n<h2 class=\"wp-block-heading\" id=\"etapas-concurso\">Concurso FUNEC Contagem: Etapas de provas<\/h2>\n\n\n\n<p>O certame ser\u00e1 composto por uma <strong>Prova Objetiva<\/strong> para todos os cargos, composta de 26 quest\u00f5es de m\u00faltipla escolha.  O tempo de dura\u00e7\u00e3o da prova ser\u00e1 de, no m\u00e1ximo, 2 horas e 30 minutos, j\u00e1 abrangendo a assinatura da Folha de Respostas e a transcri\u00e7\u00e3o das respostas para Folha de Respostas. <\/p>\n\n\n\n<h3 class=\"wp-block-heading\" id=\"objetiva\">Prova Objetiva<\/h3>\n\n\n\n<h4 class=\"wp-block-heading\">N\u00edvel M\u00e9dio <\/h4>\n\n\n\n<p><\/p>\n\n\n\n<figure class=\"wp-block-table is-style-stripes\"><table class=\"has-background has-fixed-layout\" style=\"background-color:#e7f5fe\"><tbody><tr><td><strong>Disciplina <\/strong><\/td><td><strong>N.\u00ba de quest\u00f5es <\/strong><\/td><\/tr><tr><td> L\u00edngua Portuguesa <\/td><td>10<\/td><\/tr><tr><td> Conhecimentos de Inform\u00e1tica <\/td><td>6<\/td><\/tr><tr><td> Conhecimentos Pol\u00edticos Pedag\u00f3gicos e Legisla\u00e7\u00e3o <\/td><td>10<\/td><\/tr><\/tbody><\/table><\/figure>\n\n\n\n<h4 class=\"wp-block-heading\">N\u00edvel Superior <\/h4>\n\n\n\n<p><\/p>\n\n\n\n<figure class=\"wp-block-table is-style-stripes\"><table class=\"has-background has-fixed-layout\" style=\"background-color:#e7f5fe\"><tbody><tr><td><strong>Disciplina <\/strong><\/td><td><strong>N.\u00ba de quest\u00f5es <\/strong><\/td><\/tr><tr><td> L\u00edngua Portuguesa <\/td><td>10<\/td><\/tr><tr><td> Conhecimentos Pol\u00edticos Pedag\u00f3gicos e Legisla\u00e7\u00e3o <\/td><td>16<\/td><\/tr><\/tbody><\/table><\/figure>\n\n\n\n<p>Ser\u00e1 <strong>aprovado<\/strong> o candidato que no somat\u00f3rio final da nota obtiver percentual <strong>igual ou superior a 50% de pontos<\/strong> atribu\u00eddos \u00e0 Prova Objetiva de M\u00faltipla Escolha e que <strong>n\u00e3o obtiver nota 0  em qualquer um dos conte\u00fados. <\/strong><\/p>\n\n\n\n<h2 class=\"wp-block-heading has-text-align-center\" id=\"cursos-assinatura\">Quer estudar para o concurso FUNEC Contagem? <\/h2>\n\n\n\n<p class=\"has-text-align-center\"><em>Gostou desta oportunidade e deseja come\u00e7ar se preparar agora mesmo? Ent\u00e3o, confira os nossos cursos e comece a estudar:<\/em><\/p>\n\n\n\n<div class=\"col-sm\">\n      <div class=\"banner-estrategia\" id=\"box-assinatura\">\n        <h3 class=\"titulo-assinatura\">Cursos para FUNEC Contagem<\/h3>\n        <p class=\"subtitulo-assinatura\">Conhe\u00e7a os cursos<\/p>\n        <div class=\"box-botao\">\n          <a class=\"btn-assinatura\" target=\"_blank\" href=\"https:\/\/www.estrategiaconcursos.com.br\/cursosPorConcurso\/prefeitura-municipal-de-contagem-mg\/\" role=\"button\" rel=\"noopener noreferrer\">Conhe\u00e7a mais<\/a>\n        <\/div>\n      <\/div>\n      <p class=\"texto-auxiliar\">Prepare-se com o melhor material e com quem mais aprova em Concursos P\u00fablicos em todo o pa\u00eds.<\/p>\n    <\/div>\n\n\n\n<div class=\"container\" id=\"boxes\">\n  <div class=\"row\">\n\n    <div class=\"col-sm\">\n      <div class=\"estrategia\" id=\"box-assinatura\">\n        <h3 class=\"titulo-assinatura\">Assinatura Ilimitada<\/h3>\n        <p class=\"subtitulo-assinatura\">Assinatura Anual Ilimitada*<\/p>\n        <div class=\"box-botao\">\n          <a class=\"btn-assinatura\" target=\"_blank\" href=\"https:\/\/www.estrategiaconcursos.com.br\/assinaturas\/\" role=\"button\" rel=\"noopener noreferrer\">ASSINE AGORA<\/a>\n        <\/div>\n      <\/div>\n      <p class=\"texto-auxiliar\">Prepare-se com o melhor material e com quem mais aprova em Concursos P\u00fablicos em todo o pa\u00eds. Assine agora a nossa Assinatura Anual e tenha acesso ilimitado* a todos os nossos cursos.<\/p>\n    <\/div>\n\n    <div class=\"col-sm\">\n      <div class=\"questoes\" id=\"box-assinatura\">\n        <h3 class=\"titulo-assinatura\">Sistema de Quest\u00f5es<\/h3>\n        <p class=\"subtitulo-assinatura\">Assinatura Ilimitada*\n<\/p>\n        <div class=\"box-botao\">\n          <a class=\"btn-assinatura\" target=\"_blank\" href=\"https:\/\/www.estrategiaconcursos.com.br\/cursosPorConcurso\/sistema-de-questoes\/#\/\" role=\"button\" rel=\"noopener noreferrer\">ASSINE AGORA<\/a>\n        <\/div>\n      <\/div>\n      <p class=\"texto-auxiliar\">Estrat\u00e9gia Quest\u00f5es nasceu maior do que todos os concorrentes, com mais quest\u00f5es cadastradas e mais solu\u00e7\u00f5es por professores. Clique no link e aproveite os descontos e b\u00f4nus imperd\u00edveis!<\/p>\n    <\/div>\n  <\/div>\n<\/div>\n\n\n\n<figure class=\"wp-block-image\"><img loading=\"lazy\" decoding=\"async\" width=\"300\" height=\"102\" src=\"https:\/\/dhg1h5j42swfq.cloudfront.net\/2017\/03\/28152500\/coruja-ficha-tecnica-300x102.png\" alt=\"CONCURSO FUNEC CONTAGEM\" class=\"wp-image-68542\"\/><\/figure>\n\n\n\n<h3 class=\"wp-block-heading\" id=\"ficha-tecnica\"><strong>Informa\u00e7\u00f5es sobre o c<\/strong>oncurso FUNEC Contagem<\/h3>\n\n\n\n<p>\u25ba<strong>Inscri\u00e7\u00f5es<\/strong>:<s> 13\/04 a 20\/07<\/s><br \/>\u25ba<strong>Data<\/strong>: <s>25\/10\/2020<\/s> (adiada)<br \/>\u25ba<strong>Vagas<\/strong>: 22<br \/>\u25ba<strong>Cargos<\/strong>: V\u00e1rios <br \/>\u25ba<strong>Escolaridade<\/strong>: N\u00edvel m\u00e9dio e superior<br \/>\u25ba<strong>Edital<\/strong>:&nbsp;<a aria-label=\"Edital FUNEC Contagem (abre numa nova aba)\" rel=\"noreferrer noopener\" href=\"https:\/\/dhg1h5j42swfq.cloudfront.net\/2020\/03\/24135831\/PSS_FUNEC_Contagem_MG.pdf\" target=\"_blank\">Edital FUNEC Contagem<\/a> | <a rel=\"noreferrer noopener\" href=\"http:\/\/www.contagem.mg.gov.br\/arquivos\/concursos\/pssfunec0120retific1novocronogrprorroginscrprova30-20200507065315.pdf\" target=\"_blank\">Retifica\u00e7\u00e3o<\/a><\/p>\n\n\n\n<p><\/p>\n","protected":false},"excerpt":{"rendered":"<p>22 vagas para cargos de n\u00edveis m\u00e9dio e superior A Funda\u00e7\u00e3o de Ensino de Contagem resolveu adiar a prova do Concurso FUNEC Contagem que estava prevista para acontecer no dia 25\/10. Al\u00e9m disso, suspendeu por tempo indeterminado as demais atividades descritas no cronograma. Aos candidatos interessados em solicitar a devolu\u00e7\u00e3o da import\u00e2ncia paga a t\u00edtulo [&hellip;]<\/p>\n","protected":false},"author":1,"featured_media":553157,"comment_status":"open","ping_status":"closed","sticky":false,"template":"","format":"standard","meta":{"post_tipo":"news","footnotes":""},"categories":[3766],"tags":[],"tax_estado":[],"class_list":["post-495871","post","type-post","status-publish","format-standard","has-post-thumbnail","hentry","category-educacional"],"acf":[],"yoast_head":"<!-- This site is optimized with the Yoast SEO Premium plugin v27.2 (Yoast SEO v27.2) - https:\/\/yoast.com\/product\/yoast-seo-premium-wordpress\/ -->\n<title>Concurso FUNEC Contagem: prova adiada; Sele\u00e7\u00e3o suspensa!<\/title>\n<meta name=\"description\" content=\"Concurso FUNEC Contagem: prova adiada e sele\u00e7\u00e3o suspensa por causa do coronav\u00edrus Covid-19. Saiba mais informa\u00e7\u00f5es neste artigo!\" \/>\n<meta name=\"robots\" content=\"index, follow, max-snippet:-1, max-image-preview:large, max-video-preview:-1\" \/>\n<link rel=\"canonical\" href=\"https:\/\/www.estrategiaconcursos.com.br\/blog\/concurso-funec-contagem-processo-seletivo-educacao\/\" \/>\n<meta property=\"og:locale\" content=\"pt_BR\" \/>\n<meta property=\"og:type\" content=\"article\" \/>\n<meta property=\"og:title\" content=\"Concurso FUNEC Contagem: prova adiada; Sele\u00e7\u00e3o suspensa!\" \/>\n<meta property=\"og:description\" content=\"Concurso FUNEC Contagem: prova adiada e sele\u00e7\u00e3o suspensa por causa do coronav\u00edrus Covid-19. Saiba mais informa\u00e7\u00f5es neste artigo!\" \/>\n<meta property=\"og:url\" content=\"https:\/\/www.estrategiaconcursos.com.br\/blog\/concurso-funec-contagem-processo-seletivo-educacao\/\" \/>\n<meta property=\"og:site_name\" content=\"Estrat\u00e9gia Concursos\" \/>\n<meta property=\"article:author\" content=\"https:\/\/www.facebook.com\/EstrategiaConcursos\" \/>\n<meta property=\"article:published_time\" content=\"2020-10-14T13:20:00+00:00\" \/>\n<meta property=\"article:modified_time\" content=\"2023-06-14T19:11:58+00:00\" \/>\n<meta property=\"og:image\" content=\"https:\/\/dhg1h5j42swfq.cloudfront.net\/2020\/08\/08140313\/FUNEC_CONTAGEM.jpg\" \/>\n\t<meta property=\"og:image:width\" content=\"1200\" \/>\n\t<meta property=\"og:image:height\" content=\"628\" \/>\n\t<meta property=\"og:image:type\" content=\"image\/jpeg\" \/>\n<meta name=\"author\" content=\"Coordena\u00e7\u00e3o\" \/>\n<meta name=\"twitter:card\" content=\"summary_large_image\" \/>\n<meta name=\"twitter:creator\" content=\"@EstratConcursos\" \/>\n<meta name=\"twitter:site\" content=\"@EstratConcursos\" \/>\n<meta name=\"twitter:label1\" content=\"Escrito por\" \/>\n\t<meta name=\"twitter:data1\" content=\"Coordena\u00e7\u00e3o\" \/>\n\t<meta name=\"twitter:label2\" content=\"Est. tempo de leitura\" \/>\n\t<meta name=\"twitter:data2\" content=\"5 minutos\" \/>\n<script type=\"application\/ld+json\" class=\"yoast-schema-graph\">{\"@context\":\"https:\/\/schema.org\",\"@graph\":[{\"@type\":\"NewsArticle\",\"@id\":\"https:\/\/www.estrategiaconcursos.com.br\/blog\/concurso-funec-contagem-processo-seletivo-educacao\/#article\",\"isPartOf\":{\"@id\":\"https:\/\/www.estrategiaconcursos.com.br\/blog\/concurso-funec-contagem-processo-seletivo-educacao\/\"},\"author\":{\"name\":\"Coordena\u00e7\u00e3o\",\"@id\":\"https:\/\/www.estrategiaconcursos.com.br\/blog\/#\/schema\/person\/b4a388c97673c5f483d72185668afa1f\"},\"headline\":\"Concurso FUNEC Contagem: prova adiada; Sele\u00e7\u00e3o suspensa!\",\"datePublished\":\"2020-10-14T13:20:00+00:00\",\"dateModified\":\"2023-06-14T19:11:58+00:00\",\"mainEntityOfPage\":{\"@id\":\"https:\/\/www.estrategiaconcursos.com.br\/blog\/concurso-funec-contagem-processo-seletivo-educacao\/\"},\"wordCount\":935,\"commentCount\":4,\"publisher\":{\"@id\":\"https:\/\/www.estrategiaconcursos.com.br\/blog\/#organization\"},\"image\":{\"@id\":\"https:\/\/www.estrategiaconcursos.com.br\/blog\/concurso-funec-contagem-processo-seletivo-educacao\/#primaryimage\"},\"thumbnailUrl\":\"https:\/\/dhg1h5j42swfq.cloudfront.net\/2020\/08\/08140313\/FUNEC_CONTAGEM.jpg\",\"articleSection\":[\"Educa\u00e7\u00e3o\"],\"inLanguage\":\"pt-BR\",\"potentialAction\":[{\"@type\":\"CommentAction\",\"name\":\"Comment\",\"target\":[\"https:\/\/www.estrategiaconcursos.com.br\/blog\/concurso-funec-contagem-processo-seletivo-educacao\/#respond\"]}],\"copyrightYear\":\"2020\",\"copyrightHolder\":{\"@id\":\"https:\/\/www.estrategiaconcursos.com.br\/blog\/#organization\"}},{\"@type\":\"WebPage\",\"@id\":\"https:\/\/www.estrategiaconcursos.com.br\/blog\/concurso-funec-contagem-processo-seletivo-educacao\/\",\"url\":\"https:\/\/www.estrategiaconcursos.com.br\/blog\/concurso-funec-contagem-processo-seletivo-educacao\/\",\"name\":\"Concurso FUNEC Contagem: prova adiada; Sele\u00e7\u00e3o suspensa!\",\"isPartOf\":{\"@id\":\"https:\/\/www.estrategiaconcursos.com.br\/blog\/#website\"},\"primaryImageOfPage\":{\"@id\":\"https:\/\/www.estrategiaconcursos.com.br\/blog\/concurso-funec-contagem-processo-seletivo-educacao\/#primaryimage\"},\"image\":{\"@id\":\"https:\/\/www.estrategiaconcursos.com.br\/blog\/concurso-funec-contagem-processo-seletivo-educacao\/#primaryimage\"},\"thumbnailUrl\":\"https:\/\/dhg1h5j42swfq.cloudfront.net\/2020\/08\/08140313\/FUNEC_CONTAGEM.jpg\",\"datePublished\":\"2020-10-14T13:20:00+00:00\",\"dateModified\":\"2023-06-14T19:11:58+00:00\",\"description\":\"Concurso FUNEC Contagem: prova adiada e sele\u00e7\u00e3o suspensa por causa do coronav\u00edrus Covid-19. Saiba mais informa\u00e7\u00f5es neste artigo!\",\"breadcrumb\":{\"@id\":\"https:\/\/www.estrategiaconcursos.com.br\/blog\/concurso-funec-contagem-processo-seletivo-educacao\/#breadcrumb\"},\"inLanguage\":\"pt-BR\",\"potentialAction\":[{\"@type\":\"ReadAction\",\"target\":[\"https:\/\/www.estrategiaconcursos.com.br\/blog\/concurso-funec-contagem-processo-seletivo-educacao\/\"]}]},{\"@type\":\"ImageObject\",\"inLanguage\":\"pt-BR\",\"@id\":\"https:\/\/www.estrategiaconcursos.com.br\/blog\/concurso-funec-contagem-processo-seletivo-educacao\/#primaryimage\",\"url\":\"https:\/\/dhg1h5j42swfq.cloudfront.net\/2020\/08\/08140313\/FUNEC_CONTAGEM.jpg\",\"contentUrl\":\"https:\/\/dhg1h5j42swfq.cloudfront.net\/2020\/08\/08140313\/FUNEC_CONTAGEM.jpg\",\"width\":1200,\"height\":628,\"caption\":\"Concurso FUNEC Contagem\"},{\"@type\":\"BreadcrumbList\",\"@id\":\"https:\/\/www.estrategiaconcursos.com.br\/blog\/concurso-funec-contagem-processo-seletivo-educacao\/#breadcrumb\",\"itemListElement\":[{\"@type\":\"ListItem\",\"position\":1,\"name\":\"In\u00edcio\",\"item\":\"https:\/\/www.estrategiaconcursos.com.br\/blog\/\"},{\"@type\":\"ListItem\",\"position\":2,\"name\":\"Concurso FUNEC Contagem: prova adiada; Sele\u00e7\u00e3o suspensa!\"}]},{\"@type\":\"WebSite\",\"@id\":\"https:\/\/www.estrategiaconcursos.com.br\/blog\/#website\",\"url\":\"https:\/\/www.estrategiaconcursos.com.br\/blog\/\",\"name\":\"Estrat\u00e9gia Concursos\",\"description\":\"O blog da Estrat\u00e9gia Concursos traz not\u00edcias sobre concursos e artigos de professores oferecendo cursos para concursos (pdf + videaulas) no site.\",\"publisher\":{\"@id\":\"https:\/\/www.estrategiaconcursos.com.br\/blog\/#organization\"},\"potentialAction\":[{\"@type\":\"SearchAction\",\"target\":{\"@type\":\"EntryPoint\",\"urlTemplate\":\"https:\/\/www.estrategiaconcursos.com.br\/blog\/?s={search_term_string}\"},\"query-input\":{\"@type\":\"PropertyValueSpecification\",\"valueRequired\":true,\"valueName\":\"search_term_string\"}}],\"inLanguage\":\"pt-BR\"},{\"@type\":\"Organization\",\"@id\":\"https:\/\/www.estrategiaconcursos.com.br\/blog\/#organization\",\"name\":\"Estrat\u00e9gia Concursos\",\"url\":\"https:\/\/www.estrategiaconcursos.com.br\/blog\/\",\"logo\":{\"@type\":\"ImageObject\",\"inLanguage\":\"pt-BR\",\"@id\":\"https:\/\/www.estrategiaconcursos.com.br\/blog\/#\/schema\/logo\/image\/\",\"url\":\"https:\/\/dhg1h5j42swfq.cloudfront.net\/2025\/06\/03203428\/logo_concursos-1.jpg\",\"contentUrl\":\"https:\/\/dhg1h5j42swfq.cloudfront.net\/2025\/06\/03203428\/logo_concursos-1.jpg\",\"width\":230,\"height\":60,\"caption\":\"Estrat\u00e9gia Concursos\"},\"image\":{\"@id\":\"https:\/\/www.estrategiaconcursos.com.br\/blog\/#\/schema\/logo\/image\/\"},\"sameAs\":[\"https:\/\/x.com\/EstratConcursos\"]},{\"@type\":\"Person\",\"@id\":\"https:\/\/www.estrategiaconcursos.com.br\/blog\/#\/schema\/person\/b4a388c97673c5f483d72185668afa1f\",\"name\":\"Coordena\u00e7\u00e3o\",\"image\":{\"@type\":\"ImageObject\",\"inLanguage\":\"pt-BR\",\"@id\":\"https:\/\/secure.gravatar.com\/avatar\/b720319e4c9a967eb58678d110f4fe35452fc5d5f97b202bac7b8acceb18c6ad?s=96&d=mm&r=g\",\"url\":\"https:\/\/secure.gravatar.com\/avatar\/b720319e4c9a967eb58678d110f4fe35452fc5d5f97b202bac7b8acceb18c6ad?s=96&d=mm&r=g\",\"contentUrl\":\"https:\/\/secure.gravatar.com\/avatar\/b720319e4c9a967eb58678d110f4fe35452fc5d5f97b202bac7b8acceb18c6ad?s=96&d=mm&r=g\",\"caption\":\"Coordena\u00e7\u00e3o\"},\"sameAs\":[\"https:\/\/www.facebook.com\/EstrategiaConcursos\",\"https:\/\/x.com\/EstratConcursos\"],\"url\":\"https:\/\/www.estrategiaconcursos.com.br\/blog\/author\/estrategia2013\/\"}]}<\/script>\n<!-- \/ Yoast SEO Premium plugin. -->","yoast_head_json":{"title":"Concurso FUNEC Contagem: prova adiada; Sele\u00e7\u00e3o suspensa!","description":"Concurso FUNEC Contagem: prova adiada e sele\u00e7\u00e3o suspensa por causa do coronav\u00edrus Covid-19. Saiba mais informa\u00e7\u00f5es neste artigo!","robots":{"index":"index","follow":"follow","max-snippet":"max-snippet:-1","max-image-preview":"max-image-preview:large","max-video-preview":"max-video-preview:-1"},"canonical":"https:\/\/www.estrategiaconcursos.com.br\/blog\/concurso-funec-contagem-processo-seletivo-educacao\/","og_locale":"pt_BR","og_type":"article","og_title":"Concurso FUNEC Contagem: prova adiada; Sele\u00e7\u00e3o suspensa!","og_description":"Concurso FUNEC Contagem: prova adiada e sele\u00e7\u00e3o suspensa por causa do coronav\u00edrus Covid-19. Saiba mais informa\u00e7\u00f5es neste artigo!","og_url":"https:\/\/www.estrategiaconcursos.com.br\/blog\/concurso-funec-contagem-processo-seletivo-educacao\/","og_site_name":"Estrat\u00e9gia Concursos","article_author":"https:\/\/www.facebook.com\/EstrategiaConcursos","article_published_time":"2020-10-14T13:20:00+00:00","article_modified_time":"2023-06-14T19:11:58+00:00","og_image":[{"width":1200,"height":628,"url":"https:\/\/dhg1h5j42swfq.cloudfront.net\/2020\/08\/08140313\/FUNEC_CONTAGEM.jpg","type":"image\/jpeg"}],"author":"Coordena\u00e7\u00e3o","twitter_card":"summary_large_image","twitter_creator":"@EstratConcursos","twitter_site":"@EstratConcursos","twitter_misc":{"Escrito por":"Coordena\u00e7\u00e3o","Est. tempo de leitura":"5 minutos"},"schema":{"@context":"https:\/\/schema.org","@graph":[{"@type":"NewsArticle","@id":"https:\/\/www.estrategiaconcursos.com.br\/blog\/concurso-funec-contagem-processo-seletivo-educacao\/#article","isPartOf":{"@id":"https:\/\/www.estrategiaconcursos.com.br\/blog\/concurso-funec-contagem-processo-seletivo-educacao\/"},"author":{"name":"Coordena\u00e7\u00e3o","@id":"https:\/\/www.estrategiaconcursos.com.br\/blog\/#\/schema\/person\/b4a388c97673c5f483d72185668afa1f"},"headline":"Concurso FUNEC Contagem: prova adiada; Sele\u00e7\u00e3o suspensa!","datePublished":"2020-10-14T13:20:00+00:00","dateModified":"2023-06-14T19:11:58+00:00","mainEntityOfPage":{"@id":"https:\/\/www.estrategiaconcursos.com.br\/blog\/concurso-funec-contagem-processo-seletivo-educacao\/"},"wordCount":935,"commentCount":4,"publisher":{"@id":"https:\/\/www.estrategiaconcursos.com.br\/blog\/#organization"},"image":{"@id":"https:\/\/www.estrategiaconcursos.com.br\/blog\/concurso-funec-contagem-processo-seletivo-educacao\/#primaryimage"},"thumbnailUrl":"https:\/\/dhg1h5j42swfq.cloudfront.net\/2020\/08\/08140313\/FUNEC_CONTAGEM.jpg","articleSection":["Educa\u00e7\u00e3o"],"inLanguage":"pt-BR","potentialAction":[{"@type":"CommentAction","name":"Comment","target":["https:\/\/www.estrategiaconcursos.com.br\/blog\/concurso-funec-contagem-processo-seletivo-educacao\/#respond"]}],"copyrightYear":"2020","copyrightHolder":{"@id":"https:\/\/www.estrategiaconcursos.com.br\/blog\/#organization"}},{"@type":"WebPage","@id":"https:\/\/www.estrategiaconcursos.com.br\/blog\/concurso-funec-contagem-processo-seletivo-educacao\/","url":"https:\/\/www.estrategiaconcursos.com.br\/blog\/concurso-funec-contagem-processo-seletivo-educacao\/","name":"Concurso FUNEC Contagem: prova adiada; Sele\u00e7\u00e3o suspensa!","isPartOf":{"@id":"https:\/\/www.estrategiaconcursos.com.br\/blog\/#website"},"primaryImageOfPage":{"@id":"https:\/\/www.estrategiaconcursos.com.br\/blog\/concurso-funec-contagem-processo-seletivo-educacao\/#primaryimage"},"image":{"@id":"https:\/\/www.estrategiaconcursos.com.br\/blog\/concurso-funec-contagem-processo-seletivo-educacao\/#primaryimage"},"thumbnailUrl":"https:\/\/dhg1h5j42swfq.cloudfront.net\/2020\/08\/08140313\/FUNEC_CONTAGEM.jpg","datePublished":"2020-10-14T13:20:00+00:00","dateModified":"2023-06-14T19:11:58+00:00","description":"Concurso FUNEC Contagem: prova adiada e sele\u00e7\u00e3o suspensa por causa do coronav\u00edrus Covid-19. Saiba mais informa\u00e7\u00f5es neste artigo!","breadcrumb":{"@id":"https:\/\/www.estrategiaconcursos.com.br\/blog\/concurso-funec-contagem-processo-seletivo-educacao\/#breadcrumb"},"inLanguage":"pt-BR","potentialAction":[{"@type":"ReadAction","target":["https:\/\/www.estrategiaconcursos.com.br\/blog\/concurso-funec-contagem-processo-seletivo-educacao\/"]}]},{"@type":"ImageObject","inLanguage":"pt-BR","@id":"https:\/\/www.estrategiaconcursos.com.br\/blog\/concurso-funec-contagem-processo-seletivo-educacao\/#primaryimage","url":"https:\/\/dhg1h5j42swfq.cloudfront.net\/2020\/08\/08140313\/FUNEC_CONTAGEM.jpg","contentUrl":"https:\/\/dhg1h5j42swfq.cloudfront.net\/2020\/08\/08140313\/FUNEC_CONTAGEM.jpg","width":1200,"height":628,"caption":"Concurso FUNEC Contagem"},{"@type":"BreadcrumbList","@id":"https:\/\/www.estrategiaconcursos.com.br\/blog\/concurso-funec-contagem-processo-seletivo-educacao\/#breadcrumb","itemListElement":[{"@type":"ListItem","position":1,"name":"In\u00edcio","item":"https:\/\/www.estrategiaconcursos.com.br\/blog\/"},{"@type":"ListItem","position":2,"name":"Concurso FUNEC Contagem: prova adiada; Sele\u00e7\u00e3o suspensa!"}]},{"@type":"WebSite","@id":"https:\/\/www.estrategiaconcursos.com.br\/blog\/#website","url":"https:\/\/www.estrategiaconcursos.com.br\/blog\/","name":"Estrat\u00e9gia Concursos","description":"O blog da Estrat\u00e9gia Concursos traz not\u00edcias sobre concursos e artigos de professores oferecendo cursos para concursos (pdf + videaulas) no site.","publisher":{"@id":"https:\/\/www.estrategiaconcursos.com.br\/blog\/#organization"},"potentialAction":[{"@type":"SearchAction","target":{"@type":"EntryPoint","urlTemplate":"https:\/\/www.estrategiaconcursos.com.br\/blog\/?s={search_term_string}"},"query-input":{"@type":"PropertyValueSpecification","valueRequired":true,"valueName":"search_term_string"}}],"inLanguage":"pt-BR"},{"@type":"Organization","@id":"https:\/\/www.estrategiaconcursos.com.br\/blog\/#organization","name":"Estrat\u00e9gia Concursos","url":"https:\/\/www.estrategiaconcursos.com.br\/blog\/","logo":{"@type":"ImageObject","inLanguage":"pt-BR","@id":"https:\/\/www.estrategiaconcursos.com.br\/blog\/#\/schema\/logo\/image\/","url":"https:\/\/dhg1h5j42swfq.cloudfront.net\/2025\/06\/03203428\/logo_concursos-1.jpg","contentUrl":"https:\/\/dhg1h5j42swfq.cloudfront.net\/2025\/06\/03203428\/logo_concursos-1.jpg","width":230,"height":60,"caption":"Estrat\u00e9gia Concursos"},"image":{"@id":"https:\/\/www.estrategiaconcursos.com.br\/blog\/#\/schema\/logo\/image\/"},"sameAs":["https:\/\/x.com\/EstratConcursos"]},{"@type":"Person","@id":"https:\/\/www.estrategiaconcursos.com.br\/blog\/#\/schema\/person\/b4a388c97673c5f483d72185668afa1f","name":"Coordena\u00e7\u00e3o","image":{"@type":"ImageObject","inLanguage":"pt-BR","@id":"https:\/\/secure.gravatar.com\/avatar\/b720319e4c9a967eb58678d110f4fe35452fc5d5f97b202bac7b8acceb18c6ad?s=96&d=mm&r=g","url":"https:\/\/secure.gravatar.com\/avatar\/b720319e4c9a967eb58678d110f4fe35452fc5d5f97b202bac7b8acceb18c6ad?s=96&d=mm&r=g","contentUrl":"https:\/\/secure.gravatar.com\/avatar\/b720319e4c9a967eb58678d110f4fe35452fc5d5f97b202bac7b8acceb18c6ad?s=96&d=mm&r=g","caption":"Coordena\u00e7\u00e3o"},"sameAs":["https:\/\/www.facebook.com\/EstrategiaConcursos","https:\/\/x.com\/EstratConcursos"],"url":"https:\/\/www.estrategiaconcursos.com.br\/blog\/author\/estrategia2013\/"}]}},"_links":{"self":[{"href":"https:\/\/www.estrategiaconcursos.com.br\/blog\/wp-json\/wp\/v2\/posts\/495871","targetHints":{"allow":["GET"]}}],"collection":[{"href":"https:\/\/www.estrategiaconcursos.com.br\/blog\/wp-json\/wp\/v2\/posts"}],"about":[{"href":"https:\/\/www.estrategiaconcursos.com.br\/blog\/wp-json\/wp\/v2\/types\/post"}],"author":[{"embeddable":true,"href":"https:\/\/www.estrategiaconcursos.com.br\/blog\/wp-json\/wp\/v2\/users\/1"}],"replies":[{"embeddable":true,"href":"https:\/\/www.estrategiaconcursos.com.br\/blog\/wp-json\/wp\/v2\/comments?post=495871"}],"version-history":[{"count":43,"href":"https:\/\/www.estrategiaconcursos.com.br\/blog\/wp-json\/wp\/v2\/posts\/495871\/revisions"}],"predecessor-version":[{"id":1232353,"href":"https:\/\/www.estrategiaconcursos.com.br\/blog\/wp-json\/wp\/v2\/posts\/495871\/revisions\/1232353"}],"wp:featuredmedia":[{"embeddable":true,"href":"https:\/\/www.estrategiaconcursos.com.br\/blog\/wp-json\/wp\/v2\/media\/553157"}],"wp:attachment":[{"href":"https:\/\/www.estrategiaconcursos.com.br\/blog\/wp-json\/wp\/v2\/media?parent=495871"}],"wp:term":[{"taxonomy":"category","embeddable":true,"href":"https:\/\/www.estrategiaconcursos.com.br\/blog\/wp-json\/wp\/v2\/categories?post=495871"},{"taxonomy":"post_tag","embeddable":true,"href":"https:\/\/www.estrategiaconcursos.com.br\/blog\/wp-json\/wp\/v2\/tags?post=495871"},{"taxonomy":"tax_estado","embeddable":true,"href":"https:\/\/www.estrategiaconcursos.com.br\/blog\/wp-json\/wp\/v2\/tax_estado?post=495871"}],"curies":[{"name":"wp","href":"https:\/\/api.w.org\/{rel}","templated":true}]}}