{"id":495851,"date":"2020-03-24T11:53:05","date_gmt":"2020-03-24T14:53:05","guid":{"rendered":"https:\/\/www.estrategiaconcursos.com.br\/blog\/?p=495851"},"modified":"2020-03-24T11:53:07","modified_gmt":"2020-03-24T14:53:07","slug":"taf-e-entrevista-devolutiva-do-concurso-guarda-municipal-campinas-estao-suspensas","status":"publish","type":"post","link":"https:\/\/www.estrategiaconcursos.com.br\/blog\/taf-e-entrevista-devolutiva-do-concurso-guarda-municipal-campinas-estao-suspensas\/","title":{"rendered":"TAF e Entrevista Devolutiva do concurso Guarda Municipal Campinas est\u00e3o suspensas"},"content":{"rendered":"\n<p>Foi publicado um comunicado sobre o concurso Guarda Municipal  Campinas; de acordo com o documento est\u00e1 suspensa a entrevista devolutiva e o Teste de Aptid\u00e3o F\u00edsica (TAF) que estava agendado para o dia 12 de abril.<\/p>\n\n\n\n<p>Essa decis\u00e3o ocorreu em raz\u00e3o da publica\u00e7\u00e3o de medidas  tempor\u00e1rias e emergenciais de preven\u00e7\u00e3o de cont\u00e1gio pelo COVID-19 pelo Governo do Estado de S\u00e3o Paulo.<\/p>\n\n\n\n<p>Uma nova data para as aplica\u00e7\u00f5es da entrevista devolutiva e do TAF ser\u00e3o divulgadas assim que a situa\u00e7\u00e3o epidemiol\u00f3gica do pa\u00eds se normalizar.<\/p>\n\n\n\n<p>Confira abaixo o documento na \u00edntegra:<\/p>\n\n\n\n<figure class=\"wp-block-image size-large\"><img loading=\"lazy\" decoding=\"async\" width=\"723\" height=\"345\" src=\"https:\/\/dhg1h5j42swfq.cloudfront.net\/2020\/03\/24113942\/image-306.png\" alt=\"\" class=\"wp-image-495875\" srcset=\"https:\/\/dhg1h5j42swfq.cloudfront.net\/2020\/03\/24113942\/image-306.png 723w, https:\/\/dhg1h5j42swfq.cloudfront.net\/2020\/03\/24113942\/image-306-300x143.png 300w, https:\/\/dhg1h5j42swfq.cloudfront.net\/2020\/03\/24113942\/image-306-610x291.png 610w\" sizes=\"auto, (max-width: 723px) 100vw, 723px\" \/><\/figure>\n\n\n\n<p class=\"has-text-align-center\"><strong>Saiba mais:&nbsp;<\/strong><a rel=\"noreferrer noopener\" href=\"https:\/\/www.estrategiaconcursos.com.br\/blog\/concurso-prefeitura-de-campinas\/#guarda\" target=\"_blank\"><strong>concurso Guarda Prefeitura de Campinas<\/strong><\/a><\/p>\n\n\n\n<h2 class=\"has-text-align-center wp-block-heading\" id=\"cursos\">Prepare-se para o concurso Prefeitura de Campinas<\/h2>\n\n\n\n<p class=\"has-text-align-center\"><em>Gostou dessa oportunidade e quer se preparar melhor? Acesse nossos cursos:<\/em><\/p>\n\n\n\n<p class=\"has-background has-text-align-center has-luminous-vivid-amber-background-color\"><strong><a href=\"https:\/\/www.estrategiaconcursos.com.br\/pesquisa\/?q=prefeitura+de+campinas\" target=\"_blank\" rel=\"noreferrer noopener\">CURSO PREFEITURA DE CAMPINAS<\/a><\/strong><\/p>\n\n\n\n<p class=\"has-text-align-center\"><em><strong>Assinatura Anual Ilimitada*<\/strong><\/em><\/p>\n\n\n\n<p class=\"has-text-align-center\"><em>Prepare-se com o melhor material e com quem mais aprova em Concursos P\u00fablicos em todo o pa\u00eds. Assine agora a nossa Assinatura Anual e tenha acesso ilimitado* a todos os nossos cursos.<\/em><\/p>\n\n\n\n<p class=\"has-background has-text-align-center has-light-green-cyan-background-color\"><strong>ASSINE AGORA<\/strong>&nbsp;\u2013&nbsp;<a rel=\"noreferrer noopener\" href=\"https:\/\/www.estrategiaconcursos.com.br\/assinaturas\" target=\"_blank\"><strong>Assinatura Ilimitada<\/strong><\/a><\/p>\n\n\n\n<p class=\"has-text-align-center\"><em><strong>Fique por dentro de todos os concursos<\/strong><\/em>:<\/p>\n\n\n\n<p class=\"has-background has-text-align-center has-pale-cyan-blue-background-color\"><a rel=\"noreferrer noopener\" href=\"https:\/\/www.estrategiaconcursos.com.br\/blog\/concursos-abertos\/\" target=\"_blank\"><strong>Concursos abertos<\/strong><\/a><\/p>\n\n\n\n<p class=\"has-background has-text-align-center has-pale-cyan-blue-background-color\"><a rel=\"noreferrer noopener\" href=\"https:\/\/www.estrategiaconcursos.com.br\/blog\/concursos-2020\/\" target=\"_blank\"><strong>Concursos 2020<\/strong><\/a><\/p>\n","protected":false},"excerpt":{"rendered":"<p>Foi publicado um comunicado sobre o concurso Guarda Municipal Campinas; de acordo com o documento est\u00e1 suspensa a entrevista devolutiva e o Teste de Aptid\u00e3o F\u00edsica (TAF) que estava agendado para o dia 12 de abril. Essa decis\u00e3o ocorreu em raz\u00e3o da publica\u00e7\u00e3o de medidas tempor\u00e1rias e emergenciais de preven\u00e7\u00e3o de cont\u00e1gio pelo COVID-19 pelo [&hellip;]<\/p>\n","protected":false},"author":214,"featured_media":0,"comment_status":"open","ping_status":"closed","sticky":false,"template":"","format":"standard","meta":{"post_tipo":"article","footnotes":""},"categories":[1],"tags":[],"tax_estado":[],"class_list":["post-495851","post","type-post","status-publish","format-standard","hentry","category-cursos-e-concursos"],"acf":[],"yoast_head":"<!-- This site is optimized with the Yoast SEO Premium plugin v27.2 (Yoast SEO v27.2) - https:\/\/yoast.com\/product\/yoast-seo-premium-wordpress\/ -->\n<title>TAF e Entrevista Devolutiva do concurso Guarda Municipal Campinas est\u00e3o suspensas<\/title>\n<meta name=\"robots\" content=\"index, follow, max-snippet:-1, max-image-preview:large, max-video-preview:-1\" \/>\n<link rel=\"canonical\" href=\"https:\/\/www.estrategiaconcursos.com.br\/blog\/taf-e-entrevista-devolutiva-do-concurso-guarda-municipal-campinas-estao-suspensas\/\" \/>\n<meta property=\"og:locale\" content=\"pt_BR\" \/>\n<meta property=\"og:type\" content=\"article\" \/>\n<meta property=\"og:title\" content=\"TAF e Entrevista Devolutiva do concurso Guarda Municipal Campinas est\u00e3o suspensas\" \/>\n<meta property=\"og:description\" content=\"Foi publicado um comunicado sobre o concurso Guarda Municipal Campinas; de acordo com o documento est\u00e1 suspensa a entrevista devolutiva e o Teste de Aptid\u00e3o F\u00edsica (TAF) que estava agendado para o dia 12 de abril. Essa decis\u00e3o ocorreu em raz\u00e3o da publica\u00e7\u00e3o de medidas tempor\u00e1rias e emergenciais de preven\u00e7\u00e3o de cont\u00e1gio pelo COVID-19 pelo [&hellip;]\" \/>\n<meta property=\"og:url\" content=\"https:\/\/www.estrategiaconcursos.com.br\/blog\/taf-e-entrevista-devolutiva-do-concurso-guarda-municipal-campinas-estao-suspensas\/\" \/>\n<meta property=\"og:site_name\" content=\"Estrat\u00e9gia Concursos\" \/>\n<meta property=\"article:published_time\" content=\"2020-03-24T14:53:05+00:00\" \/>\n<meta property=\"article:modified_time\" content=\"2020-03-24T14:53:07+00:00\" \/>\n<meta property=\"og:image\" content=\"https:\/\/www.estrategiaconcursos.com.br\/blog\/wp-content\/uploads\/2020\/03\/image-306.png\" \/>\n<meta name=\"author\" content=\"D\u00e9cio Terror Filho\" \/>\n<meta name=\"twitter:card\" content=\"summary_large_image\" \/>\n<meta name=\"twitter:creator\" content=\"@EstratConcursos\" \/>\n<meta name=\"twitter:site\" content=\"@EstratConcursos\" \/>\n<meta name=\"twitter:label1\" content=\"Escrito por\" \/>\n\t<meta name=\"twitter:data1\" content=\"D\u00e9cio Terror Filho\" \/>\n\t<meta name=\"twitter:label2\" content=\"Est. tempo de leitura\" \/>\n\t<meta name=\"twitter:data2\" content=\"1 minuto\" \/>\n<script type=\"application\/ld+json\" class=\"yoast-schema-graph\">{\"@context\":\"https:\/\/schema.org\",\"@graph\":[{\"@type\":\"NewsArticle\",\"@id\":\"https:\/\/www.estrategiaconcursos.com.br\/blog\/taf-e-entrevista-devolutiva-do-concurso-guarda-municipal-campinas-estao-suspensas\/#article\",\"isPartOf\":{\"@id\":\"https:\/\/www.estrategiaconcursos.com.br\/blog\/taf-e-entrevista-devolutiva-do-concurso-guarda-municipal-campinas-estao-suspensas\/\"},\"author\":{\"name\":\"D\u00e9cio Terror Filho\",\"@id\":\"https:\/\/www.estrategiaconcursos.com.br\/blog\/#\/schema\/person\/e8165364027a31208914fc77c3314727\"},\"headline\":\"TAF e Entrevista Devolutiva do concurso Guarda Municipal Campinas est\u00e3o suspensas\",\"datePublished\":\"2020-03-24T14:53:05+00:00\",\"dateModified\":\"2020-03-24T14:53:07+00:00\",\"mainEntityOfPage\":{\"@id\":\"https:\/\/www.estrategiaconcursos.com.br\/blog\/taf-e-entrevista-devolutiva-do-concurso-guarda-municipal-campinas-estao-suspensas\/\"},\"wordCount\":198,\"commentCount\":0,\"publisher\":{\"@id\":\"https:\/\/www.estrategiaconcursos.com.br\/blog\/#organization\"},\"image\":{\"@id\":\"https:\/\/www.estrategiaconcursos.com.br\/blog\/taf-e-entrevista-devolutiva-do-concurso-guarda-municipal-campinas-estao-suspensas\/#primaryimage\"},\"thumbnailUrl\":\"https:\/\/www.estrategiaconcursos.com.br\/blog\/wp-content\/uploads\/2020\/03\/image-306.png\",\"articleSection\":[\"Concursos P\u00fablicos\"],\"inLanguage\":\"pt-BR\",\"potentialAction\":[{\"@type\":\"CommentAction\",\"name\":\"Comment\",\"target\":[\"https:\/\/www.estrategiaconcursos.com.br\/blog\/taf-e-entrevista-devolutiva-do-concurso-guarda-municipal-campinas-estao-suspensas\/#respond\"]}],\"copyrightYear\":\"2020\",\"copyrightHolder\":{\"@id\":\"https:\/\/www.estrategiaconcursos.com.br\/blog\/#organization\"}},{\"@type\":\"WebPage\",\"@id\":\"https:\/\/www.estrategiaconcursos.com.br\/blog\/taf-e-entrevista-devolutiva-do-concurso-guarda-municipal-campinas-estao-suspensas\/\",\"url\":\"https:\/\/www.estrategiaconcursos.com.br\/blog\/taf-e-entrevista-devolutiva-do-concurso-guarda-municipal-campinas-estao-suspensas\/\",\"name\":\"TAF e Entrevista Devolutiva do concurso Guarda Municipal Campinas est\u00e3o suspensas\",\"isPartOf\":{\"@id\":\"https:\/\/www.estrategiaconcursos.com.br\/blog\/#website\"},\"primaryImageOfPage\":{\"@id\":\"https:\/\/www.estrategiaconcursos.com.br\/blog\/taf-e-entrevista-devolutiva-do-concurso-guarda-municipal-campinas-estao-suspensas\/#primaryimage\"},\"image\":{\"@id\":\"https:\/\/www.estrategiaconcursos.com.br\/blog\/taf-e-entrevista-devolutiva-do-concurso-guarda-municipal-campinas-estao-suspensas\/#primaryimage\"},\"thumbnailUrl\":\"https:\/\/www.estrategiaconcursos.com.br\/blog\/wp-content\/uploads\/2020\/03\/image-306.png\",\"datePublished\":\"2020-03-24T14:53:05+00:00\",\"dateModified\":\"2020-03-24T14:53:07+00:00\",\"breadcrumb\":{\"@id\":\"https:\/\/www.estrategiaconcursos.com.br\/blog\/taf-e-entrevista-devolutiva-do-concurso-guarda-municipal-campinas-estao-suspensas\/#breadcrumb\"},\"inLanguage\":\"pt-BR\",\"potentialAction\":[{\"@type\":\"ReadAction\",\"target\":[\"https:\/\/www.estrategiaconcursos.com.br\/blog\/taf-e-entrevista-devolutiva-do-concurso-guarda-municipal-campinas-estao-suspensas\/\"]}]},{\"@type\":\"ImageObject\",\"inLanguage\":\"pt-BR\",\"@id\":\"https:\/\/www.estrategiaconcursos.com.br\/blog\/taf-e-entrevista-devolutiva-do-concurso-guarda-municipal-campinas-estao-suspensas\/#primaryimage\",\"url\":\"https:\/\/dhg1h5j42swfq.cloudfront.net\/2020\/03\/24113942\/image-306.png\",\"contentUrl\":\"https:\/\/dhg1h5j42swfq.cloudfront.net\/2020\/03\/24113942\/image-306.png\",\"width\":723,\"height\":345},{\"@type\":\"BreadcrumbList\",\"@id\":\"https:\/\/www.estrategiaconcursos.com.br\/blog\/taf-e-entrevista-devolutiva-do-concurso-guarda-municipal-campinas-estao-suspensas\/#breadcrumb\",\"itemListElement\":[{\"@type\":\"ListItem\",\"position\":1,\"name\":\"In\u00edcio\",\"item\":\"https:\/\/www.estrategiaconcursos.com.br\/blog\/\"},{\"@type\":\"ListItem\",\"position\":2,\"name\":\"TAF e Entrevista Devolutiva do concurso Guarda Municipal Campinas est\u00e3o suspensas\"}]},{\"@type\":\"WebSite\",\"@id\":\"https:\/\/www.estrategiaconcursos.com.br\/blog\/#website\",\"url\":\"https:\/\/www.estrategiaconcursos.com.br\/blog\/\",\"name\":\"Estrat\u00e9gia Concursos\",\"description\":\"O blog da Estrat\u00e9gia Concursos traz not\u00edcias sobre concursos e artigos de professores oferecendo cursos para concursos (pdf + videaulas) no site.\",\"publisher\":{\"@id\":\"https:\/\/www.estrategiaconcursos.com.br\/blog\/#organization\"},\"potentialAction\":[{\"@type\":\"SearchAction\",\"target\":{\"@type\":\"EntryPoint\",\"urlTemplate\":\"https:\/\/www.estrategiaconcursos.com.br\/blog\/?s={search_term_string}\"},\"query-input\":{\"@type\":\"PropertyValueSpecification\",\"valueRequired\":true,\"valueName\":\"search_term_string\"}}],\"inLanguage\":\"pt-BR\"},{\"@type\":\"Organization\",\"@id\":\"https:\/\/www.estrategiaconcursos.com.br\/blog\/#organization\",\"name\":\"Estrat\u00e9gia Concursos\",\"url\":\"https:\/\/www.estrategiaconcursos.com.br\/blog\/\",\"logo\":{\"@type\":\"ImageObject\",\"inLanguage\":\"pt-BR\",\"@id\":\"https:\/\/www.estrategiaconcursos.com.br\/blog\/#\/schema\/logo\/image\/\",\"url\":\"https:\/\/dhg1h5j42swfq.cloudfront.net\/2025\/06\/03203428\/logo_concursos-1.jpg\",\"contentUrl\":\"https:\/\/dhg1h5j42swfq.cloudfront.net\/2025\/06\/03203428\/logo_concursos-1.jpg\",\"width\":230,\"height\":60,\"caption\":\"Estrat\u00e9gia Concursos\"},\"image\":{\"@id\":\"https:\/\/www.estrategiaconcursos.com.br\/blog\/#\/schema\/logo\/image\/\"},\"sameAs\":[\"https:\/\/x.com\/EstratConcursos\"]},{\"@type\":\"Person\",\"@id\":\"https:\/\/www.estrategiaconcursos.com.br\/blog\/#\/schema\/person\/e8165364027a31208914fc77c3314727\",\"name\":\"D\u00e9cio Terror Filho\",\"image\":{\"@type\":\"ImageObject\",\"inLanguage\":\"pt-BR\",\"@id\":\"https:\/\/secure.gravatar.com\/avatar\/a5b78e734de7c6482e965926e78344deb81abbc34282a3c9536cbb1a59728a37?s=96&d=mm&r=g\",\"url\":\"https:\/\/secure.gravatar.com\/avatar\/a5b78e734de7c6482e965926e78344deb81abbc34282a3c9536cbb1a59728a37?s=96&d=mm&r=g\",\"contentUrl\":\"https:\/\/secure.gravatar.com\/avatar\/a5b78e734de7c6482e965926e78344deb81abbc34282a3c9536cbb1a59728a37?s=96&d=mm&r=g\",\"caption\":\"D\u00e9cio Terror Filho\"},\"url\":\"https:\/\/www.estrategiaconcursos.com.br\/blog\/author\/contatoterrorportugues-com-br\/\"}]}<\/script>\n<!-- \/ Yoast SEO Premium plugin. -->","yoast_head_json":{"title":"TAF e Entrevista Devolutiva do concurso Guarda Municipal Campinas est\u00e3o suspensas","robots":{"index":"index","follow":"follow","max-snippet":"max-snippet:-1","max-image-preview":"max-image-preview:large","max-video-preview":"max-video-preview:-1"},"canonical":"https:\/\/www.estrategiaconcursos.com.br\/blog\/taf-e-entrevista-devolutiva-do-concurso-guarda-municipal-campinas-estao-suspensas\/","og_locale":"pt_BR","og_type":"article","og_title":"TAF e Entrevista Devolutiva do concurso Guarda Municipal Campinas est\u00e3o suspensas","og_description":"Foi publicado um comunicado sobre o concurso Guarda Municipal Campinas; de acordo com o documento est\u00e1 suspensa a entrevista devolutiva e o Teste de Aptid\u00e3o F\u00edsica (TAF) que estava agendado para o dia 12 de abril. Essa decis\u00e3o ocorreu em raz\u00e3o da publica\u00e7\u00e3o de medidas tempor\u00e1rias e emergenciais de preven\u00e7\u00e3o de cont\u00e1gio pelo COVID-19 pelo [&hellip;]","og_url":"https:\/\/www.estrategiaconcursos.com.br\/blog\/taf-e-entrevista-devolutiva-do-concurso-guarda-municipal-campinas-estao-suspensas\/","og_site_name":"Estrat\u00e9gia Concursos","article_published_time":"2020-03-24T14:53:05+00:00","article_modified_time":"2020-03-24T14:53:07+00:00","og_image":[{"url":"https:\/\/www.estrategiaconcursos.com.br\/blog\/wp-content\/uploads\/2020\/03\/image-306.png","type":"","width":"","height":""}],"author":"D\u00e9cio Terror Filho","twitter_card":"summary_large_image","twitter_creator":"@EstratConcursos","twitter_site":"@EstratConcursos","twitter_misc":{"Escrito por":"D\u00e9cio Terror Filho","Est. tempo de leitura":"1 minuto"},"schema":{"@context":"https:\/\/schema.org","@graph":[{"@type":"NewsArticle","@id":"https:\/\/www.estrategiaconcursos.com.br\/blog\/taf-e-entrevista-devolutiva-do-concurso-guarda-municipal-campinas-estao-suspensas\/#article","isPartOf":{"@id":"https:\/\/www.estrategiaconcursos.com.br\/blog\/taf-e-entrevista-devolutiva-do-concurso-guarda-municipal-campinas-estao-suspensas\/"},"author":{"name":"D\u00e9cio Terror Filho","@id":"https:\/\/www.estrategiaconcursos.com.br\/blog\/#\/schema\/person\/e8165364027a31208914fc77c3314727"},"headline":"TAF e Entrevista Devolutiva do concurso Guarda Municipal Campinas est\u00e3o suspensas","datePublished":"2020-03-24T14:53:05+00:00","dateModified":"2020-03-24T14:53:07+00:00","mainEntityOfPage":{"@id":"https:\/\/www.estrategiaconcursos.com.br\/blog\/taf-e-entrevista-devolutiva-do-concurso-guarda-municipal-campinas-estao-suspensas\/"},"wordCount":198,"commentCount":0,"publisher":{"@id":"https:\/\/www.estrategiaconcursos.com.br\/blog\/#organization"},"image":{"@id":"https:\/\/www.estrategiaconcursos.com.br\/blog\/taf-e-entrevista-devolutiva-do-concurso-guarda-municipal-campinas-estao-suspensas\/#primaryimage"},"thumbnailUrl":"https:\/\/www.estrategiaconcursos.com.br\/blog\/wp-content\/uploads\/2020\/03\/image-306.png","articleSection":["Concursos P\u00fablicos"],"inLanguage":"pt-BR","potentialAction":[{"@type":"CommentAction","name":"Comment","target":["https:\/\/www.estrategiaconcursos.com.br\/blog\/taf-e-entrevista-devolutiva-do-concurso-guarda-municipal-campinas-estao-suspensas\/#respond"]}],"copyrightYear":"2020","copyrightHolder":{"@id":"https:\/\/www.estrategiaconcursos.com.br\/blog\/#organization"}},{"@type":"WebPage","@id":"https:\/\/www.estrategiaconcursos.com.br\/blog\/taf-e-entrevista-devolutiva-do-concurso-guarda-municipal-campinas-estao-suspensas\/","url":"https:\/\/www.estrategiaconcursos.com.br\/blog\/taf-e-entrevista-devolutiva-do-concurso-guarda-municipal-campinas-estao-suspensas\/","name":"TAF e Entrevista Devolutiva do concurso Guarda Municipal Campinas est\u00e3o suspensas","isPartOf":{"@id":"https:\/\/www.estrategiaconcursos.com.br\/blog\/#website"},"primaryImageOfPage":{"@id":"https:\/\/www.estrategiaconcursos.com.br\/blog\/taf-e-entrevista-devolutiva-do-concurso-guarda-municipal-campinas-estao-suspensas\/#primaryimage"},"image":{"@id":"https:\/\/www.estrategiaconcursos.com.br\/blog\/taf-e-entrevista-devolutiva-do-concurso-guarda-municipal-campinas-estao-suspensas\/#primaryimage"},"thumbnailUrl":"https:\/\/www.estrategiaconcursos.com.br\/blog\/wp-content\/uploads\/2020\/03\/image-306.png","datePublished":"2020-03-24T14:53:05+00:00","dateModified":"2020-03-24T14:53:07+00:00","breadcrumb":{"@id":"https:\/\/www.estrategiaconcursos.com.br\/blog\/taf-e-entrevista-devolutiva-do-concurso-guarda-municipal-campinas-estao-suspensas\/#breadcrumb"},"inLanguage":"pt-BR","potentialAction":[{"@type":"ReadAction","target":["https:\/\/www.estrategiaconcursos.com.br\/blog\/taf-e-entrevista-devolutiva-do-concurso-guarda-municipal-campinas-estao-suspensas\/"]}]},{"@type":"ImageObject","inLanguage":"pt-BR","@id":"https:\/\/www.estrategiaconcursos.com.br\/blog\/taf-e-entrevista-devolutiva-do-concurso-guarda-municipal-campinas-estao-suspensas\/#primaryimage","url":"https:\/\/dhg1h5j42swfq.cloudfront.net\/2020\/03\/24113942\/image-306.png","contentUrl":"https:\/\/dhg1h5j42swfq.cloudfront.net\/2020\/03\/24113942\/image-306.png","width":723,"height":345},{"@type":"BreadcrumbList","@id":"https:\/\/www.estrategiaconcursos.com.br\/blog\/taf-e-entrevista-devolutiva-do-concurso-guarda-municipal-campinas-estao-suspensas\/#breadcrumb","itemListElement":[{"@type":"ListItem","position":1,"name":"In\u00edcio","item":"https:\/\/www.estrategiaconcursos.com.br\/blog\/"},{"@type":"ListItem","position":2,"name":"TAF e Entrevista Devolutiva do concurso Guarda Municipal Campinas est\u00e3o suspensas"}]},{"@type":"WebSite","@id":"https:\/\/www.estrategiaconcursos.com.br\/blog\/#website","url":"https:\/\/www.estrategiaconcursos.com.br\/blog\/","name":"Estrat\u00e9gia Concursos","description":"O blog da Estrat\u00e9gia Concursos traz not\u00edcias sobre concursos e artigos de professores oferecendo cursos para concursos (pdf + videaulas) no site.","publisher":{"@id":"https:\/\/www.estrategiaconcursos.com.br\/blog\/#organization"},"potentialAction":[{"@type":"SearchAction","target":{"@type":"EntryPoint","urlTemplate":"https:\/\/www.estrategiaconcursos.com.br\/blog\/?s={search_term_string}"},"query-input":{"@type":"PropertyValueSpecification","valueRequired":true,"valueName":"search_term_string"}}],"inLanguage":"pt-BR"},{"@type":"Organization","@id":"https:\/\/www.estrategiaconcursos.com.br\/blog\/#organization","name":"Estrat\u00e9gia Concursos","url":"https:\/\/www.estrategiaconcursos.com.br\/blog\/","logo":{"@type":"ImageObject","inLanguage":"pt-BR","@id":"https:\/\/www.estrategiaconcursos.com.br\/blog\/#\/schema\/logo\/image\/","url":"https:\/\/dhg1h5j42swfq.cloudfront.net\/2025\/06\/03203428\/logo_concursos-1.jpg","contentUrl":"https:\/\/dhg1h5j42swfq.cloudfront.net\/2025\/06\/03203428\/logo_concursos-1.jpg","width":230,"height":60,"caption":"Estrat\u00e9gia Concursos"},"image":{"@id":"https:\/\/www.estrategiaconcursos.com.br\/blog\/#\/schema\/logo\/image\/"},"sameAs":["https:\/\/x.com\/EstratConcursos"]},{"@type":"Person","@id":"https:\/\/www.estrategiaconcursos.com.br\/blog\/#\/schema\/person\/e8165364027a31208914fc77c3314727","name":"D\u00e9cio Terror Filho","image":{"@type":"ImageObject","inLanguage":"pt-BR","@id":"https:\/\/secure.gravatar.com\/avatar\/a5b78e734de7c6482e965926e78344deb81abbc34282a3c9536cbb1a59728a37?s=96&d=mm&r=g","url":"https:\/\/secure.gravatar.com\/avatar\/a5b78e734de7c6482e965926e78344deb81abbc34282a3c9536cbb1a59728a37?s=96&d=mm&r=g","contentUrl":"https:\/\/secure.gravatar.com\/avatar\/a5b78e734de7c6482e965926e78344deb81abbc34282a3c9536cbb1a59728a37?s=96&d=mm&r=g","caption":"D\u00e9cio Terror Filho"},"url":"https:\/\/www.estrategiaconcursos.com.br\/blog\/author\/contatoterrorportugues-com-br\/"}]}},"_links":{"self":[{"href":"https:\/\/www.estrategiaconcursos.com.br\/blog\/wp-json\/wp\/v2\/posts\/495851","targetHints":{"allow":["GET"]}}],"collection":[{"href":"https:\/\/www.estrategiaconcursos.com.br\/blog\/wp-json\/wp\/v2\/posts"}],"about":[{"href":"https:\/\/www.estrategiaconcursos.com.br\/blog\/wp-json\/wp\/v2\/types\/post"}],"author":[{"embeddable":true,"href":"https:\/\/www.estrategiaconcursos.com.br\/blog\/wp-json\/wp\/v2\/users\/214"}],"replies":[{"embeddable":true,"href":"https:\/\/www.estrategiaconcursos.com.br\/blog\/wp-json\/wp\/v2\/comments?post=495851"}],"version-history":[{"count":1,"href":"https:\/\/www.estrategiaconcursos.com.br\/blog\/wp-json\/wp\/v2\/posts\/495851\/revisions"}],"predecessor-version":[{"id":495883,"href":"https:\/\/www.estrategiaconcursos.com.br\/blog\/wp-json\/wp\/v2\/posts\/495851\/revisions\/495883"}],"wp:attachment":[{"href":"https:\/\/www.estrategiaconcursos.com.br\/blog\/wp-json\/wp\/v2\/media?parent=495851"}],"wp:term":[{"taxonomy":"category","embeddable":true,"href":"https:\/\/www.estrategiaconcursos.com.br\/blog\/wp-json\/wp\/v2\/categories?post=495851"},{"taxonomy":"post_tag","embeddable":true,"href":"https:\/\/www.estrategiaconcursos.com.br\/blog\/wp-json\/wp\/v2\/tags?post=495851"},{"taxonomy":"tax_estado","embeddable":true,"href":"https:\/\/www.estrategiaconcursos.com.br\/blog\/wp-json\/wp\/v2\/tax_estado?post=495851"}],"curies":[{"name":"wp","href":"https:\/\/api.w.org\/{rel}","templated":true}]}}