{"id":495731,"date":"2020-08-11T08:00:00","date_gmt":"2020-08-11T11:00:00","guid":{"rendered":"https:\/\/www.estrategiaconcursos.com.br\/blog\/?p=495731"},"modified":"2023-06-26T11:17:31","modified_gmt":"2023-06-26T14:17:31","slug":"edital-prefeitura-de-campo-belo","status":"publish","type":"post","link":"https:\/\/www.estrategiaconcursos.com.br\/blog\/edital-prefeitura-de-campo-belo\/","title":{"rendered":"Edital Prefeitura de Campo Belo: confira as datas do concurso"},"content":{"rendered":"\n<p>As inscri\u00e7\u00f5es do <strong>edital 01<\/strong> do concurso Prefeitura de Campo Belo, munic\u00edpio do estado de Minas Gerais, est\u00e3o encerradas. Os candidatos interessados no certame tiveram at\u00e9 o dia<strong> 10 de agosto de 2020<\/strong> para garantir a candidatura.<\/p>\n\n\n\n<p>J\u00e1 para o<strong> edital 02<\/strong> do concurso p\u00fablico, as inscri\u00e7\u00f5es est\u00e3o oficialmente abertas. Todo o processo deve ser feito at\u00e9 o dia <strong>02 de novembro,<\/strong> atrav\u00e9s do site da banca organizadora, o Instituto Brasileiro de Gest\u00e3o e Pesquisa \u2013 <strong>IBGP<\/strong>.<\/p>\n\n\n\n<p>Foram alterados ainda outras datas do cronograma, al\u00e9m de alguns detalhes espec\u00edficos do edital de abertura. O documento completo com todas as retifica\u00e7\u00f5es est\u00e1 dispon\u00edvel ao final do artigo, na Ficha T\u00e9cnica.<\/p>\n\n\n\n<h2 class=\"wp-block-heading\">Principais datas:<\/h2>\n\n\n\n<p>Os interessados em participar do certame para o<strong> edital 01 <\/strong>tiveram que acessar o site da banca organizadora, o <strong>Instituto Brasileiro de Gest\u00e3o e Pesquisa,<\/strong> at\u00e9 o dia<strong> 10 de agosto<\/strong>. Al\u00e9m disso, \u00e9 necess\u00e1rio efetuar o pagamento das taxas fixadas nos respectivos valores: <\/p>\n\n\n\n<ul class=\"wp-block-list\">\n<li><strong>N\u00edvel fundamental <\/strong>R$ 40<\/li>\n\n\n\n<li><strong>N\u00edvel m\u00e9dio\/t\u00e9cnico<\/strong> R$ 50<\/li>\n\n\n\n<li><strong>N\u00edvel superior <\/strong>R$ 80<\/li>\n\n\n\n<li><strong>M\u00e9dico <\/strong>R$ 100<\/li>\n<\/ul>\n\n\n\n<p>O boleto banc\u00e1rio quitado ser\u00e1 o comprovante de requerimento de inscri\u00e7\u00e3o do candidato no certame. Para esse fim, o boleto dever\u00e1 estar autenticado ou acompanhado do respectivo comprovante do pagamento realizado at\u00e9 a data limite de 11 e agosto de 2020.<\/p>\n\n\n\n<p class=\"has-very-light-gray-background-color has-background\"><strong>Inscri\u00e7\u00f5es<\/strong>: <s>at\u00e9 10\/08\/2020<\/s><br \/><strong>Taxa de inscri\u00e7\u00e3o:<\/strong> at\u00e9 11\/08\/2020<br \/><strong>Provas<\/strong>: 08 e 22\/11\/2020<\/p>\n\n\n\n<h2 class=\"wp-block-heading\">Cargos e vagas do edital Prefeitura de Campo Belo<\/h2>\n\n\n\n<p>O edital Prefeitura de Campo Belo oferta ao todo 456 vagas distribu\u00eddas em diversos cargos e n\u00edveis de escolaridades. Confira abaixo todos o cargos que s\u00e3o ofertados no concurso. <\/p>\n\n\n\n<h3 class=\"wp-block-heading\">N\u00edvel Fundamental <\/h3>\n\n\n\n<ul class=\"wp-block-list\">\n<li>Auxiliar de Servi\u00e7os de Manuten\u00e7\u00e3o e Conserva\u00e7\u00e3o;<\/li>\n\n\n\n<li>Auxiliar de Servi\u00e7os Gerais (30h)<\/li>\n\n\n\n<li>Auxiliar de Servi\u00e7os Gerais (40h)<\/li>\n\n\n\n<li>Calceteiro;<\/li>\n\n\n\n<li>Eletricista;<\/li>\n\n\n\n<li>Operador de M\u00e1quinas;<\/li>\n\n\n\n<li>Pedreiro;<\/li>\n\n\n\n<li>Pintor;<\/li>\n\n\n\n<li>Soldador.<\/li>\n<\/ul>\n\n\n\n<h3 class=\"wp-block-heading\">N\u00edvel M\u00e9dio<\/h3>\n\n\n\n<ul class=\"wp-block-list\">\n<li>Agente Administrativo I;<\/li>\n\n\n\n<li>Agente Fazend\u00e1rio;<\/li>\n\n\n\n<li>Auxiliar de Servi\u00e7os Administrativos;<\/li>\n\n\n\n<li>Fiscal de Inspe\u00e7\u00e3o;<\/li>\n\n\n\n<li>Monitor de Recrea\u00e7\u00e3o e Esportes;<\/li>\n\n\n\n<li>Motorista;<\/li>\n\n\n\n<li>Orientador Social;<\/li>\n\n\n\n<li>T\u00e9cnico de Inform\u00e1tica;<\/li>\n\n\n\n<li>T\u00e9cnico em Edifica\u00e7\u00f5es;<\/li>\n\n\n\n<li>T\u00e9cnico em Enfermagem;<\/li>\n\n\n\n<li>T\u00e9cnico em Radiologia;<\/li>\n\n\n\n<li>T\u00e9cnico em Seguran\u00e7a do Trabalho.<\/li>\n<\/ul>\n\n\n\n<h3 class=\"wp-block-heading\">N\u00edvel Superior<\/h3>\n\n\n\n<ul class=\"wp-block-list\">\n<li>Advogado Social SUAS;<\/li>\n\n\n\n<li>Agente Fiscal II;<\/li>\n\n\n\n<li>Analista Administrativo (30h)<\/li>\n\n\n\n<li>Analista Administrativo (40h)<\/li>\n\n\n\n<li>Analista Cont\u00e1bil (30h)<\/li>\n\n\n\n<li>Analista Cont\u00e1bil (40h)<\/li>\n\n\n\n<li>Analista de Educa\u00e7\u00e3o B\u00e1sica;<\/li>\n\n\n\n<li>Analista de Pol\u00edticas P\u00fablicas;<\/li>\n\n\n\n<li>Arquiteto Urbanista;<\/li>\n\n\n\n<li>Assistente Social SUS;<\/li>\n\n\n\n<li>Assistente Social SUAS;<\/li>\n\n\n\n<li>Auditor de Controle Interno;<\/li>\n\n\n\n<li>Biblioteconomista;<\/li>\n\n\n\n<li>Educador F\u00edsica;<\/li>\n\n\n\n<li>Enfermeiro;<\/li>\n\n\n\n<li>Enfermeiro Regulador;<\/li>\n\n\n\n<li>Engenheiro do Departamento de Tr\u00e2nsito;<\/li>\n\n\n\n<li>Engenheiro de Obras;<\/li>\n\n\n\n<li>Engenheiro Florestal;<\/li>\n\n\n\n<li>Farmac\u00eautico;<\/li>\n\n\n\n<li>Fisioterapeuta;<\/li>\n\n\n\n<li>Fisioterapeuta em Sa\u00fade da Mulher;<\/li>\n\n\n\n<li>M\u00e9dico PSF;<\/li>\n\n\n\n<li>M\u00e9dico Especialista em Sa\u00fade Mental \u2013 Psiquiatra;<\/li>\n\n\n\n<li>M\u00e9dico Veterin\u00e1rio \u2013 Servi\u00e7o de Inspe\u00e7\u00e3o Municipal;<\/li>\n\n\n\n<li>M\u00e9dico Veterin\u00e1rio \u2013 Vigil\u00e2ncia em Sa\u00fade;<\/li>\n\n\n\n<li>Nutricionista;<\/li>\n\n\n\n<li>Odont\u00f3logo \u2013 Especialista em Cirurgia Bicomaxilofacial;<\/li>\n\n\n\n<li>Odont\u00f3logo \u2013 Especialista em Endodontia;<\/li>\n\n\n\n<li>Odontopediatra;<\/li>\n\n\n\n<li>Profissional de Educa\u00e7\u00e3o F\u00edsica;<\/li>\n\n\n\n<li>Psic\u00f3logo SUAS;<\/li>\n\n\n\n<li>Psic\u00f3logo SUS;<\/li>\n\n\n\n<li>Turism\u00f3logo.<\/li>\n<\/ul>\n\n\n\n<h2 class=\"wp-block-heading\">Etapas do edital Prefeitura de Campo Belo<\/h2>\n\n\n\n<p>O concurso da Prefeitura ser\u00e1 composto por provas objetivas que ser\u00e3o realizadas em dois dias distintos, sendo o primeiro no dia <strong>08 de novembro e o segundo no dia 22 de novembro<\/strong>, ambos na cidade de Campo Belo (MG).<\/p>\n\n\n\n<p>O dia 08 de novembro ser\u00e1 destinadas para os cargos de Agente Administrativo, Auxiliar de Servi\u00e7os Administrativos, Auxiliar de Servi\u00e7o de Manuten\u00e7\u00e3o e Conserva\u00e7\u00e3o, Auxiliar de Servi\u00e7os Gerais. J\u00e1 o dia 22 ser\u00e1 para os demais cargos do certame.<\/p>\n\n\n\n<p>A dura\u00e7\u00e3o da Prova ser\u00e1 de 03h30 inclu\u00eddo a distribui\u00e7\u00e3o da prova, o tempo para leitura das instru\u00e7\u00f5es e preenchimento da folha de respostas, sendo responsabilidade do candidato observar o hor\u00e1rio estabelecido.<\/p>\n\n\n\n<ul class=\"wp-block-list\">\n<li><strong>N\u00edvel Fundamental<\/strong>: <br \/>L\u00edngua Portuguesa (10 quest\u00f5es)<br \/>Matem\u00e1tica (10 quest\u00f5es)<br \/>Conhecimentos Gerais (10 quest\u00f5es);<\/li>\n\n\n\n<li><strong>N\u00edvel M\u00e9dio<\/strong>: <br \/>L\u00edngua Portuguesa (10 quest\u00f5es com peso 1)<br \/>Racioc\u00ednio L\u00f3gico (5 quest\u00f5es com peso 1)<br \/>No\u00e7\u00f5es de Inform\u00e1tica (5 quest\u00f5es com peso 1)<br \/>Conhecimentos Gerais (5 quest\u00f5es com peso 1)<br \/>Legisla\u00e7\u00e3o (5 quest\u00f5es com peso 1)<br \/>Conhecimentos Espec\u00edficos (10 quest\u00f5es com peso 2);<\/li>\n\n\n\n<li><strong>N\u00edvel Superior<\/strong>: <br \/>L\u00edngua Portuguesa (10 quest\u00f5es com peso 1)<br \/>Racioc\u00ednio L\u00f3gico (5 quest\u00f5es com peso 1)<br \/>No\u00e7\u00f5es de Inform\u00e1tica (5 quest\u00f5es com peso 1)<br \/>Conhecimentos Gerais (5 quest\u00f5es com peso 1)<br \/>Legisla\u00e7\u00e3o (5 quest\u00f5es com peso 1)<br \/>Conhecimentos Espec\u00edficos (10 quest\u00f5es com peso 2).<\/li>\n<\/ul>\n\n\n\n<p>Vale ressaltar que o comprovante definitivo de inscri\u00e7\u00e3o (CDI) contendo o local, a sala, o hor\u00e1rio e outras informa\u00e7\u00f5es importantes sobre a realiza\u00e7\u00e3o das provas ser\u00e3o disponibilizados no site da banca, a partir de <strong>31 de outubro para a prova do dia 08 de novembro e a partir do dia 16 de novembro para a prova que ocorrer\u00e1 no dia 22 de novembro.<\/strong><\/p>\n\n\n\n<p><strong>Confira todos os detalhes no link abaixo!<\/strong><\/p>\n\n\n\n<p class=\"has-text-align-center has-very-light-gray-background-color has-background\" style=\"font-size:clamp(14.642px, 0.915rem + ((1vw - 3.2px) * 0.721), 22px);px\"><strong>Saiba mais: <a href=\"https:\/\/www.estrategiaconcursos.com.br\/blog\/concurso-prefeitura-de-campo-belo\/\" target=\"_blank\" rel=\"noreferrer noopener\">Concurso Prefeitura de Campo Belo<\/a><\/strong><\/p>\n\n\n\n<h2 class=\"wp-block-heading has-text-align-center\" id=\"cursos-assinatura\">Quer estudar para o edital Prefeitura de Campo Belo?<\/h2>\n\n\n\n<p class=\"has-text-align-center\"><em>Gostou desta oportunidade e deseja se preparar? Ent\u00e3o, confira nossos cursos exclusivos para este concurso e inicie seus estudos agora mesmo:<\/em><\/p>\n\n\n\n<p class=\"has-text-align-center has-luminous-vivid-amber-background-color has-background\" style=\"font-size:clamp(14.642px, 0.915rem + ((1vw - 3.2px) * 0.721), 22px);px\"><strong><a href=\"https:\/\/www.estrategiaconcursos.com.br\/cursosPorConcurso\/prefeitura-municipal-de-campo-belo-mg\/\" target=\"_blank\" rel=\"noreferrer noopener\">CURSO PREFEITURA DE CAMPO BELO<\/a><\/strong><\/p>\n\n\n\n<p class=\"has-text-align-center\"><em><strong>Assinatura Anual Ilimitada*<\/strong><\/em><\/p>\n\n\n\n<p class=\"has-text-align-center\"><em>Prepare-se com o melhor material e com quem mais aprova em Concursos P\u00fablicos em todo o pa\u00eds. Assine agora a nossa Assinatura Anual e tenha acesso ilimitado* a todos os nossos cursos.<\/em><\/p>\n\n\n\n<p class=\"has-text-align-center has-light-green-cyan-background-color has-background\"><strong>ASSINE AGORA<\/strong>&nbsp;\u2013&nbsp;<strong><a rel=\"noreferrer noopener\" href=\"https:\/\/www.estrategiaconcursos.com.br\/assinaturas\" target=\"_blank\">Assinatura Ilimitada<\/a><\/strong><\/p>\n\n\n\n<p class=\"has-text-align-center\"><strong><em>Fique por dentro de todos os concursos:<\/em><\/strong><\/p>\n\n\n\n<p class=\"has-text-align-center has-pale-cyan-blue-background-color has-background\" style=\"font-size:clamp(14.642px, 0.915rem + ((1vw - 3.2px) * 0.721), 22px);px\"><strong><a href=\"https:\/\/www.estrategiaconcursos.com.br\/blog\/concursos-abertos\/\">CONCURSOS ABERTOS<\/a><\/strong><\/p>\n\n\n\n<figure class=\"wp-block-image\"><img loading=\"lazy\" decoding=\"async\" width=\"300\" height=\"102\" src=\"https:\/\/dhg1h5j42swfq.cloudfront.net\/2017\/03\/28152500\/coruja-ficha-tecnica-300x102.png\" alt=\"\" class=\"wp-image-68542\"\/><\/figure>\n\n\n\n<h3 class=\"wp-block-heading\" id=\"ficha-tecnica\"><strong>Informa\u00e7\u00f5es do edital <\/strong>Prefeitura de Campo Belo<\/h3>\n\n\n\n<p>\u25ba<strong>Provas<\/strong>: 08 e 22 de novembro<br \/>\u25ba<strong>Vagas<\/strong>: 456<br \/>\u25ba<strong>Cargos<\/strong>: diversos<br \/>\u25ba<strong>Banca<\/strong>: IBGP&nbsp; <br \/>\u25ba<strong>Escolaridade<\/strong>: N\u00edvel fundamental, m\u00e9dio e superior<br \/>\u25ba<strong>Edital<\/strong>:&nbsp;<a rel=\"noreferrer noopener\" aria-label=\"Edital Prefeitura de Campo Belo (abre numa nova aba)\" href=\"https:\/\/dhg1h5j42swfq.cloudfront.net\/2020\/03\/24091755\/Prefeitura_Campo_Belo.pdf\" target=\"_blank\">Edital Prefeitura de Campo Belo<\/a> |&nbsp;<a rel=\"noreferrer noopener\" href=\"https:\/\/dhg1h5j42swfq.cloudfront.net\/2020\/04\/20112032\/Retifica%C3%A7%C3%A3o_n%C2%BA_01.pdf\" target=\"_blank\">Retifica\u00e7\u00f5es<\/a><\/p>\n\n\n\n<p><em>Ascom Estrat\u00e9gia<\/em><br \/>ascomestrategia@gmail.com<\/p>\n","protected":false},"excerpt":{"rendered":"<p>As inscri\u00e7\u00f5es do edital 01 do concurso Prefeitura de Campo Belo, munic\u00edpio do estado de Minas Gerais, est\u00e3o encerradas. Os candidatos interessados no certame tiveram at\u00e9 o dia 10 de agosto de 2020 para garantir a candidatura. J\u00e1 para o edital 02 do concurso p\u00fablico, as inscri\u00e7\u00f5es est\u00e3o oficialmente abertas. Todo o processo deve ser [&hellip;]<\/p>\n","protected":false},"author":1170,"featured_media":444274,"comment_status":"open","ping_status":"closed","sticky":false,"template":"","format":"standard","meta":{"post_tipo":"article","footnotes":""},"categories":[1],"tags":[],"tax_estado":[],"class_list":["post-495731","post","type-post","status-publish","format-standard","has-post-thumbnail","hentry","category-cursos-e-concursos"],"acf":[],"yoast_head":"<!-- This site is optimized with the Yoast SEO Premium plugin v27.2 (Yoast SEO v27.2) - https:\/\/yoast.com\/product\/yoast-seo-premium-wordpress\/ -->\n<title>Edital Prefeitura de Campo Belo: confira as datas do concurso<\/title>\n<meta name=\"description\" content=\"Edital da Prefeitura de Campo Belo: Ao todo s\u00e3o ofertadas 456 vagas distribu\u00eddas em diversos cargos e n\u00edveis de escolaridades.\" \/>\n<meta name=\"robots\" content=\"index, follow, max-snippet:-1, max-image-preview:large, max-video-preview:-1\" \/>\n<link rel=\"canonical\" href=\"https:\/\/www.estrategiaconcursos.com.br\/blog\/edital-prefeitura-de-campo-belo\/\" \/>\n<meta property=\"og:locale\" content=\"pt_BR\" \/>\n<meta property=\"og:type\" content=\"article\" \/>\n<meta property=\"og:title\" content=\"Edital Prefeitura de Campo Belo: confira as datas do concurso\" \/>\n<meta property=\"og:description\" content=\"Edital da Prefeitura de Campo Belo: Ao todo s\u00e3o ofertadas 456 vagas distribu\u00eddas em diversos cargos e n\u00edveis de escolaridades.\" \/>\n<meta property=\"og:url\" content=\"https:\/\/www.estrategiaconcursos.com.br\/blog\/edital-prefeitura-de-campo-belo\/\" \/>\n<meta property=\"og:site_name\" content=\"Estrat\u00e9gia Concursos\" \/>\n<meta property=\"article:published_time\" content=\"2020-08-11T11:00:00+00:00\" \/>\n<meta property=\"article:modified_time\" content=\"2023-06-26T14:17:31+00:00\" \/>\n<meta property=\"og:image\" content=\"https:\/\/dhg1h5j42swfq.cloudfront.net\/2019\/11\/05113836\/Saiu-Edital-7.png\" \/>\n\t<meta property=\"og:image:width\" content=\"1200\" \/>\n\t<meta property=\"og:image:height\" content=\"628\" \/>\n\t<meta property=\"og:image:type\" content=\"image\/png\" \/>\n<meta name=\"author\" content=\"Fabiano Pereira\" \/>\n<meta name=\"twitter:card\" content=\"summary_large_image\" \/>\n<meta name=\"twitter:creator\" content=\"@EstratConcursos\" \/>\n<meta name=\"twitter:site\" content=\"@EstratConcursos\" \/>\n<meta name=\"twitter:label1\" content=\"Escrito por\" \/>\n\t<meta name=\"twitter:data1\" content=\"Fabiano Pereira\" \/>\n\t<meta name=\"twitter:label2\" content=\"Est. tempo de leitura\" \/>\n\t<meta name=\"twitter:data2\" content=\"5 minutos\" \/>\n<script type=\"application\/ld+json\" class=\"yoast-schema-graph\">{\"@context\":\"https:\/\/schema.org\",\"@graph\":[{\"@type\":\"NewsArticle\",\"@id\":\"https:\/\/www.estrategiaconcursos.com.br\/blog\/edital-prefeitura-de-campo-belo\/#article\",\"isPartOf\":{\"@id\":\"https:\/\/www.estrategiaconcursos.com.br\/blog\/edital-prefeitura-de-campo-belo\/\"},\"author\":{\"name\":\"Fabiano Pereira\",\"@id\":\"https:\/\/www.estrategiaconcursos.com.br\/blog\/#\/schema\/person\/73a0097d005d0e0410a58869a4ff0dad\"},\"headline\":\"Edital Prefeitura de Campo Belo: confira as datas do concurso\",\"datePublished\":\"2020-08-11T11:00:00+00:00\",\"dateModified\":\"2023-06-26T14:17:31+00:00\",\"mainEntityOfPage\":{\"@id\":\"https:\/\/www.estrategiaconcursos.com.br\/blog\/edital-prefeitura-de-campo-belo\/\"},\"wordCount\":940,\"commentCount\":0,\"publisher\":{\"@id\":\"https:\/\/www.estrategiaconcursos.com.br\/blog\/#organization\"},\"image\":{\"@id\":\"https:\/\/www.estrategiaconcursos.com.br\/blog\/edital-prefeitura-de-campo-belo\/#primaryimage\"},\"thumbnailUrl\":\"https:\/\/dhg1h5j42swfq.cloudfront.net\/2019\/11\/05113836\/Saiu-Edital-7.png\",\"articleSection\":[\"Concursos P\u00fablicos\"],\"inLanguage\":\"pt-BR\",\"potentialAction\":[{\"@type\":\"CommentAction\",\"name\":\"Comment\",\"target\":[\"https:\/\/www.estrategiaconcursos.com.br\/blog\/edital-prefeitura-de-campo-belo\/#respond\"]}],\"copyrightYear\":\"2020\",\"copyrightHolder\":{\"@id\":\"https:\/\/www.estrategiaconcursos.com.br\/blog\/#organization\"}},{\"@type\":\"WebPage\",\"@id\":\"https:\/\/www.estrategiaconcursos.com.br\/blog\/edital-prefeitura-de-campo-belo\/\",\"url\":\"https:\/\/www.estrategiaconcursos.com.br\/blog\/edital-prefeitura-de-campo-belo\/\",\"name\":\"Edital Prefeitura de Campo Belo: confira as datas do concurso\",\"isPartOf\":{\"@id\":\"https:\/\/www.estrategiaconcursos.com.br\/blog\/#website\"},\"primaryImageOfPage\":{\"@id\":\"https:\/\/www.estrategiaconcursos.com.br\/blog\/edital-prefeitura-de-campo-belo\/#primaryimage\"},\"image\":{\"@id\":\"https:\/\/www.estrategiaconcursos.com.br\/blog\/edital-prefeitura-de-campo-belo\/#primaryimage\"},\"thumbnailUrl\":\"https:\/\/dhg1h5j42swfq.cloudfront.net\/2019\/11\/05113836\/Saiu-Edital-7.png\",\"datePublished\":\"2020-08-11T11:00:00+00:00\",\"dateModified\":\"2023-06-26T14:17:31+00:00\",\"description\":\"Edital da Prefeitura de Campo Belo: Ao todo s\u00e3o ofertadas 456 vagas distribu\u00eddas em diversos cargos e n\u00edveis de escolaridades.\",\"breadcrumb\":{\"@id\":\"https:\/\/www.estrategiaconcursos.com.br\/blog\/edital-prefeitura-de-campo-belo\/#breadcrumb\"},\"inLanguage\":\"pt-BR\",\"potentialAction\":[{\"@type\":\"ReadAction\",\"target\":[\"https:\/\/www.estrategiaconcursos.com.br\/blog\/edital-prefeitura-de-campo-belo\/\"]}]},{\"@type\":\"ImageObject\",\"inLanguage\":\"pt-BR\",\"@id\":\"https:\/\/www.estrategiaconcursos.com.br\/blog\/edital-prefeitura-de-campo-belo\/#primaryimage\",\"url\":\"https:\/\/dhg1h5j42swfq.cloudfront.net\/2019\/11\/05113836\/Saiu-Edital-7.png\",\"contentUrl\":\"https:\/\/dhg1h5j42swfq.cloudfront.net\/2019\/11\/05113836\/Saiu-Edital-7.png\",\"width\":1200,\"height\":628,\"caption\":\"processo seletivo agu\"},{\"@type\":\"BreadcrumbList\",\"@id\":\"https:\/\/www.estrategiaconcursos.com.br\/blog\/edital-prefeitura-de-campo-belo\/#breadcrumb\",\"itemListElement\":[{\"@type\":\"ListItem\",\"position\":1,\"name\":\"In\u00edcio\",\"item\":\"https:\/\/www.estrategiaconcursos.com.br\/blog\/\"},{\"@type\":\"ListItem\",\"position\":2,\"name\":\"Edital Prefeitura de Campo Belo: confira as datas do concurso\"}]},{\"@type\":\"WebSite\",\"@id\":\"https:\/\/www.estrategiaconcursos.com.br\/blog\/#website\",\"url\":\"https:\/\/www.estrategiaconcursos.com.br\/blog\/\",\"name\":\"Estrat\u00e9gia Concursos\",\"description\":\"O blog da Estrat\u00e9gia Concursos traz not\u00edcias sobre concursos e artigos de professores oferecendo cursos para concursos (pdf + videaulas) no site.\",\"publisher\":{\"@id\":\"https:\/\/www.estrategiaconcursos.com.br\/blog\/#organization\"},\"potentialAction\":[{\"@type\":\"SearchAction\",\"target\":{\"@type\":\"EntryPoint\",\"urlTemplate\":\"https:\/\/www.estrategiaconcursos.com.br\/blog\/?s={search_term_string}\"},\"query-input\":{\"@type\":\"PropertyValueSpecification\",\"valueRequired\":true,\"valueName\":\"search_term_string\"}}],\"inLanguage\":\"pt-BR\"},{\"@type\":\"Organization\",\"@id\":\"https:\/\/www.estrategiaconcursos.com.br\/blog\/#organization\",\"name\":\"Estrat\u00e9gia Concursos\",\"url\":\"https:\/\/www.estrategiaconcursos.com.br\/blog\/\",\"logo\":{\"@type\":\"ImageObject\",\"inLanguage\":\"pt-BR\",\"@id\":\"https:\/\/www.estrategiaconcursos.com.br\/blog\/#\/schema\/logo\/image\/\",\"url\":\"https:\/\/dhg1h5j42swfq.cloudfront.net\/2025\/06\/03203428\/logo_concursos-1.jpg\",\"contentUrl\":\"https:\/\/dhg1h5j42swfq.cloudfront.net\/2025\/06\/03203428\/logo_concursos-1.jpg\",\"width\":230,\"height\":60,\"caption\":\"Estrat\u00e9gia Concursos\"},\"image\":{\"@id\":\"https:\/\/www.estrategiaconcursos.com.br\/blog\/#\/schema\/logo\/image\/\"},\"sameAs\":[\"https:\/\/x.com\/EstratConcursos\"]},{\"@type\":\"Person\",\"@id\":\"https:\/\/www.estrategiaconcursos.com.br\/blog\/#\/schema\/person\/73a0097d005d0e0410a58869a4ff0dad\",\"name\":\"Fabiano Pereira\",\"image\":{\"@type\":\"ImageObject\",\"inLanguage\":\"pt-BR\",\"@id\":\"https:\/\/secure.gravatar.com\/avatar\/2d50d79dc60f78c8adffae60393ee45fd6d79c9cb3bd6c1abc9a574ca4f1ff0a?s=96&d=mm&r=g\",\"url\":\"https:\/\/secure.gravatar.com\/avatar\/2d50d79dc60f78c8adffae60393ee45fd6d79c9cb3bd6c1abc9a574ca4f1ff0a?s=96&d=mm&r=g\",\"contentUrl\":\"https:\/\/secure.gravatar.com\/avatar\/2d50d79dc60f78c8adffae60393ee45fd6d79c9cb3bd6c1abc9a574ca4f1ff0a?s=96&d=mm&r=g\",\"caption\":\"Fabiano Pereira\"},\"url\":\"https:\/\/www.estrategiaconcursos.com.br\/blog\/author\/professorfabianopereirayahoo-com-br\/\"}]}<\/script>\n<!-- \/ Yoast SEO Premium plugin. -->","yoast_head_json":{"title":"Edital Prefeitura de Campo Belo: confira as datas do concurso","description":"Edital da Prefeitura de Campo Belo: Ao todo s\u00e3o ofertadas 456 vagas distribu\u00eddas em diversos cargos e n\u00edveis de escolaridades.","robots":{"index":"index","follow":"follow","max-snippet":"max-snippet:-1","max-image-preview":"max-image-preview:large","max-video-preview":"max-video-preview:-1"},"canonical":"https:\/\/www.estrategiaconcursos.com.br\/blog\/edital-prefeitura-de-campo-belo\/","og_locale":"pt_BR","og_type":"article","og_title":"Edital Prefeitura de Campo Belo: confira as datas do concurso","og_description":"Edital da Prefeitura de Campo Belo: Ao todo s\u00e3o ofertadas 456 vagas distribu\u00eddas em diversos cargos e n\u00edveis de escolaridades.","og_url":"https:\/\/www.estrategiaconcursos.com.br\/blog\/edital-prefeitura-de-campo-belo\/","og_site_name":"Estrat\u00e9gia Concursos","article_published_time":"2020-08-11T11:00:00+00:00","article_modified_time":"2023-06-26T14:17:31+00:00","og_image":[{"width":1200,"height":628,"url":"https:\/\/dhg1h5j42swfq.cloudfront.net\/2019\/11\/05113836\/Saiu-Edital-7.png","type":"image\/png"}],"author":"Fabiano Pereira","twitter_card":"summary_large_image","twitter_creator":"@EstratConcursos","twitter_site":"@EstratConcursos","twitter_misc":{"Escrito por":"Fabiano Pereira","Est. tempo de leitura":"5 minutos"},"schema":{"@context":"https:\/\/schema.org","@graph":[{"@type":"NewsArticle","@id":"https:\/\/www.estrategiaconcursos.com.br\/blog\/edital-prefeitura-de-campo-belo\/#article","isPartOf":{"@id":"https:\/\/www.estrategiaconcursos.com.br\/blog\/edital-prefeitura-de-campo-belo\/"},"author":{"name":"Fabiano Pereira","@id":"https:\/\/www.estrategiaconcursos.com.br\/blog\/#\/schema\/person\/73a0097d005d0e0410a58869a4ff0dad"},"headline":"Edital Prefeitura de Campo Belo: confira as datas do concurso","datePublished":"2020-08-11T11:00:00+00:00","dateModified":"2023-06-26T14:17:31+00:00","mainEntityOfPage":{"@id":"https:\/\/www.estrategiaconcursos.com.br\/blog\/edital-prefeitura-de-campo-belo\/"},"wordCount":940,"commentCount":0,"publisher":{"@id":"https:\/\/www.estrategiaconcursos.com.br\/blog\/#organization"},"image":{"@id":"https:\/\/www.estrategiaconcursos.com.br\/blog\/edital-prefeitura-de-campo-belo\/#primaryimage"},"thumbnailUrl":"https:\/\/dhg1h5j42swfq.cloudfront.net\/2019\/11\/05113836\/Saiu-Edital-7.png","articleSection":["Concursos P\u00fablicos"],"inLanguage":"pt-BR","potentialAction":[{"@type":"CommentAction","name":"Comment","target":["https:\/\/www.estrategiaconcursos.com.br\/blog\/edital-prefeitura-de-campo-belo\/#respond"]}],"copyrightYear":"2020","copyrightHolder":{"@id":"https:\/\/www.estrategiaconcursos.com.br\/blog\/#organization"}},{"@type":"WebPage","@id":"https:\/\/www.estrategiaconcursos.com.br\/blog\/edital-prefeitura-de-campo-belo\/","url":"https:\/\/www.estrategiaconcursos.com.br\/blog\/edital-prefeitura-de-campo-belo\/","name":"Edital Prefeitura de Campo Belo: confira as datas do concurso","isPartOf":{"@id":"https:\/\/www.estrategiaconcursos.com.br\/blog\/#website"},"primaryImageOfPage":{"@id":"https:\/\/www.estrategiaconcursos.com.br\/blog\/edital-prefeitura-de-campo-belo\/#primaryimage"},"image":{"@id":"https:\/\/www.estrategiaconcursos.com.br\/blog\/edital-prefeitura-de-campo-belo\/#primaryimage"},"thumbnailUrl":"https:\/\/dhg1h5j42swfq.cloudfront.net\/2019\/11\/05113836\/Saiu-Edital-7.png","datePublished":"2020-08-11T11:00:00+00:00","dateModified":"2023-06-26T14:17:31+00:00","description":"Edital da Prefeitura de Campo Belo: Ao todo s\u00e3o ofertadas 456 vagas distribu\u00eddas em diversos cargos e n\u00edveis de escolaridades.","breadcrumb":{"@id":"https:\/\/www.estrategiaconcursos.com.br\/blog\/edital-prefeitura-de-campo-belo\/#breadcrumb"},"inLanguage":"pt-BR","potentialAction":[{"@type":"ReadAction","target":["https:\/\/www.estrategiaconcursos.com.br\/blog\/edital-prefeitura-de-campo-belo\/"]}]},{"@type":"ImageObject","inLanguage":"pt-BR","@id":"https:\/\/www.estrategiaconcursos.com.br\/blog\/edital-prefeitura-de-campo-belo\/#primaryimage","url":"https:\/\/dhg1h5j42swfq.cloudfront.net\/2019\/11\/05113836\/Saiu-Edital-7.png","contentUrl":"https:\/\/dhg1h5j42swfq.cloudfront.net\/2019\/11\/05113836\/Saiu-Edital-7.png","width":1200,"height":628,"caption":"processo seletivo agu"},{"@type":"BreadcrumbList","@id":"https:\/\/www.estrategiaconcursos.com.br\/blog\/edital-prefeitura-de-campo-belo\/#breadcrumb","itemListElement":[{"@type":"ListItem","position":1,"name":"In\u00edcio","item":"https:\/\/www.estrategiaconcursos.com.br\/blog\/"},{"@type":"ListItem","position":2,"name":"Edital Prefeitura de Campo Belo: confira as datas do concurso"}]},{"@type":"WebSite","@id":"https:\/\/www.estrategiaconcursos.com.br\/blog\/#website","url":"https:\/\/www.estrategiaconcursos.com.br\/blog\/","name":"Estrat\u00e9gia Concursos","description":"O blog da Estrat\u00e9gia Concursos traz not\u00edcias sobre concursos e artigos de professores oferecendo cursos para concursos (pdf + videaulas) no site.","publisher":{"@id":"https:\/\/www.estrategiaconcursos.com.br\/blog\/#organization"},"potentialAction":[{"@type":"SearchAction","target":{"@type":"EntryPoint","urlTemplate":"https:\/\/www.estrategiaconcursos.com.br\/blog\/?s={search_term_string}"},"query-input":{"@type":"PropertyValueSpecification","valueRequired":true,"valueName":"search_term_string"}}],"inLanguage":"pt-BR"},{"@type":"Organization","@id":"https:\/\/www.estrategiaconcursos.com.br\/blog\/#organization","name":"Estrat\u00e9gia Concursos","url":"https:\/\/www.estrategiaconcursos.com.br\/blog\/","logo":{"@type":"ImageObject","inLanguage":"pt-BR","@id":"https:\/\/www.estrategiaconcursos.com.br\/blog\/#\/schema\/logo\/image\/","url":"https:\/\/dhg1h5j42swfq.cloudfront.net\/2025\/06\/03203428\/logo_concursos-1.jpg","contentUrl":"https:\/\/dhg1h5j42swfq.cloudfront.net\/2025\/06\/03203428\/logo_concursos-1.jpg","width":230,"height":60,"caption":"Estrat\u00e9gia Concursos"},"image":{"@id":"https:\/\/www.estrategiaconcursos.com.br\/blog\/#\/schema\/logo\/image\/"},"sameAs":["https:\/\/x.com\/EstratConcursos"]},{"@type":"Person","@id":"https:\/\/www.estrategiaconcursos.com.br\/blog\/#\/schema\/person\/73a0097d005d0e0410a58869a4ff0dad","name":"Fabiano Pereira","image":{"@type":"ImageObject","inLanguage":"pt-BR","@id":"https:\/\/secure.gravatar.com\/avatar\/2d50d79dc60f78c8adffae60393ee45fd6d79c9cb3bd6c1abc9a574ca4f1ff0a?s=96&d=mm&r=g","url":"https:\/\/secure.gravatar.com\/avatar\/2d50d79dc60f78c8adffae60393ee45fd6d79c9cb3bd6c1abc9a574ca4f1ff0a?s=96&d=mm&r=g","contentUrl":"https:\/\/secure.gravatar.com\/avatar\/2d50d79dc60f78c8adffae60393ee45fd6d79c9cb3bd6c1abc9a574ca4f1ff0a?s=96&d=mm&r=g","caption":"Fabiano Pereira"},"url":"https:\/\/www.estrategiaconcursos.com.br\/blog\/author\/professorfabianopereirayahoo-com-br\/"}]}},"_links":{"self":[{"href":"https:\/\/www.estrategiaconcursos.com.br\/blog\/wp-json\/wp\/v2\/posts\/495731","targetHints":{"allow":["GET"]}}],"collection":[{"href":"https:\/\/www.estrategiaconcursos.com.br\/blog\/wp-json\/wp\/v2\/posts"}],"about":[{"href":"https:\/\/www.estrategiaconcursos.com.br\/blog\/wp-json\/wp\/v2\/types\/post"}],"author":[{"embeddable":true,"href":"https:\/\/www.estrategiaconcursos.com.br\/blog\/wp-json\/wp\/v2\/users\/1170"}],"replies":[{"embeddable":true,"href":"https:\/\/www.estrategiaconcursos.com.br\/blog\/wp-json\/wp\/v2\/comments?post=495731"}],"version-history":[{"count":16,"href":"https:\/\/www.estrategiaconcursos.com.br\/blog\/wp-json\/wp\/v2\/posts\/495731\/revisions"}],"predecessor-version":[{"id":1238787,"href":"https:\/\/www.estrategiaconcursos.com.br\/blog\/wp-json\/wp\/v2\/posts\/495731\/revisions\/1238787"}],"wp:featuredmedia":[{"embeddable":true,"href":"https:\/\/www.estrategiaconcursos.com.br\/blog\/wp-json\/wp\/v2\/media\/444274"}],"wp:attachment":[{"href":"https:\/\/www.estrategiaconcursos.com.br\/blog\/wp-json\/wp\/v2\/media?parent=495731"}],"wp:term":[{"taxonomy":"category","embeddable":true,"href":"https:\/\/www.estrategiaconcursos.com.br\/blog\/wp-json\/wp\/v2\/categories?post=495731"},{"taxonomy":"post_tag","embeddable":true,"href":"https:\/\/www.estrategiaconcursos.com.br\/blog\/wp-json\/wp\/v2\/tags?post=495731"},{"taxonomy":"tax_estado","embeddable":true,"href":"https:\/\/www.estrategiaconcursos.com.br\/blog\/wp-json\/wp\/v2\/tax_estado?post=495731"}],"curies":[{"name":"wp","href":"https:\/\/api.w.org\/{rel}","templated":true}]}}