{"id":495181,"date":"2020-03-23T08:51:15","date_gmt":"2020-03-23T11:51:15","guid":{"rendered":"https:\/\/www.estrategiaconcursos.com.br\/blog\/?p=495181"},"modified":"2024-01-12T17:14:55","modified_gmt":"2024-01-12T20:14:55","slug":"concurso-redencao-banca-definida","status":"publish","type":"post","link":"https:\/\/www.estrategiaconcursos.com.br\/blog\/concurso-redencao-banca-definida\/","title":{"rendered":"Concurso Reden\u00e7\u00e3o PA: Instituto Bezerra Nelson \u00e9 escolhido como banca"},"content":{"rendered":"\n<p>Foi publicado o aviso de Concorr\u00eancia P\u00fablica de T\u00e9cnica e Pre\u00e7o que declara a empresa <strong>Instituto Bezerra Nelson<\/strong> como a respons\u00e1vel pelo pr\u00f3ximo concurso p\u00fablico da Prefeitura de Reden\u00e7\u00e3o, munic\u00edpio do estado do Par\u00e1.<\/p>\n\n\n\n<p>Conforme o edital de licita\u00e7\u00e3o ser\u00e3o ofertadas <strong>1.021 vagas <\/strong>para diversos cargos. Al\u00e9m disso, tamb\u00e9m \u00e9 poss\u00edvel ter uma no\u00e7\u00e3o do valor da taxa de inscri\u00e7\u00e3o, que ser\u00e1 de aproximadamente R$ 48,75 para cargos de n\u00edvel fundamental, R$ 57,38 para n\u00edvel m\u00e9dio\/t\u00e9cnico e R$75,63 para n\u00edvel superior<\/p>\n\n\n\n<div class=\"wp-block-image\"><figure class=\"aligncenter size-large\"><img decoding=\"async\" src=\"https:\/\/dhg1h5j42swfq.cloudfront.net\/2020\/03\/23083219\/Captura_de_Tela_2020-03-23_a%CC%80s_07.38.28.png\" alt=\"\" class=\"wp-image-495184\"\/><\/figure><\/div>\n\n\n\n<h3 class=\"wp-block-heading\">Vagas do concurso<\/h3>\n\n\n\n<p>Ser\u00e3o no total, tr\u00eas editais destinados aos quadros da Administra\u00e7\u00e3o Geral, Sa\u00fade e Educa\u00e7\u00e3o:<\/p>\n\n\n\n<p>Grupos Ocupacionais N\u00edvel Fundamental Incompleto, M\u00e9dio e Superior, para lota\u00e7\u00e3o no \u00e2mbito da Administra\u00e7\u00e3o Direta (Secretaria Municipal de Administra\u00e7\u00e3o, Assist\u00eancia Social e Meio Ambiente).  <\/p>\n\n\n\n<p>Grupo Ocupacional N\u00edvel Fundamental Incompleto, para lota\u00e7\u00e3o no  \u00e2mbito da Administra\u00e7\u00e3o Direta (Secretaria Municipal de Educa\u00e7\u00e3o, Cultura e Lazer). <\/p>\n\n\n\n<p>Grupo Ocupacional de N\u00edvel M\u00e9dio e Superior, para lota\u00e7\u00e3o no \u00e2mbito da Secretaria Municipal de Sa\u00fade.<\/p>\n\n\n\n<h3 class=\"wp-block-heading\">Etapas do concurso<\/h3>\n\n\n\n<p>As <strong>provas objetivas<\/strong> dever\u00e3o conter quest\u00f5es in\u00e9ditas e exclusivas de m\u00faltipla escolha e devem ser elaboradas de modo a abranger as capacidades de compreens\u00e3o, aplica\u00e7\u00e3o, an\u00e1lise e s\u00edntese. <\/p>\n\n\n\n<p>A <strong>prova discursiva<\/strong> ser\u00e1 aplicada a todos os candidatos que concorrerem aos cargos de n\u00edvel superior, independente da \u00e1rea de atividade e especialidade, e ser\u00e3o corrigidas somente as provas dos candidatos habilitados conforme definido em edital.<\/p>\n\n\n\n<p>Ser\u00e3o aceitos para a <strong>avalia\u00e7\u00e3o de t\u00edtulos<\/strong>, conclus\u00e3o de cursos de p\u00f3s-gradua\u00e7\u00e3o <em>lato <\/em>e <em>strictu sensu<\/em>, na \u00e1rea de conhecimento a que o candidato concorre, desde que expedidos por institui\u00e7\u00e3o regularmente autorizada pelo Minist\u00e9rio da Educa\u00e7\u00e3o para tal. <\/p>\n\n\n\n<div class=\"wp-block-image\"><figure class=\"aligncenter size-large\"><img decoding=\"async\" src=\"https:\/\/dhg1h5j42swfq.cloudfront.net\/2020\/03\/23084040\/reden%C3%A7ao.jpg\" alt=\"\" class=\"wp-image-495188\"\/><\/figure><\/div>\n\n\n\n<p class=\"has-text-align-center\"><em><strong>Assinatura Anual Ilimitada*<\/strong><\/em><\/p>\n\n\n\n<p class=\"has-text-align-center\"><em>Prepare-se com o melhor material e com quem mais aprova em Concursos P\u00fablicos em todo o pa\u00eds. Assine agora a nossa Assinatura Anual e tenha acesso ilimitado a todos os nossos cursos.<\/em><\/p>\n\n\n\n<p class=\"has-background has-text-align-center has-medium-font-size has-light-green-cyan-background-color\"><strong>ASSINE AGORA<\/strong>&nbsp;\u2013&nbsp;<a rel=\"noreferrer noopener\" href=\"https:\/\/www.estrategiaconcursos.com.br\/assinaturas\" target=\"_blank\"><strong>Assinatura Ilimitada<\/strong><\/a><\/p>\n\n\n\n<p class=\"has-text-align-center\"><em><strong>Fique por dentro de todos os concursos<\/strong><\/em>:<\/p>\n\n\n\n<p class=\"has-background has-text-align-center has-medium-font-size has-pale-cyan-blue-background-color\"><strong><a rel=\"noreferrer noopener\" href=\"https:\/\/www.estrategiaconcursos.com.br\/blog\/concursos-abertos\/\" target=\"_blank\">Concursos abertos<\/a><\/strong><\/p>\n\n\n\n<p class=\"has-background has-text-align-center has-medium-font-size has-pale-cyan-blue-background-color\"><a rel=\"noreferrer noopener\" href=\"https:\/\/www.estrategiaconcursos.com.br\/blog\/concursos-2020\/\" target=\"_blank\"><strong>Concursos 2020<\/strong><\/a><\/p>\n","protected":false},"excerpt":{"rendered":"<p>Foi publicado o aviso de Concorr\u00eancia P\u00fablica de T\u00e9cnica e Pre\u00e7o que declara a empresa Instituto Bezerra Nelson como a respons\u00e1vel pelo pr\u00f3ximo concurso p\u00fablico da Prefeitura de Reden\u00e7\u00e3o, munic\u00edpio do estado do Par\u00e1. Conforme o edital de licita\u00e7\u00e3o ser\u00e3o ofertadas 1.021 vagas para diversos cargos. Al\u00e9m disso, tamb\u00e9m \u00e9 poss\u00edvel ter uma no\u00e7\u00e3o do [&hellip;]<\/p>\n","protected":false},"author":93,"featured_media":498218,"comment_status":"open","ping_status":"closed","sticky":false,"template":"","format":"standard","meta":{"post_tipo":"article","footnotes":""},"categories":[1],"tags":[],"tax_estado":[219977],"class_list":["post-495181","post","type-post","status-publish","format-standard","has-post-thumbnail","hentry","category-cursos-e-concursos","tax_estado-pa"],"acf":[],"yoast_head":"<!-- This site is optimized with the Yoast SEO Premium plugin v27.2 (Yoast SEO v27.2) - https:\/\/yoast.com\/product\/yoast-seo-premium-wordpress\/ -->\n<title>Concurso Reden\u00e7\u00e3o PA: Instituto Bezerra Nelson \u00e9 escolhido como banca<\/title>\n<meta name=\"robots\" content=\"index, follow, max-snippet:-1, max-image-preview:large, max-video-preview:-1\" \/>\n<link rel=\"canonical\" href=\"https:\/\/www.estrategiaconcursos.com.br\/blog\/concurso-redencao-banca-definida\/\" \/>\n<meta property=\"og:locale\" content=\"pt_BR\" \/>\n<meta property=\"og:type\" content=\"article\" \/>\n<meta property=\"og:title\" content=\"Concurso Reden\u00e7\u00e3o PA: Instituto Bezerra Nelson \u00e9 escolhido como banca\" \/>\n<meta property=\"og:description\" content=\"Foi publicado o aviso de Concorr\u00eancia P\u00fablica de T\u00e9cnica e Pre\u00e7o que declara a empresa Instituto Bezerra Nelson como a respons\u00e1vel pelo pr\u00f3ximo concurso p\u00fablico da Prefeitura de Reden\u00e7\u00e3o, munic\u00edpio do estado do Par\u00e1. Conforme o edital de licita\u00e7\u00e3o ser\u00e3o ofertadas 1.021 vagas para diversos cargos. Al\u00e9m disso, tamb\u00e9m \u00e9 poss\u00edvel ter uma no\u00e7\u00e3o do [&hellip;]\" \/>\n<meta property=\"og:url\" content=\"https:\/\/www.estrategiaconcursos.com.br\/blog\/concurso-redencao-banca-definida\/\" \/>\n<meta property=\"og:site_name\" content=\"Estrat\u00e9gia Concursos\" \/>\n<meta property=\"article:published_time\" content=\"2020-03-23T11:51:15+00:00\" \/>\n<meta property=\"article:modified_time\" content=\"2024-01-12T20:14:55+00:00\" \/>\n<meta property=\"og:image\" content=\"https:\/\/dhg1h5j42swfq.cloudfront.net\/2020\/03\/30185915\/Prefeitura_de_Reden%C3%A7%C3%A3o-PA.jpg\" \/>\n\t<meta property=\"og:image:width\" content=\"1200\" \/>\n\t<meta property=\"og:image:height\" content=\"628\" \/>\n\t<meta property=\"og:image:type\" content=\"image\/jpeg\" \/>\n<meta name=\"author\" content=\"Vinicius Silva\" \/>\n<meta name=\"twitter:card\" content=\"summary_large_image\" \/>\n<meta name=\"twitter:creator\" content=\"@EstratConcursos\" \/>\n<meta name=\"twitter:site\" content=\"@EstratConcursos\" \/>\n<meta name=\"twitter:label1\" content=\"Escrito por\" \/>\n\t<meta name=\"twitter:data1\" content=\"Vinicius Silva\" \/>\n\t<meta name=\"twitter:label2\" content=\"Est. tempo de leitura\" \/>\n\t<meta name=\"twitter:data2\" content=\"2 minutos\" \/>\n<script type=\"application\/ld+json\" class=\"yoast-schema-graph\">{\"@context\":\"https:\/\/schema.org\",\"@graph\":[{\"@type\":\"NewsArticle\",\"@id\":\"https:\/\/www.estrategiaconcursos.com.br\/blog\/concurso-redencao-banca-definida\/#article\",\"isPartOf\":{\"@id\":\"https:\/\/www.estrategiaconcursos.com.br\/blog\/concurso-redencao-banca-definida\/\"},\"author\":{\"name\":\"Vinicius Silva\",\"@id\":\"https:\/\/www.estrategiaconcursos.com.br\/blog\/#\/schema\/person\/20030622a981f9a942ad6b3561fe4ca4\"},\"headline\":\"Concurso Reden\u00e7\u00e3o PA: Instituto Bezerra Nelson \u00e9 escolhido como banca\",\"datePublished\":\"2020-03-23T11:51:15+00:00\",\"dateModified\":\"2024-01-12T20:14:55+00:00\",\"mainEntityOfPage\":{\"@id\":\"https:\/\/www.estrategiaconcursos.com.br\/blog\/concurso-redencao-banca-definida\/\"},\"wordCount\":381,\"commentCount\":0,\"publisher\":{\"@id\":\"https:\/\/www.estrategiaconcursos.com.br\/blog\/#organization\"},\"image\":{\"@id\":\"https:\/\/www.estrategiaconcursos.com.br\/blog\/concurso-redencao-banca-definida\/#primaryimage\"},\"thumbnailUrl\":\"https:\/\/dhg1h5j42swfq.cloudfront.net\/2020\/03\/30185915\/Prefeitura_de_Reden%C3%A7%C3%A3o-PA.jpg\",\"articleSection\":[\"Concursos P\u00fablicos\"],\"inLanguage\":\"pt-BR\",\"potentialAction\":[{\"@type\":\"CommentAction\",\"name\":\"Comment\",\"target\":[\"https:\/\/www.estrategiaconcursos.com.br\/blog\/concurso-redencao-banca-definida\/#respond\"]}],\"copyrightYear\":\"2020\",\"copyrightHolder\":{\"@id\":\"https:\/\/www.estrategiaconcursos.com.br\/blog\/#organization\"}},{\"@type\":\"WebPage\",\"@id\":\"https:\/\/www.estrategiaconcursos.com.br\/blog\/concurso-redencao-banca-definida\/\",\"url\":\"https:\/\/www.estrategiaconcursos.com.br\/blog\/concurso-redencao-banca-definida\/\",\"name\":\"Concurso Reden\u00e7\u00e3o PA: Instituto Bezerra Nelson \u00e9 escolhido como banca\",\"isPartOf\":{\"@id\":\"https:\/\/www.estrategiaconcursos.com.br\/blog\/#website\"},\"primaryImageOfPage\":{\"@id\":\"https:\/\/www.estrategiaconcursos.com.br\/blog\/concurso-redencao-banca-definida\/#primaryimage\"},\"image\":{\"@id\":\"https:\/\/www.estrategiaconcursos.com.br\/blog\/concurso-redencao-banca-definida\/#primaryimage\"},\"thumbnailUrl\":\"https:\/\/dhg1h5j42swfq.cloudfront.net\/2020\/03\/30185915\/Prefeitura_de_Reden%C3%A7%C3%A3o-PA.jpg\",\"datePublished\":\"2020-03-23T11:51:15+00:00\",\"dateModified\":\"2024-01-12T20:14:55+00:00\",\"breadcrumb\":{\"@id\":\"https:\/\/www.estrategiaconcursos.com.br\/blog\/concurso-redencao-banca-definida\/#breadcrumb\"},\"inLanguage\":\"pt-BR\",\"potentialAction\":[{\"@type\":\"ReadAction\",\"target\":[\"https:\/\/www.estrategiaconcursos.com.br\/blog\/concurso-redencao-banca-definida\/\"]}]},{\"@type\":\"ImageObject\",\"inLanguage\":\"pt-BR\",\"@id\":\"https:\/\/www.estrategiaconcursos.com.br\/blog\/concurso-redencao-banca-definida\/#primaryimage\",\"url\":\"https:\/\/dhg1h5j42swfq.cloudfront.net\/2020\/03\/30185915\/Prefeitura_de_Reden%C3%A7%C3%A3o-PA.jpg\",\"contentUrl\":\"https:\/\/dhg1h5j42swfq.cloudfront.net\/2020\/03\/30185915\/Prefeitura_de_Reden%C3%A7%C3%A3o-PA.jpg\",\"width\":1200,\"height\":628,\"caption\":\"Reden\u00e7\u00e3o PA\"},{\"@type\":\"BreadcrumbList\",\"@id\":\"https:\/\/www.estrategiaconcursos.com.br\/blog\/concurso-redencao-banca-definida\/#breadcrumb\",\"itemListElement\":[{\"@type\":\"ListItem\",\"position\":1,\"name\":\"In\u00edcio\",\"item\":\"https:\/\/www.estrategiaconcursos.com.br\/blog\/\"},{\"@type\":\"ListItem\",\"position\":2,\"name\":\"Concurso Reden\u00e7\u00e3o PA: Instituto Bezerra Nelson \u00e9 escolhido como banca\"}]},{\"@type\":\"WebSite\",\"@id\":\"https:\/\/www.estrategiaconcursos.com.br\/blog\/#website\",\"url\":\"https:\/\/www.estrategiaconcursos.com.br\/blog\/\",\"name\":\"Estrat\u00e9gia Concursos\",\"description\":\"O blog da Estrat\u00e9gia Concursos traz not\u00edcias sobre concursos e artigos de professores oferecendo cursos para concursos (pdf + videaulas) no site.\",\"publisher\":{\"@id\":\"https:\/\/www.estrategiaconcursos.com.br\/blog\/#organization\"},\"potentialAction\":[{\"@type\":\"SearchAction\",\"target\":{\"@type\":\"EntryPoint\",\"urlTemplate\":\"https:\/\/www.estrategiaconcursos.com.br\/blog\/?s={search_term_string}\"},\"query-input\":{\"@type\":\"PropertyValueSpecification\",\"valueRequired\":true,\"valueName\":\"search_term_string\"}}],\"inLanguage\":\"pt-BR\"},{\"@type\":\"Organization\",\"@id\":\"https:\/\/www.estrategiaconcursos.com.br\/blog\/#organization\",\"name\":\"Estrat\u00e9gia Concursos\",\"url\":\"https:\/\/www.estrategiaconcursos.com.br\/blog\/\",\"logo\":{\"@type\":\"ImageObject\",\"inLanguage\":\"pt-BR\",\"@id\":\"https:\/\/www.estrategiaconcursos.com.br\/blog\/#\/schema\/logo\/image\/\",\"url\":\"https:\/\/dhg1h5j42swfq.cloudfront.net\/2025\/06\/03203428\/logo_concursos-1.jpg\",\"contentUrl\":\"https:\/\/dhg1h5j42swfq.cloudfront.net\/2025\/06\/03203428\/logo_concursos-1.jpg\",\"width\":230,\"height\":60,\"caption\":\"Estrat\u00e9gia Concursos\"},\"image\":{\"@id\":\"https:\/\/www.estrategiaconcursos.com.br\/blog\/#\/schema\/logo\/image\/\"},\"sameAs\":[\"https:\/\/x.com\/EstratConcursos\"]},{\"@type\":\"Person\",\"@id\":\"https:\/\/www.estrategiaconcursos.com.br\/blog\/#\/schema\/person\/20030622a981f9a942ad6b3561fe4ca4\",\"name\":\"Vinicius Silva\",\"image\":{\"@type\":\"ImageObject\",\"inLanguage\":\"pt-BR\",\"@id\":\"https:\/\/secure.gravatar.com\/avatar\/604d9670a4c7eea71feaa4381f3ae97e148292ac402671c5944aa67a3d127663?s=96&d=mm&r=g\",\"url\":\"https:\/\/secure.gravatar.com\/avatar\/604d9670a4c7eea71feaa4381f3ae97e148292ac402671c5944aa67a3d127663?s=96&d=mm&r=g\",\"contentUrl\":\"https:\/\/secure.gravatar.com\/avatar\/604d9670a4c7eea71feaa4381f3ae97e148292ac402671c5944aa67a3d127663?s=96&d=mm&r=g\",\"caption\":\"Vinicius Silva\"},\"url\":\"https:\/\/www.estrategiaconcursos.com.br\/blog\/author\/viniciussilvaestrategiaconcursos-com-br\/\"}]}<\/script>\n<!-- \/ Yoast SEO Premium plugin. -->","yoast_head_json":{"title":"Concurso Reden\u00e7\u00e3o PA: Instituto Bezerra Nelson \u00e9 escolhido como banca","robots":{"index":"index","follow":"follow","max-snippet":"max-snippet:-1","max-image-preview":"max-image-preview:large","max-video-preview":"max-video-preview:-1"},"canonical":"https:\/\/www.estrategiaconcursos.com.br\/blog\/concurso-redencao-banca-definida\/","og_locale":"pt_BR","og_type":"article","og_title":"Concurso Reden\u00e7\u00e3o PA: Instituto Bezerra Nelson \u00e9 escolhido como banca","og_description":"Foi publicado o aviso de Concorr\u00eancia P\u00fablica de T\u00e9cnica e Pre\u00e7o que declara a empresa Instituto Bezerra Nelson como a respons\u00e1vel pelo pr\u00f3ximo concurso p\u00fablico da Prefeitura de Reden\u00e7\u00e3o, munic\u00edpio do estado do Par\u00e1. Conforme o edital de licita\u00e7\u00e3o ser\u00e3o ofertadas 1.021 vagas para diversos cargos. Al\u00e9m disso, tamb\u00e9m \u00e9 poss\u00edvel ter uma no\u00e7\u00e3o do [&hellip;]","og_url":"https:\/\/www.estrategiaconcursos.com.br\/blog\/concurso-redencao-banca-definida\/","og_site_name":"Estrat\u00e9gia Concursos","article_published_time":"2020-03-23T11:51:15+00:00","article_modified_time":"2024-01-12T20:14:55+00:00","og_image":[{"width":1200,"height":628,"url":"https:\/\/dhg1h5j42swfq.cloudfront.net\/2020\/03\/30185915\/Prefeitura_de_Reden%C3%A7%C3%A3o-PA.jpg","type":"image\/jpeg"}],"author":"Vinicius Silva","twitter_card":"summary_large_image","twitter_creator":"@EstratConcursos","twitter_site":"@EstratConcursos","twitter_misc":{"Escrito por":"Vinicius Silva","Est. tempo de leitura":"2 minutos"},"schema":{"@context":"https:\/\/schema.org","@graph":[{"@type":"NewsArticle","@id":"https:\/\/www.estrategiaconcursos.com.br\/blog\/concurso-redencao-banca-definida\/#article","isPartOf":{"@id":"https:\/\/www.estrategiaconcursos.com.br\/blog\/concurso-redencao-banca-definida\/"},"author":{"name":"Vinicius Silva","@id":"https:\/\/www.estrategiaconcursos.com.br\/blog\/#\/schema\/person\/20030622a981f9a942ad6b3561fe4ca4"},"headline":"Concurso Reden\u00e7\u00e3o PA: Instituto Bezerra Nelson \u00e9 escolhido como banca","datePublished":"2020-03-23T11:51:15+00:00","dateModified":"2024-01-12T20:14:55+00:00","mainEntityOfPage":{"@id":"https:\/\/www.estrategiaconcursos.com.br\/blog\/concurso-redencao-banca-definida\/"},"wordCount":381,"commentCount":0,"publisher":{"@id":"https:\/\/www.estrategiaconcursos.com.br\/blog\/#organization"},"image":{"@id":"https:\/\/www.estrategiaconcursos.com.br\/blog\/concurso-redencao-banca-definida\/#primaryimage"},"thumbnailUrl":"https:\/\/dhg1h5j42swfq.cloudfront.net\/2020\/03\/30185915\/Prefeitura_de_Reden%C3%A7%C3%A3o-PA.jpg","articleSection":["Concursos P\u00fablicos"],"inLanguage":"pt-BR","potentialAction":[{"@type":"CommentAction","name":"Comment","target":["https:\/\/www.estrategiaconcursos.com.br\/blog\/concurso-redencao-banca-definida\/#respond"]}],"copyrightYear":"2020","copyrightHolder":{"@id":"https:\/\/www.estrategiaconcursos.com.br\/blog\/#organization"}},{"@type":"WebPage","@id":"https:\/\/www.estrategiaconcursos.com.br\/blog\/concurso-redencao-banca-definida\/","url":"https:\/\/www.estrategiaconcursos.com.br\/blog\/concurso-redencao-banca-definida\/","name":"Concurso Reden\u00e7\u00e3o PA: Instituto Bezerra Nelson \u00e9 escolhido como banca","isPartOf":{"@id":"https:\/\/www.estrategiaconcursos.com.br\/blog\/#website"},"primaryImageOfPage":{"@id":"https:\/\/www.estrategiaconcursos.com.br\/blog\/concurso-redencao-banca-definida\/#primaryimage"},"image":{"@id":"https:\/\/www.estrategiaconcursos.com.br\/blog\/concurso-redencao-banca-definida\/#primaryimage"},"thumbnailUrl":"https:\/\/dhg1h5j42swfq.cloudfront.net\/2020\/03\/30185915\/Prefeitura_de_Reden%C3%A7%C3%A3o-PA.jpg","datePublished":"2020-03-23T11:51:15+00:00","dateModified":"2024-01-12T20:14:55+00:00","breadcrumb":{"@id":"https:\/\/www.estrategiaconcursos.com.br\/blog\/concurso-redencao-banca-definida\/#breadcrumb"},"inLanguage":"pt-BR","potentialAction":[{"@type":"ReadAction","target":["https:\/\/www.estrategiaconcursos.com.br\/blog\/concurso-redencao-banca-definida\/"]}]},{"@type":"ImageObject","inLanguage":"pt-BR","@id":"https:\/\/www.estrategiaconcursos.com.br\/blog\/concurso-redencao-banca-definida\/#primaryimage","url":"https:\/\/dhg1h5j42swfq.cloudfront.net\/2020\/03\/30185915\/Prefeitura_de_Reden%C3%A7%C3%A3o-PA.jpg","contentUrl":"https:\/\/dhg1h5j42swfq.cloudfront.net\/2020\/03\/30185915\/Prefeitura_de_Reden%C3%A7%C3%A3o-PA.jpg","width":1200,"height":628,"caption":"Reden\u00e7\u00e3o PA"},{"@type":"BreadcrumbList","@id":"https:\/\/www.estrategiaconcursos.com.br\/blog\/concurso-redencao-banca-definida\/#breadcrumb","itemListElement":[{"@type":"ListItem","position":1,"name":"In\u00edcio","item":"https:\/\/www.estrategiaconcursos.com.br\/blog\/"},{"@type":"ListItem","position":2,"name":"Concurso Reden\u00e7\u00e3o PA: Instituto Bezerra Nelson \u00e9 escolhido como banca"}]},{"@type":"WebSite","@id":"https:\/\/www.estrategiaconcursos.com.br\/blog\/#website","url":"https:\/\/www.estrategiaconcursos.com.br\/blog\/","name":"Estrat\u00e9gia Concursos","description":"O blog da Estrat\u00e9gia Concursos traz not\u00edcias sobre concursos e artigos de professores oferecendo cursos para concursos (pdf + videaulas) no site.","publisher":{"@id":"https:\/\/www.estrategiaconcursos.com.br\/blog\/#organization"},"potentialAction":[{"@type":"SearchAction","target":{"@type":"EntryPoint","urlTemplate":"https:\/\/www.estrategiaconcursos.com.br\/blog\/?s={search_term_string}"},"query-input":{"@type":"PropertyValueSpecification","valueRequired":true,"valueName":"search_term_string"}}],"inLanguage":"pt-BR"},{"@type":"Organization","@id":"https:\/\/www.estrategiaconcursos.com.br\/blog\/#organization","name":"Estrat\u00e9gia Concursos","url":"https:\/\/www.estrategiaconcursos.com.br\/blog\/","logo":{"@type":"ImageObject","inLanguage":"pt-BR","@id":"https:\/\/www.estrategiaconcursos.com.br\/blog\/#\/schema\/logo\/image\/","url":"https:\/\/dhg1h5j42swfq.cloudfront.net\/2025\/06\/03203428\/logo_concursos-1.jpg","contentUrl":"https:\/\/dhg1h5j42swfq.cloudfront.net\/2025\/06\/03203428\/logo_concursos-1.jpg","width":230,"height":60,"caption":"Estrat\u00e9gia Concursos"},"image":{"@id":"https:\/\/www.estrategiaconcursos.com.br\/blog\/#\/schema\/logo\/image\/"},"sameAs":["https:\/\/x.com\/EstratConcursos"]},{"@type":"Person","@id":"https:\/\/www.estrategiaconcursos.com.br\/blog\/#\/schema\/person\/20030622a981f9a942ad6b3561fe4ca4","name":"Vinicius Silva","image":{"@type":"ImageObject","inLanguage":"pt-BR","@id":"https:\/\/secure.gravatar.com\/avatar\/604d9670a4c7eea71feaa4381f3ae97e148292ac402671c5944aa67a3d127663?s=96&d=mm&r=g","url":"https:\/\/secure.gravatar.com\/avatar\/604d9670a4c7eea71feaa4381f3ae97e148292ac402671c5944aa67a3d127663?s=96&d=mm&r=g","contentUrl":"https:\/\/secure.gravatar.com\/avatar\/604d9670a4c7eea71feaa4381f3ae97e148292ac402671c5944aa67a3d127663?s=96&d=mm&r=g","caption":"Vinicius Silva"},"url":"https:\/\/www.estrategiaconcursos.com.br\/blog\/author\/viniciussilvaestrategiaconcursos-com-br\/"}]}},"_links":{"self":[{"href":"https:\/\/www.estrategiaconcursos.com.br\/blog\/wp-json\/wp\/v2\/posts\/495181","targetHints":{"allow":["GET"]}}],"collection":[{"href":"https:\/\/www.estrategiaconcursos.com.br\/blog\/wp-json\/wp\/v2\/posts"}],"about":[{"href":"https:\/\/www.estrategiaconcursos.com.br\/blog\/wp-json\/wp\/v2\/types\/post"}],"author":[{"embeddable":true,"href":"https:\/\/www.estrategiaconcursos.com.br\/blog\/wp-json\/wp\/v2\/users\/93"}],"replies":[{"embeddable":true,"href":"https:\/\/www.estrategiaconcursos.com.br\/blog\/wp-json\/wp\/v2\/comments?post=495181"}],"version-history":[{"count":6,"href":"https:\/\/www.estrategiaconcursos.com.br\/blog\/wp-json\/wp\/v2\/posts\/495181\/revisions"}],"predecessor-version":[{"id":495224,"href":"https:\/\/www.estrategiaconcursos.com.br\/blog\/wp-json\/wp\/v2\/posts\/495181\/revisions\/495224"}],"wp:featuredmedia":[{"embeddable":true,"href":"https:\/\/www.estrategiaconcursos.com.br\/blog\/wp-json\/wp\/v2\/media\/498218"}],"wp:attachment":[{"href":"https:\/\/www.estrategiaconcursos.com.br\/blog\/wp-json\/wp\/v2\/media?parent=495181"}],"wp:term":[{"taxonomy":"category","embeddable":true,"href":"https:\/\/www.estrategiaconcursos.com.br\/blog\/wp-json\/wp\/v2\/categories?post=495181"},{"taxonomy":"post_tag","embeddable":true,"href":"https:\/\/www.estrategiaconcursos.com.br\/blog\/wp-json\/wp\/v2\/tags?post=495181"},{"taxonomy":"tax_estado","embeddable":true,"href":"https:\/\/www.estrategiaconcursos.com.br\/blog\/wp-json\/wp\/v2\/tax_estado?post=495181"}],"curies":[{"name":"wp","href":"https:\/\/api.w.org\/{rel}","templated":true}]}}