{"id":495155,"date":"2022-03-10T13:04:39","date_gmt":"2022-03-10T16:04:39","guid":{"rendered":"https:\/\/www.estrategiaconcursos.com.br\/blog\/?p=495155"},"modified":"2022-03-10T22:19:05","modified_gmt":"2022-03-11T01:19:05","slug":"revisao-da-vida-toda","status":"publish","type":"post","link":"https:\/\/www.estrategiaconcursos.com.br\/blog\/revisao-da-vida-toda\/","title":{"rendered":"Revis\u00e3o da vida toda"},"content":{"rendered":"\n<p>Ol\u00e1, pessoal!<\/p>\n\n\n\n<p>Em fevereiro de 2022, o Supremo Tribunal Federal iniciou o julgamento do Recurso Extraordin\u00e1rio n. 1.276.977, afetado como Tema 1102 da Repercuss\u00e3o Geral.<\/p>\n\n\n\n<p>A tese em debate, conhecida como \u201crevis\u00e3o da vida toda\u201d, busca esclarecer o seguinte ponto:<\/p>\n\n\n\n<blockquote class=\"wp-block-quote is-layout-flow wp-block-quote-is-layout-flow\"><p>Possibilidade de revis\u00e3o de benef\u00edcio previdenci\u00e1rio mediante a aplica\u00e7\u00e3o da regra definitiva do artigo 29, incisos I e II, da Lei n\u00ba 8.213\/91, quando mais favor\u00e1vel do que a regra de transi\u00e7\u00e3o contida no artigo 3\u00ba da Lei n\u00ba 9.876\/99, aos segurados que ingressaram no Regime Geral de Previd\u00eancia Social <u>antes<\/u> da publica\u00e7\u00e3o da referida Lei n\u00ba 9.876\/99, ocorrida em 26\/11\/99.<\/p><\/blockquote>\n\n\n\n<p>O tema \u00e9 recente e afeta a vida de milhares de segurados, raz\u00e3o pela qual merece uma aten\u00e7\u00e3o especial.<\/p>\n\n\n\n<h2 class=\"wp-block-heading\" id=\"h-entendendo-o-problema\">Entendendo o problema<\/h2>\n\n\n\n<p>Toda a discuss\u00e3o gira em torno da sistem\u00e1tica de c\u00e1lculo aplic\u00e1vel a benef\u00edcios previdenci\u00e1rios. A mat\u00e9ria \u00e9 \u00e1rida e tem muitos detalhes, mas vou simplificar para facilitar o entendimento.<\/p>\n\n\n\n<p>Se levarmos em conta apenas o per\u00edodo posterior \u00e0 lei n. 8.213\/91, temos quatro momentos que merecem ser considerados:<\/p>\n\n\n\n<ul class=\"wp-block-list\"><li><strong>Julho\/1991 at\u00e9 Novembro\/1999 \u2013 Regra original<\/strong><\/li><\/ul>\n\n\n\n<p>Essa primeira fase come\u00e7a com a publica\u00e7\u00e3o da lei n. 8.213\/91 e vai at\u00e9 o advento da lei n. 9.876\/99.<\/p>\n\n\n\n<p>Nesse per\u00edodo, o c\u00e1lculo do benef\u00edcio levava em conta apenas as 36 \u00faltimas contribui\u00e7\u00f5es vertidas pelo segurado, computadas em per\u00edodo n\u00e3o superior aos 48 meses que antecedem a aposentadoria. \u00c9 isso o que afirmava a reda\u00e7\u00e3o original do art. 29 da 8.213\/91:<\/p>\n\n\n\n<blockquote class=\"wp-block-quote is-layout-flow wp-block-quote-is-layout-flow\"><p>Art. 29.\u00a0O sal\u00e1rio-de-benef\u00edcio consiste na m\u00e9dia aritm\u00e9tica simples de todos os \u00faltimos sal\u00e1rios-de-contribui\u00e7\u00e3o dos meses imediatamente anteriores ao do afastamento da atividade ou da data da entrada do requerimento, at\u00e9 o m\u00e1ximo de 36 (trinta e seis), apurados em per\u00edodo n\u00e3o superior a 48(quarenta e oito) meses.<\/p><\/blockquote>\n\n\n\n<p>Em muitos casos, esse c\u00e1lculo beneficiava o segurado puxando a m\u00e9dia para cima, por considerar apenas os sal\u00e1rios recebidos no final da carreira.<\/p>\n\n\n\n<ul class=\"wp-block-list\"><li><strong>Novembro\/1999 at\u00e9 Novembro\/2019 <\/strong><strong>\u2013<\/strong> Segurado filiado antes da 9.876\/99 \u2013 Regra de transi\u00e7\u00e3o<\/li><\/ul>\n\n\n\n<p>A sistem\u00e1tica acima somente foi alterada com a edi\u00e7\u00e3o da lei n. 9.876, publicada em 26-11-1999. Essa lei alterou a lei n. 8.213\/91 trazendo uma nova regra \u201cpermanente\u201d que aplicava o fator previdenci\u00e1rio ao c\u00e1lculo de alguns benef\u00edcios.<\/p>\n\n\n\n<p>A lei n. 9.876\/99 tamb\u00e9m criou uma regra de transi\u00e7\u00e3o para beneficiar as pessoas que j\u00e1 estavam filiadas ao RGPS anteriormente. \u00c9 justamente sobre essas pessoas, que se filiaram antes de novembro\/1999, que falaremos agora.<\/p>\n\n\n\n<p>O art. 3\u00ba da 9.876\/99 disp\u00f5e o seguinte:<\/p>\n\n\n\n<blockquote class=\"wp-block-quote is-layout-flow wp-block-quote-is-layout-flow\"><p>Art. 3\u00ba Para o segurado filiado \u00e0 Previd\u00eancia Social at\u00e9 o dia anterior \u00e0 data de publica\u00e7\u00e3o desta Lei, que vier a cumprir as condi\u00e7\u00f5es exigidas para a concess\u00e3o dos benef\u00edcios do Regime Geral de Previd\u00eancia Social, no c\u00e1lculo do sal\u00e1rio-de-benef\u00edcio ser\u00e1 considerada a m\u00e9dia aritm\u00e9tica simples dos maiores sal\u00e1rios-de-contribui\u00e7\u00e3o, correspondentes a, no m\u00ednimo, oitenta por cento <strong>de todo o per\u00edodo contributivo<\/strong> decorrido desde a compet\u00eancia julho de 1994, observado o disposto nos\u00a0<a href=\"http:\/\/www.planalto.gov.br\/ccivil_03\/leis\/L8213cons.htm#art29i\">incisos I e II do\u00a0caput\u00a0do art. 29 da Lei no\u00a08.213, de 1991<\/a>, com a reda\u00e7\u00e3o dada por esta Lei.<\/p><p>(&#8230;)<\/p><p>\u00a7 2\u00ba No caso das aposentadorias de que tratam as al\u00edneas\u00a0b,\u00a0c\u00a0e\u00a0d\u00a0do inciso I do art. 18, <strong>o divisor considerado<\/strong> no c\u00e1lculo da m\u00e9dia a que se refere o\u00a0caput\u00a0e o \u00a7 1\u00ba <strong>n\u00e3o poder\u00e1 ser inferior a sessenta por cento do per\u00edodo decorrido da compet\u00eancia julho de 1994 at\u00e9 a data de in\u00edcio do benef\u00edcio<\/strong>, limitado a cem por cento de todo o per\u00edodo contributivo.<\/p><\/blockquote>\n\n\n\n<p>A lei n. 9.876\/99 permite que as pessoas que j\u00e1 estavam filiadas ao RGPS antes de 26-11-1999 tenham seus benef\u00edcios calculados <strong>SEM a incid\u00eancia do fator previdenci\u00e1rio<\/strong>. E mais: o sal\u00e1rio-de-benef\u00edcio seria a m\u00e9dia aritm\u00e9tica das 80% maiores contribui\u00e7\u00f5es de todo o per\u00edodo contributivo posterior ao Plano Real, com a aplica\u00e7\u00e3o de um divisor m\u00ednimo.<\/p>\n\n\n\n<p>Essa regra de transi\u00e7\u00e3o \u00e9 pior que a sistem\u00e1tica anterior (\u00faltimas 36 contribui\u00e7\u00f5es), mas permite que o indiv\u00edduo escape do fator previdenci\u00e1rio, que costuma reduzir o valor dos benef\u00edcios.<\/p>\n\n\n\n<p>Por que a exist\u00eancia de um divisor m\u00ednimo? Para evitar que segurados manipulassem o valor do pr\u00f3prio benef\u00edcio. Ciente de que os per\u00edodos anteriores a julho\/94 seriam desconsiderados, algumas pessoas que estavam perto de se aposentar poderiam fazer algumas poucas contribui\u00e7\u00f5es (com valores elevados) para puxar o valor do benef\u00edcio para cima. O divisor m\u00ednimo evita essa malandragem.<\/p>\n\n\n\n<p>Pela literalidade da lei, quem se filiou ao RGPS ap\u00f3s novembro\/1999 n\u00e3o poderia utilizar essa regra, caindo necessariamente no c\u00e1lculo da reda\u00e7\u00e3o \u201cpermanente\u201d da lei n. 8.213\/91.<\/p>\n\n\n\n<p>Ao limitar o c\u00e1lculo ao per\u00edodo posterior ao Plano Real, o governo evita incont\u00e1veis discuss\u00f5es a respeito dos \u00edndices inflacion\u00e1rios relativas \u00e0 UFIR, Cruzado, Cruzeiro, Cruzado Novo, etc. No entanto, isso pode prejudicar o trabalhador que teve contribui\u00e7\u00f5es altas justamente no per\u00edodo pr\u00e9-1994, ignorado pela regra de transi\u00e7\u00e3o.<\/p>\n\n\n\n<ul class=\"wp-block-list\"><li><strong><\/strong><strong>Novembro\/1999 at\u00e9 Novembro\/2019 <\/strong><strong>\u2013<\/strong> Segurado filiado ap\u00f3s a 9.876\/99 \u2013 Regra \u201cdefinitiva\u201d<\/li><\/ul>\n\n\n\n<p>Quem ingressou no RGPS ap\u00f3s a lei n. 9.876\/99 teve seus benef\u00edcios calculados de acordo com o art. 29 da lei n. 8.213\/91, na reda\u00e7\u00e3o dada pela pr\u00f3pria 9.876\/99:<\/p>\n\n\n\n<blockquote class=\"wp-block-quote is-layout-flow wp-block-quote-is-layout-flow\"><p>Art. 29. O sal\u00e1rio-de-benef\u00edcio consiste: (Reda\u00e7\u00e3o dada pela Lei n. 9.876, de 26.11.99)<\/p><p>I &#8211; para os benef\u00edcios de que tratam as al\u00edneas b e c do inciso I do art. 18, na m\u00e9dia aritm\u00e9tica simples dos maiores sal\u00e1rios-de-contribui\u00e7\u00e3o correspondentes a oitenta por cento de todo o per\u00edodo contributivo, multiplicada pelo fator previdenci\u00e1rio; (Inclu\u00eddo pela Lei n. 9.876, de 26.11.99)<\/p><p>II &#8211; para os benef\u00edcios de que tratam as al\u00edneas a, d, e e h do inciso I do art. 18, na m\u00e9dia aritm\u00e9tica simples dos maiores sal\u00e1rios-de-contribui\u00e7\u00e3o correspondentes a oitenta por cento de todo o per\u00edodo contributivo. (Inclu\u00eddo pela Lei n. 9.876, de 26.11.99)<\/p><\/blockquote>\n\n\n\n<p>Os benef\u00edcios mencionados no inciso I s\u00e3o a <em>aposentadoria por idade<\/em> e a <em>aposentadoria por tempo de contribui\u00e7\u00e3o<\/em>.<\/p>\n\n\n\n<p>Os do inciso II s\u00e3o a aposentadoria <em>por invalidez<\/em>, a <em>aposentadoria especial<\/em>, o <em>aux\u00edlio-doen\u00e7a<\/em> e o <em>aux\u00edlio-acidente<\/em>.<\/p>\n\n\n\n<p>Portanto, para quem se filiou ao RGPS ap\u00f3s a lei n. 9.876\/99, os benef\u00edcios seriam calculados a partir da m\u00e9dia aritm\u00e9tica simples dos maiores sal\u00e1rios-de-contribui\u00e7\u00e3o correspondentes a 80% de todo o per\u00edodo contributivo. A <strong>aposentadoria por idade<\/strong> e a aposentadoria <strong>por tempo de contribui\u00e7\u00e3o<\/strong> sofreriam a incid\u00eancia do <strong><u>fator previdenci\u00e1rio<\/u><\/strong>.<\/p>\n\n\n\n<ul class=\"wp-block-list\" type=\"A\"><li><strong>Ap\u00f3s novembro\/2019 \u2013 Emenda Constitucional n. 103\/19<\/strong><\/li><\/ul>\n\n\n\n<p>A Emenda Constitucional n. 103, de novembro de 2019, n\u00e3o revogou expressamente qualquer dispositivo da lei n. 8.213\/91. No entanto, tornou algumas regras incompat\u00edveis com a nova sistem\u00e1tica constitucional.<\/p>\n\n\n\n<p>Isso aconteceu com o c\u00e1lculo do sal\u00e1rio-de-benef\u00edcio, como vemos no art. 26 da EC 103\/19:<\/p>\n\n\n\n<blockquote class=\"wp-block-quote is-layout-flow wp-block-quote-is-layout-flow\"><p>Art. 26. At\u00e9 que lei discipline o c\u00e1lculo dos benef\u00edcios do regime pr\u00f3prio de previd\u00eancia social da Uni\u00e3o e do Regime Geral de Previd\u00eancia Social, ser\u00e1 utilizada a <strong>m\u00e9dia aritm\u00e9tica simples dos sal\u00e1rios de contribui\u00e7\u00e3o<\/strong> e das remunera\u00e7\u00f5es adotados como base para contribui\u00e7\u00f5es a regime pr\u00f3prio de previd\u00eancia social e ao Regime Geral de Previd\u00eancia Social, ou como base para contribui\u00e7\u00f5es decorrentes das atividades militares de que tratam os\u00a0<a href=\"http:\/\/www.planalto.gov.br\/ccivil_03\/constituicao\/Constituicao.htm#art42\">arts. 42<\/a>\u00a0e\u00a0<a href=\"http:\/\/www.planalto.gov.br\/ccivil_03\/constituicao\/Constituicao.htm#art142\">142 da Constitui\u00e7\u00e3o Federal<\/a>, atualizados monetariamente, <strong>correspondentes a 100% (cem por cento) do per\u00edodo contributivo desde a compet\u00eancia julho de 1994<\/strong> ou desde o in\u00edcio da contribui\u00e7\u00e3o, se posterior \u00e0quela compet\u00eancia.<\/p><\/blockquote>\n\n\n\n<p>Perceba que o fator previdenci\u00e1rio deixou de ser aplicado \u00e0s aposentadorias urbanas. Nesse aspecto, <strong>a EC 103\/19 se assemelha \u00e0 regra de transi\u00e7\u00e3o aplic\u00e1vel aos indiv\u00edduos que j\u00e1 estavam filiados antes da lei n. 9.876\/99<\/strong>.<\/p>\n\n\n\n<p>No entanto, existe uma diferen\u00e7a not\u00e1vel: os segurados filiados antes da lei n. 9.876\/99 tinham o benef\u00edcio calculado a partir da m\u00e9dia das 80% maiores contribui\u00e7\u00f5es. Com a EC 103\/19, essa colher-de-ch\u00e1 n\u00e3o existe: ser\u00e3o computadas todas as contribui\u00e7\u00f5es recolhidas ao longo da vida (p\u00f3s-Plano Real), mesmo aquelas pequenas que voc\u00ea fez assim que come\u00e7ou a trabalhar.<\/p>\n\n\n\n<h2 class=\"wp-block-heading\" id=\"o-posicionamento-do-stj\">O posicionamento do STJ<\/h2>\n\n\n\n<p>No STJ, a mat\u00e9ria foi apreciada como <strong>tema 999 dos REsp Repetitivos<\/strong>. Em dezembro de 2019, aquele tribunal fixou a seguinte tese:<\/p>\n\n\n\n<blockquote class=\"wp-block-quote is-layout-flow wp-block-quote-is-layout-flow\"><p>Aplica-se a regra definitiva prevista no art. 29, I e II da Lei 8.213\/1991, na apura\u00e7\u00e3o do sal\u00e1rio de benef\u00edcio, quando mais favor\u00e1vel do que a regra de transi\u00e7\u00e3o contida no art. 3\u00ba da Lei 9.876\/1999, aos Segurado que <strong><u>ingressaram<\/u><\/strong> no Regime Geral da Previd\u00eancia Social at\u00e9 o dia anterior \u00e0 publica\u00e7\u00e3o da Lei 9.876\/1999.<\/p><\/blockquote>\n\n\n\n<p>O crit\u00e9rio adotado, aqui, foi a <strong>filia\u00e7\u00e3o<\/strong> ao regime. O STJ incluiu todo os segurados que ingressaram antes da lei n. 9.876\/99.<\/p>\n\n\n\n<p>Apesar da amplitude do conceito, a utilidade pr\u00e1tica limita-se aos segurados que se filiaram antes da lei n. 9.876\/99 e que implementaram as condi\u00e7\u00f5es para o benef\u00edcio ap\u00f3s a lei n. 9.876\/99.<\/p>\n\n\n\n<p>Em suma, o STJ afirma que a regra \u201cdefinitiva\u201d (sem divisor m\u00ednimo e <strong>com<\/strong> fator previdenci\u00e1rio) pode ser utilizada pelos segurados que j\u00e1 estavam filiados antes da lei n. 9.876\/99, caso lhes seja mais favor\u00e1vel.<\/p>\n\n\n\n<p>E aqui est\u00e1 o \u201cpulo-do-gato\u201d: <strong>a regra \u201cdefinitiva\u201d n\u00e3o limita o per\u00edodo contributivo ao tempo trabalhado ap\u00f3s o Plano Real (julho de 1994)<\/strong>. Ela inclui, em tese, a vida toda do segurado.<\/p>\n\n\n\n<p>Isso se explica: a regra &#8220;definitiva&#8221; foi criada para ser utilizada apenas pelos segurados que se filiaram ao regime ap\u00f3s a publica\u00e7\u00e3o da lei n. 9.876\/99. Como a lei n. 9.876 \u00e9 de 1999, o segurado certamente n\u00e3o teria contribui\u00e7\u00f5es anteriores ao Plano Real (que \u00e9 de 1994).<\/p>\n\n\n\n<p>Por isso, o art. 29 da lei n. 8.213\/91 (com a reda\u00e7\u00e3o da lei n. 9.876\/99) utiliza a m\u00e9dia contributiva correspondente aos 80% maiores sal\u00e1rios da vida toda do segurado (incidindo, em alguns casos, o fator previdenci\u00e1rio).<\/p>\n\n\n\n<p>A posi\u00e7\u00e3o defendida pelo INSS no curso do processo judicial me parece adequada: na hip\u00f3tese de a regra \u201cdefinitiva\u201d ser aplicada aos segurados que ingressaram antes de 1999, o per\u00edodo contributivo deveria se limitar apenas ao per\u00edodo posterior a julho de 1994, como ocorre na regra do art. 3\u00ba da pr\u00f3pria lei n. 9.876\/99.<\/p>\n\n\n\n<p>Todavia, o STJ n\u00e3o fez esse recorte. Definiu que a norma criada para os filiados p\u00f3s-1999 seria aplic\u00e1vel tamb\u00e9m aos filiados anteriormente, admitindo o c\u00e1lculo com base nas contribui\u00e7\u00f5es da vida toda.<\/p>\n\n\n\n<h2 class=\"wp-block-heading\" id=\"o-julgamento-no-supremo-tribunal-federal\">O julgamento no Supremo Tribunal Federal <\/h2>\n\n\n\n<p>Em fevereiro de 2022, o Supremo Tribunal Federal iniciou o julgamento da mat\u00e9ria como <strong>Tema 1102 da repercuss\u00e3o geral<\/strong>.<\/p>\n\n\n\n<p>Computados os votos, tudo indicava que o INSS sofreria nova derrota. Os sites e perfis de advogados em redes sociais chegaram a divulgar a tese fixada pelo STF:<\/p>\n\n\n\n<blockquote class=\"wp-block-quote is-layout-flow wp-block-quote-is-layout-flow\"><p>O segurado que <strong><u>implementou as condi\u00e7\u00f5es para o benef\u00edcio<\/u><\/strong> previdenci\u00e1rio ap\u00f3s a vig\u00eancia da lei 9.876, de 26\/11\/1999, e antes da vig\u00eancia das novas regras constitucionais introduzidas pela EC 103\/2019, que tornou a regra transit\u00f3ria definitiva, tem o direito de optar pela regra definitiva, acaso esta lhe seja mais favor\u00e1vel.<\/p><\/blockquote>\n\n\n\n<p>O STF aplicava, em s\u00edntese, a mesma linha do STJ.<\/p>\n\n\n\n<p>Acontece que, <strong>antes de declarar o resultado do julgamento pelo Plen\u00e1rio Virtual, o STF retirou o feito de pauta<\/strong>. O motivo \u00e9 que um dos ministros favor\u00e1veis (justamente o relator, Marco Aur\u00e9lio) est\u00e1 aposentado e n\u00e3o poderia ter tido seu voto computado.<\/p>\n\n\n\n<p>Ainda n\u00e3o h\u00e1 previs\u00e3o de nova data para o julgamento, mas \u00e9 poss\u00edvel que o resultado seja revertido em favor do INSS.<\/p>\n\n\n\n<h2 class=\"wp-block-heading\" id=\"repercussoes-praticas\">Repercuss\u00f5es pr\u00e1ticas<\/h2>\n\n\n\n<p>A decis\u00e3o do STJ n\u00e3o transitou em julgado. <strong>O tema aguarda aprecia\u00e7\u00e3o pelo Supremo<\/strong>.<\/p>\n\n\n\n<p>Caso prevale\u00e7a, a revis\u00e3o da vida toda <strong>afetar\u00e1 apenas os trabalhadores que se filiaram ao RGPS antes de 28-11-1999<\/strong> e que tiveram benef\u00edcios concedidos com base em fatos ocorridos at\u00e9 13-11-2019 (data da publica\u00e7\u00e3o da EC 103\/19).<\/p>\n\n\n\n<p>A limita\u00e7\u00e3o mencionada acima ocorre porque a EC 103\/19 novamente alterou a forma de c\u00e1lculo dos benef\u00edcios. Para fatos ocorridos a partir de 13-11-2019, o c\u00e1lculo segue a sistem\u00e1tica do art. 26 da EC 103\/19 \u2013 superando a discuss\u00e3o travada no judici\u00e1rio.<\/p>\n\n\n\n<p>Vale notar que a aplica\u00e7\u00e3o de uma regra de c\u00e1lculo n\u00e3o \u00e9, intrinsecamente, favor\u00e1vel ou prejudicial ao segurado. Faz-se <strong>necess\u00e1ria a an\u00e1lise das contribui\u00e7\u00f5es vertidas em cada caso espec\u00edfico<\/strong>, principalmente se levarmos em conta que a regra \u201cdefinitiva\u201d (art. 29 da lei n. 8.213\/91, com reda\u00e7\u00e3o dada pela lei n. 9.876\/99) determina a aplica\u00e7\u00e3o do fator previdenci\u00e1rio no c\u00e1lculo das aposentadorias por idade e por tempo de contribui\u00e7\u00e3o.<\/p>\n\n\n\n<p>A idade do segurado na data da aposentadoria tamb\u00e9m \u00e9 importante, pois isso afeta muito na aplica\u00e7\u00e3o do fator previdenci\u00e1rio.<\/p>\n\n\n\n<p>Em tese, essa revis\u00e3o pode vir a beneficiar indiv\u00edduos que tiveram <strong>valores de contribui\u00e7\u00e3o mais altos no per\u00edodo anterior a julho de 1994<\/strong>, que foram desconsiderados pelo c\u00e1lculo do art. 3\u00ba da lei n. 9.876\/99 (regra de transi\u00e7\u00e3o). &nbsp;Se os sal\u00e1rio-de-contribui\u00e7\u00e3o fossem pequenos, de nada adiantar\u00e1 inclu\u00ed-los no c\u00e1lculo.<\/p>\n\n\n\n<p>Se as causas forem mal instru\u00eddas, o ajuizamento da a\u00e7\u00e3o poder\u00e1 resultar em execu\u00e7\u00e3o nula ou at\u00e9 mesmo desfavor\u00e1vel para o segurado, com redu\u00e7\u00e3o no valor do benef\u00edcio.<\/p>\n\n\n\n<p>Outra limita\u00e7\u00e3o pr\u00e1tica \u00e9 a <strong>decad\u00eancia prevista no art. 103<\/strong> da lei n. 8.213\/91. Caso tenham decorrido mais de 10 anos desde a implanta\u00e7\u00e3o do benef\u00edcio, n\u00e3o ser\u00e1 poss\u00edvel rever o ato concess\u00f3rio.<\/p>\n","protected":false},"excerpt":{"rendered":"<p>Ol\u00e1, pessoal! Em fevereiro de 2022, o Supremo Tribunal Federal iniciou o julgamento do Recurso Extraordin\u00e1rio n. 1.276.977, afetado como Tema 1102 da Repercuss\u00e3o Geral. A tese em debate, conhecida como \u201crevis\u00e3o da vida toda\u201d, busca esclarecer o seguinte ponto: Possibilidade de revis\u00e3o de benef\u00edcio previdenci\u00e1rio mediante a aplica\u00e7\u00e3o da regra definitiva do artigo 29, [&hellip;]<\/p>\n","protected":false},"author":295,"featured_media":0,"comment_status":"open","ping_status":"closed","sticky":false,"template":"","format":"standard","meta":{"post_tipo":"article","footnotes":""},"categories":[1],"tags":[174369,174370,18,975,174371],"tax_estado":[],"class_list":["post-495155","post","type-post","status-publish","format-standard","hentry","category-cursos-e-concursos","tag-beneficio","tag-calculo","tag-inss","tag-revisao","tag-vida-toda"],"acf":[],"yoast_head":"<!-- This site is optimized with the Yoast SEO Premium plugin v27.2 (Yoast SEO v27.2) - https:\/\/yoast.com\/product\/yoast-seo-premium-wordpress\/ -->\n<title>Revis\u00e3o da vida toda<\/title>\n<meta name=\"robots\" content=\"index, follow, max-snippet:-1, max-image-preview:large, max-video-preview:-1\" \/>\n<link rel=\"canonical\" href=\"https:\/\/www.estrategiaconcursos.com.br\/blog\/revisao-da-vida-toda\/\" \/>\n<meta property=\"og:locale\" content=\"pt_BR\" \/>\n<meta property=\"og:type\" content=\"article\" \/>\n<meta property=\"og:title\" content=\"Revis\u00e3o da vida toda\" \/>\n<meta property=\"og:description\" content=\"Ol\u00e1, pessoal! Em fevereiro de 2022, o Supremo Tribunal Federal iniciou o julgamento do Recurso Extraordin\u00e1rio n. 1.276.977, afetado como Tema 1102 da Repercuss\u00e3o Geral. A tese em debate, conhecida como \u201crevis\u00e3o da vida toda\u201d, busca esclarecer o seguinte ponto: Possibilidade de revis\u00e3o de benef\u00edcio previdenci\u00e1rio mediante a aplica\u00e7\u00e3o da regra definitiva do artigo 29, [&hellip;]\" \/>\n<meta property=\"og:url\" content=\"https:\/\/www.estrategiaconcursos.com.br\/blog\/revisao-da-vida-toda\/\" \/>\n<meta property=\"og:site_name\" content=\"Estrat\u00e9gia Concursos\" \/>\n<meta property=\"article:published_time\" content=\"2022-03-10T16:04:39+00:00\" \/>\n<meta property=\"article:modified_time\" content=\"2022-03-11T01:19:05+00:00\" \/>\n<meta name=\"author\" content=\"Felipe Cavalcante e Silva\" \/>\n<meta name=\"twitter:card\" content=\"summary_large_image\" \/>\n<meta name=\"twitter:creator\" content=\"@EstratConcursos\" \/>\n<meta name=\"twitter:site\" content=\"@EstratConcursos\" \/>\n<meta name=\"twitter:label1\" content=\"Escrito por\" \/>\n\t<meta name=\"twitter:data1\" content=\"Felipe Cavalcante e Silva\" \/>\n\t<meta name=\"twitter:label2\" content=\"Est. tempo de leitura\" \/>\n\t<meta name=\"twitter:data2\" content=\"12 minutos\" \/>\n<script type=\"application\/ld+json\" class=\"yoast-schema-graph\">{\"@context\":\"https:\/\/schema.org\",\"@graph\":[{\"@type\":\"NewsArticle\",\"@id\":\"https:\/\/www.estrategiaconcursos.com.br\/blog\/revisao-da-vida-toda\/#article\",\"isPartOf\":{\"@id\":\"https:\/\/www.estrategiaconcursos.com.br\/blog\/revisao-da-vida-toda\/\"},\"author\":{\"name\":\"Felipe Cavalcante e Silva\",\"@id\":\"https:\/\/www.estrategiaconcursos.com.br\/blog\/#\/schema\/person\/5959b9cb8d60e3beaddda964c6ef97be\"},\"headline\":\"Revis\u00e3o da vida toda\",\"datePublished\":\"2022-03-10T16:04:39+00:00\",\"dateModified\":\"2022-03-11T01:19:05+00:00\",\"mainEntityOfPage\":{\"@id\":\"https:\/\/www.estrategiaconcursos.com.br\/blog\/revisao-da-vida-toda\/\"},\"wordCount\":2293,\"commentCount\":2,\"publisher\":{\"@id\":\"https:\/\/www.estrategiaconcursos.com.br\/blog\/#organization\"},\"keywords\":[\"benef\u00edcio\",\"c\u00e1lculo\",\"INSS\",\"revis\u00e3o\",\"vida toda\"],\"articleSection\":[\"Concursos P\u00fablicos\"],\"inLanguage\":\"pt-BR\",\"potentialAction\":[{\"@type\":\"CommentAction\",\"name\":\"Comment\",\"target\":[\"https:\/\/www.estrategiaconcursos.com.br\/blog\/revisao-da-vida-toda\/#respond\"]}],\"copyrightYear\":\"2022\",\"copyrightHolder\":{\"@id\":\"https:\/\/www.estrategiaconcursos.com.br\/blog\/#organization\"}},{\"@type\":\"WebPage\",\"@id\":\"https:\/\/www.estrategiaconcursos.com.br\/blog\/revisao-da-vida-toda\/\",\"url\":\"https:\/\/www.estrategiaconcursos.com.br\/blog\/revisao-da-vida-toda\/\",\"name\":\"Revis\u00e3o da vida toda\",\"isPartOf\":{\"@id\":\"https:\/\/www.estrategiaconcursos.com.br\/blog\/#website\"},\"datePublished\":\"2022-03-10T16:04:39+00:00\",\"dateModified\":\"2022-03-11T01:19:05+00:00\",\"breadcrumb\":{\"@id\":\"https:\/\/www.estrategiaconcursos.com.br\/blog\/revisao-da-vida-toda\/#breadcrumb\"},\"inLanguage\":\"pt-BR\",\"potentialAction\":[{\"@type\":\"ReadAction\",\"target\":[\"https:\/\/www.estrategiaconcursos.com.br\/blog\/revisao-da-vida-toda\/\"]}]},{\"@type\":\"BreadcrumbList\",\"@id\":\"https:\/\/www.estrategiaconcursos.com.br\/blog\/revisao-da-vida-toda\/#breadcrumb\",\"itemListElement\":[{\"@type\":\"ListItem\",\"position\":1,\"name\":\"In\u00edcio\",\"item\":\"https:\/\/www.estrategiaconcursos.com.br\/blog\/\"},{\"@type\":\"ListItem\",\"position\":2,\"name\":\"Revis\u00e3o da vida toda\"}]},{\"@type\":\"WebSite\",\"@id\":\"https:\/\/www.estrategiaconcursos.com.br\/blog\/#website\",\"url\":\"https:\/\/www.estrategiaconcursos.com.br\/blog\/\",\"name\":\"Estrat\u00e9gia Concursos\",\"description\":\"O blog da Estrat\u00e9gia Concursos traz not\u00edcias sobre concursos e artigos de professores oferecendo cursos para concursos (pdf + videaulas) no site.\",\"publisher\":{\"@id\":\"https:\/\/www.estrategiaconcursos.com.br\/blog\/#organization\"},\"potentialAction\":[{\"@type\":\"SearchAction\",\"target\":{\"@type\":\"EntryPoint\",\"urlTemplate\":\"https:\/\/www.estrategiaconcursos.com.br\/blog\/?s={search_term_string}\"},\"query-input\":{\"@type\":\"PropertyValueSpecification\",\"valueRequired\":true,\"valueName\":\"search_term_string\"}}],\"inLanguage\":\"pt-BR\"},{\"@type\":\"Organization\",\"@id\":\"https:\/\/www.estrategiaconcursos.com.br\/blog\/#organization\",\"name\":\"Estrat\u00e9gia Concursos\",\"url\":\"https:\/\/www.estrategiaconcursos.com.br\/blog\/\",\"logo\":{\"@type\":\"ImageObject\",\"inLanguage\":\"pt-BR\",\"@id\":\"https:\/\/www.estrategiaconcursos.com.br\/blog\/#\/schema\/logo\/image\/\",\"url\":\"https:\/\/dhg1h5j42swfq.cloudfront.net\/2025\/06\/03203428\/logo_concursos-1.jpg\",\"contentUrl\":\"https:\/\/dhg1h5j42swfq.cloudfront.net\/2025\/06\/03203428\/logo_concursos-1.jpg\",\"width\":230,\"height\":60,\"caption\":\"Estrat\u00e9gia Concursos\"},\"image\":{\"@id\":\"https:\/\/www.estrategiaconcursos.com.br\/blog\/#\/schema\/logo\/image\/\"},\"sameAs\":[\"https:\/\/x.com\/EstratConcursos\"]},{\"@type\":\"Person\",\"@id\":\"https:\/\/www.estrategiaconcursos.com.br\/blog\/#\/schema\/person\/5959b9cb8d60e3beaddda964c6ef97be\",\"name\":\"Felipe Cavalcante e Silva\",\"image\":{\"@type\":\"ImageObject\",\"inLanguage\":\"pt-BR\",\"@id\":\"https:\/\/secure.gravatar.com\/avatar\/dd7cd2be35c7fc6cee043b70beb2e9b8898c57928b6f4456f84fcd305abbebaf?s=96&d=mm&r=g\",\"url\":\"https:\/\/secure.gravatar.com\/avatar\/dd7cd2be35c7fc6cee043b70beb2e9b8898c57928b6f4456f84fcd305abbebaf?s=96&d=mm&r=g\",\"contentUrl\":\"https:\/\/secure.gravatar.com\/avatar\/dd7cd2be35c7fc6cee043b70beb2e9b8898c57928b6f4456f84fcd305abbebaf?s=96&d=mm&r=g\",\"caption\":\"Felipe Cavalcante e Silva\"},\"url\":\"https:\/\/www.estrategiaconcursos.com.br\/blog\/author\/fcs-estrategiagmail-com\/\"}]}<\/script>\n<!-- \/ Yoast SEO Premium plugin. -->","yoast_head_json":{"title":"Revis\u00e3o da vida toda","robots":{"index":"index","follow":"follow","max-snippet":"max-snippet:-1","max-image-preview":"max-image-preview:large","max-video-preview":"max-video-preview:-1"},"canonical":"https:\/\/www.estrategiaconcursos.com.br\/blog\/revisao-da-vida-toda\/","og_locale":"pt_BR","og_type":"article","og_title":"Revis\u00e3o da vida toda","og_description":"Ol\u00e1, pessoal! Em fevereiro de 2022, o Supremo Tribunal Federal iniciou o julgamento do Recurso Extraordin\u00e1rio n. 1.276.977, afetado como Tema 1102 da Repercuss\u00e3o Geral. A tese em debate, conhecida como \u201crevis\u00e3o da vida toda\u201d, busca esclarecer o seguinte ponto: Possibilidade de revis\u00e3o de benef\u00edcio previdenci\u00e1rio mediante a aplica\u00e7\u00e3o da regra definitiva do artigo 29, [&hellip;]","og_url":"https:\/\/www.estrategiaconcursos.com.br\/blog\/revisao-da-vida-toda\/","og_site_name":"Estrat\u00e9gia Concursos","article_published_time":"2022-03-10T16:04:39+00:00","article_modified_time":"2022-03-11T01:19:05+00:00","author":"Felipe Cavalcante e Silva","twitter_card":"summary_large_image","twitter_creator":"@EstratConcursos","twitter_site":"@EstratConcursos","twitter_misc":{"Escrito por":"Felipe Cavalcante e Silva","Est. tempo de leitura":"12 minutos"},"schema":{"@context":"https:\/\/schema.org","@graph":[{"@type":"NewsArticle","@id":"https:\/\/www.estrategiaconcursos.com.br\/blog\/revisao-da-vida-toda\/#article","isPartOf":{"@id":"https:\/\/www.estrategiaconcursos.com.br\/blog\/revisao-da-vida-toda\/"},"author":{"name":"Felipe Cavalcante e Silva","@id":"https:\/\/www.estrategiaconcursos.com.br\/blog\/#\/schema\/person\/5959b9cb8d60e3beaddda964c6ef97be"},"headline":"Revis\u00e3o da vida toda","datePublished":"2022-03-10T16:04:39+00:00","dateModified":"2022-03-11T01:19:05+00:00","mainEntityOfPage":{"@id":"https:\/\/www.estrategiaconcursos.com.br\/blog\/revisao-da-vida-toda\/"},"wordCount":2293,"commentCount":2,"publisher":{"@id":"https:\/\/www.estrategiaconcursos.com.br\/blog\/#organization"},"keywords":["benef\u00edcio","c\u00e1lculo","INSS","revis\u00e3o","vida toda"],"articleSection":["Concursos P\u00fablicos"],"inLanguage":"pt-BR","potentialAction":[{"@type":"CommentAction","name":"Comment","target":["https:\/\/www.estrategiaconcursos.com.br\/blog\/revisao-da-vida-toda\/#respond"]}],"copyrightYear":"2022","copyrightHolder":{"@id":"https:\/\/www.estrategiaconcursos.com.br\/blog\/#organization"}},{"@type":"WebPage","@id":"https:\/\/www.estrategiaconcursos.com.br\/blog\/revisao-da-vida-toda\/","url":"https:\/\/www.estrategiaconcursos.com.br\/blog\/revisao-da-vida-toda\/","name":"Revis\u00e3o da vida toda","isPartOf":{"@id":"https:\/\/www.estrategiaconcursos.com.br\/blog\/#website"},"datePublished":"2022-03-10T16:04:39+00:00","dateModified":"2022-03-11T01:19:05+00:00","breadcrumb":{"@id":"https:\/\/www.estrategiaconcursos.com.br\/blog\/revisao-da-vida-toda\/#breadcrumb"},"inLanguage":"pt-BR","potentialAction":[{"@type":"ReadAction","target":["https:\/\/www.estrategiaconcursos.com.br\/blog\/revisao-da-vida-toda\/"]}]},{"@type":"BreadcrumbList","@id":"https:\/\/www.estrategiaconcursos.com.br\/blog\/revisao-da-vida-toda\/#breadcrumb","itemListElement":[{"@type":"ListItem","position":1,"name":"In\u00edcio","item":"https:\/\/www.estrategiaconcursos.com.br\/blog\/"},{"@type":"ListItem","position":2,"name":"Revis\u00e3o da vida toda"}]},{"@type":"WebSite","@id":"https:\/\/www.estrategiaconcursos.com.br\/blog\/#website","url":"https:\/\/www.estrategiaconcursos.com.br\/blog\/","name":"Estrat\u00e9gia Concursos","description":"O blog da Estrat\u00e9gia Concursos traz not\u00edcias sobre concursos e artigos de professores oferecendo cursos para concursos (pdf + videaulas) no site.","publisher":{"@id":"https:\/\/www.estrategiaconcursos.com.br\/blog\/#organization"},"potentialAction":[{"@type":"SearchAction","target":{"@type":"EntryPoint","urlTemplate":"https:\/\/www.estrategiaconcursos.com.br\/blog\/?s={search_term_string}"},"query-input":{"@type":"PropertyValueSpecification","valueRequired":true,"valueName":"search_term_string"}}],"inLanguage":"pt-BR"},{"@type":"Organization","@id":"https:\/\/www.estrategiaconcursos.com.br\/blog\/#organization","name":"Estrat\u00e9gia Concursos","url":"https:\/\/www.estrategiaconcursos.com.br\/blog\/","logo":{"@type":"ImageObject","inLanguage":"pt-BR","@id":"https:\/\/www.estrategiaconcursos.com.br\/blog\/#\/schema\/logo\/image\/","url":"https:\/\/dhg1h5j42swfq.cloudfront.net\/2025\/06\/03203428\/logo_concursos-1.jpg","contentUrl":"https:\/\/dhg1h5j42swfq.cloudfront.net\/2025\/06\/03203428\/logo_concursos-1.jpg","width":230,"height":60,"caption":"Estrat\u00e9gia Concursos"},"image":{"@id":"https:\/\/www.estrategiaconcursos.com.br\/blog\/#\/schema\/logo\/image\/"},"sameAs":["https:\/\/x.com\/EstratConcursos"]},{"@type":"Person","@id":"https:\/\/www.estrategiaconcursos.com.br\/blog\/#\/schema\/person\/5959b9cb8d60e3beaddda964c6ef97be","name":"Felipe Cavalcante e Silva","image":{"@type":"ImageObject","inLanguage":"pt-BR","@id":"https:\/\/secure.gravatar.com\/avatar\/dd7cd2be35c7fc6cee043b70beb2e9b8898c57928b6f4456f84fcd305abbebaf?s=96&d=mm&r=g","url":"https:\/\/secure.gravatar.com\/avatar\/dd7cd2be35c7fc6cee043b70beb2e9b8898c57928b6f4456f84fcd305abbebaf?s=96&d=mm&r=g","contentUrl":"https:\/\/secure.gravatar.com\/avatar\/dd7cd2be35c7fc6cee043b70beb2e9b8898c57928b6f4456f84fcd305abbebaf?s=96&d=mm&r=g","caption":"Felipe Cavalcante e Silva"},"url":"https:\/\/www.estrategiaconcursos.com.br\/blog\/author\/fcs-estrategiagmail-com\/"}]}},"_links":{"self":[{"href":"https:\/\/www.estrategiaconcursos.com.br\/blog\/wp-json\/wp\/v2\/posts\/495155","targetHints":{"allow":["GET"]}}],"collection":[{"href":"https:\/\/www.estrategiaconcursos.com.br\/blog\/wp-json\/wp\/v2\/posts"}],"about":[{"href":"https:\/\/www.estrategiaconcursos.com.br\/blog\/wp-json\/wp\/v2\/types\/post"}],"author":[{"embeddable":true,"href":"https:\/\/www.estrategiaconcursos.com.br\/blog\/wp-json\/wp\/v2\/users\/295"}],"replies":[{"embeddable":true,"href":"https:\/\/www.estrategiaconcursos.com.br\/blog\/wp-json\/wp\/v2\/comments?post=495155"}],"version-history":[{"count":12,"href":"https:\/\/www.estrategiaconcursos.com.br\/blog\/wp-json\/wp\/v2\/posts\/495155\/revisions"}],"predecessor-version":[{"id":984978,"href":"https:\/\/www.estrategiaconcursos.com.br\/blog\/wp-json\/wp\/v2\/posts\/495155\/revisions\/984978"}],"wp:attachment":[{"href":"https:\/\/www.estrategiaconcursos.com.br\/blog\/wp-json\/wp\/v2\/media?parent=495155"}],"wp:term":[{"taxonomy":"category","embeddable":true,"href":"https:\/\/www.estrategiaconcursos.com.br\/blog\/wp-json\/wp\/v2\/categories?post=495155"},{"taxonomy":"post_tag","embeddable":true,"href":"https:\/\/www.estrategiaconcursos.com.br\/blog\/wp-json\/wp\/v2\/tags?post=495155"},{"taxonomy":"tax_estado","embeddable":true,"href":"https:\/\/www.estrategiaconcursos.com.br\/blog\/wp-json\/wp\/v2\/tax_estado?post=495155"}],"curies":[{"name":"wp","href":"https:\/\/api.w.org\/{rel}","templated":true}]}}