{"id":495149,"date":"2020-03-22T12:02:34","date_gmt":"2020-03-22T15:02:34","guid":{"rendered":"https:\/\/www.estrategiaconcursos.com.br\/blog\/?p=495149"},"modified":"2020-03-22T12:06:59","modified_gmt":"2020-03-22T15:06:59","slug":"afo-na-pandemia-parte-ii-zerados-os-impostos-de-importacao-de-produtos-para-o-combate-ao-virus","status":"publish","type":"post","link":"https:\/\/www.estrategiaconcursos.com.br\/blog\/afo-na-pandemia-parte-ii-zerados-os-impostos-de-importacao-de-produtos-para-o-combate-ao-virus\/","title":{"rendered":"AFO na Pandemia &#8211; Parte II: Zerados os impostos de importa\u00e7\u00e3o de produtos para o combate ao v\u00edrus"},"content":{"rendered":"\n<p>Ol\u00e1 amigos!<\/p>\n\n\n\n<p>Vou continuar a s\u00e9rie de artigos bem diretos relacionando AFO com a pandemia.<\/p>\n\n\n\n<p>O Comit\u00ea Executivo de Gest\u00e3o da C\u00e2mara de Com\u00e9rcio Exterior (Camex) do Minist\u00e9rio da Economia aprovou a zeragem da al\u00edquota do Imposto de Importa\u00e7\u00e3o para 50 produtos m\u00e9dicos e hospitalares necess\u00e1rios ao combate \u00e0 pandemia causada pelo Covid-19. <\/p>\n\n\n\n<p>A lista, elaborada em coordena\u00e7\u00e3o com o Minist\u00e9rio da Sa\u00fade, abrange produtos que tiveram importa\u00e7\u00f5es totais de aproximadamente US$ 1,3 bilh\u00e3o em 2019. Alguns produtos, como luvas m\u00e9dico-hospitalares, eram tributados a al\u00edquotas que chegavam a 35%.<br \/><br \/>Al\u00e9m de luvas, a medida zera as tarifas de importa\u00e7\u00e3o para \u00e1lcool em gel, m\u00e1scaras, term\u00f4metros cl\u00ednicos, roupas de prote\u00e7\u00e3o contra agentes infectantes, \u00f3culos de seguran\u00e7a e equipamentos respiradores, dentre outros. No total, a resolu\u00e7\u00e3o da Camex reduz para zero por cento, at\u00e9 o dia 30 de setembro de 2020, a al\u00edquota do Imposto de Importa\u00e7\u00e3o de produtos de 33 c\u00f3digos da Nomenclatura Comum do Mercosul (NCM).<\/p>\n\n\n\n<p>Note que a Uni\u00e3o est\u00e1 abrindo m\u00e3o de impostos, ou seja, renunciando \u00e0 arrecada\u00e7\u00e3o de um imposto. Vamos checar como isso \u00e9 caracterizado pela  Lei de Responsabilidade Fiscal (LRF):<\/p>\n\n\n\n<p> Art. 14. (&#8230;)<br \/><em>\u00a7 1\u00ba A ren\u00fancia compreende anistia, remiss\u00e3o, subs\u00eddio, cr\u00e9dito presumido, concess\u00e3o de isen\u00e7\u00e3o em car\u00e1ter n\u00e3o geral, altera\u00e7\u00e3o de al\u00edquota ou modifica\u00e7\u00e3o de base de c\u00e1lculo que implique redu\u00e7\u00e3o discriminada de tributos ou contribui\u00e7\u00f5es, e outros benef\u00edcios que correspondam a tratamento diferenciado.<\/em><\/p>\n\n\n\n<p>Note que, ao considerar ren\u00fancia termos como \u201cisen\u00e7\u00e3o em car\u00e1ter n\u00e3o geral\u201d, \u201credu\u00e7\u00e3o discriminada\u201d e \u201ctratamento diferenciado\u201d, a LRF visa evitar que haja prefer\u00eancias para apenas alguns poucos em preju\u00edzo dos demais. Neste caso do imposto de importa\u00e7\u00e3o, temos exatamente um car\u00e1ter espec\u00edfico, discriminado, com tratamento diferenciado. Mas precisamos continuar a leitura dos dispositivos legais.<\/p>\n\n\n\n<p>A ren\u00fancia n\u00e3o \u00e9 proibida. O que deve ocorrer, como regra geral (veremos depois as exce\u00e7\u00f5es), \u00e9 que a ren\u00fancia deve seguir as regras da LRF.<\/p>\n\n\n\n<p><em>Art. 14. A concess\u00e3o ou amplia\u00e7\u00e3o de incentivo ou benef\u00edcio de natureza tribut\u00e1ria da qual decorra ren\u00fancia de receita dever\u00e1 estar acompanhada de estimativa do impacto or\u00e7ament\u00e1rio-financeiro no exerc\u00edcio em que deva iniciar sua vig\u00eancia e nos dois seguintes, atender ao disposto na lei de diretrizes or\u00e7ament\u00e1rias e a pelo menos uma das seguintes condi\u00e7\u00f5es: <br \/> I &#8211; demonstra\u00e7\u00e3o pelo proponente de que a ren\u00fancia foi considerada na estimativa de receita da lei or\u00e7ament\u00e1ria, na forma do art. 12, e de que n\u00e3o afetar\u00e1 as metas de resultados fiscais previstas no anexo pr\u00f3prio da lei de diretrizes or\u00e7ament\u00e1rias;<br \/> II &#8211; estar acompanhada de medidas de compensa\u00e7\u00e3o, no per\u00edodo mencionado no caput, por meio do aumento de receita, proveniente da eleva\u00e7\u00e3o de al\u00edquotas, amplia\u00e7\u00e3o da base de c\u00e1lculo, majora\u00e7\u00e3o ou cria\u00e7\u00e3o de tributo ou contribui\u00e7\u00e3o.<br \/> \u00a7 2\u00ba Se o ato de concess\u00e3o ou amplia\u00e7\u00e3o do incentivo ou benef\u00edcio de que trata o caput deste artigo decorrer da condi\u00e7\u00e3o contida no inciso II, o benef\u00edcio s\u00f3 entrar\u00e1 em vigor quando implementadas as medidas referidas no mencionado inciso.<\/em><\/p>\n\n\n\n<p>Repare que a LRF determina que a ren\u00fancia de receitas deve ser precedida de um planejamento pormenorizado, a fim de que se identifiquem as consequ\u00eancias sobre a perda inicial de arrecada\u00e7\u00e3o e as medidas para a compensa\u00e7\u00e3o dessa perda para o ano que entrar em vigor e nos dois seguintes.<\/p>\n\n\n\n<p>E agora vamos tratar das exce\u00e7\u00f5es, ou seja, quando \u00e9 que a situa\u00e7\u00e3o de abrir m\u00e3o de uma receita n\u00e3o precisa seguir as regras do citado artigo da LRF: <\/p>\n\n\n\n<p> <em> \u00a7 3\u00ba O disposto neste artigo n\u00e3o se aplica:<br \/> I &#8211; \u00e0s altera\u00e7\u00f5es das al\u00edquotas dos impostos previstos nos incisos I, II, IV e V do art. 153 da Constitui\u00e7\u00e3o, na forma do seu \u00a7 1\u00ba;<br \/> II &#8211; ao cancelamento de d\u00e9bito cujo montante seja inferior ao dos respectivos custos de cobran\u00e7a.<\/em> <\/p>\n\n\n\n<p>Complementando o texto da LRF com as refer\u00eancias feitas \u00e0 Constitui\u00e7\u00e3o Federal, o disposto acima sobre ren\u00fancia de receitas <strong>n\u00e3o <\/strong>se aplica \u00e0s <strong>altera\u00e7\u00f5es das al\u00edquotas dos impostos de<\/strong> <strong>importa\u00e7\u00e3o de produtos estrangeiros (II)<\/strong>, de exporta\u00e7\u00e3o, para o exterior, de produtos nacionais ou nacionalizados (<strong>IE<\/strong>), de produtos industrializados (<strong>IPI<\/strong>), de opera\u00e7\u00f5es de cr\u00e9dito, c\u00e2mbio e seguro, ou relativas a t\u00edtulos ou valores mobili\u00e1rios (<strong>IOF<\/strong>) e ao cancelamento de d\u00e9bito cujo montante seja inferior ao dos respectivos custos de cobran\u00e7a <\/p>\n\n\n\n<p>Ou seja, o<strong> imposto de importa\u00e7\u00e3o n\u00e3o precisa obedecer as regras da LRF sobre ren\u00fancia de receitas<\/strong>. Assim,  a<strong> zeragem da al\u00edquota do Imposto de Importa\u00e7\u00e3o para produtos m\u00e9dicos e hospitalares necess\u00e1rios ao combate \u00e0 pandemia n\u00e3o segue as regras do art. 14 da LRF<\/strong>.<\/p>\n\n\n\n<p> Exemplos de como o art. 14 da LRF j\u00e1 foi cobrado em prova:<\/p>\n\n\n\n<p><strong>(FCC &#8211; Auditor Fiscal &#8211; Pref. de S\u00e3o Jos\u00e9 do Rio Preto\/SP &#8211; 2019) A disciplina de ren\u00fancia de receitas na Lei de Responsabilidade Fiscal diz respeito <br \/> a)  \u00e0 concess\u00e3o ou amplia\u00e7\u00e3o de incentivo ou benef\u00edcio de natureza n\u00e3o tribut\u00e1ria. <br \/> b)  \u00e0 concess\u00e3o ou amplia\u00e7\u00e3o de incentivo ou benef\u00edcio de natureza tribut\u00e1ria. <br \/> c)  \u00e0 toda e qualquer receita, n\u00e3o exibindo delimita\u00e7\u00e3o. <br \/> d)  \u00e0 concess\u00e3o ou amplia\u00e7\u00e3o de incentivo ou benef\u00edcio de natureza licitat\u00f3ria. <br \/> e)  \u00e0 concess\u00e3o ou amplia\u00e7\u00e3o de incentivo ou benef\u00edcio de natureza contratual. <\/strong><\/p>\n\n\n\n<p>Na LRF:<br \/><em> Art. 14. <strong>A concess\u00e3o ou amplia\u00e7\u00e3o de incentivo ou benef\u00edcio de natureza tribut\u00e1ria <\/strong>da qual decorra ren\u00fancia de receita dever\u00e1 estar acompanhada de estimativa do impacto or\u00e7ament\u00e1rio-financeiro no exerc\u00edcio em que deva iniciar sua vig\u00eancia e nos dois seguintes, atender ao disposto na lei de diretrizes or\u00e7ament\u00e1rias e a pelo menos uma das seguintes condi\u00e7\u00f5es (\u2026).<\/em><br \/> Resposta: Letra B<\/p>\n\n\n\n<p><strong>(FCC \u2013 T\u00e9cnico Previdenci\u00e1rio \u2013 SEGEP\/MA &#8211; 2018) Aten\u00e7\u00e3o: Para responder \u00e0 quest\u00e3o, considere a Lei Complementar n\u00ba 101\/2000, a Lei de Responsabilidade Fiscal. N\u00c3O se considera ren\u00fancia de receita<br \/> a) a isen\u00e7\u00e3o irrestrita.<br \/> b) o subs\u00eddio.<br \/> c) a anistia.<br \/> d) o cr\u00e9dito presumido.<br \/> e) a remiss\u00e3o.<\/strong><\/p>\n\n\n\n<p>A ren\u00fancia compreende anistia, remiss\u00e3o, subs\u00eddio, cr\u00e9dito presumido, concess\u00e3o de <strong>isen\u00e7\u00e3o em car\u00e1ter n\u00e3o geral<\/strong> <strong>(ou seja, restrita)<\/strong>, altera\u00e7\u00e3o de al\u00edquota ou modifica\u00e7\u00e3o de base de c\u00e1lculo que implique redu\u00e7\u00e3o discriminada de tributos ou contribui\u00e7\u00f5es, e outros benef\u00edcios que correspondam a tratamento diferenciado (art. 14, \u00a7 1\u00ba, da LRF).<br \/> Resposta: Letra A<\/p>\n\n\n\n<p><strong>(FCC &#8211; Procurador \u2013 PGE\/AP &#8211; 2018) Embora a Carta Maior tenha incumbido ao pr\u00f3prio ente a discricionariedade de subsidiar, isentar, anistiar ou remir seus tributos, a Lei de Responsabilidade Fiscal (LRF) op\u00f5e obst\u00e1culos \u00e0 submiss\u00e3o de um Projeto de Lei com essa finalidade. Segundo a LRF, a concess\u00e3o ou amplia\u00e7\u00e3o de incentivo ou benef\u00edcio de natureza tribut\u00e1ria da qual decorra ren\u00fancia de receita deve<br \/> I. estar acompanhado de estimativa do impacto or\u00e7ament\u00e1rio-financeiro no exerc\u00edcio em que deva iniciar sua vig\u00eancia.<br \/> II. estar acompanhado de estimativa do impacto or\u00e7ament\u00e1rio-financeiro nos dois exerc\u00edcios seguintes ao que deva iniciar sua vig\u00eancia.<br \/> III. atender ao disposto na Lei de Diretrizes Or\u00e7ament\u00e1rias (LDO).<br \/> IV. atender a pelo menos uma das condi\u00e7\u00f5es a seguir: ou demonstrar que a ren\u00fancia foi considerada na estimativa de receita da Lei Or\u00e7ament\u00e1ria Anual (LOA), n\u00e3o afetando as metas fiscais; ou anunciar as medidas para a compensa\u00e7\u00e3o, consistentes em eleva\u00e7\u00e3o de al\u00edquotas, amplia\u00e7\u00e3o de bases de c\u00e1lculo ou cria\u00e7\u00e3o de tributos.<br \/> Est\u00e1 correto o que se afirma em: <br \/> a) I, III e IV, apenas.  <br \/> b) II, III e IV, apenas. <br \/> c) II e IV, apenas. <br \/> d) I e III, apenas. <br \/> e) I, II, III e IV.<\/strong><\/p>\n\n\n\n<p>Na LRF:<br \/><em> Art. 14. A concess\u00e3o ou amplia\u00e7\u00e3o de incentivo ou benef\u00edcio de natureza tribut\u00e1ria da qual decorra ren\u00fancia de receita dever\u00e1 estar acompanhada de estimativa do impacto or\u00e7ament\u00e1rio-financeiro no exerc\u00edcio em que deva iniciar sua vig\u00eancia e nos dois seguintes (itens I e II), atender ao disposto na lei de diretrizes or\u00e7ament\u00e1rias (item III) e a pelo menos uma das seguintes condi\u00e7\u00f5es (item IV):<br \/> _ demonstra\u00e7\u00e3o pelo proponente de que a ren\u00fancia foi considerada na estimativa de receita da lei or\u00e7ament\u00e1ria, na forma do art. 12, e de que n\u00e3o afetar\u00e1 as metas de resultados fiscais previstas no anexo pr\u00f3prio da lei de diretrizes or\u00e7ament\u00e1rias;<br \/> _ estar acompanhada de medidas de compensa\u00e7\u00e3o, no per\u00edodo mencionado no caput, por meio do aumento de receita, proveniente da eleva\u00e7\u00e3o de al\u00edquotas, amplia\u00e7\u00e3o da base de c\u00e1lculo, majora\u00e7\u00e3o ou cria\u00e7\u00e3o de tributo ou contribui\u00e7\u00e3o.<\/em><br \/> Logo, todos os itens est\u00e3o corretos: <strong>I, II, III e IV.<\/strong><br \/> Resposta: Letra E<\/p>\n\n\n\n<p><strong>(FGV &#8211; Analista de Gest\u00e3o &#8211; Administrador &#8211; COMPESA &#8211; 2018) A Lei de Responsabilidade Fiscal (LRF) determina a realiza\u00e7\u00e3o de um planejamento detalhado da ren\u00fancia de receitas, visando identificar as consequ\u00eancias da perda da arrecada\u00e7\u00e3o e a forma como ser\u00e1 compensada. Assinale a op\u00e7\u00e3o que mostra exemplos de ren\u00fancia de receita.<br \/> a) anistia, redu\u00e7\u00e3o da base de c\u00e1lculo e financiamento.<br \/> b) isen\u00e7\u00e3o, cr\u00e9dito banc\u00e1rio e subs\u00eddio.<br \/> c) remiss\u00e3o, aumento de al\u00edquota e anistia.<br \/> d) financiamento, cr\u00e9dito banc\u00e1rio e remiss\u00e3o.<br \/> e) subs\u00eddio, remiss\u00e3o e cr\u00e9dito presumido.<\/strong><\/p>\n\n\n\n<p>A ren\u00fancia de receitas compreende anistia, <strong>remiss\u00e3o, subs\u00eddio, cr\u00e9dito presumido,<\/strong> concess\u00e3o de isen\u00e7\u00e3o em car\u00e1ter n\u00e3o geral, altera\u00e7\u00e3o de al\u00edquota ou modifica\u00e7\u00e3o de base de c\u00e1lculo que implique redu\u00e7\u00e3o discriminada de tributos ou contribui\u00e7\u00f5es, e outros benef\u00edcios que correspondam a tratamento diferenciado (art. 14, \u00a7 1\u00ba, da LRF).<br \/> Resposta: Letra E  <\/p>\n\n\n\n<p><strong>(FGV \u2013 Auditor Municipal de Controle Interno \u2013 CGM\/Niter\u00f3i &#8211; 2018) A concess\u00e3o ou amplia\u00e7\u00e3o de incentivo ou benef\u00edcio de natureza tribut\u00e1ria, da qual decorra ren\u00fancia de receita, dever\u00e1 estar acompanhada do demonstrativo<br \/> a) de que a ren\u00fancia foi avaliada na despesa.<br \/> b) de impacto or\u00e7ament\u00e1rio financeiro.<br \/> c) de compensa\u00e7\u00e3o de redu\u00e7\u00e3o de despesa.<br \/> d) de impacto social da concess\u00e3o do benef\u00edcio.<br \/> e) sobre a altera\u00e7\u00e3o das metas fiscais.<\/strong><\/p>\n\n\n\n<p>A concess\u00e3o ou amplia\u00e7\u00e3o de incentivo ou benef\u00edcio de natureza tribut\u00e1ria da qual decorra ren\u00fancia de receita dever\u00e1 estar acompanhada de <strong>estimativa do impacto or\u00e7ament\u00e1rio-financeiro<\/strong> no exerc\u00edcio em que deva iniciar sua vig\u00eancia e nos dois seguintes, atender ao disposto na lei de diretrizes or\u00e7ament\u00e1rias e a pelo menos uma das seguintes condi\u00e7\u00f5es (art. 14, <em>caput<\/em>, da LRF).<br \/> Resposta: Letra B  <\/p>\n\n\n\n<p><strong>(FGV \u2013 Fiscal de Rendas \u2013 SEFAZ\/RJ \u2013 2011) Considere que, por for\u00e7a de varia\u00e7\u00f5es clim\u00e1ticas ocorridas em diversas regi\u00f5es do Brasil, haja um desabastecimento do mercado interno em rela\u00e7\u00e3o ao fornecimento de produtos da cesta b\u00e1sica, tais como feij\u00e3o, arroz e a\u00e7\u00facar. \u00c0 vista disso, caso o Poder Executivo, mediante decreto, venha a estipular al\u00edquota zero para o Imposto de Importa\u00e7\u00e3o &#8211; II, Imposto sobre Produtos Industrializados &#8211; IPI e Imposto sobre Opera\u00e7\u00f5es Financeiras &#8211; IOF a incidir sobre tais produtos no ato da importa\u00e7\u00e3o, tal ren\u00fancia de receita, \u00e0 luz da Lei Complementar 101\/2000,<br \/> a) dever\u00e1 estar acompanhada da estimativa do impacto or\u00e7ament\u00e1rio-financeiro no exerc\u00edcio em que deva iniciar e nos dois exerc\u00edcios seguintes.<br \/> b) dever\u00e1 estar acompanhada de estimativa do impacto or\u00e7ament\u00e1rio-financeiro no exerc\u00edcio em que deva iniciar e no exerc\u00edcio seguinte.<br \/> c) dever\u00e1 estar acompanhada de estimativa do impacto or\u00e7ament\u00e1rio-financeiro no exerc\u00edcio em que deva iniciar e nos tr\u00eas exerc\u00edcios seguintes.<br \/> d) n\u00e3o dever\u00e1 estar acompanhada de medidas de compensa\u00e7\u00e3o, por\u00e9m dever\u00e1 estar acompanhada de estimativa do impacto or\u00e7ament\u00e1rio-financeiro no exerc\u00edcio em que deva iniciar e nos dois exerc\u00edcios seguintes.<br \/> e) n\u00e3o dever\u00e1 estar acompanhada da estimativa do impacto or\u00e7ament\u00e1rio-financeiro no exerc\u00edcio em que deva iniciar e nos dois exerc\u00edcios seguintes, nem observar\u00e1 qualquer outra medida de compensa\u00e7\u00e3o de tributos ou exig\u00eancias previstas na referida lei.<\/strong><\/p>\n\n\n\n<p>O disposto na LRF sobre ren\u00fancia de receitas <strong>n\u00e3o se aplica<\/strong> \u00e0s altera\u00e7\u00f5es das al\u00edquotas dos impostos de importa\u00e7\u00e3o de produtos estrangeiros (II), de exporta\u00e7\u00e3o, para o exterior, de produtos nacionais ou nacionalizados (IE), de produtos industrializados (IPI), de opera\u00e7\u00f5es de cr\u00e9dito, c\u00e2mbio e seguro, ou relativas a t\u00edtulos ou valores mobili\u00e1rios (IOF) e ao cancelamento de d\u00e9bito cujo montante seja inferior ao dos respectivos custos de cobran\u00e7a art. 14, \u00a7 3\u00ba, da LRF).<br \/> Resposta: Letra E <\/p>\n\n\n\n<p>No pr\u00f3ximo artigo, na parte III, trataremos dos cr\u00e9ditos extraordin\u00e1rios.<\/p>\n\n\n\n<p>Quer aprender AFO de verdade e &#8220;arrebentar em provas como essa&#8221;? Invista nos cursos espec\u00edficos para o seu concurso clicando em: <a href=\"https:\/\/www.estrategiaconcursos.com.br\/cursosPorProfessor\/sergio-mendes-3000\/\">quero aprender AFO e LRF de verdade.<\/a><\/p>\n\n\n\n<p>Se n\u00e3o h\u00e1 um curso espec\u00edfico para o concurso que voc\u00ea quer, sugiro para voc\u00ea o curso regular clicando em: <a href=\"https:\/\/www.estrategiaconcursos.com.br\/curso\/administracao-financeira-e-orcamentaria-p-concursos-curso-regular-com-videoaulas\/\">quero aprender AFO para concursos.<\/a><\/p>\n\n\n\n<p>Forte abra\u00e7o!<\/p>\n\n\n\n<p>S\u00e9rgio Mendes<\/p>\n\n\n\n<p><a href=\"http:\/\/www.instagram.com\/sergiomendesafo\">www.instagram.com\/sergiomendesafo<\/a><\/p>\n\n\n\n<p><a href=\"http:\/\/www.facebook.com\/sergiomendesafo\">www.facebook.com\/sergiomendesafo<\/a><\/p>\n\n\n\n<p><a href=\"http:\/\/www.youtube.com\/sergiomendesafo\">www.youtube.com\/sergiomendesafo<\/a><\/p>\n","protected":false},"excerpt":{"rendered":"<p>Ol\u00e1 amigos! Vou continuar a s\u00e9rie de artigos bem diretos relacionando AFO com a pandemia. O Comit\u00ea Executivo de Gest\u00e3o da C\u00e2mara de Com\u00e9rcio Exterior (Camex) do Minist\u00e9rio da Economia aprovou a zeragem da al\u00edquota do Imposto de Importa\u00e7\u00e3o para 50 produtos m\u00e9dicos e hospitalares necess\u00e1rios ao combate \u00e0 pandemia causada pelo Covid-19. A lista, [&hellip;]<\/p>\n","protected":false},"author":29,"featured_media":0,"comment_status":"open","ping_status":"closed","sticky":false,"template":"","format":"standard","meta":{"post_tipo":"article","footnotes":""},"categories":[1],"tags":[173128,174344,1562,174342],"tax_estado":[],"class_list":["post-495149","post","type-post","status-publish","format-standard","hentry","category-cursos-e-concursos","tag-coronavirus","tag-imposto-de-importacao","tag-orcamento-publico","tag-renuncia-de-receitas"],"acf":[],"yoast_head":"<!-- This site is optimized with the Yoast SEO Premium plugin v27.2 (Yoast SEO v27.2) - https:\/\/yoast.com\/product\/yoast-seo-premium-wordpress\/ -->\n<title>AFO na Pandemia - Parte II: Zerados os impostos de importa\u00e7\u00e3o de produtos para o combate ao v\u00edrus<\/title>\n<meta name=\"robots\" content=\"index, follow, max-snippet:-1, max-image-preview:large, max-video-preview:-1\" \/>\n<link rel=\"canonical\" href=\"https:\/\/www.estrategiaconcursos.com.br\/blog\/afo-na-pandemia-parte-ii-zerados-os-impostos-de-importacao-de-produtos-para-o-combate-ao-virus\/\" \/>\n<meta property=\"og:locale\" content=\"pt_BR\" \/>\n<meta property=\"og:type\" content=\"article\" \/>\n<meta property=\"og:title\" content=\"AFO na Pandemia - Parte II: Zerados os impostos de importa\u00e7\u00e3o de produtos para o combate ao v\u00edrus\" \/>\n<meta property=\"og:description\" content=\"Ol\u00e1 amigos! Vou continuar a s\u00e9rie de artigos bem diretos relacionando AFO com a pandemia. O Comit\u00ea Executivo de Gest\u00e3o da C\u00e2mara de Com\u00e9rcio Exterior (Camex) do Minist\u00e9rio da Economia aprovou a zeragem da al\u00edquota do Imposto de Importa\u00e7\u00e3o para 50 produtos m\u00e9dicos e hospitalares necess\u00e1rios ao combate \u00e0 pandemia causada pelo Covid-19. A lista, [&hellip;]\" \/>\n<meta property=\"og:url\" content=\"https:\/\/www.estrategiaconcursos.com.br\/blog\/afo-na-pandemia-parte-ii-zerados-os-impostos-de-importacao-de-produtos-para-o-combate-ao-virus\/\" \/>\n<meta property=\"og:site_name\" content=\"Estrat\u00e9gia Concursos\" \/>\n<meta property=\"article:author\" content=\"https:\/\/www.facebook.com\/profsergiomendes\" \/>\n<meta property=\"article:published_time\" content=\"2020-03-22T15:02:34+00:00\" \/>\n<meta property=\"article:modified_time\" content=\"2020-03-22T15:06:59+00:00\" \/>\n<meta name=\"author\" content=\"S\u00e9rgio Mendes\" \/>\n<meta name=\"twitter:card\" content=\"summary_large_image\" \/>\n<meta name=\"twitter:creator\" content=\"@EstratConcursos\" \/>\n<meta name=\"twitter:site\" content=\"@EstratConcursos\" \/>\n<meta name=\"twitter:label1\" content=\"Escrito por\" \/>\n\t<meta name=\"twitter:data1\" content=\"S\u00e9rgio Mendes\" \/>\n\t<meta name=\"twitter:label2\" content=\"Est. tempo de leitura\" \/>\n\t<meta name=\"twitter:data2\" content=\"11 minutos\" \/>\n<script type=\"application\/ld+json\" class=\"yoast-schema-graph\">{\"@context\":\"https:\/\/schema.org\",\"@graph\":[{\"@type\":\"NewsArticle\",\"@id\":\"https:\/\/www.estrategiaconcursos.com.br\/blog\/afo-na-pandemia-parte-ii-zerados-os-impostos-de-importacao-de-produtos-para-o-combate-ao-virus\/#article\",\"isPartOf\":{\"@id\":\"https:\/\/www.estrategiaconcursos.com.br\/blog\/afo-na-pandemia-parte-ii-zerados-os-impostos-de-importacao-de-produtos-para-o-combate-ao-virus\/\"},\"author\":{\"name\":\"S\u00e9rgio Mendes\",\"@id\":\"https:\/\/www.estrategiaconcursos.com.br\/blog\/#\/schema\/person\/4ddc4a162b4fdffa2ea9956dbf62f583\"},\"headline\":\"AFO na Pandemia &#8211; Parte II: Zerados os impostos de importa\u00e7\u00e3o de produtos para o combate ao v\u00edrus\",\"datePublished\":\"2020-03-22T15:02:34+00:00\",\"dateModified\":\"2020-03-22T15:06:59+00:00\",\"mainEntityOfPage\":{\"@id\":\"https:\/\/www.estrategiaconcursos.com.br\/blog\/afo-na-pandemia-parte-ii-zerados-os-impostos-de-importacao-de-produtos-para-o-combate-ao-virus\/\"},\"wordCount\":2316,\"commentCount\":7,\"publisher\":{\"@id\":\"https:\/\/www.estrategiaconcursos.com.br\/blog\/#organization\"},\"keywords\":[\"#coronavirus\",\"imposto de importacao\",\"Or\u00e7amento P\u00fablico\",\"renuncia de receitas\"],\"articleSection\":[\"Concursos P\u00fablicos\"],\"inLanguage\":\"pt-BR\",\"potentialAction\":[{\"@type\":\"CommentAction\",\"name\":\"Comment\",\"target\":[\"https:\/\/www.estrategiaconcursos.com.br\/blog\/afo-na-pandemia-parte-ii-zerados-os-impostos-de-importacao-de-produtos-para-o-combate-ao-virus\/#respond\"]}],\"copyrightYear\":\"2020\",\"copyrightHolder\":{\"@id\":\"https:\/\/www.estrategiaconcursos.com.br\/blog\/#organization\"}},{\"@type\":\"WebPage\",\"@id\":\"https:\/\/www.estrategiaconcursos.com.br\/blog\/afo-na-pandemia-parte-ii-zerados-os-impostos-de-importacao-de-produtos-para-o-combate-ao-virus\/\",\"url\":\"https:\/\/www.estrategiaconcursos.com.br\/blog\/afo-na-pandemia-parte-ii-zerados-os-impostos-de-importacao-de-produtos-para-o-combate-ao-virus\/\",\"name\":\"AFO na Pandemia - Parte II: Zerados os impostos de importa\u00e7\u00e3o de produtos para o combate ao v\u00edrus\",\"isPartOf\":{\"@id\":\"https:\/\/www.estrategiaconcursos.com.br\/blog\/#website\"},\"datePublished\":\"2020-03-22T15:02:34+00:00\",\"dateModified\":\"2020-03-22T15:06:59+00:00\",\"breadcrumb\":{\"@id\":\"https:\/\/www.estrategiaconcursos.com.br\/blog\/afo-na-pandemia-parte-ii-zerados-os-impostos-de-importacao-de-produtos-para-o-combate-ao-virus\/#breadcrumb\"},\"inLanguage\":\"pt-BR\",\"potentialAction\":[{\"@type\":\"ReadAction\",\"target\":[\"https:\/\/www.estrategiaconcursos.com.br\/blog\/afo-na-pandemia-parte-ii-zerados-os-impostos-de-importacao-de-produtos-para-o-combate-ao-virus\/\"]}]},{\"@type\":\"BreadcrumbList\",\"@id\":\"https:\/\/www.estrategiaconcursos.com.br\/blog\/afo-na-pandemia-parte-ii-zerados-os-impostos-de-importacao-de-produtos-para-o-combate-ao-virus\/#breadcrumb\",\"itemListElement\":[{\"@type\":\"ListItem\",\"position\":1,\"name\":\"In\u00edcio\",\"item\":\"https:\/\/www.estrategiaconcursos.com.br\/blog\/\"},{\"@type\":\"ListItem\",\"position\":2,\"name\":\"AFO na Pandemia &#8211; Parte II: Zerados os impostos de importa\u00e7\u00e3o de produtos para o combate ao v\u00edrus\"}]},{\"@type\":\"WebSite\",\"@id\":\"https:\/\/www.estrategiaconcursos.com.br\/blog\/#website\",\"url\":\"https:\/\/www.estrategiaconcursos.com.br\/blog\/\",\"name\":\"Estrat\u00e9gia Concursos\",\"description\":\"O blog da Estrat\u00e9gia Concursos traz not\u00edcias sobre concursos e artigos de professores oferecendo cursos para concursos (pdf + videaulas) no site.\",\"publisher\":{\"@id\":\"https:\/\/www.estrategiaconcursos.com.br\/blog\/#organization\"},\"potentialAction\":[{\"@type\":\"SearchAction\",\"target\":{\"@type\":\"EntryPoint\",\"urlTemplate\":\"https:\/\/www.estrategiaconcursos.com.br\/blog\/?s={search_term_string}\"},\"query-input\":{\"@type\":\"PropertyValueSpecification\",\"valueRequired\":true,\"valueName\":\"search_term_string\"}}],\"inLanguage\":\"pt-BR\"},{\"@type\":\"Organization\",\"@id\":\"https:\/\/www.estrategiaconcursos.com.br\/blog\/#organization\",\"name\":\"Estrat\u00e9gia Concursos\",\"url\":\"https:\/\/www.estrategiaconcursos.com.br\/blog\/\",\"logo\":{\"@type\":\"ImageObject\",\"inLanguage\":\"pt-BR\",\"@id\":\"https:\/\/www.estrategiaconcursos.com.br\/blog\/#\/schema\/logo\/image\/\",\"url\":\"https:\/\/dhg1h5j42swfq.cloudfront.net\/2025\/06\/03203428\/logo_concursos-1.jpg\",\"contentUrl\":\"https:\/\/dhg1h5j42swfq.cloudfront.net\/2025\/06\/03203428\/logo_concursos-1.jpg\",\"width\":230,\"height\":60,\"caption\":\"Estrat\u00e9gia Concursos\"},\"image\":{\"@id\":\"https:\/\/www.estrategiaconcursos.com.br\/blog\/#\/schema\/logo\/image\/\"},\"sameAs\":[\"https:\/\/x.com\/EstratConcursos\"]},{\"@type\":\"Person\",\"@id\":\"https:\/\/www.estrategiaconcursos.com.br\/blog\/#\/schema\/person\/4ddc4a162b4fdffa2ea9956dbf62f583\",\"name\":\"S\u00e9rgio Mendes\",\"image\":{\"@type\":\"ImageObject\",\"inLanguage\":\"pt-BR\",\"@id\":\"https:\/\/secure.gravatar.com\/avatar\/4eb4b562c33f40d6f7f76579da7e07350c69579df7db305d32a69ed32ecfd5ce?s=96&d=mm&r=g\",\"url\":\"https:\/\/secure.gravatar.com\/avatar\/4eb4b562c33f40d6f7f76579da7e07350c69579df7db305d32a69ed32ecfd5ce?s=96&d=mm&r=g\",\"contentUrl\":\"https:\/\/secure.gravatar.com\/avatar\/4eb4b562c33f40d6f7f76579da7e07350c69579df7db305d32a69ed32ecfd5ce?s=96&d=mm&r=g\",\"caption\":\"S\u00e9rgio Mendes\"},\"sameAs\":[\"https:\/\/www.facebook.com\/profsergiomendes\"],\"url\":\"https:\/\/www.estrategiaconcursos.com.br\/blog\/author\/sergiomendesestrategiaconcursos-com-br\/\"}]}<\/script>\n<!-- \/ Yoast SEO Premium plugin. -->","yoast_head_json":{"title":"AFO na Pandemia - Parte II: Zerados os impostos de importa\u00e7\u00e3o de produtos para o combate ao v\u00edrus","robots":{"index":"index","follow":"follow","max-snippet":"max-snippet:-1","max-image-preview":"max-image-preview:large","max-video-preview":"max-video-preview:-1"},"canonical":"https:\/\/www.estrategiaconcursos.com.br\/blog\/afo-na-pandemia-parte-ii-zerados-os-impostos-de-importacao-de-produtos-para-o-combate-ao-virus\/","og_locale":"pt_BR","og_type":"article","og_title":"AFO na Pandemia - Parte II: Zerados os impostos de importa\u00e7\u00e3o de produtos para o combate ao v\u00edrus","og_description":"Ol\u00e1 amigos! Vou continuar a s\u00e9rie de artigos bem diretos relacionando AFO com a pandemia. O Comit\u00ea Executivo de Gest\u00e3o da C\u00e2mara de Com\u00e9rcio Exterior (Camex) do Minist\u00e9rio da Economia aprovou a zeragem da al\u00edquota do Imposto de Importa\u00e7\u00e3o para 50 produtos m\u00e9dicos e hospitalares necess\u00e1rios ao combate \u00e0 pandemia causada pelo Covid-19. A lista, [&hellip;]","og_url":"https:\/\/www.estrategiaconcursos.com.br\/blog\/afo-na-pandemia-parte-ii-zerados-os-impostos-de-importacao-de-produtos-para-o-combate-ao-virus\/","og_site_name":"Estrat\u00e9gia Concursos","article_author":"https:\/\/www.facebook.com\/profsergiomendes","article_published_time":"2020-03-22T15:02:34+00:00","article_modified_time":"2020-03-22T15:06:59+00:00","author":"S\u00e9rgio Mendes","twitter_card":"summary_large_image","twitter_creator":"@EstratConcursos","twitter_site":"@EstratConcursos","twitter_misc":{"Escrito por":"S\u00e9rgio Mendes","Est. tempo de leitura":"11 minutos"},"schema":{"@context":"https:\/\/schema.org","@graph":[{"@type":"NewsArticle","@id":"https:\/\/www.estrategiaconcursos.com.br\/blog\/afo-na-pandemia-parte-ii-zerados-os-impostos-de-importacao-de-produtos-para-o-combate-ao-virus\/#article","isPartOf":{"@id":"https:\/\/www.estrategiaconcursos.com.br\/blog\/afo-na-pandemia-parte-ii-zerados-os-impostos-de-importacao-de-produtos-para-o-combate-ao-virus\/"},"author":{"name":"S\u00e9rgio Mendes","@id":"https:\/\/www.estrategiaconcursos.com.br\/blog\/#\/schema\/person\/4ddc4a162b4fdffa2ea9956dbf62f583"},"headline":"AFO na Pandemia &#8211; Parte II: Zerados os impostos de importa\u00e7\u00e3o de produtos para o combate ao v\u00edrus","datePublished":"2020-03-22T15:02:34+00:00","dateModified":"2020-03-22T15:06:59+00:00","mainEntityOfPage":{"@id":"https:\/\/www.estrategiaconcursos.com.br\/blog\/afo-na-pandemia-parte-ii-zerados-os-impostos-de-importacao-de-produtos-para-o-combate-ao-virus\/"},"wordCount":2316,"commentCount":7,"publisher":{"@id":"https:\/\/www.estrategiaconcursos.com.br\/blog\/#organization"},"keywords":["#coronavirus","imposto de importacao","Or\u00e7amento P\u00fablico","renuncia de receitas"],"articleSection":["Concursos P\u00fablicos"],"inLanguage":"pt-BR","potentialAction":[{"@type":"CommentAction","name":"Comment","target":["https:\/\/www.estrategiaconcursos.com.br\/blog\/afo-na-pandemia-parte-ii-zerados-os-impostos-de-importacao-de-produtos-para-o-combate-ao-virus\/#respond"]}],"copyrightYear":"2020","copyrightHolder":{"@id":"https:\/\/www.estrategiaconcursos.com.br\/blog\/#organization"}},{"@type":"WebPage","@id":"https:\/\/www.estrategiaconcursos.com.br\/blog\/afo-na-pandemia-parte-ii-zerados-os-impostos-de-importacao-de-produtos-para-o-combate-ao-virus\/","url":"https:\/\/www.estrategiaconcursos.com.br\/blog\/afo-na-pandemia-parte-ii-zerados-os-impostos-de-importacao-de-produtos-para-o-combate-ao-virus\/","name":"AFO na Pandemia - Parte II: Zerados os impostos de importa\u00e7\u00e3o de produtos para o combate ao v\u00edrus","isPartOf":{"@id":"https:\/\/www.estrategiaconcursos.com.br\/blog\/#website"},"datePublished":"2020-03-22T15:02:34+00:00","dateModified":"2020-03-22T15:06:59+00:00","breadcrumb":{"@id":"https:\/\/www.estrategiaconcursos.com.br\/blog\/afo-na-pandemia-parte-ii-zerados-os-impostos-de-importacao-de-produtos-para-o-combate-ao-virus\/#breadcrumb"},"inLanguage":"pt-BR","potentialAction":[{"@type":"ReadAction","target":["https:\/\/www.estrategiaconcursos.com.br\/blog\/afo-na-pandemia-parte-ii-zerados-os-impostos-de-importacao-de-produtos-para-o-combate-ao-virus\/"]}]},{"@type":"BreadcrumbList","@id":"https:\/\/www.estrategiaconcursos.com.br\/blog\/afo-na-pandemia-parte-ii-zerados-os-impostos-de-importacao-de-produtos-para-o-combate-ao-virus\/#breadcrumb","itemListElement":[{"@type":"ListItem","position":1,"name":"In\u00edcio","item":"https:\/\/www.estrategiaconcursos.com.br\/blog\/"},{"@type":"ListItem","position":2,"name":"AFO na Pandemia &#8211; Parte II: Zerados os impostos de importa\u00e7\u00e3o de produtos para o combate ao v\u00edrus"}]},{"@type":"WebSite","@id":"https:\/\/www.estrategiaconcursos.com.br\/blog\/#website","url":"https:\/\/www.estrategiaconcursos.com.br\/blog\/","name":"Estrat\u00e9gia Concursos","description":"O blog da Estrat\u00e9gia Concursos traz not\u00edcias sobre concursos e artigos de professores oferecendo cursos para concursos (pdf + videaulas) no site.","publisher":{"@id":"https:\/\/www.estrategiaconcursos.com.br\/blog\/#organization"},"potentialAction":[{"@type":"SearchAction","target":{"@type":"EntryPoint","urlTemplate":"https:\/\/www.estrategiaconcursos.com.br\/blog\/?s={search_term_string}"},"query-input":{"@type":"PropertyValueSpecification","valueRequired":true,"valueName":"search_term_string"}}],"inLanguage":"pt-BR"},{"@type":"Organization","@id":"https:\/\/www.estrategiaconcursos.com.br\/blog\/#organization","name":"Estrat\u00e9gia Concursos","url":"https:\/\/www.estrategiaconcursos.com.br\/blog\/","logo":{"@type":"ImageObject","inLanguage":"pt-BR","@id":"https:\/\/www.estrategiaconcursos.com.br\/blog\/#\/schema\/logo\/image\/","url":"https:\/\/dhg1h5j42swfq.cloudfront.net\/2025\/06\/03203428\/logo_concursos-1.jpg","contentUrl":"https:\/\/dhg1h5j42swfq.cloudfront.net\/2025\/06\/03203428\/logo_concursos-1.jpg","width":230,"height":60,"caption":"Estrat\u00e9gia Concursos"},"image":{"@id":"https:\/\/www.estrategiaconcursos.com.br\/blog\/#\/schema\/logo\/image\/"},"sameAs":["https:\/\/x.com\/EstratConcursos"]},{"@type":"Person","@id":"https:\/\/www.estrategiaconcursos.com.br\/blog\/#\/schema\/person\/4ddc4a162b4fdffa2ea9956dbf62f583","name":"S\u00e9rgio Mendes","image":{"@type":"ImageObject","inLanguage":"pt-BR","@id":"https:\/\/secure.gravatar.com\/avatar\/4eb4b562c33f40d6f7f76579da7e07350c69579df7db305d32a69ed32ecfd5ce?s=96&d=mm&r=g","url":"https:\/\/secure.gravatar.com\/avatar\/4eb4b562c33f40d6f7f76579da7e07350c69579df7db305d32a69ed32ecfd5ce?s=96&d=mm&r=g","contentUrl":"https:\/\/secure.gravatar.com\/avatar\/4eb4b562c33f40d6f7f76579da7e07350c69579df7db305d32a69ed32ecfd5ce?s=96&d=mm&r=g","caption":"S\u00e9rgio Mendes"},"sameAs":["https:\/\/www.facebook.com\/profsergiomendes"],"url":"https:\/\/www.estrategiaconcursos.com.br\/blog\/author\/sergiomendesestrategiaconcursos-com-br\/"}]}},"_links":{"self":[{"href":"https:\/\/www.estrategiaconcursos.com.br\/blog\/wp-json\/wp\/v2\/posts\/495149","targetHints":{"allow":["GET"]}}],"collection":[{"href":"https:\/\/www.estrategiaconcursos.com.br\/blog\/wp-json\/wp\/v2\/posts"}],"about":[{"href":"https:\/\/www.estrategiaconcursos.com.br\/blog\/wp-json\/wp\/v2\/types\/post"}],"author":[{"embeddable":true,"href":"https:\/\/www.estrategiaconcursos.com.br\/blog\/wp-json\/wp\/v2\/users\/29"}],"replies":[{"embeddable":true,"href":"https:\/\/www.estrategiaconcursos.com.br\/blog\/wp-json\/wp\/v2\/comments?post=495149"}],"version-history":[{"count":5,"href":"https:\/\/www.estrategiaconcursos.com.br\/blog\/wp-json\/wp\/v2\/posts\/495149\/revisions"}],"predecessor-version":[{"id":520714,"href":"https:\/\/www.estrategiaconcursos.com.br\/blog\/wp-json\/wp\/v2\/posts\/495149\/revisions\/520714"}],"wp:attachment":[{"href":"https:\/\/www.estrategiaconcursos.com.br\/blog\/wp-json\/wp\/v2\/media?parent=495149"}],"wp:term":[{"taxonomy":"category","embeddable":true,"href":"https:\/\/www.estrategiaconcursos.com.br\/blog\/wp-json\/wp\/v2\/categories?post=495149"},{"taxonomy":"post_tag","embeddable":true,"href":"https:\/\/www.estrategiaconcursos.com.br\/blog\/wp-json\/wp\/v2\/tags?post=495149"},{"taxonomy":"tax_estado","embeddable":true,"href":"https:\/\/www.estrategiaconcursos.com.br\/blog\/wp-json\/wp\/v2\/tax_estado?post=495149"}],"curies":[{"name":"wp","href":"https:\/\/api.w.org\/{rel}","templated":true}]}}