{"id":495055,"date":"2020-03-21T13:18:24","date_gmt":"2020-03-21T16:18:24","guid":{"rendered":"https:\/\/www.estrategiaconcursos.com.br\/blog\/?p=495055"},"modified":"2020-03-21T13:18:25","modified_gmt":"2020-03-21T16:18:25","slug":"tjm-mg-suspende-inscricoes-datas-concurso","status":"publish","type":"post","link":"https:\/\/www.estrategiaconcursos.com.br\/blog\/tjm-mg-suspende-inscricoes-datas-concurso\/","title":{"rendered":"TJM MG SUSPENDE per\u00edodo de inscri\u00e7\u00f5es e demais datas do concurso"},"content":{"rendered":"\n<p>Est\u00e1 suspenso o per\u00edodo de inscri\u00e7\u00f5es no concurso para provimento de vagas no Tribunal de Justi\u00e7a Militar de Minas Gerais bem como todas as datas previstas no edital do concurso TJM MG. O comunicado foi publicado no site da FUMARC na \u00faltima sexta-feira, 20 de mar\u00e7o. <\/p>\n\n\n\n<p> A decis\u00e3o se deu tendo em vista a Pandemia de COVID 19 e a necessidade de ado\u00e7\u00e3o de medidas preventivas, at\u00e9 que se re\u00fanam as condi\u00e7\u00f5es necess\u00e1rias para a realiza\u00e7\u00e3o de forma segura do concurso. <\/p>\n\n\n\n<p>Todas as datas ser\u00e3o estabelecidas em novo cronograma de execu\u00e7\u00e3o a ser oportunamente e amplamente divulgado. <\/p>\n\n\n\n<div class=\"wp-block-image\"><figure class=\"aligncenter size-large\"><img loading=\"lazy\" decoding=\"async\" width=\"614\" height=\"378\" src=\"https:\/\/dhg1h5j42swfq.cloudfront.net\/2020\/03\/21131159\/tjm-mg.png\" alt=\"\" class=\"wp-image-495061\" srcset=\"https:\/\/dhg1h5j42swfq.cloudfront.net\/2020\/03\/21131159\/tjm-mg.png 614w, https:\/\/dhg1h5j42swfq.cloudfront.net\/2020\/03\/21131159\/tjm-mg-300x185.png 300w, https:\/\/dhg1h5j42swfq.cloudfront.net\/2020\/03\/21131159\/tjm-mg-610x376.png 610w\" sizes=\"auto, (max-width: 614px) 100vw, 614px\" \/><\/figure><\/div>\n\n\n\n<p>O edital do concurso TJM MG j\u00e1 havia sofrido uma retifica\u00e7\u00e3o. Havia sido alterado o  Conte\u00fado program\u00e1tico de No\u00e7\u00f5es de Direito (comum a todos os cargos\/especialidades de n\u00edvel m\u00e9dio e n\u00edvel superior, EXCETO para o cargo de T\u00e9cnico Judici\u00e1rio, especialidade T\u00e9cnico Judici\u00e1rio). <\/p>\n\n\n\n<p>O edital TJM MG oferta 24 vagas diretas mais cadastro reserva para vagas que exigem n\u00edvel m\u00e9dio e superior de escolaridade para servidores no Tribunal de Justi\u00e7a Militar do Estado de Minas Gerais. As remunera\u00e7\u00f5es variam de R$ 3.692,61 a R$ 5.782,78. <\/p>\n\n\n\n<p style=\"font-size:22px\" class=\"has-background has-text-align-center has-very-light-gray-background-color\"><strong><em>Mais informa\u00e7\u00f5es<\/em>: <a href=\"https:\/\/www.estrategiaconcursos.com.br\/blog\/edital-tjm-mg-2020\" target=\"_blank\" rel=\"noreferrer noopener\" aria-label=\"Concurso TJM MG (abre numa nova aba)\">Concurso TJM MG<\/a><\/strong><\/p>\n\n\n\n<h2 class=\"has-text-align-center wp-block-heading\" id=\"cursos-assinatura\">Quer se preparar para o concurso TJM MG? <\/h2>\n\n\n\n<p class=\"has-text-align-center\"><em><strong>Confira os nossos cursos e j\u00e1 comece a estudar para TJMG:<\/strong><\/em><\/p>\n\n\n\n<p style=\"font-size:25px\" class=\"has-background has-text-align-center has-light-green-cyan-background-color\"><strong><a href=\"https:\/\/www.estrategiaconcursos.com.br\/cursosPorConcurso\/promocao-pacotes-para-tjm-mg\/\" target=\"_blank\" rel=\"noreferrer noopener\" aria-label=\"CURSO TJM MG (abre numa nova aba)\">CURSO TJM MG<\/a><\/strong><\/p>\n\n\n\n<p class=\"has-text-align-center\"><em><strong>Assinatura Anual Ilimitada*<\/strong><\/em><\/p>\n\n\n\n<p class=\"has-text-align-center\"><em>Prepare-se com o melhor material e com quem mais aprova em Concursos P\u00fablicos em todo o pa\u00eds. Assine agora a nossa Assinatura Anual e tenha acesso ilimitado* a todos os nossos cursos.<\/em><\/p>\n\n\n\n<p style=\"font-size:23px\" class=\"has-background has-text-align-center has-luminous-vivid-amber-background-color\"><strong>ASSINE AGORA<\/strong>&nbsp;\u2013&nbsp;<a rel=\"noreferrer noopener\" href=\"https:\/\/www.estrategiaconcursos.com.br\/assinaturas\" target=\"_blank\"><strong>Assinatura Ilimitada<\/strong><\/a><\/p>\n\n\n\n<p style=\"font-size:25px\" class=\"has-background has-text-align-center has-pale-cyan-blue-background-color\"><strong><a href=\"https:\/\/www.estrategiaconcursos.com.br\/blog\/concursos-abertos\/\">CONCURSOS ABERTOS<\/a><\/strong><\/p>\n\n\n\n<p style=\"font-size:25px\" class=\"has-background has-text-align-center has-pale-cyan-blue-background-color\"><a href=\"https:\/\/www.estrategiaconcursos.com.br\/blog\/concursos-2020\/\"><strong>CONCURSOS<\/strong><\/a><strong><a href=\"https:\/\/www.estrategiaconcursos.com.br\/blog\/concursos-2020\/\">&nbsp;2020<\/a><\/strong><\/p>\n","protected":false},"excerpt":{"rendered":"<p>Est\u00e1 suspenso o per\u00edodo de inscri\u00e7\u00f5es no concurso para provimento de vagas no Tribunal de Justi\u00e7a Militar de Minas Gerais bem como todas as datas previstas no edital do concurso TJM MG. O comunicado foi publicado no site da FUMARC na \u00faltima sexta-feira, 20 de mar\u00e7o. A decis\u00e3o se deu tendo em vista a Pandemia [&hellip;]<\/p>\n","protected":false},"author":317,"featured_media":471365,"comment_status":"open","ping_status":"closed","sticky":false,"template":"","format":"standard","meta":{"post_tipo":"article","footnotes":""},"categories":[1],"tags":[],"tax_estado":[],"class_list":["post-495055","post","type-post","status-publish","format-standard","has-post-thumbnail","hentry","category-cursos-e-concursos"],"acf":[],"yoast_head":"<!-- This site is optimized with the Yoast SEO Premium plugin v27.2 (Yoast SEO v27.2) - https:\/\/yoast.com\/product\/yoast-seo-premium-wordpress\/ -->\n<title>TJM MG SUSPENDE per\u00edodo de inscri\u00e7\u00f5es e demais datas do concurso<\/title>\n<meta name=\"robots\" content=\"index, follow, max-snippet:-1, max-image-preview:large, max-video-preview:-1\" \/>\n<link rel=\"canonical\" href=\"https:\/\/www.estrategiaconcursos.com.br\/blog\/tjm-mg-suspende-inscricoes-datas-concurso\/\" \/>\n<meta property=\"og:locale\" content=\"pt_BR\" \/>\n<meta property=\"og:type\" content=\"article\" \/>\n<meta property=\"og:title\" content=\"TJM MG SUSPENDE per\u00edodo de inscri\u00e7\u00f5es e demais datas do concurso\" \/>\n<meta property=\"og:description\" content=\"Est\u00e1 suspenso o per\u00edodo de inscri\u00e7\u00f5es no concurso para provimento de vagas no Tribunal de Justi\u00e7a Militar de Minas Gerais bem como todas as datas previstas no edital do concurso TJM MG. O comunicado foi publicado no site da FUMARC na \u00faltima sexta-feira, 20 de mar\u00e7o. A decis\u00e3o se deu tendo em vista a Pandemia [&hellip;]\" \/>\n<meta property=\"og:url\" content=\"https:\/\/www.estrategiaconcursos.com.br\/blog\/tjm-mg-suspende-inscricoes-datas-concurso\/\" \/>\n<meta property=\"og:site_name\" content=\"Estrat\u00e9gia Concursos\" \/>\n<meta property=\"article:author\" content=\"https:\/\/www.facebook.com\/igor.maciel.1420\" \/>\n<meta property=\"article:published_time\" content=\"2020-03-21T16:18:24+00:00\" \/>\n<meta property=\"article:modified_time\" content=\"2020-03-21T16:18:25+00:00\" \/>\n<meta property=\"og:image\" content=\"https:\/\/dhg1h5j42swfq.cloudfront.net\/2020\/01\/17183512\/TJM_MG.jpg\" \/>\n\t<meta property=\"og:image:width\" content=\"1200\" \/>\n\t<meta property=\"og:image:height\" content=\"628\" \/>\n\t<meta property=\"og:image:type\" content=\"image\/jpeg\" \/>\n<meta name=\"author\" content=\"Igor Maciel\" \/>\n<meta name=\"twitter:card\" content=\"summary_large_image\" \/>\n<meta name=\"twitter:creator\" content=\"@EstratConcursos\" \/>\n<meta name=\"twitter:site\" content=\"@EstratConcursos\" \/>\n<meta name=\"twitter:label1\" content=\"Escrito por\" \/>\n\t<meta name=\"twitter:data1\" content=\"Igor Maciel\" \/>\n\t<meta name=\"twitter:label2\" content=\"Est. tempo de leitura\" \/>\n\t<meta name=\"twitter:data2\" content=\"1 minuto\" \/>\n<script type=\"application\/ld+json\" class=\"yoast-schema-graph\">{\"@context\":\"https:\/\/schema.org\",\"@graph\":[{\"@type\":\"NewsArticle\",\"@id\":\"https:\/\/www.estrategiaconcursos.com.br\/blog\/tjm-mg-suspende-inscricoes-datas-concurso\/#article\",\"isPartOf\":{\"@id\":\"https:\/\/www.estrategiaconcursos.com.br\/blog\/tjm-mg-suspende-inscricoes-datas-concurso\/\"},\"author\":{\"name\":\"Igor Maciel\",\"@id\":\"https:\/\/www.estrategiaconcursos.com.br\/blog\/#\/schema\/person\/024d26d5efb06d95dfc04025d7301591\"},\"headline\":\"TJM MG SUSPENDE per\u00edodo de inscri\u00e7\u00f5es e demais datas do concurso\",\"datePublished\":\"2020-03-21T16:18:24+00:00\",\"dateModified\":\"2020-03-21T16:18:25+00:00\",\"mainEntityOfPage\":{\"@id\":\"https:\/\/www.estrategiaconcursos.com.br\/blog\/tjm-mg-suspende-inscricoes-datas-concurso\/\"},\"wordCount\":292,\"commentCount\":0,\"publisher\":{\"@id\":\"https:\/\/www.estrategiaconcursos.com.br\/blog\/#organization\"},\"image\":{\"@id\":\"https:\/\/www.estrategiaconcursos.com.br\/blog\/tjm-mg-suspende-inscricoes-datas-concurso\/#primaryimage\"},\"thumbnailUrl\":\"https:\/\/dhg1h5j42swfq.cloudfront.net\/2020\/01\/17183512\/TJM_MG.jpg\",\"articleSection\":[\"Concursos P\u00fablicos\"],\"inLanguage\":\"pt-BR\",\"potentialAction\":[{\"@type\":\"CommentAction\",\"name\":\"Comment\",\"target\":[\"https:\/\/www.estrategiaconcursos.com.br\/blog\/tjm-mg-suspende-inscricoes-datas-concurso\/#respond\"]}],\"copyrightYear\":\"2020\",\"copyrightHolder\":{\"@id\":\"https:\/\/www.estrategiaconcursos.com.br\/blog\/#organization\"}},{\"@type\":\"WebPage\",\"@id\":\"https:\/\/www.estrategiaconcursos.com.br\/blog\/tjm-mg-suspende-inscricoes-datas-concurso\/\",\"url\":\"https:\/\/www.estrategiaconcursos.com.br\/blog\/tjm-mg-suspende-inscricoes-datas-concurso\/\",\"name\":\"TJM MG SUSPENDE per\u00edodo de inscri\u00e7\u00f5es e demais datas do concurso\",\"isPartOf\":{\"@id\":\"https:\/\/www.estrategiaconcursos.com.br\/blog\/#website\"},\"primaryImageOfPage\":{\"@id\":\"https:\/\/www.estrategiaconcursos.com.br\/blog\/tjm-mg-suspende-inscricoes-datas-concurso\/#primaryimage\"},\"image\":{\"@id\":\"https:\/\/www.estrategiaconcursos.com.br\/blog\/tjm-mg-suspende-inscricoes-datas-concurso\/#primaryimage\"},\"thumbnailUrl\":\"https:\/\/dhg1h5j42swfq.cloudfront.net\/2020\/01\/17183512\/TJM_MG.jpg\",\"datePublished\":\"2020-03-21T16:18:24+00:00\",\"dateModified\":\"2020-03-21T16:18:25+00:00\",\"breadcrumb\":{\"@id\":\"https:\/\/www.estrategiaconcursos.com.br\/blog\/tjm-mg-suspende-inscricoes-datas-concurso\/#breadcrumb\"},\"inLanguage\":\"pt-BR\",\"potentialAction\":[{\"@type\":\"ReadAction\",\"target\":[\"https:\/\/www.estrategiaconcursos.com.br\/blog\/tjm-mg-suspende-inscricoes-datas-concurso\/\"]}]},{\"@type\":\"ImageObject\",\"inLanguage\":\"pt-BR\",\"@id\":\"https:\/\/www.estrategiaconcursos.com.br\/blog\/tjm-mg-suspende-inscricoes-datas-concurso\/#primaryimage\",\"url\":\"https:\/\/dhg1h5j42swfq.cloudfront.net\/2020\/01\/17183512\/TJM_MG.jpg\",\"contentUrl\":\"https:\/\/dhg1h5j42swfq.cloudfront.net\/2020\/01\/17183512\/TJM_MG.jpg\",\"width\":1200,\"height\":628,\"caption\":\"edital tjm mg\"},{\"@type\":\"BreadcrumbList\",\"@id\":\"https:\/\/www.estrategiaconcursos.com.br\/blog\/tjm-mg-suspende-inscricoes-datas-concurso\/#breadcrumb\",\"itemListElement\":[{\"@type\":\"ListItem\",\"position\":1,\"name\":\"In\u00edcio\",\"item\":\"https:\/\/www.estrategiaconcursos.com.br\/blog\/\"},{\"@type\":\"ListItem\",\"position\":2,\"name\":\"TJM MG SUSPENDE per\u00edodo de inscri\u00e7\u00f5es e demais datas do concurso\"}]},{\"@type\":\"WebSite\",\"@id\":\"https:\/\/www.estrategiaconcursos.com.br\/blog\/#website\",\"url\":\"https:\/\/www.estrategiaconcursos.com.br\/blog\/\",\"name\":\"Estrat\u00e9gia Concursos\",\"description\":\"O blog da Estrat\u00e9gia Concursos traz not\u00edcias sobre concursos e artigos de professores oferecendo cursos para concursos (pdf + videaulas) no site.\",\"publisher\":{\"@id\":\"https:\/\/www.estrategiaconcursos.com.br\/blog\/#organization\"},\"potentialAction\":[{\"@type\":\"SearchAction\",\"target\":{\"@type\":\"EntryPoint\",\"urlTemplate\":\"https:\/\/www.estrategiaconcursos.com.br\/blog\/?s={search_term_string}\"},\"query-input\":{\"@type\":\"PropertyValueSpecification\",\"valueRequired\":true,\"valueName\":\"search_term_string\"}}],\"inLanguage\":\"pt-BR\"},{\"@type\":\"Organization\",\"@id\":\"https:\/\/www.estrategiaconcursos.com.br\/blog\/#organization\",\"name\":\"Estrat\u00e9gia Concursos\",\"url\":\"https:\/\/www.estrategiaconcursos.com.br\/blog\/\",\"logo\":{\"@type\":\"ImageObject\",\"inLanguage\":\"pt-BR\",\"@id\":\"https:\/\/www.estrategiaconcursos.com.br\/blog\/#\/schema\/logo\/image\/\",\"url\":\"https:\/\/dhg1h5j42swfq.cloudfront.net\/2025\/06\/03203428\/logo_concursos-1.jpg\",\"contentUrl\":\"https:\/\/dhg1h5j42swfq.cloudfront.net\/2025\/06\/03203428\/logo_concursos-1.jpg\",\"width\":230,\"height\":60,\"caption\":\"Estrat\u00e9gia Concursos\"},\"image\":{\"@id\":\"https:\/\/www.estrategiaconcursos.com.br\/blog\/#\/schema\/logo\/image\/\"},\"sameAs\":[\"https:\/\/x.com\/EstratConcursos\"]},{\"@type\":\"Person\",\"@id\":\"https:\/\/www.estrategiaconcursos.com.br\/blog\/#\/schema\/person\/024d26d5efb06d95dfc04025d7301591\",\"name\":\"Igor Maciel\",\"image\":{\"@type\":\"ImageObject\",\"inLanguage\":\"pt-BR\",\"@id\":\"https:\/\/secure.gravatar.com\/avatar\/e983a676af6facf4aebcb2989d49e3bf61b718712d5e7a4b3f355b7fe651bc2f?s=96&d=mm&r=g\",\"url\":\"https:\/\/secure.gravatar.com\/avatar\/e983a676af6facf4aebcb2989d49e3bf61b718712d5e7a4b3f355b7fe651bc2f?s=96&d=mm&r=g\",\"contentUrl\":\"https:\/\/secure.gravatar.com\/avatar\/e983a676af6facf4aebcb2989d49e3bf61b718712d5e7a4b3f355b7fe651bc2f?s=96&d=mm&r=g\",\"caption\":\"Igor Maciel\"},\"description\":\"Graduado na Universidade Federal de Pernambuco, com extens\u00e3o na Universidade de Coimbra\/Portugal. Especialista LLM em Direito Corporativo pelo IBMEC\/RJ. Mestrando em Direito e Pol\u00edticas P\u00fablicas pelo UNICEUB\/DF. Advogado com atua\u00e7\u00e3o profissional centrada no Direito Tribut\u00e1rio e no Direito Administrativo, especialmente na defesa de servidores p\u00fablicos.\",\"sameAs\":[\"http:\/\/www.imaciel.com.br\",\"https:\/\/www.facebook.com\/igor.maciel.1420\"],\"url\":\"https:\/\/www.estrategiaconcursos.com.br\/blog\/author\/contatoimaciel-com-br\/\"}]}<\/script>\n<!-- \/ Yoast SEO Premium plugin. -->","yoast_head_json":{"title":"TJM MG SUSPENDE per\u00edodo de inscri\u00e7\u00f5es e demais datas do concurso","robots":{"index":"index","follow":"follow","max-snippet":"max-snippet:-1","max-image-preview":"max-image-preview:large","max-video-preview":"max-video-preview:-1"},"canonical":"https:\/\/www.estrategiaconcursos.com.br\/blog\/tjm-mg-suspende-inscricoes-datas-concurso\/","og_locale":"pt_BR","og_type":"article","og_title":"TJM MG SUSPENDE per\u00edodo de inscri\u00e7\u00f5es e demais datas do concurso","og_description":"Est\u00e1 suspenso o per\u00edodo de inscri\u00e7\u00f5es no concurso para provimento de vagas no Tribunal de Justi\u00e7a Militar de Minas Gerais bem como todas as datas previstas no edital do concurso TJM MG. O comunicado foi publicado no site da FUMARC na \u00faltima sexta-feira, 20 de mar\u00e7o. A decis\u00e3o se deu tendo em vista a Pandemia [&hellip;]","og_url":"https:\/\/www.estrategiaconcursos.com.br\/blog\/tjm-mg-suspende-inscricoes-datas-concurso\/","og_site_name":"Estrat\u00e9gia Concursos","article_author":"https:\/\/www.facebook.com\/igor.maciel.1420","article_published_time":"2020-03-21T16:18:24+00:00","article_modified_time":"2020-03-21T16:18:25+00:00","og_image":[{"width":1200,"height":628,"url":"https:\/\/dhg1h5j42swfq.cloudfront.net\/2020\/01\/17183512\/TJM_MG.jpg","type":"image\/jpeg"}],"author":"Igor Maciel","twitter_card":"summary_large_image","twitter_creator":"@EstratConcursos","twitter_site":"@EstratConcursos","twitter_misc":{"Escrito por":"Igor Maciel","Est. tempo de leitura":"1 minuto"},"schema":{"@context":"https:\/\/schema.org","@graph":[{"@type":"NewsArticle","@id":"https:\/\/www.estrategiaconcursos.com.br\/blog\/tjm-mg-suspende-inscricoes-datas-concurso\/#article","isPartOf":{"@id":"https:\/\/www.estrategiaconcursos.com.br\/blog\/tjm-mg-suspende-inscricoes-datas-concurso\/"},"author":{"name":"Igor Maciel","@id":"https:\/\/www.estrategiaconcursos.com.br\/blog\/#\/schema\/person\/024d26d5efb06d95dfc04025d7301591"},"headline":"TJM MG SUSPENDE per\u00edodo de inscri\u00e7\u00f5es e demais datas do concurso","datePublished":"2020-03-21T16:18:24+00:00","dateModified":"2020-03-21T16:18:25+00:00","mainEntityOfPage":{"@id":"https:\/\/www.estrategiaconcursos.com.br\/blog\/tjm-mg-suspende-inscricoes-datas-concurso\/"},"wordCount":292,"commentCount":0,"publisher":{"@id":"https:\/\/www.estrategiaconcursos.com.br\/blog\/#organization"},"image":{"@id":"https:\/\/www.estrategiaconcursos.com.br\/blog\/tjm-mg-suspende-inscricoes-datas-concurso\/#primaryimage"},"thumbnailUrl":"https:\/\/dhg1h5j42swfq.cloudfront.net\/2020\/01\/17183512\/TJM_MG.jpg","articleSection":["Concursos P\u00fablicos"],"inLanguage":"pt-BR","potentialAction":[{"@type":"CommentAction","name":"Comment","target":["https:\/\/www.estrategiaconcursos.com.br\/blog\/tjm-mg-suspende-inscricoes-datas-concurso\/#respond"]}],"copyrightYear":"2020","copyrightHolder":{"@id":"https:\/\/www.estrategiaconcursos.com.br\/blog\/#organization"}},{"@type":"WebPage","@id":"https:\/\/www.estrategiaconcursos.com.br\/blog\/tjm-mg-suspende-inscricoes-datas-concurso\/","url":"https:\/\/www.estrategiaconcursos.com.br\/blog\/tjm-mg-suspende-inscricoes-datas-concurso\/","name":"TJM MG SUSPENDE per\u00edodo de inscri\u00e7\u00f5es e demais datas do concurso","isPartOf":{"@id":"https:\/\/www.estrategiaconcursos.com.br\/blog\/#website"},"primaryImageOfPage":{"@id":"https:\/\/www.estrategiaconcursos.com.br\/blog\/tjm-mg-suspende-inscricoes-datas-concurso\/#primaryimage"},"image":{"@id":"https:\/\/www.estrategiaconcursos.com.br\/blog\/tjm-mg-suspende-inscricoes-datas-concurso\/#primaryimage"},"thumbnailUrl":"https:\/\/dhg1h5j42swfq.cloudfront.net\/2020\/01\/17183512\/TJM_MG.jpg","datePublished":"2020-03-21T16:18:24+00:00","dateModified":"2020-03-21T16:18:25+00:00","breadcrumb":{"@id":"https:\/\/www.estrategiaconcursos.com.br\/blog\/tjm-mg-suspende-inscricoes-datas-concurso\/#breadcrumb"},"inLanguage":"pt-BR","potentialAction":[{"@type":"ReadAction","target":["https:\/\/www.estrategiaconcursos.com.br\/blog\/tjm-mg-suspende-inscricoes-datas-concurso\/"]}]},{"@type":"ImageObject","inLanguage":"pt-BR","@id":"https:\/\/www.estrategiaconcursos.com.br\/blog\/tjm-mg-suspende-inscricoes-datas-concurso\/#primaryimage","url":"https:\/\/dhg1h5j42swfq.cloudfront.net\/2020\/01\/17183512\/TJM_MG.jpg","contentUrl":"https:\/\/dhg1h5j42swfq.cloudfront.net\/2020\/01\/17183512\/TJM_MG.jpg","width":1200,"height":628,"caption":"edital tjm mg"},{"@type":"BreadcrumbList","@id":"https:\/\/www.estrategiaconcursos.com.br\/blog\/tjm-mg-suspende-inscricoes-datas-concurso\/#breadcrumb","itemListElement":[{"@type":"ListItem","position":1,"name":"In\u00edcio","item":"https:\/\/www.estrategiaconcursos.com.br\/blog\/"},{"@type":"ListItem","position":2,"name":"TJM MG SUSPENDE per\u00edodo de inscri\u00e7\u00f5es e demais datas do concurso"}]},{"@type":"WebSite","@id":"https:\/\/www.estrategiaconcursos.com.br\/blog\/#website","url":"https:\/\/www.estrategiaconcursos.com.br\/blog\/","name":"Estrat\u00e9gia Concursos","description":"O blog da Estrat\u00e9gia Concursos traz not\u00edcias sobre concursos e artigos de professores oferecendo cursos para concursos (pdf + videaulas) no site.","publisher":{"@id":"https:\/\/www.estrategiaconcursos.com.br\/blog\/#organization"},"potentialAction":[{"@type":"SearchAction","target":{"@type":"EntryPoint","urlTemplate":"https:\/\/www.estrategiaconcursos.com.br\/blog\/?s={search_term_string}"},"query-input":{"@type":"PropertyValueSpecification","valueRequired":true,"valueName":"search_term_string"}}],"inLanguage":"pt-BR"},{"@type":"Organization","@id":"https:\/\/www.estrategiaconcursos.com.br\/blog\/#organization","name":"Estrat\u00e9gia Concursos","url":"https:\/\/www.estrategiaconcursos.com.br\/blog\/","logo":{"@type":"ImageObject","inLanguage":"pt-BR","@id":"https:\/\/www.estrategiaconcursos.com.br\/blog\/#\/schema\/logo\/image\/","url":"https:\/\/dhg1h5j42swfq.cloudfront.net\/2025\/06\/03203428\/logo_concursos-1.jpg","contentUrl":"https:\/\/dhg1h5j42swfq.cloudfront.net\/2025\/06\/03203428\/logo_concursos-1.jpg","width":230,"height":60,"caption":"Estrat\u00e9gia Concursos"},"image":{"@id":"https:\/\/www.estrategiaconcursos.com.br\/blog\/#\/schema\/logo\/image\/"},"sameAs":["https:\/\/x.com\/EstratConcursos"]},{"@type":"Person","@id":"https:\/\/www.estrategiaconcursos.com.br\/blog\/#\/schema\/person\/024d26d5efb06d95dfc04025d7301591","name":"Igor Maciel","image":{"@type":"ImageObject","inLanguage":"pt-BR","@id":"https:\/\/secure.gravatar.com\/avatar\/e983a676af6facf4aebcb2989d49e3bf61b718712d5e7a4b3f355b7fe651bc2f?s=96&d=mm&r=g","url":"https:\/\/secure.gravatar.com\/avatar\/e983a676af6facf4aebcb2989d49e3bf61b718712d5e7a4b3f355b7fe651bc2f?s=96&d=mm&r=g","contentUrl":"https:\/\/secure.gravatar.com\/avatar\/e983a676af6facf4aebcb2989d49e3bf61b718712d5e7a4b3f355b7fe651bc2f?s=96&d=mm&r=g","caption":"Igor Maciel"},"description":"Graduado na Universidade Federal de Pernambuco, com extens\u00e3o na Universidade de Coimbra\/Portugal. Especialista LLM em Direito Corporativo pelo IBMEC\/RJ. Mestrando em Direito e Pol\u00edticas P\u00fablicas pelo UNICEUB\/DF. Advogado com atua\u00e7\u00e3o profissional centrada no Direito Tribut\u00e1rio e no Direito Administrativo, especialmente na defesa de servidores p\u00fablicos.","sameAs":["http:\/\/www.imaciel.com.br","https:\/\/www.facebook.com\/igor.maciel.1420"],"url":"https:\/\/www.estrategiaconcursos.com.br\/blog\/author\/contatoimaciel-com-br\/"}]}},"_links":{"self":[{"href":"https:\/\/www.estrategiaconcursos.com.br\/blog\/wp-json\/wp\/v2\/posts\/495055","targetHints":{"allow":["GET"]}}],"collection":[{"href":"https:\/\/www.estrategiaconcursos.com.br\/blog\/wp-json\/wp\/v2\/posts"}],"about":[{"href":"https:\/\/www.estrategiaconcursos.com.br\/blog\/wp-json\/wp\/v2\/types\/post"}],"author":[{"embeddable":true,"href":"https:\/\/www.estrategiaconcursos.com.br\/blog\/wp-json\/wp\/v2\/users\/317"}],"replies":[{"embeddable":true,"href":"https:\/\/www.estrategiaconcursos.com.br\/blog\/wp-json\/wp\/v2\/comments?post=495055"}],"version-history":[{"count":4,"href":"https:\/\/www.estrategiaconcursos.com.br\/blog\/wp-json\/wp\/v2\/posts\/495055\/revisions"}],"predecessor-version":[{"id":495067,"href":"https:\/\/www.estrategiaconcursos.com.br\/blog\/wp-json\/wp\/v2\/posts\/495055\/revisions\/495067"}],"wp:featuredmedia":[{"embeddable":true,"href":"https:\/\/www.estrategiaconcursos.com.br\/blog\/wp-json\/wp\/v2\/media\/471365"}],"wp:attachment":[{"href":"https:\/\/www.estrategiaconcursos.com.br\/blog\/wp-json\/wp\/v2\/media?parent=495055"}],"wp:term":[{"taxonomy":"category","embeddable":true,"href":"https:\/\/www.estrategiaconcursos.com.br\/blog\/wp-json\/wp\/v2\/categories?post=495055"},{"taxonomy":"post_tag","embeddable":true,"href":"https:\/\/www.estrategiaconcursos.com.br\/blog\/wp-json\/wp\/v2\/tags?post=495055"},{"taxonomy":"tax_estado","embeddable":true,"href":"https:\/\/www.estrategiaconcursos.com.br\/blog\/wp-json\/wp\/v2\/tax_estado?post=495055"}],"curies":[{"name":"wp","href":"https:\/\/api.w.org\/{rel}","templated":true}]}}