{"id":494823,"date":"2020-03-20T18:34:26","date_gmt":"2020-03-20T21:34:26","guid":{"rendered":"https:\/\/www.estrategiaconcursos.com.br\/blog\/?p=494823"},"modified":"2020-11-25T13:31:02","modified_gmt":"2020-11-25T16:31:02","slug":"licitacao-da-banca-do-concurso-guarda-municipal-de-belem-e-suspensa","status":"publish","type":"post","link":"https:\/\/www.estrategiaconcursos.com.br\/blog\/licitacao-da-banca-do-concurso-guarda-municipal-de-belem-e-suspensa\/","title":{"rendered":"Licita\u00e7\u00e3o da banca do concurso Guarda Municipal de Bel\u00e9m \u00e9 SUSPENSA"},"content":{"rendered":"\n<p>Foi divulgada na \u00faltima quinta=feira, 19 de mar\u00e7o de 2020, a suspens\u00e3o da licita\u00e7\u00e3o que escolheria a banca organizadora do pr\u00f3ximo concurso Guarda Municipal de Bel\u00e9m, cuja abertura de propostas estava marcada para o dia 13 de abril.<\/p>\n\n\n\n<div class=\"wp-block-image\"><figure class=\"aligncenter is-resized\"><img loading=\"lazy\" decoding=\"async\" src=\"https:\/\/trello-attachments.s3.amazonaws.com\/5e752aea7838462062e09446\/607x426\/6695d23f7cf4adc527e1c3b280b73545\/image.png\" alt=\"image.png\" width=\"435\" height=\"305\"\/><\/figure><\/div>\n\n\n\n<p>De acordo com o comunicado, a suspens\u00e3o da escolha da banca se d\u00e1 em raz\u00e3o da pandemia do Covid-19 (novo coranav\u00edrus), para evitar que a doen\u00e7a continue a se alastrar pelo Brasil. <\/p>\n\n\n\n<p>Ainda sem quantitativo de vagas definido, o pr\u00f3ximo concurso Guarda Municipal de Bel\u00e9m ainda est\u00e1 previsto para o ano de 2020.<\/p>\n\n\n\n<h3 class=\"wp-block-heading\">\u00daltimo concurso<\/h3>\n\n\n\n<p>O \u00faltimo concurso Guarda Municipal de Bel\u00e9m foi organizado pela CETAP e ofertou 272 vagas, sendo 27 vagas para o sexo feminino. Na ocasi\u00e3o, a remunera\u00e7\u00e3o inicial era de R$ 2.583,80, somado aos benef\u00edcios de vale-alimenta\u00e7\u00e3o, vale-transporte e gratifica\u00e7\u00f5es.<\/p>\n\n\n\n<p class=\"has-text-align-center has-luminous-vivid-amber-background-color has-background has-medium-font-size\"><strong><a href=\"https:\/\/www.estrategiaconcursos.com.br\/blog\/cursos-e-concursos\/\" target=\"_blank\" rel=\"noreferrer noopener\">Curso para concurso<\/a><\/strong><\/p>\n\n\n\n<p class=\"has-text-align-center\"><em><strong>Assinatura Anual Ilimitada*<\/strong><\/em><\/p>\n\n\n\n<p class=\"has-text-align-center\"><em>Prepare-se com o melhor material e com quem mais aprova em Concursos P\u00fablicos em todo o pa\u00eds. Assine agora a nossa Assinatura Anual e tenha acesso ilimitado* a todos os nossos cursos.<\/em><\/p>\n\n\n\n<p class=\"has-text-align-center has-light-green-cyan-background-color has-background has-medium-font-size\"><strong>ASSINE AGORA<\/strong>&nbsp;\u2013&nbsp;<a rel=\"noreferrer noopener\" href=\"https:\/\/www.estrategiaconcursos.com.br\/assinaturas\" target=\"_blank\">Assinatura Ilimitada<\/a><\/p>\n\n\n\n<p class=\"has-text-align-center\"><em><strong>Fique por dentro de todos os concursos:<\/strong><\/em><\/p>\n\n\n\n<p class=\"has-text-align-center has-pale-cyan-blue-background-color has-background has-medium-font-size\"><a rel=\"noreferrer noopener\" href=\"https:\/\/www.estrategiaconcursos.com.br\/blog\/concursos-abertos\/\" target=\"_blank\"><strong>CONCURSOS ABERTOS<\/strong><\/a><\/p>\n\n\n\n<p class=\"has-text-align-center has-pale-cyan-blue-background-color has-background has-medium-font-size\"><a rel=\"noreferrer noopener\" href=\"https:\/\/www.estrategiaconcursos.com.br\/blog\/concursos-2020\/\" target=\"_blank\"><strong>CONCURSOS&nbsp;2020<\/strong><\/a><\/p>\n","protected":false},"excerpt":{"rendered":"<p>Foi divulgada na \u00faltima quinta=feira, 19 de mar\u00e7o de 2020, a suspens\u00e3o da licita\u00e7\u00e3o que escolheria a banca organizadora do pr\u00f3ximo concurso Guarda Municipal de Bel\u00e9m, cuja abertura de propostas estava marcada para o dia 13 de abril. De acordo com o comunicado, a suspens\u00e3o da escolha da banca se d\u00e1 em raz\u00e3o da pandemia [&hellip;]<\/p>\n","protected":false},"author":552,"featured_media":0,"comment_status":"open","ping_status":"closed","sticky":false,"template":"","format":"standard","meta":{"post_tipo":"article","footnotes":""},"categories":[1],"tags":[],"tax_estado":[219977],"class_list":["post-494823","post","type-post","status-publish","format-standard","hentry","category-cursos-e-concursos","tax_estado-pa"],"acf":[],"yoast_head":"<!-- This site is optimized with the Yoast SEO Premium plugin v27.2 (Yoast SEO v27.2) - https:\/\/yoast.com\/product\/yoast-seo-premium-wordpress\/ -->\n<title>Licita\u00e7\u00e3o da banca do concurso Guarda Municipal de Bel\u00e9m \u00e9 SUSPENSA<\/title>\n<meta name=\"robots\" content=\"index, follow, max-snippet:-1, max-image-preview:large, max-video-preview:-1\" \/>\n<link rel=\"canonical\" href=\"https:\/\/www.estrategiaconcursos.com.br\/blog\/licitacao-da-banca-do-concurso-guarda-municipal-de-belem-e-suspensa\/\" \/>\n<meta property=\"og:locale\" content=\"pt_BR\" \/>\n<meta property=\"og:type\" content=\"article\" \/>\n<meta property=\"og:title\" content=\"Licita\u00e7\u00e3o da banca do concurso Guarda Municipal de Bel\u00e9m \u00e9 SUSPENSA\" \/>\n<meta property=\"og:description\" content=\"Foi divulgada na \u00faltima quinta=feira, 19 de mar\u00e7o de 2020, a suspens\u00e3o da licita\u00e7\u00e3o que escolheria a banca organizadora do pr\u00f3ximo concurso Guarda Municipal de Bel\u00e9m, cuja abertura de propostas estava marcada para o dia 13 de abril. De acordo com o comunicado, a suspens\u00e3o da escolha da banca se d\u00e1 em raz\u00e3o da pandemia [&hellip;]\" \/>\n<meta property=\"og:url\" content=\"https:\/\/www.estrategiaconcursos.com.br\/blog\/licitacao-da-banca-do-concurso-guarda-municipal-de-belem-e-suspensa\/\" \/>\n<meta property=\"og:site_name\" content=\"Estrat\u00e9gia Concursos\" \/>\n<meta property=\"article:published_time\" content=\"2020-03-20T21:34:26+00:00\" \/>\n<meta property=\"article:modified_time\" content=\"2020-11-25T16:31:02+00:00\" \/>\n<meta property=\"og:image\" content=\"https:\/\/trello-attachments.s3.amazonaws.com\/5e752aea7838462062e09446\/607x426\/6695d23f7cf4adc527e1c3b280b73545\/image.png\" \/>\n<meta name=\"author\" content=\"Paulo Bilynskyj\" \/>\n<meta name=\"twitter:card\" content=\"summary_large_image\" \/>\n<meta name=\"twitter:creator\" content=\"@EstratConcursos\" \/>\n<meta name=\"twitter:site\" content=\"@EstratConcursos\" \/>\n<meta name=\"twitter:label1\" content=\"Escrito por\" \/>\n\t<meta name=\"twitter:data1\" content=\"Paulo Bilynskyj\" \/>\n\t<meta name=\"twitter:label2\" content=\"Est. tempo de leitura\" \/>\n\t<meta name=\"twitter:data2\" content=\"1 minuto\" \/>\n<script type=\"application\/ld+json\" class=\"yoast-schema-graph\">{\"@context\":\"https:\/\/schema.org\",\"@graph\":[{\"@type\":\"NewsArticle\",\"@id\":\"https:\/\/www.estrategiaconcursos.com.br\/blog\/licitacao-da-banca-do-concurso-guarda-municipal-de-belem-e-suspensa\/#article\",\"isPartOf\":{\"@id\":\"https:\/\/www.estrategiaconcursos.com.br\/blog\/licitacao-da-banca-do-concurso-guarda-municipal-de-belem-e-suspensa\/\"},\"author\":{\"name\":\"Paulo Bilynskyj\",\"@id\":\"https:\/\/www.estrategiaconcursos.com.br\/blog\/#\/schema\/person\/a630b15e36f45b4c21fed01219843cb5\"},\"headline\":\"Licita\u00e7\u00e3o da banca do concurso Guarda Municipal de Bel\u00e9m \u00e9 SUSPENSA\",\"datePublished\":\"2020-03-20T21:34:26+00:00\",\"dateModified\":\"2020-11-25T16:31:02+00:00\",\"mainEntityOfPage\":{\"@id\":\"https:\/\/www.estrategiaconcursos.com.br\/blog\/licitacao-da-banca-do-concurso-guarda-municipal-de-belem-e-suspensa\/\"},\"wordCount\":212,\"commentCount\":0,\"publisher\":{\"@id\":\"https:\/\/www.estrategiaconcursos.com.br\/blog\/#organization\"},\"image\":{\"@id\":\"https:\/\/www.estrategiaconcursos.com.br\/blog\/licitacao-da-banca-do-concurso-guarda-municipal-de-belem-e-suspensa\/#primaryimage\"},\"thumbnailUrl\":\"https:\/\/trello-attachments.s3.amazonaws.com\/5e752aea7838462062e09446\/607x426\/6695d23f7cf4adc527e1c3b280b73545\/image.png\",\"articleSection\":[\"Concursos P\u00fablicos\"],\"inLanguage\":\"pt-BR\",\"potentialAction\":[{\"@type\":\"CommentAction\",\"name\":\"Comment\",\"target\":[\"https:\/\/www.estrategiaconcursos.com.br\/blog\/licitacao-da-banca-do-concurso-guarda-municipal-de-belem-e-suspensa\/#respond\"]}],\"copyrightYear\":\"2020\",\"copyrightHolder\":{\"@id\":\"https:\/\/www.estrategiaconcursos.com.br\/blog\/#organization\"}},{\"@type\":\"WebPage\",\"@id\":\"https:\/\/www.estrategiaconcursos.com.br\/blog\/licitacao-da-banca-do-concurso-guarda-municipal-de-belem-e-suspensa\/\",\"url\":\"https:\/\/www.estrategiaconcursos.com.br\/blog\/licitacao-da-banca-do-concurso-guarda-municipal-de-belem-e-suspensa\/\",\"name\":\"Licita\u00e7\u00e3o da banca do concurso Guarda Municipal de Bel\u00e9m \u00e9 SUSPENSA\",\"isPartOf\":{\"@id\":\"https:\/\/www.estrategiaconcursos.com.br\/blog\/#website\"},\"primaryImageOfPage\":{\"@id\":\"https:\/\/www.estrategiaconcursos.com.br\/blog\/licitacao-da-banca-do-concurso-guarda-municipal-de-belem-e-suspensa\/#primaryimage\"},\"image\":{\"@id\":\"https:\/\/www.estrategiaconcursos.com.br\/blog\/licitacao-da-banca-do-concurso-guarda-municipal-de-belem-e-suspensa\/#primaryimage\"},\"thumbnailUrl\":\"https:\/\/trello-attachments.s3.amazonaws.com\/5e752aea7838462062e09446\/607x426\/6695d23f7cf4adc527e1c3b280b73545\/image.png\",\"datePublished\":\"2020-03-20T21:34:26+00:00\",\"dateModified\":\"2020-11-25T16:31:02+00:00\",\"breadcrumb\":{\"@id\":\"https:\/\/www.estrategiaconcursos.com.br\/blog\/licitacao-da-banca-do-concurso-guarda-municipal-de-belem-e-suspensa\/#breadcrumb\"},\"inLanguage\":\"pt-BR\",\"potentialAction\":[{\"@type\":\"ReadAction\",\"target\":[\"https:\/\/www.estrategiaconcursos.com.br\/blog\/licitacao-da-banca-do-concurso-guarda-municipal-de-belem-e-suspensa\/\"]}]},{\"@type\":\"ImageObject\",\"inLanguage\":\"pt-BR\",\"@id\":\"https:\/\/www.estrategiaconcursos.com.br\/blog\/licitacao-da-banca-do-concurso-guarda-municipal-de-belem-e-suspensa\/#primaryimage\",\"url\":\"https:\/\/trello-attachments.s3.amazonaws.com\/5e752aea7838462062e09446\/607x426\/6695d23f7cf4adc527e1c3b280b73545\/image.png\",\"contentUrl\":\"https:\/\/trello-attachments.s3.amazonaws.com\/5e752aea7838462062e09446\/607x426\/6695d23f7cf4adc527e1c3b280b73545\/image.png\"},{\"@type\":\"BreadcrumbList\",\"@id\":\"https:\/\/www.estrategiaconcursos.com.br\/blog\/licitacao-da-banca-do-concurso-guarda-municipal-de-belem-e-suspensa\/#breadcrumb\",\"itemListElement\":[{\"@type\":\"ListItem\",\"position\":1,\"name\":\"In\u00edcio\",\"item\":\"https:\/\/www.estrategiaconcursos.com.br\/blog\/\"},{\"@type\":\"ListItem\",\"position\":2,\"name\":\"Licita\u00e7\u00e3o da banca do concurso Guarda Municipal de Bel\u00e9m \u00e9 SUSPENSA\"}]},{\"@type\":\"WebSite\",\"@id\":\"https:\/\/www.estrategiaconcursos.com.br\/blog\/#website\",\"url\":\"https:\/\/www.estrategiaconcursos.com.br\/blog\/\",\"name\":\"Estrat\u00e9gia Concursos\",\"description\":\"O blog da Estrat\u00e9gia Concursos traz not\u00edcias sobre concursos e artigos de professores oferecendo cursos para concursos (pdf + videaulas) no site.\",\"publisher\":{\"@id\":\"https:\/\/www.estrategiaconcursos.com.br\/blog\/#organization\"},\"potentialAction\":[{\"@type\":\"SearchAction\",\"target\":{\"@type\":\"EntryPoint\",\"urlTemplate\":\"https:\/\/www.estrategiaconcursos.com.br\/blog\/?s={search_term_string}\"},\"query-input\":{\"@type\":\"PropertyValueSpecification\",\"valueRequired\":true,\"valueName\":\"search_term_string\"}}],\"inLanguage\":\"pt-BR\"},{\"@type\":\"Organization\",\"@id\":\"https:\/\/www.estrategiaconcursos.com.br\/blog\/#organization\",\"name\":\"Estrat\u00e9gia Concursos\",\"url\":\"https:\/\/www.estrategiaconcursos.com.br\/blog\/\",\"logo\":{\"@type\":\"ImageObject\",\"inLanguage\":\"pt-BR\",\"@id\":\"https:\/\/www.estrategiaconcursos.com.br\/blog\/#\/schema\/logo\/image\/\",\"url\":\"https:\/\/dhg1h5j42swfq.cloudfront.net\/2025\/06\/03203428\/logo_concursos-1.jpg\",\"contentUrl\":\"https:\/\/dhg1h5j42swfq.cloudfront.net\/2025\/06\/03203428\/logo_concursos-1.jpg\",\"width\":230,\"height\":60,\"caption\":\"Estrat\u00e9gia Concursos\"},\"image\":{\"@id\":\"https:\/\/www.estrategiaconcursos.com.br\/blog\/#\/schema\/logo\/image\/\"},\"sameAs\":[\"https:\/\/x.com\/EstratConcursos\"]},{\"@type\":\"Person\",\"@id\":\"https:\/\/www.estrategiaconcursos.com.br\/blog\/#\/schema\/person\/a630b15e36f45b4c21fed01219843cb5\",\"name\":\"Paulo Bilynskyj\",\"image\":{\"@type\":\"ImageObject\",\"inLanguage\":\"pt-BR\",\"@id\":\"https:\/\/secure.gravatar.com\/avatar\/37e21f70c9042e7456beffdc6d31fe051f3f6dcbf252f69343a791b144852057?s=96&d=mm&r=g\",\"url\":\"https:\/\/secure.gravatar.com\/avatar\/37e21f70c9042e7456beffdc6d31fe051f3f6dcbf252f69343a791b144852057?s=96&d=mm&r=g\",\"contentUrl\":\"https:\/\/secure.gravatar.com\/avatar\/37e21f70c9042e7456beffdc6d31fe051f3f6dcbf252f69343a791b144852057?s=96&d=mm&r=g\",\"caption\":\"Paulo Bilynskyj\"},\"url\":\"https:\/\/www.estrategiaconcursos.com.br\/blog\/author\/pbilynskyjgmail-com\/\"}]}<\/script>\n<!-- \/ Yoast SEO Premium plugin. -->","yoast_head_json":{"title":"Licita\u00e7\u00e3o da banca do concurso Guarda Municipal de Bel\u00e9m \u00e9 SUSPENSA","robots":{"index":"index","follow":"follow","max-snippet":"max-snippet:-1","max-image-preview":"max-image-preview:large","max-video-preview":"max-video-preview:-1"},"canonical":"https:\/\/www.estrategiaconcursos.com.br\/blog\/licitacao-da-banca-do-concurso-guarda-municipal-de-belem-e-suspensa\/","og_locale":"pt_BR","og_type":"article","og_title":"Licita\u00e7\u00e3o da banca do concurso Guarda Municipal de Bel\u00e9m \u00e9 SUSPENSA","og_description":"Foi divulgada na \u00faltima quinta=feira, 19 de mar\u00e7o de 2020, a suspens\u00e3o da licita\u00e7\u00e3o que escolheria a banca organizadora do pr\u00f3ximo concurso Guarda Municipal de Bel\u00e9m, cuja abertura de propostas estava marcada para o dia 13 de abril. De acordo com o comunicado, a suspens\u00e3o da escolha da banca se d\u00e1 em raz\u00e3o da pandemia [&hellip;]","og_url":"https:\/\/www.estrategiaconcursos.com.br\/blog\/licitacao-da-banca-do-concurso-guarda-municipal-de-belem-e-suspensa\/","og_site_name":"Estrat\u00e9gia Concursos","article_published_time":"2020-03-20T21:34:26+00:00","article_modified_time":"2020-11-25T16:31:02+00:00","og_image":[{"url":"https:\/\/trello-attachments.s3.amazonaws.com\/5e752aea7838462062e09446\/607x426\/6695d23f7cf4adc527e1c3b280b73545\/image.png","type":"","width":"","height":""}],"author":"Paulo Bilynskyj","twitter_card":"summary_large_image","twitter_creator":"@EstratConcursos","twitter_site":"@EstratConcursos","twitter_misc":{"Escrito por":"Paulo Bilynskyj","Est. tempo de leitura":"1 minuto"},"schema":{"@context":"https:\/\/schema.org","@graph":[{"@type":"NewsArticle","@id":"https:\/\/www.estrategiaconcursos.com.br\/blog\/licitacao-da-banca-do-concurso-guarda-municipal-de-belem-e-suspensa\/#article","isPartOf":{"@id":"https:\/\/www.estrategiaconcursos.com.br\/blog\/licitacao-da-banca-do-concurso-guarda-municipal-de-belem-e-suspensa\/"},"author":{"name":"Paulo Bilynskyj","@id":"https:\/\/www.estrategiaconcursos.com.br\/blog\/#\/schema\/person\/a630b15e36f45b4c21fed01219843cb5"},"headline":"Licita\u00e7\u00e3o da banca do concurso Guarda Municipal de Bel\u00e9m \u00e9 SUSPENSA","datePublished":"2020-03-20T21:34:26+00:00","dateModified":"2020-11-25T16:31:02+00:00","mainEntityOfPage":{"@id":"https:\/\/www.estrategiaconcursos.com.br\/blog\/licitacao-da-banca-do-concurso-guarda-municipal-de-belem-e-suspensa\/"},"wordCount":212,"commentCount":0,"publisher":{"@id":"https:\/\/www.estrategiaconcursos.com.br\/blog\/#organization"},"image":{"@id":"https:\/\/www.estrategiaconcursos.com.br\/blog\/licitacao-da-banca-do-concurso-guarda-municipal-de-belem-e-suspensa\/#primaryimage"},"thumbnailUrl":"https:\/\/trello-attachments.s3.amazonaws.com\/5e752aea7838462062e09446\/607x426\/6695d23f7cf4adc527e1c3b280b73545\/image.png","articleSection":["Concursos P\u00fablicos"],"inLanguage":"pt-BR","potentialAction":[{"@type":"CommentAction","name":"Comment","target":["https:\/\/www.estrategiaconcursos.com.br\/blog\/licitacao-da-banca-do-concurso-guarda-municipal-de-belem-e-suspensa\/#respond"]}],"copyrightYear":"2020","copyrightHolder":{"@id":"https:\/\/www.estrategiaconcursos.com.br\/blog\/#organization"}},{"@type":"WebPage","@id":"https:\/\/www.estrategiaconcursos.com.br\/blog\/licitacao-da-banca-do-concurso-guarda-municipal-de-belem-e-suspensa\/","url":"https:\/\/www.estrategiaconcursos.com.br\/blog\/licitacao-da-banca-do-concurso-guarda-municipal-de-belem-e-suspensa\/","name":"Licita\u00e7\u00e3o da banca do concurso Guarda Municipal de Bel\u00e9m \u00e9 SUSPENSA","isPartOf":{"@id":"https:\/\/www.estrategiaconcursos.com.br\/blog\/#website"},"primaryImageOfPage":{"@id":"https:\/\/www.estrategiaconcursos.com.br\/blog\/licitacao-da-banca-do-concurso-guarda-municipal-de-belem-e-suspensa\/#primaryimage"},"image":{"@id":"https:\/\/www.estrategiaconcursos.com.br\/blog\/licitacao-da-banca-do-concurso-guarda-municipal-de-belem-e-suspensa\/#primaryimage"},"thumbnailUrl":"https:\/\/trello-attachments.s3.amazonaws.com\/5e752aea7838462062e09446\/607x426\/6695d23f7cf4adc527e1c3b280b73545\/image.png","datePublished":"2020-03-20T21:34:26+00:00","dateModified":"2020-11-25T16:31:02+00:00","breadcrumb":{"@id":"https:\/\/www.estrategiaconcursos.com.br\/blog\/licitacao-da-banca-do-concurso-guarda-municipal-de-belem-e-suspensa\/#breadcrumb"},"inLanguage":"pt-BR","potentialAction":[{"@type":"ReadAction","target":["https:\/\/www.estrategiaconcursos.com.br\/blog\/licitacao-da-banca-do-concurso-guarda-municipal-de-belem-e-suspensa\/"]}]},{"@type":"ImageObject","inLanguage":"pt-BR","@id":"https:\/\/www.estrategiaconcursos.com.br\/blog\/licitacao-da-banca-do-concurso-guarda-municipal-de-belem-e-suspensa\/#primaryimage","url":"https:\/\/trello-attachments.s3.amazonaws.com\/5e752aea7838462062e09446\/607x426\/6695d23f7cf4adc527e1c3b280b73545\/image.png","contentUrl":"https:\/\/trello-attachments.s3.amazonaws.com\/5e752aea7838462062e09446\/607x426\/6695d23f7cf4adc527e1c3b280b73545\/image.png"},{"@type":"BreadcrumbList","@id":"https:\/\/www.estrategiaconcursos.com.br\/blog\/licitacao-da-banca-do-concurso-guarda-municipal-de-belem-e-suspensa\/#breadcrumb","itemListElement":[{"@type":"ListItem","position":1,"name":"In\u00edcio","item":"https:\/\/www.estrategiaconcursos.com.br\/blog\/"},{"@type":"ListItem","position":2,"name":"Licita\u00e7\u00e3o da banca do concurso Guarda Municipal de Bel\u00e9m \u00e9 SUSPENSA"}]},{"@type":"WebSite","@id":"https:\/\/www.estrategiaconcursos.com.br\/blog\/#website","url":"https:\/\/www.estrategiaconcursos.com.br\/blog\/","name":"Estrat\u00e9gia Concursos","description":"O blog da Estrat\u00e9gia Concursos traz not\u00edcias sobre concursos e artigos de professores oferecendo cursos para concursos (pdf + videaulas) no site.","publisher":{"@id":"https:\/\/www.estrategiaconcursos.com.br\/blog\/#organization"},"potentialAction":[{"@type":"SearchAction","target":{"@type":"EntryPoint","urlTemplate":"https:\/\/www.estrategiaconcursos.com.br\/blog\/?s={search_term_string}"},"query-input":{"@type":"PropertyValueSpecification","valueRequired":true,"valueName":"search_term_string"}}],"inLanguage":"pt-BR"},{"@type":"Organization","@id":"https:\/\/www.estrategiaconcursos.com.br\/blog\/#organization","name":"Estrat\u00e9gia Concursos","url":"https:\/\/www.estrategiaconcursos.com.br\/blog\/","logo":{"@type":"ImageObject","inLanguage":"pt-BR","@id":"https:\/\/www.estrategiaconcursos.com.br\/blog\/#\/schema\/logo\/image\/","url":"https:\/\/dhg1h5j42swfq.cloudfront.net\/2025\/06\/03203428\/logo_concursos-1.jpg","contentUrl":"https:\/\/dhg1h5j42swfq.cloudfront.net\/2025\/06\/03203428\/logo_concursos-1.jpg","width":230,"height":60,"caption":"Estrat\u00e9gia Concursos"},"image":{"@id":"https:\/\/www.estrategiaconcursos.com.br\/blog\/#\/schema\/logo\/image\/"},"sameAs":["https:\/\/x.com\/EstratConcursos"]},{"@type":"Person","@id":"https:\/\/www.estrategiaconcursos.com.br\/blog\/#\/schema\/person\/a630b15e36f45b4c21fed01219843cb5","name":"Paulo Bilynskyj","image":{"@type":"ImageObject","inLanguage":"pt-BR","@id":"https:\/\/secure.gravatar.com\/avatar\/37e21f70c9042e7456beffdc6d31fe051f3f6dcbf252f69343a791b144852057?s=96&d=mm&r=g","url":"https:\/\/secure.gravatar.com\/avatar\/37e21f70c9042e7456beffdc6d31fe051f3f6dcbf252f69343a791b144852057?s=96&d=mm&r=g","contentUrl":"https:\/\/secure.gravatar.com\/avatar\/37e21f70c9042e7456beffdc6d31fe051f3f6dcbf252f69343a791b144852057?s=96&d=mm&r=g","caption":"Paulo Bilynskyj"},"url":"https:\/\/www.estrategiaconcursos.com.br\/blog\/author\/pbilynskyjgmail-com\/"}]}},"_links":{"self":[{"href":"https:\/\/www.estrategiaconcursos.com.br\/blog\/wp-json\/wp\/v2\/posts\/494823","targetHints":{"allow":["GET"]}}],"collection":[{"href":"https:\/\/www.estrategiaconcursos.com.br\/blog\/wp-json\/wp\/v2\/posts"}],"about":[{"href":"https:\/\/www.estrategiaconcursos.com.br\/blog\/wp-json\/wp\/v2\/types\/post"}],"author":[{"embeddable":true,"href":"https:\/\/www.estrategiaconcursos.com.br\/blog\/wp-json\/wp\/v2\/users\/552"}],"replies":[{"embeddable":true,"href":"https:\/\/www.estrategiaconcursos.com.br\/blog\/wp-json\/wp\/v2\/comments?post=494823"}],"version-history":[{"count":2,"href":"https:\/\/www.estrategiaconcursos.com.br\/blog\/wp-json\/wp\/v2\/posts\/494823\/revisions"}],"predecessor-version":[{"id":616937,"href":"https:\/\/www.estrategiaconcursos.com.br\/blog\/wp-json\/wp\/v2\/posts\/494823\/revisions\/616937"}],"wp:attachment":[{"href":"https:\/\/www.estrategiaconcursos.com.br\/blog\/wp-json\/wp\/v2\/media?parent=494823"}],"wp:term":[{"taxonomy":"category","embeddable":true,"href":"https:\/\/www.estrategiaconcursos.com.br\/blog\/wp-json\/wp\/v2\/categories?post=494823"},{"taxonomy":"post_tag","embeddable":true,"href":"https:\/\/www.estrategiaconcursos.com.br\/blog\/wp-json\/wp\/v2\/tags?post=494823"},{"taxonomy":"tax_estado","embeddable":true,"href":"https:\/\/www.estrategiaconcursos.com.br\/blog\/wp-json\/wp\/v2\/tax_estado?post=494823"}],"curies":[{"name":"wp","href":"https:\/\/api.w.org\/{rel}","templated":true}]}}