{"id":494741,"date":"2020-03-20T16:45:24","date_gmt":"2020-03-20T19:45:24","guid":{"rendered":"https:\/\/www.estrategiaconcursos.com.br\/blog\/?p=494741"},"modified":"2020-03-20T16:45:26","modified_gmt":"2020-03-20T19:45:26","slug":"prefeitura-de-curitiba-vai-contratar-428-para-a-saude-em-processo-seletivo","status":"publish","type":"post","link":"https:\/\/www.estrategiaconcursos.com.br\/blog\/prefeitura-de-curitiba-vai-contratar-428-para-a-saude-em-processo-seletivo\/","title":{"rendered":"Prefeitura de Curitiba vai contratar 428 para a sa\u00fade em processo seletivo"},"content":{"rendered":"\n<p>Para refor\u00e7ar o combate ao Covid-19 (novo coronav\u00edrus), a Prefeitura de Curitiba, capital do estado do Paran\u00e1, divulgou que est\u00e1 finalizando um novo Processo Seletivo Simplificado, visando a contrata\u00e7\u00e3o de at\u00e9 428 profissionais da sa\u00fade.<\/p>\n\n\n\n<p>De acordo com informa\u00e7\u00f5es da prefeitura, o processo contratar\u00e1 228 t\u00e9cnicos de enfermagem, 150 enfermeiros e at\u00e9 50 m\u00e9dicos. <\/p>\n\n\n\n<p>A contrata\u00e7\u00e3o, de forma emergencial, visa ampliar os esfor\u00e7os do munic\u00edpio na preven\u00e7\u00e3o e combate a pandemia do Covid-19, que j\u00e1 conta com uma comiss\u00e3o de an\u00e1lise do n\u00famero de casos, que tem mais de 20 casos confirmados.<\/p>\n\n\n\n<h4 class=\"wp-block-heading\">Mudan\u00e7a de rotina<\/h4>\n\n\n\n<p>Para enfrentar o v\u00edrus que se alastra silenciosamente, a prefeitura de Curitiba, por meio do decreto 407, determinou a suspens\u00e3o de eventos culturais e de atividades para o p\u00fablico na faixa de risco. <\/p>\n\n\n\n<p>Caso as medidas adotadas sejam insuficientes para controlar o avan\u00e7o do novo coronav\u00edrus, mais medidas podem entrar em a\u00e7\u00e3o. <\/p>\n","protected":false},"excerpt":{"rendered":"<p>Para refor\u00e7ar o combate ao Covid-19 (novo coronav\u00edrus), a Prefeitura de Curitiba, capital do estado do Paran\u00e1, divulgou que est\u00e1 finalizando um novo Processo Seletivo Simplificado, visando a contrata\u00e7\u00e3o de at\u00e9 428 profissionais da sa\u00fade. De acordo com informa\u00e7\u00f5es da prefeitura, o processo contratar\u00e1 228 t\u00e9cnicos de enfermagem, 150 enfermeiros e at\u00e9 50 m\u00e9dicos. A [&hellip;]<\/p>\n","protected":false},"author":561,"featured_media":0,"comment_status":"open","ping_status":"closed","sticky":false,"template":"","format":"standard","meta":{"post_tipo":"article","footnotes":""},"categories":[1],"tags":[],"tax_estado":[],"class_list":["post-494741","post","type-post","status-publish","format-standard","hentry","category-cursos-e-concursos"],"acf":[],"yoast_head":"<!-- This site is optimized with the Yoast SEO Premium plugin v27.2 (Yoast SEO v27.2) - https:\/\/yoast.com\/product\/yoast-seo-premium-wordpress\/ -->\n<title>Prefeitura de Curitiba vai contratar 428 para a sa\u00fade em processo seletivo<\/title>\n<meta name=\"robots\" content=\"index, follow, max-snippet:-1, max-image-preview:large, max-video-preview:-1\" \/>\n<link rel=\"canonical\" href=\"https:\/\/www.estrategiaconcursos.com.br\/blog\/prefeitura-de-curitiba-vai-contratar-428-para-a-saude-em-processo-seletivo\/\" \/>\n<meta property=\"og:locale\" content=\"pt_BR\" \/>\n<meta property=\"og:type\" content=\"article\" \/>\n<meta property=\"og:title\" content=\"Prefeitura de Curitiba vai contratar 428 para a sa\u00fade em processo seletivo\" \/>\n<meta property=\"og:description\" content=\"Para refor\u00e7ar o combate ao Covid-19 (novo coronav\u00edrus), a Prefeitura de Curitiba, capital do estado do Paran\u00e1, divulgou que est\u00e1 finalizando um novo Processo Seletivo Simplificado, visando a contrata\u00e7\u00e3o de at\u00e9 428 profissionais da sa\u00fade. De acordo com informa\u00e7\u00f5es da prefeitura, o processo contratar\u00e1 228 t\u00e9cnicos de enfermagem, 150 enfermeiros e at\u00e9 50 m\u00e9dicos. A [&hellip;]\" \/>\n<meta property=\"og:url\" content=\"https:\/\/www.estrategiaconcursos.com.br\/blog\/prefeitura-de-curitiba-vai-contratar-428-para-a-saude-em-processo-seletivo\/\" \/>\n<meta property=\"og:site_name\" content=\"Estrat\u00e9gia Concursos\" \/>\n<meta property=\"article:published_time\" content=\"2020-03-20T19:45:24+00:00\" \/>\n<meta property=\"article:modified_time\" content=\"2020-03-20T19:45:26+00:00\" \/>\n<meta name=\"author\" content=\"Ligia Carvalheiro Fernandes\" \/>\n<meta name=\"twitter:card\" content=\"summary_large_image\" \/>\n<meta name=\"twitter:creator\" content=\"@EstratConcursos\" \/>\n<meta name=\"twitter:site\" content=\"@EstratConcursos\" \/>\n<meta name=\"twitter:label1\" content=\"Escrito por\" \/>\n\t<meta name=\"twitter:data1\" content=\"Ligia Carvalheiro Fernandes\" \/>\n\t<meta name=\"twitter:label2\" content=\"Est. tempo de leitura\" \/>\n\t<meta name=\"twitter:data2\" content=\"1 minuto\" \/>\n<script type=\"application\/ld+json\" class=\"yoast-schema-graph\">{\"@context\":\"https:\/\/schema.org\",\"@graph\":[{\"@type\":\"NewsArticle\",\"@id\":\"https:\/\/www.estrategiaconcursos.com.br\/blog\/prefeitura-de-curitiba-vai-contratar-428-para-a-saude-em-processo-seletivo\/#article\",\"isPartOf\":{\"@id\":\"https:\/\/www.estrategiaconcursos.com.br\/blog\/prefeitura-de-curitiba-vai-contratar-428-para-a-saude-em-processo-seletivo\/\"},\"author\":{\"name\":\"Ligia Carvalheiro Fernandes\",\"@id\":\"https:\/\/www.estrategiaconcursos.com.br\/blog\/#\/schema\/person\/cc76e9dac392d5e35e7d00c493eee792\"},\"headline\":\"Prefeitura de Curitiba vai contratar 428 para a sa\u00fade em processo seletivo\",\"datePublished\":\"2020-03-20T19:45:24+00:00\",\"dateModified\":\"2020-03-20T19:45:26+00:00\",\"mainEntityOfPage\":{\"@id\":\"https:\/\/www.estrategiaconcursos.com.br\/blog\/prefeitura-de-curitiba-vai-contratar-428-para-a-saude-em-processo-seletivo\/\"},\"wordCount\":174,\"commentCount\":0,\"publisher\":{\"@id\":\"https:\/\/www.estrategiaconcursos.com.br\/blog\/#organization\"},\"articleSection\":[\"Concursos P\u00fablicos\"],\"inLanguage\":\"pt-BR\",\"potentialAction\":[{\"@type\":\"CommentAction\",\"name\":\"Comment\",\"target\":[\"https:\/\/www.estrategiaconcursos.com.br\/blog\/prefeitura-de-curitiba-vai-contratar-428-para-a-saude-em-processo-seletivo\/#respond\"]}],\"copyrightYear\":\"2020\",\"copyrightHolder\":{\"@id\":\"https:\/\/www.estrategiaconcursos.com.br\/blog\/#organization\"}},{\"@type\":\"WebPage\",\"@id\":\"https:\/\/www.estrategiaconcursos.com.br\/blog\/prefeitura-de-curitiba-vai-contratar-428-para-a-saude-em-processo-seletivo\/\",\"url\":\"https:\/\/www.estrategiaconcursos.com.br\/blog\/prefeitura-de-curitiba-vai-contratar-428-para-a-saude-em-processo-seletivo\/\",\"name\":\"Prefeitura de Curitiba vai contratar 428 para a sa\u00fade em processo seletivo\",\"isPartOf\":{\"@id\":\"https:\/\/www.estrategiaconcursos.com.br\/blog\/#website\"},\"datePublished\":\"2020-03-20T19:45:24+00:00\",\"dateModified\":\"2020-03-20T19:45:26+00:00\",\"breadcrumb\":{\"@id\":\"https:\/\/www.estrategiaconcursos.com.br\/blog\/prefeitura-de-curitiba-vai-contratar-428-para-a-saude-em-processo-seletivo\/#breadcrumb\"},\"inLanguage\":\"pt-BR\",\"potentialAction\":[{\"@type\":\"ReadAction\",\"target\":[\"https:\/\/www.estrategiaconcursos.com.br\/blog\/prefeitura-de-curitiba-vai-contratar-428-para-a-saude-em-processo-seletivo\/\"]}]},{\"@type\":\"BreadcrumbList\",\"@id\":\"https:\/\/www.estrategiaconcursos.com.br\/blog\/prefeitura-de-curitiba-vai-contratar-428-para-a-saude-em-processo-seletivo\/#breadcrumb\",\"itemListElement\":[{\"@type\":\"ListItem\",\"position\":1,\"name\":\"In\u00edcio\",\"item\":\"https:\/\/www.estrategiaconcursos.com.br\/blog\/\"},{\"@type\":\"ListItem\",\"position\":2,\"name\":\"Prefeitura de Curitiba vai contratar 428 para a sa\u00fade em processo seletivo\"}]},{\"@type\":\"WebSite\",\"@id\":\"https:\/\/www.estrategiaconcursos.com.br\/blog\/#website\",\"url\":\"https:\/\/www.estrategiaconcursos.com.br\/blog\/\",\"name\":\"Estrat\u00e9gia Concursos\",\"description\":\"O blog da Estrat\u00e9gia Concursos traz not\u00edcias sobre concursos e artigos de professores oferecendo cursos para concursos (pdf + videaulas) no site.\",\"publisher\":{\"@id\":\"https:\/\/www.estrategiaconcursos.com.br\/blog\/#organization\"},\"potentialAction\":[{\"@type\":\"SearchAction\",\"target\":{\"@type\":\"EntryPoint\",\"urlTemplate\":\"https:\/\/www.estrategiaconcursos.com.br\/blog\/?s={search_term_string}\"},\"query-input\":{\"@type\":\"PropertyValueSpecification\",\"valueRequired\":true,\"valueName\":\"search_term_string\"}}],\"inLanguage\":\"pt-BR\"},{\"@type\":\"Organization\",\"@id\":\"https:\/\/www.estrategiaconcursos.com.br\/blog\/#organization\",\"name\":\"Estrat\u00e9gia Concursos\",\"url\":\"https:\/\/www.estrategiaconcursos.com.br\/blog\/\",\"logo\":{\"@type\":\"ImageObject\",\"inLanguage\":\"pt-BR\",\"@id\":\"https:\/\/www.estrategiaconcursos.com.br\/blog\/#\/schema\/logo\/image\/\",\"url\":\"https:\/\/dhg1h5j42swfq.cloudfront.net\/2025\/06\/03203428\/logo_concursos-1.jpg\",\"contentUrl\":\"https:\/\/dhg1h5j42swfq.cloudfront.net\/2025\/06\/03203428\/logo_concursos-1.jpg\",\"width\":230,\"height\":60,\"caption\":\"Estrat\u00e9gia Concursos\"},\"image\":{\"@id\":\"https:\/\/www.estrategiaconcursos.com.br\/blog\/#\/schema\/logo\/image\/\"},\"sameAs\":[\"https:\/\/x.com\/EstratConcursos\"]},{\"@type\":\"Person\",\"@id\":\"https:\/\/www.estrategiaconcursos.com.br\/blog\/#\/schema\/person\/cc76e9dac392d5e35e7d00c493eee792\",\"name\":\"Ligia Carvalheiro Fernandes\",\"image\":{\"@type\":\"ImageObject\",\"inLanguage\":\"pt-BR\",\"@id\":\"https:\/\/secure.gravatar.com\/avatar\/26e4636c44dabc043eaf634f767ecd1d80505b210d3981d4ebd176a3f373e3ec?s=96&d=mm&r=g\",\"url\":\"https:\/\/secure.gravatar.com\/avatar\/26e4636c44dabc043eaf634f767ecd1d80505b210d3981d4ebd176a3f373e3ec?s=96&d=mm&r=g\",\"contentUrl\":\"https:\/\/secure.gravatar.com\/avatar\/26e4636c44dabc043eaf634f767ecd1d80505b210d3981d4ebd176a3f373e3ec?s=96&d=mm&r=g\",\"caption\":\"Ligia Carvalheiro Fernandes\"},\"url\":\"https:\/\/www.estrategiaconcursos.com.br\/blog\/author\/licarfegmail-com\/\"}]}<\/script>\n<!-- \/ Yoast SEO Premium plugin. -->","yoast_head_json":{"title":"Prefeitura de Curitiba vai contratar 428 para a sa\u00fade em processo seletivo","robots":{"index":"index","follow":"follow","max-snippet":"max-snippet:-1","max-image-preview":"max-image-preview:large","max-video-preview":"max-video-preview:-1"},"canonical":"https:\/\/www.estrategiaconcursos.com.br\/blog\/prefeitura-de-curitiba-vai-contratar-428-para-a-saude-em-processo-seletivo\/","og_locale":"pt_BR","og_type":"article","og_title":"Prefeitura de Curitiba vai contratar 428 para a sa\u00fade em processo seletivo","og_description":"Para refor\u00e7ar o combate ao Covid-19 (novo coronav\u00edrus), a Prefeitura de Curitiba, capital do estado do Paran\u00e1, divulgou que est\u00e1 finalizando um novo Processo Seletivo Simplificado, visando a contrata\u00e7\u00e3o de at\u00e9 428 profissionais da sa\u00fade. De acordo com informa\u00e7\u00f5es da prefeitura, o processo contratar\u00e1 228 t\u00e9cnicos de enfermagem, 150 enfermeiros e at\u00e9 50 m\u00e9dicos. A [&hellip;]","og_url":"https:\/\/www.estrategiaconcursos.com.br\/blog\/prefeitura-de-curitiba-vai-contratar-428-para-a-saude-em-processo-seletivo\/","og_site_name":"Estrat\u00e9gia Concursos","article_published_time":"2020-03-20T19:45:24+00:00","article_modified_time":"2020-03-20T19:45:26+00:00","author":"Ligia Carvalheiro Fernandes","twitter_card":"summary_large_image","twitter_creator":"@EstratConcursos","twitter_site":"@EstratConcursos","twitter_misc":{"Escrito por":"Ligia Carvalheiro Fernandes","Est. tempo de leitura":"1 minuto"},"schema":{"@context":"https:\/\/schema.org","@graph":[{"@type":"NewsArticle","@id":"https:\/\/www.estrategiaconcursos.com.br\/blog\/prefeitura-de-curitiba-vai-contratar-428-para-a-saude-em-processo-seletivo\/#article","isPartOf":{"@id":"https:\/\/www.estrategiaconcursos.com.br\/blog\/prefeitura-de-curitiba-vai-contratar-428-para-a-saude-em-processo-seletivo\/"},"author":{"name":"Ligia Carvalheiro Fernandes","@id":"https:\/\/www.estrategiaconcursos.com.br\/blog\/#\/schema\/person\/cc76e9dac392d5e35e7d00c493eee792"},"headline":"Prefeitura de Curitiba vai contratar 428 para a sa\u00fade em processo seletivo","datePublished":"2020-03-20T19:45:24+00:00","dateModified":"2020-03-20T19:45:26+00:00","mainEntityOfPage":{"@id":"https:\/\/www.estrategiaconcursos.com.br\/blog\/prefeitura-de-curitiba-vai-contratar-428-para-a-saude-em-processo-seletivo\/"},"wordCount":174,"commentCount":0,"publisher":{"@id":"https:\/\/www.estrategiaconcursos.com.br\/blog\/#organization"},"articleSection":["Concursos P\u00fablicos"],"inLanguage":"pt-BR","potentialAction":[{"@type":"CommentAction","name":"Comment","target":["https:\/\/www.estrategiaconcursos.com.br\/blog\/prefeitura-de-curitiba-vai-contratar-428-para-a-saude-em-processo-seletivo\/#respond"]}],"copyrightYear":"2020","copyrightHolder":{"@id":"https:\/\/www.estrategiaconcursos.com.br\/blog\/#organization"}},{"@type":"WebPage","@id":"https:\/\/www.estrategiaconcursos.com.br\/blog\/prefeitura-de-curitiba-vai-contratar-428-para-a-saude-em-processo-seletivo\/","url":"https:\/\/www.estrategiaconcursos.com.br\/blog\/prefeitura-de-curitiba-vai-contratar-428-para-a-saude-em-processo-seletivo\/","name":"Prefeitura de Curitiba vai contratar 428 para a sa\u00fade em processo seletivo","isPartOf":{"@id":"https:\/\/www.estrategiaconcursos.com.br\/blog\/#website"},"datePublished":"2020-03-20T19:45:24+00:00","dateModified":"2020-03-20T19:45:26+00:00","breadcrumb":{"@id":"https:\/\/www.estrategiaconcursos.com.br\/blog\/prefeitura-de-curitiba-vai-contratar-428-para-a-saude-em-processo-seletivo\/#breadcrumb"},"inLanguage":"pt-BR","potentialAction":[{"@type":"ReadAction","target":["https:\/\/www.estrategiaconcursos.com.br\/blog\/prefeitura-de-curitiba-vai-contratar-428-para-a-saude-em-processo-seletivo\/"]}]},{"@type":"BreadcrumbList","@id":"https:\/\/www.estrategiaconcursos.com.br\/blog\/prefeitura-de-curitiba-vai-contratar-428-para-a-saude-em-processo-seletivo\/#breadcrumb","itemListElement":[{"@type":"ListItem","position":1,"name":"In\u00edcio","item":"https:\/\/www.estrategiaconcursos.com.br\/blog\/"},{"@type":"ListItem","position":2,"name":"Prefeitura de Curitiba vai contratar 428 para a sa\u00fade em processo seletivo"}]},{"@type":"WebSite","@id":"https:\/\/www.estrategiaconcursos.com.br\/blog\/#website","url":"https:\/\/www.estrategiaconcursos.com.br\/blog\/","name":"Estrat\u00e9gia Concursos","description":"O blog da Estrat\u00e9gia Concursos traz not\u00edcias sobre concursos e artigos de professores oferecendo cursos para concursos (pdf + videaulas) no site.","publisher":{"@id":"https:\/\/www.estrategiaconcursos.com.br\/blog\/#organization"},"potentialAction":[{"@type":"SearchAction","target":{"@type":"EntryPoint","urlTemplate":"https:\/\/www.estrategiaconcursos.com.br\/blog\/?s={search_term_string}"},"query-input":{"@type":"PropertyValueSpecification","valueRequired":true,"valueName":"search_term_string"}}],"inLanguage":"pt-BR"},{"@type":"Organization","@id":"https:\/\/www.estrategiaconcursos.com.br\/blog\/#organization","name":"Estrat\u00e9gia Concursos","url":"https:\/\/www.estrategiaconcursos.com.br\/blog\/","logo":{"@type":"ImageObject","inLanguage":"pt-BR","@id":"https:\/\/www.estrategiaconcursos.com.br\/blog\/#\/schema\/logo\/image\/","url":"https:\/\/dhg1h5j42swfq.cloudfront.net\/2025\/06\/03203428\/logo_concursos-1.jpg","contentUrl":"https:\/\/dhg1h5j42swfq.cloudfront.net\/2025\/06\/03203428\/logo_concursos-1.jpg","width":230,"height":60,"caption":"Estrat\u00e9gia Concursos"},"image":{"@id":"https:\/\/www.estrategiaconcursos.com.br\/blog\/#\/schema\/logo\/image\/"},"sameAs":["https:\/\/x.com\/EstratConcursos"]},{"@type":"Person","@id":"https:\/\/www.estrategiaconcursos.com.br\/blog\/#\/schema\/person\/cc76e9dac392d5e35e7d00c493eee792","name":"Ligia Carvalheiro Fernandes","image":{"@type":"ImageObject","inLanguage":"pt-BR","@id":"https:\/\/secure.gravatar.com\/avatar\/26e4636c44dabc043eaf634f767ecd1d80505b210d3981d4ebd176a3f373e3ec?s=96&d=mm&r=g","url":"https:\/\/secure.gravatar.com\/avatar\/26e4636c44dabc043eaf634f767ecd1d80505b210d3981d4ebd176a3f373e3ec?s=96&d=mm&r=g","contentUrl":"https:\/\/secure.gravatar.com\/avatar\/26e4636c44dabc043eaf634f767ecd1d80505b210d3981d4ebd176a3f373e3ec?s=96&d=mm&r=g","caption":"Ligia Carvalheiro Fernandes"},"url":"https:\/\/www.estrategiaconcursos.com.br\/blog\/author\/licarfegmail-com\/"}]}},"_links":{"self":[{"href":"https:\/\/www.estrategiaconcursos.com.br\/blog\/wp-json\/wp\/v2\/posts\/494741","targetHints":{"allow":["GET"]}}],"collection":[{"href":"https:\/\/www.estrategiaconcursos.com.br\/blog\/wp-json\/wp\/v2\/posts"}],"about":[{"href":"https:\/\/www.estrategiaconcursos.com.br\/blog\/wp-json\/wp\/v2\/types\/post"}],"author":[{"embeddable":true,"href":"https:\/\/www.estrategiaconcursos.com.br\/blog\/wp-json\/wp\/v2\/users\/561"}],"replies":[{"embeddable":true,"href":"https:\/\/www.estrategiaconcursos.com.br\/blog\/wp-json\/wp\/v2\/comments?post=494741"}],"version-history":[{"count":1,"href":"https:\/\/www.estrategiaconcursos.com.br\/blog\/wp-json\/wp\/v2\/posts\/494741\/revisions"}],"predecessor-version":[{"id":494760,"href":"https:\/\/www.estrategiaconcursos.com.br\/blog\/wp-json\/wp\/v2\/posts\/494741\/revisions\/494760"}],"wp:attachment":[{"href":"https:\/\/www.estrategiaconcursos.com.br\/blog\/wp-json\/wp\/v2\/media?parent=494741"}],"wp:term":[{"taxonomy":"category","embeddable":true,"href":"https:\/\/www.estrategiaconcursos.com.br\/blog\/wp-json\/wp\/v2\/categories?post=494741"},{"taxonomy":"post_tag","embeddable":true,"href":"https:\/\/www.estrategiaconcursos.com.br\/blog\/wp-json\/wp\/v2\/tags?post=494741"},{"taxonomy":"tax_estado","embeddable":true,"href":"https:\/\/www.estrategiaconcursos.com.br\/blog\/wp-json\/wp\/v2\/tax_estado?post=494741"}],"curies":[{"name":"wp","href":"https:\/\/api.w.org\/{rel}","templated":true}]}}