{"id":494701,"date":"2020-03-20T16:34:12","date_gmt":"2020-03-20T19:34:12","guid":{"rendered":"https:\/\/www.estrategiaconcursos.com.br\/blog\/?p=494701"},"modified":"2020-03-20T16:40:43","modified_gmt":"2020-03-20T19:40:43","slug":"afo-na-pandemia-parte-i-decretado-calamidade-publica-no-brasil","status":"publish","type":"post","link":"https:\/\/www.estrategiaconcursos.com.br\/blog\/afo-na-pandemia-parte-i-decretado-calamidade-publica-no-brasil\/","title":{"rendered":"AFO na Pandemia &#8211; Parte I: Decretado calamidade p\u00fablica no Brasil"},"content":{"rendered":"\n<p>Ol\u00e1 amigos!<\/p>\n\n\n\n<p>Todas as disciplinas do estudo para concursos (e para a vida!) t\u00eam a sua import\u00e2ncia.<\/p>\n\n\n\n<p>Entretanto, em todos os momentos e, principalmente, na hora do caos, sempre se discutir\u00e1 a Administra\u00e7\u00e3o Financeira e Or\u00e7ament\u00e1ria (AFO) ou simplesmente chamada de Or\u00e7amento P\u00fablico.<\/p>\n\n\n\n<p>N\u00e3o s\u00e3o necess\u00e1rios coment\u00e1rios espec\u00edficos sobre o novo coronav\u00edrus. Professores de outras disciplinas j\u00e1 deram os panoramas de acordo com o enfoque de cada \u00e1rea, como, por exemplo, da \u00e1rea de sa\u00fade.<\/p>\n\n\n\n<p>Vou publicar uma s\u00e9rie de artigos bem diretos tratando do assunto, relacionando AFO com a pandemia.<\/p>\n\n\n\n<p>O Presidente da Rep\u00fablica decretou estado de calamidade p\u00fablica no Brasil, o qual foi reconhecido por meio de vota\u00e7\u00e3o na C\u00e2mara dos Deputados e no Senado Federal. O principalmente objetivo est\u00e1 relacionada \u00e0 Lei de Responsabilidade Fiscal &#8211; LRF. Veja o que prev\u00ea a LRF:<\/p>\n\n\n\n<div class=\"wp-block-group\"><div class=\"wp-block-group__inner-container is-layout-flow wp-block-group-is-layout-flow\">\n<blockquote class=\"wp-block-quote is-layout-flow wp-block-quote-is-layout-flow\"><p><em>Art. 65. Na ocorr\u00eancia de calamidade p\u00fablica reconhecida pelo Congresso Nacional, no caso da Uni\u00e3o, ou pelas Assembleias Legislativas, na hip\u00f3tese dos Estados e Munic\u00edpios, enquanto perdurar a situa\u00e7\u00e3o: <\/em><\/p><p><em>I &#8211; ser\u00e3o suspensas a contagem dos prazos e as disposi\u00e7\u00f5es estabelecidas nos arts. 23 , 31 e 70;<\/em><\/p><p><em>II &#8211; ser\u00e3o dispensados o atingimento dos resultados fiscais e a limita\u00e7\u00e3o de empenho prevista no art. 9\u00ba.<\/em><\/p><p><em>Par\u00e1grafo \u00fanico. Aplica-se o disposto no caput no caso de estado de defesa ou de s\u00edtio, decretado na forma da Constitui\u00e7\u00e3o.<\/em><\/p><\/blockquote>\n<\/div><\/div>\n\n\n\n<p>Assim,  na ocorr\u00eancia de calamidade p\u00fablica reconhecida pelo Congresso Nacional, no caso da Uni\u00e3o, ou pelas Assembleias Legislativas, na hip\u00f3tese dos estados e munic\u00edpios; e em caso de estado de defesa ou de s\u00edtio decretado na forma da constitui\u00e7\u00e3o, enquanto perdurar a situa\u00e7\u00e3o, ser\u00e3o <strong>suspensas<\/strong> a contagem dos prazos e as disposi\u00e7\u00f5es estabelecidas nos arts. 23 (<strong>apura\u00e7\u00e3o das despesas com pessoal<\/strong>), 31 (<strong>apura\u00e7\u00e3o da d\u00edvida consolidada<\/strong>) e 70 (prazo exaurido, n\u00e3o existe mais). Ainda, ser\u00e3o <strong>dispensados o atingimento dos resultados fiscais <\/strong>e a limita\u00e7\u00e3o de empenho <\/p>\n\n\n\n<p>O foco principal do governo foi liberar recursos para que n\u00e3o seja necess\u00e1rio atingir as metas fiscais.  As metas fiscais s\u00e3o valores projetados para o exerc\u00edcio financeiro e que, depois de aprovados pelo Poder Legislativo, servem de par\u00e2metro para a elabora\u00e7\u00e3o e a execu\u00e7\u00e3o do or\u00e7amento. A mais comentada \u00e9 a de resultado prim\u00e1rio.  O resultado prim\u00e1rio considera apenas as receitas e despesas prim\u00e1rias, tamb\u00e9m chamadas de n\u00e3o financeiras. Tal resultado corresponde \u00e0 diferen\u00e7a entre as receitas arrecadadas e as despesas empenhadas, n\u00e3o considerando o pagamento do principal e dos juros da d\u00edvida, tampouco\u00a0as receitas financeiras.  Em outras palavras, o estado de calamidade p\u00fablica autorizou o governo a gastar ainda mais do que se arrecada e recorrer ao maior endividamento, considerando a dram\u00e1tica situa\u00e7\u00e3o vivida pelo pa\u00eds.<\/p>\n\n\n\n<p>Exemplos de como o art. 65 da LRF j\u00e1 foi cobrado em prova:<\/p>\n\n\n\n<p><strong>(FGV \u2013 Auditor Municipal de Controle Interno \u2013 CGM\/Niter\u00f3i &#8211; 2018) Ap\u00f3s ultrapassar os limites de despesa com pessoal na Receita Corrente L\u00edquida, definidos na Lei de Responsabilidade Fiscal, o Brasil entrou em guerra com um pa\u00eds vizinho. Considerando essa situa\u00e7\u00e3o hipot\u00e9tica, espera-se que os prazos para a retomada dos limites<br \/> a) sejam suspensos.<br \/> b) sejam duplicados.<br \/> c) sejam triplicados.<br \/> d) mantenham-se inalterados.<br \/> e) tenham aplica\u00e7\u00e3o imediata.<\/strong><\/p>\n\n\n\n<p>Na ocorr\u00eancia de calamidade p\u00fablica reconhecida pelo Congresso Nacional, no caso da Uni\u00e3o, ou pelas Assembleias Legislativas, na hip\u00f3tese dos estados e munic\u00edpios; e em caso de<strong> estado de defesa <\/strong>ou de s\u00edtio decretado na forma da constitui\u00e7\u00e3o, enquanto perdurar a situa\u00e7\u00e3o, ser\u00e3o <strong>suspensas <\/strong>a contagem dos prazos e as disposi\u00e7\u00f5es estabelecidas nos limites da despesa com pessoal (art. 65 da LRF).<br \/> Resposta: Letra A  <\/p>\n\n\n\n<p><strong>(FGV \u2013 Procurador &#8211; ALERJ &#8211; 2017) Em um certo Munic\u00edpio, foi institu\u00eddo o estado de calamidade p\u00fablica. De acordo com a Lei de Responsabilidade Fiscal (LRF &#8211; Lei Complementar n\u00ba 101\/2000), para que o Munic\u00edpio possa fruir os benef\u00edcios de suspens\u00e3o tempor\u00e1ria da contagem dos prazos de controle para adequa\u00e7\u00e3o e recondu\u00e7\u00e3o das despesas de pessoal e dos limites do endividamento, bem como do atingimento das metas de resultados fiscais e da utiliza\u00e7\u00e3o do mecanismo da limita\u00e7\u00e3o de empenho, \u00e9 necess\u00e1rio que:<br \/> a) o Poder Executivo municipal, por meio de Decreto, institua o estado de calamidade p\u00fablica enquanto perdurar a situa\u00e7\u00e3o que lhe deu ensejo;<br \/> b) o Poder Executivo estadual, por meio de Decreto, institua o estado de calamidade p\u00fablica enquanto perdurar a situa\u00e7\u00e3o que lhe deu ensejo;<br \/> c) o Poder Executivo estadual, por meio de Medida Provis\u00f3ria, diante dos requisitos de relev\u00e2ncia e urg\u00eancia, institua o estado de calamidade p\u00fablica, enquanto perdurar a situa\u00e7\u00e3o que lhe deu ensejo;<br \/> d) o Poder Legislativo municipal reconhe\u00e7a a ocorr\u00eancia de calamidade p\u00fablica, enquanto perdurar a situa\u00e7\u00e3o que lhe deu ensejo;<br \/> e) o Poder Legislativo estadual reconhe\u00e7a a ocorr\u00eancia de calamidade p\u00fablica, enquanto perdurar a situa\u00e7\u00e3o que lhe deu ensejo.<\/strong><\/p>\n\n\n\n<p><strong>Na ocorr\u00eancia de calamidade p\u00fablica reconhecida<\/strong> pelo Congresso Nacional, no caso da Uni\u00e3o, ou p<strong>elas Assembleias Legislativas, na hip\u00f3tese dos estados e munic\u00edpios<\/strong>; e em caso de estado de defesa ou de s\u00edtio decretado na forma da constitui\u00e7\u00e3o, enquanto perdurar a situa\u00e7\u00e3o, ser\u00e3o suspensas a contagem dos prazos e as disposi\u00e7\u00f5es estabelecidas nos arts. 23 (apura\u00e7\u00e3o das despesas com pessoal), 31 (apura\u00e7\u00e3o da d\u00edvida consolidada) e 70 (prazo exaurido). Ainda, ser\u00e3o dispensados o atingimento dos resultados fiscais e a limita\u00e7\u00e3o de empenho (Art. 65 da LRF).<br \/> Resposta: Letra E  <\/p>\n\n\n\n<p><strong>(FCC \u2013 Analista de Controle \u2013 TCE\/PR &#8211; 2011) Em \u00e2mbito estadual, na ocorr\u00eancia de calamidade p\u00fablica reconhecida pela Assembleia Legislativa, enquanto perdurar a situa\u00e7\u00e3o, ser\u00e1 adotada, dentre v\u00e1rias, a seguinte medida:<br \/> a) limita\u00e7\u00e3o de empenhos, como forma de realocar recursos para custear despesas extraordin\u00e1rias.<br \/> b) recondu\u00e7\u00e3o aos limites da despesa total com pessoal, reduzindo-se o prazo para atingimento da meta a um quadrimestre, obrigatoriamente.<br \/> c) recondu\u00e7\u00e3o aos limites da d\u00edvida consolidada no prazo reduzido de um quadrimestre, obrigatoriamente.<br \/> d) institui\u00e7\u00e3o de empr\u00e9stimo p\u00fablico compuls\u00f3rio para fazer frente \u00e0 despesa extraordin\u00e1ria.<br \/> e) dispensa do atingimento dos resultados fiscais.<\/strong><\/p>\n\n\n\n<p>Na LRF:<br \/><em> Art. 65. Na ocorr\u00eancia de calamidade p\u00fablica reconhecida pelo Congresso Nacional, no caso da Uni\u00e3o, ou pelas Assembleias Legislativas, na hip\u00f3tese dos Estados e Munic\u00edpios, enquanto perdurar a situa\u00e7\u00e3o:  <br \/> I &#8211; ser\u00e3o suspensas a contagem dos prazos e as disposi\u00e7\u00f5es estabelecidas nos arts. 23 (pessoal), 31 (endividamento) e 70 (prazo exaurido);<br \/> <strong>II &#8211; ser\u00e3o dispensados o atingimento dos resultados fiscais e a limita\u00e7\u00e3o de empenho prevista no art. 9\u00ba.<\/strong><br \/> Par\u00e1grafo \u00fanico. Aplica-se o disposto no caput no caso de estado de defesa ou de s\u00edtio, decretado na forma da Constitui\u00e7\u00e3o.<\/em><\/p>\n\n\n\n<p>Resposta: Letra E<\/p>\n\n\n\n<p>No pr\u00f3ximo artigo, na parte II, trataremos da ren\u00fancia de receitas.<\/p>\n\n\n\n<p>Quer aprender AFO de verdade e &#8220;arrebentar em provas como essa&#8221;? Invista nos cursos espec\u00edficos para o seu concurso clicando em: <a href=\"https:\/\/www.estrategiaconcursos.com.br\/cursosPorProfessor\/sergio-mendes-3000\/\">quero aprender AFO e LRF de verdade.<\/a><\/p>\n\n\n\n<p>Se n\u00e3o h\u00e1 um curso espec\u00edfico para o concurso que voc\u00ea quer, sugiro para voc\u00ea o curso regular clicando em: <a href=\"https:\/\/www.estrategiaconcursos.com.br\/curso\/administracao-financeira-e-orcamentaria-p-concursos-curso-regular-com-videoaulas\/\">quero aprender AFO para concursos.<\/a><\/p>\n\n\n\n<p>Forte abra\u00e7o!<\/p>\n\n\n\n<p>S\u00e9rgio Mendes<\/p>\n\n\n\n<p><a href=\"http:\/\/www.instagram.com\/sergiomendesafo\">www.instagram.com\/sergiomendesafo<\/a><\/p>\n\n\n\n<p><a href=\"http:\/\/www.facebook.com\/sergiomendesafo\">www.facebook.com\/sergiomendesafo<\/a><\/p>\n\n\n\n<p><a href=\"http:\/\/www.youtube.com\/sergiomendesafo\">www.youtube.com\/sergiomendesafo<\/a><\/p>\n\n\n\n<pre class=\"wp-block-code\"><code><\/code><\/pre>\n","protected":false},"excerpt":{"rendered":"<p>Ol\u00e1 amigos! Todas as disciplinas do estudo para concursos (e para a vida!) t\u00eam a sua import\u00e2ncia. Entretanto, em todos os momentos e, principalmente, na hora do caos, sempre se discutir\u00e1 a Administra\u00e7\u00e3o Financeira e Or\u00e7ament\u00e1ria (AFO) ou simplesmente chamada de Or\u00e7amento P\u00fablico. N\u00e3o s\u00e3o necess\u00e1rios coment\u00e1rios espec\u00edficos sobre o novo coronav\u00edrus. Professores de outras [&hellip;]<\/p>\n","protected":false},"author":29,"featured_media":0,"comment_status":"open","ping_status":"closed","sticky":false,"template":"","format":"standard","meta":{"post_tipo":"article","footnotes":""},"categories":[1],"tags":[],"tax_estado":[],"class_list":["post-494701","post","type-post","status-publish","format-standard","hentry","category-cursos-e-concursos"],"acf":[],"yoast_head":"<!-- This site is optimized with the Yoast SEO Premium plugin v27.2 (Yoast SEO v27.2) - https:\/\/yoast.com\/product\/yoast-seo-premium-wordpress\/ -->\n<title>AFO na Pandemia - Parte I: Decretado calamidade p\u00fablica no Brasil<\/title>\n<meta name=\"robots\" content=\"index, follow, max-snippet:-1, max-image-preview:large, max-video-preview:-1\" \/>\n<link rel=\"canonical\" href=\"https:\/\/www.estrategiaconcursos.com.br\/blog\/afo-na-pandemia-parte-i-decretado-calamidade-publica-no-brasil\/\" \/>\n<meta property=\"og:locale\" content=\"pt_BR\" \/>\n<meta property=\"og:type\" content=\"article\" \/>\n<meta property=\"og:title\" content=\"AFO na Pandemia - Parte I: Decretado calamidade p\u00fablica no Brasil\" \/>\n<meta property=\"og:description\" content=\"Ol\u00e1 amigos! Todas as disciplinas do estudo para concursos (e para a vida!) t\u00eam a sua import\u00e2ncia. Entretanto, em todos os momentos e, principalmente, na hora do caos, sempre se discutir\u00e1 a Administra\u00e7\u00e3o Financeira e Or\u00e7ament\u00e1ria (AFO) ou simplesmente chamada de Or\u00e7amento P\u00fablico. N\u00e3o s\u00e3o necess\u00e1rios coment\u00e1rios espec\u00edficos sobre o novo coronav\u00edrus. Professores de outras [&hellip;]\" \/>\n<meta property=\"og:url\" content=\"https:\/\/www.estrategiaconcursos.com.br\/blog\/afo-na-pandemia-parte-i-decretado-calamidade-publica-no-brasil\/\" \/>\n<meta property=\"og:site_name\" content=\"Estrat\u00e9gia Concursos\" \/>\n<meta property=\"article:author\" content=\"https:\/\/www.facebook.com\/profsergiomendes\" \/>\n<meta property=\"article:published_time\" content=\"2020-03-20T19:34:12+00:00\" \/>\n<meta property=\"article:modified_time\" content=\"2020-03-20T19:40:43+00:00\" \/>\n<meta name=\"author\" content=\"S\u00e9rgio Mendes\" \/>\n<meta name=\"twitter:card\" content=\"summary_large_image\" \/>\n<meta name=\"twitter:creator\" content=\"@EstratConcursos\" \/>\n<meta name=\"twitter:site\" content=\"@EstratConcursos\" \/>\n<meta name=\"twitter:label1\" content=\"Escrito por\" \/>\n\t<meta name=\"twitter:data1\" content=\"S\u00e9rgio Mendes\" \/>\n\t<meta name=\"twitter:label2\" content=\"Est. tempo de leitura\" \/>\n\t<meta name=\"twitter:data2\" content=\"6 minutos\" \/>\n<script type=\"application\/ld+json\" class=\"yoast-schema-graph\">{\"@context\":\"https:\/\/schema.org\",\"@graph\":[{\"@type\":\"NewsArticle\",\"@id\":\"https:\/\/www.estrategiaconcursos.com.br\/blog\/afo-na-pandemia-parte-i-decretado-calamidade-publica-no-brasil\/#article\",\"isPartOf\":{\"@id\":\"https:\/\/www.estrategiaconcursos.com.br\/blog\/afo-na-pandemia-parte-i-decretado-calamidade-publica-no-brasil\/\"},\"author\":{\"name\":\"S\u00e9rgio Mendes\",\"@id\":\"https:\/\/www.estrategiaconcursos.com.br\/blog\/#\/schema\/person\/4ddc4a162b4fdffa2ea9956dbf62f583\"},\"headline\":\"AFO na Pandemia &#8211; Parte I: Decretado calamidade p\u00fablica no Brasil\",\"datePublished\":\"2020-03-20T19:34:12+00:00\",\"dateModified\":\"2020-03-20T19:40:43+00:00\",\"mainEntityOfPage\":{\"@id\":\"https:\/\/www.estrategiaconcursos.com.br\/blog\/afo-na-pandemia-parte-i-decretado-calamidade-publica-no-brasil\/\"},\"wordCount\":1285,\"commentCount\":7,\"publisher\":{\"@id\":\"https:\/\/www.estrategiaconcursos.com.br\/blog\/#organization\"},\"articleSection\":[\"Concursos P\u00fablicos\"],\"inLanguage\":\"pt-BR\",\"potentialAction\":[{\"@type\":\"CommentAction\",\"name\":\"Comment\",\"target\":[\"https:\/\/www.estrategiaconcursos.com.br\/blog\/afo-na-pandemia-parte-i-decretado-calamidade-publica-no-brasil\/#respond\"]}],\"copyrightYear\":\"2020\",\"copyrightHolder\":{\"@id\":\"https:\/\/www.estrategiaconcursos.com.br\/blog\/#organization\"}},{\"@type\":\"WebPage\",\"@id\":\"https:\/\/www.estrategiaconcursos.com.br\/blog\/afo-na-pandemia-parte-i-decretado-calamidade-publica-no-brasil\/\",\"url\":\"https:\/\/www.estrategiaconcursos.com.br\/blog\/afo-na-pandemia-parte-i-decretado-calamidade-publica-no-brasil\/\",\"name\":\"AFO na Pandemia - Parte I: Decretado calamidade p\u00fablica no Brasil\",\"isPartOf\":{\"@id\":\"https:\/\/www.estrategiaconcursos.com.br\/blog\/#website\"},\"datePublished\":\"2020-03-20T19:34:12+00:00\",\"dateModified\":\"2020-03-20T19:40:43+00:00\",\"breadcrumb\":{\"@id\":\"https:\/\/www.estrategiaconcursos.com.br\/blog\/afo-na-pandemia-parte-i-decretado-calamidade-publica-no-brasil\/#breadcrumb\"},\"inLanguage\":\"pt-BR\",\"potentialAction\":[{\"@type\":\"ReadAction\",\"target\":[\"https:\/\/www.estrategiaconcursos.com.br\/blog\/afo-na-pandemia-parte-i-decretado-calamidade-publica-no-brasil\/\"]}]},{\"@type\":\"BreadcrumbList\",\"@id\":\"https:\/\/www.estrategiaconcursos.com.br\/blog\/afo-na-pandemia-parte-i-decretado-calamidade-publica-no-brasil\/#breadcrumb\",\"itemListElement\":[{\"@type\":\"ListItem\",\"position\":1,\"name\":\"In\u00edcio\",\"item\":\"https:\/\/www.estrategiaconcursos.com.br\/blog\/\"},{\"@type\":\"ListItem\",\"position\":2,\"name\":\"AFO na Pandemia &#8211; Parte I: Decretado calamidade p\u00fablica no Brasil\"}]},{\"@type\":\"WebSite\",\"@id\":\"https:\/\/www.estrategiaconcursos.com.br\/blog\/#website\",\"url\":\"https:\/\/www.estrategiaconcursos.com.br\/blog\/\",\"name\":\"Estrat\u00e9gia Concursos\",\"description\":\"O blog da Estrat\u00e9gia Concursos traz not\u00edcias sobre concursos e artigos de professores oferecendo cursos para concursos (pdf + videaulas) no site.\",\"publisher\":{\"@id\":\"https:\/\/www.estrategiaconcursos.com.br\/blog\/#organization\"},\"potentialAction\":[{\"@type\":\"SearchAction\",\"target\":{\"@type\":\"EntryPoint\",\"urlTemplate\":\"https:\/\/www.estrategiaconcursos.com.br\/blog\/?s={search_term_string}\"},\"query-input\":{\"@type\":\"PropertyValueSpecification\",\"valueRequired\":true,\"valueName\":\"search_term_string\"}}],\"inLanguage\":\"pt-BR\"},{\"@type\":\"Organization\",\"@id\":\"https:\/\/www.estrategiaconcursos.com.br\/blog\/#organization\",\"name\":\"Estrat\u00e9gia Concursos\",\"url\":\"https:\/\/www.estrategiaconcursos.com.br\/blog\/\",\"logo\":{\"@type\":\"ImageObject\",\"inLanguage\":\"pt-BR\",\"@id\":\"https:\/\/www.estrategiaconcursos.com.br\/blog\/#\/schema\/logo\/image\/\",\"url\":\"https:\/\/dhg1h5j42swfq.cloudfront.net\/2025\/06\/03203428\/logo_concursos-1.jpg\",\"contentUrl\":\"https:\/\/dhg1h5j42swfq.cloudfront.net\/2025\/06\/03203428\/logo_concursos-1.jpg\",\"width\":230,\"height\":60,\"caption\":\"Estrat\u00e9gia Concursos\"},\"image\":{\"@id\":\"https:\/\/www.estrategiaconcursos.com.br\/blog\/#\/schema\/logo\/image\/\"},\"sameAs\":[\"https:\/\/x.com\/EstratConcursos\"]},{\"@type\":\"Person\",\"@id\":\"https:\/\/www.estrategiaconcursos.com.br\/blog\/#\/schema\/person\/4ddc4a162b4fdffa2ea9956dbf62f583\",\"name\":\"S\u00e9rgio Mendes\",\"image\":{\"@type\":\"ImageObject\",\"inLanguage\":\"pt-BR\",\"@id\":\"https:\/\/secure.gravatar.com\/avatar\/4eb4b562c33f40d6f7f76579da7e07350c69579df7db305d32a69ed32ecfd5ce?s=96&d=mm&r=g\",\"url\":\"https:\/\/secure.gravatar.com\/avatar\/4eb4b562c33f40d6f7f76579da7e07350c69579df7db305d32a69ed32ecfd5ce?s=96&d=mm&r=g\",\"contentUrl\":\"https:\/\/secure.gravatar.com\/avatar\/4eb4b562c33f40d6f7f76579da7e07350c69579df7db305d32a69ed32ecfd5ce?s=96&d=mm&r=g\",\"caption\":\"S\u00e9rgio Mendes\"},\"sameAs\":[\"https:\/\/www.facebook.com\/profsergiomendes\"],\"url\":\"https:\/\/www.estrategiaconcursos.com.br\/blog\/author\/sergiomendesestrategiaconcursos-com-br\/\"}]}<\/script>\n<!-- \/ Yoast SEO Premium plugin. -->","yoast_head_json":{"title":"AFO na Pandemia - Parte I: Decretado calamidade p\u00fablica no Brasil","robots":{"index":"index","follow":"follow","max-snippet":"max-snippet:-1","max-image-preview":"max-image-preview:large","max-video-preview":"max-video-preview:-1"},"canonical":"https:\/\/www.estrategiaconcursos.com.br\/blog\/afo-na-pandemia-parte-i-decretado-calamidade-publica-no-brasil\/","og_locale":"pt_BR","og_type":"article","og_title":"AFO na Pandemia - Parte I: Decretado calamidade p\u00fablica no Brasil","og_description":"Ol\u00e1 amigos! Todas as disciplinas do estudo para concursos (e para a vida!) t\u00eam a sua import\u00e2ncia. Entretanto, em todos os momentos e, principalmente, na hora do caos, sempre se discutir\u00e1 a Administra\u00e7\u00e3o Financeira e Or\u00e7ament\u00e1ria (AFO) ou simplesmente chamada de Or\u00e7amento P\u00fablico. N\u00e3o s\u00e3o necess\u00e1rios coment\u00e1rios espec\u00edficos sobre o novo coronav\u00edrus. Professores de outras [&hellip;]","og_url":"https:\/\/www.estrategiaconcursos.com.br\/blog\/afo-na-pandemia-parte-i-decretado-calamidade-publica-no-brasil\/","og_site_name":"Estrat\u00e9gia Concursos","article_author":"https:\/\/www.facebook.com\/profsergiomendes","article_published_time":"2020-03-20T19:34:12+00:00","article_modified_time":"2020-03-20T19:40:43+00:00","author":"S\u00e9rgio Mendes","twitter_card":"summary_large_image","twitter_creator":"@EstratConcursos","twitter_site":"@EstratConcursos","twitter_misc":{"Escrito por":"S\u00e9rgio Mendes","Est. tempo de leitura":"6 minutos"},"schema":{"@context":"https:\/\/schema.org","@graph":[{"@type":"NewsArticle","@id":"https:\/\/www.estrategiaconcursos.com.br\/blog\/afo-na-pandemia-parte-i-decretado-calamidade-publica-no-brasil\/#article","isPartOf":{"@id":"https:\/\/www.estrategiaconcursos.com.br\/blog\/afo-na-pandemia-parte-i-decretado-calamidade-publica-no-brasil\/"},"author":{"name":"S\u00e9rgio Mendes","@id":"https:\/\/www.estrategiaconcursos.com.br\/blog\/#\/schema\/person\/4ddc4a162b4fdffa2ea9956dbf62f583"},"headline":"AFO na Pandemia &#8211; Parte I: Decretado calamidade p\u00fablica no Brasil","datePublished":"2020-03-20T19:34:12+00:00","dateModified":"2020-03-20T19:40:43+00:00","mainEntityOfPage":{"@id":"https:\/\/www.estrategiaconcursos.com.br\/blog\/afo-na-pandemia-parte-i-decretado-calamidade-publica-no-brasil\/"},"wordCount":1285,"commentCount":7,"publisher":{"@id":"https:\/\/www.estrategiaconcursos.com.br\/blog\/#organization"},"articleSection":["Concursos P\u00fablicos"],"inLanguage":"pt-BR","potentialAction":[{"@type":"CommentAction","name":"Comment","target":["https:\/\/www.estrategiaconcursos.com.br\/blog\/afo-na-pandemia-parte-i-decretado-calamidade-publica-no-brasil\/#respond"]}],"copyrightYear":"2020","copyrightHolder":{"@id":"https:\/\/www.estrategiaconcursos.com.br\/blog\/#organization"}},{"@type":"WebPage","@id":"https:\/\/www.estrategiaconcursos.com.br\/blog\/afo-na-pandemia-parte-i-decretado-calamidade-publica-no-brasil\/","url":"https:\/\/www.estrategiaconcursos.com.br\/blog\/afo-na-pandemia-parte-i-decretado-calamidade-publica-no-brasil\/","name":"AFO na Pandemia - Parte I: Decretado calamidade p\u00fablica no Brasil","isPartOf":{"@id":"https:\/\/www.estrategiaconcursos.com.br\/blog\/#website"},"datePublished":"2020-03-20T19:34:12+00:00","dateModified":"2020-03-20T19:40:43+00:00","breadcrumb":{"@id":"https:\/\/www.estrategiaconcursos.com.br\/blog\/afo-na-pandemia-parte-i-decretado-calamidade-publica-no-brasil\/#breadcrumb"},"inLanguage":"pt-BR","potentialAction":[{"@type":"ReadAction","target":["https:\/\/www.estrategiaconcursos.com.br\/blog\/afo-na-pandemia-parte-i-decretado-calamidade-publica-no-brasil\/"]}]},{"@type":"BreadcrumbList","@id":"https:\/\/www.estrategiaconcursos.com.br\/blog\/afo-na-pandemia-parte-i-decretado-calamidade-publica-no-brasil\/#breadcrumb","itemListElement":[{"@type":"ListItem","position":1,"name":"In\u00edcio","item":"https:\/\/www.estrategiaconcursos.com.br\/blog\/"},{"@type":"ListItem","position":2,"name":"AFO na Pandemia &#8211; Parte I: Decretado calamidade p\u00fablica no Brasil"}]},{"@type":"WebSite","@id":"https:\/\/www.estrategiaconcursos.com.br\/blog\/#website","url":"https:\/\/www.estrategiaconcursos.com.br\/blog\/","name":"Estrat\u00e9gia Concursos","description":"O blog da Estrat\u00e9gia Concursos traz not\u00edcias sobre concursos e artigos de professores oferecendo cursos para concursos (pdf + videaulas) no site.","publisher":{"@id":"https:\/\/www.estrategiaconcursos.com.br\/blog\/#organization"},"potentialAction":[{"@type":"SearchAction","target":{"@type":"EntryPoint","urlTemplate":"https:\/\/www.estrategiaconcursos.com.br\/blog\/?s={search_term_string}"},"query-input":{"@type":"PropertyValueSpecification","valueRequired":true,"valueName":"search_term_string"}}],"inLanguage":"pt-BR"},{"@type":"Organization","@id":"https:\/\/www.estrategiaconcursos.com.br\/blog\/#organization","name":"Estrat\u00e9gia Concursos","url":"https:\/\/www.estrategiaconcursos.com.br\/blog\/","logo":{"@type":"ImageObject","inLanguage":"pt-BR","@id":"https:\/\/www.estrategiaconcursos.com.br\/blog\/#\/schema\/logo\/image\/","url":"https:\/\/dhg1h5j42swfq.cloudfront.net\/2025\/06\/03203428\/logo_concursos-1.jpg","contentUrl":"https:\/\/dhg1h5j42swfq.cloudfront.net\/2025\/06\/03203428\/logo_concursos-1.jpg","width":230,"height":60,"caption":"Estrat\u00e9gia Concursos"},"image":{"@id":"https:\/\/www.estrategiaconcursos.com.br\/blog\/#\/schema\/logo\/image\/"},"sameAs":["https:\/\/x.com\/EstratConcursos"]},{"@type":"Person","@id":"https:\/\/www.estrategiaconcursos.com.br\/blog\/#\/schema\/person\/4ddc4a162b4fdffa2ea9956dbf62f583","name":"S\u00e9rgio Mendes","image":{"@type":"ImageObject","inLanguage":"pt-BR","@id":"https:\/\/secure.gravatar.com\/avatar\/4eb4b562c33f40d6f7f76579da7e07350c69579df7db305d32a69ed32ecfd5ce?s=96&d=mm&r=g","url":"https:\/\/secure.gravatar.com\/avatar\/4eb4b562c33f40d6f7f76579da7e07350c69579df7db305d32a69ed32ecfd5ce?s=96&d=mm&r=g","contentUrl":"https:\/\/secure.gravatar.com\/avatar\/4eb4b562c33f40d6f7f76579da7e07350c69579df7db305d32a69ed32ecfd5ce?s=96&d=mm&r=g","caption":"S\u00e9rgio Mendes"},"sameAs":["https:\/\/www.facebook.com\/profsergiomendes"],"url":"https:\/\/www.estrategiaconcursos.com.br\/blog\/author\/sergiomendesestrategiaconcursos-com-br\/"}]}},"_links":{"self":[{"href":"https:\/\/www.estrategiaconcursos.com.br\/blog\/wp-json\/wp\/v2\/posts\/494701","targetHints":{"allow":["GET"]}}],"collection":[{"href":"https:\/\/www.estrategiaconcursos.com.br\/blog\/wp-json\/wp\/v2\/posts"}],"about":[{"href":"https:\/\/www.estrategiaconcursos.com.br\/blog\/wp-json\/wp\/v2\/types\/post"}],"author":[{"embeddable":true,"href":"https:\/\/www.estrategiaconcursos.com.br\/blog\/wp-json\/wp\/v2\/users\/29"}],"replies":[{"embeddable":true,"href":"https:\/\/www.estrategiaconcursos.com.br\/blog\/wp-json\/wp\/v2\/comments?post=494701"}],"version-history":[{"count":4,"href":"https:\/\/www.estrategiaconcursos.com.br\/blog\/wp-json\/wp\/v2\/posts\/494701\/revisions"}],"predecessor-version":[{"id":494754,"href":"https:\/\/www.estrategiaconcursos.com.br\/blog\/wp-json\/wp\/v2\/posts\/494701\/revisions\/494754"}],"wp:attachment":[{"href":"https:\/\/www.estrategiaconcursos.com.br\/blog\/wp-json\/wp\/v2\/media?parent=494701"}],"wp:term":[{"taxonomy":"category","embeddable":true,"href":"https:\/\/www.estrategiaconcursos.com.br\/blog\/wp-json\/wp\/v2\/categories?post=494701"},{"taxonomy":"post_tag","embeddable":true,"href":"https:\/\/www.estrategiaconcursos.com.br\/blog\/wp-json\/wp\/v2\/tags?post=494701"},{"taxonomy":"tax_estado","embeddable":true,"href":"https:\/\/www.estrategiaconcursos.com.br\/blog\/wp-json\/wp\/v2\/tax_estado?post=494701"}],"curies":[{"name":"wp","href":"https:\/\/api.w.org\/{rel}","templated":true}]}}