{"id":494375,"date":"2020-03-20T08:47:22","date_gmt":"2020-03-20T11:47:22","guid":{"rendered":"https:\/\/www.estrategiaconcursos.com.br\/blog\/?p=494375"},"modified":"2020-03-20T08:49:52","modified_gmt":"2020-03-20T11:49:52","slug":"curso-de-formacao-do-concurso-sap-e-suspenso-por-30-dias","status":"publish","type":"post","link":"https:\/\/www.estrategiaconcursos.com.br\/blog\/curso-de-formacao-do-concurso-sap-e-suspenso-por-30-dias\/","title":{"rendered":"Curso de Forma\u00e7\u00e3o do Concurso SAP \u00e9 suspenso por 30 dias"},"content":{"rendered":"\n<p>Foi publicada no Di\u00e1rio Oficial desta sexta-feira, 20 de mar\u00e7o, a suspens\u00e3o do in\u00edcio do Curso de Forma\u00e7\u00e3o do concurso Secretaria da Administra\u00e7\u00e3o Penitenci\u00e1ria (concurso SAP) referente ao edital de 2019.<\/p>\n\n\n\n<p>A suspens\u00e3o do CFP para o cargo de Agente Penitenci\u00e1rio foi determinada por 30 dias. A medida se d\u00e1 por conta da pandemia do novo Coronav\u00edrus (COVID-19) e em atendimento \u00e0s orienta\u00e7\u00f5es do Minist\u00e9rio da Sa\u00fade.<\/p>\n\n\n\n<p>As demais determina\u00e7\u00f5es do edital permanecem inalteradas. Confira abaixo o documento que confirma a suspensa do curso de forma\u00e7\u00e3o:<\/p>\n\n\n\n<div class=\"wp-block-image\"><figure class=\"aligncenter\"><img decoding=\"async\" src=\"https:\/\/trello-attachments.s3.amazonaws.com\/5b58e1496cd37eb9a1dc29a2\/5e74a12734052a6172bfd1b0\/ddd421f40f01f976286217a0efc8e999\/Captura_de_Tela_2020-03-20_%C3%A0s_07.55.03.png\" alt=\"\"\/><\/figure><\/div>\n\n\n\n<p class=\"has-background has-text-align-center has-very-light-gray-background-color\"><strong><em>Saiba mais: <a href=\"https:\/\/www.estrategiaconcursos.com.br\/blog\/concurso-sap-sp\/\" target=\"_blank\" rel=\"noreferrer noopener\" aria-label=\"concurso SAP (abre numa nova aba)\">concurso SAP<\/a><\/em><\/strong><\/p>\n\n\n\n<p class=\"has-text-align-center\"><em><strong>Assinatura Anual Ilimitada*<\/strong><\/em><\/p>\n\n\n\n<p class=\"has-text-align-center\"><em>Prepare-se com o melhor material e com quem mais aprova em Concursos P\u00fablicos em todo o pa\u00eds. Assine agora a nossa Assinatura Anual e tenha acesso ilimitado* a todos os nossos cursos.<\/em><\/p>\n\n\n\n<p class=\"has-background has-text-align-center has-light-green-cyan-background-color\"><strong>ASSINE AGORA<\/strong>&nbsp;\u2013&nbsp;<a rel=\"noreferrer noopener\" href=\"https:\/\/www.estrategiaconcursos.com.br\/assinaturas\" target=\"_blank\"><strong>Assinatura Ilimitada<\/strong><\/a><\/p>\n\n\n\n<p class=\"has-text-align-center\"><em><strong>Fique por dentro de todos os concursos<\/strong><\/em>:<\/p>\n\n\n\n<p class=\"has-background has-text-align-center has-pale-cyan-blue-background-color\"><strong><a rel=\"noreferrer noopener\" href=\"https:\/\/www.estrategiaconcursos.com.br\/blog\/concursos-abertos\/\" target=\"_blank\">Concursos abertos<\/a><\/strong><\/p>\n\n\n\n<p class=\"has-background has-text-align-center has-pale-cyan-blue-background-color\"><a rel=\"noreferrer noopener\" href=\"https:\/\/www.estrategiaconcursos.com.br\/blog\/concursos-2020\/\" target=\"_blank\"><strong>Concursos 2020<\/strong><\/a><\/p>\n","protected":false},"excerpt":{"rendered":"<p>Foi publicada no Di\u00e1rio Oficial desta sexta-feira, 20 de mar\u00e7o, a suspens\u00e3o do in\u00edcio do Curso de Forma\u00e7\u00e3o do concurso Secretaria da Administra\u00e7\u00e3o Penitenci\u00e1ria (concurso SAP) referente ao edital de 2019. A suspens\u00e3o do CFP para o cargo de Agente Penitenci\u00e1rio foi determinada por 30 dias. A medida se d\u00e1 por conta da pandemia do [&hellip;]<\/p>\n","protected":false},"author":552,"featured_media":0,"comment_status":"open","ping_status":"closed","sticky":false,"template":"","format":"standard","meta":{"post_tipo":"article","footnotes":""},"categories":[1],"tags":[],"tax_estado":[],"class_list":["post-494375","post","type-post","status-publish","format-standard","hentry","category-cursos-e-concursos"],"acf":[],"yoast_head":"<!-- This site is optimized with the Yoast SEO Premium plugin v27.2 (Yoast SEO v27.2) - https:\/\/yoast.com\/product\/yoast-seo-premium-wordpress\/ -->\n<title>Curso de Forma\u00e7\u00e3o do Concurso SAP \u00e9 suspenso por 30 dias<\/title>\n<meta name=\"robots\" content=\"index, follow, max-snippet:-1, max-image-preview:large, max-video-preview:-1\" \/>\n<link rel=\"canonical\" href=\"https:\/\/www.estrategiaconcursos.com.br\/blog\/curso-de-formacao-do-concurso-sap-e-suspenso-por-30-dias\/\" \/>\n<meta property=\"og:locale\" content=\"pt_BR\" \/>\n<meta property=\"og:type\" content=\"article\" \/>\n<meta property=\"og:title\" content=\"Curso de Forma\u00e7\u00e3o do Concurso SAP \u00e9 suspenso por 30 dias\" \/>\n<meta property=\"og:description\" content=\"Foi publicada no Di\u00e1rio Oficial desta sexta-feira, 20 de mar\u00e7o, a suspens\u00e3o do in\u00edcio do Curso de Forma\u00e7\u00e3o do concurso Secretaria da Administra\u00e7\u00e3o Penitenci\u00e1ria (concurso SAP) referente ao edital de 2019. A suspens\u00e3o do CFP para o cargo de Agente Penitenci\u00e1rio foi determinada por 30 dias. A medida se d\u00e1 por conta da pandemia do [&hellip;]\" \/>\n<meta property=\"og:url\" content=\"https:\/\/www.estrategiaconcursos.com.br\/blog\/curso-de-formacao-do-concurso-sap-e-suspenso-por-30-dias\/\" \/>\n<meta property=\"og:site_name\" content=\"Estrat\u00e9gia Concursos\" \/>\n<meta property=\"article:published_time\" content=\"2020-03-20T11:47:22+00:00\" \/>\n<meta property=\"article:modified_time\" content=\"2020-03-20T11:49:52+00:00\" \/>\n<meta property=\"og:image\" content=\"https:\/\/trello-attachments.s3.amazonaws.com\/5b58e1496cd37eb9a1dc29a2\/5e74a12734052a6172bfd1b0\/ddd421f40f01f976286217a0efc8e999\/Captura_de_Tela_2020-03-20_%C3%A0s_07.55.03.png\" \/>\n<meta name=\"author\" content=\"Paulo Bilynskyj\" \/>\n<meta name=\"twitter:card\" content=\"summary_large_image\" \/>\n<meta name=\"twitter:creator\" content=\"@EstratConcursos\" \/>\n<meta name=\"twitter:site\" content=\"@EstratConcursos\" \/>\n<meta name=\"twitter:label1\" content=\"Escrito por\" \/>\n\t<meta name=\"twitter:data1\" content=\"Paulo Bilynskyj\" \/>\n\t<meta name=\"twitter:label2\" content=\"Est. tempo de leitura\" \/>\n\t<meta name=\"twitter:data2\" content=\"1 minuto\" \/>\n<script type=\"application\/ld+json\" class=\"yoast-schema-graph\">{\"@context\":\"https:\/\/schema.org\",\"@graph\":[{\"@type\":\"NewsArticle\",\"@id\":\"https:\/\/www.estrategiaconcursos.com.br\/blog\/curso-de-formacao-do-concurso-sap-e-suspenso-por-30-dias\/#article\",\"isPartOf\":{\"@id\":\"https:\/\/www.estrategiaconcursos.com.br\/blog\/curso-de-formacao-do-concurso-sap-e-suspenso-por-30-dias\/\"},\"author\":{\"name\":\"Paulo Bilynskyj\",\"@id\":\"https:\/\/www.estrategiaconcursos.com.br\/blog\/#\/schema\/person\/a630b15e36f45b4c21fed01219843cb5\"},\"headline\":\"Curso de Forma\u00e7\u00e3o do Concurso SAP \u00e9 suspenso por 30 dias\",\"datePublished\":\"2020-03-20T11:47:22+00:00\",\"dateModified\":\"2020-03-20T11:49:52+00:00\",\"mainEntityOfPage\":{\"@id\":\"https:\/\/www.estrategiaconcursos.com.br\/blog\/curso-de-formacao-do-concurso-sap-e-suspenso-por-30-dias\/\"},\"wordCount\":165,\"commentCount\":0,\"publisher\":{\"@id\":\"https:\/\/www.estrategiaconcursos.com.br\/blog\/#organization\"},\"image\":{\"@id\":\"https:\/\/www.estrategiaconcursos.com.br\/blog\/curso-de-formacao-do-concurso-sap-e-suspenso-por-30-dias\/#primaryimage\"},\"thumbnailUrl\":\"https:\/\/trello-attachments.s3.amazonaws.com\/5b58e1496cd37eb9a1dc29a2\/5e74a12734052a6172bfd1b0\/ddd421f40f01f976286217a0efc8e999\/Captura_de_Tela_2020-03-20_%C3%A0s_07.55.03.png\",\"articleSection\":[\"Concursos P\u00fablicos\"],\"inLanguage\":\"pt-BR\",\"potentialAction\":[{\"@type\":\"CommentAction\",\"name\":\"Comment\",\"target\":[\"https:\/\/www.estrategiaconcursos.com.br\/blog\/curso-de-formacao-do-concurso-sap-e-suspenso-por-30-dias\/#respond\"]}],\"copyrightYear\":\"2020\",\"copyrightHolder\":{\"@id\":\"https:\/\/www.estrategiaconcursos.com.br\/blog\/#organization\"}},{\"@type\":\"WebPage\",\"@id\":\"https:\/\/www.estrategiaconcursos.com.br\/blog\/curso-de-formacao-do-concurso-sap-e-suspenso-por-30-dias\/\",\"url\":\"https:\/\/www.estrategiaconcursos.com.br\/blog\/curso-de-formacao-do-concurso-sap-e-suspenso-por-30-dias\/\",\"name\":\"Curso de Forma\u00e7\u00e3o do Concurso SAP \u00e9 suspenso por 30 dias\",\"isPartOf\":{\"@id\":\"https:\/\/www.estrategiaconcursos.com.br\/blog\/#website\"},\"primaryImageOfPage\":{\"@id\":\"https:\/\/www.estrategiaconcursos.com.br\/blog\/curso-de-formacao-do-concurso-sap-e-suspenso-por-30-dias\/#primaryimage\"},\"image\":{\"@id\":\"https:\/\/www.estrategiaconcursos.com.br\/blog\/curso-de-formacao-do-concurso-sap-e-suspenso-por-30-dias\/#primaryimage\"},\"thumbnailUrl\":\"https:\/\/trello-attachments.s3.amazonaws.com\/5b58e1496cd37eb9a1dc29a2\/5e74a12734052a6172bfd1b0\/ddd421f40f01f976286217a0efc8e999\/Captura_de_Tela_2020-03-20_%C3%A0s_07.55.03.png\",\"datePublished\":\"2020-03-20T11:47:22+00:00\",\"dateModified\":\"2020-03-20T11:49:52+00:00\",\"breadcrumb\":{\"@id\":\"https:\/\/www.estrategiaconcursos.com.br\/blog\/curso-de-formacao-do-concurso-sap-e-suspenso-por-30-dias\/#breadcrumb\"},\"inLanguage\":\"pt-BR\",\"potentialAction\":[{\"@type\":\"ReadAction\",\"target\":[\"https:\/\/www.estrategiaconcursos.com.br\/blog\/curso-de-formacao-do-concurso-sap-e-suspenso-por-30-dias\/\"]}]},{\"@type\":\"ImageObject\",\"inLanguage\":\"pt-BR\",\"@id\":\"https:\/\/www.estrategiaconcursos.com.br\/blog\/curso-de-formacao-do-concurso-sap-e-suspenso-por-30-dias\/#primaryimage\",\"url\":\"https:\/\/trello-attachments.s3.amazonaws.com\/5b58e1496cd37eb9a1dc29a2\/5e74a12734052a6172bfd1b0\/ddd421f40f01f976286217a0efc8e999\/Captura_de_Tela_2020-03-20_%C3%A0s_07.55.03.png\",\"contentUrl\":\"https:\/\/trello-attachments.s3.amazonaws.com\/5b58e1496cd37eb9a1dc29a2\/5e74a12734052a6172bfd1b0\/ddd421f40f01f976286217a0efc8e999\/Captura_de_Tela_2020-03-20_%C3%A0s_07.55.03.png\"},{\"@type\":\"BreadcrumbList\",\"@id\":\"https:\/\/www.estrategiaconcursos.com.br\/blog\/curso-de-formacao-do-concurso-sap-e-suspenso-por-30-dias\/#breadcrumb\",\"itemListElement\":[{\"@type\":\"ListItem\",\"position\":1,\"name\":\"In\u00edcio\",\"item\":\"https:\/\/www.estrategiaconcursos.com.br\/blog\/\"},{\"@type\":\"ListItem\",\"position\":2,\"name\":\"Curso de Forma\u00e7\u00e3o do Concurso SAP \u00e9 suspenso por 30 dias\"}]},{\"@type\":\"WebSite\",\"@id\":\"https:\/\/www.estrategiaconcursos.com.br\/blog\/#website\",\"url\":\"https:\/\/www.estrategiaconcursos.com.br\/blog\/\",\"name\":\"Estrat\u00e9gia Concursos\",\"description\":\"O blog da Estrat\u00e9gia Concursos traz not\u00edcias sobre concursos e artigos de professores oferecendo cursos para concursos (pdf + videaulas) no site.\",\"publisher\":{\"@id\":\"https:\/\/www.estrategiaconcursos.com.br\/blog\/#organization\"},\"potentialAction\":[{\"@type\":\"SearchAction\",\"target\":{\"@type\":\"EntryPoint\",\"urlTemplate\":\"https:\/\/www.estrategiaconcursos.com.br\/blog\/?s={search_term_string}\"},\"query-input\":{\"@type\":\"PropertyValueSpecification\",\"valueRequired\":true,\"valueName\":\"search_term_string\"}}],\"inLanguage\":\"pt-BR\"},{\"@type\":\"Organization\",\"@id\":\"https:\/\/www.estrategiaconcursos.com.br\/blog\/#organization\",\"name\":\"Estrat\u00e9gia Concursos\",\"url\":\"https:\/\/www.estrategiaconcursos.com.br\/blog\/\",\"logo\":{\"@type\":\"ImageObject\",\"inLanguage\":\"pt-BR\",\"@id\":\"https:\/\/www.estrategiaconcursos.com.br\/blog\/#\/schema\/logo\/image\/\",\"url\":\"https:\/\/dhg1h5j42swfq.cloudfront.net\/2025\/06\/03203428\/logo_concursos-1.jpg\",\"contentUrl\":\"https:\/\/dhg1h5j42swfq.cloudfront.net\/2025\/06\/03203428\/logo_concursos-1.jpg\",\"width\":230,\"height\":60,\"caption\":\"Estrat\u00e9gia Concursos\"},\"image\":{\"@id\":\"https:\/\/www.estrategiaconcursos.com.br\/blog\/#\/schema\/logo\/image\/\"},\"sameAs\":[\"https:\/\/x.com\/EstratConcursos\"]},{\"@type\":\"Person\",\"@id\":\"https:\/\/www.estrategiaconcursos.com.br\/blog\/#\/schema\/person\/a630b15e36f45b4c21fed01219843cb5\",\"name\":\"Paulo Bilynskyj\",\"image\":{\"@type\":\"ImageObject\",\"inLanguage\":\"pt-BR\",\"@id\":\"https:\/\/secure.gravatar.com\/avatar\/37e21f70c9042e7456beffdc6d31fe051f3f6dcbf252f69343a791b144852057?s=96&d=mm&r=g\",\"url\":\"https:\/\/secure.gravatar.com\/avatar\/37e21f70c9042e7456beffdc6d31fe051f3f6dcbf252f69343a791b144852057?s=96&d=mm&r=g\",\"contentUrl\":\"https:\/\/secure.gravatar.com\/avatar\/37e21f70c9042e7456beffdc6d31fe051f3f6dcbf252f69343a791b144852057?s=96&d=mm&r=g\",\"caption\":\"Paulo Bilynskyj\"},\"url\":\"https:\/\/www.estrategiaconcursos.com.br\/blog\/author\/pbilynskyjgmail-com\/\"}]}<\/script>\n<!-- \/ Yoast SEO Premium plugin. -->","yoast_head_json":{"title":"Curso de Forma\u00e7\u00e3o do Concurso SAP \u00e9 suspenso por 30 dias","robots":{"index":"index","follow":"follow","max-snippet":"max-snippet:-1","max-image-preview":"max-image-preview:large","max-video-preview":"max-video-preview:-1"},"canonical":"https:\/\/www.estrategiaconcursos.com.br\/blog\/curso-de-formacao-do-concurso-sap-e-suspenso-por-30-dias\/","og_locale":"pt_BR","og_type":"article","og_title":"Curso de Forma\u00e7\u00e3o do Concurso SAP \u00e9 suspenso por 30 dias","og_description":"Foi publicada no Di\u00e1rio Oficial desta sexta-feira, 20 de mar\u00e7o, a suspens\u00e3o do in\u00edcio do Curso de Forma\u00e7\u00e3o do concurso Secretaria da Administra\u00e7\u00e3o Penitenci\u00e1ria (concurso SAP) referente ao edital de 2019. A suspens\u00e3o do CFP para o cargo de Agente Penitenci\u00e1rio foi determinada por 30 dias. A medida se d\u00e1 por conta da pandemia do [&hellip;]","og_url":"https:\/\/www.estrategiaconcursos.com.br\/blog\/curso-de-formacao-do-concurso-sap-e-suspenso-por-30-dias\/","og_site_name":"Estrat\u00e9gia Concursos","article_published_time":"2020-03-20T11:47:22+00:00","article_modified_time":"2020-03-20T11:49:52+00:00","og_image":[{"url":"https:\/\/trello-attachments.s3.amazonaws.com\/5b58e1496cd37eb9a1dc29a2\/5e74a12734052a6172bfd1b0\/ddd421f40f01f976286217a0efc8e999\/Captura_de_Tela_2020-03-20_%C3%A0s_07.55.03.png","type":"","width":"","height":""}],"author":"Paulo Bilynskyj","twitter_card":"summary_large_image","twitter_creator":"@EstratConcursos","twitter_site":"@EstratConcursos","twitter_misc":{"Escrito por":"Paulo Bilynskyj","Est. tempo de leitura":"1 minuto"},"schema":{"@context":"https:\/\/schema.org","@graph":[{"@type":"NewsArticle","@id":"https:\/\/www.estrategiaconcursos.com.br\/blog\/curso-de-formacao-do-concurso-sap-e-suspenso-por-30-dias\/#article","isPartOf":{"@id":"https:\/\/www.estrategiaconcursos.com.br\/blog\/curso-de-formacao-do-concurso-sap-e-suspenso-por-30-dias\/"},"author":{"name":"Paulo Bilynskyj","@id":"https:\/\/www.estrategiaconcursos.com.br\/blog\/#\/schema\/person\/a630b15e36f45b4c21fed01219843cb5"},"headline":"Curso de Forma\u00e7\u00e3o do Concurso SAP \u00e9 suspenso por 30 dias","datePublished":"2020-03-20T11:47:22+00:00","dateModified":"2020-03-20T11:49:52+00:00","mainEntityOfPage":{"@id":"https:\/\/www.estrategiaconcursos.com.br\/blog\/curso-de-formacao-do-concurso-sap-e-suspenso-por-30-dias\/"},"wordCount":165,"commentCount":0,"publisher":{"@id":"https:\/\/www.estrategiaconcursos.com.br\/blog\/#organization"},"image":{"@id":"https:\/\/www.estrategiaconcursos.com.br\/blog\/curso-de-formacao-do-concurso-sap-e-suspenso-por-30-dias\/#primaryimage"},"thumbnailUrl":"https:\/\/trello-attachments.s3.amazonaws.com\/5b58e1496cd37eb9a1dc29a2\/5e74a12734052a6172bfd1b0\/ddd421f40f01f976286217a0efc8e999\/Captura_de_Tela_2020-03-20_%C3%A0s_07.55.03.png","articleSection":["Concursos P\u00fablicos"],"inLanguage":"pt-BR","potentialAction":[{"@type":"CommentAction","name":"Comment","target":["https:\/\/www.estrategiaconcursos.com.br\/blog\/curso-de-formacao-do-concurso-sap-e-suspenso-por-30-dias\/#respond"]}],"copyrightYear":"2020","copyrightHolder":{"@id":"https:\/\/www.estrategiaconcursos.com.br\/blog\/#organization"}},{"@type":"WebPage","@id":"https:\/\/www.estrategiaconcursos.com.br\/blog\/curso-de-formacao-do-concurso-sap-e-suspenso-por-30-dias\/","url":"https:\/\/www.estrategiaconcursos.com.br\/blog\/curso-de-formacao-do-concurso-sap-e-suspenso-por-30-dias\/","name":"Curso de Forma\u00e7\u00e3o do Concurso SAP \u00e9 suspenso por 30 dias","isPartOf":{"@id":"https:\/\/www.estrategiaconcursos.com.br\/blog\/#website"},"primaryImageOfPage":{"@id":"https:\/\/www.estrategiaconcursos.com.br\/blog\/curso-de-formacao-do-concurso-sap-e-suspenso-por-30-dias\/#primaryimage"},"image":{"@id":"https:\/\/www.estrategiaconcursos.com.br\/blog\/curso-de-formacao-do-concurso-sap-e-suspenso-por-30-dias\/#primaryimage"},"thumbnailUrl":"https:\/\/trello-attachments.s3.amazonaws.com\/5b58e1496cd37eb9a1dc29a2\/5e74a12734052a6172bfd1b0\/ddd421f40f01f976286217a0efc8e999\/Captura_de_Tela_2020-03-20_%C3%A0s_07.55.03.png","datePublished":"2020-03-20T11:47:22+00:00","dateModified":"2020-03-20T11:49:52+00:00","breadcrumb":{"@id":"https:\/\/www.estrategiaconcursos.com.br\/blog\/curso-de-formacao-do-concurso-sap-e-suspenso-por-30-dias\/#breadcrumb"},"inLanguage":"pt-BR","potentialAction":[{"@type":"ReadAction","target":["https:\/\/www.estrategiaconcursos.com.br\/blog\/curso-de-formacao-do-concurso-sap-e-suspenso-por-30-dias\/"]}]},{"@type":"ImageObject","inLanguage":"pt-BR","@id":"https:\/\/www.estrategiaconcursos.com.br\/blog\/curso-de-formacao-do-concurso-sap-e-suspenso-por-30-dias\/#primaryimage","url":"https:\/\/trello-attachments.s3.amazonaws.com\/5b58e1496cd37eb9a1dc29a2\/5e74a12734052a6172bfd1b0\/ddd421f40f01f976286217a0efc8e999\/Captura_de_Tela_2020-03-20_%C3%A0s_07.55.03.png","contentUrl":"https:\/\/trello-attachments.s3.amazonaws.com\/5b58e1496cd37eb9a1dc29a2\/5e74a12734052a6172bfd1b0\/ddd421f40f01f976286217a0efc8e999\/Captura_de_Tela_2020-03-20_%C3%A0s_07.55.03.png"},{"@type":"BreadcrumbList","@id":"https:\/\/www.estrategiaconcursos.com.br\/blog\/curso-de-formacao-do-concurso-sap-e-suspenso-por-30-dias\/#breadcrumb","itemListElement":[{"@type":"ListItem","position":1,"name":"In\u00edcio","item":"https:\/\/www.estrategiaconcursos.com.br\/blog\/"},{"@type":"ListItem","position":2,"name":"Curso de Forma\u00e7\u00e3o do Concurso SAP \u00e9 suspenso por 30 dias"}]},{"@type":"WebSite","@id":"https:\/\/www.estrategiaconcursos.com.br\/blog\/#website","url":"https:\/\/www.estrategiaconcursos.com.br\/blog\/","name":"Estrat\u00e9gia Concursos","description":"O blog da Estrat\u00e9gia Concursos traz not\u00edcias sobre concursos e artigos de professores oferecendo cursos para concursos (pdf + videaulas) no site.","publisher":{"@id":"https:\/\/www.estrategiaconcursos.com.br\/blog\/#organization"},"potentialAction":[{"@type":"SearchAction","target":{"@type":"EntryPoint","urlTemplate":"https:\/\/www.estrategiaconcursos.com.br\/blog\/?s={search_term_string}"},"query-input":{"@type":"PropertyValueSpecification","valueRequired":true,"valueName":"search_term_string"}}],"inLanguage":"pt-BR"},{"@type":"Organization","@id":"https:\/\/www.estrategiaconcursos.com.br\/blog\/#organization","name":"Estrat\u00e9gia Concursos","url":"https:\/\/www.estrategiaconcursos.com.br\/blog\/","logo":{"@type":"ImageObject","inLanguage":"pt-BR","@id":"https:\/\/www.estrategiaconcursos.com.br\/blog\/#\/schema\/logo\/image\/","url":"https:\/\/dhg1h5j42swfq.cloudfront.net\/2025\/06\/03203428\/logo_concursos-1.jpg","contentUrl":"https:\/\/dhg1h5j42swfq.cloudfront.net\/2025\/06\/03203428\/logo_concursos-1.jpg","width":230,"height":60,"caption":"Estrat\u00e9gia Concursos"},"image":{"@id":"https:\/\/www.estrategiaconcursos.com.br\/blog\/#\/schema\/logo\/image\/"},"sameAs":["https:\/\/x.com\/EstratConcursos"]},{"@type":"Person","@id":"https:\/\/www.estrategiaconcursos.com.br\/blog\/#\/schema\/person\/a630b15e36f45b4c21fed01219843cb5","name":"Paulo Bilynskyj","image":{"@type":"ImageObject","inLanguage":"pt-BR","@id":"https:\/\/secure.gravatar.com\/avatar\/37e21f70c9042e7456beffdc6d31fe051f3f6dcbf252f69343a791b144852057?s=96&d=mm&r=g","url":"https:\/\/secure.gravatar.com\/avatar\/37e21f70c9042e7456beffdc6d31fe051f3f6dcbf252f69343a791b144852057?s=96&d=mm&r=g","contentUrl":"https:\/\/secure.gravatar.com\/avatar\/37e21f70c9042e7456beffdc6d31fe051f3f6dcbf252f69343a791b144852057?s=96&d=mm&r=g","caption":"Paulo Bilynskyj"},"url":"https:\/\/www.estrategiaconcursos.com.br\/blog\/author\/pbilynskyjgmail-com\/"}]}},"_links":{"self":[{"href":"https:\/\/www.estrategiaconcursos.com.br\/blog\/wp-json\/wp\/v2\/posts\/494375","targetHints":{"allow":["GET"]}}],"collection":[{"href":"https:\/\/www.estrategiaconcursos.com.br\/blog\/wp-json\/wp\/v2\/posts"}],"about":[{"href":"https:\/\/www.estrategiaconcursos.com.br\/blog\/wp-json\/wp\/v2\/types\/post"}],"author":[{"embeddable":true,"href":"https:\/\/www.estrategiaconcursos.com.br\/blog\/wp-json\/wp\/v2\/users\/552"}],"replies":[{"embeddable":true,"href":"https:\/\/www.estrategiaconcursos.com.br\/blog\/wp-json\/wp\/v2\/comments?post=494375"}],"version-history":[{"count":2,"href":"https:\/\/www.estrategiaconcursos.com.br\/blog\/wp-json\/wp\/v2\/posts\/494375\/revisions"}],"predecessor-version":[{"id":494396,"href":"https:\/\/www.estrategiaconcursos.com.br\/blog\/wp-json\/wp\/v2\/posts\/494375\/revisions\/494396"}],"wp:attachment":[{"href":"https:\/\/www.estrategiaconcursos.com.br\/blog\/wp-json\/wp\/v2\/media?parent=494375"}],"wp:term":[{"taxonomy":"category","embeddable":true,"href":"https:\/\/www.estrategiaconcursos.com.br\/blog\/wp-json\/wp\/v2\/categories?post=494375"},{"taxonomy":"post_tag","embeddable":true,"href":"https:\/\/www.estrategiaconcursos.com.br\/blog\/wp-json\/wp\/v2\/tags?post=494375"},{"taxonomy":"tax_estado","embeddable":true,"href":"https:\/\/www.estrategiaconcursos.com.br\/blog\/wp-json\/wp\/v2\/tax_estado?post=494375"}],"curies":[{"name":"wp","href":"https:\/\/api.w.org\/{rel}","templated":true}]}}