{"id":493987,"date":"2020-03-19T13:00:59","date_gmt":"2020-03-19T16:00:59","guid":{"rendered":"https:\/\/www.estrategiaconcursos.com.br\/blog\/?p=493987"},"modified":"2020-04-01T08:56:24","modified_gmt":"2020-04-01T11:56:24","slug":"edital-concurso-prefeitura-de-jacarei","status":"publish","type":"post","link":"https:\/\/www.estrategiaconcursos.com.br\/blog\/edital-concurso-prefeitura-de-jacarei\/","title":{"rendered":"Edital Prefeitura de Jacare\u00ed: certame com 51 vagas \u00e9 suspenso"},"content":{"rendered":"\n<p>Foi divulgado um comunicado que <strong>suspende a aplica\u00e7\u00e3o das provas objetivas<\/strong> do concurso Prefeitura de Jacare\u00ed, munic\u00edpio do Estado de S\u00e3o Paulo. Sua realiza\u00e7\u00e3o estava prevista para o dia 26 de abril e, agora, receber\u00e1 uma nova data.<\/p>\n\n\n\n<p>A decis\u00e3o se fez necess\u00e1ria devido \u00e0 pandemia do novo Coronav\u00edrus (COVID-19), em atendimento as medidas de preven\u00e7\u00e3o adotadas pelo Munic\u00edpio, especialmente as dispostas no Decreto Municipal n\u00ba 1.001\/2020 e 1.002\/2020. <\/p>\n\n\n\n<p>O edital da Prefeitura de Jacare\u00ed, localizada no Estado de S\u00e3o Paulo, oferta 51 vagas distribu\u00eddas entre cargos de <strong>n\u00edveis m\u00e9dio e superior<\/strong>.<\/p>\n\n\n\n<h2 class=\"wp-block-heading\" id=\"datas\">Principais datas<\/h2>\n\n\n\n<p>Os interessados em participar da sele\u00e7\u00e3o puderam realizar as inscri\u00e7\u00f5es no per\u00edodo de 18 a 31 de mar\u00e7o, no site da banca organizadora, a <strong>Publiconsult<\/strong>. A taxa foi definida no valor \u00fanico de <strong><em>R$ 10,49<\/em><\/strong>.<\/p>\n\n\n\n<p class=\"has-background has-very-light-gray-background-color\"><strong>Inscri\u00e7\u00f5es<\/strong>: <s>18 a 31 de mar\u00e7o <\/s><br \/><strong>Isen\u00e7\u00e3o da taxa<\/strong>: <s>18 a 21 de mar\u00e7o<\/s><br \/><strong>\u00daltimo dia para pagamento<\/strong>: 01 de abril<br \/><strong>Prova<\/strong>: SUSPENSA<\/p>\n\n\n\n<h2 class=\"wp-block-heading\" id=\"cargos-vagas\">Cargos e vagas do edital Prefeitura de Jacare\u00ed<\/h2>\n\n\n\n<h3 class=\"wp-block-heading\">N\u00edvel m\u00e9dio<\/h3>\n\n\n\n<figure class=\"wp-block-table is-style-stripes\"><table class=\"has-subtle-pale-blue-background-color has-fixed-layout has-background\"><tbody><tr><td><strong>CARGO<\/strong><\/td><td><strong>VAGAS<\/strong><\/td><td><strong>REMUNERA\u00c7\u00c3O<\/strong><\/td><\/tr><tr><td> Agente Social <\/td><td> 02 <\/td><td> R$ 2.005,53 <\/td><\/tr><tr><td> Auxiliar em Sa\u00fade Bucal  <\/td><td> 04 <\/td><td> R$ 1.408,63 <\/td><\/tr><tr><td> Fiscal Sanit\u00e1rio <\/td><td> 02 <\/td><td> R$ 2.269,89 <\/td><\/tr><tr><td> T\u00e9cnico de Enfermagem <\/td><td> 04 <\/td><td> R$ 2.005,53 <\/td><\/tr><tr><td> T\u00e9cnico de Laborat\u00f3rio <\/td><td> 01 <\/td><td> R$ 2.005,53 <\/td><\/tr><\/tbody><\/table><\/figure>\n\n\n\n<h3 class=\"wp-block-heading\">N\u00edvel superior<\/h3>\n\n\n\n<figure class=\"wp-block-table is-style-stripes\"><table class=\"has-subtle-pale-blue-background-color has-fixed-layout has-background\"><tbody><tr><td><strong>CARGO<\/strong><\/td><td><strong>VAGAS<\/strong><\/td><td><strong>REMUNERA\u00c7\u00c3O<\/strong><\/td><\/tr><tr><td> Assistente Social <\/td><td> 04 <\/td><td> R$ 2.573,61 <\/td><\/tr><tr><td> Bibliotec\u00e1rio <\/td><td> 01 <\/td><td> R$ 3.785,74 <\/td><\/tr><tr><td> Biom\u00e9dico <\/td><td> 01 <\/td><td> R$ 2.924,41 <\/td><\/tr><tr><td> Contador <\/td><td> 01 <\/td><td> R$ 3.208,14  <\/td><\/tr><tr><td> Dentista 20h (v\u00e1rias especialidades)<\/td><td> 07 <\/td><td> R$ 3.785,74 <\/td><\/tr><tr><td> Dentista 40h <\/td><td> 04 <\/td><td> R$ 7.417,47 <\/td><\/tr><tr><td> Enfermeiro <\/td><td> 04 <\/td><td> R$ 2.573,61 <\/td><\/tr><tr><td> Engenheiro Civil- \u00c1rea Sanit\u00e1ria <\/td><td> 01 <\/td><td> R$ 3.785,74 <\/td><\/tr><tr><td> Farmac\u00eautico <\/td><td> 01 <\/td><td> R$ 2.269,89 <\/td><\/tr><tr><td> Fisioterapeuta <\/td><td> 01 <\/td><td> R$ 2.924,41 <\/td><\/tr><tr><td> Fonoaudi\u00f3logo <\/td><td> 02 <\/td><td> R$ 2.924,41 <\/td><\/tr><tr><td> M\u00e9dico 20h &#8211; Infectologia <\/td><td> 01 <\/td><td> R$ 3.785,74 <\/td><\/tr><tr><td> M\u00e9dico 20h &#8211; Psiquiatria <\/td><td> 01 <\/td><td> R$ 3.785,74 <\/td><\/tr><tr><td> Nutricionista <\/td><td> 02 <\/td><td> R$ 2.573,61 <\/td><\/tr><tr><td> Professor de Educa\u00e7\u00e3o F\u00edsica <\/td><td> 01 <\/td><td> R$ 1.775,19 <\/td><\/tr><tr><td> Psic\u00f3logo <\/td><td> 04 <\/td><td> R$ 2.573,61 <\/td><\/tr><tr><td> Terapeuta Ocupacional <\/td><td> 02 <\/td><td> R$ 2.573,61 <\/td><\/tr><\/tbody><\/table><\/figure>\n\n\n\n<h2 class=\"wp-block-heading\" id=\"etapas\">Etapas do edital Prefeitura de Jacare\u00ed<\/h2>\n\n\n\n<p>O concurso Prefeitura de Jacare\u00ed constar\u00e1 de \u00fanica etapa, sendo ela uma Prova Objetiva, de car\u00e1ter eliminat\u00f3rio e classificat\u00f3rio para todos os cargos. Sua realiza\u00e7\u00e3o estava prevista para o dia 26 de abril, nos seguintes hor\u00e1rios:<\/p>\n\n\n\n<div class=\"wp-block-columns is-layout-flex wp-container-core-columns-is-layout-28f84493 wp-block-columns-is-layout-flex\">\n<div class=\"wp-block-column is-layout-flow wp-block-column-is-layout-flow\">\n<figure class=\"wp-block-table is-style-stripes\"><table class=\"has-subtle-pale-blue-background-color has-fixed-layout has-background\"><thead><tr><th class=\"has-text-align-center\" data-align=\"center\">MANH\u00c3 &#8211; 9h<\/th><\/tr><\/thead><tbody><tr><td class=\"has-text-align-center\" data-align=\"center\"> Agente Social <\/td><\/tr><tr><td class=\"has-text-align-center\" data-align=\"center\"> Assistente Social <\/td><\/tr><tr><td class=\"has-text-align-center\" data-align=\"center\"> Contador <\/td><\/tr><tr><td class=\"has-text-align-center\" data-align=\"center\"> Dentista 20h (todos)<\/td><\/tr><tr><td class=\"has-text-align-center\" data-align=\"center\"> Enfermeiro <\/td><\/tr><tr><td class=\"has-text-align-center\" data-align=\"center\"> Engenheiro Civil<\/td><\/tr><tr><td class=\"has-text-align-center\" data-align=\"center\"> Farmac\u00eautico <\/td><\/tr><tr><td class=\"has-text-align-center\" data-align=\"center\"> Fiscal Sanit\u00e1rio <\/td><\/tr><tr><td class=\"has-text-align-center\" data-align=\"center\"> Nutricionista <\/td><\/tr><\/tbody><\/table><\/figure>\n<\/div>\n\n\n\n<div class=\"wp-block-column is-layout-flow wp-block-column-is-layout-flow\">\n<figure class=\"wp-block-table is-style-stripes\"><table class=\"has-subtle-pale-blue-background-color has-fixed-layout has-background\"><thead><tr><th class=\"has-text-align-center\" data-align=\"center\">TARDE &#8211; 14h<\/th><\/tr><\/thead><tbody><tr><td class=\"has-text-align-center\" data-align=\"center\"> Auxiliar em Sa\u00fade Bucal <\/td><\/tr><tr><td class=\"has-text-align-center\" data-align=\"center\"> Bibliotec\u00e1rio <\/td><\/tr><tr><td class=\"has-text-align-center\" data-align=\"center\"> Biom\u00e9dico <\/td><\/tr><tr><td class=\"has-text-align-center\" data-align=\"center\"> Dentista 40h <\/td><\/tr><tr><td class=\"has-text-align-center\" data-align=\"center\"> Fisioterapeuta <\/td><\/tr><tr><td class=\"has-text-align-center\" data-align=\"center\"> Fonoaudi\u00f3logo <\/td><\/tr><tr><td class=\"has-text-align-center\" data-align=\"center\"> M\u00e9dico 20h (ambos)<\/td><\/tr><tr><td class=\"has-text-align-center\" data-align=\"center\"> Professor de Ed. F\u00edsica <\/td><\/tr><tr><td class=\"has-text-align-center\" data-align=\"center\"> Psic\u00f3logo <\/td><\/tr><tr><td class=\"has-text-align-center\" data-align=\"center\"> T\u00e9cnico de Enfermagem  <\/td><\/tr><tr><td class=\"has-text-align-center\" data-align=\"center\"> T\u00e9cnico de Laborat\u00f3rio <\/td><\/tr><tr><td class=\"has-text-align-center\" data-align=\"center\"> Terapeuta Ocupacional <\/td><\/tr><\/tbody><\/table><\/figure>\n<\/div>\n<\/div>\n\n\n\n<p>A dura\u00e7\u00e3o da prova ser\u00e1 de 3 horas, j\u00e1 inclu\u00eddo o tempo destinado ao preenchimento do Cart\u00e3o de Respostas. O candidato somente poder\u00e1 se retirar do local da prova ap\u00f3s decorrido 1 hora do seu in\u00edcio. <\/p>\n\n\n\n<h2 class=\"wp-block-heading\">Como ser\u00e3o as provas do edital Prefeitura de Jacare\u00ed?<\/h2>\n\n\n\n<p>A Prova Objetiva visa avaliar o grau de conhecimento te\u00f3rico do candidato, necess\u00e1rio ao exerc\u00edcio das atribui\u00e7\u00f5es do cargo e ser\u00e1 composta de 40 quest\u00f5es de m\u00faltipla escolha, que ser\u00e3o elaboradas de acordo com o Conte\u00fado Program\u00e1tico, sendo distribu\u00eddas e pontuadas na seguinte conformidade:  <\/p>\n\n\n\n<ul class=\"wp-block-list\"><li><strong>Agente Social, Assistente Social, Fonoaudi\u00f3logo, Nutricionista, Professor de Educa\u00e7\u00e3o F\u00edsica, Psic\u00f3logo, Terapeuta Ocupacional:<\/strong><ul><li><em>L\u00edngua Portuguesa e Interpreta\u00e7\u00e3o de Textos &#8211; 8<\/em><\/li><li><em>Matem\u00e1tica e Racioc\u00ednio L\u00f3gico Quantitativo &#8211; 7<\/em><\/li><li><em>Conhecimentos Gerais e Atualidades &#8211; 5<\/em><\/li><li><em>Conhecimentos Espec\u00edficos &#8211; 20 <\/em><\/li><\/ul><\/li><\/ul>\n\n\n\n<ul class=\"wp-block-list\"><li><strong>Auxiliar em Sa\u00fade Bucal, Biom\u00e9dico, Dentista 40h, Dentista 20h- Cirurgia e Traumatologia Buco Maxilo Facial, Dentista 20h (todos), Enfermeiro, Farmac\u00eautico, Fisioterapeuta, M\u00e9dicos 20h, T\u00e9cnico de Enfermagem, T\u00e9cnico de Laborat\u00f3rio:<\/strong><ul><li><em>L\u00edngua Portuguesa e Interpreta\u00e7\u00e3o de Textos &#8211; 7<\/em><\/li><li><em>Matem\u00e1tica e Racioc\u00ednio L\u00f3gico Quantitativo &#8211; 5<\/em><\/li><li><em>Conhecimentos Gerais e Atualidades &#8211; 5<\/em><\/li><li><em>Legisla\u00e7\u00e3o de Sa\u00fade P\u00fablica &#8211; 8<\/em><\/li><li><em>Conhecimentos Espec\u00edficos &#8211; 15 <\/em><\/li><\/ul><\/li><\/ul>\n\n\n\n<ul class=\"wp-block-list\"><li><strong>Bibliotec\u00e1rio, Contador, Engenheiro Civil &#8211; \u00c1rea Sanit\u00e1ria, Fiscal Sanit\u00e1rio:<\/strong><ul><li><em>L\u00edngua Portuguesa e Interpreta\u00e7\u00e3o de Texto &#8211; 7<\/em><\/li><li><em>Matem\u00e1tica e Racioc\u00ednio L\u00f3gico Quantitativo &#8211; 5<\/em><\/li><li><em>Conhecimentos Gerais e Atualidades &#8211; 5<\/em><\/li><li><em>No\u00e7\u00f5es de Inform\u00e1tica &#8211; 8<\/em><\/li><li><em>Conhecimentos Espec\u00edficos &#8211; 15 <\/em><\/li><\/ul><\/li><\/ul>\n\n\n\n<p>Ser\u00e1 considerado classificado na Prova Objetiva, o candidato que obtiver no m\u00ednimo 50 pontos.  <\/p>\n\n\n\n<p style=\"font-size:22px\" class=\"has-background has-text-align-center has-very-light-gray-background-color\"><strong>Saiba mais: <a href=\"https:\/\/www.estrategiaconcursos.com.br\/blog\/concurso-prefeitura-de-jacarei\/\" target=\"_blank\" rel=\"noreferrer noopener\" aria-label=\"Concurso Prefeitura de Jacare\u00ed (abre numa nova aba)\">Concurso Prefeitura de Jacare\u00ed<\/a><\/strong><\/p>\n\n\n\n<hr class=\"wp-block-separator\"\/>\n\n\n\n<p class=\"has-text-align-center has-medium-font-size\"><em><strong>Assinatura Anual Ilimitada*<\/strong><\/em><\/p>\n\n\n\n<p class=\"has-text-align-center\"><em>Prepare-se com o melhor material e com quem mais aprova em Concursos P\u00fablicos em todo o pa\u00eds. Assine agora a nossa Assinatura Anual e tenha acesso ilimitado* a todos os nossos cursos.<\/em><\/p>\n\n\n\n<p style=\"font-size:22px\" class=\"has-background has-text-align-center has-luminous-vivid-amber-background-color\"><strong>ASSINE AGORA<\/strong>&nbsp;\u2013&nbsp;<strong><a rel=\"noreferrer noopener\" href=\"https:\/\/www.estrategiaconcursos.com.br\/assinaturas\" target=\"_blank\">Assinatura Ilimitada<\/a><\/strong><\/p>\n\n\n\n<p class=\"has-text-align-center has-medium-font-size\"><strong><em>Fique por dentro de todos os concursos<\/em><\/strong><\/p>\n\n\n\n<p style=\"font-size:22px\" class=\"has-background has-text-align-center has-pale-cyan-blue-background-color\"><a rel=\"noreferrer noopener\" href=\"https:\/\/www.estrategiaconcursos.com.br\/blog\/concursos-abertos\/\" target=\"_blank\"><strong>CONCURSOS ABERTOS<\/strong><\/a><\/p>\n\n\n\n<p style=\"font-size:22px\" class=\"has-background has-text-align-center has-pale-cyan-blue-background-color\"><a rel=\"noreferrer noopener\" href=\"https:\/\/www.estrategiaconcursos.com.br\/blog\/concursos-2020\/\" target=\"_blank\"><strong>CONCURSOS&nbsp;2020<\/strong><\/a><\/p>\n\n\n\n<figure class=\"wp-block-image\"><img loading=\"lazy\" decoding=\"async\" width=\"300\" height=\"102\" src=\"https:\/\/dhg1h5j42swfq.cloudfront.net\/2017\/03\/28152500\/coruja-ficha-tecnica-300x102.png\" alt=\"\" class=\"wp-image-68542\"\/><\/figure>\n\n\n\n<h3 class=\"wp-block-heading\" id=\"ficha-tecnica\"><strong>Informa\u00e7\u00f5es do Edital <\/strong>Prefeitura de Jacare\u00ed<\/h3>\n\n\n\n<p>\u25ba<strong>Provas<\/strong>: SUSPENSAS<br \/>\u25ba<strong>Vagas<\/strong>: 51<br \/>\u25ba<strong>Cargos<\/strong>: Diversos<br \/>\u25ba<strong>Banca<\/strong>: Publiconsult<br \/>\u25ba<strong>Escolaridade<\/strong>: N\u00edvel m\u00e9dio e superior<br \/>\u25ba<strong>Edital<\/strong>:\u00a0<strong><a rel=\"noreferrer noopener\" aria-label=\"Edital Jacare\u00ed-SP (abre numa nova aba)\" href=\"https:\/\/dhg1h5j42swfq.cloudfront.net\/2020\/03\/19130019\/Edital-Jacare%C3%AD.pdf\" target=\"_blank\">Edital Jacare\u00ed-SP<\/a><\/strong><\/p>\n\n\n\n<p><em>Ascom Estrat\u00e9gia<\/em><br \/>ascomestrategia@gmail.com<\/p>\n","protected":false},"excerpt":{"rendered":"<p>Foi divulgado um comunicado que suspende a aplica\u00e7\u00e3o das provas objetivas do concurso Prefeitura de Jacare\u00ed, munic\u00edpio do Estado de S\u00e3o Paulo. Sua realiza\u00e7\u00e3o estava prevista para o dia 26 de abril e, agora, receber\u00e1 uma nova data. A decis\u00e3o se fez necess\u00e1ria devido \u00e0 pandemia do novo Coronav\u00edrus (COVID-19), em atendimento as medidas de [&hellip;]<\/p>\n","protected":false},"author":388,"featured_media":444273,"comment_status":"open","ping_status":"closed","sticky":false,"template":"","format":"standard","meta":{"post_tipo":"article","footnotes":""},"categories":[1],"tags":[],"tax_estado":[],"class_list":["post-493987","post","type-post","status-publish","format-standard","has-post-thumbnail","hentry","category-cursos-e-concursos"],"acf":[],"yoast_head":"<!-- This site is optimized with the Yoast SEO Premium plugin v27.2 (Yoast SEO v27.2) - https:\/\/yoast.com\/product\/yoast-seo-premium-wordpress\/ -->\n<title>Edital Prefeitura de Jacare\u00ed: certame com 51 vagas \u00e9 suspenso<\/title>\n<meta name=\"description\" content=\"Edital Prefeitura de Jacare\u00ed - SP: certame oferta 51 vagas para cargos de n\u00edvel m\u00e9dio e superior. Provas susensas por conta do novo Coronav\u00edrus!\" \/>\n<meta name=\"robots\" content=\"index, follow, max-snippet:-1, max-image-preview:large, max-video-preview:-1\" \/>\n<link rel=\"canonical\" href=\"https:\/\/www.estrategiaconcursos.com.br\/blog\/edital-concurso-prefeitura-de-jacarei\/\" \/>\n<meta property=\"og:locale\" content=\"pt_BR\" \/>\n<meta property=\"og:type\" content=\"article\" \/>\n<meta property=\"og:title\" content=\"Edital Prefeitura de Jacare\u00ed: certame com 51 vagas \u00e9 suspenso\" \/>\n<meta property=\"og:description\" content=\"Edital Prefeitura de Jacare\u00ed - SP: certame oferta 51 vagas para cargos de n\u00edvel m\u00e9dio e superior. Provas susensas por conta do novo Coronav\u00edrus!\" \/>\n<meta property=\"og:url\" content=\"https:\/\/www.estrategiaconcursos.com.br\/blog\/edital-concurso-prefeitura-de-jacarei\/\" \/>\n<meta property=\"og:site_name\" content=\"Estrat\u00e9gia Concursos\" \/>\n<meta property=\"article:published_time\" content=\"2020-03-19T16:00:59+00:00\" \/>\n<meta property=\"article:modified_time\" content=\"2020-04-01T11:56:24+00:00\" \/>\n<meta property=\"og:image\" content=\"https:\/\/dhg1h5j42swfq.cloudfront.net\/2019\/11\/05113826\/Saiu-Edital-8.png\" \/>\n\t<meta property=\"og:image:width\" content=\"1200\" \/>\n\t<meta property=\"og:image:height\" content=\"628\" \/>\n\t<meta property=\"og:image:type\" content=\"image\/png\" \/>\n<meta name=\"author\" content=\"Tiago Zanolla\" \/>\n<meta name=\"twitter:card\" content=\"summary_large_image\" \/>\n<meta name=\"twitter:creator\" content=\"@EstratConcursos\" \/>\n<meta name=\"twitter:site\" content=\"@EstratConcursos\" \/>\n<meta name=\"twitter:label1\" content=\"Escrito por\" \/>\n\t<meta name=\"twitter:data1\" content=\"Tiago Zanolla\" \/>\n\t<meta name=\"twitter:label2\" content=\"Est. tempo de leitura\" \/>\n\t<meta name=\"twitter:data2\" content=\"4 minutos\" \/>\n<script type=\"application\/ld+json\" class=\"yoast-schema-graph\">{\"@context\":\"https:\/\/schema.org\",\"@graph\":[{\"@type\":\"NewsArticle\",\"@id\":\"https:\/\/www.estrategiaconcursos.com.br\/blog\/edital-concurso-prefeitura-de-jacarei\/#article\",\"isPartOf\":{\"@id\":\"https:\/\/www.estrategiaconcursos.com.br\/blog\/edital-concurso-prefeitura-de-jacarei\/\"},\"author\":{\"name\":\"Tiago Zanolla\",\"@id\":\"https:\/\/www.estrategiaconcursos.com.br\/blog\/#\/schema\/person\/1509739fd92a40c9b52116de04a90310\"},\"headline\":\"Edital Prefeitura de Jacare\u00ed: certame com 51 vagas \u00e9 suspenso\",\"datePublished\":\"2020-03-19T16:00:59+00:00\",\"dateModified\":\"2020-04-01T11:56:24+00:00\",\"mainEntityOfPage\":{\"@id\":\"https:\/\/www.estrategiaconcursos.com.br\/blog\/edital-concurso-prefeitura-de-jacarei\/\"},\"wordCount\":750,\"commentCount\":0,\"publisher\":{\"@id\":\"https:\/\/www.estrategiaconcursos.com.br\/blog\/#organization\"},\"image\":{\"@id\":\"https:\/\/www.estrategiaconcursos.com.br\/blog\/edital-concurso-prefeitura-de-jacarei\/#primaryimage\"},\"thumbnailUrl\":\"https:\/\/dhg1h5j42swfq.cloudfront.net\/2019\/11\/05113826\/Saiu-Edital-8.png\",\"articleSection\":[\"Concursos P\u00fablicos\"],\"inLanguage\":\"pt-BR\",\"potentialAction\":[{\"@type\":\"CommentAction\",\"name\":\"Comment\",\"target\":[\"https:\/\/www.estrategiaconcursos.com.br\/blog\/edital-concurso-prefeitura-de-jacarei\/#respond\"]}],\"copyrightYear\":\"2020\",\"copyrightHolder\":{\"@id\":\"https:\/\/www.estrategiaconcursos.com.br\/blog\/#organization\"}},{\"@type\":\"WebPage\",\"@id\":\"https:\/\/www.estrategiaconcursos.com.br\/blog\/edital-concurso-prefeitura-de-jacarei\/\",\"url\":\"https:\/\/www.estrategiaconcursos.com.br\/blog\/edital-concurso-prefeitura-de-jacarei\/\",\"name\":\"Edital Prefeitura de Jacare\u00ed: certame com 51 vagas \u00e9 suspenso\",\"isPartOf\":{\"@id\":\"https:\/\/www.estrategiaconcursos.com.br\/blog\/#website\"},\"primaryImageOfPage\":{\"@id\":\"https:\/\/www.estrategiaconcursos.com.br\/blog\/edital-concurso-prefeitura-de-jacarei\/#primaryimage\"},\"image\":{\"@id\":\"https:\/\/www.estrategiaconcursos.com.br\/blog\/edital-concurso-prefeitura-de-jacarei\/#primaryimage\"},\"thumbnailUrl\":\"https:\/\/dhg1h5j42swfq.cloudfront.net\/2019\/11\/05113826\/Saiu-Edital-8.png\",\"datePublished\":\"2020-03-19T16:00:59+00:00\",\"dateModified\":\"2020-04-01T11:56:24+00:00\",\"description\":\"Edital Prefeitura de Jacare\u00ed - SP: certame oferta 51 vagas para cargos de n\u00edvel m\u00e9dio e superior. Provas susensas por conta do novo Coronav\u00edrus!\",\"breadcrumb\":{\"@id\":\"https:\/\/www.estrategiaconcursos.com.br\/blog\/edital-concurso-prefeitura-de-jacarei\/#breadcrumb\"},\"inLanguage\":\"pt-BR\",\"potentialAction\":[{\"@type\":\"ReadAction\",\"target\":[\"https:\/\/www.estrategiaconcursos.com.br\/blog\/edital-concurso-prefeitura-de-jacarei\/\"]}]},{\"@type\":\"ImageObject\",\"inLanguage\":\"pt-BR\",\"@id\":\"https:\/\/www.estrategiaconcursos.com.br\/blog\/edital-concurso-prefeitura-de-jacarei\/#primaryimage\",\"url\":\"https:\/\/dhg1h5j42swfq.cloudfront.net\/2019\/11\/05113826\/Saiu-Edital-8.png\",\"contentUrl\":\"https:\/\/dhg1h5j42swfq.cloudfront.net\/2019\/11\/05113826\/Saiu-Edital-8.png\",\"width\":1200,\"height\":628,\"caption\":\"PSS NOVA IGUA\u00c7U RJ\"},{\"@type\":\"BreadcrumbList\",\"@id\":\"https:\/\/www.estrategiaconcursos.com.br\/blog\/edital-concurso-prefeitura-de-jacarei\/#breadcrumb\",\"itemListElement\":[{\"@type\":\"ListItem\",\"position\":1,\"name\":\"In\u00edcio\",\"item\":\"https:\/\/www.estrategiaconcursos.com.br\/blog\/\"},{\"@type\":\"ListItem\",\"position\":2,\"name\":\"Edital Prefeitura de Jacare\u00ed: certame com 51 vagas \u00e9 suspenso\"}]},{\"@type\":\"WebSite\",\"@id\":\"https:\/\/www.estrategiaconcursos.com.br\/blog\/#website\",\"url\":\"https:\/\/www.estrategiaconcursos.com.br\/blog\/\",\"name\":\"Estrat\u00e9gia Concursos\",\"description\":\"O blog da Estrat\u00e9gia Concursos traz not\u00edcias sobre concursos e artigos de professores oferecendo cursos para concursos (pdf + videaulas) no site.\",\"publisher\":{\"@id\":\"https:\/\/www.estrategiaconcursos.com.br\/blog\/#organization\"},\"potentialAction\":[{\"@type\":\"SearchAction\",\"target\":{\"@type\":\"EntryPoint\",\"urlTemplate\":\"https:\/\/www.estrategiaconcursos.com.br\/blog\/?s={search_term_string}\"},\"query-input\":{\"@type\":\"PropertyValueSpecification\",\"valueRequired\":true,\"valueName\":\"search_term_string\"}}],\"inLanguage\":\"pt-BR\"},{\"@type\":\"Organization\",\"@id\":\"https:\/\/www.estrategiaconcursos.com.br\/blog\/#organization\",\"name\":\"Estrat\u00e9gia Concursos\",\"url\":\"https:\/\/www.estrategiaconcursos.com.br\/blog\/\",\"logo\":{\"@type\":\"ImageObject\",\"inLanguage\":\"pt-BR\",\"@id\":\"https:\/\/www.estrategiaconcursos.com.br\/blog\/#\/schema\/logo\/image\/\",\"url\":\"https:\/\/dhg1h5j42swfq.cloudfront.net\/2025\/06\/03203428\/logo_concursos-1.jpg\",\"contentUrl\":\"https:\/\/dhg1h5j42swfq.cloudfront.net\/2025\/06\/03203428\/logo_concursos-1.jpg\",\"width\":230,\"height\":60,\"caption\":\"Estrat\u00e9gia Concursos\"},\"image\":{\"@id\":\"https:\/\/www.estrategiaconcursos.com.br\/blog\/#\/schema\/logo\/image\/\"},\"sameAs\":[\"https:\/\/x.com\/EstratConcursos\"]},{\"@type\":\"Person\",\"@id\":\"https:\/\/www.estrategiaconcursos.com.br\/blog\/#\/schema\/person\/1509739fd92a40c9b52116de04a90310\",\"name\":\"Tiago Zanolla\",\"image\":{\"@type\":\"ImageObject\",\"inLanguage\":\"pt-BR\",\"@id\":\"https:\/\/secure.gravatar.com\/avatar\/e647cb200c21008603a1760df42f3f713d32dd977761568b5689c47f0b1747ee?s=96&d=mm&r=g\",\"url\":\"https:\/\/secure.gravatar.com\/avatar\/e647cb200c21008603a1760df42f3f713d32dd977761568b5689c47f0b1747ee?s=96&d=mm&r=g\",\"contentUrl\":\"https:\/\/secure.gravatar.com\/avatar\/e647cb200c21008603a1760df42f3f713d32dd977761568b5689c47f0b1747ee?s=96&d=mm&r=g\",\"caption\":\"Tiago Zanolla\"},\"url\":\"https:\/\/www.estrategiaconcursos.com.br\/blog\/author\/zanolla-estrategiagmail-com\/\"}]}<\/script>\n<!-- \/ Yoast SEO Premium plugin. -->","yoast_head_json":{"title":"Edital Prefeitura de Jacare\u00ed: certame com 51 vagas \u00e9 suspenso","description":"Edital Prefeitura de Jacare\u00ed - SP: certame oferta 51 vagas para cargos de n\u00edvel m\u00e9dio e superior. Provas susensas por conta do novo Coronav\u00edrus!","robots":{"index":"index","follow":"follow","max-snippet":"max-snippet:-1","max-image-preview":"max-image-preview:large","max-video-preview":"max-video-preview:-1"},"canonical":"https:\/\/www.estrategiaconcursos.com.br\/blog\/edital-concurso-prefeitura-de-jacarei\/","og_locale":"pt_BR","og_type":"article","og_title":"Edital Prefeitura de Jacare\u00ed: certame com 51 vagas \u00e9 suspenso","og_description":"Edital Prefeitura de Jacare\u00ed - SP: certame oferta 51 vagas para cargos de n\u00edvel m\u00e9dio e superior. Provas susensas por conta do novo Coronav\u00edrus!","og_url":"https:\/\/www.estrategiaconcursos.com.br\/blog\/edital-concurso-prefeitura-de-jacarei\/","og_site_name":"Estrat\u00e9gia Concursos","article_published_time":"2020-03-19T16:00:59+00:00","article_modified_time":"2020-04-01T11:56:24+00:00","og_image":[{"width":1200,"height":628,"url":"https:\/\/dhg1h5j42swfq.cloudfront.net\/2019\/11\/05113826\/Saiu-Edital-8.png","type":"image\/png"}],"author":"Tiago Zanolla","twitter_card":"summary_large_image","twitter_creator":"@EstratConcursos","twitter_site":"@EstratConcursos","twitter_misc":{"Escrito por":"Tiago Zanolla","Est. tempo de leitura":"4 minutos"},"schema":{"@context":"https:\/\/schema.org","@graph":[{"@type":"NewsArticle","@id":"https:\/\/www.estrategiaconcursos.com.br\/blog\/edital-concurso-prefeitura-de-jacarei\/#article","isPartOf":{"@id":"https:\/\/www.estrategiaconcursos.com.br\/blog\/edital-concurso-prefeitura-de-jacarei\/"},"author":{"name":"Tiago Zanolla","@id":"https:\/\/www.estrategiaconcursos.com.br\/blog\/#\/schema\/person\/1509739fd92a40c9b52116de04a90310"},"headline":"Edital Prefeitura de Jacare\u00ed: certame com 51 vagas \u00e9 suspenso","datePublished":"2020-03-19T16:00:59+00:00","dateModified":"2020-04-01T11:56:24+00:00","mainEntityOfPage":{"@id":"https:\/\/www.estrategiaconcursos.com.br\/blog\/edital-concurso-prefeitura-de-jacarei\/"},"wordCount":750,"commentCount":0,"publisher":{"@id":"https:\/\/www.estrategiaconcursos.com.br\/blog\/#organization"},"image":{"@id":"https:\/\/www.estrategiaconcursos.com.br\/blog\/edital-concurso-prefeitura-de-jacarei\/#primaryimage"},"thumbnailUrl":"https:\/\/dhg1h5j42swfq.cloudfront.net\/2019\/11\/05113826\/Saiu-Edital-8.png","articleSection":["Concursos P\u00fablicos"],"inLanguage":"pt-BR","potentialAction":[{"@type":"CommentAction","name":"Comment","target":["https:\/\/www.estrategiaconcursos.com.br\/blog\/edital-concurso-prefeitura-de-jacarei\/#respond"]}],"copyrightYear":"2020","copyrightHolder":{"@id":"https:\/\/www.estrategiaconcursos.com.br\/blog\/#organization"}},{"@type":"WebPage","@id":"https:\/\/www.estrategiaconcursos.com.br\/blog\/edital-concurso-prefeitura-de-jacarei\/","url":"https:\/\/www.estrategiaconcursos.com.br\/blog\/edital-concurso-prefeitura-de-jacarei\/","name":"Edital Prefeitura de Jacare\u00ed: certame com 51 vagas \u00e9 suspenso","isPartOf":{"@id":"https:\/\/www.estrategiaconcursos.com.br\/blog\/#website"},"primaryImageOfPage":{"@id":"https:\/\/www.estrategiaconcursos.com.br\/blog\/edital-concurso-prefeitura-de-jacarei\/#primaryimage"},"image":{"@id":"https:\/\/www.estrategiaconcursos.com.br\/blog\/edital-concurso-prefeitura-de-jacarei\/#primaryimage"},"thumbnailUrl":"https:\/\/dhg1h5j42swfq.cloudfront.net\/2019\/11\/05113826\/Saiu-Edital-8.png","datePublished":"2020-03-19T16:00:59+00:00","dateModified":"2020-04-01T11:56:24+00:00","description":"Edital Prefeitura de Jacare\u00ed - SP: certame oferta 51 vagas para cargos de n\u00edvel m\u00e9dio e superior. Provas susensas por conta do novo Coronav\u00edrus!","breadcrumb":{"@id":"https:\/\/www.estrategiaconcursos.com.br\/blog\/edital-concurso-prefeitura-de-jacarei\/#breadcrumb"},"inLanguage":"pt-BR","potentialAction":[{"@type":"ReadAction","target":["https:\/\/www.estrategiaconcursos.com.br\/blog\/edital-concurso-prefeitura-de-jacarei\/"]}]},{"@type":"ImageObject","inLanguage":"pt-BR","@id":"https:\/\/www.estrategiaconcursos.com.br\/blog\/edital-concurso-prefeitura-de-jacarei\/#primaryimage","url":"https:\/\/dhg1h5j42swfq.cloudfront.net\/2019\/11\/05113826\/Saiu-Edital-8.png","contentUrl":"https:\/\/dhg1h5j42swfq.cloudfront.net\/2019\/11\/05113826\/Saiu-Edital-8.png","width":1200,"height":628,"caption":"PSS NOVA IGUA\u00c7U RJ"},{"@type":"BreadcrumbList","@id":"https:\/\/www.estrategiaconcursos.com.br\/blog\/edital-concurso-prefeitura-de-jacarei\/#breadcrumb","itemListElement":[{"@type":"ListItem","position":1,"name":"In\u00edcio","item":"https:\/\/www.estrategiaconcursos.com.br\/blog\/"},{"@type":"ListItem","position":2,"name":"Edital Prefeitura de Jacare\u00ed: certame com 51 vagas \u00e9 suspenso"}]},{"@type":"WebSite","@id":"https:\/\/www.estrategiaconcursos.com.br\/blog\/#website","url":"https:\/\/www.estrategiaconcursos.com.br\/blog\/","name":"Estrat\u00e9gia Concursos","description":"O blog da Estrat\u00e9gia Concursos traz not\u00edcias sobre concursos e artigos de professores oferecendo cursos para concursos (pdf + videaulas) no site.","publisher":{"@id":"https:\/\/www.estrategiaconcursos.com.br\/blog\/#organization"},"potentialAction":[{"@type":"SearchAction","target":{"@type":"EntryPoint","urlTemplate":"https:\/\/www.estrategiaconcursos.com.br\/blog\/?s={search_term_string}"},"query-input":{"@type":"PropertyValueSpecification","valueRequired":true,"valueName":"search_term_string"}}],"inLanguage":"pt-BR"},{"@type":"Organization","@id":"https:\/\/www.estrategiaconcursos.com.br\/blog\/#organization","name":"Estrat\u00e9gia Concursos","url":"https:\/\/www.estrategiaconcursos.com.br\/blog\/","logo":{"@type":"ImageObject","inLanguage":"pt-BR","@id":"https:\/\/www.estrategiaconcursos.com.br\/blog\/#\/schema\/logo\/image\/","url":"https:\/\/dhg1h5j42swfq.cloudfront.net\/2025\/06\/03203428\/logo_concursos-1.jpg","contentUrl":"https:\/\/dhg1h5j42swfq.cloudfront.net\/2025\/06\/03203428\/logo_concursos-1.jpg","width":230,"height":60,"caption":"Estrat\u00e9gia Concursos"},"image":{"@id":"https:\/\/www.estrategiaconcursos.com.br\/blog\/#\/schema\/logo\/image\/"},"sameAs":["https:\/\/x.com\/EstratConcursos"]},{"@type":"Person","@id":"https:\/\/www.estrategiaconcursos.com.br\/blog\/#\/schema\/person\/1509739fd92a40c9b52116de04a90310","name":"Tiago Zanolla","image":{"@type":"ImageObject","inLanguage":"pt-BR","@id":"https:\/\/secure.gravatar.com\/avatar\/e647cb200c21008603a1760df42f3f713d32dd977761568b5689c47f0b1747ee?s=96&d=mm&r=g","url":"https:\/\/secure.gravatar.com\/avatar\/e647cb200c21008603a1760df42f3f713d32dd977761568b5689c47f0b1747ee?s=96&d=mm&r=g","contentUrl":"https:\/\/secure.gravatar.com\/avatar\/e647cb200c21008603a1760df42f3f713d32dd977761568b5689c47f0b1747ee?s=96&d=mm&r=g","caption":"Tiago Zanolla"},"url":"https:\/\/www.estrategiaconcursos.com.br\/blog\/author\/zanolla-estrategiagmail-com\/"}]}},"_links":{"self":[{"href":"https:\/\/www.estrategiaconcursos.com.br\/blog\/wp-json\/wp\/v2\/posts\/493987","targetHints":{"allow":["GET"]}}],"collection":[{"href":"https:\/\/www.estrategiaconcursos.com.br\/blog\/wp-json\/wp\/v2\/posts"}],"about":[{"href":"https:\/\/www.estrategiaconcursos.com.br\/blog\/wp-json\/wp\/v2\/types\/post"}],"author":[{"embeddable":true,"href":"https:\/\/www.estrategiaconcursos.com.br\/blog\/wp-json\/wp\/v2\/users\/388"}],"replies":[{"embeddable":true,"href":"https:\/\/www.estrategiaconcursos.com.br\/blog\/wp-json\/wp\/v2\/comments?post=493987"}],"version-history":[{"count":6,"href":"https:\/\/www.estrategiaconcursos.com.br\/blog\/wp-json\/wp\/v2\/posts\/493987\/revisions"}],"predecessor-version":[{"id":498781,"href":"https:\/\/www.estrategiaconcursos.com.br\/blog\/wp-json\/wp\/v2\/posts\/493987\/revisions\/498781"}],"wp:featuredmedia":[{"embeddable":true,"href":"https:\/\/www.estrategiaconcursos.com.br\/blog\/wp-json\/wp\/v2\/media\/444273"}],"wp:attachment":[{"href":"https:\/\/www.estrategiaconcursos.com.br\/blog\/wp-json\/wp\/v2\/media?parent=493987"}],"wp:term":[{"taxonomy":"category","embeddable":true,"href":"https:\/\/www.estrategiaconcursos.com.br\/blog\/wp-json\/wp\/v2\/categories?post=493987"},{"taxonomy":"post_tag","embeddable":true,"href":"https:\/\/www.estrategiaconcursos.com.br\/blog\/wp-json\/wp\/v2\/tags?post=493987"},{"taxonomy":"tax_estado","embeddable":true,"href":"https:\/\/www.estrategiaconcursos.com.br\/blog\/wp-json\/wp\/v2\/tax_estado?post=493987"}],"curies":[{"name":"wp","href":"https:\/\/api.w.org\/{rel}","templated":true}]}}