{"id":493912,"date":"2020-03-19T10:59:11","date_gmt":"2020-03-19T13:59:11","guid":{"rendered":"https:\/\/www.estrategiaconcursos.com.br\/blog\/?p=493912"},"modified":"2023-08-02T11:55:05","modified_gmt":"2023-08-02T14:55:05","slug":"edital-prefeitura-de-cascavel","status":"publish","type":"post","link":"https:\/\/www.estrategiaconcursos.com.br\/blog\/edital-prefeitura-de-cascavel\/","title":{"rendered":"Edital Prefeitura de Cascavel: certame \u00e9 SUSPENSO temporariamente"},"content":{"rendered":"\n<p>A Prefeitura de Cascavel, munic\u00edpio do Estado do Paran\u00e1, suspendeu seus concursos p\u00fablicos em andamento. Al\u00e9m da suspens\u00e3o das provas, as inscri\u00e7\u00f5es tamb\u00e9m ficam anuladas. Candidatos que j\u00e1 se inscreveram e pagaram o valor da taxa ser\u00e3o comunicados em breve sobre o procedimento de estorno.<\/p>\n\n\n\n<p>A decis\u00e3o foi tomada por conta das recomenda\u00e7\u00f5es das autoridades de sa\u00fade e de decretos que proibem eventos com aglomera\u00e7\u00f5es de pessoas, de modo a evitar a propaga\u00e7\u00e3o do novo Coronav\u00edrus.<\/p>\n\n\n\n<p>Maiores informa\u00e7\u00f5es ser\u00e3o divulgadas oportunamente pela Prefeitura e pela Objetiva Concursos.<\/p>\n\n\n\n<p>S\u00e3o ofertadas no certame 44 vagas imediatas mais cadastro reserva para diversos cargos de n\u00edveis fundamental, m\u00e9dio e superior. A organiza\u00e7\u00e3o do concurso ficou por conta da <strong>Objetiva Concursos.<\/strong><\/p>\n\n\n\n<p>Ao longo deste artigo reunimos as principais informa\u00e7\u00f5es sobre o certame para que voc\u00ea possa se preparar e garantir uma das vagas.<\/p>\n\n\n\n<h2 class=\"wp-block-heading\">Distribui\u00e7\u00e3o das vagas<\/h2>\n\n\n\n<h3 class=\"wp-block-heading\">N\u00edvel fundamental<\/h3>\n\n\n\n<figure class=\"wp-block-table is-style-stripes\"><table class=\"has-background has-fixed-layout\" style=\"background-color:#e7f5fe\"><tbody><tr><td><strong>Cargos<\/strong><\/td><td><strong>Vagas<\/strong><\/td><td><strong>Remunera\u00e7\u00e3o<\/strong><\/td><\/tr><tr><td> Motorista II <\/td><td> 05+CR <\/td><td> 1.441,90 <\/td><\/tr><\/tbody><\/table><\/figure>\n\n\n\n<h3 class=\"wp-block-heading\">N\u00edvel m\u00e9dio e m\u00e9dio\/t\u00e9cnico<\/h3>\n\n\n\n<figure class=\"wp-block-table is-style-stripes\"><table class=\"has-background has-fixed-layout\" style=\"background-color:#e7f5fe\"><tbody><tr><td><strong>Cargos<\/strong><\/td><td><strong>Vagas<\/strong><\/td><td><strong>Remunera\u00e7\u00e3o<\/strong> <strong>(R$)<\/strong><\/td><\/tr><tr><td> Agente Comunit\u00e1rio de Sa\u00fade <\/td><td> 04+CR <\/td><td> 1.310,84 <\/td><\/tr><tr><td> Agente de Combate \u00e0s Endemias <\/td><td> 06+CR <\/td><td> 1.310,84 <\/td><\/tr><tr><td> Instrutor de Inform\u00e1tica <\/td><td> 02+CR <\/td><td> 2.354,33 <\/td><\/tr><tr><td> Monitor de Biblioteca <\/td><td> 01+CR <\/td><td> 2.354,33 <\/td><\/tr><tr><td> T\u00e9cnico em Farm\u00e1cia <\/td><td> CR<\/td><td> 1.533,31 <\/td><\/tr><tr><td> T\u00e9cnico em Laborat\u00f3rio de An\u00e1lises Cl\u00ednicas <\/td><td> CR<\/td><td> 1.686,53 <\/td><\/tr><tr><td> T\u00e9cnico em Meio Ambiente <\/td><td> CR<\/td><td> 2.040,78 <\/td><\/tr><\/tbody><\/table><\/figure>\n\n\n\n<h3 class=\"wp-block-heading\">N\u00edvel superior<\/h3>\n\n\n\n<figure class=\"wp-block-table is-style-stripes\"><table class=\"has-background has-fixed-layout\" style=\"background-color:#e7f5fe\"><tbody><tr><td><strong>Cargos<\/strong><\/td><td><strong>Vagas<\/strong><\/td><td><strong>Remunera\u00e7\u00e3o<\/strong> <strong>(R$)<\/strong><\/td><\/tr><tr><td> Administrador Hospitalar <\/td><td> 01+CR <\/td><td> 4.324,42 <\/td><\/tr><tr><td> Assistente Social <\/td><td> 04+CR <\/td><td> 3.269,83 <\/td><\/tr><tr><td> Bibliotec\u00e1rio <\/td><td> CR <\/td><td> 4.324,42 <\/td><\/tr><tr><td> Dentista 40h <\/td><td> CR <\/td><td> 6.497,66 <\/td><\/tr><tr><td> Engenheiro de Seguran\u00e7a do trabalho<\/td><td> CR<\/td><td> 5.991,83 <\/td><\/tr><tr><td> Farmac\u00eautico <\/td><td> CR<\/td><td> 3.269,83 <\/td><\/tr><tr><td> M\u00e9dico 20h (v\u00e1rios)<\/td><td> CR<\/td><td> 9.432,39 <\/td><\/tr><tr><td> M\u00e9dico 40h<\/td><td> CR<\/td><td> 18.972,30 <\/td><\/tr><tr><td> Nutricionista <\/td><td> CR<\/td><td> 3.269,83 <\/td><\/tr><tr><td> Professor<\/td><td> 19+CR <\/td><td> 1.667,67 a 2.219,67 <\/td><\/tr><tr><td> Terapeuta Ocupacional <\/td><td> CR<\/td><td> 3.269,83 <\/td><\/tr><tr><td> Tradutor e Int\u00e9rprete de Libras <\/td><td> Tradutor e Int\u00e9rprete de Libras <\/td><td> 3.269,83 <\/td><\/tr><\/tbody><\/table><\/figure>\n\n\n\n<h2 class=\"wp-block-heading\">Etapas do Concurso<\/h2>\n\n\n\n<ol class=\"wp-block-list\">\n<li><strong>Prova Objetiva<\/strong> para todos os cargos (eliminat\u00f3rio\/classificat\u00f3rio)<\/li>\n\n\n\n<li><strong>Prova Dissertativa<\/strong> para os cargos de Bibliotec\u00e1rio, Monitor de Biblioteca e Professor (eliminat\u00f3rio\/classificat\u00f3rio)<\/li>\n\n\n\n<li><strong>Prova Pr\u00e1tica <\/strong>para os cargos de Tradutor e Motorista II (eliminat\u00f3rio\/classificat\u00f3rio)<\/li>\n\n\n\n<li><strong>Prova de T\u00edtulos <\/strong>somente para o cargo de Professor (classificat\u00f3rio)<\/li>\n\n\n\n<li><strong>Exame Pr\u00e9 Admissional<\/strong> para todos os cargos (eliminat\u00f3rio)<\/li>\n<\/ol>\n\n\n\n<h2 class=\"wp-block-heading\">Prova Objetiva<\/h2>\n\n\n\n<p>A prova objetiva ser\u00e1 constitu\u00edda por quest\u00f5es de m\u00faltipla escolha, com cinco alternativas cada. O tempo de dura\u00e7\u00e3o da Prova Objetiva ser\u00e1 de at\u00e9 4 horas para os cargos de Bibliotec\u00e1rio, Monitor de Biblioteca e Professor e 3 horas para os demais cargos.<\/p>\n\n\n\n<figure class=\"wp-block-image size-large\"><img decoding=\"async\" src=\"https:\/\/dhg1h5j42swfq.cloudfront.net\/2020\/03\/19105310\/Sem-t%C3%ADtulo-3.png\" alt=\"\" class=\"wp-image-493957\"\/><\/figure>\n\n\n\n<h2 class=\"wp-block-heading\">Prova Dissertativa<\/h2>\n\n\n\n<p>A Prova Dissertativa versar\u00e1 sobre tema da atualidade, o qual poder\u00e1 ter rela\u00e7\u00e3o com a \u00e1rea de atividade ou especialidade do cargos e consistir\u00e1 na elabora\u00e7\u00e3o de reda\u00e7\u00e3o de no m\u00ednimo 25 e no m\u00e1ximo 30 linhas. <\/p>\n\n\n\n<p>Somente ser\u00e3o considerados aprovados na etapa os candidatos que obtiverem nota igual ou superior a 6,00 pontos.<\/p>\n\n\n\n<h2 class=\"wp-block-heading\">Prova Pr\u00e1tica<\/h2>\n\n\n\n<p>A Prova Pr\u00e1tica ser\u00e1 avaliada na escala de 0 a 50 pontos. Ser\u00e1 considerado aprovado o candidato que obtiver nota igual ou superior a 30,00 pontos.<\/p>\n\n\n\n<h2 class=\"wp-block-heading\">Prova de T\u00edtulos<\/h2>\n\n\n\n<p>A prova de t\u00edtulos tem car\u00e1ter classificat\u00f3rio, sendo que o candidato que deixar de encaminhar as documenta\u00e7\u00f5es necess\u00e1rias n\u00e3o ser\u00e1 eliminado do certame, somente n\u00e3o ter\u00e1 somados os pontos correspondentes a esta etapa.<\/p>\n\n\n\n<figure class=\"wp-block-image size-large\"><img loading=\"lazy\" decoding=\"async\" width=\"884\" height=\"426\" src=\"https:\/\/dhg1h5j42swfq.cloudfront.net\/2020\/03\/19105220\/titulos-2.png\" alt=\"\" class=\"wp-image-493956\" srcset=\"https:\/\/dhg1h5j42swfq.cloudfront.net\/2020\/03\/19105220\/titulos-2.png 884w, https:\/\/dhg1h5j42swfq.cloudfront.net\/2020\/03\/19105220\/titulos-2-300x145.png 300w, https:\/\/dhg1h5j42swfq.cloudfront.net\/2020\/03\/19105220\/titulos-2-768x370.png 768w, https:\/\/dhg1h5j42swfq.cloudfront.net\/2020\/03\/19105220\/titulos-2-610x294.png 610w\" sizes=\"auto, (max-width: 884px) 100vw, 884px\" \/><\/figure>\n\n\n\n<h2 class=\"wp-block-heading\" id=\"cursos-assinatura\"><strong><em>Quer estudar para o concurso da Prefeitura de Cascavel?<\/em><\/strong><\/h2>\n\n\n\n<p class=\"has-text-align-center\"><em>Gostou desta oportunidade e deseja come\u00e7ar se preparar agora mesmo? Ent\u00e3o, confira os nossos cursos e comece a estudar para Prefeitura de Cascavel:<\/em><\/p>\n\n\n\n<p class=\"has-text-align-center has-luminous-vivid-amber-background-color has-background\"><strong><a href=\"https:\/\/www.estrategiaconcursos.com.br\/cursosPorConcurso\/prefeitura-municipal-de-cascavel-pr\/\" target=\"_blank\" rel=\"noreferrer noopener\" aria-label=\"CURSOS PREFEITURA DE CASCAVEL (abre numa nova aba)\">CURSOS PREFEITURA DE CASCAVEL<\/a><\/strong><\/p>\n\n\n\n<p class=\"has-text-align-center\"><em><strong>Assinatura Anual Ilimitada*<\/strong><\/em><\/p>\n\n\n\n<p class=\"has-text-align-center\"><em>Prepare-se com o melhor material e com quem mais aprova em Concursos P\u00fablicos em todo o pa\u00eds. Assine agora a nossa Assinatura Anual e tenha acesso ilimitado* a todos os nossos cursos.<\/em><\/p>\n\n\n\n<p class=\"has-text-align-center has-light-green-cyan-background-color has-background has-medium-font-size\"><strong>ASSINE AGORA<\/strong>&nbsp;\u2013&nbsp;<a rel=\"noreferrer noopener\" href=\"https:\/\/www.estrategiaconcursos.com.br\/assinaturas\" target=\"_blank\"><strong>Assinatura Ilimitada<\/strong><\/a><\/p>\n\n\n\n<p class=\"has-text-align-center\"><em><strong>Fique por dentro de todos os concursos<\/strong><\/em>:<\/p>\n\n\n\n<p class=\"has-text-align-center has-pale-cyan-blue-background-color has-background has-medium-font-size\"><a href=\"https:\/\/www.estrategiaconcursos.com.br\/blog\/concursos-abertos\/\" target=\"_blank\" rel=\"noreferrer noopener\"><strong>Concursos abertos<\/strong><\/a><\/p>\n\n\n\n<figure class=\"wp-block-image\"><img loading=\"lazy\" decoding=\"async\" width=\"300\" height=\"102\" src=\"https:\/\/dhg1h5j42swfq.cloudfront.net\/2019\/05\/23103736\/coruja-ficha-tecnica-300x1021.png\" alt=\"\" class=\"wp-image-376876\"\/><\/figure>\n\n\n\n<h3 class=\"wp-block-heading\" id=\"ficha-tecnica\">Ficha t\u00e9cnica do edital Prefeitura de Cascavel<\/h3>\n\n\n\n<p>\u25ba<strong>Provas<\/strong>: SUSPENSAS<br \/>\u25ba<strong>Vagas<\/strong>: 44 + CR<br \/>\u25ba<strong>Cargos<\/strong>: V\u00e1rios<br \/>\u25ba<strong>Banca<\/strong>: Objetiva Concursos<br \/>\u25ba<strong>Escolaridade<\/strong>: N\u00edvel fundamental, m\u00e9dio e superior<br \/>\u25ba<strong>Edital<\/strong>:&nbsp;<a rel=\"noreferrer noopener\" aria-label=\"Edital Prefeitura de Cascavel (abre numa nova aba)\" href=\"https:\/\/dhg1h5j42swfq.cloudfront.net\/2020\/03\/19100754\/edital-3.pdf\" target=\"_blank\">Edital Prefeitura de Cascavel<\/a> | <a rel=\"noreferrer noopener\" href=\"https:\/\/dhg1h5j42swfq.cloudfront.net\/2020\/03\/31100848\/cascavel-1.pdf\" target=\"_blank\">Aviso de Suspens\u00e3o<\/a>  <\/p>\n\n\n\n<p><br \/><em>Ascom Estrat\u00e9gia<\/em><br \/>ascomestrategia@gmail.com<\/p>\n","protected":false},"excerpt":{"rendered":"<p>A Prefeitura de Cascavel, munic\u00edpio do Estado do Paran\u00e1, suspendeu seus concursos p\u00fablicos em andamento. Al\u00e9m da suspens\u00e3o das provas, as inscri\u00e7\u00f5es tamb\u00e9m ficam anuladas. Candidatos que j\u00e1 se inscreveram e pagaram o valor da taxa ser\u00e3o comunicados em breve sobre o procedimento de estorno. A decis\u00e3o foi tomada por conta das recomenda\u00e7\u00f5es das autoridades [&hellip;]<\/p>\n","protected":false},"author":388,"featured_media":444277,"comment_status":"open","ping_status":"closed","sticky":false,"template":"","format":"standard","meta":{"post_tipo":"article","footnotes":""},"categories":[1],"tags":[],"tax_estado":[],"class_list":["post-493912","post","type-post","status-publish","format-standard","has-post-thumbnail","hentry","category-cursos-e-concursos"],"acf":[],"yoast_head":"<!-- This site is optimized with the Yoast SEO Premium plugin v27.2 (Yoast SEO v27.2) - https:\/\/yoast.com\/product\/yoast-seo-premium-wordpress\/ -->\n<title>Edital Prefeitura de Cascavel: certame \u00e9 SUSPENSO temporariamente<\/title>\n<meta name=\"description\" content=\"Concurso p\u00fablico da Prefeitura de Cascavel \u00e9 suspenso temporariamente por conta do novo Coronav\u00edrus. Inscri\u00e7\u00f5es tamb\u00e9m ficam suspensas. Confira!\" \/>\n<meta name=\"robots\" content=\"index, follow, max-snippet:-1, max-image-preview:large, max-video-preview:-1\" \/>\n<link rel=\"canonical\" href=\"https:\/\/www.estrategiaconcursos.com.br\/blog\/edital-prefeitura-de-cascavel\/\" \/>\n<meta property=\"og:locale\" content=\"pt_BR\" \/>\n<meta property=\"og:type\" content=\"article\" \/>\n<meta property=\"og:title\" content=\"Edital Prefeitura de Cascavel: certame \u00e9 SUSPENSO temporariamente\" \/>\n<meta property=\"og:description\" content=\"Concurso p\u00fablico da Prefeitura de Cascavel \u00e9 suspenso temporariamente por conta do novo Coronav\u00edrus. Inscri\u00e7\u00f5es tamb\u00e9m ficam suspensas. Confira!\" \/>\n<meta property=\"og:url\" content=\"https:\/\/www.estrategiaconcursos.com.br\/blog\/edital-prefeitura-de-cascavel\/\" \/>\n<meta property=\"og:site_name\" content=\"Estrat\u00e9gia Concursos\" \/>\n<meta property=\"article:published_time\" content=\"2020-03-19T13:59:11+00:00\" \/>\n<meta property=\"article:modified_time\" content=\"2023-08-02T14:55:05+00:00\" \/>\n<meta property=\"og:image\" content=\"https:\/\/dhg1h5j42swfq.cloudfront.net\/2019\/11\/05113857\/Saiu-Edital-5.png\" \/>\n\t<meta property=\"og:image:width\" content=\"1200\" \/>\n\t<meta property=\"og:image:height\" content=\"628\" \/>\n\t<meta property=\"og:image:type\" content=\"image\/png\" \/>\n<meta name=\"author\" content=\"Tiago Zanolla\" \/>\n<meta name=\"twitter:card\" content=\"summary_large_image\" \/>\n<meta name=\"twitter:creator\" content=\"@EstratConcursos\" \/>\n<meta name=\"twitter:site\" content=\"@EstratConcursos\" \/>\n<meta name=\"twitter:label1\" content=\"Escrito por\" \/>\n\t<meta name=\"twitter:data1\" content=\"Tiago Zanolla\" \/>\n\t<meta name=\"twitter:label2\" content=\"Est. tempo de leitura\" \/>\n\t<meta name=\"twitter:data2\" content=\"3 minutos\" \/>\n<script type=\"application\/ld+json\" class=\"yoast-schema-graph\">{\"@context\":\"https:\/\/schema.org\",\"@graph\":[{\"@type\":\"NewsArticle\",\"@id\":\"https:\/\/www.estrategiaconcursos.com.br\/blog\/edital-prefeitura-de-cascavel\/#article\",\"isPartOf\":{\"@id\":\"https:\/\/www.estrategiaconcursos.com.br\/blog\/edital-prefeitura-de-cascavel\/\"},\"author\":{\"name\":\"Tiago Zanolla\",\"@id\":\"https:\/\/www.estrategiaconcursos.com.br\/blog\/#\/schema\/person\/1509739fd92a40c9b52116de04a90310\"},\"headline\":\"Edital Prefeitura de Cascavel: certame \u00e9 SUSPENSO temporariamente\",\"datePublished\":\"2020-03-19T13:59:11+00:00\",\"dateModified\":\"2023-08-02T14:55:05+00:00\",\"mainEntityOfPage\":{\"@id\":\"https:\/\/www.estrategiaconcursos.com.br\/blog\/edital-prefeitura-de-cascavel\/\"},\"wordCount\":673,\"commentCount\":0,\"publisher\":{\"@id\":\"https:\/\/www.estrategiaconcursos.com.br\/blog\/#organization\"},\"image\":{\"@id\":\"https:\/\/www.estrategiaconcursos.com.br\/blog\/edital-prefeitura-de-cascavel\/#primaryimage\"},\"thumbnailUrl\":\"https:\/\/dhg1h5j42swfq.cloudfront.net\/2019\/11\/05113857\/Saiu-Edital-5.png\",\"articleSection\":[\"Concursos P\u00fablicos\"],\"inLanguage\":\"pt-BR\",\"potentialAction\":[{\"@type\":\"CommentAction\",\"name\":\"Comment\",\"target\":[\"https:\/\/www.estrategiaconcursos.com.br\/blog\/edital-prefeitura-de-cascavel\/#respond\"]}],\"copyrightYear\":\"2020\",\"copyrightHolder\":{\"@id\":\"https:\/\/www.estrategiaconcursos.com.br\/blog\/#organization\"}},{\"@type\":\"WebPage\",\"@id\":\"https:\/\/www.estrategiaconcursos.com.br\/blog\/edital-prefeitura-de-cascavel\/\",\"url\":\"https:\/\/www.estrategiaconcursos.com.br\/blog\/edital-prefeitura-de-cascavel\/\",\"name\":\"Edital Prefeitura de Cascavel: certame \u00e9 SUSPENSO temporariamente\",\"isPartOf\":{\"@id\":\"https:\/\/www.estrategiaconcursos.com.br\/blog\/#website\"},\"primaryImageOfPage\":{\"@id\":\"https:\/\/www.estrategiaconcursos.com.br\/blog\/edital-prefeitura-de-cascavel\/#primaryimage\"},\"image\":{\"@id\":\"https:\/\/www.estrategiaconcursos.com.br\/blog\/edital-prefeitura-de-cascavel\/#primaryimage\"},\"thumbnailUrl\":\"https:\/\/dhg1h5j42swfq.cloudfront.net\/2019\/11\/05113857\/Saiu-Edital-5.png\",\"datePublished\":\"2020-03-19T13:59:11+00:00\",\"dateModified\":\"2023-08-02T14:55:05+00:00\",\"description\":\"Concurso p\u00fablico da Prefeitura de Cascavel \u00e9 suspenso temporariamente por conta do novo Coronav\u00edrus. Inscri\u00e7\u00f5es tamb\u00e9m ficam suspensas. Confira!\",\"breadcrumb\":{\"@id\":\"https:\/\/www.estrategiaconcursos.com.br\/blog\/edital-prefeitura-de-cascavel\/#breadcrumb\"},\"inLanguage\":\"pt-BR\",\"potentialAction\":[{\"@type\":\"ReadAction\",\"target\":[\"https:\/\/www.estrategiaconcursos.com.br\/blog\/edital-prefeitura-de-cascavel\/\"]}]},{\"@type\":\"ImageObject\",\"inLanguage\":\"pt-BR\",\"@id\":\"https:\/\/www.estrategiaconcursos.com.br\/blog\/edital-prefeitura-de-cascavel\/#primaryimage\",\"url\":\"https:\/\/dhg1h5j42swfq.cloudfront.net\/2019\/11\/05113857\/Saiu-Edital-5.png\",\"contentUrl\":\"https:\/\/dhg1h5j42swfq.cloudfront.net\/2019\/11\/05113857\/Saiu-Edital-5.png\",\"width\":1200,\"height\":628,\"caption\":\"Edital CRF MA\"},{\"@type\":\"BreadcrumbList\",\"@id\":\"https:\/\/www.estrategiaconcursos.com.br\/blog\/edital-prefeitura-de-cascavel\/#breadcrumb\",\"itemListElement\":[{\"@type\":\"ListItem\",\"position\":1,\"name\":\"In\u00edcio\",\"item\":\"https:\/\/www.estrategiaconcursos.com.br\/blog\/\"},{\"@type\":\"ListItem\",\"position\":2,\"name\":\"Edital Prefeitura de Cascavel: certame \u00e9 SUSPENSO temporariamente\"}]},{\"@type\":\"WebSite\",\"@id\":\"https:\/\/www.estrategiaconcursos.com.br\/blog\/#website\",\"url\":\"https:\/\/www.estrategiaconcursos.com.br\/blog\/\",\"name\":\"Estrat\u00e9gia Concursos\",\"description\":\"O blog da Estrat\u00e9gia Concursos traz not\u00edcias sobre concursos e artigos de professores oferecendo cursos para concursos (pdf + videaulas) no site.\",\"publisher\":{\"@id\":\"https:\/\/www.estrategiaconcursos.com.br\/blog\/#organization\"},\"potentialAction\":[{\"@type\":\"SearchAction\",\"target\":{\"@type\":\"EntryPoint\",\"urlTemplate\":\"https:\/\/www.estrategiaconcursos.com.br\/blog\/?s={search_term_string}\"},\"query-input\":{\"@type\":\"PropertyValueSpecification\",\"valueRequired\":true,\"valueName\":\"search_term_string\"}}],\"inLanguage\":\"pt-BR\"},{\"@type\":\"Organization\",\"@id\":\"https:\/\/www.estrategiaconcursos.com.br\/blog\/#organization\",\"name\":\"Estrat\u00e9gia Concursos\",\"url\":\"https:\/\/www.estrategiaconcursos.com.br\/blog\/\",\"logo\":{\"@type\":\"ImageObject\",\"inLanguage\":\"pt-BR\",\"@id\":\"https:\/\/www.estrategiaconcursos.com.br\/blog\/#\/schema\/logo\/image\/\",\"url\":\"https:\/\/dhg1h5j42swfq.cloudfront.net\/2025\/06\/03203428\/logo_concursos-1.jpg\",\"contentUrl\":\"https:\/\/dhg1h5j42swfq.cloudfront.net\/2025\/06\/03203428\/logo_concursos-1.jpg\",\"width\":230,\"height\":60,\"caption\":\"Estrat\u00e9gia Concursos\"},\"image\":{\"@id\":\"https:\/\/www.estrategiaconcursos.com.br\/blog\/#\/schema\/logo\/image\/\"},\"sameAs\":[\"https:\/\/x.com\/EstratConcursos\"]},{\"@type\":\"Person\",\"@id\":\"https:\/\/www.estrategiaconcursos.com.br\/blog\/#\/schema\/person\/1509739fd92a40c9b52116de04a90310\",\"name\":\"Tiago Zanolla\",\"image\":{\"@type\":\"ImageObject\",\"inLanguage\":\"pt-BR\",\"@id\":\"https:\/\/secure.gravatar.com\/avatar\/e647cb200c21008603a1760df42f3f713d32dd977761568b5689c47f0b1747ee?s=96&d=mm&r=g\",\"url\":\"https:\/\/secure.gravatar.com\/avatar\/e647cb200c21008603a1760df42f3f713d32dd977761568b5689c47f0b1747ee?s=96&d=mm&r=g\",\"contentUrl\":\"https:\/\/secure.gravatar.com\/avatar\/e647cb200c21008603a1760df42f3f713d32dd977761568b5689c47f0b1747ee?s=96&d=mm&r=g\",\"caption\":\"Tiago Zanolla\"},\"url\":\"https:\/\/www.estrategiaconcursos.com.br\/blog\/author\/zanolla-estrategiagmail-com\/\"}]}<\/script>\n<!-- \/ Yoast SEO Premium plugin. -->","yoast_head_json":{"title":"Edital Prefeitura de Cascavel: certame \u00e9 SUSPENSO temporariamente","description":"Concurso p\u00fablico da Prefeitura de Cascavel \u00e9 suspenso temporariamente por conta do novo Coronav\u00edrus. Inscri\u00e7\u00f5es tamb\u00e9m ficam suspensas. Confira!","robots":{"index":"index","follow":"follow","max-snippet":"max-snippet:-1","max-image-preview":"max-image-preview:large","max-video-preview":"max-video-preview:-1"},"canonical":"https:\/\/www.estrategiaconcursos.com.br\/blog\/edital-prefeitura-de-cascavel\/","og_locale":"pt_BR","og_type":"article","og_title":"Edital Prefeitura de Cascavel: certame \u00e9 SUSPENSO temporariamente","og_description":"Concurso p\u00fablico da Prefeitura de Cascavel \u00e9 suspenso temporariamente por conta do novo Coronav\u00edrus. Inscri\u00e7\u00f5es tamb\u00e9m ficam suspensas. Confira!","og_url":"https:\/\/www.estrategiaconcursos.com.br\/blog\/edital-prefeitura-de-cascavel\/","og_site_name":"Estrat\u00e9gia Concursos","article_published_time":"2020-03-19T13:59:11+00:00","article_modified_time":"2023-08-02T14:55:05+00:00","og_image":[{"width":1200,"height":628,"url":"https:\/\/dhg1h5j42swfq.cloudfront.net\/2019\/11\/05113857\/Saiu-Edital-5.png","type":"image\/png"}],"author":"Tiago Zanolla","twitter_card":"summary_large_image","twitter_creator":"@EstratConcursos","twitter_site":"@EstratConcursos","twitter_misc":{"Escrito por":"Tiago Zanolla","Est. tempo de leitura":"3 minutos"},"schema":{"@context":"https:\/\/schema.org","@graph":[{"@type":"NewsArticle","@id":"https:\/\/www.estrategiaconcursos.com.br\/blog\/edital-prefeitura-de-cascavel\/#article","isPartOf":{"@id":"https:\/\/www.estrategiaconcursos.com.br\/blog\/edital-prefeitura-de-cascavel\/"},"author":{"name":"Tiago Zanolla","@id":"https:\/\/www.estrategiaconcursos.com.br\/blog\/#\/schema\/person\/1509739fd92a40c9b52116de04a90310"},"headline":"Edital Prefeitura de Cascavel: certame \u00e9 SUSPENSO temporariamente","datePublished":"2020-03-19T13:59:11+00:00","dateModified":"2023-08-02T14:55:05+00:00","mainEntityOfPage":{"@id":"https:\/\/www.estrategiaconcursos.com.br\/blog\/edital-prefeitura-de-cascavel\/"},"wordCount":673,"commentCount":0,"publisher":{"@id":"https:\/\/www.estrategiaconcursos.com.br\/blog\/#organization"},"image":{"@id":"https:\/\/www.estrategiaconcursos.com.br\/blog\/edital-prefeitura-de-cascavel\/#primaryimage"},"thumbnailUrl":"https:\/\/dhg1h5j42swfq.cloudfront.net\/2019\/11\/05113857\/Saiu-Edital-5.png","articleSection":["Concursos P\u00fablicos"],"inLanguage":"pt-BR","potentialAction":[{"@type":"CommentAction","name":"Comment","target":["https:\/\/www.estrategiaconcursos.com.br\/blog\/edital-prefeitura-de-cascavel\/#respond"]}],"copyrightYear":"2020","copyrightHolder":{"@id":"https:\/\/www.estrategiaconcursos.com.br\/blog\/#organization"}},{"@type":"WebPage","@id":"https:\/\/www.estrategiaconcursos.com.br\/blog\/edital-prefeitura-de-cascavel\/","url":"https:\/\/www.estrategiaconcursos.com.br\/blog\/edital-prefeitura-de-cascavel\/","name":"Edital Prefeitura de Cascavel: certame \u00e9 SUSPENSO temporariamente","isPartOf":{"@id":"https:\/\/www.estrategiaconcursos.com.br\/blog\/#website"},"primaryImageOfPage":{"@id":"https:\/\/www.estrategiaconcursos.com.br\/blog\/edital-prefeitura-de-cascavel\/#primaryimage"},"image":{"@id":"https:\/\/www.estrategiaconcursos.com.br\/blog\/edital-prefeitura-de-cascavel\/#primaryimage"},"thumbnailUrl":"https:\/\/dhg1h5j42swfq.cloudfront.net\/2019\/11\/05113857\/Saiu-Edital-5.png","datePublished":"2020-03-19T13:59:11+00:00","dateModified":"2023-08-02T14:55:05+00:00","description":"Concurso p\u00fablico da Prefeitura de Cascavel \u00e9 suspenso temporariamente por conta do novo Coronav\u00edrus. Inscri\u00e7\u00f5es tamb\u00e9m ficam suspensas. Confira!","breadcrumb":{"@id":"https:\/\/www.estrategiaconcursos.com.br\/blog\/edital-prefeitura-de-cascavel\/#breadcrumb"},"inLanguage":"pt-BR","potentialAction":[{"@type":"ReadAction","target":["https:\/\/www.estrategiaconcursos.com.br\/blog\/edital-prefeitura-de-cascavel\/"]}]},{"@type":"ImageObject","inLanguage":"pt-BR","@id":"https:\/\/www.estrategiaconcursos.com.br\/blog\/edital-prefeitura-de-cascavel\/#primaryimage","url":"https:\/\/dhg1h5j42swfq.cloudfront.net\/2019\/11\/05113857\/Saiu-Edital-5.png","contentUrl":"https:\/\/dhg1h5j42swfq.cloudfront.net\/2019\/11\/05113857\/Saiu-Edital-5.png","width":1200,"height":628,"caption":"Edital CRF MA"},{"@type":"BreadcrumbList","@id":"https:\/\/www.estrategiaconcursos.com.br\/blog\/edital-prefeitura-de-cascavel\/#breadcrumb","itemListElement":[{"@type":"ListItem","position":1,"name":"In\u00edcio","item":"https:\/\/www.estrategiaconcursos.com.br\/blog\/"},{"@type":"ListItem","position":2,"name":"Edital Prefeitura de Cascavel: certame \u00e9 SUSPENSO temporariamente"}]},{"@type":"WebSite","@id":"https:\/\/www.estrategiaconcursos.com.br\/blog\/#website","url":"https:\/\/www.estrategiaconcursos.com.br\/blog\/","name":"Estrat\u00e9gia Concursos","description":"O blog da Estrat\u00e9gia Concursos traz not\u00edcias sobre concursos e artigos de professores oferecendo cursos para concursos (pdf + videaulas) no site.","publisher":{"@id":"https:\/\/www.estrategiaconcursos.com.br\/blog\/#organization"},"potentialAction":[{"@type":"SearchAction","target":{"@type":"EntryPoint","urlTemplate":"https:\/\/www.estrategiaconcursos.com.br\/blog\/?s={search_term_string}"},"query-input":{"@type":"PropertyValueSpecification","valueRequired":true,"valueName":"search_term_string"}}],"inLanguage":"pt-BR"},{"@type":"Organization","@id":"https:\/\/www.estrategiaconcursos.com.br\/blog\/#organization","name":"Estrat\u00e9gia Concursos","url":"https:\/\/www.estrategiaconcursos.com.br\/blog\/","logo":{"@type":"ImageObject","inLanguage":"pt-BR","@id":"https:\/\/www.estrategiaconcursos.com.br\/blog\/#\/schema\/logo\/image\/","url":"https:\/\/dhg1h5j42swfq.cloudfront.net\/2025\/06\/03203428\/logo_concursos-1.jpg","contentUrl":"https:\/\/dhg1h5j42swfq.cloudfront.net\/2025\/06\/03203428\/logo_concursos-1.jpg","width":230,"height":60,"caption":"Estrat\u00e9gia Concursos"},"image":{"@id":"https:\/\/www.estrategiaconcursos.com.br\/blog\/#\/schema\/logo\/image\/"},"sameAs":["https:\/\/x.com\/EstratConcursos"]},{"@type":"Person","@id":"https:\/\/www.estrategiaconcursos.com.br\/blog\/#\/schema\/person\/1509739fd92a40c9b52116de04a90310","name":"Tiago Zanolla","image":{"@type":"ImageObject","inLanguage":"pt-BR","@id":"https:\/\/secure.gravatar.com\/avatar\/e647cb200c21008603a1760df42f3f713d32dd977761568b5689c47f0b1747ee?s=96&d=mm&r=g","url":"https:\/\/secure.gravatar.com\/avatar\/e647cb200c21008603a1760df42f3f713d32dd977761568b5689c47f0b1747ee?s=96&d=mm&r=g","contentUrl":"https:\/\/secure.gravatar.com\/avatar\/e647cb200c21008603a1760df42f3f713d32dd977761568b5689c47f0b1747ee?s=96&d=mm&r=g","caption":"Tiago Zanolla"},"url":"https:\/\/www.estrategiaconcursos.com.br\/blog\/author\/zanolla-estrategiagmail-com\/"}]}},"_links":{"self":[{"href":"https:\/\/www.estrategiaconcursos.com.br\/blog\/wp-json\/wp\/v2\/posts\/493912","targetHints":{"allow":["GET"]}}],"collection":[{"href":"https:\/\/www.estrategiaconcursos.com.br\/blog\/wp-json\/wp\/v2\/posts"}],"about":[{"href":"https:\/\/www.estrategiaconcursos.com.br\/blog\/wp-json\/wp\/v2\/types\/post"}],"author":[{"embeddable":true,"href":"https:\/\/www.estrategiaconcursos.com.br\/blog\/wp-json\/wp\/v2\/users\/388"}],"replies":[{"embeddable":true,"href":"https:\/\/www.estrategiaconcursos.com.br\/blog\/wp-json\/wp\/v2\/comments?post=493912"}],"version-history":[{"count":11,"href":"https:\/\/www.estrategiaconcursos.com.br\/blog\/wp-json\/wp\/v2\/posts\/493912\/revisions"}],"predecessor-version":[{"id":1259056,"href":"https:\/\/www.estrategiaconcursos.com.br\/blog\/wp-json\/wp\/v2\/posts\/493912\/revisions\/1259056"}],"wp:featuredmedia":[{"embeddable":true,"href":"https:\/\/www.estrategiaconcursos.com.br\/blog\/wp-json\/wp\/v2\/media\/444277"}],"wp:attachment":[{"href":"https:\/\/www.estrategiaconcursos.com.br\/blog\/wp-json\/wp\/v2\/media?parent=493912"}],"wp:term":[{"taxonomy":"category","embeddable":true,"href":"https:\/\/www.estrategiaconcursos.com.br\/blog\/wp-json\/wp\/v2\/categories?post=493912"},{"taxonomy":"post_tag","embeddable":true,"href":"https:\/\/www.estrategiaconcursos.com.br\/blog\/wp-json\/wp\/v2\/tags?post=493912"},{"taxonomy":"tax_estado","embeddable":true,"href":"https:\/\/www.estrategiaconcursos.com.br\/blog\/wp-json\/wp\/v2\/tax_estado?post=493912"}],"curies":[{"name":"wp","href":"https:\/\/api.w.org\/{rel}","templated":true}]}}