{"id":493659,"date":"2020-03-18T16:00:59","date_gmt":"2020-03-18T19:00:59","guid":{"rendered":"https:\/\/www.estrategiaconcursos.com.br\/blog\/?p=493659"},"modified":"2020-03-18T16:19:22","modified_gmt":"2020-03-18T19:19:22","slug":"coronavirus-medidas-economicas","status":"publish","type":"post","link":"https:\/\/www.estrategiaconcursos.com.br\/blog\/coronavirus-medidas-economicas\/","title":{"rendered":"Coronav\u00edrus: Planalto anuncia medidas econ\u00f4micas de emerg\u00eancia"},"content":{"rendered":"\n<h2 class=\"wp-block-heading\"><strong><em>Medidas devem entrar em vigor quando Congresso Nacional aprovar estado de calamidade <\/em><\/strong><\/h2>\n\n\n\n<p>O Ministro da Economia Paulo Guedes, anunciou em coletiva realizada nesta quarta-feira, 18 de mar\u00e7o, diversas<strong> medidas emergenciais<\/strong> para tentar conter os preju\u00edzos causados pelo <em>coronav\u00edrus (COVID-19) <\/em>pelos pr\u00f3ximos<strong> tr\u00eas meses<\/strong>.<\/p>\n\n\n\n<p>Ser\u00e3o destinados R$ 147,3 bilh\u00f5es para resguardar a parcela mais vulner\u00e1vel da sociedade, empresas com dificuldades e refor\u00e7ar a \u00e1rea da sa\u00fade. <\/p>\n\n\n\n<p>Do total, R$ 83,4 bilh\u00f5es ser\u00e3o usados para socorrer idosos e pessoas carentes. Outra medida adotada ser\u00e1 a de zerar a fila de espera do Bolsa Fam\u00edlia, ao incluir cerca de 1 milh\u00e3o de pessoas no programa de transfer\u00eancia de renda. <\/p>\n\n\n\n<p>O custo ser\u00e1 de R$ 3,1 bilh\u00f5es, que ser\u00e3o retirados de outra \u00e1rea do Or\u00e7amento, ainda n\u00e3o definida pelo governo. O valor ser\u00e1 remanejado por Projeto de Lei do Congresso Nacional (PLN). <\/p>\n\n\n\n<p>O 13\u00b0 sal\u00e1rio de aposentados e pensionistas ser\u00e3o antecipados, sendo assim, R$ 46 bilh\u00f5es de reais ser\u00e3o liberados para a popula\u00e7\u00e3o mais vulner\u00e1vel em duas parcelas, primeira em abril e a segunda em maio.<\/p>\n\n\n\n<p>Guedes tamb\u00e9m anunciou o pagamento de todas as parcelas do abono salarial em junho, mais R$ 12,8 bilh\u00f5es para os menos favorecidos.\u00a0Al\u00e9m disso, o governo vai liberar mais dinheiro para saques do FGTS. Valores que n\u00e3o foram retirados do PIS\/Pasep v\u00e3o ser transferidos para o fundo, o que representa mais R$ 21,5 bilh\u00f5es. <\/p>\n\n\n\n<p>Para fomentar a manuten\u00e7\u00e3o dos empregos que devem sofrer muito nesta crise, o governo anunciou que as empresas poder\u00e3o adiar o pagamento do Simples Nacional e o dep\u00f3sito do Fundo de Garantia por Tempo de Servi\u00e7o (FGTS) dos trabalhadores, por tr\u00eas meses.<\/p>\n\n\n\n<p>O governo tamb\u00e9m anunciou o repasse de R$ 4,5 bilh\u00f5es do fundo do DPVAT \u2013 seguro veicular obrigat\u00f3rio \u2013 para o combate ao coronav\u00edrus, e a redu\u00e7\u00e3o do Imposto sobre Produtos Industrializados (IPI) para produtos nacionais e importados que tenham rela\u00e7\u00e3o com o enfrentamento da doen\u00e7a. <\/p>\n\n\n\n<p>J\u00e1 os trabalhadores informais e pessoas desassistidas ter\u00e3o por quatro meses voucher no valor de R$200,00. De acordo com o Ministro, o cupom dever\u00e1 ser liberado em at\u00e9 duas semanas, sendo que o valor do voucher n\u00e3o poder\u00e1 ser maior nem menor do que o Bolsa Fam\u00edlia.<\/p>\n\n\n\n<p>O requerimento do voucher dever\u00e1 ser feito na Caixa Econ\u00f4mica. Para saber se pode ou n\u00e3o ter o beneficio, o requerente dever\u00e1 apresentar documento de identifica\u00e7\u00e3o, caso o mesmo n\u00e3o receba Bolsa Fam\u00edlia ou BPC (Benef\u00edcio de Presta\u00e7\u00e3o Continuada) estar\u00e1 habilitado e j\u00e1 receber\u00e1 o dinheiro. <\/p>\n\n\n\n<p class=\"has-text-align-center\"><em><strong>Assinatura Anual Ilimitada*<\/strong><\/em><\/p>\n\n\n\n<p class=\"has-text-align-center\"><em>Prepare-se com o melhor material e com quem mais aprova em Concursos P\u00fablicos em todo o pa\u00eds. Assine agora a nossa Assinatura Anual e tenha acesso ilimitado* a todos os nossos cursos.<\/em><\/p>\n\n\n\n<p class=\"has-background has-text-align-center has-medium-font-size has-light-green-cyan-background-color\"><strong>ASSINE AGORA<\/strong>&nbsp;\u2013&nbsp;<a rel=\"noreferrer noopener\" href=\"https:\/\/www.estrategiaconcursos.com.br\/assinaturas\" target=\"_blank\"><strong>Assinatura Ilimitada<\/strong><\/a><\/p>\n\n\n\n<p class=\"has-text-align-center\"><em><strong>Fique por dentro de todos os concursos<\/strong><\/em>:<\/p>\n\n\n\n<p class=\"has-background has-text-align-center has-medium-font-size has-pale-cyan-blue-background-color\"><a rel=\"noreferrer noopener\" href=\"https:\/\/www.estrategiaconcursos.com.br\/blog\/concursos-abertos\/\" target=\"_blank\"><strong>Concursos abertos<\/strong><\/a><\/p>\n\n\n\n<p class=\"has-background has-text-align-center has-medium-font-size has-pale-cyan-blue-background-color\"><a rel=\"noreferrer noopener\" href=\"https:\/\/www.estrategiaconcursos.com.br\/blog\/concursos-2020\/\" target=\"_blank\"><strong>Concursos 2020<\/strong><\/a><\/p>\n","protected":false},"excerpt":{"rendered":"<p>Medidas devem entrar em vigor quando Congresso Nacional aprovar estado de calamidade O Ministro da Economia Paulo Guedes, anunciou em coletiva realizada nesta quarta-feira, 18 de mar\u00e7o, diversas medidas emergenciais para tentar conter os preju\u00edzos causados pelo coronav\u00edrus (COVID-19) pelos pr\u00f3ximos tr\u00eas meses. Ser\u00e3o destinados R$ 147,3 bilh\u00f5es para resguardar a parcela mais vulner\u00e1vel da [&hellip;]<\/p>\n","protected":false},"author":1,"featured_media":493701,"comment_status":"open","ping_status":"closed","sticky":false,"template":"","format":"standard","meta":{"post_tipo":"news","footnotes":""},"categories":[1],"tags":[],"tax_estado":[],"class_list":["post-493659","post","type-post","status-publish","format-standard","has-post-thumbnail","hentry","category-cursos-e-concursos"],"acf":[],"yoast_head":"<!-- This site is optimized with the Yoast SEO Premium plugin v27.2 (Yoast SEO v27.2) - https:\/\/yoast.com\/product\/yoast-seo-premium-wordpress\/ -->\n<title>Coronav\u00edrus: Planalto anuncia medidas econ\u00f4micas de emerg\u00eancia<\/title>\n<meta name=\"description\" content=\"Ministro Paulo Guedes anunciou medidas econ\u00f4micas para conter a crise financeira do pa\u00eds devido ao surto de coronav\u00edrus. Saiba mais neste artigo!\" \/>\n<meta name=\"robots\" content=\"index, follow, max-snippet:-1, max-image-preview:large, max-video-preview:-1\" \/>\n<link rel=\"canonical\" href=\"https:\/\/www.estrategiaconcursos.com.br\/blog\/coronavirus-medidas-economicas\/\" \/>\n<meta property=\"og:locale\" content=\"pt_BR\" \/>\n<meta property=\"og:type\" content=\"article\" \/>\n<meta property=\"og:title\" content=\"Coronav\u00edrus: Planalto anuncia medidas econ\u00f4micas de emerg\u00eancia\" \/>\n<meta property=\"og:description\" content=\"Ministro Paulo Guedes anunciou medidas econ\u00f4micas para conter a crise financeira do pa\u00eds devido ao surto de coronav\u00edrus. Saiba mais neste artigo!\" \/>\n<meta property=\"og:url\" content=\"https:\/\/www.estrategiaconcursos.com.br\/blog\/coronavirus-medidas-economicas\/\" \/>\n<meta property=\"og:site_name\" content=\"Estrat\u00e9gia Concursos\" \/>\n<meta property=\"article:author\" content=\"https:\/\/www.facebook.com\/EstrategiaConcursos\" \/>\n<meta property=\"article:published_time\" content=\"2020-03-18T19:00:59+00:00\" \/>\n<meta property=\"article:modified_time\" content=\"2020-03-18T19:19:22+00:00\" \/>\n<meta property=\"og:image\" content=\"https:\/\/dhg1h5j42swfq.cloudfront.net\/2020\/03\/18160603\/pal%C3%A1cio-do-planalto.jpg\" \/>\n\t<meta property=\"og:image:width\" content=\"2400\" \/>\n\t<meta property=\"og:image:height\" content=\"1600\" \/>\n\t<meta property=\"og:image:type\" content=\"image\/jpeg\" \/>\n<meta name=\"author\" content=\"Coordena\u00e7\u00e3o\" \/>\n<meta name=\"twitter:card\" content=\"summary_large_image\" \/>\n<meta name=\"twitter:creator\" content=\"@EstratConcursos\" \/>\n<meta name=\"twitter:site\" content=\"@EstratConcursos\" \/>\n<meta name=\"twitter:label1\" content=\"Escrito por\" \/>\n\t<meta name=\"twitter:data1\" content=\"Coordena\u00e7\u00e3o\" \/>\n\t<meta name=\"twitter:label2\" content=\"Est. tempo de leitura\" \/>\n\t<meta name=\"twitter:data2\" content=\"3 minutos\" \/>\n<script type=\"application\/ld+json\" class=\"yoast-schema-graph\">{\"@context\":\"https:\/\/schema.org\",\"@graph\":[{\"@type\":\"NewsArticle\",\"@id\":\"https:\/\/www.estrategiaconcursos.com.br\/blog\/coronavirus-medidas-economicas\/#article\",\"isPartOf\":{\"@id\":\"https:\/\/www.estrategiaconcursos.com.br\/blog\/coronavirus-medidas-economicas\/\"},\"author\":{\"name\":\"Coordena\u00e7\u00e3o\",\"@id\":\"https:\/\/www.estrategiaconcursos.com.br\/blog\/#\/schema\/person\/b4a388c97673c5f483d72185668afa1f\"},\"headline\":\"Coronav\u00edrus: Planalto anuncia medidas econ\u00f4micas de emerg\u00eancia\",\"datePublished\":\"2020-03-18T19:00:59+00:00\",\"dateModified\":\"2020-03-18T19:19:22+00:00\",\"mainEntityOfPage\":{\"@id\":\"https:\/\/www.estrategiaconcursos.com.br\/blog\/coronavirus-medidas-economicas\/\"},\"wordCount\":512,\"commentCount\":1,\"publisher\":{\"@id\":\"https:\/\/www.estrategiaconcursos.com.br\/blog\/#organization\"},\"image\":{\"@id\":\"https:\/\/www.estrategiaconcursos.com.br\/blog\/coronavirus-medidas-economicas\/#primaryimage\"},\"thumbnailUrl\":\"https:\/\/dhg1h5j42swfq.cloudfront.net\/2020\/03\/18160603\/pal%C3%A1cio-do-planalto.jpg\",\"articleSection\":[\"Concursos P\u00fablicos\"],\"inLanguage\":\"pt-BR\",\"potentialAction\":[{\"@type\":\"CommentAction\",\"name\":\"Comment\",\"target\":[\"https:\/\/www.estrategiaconcursos.com.br\/blog\/coronavirus-medidas-economicas\/#respond\"]}],\"copyrightYear\":\"2020\",\"copyrightHolder\":{\"@id\":\"https:\/\/www.estrategiaconcursos.com.br\/blog\/#organization\"}},{\"@type\":\"WebPage\",\"@id\":\"https:\/\/www.estrategiaconcursos.com.br\/blog\/coronavirus-medidas-economicas\/\",\"url\":\"https:\/\/www.estrategiaconcursos.com.br\/blog\/coronavirus-medidas-economicas\/\",\"name\":\"Coronav\u00edrus: Planalto anuncia medidas econ\u00f4micas de emerg\u00eancia\",\"isPartOf\":{\"@id\":\"https:\/\/www.estrategiaconcursos.com.br\/blog\/#website\"},\"primaryImageOfPage\":{\"@id\":\"https:\/\/www.estrategiaconcursos.com.br\/blog\/coronavirus-medidas-economicas\/#primaryimage\"},\"image\":{\"@id\":\"https:\/\/www.estrategiaconcursos.com.br\/blog\/coronavirus-medidas-economicas\/#primaryimage\"},\"thumbnailUrl\":\"https:\/\/dhg1h5j42swfq.cloudfront.net\/2020\/03\/18160603\/pal%C3%A1cio-do-planalto.jpg\",\"datePublished\":\"2020-03-18T19:00:59+00:00\",\"dateModified\":\"2020-03-18T19:19:22+00:00\",\"description\":\"Ministro Paulo Guedes anunciou medidas econ\u00f4micas para conter a crise financeira do pa\u00eds devido ao surto de coronav\u00edrus. Saiba mais neste artigo!\",\"breadcrumb\":{\"@id\":\"https:\/\/www.estrategiaconcursos.com.br\/blog\/coronavirus-medidas-economicas\/#breadcrumb\"},\"inLanguage\":\"pt-BR\",\"potentialAction\":[{\"@type\":\"ReadAction\",\"target\":[\"https:\/\/www.estrategiaconcursos.com.br\/blog\/coronavirus-medidas-economicas\/\"]}]},{\"@type\":\"ImageObject\",\"inLanguage\":\"pt-BR\",\"@id\":\"https:\/\/www.estrategiaconcursos.com.br\/blog\/coronavirus-medidas-economicas\/#primaryimage\",\"url\":\"https:\/\/dhg1h5j42swfq.cloudfront.net\/2020\/03\/18160603\/pal%C3%A1cio-do-planalto.jpg\",\"contentUrl\":\"https:\/\/dhg1h5j42swfq.cloudfront.net\/2020\/03\/18160603\/pal%C3%A1cio-do-planalto.jpg\",\"width\":2400,\"height\":1600,\"caption\":\"Pal\u00e1cio do Planalto\"},{\"@type\":\"BreadcrumbList\",\"@id\":\"https:\/\/www.estrategiaconcursos.com.br\/blog\/coronavirus-medidas-economicas\/#breadcrumb\",\"itemListElement\":[{\"@type\":\"ListItem\",\"position\":1,\"name\":\"In\u00edcio\",\"item\":\"https:\/\/www.estrategiaconcursos.com.br\/blog\/\"},{\"@type\":\"ListItem\",\"position\":2,\"name\":\"Coronav\u00edrus: Planalto anuncia medidas econ\u00f4micas de emerg\u00eancia\"}]},{\"@type\":\"WebSite\",\"@id\":\"https:\/\/www.estrategiaconcursos.com.br\/blog\/#website\",\"url\":\"https:\/\/www.estrategiaconcursos.com.br\/blog\/\",\"name\":\"Estrat\u00e9gia Concursos\",\"description\":\"O blog da Estrat\u00e9gia Concursos traz not\u00edcias sobre concursos e artigos de professores oferecendo cursos para concursos (pdf + videaulas) no site.\",\"publisher\":{\"@id\":\"https:\/\/www.estrategiaconcursos.com.br\/blog\/#organization\"},\"potentialAction\":[{\"@type\":\"SearchAction\",\"target\":{\"@type\":\"EntryPoint\",\"urlTemplate\":\"https:\/\/www.estrategiaconcursos.com.br\/blog\/?s={search_term_string}\"},\"query-input\":{\"@type\":\"PropertyValueSpecification\",\"valueRequired\":true,\"valueName\":\"search_term_string\"}}],\"inLanguage\":\"pt-BR\"},{\"@type\":\"Organization\",\"@id\":\"https:\/\/www.estrategiaconcursos.com.br\/blog\/#organization\",\"name\":\"Estrat\u00e9gia Concursos\",\"url\":\"https:\/\/www.estrategiaconcursos.com.br\/blog\/\",\"logo\":{\"@type\":\"ImageObject\",\"inLanguage\":\"pt-BR\",\"@id\":\"https:\/\/www.estrategiaconcursos.com.br\/blog\/#\/schema\/logo\/image\/\",\"url\":\"https:\/\/dhg1h5j42swfq.cloudfront.net\/2025\/06\/03203428\/logo_concursos-1.jpg\",\"contentUrl\":\"https:\/\/dhg1h5j42swfq.cloudfront.net\/2025\/06\/03203428\/logo_concursos-1.jpg\",\"width\":230,\"height\":60,\"caption\":\"Estrat\u00e9gia Concursos\"},\"image\":{\"@id\":\"https:\/\/www.estrategiaconcursos.com.br\/blog\/#\/schema\/logo\/image\/\"},\"sameAs\":[\"https:\/\/x.com\/EstratConcursos\"]},{\"@type\":\"Person\",\"@id\":\"https:\/\/www.estrategiaconcursos.com.br\/blog\/#\/schema\/person\/b4a388c97673c5f483d72185668afa1f\",\"name\":\"Coordena\u00e7\u00e3o\",\"image\":{\"@type\":\"ImageObject\",\"inLanguage\":\"pt-BR\",\"@id\":\"https:\/\/secure.gravatar.com\/avatar\/b720319e4c9a967eb58678d110f4fe35452fc5d5f97b202bac7b8acceb18c6ad?s=96&d=mm&r=g\",\"url\":\"https:\/\/secure.gravatar.com\/avatar\/b720319e4c9a967eb58678d110f4fe35452fc5d5f97b202bac7b8acceb18c6ad?s=96&d=mm&r=g\",\"contentUrl\":\"https:\/\/secure.gravatar.com\/avatar\/b720319e4c9a967eb58678d110f4fe35452fc5d5f97b202bac7b8acceb18c6ad?s=96&d=mm&r=g\",\"caption\":\"Coordena\u00e7\u00e3o\"},\"sameAs\":[\"https:\/\/www.facebook.com\/EstrategiaConcursos\",\"https:\/\/x.com\/EstratConcursos\"],\"url\":\"https:\/\/www.estrategiaconcursos.com.br\/blog\/author\/estrategia2013\/\"}]}<\/script>\n<!-- \/ Yoast SEO Premium plugin. -->","yoast_head_json":{"title":"Coronav\u00edrus: Planalto anuncia medidas econ\u00f4micas de emerg\u00eancia","description":"Ministro Paulo Guedes anunciou medidas econ\u00f4micas para conter a crise financeira do pa\u00eds devido ao surto de coronav\u00edrus. Saiba mais neste artigo!","robots":{"index":"index","follow":"follow","max-snippet":"max-snippet:-1","max-image-preview":"max-image-preview:large","max-video-preview":"max-video-preview:-1"},"canonical":"https:\/\/www.estrategiaconcursos.com.br\/blog\/coronavirus-medidas-economicas\/","og_locale":"pt_BR","og_type":"article","og_title":"Coronav\u00edrus: Planalto anuncia medidas econ\u00f4micas de emerg\u00eancia","og_description":"Ministro Paulo Guedes anunciou medidas econ\u00f4micas para conter a crise financeira do pa\u00eds devido ao surto de coronav\u00edrus. Saiba mais neste artigo!","og_url":"https:\/\/www.estrategiaconcursos.com.br\/blog\/coronavirus-medidas-economicas\/","og_site_name":"Estrat\u00e9gia Concursos","article_author":"https:\/\/www.facebook.com\/EstrategiaConcursos","article_published_time":"2020-03-18T19:00:59+00:00","article_modified_time":"2020-03-18T19:19:22+00:00","og_image":[{"width":2400,"height":1600,"url":"https:\/\/dhg1h5j42swfq.cloudfront.net\/2020\/03\/18160603\/pal%C3%A1cio-do-planalto.jpg","type":"image\/jpeg"}],"author":"Coordena\u00e7\u00e3o","twitter_card":"summary_large_image","twitter_creator":"@EstratConcursos","twitter_site":"@EstratConcursos","twitter_misc":{"Escrito por":"Coordena\u00e7\u00e3o","Est. tempo de leitura":"3 minutos"},"schema":{"@context":"https:\/\/schema.org","@graph":[{"@type":"NewsArticle","@id":"https:\/\/www.estrategiaconcursos.com.br\/blog\/coronavirus-medidas-economicas\/#article","isPartOf":{"@id":"https:\/\/www.estrategiaconcursos.com.br\/blog\/coronavirus-medidas-economicas\/"},"author":{"name":"Coordena\u00e7\u00e3o","@id":"https:\/\/www.estrategiaconcursos.com.br\/blog\/#\/schema\/person\/b4a388c97673c5f483d72185668afa1f"},"headline":"Coronav\u00edrus: Planalto anuncia medidas econ\u00f4micas de emerg\u00eancia","datePublished":"2020-03-18T19:00:59+00:00","dateModified":"2020-03-18T19:19:22+00:00","mainEntityOfPage":{"@id":"https:\/\/www.estrategiaconcursos.com.br\/blog\/coronavirus-medidas-economicas\/"},"wordCount":512,"commentCount":1,"publisher":{"@id":"https:\/\/www.estrategiaconcursos.com.br\/blog\/#organization"},"image":{"@id":"https:\/\/www.estrategiaconcursos.com.br\/blog\/coronavirus-medidas-economicas\/#primaryimage"},"thumbnailUrl":"https:\/\/dhg1h5j42swfq.cloudfront.net\/2020\/03\/18160603\/pal%C3%A1cio-do-planalto.jpg","articleSection":["Concursos P\u00fablicos"],"inLanguage":"pt-BR","potentialAction":[{"@type":"CommentAction","name":"Comment","target":["https:\/\/www.estrategiaconcursos.com.br\/blog\/coronavirus-medidas-economicas\/#respond"]}],"copyrightYear":"2020","copyrightHolder":{"@id":"https:\/\/www.estrategiaconcursos.com.br\/blog\/#organization"}},{"@type":"WebPage","@id":"https:\/\/www.estrategiaconcursos.com.br\/blog\/coronavirus-medidas-economicas\/","url":"https:\/\/www.estrategiaconcursos.com.br\/blog\/coronavirus-medidas-economicas\/","name":"Coronav\u00edrus: Planalto anuncia medidas econ\u00f4micas de emerg\u00eancia","isPartOf":{"@id":"https:\/\/www.estrategiaconcursos.com.br\/blog\/#website"},"primaryImageOfPage":{"@id":"https:\/\/www.estrategiaconcursos.com.br\/blog\/coronavirus-medidas-economicas\/#primaryimage"},"image":{"@id":"https:\/\/www.estrategiaconcursos.com.br\/blog\/coronavirus-medidas-economicas\/#primaryimage"},"thumbnailUrl":"https:\/\/dhg1h5j42swfq.cloudfront.net\/2020\/03\/18160603\/pal%C3%A1cio-do-planalto.jpg","datePublished":"2020-03-18T19:00:59+00:00","dateModified":"2020-03-18T19:19:22+00:00","description":"Ministro Paulo Guedes anunciou medidas econ\u00f4micas para conter a crise financeira do pa\u00eds devido ao surto de coronav\u00edrus. Saiba mais neste artigo!","breadcrumb":{"@id":"https:\/\/www.estrategiaconcursos.com.br\/blog\/coronavirus-medidas-economicas\/#breadcrumb"},"inLanguage":"pt-BR","potentialAction":[{"@type":"ReadAction","target":["https:\/\/www.estrategiaconcursos.com.br\/blog\/coronavirus-medidas-economicas\/"]}]},{"@type":"ImageObject","inLanguage":"pt-BR","@id":"https:\/\/www.estrategiaconcursos.com.br\/blog\/coronavirus-medidas-economicas\/#primaryimage","url":"https:\/\/dhg1h5j42swfq.cloudfront.net\/2020\/03\/18160603\/pal%C3%A1cio-do-planalto.jpg","contentUrl":"https:\/\/dhg1h5j42swfq.cloudfront.net\/2020\/03\/18160603\/pal%C3%A1cio-do-planalto.jpg","width":2400,"height":1600,"caption":"Pal\u00e1cio do Planalto"},{"@type":"BreadcrumbList","@id":"https:\/\/www.estrategiaconcursos.com.br\/blog\/coronavirus-medidas-economicas\/#breadcrumb","itemListElement":[{"@type":"ListItem","position":1,"name":"In\u00edcio","item":"https:\/\/www.estrategiaconcursos.com.br\/blog\/"},{"@type":"ListItem","position":2,"name":"Coronav\u00edrus: Planalto anuncia medidas econ\u00f4micas de emerg\u00eancia"}]},{"@type":"WebSite","@id":"https:\/\/www.estrategiaconcursos.com.br\/blog\/#website","url":"https:\/\/www.estrategiaconcursos.com.br\/blog\/","name":"Estrat\u00e9gia Concursos","description":"O blog da Estrat\u00e9gia Concursos traz not\u00edcias sobre concursos e artigos de professores oferecendo cursos para concursos (pdf + videaulas) no site.","publisher":{"@id":"https:\/\/www.estrategiaconcursos.com.br\/blog\/#organization"},"potentialAction":[{"@type":"SearchAction","target":{"@type":"EntryPoint","urlTemplate":"https:\/\/www.estrategiaconcursos.com.br\/blog\/?s={search_term_string}"},"query-input":{"@type":"PropertyValueSpecification","valueRequired":true,"valueName":"search_term_string"}}],"inLanguage":"pt-BR"},{"@type":"Organization","@id":"https:\/\/www.estrategiaconcursos.com.br\/blog\/#organization","name":"Estrat\u00e9gia Concursos","url":"https:\/\/www.estrategiaconcursos.com.br\/blog\/","logo":{"@type":"ImageObject","inLanguage":"pt-BR","@id":"https:\/\/www.estrategiaconcursos.com.br\/blog\/#\/schema\/logo\/image\/","url":"https:\/\/dhg1h5j42swfq.cloudfront.net\/2025\/06\/03203428\/logo_concursos-1.jpg","contentUrl":"https:\/\/dhg1h5j42swfq.cloudfront.net\/2025\/06\/03203428\/logo_concursos-1.jpg","width":230,"height":60,"caption":"Estrat\u00e9gia Concursos"},"image":{"@id":"https:\/\/www.estrategiaconcursos.com.br\/blog\/#\/schema\/logo\/image\/"},"sameAs":["https:\/\/x.com\/EstratConcursos"]},{"@type":"Person","@id":"https:\/\/www.estrategiaconcursos.com.br\/blog\/#\/schema\/person\/b4a388c97673c5f483d72185668afa1f","name":"Coordena\u00e7\u00e3o","image":{"@type":"ImageObject","inLanguage":"pt-BR","@id":"https:\/\/secure.gravatar.com\/avatar\/b720319e4c9a967eb58678d110f4fe35452fc5d5f97b202bac7b8acceb18c6ad?s=96&d=mm&r=g","url":"https:\/\/secure.gravatar.com\/avatar\/b720319e4c9a967eb58678d110f4fe35452fc5d5f97b202bac7b8acceb18c6ad?s=96&d=mm&r=g","contentUrl":"https:\/\/secure.gravatar.com\/avatar\/b720319e4c9a967eb58678d110f4fe35452fc5d5f97b202bac7b8acceb18c6ad?s=96&d=mm&r=g","caption":"Coordena\u00e7\u00e3o"},"sameAs":["https:\/\/www.facebook.com\/EstrategiaConcursos","https:\/\/x.com\/EstratConcursos"],"url":"https:\/\/www.estrategiaconcursos.com.br\/blog\/author\/estrategia2013\/"}]}},"_links":{"self":[{"href":"https:\/\/www.estrategiaconcursos.com.br\/blog\/wp-json\/wp\/v2\/posts\/493659","targetHints":{"allow":["GET"]}}],"collection":[{"href":"https:\/\/www.estrategiaconcursos.com.br\/blog\/wp-json\/wp\/v2\/posts"}],"about":[{"href":"https:\/\/www.estrategiaconcursos.com.br\/blog\/wp-json\/wp\/v2\/types\/post"}],"author":[{"embeddable":true,"href":"https:\/\/www.estrategiaconcursos.com.br\/blog\/wp-json\/wp\/v2\/users\/1"}],"replies":[{"embeddable":true,"href":"https:\/\/www.estrategiaconcursos.com.br\/blog\/wp-json\/wp\/v2\/comments?post=493659"}],"version-history":[{"count":10,"href":"https:\/\/www.estrategiaconcursos.com.br\/blog\/wp-json\/wp\/v2\/posts\/493659\/revisions"}],"predecessor-version":[{"id":493708,"href":"https:\/\/www.estrategiaconcursos.com.br\/blog\/wp-json\/wp\/v2\/posts\/493659\/revisions\/493708"}],"wp:featuredmedia":[{"embeddable":true,"href":"https:\/\/www.estrategiaconcursos.com.br\/blog\/wp-json\/wp\/v2\/media\/493701"}],"wp:attachment":[{"href":"https:\/\/www.estrategiaconcursos.com.br\/blog\/wp-json\/wp\/v2\/media?parent=493659"}],"wp:term":[{"taxonomy":"category","embeddable":true,"href":"https:\/\/www.estrategiaconcursos.com.br\/blog\/wp-json\/wp\/v2\/categories?post=493659"},{"taxonomy":"post_tag","embeddable":true,"href":"https:\/\/www.estrategiaconcursos.com.br\/blog\/wp-json\/wp\/v2\/tags?post=493659"},{"taxonomy":"tax_estado","embeddable":true,"href":"https:\/\/www.estrategiaconcursos.com.br\/blog\/wp-json\/wp\/v2\/tax_estado?post=493659"}],"curies":[{"name":"wp","href":"https:\/\/api.w.org\/{rel}","templated":true}]}}