{"id":493382,"date":"2020-03-18T08:45:00","date_gmt":"2020-03-18T11:45:00","guid":{"rendered":"https:\/\/www.estrategiaconcursos.com.br\/blog\/?p=493382"},"modified":"2020-03-28T18:28:51","modified_gmt":"2020-03-28T21:28:51","slug":"analise-gratuita-tj-rj-direito-das-pessoas-com-deficiencia-para-analista-judiciario-analista-de-negocios","status":"publish","type":"post","link":"https:\/\/www.estrategiaconcursos.com.br\/blog\/analise-gratuita-tj-rj-direito-das-pessoas-com-deficiencia-para-analista-judiciario-analista-de-negocios\/","title":{"rendered":"[ An\u00e1lise gratuita ] TJ RJ: Direito das Pessoas com Defici\u00eancia para Analista Judici\u00e1rio \u2013 Analista de Neg\u00f3cios!"},"content":{"rendered":"\n<p class=\"has-medium-font-size\"><strong>An\u00e1lise gratuita para TJ RJ P\u00f3s Edital.<\/strong><\/p>\n\n\n\n<p>Meu nome \u00e9 Telma Vieira, sou Advogada, Assessora Jur\u00eddica e Analista do Passo Estrat\u00e9gico de Direito Penal, Legisla\u00e7\u00e3o Penal Especial, Direito Penal Militar e Direitos das Pessoas com Defici\u00eancia. <\/p>\n\n\n\n<p>Hoje vamos analisar as estat\u00edsticas dos assuntos mais cobrados pela CESPE, da mat\u00e9ria <strong>Direitos das Pessoas com Defici\u00eancia<\/strong>, de acordo com as \u00faltimas provas de concurso realizadas pela banca. <\/p>\n\n\n\n<p>A fim de tra\u00e7ar o perfil de cobran\u00e7a da banca em rela\u00e7\u00e3o aos assuntos de Direitos das Pessoas com Defici\u00eancia analisamos quest\u00f5es dentre os anos de 2020 a 2015, de n\u00edvel M\u00e9dio e Superior, tendo resultado nos percentuais de incid\u00eancia a seguir elencados:<\/p>\n\n\n\n<div class=\"wp-block-image\"><figure class=\"aligncenter size-full\"><img loading=\"lazy\" decoding=\"async\" width=\"738\" height=\"556\" src=\"https:\/\/dhg1h5j42swfq.cloudfront.net\/2020\/03\/18064351\/TJ-RJ-Direito-das-Pessoas-com-Deficiencia-1.png\" alt=\"tabela e gr\u00e1fico an\u00e1lise gratuita\" class=\"wp-image-493384\" srcset=\"https:\/\/dhg1h5j42swfq.cloudfront.net\/2020\/03\/18064351\/TJ-RJ-Direito-das-Pessoas-com-Deficiencia-1.png 738w, https:\/\/dhg1h5j42swfq.cloudfront.net\/2020\/03\/18064351\/TJ-RJ-Direito-das-Pessoas-com-Deficiencia-1-300x226.png 300w, https:\/\/dhg1h5j42swfq.cloudfront.net\/2020\/03\/18064351\/TJ-RJ-Direito-das-Pessoas-com-Deficiencia-1-610x460.png 610w\" sizes=\"auto, (max-width: 738px) 100vw, 738px\" \/><\/figure><\/div>\n\n\n\n<p>Como sempre costumo enfatizar tudo o que est\u00e1 previsto no\nedital pode ser cobrado na prova. Contudo, os dados estat\u00edsticos nos mostram o\nque mais comumente costuma ser exigido pelas bancas.<\/p>\n\n\n\n<p>Essa vis\u00e3o otimiza o estudo, fazendo com que os pontos do\nedital sejam estudados de forma racional e proporcional \u00e0 sua cobran\u00e7a, j\u00e1 que\ns\u00e3o muitas as mat\u00e9rias a serem estudadas e, por vezes, em um curto espa\u00e7o de\ntempo.<\/p>\n\n\n\n<p>Deseja conferir a an\u00e1lise das demais mat\u00e9rias? Baixe ent\u00e3o o nosso e-book gratuito!<\/p>\n\n\n\n<p>S\u00f3 que antes de divulgar o link de\ndownload, gostaria rapidamente de lhe apresentar melhor o Passo Estrat\u00e9gico.<\/p>\n\n\n\n<div class=\"wp-block-image\"><figure class=\"aligncenter size-large\"><a href=\"http:\/\/bit.ly\/passoest\"><img loading=\"lazy\" decoding=\"async\" width=\"155\" height=\"143\" src=\"https:\/\/dhg1h5j42swfq.cloudfront.net\/2020\/03\/13174023\/image-200.png\" alt=\"an\u00e1lise gratuita, passo estrat\u00e9gico\" class=\"wp-image-492177\" \/><\/a><\/figure><\/div>\n\n\n\n<p class=\"has-text-color has-text-align-center has-vivid-cyan-blue-color\"><strong>(Clique na figura para saber mais sobre o Passo Estrat\u00e9gico)<\/strong><\/p>\n\n\n\n<p>O Passo Estrat\u00e9gico \u00e9\num m\u00e9todo de revis\u00e3o que possui como objetivo melhorar o n\u00edvel da sua reten\u00e7\u00e3o\nde conte\u00fado.<\/p>\n\n\n\n<p>Contempla orienta\u00e7\u00f5es\nde revis\u00e3o, quest\u00f5es comentadas, in\u00fameros simulados de quest\u00f5es in\u00e9ditas e at\u00e9\nquestion\u00e1rios de revis\u00e3o, com quest\u00f5es subjetivas (isso mesmo!).<\/p>\n\n\n\n<p>Tudo para for\u00e7ar sua\nmemoriza\u00e7\u00e3o e elevar sua reten\u00e7\u00e3o de conte\u00fado a outro patamar.<\/p>\n\n\n\n<p>Um material bem\nenxuto, para que voc\u00ea n\u00e3o tenha que despender muito tempo da sua prepara\u00e7\u00e3o: os\nPDFs possuem, em m\u00e9dia, 30 p\u00e1ginas por assunto.<\/p>\n\n\n\n<p>D\u00ea uma espiada no\nnosso material, clicando no link abaixo:<\/p>\n\n\n\n<p class=\"has-text-align-center\"><strong><a href=\"https:\/\/www.estrategiaconcursos.com.br\/cursosPorConcurso\/tribunal-de-justica-do-rio-de-janeiro-tj-rj-passo-estrategico\/\">Quero conferir o Passo Estrat\u00e9gico p\/ TJ RJ!<\/a><\/strong><\/p>\n\n\n\n<p>Se voc\u00ea j\u00e1 \u00e9 nosso aluno do Pacote Completo TJ RJ, possui um desconto autom\u00e1tico de 20% na aquisi\u00e7\u00e3o do respectivo Passo Estrat\u00e9gico.<\/p>\n\n\n\n<p>E se voc\u00ea for\nassinante do Estrat\u00e9gia, j\u00e1 possui acesso ao Passo Estrat\u00e9gico: basta efetuar\nsua matr\u00edcula na \u00e1rea do aluno.<\/p>\n\n\n\n<p>Ah, um aviso\nbem legal: elaboramos um e-book com 5 dicas estrat\u00e9gicas para realizar revis\u00f5es\neficientes \u2013 n\u00e3o deixe de dar uma espiada&nbsp;<a href=\"https:\/\/bit.ly\/revisoeseficientes\">clicando aqui<\/a>.<\/p>\n\n\n\n<p>Bom, vou me despedindo por aqui, disponibilizando o link para voc\u00ea baixar o(s) e-book(s) do TJ RJ:\u00a0<a href=\"http:\/\/bit.ly\/tjrj06\">clique aqui<\/a>.<\/p>\n\n\n\n<p>Um grande\nabra\u00e7o,<\/p>\n\n\n\n<p><strong>Prof. Telma Vieira<\/strong> <\/p>\n\n\n\n<p>(Siga-nos no Instagram: @passoestrategico) <\/p>\n","protected":false},"excerpt":{"rendered":"<p>An\u00e1lise gratuita para TJ RJ P\u00f3s Edital. Meu nome \u00e9 Telma Vieira, sou Advogada, Assessora Jur\u00eddica e Analista do Passo Estrat\u00e9gico de Direito Penal, Legisla\u00e7\u00e3o Penal Especial, Direito Penal Militar e Direitos das Pessoas com Defici\u00eancia. Hoje vamos analisar as estat\u00edsticas dos assuntos mais cobrados pela CESPE, da mat\u00e9ria Direitos das Pessoas com Defici\u00eancia, de [&hellip;]<\/p>\n","protected":false},"author":1611,"featured_media":0,"comment_status":"open","ping_status":"closed","sticky":false,"template":"","format":"standard","meta":{"post_tipo":"article","footnotes":""},"categories":[1],"tags":[],"tax_estado":[],"class_list":["post-493382","post","type-post","status-publish","format-standard","hentry","category-cursos-e-concursos"],"acf":[],"yoast_head":"<!-- This site is optimized with the Yoast SEO Premium plugin v27.2 (Yoast SEO v27.2) - https:\/\/yoast.com\/product\/yoast-seo-premium-wordpress\/ -->\n<title>[ An\u00e1lise gratuita ] TJ RJ: Direito das Pessoas com Defici\u00eancia para Analista Judici\u00e1rio \u2013 Analista de Neg\u00f3cios!<\/title>\n<meta name=\"description\" content=\"An\u00e1lise gratuita dos pontos mais e menos cobrados pela banca Cespe em Direito das Pessoas com Defici\u00eancia com foco no conte\u00fado de Analista Judici\u00e1rio \u2013 Analista de Neg\u00f3cios do concurso TJ RJ.\" \/>\n<meta name=\"robots\" content=\"index, follow, max-snippet:-1, max-image-preview:large, max-video-preview:-1\" \/>\n<link rel=\"canonical\" href=\"https:\/\/www.estrategiaconcursos.com.br\/blog\/analise-gratuita-tj-rj-direito-das-pessoas-com-deficiencia-para-analista-judiciario-analista-de-negocios\/\" \/>\n<meta property=\"og:locale\" content=\"pt_BR\" \/>\n<meta property=\"og:type\" content=\"article\" \/>\n<meta property=\"og:title\" content=\"[ An\u00e1lise gratuita ] TJ RJ: Direito das Pessoas com Defici\u00eancia para Analista Judici\u00e1rio \u2013 Analista de Neg\u00f3cios!\" \/>\n<meta property=\"og:description\" content=\"An\u00e1lise gratuita dos pontos mais e menos cobrados pela banca Cespe em Direito das Pessoas com Defici\u00eancia com foco no conte\u00fado de Analista Judici\u00e1rio \u2013 Analista de Neg\u00f3cios do concurso TJ RJ.\" \/>\n<meta property=\"og:url\" content=\"https:\/\/www.estrategiaconcursos.com.br\/blog\/analise-gratuita-tj-rj-direito-das-pessoas-com-deficiencia-para-analista-judiciario-analista-de-negocios\/\" \/>\n<meta property=\"og:site_name\" content=\"Estrat\u00e9gia Concursos\" \/>\n<meta property=\"article:published_time\" content=\"2020-03-18T11:45:00+00:00\" \/>\n<meta property=\"article:modified_time\" content=\"2020-03-28T21:28:51+00:00\" \/>\n<meta property=\"og:image\" content=\"https:\/\/www.estrategiaconcursos.com.br\/blog\/wp-content\/uploads\/2020\/03\/TJ-RJ-Direito-das-Pessoas-com-Deficiencia-1.png\" \/>\n<meta name=\"author\" content=\"Passo Estrat\u00e9gico\" \/>\n<meta name=\"twitter:card\" content=\"summary_large_image\" \/>\n<meta name=\"twitter:creator\" content=\"@EstratConcursos\" \/>\n<meta name=\"twitter:site\" content=\"@EstratConcursos\" \/>\n<meta name=\"twitter:label1\" content=\"Escrito por\" \/>\n\t<meta name=\"twitter:data1\" content=\"Passo Estrat\u00e9gico\" \/>\n\t<meta name=\"twitter:label2\" content=\"Est. tempo de leitura\" \/>\n\t<meta name=\"twitter:data2\" content=\"2 minutos\" \/>\n<script type=\"application\/ld+json\" class=\"yoast-schema-graph\">{\"@context\":\"https:\/\/schema.org\",\"@graph\":[{\"@type\":\"NewsArticle\",\"@id\":\"https:\/\/www.estrategiaconcursos.com.br\/blog\/analise-gratuita-tj-rj-direito-das-pessoas-com-deficiencia-para-analista-judiciario-analista-de-negocios\/#article\",\"isPartOf\":{\"@id\":\"https:\/\/www.estrategiaconcursos.com.br\/blog\/analise-gratuita-tj-rj-direito-das-pessoas-com-deficiencia-para-analista-judiciario-analista-de-negocios\/\"},\"author\":{\"name\":\"Passo Estrat\u00e9gico\",\"@id\":\"https:\/\/www.estrategiaconcursos.com.br\/blog\/#\/schema\/person\/de9d467f7ac4cca297171e67485f0c99\"},\"headline\":\"[ An\u00e1lise gratuita ] TJ RJ: Direito das Pessoas com Defici\u00eancia para Analista Judici\u00e1rio \u2013 Analista de Neg\u00f3cios!\",\"datePublished\":\"2020-03-18T11:45:00+00:00\",\"dateModified\":\"2020-03-28T21:28:51+00:00\",\"mainEntityOfPage\":{\"@id\":\"https:\/\/www.estrategiaconcursos.com.br\/blog\/analise-gratuita-tj-rj-direito-das-pessoas-com-deficiencia-para-analista-judiciario-analista-de-negocios\/\"},\"wordCount\":490,\"commentCount\":0,\"publisher\":{\"@id\":\"https:\/\/www.estrategiaconcursos.com.br\/blog\/#organization\"},\"image\":{\"@id\":\"https:\/\/www.estrategiaconcursos.com.br\/blog\/analise-gratuita-tj-rj-direito-das-pessoas-com-deficiencia-para-analista-judiciario-analista-de-negocios\/#primaryimage\"},\"thumbnailUrl\":\"https:\/\/www.estrategiaconcursos.com.br\/blog\/wp-content\/uploads\/2020\/03\/TJ-RJ-Direito-das-Pessoas-com-Deficiencia-1.png\",\"articleSection\":[\"Concursos P\u00fablicos\"],\"inLanguage\":\"pt-BR\",\"potentialAction\":[{\"@type\":\"CommentAction\",\"name\":\"Comment\",\"target\":[\"https:\/\/www.estrategiaconcursos.com.br\/blog\/analise-gratuita-tj-rj-direito-das-pessoas-com-deficiencia-para-analista-judiciario-analista-de-negocios\/#respond\"]}],\"copyrightYear\":\"2020\",\"copyrightHolder\":{\"@id\":\"https:\/\/www.estrategiaconcursos.com.br\/blog\/#organization\"}},{\"@type\":\"WebPage\",\"@id\":\"https:\/\/www.estrategiaconcursos.com.br\/blog\/analise-gratuita-tj-rj-direito-das-pessoas-com-deficiencia-para-analista-judiciario-analista-de-negocios\/\",\"url\":\"https:\/\/www.estrategiaconcursos.com.br\/blog\/analise-gratuita-tj-rj-direito-das-pessoas-com-deficiencia-para-analista-judiciario-analista-de-negocios\/\",\"name\":\"[ An\u00e1lise gratuita ] TJ RJ: Direito das Pessoas com Defici\u00eancia para Analista Judici\u00e1rio \u2013 Analista de Neg\u00f3cios!\",\"isPartOf\":{\"@id\":\"https:\/\/www.estrategiaconcursos.com.br\/blog\/#website\"},\"primaryImageOfPage\":{\"@id\":\"https:\/\/www.estrategiaconcursos.com.br\/blog\/analise-gratuita-tj-rj-direito-das-pessoas-com-deficiencia-para-analista-judiciario-analista-de-negocios\/#primaryimage\"},\"image\":{\"@id\":\"https:\/\/www.estrategiaconcursos.com.br\/blog\/analise-gratuita-tj-rj-direito-das-pessoas-com-deficiencia-para-analista-judiciario-analista-de-negocios\/#primaryimage\"},\"thumbnailUrl\":\"https:\/\/www.estrategiaconcursos.com.br\/blog\/wp-content\/uploads\/2020\/03\/TJ-RJ-Direito-das-Pessoas-com-Deficiencia-1.png\",\"datePublished\":\"2020-03-18T11:45:00+00:00\",\"dateModified\":\"2020-03-28T21:28:51+00:00\",\"description\":\"An\u00e1lise gratuita dos pontos mais e menos cobrados pela banca Cespe em Direito das Pessoas com Defici\u00eancia com foco no conte\u00fado de Analista Judici\u00e1rio \u2013 Analista de Neg\u00f3cios do concurso TJ RJ.\",\"breadcrumb\":{\"@id\":\"https:\/\/www.estrategiaconcursos.com.br\/blog\/analise-gratuita-tj-rj-direito-das-pessoas-com-deficiencia-para-analista-judiciario-analista-de-negocios\/#breadcrumb\"},\"inLanguage\":\"pt-BR\",\"potentialAction\":[{\"@type\":\"ReadAction\",\"target\":[\"https:\/\/www.estrategiaconcursos.com.br\/blog\/analise-gratuita-tj-rj-direito-das-pessoas-com-deficiencia-para-analista-judiciario-analista-de-negocios\/\"]}]},{\"@type\":\"ImageObject\",\"inLanguage\":\"pt-BR\",\"@id\":\"https:\/\/www.estrategiaconcursos.com.br\/blog\/analise-gratuita-tj-rj-direito-das-pessoas-com-deficiencia-para-analista-judiciario-analista-de-negocios\/#primaryimage\",\"url\":\"https:\/\/dhg1h5j42swfq.cloudfront.net\/2020\/03\/18064351\/TJ-RJ-Direito-das-Pessoas-com-Deficiencia-1.png\",\"contentUrl\":\"https:\/\/dhg1h5j42swfq.cloudfront.net\/2020\/03\/18064351\/TJ-RJ-Direito-das-Pessoas-com-Deficiencia-1.png\",\"width\":738,\"height\":556},{\"@type\":\"BreadcrumbList\",\"@id\":\"https:\/\/www.estrategiaconcursos.com.br\/blog\/analise-gratuita-tj-rj-direito-das-pessoas-com-deficiencia-para-analista-judiciario-analista-de-negocios\/#breadcrumb\",\"itemListElement\":[{\"@type\":\"ListItem\",\"position\":1,\"name\":\"In\u00edcio\",\"item\":\"https:\/\/www.estrategiaconcursos.com.br\/blog\/\"},{\"@type\":\"ListItem\",\"position\":2,\"name\":\"[ An\u00e1lise gratuita ] TJ RJ: Direito das Pessoas com Defici\u00eancia para Analista Judici\u00e1rio \u2013 Analista de Neg\u00f3cios!\"}]},{\"@type\":\"WebSite\",\"@id\":\"https:\/\/www.estrategiaconcursos.com.br\/blog\/#website\",\"url\":\"https:\/\/www.estrategiaconcursos.com.br\/blog\/\",\"name\":\"Estrat\u00e9gia Concursos\",\"description\":\"O blog da Estrat\u00e9gia Concursos traz not\u00edcias sobre concursos e artigos de professores oferecendo cursos para concursos (pdf + videaulas) no site.\",\"publisher\":{\"@id\":\"https:\/\/www.estrategiaconcursos.com.br\/blog\/#organization\"},\"potentialAction\":[{\"@type\":\"SearchAction\",\"target\":{\"@type\":\"EntryPoint\",\"urlTemplate\":\"https:\/\/www.estrategiaconcursos.com.br\/blog\/?s={search_term_string}\"},\"query-input\":{\"@type\":\"PropertyValueSpecification\",\"valueRequired\":true,\"valueName\":\"search_term_string\"}}],\"inLanguage\":\"pt-BR\"},{\"@type\":\"Organization\",\"@id\":\"https:\/\/www.estrategiaconcursos.com.br\/blog\/#organization\",\"name\":\"Estrat\u00e9gia Concursos\",\"url\":\"https:\/\/www.estrategiaconcursos.com.br\/blog\/\",\"logo\":{\"@type\":\"ImageObject\",\"inLanguage\":\"pt-BR\",\"@id\":\"https:\/\/www.estrategiaconcursos.com.br\/blog\/#\/schema\/logo\/image\/\",\"url\":\"https:\/\/dhg1h5j42swfq.cloudfront.net\/2025\/06\/03203428\/logo_concursos-1.jpg\",\"contentUrl\":\"https:\/\/dhg1h5j42swfq.cloudfront.net\/2025\/06\/03203428\/logo_concursos-1.jpg\",\"width\":230,\"height\":60,\"caption\":\"Estrat\u00e9gia Concursos\"},\"image\":{\"@id\":\"https:\/\/www.estrategiaconcursos.com.br\/blog\/#\/schema\/logo\/image\/\"},\"sameAs\":[\"https:\/\/x.com\/EstratConcursos\"]},{\"@type\":\"Person\",\"@id\":\"https:\/\/www.estrategiaconcursos.com.br\/blog\/#\/schema\/person\/de9d467f7ac4cca297171e67485f0c99\",\"name\":\"Passo Estrat\u00e9gico\",\"image\":{\"@type\":\"ImageObject\",\"inLanguage\":\"pt-BR\",\"@id\":\"https:\/\/secure.gravatar.com\/avatar\/7496644e45134bcbc48721282606b9700aec8355dbf3bdd9969130c2b0f19af0?s=96&d=mm&r=g\",\"url\":\"https:\/\/secure.gravatar.com\/avatar\/7496644e45134bcbc48721282606b9700aec8355dbf3bdd9969130c2b0f19af0?s=96&d=mm&r=g\",\"contentUrl\":\"https:\/\/secure.gravatar.com\/avatar\/7496644e45134bcbc48721282606b9700aec8355dbf3bdd9969130c2b0f19af0?s=96&d=mm&r=g\",\"caption\":\"Passo Estrat\u00e9gico\"},\"url\":\"https:\/\/www.estrategiaconcursos.com.br\/blog\/author\/passoestrategicoderevisaogmail-com\/\"}]}<\/script>\n<!-- \/ Yoast SEO Premium plugin. -->","yoast_head_json":{"title":"[ An\u00e1lise gratuita ] TJ RJ: Direito das Pessoas com Defici\u00eancia para Analista Judici\u00e1rio \u2013 Analista de Neg\u00f3cios!","description":"An\u00e1lise gratuita dos pontos mais e menos cobrados pela banca Cespe em Direito das Pessoas com Defici\u00eancia com foco no conte\u00fado de Analista Judici\u00e1rio \u2013 Analista de Neg\u00f3cios do concurso TJ RJ.","robots":{"index":"index","follow":"follow","max-snippet":"max-snippet:-1","max-image-preview":"max-image-preview:large","max-video-preview":"max-video-preview:-1"},"canonical":"https:\/\/www.estrategiaconcursos.com.br\/blog\/analise-gratuita-tj-rj-direito-das-pessoas-com-deficiencia-para-analista-judiciario-analista-de-negocios\/","og_locale":"pt_BR","og_type":"article","og_title":"[ An\u00e1lise gratuita ] TJ RJ: Direito das Pessoas com Defici\u00eancia para Analista Judici\u00e1rio \u2013 Analista de Neg\u00f3cios!","og_description":"An\u00e1lise gratuita dos pontos mais e menos cobrados pela banca Cespe em Direito das Pessoas com Defici\u00eancia com foco no conte\u00fado de Analista Judici\u00e1rio \u2013 Analista de Neg\u00f3cios do concurso TJ RJ.","og_url":"https:\/\/www.estrategiaconcursos.com.br\/blog\/analise-gratuita-tj-rj-direito-das-pessoas-com-deficiencia-para-analista-judiciario-analista-de-negocios\/","og_site_name":"Estrat\u00e9gia Concursos","article_published_time":"2020-03-18T11:45:00+00:00","article_modified_time":"2020-03-28T21:28:51+00:00","og_image":[{"url":"https:\/\/www.estrategiaconcursos.com.br\/blog\/wp-content\/uploads\/2020\/03\/TJ-RJ-Direito-das-Pessoas-com-Deficiencia-1.png","type":"","width":"","height":""}],"author":"Passo Estrat\u00e9gico","twitter_card":"summary_large_image","twitter_creator":"@EstratConcursos","twitter_site":"@EstratConcursos","twitter_misc":{"Escrito por":"Passo Estrat\u00e9gico","Est. tempo de leitura":"2 minutos"},"schema":{"@context":"https:\/\/schema.org","@graph":[{"@type":"NewsArticle","@id":"https:\/\/www.estrategiaconcursos.com.br\/blog\/analise-gratuita-tj-rj-direito-das-pessoas-com-deficiencia-para-analista-judiciario-analista-de-negocios\/#article","isPartOf":{"@id":"https:\/\/www.estrategiaconcursos.com.br\/blog\/analise-gratuita-tj-rj-direito-das-pessoas-com-deficiencia-para-analista-judiciario-analista-de-negocios\/"},"author":{"name":"Passo Estrat\u00e9gico","@id":"https:\/\/www.estrategiaconcursos.com.br\/blog\/#\/schema\/person\/de9d467f7ac4cca297171e67485f0c99"},"headline":"[ An\u00e1lise gratuita ] TJ RJ: Direito das Pessoas com Defici\u00eancia para Analista Judici\u00e1rio \u2013 Analista de Neg\u00f3cios!","datePublished":"2020-03-18T11:45:00+00:00","dateModified":"2020-03-28T21:28:51+00:00","mainEntityOfPage":{"@id":"https:\/\/www.estrategiaconcursos.com.br\/blog\/analise-gratuita-tj-rj-direito-das-pessoas-com-deficiencia-para-analista-judiciario-analista-de-negocios\/"},"wordCount":490,"commentCount":0,"publisher":{"@id":"https:\/\/www.estrategiaconcursos.com.br\/blog\/#organization"},"image":{"@id":"https:\/\/www.estrategiaconcursos.com.br\/blog\/analise-gratuita-tj-rj-direito-das-pessoas-com-deficiencia-para-analista-judiciario-analista-de-negocios\/#primaryimage"},"thumbnailUrl":"https:\/\/www.estrategiaconcursos.com.br\/blog\/wp-content\/uploads\/2020\/03\/TJ-RJ-Direito-das-Pessoas-com-Deficiencia-1.png","articleSection":["Concursos P\u00fablicos"],"inLanguage":"pt-BR","potentialAction":[{"@type":"CommentAction","name":"Comment","target":["https:\/\/www.estrategiaconcursos.com.br\/blog\/analise-gratuita-tj-rj-direito-das-pessoas-com-deficiencia-para-analista-judiciario-analista-de-negocios\/#respond"]}],"copyrightYear":"2020","copyrightHolder":{"@id":"https:\/\/www.estrategiaconcursos.com.br\/blog\/#organization"}},{"@type":"WebPage","@id":"https:\/\/www.estrategiaconcursos.com.br\/blog\/analise-gratuita-tj-rj-direito-das-pessoas-com-deficiencia-para-analista-judiciario-analista-de-negocios\/","url":"https:\/\/www.estrategiaconcursos.com.br\/blog\/analise-gratuita-tj-rj-direito-das-pessoas-com-deficiencia-para-analista-judiciario-analista-de-negocios\/","name":"[ An\u00e1lise gratuita ] TJ RJ: Direito das Pessoas com Defici\u00eancia para Analista Judici\u00e1rio \u2013 Analista de Neg\u00f3cios!","isPartOf":{"@id":"https:\/\/www.estrategiaconcursos.com.br\/blog\/#website"},"primaryImageOfPage":{"@id":"https:\/\/www.estrategiaconcursos.com.br\/blog\/analise-gratuita-tj-rj-direito-das-pessoas-com-deficiencia-para-analista-judiciario-analista-de-negocios\/#primaryimage"},"image":{"@id":"https:\/\/www.estrategiaconcursos.com.br\/blog\/analise-gratuita-tj-rj-direito-das-pessoas-com-deficiencia-para-analista-judiciario-analista-de-negocios\/#primaryimage"},"thumbnailUrl":"https:\/\/www.estrategiaconcursos.com.br\/blog\/wp-content\/uploads\/2020\/03\/TJ-RJ-Direito-das-Pessoas-com-Deficiencia-1.png","datePublished":"2020-03-18T11:45:00+00:00","dateModified":"2020-03-28T21:28:51+00:00","description":"An\u00e1lise gratuita dos pontos mais e menos cobrados pela banca Cespe em Direito das Pessoas com Defici\u00eancia com foco no conte\u00fado de Analista Judici\u00e1rio \u2013 Analista de Neg\u00f3cios do concurso TJ RJ.","breadcrumb":{"@id":"https:\/\/www.estrategiaconcursos.com.br\/blog\/analise-gratuita-tj-rj-direito-das-pessoas-com-deficiencia-para-analista-judiciario-analista-de-negocios\/#breadcrumb"},"inLanguage":"pt-BR","potentialAction":[{"@type":"ReadAction","target":["https:\/\/www.estrategiaconcursos.com.br\/blog\/analise-gratuita-tj-rj-direito-das-pessoas-com-deficiencia-para-analista-judiciario-analista-de-negocios\/"]}]},{"@type":"ImageObject","inLanguage":"pt-BR","@id":"https:\/\/www.estrategiaconcursos.com.br\/blog\/analise-gratuita-tj-rj-direito-das-pessoas-com-deficiencia-para-analista-judiciario-analista-de-negocios\/#primaryimage","url":"https:\/\/dhg1h5j42swfq.cloudfront.net\/2020\/03\/18064351\/TJ-RJ-Direito-das-Pessoas-com-Deficiencia-1.png","contentUrl":"https:\/\/dhg1h5j42swfq.cloudfront.net\/2020\/03\/18064351\/TJ-RJ-Direito-das-Pessoas-com-Deficiencia-1.png","width":738,"height":556},{"@type":"BreadcrumbList","@id":"https:\/\/www.estrategiaconcursos.com.br\/blog\/analise-gratuita-tj-rj-direito-das-pessoas-com-deficiencia-para-analista-judiciario-analista-de-negocios\/#breadcrumb","itemListElement":[{"@type":"ListItem","position":1,"name":"In\u00edcio","item":"https:\/\/www.estrategiaconcursos.com.br\/blog\/"},{"@type":"ListItem","position":2,"name":"[ An\u00e1lise gratuita ] TJ RJ: Direito das Pessoas com Defici\u00eancia para Analista Judici\u00e1rio \u2013 Analista de Neg\u00f3cios!"}]},{"@type":"WebSite","@id":"https:\/\/www.estrategiaconcursos.com.br\/blog\/#website","url":"https:\/\/www.estrategiaconcursos.com.br\/blog\/","name":"Estrat\u00e9gia Concursos","description":"O blog da Estrat\u00e9gia Concursos traz not\u00edcias sobre concursos e artigos de professores oferecendo cursos para concursos (pdf + videaulas) no site.","publisher":{"@id":"https:\/\/www.estrategiaconcursos.com.br\/blog\/#organization"},"potentialAction":[{"@type":"SearchAction","target":{"@type":"EntryPoint","urlTemplate":"https:\/\/www.estrategiaconcursos.com.br\/blog\/?s={search_term_string}"},"query-input":{"@type":"PropertyValueSpecification","valueRequired":true,"valueName":"search_term_string"}}],"inLanguage":"pt-BR"},{"@type":"Organization","@id":"https:\/\/www.estrategiaconcursos.com.br\/blog\/#organization","name":"Estrat\u00e9gia Concursos","url":"https:\/\/www.estrategiaconcursos.com.br\/blog\/","logo":{"@type":"ImageObject","inLanguage":"pt-BR","@id":"https:\/\/www.estrategiaconcursos.com.br\/blog\/#\/schema\/logo\/image\/","url":"https:\/\/dhg1h5j42swfq.cloudfront.net\/2025\/06\/03203428\/logo_concursos-1.jpg","contentUrl":"https:\/\/dhg1h5j42swfq.cloudfront.net\/2025\/06\/03203428\/logo_concursos-1.jpg","width":230,"height":60,"caption":"Estrat\u00e9gia Concursos"},"image":{"@id":"https:\/\/www.estrategiaconcursos.com.br\/blog\/#\/schema\/logo\/image\/"},"sameAs":["https:\/\/x.com\/EstratConcursos"]},{"@type":"Person","@id":"https:\/\/www.estrategiaconcursos.com.br\/blog\/#\/schema\/person\/de9d467f7ac4cca297171e67485f0c99","name":"Passo Estrat\u00e9gico","image":{"@type":"ImageObject","inLanguage":"pt-BR","@id":"https:\/\/secure.gravatar.com\/avatar\/7496644e45134bcbc48721282606b9700aec8355dbf3bdd9969130c2b0f19af0?s=96&d=mm&r=g","url":"https:\/\/secure.gravatar.com\/avatar\/7496644e45134bcbc48721282606b9700aec8355dbf3bdd9969130c2b0f19af0?s=96&d=mm&r=g","contentUrl":"https:\/\/secure.gravatar.com\/avatar\/7496644e45134bcbc48721282606b9700aec8355dbf3bdd9969130c2b0f19af0?s=96&d=mm&r=g","caption":"Passo Estrat\u00e9gico"},"url":"https:\/\/www.estrategiaconcursos.com.br\/blog\/author\/passoestrategicoderevisaogmail-com\/"}]}},"_links":{"self":[{"href":"https:\/\/www.estrategiaconcursos.com.br\/blog\/wp-json\/wp\/v2\/posts\/493382","targetHints":{"allow":["GET"]}}],"collection":[{"href":"https:\/\/www.estrategiaconcursos.com.br\/blog\/wp-json\/wp\/v2\/posts"}],"about":[{"href":"https:\/\/www.estrategiaconcursos.com.br\/blog\/wp-json\/wp\/v2\/types\/post"}],"author":[{"embeddable":true,"href":"https:\/\/www.estrategiaconcursos.com.br\/blog\/wp-json\/wp\/v2\/users\/1611"}],"replies":[{"embeddable":true,"href":"https:\/\/www.estrategiaconcursos.com.br\/blog\/wp-json\/wp\/v2\/comments?post=493382"}],"version-history":[{"count":2,"href":"https:\/\/www.estrategiaconcursos.com.br\/blog\/wp-json\/wp\/v2\/posts\/493382\/revisions"}],"predecessor-version":[{"id":497629,"href":"https:\/\/www.estrategiaconcursos.com.br\/blog\/wp-json\/wp\/v2\/posts\/493382\/revisions\/497629"}],"wp:attachment":[{"href":"https:\/\/www.estrategiaconcursos.com.br\/blog\/wp-json\/wp\/v2\/media?parent=493382"}],"wp:term":[{"taxonomy":"category","embeddable":true,"href":"https:\/\/www.estrategiaconcursos.com.br\/blog\/wp-json\/wp\/v2\/categories?post=493382"},{"taxonomy":"post_tag","embeddable":true,"href":"https:\/\/www.estrategiaconcursos.com.br\/blog\/wp-json\/wp\/v2\/tags?post=493382"},{"taxonomy":"tax_estado","embeddable":true,"href":"https:\/\/www.estrategiaconcursos.com.br\/blog\/wp-json\/wp\/v2\/tax_estado?post=493382"}],"curies":[{"name":"wp","href":"https:\/\/api.w.org\/{rel}","templated":true}]}}