{"id":493350,"date":"2020-03-17T21:31:08","date_gmt":"2020-03-18T00:31:08","guid":{"rendered":"https:\/\/www.estrategiaconcursos.com.br\/blog\/?p=493350"},"modified":"2020-03-17T21:31:24","modified_gmt":"2020-03-18T00:31:24","slug":"edital-do-concurso-pc-pr-sera-publicado-ate-o-dia-31-de-marco","status":"publish","type":"post","link":"https:\/\/www.estrategiaconcursos.com.br\/blog\/edital-do-concurso-pc-pr-sera-publicado-ate-o-dia-31-de-marco\/","title":{"rendered":"Edital do Concurso PC PR ser\u00e1 PUBLICADO at\u00e9 o dia 31 de mar\u00e7o"},"content":{"rendered":"\n<p>Foi publicado nesta ter\u00e7a-feira, 17 de mar\u00e7o de 2020, no Di\u00e1rio Oficial, o extrato que oficializou a FUNPAR (Funda\u00e7\u00e3o da Universidade Federal do Paran\u00e1) como banca organizadora do pr\u00f3ximo concurso PC PR (Pol\u00edcia Civil do Paran\u00e1).<\/p>\n\n\n\n<p>A publica\u00e7\u00e3o do extrato \u00e9 a \u00faltima etapa antes da publica\u00e7\u00e3o do edital do concurso, prevista para ocorrer at\u00e9 o dia 31 de mar\u00e7o de 2020. Confira abaixo a publica\u00e7\u00e3o:  <\/p>\n\n\n\n<figure class=\"wp-block-image\"><img decoding=\"async\" src=\"https:\/\/admin.folhadirigida.com.br\/filemanager\/files\/noticias\/Fotos\/Concurso_Policia_Civil_PR_2020_Contrato.jpg\" alt=\"Concurso Pol\u00edcia Civil PR (Foto: Reprodu\u00e7\u00e3o Di\u00e1rio Oficial do Paran\u00e1)\"\/><\/figure>\n\n\n\n<p>Um dos certames mais disputados e aguardados do Paran\u00e1, o concurso PC PR ofertar\u00e1 400 oportunidades, sendo 50 vagas Delegado, 300 para Papiloscopista e 50 para Investigador.<\/p>\n\n\n\n<p>O concurso ser\u00e1 realizado em cinco etapas, sendo:<\/p>\n\n\n\n<ul class=\"wp-block-list\"><li><strong>Prova Objetiva de Conhecimentos Gerais<\/strong>&nbsp;(eliminat\u00f3rio e classificat\u00f3rio)<\/li><li><strong>Prova Objetiva de Conhecimentos Espec\u00edficos e Reda\u00e7\u00e3o<\/strong>&nbsp;(eliminat\u00f3rio e classificat\u00f3rio)&nbsp;<\/li><li><strong>Exame de Investiga\u00e7\u00e3o de Conduta<\/strong>&nbsp;(eliminat\u00f3rio)<\/li><li><strong>Exame de Higidez F\u00edsica<\/strong>&nbsp;(eliminat\u00f3rio)<\/li><li><strong>Exame de Aptid\u00e3o F\u00edsica<\/strong>&nbsp;(eliminat\u00f3rio)<\/li><\/ul>\n\n\n\n<p class=\"has-background has-text-align-center has-medium-font-size has-very-light-gray-background-color\"><strong>Saiba mais: <a href=\"https:\/\/www.estrategiaconcursos.com.br\/blog\/concurso-policia-civil-pr\/\">Concurso PC PR<\/a><\/strong><\/p>\n\n\n\n<h4 class=\"has-text-align-center wp-block-heading\" id=\"curso\"><em><strong>Gostou desta oportunidade e deseja come\u00e7ar se preparar agora mesmo? Ent\u00e3o, confira os nossos cursos e comece a estudar para PC PR:<\/strong><\/em><\/h4>\n\n\n\n<p class=\"has-background has-text-align-center has-medium-font-size has-luminous-vivid-amber-background-color\"><a href=\"https:\/\/www.estrategiaconcursos.com.br\/cursosPorConcurso\/policia-civil-do-parana-pc-pr\/\" target=\"_blank\" rel=\"noreferrer noopener\">CURSO PC PR<\/a><\/p>\n\n\n\n<h4 class=\"has-text-align-center wp-block-heading\" id=\"assinatura\"><em><strong>Assinatura Anual Ilimitada*<\/strong><\/em><\/h4>\n\n\n\n<p class=\"has-text-align-center\"><em>Prepare-se com o melhor material e com quem mais aprova em Concursos P\u00fablicos em todo o pa\u00eds. Assine agora a nossa Assinatura Anual e tenha acesso ilimitado* a todos os nossos cursos.<\/em><\/p>\n\n\n\n<p class=\"has-background has-text-align-center has-medium-font-size has-light-green-cyan-background-color\"><strong>ASSINE AGORA<\/strong>&nbsp;\u2013&nbsp;<a href=\"https:\/\/www.estrategiaconcursos.com.br\/assinaturas\" target=\"_blank\" rel=\"noreferrer noopener\"><strong>Assinatura Ilimitada<\/strong><\/a><\/p>\n\n\n\n<p class=\"has-background has-text-align-center has-medium-font-size has-pale-cyan-blue-background-color\"><strong><a href=\"https:\/\/www.estrategiaconcursos.com.br\/blog\/concursos-abertos\/\">CONCURSOS ABERTOS<\/a><\/strong><\/p>\n\n\n\n<p class=\"has-background has-text-align-center has-medium-font-size has-pale-cyan-blue-background-color\"><a href=\"https:\/\/www.estrategiaconcursos.com.br\/blog\/concursos-2020\/\"><strong>CONCURSOS<\/strong><\/a><strong><a href=\"https:\/\/www.estrategiaconcursos.com.br\/blog\/concursos-2020\/\">&nbsp;2020<\/a><\/strong><\/p>\n","protected":false},"excerpt":{"rendered":"<p>Foi publicado nesta ter\u00e7a-feira, 17 de mar\u00e7o de 2020, no Di\u00e1rio Oficial, o extrato que oficializou a FUNPAR (Funda\u00e7\u00e3o da Universidade Federal do Paran\u00e1) como banca organizadora do pr\u00f3ximo concurso PC PR (Pol\u00edcia Civil do Paran\u00e1). A publica\u00e7\u00e3o do extrato \u00e9 a \u00faltima etapa antes da publica\u00e7\u00e3o do edital do concurso, prevista para ocorrer at\u00e9 [&hellip;]<\/p>\n","protected":false},"author":552,"featured_media":0,"comment_status":"open","ping_status":"closed","sticky":false,"template":"","format":"standard","meta":{"post_tipo":"article","footnotes":""},"categories":[1],"tags":[],"tax_estado":[],"class_list":["post-493350","post","type-post","status-publish","format-standard","hentry","category-cursos-e-concursos"],"acf":[],"yoast_head":"<!-- This site is optimized with the Yoast SEO Premium plugin v27.2 (Yoast SEO v27.2) - https:\/\/yoast.com\/product\/yoast-seo-premium-wordpress\/ -->\n<title>Edital do Concurso PC PR ser\u00e1 PUBLICADO at\u00e9 o dia 31 de mar\u00e7o<\/title>\n<meta name=\"robots\" content=\"index, follow, max-snippet:-1, max-image-preview:large, max-video-preview:-1\" \/>\n<link rel=\"canonical\" href=\"https:\/\/www.estrategiaconcursos.com.br\/blog\/edital-do-concurso-pc-pr-sera-publicado-ate-o-dia-31-de-marco\/\" \/>\n<meta property=\"og:locale\" content=\"pt_BR\" \/>\n<meta property=\"og:type\" content=\"article\" \/>\n<meta property=\"og:title\" content=\"Edital do Concurso PC PR ser\u00e1 PUBLICADO at\u00e9 o dia 31 de mar\u00e7o\" \/>\n<meta property=\"og:description\" content=\"Foi publicado nesta ter\u00e7a-feira, 17 de mar\u00e7o de 2020, no Di\u00e1rio Oficial, o extrato que oficializou a FUNPAR (Funda\u00e7\u00e3o da Universidade Federal do Paran\u00e1) como banca organizadora do pr\u00f3ximo concurso PC PR (Pol\u00edcia Civil do Paran\u00e1). A publica\u00e7\u00e3o do extrato \u00e9 a \u00faltima etapa antes da publica\u00e7\u00e3o do edital do concurso, prevista para ocorrer at\u00e9 [&hellip;]\" \/>\n<meta property=\"og:url\" content=\"https:\/\/www.estrategiaconcursos.com.br\/blog\/edital-do-concurso-pc-pr-sera-publicado-ate-o-dia-31-de-marco\/\" \/>\n<meta property=\"og:site_name\" content=\"Estrat\u00e9gia Concursos\" \/>\n<meta property=\"article:published_time\" content=\"2020-03-18T00:31:08+00:00\" \/>\n<meta property=\"article:modified_time\" content=\"2020-03-18T00:31:24+00:00\" \/>\n<meta property=\"og:image\" content=\"https:\/\/admin.folhadirigida.com.br\/filemanager\/files\/noticias\/Fotos\/Concurso_Policia_Civil_PR_2020_Contrato.jpg\" \/>\n<meta name=\"author\" content=\"Paulo Bilynskyj\" \/>\n<meta name=\"twitter:card\" content=\"summary_large_image\" \/>\n<meta name=\"twitter:creator\" content=\"@EstratConcursos\" \/>\n<meta name=\"twitter:site\" content=\"@EstratConcursos\" \/>\n<meta name=\"twitter:label1\" content=\"Escrito por\" \/>\n\t<meta name=\"twitter:data1\" content=\"Paulo Bilynskyj\" \/>\n\t<meta name=\"twitter:label2\" content=\"Est. tempo de leitura\" \/>\n\t<meta name=\"twitter:data2\" content=\"1 minuto\" \/>\n<script type=\"application\/ld+json\" class=\"yoast-schema-graph\">{\"@context\":\"https:\/\/schema.org\",\"@graph\":[{\"@type\":\"NewsArticle\",\"@id\":\"https:\/\/www.estrategiaconcursos.com.br\/blog\/edital-do-concurso-pc-pr-sera-publicado-ate-o-dia-31-de-marco\/#article\",\"isPartOf\":{\"@id\":\"https:\/\/www.estrategiaconcursos.com.br\/blog\/edital-do-concurso-pc-pr-sera-publicado-ate-o-dia-31-de-marco\/\"},\"author\":{\"name\":\"Paulo Bilynskyj\",\"@id\":\"https:\/\/www.estrategiaconcursos.com.br\/blog\/#\/schema\/person\/a630b15e36f45b4c21fed01219843cb5\"},\"headline\":\"Edital do Concurso PC PR ser\u00e1 PUBLICADO at\u00e9 o dia 31 de mar\u00e7o\",\"datePublished\":\"2020-03-18T00:31:08+00:00\",\"dateModified\":\"2020-03-18T00:31:24+00:00\",\"mainEntityOfPage\":{\"@id\":\"https:\/\/www.estrategiaconcursos.com.br\/blog\/edital-do-concurso-pc-pr-sera-publicado-ate-o-dia-31-de-marco\/\"},\"wordCount\":247,\"commentCount\":1,\"publisher\":{\"@id\":\"https:\/\/www.estrategiaconcursos.com.br\/blog\/#organization\"},\"image\":{\"@id\":\"https:\/\/www.estrategiaconcursos.com.br\/blog\/edital-do-concurso-pc-pr-sera-publicado-ate-o-dia-31-de-marco\/#primaryimage\"},\"thumbnailUrl\":\"https:\/\/admin.folhadirigida.com.br\/filemanager\/files\/noticias\/Fotos\/Concurso_Policia_Civil_PR_2020_Contrato.jpg\",\"articleSection\":[\"Concursos P\u00fablicos\"],\"inLanguage\":\"pt-BR\",\"potentialAction\":[{\"@type\":\"CommentAction\",\"name\":\"Comment\",\"target\":[\"https:\/\/www.estrategiaconcursos.com.br\/blog\/edital-do-concurso-pc-pr-sera-publicado-ate-o-dia-31-de-marco\/#respond\"]}],\"copyrightYear\":\"2020\",\"copyrightHolder\":{\"@id\":\"https:\/\/www.estrategiaconcursos.com.br\/blog\/#organization\"}},{\"@type\":\"WebPage\",\"@id\":\"https:\/\/www.estrategiaconcursos.com.br\/blog\/edital-do-concurso-pc-pr-sera-publicado-ate-o-dia-31-de-marco\/\",\"url\":\"https:\/\/www.estrategiaconcursos.com.br\/blog\/edital-do-concurso-pc-pr-sera-publicado-ate-o-dia-31-de-marco\/\",\"name\":\"Edital do Concurso PC PR ser\u00e1 PUBLICADO at\u00e9 o dia 31 de mar\u00e7o\",\"isPartOf\":{\"@id\":\"https:\/\/www.estrategiaconcursos.com.br\/blog\/#website\"},\"primaryImageOfPage\":{\"@id\":\"https:\/\/www.estrategiaconcursos.com.br\/blog\/edital-do-concurso-pc-pr-sera-publicado-ate-o-dia-31-de-marco\/#primaryimage\"},\"image\":{\"@id\":\"https:\/\/www.estrategiaconcursos.com.br\/blog\/edital-do-concurso-pc-pr-sera-publicado-ate-o-dia-31-de-marco\/#primaryimage\"},\"thumbnailUrl\":\"https:\/\/admin.folhadirigida.com.br\/filemanager\/files\/noticias\/Fotos\/Concurso_Policia_Civil_PR_2020_Contrato.jpg\",\"datePublished\":\"2020-03-18T00:31:08+00:00\",\"dateModified\":\"2020-03-18T00:31:24+00:00\",\"breadcrumb\":{\"@id\":\"https:\/\/www.estrategiaconcursos.com.br\/blog\/edital-do-concurso-pc-pr-sera-publicado-ate-o-dia-31-de-marco\/#breadcrumb\"},\"inLanguage\":\"pt-BR\",\"potentialAction\":[{\"@type\":\"ReadAction\",\"target\":[\"https:\/\/www.estrategiaconcursos.com.br\/blog\/edital-do-concurso-pc-pr-sera-publicado-ate-o-dia-31-de-marco\/\"]}]},{\"@type\":\"ImageObject\",\"inLanguage\":\"pt-BR\",\"@id\":\"https:\/\/www.estrategiaconcursos.com.br\/blog\/edital-do-concurso-pc-pr-sera-publicado-ate-o-dia-31-de-marco\/#primaryimage\",\"url\":\"https:\/\/admin.folhadirigida.com.br\/filemanager\/files\/noticias\/Fotos\/Concurso_Policia_Civil_PR_2020_Contrato.jpg\",\"contentUrl\":\"https:\/\/admin.folhadirigida.com.br\/filemanager\/files\/noticias\/Fotos\/Concurso_Policia_Civil_PR_2020_Contrato.jpg\"},{\"@type\":\"BreadcrumbList\",\"@id\":\"https:\/\/www.estrategiaconcursos.com.br\/blog\/edital-do-concurso-pc-pr-sera-publicado-ate-o-dia-31-de-marco\/#breadcrumb\",\"itemListElement\":[{\"@type\":\"ListItem\",\"position\":1,\"name\":\"In\u00edcio\",\"item\":\"https:\/\/www.estrategiaconcursos.com.br\/blog\/\"},{\"@type\":\"ListItem\",\"position\":2,\"name\":\"Edital do Concurso PC PR ser\u00e1 PUBLICADO at\u00e9 o dia 31 de mar\u00e7o\"}]},{\"@type\":\"WebSite\",\"@id\":\"https:\/\/www.estrategiaconcursos.com.br\/blog\/#website\",\"url\":\"https:\/\/www.estrategiaconcursos.com.br\/blog\/\",\"name\":\"Estrat\u00e9gia Concursos\",\"description\":\"O blog da Estrat\u00e9gia Concursos traz not\u00edcias sobre concursos e artigos de professores oferecendo cursos para concursos (pdf + videaulas) no site.\",\"publisher\":{\"@id\":\"https:\/\/www.estrategiaconcursos.com.br\/blog\/#organization\"},\"potentialAction\":[{\"@type\":\"SearchAction\",\"target\":{\"@type\":\"EntryPoint\",\"urlTemplate\":\"https:\/\/www.estrategiaconcursos.com.br\/blog\/?s={search_term_string}\"},\"query-input\":{\"@type\":\"PropertyValueSpecification\",\"valueRequired\":true,\"valueName\":\"search_term_string\"}}],\"inLanguage\":\"pt-BR\"},{\"@type\":\"Organization\",\"@id\":\"https:\/\/www.estrategiaconcursos.com.br\/blog\/#organization\",\"name\":\"Estrat\u00e9gia Concursos\",\"url\":\"https:\/\/www.estrategiaconcursos.com.br\/blog\/\",\"logo\":{\"@type\":\"ImageObject\",\"inLanguage\":\"pt-BR\",\"@id\":\"https:\/\/www.estrategiaconcursos.com.br\/blog\/#\/schema\/logo\/image\/\",\"url\":\"https:\/\/dhg1h5j42swfq.cloudfront.net\/2025\/06\/03203428\/logo_concursos-1.jpg\",\"contentUrl\":\"https:\/\/dhg1h5j42swfq.cloudfront.net\/2025\/06\/03203428\/logo_concursos-1.jpg\",\"width\":230,\"height\":60,\"caption\":\"Estrat\u00e9gia Concursos\"},\"image\":{\"@id\":\"https:\/\/www.estrategiaconcursos.com.br\/blog\/#\/schema\/logo\/image\/\"},\"sameAs\":[\"https:\/\/x.com\/EstratConcursos\"]},{\"@type\":\"Person\",\"@id\":\"https:\/\/www.estrategiaconcursos.com.br\/blog\/#\/schema\/person\/a630b15e36f45b4c21fed01219843cb5\",\"name\":\"Paulo Bilynskyj\",\"image\":{\"@type\":\"ImageObject\",\"inLanguage\":\"pt-BR\",\"@id\":\"https:\/\/secure.gravatar.com\/avatar\/37e21f70c9042e7456beffdc6d31fe051f3f6dcbf252f69343a791b144852057?s=96&d=mm&r=g\",\"url\":\"https:\/\/secure.gravatar.com\/avatar\/37e21f70c9042e7456beffdc6d31fe051f3f6dcbf252f69343a791b144852057?s=96&d=mm&r=g\",\"contentUrl\":\"https:\/\/secure.gravatar.com\/avatar\/37e21f70c9042e7456beffdc6d31fe051f3f6dcbf252f69343a791b144852057?s=96&d=mm&r=g\",\"caption\":\"Paulo Bilynskyj\"},\"url\":\"https:\/\/www.estrategiaconcursos.com.br\/blog\/author\/pbilynskyjgmail-com\/\"}]}<\/script>\n<!-- \/ Yoast SEO Premium plugin. -->","yoast_head_json":{"title":"Edital do Concurso PC PR ser\u00e1 PUBLICADO at\u00e9 o dia 31 de mar\u00e7o","robots":{"index":"index","follow":"follow","max-snippet":"max-snippet:-1","max-image-preview":"max-image-preview:large","max-video-preview":"max-video-preview:-1"},"canonical":"https:\/\/www.estrategiaconcursos.com.br\/blog\/edital-do-concurso-pc-pr-sera-publicado-ate-o-dia-31-de-marco\/","og_locale":"pt_BR","og_type":"article","og_title":"Edital do Concurso PC PR ser\u00e1 PUBLICADO at\u00e9 o dia 31 de mar\u00e7o","og_description":"Foi publicado nesta ter\u00e7a-feira, 17 de mar\u00e7o de 2020, no Di\u00e1rio Oficial, o extrato que oficializou a FUNPAR (Funda\u00e7\u00e3o da Universidade Federal do Paran\u00e1) como banca organizadora do pr\u00f3ximo concurso PC PR (Pol\u00edcia Civil do Paran\u00e1). A publica\u00e7\u00e3o do extrato \u00e9 a \u00faltima etapa antes da publica\u00e7\u00e3o do edital do concurso, prevista para ocorrer at\u00e9 [&hellip;]","og_url":"https:\/\/www.estrategiaconcursos.com.br\/blog\/edital-do-concurso-pc-pr-sera-publicado-ate-o-dia-31-de-marco\/","og_site_name":"Estrat\u00e9gia Concursos","article_published_time":"2020-03-18T00:31:08+00:00","article_modified_time":"2020-03-18T00:31:24+00:00","og_image":[{"url":"https:\/\/admin.folhadirigida.com.br\/filemanager\/files\/noticias\/Fotos\/Concurso_Policia_Civil_PR_2020_Contrato.jpg","type":"","width":"","height":""}],"author":"Paulo Bilynskyj","twitter_card":"summary_large_image","twitter_creator":"@EstratConcursos","twitter_site":"@EstratConcursos","twitter_misc":{"Escrito por":"Paulo Bilynskyj","Est. tempo de leitura":"1 minuto"},"schema":{"@context":"https:\/\/schema.org","@graph":[{"@type":"NewsArticle","@id":"https:\/\/www.estrategiaconcursos.com.br\/blog\/edital-do-concurso-pc-pr-sera-publicado-ate-o-dia-31-de-marco\/#article","isPartOf":{"@id":"https:\/\/www.estrategiaconcursos.com.br\/blog\/edital-do-concurso-pc-pr-sera-publicado-ate-o-dia-31-de-marco\/"},"author":{"name":"Paulo Bilynskyj","@id":"https:\/\/www.estrategiaconcursos.com.br\/blog\/#\/schema\/person\/a630b15e36f45b4c21fed01219843cb5"},"headline":"Edital do Concurso PC PR ser\u00e1 PUBLICADO at\u00e9 o dia 31 de mar\u00e7o","datePublished":"2020-03-18T00:31:08+00:00","dateModified":"2020-03-18T00:31:24+00:00","mainEntityOfPage":{"@id":"https:\/\/www.estrategiaconcursos.com.br\/blog\/edital-do-concurso-pc-pr-sera-publicado-ate-o-dia-31-de-marco\/"},"wordCount":247,"commentCount":1,"publisher":{"@id":"https:\/\/www.estrategiaconcursos.com.br\/blog\/#organization"},"image":{"@id":"https:\/\/www.estrategiaconcursos.com.br\/blog\/edital-do-concurso-pc-pr-sera-publicado-ate-o-dia-31-de-marco\/#primaryimage"},"thumbnailUrl":"https:\/\/admin.folhadirigida.com.br\/filemanager\/files\/noticias\/Fotos\/Concurso_Policia_Civil_PR_2020_Contrato.jpg","articleSection":["Concursos P\u00fablicos"],"inLanguage":"pt-BR","potentialAction":[{"@type":"CommentAction","name":"Comment","target":["https:\/\/www.estrategiaconcursos.com.br\/blog\/edital-do-concurso-pc-pr-sera-publicado-ate-o-dia-31-de-marco\/#respond"]}],"copyrightYear":"2020","copyrightHolder":{"@id":"https:\/\/www.estrategiaconcursos.com.br\/blog\/#organization"}},{"@type":"WebPage","@id":"https:\/\/www.estrategiaconcursos.com.br\/blog\/edital-do-concurso-pc-pr-sera-publicado-ate-o-dia-31-de-marco\/","url":"https:\/\/www.estrategiaconcursos.com.br\/blog\/edital-do-concurso-pc-pr-sera-publicado-ate-o-dia-31-de-marco\/","name":"Edital do Concurso PC PR ser\u00e1 PUBLICADO at\u00e9 o dia 31 de mar\u00e7o","isPartOf":{"@id":"https:\/\/www.estrategiaconcursos.com.br\/blog\/#website"},"primaryImageOfPage":{"@id":"https:\/\/www.estrategiaconcursos.com.br\/blog\/edital-do-concurso-pc-pr-sera-publicado-ate-o-dia-31-de-marco\/#primaryimage"},"image":{"@id":"https:\/\/www.estrategiaconcursos.com.br\/blog\/edital-do-concurso-pc-pr-sera-publicado-ate-o-dia-31-de-marco\/#primaryimage"},"thumbnailUrl":"https:\/\/admin.folhadirigida.com.br\/filemanager\/files\/noticias\/Fotos\/Concurso_Policia_Civil_PR_2020_Contrato.jpg","datePublished":"2020-03-18T00:31:08+00:00","dateModified":"2020-03-18T00:31:24+00:00","breadcrumb":{"@id":"https:\/\/www.estrategiaconcursos.com.br\/blog\/edital-do-concurso-pc-pr-sera-publicado-ate-o-dia-31-de-marco\/#breadcrumb"},"inLanguage":"pt-BR","potentialAction":[{"@type":"ReadAction","target":["https:\/\/www.estrategiaconcursos.com.br\/blog\/edital-do-concurso-pc-pr-sera-publicado-ate-o-dia-31-de-marco\/"]}]},{"@type":"ImageObject","inLanguage":"pt-BR","@id":"https:\/\/www.estrategiaconcursos.com.br\/blog\/edital-do-concurso-pc-pr-sera-publicado-ate-o-dia-31-de-marco\/#primaryimage","url":"https:\/\/admin.folhadirigida.com.br\/filemanager\/files\/noticias\/Fotos\/Concurso_Policia_Civil_PR_2020_Contrato.jpg","contentUrl":"https:\/\/admin.folhadirigida.com.br\/filemanager\/files\/noticias\/Fotos\/Concurso_Policia_Civil_PR_2020_Contrato.jpg"},{"@type":"BreadcrumbList","@id":"https:\/\/www.estrategiaconcursos.com.br\/blog\/edital-do-concurso-pc-pr-sera-publicado-ate-o-dia-31-de-marco\/#breadcrumb","itemListElement":[{"@type":"ListItem","position":1,"name":"In\u00edcio","item":"https:\/\/www.estrategiaconcursos.com.br\/blog\/"},{"@type":"ListItem","position":2,"name":"Edital do Concurso PC PR ser\u00e1 PUBLICADO at\u00e9 o dia 31 de mar\u00e7o"}]},{"@type":"WebSite","@id":"https:\/\/www.estrategiaconcursos.com.br\/blog\/#website","url":"https:\/\/www.estrategiaconcursos.com.br\/blog\/","name":"Estrat\u00e9gia Concursos","description":"O blog da Estrat\u00e9gia Concursos traz not\u00edcias sobre concursos e artigos de professores oferecendo cursos para concursos (pdf + videaulas) no site.","publisher":{"@id":"https:\/\/www.estrategiaconcursos.com.br\/blog\/#organization"},"potentialAction":[{"@type":"SearchAction","target":{"@type":"EntryPoint","urlTemplate":"https:\/\/www.estrategiaconcursos.com.br\/blog\/?s={search_term_string}"},"query-input":{"@type":"PropertyValueSpecification","valueRequired":true,"valueName":"search_term_string"}}],"inLanguage":"pt-BR"},{"@type":"Organization","@id":"https:\/\/www.estrategiaconcursos.com.br\/blog\/#organization","name":"Estrat\u00e9gia Concursos","url":"https:\/\/www.estrategiaconcursos.com.br\/blog\/","logo":{"@type":"ImageObject","inLanguage":"pt-BR","@id":"https:\/\/www.estrategiaconcursos.com.br\/blog\/#\/schema\/logo\/image\/","url":"https:\/\/dhg1h5j42swfq.cloudfront.net\/2025\/06\/03203428\/logo_concursos-1.jpg","contentUrl":"https:\/\/dhg1h5j42swfq.cloudfront.net\/2025\/06\/03203428\/logo_concursos-1.jpg","width":230,"height":60,"caption":"Estrat\u00e9gia Concursos"},"image":{"@id":"https:\/\/www.estrategiaconcursos.com.br\/blog\/#\/schema\/logo\/image\/"},"sameAs":["https:\/\/x.com\/EstratConcursos"]},{"@type":"Person","@id":"https:\/\/www.estrategiaconcursos.com.br\/blog\/#\/schema\/person\/a630b15e36f45b4c21fed01219843cb5","name":"Paulo Bilynskyj","image":{"@type":"ImageObject","inLanguage":"pt-BR","@id":"https:\/\/secure.gravatar.com\/avatar\/37e21f70c9042e7456beffdc6d31fe051f3f6dcbf252f69343a791b144852057?s=96&d=mm&r=g","url":"https:\/\/secure.gravatar.com\/avatar\/37e21f70c9042e7456beffdc6d31fe051f3f6dcbf252f69343a791b144852057?s=96&d=mm&r=g","contentUrl":"https:\/\/secure.gravatar.com\/avatar\/37e21f70c9042e7456beffdc6d31fe051f3f6dcbf252f69343a791b144852057?s=96&d=mm&r=g","caption":"Paulo Bilynskyj"},"url":"https:\/\/www.estrategiaconcursos.com.br\/blog\/author\/pbilynskyjgmail-com\/"}]}},"_links":{"self":[{"href":"https:\/\/www.estrategiaconcursos.com.br\/blog\/wp-json\/wp\/v2\/posts\/493350","targetHints":{"allow":["GET"]}}],"collection":[{"href":"https:\/\/www.estrategiaconcursos.com.br\/blog\/wp-json\/wp\/v2\/posts"}],"about":[{"href":"https:\/\/www.estrategiaconcursos.com.br\/blog\/wp-json\/wp\/v2\/types\/post"}],"author":[{"embeddable":true,"href":"https:\/\/www.estrategiaconcursos.com.br\/blog\/wp-json\/wp\/v2\/users\/552"}],"replies":[{"embeddable":true,"href":"https:\/\/www.estrategiaconcursos.com.br\/blog\/wp-json\/wp\/v2\/comments?post=493350"}],"version-history":[{"count":2,"href":"https:\/\/www.estrategiaconcursos.com.br\/blog\/wp-json\/wp\/v2\/posts\/493350\/revisions"}],"predecessor-version":[{"id":493354,"href":"https:\/\/www.estrategiaconcursos.com.br\/blog\/wp-json\/wp\/v2\/posts\/493350\/revisions\/493354"}],"wp:attachment":[{"href":"https:\/\/www.estrategiaconcursos.com.br\/blog\/wp-json\/wp\/v2\/media?parent=493350"}],"wp:term":[{"taxonomy":"category","embeddable":true,"href":"https:\/\/www.estrategiaconcursos.com.br\/blog\/wp-json\/wp\/v2\/categories?post=493350"},{"taxonomy":"post_tag","embeddable":true,"href":"https:\/\/www.estrategiaconcursos.com.br\/blog\/wp-json\/wp\/v2\/tags?post=493350"},{"taxonomy":"tax_estado","embeddable":true,"href":"https:\/\/www.estrategiaconcursos.com.br\/blog\/wp-json\/wp\/v2\/tax_estado?post=493350"}],"curies":[{"name":"wp","href":"https:\/\/api.w.org\/{rel}","templated":true}]}}