{"id":493323,"date":"2020-03-17T17:51:05","date_gmt":"2020-03-17T20:51:05","guid":{"rendered":"https:\/\/www.estrategiaconcursos.com.br\/blog\/?p=493323"},"modified":"2020-03-17T17:51:07","modified_gmt":"2020-03-17T20:51:07","slug":"provas-do-concurso-camara-capao-da-canoa-sao-suspensas-confira","status":"publish","type":"post","link":"https:\/\/www.estrategiaconcursos.com.br\/blog\/provas-do-concurso-camara-capao-da-canoa-sao-suspensas-confira\/","title":{"rendered":"Provas do concurso C\u00e2mara Cap\u00e3o da Canoa s\u00e3o suspensas. Confira!"},"content":{"rendered":"\n<p>Foi publicado um documento que suspende a realiza\u00e7\u00e3o das provas do concurso C\u00e2mara de Cap\u00e3o da Canoa, originalmente previstas para ocorrerem no dia 29 de mar\u00e7o de 2020.<\/p>\n\n\n\n<p>Organizado pela\u00a0<strong>Fundatec<\/strong>\u00a0(Funda\u00e7\u00e3o Universidade Empresa de Tecnologia e Ci\u00eancias), o certame oferta\u00a0<strong>5 vagas imediatas + cadastro reserva<\/strong>,\u00a0para cargos de n\u00edvel\u00a0<strong>m\u00e9dio, t\u00e9cnico e superior.<\/strong><\/p>\n\n\n\n<p>A prova objetiva \u00e9 a \u00fanica etapa do concurso, devendo ser aplicada a todos os cargos.<\/p>\n\n\n\n<p>No comunicado, o \u00f3rg\u00e3o pede que os candidatos interessados em prestar o concurso acompanhem as pr\u00f3ximas publica\u00e7\u00f5es, que devem informar atualiza\u00e7\u00f5es e a poss\u00edvel remarca\u00e7\u00e3o da prova. Confira abaixo a \u00edntegra do comunicado:   <\/p>\n\n\n\n<p> <\/p>\n\n\n\n<div class=\"wp-block-image\"><figure class=\"aligncenter is-resized\"><img loading=\"lazy\" decoding=\"async\" src=\"https:\/\/trello-attachments.s3.amazonaws.com\/5e71249dde89094feffdd8ee\/653x639\/2f93ccd9666301b992c62ce369f93685\/WhatsApp_Image_2020-03-17_at_16.23.41.jpeg.jpg\" alt=\"WhatsApp Image 2020-03-17 at 16.23.41.jpeg\" width=\"441\" height=\"432\"\/><\/figure><\/div>\n\n\n\n<p class=\"has-background has-text-align-center has-medium-font-size has-luminous-vivid-amber-background-color\"><a rel=\"noreferrer noopener\" href=\"https:\/\/www.estrategiaconcursos.com.br\/cursosPorConcurso\/prefeitura-municipal-de-capao-da-canoa-rs\/\" target=\"_blank\">CURSO C\u00c2MARA CAP\u00c3O DA CANOA<\/a><\/p>\n\n\n\n<h4 class=\"has-text-align-center wp-block-heading\">Assinatura ilimitada*<\/h4>\n\n\n\n<p class=\"has-text-align-center\"><em>Prepare-se com o melhor material e com quem mais aprova em Concursos P\u00fablicos em todo o pa\u00eds. Assine agora a nossa Assinatura Anual e tenha acesso ilimitado* a todos os nossos cursos.<\/em><\/p>\n\n\n\n<p class=\"has-background has-text-align-center has-medium-font-size has-light-green-cyan-background-color\"><strong>ASSINE AGORA<\/strong>&nbsp;\u2013&nbsp;<a rel=\"noreferrer noopener\" href=\"https:\/\/www.estrategiaconcursos.com.br\/assinaturas\" target=\"_blank\"><strong>Assinatura Ilimitada<\/strong><\/a><\/p>\n\n\n\n<p class=\"has-background has-text-align-center has-medium-font-size has-pale-cyan-blue-background-color\"><strong><a href=\"https:\/\/www.estrategiaconcursos.com.br\/blog\/concursos-abertos\/\">CONCURSOS ABERTOS<\/a><\/strong><\/p>\n\n\n\n<p class=\"has-background has-text-align-center has-medium-font-size has-pale-cyan-blue-background-color\"><a href=\"https:\/\/www.estrategiaconcursos.com.br\/blog\/concursos-2020\/\"><strong>CONCURSOS<\/strong><\/a><strong><a href=\"https:\/\/www.estrategiaconcursos.com.br\/blog\/concursos-2020\/\">&nbsp;2020<\/a><\/strong><\/p>\n","protected":false},"excerpt":{"rendered":"<p>Foi publicado um documento que suspende a realiza\u00e7\u00e3o das provas do concurso C\u00e2mara de Cap\u00e3o da Canoa, originalmente previstas para ocorrerem no dia 29 de mar\u00e7o de 2020. Organizado pela\u00a0Fundatec\u00a0(Funda\u00e7\u00e3o Universidade Empresa de Tecnologia e Ci\u00eancias), o certame oferta\u00a05 vagas imediatas + cadastro reserva,\u00a0para cargos de n\u00edvel\u00a0m\u00e9dio, t\u00e9cnico e superior. A prova objetiva \u00e9 a [&hellip;]<\/p>\n","protected":false},"author":657,"featured_media":0,"comment_status":"open","ping_status":"closed","sticky":false,"template":"","format":"standard","meta":{"post_tipo":"article","footnotes":""},"categories":[1],"tags":[],"tax_estado":[],"class_list":["post-493323","post","type-post","status-publish","format-standard","hentry","category-cursos-e-concursos"],"acf":[],"yoast_head":"<!-- This site is optimized with the Yoast SEO Premium plugin v27.2 (Yoast SEO v27.2) - https:\/\/yoast.com\/product\/yoast-seo-premium-wordpress\/ -->\n<title>Provas do concurso C\u00e2mara Cap\u00e3o da Canoa s\u00e3o suspensas. Confira!<\/title>\n<meta name=\"robots\" content=\"index, follow, max-snippet:-1, max-image-preview:large, max-video-preview:-1\" \/>\n<link rel=\"canonical\" href=\"https:\/\/www.estrategiaconcursos.com.br\/blog\/provas-do-concurso-camara-capao-da-canoa-sao-suspensas-confira\/\" \/>\n<meta property=\"og:locale\" content=\"pt_BR\" \/>\n<meta property=\"og:type\" content=\"article\" \/>\n<meta property=\"og:title\" content=\"Provas do concurso C\u00e2mara Cap\u00e3o da Canoa s\u00e3o suspensas. Confira!\" \/>\n<meta property=\"og:description\" content=\"Foi publicado um documento que suspende a realiza\u00e7\u00e3o das provas do concurso C\u00e2mara de Cap\u00e3o da Canoa, originalmente previstas para ocorrerem no dia 29 de mar\u00e7o de 2020. Organizado pela\u00a0Fundatec\u00a0(Funda\u00e7\u00e3o Universidade Empresa de Tecnologia e Ci\u00eancias), o certame oferta\u00a05 vagas imediatas + cadastro reserva,\u00a0para cargos de n\u00edvel\u00a0m\u00e9dio, t\u00e9cnico e superior. A prova objetiva \u00e9 a [&hellip;]\" \/>\n<meta property=\"og:url\" content=\"https:\/\/www.estrategiaconcursos.com.br\/blog\/provas-do-concurso-camara-capao-da-canoa-sao-suspensas-confira\/\" \/>\n<meta property=\"og:site_name\" content=\"Estrat\u00e9gia Concursos\" \/>\n<meta property=\"article:published_time\" content=\"2020-03-17T20:51:05+00:00\" \/>\n<meta property=\"article:modified_time\" content=\"2020-03-17T20:51:07+00:00\" \/>\n<meta property=\"og:image\" content=\"https:\/\/trello-attachments.s3.amazonaws.com\/5e71249dde89094feffdd8ee\/653x639\/2f93ccd9666301b992c62ce369f93685\/WhatsApp_Image_2020-03-17_at_16.23.41.jpeg.jpg\" \/>\n<meta name=\"author\" content=\"Nat\u00e1lia Scarano\" \/>\n<meta name=\"twitter:card\" content=\"summary_large_image\" \/>\n<meta name=\"twitter:creator\" content=\"@EstratConcursos\" \/>\n<meta name=\"twitter:site\" content=\"@EstratConcursos\" \/>\n<meta name=\"twitter:label1\" content=\"Escrito por\" \/>\n\t<meta name=\"twitter:data1\" content=\"Nat\u00e1lia Scarano\" \/>\n\t<meta name=\"twitter:label2\" content=\"Est. tempo de leitura\" \/>\n\t<meta name=\"twitter:data2\" content=\"1 minuto\" \/>\n<script type=\"application\/ld+json\" class=\"yoast-schema-graph\">{\"@context\":\"https:\/\/schema.org\",\"@graph\":[{\"@type\":\"NewsArticle\",\"@id\":\"https:\/\/www.estrategiaconcursos.com.br\/blog\/provas-do-concurso-camara-capao-da-canoa-sao-suspensas-confira\/#article\",\"isPartOf\":{\"@id\":\"https:\/\/www.estrategiaconcursos.com.br\/blog\/provas-do-concurso-camara-capao-da-canoa-sao-suspensas-confira\/\"},\"author\":{\"name\":\"Nat\u00e1lia Scarano\",\"@id\":\"https:\/\/www.estrategiaconcursos.com.br\/blog\/#\/schema\/person\/751aedf909a9d10cb23ce6ac527ce0f2\"},\"headline\":\"Provas do concurso C\u00e2mara Cap\u00e3o da Canoa s\u00e3o suspensas. Confira!\",\"datePublished\":\"2020-03-17T20:51:05+00:00\",\"dateModified\":\"2020-03-17T20:51:07+00:00\",\"mainEntityOfPage\":{\"@id\":\"https:\/\/www.estrategiaconcursos.com.br\/blog\/provas-do-concurso-camara-capao-da-canoa-sao-suspensas-confira\/\"},\"wordCount\":180,\"commentCount\":0,\"publisher\":{\"@id\":\"https:\/\/www.estrategiaconcursos.com.br\/blog\/#organization\"},\"image\":{\"@id\":\"https:\/\/www.estrategiaconcursos.com.br\/blog\/provas-do-concurso-camara-capao-da-canoa-sao-suspensas-confira\/#primaryimage\"},\"thumbnailUrl\":\"https:\/\/trello-attachments.s3.amazonaws.com\/5e71249dde89094feffdd8ee\/653x639\/2f93ccd9666301b992c62ce369f93685\/WhatsApp_Image_2020-03-17_at_16.23.41.jpeg.jpg\",\"articleSection\":[\"Concursos P\u00fablicos\"],\"inLanguage\":\"pt-BR\",\"potentialAction\":[{\"@type\":\"CommentAction\",\"name\":\"Comment\",\"target\":[\"https:\/\/www.estrategiaconcursos.com.br\/blog\/provas-do-concurso-camara-capao-da-canoa-sao-suspensas-confira\/#respond\"]}],\"copyrightYear\":\"2020\",\"copyrightHolder\":{\"@id\":\"https:\/\/www.estrategiaconcursos.com.br\/blog\/#organization\"}},{\"@type\":\"WebPage\",\"@id\":\"https:\/\/www.estrategiaconcursos.com.br\/blog\/provas-do-concurso-camara-capao-da-canoa-sao-suspensas-confira\/\",\"url\":\"https:\/\/www.estrategiaconcursos.com.br\/blog\/provas-do-concurso-camara-capao-da-canoa-sao-suspensas-confira\/\",\"name\":\"Provas do concurso C\u00e2mara Cap\u00e3o da Canoa s\u00e3o suspensas. Confira!\",\"isPartOf\":{\"@id\":\"https:\/\/www.estrategiaconcursos.com.br\/blog\/#website\"},\"primaryImageOfPage\":{\"@id\":\"https:\/\/www.estrategiaconcursos.com.br\/blog\/provas-do-concurso-camara-capao-da-canoa-sao-suspensas-confira\/#primaryimage\"},\"image\":{\"@id\":\"https:\/\/www.estrategiaconcursos.com.br\/blog\/provas-do-concurso-camara-capao-da-canoa-sao-suspensas-confira\/#primaryimage\"},\"thumbnailUrl\":\"https:\/\/trello-attachments.s3.amazonaws.com\/5e71249dde89094feffdd8ee\/653x639\/2f93ccd9666301b992c62ce369f93685\/WhatsApp_Image_2020-03-17_at_16.23.41.jpeg.jpg\",\"datePublished\":\"2020-03-17T20:51:05+00:00\",\"dateModified\":\"2020-03-17T20:51:07+00:00\",\"breadcrumb\":{\"@id\":\"https:\/\/www.estrategiaconcursos.com.br\/blog\/provas-do-concurso-camara-capao-da-canoa-sao-suspensas-confira\/#breadcrumb\"},\"inLanguage\":\"pt-BR\",\"potentialAction\":[{\"@type\":\"ReadAction\",\"target\":[\"https:\/\/www.estrategiaconcursos.com.br\/blog\/provas-do-concurso-camara-capao-da-canoa-sao-suspensas-confira\/\"]}]},{\"@type\":\"ImageObject\",\"inLanguage\":\"pt-BR\",\"@id\":\"https:\/\/www.estrategiaconcursos.com.br\/blog\/provas-do-concurso-camara-capao-da-canoa-sao-suspensas-confira\/#primaryimage\",\"url\":\"https:\/\/trello-attachments.s3.amazonaws.com\/5e71249dde89094feffdd8ee\/653x639\/2f93ccd9666301b992c62ce369f93685\/WhatsApp_Image_2020-03-17_at_16.23.41.jpeg.jpg\",\"contentUrl\":\"https:\/\/trello-attachments.s3.amazonaws.com\/5e71249dde89094feffdd8ee\/653x639\/2f93ccd9666301b992c62ce369f93685\/WhatsApp_Image_2020-03-17_at_16.23.41.jpeg.jpg\"},{\"@type\":\"BreadcrumbList\",\"@id\":\"https:\/\/www.estrategiaconcursos.com.br\/blog\/provas-do-concurso-camara-capao-da-canoa-sao-suspensas-confira\/#breadcrumb\",\"itemListElement\":[{\"@type\":\"ListItem\",\"position\":1,\"name\":\"In\u00edcio\",\"item\":\"https:\/\/www.estrategiaconcursos.com.br\/blog\/\"},{\"@type\":\"ListItem\",\"position\":2,\"name\":\"Provas do concurso C\u00e2mara Cap\u00e3o da Canoa s\u00e3o suspensas. Confira!\"}]},{\"@type\":\"WebSite\",\"@id\":\"https:\/\/www.estrategiaconcursos.com.br\/blog\/#website\",\"url\":\"https:\/\/www.estrategiaconcursos.com.br\/blog\/\",\"name\":\"Estrat\u00e9gia Concursos\",\"description\":\"O blog da Estrat\u00e9gia Concursos traz not\u00edcias sobre concursos e artigos de professores oferecendo cursos para concursos (pdf + videaulas) no site.\",\"publisher\":{\"@id\":\"https:\/\/www.estrategiaconcursos.com.br\/blog\/#organization\"},\"potentialAction\":[{\"@type\":\"SearchAction\",\"target\":{\"@type\":\"EntryPoint\",\"urlTemplate\":\"https:\/\/www.estrategiaconcursos.com.br\/blog\/?s={search_term_string}\"},\"query-input\":{\"@type\":\"PropertyValueSpecification\",\"valueRequired\":true,\"valueName\":\"search_term_string\"}}],\"inLanguage\":\"pt-BR\"},{\"@type\":\"Organization\",\"@id\":\"https:\/\/www.estrategiaconcursos.com.br\/blog\/#organization\",\"name\":\"Estrat\u00e9gia Concursos\",\"url\":\"https:\/\/www.estrategiaconcursos.com.br\/blog\/\",\"logo\":{\"@type\":\"ImageObject\",\"inLanguage\":\"pt-BR\",\"@id\":\"https:\/\/www.estrategiaconcursos.com.br\/blog\/#\/schema\/logo\/image\/\",\"url\":\"https:\/\/dhg1h5j42swfq.cloudfront.net\/2025\/06\/03203428\/logo_concursos-1.jpg\",\"contentUrl\":\"https:\/\/dhg1h5j42swfq.cloudfront.net\/2025\/06\/03203428\/logo_concursos-1.jpg\",\"width\":230,\"height\":60,\"caption\":\"Estrat\u00e9gia Concursos\"},\"image\":{\"@id\":\"https:\/\/www.estrategiaconcursos.com.br\/blog\/#\/schema\/logo\/image\/\"},\"sameAs\":[\"https:\/\/x.com\/EstratConcursos\"]},{\"@type\":\"Person\",\"@id\":\"https:\/\/www.estrategiaconcursos.com.br\/blog\/#\/schema\/person\/751aedf909a9d10cb23ce6ac527ce0f2\",\"name\":\"Nat\u00e1lia Scarano\",\"image\":{\"@type\":\"ImageObject\",\"inLanguage\":\"pt-BR\",\"@id\":\"https:\/\/secure.gravatar.com\/avatar\/8a889b8db3dbd227a1a78627357ec8fe64f5e99189d1889a270127828ab372ac?s=96&d=mm&r=g\",\"url\":\"https:\/\/secure.gravatar.com\/avatar\/8a889b8db3dbd227a1a78627357ec8fe64f5e99189d1889a270127828ab372ac?s=96&d=mm&r=g\",\"contentUrl\":\"https:\/\/secure.gravatar.com\/avatar\/8a889b8db3dbd227a1a78627357ec8fe64f5e99189d1889a270127828ab372ac?s=96&d=mm&r=g\",\"caption\":\"Nat\u00e1lia Scarano\"},\"description\":\"Jornalista, formada e p\u00f3s graduada pelo IESB, faz parte do time de jornalistas do Estrat\u00e9gia desde 2017. Possui familiaridade com as \u00e1reas de Tribunais, Defensorias, Procuradorias, Minist\u00e9rios P\u00fablicos, Conselhos, Educa\u00e7\u00e3o, \u00c1rea de Seguran\u00e7a, concursos de Carreiras Jur\u00eddicas e OAB. Experi\u00eancia em marketing digital, assessoria de comunica\u00e7\u00e3o e institucional na \u00e1rea privada e p\u00fablica, com atua\u00e7\u00e3o em \u00f3rg\u00e3os como CGU, Cofen e CNM.\",\"url\":\"https:\/\/www.estrategiaconcursos.com.br\/blog\/author\/natalia-scaranoestrategiaconcursos-com-br\/\"}]}<\/script>\n<!-- \/ Yoast SEO Premium plugin. -->","yoast_head_json":{"title":"Provas do concurso C\u00e2mara Cap\u00e3o da Canoa s\u00e3o suspensas. Confira!","robots":{"index":"index","follow":"follow","max-snippet":"max-snippet:-1","max-image-preview":"max-image-preview:large","max-video-preview":"max-video-preview:-1"},"canonical":"https:\/\/www.estrategiaconcursos.com.br\/blog\/provas-do-concurso-camara-capao-da-canoa-sao-suspensas-confira\/","og_locale":"pt_BR","og_type":"article","og_title":"Provas do concurso C\u00e2mara Cap\u00e3o da Canoa s\u00e3o suspensas. Confira!","og_description":"Foi publicado um documento que suspende a realiza\u00e7\u00e3o das provas do concurso C\u00e2mara de Cap\u00e3o da Canoa, originalmente previstas para ocorrerem no dia 29 de mar\u00e7o de 2020. Organizado pela\u00a0Fundatec\u00a0(Funda\u00e7\u00e3o Universidade Empresa de Tecnologia e Ci\u00eancias), o certame oferta\u00a05 vagas imediatas + cadastro reserva,\u00a0para cargos de n\u00edvel\u00a0m\u00e9dio, t\u00e9cnico e superior. A prova objetiva \u00e9 a [&hellip;]","og_url":"https:\/\/www.estrategiaconcursos.com.br\/blog\/provas-do-concurso-camara-capao-da-canoa-sao-suspensas-confira\/","og_site_name":"Estrat\u00e9gia Concursos","article_published_time":"2020-03-17T20:51:05+00:00","article_modified_time":"2020-03-17T20:51:07+00:00","og_image":[{"url":"https:\/\/trello-attachments.s3.amazonaws.com\/5e71249dde89094feffdd8ee\/653x639\/2f93ccd9666301b992c62ce369f93685\/WhatsApp_Image_2020-03-17_at_16.23.41.jpeg.jpg","type":"","width":"","height":""}],"author":"Nat\u00e1lia Scarano","twitter_card":"summary_large_image","twitter_creator":"@EstratConcursos","twitter_site":"@EstratConcursos","twitter_misc":{"Escrito por":"Nat\u00e1lia Scarano","Est. tempo de leitura":"1 minuto"},"schema":{"@context":"https:\/\/schema.org","@graph":[{"@type":"NewsArticle","@id":"https:\/\/www.estrategiaconcursos.com.br\/blog\/provas-do-concurso-camara-capao-da-canoa-sao-suspensas-confira\/#article","isPartOf":{"@id":"https:\/\/www.estrategiaconcursos.com.br\/blog\/provas-do-concurso-camara-capao-da-canoa-sao-suspensas-confira\/"},"author":{"name":"Nat\u00e1lia Scarano","@id":"https:\/\/www.estrategiaconcursos.com.br\/blog\/#\/schema\/person\/751aedf909a9d10cb23ce6ac527ce0f2"},"headline":"Provas do concurso C\u00e2mara Cap\u00e3o da Canoa s\u00e3o suspensas. Confira!","datePublished":"2020-03-17T20:51:05+00:00","dateModified":"2020-03-17T20:51:07+00:00","mainEntityOfPage":{"@id":"https:\/\/www.estrategiaconcursos.com.br\/blog\/provas-do-concurso-camara-capao-da-canoa-sao-suspensas-confira\/"},"wordCount":180,"commentCount":0,"publisher":{"@id":"https:\/\/www.estrategiaconcursos.com.br\/blog\/#organization"},"image":{"@id":"https:\/\/www.estrategiaconcursos.com.br\/blog\/provas-do-concurso-camara-capao-da-canoa-sao-suspensas-confira\/#primaryimage"},"thumbnailUrl":"https:\/\/trello-attachments.s3.amazonaws.com\/5e71249dde89094feffdd8ee\/653x639\/2f93ccd9666301b992c62ce369f93685\/WhatsApp_Image_2020-03-17_at_16.23.41.jpeg.jpg","articleSection":["Concursos P\u00fablicos"],"inLanguage":"pt-BR","potentialAction":[{"@type":"CommentAction","name":"Comment","target":["https:\/\/www.estrategiaconcursos.com.br\/blog\/provas-do-concurso-camara-capao-da-canoa-sao-suspensas-confira\/#respond"]}],"copyrightYear":"2020","copyrightHolder":{"@id":"https:\/\/www.estrategiaconcursos.com.br\/blog\/#organization"}},{"@type":"WebPage","@id":"https:\/\/www.estrategiaconcursos.com.br\/blog\/provas-do-concurso-camara-capao-da-canoa-sao-suspensas-confira\/","url":"https:\/\/www.estrategiaconcursos.com.br\/blog\/provas-do-concurso-camara-capao-da-canoa-sao-suspensas-confira\/","name":"Provas do concurso C\u00e2mara Cap\u00e3o da Canoa s\u00e3o suspensas. Confira!","isPartOf":{"@id":"https:\/\/www.estrategiaconcursos.com.br\/blog\/#website"},"primaryImageOfPage":{"@id":"https:\/\/www.estrategiaconcursos.com.br\/blog\/provas-do-concurso-camara-capao-da-canoa-sao-suspensas-confira\/#primaryimage"},"image":{"@id":"https:\/\/www.estrategiaconcursos.com.br\/blog\/provas-do-concurso-camara-capao-da-canoa-sao-suspensas-confira\/#primaryimage"},"thumbnailUrl":"https:\/\/trello-attachments.s3.amazonaws.com\/5e71249dde89094feffdd8ee\/653x639\/2f93ccd9666301b992c62ce369f93685\/WhatsApp_Image_2020-03-17_at_16.23.41.jpeg.jpg","datePublished":"2020-03-17T20:51:05+00:00","dateModified":"2020-03-17T20:51:07+00:00","breadcrumb":{"@id":"https:\/\/www.estrategiaconcursos.com.br\/blog\/provas-do-concurso-camara-capao-da-canoa-sao-suspensas-confira\/#breadcrumb"},"inLanguage":"pt-BR","potentialAction":[{"@type":"ReadAction","target":["https:\/\/www.estrategiaconcursos.com.br\/blog\/provas-do-concurso-camara-capao-da-canoa-sao-suspensas-confira\/"]}]},{"@type":"ImageObject","inLanguage":"pt-BR","@id":"https:\/\/www.estrategiaconcursos.com.br\/blog\/provas-do-concurso-camara-capao-da-canoa-sao-suspensas-confira\/#primaryimage","url":"https:\/\/trello-attachments.s3.amazonaws.com\/5e71249dde89094feffdd8ee\/653x639\/2f93ccd9666301b992c62ce369f93685\/WhatsApp_Image_2020-03-17_at_16.23.41.jpeg.jpg","contentUrl":"https:\/\/trello-attachments.s3.amazonaws.com\/5e71249dde89094feffdd8ee\/653x639\/2f93ccd9666301b992c62ce369f93685\/WhatsApp_Image_2020-03-17_at_16.23.41.jpeg.jpg"},{"@type":"BreadcrumbList","@id":"https:\/\/www.estrategiaconcursos.com.br\/blog\/provas-do-concurso-camara-capao-da-canoa-sao-suspensas-confira\/#breadcrumb","itemListElement":[{"@type":"ListItem","position":1,"name":"In\u00edcio","item":"https:\/\/www.estrategiaconcursos.com.br\/blog\/"},{"@type":"ListItem","position":2,"name":"Provas do concurso C\u00e2mara Cap\u00e3o da Canoa s\u00e3o suspensas. Confira!"}]},{"@type":"WebSite","@id":"https:\/\/www.estrategiaconcursos.com.br\/blog\/#website","url":"https:\/\/www.estrategiaconcursos.com.br\/blog\/","name":"Estrat\u00e9gia Concursos","description":"O blog da Estrat\u00e9gia Concursos traz not\u00edcias sobre concursos e artigos de professores oferecendo cursos para concursos (pdf + videaulas) no site.","publisher":{"@id":"https:\/\/www.estrategiaconcursos.com.br\/blog\/#organization"},"potentialAction":[{"@type":"SearchAction","target":{"@type":"EntryPoint","urlTemplate":"https:\/\/www.estrategiaconcursos.com.br\/blog\/?s={search_term_string}"},"query-input":{"@type":"PropertyValueSpecification","valueRequired":true,"valueName":"search_term_string"}}],"inLanguage":"pt-BR"},{"@type":"Organization","@id":"https:\/\/www.estrategiaconcursos.com.br\/blog\/#organization","name":"Estrat\u00e9gia Concursos","url":"https:\/\/www.estrategiaconcursos.com.br\/blog\/","logo":{"@type":"ImageObject","inLanguage":"pt-BR","@id":"https:\/\/www.estrategiaconcursos.com.br\/blog\/#\/schema\/logo\/image\/","url":"https:\/\/dhg1h5j42swfq.cloudfront.net\/2025\/06\/03203428\/logo_concursos-1.jpg","contentUrl":"https:\/\/dhg1h5j42swfq.cloudfront.net\/2025\/06\/03203428\/logo_concursos-1.jpg","width":230,"height":60,"caption":"Estrat\u00e9gia Concursos"},"image":{"@id":"https:\/\/www.estrategiaconcursos.com.br\/blog\/#\/schema\/logo\/image\/"},"sameAs":["https:\/\/x.com\/EstratConcursos"]},{"@type":"Person","@id":"https:\/\/www.estrategiaconcursos.com.br\/blog\/#\/schema\/person\/751aedf909a9d10cb23ce6ac527ce0f2","name":"Nat\u00e1lia Scarano","image":{"@type":"ImageObject","inLanguage":"pt-BR","@id":"https:\/\/secure.gravatar.com\/avatar\/8a889b8db3dbd227a1a78627357ec8fe64f5e99189d1889a270127828ab372ac?s=96&d=mm&r=g","url":"https:\/\/secure.gravatar.com\/avatar\/8a889b8db3dbd227a1a78627357ec8fe64f5e99189d1889a270127828ab372ac?s=96&d=mm&r=g","contentUrl":"https:\/\/secure.gravatar.com\/avatar\/8a889b8db3dbd227a1a78627357ec8fe64f5e99189d1889a270127828ab372ac?s=96&d=mm&r=g","caption":"Nat\u00e1lia Scarano"},"description":"Jornalista, formada e p\u00f3s graduada pelo IESB, faz parte do time de jornalistas do Estrat\u00e9gia desde 2017. Possui familiaridade com as \u00e1reas de Tribunais, Defensorias, Procuradorias, Minist\u00e9rios P\u00fablicos, Conselhos, Educa\u00e7\u00e3o, \u00c1rea de Seguran\u00e7a, concursos de Carreiras Jur\u00eddicas e OAB. Experi\u00eancia em marketing digital, assessoria de comunica\u00e7\u00e3o e institucional na \u00e1rea privada e p\u00fablica, com atua\u00e7\u00e3o em \u00f3rg\u00e3os como CGU, Cofen e CNM.","url":"https:\/\/www.estrategiaconcursos.com.br\/blog\/author\/natalia-scaranoestrategiaconcursos-com-br\/"}]}},"_links":{"self":[{"href":"https:\/\/www.estrategiaconcursos.com.br\/blog\/wp-json\/wp\/v2\/posts\/493323","targetHints":{"allow":["GET"]}}],"collection":[{"href":"https:\/\/www.estrategiaconcursos.com.br\/blog\/wp-json\/wp\/v2\/posts"}],"about":[{"href":"https:\/\/www.estrategiaconcursos.com.br\/blog\/wp-json\/wp\/v2\/types\/post"}],"author":[{"embeddable":true,"href":"https:\/\/www.estrategiaconcursos.com.br\/blog\/wp-json\/wp\/v2\/users\/657"}],"replies":[{"embeddable":true,"href":"https:\/\/www.estrategiaconcursos.com.br\/blog\/wp-json\/wp\/v2\/comments?post=493323"}],"version-history":[{"count":1,"href":"https:\/\/www.estrategiaconcursos.com.br\/blog\/wp-json\/wp\/v2\/posts\/493323\/revisions"}],"predecessor-version":[{"id":493326,"href":"https:\/\/www.estrategiaconcursos.com.br\/blog\/wp-json\/wp\/v2\/posts\/493323\/revisions\/493326"}],"wp:attachment":[{"href":"https:\/\/www.estrategiaconcursos.com.br\/blog\/wp-json\/wp\/v2\/media?parent=493323"}],"wp:term":[{"taxonomy":"category","embeddable":true,"href":"https:\/\/www.estrategiaconcursos.com.br\/blog\/wp-json\/wp\/v2\/categories?post=493323"},{"taxonomy":"post_tag","embeddable":true,"href":"https:\/\/www.estrategiaconcursos.com.br\/blog\/wp-json\/wp\/v2\/tags?post=493323"},{"taxonomy":"tax_estado","embeddable":true,"href":"https:\/\/www.estrategiaconcursos.com.br\/blog\/wp-json\/wp\/v2\/tax_estado?post=493323"}],"curies":[{"name":"wp","href":"https:\/\/api.w.org\/{rel}","templated":true}]}}