{"id":493216,"date":"2020-03-17T21:05:00","date_gmt":"2020-03-18T00:05:00","guid":{"rendered":"https:\/\/www.estrategiaconcursos.com.br\/blog\/?p=493216"},"modified":"2020-03-17T21:12:38","modified_gmt":"2020-03-18T00:12:38","slug":"tre-pa-resultado-preliminar-prova-objetiva","status":"publish","type":"post","link":"https:\/\/www.estrategiaconcursos.com.br\/blog\/tre-pa-resultado-preliminar-prova-objetiva\/","title":{"rendered":"TRE PA: Dois PRIMEIROS colocados da lista geral s\u00e3o alunos Estrat\u00e9gia!"},"content":{"rendered":"\n<h2 class=\"wp-block-heading\">Resultado preliminar da Prova Objetiva saiu hoje, 10\/03 <\/h2>\n\n\n\n<p>Foi publicado nesta ter\u00e7a-feira, 17 de mar\u00e7o, o resultado preliminar da Prova Objetiva para provimento de cargos de servidores no Tribunal Regional Eleitoral do Par\u00e1. Os gabaritos preliminares das provas objetivas j\u00e1 haviam sido divulgados. <\/p>\n\n\n\n<p>As provas foram aplicadas em em dois turnos, sendo manh\u00e3 para Analista e tarde para T\u00e9cnico Judici\u00e1rio. O exame foi composto por 80 quest\u00f5es.  <\/p>\n\n\n\n<p>O certame oferta 3 vagas diretas mais cadastro reserva para diversos cargos de t\u00e9cnico e analista judici\u00e1rio, exigindo n\u00edvel m\u00e9dio e superior de escolaridade. Acompanhe abaixo os resultados: <\/p>\n\n\n\n<p class=\"has-background has-text-align-center has-medium-font-size has-very-light-gray-background-color\"><a href=\"https:\/\/dhg1h5j42swfq.cloudfront.net\/2020\/03\/17145809\/Ampla_Concorr%C3%AAncia.pdf\" target=\"_blank\" rel=\"noreferrer noopener\" aria-label=\"APROVADOS AMPLA CONCORR\u00caNCIA (abre numa nova aba)\"><strong>APROVADOS AMPLA CONCORR\u00caNCIA<\/strong><\/a><\/p>\n\n\n\n<p class=\"has-background has-text-align-center has-medium-font-size has-very-light-gray-background-color\"><a href=\"https:\/\/dhg1h5j42swfq.cloudfront.net\/2020\/03\/17145845\/PcD.pdf\" target=\"_blank\" rel=\"noreferrer noopener\" aria-label=\"APROVADOS PcD (abre numa nova aba)\"><strong>APROVADOS PcD<\/strong><\/a><\/p>\n\n\n\n<p class=\"has-background has-text-align-center has-medium-font-size has-very-light-gray-background-color\"><a href=\"https:\/\/dhg1h5j42swfq.cloudfront.net\/2020\/03\/17145924\/Negros.pdf\" target=\"_blank\" rel=\"noreferrer noopener\" aria-label=\"APROVADOS NEGROS (abre numa nova aba)\"><strong>APROVADOS NEGROS<\/strong><\/a><\/p>\n\n\n\n<p>E, com base na apura\u00e7\u00e3o dos resultados, a equipe do Estrat\u00e9gia Concursos est\u00e1 orgulhosa em anunciar que, ao contabilizar todas as regi\u00f5es, foi poss\u00edvel constatar que&nbsp;<strong>25 <\/strong>de nossos alunos ficaram entre os&nbsp;<strong>DEZ primeiros colocados<\/strong> na ampla concorr\u00eancia!<\/p>\n\n\n\n<p>O edital ofertou pouqu\u00edssimas vagas ou cadastro de reserva para quase todos os cargos. Se considerarmos que os dez primeiros colocados na ampla concorr\u00eancia de cada regi\u00e3o ter\u00e3o mais chance de serem chamados, s\u00e3o pelo menos <strong>60 <\/strong>potenciais vagas. <\/p>\n\n\n\n<p>Com isso, o \u00edndice de aprova\u00e7\u00e3o do Estrat\u00e9gia foi de&nbsp;<strong>41,66%<\/strong>, ou seja, quase metade dos aprovados se preparou utilizando nossos materiais! Em algumas regi\u00f5es, nossa taxa de aprova\u00e7\u00e3o chegou a&nbsp;<strong>60%<\/strong>!<\/p>\n\n\n\n<p><em><strong>Se considerarmos apenas o n\u00famero de vagas ofertados, em rela\u00e7\u00e3o ao cargo de T\u00e9cnico Judici\u00e1rio &#8211; \u00c1rea administrativa, que ofertava 02 vagas, os 2 primeiros colocados s\u00e3o alunos Estrat\u00e9gia! Ou seja, uma aprova\u00e7\u00e3o de 100%!<\/strong><\/em><\/p>\n\n\n\n<p>E ainda,&nbsp;<strong>02 alunos<\/strong>&nbsp;que conseguiram emplacar o&nbsp;<strong>PRIMEIRO lugar<\/strong>&nbsp;na ampla concorr\u00eancia de seus cargos e especialidades! Veja quais foram eles:  <\/p>\n\n\n\n<ul class=\"wp-block-list\"><li>T\u00e9cnico Judici\u00e1rio &#8211; \u00c1rea administrativa; <\/li><li>Analista Judici\u00e1rio &#8211; Apoio especializado &#8211; An\u00e1lise de Sistemas<\/li><\/ul>\n\n\n\n<p>Abaixo voc\u00ea confere o n\u00famero de alunos do Estrat\u00e9gia aprovados por cargo:<\/p>\n\n\n\n<h2 class=\"wp-block-heading\">T\u00e9cnico Judici\u00e1rio &#8211; \u00c1rea administrativa <\/h2>\n\n\n\n<p><strong>Vagas ofertadas ampla concorr\u00eancia: <\/strong>02<br \/><strong>Aprovados do Estrat\u00e9gia entre os 10<\/strong> <strong>primeiros<\/strong>: 06<br \/><strong>Porcentagem de aprova\u00e7\u00e3o<\/strong> <strong>entre os 10<\/strong> <strong>primeiros<\/strong>: 60%<\/p>\n\n\n\n<h2 class=\"wp-block-heading\">T\u00e9cnico Judici\u00e1rio &#8211; Apoio Especializado &#8211; \u00c1rea de Computadores <\/h2>\n\n\n\n<p><strong>Vagas ofertadas ampla concorr\u00eancia: <\/strong>CR<br \/><strong>Aprovados do Estrat\u00e9gia entre os 10<\/strong> <strong>primeiros<\/strong>:  04<br \/><strong>Porcentagem de aprova\u00e7\u00e3o<\/strong> <strong>entre os 10<\/strong> <strong>primeiros<\/strong>: 40%<\/p>\n\n\n\n<h2 class=\"wp-block-heading\">Analista Judici\u00e1rio &#8211; \u00c1rea administrativa <\/h2>\n\n\n\n<p><strong>Vagas ofertadas ampla concorr\u00eancia: <\/strong>CR<br \/><strong>Aprovados do Estrat\u00e9gia entre os 10<\/strong> <strong>primeiros<\/strong>: 06<br \/><strong>Porcentagem de aprova\u00e7\u00e3o<\/strong> <strong>entre os 10<\/strong> <strong>primeiros<\/strong>: 60%<\/p>\n\n\n\n<h2 class=\"wp-block-heading\">Analista Judici\u00e1rio &#8211; Apoio especializado &#8211; An\u00e1lise de Sistemas<\/h2>\n\n\n\n<p><strong>Vagas ofertadas ampla concorr\u00eancia: <\/strong>CR<br \/><strong>Aprovados do Estrat\u00e9gia entre os 10<\/strong> <strong>primeiros<\/strong>: 04<br \/><strong>Porcentagem de aprova\u00e7\u00e3o<\/strong> <strong>entre os 10<\/strong> <strong>primeiros<\/strong>: 40%<\/p>\n\n\n\n<h2 class=\"wp-block-heading\">Analista Judici\u00e1rio &#8211; Apoio especializado &#8211; Medicina (Psiquiatria) <\/h2>\n\n\n\n<p><strong>Vagas ofertadas ampla concorr\u00eancia: <\/strong>CR<br \/><strong>Aprovados do Estrat\u00e9gia entre os 10<\/strong> <strong>primeiros<\/strong>: 03<br \/><strong>Porcentagem de aprova\u00e7\u00e3o<\/strong> <strong>entre os 10<\/strong> <strong>primeiros<\/strong>: 30%<\/p>\n\n\n\n<h2 class=\"wp-block-heading\">Analista Judici\u00e1rio &#8211; \u00c1rea Judici\u00e1ria<\/h2>\n\n\n\n<p><strong>Vagas ofertadas ampla concorr\u00eancia: <\/strong>01<br \/><strong>Aprovados do Estrat\u00e9gia entre os 10<\/strong> <strong>primeiros<\/strong>:  02<br \/><strong>Porcentagem de aprova\u00e7\u00e3o<\/strong> <strong>entre os 10<\/strong> <strong>primeiros<\/strong>: 20%<\/p>\n\n\n\n<p><strong><em>Gostar\u00edamos de parabenizar todos que conseguiram concretizar esse grande sonho, para n\u00f3s \u00e9 uma honra ter feito parte dessas jornadas!<\/em><\/strong><\/p>\n\n\n\n<p style=\"font-size:23px\" class=\"has-background has-text-align-center has-very-light-gray-background-color\"><strong><em>Mais informa\u00e7\u00f5es<\/em>: <a href=\"https:\/\/www.estrategiaconcursos.com.br\/blog\/concurso-tre-pa\" target=\"_blank\" rel=\"noreferrer noopener\" aria-label=\"Concurso TRE PA (abre numa nova aba)\">Concurso TRE PA<\/a> <\/strong><\/p>\n\n\n\n<h2 class=\"has-text-align-center wp-block-heading\" id=\"cursos-assinatura\"><strong><em>Quer estudar para Concurso TRE PA?<\/em><\/strong><\/h2>\n\n\n\n<p class=\"has-text-align-center\"><em><strong>Gostou desta oportunidade e deseja come\u00e7ar se preparar agora mesmo? Ent\u00e3o, confira os nossos cursos e comece a estudar para&nbsp;<\/strong><\/em><br \/><em><strong>TRE PA:<\/strong><\/em><\/p>\n\n\n\n<p style=\"font-size:25px\" class=\"has-background has-text-align-center has-light-green-cyan-background-color\"><strong><span style=\"text-decoration: underline;\"><a href=\"https:\/\/www.estrategiaconcursos.com.br\/cursosPorConcurso\/tribunal-regional-eleitoral-do-para-tre-pa\/\" target=\"_blank\" rel=\"noreferrer noopener\" aria-label=\"CURSO TRE PA (abre numa nova aba)\">CURSO TRE PA<\/a><\/span><\/strong><\/p>\n\n\n\n<p style=\"font-size:22px\" class=\"has-text-align-center\"><em><strong>Assinatura Anual Ilimitada*<\/strong><\/em><\/p>\n\n\n\n<p class=\"has-text-align-center\"><em>Prepare-se com o melhor material e com quem mais aprova em Concursos P\u00fablicos em todo o pa\u00eds. Assine agora a nossa Assinatura Anual e tenha acesso ilimitado* a todos os nossos cursos.<\/em><\/p>\n\n\n\n<p style=\"font-size:23px\" class=\"has-background has-text-align-center has-luminous-vivid-amber-background-color\"><strong>ASSINE AGORA<\/strong>&nbsp;\u2013&nbsp;<a rel=\"noreferrer noopener\" href=\"https:\/\/www.estrategiaconcursos.com.br\/assinaturas\" target=\"_blank\"><strong>Assinatura Ilimitada<\/strong><\/a><\/p>\n\n\n\n<p class=\"has-text-align-center has-medium-font-size\"><em><strong>Fique por dentro de todos os concursos<\/strong><\/em>:<\/p>\n\n\n\n<p style=\"font-size:24px\" class=\"has-background has-text-align-center has-pale-cyan-blue-background-color\"><strong><a href=\"https:\/\/www.estrategiaconcursos.com.br\/blog\/concursos-abertos\/\" target=\"_blank\" rel=\"noreferrer noopener\" aria-label=\"Concursos abertos (abre numa nova aba)\">Concursos abertos<\/a><\/strong><\/p>\n\n\n\n<p style=\"font-size:23px\" class=\"has-background has-text-align-center has-pale-cyan-blue-background-color\"><a rel=\"noreferrer noopener\" aria-label=\"Concursos 2020 (abre numa nova aba)\" href=\"https:\/\/www.estrategiaconcursos.com.br\/blog\/concursos-2020\/\" target=\"_blank\"><strong>Concursos 2020<\/strong><\/a><\/p>\n\n\n\n<p style=\"font-size:23px\" class=\"has-background has-text-align-center has-pale-cyan-blue-background-color\"><strong><a href=\"https:\/\/www.estrategiaconcursos.com.br\/blog\/concursos-tribunais-2019\/\" target=\"_blank\" rel=\"noreferrer noopener\">Concursos Tribunais<\/a><\/strong><\/p>\n","protected":false},"excerpt":{"rendered":"<p>Resultado preliminar da Prova Objetiva saiu hoje, 10\/03 Foi publicado nesta ter\u00e7a-feira, 17 de mar\u00e7o, o resultado preliminar da Prova Objetiva para provimento de cargos de servidores no Tribunal Regional Eleitoral do Par\u00e1. Os gabaritos preliminares das provas objetivas j\u00e1 haviam sido divulgados. As provas foram aplicadas em em dois turnos, sendo manh\u00e3 para Analista [&hellip;]<\/p>\n","protected":false},"author":317,"featured_media":382712,"comment_status":"open","ping_status":"closed","sticky":false,"template":"","format":"standard","meta":{"post_tipo":"article","footnotes":""},"categories":[1],"tags":[],"tax_estado":[],"class_list":["post-493216","post","type-post","status-publish","format-standard","has-post-thumbnail","hentry","category-cursos-e-concursos"],"acf":[],"yoast_head":"<!-- This site is optimized with the Yoast SEO Premium plugin v27.2 (Yoast SEO v27.2) - https:\/\/yoast.com\/product\/yoast-seo-premium-wordpress\/ -->\n<title>TRE PA: Dois PRIMEIROS colocados da lista geral s\u00e3o alunos Estrat\u00e9gia!<\/title>\n<meta name=\"robots\" content=\"index, follow, max-snippet:-1, max-image-preview:large, max-video-preview:-1\" \/>\n<link rel=\"canonical\" href=\"https:\/\/www.estrategiaconcursos.com.br\/blog\/tre-pa-resultado-preliminar-prova-objetiva\/\" \/>\n<meta property=\"og:locale\" content=\"pt_BR\" \/>\n<meta property=\"og:type\" content=\"article\" \/>\n<meta property=\"og:title\" content=\"TRE PA: Dois PRIMEIROS colocados da lista geral s\u00e3o alunos Estrat\u00e9gia!\" \/>\n<meta property=\"og:description\" content=\"Resultado preliminar da Prova Objetiva saiu hoje, 10\/03 Foi publicado nesta ter\u00e7a-feira, 17 de mar\u00e7o, o resultado preliminar da Prova Objetiva para provimento de cargos de servidores no Tribunal Regional Eleitoral do Par\u00e1. Os gabaritos preliminares das provas objetivas j\u00e1 haviam sido divulgados. As provas foram aplicadas em em dois turnos, sendo manh\u00e3 para Analista [&hellip;]\" \/>\n<meta property=\"og:url\" content=\"https:\/\/www.estrategiaconcursos.com.br\/blog\/tre-pa-resultado-preliminar-prova-objetiva\/\" \/>\n<meta property=\"og:site_name\" content=\"Estrat\u00e9gia Concursos\" \/>\n<meta property=\"article:author\" content=\"https:\/\/www.facebook.com\/igor.maciel.1420\" \/>\n<meta property=\"article:published_time\" content=\"2020-03-18T00:05:00+00:00\" \/>\n<meta property=\"article:modified_time\" content=\"2020-03-18T00:12:38+00:00\" \/>\n<meta property=\"og:image\" content=\"https:\/\/dhg1h5j42swfq.cloudfront.net\/2019\/06\/03184216\/concurso-tre-pa.png\" \/>\n\t<meta property=\"og:image:width\" content=\"400\" \/>\n\t<meta property=\"og:image:height\" content=\"209\" \/>\n\t<meta property=\"og:image:type\" content=\"image\/png\" \/>\n<meta name=\"author\" content=\"Igor Maciel\" \/>\n<meta name=\"twitter:card\" content=\"summary_large_image\" \/>\n<meta name=\"twitter:creator\" content=\"@EstratConcursos\" \/>\n<meta name=\"twitter:site\" content=\"@EstratConcursos\" \/>\n<meta name=\"twitter:label1\" content=\"Escrito por\" \/>\n\t<meta name=\"twitter:data1\" content=\"Igor Maciel\" \/>\n\t<meta name=\"twitter:label2\" content=\"Est. tempo de leitura\" \/>\n\t<meta name=\"twitter:data2\" content=\"3 minutos\" \/>\n<script type=\"application\/ld+json\" class=\"yoast-schema-graph\">{\"@context\":\"https:\/\/schema.org\",\"@graph\":[{\"@type\":\"NewsArticle\",\"@id\":\"https:\/\/www.estrategiaconcursos.com.br\/blog\/tre-pa-resultado-preliminar-prova-objetiva\/#article\",\"isPartOf\":{\"@id\":\"https:\/\/www.estrategiaconcursos.com.br\/blog\/tre-pa-resultado-preliminar-prova-objetiva\/\"},\"author\":{\"name\":\"Igor Maciel\",\"@id\":\"https:\/\/www.estrategiaconcursos.com.br\/blog\/#\/schema\/person\/024d26d5efb06d95dfc04025d7301591\"},\"headline\":\"TRE PA: Dois PRIMEIROS colocados da lista geral s\u00e3o alunos Estrat\u00e9gia!\",\"datePublished\":\"2020-03-18T00:05:00+00:00\",\"dateModified\":\"2020-03-18T00:12:38+00:00\",\"mainEntityOfPage\":{\"@id\":\"https:\/\/www.estrategiaconcursos.com.br\/blog\/tre-pa-resultado-preliminar-prova-objetiva\/\"},\"wordCount\":627,\"commentCount\":0,\"publisher\":{\"@id\":\"https:\/\/www.estrategiaconcursos.com.br\/blog\/#organization\"},\"image\":{\"@id\":\"https:\/\/www.estrategiaconcursos.com.br\/blog\/tre-pa-resultado-preliminar-prova-objetiva\/#primaryimage\"},\"thumbnailUrl\":\"https:\/\/dhg1h5j42swfq.cloudfront.net\/2019\/06\/03184216\/concurso-tre-pa.png\",\"articleSection\":[\"Concursos P\u00fablicos\"],\"inLanguage\":\"pt-BR\",\"potentialAction\":[{\"@type\":\"CommentAction\",\"name\":\"Comment\",\"target\":[\"https:\/\/www.estrategiaconcursos.com.br\/blog\/tre-pa-resultado-preliminar-prova-objetiva\/#respond\"]}],\"copyrightYear\":\"2020\",\"copyrightHolder\":{\"@id\":\"https:\/\/www.estrategiaconcursos.com.br\/blog\/#organization\"}},{\"@type\":\"WebPage\",\"@id\":\"https:\/\/www.estrategiaconcursos.com.br\/blog\/tre-pa-resultado-preliminar-prova-objetiva\/\",\"url\":\"https:\/\/www.estrategiaconcursos.com.br\/blog\/tre-pa-resultado-preliminar-prova-objetiva\/\",\"name\":\"TRE PA: Dois PRIMEIROS colocados da lista geral s\u00e3o alunos Estrat\u00e9gia!\",\"isPartOf\":{\"@id\":\"https:\/\/www.estrategiaconcursos.com.br\/blog\/#website\"},\"primaryImageOfPage\":{\"@id\":\"https:\/\/www.estrategiaconcursos.com.br\/blog\/tre-pa-resultado-preliminar-prova-objetiva\/#primaryimage\"},\"image\":{\"@id\":\"https:\/\/www.estrategiaconcursos.com.br\/blog\/tre-pa-resultado-preliminar-prova-objetiva\/#primaryimage\"},\"thumbnailUrl\":\"https:\/\/dhg1h5j42swfq.cloudfront.net\/2019\/06\/03184216\/concurso-tre-pa.png\",\"datePublished\":\"2020-03-18T00:05:00+00:00\",\"dateModified\":\"2020-03-18T00:12:38+00:00\",\"breadcrumb\":{\"@id\":\"https:\/\/www.estrategiaconcursos.com.br\/blog\/tre-pa-resultado-preliminar-prova-objetiva\/#breadcrumb\"},\"inLanguage\":\"pt-BR\",\"potentialAction\":[{\"@type\":\"ReadAction\",\"target\":[\"https:\/\/www.estrategiaconcursos.com.br\/blog\/tre-pa-resultado-preliminar-prova-objetiva\/\"]}]},{\"@type\":\"ImageObject\",\"inLanguage\":\"pt-BR\",\"@id\":\"https:\/\/www.estrategiaconcursos.com.br\/blog\/tre-pa-resultado-preliminar-prova-objetiva\/#primaryimage\",\"url\":\"https:\/\/dhg1h5j42swfq.cloudfront.net\/2019\/06\/03184216\/concurso-tre-pa.png\",\"contentUrl\":\"https:\/\/dhg1h5j42swfq.cloudfront.net\/2019\/06\/03184216\/concurso-tre-pa.png\",\"width\":400,\"height\":209,\"caption\":\"tre pa\"},{\"@type\":\"BreadcrumbList\",\"@id\":\"https:\/\/www.estrategiaconcursos.com.br\/blog\/tre-pa-resultado-preliminar-prova-objetiva\/#breadcrumb\",\"itemListElement\":[{\"@type\":\"ListItem\",\"position\":1,\"name\":\"In\u00edcio\",\"item\":\"https:\/\/www.estrategiaconcursos.com.br\/blog\/\"},{\"@type\":\"ListItem\",\"position\":2,\"name\":\"TRE PA: Dois PRIMEIROS colocados da lista geral s\u00e3o alunos Estrat\u00e9gia!\"}]},{\"@type\":\"WebSite\",\"@id\":\"https:\/\/www.estrategiaconcursos.com.br\/blog\/#website\",\"url\":\"https:\/\/www.estrategiaconcursos.com.br\/blog\/\",\"name\":\"Estrat\u00e9gia Concursos\",\"description\":\"O blog da Estrat\u00e9gia Concursos traz not\u00edcias sobre concursos e artigos de professores oferecendo cursos para concursos (pdf + videaulas) no site.\",\"publisher\":{\"@id\":\"https:\/\/www.estrategiaconcursos.com.br\/blog\/#organization\"},\"potentialAction\":[{\"@type\":\"SearchAction\",\"target\":{\"@type\":\"EntryPoint\",\"urlTemplate\":\"https:\/\/www.estrategiaconcursos.com.br\/blog\/?s={search_term_string}\"},\"query-input\":{\"@type\":\"PropertyValueSpecification\",\"valueRequired\":true,\"valueName\":\"search_term_string\"}}],\"inLanguage\":\"pt-BR\"},{\"@type\":\"Organization\",\"@id\":\"https:\/\/www.estrategiaconcursos.com.br\/blog\/#organization\",\"name\":\"Estrat\u00e9gia Concursos\",\"url\":\"https:\/\/www.estrategiaconcursos.com.br\/blog\/\",\"logo\":{\"@type\":\"ImageObject\",\"inLanguage\":\"pt-BR\",\"@id\":\"https:\/\/www.estrategiaconcursos.com.br\/blog\/#\/schema\/logo\/image\/\",\"url\":\"https:\/\/dhg1h5j42swfq.cloudfront.net\/2025\/06\/03203428\/logo_concursos-1.jpg\",\"contentUrl\":\"https:\/\/dhg1h5j42swfq.cloudfront.net\/2025\/06\/03203428\/logo_concursos-1.jpg\",\"width\":230,\"height\":60,\"caption\":\"Estrat\u00e9gia Concursos\"},\"image\":{\"@id\":\"https:\/\/www.estrategiaconcursos.com.br\/blog\/#\/schema\/logo\/image\/\"},\"sameAs\":[\"https:\/\/x.com\/EstratConcursos\"]},{\"@type\":\"Person\",\"@id\":\"https:\/\/www.estrategiaconcursos.com.br\/blog\/#\/schema\/person\/024d26d5efb06d95dfc04025d7301591\",\"name\":\"Igor Maciel\",\"image\":{\"@type\":\"ImageObject\",\"inLanguage\":\"pt-BR\",\"@id\":\"https:\/\/secure.gravatar.com\/avatar\/e983a676af6facf4aebcb2989d49e3bf61b718712d5e7a4b3f355b7fe651bc2f?s=96&d=mm&r=g\",\"url\":\"https:\/\/secure.gravatar.com\/avatar\/e983a676af6facf4aebcb2989d49e3bf61b718712d5e7a4b3f355b7fe651bc2f?s=96&d=mm&r=g\",\"contentUrl\":\"https:\/\/secure.gravatar.com\/avatar\/e983a676af6facf4aebcb2989d49e3bf61b718712d5e7a4b3f355b7fe651bc2f?s=96&d=mm&r=g\",\"caption\":\"Igor Maciel\"},\"description\":\"Graduado na Universidade Federal de Pernambuco, com extens\u00e3o na Universidade de Coimbra\/Portugal. Especialista LLM em Direito Corporativo pelo IBMEC\/RJ. Mestrando em Direito e Pol\u00edticas P\u00fablicas pelo UNICEUB\/DF. Advogado com atua\u00e7\u00e3o profissional centrada no Direito Tribut\u00e1rio e no Direito Administrativo, especialmente na defesa de servidores p\u00fablicos.\",\"sameAs\":[\"http:\/\/www.imaciel.com.br\",\"https:\/\/www.facebook.com\/igor.maciel.1420\"],\"url\":\"https:\/\/www.estrategiaconcursos.com.br\/blog\/author\/contatoimaciel-com-br\/\"}]}<\/script>\n<!-- \/ Yoast SEO Premium plugin. -->","yoast_head_json":{"title":"TRE PA: Dois PRIMEIROS colocados da lista geral s\u00e3o alunos Estrat\u00e9gia!","robots":{"index":"index","follow":"follow","max-snippet":"max-snippet:-1","max-image-preview":"max-image-preview:large","max-video-preview":"max-video-preview:-1"},"canonical":"https:\/\/www.estrategiaconcursos.com.br\/blog\/tre-pa-resultado-preliminar-prova-objetiva\/","og_locale":"pt_BR","og_type":"article","og_title":"TRE PA: Dois PRIMEIROS colocados da lista geral s\u00e3o alunos Estrat\u00e9gia!","og_description":"Resultado preliminar da Prova Objetiva saiu hoje, 10\/03 Foi publicado nesta ter\u00e7a-feira, 17 de mar\u00e7o, o resultado preliminar da Prova Objetiva para provimento de cargos de servidores no Tribunal Regional Eleitoral do Par\u00e1. Os gabaritos preliminares das provas objetivas j\u00e1 haviam sido divulgados. As provas foram aplicadas em em dois turnos, sendo manh\u00e3 para Analista [&hellip;]","og_url":"https:\/\/www.estrategiaconcursos.com.br\/blog\/tre-pa-resultado-preliminar-prova-objetiva\/","og_site_name":"Estrat\u00e9gia Concursos","article_author":"https:\/\/www.facebook.com\/igor.maciel.1420","article_published_time":"2020-03-18T00:05:00+00:00","article_modified_time":"2020-03-18T00:12:38+00:00","og_image":[{"width":400,"height":209,"url":"https:\/\/dhg1h5j42swfq.cloudfront.net\/2019\/06\/03184216\/concurso-tre-pa.png","type":"image\/png"}],"author":"Igor Maciel","twitter_card":"summary_large_image","twitter_creator":"@EstratConcursos","twitter_site":"@EstratConcursos","twitter_misc":{"Escrito por":"Igor Maciel","Est. tempo de leitura":"3 minutos"},"schema":{"@context":"https:\/\/schema.org","@graph":[{"@type":"NewsArticle","@id":"https:\/\/www.estrategiaconcursos.com.br\/blog\/tre-pa-resultado-preliminar-prova-objetiva\/#article","isPartOf":{"@id":"https:\/\/www.estrategiaconcursos.com.br\/blog\/tre-pa-resultado-preliminar-prova-objetiva\/"},"author":{"name":"Igor Maciel","@id":"https:\/\/www.estrategiaconcursos.com.br\/blog\/#\/schema\/person\/024d26d5efb06d95dfc04025d7301591"},"headline":"TRE PA: Dois PRIMEIROS colocados da lista geral s\u00e3o alunos Estrat\u00e9gia!","datePublished":"2020-03-18T00:05:00+00:00","dateModified":"2020-03-18T00:12:38+00:00","mainEntityOfPage":{"@id":"https:\/\/www.estrategiaconcursos.com.br\/blog\/tre-pa-resultado-preliminar-prova-objetiva\/"},"wordCount":627,"commentCount":0,"publisher":{"@id":"https:\/\/www.estrategiaconcursos.com.br\/blog\/#organization"},"image":{"@id":"https:\/\/www.estrategiaconcursos.com.br\/blog\/tre-pa-resultado-preliminar-prova-objetiva\/#primaryimage"},"thumbnailUrl":"https:\/\/dhg1h5j42swfq.cloudfront.net\/2019\/06\/03184216\/concurso-tre-pa.png","articleSection":["Concursos P\u00fablicos"],"inLanguage":"pt-BR","potentialAction":[{"@type":"CommentAction","name":"Comment","target":["https:\/\/www.estrategiaconcursos.com.br\/blog\/tre-pa-resultado-preliminar-prova-objetiva\/#respond"]}],"copyrightYear":"2020","copyrightHolder":{"@id":"https:\/\/www.estrategiaconcursos.com.br\/blog\/#organization"}},{"@type":"WebPage","@id":"https:\/\/www.estrategiaconcursos.com.br\/blog\/tre-pa-resultado-preliminar-prova-objetiva\/","url":"https:\/\/www.estrategiaconcursos.com.br\/blog\/tre-pa-resultado-preliminar-prova-objetiva\/","name":"TRE PA: Dois PRIMEIROS colocados da lista geral s\u00e3o alunos Estrat\u00e9gia!","isPartOf":{"@id":"https:\/\/www.estrategiaconcursos.com.br\/blog\/#website"},"primaryImageOfPage":{"@id":"https:\/\/www.estrategiaconcursos.com.br\/blog\/tre-pa-resultado-preliminar-prova-objetiva\/#primaryimage"},"image":{"@id":"https:\/\/www.estrategiaconcursos.com.br\/blog\/tre-pa-resultado-preliminar-prova-objetiva\/#primaryimage"},"thumbnailUrl":"https:\/\/dhg1h5j42swfq.cloudfront.net\/2019\/06\/03184216\/concurso-tre-pa.png","datePublished":"2020-03-18T00:05:00+00:00","dateModified":"2020-03-18T00:12:38+00:00","breadcrumb":{"@id":"https:\/\/www.estrategiaconcursos.com.br\/blog\/tre-pa-resultado-preliminar-prova-objetiva\/#breadcrumb"},"inLanguage":"pt-BR","potentialAction":[{"@type":"ReadAction","target":["https:\/\/www.estrategiaconcursos.com.br\/blog\/tre-pa-resultado-preliminar-prova-objetiva\/"]}]},{"@type":"ImageObject","inLanguage":"pt-BR","@id":"https:\/\/www.estrategiaconcursos.com.br\/blog\/tre-pa-resultado-preliminar-prova-objetiva\/#primaryimage","url":"https:\/\/dhg1h5j42swfq.cloudfront.net\/2019\/06\/03184216\/concurso-tre-pa.png","contentUrl":"https:\/\/dhg1h5j42swfq.cloudfront.net\/2019\/06\/03184216\/concurso-tre-pa.png","width":400,"height":209,"caption":"tre pa"},{"@type":"BreadcrumbList","@id":"https:\/\/www.estrategiaconcursos.com.br\/blog\/tre-pa-resultado-preliminar-prova-objetiva\/#breadcrumb","itemListElement":[{"@type":"ListItem","position":1,"name":"In\u00edcio","item":"https:\/\/www.estrategiaconcursos.com.br\/blog\/"},{"@type":"ListItem","position":2,"name":"TRE PA: Dois PRIMEIROS colocados da lista geral s\u00e3o alunos Estrat\u00e9gia!"}]},{"@type":"WebSite","@id":"https:\/\/www.estrategiaconcursos.com.br\/blog\/#website","url":"https:\/\/www.estrategiaconcursos.com.br\/blog\/","name":"Estrat\u00e9gia Concursos","description":"O blog da Estrat\u00e9gia Concursos traz not\u00edcias sobre concursos e artigos de professores oferecendo cursos para concursos (pdf + videaulas) no site.","publisher":{"@id":"https:\/\/www.estrategiaconcursos.com.br\/blog\/#organization"},"potentialAction":[{"@type":"SearchAction","target":{"@type":"EntryPoint","urlTemplate":"https:\/\/www.estrategiaconcursos.com.br\/blog\/?s={search_term_string}"},"query-input":{"@type":"PropertyValueSpecification","valueRequired":true,"valueName":"search_term_string"}}],"inLanguage":"pt-BR"},{"@type":"Organization","@id":"https:\/\/www.estrategiaconcursos.com.br\/blog\/#organization","name":"Estrat\u00e9gia Concursos","url":"https:\/\/www.estrategiaconcursos.com.br\/blog\/","logo":{"@type":"ImageObject","inLanguage":"pt-BR","@id":"https:\/\/www.estrategiaconcursos.com.br\/blog\/#\/schema\/logo\/image\/","url":"https:\/\/dhg1h5j42swfq.cloudfront.net\/2025\/06\/03203428\/logo_concursos-1.jpg","contentUrl":"https:\/\/dhg1h5j42swfq.cloudfront.net\/2025\/06\/03203428\/logo_concursos-1.jpg","width":230,"height":60,"caption":"Estrat\u00e9gia Concursos"},"image":{"@id":"https:\/\/www.estrategiaconcursos.com.br\/blog\/#\/schema\/logo\/image\/"},"sameAs":["https:\/\/x.com\/EstratConcursos"]},{"@type":"Person","@id":"https:\/\/www.estrategiaconcursos.com.br\/blog\/#\/schema\/person\/024d26d5efb06d95dfc04025d7301591","name":"Igor Maciel","image":{"@type":"ImageObject","inLanguage":"pt-BR","@id":"https:\/\/secure.gravatar.com\/avatar\/e983a676af6facf4aebcb2989d49e3bf61b718712d5e7a4b3f355b7fe651bc2f?s=96&d=mm&r=g","url":"https:\/\/secure.gravatar.com\/avatar\/e983a676af6facf4aebcb2989d49e3bf61b718712d5e7a4b3f355b7fe651bc2f?s=96&d=mm&r=g","contentUrl":"https:\/\/secure.gravatar.com\/avatar\/e983a676af6facf4aebcb2989d49e3bf61b718712d5e7a4b3f355b7fe651bc2f?s=96&d=mm&r=g","caption":"Igor Maciel"},"description":"Graduado na Universidade Federal de Pernambuco, com extens\u00e3o na Universidade de Coimbra\/Portugal. Especialista LLM em Direito Corporativo pelo IBMEC\/RJ. Mestrando em Direito e Pol\u00edticas P\u00fablicas pelo UNICEUB\/DF. Advogado com atua\u00e7\u00e3o profissional centrada no Direito Tribut\u00e1rio e no Direito Administrativo, especialmente na defesa de servidores p\u00fablicos.","sameAs":["http:\/\/www.imaciel.com.br","https:\/\/www.facebook.com\/igor.maciel.1420"],"url":"https:\/\/www.estrategiaconcursos.com.br\/blog\/author\/contatoimaciel-com-br\/"}]}},"_links":{"self":[{"href":"https:\/\/www.estrategiaconcursos.com.br\/blog\/wp-json\/wp\/v2\/posts\/493216","targetHints":{"allow":["GET"]}}],"collection":[{"href":"https:\/\/www.estrategiaconcursos.com.br\/blog\/wp-json\/wp\/v2\/posts"}],"about":[{"href":"https:\/\/www.estrategiaconcursos.com.br\/blog\/wp-json\/wp\/v2\/types\/post"}],"author":[{"embeddable":true,"href":"https:\/\/www.estrategiaconcursos.com.br\/blog\/wp-json\/wp\/v2\/users\/317"}],"replies":[{"embeddable":true,"href":"https:\/\/www.estrategiaconcursos.com.br\/blog\/wp-json\/wp\/v2\/comments?post=493216"}],"version-history":[{"count":5,"href":"https:\/\/www.estrategiaconcursos.com.br\/blog\/wp-json\/wp\/v2\/posts\/493216\/revisions"}],"predecessor-version":[{"id":493349,"href":"https:\/\/www.estrategiaconcursos.com.br\/blog\/wp-json\/wp\/v2\/posts\/493216\/revisions\/493349"}],"wp:featuredmedia":[{"embeddable":true,"href":"https:\/\/www.estrategiaconcursos.com.br\/blog\/wp-json\/wp\/v2\/media\/382712"}],"wp:attachment":[{"href":"https:\/\/www.estrategiaconcursos.com.br\/blog\/wp-json\/wp\/v2\/media?parent=493216"}],"wp:term":[{"taxonomy":"category","embeddable":true,"href":"https:\/\/www.estrategiaconcursos.com.br\/blog\/wp-json\/wp\/v2\/categories?post=493216"},{"taxonomy":"post_tag","embeddable":true,"href":"https:\/\/www.estrategiaconcursos.com.br\/blog\/wp-json\/wp\/v2\/tags?post=493216"},{"taxonomy":"tax_estado","embeddable":true,"href":"https:\/\/www.estrategiaconcursos.com.br\/blog\/wp-json\/wp\/v2\/tax_estado?post=493216"}],"curies":[{"name":"wp","href":"https:\/\/api.w.org\/{rel}","templated":true}]}}