{"id":493169,"date":"2020-03-17T18:03:00","date_gmt":"2020-03-17T21:03:00","guid":{"rendered":"https:\/\/www.estrategiaconcursos.com.br\/blog\/?p=493169"},"modified":"2023-06-21T10:41:14","modified_gmt":"2023-06-21T13:41:14","slug":"oab-cast-coronavirus-e-o-exame-de-ordem-acompanhe-hoje","status":"publish","type":"post","link":"https:\/\/www.estrategiaconcursos.com.br\/blog\/oab-cast-coronavirus-e-o-exame-de-ordem-acompanhe-hoje\/","title":{"rendered":"OAB CAST: Coronav\u00edrus e o Exame de Ordem. Acompanhe hoje!"},"content":{"rendered":"\n<p>Em um comunicado publicado no site da FGV\/OAB, ontem, 16 de mar\u00e7o, a Coordena\u00e7\u00e3o Nacional do Exame de Ordem Unificado, em obedi\u00eancia \u00e0s recomenda\u00e7\u00f5es emitidas pela Organiza\u00e7\u00e3o Mundial de Sa\u00fade relacionadas \u00e0 caracteriza\u00e7\u00e3o do coronav\u00edrus (COVID-19) como uma pandemia, decidiu <strong>adiar<\/strong> a realiza\u00e7\u00e3o da 2.\u00aa Fase do XXXI Exame de Ordem para o dia <strong>31 de maio.  <\/strong><\/p>\n\n\n\n<p>A decis\u00e3o se baseou tamb\u00e9m na Portaria n.\u00ba 188\/GM\/MS de 2020 publicada pelo Minist\u00e9rio da Sa\u00fade e na Resolu\u00e7\u00e3o n.\u00ba 06\/2020 do CFOAB, em raz\u00e3o da necessidade de ado\u00e7\u00e3o de medidas de preven\u00e7\u00e3o. Inicialmente, a prova estava prevista para o dia 05 de abril.  <\/p>\n\n\n\n<p>O <strong>resultado definitivo<\/strong> da 1.\u00aa fase do XXXI Exame de Ordem, aplicada em <strong>09 de fevereiro <\/strong> foi publicado na \u00faltima quinta-feira, 12 de mar\u00e7o. N\u00e3o houve nenhuma anula\u00e7\u00e3o de quest\u00f5es na Prova Objetiva.  <\/p>\n\n\n\n<p>Com a not\u00edcia, <em><strong>os examinandos ganharam quase dois meses a mais para aperfei\u00e7oar sua prepara\u00e7\u00e3o para a 2.\u00aa Fase. <\/strong><\/em><\/p>\n\n\n\n<p>Se este for o seu caso, a equipe de professores do Estrat\u00e9gia OAB preparou um evento exclusivo cheio de dicas e expectativas, que ser\u00e1 transmitido hoje,<em><strong> ter\u00e7a-feira, 17 de mar\u00e7o, a partir das 19 horas<\/strong><\/em>, diretamente do <em><strong>canal do Estrat\u00e9gia OAB no YouTube<\/strong><\/em>. <\/p>\n\n\n\n<p class=\"has-text-align-center has-very-light-gray-background-color has-background\" style=\"font-size:clamp(16.293px, 1.018rem + ((1vw - 3.2px) * 0.854), 25px);px\"> <strong><em>Mais informa\u00e7\u00f5es: <\/em><\/strong><a href=\"https:\/\/www.estrategiaconcursos.com.br\/blog\/edital-oab-xxxi\/\"><strong><em>XXXI Exame de Ordem<\/em><\/strong><\/a> <\/p>\n\n\n\n<h2 class=\"wp-block-heading has-text-align-center\" id=\"h-cursos-para-o-exame-de-ordem\">Cursos para o Exame de Ordem<\/h2>\n\n\n\n<p class=\"has-text-align-center has-luminous-vivid-amber-background-color has-background\" style=\"font-size:clamp(16.293px, 1.018rem + ((1vw - 3.2px) * 0.854), 25px);px\"><strong><a rel=\"noreferrer noopener\" href=\"https:\/\/www.estrategiaconcursos.com.br\/cursosPorConcurso\/exame-de-ordem-oab-1-fase\/\" target=\"_blank\">Curso OAB 1.\u00aa Fase<\/a><\/strong><\/p>\n\n\n\n<p class=\"has-text-align-center has-light-green-cyan-background-color has-background\" style=\"font-size:clamp(16.293px, 1.018rem + ((1vw - 3.2px) * 0.854), 25px);px\"><strong><a rel=\"noreferrer noopener\" aria-label=\"Curso OAB 2\u00aa Fase (abre numa nova aba)\" href=\"https:\/\/www.estrategiaconcursos.com.br\/cursosPorConcurso\/oab-2-fase-192\/\" target=\"_blank\">Curso OAB 2.\u00aa Fase<\/a><\/strong><\/p>\n\n\n\n<h2 class=\"wp-block-heading has-text-align-center\" id=\"h-nossas-redes-sociais\">Nossas redes sociais<\/h2>\n\n\n\n<p class=\"has-text-align-center has-pale-cyan-blue-background-color has-background has-medium-font-size\"><a rel=\"noreferrer noopener\" href=\"https:\/\/www.instagram.com\/estrategiaoab\/\" target=\"_blank\"><strong>Instagram Estrat\u00e9gia OAB<\/strong><\/a><\/p>\n\n\n\n<p class=\"has-text-align-center has-pale-cyan-blue-background-color has-background has-medium-font-size\"><a rel=\"noreferrer noopener\" href=\"https:\/\/www.youtube.com\/channel\/UC7rgrKTSF5aOrBGWOw60ovw\" target=\"_blank\"><strong>YouTube do Estrat\u00e9gia OAB<\/strong><\/a><\/p>\n\n\n\n<h2 class=\"wp-block-heading has-text-align-center\" id=\"h-grupo-de-telegram-para-a-oab\">Grupo de Telegram para a OAB<\/h2>\n\n\n\n<p class=\"has-text-align-center has-very-light-gray-background-color has-background has-medium-font-size\"><a href=\"http:\/\/bit.ly\/TelegramOAB\"><strong>Inscreva-se no nosso grupo do Telegram<\/strong><\/a><\/p>\n","protected":false},"excerpt":{"rendered":"<p>Em um comunicado publicado no site da FGV\/OAB, ontem, 16 de mar\u00e7o, a Coordena\u00e7\u00e3o Nacional do Exame de Ordem Unificado, em obedi\u00eancia \u00e0s recomenda\u00e7\u00f5es emitidas pela Organiza\u00e7\u00e3o Mundial de Sa\u00fade relacionadas \u00e0 caracteriza\u00e7\u00e3o do coronav\u00edrus (COVID-19) como uma pandemia, decidiu adiar a realiza\u00e7\u00e3o da 2.\u00aa Fase do XXXI Exame de Ordem para o dia 31 [&hellip;]<\/p>\n","protected":false},"author":73,"featured_media":174976,"comment_status":"open","ping_status":"closed","sticky":false,"template":"","format":"standard","meta":{"post_tipo":"article","footnotes":""},"categories":[1],"tags":[],"tax_estado":[],"class_list":["post-493169","post","type-post","status-publish","format-standard","has-post-thumbnail","hentry","category-cursos-e-concursos"],"acf":[],"yoast_head":"<!-- This site is optimized with the Yoast SEO Premium plugin v27.2 (Yoast SEO v27.2) - https:\/\/yoast.com\/product\/yoast-seo-premium-wordpress\/ -->\n<title>OAB CAST: Coronav\u00edrus e o Exame de Ordem. Acompanhe hoje!<\/title>\n<meta name=\"robots\" content=\"index, follow, max-snippet:-1, max-image-preview:large, max-video-preview:-1\" \/>\n<link rel=\"canonical\" href=\"https:\/\/www.estrategiaconcursos.com.br\/blog\/oab-cast-coronavirus-e-o-exame-de-ordem-acompanhe-hoje\/\" \/>\n<meta property=\"og:locale\" content=\"pt_BR\" \/>\n<meta property=\"og:type\" content=\"article\" \/>\n<meta property=\"og:title\" content=\"OAB CAST: Coronav\u00edrus e o Exame de Ordem. Acompanhe hoje!\" \/>\n<meta property=\"og:description\" content=\"Em um comunicado publicado no site da FGV\/OAB, ontem, 16 de mar\u00e7o, a Coordena\u00e7\u00e3o Nacional do Exame de Ordem Unificado, em obedi\u00eancia \u00e0s recomenda\u00e7\u00f5es emitidas pela Organiza\u00e7\u00e3o Mundial de Sa\u00fade relacionadas \u00e0 caracteriza\u00e7\u00e3o do coronav\u00edrus (COVID-19) como uma pandemia, decidiu adiar a realiza\u00e7\u00e3o da 2.\u00aa Fase do XXXI Exame de Ordem para o dia 31 [&hellip;]\" \/>\n<meta property=\"og:url\" content=\"https:\/\/www.estrategiaconcursos.com.br\/blog\/oab-cast-coronavirus-e-o-exame-de-ordem-acompanhe-hoje\/\" \/>\n<meta property=\"og:site_name\" content=\"Estrat\u00e9gia Concursos\" \/>\n<meta property=\"article:author\" content=\"https:\/\/www.facebook.com\/rosenvaljr\" \/>\n<meta property=\"article:published_time\" content=\"2020-03-17T21:03:00+00:00\" \/>\n<meta property=\"article:modified_time\" content=\"2023-06-21T13:41:14+00:00\" \/>\n<meta property=\"og:image\" content=\"https:\/\/dhg1h5j42swfq.cloudfront.net\/2019\/03\/29122403\/OAB.jpg\" \/>\n\t<meta property=\"og:image:width\" content=\"997\" \/>\n\t<meta property=\"og:image:height\" content=\"997\" \/>\n\t<meta property=\"og:image:type\" content=\"image\/jpeg\" \/>\n<meta name=\"author\" content=\"Rosenval J\u00fanior\" \/>\n<meta name=\"twitter:card\" content=\"summary_large_image\" \/>\n<meta name=\"twitter:creator\" content=\"@EstratConcursos\" \/>\n<meta name=\"twitter:site\" content=\"@EstratConcursos\" \/>\n<meta name=\"twitter:label1\" content=\"Escrito por\" \/>\n\t<meta name=\"twitter:data1\" content=\"Rosenval J\u00fanior\" \/>\n\t<meta name=\"twitter:label2\" content=\"Est. tempo de leitura\" \/>\n\t<meta name=\"twitter:data2\" content=\"1 minuto\" \/>\n<script type=\"application\/ld+json\" class=\"yoast-schema-graph\">{\"@context\":\"https:\/\/schema.org\",\"@graph\":[{\"@type\":\"NewsArticle\",\"@id\":\"https:\/\/www.estrategiaconcursos.com.br\/blog\/oab-cast-coronavirus-e-o-exame-de-ordem-acompanhe-hoje\/#article\",\"isPartOf\":{\"@id\":\"https:\/\/www.estrategiaconcursos.com.br\/blog\/oab-cast-coronavirus-e-o-exame-de-ordem-acompanhe-hoje\/\"},\"author\":{\"name\":\"Rosenval J\u00fanior\",\"@id\":\"https:\/\/www.estrategiaconcursos.com.br\/blog\/#\/schema\/person\/3489eb8fb39ff11193689cf7762b03b0\"},\"headline\":\"OAB CAST: Coronav\u00edrus e o Exame de Ordem. Acompanhe hoje!\",\"datePublished\":\"2020-03-17T21:03:00+00:00\",\"dateModified\":\"2023-06-21T13:41:14+00:00\",\"mainEntityOfPage\":{\"@id\":\"https:\/\/www.estrategiaconcursos.com.br\/blog\/oab-cast-coronavirus-e-o-exame-de-ordem-acompanhe-hoje\/\"},\"wordCount\":267,\"commentCount\":0,\"publisher\":{\"@id\":\"https:\/\/www.estrategiaconcursos.com.br\/blog\/#organization\"},\"image\":{\"@id\":\"https:\/\/www.estrategiaconcursos.com.br\/blog\/oab-cast-coronavirus-e-o-exame-de-ordem-acompanhe-hoje\/#primaryimage\"},\"thumbnailUrl\":\"https:\/\/dhg1h5j42swfq.cloudfront.net\/2019\/03\/29122403\/OAB.jpg\",\"articleSection\":[\"Concursos P\u00fablicos\"],\"inLanguage\":\"pt-BR\",\"potentialAction\":[{\"@type\":\"CommentAction\",\"name\":\"Comment\",\"target\":[\"https:\/\/www.estrategiaconcursos.com.br\/blog\/oab-cast-coronavirus-e-o-exame-de-ordem-acompanhe-hoje\/#respond\"]}],\"copyrightYear\":\"2020\",\"copyrightHolder\":{\"@id\":\"https:\/\/www.estrategiaconcursos.com.br\/blog\/#organization\"}},{\"@type\":\"WebPage\",\"@id\":\"https:\/\/www.estrategiaconcursos.com.br\/blog\/oab-cast-coronavirus-e-o-exame-de-ordem-acompanhe-hoje\/\",\"url\":\"https:\/\/www.estrategiaconcursos.com.br\/blog\/oab-cast-coronavirus-e-o-exame-de-ordem-acompanhe-hoje\/\",\"name\":\"OAB CAST: Coronav\u00edrus e o Exame de Ordem. Acompanhe hoje!\",\"isPartOf\":{\"@id\":\"https:\/\/www.estrategiaconcursos.com.br\/blog\/#website\"},\"primaryImageOfPage\":{\"@id\":\"https:\/\/www.estrategiaconcursos.com.br\/blog\/oab-cast-coronavirus-e-o-exame-de-ordem-acompanhe-hoje\/#primaryimage\"},\"image\":{\"@id\":\"https:\/\/www.estrategiaconcursos.com.br\/blog\/oab-cast-coronavirus-e-o-exame-de-ordem-acompanhe-hoje\/#primaryimage\"},\"thumbnailUrl\":\"https:\/\/dhg1h5j42swfq.cloudfront.net\/2019\/03\/29122403\/OAB.jpg\",\"datePublished\":\"2020-03-17T21:03:00+00:00\",\"dateModified\":\"2023-06-21T13:41:14+00:00\",\"breadcrumb\":{\"@id\":\"https:\/\/www.estrategiaconcursos.com.br\/blog\/oab-cast-coronavirus-e-o-exame-de-ordem-acompanhe-hoje\/#breadcrumb\"},\"inLanguage\":\"pt-BR\",\"potentialAction\":[{\"@type\":\"ReadAction\",\"target\":[\"https:\/\/www.estrategiaconcursos.com.br\/blog\/oab-cast-coronavirus-e-o-exame-de-ordem-acompanhe-hoje\/\"]}]},{\"@type\":\"ImageObject\",\"inLanguage\":\"pt-BR\",\"@id\":\"https:\/\/www.estrategiaconcursos.com.br\/blog\/oab-cast-coronavirus-e-o-exame-de-ordem-acompanhe-hoje\/#primaryimage\",\"url\":\"https:\/\/dhg1h5j42swfq.cloudfront.net\/2019\/03\/29122403\/OAB.jpg\",\"contentUrl\":\"https:\/\/dhg1h5j42swfq.cloudfront.net\/2019\/03\/29122403\/OAB.jpg\",\"width\":997,\"height\":997,\"caption\":\"semana especial oab\"},{\"@type\":\"BreadcrumbList\",\"@id\":\"https:\/\/www.estrategiaconcursos.com.br\/blog\/oab-cast-coronavirus-e-o-exame-de-ordem-acompanhe-hoje\/#breadcrumb\",\"itemListElement\":[{\"@type\":\"ListItem\",\"position\":1,\"name\":\"In\u00edcio\",\"item\":\"https:\/\/www.estrategiaconcursos.com.br\/blog\/\"},{\"@type\":\"ListItem\",\"position\":2,\"name\":\"OAB CAST: Coronav\u00edrus e o Exame de Ordem. Acompanhe hoje!\"}]},{\"@type\":\"WebSite\",\"@id\":\"https:\/\/www.estrategiaconcursos.com.br\/blog\/#website\",\"url\":\"https:\/\/www.estrategiaconcursos.com.br\/blog\/\",\"name\":\"Estrat\u00e9gia Concursos\",\"description\":\"O blog da Estrat\u00e9gia Concursos traz not\u00edcias sobre concursos e artigos de professores oferecendo cursos para concursos (pdf + videaulas) no site.\",\"publisher\":{\"@id\":\"https:\/\/www.estrategiaconcursos.com.br\/blog\/#organization\"},\"potentialAction\":[{\"@type\":\"SearchAction\",\"target\":{\"@type\":\"EntryPoint\",\"urlTemplate\":\"https:\/\/www.estrategiaconcursos.com.br\/blog\/?s={search_term_string}\"},\"query-input\":{\"@type\":\"PropertyValueSpecification\",\"valueRequired\":true,\"valueName\":\"search_term_string\"}}],\"inLanguage\":\"pt-BR\"},{\"@type\":\"Organization\",\"@id\":\"https:\/\/www.estrategiaconcursos.com.br\/blog\/#organization\",\"name\":\"Estrat\u00e9gia Concursos\",\"url\":\"https:\/\/www.estrategiaconcursos.com.br\/blog\/\",\"logo\":{\"@type\":\"ImageObject\",\"inLanguage\":\"pt-BR\",\"@id\":\"https:\/\/www.estrategiaconcursos.com.br\/blog\/#\/schema\/logo\/image\/\",\"url\":\"https:\/\/dhg1h5j42swfq.cloudfront.net\/2025\/06\/03203428\/logo_concursos-1.jpg\",\"contentUrl\":\"https:\/\/dhg1h5j42swfq.cloudfront.net\/2025\/06\/03203428\/logo_concursos-1.jpg\",\"width\":230,\"height\":60,\"caption\":\"Estrat\u00e9gia Concursos\"},\"image\":{\"@id\":\"https:\/\/www.estrategiaconcursos.com.br\/blog\/#\/schema\/logo\/image\/\"},\"sameAs\":[\"https:\/\/x.com\/EstratConcursos\"]},{\"@type\":\"Person\",\"@id\":\"https:\/\/www.estrategiaconcursos.com.br\/blog\/#\/schema\/person\/3489eb8fb39ff11193689cf7762b03b0\",\"name\":\"Rosenval J\u00fanior\",\"image\":{\"@type\":\"ImageObject\",\"inLanguage\":\"pt-BR\",\"@id\":\"https:\/\/secure.gravatar.com\/avatar\/dc38e7bcadccb99c8a28b35b027bdc6b8b6a65ee938a25ed335e3e31eed462e0?s=96&d=mm&r=g\",\"url\":\"https:\/\/secure.gravatar.com\/avatar\/dc38e7bcadccb99c8a28b35b027bdc6b8b6a65ee938a25ed335e3e31eed462e0?s=96&d=mm&r=g\",\"contentUrl\":\"https:\/\/secure.gravatar.com\/avatar\/dc38e7bcadccb99c8a28b35b027bdc6b8b6a65ee938a25ed335e3e31eed462e0?s=96&d=mm&r=g\",\"caption\":\"Rosenval J\u00fanior\"},\"description\":\"Graduado pela Universidade Federal de Vi\u00e7osa - UFV. P\u00f3s-graduado em Direito Ambiental. Graduado tamb\u00e9m em Gest\u00e3o Ambiental, com tr\u00eas especializa\u00e7\u00f5es na \u00e1rea ambiental. Mestrando em Engenharia Ambiental. Servidor p\u00fablico do Minist\u00e9rio da Justi\u00e7a e professor de Direito Ambiental, Meio Ambiente, Direito Agr\u00e1rio e Direito Urban\u00edstico para concursos p\u00fablicos. Professor de Direito Ambiental para o Exame de Ordem. Aprovado em 15 concursos p\u00fablicos na \u00e1rea de Meio Ambiente como Analista Ambiental do Instituto Brasileiro do Meio Ambiente e dos Recursos Naturais Renov\u00e1veis - IBAMA; Analista Pericial - Especialidade Engenharia Florestal do Minist\u00e9rio P\u00fablico da Uni\u00e3o - MPU; Analista de Infraestrutura - \u00c1rea de Especializa\u00e7\u00e3o Ambiental do Departamento Nacional de Infraestrutura de Transportes - DNIT; Especialista em Regula\u00e7\u00e3o - \u00c1rea Engenharia Ambiental e Engenharia Florestal, com \u00eanfase em Meio Ambiente da Ag\u00eancia Nacional de Transportes Terrestres - ANTT; Consultor Legislativo em Meio Ambiente e Direito Ambiental, Organiza\u00e7\u00e3o Territorial, Desenvolvimento Urbano e Regional da C\u00e2mara dos Deputados; entre outros. Autor do livro \\\"Direito Ambiental para Concursos e Exame de Ordem\\\", Editora Juru\u00e1. Iniciou sua carreira no servi\u00e7o p\u00fablico federal em 2006, quando obteve aprova\u00e7\u00e3o em 1\u00b0 lugar para o cargo de engenheiro florestal da Casa Civil da Presid\u00eancia da Rep\u00fablica\/Arquivo Nacional. Alguns concursos em que foi aprovado: 1\u00b0 lugar para Analista do Minist\u00e9rio P\u00fablico de MG; 1\u00ba lugar para Engenheiro da Casa Civil da Presid\u00eancia da Rep\u00fablica; 1\u00b0 lugar para T\u00e9cnico em Recursos Naturais \u2013 n\u00edvel II \u2013 \u00c1rea Engenharia Florestal do IDAF; 2\u00b0 lugar para Analista Pericial do Minist\u00e9rio P\u00fablico da Uni\u00e3o - MPU; 2\u00b0 lugar para Analista em Reforma e Desenvolvimento Agr\u00e1rio do INCRA; 7\u00ba lugar Engenheiro J\u00fanior da Caixa Econ\u00f4mica Federal; 10\u00ba lugar para Analista Ambiental do Instituto Estadual de Florestas - IEF\/MG; 6\u00ba lugar para Analista de Infraestrutura (\u00c1rea de Especializa\u00e7\u00e3o Ambiental) do Departamento Nacional de Infraestrutura de Transportes \u2013 DNIT (Prova objetiva e discursiva); 2\u00b0 lugar para Perito Criminal da Pol\u00edcia Civil do Estado do Rio de Janeiro \u2013PCERJ (Resultado na Prova objetiva, TAF, Avalia\u00e7\u00e3o M\u00e9dica, e Psicot\u00e9cnico); 10\u00ba lugar para Perito Criminal da Pol\u00edcia Federal \u2013 DPF \u2013 \u00c1rea 9 (Resultado definitivo na prova objetiva e discursiva); 2\u00b0 lugar para Analista Ambiental do Instituto Brasileiro do Meio Ambiente e dos Recursos Naturais Renov\u00e1veis \u2013 IBAMA (Prova objetiva e discursiva); 1\u00b0 lugar para Especialista em Regula\u00e7\u00e3o Engenharia Ambiental e Engenharia Florestal (com \u00eanfase em meio ambiente) da Ag\u00eancia Nacional de Transportes Terrestres - ANTT (Resultado da prova objetiva, discursiva e de t\u00edtulos); 10\u00ba lugar para Consultor Legislativo em Meio Ambiente e Direito Ambiental, Organiza\u00e7\u00e3o Territorial, Desenvolvimento Urbano e Regional da C\u00e2mara dos Deputados. (Resultado da prova objetiva, discursiva e de t\u00edtulos) Entre em contato comigo pelo facebook e pelo Youtube. Basta colocar na busca: Rosenval J\u00fanior. Ou copiar e colar o endere\u00e7o: www.facebook.com\/rosenvaljr Acesse o meu site e saiba mais: www.aprendadireitoambiental.com.br\",\"sameAs\":[\"http:\/\/www.aprendadireitoambiental.com.br\",\"https:\/\/www.facebook.com\/rosenvaljr\"],\"url\":\"https:\/\/www.estrategiaconcursos.com.br\/blog\/author\/rosenvaljuniorestrategiaconcursos-com-br\/\"}]}<\/script>\n<!-- \/ Yoast SEO Premium plugin. -->","yoast_head_json":{"title":"OAB CAST: Coronav\u00edrus e o Exame de Ordem. Acompanhe hoje!","robots":{"index":"index","follow":"follow","max-snippet":"max-snippet:-1","max-image-preview":"max-image-preview:large","max-video-preview":"max-video-preview:-1"},"canonical":"https:\/\/www.estrategiaconcursos.com.br\/blog\/oab-cast-coronavirus-e-o-exame-de-ordem-acompanhe-hoje\/","og_locale":"pt_BR","og_type":"article","og_title":"OAB CAST: Coronav\u00edrus e o Exame de Ordem. Acompanhe hoje!","og_description":"Em um comunicado publicado no site da FGV\/OAB, ontem, 16 de mar\u00e7o, a Coordena\u00e7\u00e3o Nacional do Exame de Ordem Unificado, em obedi\u00eancia \u00e0s recomenda\u00e7\u00f5es emitidas pela Organiza\u00e7\u00e3o Mundial de Sa\u00fade relacionadas \u00e0 caracteriza\u00e7\u00e3o do coronav\u00edrus (COVID-19) como uma pandemia, decidiu adiar a realiza\u00e7\u00e3o da 2.\u00aa Fase do XXXI Exame de Ordem para o dia 31 [&hellip;]","og_url":"https:\/\/www.estrategiaconcursos.com.br\/blog\/oab-cast-coronavirus-e-o-exame-de-ordem-acompanhe-hoje\/","og_site_name":"Estrat\u00e9gia Concursos","article_author":"https:\/\/www.facebook.com\/rosenvaljr","article_published_time":"2020-03-17T21:03:00+00:00","article_modified_time":"2023-06-21T13:41:14+00:00","og_image":[{"width":997,"height":997,"url":"https:\/\/dhg1h5j42swfq.cloudfront.net\/2019\/03\/29122403\/OAB.jpg","type":"image\/jpeg"}],"author":"Rosenval J\u00fanior","twitter_card":"summary_large_image","twitter_creator":"@EstratConcursos","twitter_site":"@EstratConcursos","twitter_misc":{"Escrito por":"Rosenval J\u00fanior","Est. tempo de leitura":"1 minuto"},"schema":{"@context":"https:\/\/schema.org","@graph":[{"@type":"NewsArticle","@id":"https:\/\/www.estrategiaconcursos.com.br\/blog\/oab-cast-coronavirus-e-o-exame-de-ordem-acompanhe-hoje\/#article","isPartOf":{"@id":"https:\/\/www.estrategiaconcursos.com.br\/blog\/oab-cast-coronavirus-e-o-exame-de-ordem-acompanhe-hoje\/"},"author":{"name":"Rosenval J\u00fanior","@id":"https:\/\/www.estrategiaconcursos.com.br\/blog\/#\/schema\/person\/3489eb8fb39ff11193689cf7762b03b0"},"headline":"OAB CAST: Coronav\u00edrus e o Exame de Ordem. Acompanhe hoje!","datePublished":"2020-03-17T21:03:00+00:00","dateModified":"2023-06-21T13:41:14+00:00","mainEntityOfPage":{"@id":"https:\/\/www.estrategiaconcursos.com.br\/blog\/oab-cast-coronavirus-e-o-exame-de-ordem-acompanhe-hoje\/"},"wordCount":267,"commentCount":0,"publisher":{"@id":"https:\/\/www.estrategiaconcursos.com.br\/blog\/#organization"},"image":{"@id":"https:\/\/www.estrategiaconcursos.com.br\/blog\/oab-cast-coronavirus-e-o-exame-de-ordem-acompanhe-hoje\/#primaryimage"},"thumbnailUrl":"https:\/\/dhg1h5j42swfq.cloudfront.net\/2019\/03\/29122403\/OAB.jpg","articleSection":["Concursos P\u00fablicos"],"inLanguage":"pt-BR","potentialAction":[{"@type":"CommentAction","name":"Comment","target":["https:\/\/www.estrategiaconcursos.com.br\/blog\/oab-cast-coronavirus-e-o-exame-de-ordem-acompanhe-hoje\/#respond"]}],"copyrightYear":"2020","copyrightHolder":{"@id":"https:\/\/www.estrategiaconcursos.com.br\/blog\/#organization"}},{"@type":"WebPage","@id":"https:\/\/www.estrategiaconcursos.com.br\/blog\/oab-cast-coronavirus-e-o-exame-de-ordem-acompanhe-hoje\/","url":"https:\/\/www.estrategiaconcursos.com.br\/blog\/oab-cast-coronavirus-e-o-exame-de-ordem-acompanhe-hoje\/","name":"OAB CAST: Coronav\u00edrus e o Exame de Ordem. Acompanhe hoje!","isPartOf":{"@id":"https:\/\/www.estrategiaconcursos.com.br\/blog\/#website"},"primaryImageOfPage":{"@id":"https:\/\/www.estrategiaconcursos.com.br\/blog\/oab-cast-coronavirus-e-o-exame-de-ordem-acompanhe-hoje\/#primaryimage"},"image":{"@id":"https:\/\/www.estrategiaconcursos.com.br\/blog\/oab-cast-coronavirus-e-o-exame-de-ordem-acompanhe-hoje\/#primaryimage"},"thumbnailUrl":"https:\/\/dhg1h5j42swfq.cloudfront.net\/2019\/03\/29122403\/OAB.jpg","datePublished":"2020-03-17T21:03:00+00:00","dateModified":"2023-06-21T13:41:14+00:00","breadcrumb":{"@id":"https:\/\/www.estrategiaconcursos.com.br\/blog\/oab-cast-coronavirus-e-o-exame-de-ordem-acompanhe-hoje\/#breadcrumb"},"inLanguage":"pt-BR","potentialAction":[{"@type":"ReadAction","target":["https:\/\/www.estrategiaconcursos.com.br\/blog\/oab-cast-coronavirus-e-o-exame-de-ordem-acompanhe-hoje\/"]}]},{"@type":"ImageObject","inLanguage":"pt-BR","@id":"https:\/\/www.estrategiaconcursos.com.br\/blog\/oab-cast-coronavirus-e-o-exame-de-ordem-acompanhe-hoje\/#primaryimage","url":"https:\/\/dhg1h5j42swfq.cloudfront.net\/2019\/03\/29122403\/OAB.jpg","contentUrl":"https:\/\/dhg1h5j42swfq.cloudfront.net\/2019\/03\/29122403\/OAB.jpg","width":997,"height":997,"caption":"semana especial oab"},{"@type":"BreadcrumbList","@id":"https:\/\/www.estrategiaconcursos.com.br\/blog\/oab-cast-coronavirus-e-o-exame-de-ordem-acompanhe-hoje\/#breadcrumb","itemListElement":[{"@type":"ListItem","position":1,"name":"In\u00edcio","item":"https:\/\/www.estrategiaconcursos.com.br\/blog\/"},{"@type":"ListItem","position":2,"name":"OAB CAST: Coronav\u00edrus e o Exame de Ordem. Acompanhe hoje!"}]},{"@type":"WebSite","@id":"https:\/\/www.estrategiaconcursos.com.br\/blog\/#website","url":"https:\/\/www.estrategiaconcursos.com.br\/blog\/","name":"Estrat\u00e9gia Concursos","description":"O blog da Estrat\u00e9gia Concursos traz not\u00edcias sobre concursos e artigos de professores oferecendo cursos para concursos (pdf + videaulas) no site.","publisher":{"@id":"https:\/\/www.estrategiaconcursos.com.br\/blog\/#organization"},"potentialAction":[{"@type":"SearchAction","target":{"@type":"EntryPoint","urlTemplate":"https:\/\/www.estrategiaconcursos.com.br\/blog\/?s={search_term_string}"},"query-input":{"@type":"PropertyValueSpecification","valueRequired":true,"valueName":"search_term_string"}}],"inLanguage":"pt-BR"},{"@type":"Organization","@id":"https:\/\/www.estrategiaconcursos.com.br\/blog\/#organization","name":"Estrat\u00e9gia Concursos","url":"https:\/\/www.estrategiaconcursos.com.br\/blog\/","logo":{"@type":"ImageObject","inLanguage":"pt-BR","@id":"https:\/\/www.estrategiaconcursos.com.br\/blog\/#\/schema\/logo\/image\/","url":"https:\/\/dhg1h5j42swfq.cloudfront.net\/2025\/06\/03203428\/logo_concursos-1.jpg","contentUrl":"https:\/\/dhg1h5j42swfq.cloudfront.net\/2025\/06\/03203428\/logo_concursos-1.jpg","width":230,"height":60,"caption":"Estrat\u00e9gia Concursos"},"image":{"@id":"https:\/\/www.estrategiaconcursos.com.br\/blog\/#\/schema\/logo\/image\/"},"sameAs":["https:\/\/x.com\/EstratConcursos"]},{"@type":"Person","@id":"https:\/\/www.estrategiaconcursos.com.br\/blog\/#\/schema\/person\/3489eb8fb39ff11193689cf7762b03b0","name":"Rosenval J\u00fanior","image":{"@type":"ImageObject","inLanguage":"pt-BR","@id":"https:\/\/secure.gravatar.com\/avatar\/dc38e7bcadccb99c8a28b35b027bdc6b8b6a65ee938a25ed335e3e31eed462e0?s=96&d=mm&r=g","url":"https:\/\/secure.gravatar.com\/avatar\/dc38e7bcadccb99c8a28b35b027bdc6b8b6a65ee938a25ed335e3e31eed462e0?s=96&d=mm&r=g","contentUrl":"https:\/\/secure.gravatar.com\/avatar\/dc38e7bcadccb99c8a28b35b027bdc6b8b6a65ee938a25ed335e3e31eed462e0?s=96&d=mm&r=g","caption":"Rosenval J\u00fanior"},"description":"Graduado pela Universidade Federal de Vi\u00e7osa - UFV. P\u00f3s-graduado em Direito Ambiental. Graduado tamb\u00e9m em Gest\u00e3o Ambiental, com tr\u00eas especializa\u00e7\u00f5es na \u00e1rea ambiental. Mestrando em Engenharia Ambiental. Servidor p\u00fablico do Minist\u00e9rio da Justi\u00e7a e professor de Direito Ambiental, Meio Ambiente, Direito Agr\u00e1rio e Direito Urban\u00edstico para concursos p\u00fablicos. Professor de Direito Ambiental para o Exame de Ordem. Aprovado em 15 concursos p\u00fablicos na \u00e1rea de Meio Ambiente como Analista Ambiental do Instituto Brasileiro do Meio Ambiente e dos Recursos Naturais Renov\u00e1veis - IBAMA; Analista Pericial - Especialidade Engenharia Florestal do Minist\u00e9rio P\u00fablico da Uni\u00e3o - MPU; Analista de Infraestrutura - \u00c1rea de Especializa\u00e7\u00e3o Ambiental do Departamento Nacional de Infraestrutura de Transportes - DNIT; Especialista em Regula\u00e7\u00e3o - \u00c1rea Engenharia Ambiental e Engenharia Florestal, com \u00eanfase em Meio Ambiente da Ag\u00eancia Nacional de Transportes Terrestres - ANTT; Consultor Legislativo em Meio Ambiente e Direito Ambiental, Organiza\u00e7\u00e3o Territorial, Desenvolvimento Urbano e Regional da C\u00e2mara dos Deputados; entre outros. Autor do livro \"Direito Ambiental para Concursos e Exame de Ordem\", Editora Juru\u00e1. Iniciou sua carreira no servi\u00e7o p\u00fablico federal em 2006, quando obteve aprova\u00e7\u00e3o em 1\u00b0 lugar para o cargo de engenheiro florestal da Casa Civil da Presid\u00eancia da Rep\u00fablica\/Arquivo Nacional. Alguns concursos em que foi aprovado: 1\u00b0 lugar para Analista do Minist\u00e9rio P\u00fablico de MG; 1\u00ba lugar para Engenheiro da Casa Civil da Presid\u00eancia da Rep\u00fablica; 1\u00b0 lugar para T\u00e9cnico em Recursos Naturais \u2013 n\u00edvel II \u2013 \u00c1rea Engenharia Florestal do IDAF; 2\u00b0 lugar para Analista Pericial do Minist\u00e9rio P\u00fablico da Uni\u00e3o - MPU; 2\u00b0 lugar para Analista em Reforma e Desenvolvimento Agr\u00e1rio do INCRA; 7\u00ba lugar Engenheiro J\u00fanior da Caixa Econ\u00f4mica Federal; 10\u00ba lugar para Analista Ambiental do Instituto Estadual de Florestas - IEF\/MG; 6\u00ba lugar para Analista de Infraestrutura (\u00c1rea de Especializa\u00e7\u00e3o Ambiental) do Departamento Nacional de Infraestrutura de Transportes \u2013 DNIT (Prova objetiva e discursiva); 2\u00b0 lugar para Perito Criminal da Pol\u00edcia Civil do Estado do Rio de Janeiro \u2013PCERJ (Resultado na Prova objetiva, TAF, Avalia\u00e7\u00e3o M\u00e9dica, e Psicot\u00e9cnico); 10\u00ba lugar para Perito Criminal da Pol\u00edcia Federal \u2013 DPF \u2013 \u00c1rea 9 (Resultado definitivo na prova objetiva e discursiva); 2\u00b0 lugar para Analista Ambiental do Instituto Brasileiro do Meio Ambiente e dos Recursos Naturais Renov\u00e1veis \u2013 IBAMA (Prova objetiva e discursiva); 1\u00b0 lugar para Especialista em Regula\u00e7\u00e3o Engenharia Ambiental e Engenharia Florestal (com \u00eanfase em meio ambiente) da Ag\u00eancia Nacional de Transportes Terrestres - ANTT (Resultado da prova objetiva, discursiva e de t\u00edtulos); 10\u00ba lugar para Consultor Legislativo em Meio Ambiente e Direito Ambiental, Organiza\u00e7\u00e3o Territorial, Desenvolvimento Urbano e Regional da C\u00e2mara dos Deputados. (Resultado da prova objetiva, discursiva e de t\u00edtulos) Entre em contato comigo pelo facebook e pelo Youtube. Basta colocar na busca: Rosenval J\u00fanior. Ou copiar e colar o endere\u00e7o: www.facebook.com\/rosenvaljr Acesse o meu site e saiba mais: www.aprendadireitoambiental.com.br","sameAs":["http:\/\/www.aprendadireitoambiental.com.br","https:\/\/www.facebook.com\/rosenvaljr"],"url":"https:\/\/www.estrategiaconcursos.com.br\/blog\/author\/rosenvaljuniorestrategiaconcursos-com-br\/"}]}},"_links":{"self":[{"href":"https:\/\/www.estrategiaconcursos.com.br\/blog\/wp-json\/wp\/v2\/posts\/493169","targetHints":{"allow":["GET"]}}],"collection":[{"href":"https:\/\/www.estrategiaconcursos.com.br\/blog\/wp-json\/wp\/v2\/posts"}],"about":[{"href":"https:\/\/www.estrategiaconcursos.com.br\/blog\/wp-json\/wp\/v2\/types\/post"}],"author":[{"embeddable":true,"href":"https:\/\/www.estrategiaconcursos.com.br\/blog\/wp-json\/wp\/v2\/users\/73"}],"replies":[{"embeddable":true,"href":"https:\/\/www.estrategiaconcursos.com.br\/blog\/wp-json\/wp\/v2\/comments?post=493169"}],"version-history":[{"count":4,"href":"https:\/\/www.estrategiaconcursos.com.br\/blog\/wp-json\/wp\/v2\/posts\/493169\/revisions"}],"predecessor-version":[{"id":1236256,"href":"https:\/\/www.estrategiaconcursos.com.br\/blog\/wp-json\/wp\/v2\/posts\/493169\/revisions\/1236256"}],"wp:featuredmedia":[{"embeddable":true,"href":"https:\/\/www.estrategiaconcursos.com.br\/blog\/wp-json\/wp\/v2\/media\/174976"}],"wp:attachment":[{"href":"https:\/\/www.estrategiaconcursos.com.br\/blog\/wp-json\/wp\/v2\/media?parent=493169"}],"wp:term":[{"taxonomy":"category","embeddable":true,"href":"https:\/\/www.estrategiaconcursos.com.br\/blog\/wp-json\/wp\/v2\/categories?post=493169"},{"taxonomy":"post_tag","embeddable":true,"href":"https:\/\/www.estrategiaconcursos.com.br\/blog\/wp-json\/wp\/v2\/tags?post=493169"},{"taxonomy":"tax_estado","embeddable":true,"href":"https:\/\/www.estrategiaconcursos.com.br\/blog\/wp-json\/wp\/v2\/tax_estado?post=493169"}],"curies":[{"name":"wp","href":"https:\/\/api.w.org\/{rel}","templated":true}]}}