{"id":493028,"date":"2020-03-17T16:28:44","date_gmt":"2020-03-17T19:28:44","guid":{"rendered":"https:\/\/www.estrategiaconcursos.com.br\/blog\/?p=493028"},"modified":"2020-03-17T16:28:46","modified_gmt":"2020-03-17T19:28:46","slug":"reflexos-do-covid-19-nos-concursos-entenda-como-fica-o-panorama-da-situacao","status":"publish","type":"post","link":"https:\/\/www.estrategiaconcursos.com.br\/blog\/reflexos-do-covid-19-nos-concursos-entenda-como-fica-o-panorama-da-situacao\/","title":{"rendered":"Reflexos do COVID-19 nos concursos: entenda como fica o panorama da situa\u00e7\u00e3o"},"content":{"rendered":"\n<p>Desde que a OMS decretou a pandemia do Novo Coronav\u00edrus, muitos alunos t\u00eam se questionado sobre os reflexos do COVID-19 nos concursos. <\/p>\n\n\n\n<p>Para entendermos melhor os impactos socioecon\u00f4micos, pol\u00edticos, culturais e ambientais do COVID-19, foi disponibilizado um v\u00eddeo no canal do Estrat\u00e9gia. No v\u00eddeo, o professor Rodolfo Gracioli menciona os aspectos mais relevantes, que podem, inclusive, ser cobrados em futuras provas.<\/p>\n\n\n<figure class=\"wp-block-embed-youtube wp-block-embed is-type-video is-provider-youtube wp-embed-aspect-16-9 wp-has-aspect-ratio\"><div class=\"lyte-wrapper\" style=\"width:853px;max-width:100%;margin:5px;\"><div class=\"lyMe\" id=\"WYL_-4Z2TWOw8lA\"><div id=\"lyte_-4Z2TWOw8lA\" data-src=\"\/\/i.ytimg.com\/vi\/-4Z2TWOw8lA\/hqdefault.jpg\" class=\"pL\"><div class=\"tC\"><div class=\"tT\"><\/div><\/div><div class=\"play\"><\/div><div class=\"ctrl\"><div class=\"Lctrl\"><\/div><div class=\"Rctrl\"><\/div><\/div><\/div><noscript><a href=\"https:\/\/youtu.be\/-4Z2TWOw8lA\" rel=\"nofollow\"><img loading=\"lazy\" decoding=\"async\" src=\"https:\/\/i.ytimg.com\/vi\/-4Z2TWOw8lA\/0.jpg\" alt=\"YouTube video thumbnail\" width=\"853\" height=\"460\" \/><br \/>Assista a este v\u00eddeo no YouTube<\/a><\/noscript><\/div><\/div><div class=\"lL\" style=\"max-width:100%;width:853px;margin:5px;\"><\/div><figcaption><\/figcaption><\/figure>\n\n\n<p><a href=\"https:\/\/www.youtube.com\/watch?v=-4Z2TWOw8lA\">https:\/\/www.youtube.com\/watch?v=-4Z2TWOw8lA<\/a><\/p>\n\n\n\n<p>Com o objetivo de esclarecermos ainda mais os reflexos do COVID-19 nos concursos, abordaremos, no presente artigo, uma an\u00e1lise da atual situa\u00e7\u00e3o, assim como estrat\u00e9gias de a\u00e7\u00e3o nesse momento t\u00e3o delicado que estamos vivendo.<\/p>\n\n\n\n<h2 class=\"wp-block-heading\">Como o COVID-19 est\u00e1 afetando os concursos<\/h2>\n\n\n\n<h4 class=\"wp-block-heading\">Adiamento de provas<\/h4>\n\n\n\n<p>A primeira medida tomada, no que diz respeito \u00e0 esfera dos concursos p\u00fablicos, foi a suspens\u00e3o da aplica\u00e7\u00e3o de provas que estavam previstas.<\/p>\n\n\n\n<p>A primeira prova a ser adiada foi a prova da <strong>PCDF<\/strong> (Pol\u00edcia Civil do Distrito Federal). O certame, que previa 300 vagas para o cargo de escriv\u00e3o e aconteceria no dia 15\/03, teve sua aplica\u00e7\u00e3o suspensa pelo Cebraspe. As novas datas para a prova ainda n\u00e3o foram divulgadas. Tal suspens\u00e3o ocorreu em resposta a um decreto publicado pelo Governador Ibaneis, suspendendo aglomera\u00e7\u00f5es com mais de 100 pessoas pelo per\u00edodo de 15 dias.<\/p>\n\n\n\n<p>Tal medida encontra-se baseada no fato de que aglomera\u00e7\u00f5es devem ser evitadas, pois facilitam a propaga\u00e7\u00e3o do v\u00edrus. Assim, alguns estados, como Rio de Janeiro, Distrito Federal, Minas Gerais, Tocantins e Goi\u00e1s, publicaram decretos que impedem a realiza\u00e7\u00e3o de eventos que re\u00fanam uma grande quantidade de indiv\u00edduos, como \u00e9 o caso das provas de concursos p\u00fablicos.<\/p>\n\n\n\n<p>Em S\u00e3o Paulo, o prefeito Bruno Covas decretou estado de emerg\u00eancia, vedando a realiza\u00e7\u00e3o de provas de concurso p\u00fablico da Administra\u00e7\u00e3o Direta, entidades aut\u00e1rquicas e fundacionais. Sendo assim, conforme os casos de brasileiros infectados v\u00e3o se alastrando, podemos perceber uma tend\u00eancia de adiamento de concursos p\u00fablicos.<\/p>\n\n\n\n<div class=\"wp-block-image\"><figure class=\"aligncenter size-large is-resized\"><img loading=\"lazy\" decoding=\"async\" src=\"https:\/\/dhg1h5j42swfq.cloudfront.net\/2020\/03\/17085620\/bruno-covas-910x735-1.jpg\" alt=\"Os reflexos do COVID-19 nos concursos se mostram claros diante da decreta\u00e7\u00e3o de estado de emerg\u00eancia em S\u00e3o Paulo.\" class=\"wp-image-492987\" width=\"280\" height=\"226\" srcset=\"https:\/\/dhg1h5j42swfq.cloudfront.net\/2020\/03\/17085620\/bruno-covas-910x735-1.jpg 910w, https:\/\/dhg1h5j42swfq.cloudfront.net\/2020\/03\/17085620\/bruno-covas-910x735-1-300x242.jpg 300w, https:\/\/dhg1h5j42swfq.cloudfront.net\/2020\/03\/17085620\/bruno-covas-910x735-1-768x620.jpg 768w, https:\/\/dhg1h5j42swfq.cloudfront.net\/2020\/03\/17085620\/bruno-covas-910x735-1-610x493.jpg 610w\" sizes=\"auto, (max-width: 280px) 100vw, 280px\" \/><figcaption>Nessa ter\u00e7a (17\/03), o prefeito Bruno Covas decretou estado de emerg\u00eancia em S\u00e3o Paulo, devido \u00e0 pandemia do COVID-19<\/figcaption><\/figure><\/div>\n\n\n\n<h4 class=\"wp-block-heading\">Provas cujo adiamento j\u00e1 foi oficializado<\/h4>\n\n\n\n<p>Nesse vi\u00e9s, o certame da PCDF n\u00e3o foi o \u00fanico a sofrer com os reflexos do COVID-19 nos concursos. Confira, abaixo, uma lista de outras provas adiadas, at\u00e9 o presente momento:<\/p>\n\n\n\n<ul class=\"wp-block-list\"><li><strong>PGDF<\/strong> (Procuradoria Geral do Distrito Federal)- as provas, que seriam aplicadas pelo Cebraspe em 22\/03, tamb\u00e9m foram adiadas por prazo indeterminado;<\/li><li>Magistratura <strong>TJRJ<\/strong> (Tribunal de Justi\u00e7a do Rio de Janeiro) &#8211; foram adiadas as provas escritas para o cargo de Juiz Substituto, que ocorreriam no dia 22\/03;<\/li><li><strong>UFRRJ<\/strong> (Universidade Federal do Rio de Janeiro) &#8211; suspensas as provas objetivas para o cargo de t\u00e9cnico-administrativo;<\/li><li>Magistratura <strong>TJRS<\/strong>;<\/li><li><strong>Prefeitura de Canoas<\/strong> (RS);<\/li><li><strong>Prefeitura de Corumba\u00edba<\/strong> (GO);<\/li><li><strong>Prefeitura de Ceres<\/strong> (GO);<\/li><li><strong>Prefeitura de Cachoeira Alta<\/strong> (GO);<\/li><li><strong>Prefeitura de Rianal\u00f3polis<\/strong> (GO);<\/li><li><strong>Prefeitura de S\u00e3o Jos\u00e9 do Rio Pardo<\/strong> (SP);<\/li><li><strong>Prefeitura de Nossa Senhora de Nazar\u00e9<\/strong> (PI);<\/li><li><strong>Prefeitura de Quissam\u00e3<\/strong> (RJ);<\/li><li><strong>Prefeitura de Niter\u00f3i <\/strong>(RJ);<\/li><li><strong>Prefeitura de Serra<\/strong> (ES); <strong>PGM Vit\u00f3ria<\/strong> (ES); <\/li><li><strong>PGM Teresina<\/strong> (PI);<\/li><li><strong>PGM Rio de Janeiro<\/strong>;<\/li><li><strong>PGM Itanha\u00e9m<\/strong>;<\/li><li><strong>C\u00e2mara de Suzano<\/strong> (SP);<\/li><li><strong>Unicamp<\/strong>;<\/li><li><strong>Funasg<\/strong> (Funda\u00e7\u00e3o de Assist\u00eancia \u00e0 Sa\u00fade dos Servidores de S\u00e3o Gon\u00e7alo, RJ);<\/li><li><strong>Hospital Ipiranga<\/strong>, Unidade de Gest\u00e3o Assistencial II;<\/li><li><strong>Guarda Municipal de Nova Igua\u00e7u<\/strong> (RJ).<\/li><li><strong><em>C<\/em>RESS\/RO<\/strong><\/li><li><strong>Cart\u00f3rios AL<\/strong> <\/li><\/ul>\n\n\n\n<p>Para terem acesso \u00e0 lista completa de provas adiadas, mantenham-se atualizados, pois o Estrat\u00e9gia estar\u00e1 notificando todas as suspens\u00f5es.<\/p>\n\n\n\n<figure class=\"wp-block-embed-wordpress wp-block-embed is-type-wp-embed is-provider-estrategia-concursos\"><div class=\"wp-block-embed__wrapper\">\nhttps:\/\/www.estrategiaconcursos.com.br\/blog\/coronavirus-provas-adiadas-confirmadas\/\n<\/div><\/figure>\n\n\n\n<p>Al\u00e9m das provas de concurso citadas, a FGV suspendeu a realiza\u00e7\u00e3o do XXXI Exame de Ordem da OAB.<\/p>\n\n\n\n<h4 class=\"wp-block-heading\">Adiamento de aul\u00f5es de v\u00e9spera presenciais<\/h4>\n\n\n\n<p>Com o adiamento dos certames mencionados acima, o Estrat\u00e9gia optou por suspender os aul\u00f5es de v\u00e9spera presenciais de eventuais provas que vierem a ser canceladas. Essa medida tem como objetivo a interrup\u00e7\u00e3o da propaga\u00e7\u00e3o do COVID-19 e a promo\u00e7\u00e3o da seguran\u00e7a de nossos alunos.<\/p>\n\n\n\n<h2 class=\"wp-block-heading\">O que fazer frente aos reflexos do COVID-19 nos concursos?<\/h2>\n\n\n\n<p>Primeiramente, \u00e9 importante termos em mente que a recomenda\u00e7\u00e3o do governo federal \u00e9 de que todos evitem sair de casa. Devemos sair apenas para compromissos excepcionais, como trabalho, farm\u00e1cia e supermercado. A quarentena \u00e9 a forma mais eficaz de combate ao v\u00edrus, uma vez que a taxa de transmiss\u00e3o pelo contato humano \u00e9 muito elevada.<\/p>\n\n\n\n<p>\u00c9 claro que o adiamento das provas gera diversas consequ\u00eancias para um concurseiro. Al\u00e9m do preju\u00edzo financeiro para quem iria viajar para fazer a prova, h\u00e1 um efeito psicol\u00f3gico. Afinal, s\u00e3o meses de abdica\u00e7\u00e3o e de prepara\u00e7\u00e3o intensa. O que temos que ter em mente nesse momento \u00e9 que esses meses n\u00e3o foram meses jogados fora, pois v\u00e3o somar &#8211; e muito &#8211; no nosso sucesso l\u00e1 na frente.<\/p>\n\n\n\n<p>Sendo assim, embora o fato de diversas provas estarem sendo adiadas cause um des\u00e2nimo, n\u00e3o podemos nos deixar abalar pelos reflexos do COVID-19 nos concursos.  <\/p>\n\n\n\n<h4 class=\"wp-block-heading\">Use o tempo a seu favor<\/h4>\n\n\n\n<p>Encarem esse adiamento como um tempo para que mais revis\u00f5es sejam feitas, para que possam estudar os assuntos que n\u00e3o conseguiram e ampliar o repert\u00f3rio de quest\u00f5es respondidas. E, claro, o mais importante: mantenham sempre a calma e a disciplina. <\/p>\n\n\n\n<p>\u00c9 hora de nos concentrarmos em uma prepara\u00e7\u00e3o a longo prazo, uma vez que n\u00e3o sabemos quando a situa\u00e7\u00e3o do COVID-19 ir\u00e1 se normalizar e quando as provas voltar\u00e3o a ser aplicadas.<\/p>\n\n\n\n<p>Uma vez que o v\u00edrus for combatido, \u00e9 poss\u00edvel que as bancas peguem de surpresa os alunos que n\u00e3o permaneceram estudando em um alto rendimento. Podemos, inclusive, ter diversas provas muito pr\u00f3ximas umas das outras, o que refor\u00e7a a ideia de que n\u00e3o podemos diminuir o ritmo agora.<\/p>\n\n\n\n<p>Aproveitem para realizar simulados elaborados pelo Estrat\u00e9gia e para resolver as \u00faltimas provas aplicadas pela banca do concurso de interesse.<\/p>\n\n\n\n<p>Se o aluno estava estudando para uma das provas mencionadas nesse artigo, as quais foram anuladas, ou est\u00e1 estudando para provas que vierem a ser anuladas, a recomenda\u00e7\u00e3o \u00e9 que continue estudando de forma direcionada. Como os editais n\u00e3o ser\u00e3o alterados, o aluno que se mantiver calmo e focado, aproveitando esse tempo para refor\u00e7ar a sua prepara\u00e7\u00e3o, ter\u00e1 vantagem quando a nova data da prova for divulgada.<\/p>\n\n\n\n<h4 class=\"wp-block-heading\">E se eu n\u00e3o sei se minha prova ser\u00e1 adiada ou n\u00e3o?<\/h4>\n\n\n\n<p>Aos alunos que estudam para provas cuja aplica\u00e7\u00e3o esteja prevista para os pr\u00f3ximos 4 meses, n\u00e3o se desesperem. A incerteza tende a nos causar muito desconforto, e \u00e9 aqui que entra a nossa palavra-chave: resili\u00eancia. Devemos ser capazes de enfrentar as adversidades da vida com racionalidade e consci\u00eancia de que tudo voltar\u00e1 ao normal. E, ainda, consci\u00eancia de que, se fizermos a nossa parte, iremos obter sucesso.<\/p>\n\n\n\n<p>Pensem que, com o adiamento das referidas provas, muitos candidatos ir\u00e3o pegar mais leve na prepara\u00e7\u00e3o. Isso abre espa\u00e7o para que voc\u00eas consigam se tornar ainda mais competitivos para os pr\u00f3ximos certames.<\/p>\n\n\n\n<p>Portanto, continuem firmes na prepara\u00e7\u00e3o para o concurso de interesse. Uma hora ou outra a prova ser\u00e1 aplicada, e sair\u00e1 na frente quem n\u00e3o se deixar abalar pelos reflexos do COVID-19 nos concursos.<\/p>\n\n\n\n<p>Ressalte-se que n\u00e3o estamos incentivando que os alunos se tornem alheios a toda a situa\u00e7\u00e3o que est\u00e1 ocorrendo. Mantenham-se informados e se cuidem, sempre. Mas n\u00e3o adiem um sonho devido a uma preocupa\u00e7\u00e3o excessiva, pois a perseveran\u00e7a \u00e9 essencial na caminhada rumo \u00e0 aprova\u00e7\u00e3o.<\/p>\n\n\n\n<p>Grande abra\u00e7o,<\/p>\n\n\n\n<p>Julia Mello<\/p>\n\n\n\n<p class=\"has-text-align-center\"><em>Prepare-se com o melhor material e com quem mais aprova em Concursos P\u00fablicos em todo o pa\u00eds. Assine agora a nossa Assinatura Anual e tenha acesso ilimitado* a todos os nossos cursos.<\/em><\/p>\n\n\n\n<p class=\"has-background has-text-align-center has-vivid-green-cyan-background-color\"><strong>ASSINE AGORA<\/strong>&nbsp;\u2013&nbsp;<a rel=\"noreferrer noopener\" href=\"https:\/\/www.estrategiaconcursos.com.br\/assinaturas\" target=\"_blank\"><strong>Assinatura Ilimitada<\/strong><\/a><\/p>\n\n\n\n<p class=\"has-background has-text-align-center has-medium-font-size has-pale-cyan-blue-background-color\"><strong><a href=\"https:\/\/www.estrategiaconcursos.com.br\/blog\/concursos-abertos\/\">CONCURSOS ABERTOS<\/a><\/strong><\/p>\n\n\n\n<p class=\"has-background has-text-align-center has-medium-font-size has-pale-cyan-blue-background-color\"><a href=\"https:\/\/www.estrategiaconcursos.com.br\/blog\/concursos-2020\/\"><strong>CONCURSOS<\/strong><\/a><strong><a href=\"https:\/\/www.estrategiaconcursos.com.br\/blog\/concursos-2020\/\">&nbsp;2020<\/a><\/strong><\/p>\n","protected":false},"excerpt":{"rendered":"<p>Desde que a OMS decretou a pandemia do Novo Coronav\u00edrus, muitos alunos t\u00eam se questionado sobre os reflexos do COVID-19 nos concursos. Para entendermos melhor os impactos socioecon\u00f4micos, pol\u00edticos, culturais e ambientais do COVID-19, foi disponibilizado um v\u00eddeo no canal do Estrat\u00e9gia. No v\u00eddeo, o professor Rodolfo Gracioli menciona os aspectos mais relevantes, que podem, [&hellip;]<\/p>\n","protected":false},"author":1618,"featured_media":492776,"comment_status":"open","ping_status":"closed","sticky":false,"template":"","format":"standard","meta":{"post_tipo":"article","footnotes":""},"categories":[1],"tags":[173128,173127],"tax_estado":[],"class_list":["post-493028","post","type-post","status-publish","format-standard","has-post-thumbnail","hentry","category-cursos-e-concursos","tag-coronavirus","tag-covid19"],"acf":[],"yoast_head":"<!-- This site is optimized with the Yoast SEO Premium plugin v27.2 (Yoast SEO v27.2) - https:\/\/yoast.com\/product\/yoast-seo-premium-wordpress\/ -->\n<title>Reflexos do COVID-19 nos concursos: entenda como fica o panorama da situa\u00e7\u00e3o<\/title>\n<meta name=\"description\" content=\"Nesse artigo, apresentamos os reflexos do COVID-19 nos concursos, assim como estrat\u00e9gias para tornar esse excesso de tempo positivo para a prepara\u00e7\u00e3o.\" \/>\n<meta name=\"robots\" content=\"index, follow, max-snippet:-1, max-image-preview:large, max-video-preview:-1\" \/>\n<link rel=\"canonical\" href=\"https:\/\/www.estrategiaconcursos.com.br\/blog\/reflexos-do-covid-19-nos-concursos-entenda-como-fica-o-panorama-da-situacao\/\" \/>\n<meta property=\"og:locale\" content=\"pt_BR\" \/>\n<meta property=\"og:type\" content=\"article\" \/>\n<meta property=\"og:title\" content=\"Reflexos do COVID-19 nos concursos: entenda como fica o panorama da situa\u00e7\u00e3o\" \/>\n<meta property=\"og:description\" content=\"Nesse artigo, apresentamos os reflexos do COVID-19 nos concursos, assim como estrat\u00e9gias para tornar esse excesso de tempo positivo para a prepara\u00e7\u00e3o.\" \/>\n<meta property=\"og:url\" content=\"https:\/\/www.estrategiaconcursos.com.br\/blog\/reflexos-do-covid-19-nos-concursos-entenda-como-fica-o-panorama-da-situacao\/\" \/>\n<meta property=\"og:site_name\" content=\"Estrat\u00e9gia Concursos\" \/>\n<meta property=\"article:published_time\" content=\"2020-03-17T19:28:44+00:00\" \/>\n<meta property=\"article:modified_time\" content=\"2020-03-17T19:28:46+00:00\" \/>\n<meta property=\"og:image\" content=\"https:\/\/dhg1h5j42swfq.cloudfront.net\/2020\/03\/16141537\/WhatsApp-Image-2020-03-16-at-14.14.14.jpeg\" \/>\n\t<meta property=\"og:image:width\" content=\"400\" \/>\n\t<meta property=\"og:image:height\" content=\"208\" \/>\n\t<meta property=\"og:image:type\" content=\"image\/jpeg\" \/>\n<meta name=\"author\" content=\"Julia Soares de Moura Figueira de Mello\" \/>\n<meta name=\"twitter:card\" content=\"summary_large_image\" \/>\n<meta name=\"twitter:creator\" content=\"@EstratConcursos\" \/>\n<meta name=\"twitter:site\" content=\"@EstratConcursos\" \/>\n<meta name=\"twitter:label1\" content=\"Escrito por\" \/>\n\t<meta name=\"twitter:data1\" content=\"Julia Soares de Moura Figueira de Mello\" \/>\n\t<meta name=\"twitter:label2\" content=\"Est. tempo de leitura\" \/>\n\t<meta name=\"twitter:data2\" content=\"7 minutos\" \/>\n<script type=\"application\/ld+json\" class=\"yoast-schema-graph\">{\"@context\":\"https:\/\/schema.org\",\"@graph\":[{\"@type\":\"NewsArticle\",\"@id\":\"https:\/\/www.estrategiaconcursos.com.br\/blog\/reflexos-do-covid-19-nos-concursos-entenda-como-fica-o-panorama-da-situacao\/#article\",\"isPartOf\":{\"@id\":\"https:\/\/www.estrategiaconcursos.com.br\/blog\/reflexos-do-covid-19-nos-concursos-entenda-como-fica-o-panorama-da-situacao\/\"},\"author\":{\"name\":\"Julia Soares de Moura Figueira de Mello\",\"@id\":\"https:\/\/www.estrategiaconcursos.com.br\/blog\/#\/schema\/person\/deb6ffbc005ef519a8ea6ced3c99bfd0\"},\"headline\":\"Reflexos do COVID-19 nos concursos: entenda como fica o panorama da situa\u00e7\u00e3o\",\"datePublished\":\"2020-03-17T19:28:44+00:00\",\"dateModified\":\"2020-03-17T19:28:46+00:00\",\"mainEntityOfPage\":{\"@id\":\"https:\/\/www.estrategiaconcursos.com.br\/blog\/reflexos-do-covid-19-nos-concursos-entenda-como-fica-o-panorama-da-situacao\/\"},\"wordCount\":1361,\"commentCount\":0,\"publisher\":{\"@id\":\"https:\/\/www.estrategiaconcursos.com.br\/blog\/#organization\"},\"image\":{\"@id\":\"https:\/\/www.estrategiaconcursos.com.br\/blog\/reflexos-do-covid-19-nos-concursos-entenda-como-fica-o-panorama-da-situacao\/#primaryimage\"},\"thumbnailUrl\":\"https:\/\/dhg1h5j42swfq.cloudfront.net\/2020\/03\/16141537\/WhatsApp-Image-2020-03-16-at-14.14.14.jpeg\",\"keywords\":[\"#coronavirus\",\"#covid19\"],\"articleSection\":[\"Concursos P\u00fablicos\"],\"inLanguage\":\"pt-BR\",\"potentialAction\":[{\"@type\":\"CommentAction\",\"name\":\"Comment\",\"target\":[\"https:\/\/www.estrategiaconcursos.com.br\/blog\/reflexos-do-covid-19-nos-concursos-entenda-como-fica-o-panorama-da-situacao\/#respond\"]}],\"copyrightYear\":\"2020\",\"copyrightHolder\":{\"@id\":\"https:\/\/www.estrategiaconcursos.com.br\/blog\/#organization\"}},{\"@type\":\"WebPage\",\"@id\":\"https:\/\/www.estrategiaconcursos.com.br\/blog\/reflexos-do-covid-19-nos-concursos-entenda-como-fica-o-panorama-da-situacao\/\",\"url\":\"https:\/\/www.estrategiaconcursos.com.br\/blog\/reflexos-do-covid-19-nos-concursos-entenda-como-fica-o-panorama-da-situacao\/\",\"name\":\"Reflexos do COVID-19 nos concursos: entenda como fica o panorama da situa\u00e7\u00e3o\",\"isPartOf\":{\"@id\":\"https:\/\/www.estrategiaconcursos.com.br\/blog\/#website\"},\"primaryImageOfPage\":{\"@id\":\"https:\/\/www.estrategiaconcursos.com.br\/blog\/reflexos-do-covid-19-nos-concursos-entenda-como-fica-o-panorama-da-situacao\/#primaryimage\"},\"image\":{\"@id\":\"https:\/\/www.estrategiaconcursos.com.br\/blog\/reflexos-do-covid-19-nos-concursos-entenda-como-fica-o-panorama-da-situacao\/#primaryimage\"},\"thumbnailUrl\":\"https:\/\/dhg1h5j42swfq.cloudfront.net\/2020\/03\/16141537\/WhatsApp-Image-2020-03-16-at-14.14.14.jpeg\",\"datePublished\":\"2020-03-17T19:28:44+00:00\",\"dateModified\":\"2020-03-17T19:28:46+00:00\",\"description\":\"Nesse artigo, apresentamos os reflexos do COVID-19 nos concursos, assim como estrat\u00e9gias para tornar esse excesso de tempo positivo para a prepara\u00e7\u00e3o.\",\"breadcrumb\":{\"@id\":\"https:\/\/www.estrategiaconcursos.com.br\/blog\/reflexos-do-covid-19-nos-concursos-entenda-como-fica-o-panorama-da-situacao\/#breadcrumb\"},\"inLanguage\":\"pt-BR\",\"potentialAction\":[{\"@type\":\"ReadAction\",\"target\":[\"https:\/\/www.estrategiaconcursos.com.br\/blog\/reflexos-do-covid-19-nos-concursos-entenda-como-fica-o-panorama-da-situacao\/\"]}]},{\"@type\":\"ImageObject\",\"inLanguage\":\"pt-BR\",\"@id\":\"https:\/\/www.estrategiaconcursos.com.br\/blog\/reflexos-do-covid-19-nos-concursos-entenda-como-fica-o-panorama-da-situacao\/#primaryimage\",\"url\":\"https:\/\/dhg1h5j42swfq.cloudfront.net\/2020\/03\/16141537\/WhatsApp-Image-2020-03-16-at-14.14.14.jpeg\",\"contentUrl\":\"https:\/\/dhg1h5j42swfq.cloudfront.net\/2020\/03\/16141537\/WhatsApp-Image-2020-03-16-at-14.14.14.jpeg\",\"width\":400,\"height\":208},{\"@type\":\"BreadcrumbList\",\"@id\":\"https:\/\/www.estrategiaconcursos.com.br\/blog\/reflexos-do-covid-19-nos-concursos-entenda-como-fica-o-panorama-da-situacao\/#breadcrumb\",\"itemListElement\":[{\"@type\":\"ListItem\",\"position\":1,\"name\":\"In\u00edcio\",\"item\":\"https:\/\/www.estrategiaconcursos.com.br\/blog\/\"},{\"@type\":\"ListItem\",\"position\":2,\"name\":\"Reflexos do COVID-19 nos concursos: entenda como fica o panorama da situa\u00e7\u00e3o\"}]},{\"@type\":\"WebSite\",\"@id\":\"https:\/\/www.estrategiaconcursos.com.br\/blog\/#website\",\"url\":\"https:\/\/www.estrategiaconcursos.com.br\/blog\/\",\"name\":\"Estrat\u00e9gia Concursos\",\"description\":\"O blog da Estrat\u00e9gia Concursos traz not\u00edcias sobre concursos e artigos de professores oferecendo cursos para concursos (pdf + videaulas) no site.\",\"publisher\":{\"@id\":\"https:\/\/www.estrategiaconcursos.com.br\/blog\/#organization\"},\"potentialAction\":[{\"@type\":\"SearchAction\",\"target\":{\"@type\":\"EntryPoint\",\"urlTemplate\":\"https:\/\/www.estrategiaconcursos.com.br\/blog\/?s={search_term_string}\"},\"query-input\":{\"@type\":\"PropertyValueSpecification\",\"valueRequired\":true,\"valueName\":\"search_term_string\"}}],\"inLanguage\":\"pt-BR\"},{\"@type\":\"Organization\",\"@id\":\"https:\/\/www.estrategiaconcursos.com.br\/blog\/#organization\",\"name\":\"Estrat\u00e9gia Concursos\",\"url\":\"https:\/\/www.estrategiaconcursos.com.br\/blog\/\",\"logo\":{\"@type\":\"ImageObject\",\"inLanguage\":\"pt-BR\",\"@id\":\"https:\/\/www.estrategiaconcursos.com.br\/blog\/#\/schema\/logo\/image\/\",\"url\":\"https:\/\/dhg1h5j42swfq.cloudfront.net\/2025\/06\/03203428\/logo_concursos-1.jpg\",\"contentUrl\":\"https:\/\/dhg1h5j42swfq.cloudfront.net\/2025\/06\/03203428\/logo_concursos-1.jpg\",\"width\":230,\"height\":60,\"caption\":\"Estrat\u00e9gia Concursos\"},\"image\":{\"@id\":\"https:\/\/www.estrategiaconcursos.com.br\/blog\/#\/schema\/logo\/image\/\"},\"sameAs\":[\"https:\/\/x.com\/EstratConcursos\"]},{\"@type\":\"Person\",\"@id\":\"https:\/\/www.estrategiaconcursos.com.br\/blog\/#\/schema\/person\/deb6ffbc005ef519a8ea6ced3c99bfd0\",\"name\":\"Julia Soares de Moura Figueira de Mello\",\"image\":{\"@type\":\"ImageObject\",\"inLanguage\":\"pt-BR\",\"@id\":\"https:\/\/secure.gravatar.com\/avatar\/?s=96&d=mm&r=g\",\"url\":\"https:\/\/secure.gravatar.com\/avatar\/?s=96&d=mm&r=g\",\"contentUrl\":\"https:\/\/secure.gravatar.com\/avatar\/?s=96&d=mm&r=g\",\"caption\":\"Julia Soares de Moura Figueira de Mello\"},\"url\":\"https:\/\/www.estrategiaconcursos.com.br\/blog\/author\/julia-mello\/\"}]}<\/script>\n<!-- \/ Yoast SEO Premium plugin. -->","yoast_head_json":{"title":"Reflexos do COVID-19 nos concursos: entenda como fica o panorama da situa\u00e7\u00e3o","description":"Nesse artigo, apresentamos os reflexos do COVID-19 nos concursos, assim como estrat\u00e9gias para tornar esse excesso de tempo positivo para a prepara\u00e7\u00e3o.","robots":{"index":"index","follow":"follow","max-snippet":"max-snippet:-1","max-image-preview":"max-image-preview:large","max-video-preview":"max-video-preview:-1"},"canonical":"https:\/\/www.estrategiaconcursos.com.br\/blog\/reflexos-do-covid-19-nos-concursos-entenda-como-fica-o-panorama-da-situacao\/","og_locale":"pt_BR","og_type":"article","og_title":"Reflexos do COVID-19 nos concursos: entenda como fica o panorama da situa\u00e7\u00e3o","og_description":"Nesse artigo, apresentamos os reflexos do COVID-19 nos concursos, assim como estrat\u00e9gias para tornar esse excesso de tempo positivo para a prepara\u00e7\u00e3o.","og_url":"https:\/\/www.estrategiaconcursos.com.br\/blog\/reflexos-do-covid-19-nos-concursos-entenda-como-fica-o-panorama-da-situacao\/","og_site_name":"Estrat\u00e9gia Concursos","article_published_time":"2020-03-17T19:28:44+00:00","article_modified_time":"2020-03-17T19:28:46+00:00","og_image":[{"width":400,"height":208,"url":"https:\/\/dhg1h5j42swfq.cloudfront.net\/2020\/03\/16141537\/WhatsApp-Image-2020-03-16-at-14.14.14.jpeg","type":"image\/jpeg"}],"author":"Julia Soares de Moura Figueira de Mello","twitter_card":"summary_large_image","twitter_creator":"@EstratConcursos","twitter_site":"@EstratConcursos","twitter_misc":{"Escrito por":"Julia Soares de Moura Figueira de Mello","Est. tempo de leitura":"7 minutos"},"schema":{"@context":"https:\/\/schema.org","@graph":[{"@type":"NewsArticle","@id":"https:\/\/www.estrategiaconcursos.com.br\/blog\/reflexos-do-covid-19-nos-concursos-entenda-como-fica-o-panorama-da-situacao\/#article","isPartOf":{"@id":"https:\/\/www.estrategiaconcursos.com.br\/blog\/reflexos-do-covid-19-nos-concursos-entenda-como-fica-o-panorama-da-situacao\/"},"author":{"name":"Julia Soares de Moura Figueira de Mello","@id":"https:\/\/www.estrategiaconcursos.com.br\/blog\/#\/schema\/person\/deb6ffbc005ef519a8ea6ced3c99bfd0"},"headline":"Reflexos do COVID-19 nos concursos: entenda como fica o panorama da situa\u00e7\u00e3o","datePublished":"2020-03-17T19:28:44+00:00","dateModified":"2020-03-17T19:28:46+00:00","mainEntityOfPage":{"@id":"https:\/\/www.estrategiaconcursos.com.br\/blog\/reflexos-do-covid-19-nos-concursos-entenda-como-fica-o-panorama-da-situacao\/"},"wordCount":1361,"commentCount":0,"publisher":{"@id":"https:\/\/www.estrategiaconcursos.com.br\/blog\/#organization"},"image":{"@id":"https:\/\/www.estrategiaconcursos.com.br\/blog\/reflexos-do-covid-19-nos-concursos-entenda-como-fica-o-panorama-da-situacao\/#primaryimage"},"thumbnailUrl":"https:\/\/dhg1h5j42swfq.cloudfront.net\/2020\/03\/16141537\/WhatsApp-Image-2020-03-16-at-14.14.14.jpeg","keywords":["#coronavirus","#covid19"],"articleSection":["Concursos P\u00fablicos"],"inLanguage":"pt-BR","potentialAction":[{"@type":"CommentAction","name":"Comment","target":["https:\/\/www.estrategiaconcursos.com.br\/blog\/reflexos-do-covid-19-nos-concursos-entenda-como-fica-o-panorama-da-situacao\/#respond"]}],"copyrightYear":"2020","copyrightHolder":{"@id":"https:\/\/www.estrategiaconcursos.com.br\/blog\/#organization"}},{"@type":"WebPage","@id":"https:\/\/www.estrategiaconcursos.com.br\/blog\/reflexos-do-covid-19-nos-concursos-entenda-como-fica-o-panorama-da-situacao\/","url":"https:\/\/www.estrategiaconcursos.com.br\/blog\/reflexos-do-covid-19-nos-concursos-entenda-como-fica-o-panorama-da-situacao\/","name":"Reflexos do COVID-19 nos concursos: entenda como fica o panorama da situa\u00e7\u00e3o","isPartOf":{"@id":"https:\/\/www.estrategiaconcursos.com.br\/blog\/#website"},"primaryImageOfPage":{"@id":"https:\/\/www.estrategiaconcursos.com.br\/blog\/reflexos-do-covid-19-nos-concursos-entenda-como-fica-o-panorama-da-situacao\/#primaryimage"},"image":{"@id":"https:\/\/www.estrategiaconcursos.com.br\/blog\/reflexos-do-covid-19-nos-concursos-entenda-como-fica-o-panorama-da-situacao\/#primaryimage"},"thumbnailUrl":"https:\/\/dhg1h5j42swfq.cloudfront.net\/2020\/03\/16141537\/WhatsApp-Image-2020-03-16-at-14.14.14.jpeg","datePublished":"2020-03-17T19:28:44+00:00","dateModified":"2020-03-17T19:28:46+00:00","description":"Nesse artigo, apresentamos os reflexos do COVID-19 nos concursos, assim como estrat\u00e9gias para tornar esse excesso de tempo positivo para a prepara\u00e7\u00e3o.","breadcrumb":{"@id":"https:\/\/www.estrategiaconcursos.com.br\/blog\/reflexos-do-covid-19-nos-concursos-entenda-como-fica-o-panorama-da-situacao\/#breadcrumb"},"inLanguage":"pt-BR","potentialAction":[{"@type":"ReadAction","target":["https:\/\/www.estrategiaconcursos.com.br\/blog\/reflexos-do-covid-19-nos-concursos-entenda-como-fica-o-panorama-da-situacao\/"]}]},{"@type":"ImageObject","inLanguage":"pt-BR","@id":"https:\/\/www.estrategiaconcursos.com.br\/blog\/reflexos-do-covid-19-nos-concursos-entenda-como-fica-o-panorama-da-situacao\/#primaryimage","url":"https:\/\/dhg1h5j42swfq.cloudfront.net\/2020\/03\/16141537\/WhatsApp-Image-2020-03-16-at-14.14.14.jpeg","contentUrl":"https:\/\/dhg1h5j42swfq.cloudfront.net\/2020\/03\/16141537\/WhatsApp-Image-2020-03-16-at-14.14.14.jpeg","width":400,"height":208},{"@type":"BreadcrumbList","@id":"https:\/\/www.estrategiaconcursos.com.br\/blog\/reflexos-do-covid-19-nos-concursos-entenda-como-fica-o-panorama-da-situacao\/#breadcrumb","itemListElement":[{"@type":"ListItem","position":1,"name":"In\u00edcio","item":"https:\/\/www.estrategiaconcursos.com.br\/blog\/"},{"@type":"ListItem","position":2,"name":"Reflexos do COVID-19 nos concursos: entenda como fica o panorama da situa\u00e7\u00e3o"}]},{"@type":"WebSite","@id":"https:\/\/www.estrategiaconcursos.com.br\/blog\/#website","url":"https:\/\/www.estrategiaconcursos.com.br\/blog\/","name":"Estrat\u00e9gia Concursos","description":"O blog da Estrat\u00e9gia Concursos traz not\u00edcias sobre concursos e artigos de professores oferecendo cursos para concursos (pdf + videaulas) no site.","publisher":{"@id":"https:\/\/www.estrategiaconcursos.com.br\/blog\/#organization"},"potentialAction":[{"@type":"SearchAction","target":{"@type":"EntryPoint","urlTemplate":"https:\/\/www.estrategiaconcursos.com.br\/blog\/?s={search_term_string}"},"query-input":{"@type":"PropertyValueSpecification","valueRequired":true,"valueName":"search_term_string"}}],"inLanguage":"pt-BR"},{"@type":"Organization","@id":"https:\/\/www.estrategiaconcursos.com.br\/blog\/#organization","name":"Estrat\u00e9gia Concursos","url":"https:\/\/www.estrategiaconcursos.com.br\/blog\/","logo":{"@type":"ImageObject","inLanguage":"pt-BR","@id":"https:\/\/www.estrategiaconcursos.com.br\/blog\/#\/schema\/logo\/image\/","url":"https:\/\/dhg1h5j42swfq.cloudfront.net\/2025\/06\/03203428\/logo_concursos-1.jpg","contentUrl":"https:\/\/dhg1h5j42swfq.cloudfront.net\/2025\/06\/03203428\/logo_concursos-1.jpg","width":230,"height":60,"caption":"Estrat\u00e9gia Concursos"},"image":{"@id":"https:\/\/www.estrategiaconcursos.com.br\/blog\/#\/schema\/logo\/image\/"},"sameAs":["https:\/\/x.com\/EstratConcursos"]},{"@type":"Person","@id":"https:\/\/www.estrategiaconcursos.com.br\/blog\/#\/schema\/person\/deb6ffbc005ef519a8ea6ced3c99bfd0","name":"Julia Soares de Moura Figueira de Mello","image":{"@type":"ImageObject","inLanguage":"pt-BR","@id":"https:\/\/secure.gravatar.com\/avatar\/?s=96&d=mm&r=g","url":"https:\/\/secure.gravatar.com\/avatar\/?s=96&d=mm&r=g","contentUrl":"https:\/\/secure.gravatar.com\/avatar\/?s=96&d=mm&r=g","caption":"Julia Soares de Moura Figueira de Mello"},"url":"https:\/\/www.estrategiaconcursos.com.br\/blog\/author\/julia-mello\/"}]}},"_links":{"self":[{"href":"https:\/\/www.estrategiaconcursos.com.br\/blog\/wp-json\/wp\/v2\/posts\/493028","targetHints":{"allow":["GET"]}}],"collection":[{"href":"https:\/\/www.estrategiaconcursos.com.br\/blog\/wp-json\/wp\/v2\/posts"}],"about":[{"href":"https:\/\/www.estrategiaconcursos.com.br\/blog\/wp-json\/wp\/v2\/types\/post"}],"author":[{"embeddable":true,"href":"https:\/\/www.estrategiaconcursos.com.br\/blog\/wp-json\/wp\/v2\/users\/1618"}],"replies":[{"embeddable":true,"href":"https:\/\/www.estrategiaconcursos.com.br\/blog\/wp-json\/wp\/v2\/comments?post=493028"}],"version-history":[{"count":10,"href":"https:\/\/www.estrategiaconcursos.com.br\/blog\/wp-json\/wp\/v2\/posts\/493028\/revisions"}],"predecessor-version":[{"id":493544,"href":"https:\/\/www.estrategiaconcursos.com.br\/blog\/wp-json\/wp\/v2\/posts\/493028\/revisions\/493544"}],"wp:featuredmedia":[{"embeddable":true,"href":"https:\/\/www.estrategiaconcursos.com.br\/blog\/wp-json\/wp\/v2\/media\/492776"}],"wp:attachment":[{"href":"https:\/\/www.estrategiaconcursos.com.br\/blog\/wp-json\/wp\/v2\/media?parent=493028"}],"wp:term":[{"taxonomy":"category","embeddable":true,"href":"https:\/\/www.estrategiaconcursos.com.br\/blog\/wp-json\/wp\/v2\/categories?post=493028"},{"taxonomy":"post_tag","embeddable":true,"href":"https:\/\/www.estrategiaconcursos.com.br\/blog\/wp-json\/wp\/v2\/tags?post=493028"},{"taxonomy":"tax_estado","embeddable":true,"href":"https:\/\/www.estrategiaconcursos.com.br\/blog\/wp-json\/wp\/v2\/tax_estado?post=493028"}],"curies":[{"name":"wp","href":"https:\/\/api.w.org\/{rel}","templated":true}]}}