{"id":492779,"date":"2020-03-16T14:40:03","date_gmt":"2020-03-16T17:40:03","guid":{"rendered":"https:\/\/www.estrategiaconcursos.com.br\/blog\/?p=492779"},"modified":"2020-03-16T14:53:20","modified_gmt":"2020-03-16T17:53:20","slug":"edital-do-concurso-pm-pr-sera-publicado-em-20-de-marco-confira","status":"publish","type":"post","link":"https:\/\/www.estrategiaconcursos.com.br\/blog\/edital-do-concurso-pm-pr-sera-publicado-em-20-de-marco-confira\/","title":{"rendered":"EDITAL do concurso PM PR ser\u00e1 publicado em 20 de mar\u00e7o. Confira!"},"content":{"rendered":"\n<p>Por meio das redes sociais, o deputado do estado do Paran\u00e1, Mauro Moraes, divulgou que o edital do concurso PM PR, da Pol\u00edcia Militar do Paran\u00e1, ser\u00e1 divulgado na pr\u00f3xima sexta-feira, 20 de mar\u00e7o de 2020.<\/p>\n\n\n\n<p>Al\u00e9m disso, o parlamentar ressaltou que a prov\u00e1vel data da prova constar\u00e1 no edital, devendo ser em maio ou junho de 2020.<\/p>\n\n\n\n<div class=\"wp-block-image\"><figure class=\"aligncenter size-medium is-resized\"><img loading=\"lazy\" decoding=\"async\" src=\"https:\/\/dhg1h5j42swfq.cloudfront.net\/2020\/03\/16143920\/WhatsApp-Image-2020-03-16-at-14.15.46-169x300.jpeg\" alt=\"\" class=\"wp-image-492790\" width=\"259\" height=\"459\" srcset=\"https:\/\/dhg1h5j42swfq.cloudfront.net\/2020\/03\/16143920\/WhatsApp-Image-2020-03-16-at-14.15.46-169x300.jpeg 169w, https:\/\/dhg1h5j42swfq.cloudfront.net\/2020\/03\/16143920\/WhatsApp-Image-2020-03-16-at-14.15.46-576x1024.jpeg 576w, https:\/\/dhg1h5j42swfq.cloudfront.net\/2020\/03\/16143920\/WhatsApp-Image-2020-03-16-at-14.15.46-610x1084.jpeg 610w, https:\/\/dhg1h5j42swfq.cloudfront.net\/2020\/03\/16143920\/WhatsApp-Image-2020-03-16-at-14.15.46.jpeg 720w\" sizes=\"auto, (max-width: 259px) 100vw, 259px\" \/><\/figure><\/div>\n\n\n\n<p><\/p>\n\n\n\n<p>Sob responsabilidade da FUNPAR (Funda\u00e7\u00e3o da Universidade Federal do Paran\u00e1), o concurso PM PR ofertar\u00e1 <strong>2.400 vagas<\/strong>, para o cargo de soldado.<\/p>\n\n\n\n<h3 class=\"wp-block-heading\">Requisitos do concurso PM PR <\/h3>\n\n\n\n<p>Para se candidatar em uma das vagas para o cargo de Soldado, o candidato deve ter no m\u00e1ximo&nbsp;<strong>30 anos<\/strong>&nbsp;de idade no ato da inscri\u00e7\u00e3o, ou seja, n\u00e3o ter completado 31 anos no primeiro dia de inscri\u00e7\u00f5es. Possuir&nbsp;<strong>Ensino M\u00e9dio&nbsp;<\/strong>completo e ter&nbsp;<strong>Carteira Nacional de Habilita\u00e7\u00e3o<\/strong>&nbsp;no m\u00ednimo categoria \u2018B\u2019. <\/p>\n\n\n\n<p>Vale ressaltar que a corpora\u00e7\u00e3o tem outro concurso em andamento, mas para o cargo de cadete. Para este certame as inscri\u00e7\u00f5es j\u00e1 foram encerradas, sendo oferecidas<br \/>90 vagas (81 para ampla concorr\u00eancia e 09 para afrodescendentes). Para candidatas do sexo feminino, foram ofertadas 50% das oportunidades. <\/p>\n\n\n\n<p>Em tempos de coronav\u00edrus, onde diversas provas est\u00e3o sendo adiadas ou canceladas, acompanharemos as novidades em rela\u00e7\u00e3o \u00e0s provas do concurso PM PR. Fique com o Estrat\u00e9gia Concursos!<\/p>\n\n\n\n<p class=\"has-background has-text-align-center has-medium-font-size has-very-light-gray-background-color\">Saiba mais: <a href=\"https:\/\/www.estrategiaconcursos.com.br\/blog\/concurso-pm-pr\/\">Concurso PM PR<\/a><\/p>\n\n\n\n<p class=\"has-text-align-center\">Gostou desta oportunidade e deseja come\u00e7ar se preparar agora mesmo? Ent\u00e3o, confira os nossos cursos e comece a estudar para PM PR:<\/p>\n\n\n\n<p class=\"has-background has-text-align-center has-medium-font-size has-luminous-vivid-amber-background-color\"><a rel=\"noreferrer noopener\" href=\"https:\/\/www.estrategiaconcursos.com.br\/cursosPorConcurso\/pm-pr\/\" target=\"_blank\"><strong>CURSO PM PR<\/strong><\/a><\/p>\n\n\n\n<p class=\"has-text-align-center\"><em><strong>Assinatura Anual Ilimitada*<\/strong><\/em><\/p>\n\n\n\n<p class=\"has-text-align-center\"><em>Prepare-se com o melhor material e com quem mais aprova em Concursos P\u00fablicos em todo o pa\u00eds. Assine agora a nossa Assinatura Anual e tenha acesso ilimitado* a todos os nossos cursos.<\/em><\/p>\n\n\n\n<p class=\"has-background has-text-align-center has-medium-font-size has-light-green-cyan-background-color\"><strong>ASSINE AGORA<\/strong>&nbsp;\u2013&nbsp;<a rel=\"noreferrer noopener\" href=\"https:\/\/www.estrategiaconcursos.com.br\/assinaturas\" target=\"_blank\"><strong>Assinatura Ilimitada<\/strong><\/a><\/p>\n\n\n\n<p class=\"has-background has-text-align-center has-medium-font-size has-pale-cyan-blue-background-color\"><strong><a href=\"https:\/\/www.estrategiaconcursos.com.br\/blog\/concursos-abertos\/\">CONCURSOS ABERTOS<\/a><\/strong><\/p>\n\n\n\n<p class=\"has-background has-text-align-center has-medium-font-size has-pale-cyan-blue-background-color\"><a href=\"https:\/\/www.estrategiaconcursos.com.br\/blog\/concursos-2020\/\"><strong>CONCURSOS<\/strong><\/a><strong><a href=\"https:\/\/www.estrategiaconcursos.com.br\/blog\/concursos-2020\/\">&nbsp;2020<\/a><\/strong><\/p>\n","protected":false},"excerpt":{"rendered":"<p>Por meio das redes sociais, o deputado do estado do Paran\u00e1, Mauro Moraes, divulgou que o edital do concurso PM PR, da Pol\u00edcia Militar do Paran\u00e1, ser\u00e1 divulgado na pr\u00f3xima sexta-feira, 20 de mar\u00e7o de 2020. Al\u00e9m disso, o parlamentar ressaltou que a prov\u00e1vel data da prova constar\u00e1 no edital, devendo ser em maio ou [&hellip;]<\/p>\n","protected":false},"author":552,"featured_media":0,"comment_status":"open","ping_status":"closed","sticky":false,"template":"","format":"standard","meta":{"post_tipo":"article","footnotes":""},"categories":[1],"tags":[],"tax_estado":[],"class_list":["post-492779","post","type-post","status-publish","format-standard","hentry","category-cursos-e-concursos"],"acf":[],"yoast_head":"<!-- This site is optimized with the Yoast SEO Premium plugin v27.2 (Yoast SEO v27.2) - https:\/\/yoast.com\/product\/yoast-seo-premium-wordpress\/ -->\n<title>EDITAL do concurso PM PR ser\u00e1 publicado em 20 de mar\u00e7o. Confira!<\/title>\n<meta name=\"description\" content=\"Foi divulgado que o edital do concurso PM PM ser\u00e1 divulgado no dia 20 de mar\u00e7o de 2020. Confira no site do Estrat\u00e9gia Concursos!\" \/>\n<meta name=\"robots\" content=\"index, follow, max-snippet:-1, max-image-preview:large, max-video-preview:-1\" \/>\n<link rel=\"canonical\" href=\"https:\/\/www.estrategiaconcursos.com.br\/blog\/edital-do-concurso-pm-pr-sera-publicado-em-20-de-marco-confira\/\" \/>\n<meta property=\"og:locale\" content=\"pt_BR\" \/>\n<meta property=\"og:type\" content=\"article\" \/>\n<meta property=\"og:title\" content=\"EDITAL do concurso PM PR ser\u00e1 publicado em 20 de mar\u00e7o. Confira!\" \/>\n<meta property=\"og:description\" content=\"Foi divulgado que o edital do concurso PM PM ser\u00e1 divulgado no dia 20 de mar\u00e7o de 2020. Confira no site do Estrat\u00e9gia Concursos!\" \/>\n<meta property=\"og:url\" content=\"https:\/\/www.estrategiaconcursos.com.br\/blog\/edital-do-concurso-pm-pr-sera-publicado-em-20-de-marco-confira\/\" \/>\n<meta property=\"og:site_name\" content=\"Estrat\u00e9gia Concursos\" \/>\n<meta property=\"article:published_time\" content=\"2020-03-16T17:40:03+00:00\" \/>\n<meta property=\"article:modified_time\" content=\"2020-03-16T17:53:20+00:00\" \/>\n<meta property=\"og:image\" content=\"https:\/\/www.estrategiaconcursos.com.br\/blog\/wp-content\/uploads\/2020\/03\/WhatsApp-Image-2020-03-16-at-14.15.46-169x300.jpeg\" \/>\n<meta name=\"author\" content=\"Paulo Bilynskyj\" \/>\n<meta name=\"twitter:card\" content=\"summary_large_image\" \/>\n<meta name=\"twitter:creator\" content=\"@EstratConcursos\" \/>\n<meta name=\"twitter:site\" content=\"@EstratConcursos\" \/>\n<meta name=\"twitter:label1\" content=\"Escrito por\" \/>\n\t<meta name=\"twitter:data1\" content=\"Paulo Bilynskyj\" \/>\n\t<meta name=\"twitter:label2\" content=\"Est. tempo de leitura\" \/>\n\t<meta name=\"twitter:data2\" content=\"2 minutos\" \/>\n<script type=\"application\/ld+json\" class=\"yoast-schema-graph\">{\"@context\":\"https:\/\/schema.org\",\"@graph\":[{\"@type\":\"NewsArticle\",\"@id\":\"https:\/\/www.estrategiaconcursos.com.br\/blog\/edital-do-concurso-pm-pr-sera-publicado-em-20-de-marco-confira\/#article\",\"isPartOf\":{\"@id\":\"https:\/\/www.estrategiaconcursos.com.br\/blog\/edital-do-concurso-pm-pr-sera-publicado-em-20-de-marco-confira\/\"},\"author\":{\"name\":\"Paulo Bilynskyj\",\"@id\":\"https:\/\/www.estrategiaconcursos.com.br\/blog\/#\/schema\/person\/a630b15e36f45b4c21fed01219843cb5\"},\"headline\":\"EDITAL do concurso PM PR ser\u00e1 publicado em 20 de mar\u00e7o. Confira!\",\"datePublished\":\"2020-03-16T17:40:03+00:00\",\"dateModified\":\"2020-03-16T17:53:20+00:00\",\"mainEntityOfPage\":{\"@id\":\"https:\/\/www.estrategiaconcursos.com.br\/blog\/edital-do-concurso-pm-pr-sera-publicado-em-20-de-marco-confira\/\"},\"wordCount\":318,\"commentCount\":0,\"publisher\":{\"@id\":\"https:\/\/www.estrategiaconcursos.com.br\/blog\/#organization\"},\"image\":{\"@id\":\"https:\/\/www.estrategiaconcursos.com.br\/blog\/edital-do-concurso-pm-pr-sera-publicado-em-20-de-marco-confira\/#primaryimage\"},\"thumbnailUrl\":\"https:\/\/www.estrategiaconcursos.com.br\/blog\/wp-content\/uploads\/2020\/03\/WhatsApp-Image-2020-03-16-at-14.15.46-169x300.jpeg\",\"articleSection\":[\"Concursos P\u00fablicos\"],\"inLanguage\":\"pt-BR\",\"potentialAction\":[{\"@type\":\"CommentAction\",\"name\":\"Comment\",\"target\":[\"https:\/\/www.estrategiaconcursos.com.br\/blog\/edital-do-concurso-pm-pr-sera-publicado-em-20-de-marco-confira\/#respond\"]}],\"copyrightYear\":\"2020\",\"copyrightHolder\":{\"@id\":\"https:\/\/www.estrategiaconcursos.com.br\/blog\/#organization\"}},{\"@type\":\"WebPage\",\"@id\":\"https:\/\/www.estrategiaconcursos.com.br\/blog\/edital-do-concurso-pm-pr-sera-publicado-em-20-de-marco-confira\/\",\"url\":\"https:\/\/www.estrategiaconcursos.com.br\/blog\/edital-do-concurso-pm-pr-sera-publicado-em-20-de-marco-confira\/\",\"name\":\"EDITAL do concurso PM PR ser\u00e1 publicado em 20 de mar\u00e7o. Confira!\",\"isPartOf\":{\"@id\":\"https:\/\/www.estrategiaconcursos.com.br\/blog\/#website\"},\"primaryImageOfPage\":{\"@id\":\"https:\/\/www.estrategiaconcursos.com.br\/blog\/edital-do-concurso-pm-pr-sera-publicado-em-20-de-marco-confira\/#primaryimage\"},\"image\":{\"@id\":\"https:\/\/www.estrategiaconcursos.com.br\/blog\/edital-do-concurso-pm-pr-sera-publicado-em-20-de-marco-confira\/#primaryimage\"},\"thumbnailUrl\":\"https:\/\/www.estrategiaconcursos.com.br\/blog\/wp-content\/uploads\/2020\/03\/WhatsApp-Image-2020-03-16-at-14.15.46-169x300.jpeg\",\"datePublished\":\"2020-03-16T17:40:03+00:00\",\"dateModified\":\"2020-03-16T17:53:20+00:00\",\"description\":\"Foi divulgado que o edital do concurso PM PM ser\u00e1 divulgado no dia 20 de mar\u00e7o de 2020. Confira no site do Estrat\u00e9gia Concursos!\",\"breadcrumb\":{\"@id\":\"https:\/\/www.estrategiaconcursos.com.br\/blog\/edital-do-concurso-pm-pr-sera-publicado-em-20-de-marco-confira\/#breadcrumb\"},\"inLanguage\":\"pt-BR\",\"potentialAction\":[{\"@type\":\"ReadAction\",\"target\":[\"https:\/\/www.estrategiaconcursos.com.br\/blog\/edital-do-concurso-pm-pr-sera-publicado-em-20-de-marco-confira\/\"]}]},{\"@type\":\"ImageObject\",\"inLanguage\":\"pt-BR\",\"@id\":\"https:\/\/www.estrategiaconcursos.com.br\/blog\/edital-do-concurso-pm-pr-sera-publicado-em-20-de-marco-confira\/#primaryimage\",\"url\":\"https:\/\/www.estrategiaconcursos.com.br\/blog\/wp-content\/uploads\/2020\/03\/WhatsApp-Image-2020-03-16-at-14.15.46-169x300.jpeg\",\"contentUrl\":\"https:\/\/www.estrategiaconcursos.com.br\/blog\/wp-content\/uploads\/2020\/03\/WhatsApp-Image-2020-03-16-at-14.15.46-169x300.jpeg\"},{\"@type\":\"BreadcrumbList\",\"@id\":\"https:\/\/www.estrategiaconcursos.com.br\/blog\/edital-do-concurso-pm-pr-sera-publicado-em-20-de-marco-confira\/#breadcrumb\",\"itemListElement\":[{\"@type\":\"ListItem\",\"position\":1,\"name\":\"In\u00edcio\",\"item\":\"https:\/\/www.estrategiaconcursos.com.br\/blog\/\"},{\"@type\":\"ListItem\",\"position\":2,\"name\":\"EDITAL do concurso PM PR ser\u00e1 publicado em 20 de mar\u00e7o. Confira!\"}]},{\"@type\":\"WebSite\",\"@id\":\"https:\/\/www.estrategiaconcursos.com.br\/blog\/#website\",\"url\":\"https:\/\/www.estrategiaconcursos.com.br\/blog\/\",\"name\":\"Estrat\u00e9gia Concursos\",\"description\":\"O blog da Estrat\u00e9gia Concursos traz not\u00edcias sobre concursos e artigos de professores oferecendo cursos para concursos (pdf + videaulas) no site.\",\"publisher\":{\"@id\":\"https:\/\/www.estrategiaconcursos.com.br\/blog\/#organization\"},\"potentialAction\":[{\"@type\":\"SearchAction\",\"target\":{\"@type\":\"EntryPoint\",\"urlTemplate\":\"https:\/\/www.estrategiaconcursos.com.br\/blog\/?s={search_term_string}\"},\"query-input\":{\"@type\":\"PropertyValueSpecification\",\"valueRequired\":true,\"valueName\":\"search_term_string\"}}],\"inLanguage\":\"pt-BR\"},{\"@type\":\"Organization\",\"@id\":\"https:\/\/www.estrategiaconcursos.com.br\/blog\/#organization\",\"name\":\"Estrat\u00e9gia Concursos\",\"url\":\"https:\/\/www.estrategiaconcursos.com.br\/blog\/\",\"logo\":{\"@type\":\"ImageObject\",\"inLanguage\":\"pt-BR\",\"@id\":\"https:\/\/www.estrategiaconcursos.com.br\/blog\/#\/schema\/logo\/image\/\",\"url\":\"https:\/\/dhg1h5j42swfq.cloudfront.net\/2025\/06\/03203428\/logo_concursos-1.jpg\",\"contentUrl\":\"https:\/\/dhg1h5j42swfq.cloudfront.net\/2025\/06\/03203428\/logo_concursos-1.jpg\",\"width\":230,\"height\":60,\"caption\":\"Estrat\u00e9gia Concursos\"},\"image\":{\"@id\":\"https:\/\/www.estrategiaconcursos.com.br\/blog\/#\/schema\/logo\/image\/\"},\"sameAs\":[\"https:\/\/x.com\/EstratConcursos\"]},{\"@type\":\"Person\",\"@id\":\"https:\/\/www.estrategiaconcursos.com.br\/blog\/#\/schema\/person\/a630b15e36f45b4c21fed01219843cb5\",\"name\":\"Paulo Bilynskyj\",\"image\":{\"@type\":\"ImageObject\",\"inLanguage\":\"pt-BR\",\"@id\":\"https:\/\/secure.gravatar.com\/avatar\/37e21f70c9042e7456beffdc6d31fe051f3f6dcbf252f69343a791b144852057?s=96&d=mm&r=g\",\"url\":\"https:\/\/secure.gravatar.com\/avatar\/37e21f70c9042e7456beffdc6d31fe051f3f6dcbf252f69343a791b144852057?s=96&d=mm&r=g\",\"contentUrl\":\"https:\/\/secure.gravatar.com\/avatar\/37e21f70c9042e7456beffdc6d31fe051f3f6dcbf252f69343a791b144852057?s=96&d=mm&r=g\",\"caption\":\"Paulo Bilynskyj\"},\"url\":\"https:\/\/www.estrategiaconcursos.com.br\/blog\/author\/pbilynskyjgmail-com\/\"}]}<\/script>\n<!-- \/ Yoast SEO Premium plugin. -->","yoast_head_json":{"title":"EDITAL do concurso PM PR ser\u00e1 publicado em 20 de mar\u00e7o. Confira!","description":"Foi divulgado que o edital do concurso PM PM ser\u00e1 divulgado no dia 20 de mar\u00e7o de 2020. Confira no site do Estrat\u00e9gia Concursos!","robots":{"index":"index","follow":"follow","max-snippet":"max-snippet:-1","max-image-preview":"max-image-preview:large","max-video-preview":"max-video-preview:-1"},"canonical":"https:\/\/www.estrategiaconcursos.com.br\/blog\/edital-do-concurso-pm-pr-sera-publicado-em-20-de-marco-confira\/","og_locale":"pt_BR","og_type":"article","og_title":"EDITAL do concurso PM PR ser\u00e1 publicado em 20 de mar\u00e7o. Confira!","og_description":"Foi divulgado que o edital do concurso PM PM ser\u00e1 divulgado no dia 20 de mar\u00e7o de 2020. Confira no site do Estrat\u00e9gia Concursos!","og_url":"https:\/\/www.estrategiaconcursos.com.br\/blog\/edital-do-concurso-pm-pr-sera-publicado-em-20-de-marco-confira\/","og_site_name":"Estrat\u00e9gia Concursos","article_published_time":"2020-03-16T17:40:03+00:00","article_modified_time":"2020-03-16T17:53:20+00:00","og_image":[{"url":"https:\/\/www.estrategiaconcursos.com.br\/blog\/wp-content\/uploads\/2020\/03\/WhatsApp-Image-2020-03-16-at-14.15.46-169x300.jpeg","type":"","width":"","height":""}],"author":"Paulo Bilynskyj","twitter_card":"summary_large_image","twitter_creator":"@EstratConcursos","twitter_site":"@EstratConcursos","twitter_misc":{"Escrito por":"Paulo Bilynskyj","Est. tempo de leitura":"2 minutos"},"schema":{"@context":"https:\/\/schema.org","@graph":[{"@type":"NewsArticle","@id":"https:\/\/www.estrategiaconcursos.com.br\/blog\/edital-do-concurso-pm-pr-sera-publicado-em-20-de-marco-confira\/#article","isPartOf":{"@id":"https:\/\/www.estrategiaconcursos.com.br\/blog\/edital-do-concurso-pm-pr-sera-publicado-em-20-de-marco-confira\/"},"author":{"name":"Paulo Bilynskyj","@id":"https:\/\/www.estrategiaconcursos.com.br\/blog\/#\/schema\/person\/a630b15e36f45b4c21fed01219843cb5"},"headline":"EDITAL do concurso PM PR ser\u00e1 publicado em 20 de mar\u00e7o. Confira!","datePublished":"2020-03-16T17:40:03+00:00","dateModified":"2020-03-16T17:53:20+00:00","mainEntityOfPage":{"@id":"https:\/\/www.estrategiaconcursos.com.br\/blog\/edital-do-concurso-pm-pr-sera-publicado-em-20-de-marco-confira\/"},"wordCount":318,"commentCount":0,"publisher":{"@id":"https:\/\/www.estrategiaconcursos.com.br\/blog\/#organization"},"image":{"@id":"https:\/\/www.estrategiaconcursos.com.br\/blog\/edital-do-concurso-pm-pr-sera-publicado-em-20-de-marco-confira\/#primaryimage"},"thumbnailUrl":"https:\/\/www.estrategiaconcursos.com.br\/blog\/wp-content\/uploads\/2020\/03\/WhatsApp-Image-2020-03-16-at-14.15.46-169x300.jpeg","articleSection":["Concursos P\u00fablicos"],"inLanguage":"pt-BR","potentialAction":[{"@type":"CommentAction","name":"Comment","target":["https:\/\/www.estrategiaconcursos.com.br\/blog\/edital-do-concurso-pm-pr-sera-publicado-em-20-de-marco-confira\/#respond"]}],"copyrightYear":"2020","copyrightHolder":{"@id":"https:\/\/www.estrategiaconcursos.com.br\/blog\/#organization"}},{"@type":"WebPage","@id":"https:\/\/www.estrategiaconcursos.com.br\/blog\/edital-do-concurso-pm-pr-sera-publicado-em-20-de-marco-confira\/","url":"https:\/\/www.estrategiaconcursos.com.br\/blog\/edital-do-concurso-pm-pr-sera-publicado-em-20-de-marco-confira\/","name":"EDITAL do concurso PM PR ser\u00e1 publicado em 20 de mar\u00e7o. Confira!","isPartOf":{"@id":"https:\/\/www.estrategiaconcursos.com.br\/blog\/#website"},"primaryImageOfPage":{"@id":"https:\/\/www.estrategiaconcursos.com.br\/blog\/edital-do-concurso-pm-pr-sera-publicado-em-20-de-marco-confira\/#primaryimage"},"image":{"@id":"https:\/\/www.estrategiaconcursos.com.br\/blog\/edital-do-concurso-pm-pr-sera-publicado-em-20-de-marco-confira\/#primaryimage"},"thumbnailUrl":"https:\/\/www.estrategiaconcursos.com.br\/blog\/wp-content\/uploads\/2020\/03\/WhatsApp-Image-2020-03-16-at-14.15.46-169x300.jpeg","datePublished":"2020-03-16T17:40:03+00:00","dateModified":"2020-03-16T17:53:20+00:00","description":"Foi divulgado que o edital do concurso PM PM ser\u00e1 divulgado no dia 20 de mar\u00e7o de 2020. Confira no site do Estrat\u00e9gia Concursos!","breadcrumb":{"@id":"https:\/\/www.estrategiaconcursos.com.br\/blog\/edital-do-concurso-pm-pr-sera-publicado-em-20-de-marco-confira\/#breadcrumb"},"inLanguage":"pt-BR","potentialAction":[{"@type":"ReadAction","target":["https:\/\/www.estrategiaconcursos.com.br\/blog\/edital-do-concurso-pm-pr-sera-publicado-em-20-de-marco-confira\/"]}]},{"@type":"ImageObject","inLanguage":"pt-BR","@id":"https:\/\/www.estrategiaconcursos.com.br\/blog\/edital-do-concurso-pm-pr-sera-publicado-em-20-de-marco-confira\/#primaryimage","url":"https:\/\/www.estrategiaconcursos.com.br\/blog\/wp-content\/uploads\/2020\/03\/WhatsApp-Image-2020-03-16-at-14.15.46-169x300.jpeg","contentUrl":"https:\/\/www.estrategiaconcursos.com.br\/blog\/wp-content\/uploads\/2020\/03\/WhatsApp-Image-2020-03-16-at-14.15.46-169x300.jpeg"},{"@type":"BreadcrumbList","@id":"https:\/\/www.estrategiaconcursos.com.br\/blog\/edital-do-concurso-pm-pr-sera-publicado-em-20-de-marco-confira\/#breadcrumb","itemListElement":[{"@type":"ListItem","position":1,"name":"In\u00edcio","item":"https:\/\/www.estrategiaconcursos.com.br\/blog\/"},{"@type":"ListItem","position":2,"name":"EDITAL do concurso PM PR ser\u00e1 publicado em 20 de mar\u00e7o. Confira!"}]},{"@type":"WebSite","@id":"https:\/\/www.estrategiaconcursos.com.br\/blog\/#website","url":"https:\/\/www.estrategiaconcursos.com.br\/blog\/","name":"Estrat\u00e9gia Concursos","description":"O blog da Estrat\u00e9gia Concursos traz not\u00edcias sobre concursos e artigos de professores oferecendo cursos para concursos (pdf + videaulas) no site.","publisher":{"@id":"https:\/\/www.estrategiaconcursos.com.br\/blog\/#organization"},"potentialAction":[{"@type":"SearchAction","target":{"@type":"EntryPoint","urlTemplate":"https:\/\/www.estrategiaconcursos.com.br\/blog\/?s={search_term_string}"},"query-input":{"@type":"PropertyValueSpecification","valueRequired":true,"valueName":"search_term_string"}}],"inLanguage":"pt-BR"},{"@type":"Organization","@id":"https:\/\/www.estrategiaconcursos.com.br\/blog\/#organization","name":"Estrat\u00e9gia Concursos","url":"https:\/\/www.estrategiaconcursos.com.br\/blog\/","logo":{"@type":"ImageObject","inLanguage":"pt-BR","@id":"https:\/\/www.estrategiaconcursos.com.br\/blog\/#\/schema\/logo\/image\/","url":"https:\/\/dhg1h5j42swfq.cloudfront.net\/2025\/06\/03203428\/logo_concursos-1.jpg","contentUrl":"https:\/\/dhg1h5j42swfq.cloudfront.net\/2025\/06\/03203428\/logo_concursos-1.jpg","width":230,"height":60,"caption":"Estrat\u00e9gia Concursos"},"image":{"@id":"https:\/\/www.estrategiaconcursos.com.br\/blog\/#\/schema\/logo\/image\/"},"sameAs":["https:\/\/x.com\/EstratConcursos"]},{"@type":"Person","@id":"https:\/\/www.estrategiaconcursos.com.br\/blog\/#\/schema\/person\/a630b15e36f45b4c21fed01219843cb5","name":"Paulo Bilynskyj","image":{"@type":"ImageObject","inLanguage":"pt-BR","@id":"https:\/\/secure.gravatar.com\/avatar\/37e21f70c9042e7456beffdc6d31fe051f3f6dcbf252f69343a791b144852057?s=96&d=mm&r=g","url":"https:\/\/secure.gravatar.com\/avatar\/37e21f70c9042e7456beffdc6d31fe051f3f6dcbf252f69343a791b144852057?s=96&d=mm&r=g","contentUrl":"https:\/\/secure.gravatar.com\/avatar\/37e21f70c9042e7456beffdc6d31fe051f3f6dcbf252f69343a791b144852057?s=96&d=mm&r=g","caption":"Paulo Bilynskyj"},"url":"https:\/\/www.estrategiaconcursos.com.br\/blog\/author\/pbilynskyjgmail-com\/"}]}},"_links":{"self":[{"href":"https:\/\/www.estrategiaconcursos.com.br\/blog\/wp-json\/wp\/v2\/posts\/492779","targetHints":{"allow":["GET"]}}],"collection":[{"href":"https:\/\/www.estrategiaconcursos.com.br\/blog\/wp-json\/wp\/v2\/posts"}],"about":[{"href":"https:\/\/www.estrategiaconcursos.com.br\/blog\/wp-json\/wp\/v2\/types\/post"}],"author":[{"embeddable":true,"href":"https:\/\/www.estrategiaconcursos.com.br\/blog\/wp-json\/wp\/v2\/users\/552"}],"replies":[{"embeddable":true,"href":"https:\/\/www.estrategiaconcursos.com.br\/blog\/wp-json\/wp\/v2\/comments?post=492779"}],"version-history":[{"count":2,"href":"https:\/\/www.estrategiaconcursos.com.br\/blog\/wp-json\/wp\/v2\/posts\/492779\/revisions"}],"predecessor-version":[{"id":492798,"href":"https:\/\/www.estrategiaconcursos.com.br\/blog\/wp-json\/wp\/v2\/posts\/492779\/revisions\/492798"}],"wp:attachment":[{"href":"https:\/\/www.estrategiaconcursos.com.br\/blog\/wp-json\/wp\/v2\/media?parent=492779"}],"wp:term":[{"taxonomy":"category","embeddable":true,"href":"https:\/\/www.estrategiaconcursos.com.br\/blog\/wp-json\/wp\/v2\/categories?post=492779"},{"taxonomy":"post_tag","embeddable":true,"href":"https:\/\/www.estrategiaconcursos.com.br\/blog\/wp-json\/wp\/v2\/tags?post=492779"},{"taxonomy":"tax_estado","embeddable":true,"href":"https:\/\/www.estrategiaconcursos.com.br\/blog\/wp-json\/wp\/v2\/tax_estado?post=492779"}],"curies":[{"name":"wp","href":"https:\/\/api.w.org\/{rel}","templated":true}]}}