{"id":492771,"date":"2020-03-16T14:38:13","date_gmt":"2020-03-16T17:38:13","guid":{"rendered":"https:\/\/www.estrategiaconcursos.com.br\/blog\/?p=492771"},"modified":"2023-08-18T10:21:34","modified_gmt":"2023-08-18T13:21:34","slug":"coronavirus-impactos-socioeconomicos-politicos-culturais-e-ambientais","status":"publish","type":"post","link":"https:\/\/www.estrategiaconcursos.com.br\/blog\/coronavirus-impactos-socioeconomicos-politicos-culturais-e-ambientais\/","title":{"rendered":"Coronav\u00edrus:  Impactos socioecon\u00f4micos, pol\u00edticos, culturais e ambientais"},"content":{"rendered":"\n<p>Nos \u00faltimos dias, a not\u00edcia do crescente avan\u00e7o do coronav\u00edrus (COVID-19) no Brasil e no mundo est\u00e1 deixando todos em alerta.  A Organiza\u00e7\u00e3o Mundial de Sa\u00fade (OMS) j\u00e1 considera a doen\u00e7a como uma pandemia, o que nos leva a redobrar os cuidados com a sa\u00fade a fim de evitar o cont\u00e1gio.<\/p>\n\n\n\n<p>Recentemente, o que afetou diretamente os concurseiros foi a suspens\u00e3o da realiza\u00e7\u00e3o de algumas provas, em especial a prova de escriv\u00e3o da Pol\u00edcia Civil do Distrito Federal. <\/p>\n\n\n\n<p>Ainda n\u00e3o se sabe quando a situa\u00e7\u00e3o ser\u00e1 normalizada, por enquanto, o cen\u00e1rio de muitos concursos que estavam com suas avalia\u00e7\u00f5es marcadas \u00e9 incerto.<\/p>\n\n\n\n<p>Al\u00e9m disso, esse assunto tem uma grande relev\u00e2ncia para os concurseiros pois, um assunto t\u00e3o relevante como o <strong><em>coronav\u00edrus<\/em><\/strong> certamente ser\u00e1 cobrado em provas de atualidades e ser\u00e1 tema de reda\u00e7\u00f5es. <\/p>\n\n\n\n<p>Por isso, n\u00e3o perca nossa aula especial sobre como ser\u00e1 cobrado esse assunto no mundo dos concursos. Ela acontece nesta <strong>segunda-feira, 16 de mar\u00e7o, \u00e0s 19h, com o professor Gracioli. <\/strong><\/p>\n\n\n\n<p class=\"has-text-align-center has-pale-cyan-blue-background-color has-background\"><strong><a href=\"https:\/\/www.estrategiaconcursos.com.br\/blog\/concursos-abertos\/\" target=\"_blank\" rel=\"noreferrer noopener\">CONCURSOS ABERTOS<\/a><\/strong><\/p>\n","protected":false},"excerpt":{"rendered":"<p>Nos \u00faltimos dias, a not\u00edcia do crescente avan\u00e7o do coronav\u00edrus (COVID-19) no Brasil e no mundo est\u00e1 deixando todos em alerta. A Organiza\u00e7\u00e3o Mundial de Sa\u00fade (OMS) j\u00e1 considera a doen\u00e7a como uma pandemia, o que nos leva a redobrar os cuidados com a sa\u00fade a fim de evitar o cont\u00e1gio. Recentemente, o que afetou [&hellip;]<\/p>\n","protected":false},"author":317,"featured_media":0,"comment_status":"open","ping_status":"closed","sticky":false,"template":"","format":"standard","meta":{"post_tipo":"article","footnotes":""},"categories":[1],"tags":[],"tax_estado":[],"class_list":["post-492771","post","type-post","status-publish","format-standard","hentry","category-cursos-e-concursos"],"acf":[],"yoast_head":"<!-- This site is optimized with the Yoast SEO Premium plugin v27.2 (Yoast SEO v27.2) - https:\/\/yoast.com\/product\/yoast-seo-premium-wordpress\/ -->\n<title>Coronav\u00edrus: Impactos socioecon\u00f4micos, pol\u00edticos, culturais e ambientais<\/title>\n<meta name=\"robots\" content=\"index, follow, max-snippet:-1, max-image-preview:large, max-video-preview:-1\" \/>\n<link rel=\"canonical\" href=\"https:\/\/www.estrategiaconcursos.com.br\/blog\/coronavirus-impactos-socioeconomicos-politicos-culturais-e-ambientais\/\" \/>\n<meta property=\"og:locale\" content=\"pt_BR\" \/>\n<meta property=\"og:type\" content=\"article\" \/>\n<meta property=\"og:title\" content=\"Coronav\u00edrus: Impactos socioecon\u00f4micos, pol\u00edticos, culturais e ambientais\" \/>\n<meta property=\"og:description\" content=\"Nos \u00faltimos dias, a not\u00edcia do crescente avan\u00e7o do coronav\u00edrus (COVID-19) no Brasil e no mundo est\u00e1 deixando todos em alerta. A Organiza\u00e7\u00e3o Mundial de Sa\u00fade (OMS) j\u00e1 considera a doen\u00e7a como uma pandemia, o que nos leva a redobrar os cuidados com a sa\u00fade a fim de evitar o cont\u00e1gio. Recentemente, o que afetou [&hellip;]\" \/>\n<meta property=\"og:url\" content=\"https:\/\/www.estrategiaconcursos.com.br\/blog\/coronavirus-impactos-socioeconomicos-politicos-culturais-e-ambientais\/\" \/>\n<meta property=\"og:site_name\" content=\"Estrat\u00e9gia Concursos\" \/>\n<meta property=\"article:author\" content=\"https:\/\/www.facebook.com\/igor.maciel.1420\" \/>\n<meta property=\"article:published_time\" content=\"2020-03-16T17:38:13+00:00\" \/>\n<meta property=\"article:modified_time\" content=\"2023-08-18T13:21:34+00:00\" \/>\n<meta name=\"author\" content=\"Igor Maciel\" \/>\n<meta name=\"twitter:card\" content=\"summary_large_image\" \/>\n<meta name=\"twitter:creator\" content=\"@EstratConcursos\" \/>\n<meta name=\"twitter:site\" content=\"@EstratConcursos\" \/>\n<meta name=\"twitter:label1\" content=\"Escrito por\" \/>\n\t<meta name=\"twitter:data1\" content=\"Igor Maciel\" \/>\n\t<meta name=\"twitter:label2\" content=\"Est. tempo de leitura\" \/>\n\t<meta name=\"twitter:data2\" content=\"1 minuto\" \/>\n<script type=\"application\/ld+json\" class=\"yoast-schema-graph\">{\"@context\":\"https:\/\/schema.org\",\"@graph\":[{\"@type\":\"NewsArticle\",\"@id\":\"https:\/\/www.estrategiaconcursos.com.br\/blog\/coronavirus-impactos-socioeconomicos-politicos-culturais-e-ambientais\/#article\",\"isPartOf\":{\"@id\":\"https:\/\/www.estrategiaconcursos.com.br\/blog\/coronavirus-impactos-socioeconomicos-politicos-culturais-e-ambientais\/\"},\"author\":{\"name\":\"Igor Maciel\",\"@id\":\"https:\/\/www.estrategiaconcursos.com.br\/blog\/#\/schema\/person\/024d26d5efb06d95dfc04025d7301591\"},\"headline\":\"Coronav\u00edrus: Impactos socioecon\u00f4micos, pol\u00edticos, culturais e ambientais\",\"datePublished\":\"2020-03-16T17:38:13+00:00\",\"dateModified\":\"2023-08-18T13:21:34+00:00\",\"mainEntityOfPage\":{\"@id\":\"https:\/\/www.estrategiaconcursos.com.br\/blog\/coronavirus-impactos-socioeconomicos-politicos-culturais-e-ambientais\/\"},\"wordCount\":196,\"commentCount\":0,\"publisher\":{\"@id\":\"https:\/\/www.estrategiaconcursos.com.br\/blog\/#organization\"},\"articleSection\":[\"Concursos P\u00fablicos\"],\"inLanguage\":\"pt-BR\",\"potentialAction\":[{\"@type\":\"CommentAction\",\"name\":\"Comment\",\"target\":[\"https:\/\/www.estrategiaconcursos.com.br\/blog\/coronavirus-impactos-socioeconomicos-politicos-culturais-e-ambientais\/#respond\"]}],\"copyrightYear\":\"2020\",\"copyrightHolder\":{\"@id\":\"https:\/\/www.estrategiaconcursos.com.br\/blog\/#organization\"}},{\"@type\":\"WebPage\",\"@id\":\"https:\/\/www.estrategiaconcursos.com.br\/blog\/coronavirus-impactos-socioeconomicos-politicos-culturais-e-ambientais\/\",\"url\":\"https:\/\/www.estrategiaconcursos.com.br\/blog\/coronavirus-impactos-socioeconomicos-politicos-culturais-e-ambientais\/\",\"name\":\"Coronav\u00edrus: Impactos socioecon\u00f4micos, pol\u00edticos, culturais e ambientais\",\"isPartOf\":{\"@id\":\"https:\/\/www.estrategiaconcursos.com.br\/blog\/#website\"},\"datePublished\":\"2020-03-16T17:38:13+00:00\",\"dateModified\":\"2023-08-18T13:21:34+00:00\",\"breadcrumb\":{\"@id\":\"https:\/\/www.estrategiaconcursos.com.br\/blog\/coronavirus-impactos-socioeconomicos-politicos-culturais-e-ambientais\/#breadcrumb\"},\"inLanguage\":\"pt-BR\",\"potentialAction\":[{\"@type\":\"ReadAction\",\"target\":[\"https:\/\/www.estrategiaconcursos.com.br\/blog\/coronavirus-impactos-socioeconomicos-politicos-culturais-e-ambientais\/\"]}]},{\"@type\":\"BreadcrumbList\",\"@id\":\"https:\/\/www.estrategiaconcursos.com.br\/blog\/coronavirus-impactos-socioeconomicos-politicos-culturais-e-ambientais\/#breadcrumb\",\"itemListElement\":[{\"@type\":\"ListItem\",\"position\":1,\"name\":\"In\u00edcio\",\"item\":\"https:\/\/www.estrategiaconcursos.com.br\/blog\/\"},{\"@type\":\"ListItem\",\"position\":2,\"name\":\"Coronav\u00edrus: Impactos socioecon\u00f4micos, pol\u00edticos, culturais e ambientais\"}]},{\"@type\":\"WebSite\",\"@id\":\"https:\/\/www.estrategiaconcursos.com.br\/blog\/#website\",\"url\":\"https:\/\/www.estrategiaconcursos.com.br\/blog\/\",\"name\":\"Estrat\u00e9gia Concursos\",\"description\":\"O blog da Estrat\u00e9gia Concursos traz not\u00edcias sobre concursos e artigos de professores oferecendo cursos para concursos (pdf + videaulas) no site.\",\"publisher\":{\"@id\":\"https:\/\/www.estrategiaconcursos.com.br\/blog\/#organization\"},\"potentialAction\":[{\"@type\":\"SearchAction\",\"target\":{\"@type\":\"EntryPoint\",\"urlTemplate\":\"https:\/\/www.estrategiaconcursos.com.br\/blog\/?s={search_term_string}\"},\"query-input\":{\"@type\":\"PropertyValueSpecification\",\"valueRequired\":true,\"valueName\":\"search_term_string\"}}],\"inLanguage\":\"pt-BR\"},{\"@type\":\"Organization\",\"@id\":\"https:\/\/www.estrategiaconcursos.com.br\/blog\/#organization\",\"name\":\"Estrat\u00e9gia Concursos\",\"url\":\"https:\/\/www.estrategiaconcursos.com.br\/blog\/\",\"logo\":{\"@type\":\"ImageObject\",\"inLanguage\":\"pt-BR\",\"@id\":\"https:\/\/www.estrategiaconcursos.com.br\/blog\/#\/schema\/logo\/image\/\",\"url\":\"https:\/\/dhg1h5j42swfq.cloudfront.net\/2025\/06\/03203428\/logo_concursos-1.jpg\",\"contentUrl\":\"https:\/\/dhg1h5j42swfq.cloudfront.net\/2025\/06\/03203428\/logo_concursos-1.jpg\",\"width\":230,\"height\":60,\"caption\":\"Estrat\u00e9gia Concursos\"},\"image\":{\"@id\":\"https:\/\/www.estrategiaconcursos.com.br\/blog\/#\/schema\/logo\/image\/\"},\"sameAs\":[\"https:\/\/x.com\/EstratConcursos\"]},{\"@type\":\"Person\",\"@id\":\"https:\/\/www.estrategiaconcursos.com.br\/blog\/#\/schema\/person\/024d26d5efb06d95dfc04025d7301591\",\"name\":\"Igor Maciel\",\"image\":{\"@type\":\"ImageObject\",\"inLanguage\":\"pt-BR\",\"@id\":\"https:\/\/secure.gravatar.com\/avatar\/e983a676af6facf4aebcb2989d49e3bf61b718712d5e7a4b3f355b7fe651bc2f?s=96&d=mm&r=g\",\"url\":\"https:\/\/secure.gravatar.com\/avatar\/e983a676af6facf4aebcb2989d49e3bf61b718712d5e7a4b3f355b7fe651bc2f?s=96&d=mm&r=g\",\"contentUrl\":\"https:\/\/secure.gravatar.com\/avatar\/e983a676af6facf4aebcb2989d49e3bf61b718712d5e7a4b3f355b7fe651bc2f?s=96&d=mm&r=g\",\"caption\":\"Igor Maciel\"},\"description\":\"Graduado na Universidade Federal de Pernambuco, com extens\u00e3o na Universidade de Coimbra\/Portugal. Especialista LLM em Direito Corporativo pelo IBMEC\/RJ. Mestrando em Direito e Pol\u00edticas P\u00fablicas pelo UNICEUB\/DF. Advogado com atua\u00e7\u00e3o profissional centrada no Direito Tribut\u00e1rio e no Direito Administrativo, especialmente na defesa de servidores p\u00fablicos.\",\"sameAs\":[\"http:\/\/www.imaciel.com.br\",\"https:\/\/www.facebook.com\/igor.maciel.1420\"],\"url\":\"https:\/\/www.estrategiaconcursos.com.br\/blog\/author\/contatoimaciel-com-br\/\"}]}<\/script>\n<!-- \/ Yoast SEO Premium plugin. -->","yoast_head_json":{"title":"Coronav\u00edrus: Impactos socioecon\u00f4micos, pol\u00edticos, culturais e ambientais","robots":{"index":"index","follow":"follow","max-snippet":"max-snippet:-1","max-image-preview":"max-image-preview:large","max-video-preview":"max-video-preview:-1"},"canonical":"https:\/\/www.estrategiaconcursos.com.br\/blog\/coronavirus-impactos-socioeconomicos-politicos-culturais-e-ambientais\/","og_locale":"pt_BR","og_type":"article","og_title":"Coronav\u00edrus: Impactos socioecon\u00f4micos, pol\u00edticos, culturais e ambientais","og_description":"Nos \u00faltimos dias, a not\u00edcia do crescente avan\u00e7o do coronav\u00edrus (COVID-19) no Brasil e no mundo est\u00e1 deixando todos em alerta. A Organiza\u00e7\u00e3o Mundial de Sa\u00fade (OMS) j\u00e1 considera a doen\u00e7a como uma pandemia, o que nos leva a redobrar os cuidados com a sa\u00fade a fim de evitar o cont\u00e1gio. Recentemente, o que afetou [&hellip;]","og_url":"https:\/\/www.estrategiaconcursos.com.br\/blog\/coronavirus-impactos-socioeconomicos-politicos-culturais-e-ambientais\/","og_site_name":"Estrat\u00e9gia Concursos","article_author":"https:\/\/www.facebook.com\/igor.maciel.1420","article_published_time":"2020-03-16T17:38:13+00:00","article_modified_time":"2023-08-18T13:21:34+00:00","author":"Igor Maciel","twitter_card":"summary_large_image","twitter_creator":"@EstratConcursos","twitter_site":"@EstratConcursos","twitter_misc":{"Escrito por":"Igor Maciel","Est. tempo de leitura":"1 minuto"},"schema":{"@context":"https:\/\/schema.org","@graph":[{"@type":"NewsArticle","@id":"https:\/\/www.estrategiaconcursos.com.br\/blog\/coronavirus-impactos-socioeconomicos-politicos-culturais-e-ambientais\/#article","isPartOf":{"@id":"https:\/\/www.estrategiaconcursos.com.br\/blog\/coronavirus-impactos-socioeconomicos-politicos-culturais-e-ambientais\/"},"author":{"name":"Igor Maciel","@id":"https:\/\/www.estrategiaconcursos.com.br\/blog\/#\/schema\/person\/024d26d5efb06d95dfc04025d7301591"},"headline":"Coronav\u00edrus: Impactos socioecon\u00f4micos, pol\u00edticos, culturais e ambientais","datePublished":"2020-03-16T17:38:13+00:00","dateModified":"2023-08-18T13:21:34+00:00","mainEntityOfPage":{"@id":"https:\/\/www.estrategiaconcursos.com.br\/blog\/coronavirus-impactos-socioeconomicos-politicos-culturais-e-ambientais\/"},"wordCount":196,"commentCount":0,"publisher":{"@id":"https:\/\/www.estrategiaconcursos.com.br\/blog\/#organization"},"articleSection":["Concursos P\u00fablicos"],"inLanguage":"pt-BR","potentialAction":[{"@type":"CommentAction","name":"Comment","target":["https:\/\/www.estrategiaconcursos.com.br\/blog\/coronavirus-impactos-socioeconomicos-politicos-culturais-e-ambientais\/#respond"]}],"copyrightYear":"2020","copyrightHolder":{"@id":"https:\/\/www.estrategiaconcursos.com.br\/blog\/#organization"}},{"@type":"WebPage","@id":"https:\/\/www.estrategiaconcursos.com.br\/blog\/coronavirus-impactos-socioeconomicos-politicos-culturais-e-ambientais\/","url":"https:\/\/www.estrategiaconcursos.com.br\/blog\/coronavirus-impactos-socioeconomicos-politicos-culturais-e-ambientais\/","name":"Coronav\u00edrus: Impactos socioecon\u00f4micos, pol\u00edticos, culturais e ambientais","isPartOf":{"@id":"https:\/\/www.estrategiaconcursos.com.br\/blog\/#website"},"datePublished":"2020-03-16T17:38:13+00:00","dateModified":"2023-08-18T13:21:34+00:00","breadcrumb":{"@id":"https:\/\/www.estrategiaconcursos.com.br\/blog\/coronavirus-impactos-socioeconomicos-politicos-culturais-e-ambientais\/#breadcrumb"},"inLanguage":"pt-BR","potentialAction":[{"@type":"ReadAction","target":["https:\/\/www.estrategiaconcursos.com.br\/blog\/coronavirus-impactos-socioeconomicos-politicos-culturais-e-ambientais\/"]}]},{"@type":"BreadcrumbList","@id":"https:\/\/www.estrategiaconcursos.com.br\/blog\/coronavirus-impactos-socioeconomicos-politicos-culturais-e-ambientais\/#breadcrumb","itemListElement":[{"@type":"ListItem","position":1,"name":"In\u00edcio","item":"https:\/\/www.estrategiaconcursos.com.br\/blog\/"},{"@type":"ListItem","position":2,"name":"Coronav\u00edrus: Impactos socioecon\u00f4micos, pol\u00edticos, culturais e ambientais"}]},{"@type":"WebSite","@id":"https:\/\/www.estrategiaconcursos.com.br\/blog\/#website","url":"https:\/\/www.estrategiaconcursos.com.br\/blog\/","name":"Estrat\u00e9gia Concursos","description":"O blog da Estrat\u00e9gia Concursos traz not\u00edcias sobre concursos e artigos de professores oferecendo cursos para concursos (pdf + videaulas) no site.","publisher":{"@id":"https:\/\/www.estrategiaconcursos.com.br\/blog\/#organization"},"potentialAction":[{"@type":"SearchAction","target":{"@type":"EntryPoint","urlTemplate":"https:\/\/www.estrategiaconcursos.com.br\/blog\/?s={search_term_string}"},"query-input":{"@type":"PropertyValueSpecification","valueRequired":true,"valueName":"search_term_string"}}],"inLanguage":"pt-BR"},{"@type":"Organization","@id":"https:\/\/www.estrategiaconcursos.com.br\/blog\/#organization","name":"Estrat\u00e9gia Concursos","url":"https:\/\/www.estrategiaconcursos.com.br\/blog\/","logo":{"@type":"ImageObject","inLanguage":"pt-BR","@id":"https:\/\/www.estrategiaconcursos.com.br\/blog\/#\/schema\/logo\/image\/","url":"https:\/\/dhg1h5j42swfq.cloudfront.net\/2025\/06\/03203428\/logo_concursos-1.jpg","contentUrl":"https:\/\/dhg1h5j42swfq.cloudfront.net\/2025\/06\/03203428\/logo_concursos-1.jpg","width":230,"height":60,"caption":"Estrat\u00e9gia Concursos"},"image":{"@id":"https:\/\/www.estrategiaconcursos.com.br\/blog\/#\/schema\/logo\/image\/"},"sameAs":["https:\/\/x.com\/EstratConcursos"]},{"@type":"Person","@id":"https:\/\/www.estrategiaconcursos.com.br\/blog\/#\/schema\/person\/024d26d5efb06d95dfc04025d7301591","name":"Igor Maciel","image":{"@type":"ImageObject","inLanguage":"pt-BR","@id":"https:\/\/secure.gravatar.com\/avatar\/e983a676af6facf4aebcb2989d49e3bf61b718712d5e7a4b3f355b7fe651bc2f?s=96&d=mm&r=g","url":"https:\/\/secure.gravatar.com\/avatar\/e983a676af6facf4aebcb2989d49e3bf61b718712d5e7a4b3f355b7fe651bc2f?s=96&d=mm&r=g","contentUrl":"https:\/\/secure.gravatar.com\/avatar\/e983a676af6facf4aebcb2989d49e3bf61b718712d5e7a4b3f355b7fe651bc2f?s=96&d=mm&r=g","caption":"Igor Maciel"},"description":"Graduado na Universidade Federal de Pernambuco, com extens\u00e3o na Universidade de Coimbra\/Portugal. Especialista LLM em Direito Corporativo pelo IBMEC\/RJ. Mestrando em Direito e Pol\u00edticas P\u00fablicas pelo UNICEUB\/DF. Advogado com atua\u00e7\u00e3o profissional centrada no Direito Tribut\u00e1rio e no Direito Administrativo, especialmente na defesa de servidores p\u00fablicos.","sameAs":["http:\/\/www.imaciel.com.br","https:\/\/www.facebook.com\/igor.maciel.1420"],"url":"https:\/\/www.estrategiaconcursos.com.br\/blog\/author\/contatoimaciel-com-br\/"}]}},"_links":{"self":[{"href":"https:\/\/www.estrategiaconcursos.com.br\/blog\/wp-json\/wp\/v2\/posts\/492771","targetHints":{"allow":["GET"]}}],"collection":[{"href":"https:\/\/www.estrategiaconcursos.com.br\/blog\/wp-json\/wp\/v2\/posts"}],"about":[{"href":"https:\/\/www.estrategiaconcursos.com.br\/blog\/wp-json\/wp\/v2\/types\/post"}],"author":[{"embeddable":true,"href":"https:\/\/www.estrategiaconcursos.com.br\/blog\/wp-json\/wp\/v2\/users\/317"}],"replies":[{"embeddable":true,"href":"https:\/\/www.estrategiaconcursos.com.br\/blog\/wp-json\/wp\/v2\/comments?post=492771"}],"version-history":[{"count":4,"href":"https:\/\/www.estrategiaconcursos.com.br\/blog\/wp-json\/wp\/v2\/posts\/492771\/revisions"}],"predecessor-version":[{"id":1266128,"href":"https:\/\/www.estrategiaconcursos.com.br\/blog\/wp-json\/wp\/v2\/posts\/492771\/revisions\/1266128"}],"wp:attachment":[{"href":"https:\/\/www.estrategiaconcursos.com.br\/blog\/wp-json\/wp\/v2\/media?parent=492771"}],"wp:term":[{"taxonomy":"category","embeddable":true,"href":"https:\/\/www.estrategiaconcursos.com.br\/blog\/wp-json\/wp\/v2\/categories?post=492771"},{"taxonomy":"post_tag","embeddable":true,"href":"https:\/\/www.estrategiaconcursos.com.br\/blog\/wp-json\/wp\/v2\/tags?post=492771"},{"taxonomy":"tax_estado","embeddable":true,"href":"https:\/\/www.estrategiaconcursos.com.br\/blog\/wp-json\/wp\/v2\/tax_estado?post=492771"}],"curies":[{"name":"wp","href":"https:\/\/api.w.org\/{rel}","templated":true}]}}