{"id":492691,"date":"2020-03-16T12:50:47","date_gmt":"2020-03-16T15:50:47","guid":{"rendered":"https:\/\/www.estrategiaconcursos.com.br\/blog\/?p=492691"},"modified":"2023-06-23T09:36:30","modified_gmt":"2023-06-23T12:36:30","slug":"edital-concurso-prefeitura-de-araguari","status":"publish","type":"post","link":"https:\/\/www.estrategiaconcursos.com.br\/blog\/edital-concurso-prefeitura-de-araguari\/","title":{"rendered":"Saiu edital do concurso Prefeitura de Araguari com 160 vagas"},"content":{"rendered":"\n<p>Foi publicado o edital do concurso p\u00fablico da Prefeitura de Araguari, munic\u00edpio do Estado de Minas Gerais. S\u00e3o ofertadas <strong>160 vagas<\/strong> distribu\u00eddas entre cargos de n\u00edvel fundamental, m\u00e9dio e superior.<\/p>\n\n\n\n<p>Os interessados em participar da sele\u00e7\u00e3o devem aguardar um novo cronograma que ser\u00e1 divulgado oportunamente, uma vez que <strong>o concurso encontra-se suspenso<\/strong>. As taxas foram definidas de acordo com o cargo pretendido, sendo:<\/p>\n\n\n\n<ul class=\"wp-block-list\">\n<li><strong>Cargos de n\u00edvel superior M\u00e9dicos<\/strong>: R$ 100,00 <\/li>\n\n\n\n<li><strong>Cargos de n\u00edvel superior demais cargos<\/strong>: R$ 80,00 <\/li>\n\n\n\n<li><strong>Cargos de n\u00edvel m\u00e9dio e fundamental:<\/strong> R$ 50,00 <\/li>\n<\/ul>\n\n\n\n<h2 class=\"wp-block-heading\" id=\"datas\">Principais datas<\/h2>\n\n\n\n<p class=\"has-very-light-gray-background-color has-background\"><strong>Inscri\u00e7\u00f5es<\/strong>: <s>14 de maio a 15 de junh<\/s>o SUSPENSAS<br \/><strong>Isen\u00e7\u00e3o da taxa<\/strong>: <s>14 a 19 de maio<\/s> SUSPENSA<br \/><strong>Prova<\/strong>: <s>12 de julho<\/s> SUSPENSA<\/p>\n\n\n\n<p class=\"has-text-align-center\"><em>Confira o aviso de suspens\u00e3o, publicado no Di\u00e1rio Oficial da Uni\u00e3o do dia 13 de maio:<\/em><\/p>\n\n\n\n<figure class=\"wp-block-image aligncenter size-large\"><img loading=\"lazy\" decoding=\"async\" width=\"811\" height=\"397\" src=\"https:\/\/dhg1h5j42swfq.cloudfront.net\/2020\/05\/13084143\/image-139.png\" alt=\"\" class=\"wp-image-514094\" srcset=\"https:\/\/dhg1h5j42swfq.cloudfront.net\/2020\/05\/13084143\/image-139.png 811w, https:\/\/dhg1h5j42swfq.cloudfront.net\/2020\/05\/13084143\/image-139-300x147.png 300w, https:\/\/dhg1h5j42swfq.cloudfront.net\/2020\/05\/13084143\/image-139-768x376.png 768w, https:\/\/dhg1h5j42swfq.cloudfront.net\/2020\/05\/13084143\/image-139-610x299.png 610w\" sizes=\"auto, (max-width: 811px) 100vw, 811px\" \/><\/figure>\n\n\n\n<h2 class=\"wp-block-heading\" id=\"cargos-vagas\">Cargos e vagas<\/h2>\n\n\n\n<h3 class=\"wp-block-heading\">N\u00edvel fundamental<\/h3>\n\n\n\n<figure class=\"wp-block-table is-style-stripes\"><table class=\"has-background has-fixed-layout\" style=\"background-color:#e7f5fe\"><tbody><tr><td><strong>CARGO<\/strong><\/td><td><strong>VAGAS<\/strong><\/td><td><strong>REMUNERA\u00c7\u00c3O<\/strong><\/td><\/tr><tr><td> Coveiro <\/td><td> 4 <\/td><td> R$ 1.045,00 <\/td><\/tr><tr><td> Servi\u00e7os Gerais <\/td><td> 4 <\/td><td> R$ 1.045,00 <\/td><\/tr><tr><td> Vigia <\/td><td> 4 <\/td><td> R$ 1.045,00 <\/td><\/tr><\/tbody><\/table><\/figure>\n\n\n\n<h3 class=\"wp-block-heading\">N\u00edvel m\u00e9dio<\/h3>\n\n\n\n<figure class=\"wp-block-table is-style-stripes\"><table class=\"has-background has-fixed-layout\" style=\"background-color:#e7f5fe\"><tbody><tr><td><strong>CARGO<\/strong><\/td><td><strong>VAGAS<\/strong><\/td><td><strong>REMUNERA\u00c7\u00c3O<\/strong><\/td><\/tr><tr><td> Agente Municipal de Tr\u00e2nsito <\/td><td> 4 <\/td><td> R$ 1.998,00 <\/td><\/tr><tr><td> Auxiliar Administrativo PROCON <\/td><td> 3 <\/td><td> R$ 1.045,00  <\/td><\/tr><tr><td> Auxiliar de Sa\u00fade Bucal  <\/td><td> 10 <\/td><td> R$ 1.045,00  <\/td><\/tr><tr><td> Cantineira <\/td><td> 21<\/td><td> R$ 1.045,00  <\/td><\/tr><tr><td> Cuidador Escolar <\/td><td> 21<\/td><td> R$ 1.250,00 <\/td><\/tr><tr><td> Recepcionista <\/td><td> 2<\/td><td> R$ 1.045,00  <\/td><\/tr><tr><td> T\u00e9cnico em Enfermagem <\/td><td> 21 <\/td><td> R$ 1.045,00  <\/td><\/tr><tr><td> T\u00e9cnico em Inform\u00e1tica <\/td><td> 2<\/td><td> R$ 1.771,44  <\/td><\/tr><\/tbody><\/table><\/figure>\n\n\n\n<h3 class=\"wp-block-heading\">N\u00edvel superior<\/h3>\n\n\n\n<figure class=\"wp-block-table is-style-stripes\"><table class=\"has-background has-fixed-layout\" style=\"background-color:#e7f5fe\"><tbody><tr><td><strong>CARGO<\/strong><\/td><td><strong>VAGAS<\/strong><\/td><td><strong>REMUNERA\u00c7\u00c3O<\/strong><\/td><\/tr><tr><td> Analista de Controle Interno  <\/td><td> 3<\/td><td> R$ 3.800,00  <\/td><\/tr><tr><td> Analista de Recursos Humanos <\/td><td> 2 <\/td><td> R$ 3.800,00  <\/td><\/tr><tr><td> Analista de Sistemas <\/td><td> 1 <\/td><td> R$ 3.800,00  <\/td><\/tr><tr><td> Assistente Social <\/td><td> 4 <\/td><td> R$ 1.337,61 \/ R$ 3.147,22  <\/td><\/tr><tr><td> Bi\u00f3logo <\/td><td> 1 <\/td><td> R$ 1.337,61 <\/td><\/tr><tr><td> Contador <\/td><td> 1 <\/td><td> R$ 3.800,00  <\/td><\/tr><tr><td> Educador F\u00edsico  <\/td><td> 1 <\/td><td> R$ 3.147,22 <\/td><\/tr><tr><td> Engenheiro Ambiental <\/td><td> 1 <\/td><td> R$ 3.800,00  <\/td><\/tr><tr><td> Engenheiro Eletricista <\/td><td> 1 <\/td><td> R$ 3.800,00  <\/td><\/tr><tr><td> Fonoaudi\u00f3logo <\/td><td> 4 <\/td><td> R$ 1.399,82 <\/td><\/tr><tr><td> M\u00e9dico (v\u00e1rios)<\/td><td> 21 <\/td><td> R$ 5.023,68 \/ R$ 6.258,01 <\/td><\/tr><tr><td> Pedagogo Social <\/td><td> 1 <\/td><td> R$ 1.337,61 <\/td><\/tr><tr><td> Psic\u00f3logo <\/td><td> 4 <\/td><td> R$ 1.337,61 \/ R$ 3.147,22 <\/td><\/tr><tr><td> Recreador <\/td><td> 19 <\/td><td> R$ 2.557,74 <\/td><\/tr><\/tbody><\/table><\/figure>\n\n\n\n<h2 class=\"wp-block-heading\" id=\"etapas\">Etapas e provas<\/h2>\n\n\n\n<p>O concurso da Prefeitura de Araguari ser\u00e1 constitu\u00eddo das seguintes etapas:<\/p>\n\n\n\n<ol class=\"wp-block-list\">\n<li><strong>Prova Objetiva<\/strong> &#8211; car\u00e1ter classificat\u00f3rio e eliminat\u00f3rio <\/li>\n\n\n\n<li><strong>Prova de T\u00edtulos<\/strong> &#8211; car\u00e1ter classificat\u00f3rio<\/li>\n\n\n\n<li><strong>Exame Psicot\u00e9cnico<\/strong> &#8211; car\u00e1ter eliminat\u00f3rio<\/li>\n\n\n\n<li><strong>Teste de Aptid\u00e3o F\u00edsica<\/strong> &#8211; car\u00e1ter eliminat\u00f3rio <\/li>\n\n\n\n<li><strong>Curso de Forma\u00e7\u00e3o<\/strong> &#8211; car\u00e1ter eliminat\u00f3rio<\/li>\n<\/ol>\n\n\n\n<h3 class=\"wp-block-heading\">Prova Objetiva<\/h3>\n\n\n\n<p>Ser\u00e1 aplicada prova objetiva, de car\u00e1ter eliminat\u00f3rio e classificat\u00f3rio, sendo a pontua\u00e7\u00e3o m\u00e1xima de 50 pontos para os cargos de todos os n\u00edveis de escolaridade. <\/p>\n\n\n\n<p>As quest\u00f5es ser\u00e3o de m\u00faltipla escolha (A, B, C, D) onde o candidato dever\u00e1 marcar somente um dos quatro campos da folha de resposta para que possa obter a pontua\u00e7\u00e3o do item que ser\u00e3o distribu\u00eddas entre as \u00e1reas de conhecimentos dispostas nos quadros a seguir: <\/p>\n\n\n\n<ul class=\"wp-block-list\">\n<li><strong>Coveiro; Servi\u00e7os Gerais; Vigia:<\/strong>\n<ul class=\"wp-block-list\">\n<li>L\u00edngua Portuguesa 10 2,0 <\/li>\n\n\n\n<li>Conhecimentos gerais 8 2,0 <\/li>\n\n\n\n<li>Racioc\u00ednio L\u00f3gico 7 2,0 <\/li>\n<\/ul>\n<\/li>\n<\/ul>\n\n\n\n<ul class=\"wp-block-list\">\n<li><strong>Agente Municipal de Tr\u00e2nsito; Cantineira; Recepcionista; T\u00e9cnico em Inform\u00e1tica:<\/strong>\n<ul class=\"wp-block-list\">\n<li>L\u00edngua Portuguesa 10 1,0 <\/li>\n\n\n\n<li>Conhecimentos gerais 8 1,0 <\/li>\n\n\n\n<li>Inform\u00e1tica 7 1,0 <\/li>\n\n\n\n<li>Racioc\u00ednio L\u00f3gico 5 1,0 <\/li>\n\n\n\n<li> Conhecimentos Espec\u00edficos 10 2,0 <\/li>\n<\/ul>\n<\/li>\n<\/ul>\n\n\n\n<ul class=\"wp-block-list\">\n<li><strong>Auxiliar de Sa\u00fade Bucal; T\u00e9cnico em Inform\u00e1tica; Fonoaudi\u00f3logo; M\u00e9dico (todos); Psic\u00f3logo:<\/strong>\n<ul class=\"wp-block-list\">\n<li>L\u00edngua Portuguesa 10 1,0 <\/li>\n\n\n\n<li>Conhecimentos gerais 06 1,0 <\/li>\n\n\n\n<li>Racioc\u00ednio L\u00f3gico 06 1,0 <\/li>\n\n\n\n<li>Sa\u00fade P\u00fablica 08 1,0 <\/li>\n\n\n\n<li>Conhecimentos Espec\u00edficos 10 3,0 <\/li>\n<\/ul>\n<\/li>\n<\/ul>\n\n\n\n<ul class=\"wp-block-list\">\n<li><strong>Pedagogo Social; Recreador e Cuidador Escolar:<\/strong>\n<ul class=\"wp-block-list\">\n<li>L\u00edngua Portuguesa 10 1,0 <\/li>\n\n\n\n<li>Conhecimentos gerais 06 1,0 <\/li>\n\n\n\n<li>Racioc\u00ednio L\u00f3gico 06 1,0 <\/li>\n\n\n\n<li>Did\u00e1ticas Pedag\u00f3gicas 08 1,0 <\/li>\n\n\n\n<li>Conhecimentos Espec\u00edficos 10 3,0 <\/li>\n<\/ul>\n<\/li>\n<\/ul>\n\n\n\n<ul class=\"wp-block-list\">\n<li><strong>Analista de Sistemas; Assistente Social; Assistente Social NASF e Educador F\u00edsico NASF:<\/strong>\n<ul class=\"wp-block-list\">\n<li>L\u00edngua Portuguesa 10 1,0 <\/li>\n\n\n\n<li>Conhecimentos gerais 06 1,0 <\/li>\n\n\n\n<li>Racioc\u00ednio L\u00f3gico 06 1,0 <\/li>\n\n\n\n<li>Legisla\u00e7\u00f5es 08 1,0 <\/li>\n\n\n\n<li>Conhecimentos Espec\u00edficos 10 3,0 <\/li>\n<\/ul>\n<\/li>\n<\/ul>\n\n\n\n<p>A Prova Objetiva ser\u00e1 aplicada em dois turnos:<\/p>\n\n\n\n<div class=\"wp-block-columns is-layout-flex wp-container-core-columns-is-layout-28f84493 wp-block-columns-is-layout-flex\">\n<div class=\"wp-block-column is-layout-flow wp-block-column-is-layout-flow\">\n<figure class=\"wp-block-table is-style-stripes\"><table class=\"has-background has-fixed-layout\" style=\"background-color:#e7f5fe\"><tbody><tr><td class=\"has-text-align-center\" data-align=\"center\"><strong>MANH\u00c3 &#8211; 09h \u00e0s 12h<\/strong><\/td><\/tr><tr><td class=\"has-text-align-center\" data-align=\"center\"> Agente Municipal de Tr\u00e2nsito <\/td><\/tr><tr><td class=\"has-text-align-center\" data-align=\"center\"> Analista de Recursos Humanos <\/td><\/tr><tr><td class=\"has-text-align-center\" data-align=\"center\"> Assistente Social <\/td><\/tr><tr><td class=\"has-text-align-center\" data-align=\"center\"> Auxiliar de Sa\u00fade Bucal <\/td><\/tr><tr><td class=\"has-text-align-center\" data-align=\"center\"> Cantineira <\/td><\/tr><tr><td class=\"has-text-align-center\" data-align=\"center\"> Coveiro <\/td><\/tr><tr><td class=\"has-text-align-center\" data-align=\"center\"> Pedagogo Social <\/td><\/tr><tr><td class=\"has-text-align-center\" data-align=\"center\"> Psic\u00f3logo <\/td><\/tr><tr><td class=\"has-text-align-center\" data-align=\"center\"> Recepcionista <\/td><\/tr><tr><td class=\"has-text-align-center\" data-align=\"center\"> Servi\u00e7os Gerais <\/td><\/tr><tr><td class=\"has-text-align-center\" data-align=\"center\"> T\u00e9cnico em Enfermagem <\/td><\/tr><tr><td class=\"has-text-align-center\" data-align=\"center\"> T\u00e9cnico em Inform\u00e1tica  <\/td><\/tr><tr><td class=\"has-text-align-center\" data-align=\"center\"> Vigia <\/td><\/tr><tr><td class=\"has-text-align-center\" data-align=\"center\">  Auxiliar Administrativo <\/td><\/tr><\/tbody><\/table><\/figure>\n<\/div>\n\n\n\n<div class=\"wp-block-column is-layout-flow wp-block-column-is-layout-flow\">\n<figure class=\"wp-block-table is-style-stripes\"><table class=\"has-background has-fixed-layout\" style=\"background-color:#e7f5fe\"><tbody><tr><td class=\"has-text-align-center\" data-align=\"center\"><strong>TARDE 14h \u00e0s 17h<\/strong><\/td><\/tr><tr><td class=\"has-text-align-center\" data-align=\"center\"> Analista de Controle Interno <\/td><\/tr><tr><td class=\"has-text-align-center\" data-align=\"center\"> Analista de Sistemas <\/td><\/tr><tr><td class=\"has-text-align-center\" data-align=\"center\"> Assistente Social <\/td><\/tr><tr><td class=\"has-text-align-center\" data-align=\"center\"> Cuidador Escolar <\/td><\/tr><tr><td class=\"has-text-align-center\" data-align=\"center\"> Bi\u00f3logo <\/td><\/tr><tr><td class=\"has-text-align-center\" data-align=\"center\"> Contador <\/td><\/tr><tr><td class=\"has-text-align-center\" data-align=\"center\"> Educador F\u00edsico <\/td><\/tr><tr><td class=\"has-text-align-center\" data-align=\"center\"> Engenheiro Ambiental <\/td><\/tr><tr><td class=\"has-text-align-center\" data-align=\"center\"> Engenheiro Eletricista <\/td><\/tr><tr><td class=\"has-text-align-center\" data-align=\"center\"> Fonoaudi\u00f3logo <\/td><\/tr><tr><td class=\"has-text-align-center\" data-align=\"center\"> M\u00e9dicos (todos) <\/td><\/tr><tr><td class=\"has-text-align-center\" data-align=\"center\"> Psic\u00f3logo <\/td><\/tr><tr><td class=\"has-text-align-center\" data-align=\"center\"> Recreador <\/td><\/tr><\/tbody><\/table><\/figure>\n<\/div>\n<\/div>\n\n\n\n<h3 class=\"wp-block-heading\">Prova de T\u00edtulos<\/h3>\n\n\n\n<p>Ser\u00e3o analisados para etapa t\u00edtulos as documenta\u00e7\u00f5es dos candidatos que se classificarem at\u00e9 a 30\u00aa posi\u00e7\u00e3o em seu respectivo cargo, j\u00e1 considerando os crit\u00e9rios de desempate. A Prova de T\u00edtulos valer\u00e1, no m\u00e1ximo, 05 pontos.  <\/p>\n\n\n\n<p>Para os cargos de n\u00edvel <strong>Superior <\/strong>em rela\u00e7\u00e3o \u00e0 Prova de T\u00edtulos, ser\u00e3o considerados: <\/p>\n\n\n\n<figure class=\"wp-block-image aligncenter size-large\"><img loading=\"lazy\" decoding=\"async\" width=\"937\" height=\"401\" src=\"https:\/\/dhg1h5j42swfq.cloudfront.net\/2020\/03\/16124539\/titulos-superior.jpg\" alt=\"\" class=\"wp-image-492722\" srcset=\"https:\/\/dhg1h5j42swfq.cloudfront.net\/2020\/03\/16124539\/titulos-superior.jpg 937w, https:\/\/dhg1h5j42swfq.cloudfront.net\/2020\/03\/16124539\/titulos-superior-300x128.jpg 300w, https:\/\/dhg1h5j42swfq.cloudfront.net\/2020\/03\/16124539\/titulos-superior-768x329.jpg 768w, https:\/\/dhg1h5j42swfq.cloudfront.net\/2020\/03\/16124539\/titulos-superior-610x261.jpg 610w\" sizes=\"auto, (max-width: 937px) 100vw, 937px\" \/><\/figure>\n\n\n\n<p>Para os cargos de n\u00edvel <strong>M\u00e9dio e Fundamental<\/strong> em rela\u00e7\u00e3o \u00e0 Prova de t\u00edtulos, ser\u00e3o considerados: <\/p>\n\n\n\n<figure class=\"wp-block-image aligncenter size-large\"><img loading=\"lazy\" decoding=\"async\" width=\"935\" height=\"163\" src=\"https:\/\/dhg1h5j42swfq.cloudfront.net\/2020\/03\/16124640\/titulos-medio-e-fundamental.jpg\" alt=\"\" class=\"wp-image-492723\" srcset=\"https:\/\/dhg1h5j42swfq.cloudfront.net\/2020\/03\/16124640\/titulos-medio-e-fundamental.jpg 935w, https:\/\/dhg1h5j42swfq.cloudfront.net\/2020\/03\/16124640\/titulos-medio-e-fundamental-300x52.jpg 300w, https:\/\/dhg1h5j42swfq.cloudfront.net\/2020\/03\/16124640\/titulos-medio-e-fundamental-768x134.jpg 768w, https:\/\/dhg1h5j42swfq.cloudfront.net\/2020\/03\/16124640\/titulos-medio-e-fundamental-610x106.jpg 610w\" sizes=\"auto, (max-width: 935px) 100vw, 935px\" \/><\/figure>\n\n\n\n<h3 class=\"wp-block-heading\">Prova de Aptid\u00e3o F\u00edsica<\/h3>\n\n\n\n<p>O teste de aptid\u00e3o f\u00edsica ser\u00e1 destinado aos candidatos que se inscreverem para os cargos de Agente Municipal de Tr\u00e2nsito. <\/p>\n\n\n\n<p>A prova de Teste de Aptid\u00e3o F\u00edsica, ser\u00e1 de car\u00e1ter eliminat\u00f3rio, visa avaliar a capacidade do candidato para desempenhar as atividades inerentes aos cargos, de realiza\u00e7\u00e3o obrigat\u00f3ria. <\/p>\n\n\n\n<p>Ser\u00e3o convocados para o Teste de Aptid\u00e3o F\u00edsica os candidatos aprovados e melhores classificados na Prova objetiva, considerando o quantitativo de at\u00e9 20 candidatos, j\u00e1 considerando os crit\u00e9rios de desempates aplic\u00e1veis ao cargo.  <\/p>\n\n\n\n<p class=\"has-text-align-center has-very-light-gray-background-color has-background has-medium-font-size\"><strong>Saiba mais: <a href=\"https:\/\/www.estrategiaconcursos.com.br\/blog\/concurso-prefeitura-de-araguari\/\" target=\"_blank\" rel=\"noreferrer noopener\" aria-label=\"Concurso Prefeitura de Araguari (abre numa nova aba)\">Concurso Prefeitura de Araguari<\/a><\/strong><\/p>\n\n\n\n<hr class=\"wp-block-separator has-css-opacity\"\/>\n\n\n\n<h2 class=\"wp-block-heading has-text-align-center\" id=\"cursos-assinatura\">Quer estudar para o concurso Prefeitura de Araguari?<\/h2>\n\n\n\n<p class=\"has-text-align-center\"><em>Gostou desta oportunidade e deseja come\u00e7ar se preparar agora mesmo? Ent\u00e3o, confira os nossos cursos e comece a estudar:<\/em><\/p>\n\n\n\n<p class=\"has-text-align-center has-light-green-cyan-background-color has-background\"><strong><a rel=\"noreferrer noopener\" href=\"https:\/\/www.estrategiaconcursos.com.br\/cursosPorConcurso\/prefeitura-municipal-de-araguari-mg\/\" target=\"_blank\">CURSO PREFEITURA DE ARAGUARI<\/a><\/strong><\/p>\n\n\n\n<p class=\"has-text-align-center has-medium-font-size\"><em><strong>Assinatura Anual Ilimitada*<\/strong><\/em><\/p>\n\n\n\n<p class=\"has-text-align-center\"><em>Prepare-se com o melhor material e com quem mais aprova em Concursos P\u00fablicos em todo o pa\u00eds. Assine agora a nossa Assinatura Anual e tenha acesso ilimitado* a todos os nossos cursos.<\/em><\/p>\n\n\n\n<p class=\"has-text-align-center has-luminous-vivid-amber-background-color has-background\" style=\"font-size:clamp(14.642px, 0.915rem + ((1vw - 3.2px) * 0.721), 22px);px\"><strong>ASSINE AGORA<\/strong>&nbsp;\u2013&nbsp;<strong><a rel=\"noreferrer noopener\" href=\"https:\/\/www.estrategiaconcursos.com.br\/assinaturas\" target=\"_blank\">Assinatura Ilimitada<\/a><\/strong><\/p>\n\n\n\n<p class=\"has-text-align-center has-medium-font-size\"><strong><em>Fique por dentro de todos os concursos<\/em><\/strong><\/p>\n\n\n\n<p class=\"has-text-align-center has-pale-cyan-blue-background-color has-background\" style=\"font-size:clamp(14.642px, 0.915rem + ((1vw - 3.2px) * 0.721), 22px);px\"><a href=\"https:\/\/www.estrategiaconcursos.com.br\/blog\/concursos-abertos\/\" target=\"_blank\" rel=\"noreferrer noopener\"><strong>CONCURSOS ABERTOS<\/strong><\/a><\/p>\n\n\n\n<figure class=\"wp-block-image\"><img loading=\"lazy\" decoding=\"async\" width=\"300\" height=\"102\" src=\"https:\/\/dhg1h5j42swfq.cloudfront.net\/2017\/03\/28152500\/coruja-ficha-tecnica-300x102.png\" alt=\"\" class=\"wp-image-68542\"\/><\/figure>\n\n\n\n<h3 class=\"wp-block-heading\" id=\"ficha-tecnica\"><strong>Informa\u00e7\u00f5es do c<\/strong>oncurso Prefeitura de Araguari-MG<\/h3>\n\n\n\n<p>\u25ba<strong>Provas<\/strong>: SUSPENSAS<br \/>\u25ba<strong>Vagas<\/strong>: 160<br \/>\u25ba<strong>Cargos<\/strong>: Diversos<br \/>\u25ba<strong>Banca<\/strong>: IADHED <br \/>\u25ba<strong>Escolaridade<\/strong>: N\u00edvel fundamental, m\u00e9dio e superior<br \/>\u25ba<strong>Edital<\/strong>:&nbsp;<a rel=\"noreferrer noopener\" aria-label=\"Edital Araguari (abre numa nova aba)\" href=\"https:\/\/dhg1h5j42swfq.cloudfront.net\/2020\/03\/16114922\/Araguari-MG.pdf\" target=\"_blank\">Edital Araguari<\/a><\/p>\n\n\n\n<p><em>Ascom Estrat\u00e9gia<\/em><br \/>ascomestrategia@gmail.com<\/p>\n","protected":false},"excerpt":{"rendered":"<p>Foi publicado o edital do concurso p\u00fablico da Prefeitura de Araguari, munic\u00edpio do Estado de Minas Gerais. S\u00e3o ofertadas 160 vagas distribu\u00eddas entre cargos de n\u00edvel fundamental, m\u00e9dio e superior. Os interessados em participar da sele\u00e7\u00e3o devem aguardar um novo cronograma que ser\u00e1 divulgado oportunamente, uma vez que o concurso encontra-se suspenso. As taxas foram [&hellip;]<\/p>\n","protected":false},"author":260,"featured_media":444277,"comment_status":"open","ping_status":"closed","sticky":false,"template":"","format":"standard","meta":{"post_tipo":"article","footnotes":""},"categories":[1],"tags":[],"tax_estado":[],"class_list":["post-492691","post","type-post","status-publish","format-standard","has-post-thumbnail","hentry","category-cursos-e-concursos"],"acf":[],"yoast_head":"<!-- This site is optimized with the Yoast SEO Premium plugin v27.2 (Yoast SEO v27.2) - https:\/\/yoast.com\/product\/yoast-seo-premium-wordpress\/ -->\n<title>Saiu edital do concurso Prefeitura de Araguari com 160 vagas<\/title>\n<meta name=\"description\" content=\"SAIU edital do concurso Prefeitura de Araguari com oferta de 160 vagas distribu\u00eddas entre cargos de n\u00edvel fundamental, m\u00e9dio e superior.\" \/>\n<meta name=\"robots\" content=\"index, follow, max-snippet:-1, max-image-preview:large, max-video-preview:-1\" \/>\n<link rel=\"canonical\" href=\"https:\/\/www.estrategiaconcursos.com.br\/blog\/edital-concurso-prefeitura-de-araguari\/\" \/>\n<meta property=\"og:locale\" content=\"pt_BR\" \/>\n<meta property=\"og:type\" content=\"article\" \/>\n<meta property=\"og:title\" content=\"Saiu edital do concurso Prefeitura de Araguari com 160 vagas\" \/>\n<meta property=\"og:description\" content=\"SAIU edital do concurso Prefeitura de Araguari com oferta de 160 vagas distribu\u00eddas entre cargos de n\u00edvel fundamental, m\u00e9dio e superior.\" \/>\n<meta property=\"og:url\" content=\"https:\/\/www.estrategiaconcursos.com.br\/blog\/edital-concurso-prefeitura-de-araguari\/\" \/>\n<meta property=\"og:site_name\" content=\"Estrat\u00e9gia Concursos\" \/>\n<meta property=\"article:published_time\" content=\"2020-03-16T15:50:47+00:00\" \/>\n<meta property=\"article:modified_time\" content=\"2023-06-23T12:36:30+00:00\" \/>\n<meta property=\"og:image\" content=\"https:\/\/dhg1h5j42swfq.cloudfront.net\/2019\/11\/05113857\/Saiu-Edital-5.png\" \/>\n\t<meta property=\"og:image:width\" content=\"1200\" \/>\n\t<meta property=\"og:image:height\" content=\"628\" \/>\n\t<meta property=\"og:image:type\" content=\"image\/png\" \/>\n<meta name=\"author\" content=\"Diego Cerqueira Berbert Vasconcelos\" \/>\n<meta name=\"twitter:card\" content=\"summary_large_image\" \/>\n<meta name=\"twitter:creator\" content=\"@EstratConcursos\" \/>\n<meta name=\"twitter:site\" content=\"@EstratConcursos\" \/>\n<meta name=\"twitter:label1\" content=\"Escrito por\" \/>\n\t<meta name=\"twitter:data1\" content=\"Diego Cerqueira Berbert Vasconcelos\" \/>\n\t<meta name=\"twitter:label2\" content=\"Est. tempo de leitura\" \/>\n\t<meta name=\"twitter:data2\" content=\"4 minutos\" \/>\n<script type=\"application\/ld+json\" class=\"yoast-schema-graph\">{\"@context\":\"https:\/\/schema.org\",\"@graph\":[{\"@type\":\"NewsArticle\",\"@id\":\"https:\/\/www.estrategiaconcursos.com.br\/blog\/edital-concurso-prefeitura-de-araguari\/#article\",\"isPartOf\":{\"@id\":\"https:\/\/www.estrategiaconcursos.com.br\/blog\/edital-concurso-prefeitura-de-araguari\/\"},\"author\":{\"name\":\"Diego Cerqueira Berbert Vasconcelos\",\"@id\":\"https:\/\/www.estrategiaconcursos.com.br\/blog\/#\/schema\/person\/7fbf898fd336f5ce58a961518beff68c\"},\"headline\":\"Saiu edital do concurso Prefeitura de Araguari com 160 vagas\",\"datePublished\":\"2020-03-16T15:50:47+00:00\",\"dateModified\":\"2023-06-23T12:36:30+00:00\",\"mainEntityOfPage\":{\"@id\":\"https:\/\/www.estrategiaconcursos.com.br\/blog\/edital-concurso-prefeitura-de-araguari\/\"},\"wordCount\":915,\"commentCount\":0,\"publisher\":{\"@id\":\"https:\/\/www.estrategiaconcursos.com.br\/blog\/#organization\"},\"image\":{\"@id\":\"https:\/\/www.estrategiaconcursos.com.br\/blog\/edital-concurso-prefeitura-de-araguari\/#primaryimage\"},\"thumbnailUrl\":\"https:\/\/dhg1h5j42swfq.cloudfront.net\/2019\/11\/05113857\/Saiu-Edital-5.png\",\"articleSection\":[\"Concursos P\u00fablicos\"],\"inLanguage\":\"pt-BR\",\"potentialAction\":[{\"@type\":\"CommentAction\",\"name\":\"Comment\",\"target\":[\"https:\/\/www.estrategiaconcursos.com.br\/blog\/edital-concurso-prefeitura-de-araguari\/#respond\"]}],\"copyrightYear\":\"2020\",\"copyrightHolder\":{\"@id\":\"https:\/\/www.estrategiaconcursos.com.br\/blog\/#organization\"}},{\"@type\":\"WebPage\",\"@id\":\"https:\/\/www.estrategiaconcursos.com.br\/blog\/edital-concurso-prefeitura-de-araguari\/\",\"url\":\"https:\/\/www.estrategiaconcursos.com.br\/blog\/edital-concurso-prefeitura-de-araguari\/\",\"name\":\"Saiu edital do concurso Prefeitura de Araguari com 160 vagas\",\"isPartOf\":{\"@id\":\"https:\/\/www.estrategiaconcursos.com.br\/blog\/#website\"},\"primaryImageOfPage\":{\"@id\":\"https:\/\/www.estrategiaconcursos.com.br\/blog\/edital-concurso-prefeitura-de-araguari\/#primaryimage\"},\"image\":{\"@id\":\"https:\/\/www.estrategiaconcursos.com.br\/blog\/edital-concurso-prefeitura-de-araguari\/#primaryimage\"},\"thumbnailUrl\":\"https:\/\/dhg1h5j42swfq.cloudfront.net\/2019\/11\/05113857\/Saiu-Edital-5.png\",\"datePublished\":\"2020-03-16T15:50:47+00:00\",\"dateModified\":\"2023-06-23T12:36:30+00:00\",\"description\":\"SAIU edital do concurso Prefeitura de Araguari com oferta de 160 vagas distribu\u00eddas entre cargos de n\u00edvel fundamental, m\u00e9dio e superior.\",\"breadcrumb\":{\"@id\":\"https:\/\/www.estrategiaconcursos.com.br\/blog\/edital-concurso-prefeitura-de-araguari\/#breadcrumb\"},\"inLanguage\":\"pt-BR\",\"potentialAction\":[{\"@type\":\"ReadAction\",\"target\":[\"https:\/\/www.estrategiaconcursos.com.br\/blog\/edital-concurso-prefeitura-de-araguari\/\"]}]},{\"@type\":\"ImageObject\",\"inLanguage\":\"pt-BR\",\"@id\":\"https:\/\/www.estrategiaconcursos.com.br\/blog\/edital-concurso-prefeitura-de-araguari\/#primaryimage\",\"url\":\"https:\/\/dhg1h5j42swfq.cloudfront.net\/2019\/11\/05113857\/Saiu-Edital-5.png\",\"contentUrl\":\"https:\/\/dhg1h5j42swfq.cloudfront.net\/2019\/11\/05113857\/Saiu-Edital-5.png\",\"width\":1200,\"height\":628,\"caption\":\"Edital CRF MA\"},{\"@type\":\"BreadcrumbList\",\"@id\":\"https:\/\/www.estrategiaconcursos.com.br\/blog\/edital-concurso-prefeitura-de-araguari\/#breadcrumb\",\"itemListElement\":[{\"@type\":\"ListItem\",\"position\":1,\"name\":\"In\u00edcio\",\"item\":\"https:\/\/www.estrategiaconcursos.com.br\/blog\/\"},{\"@type\":\"ListItem\",\"position\":2,\"name\":\"Saiu edital do concurso Prefeitura de Araguari com 160 vagas\"}]},{\"@type\":\"WebSite\",\"@id\":\"https:\/\/www.estrategiaconcursos.com.br\/blog\/#website\",\"url\":\"https:\/\/www.estrategiaconcursos.com.br\/blog\/\",\"name\":\"Estrat\u00e9gia Concursos\",\"description\":\"O blog da Estrat\u00e9gia Concursos traz not\u00edcias sobre concursos e artigos de professores oferecendo cursos para concursos (pdf + videaulas) no site.\",\"publisher\":{\"@id\":\"https:\/\/www.estrategiaconcursos.com.br\/blog\/#organization\"},\"potentialAction\":[{\"@type\":\"SearchAction\",\"target\":{\"@type\":\"EntryPoint\",\"urlTemplate\":\"https:\/\/www.estrategiaconcursos.com.br\/blog\/?s={search_term_string}\"},\"query-input\":{\"@type\":\"PropertyValueSpecification\",\"valueRequired\":true,\"valueName\":\"search_term_string\"}}],\"inLanguage\":\"pt-BR\"},{\"@type\":\"Organization\",\"@id\":\"https:\/\/www.estrategiaconcursos.com.br\/blog\/#organization\",\"name\":\"Estrat\u00e9gia Concursos\",\"url\":\"https:\/\/www.estrategiaconcursos.com.br\/blog\/\",\"logo\":{\"@type\":\"ImageObject\",\"inLanguage\":\"pt-BR\",\"@id\":\"https:\/\/www.estrategiaconcursos.com.br\/blog\/#\/schema\/logo\/image\/\",\"url\":\"https:\/\/dhg1h5j42swfq.cloudfront.net\/2025\/06\/03203428\/logo_concursos-1.jpg\",\"contentUrl\":\"https:\/\/dhg1h5j42swfq.cloudfront.net\/2025\/06\/03203428\/logo_concursos-1.jpg\",\"width\":230,\"height\":60,\"caption\":\"Estrat\u00e9gia Concursos\"},\"image\":{\"@id\":\"https:\/\/www.estrategiaconcursos.com.br\/blog\/#\/schema\/logo\/image\/\"},\"sameAs\":[\"https:\/\/x.com\/EstratConcursos\"]},{\"@type\":\"Person\",\"@id\":\"https:\/\/www.estrategiaconcursos.com.br\/blog\/#\/schema\/person\/7fbf898fd336f5ce58a961518beff68c\",\"name\":\"Diego Cerqueira Berbert Vasconcelos\",\"image\":{\"@type\":\"ImageObject\",\"inLanguage\":\"pt-BR\",\"@id\":\"https:\/\/secure.gravatar.com\/avatar\/ed2d045a7390980cad1a92d24dcc39d10ef55b88fcb9fb9c047979bf4ddeb1ce?s=96&d=mm&r=g\",\"url\":\"https:\/\/secure.gravatar.com\/avatar\/ed2d045a7390980cad1a92d24dcc39d10ef55b88fcb9fb9c047979bf4ddeb1ce?s=96&d=mm&r=g\",\"contentUrl\":\"https:\/\/secure.gravatar.com\/avatar\/ed2d045a7390980cad1a92d24dcc39d10ef55b88fcb9fb9c047979bf4ddeb1ce?s=96&d=mm&r=g\",\"caption\":\"Diego Cerqueira Berbert Vasconcelos\"},\"url\":\"https:\/\/www.estrategiaconcursos.com.br\/blog\/author\/diegocerqueiraestrategiaconcursos-com-br\/\"}]}<\/script>\n<!-- \/ Yoast SEO Premium plugin. -->","yoast_head_json":{"title":"Saiu edital do concurso Prefeitura de Araguari com 160 vagas","description":"SAIU edital do concurso Prefeitura de Araguari com oferta de 160 vagas distribu\u00eddas entre cargos de n\u00edvel fundamental, m\u00e9dio e superior.","robots":{"index":"index","follow":"follow","max-snippet":"max-snippet:-1","max-image-preview":"max-image-preview:large","max-video-preview":"max-video-preview:-1"},"canonical":"https:\/\/www.estrategiaconcursos.com.br\/blog\/edital-concurso-prefeitura-de-araguari\/","og_locale":"pt_BR","og_type":"article","og_title":"Saiu edital do concurso Prefeitura de Araguari com 160 vagas","og_description":"SAIU edital do concurso Prefeitura de Araguari com oferta de 160 vagas distribu\u00eddas entre cargos de n\u00edvel fundamental, m\u00e9dio e superior.","og_url":"https:\/\/www.estrategiaconcursos.com.br\/blog\/edital-concurso-prefeitura-de-araguari\/","og_site_name":"Estrat\u00e9gia Concursos","article_published_time":"2020-03-16T15:50:47+00:00","article_modified_time":"2023-06-23T12:36:30+00:00","og_image":[{"width":1200,"height":628,"url":"https:\/\/dhg1h5j42swfq.cloudfront.net\/2019\/11\/05113857\/Saiu-Edital-5.png","type":"image\/png"}],"author":"Diego Cerqueira Berbert Vasconcelos","twitter_card":"summary_large_image","twitter_creator":"@EstratConcursos","twitter_site":"@EstratConcursos","twitter_misc":{"Escrito por":"Diego Cerqueira Berbert Vasconcelos","Est. tempo de leitura":"4 minutos"},"schema":{"@context":"https:\/\/schema.org","@graph":[{"@type":"NewsArticle","@id":"https:\/\/www.estrategiaconcursos.com.br\/blog\/edital-concurso-prefeitura-de-araguari\/#article","isPartOf":{"@id":"https:\/\/www.estrategiaconcursos.com.br\/blog\/edital-concurso-prefeitura-de-araguari\/"},"author":{"name":"Diego Cerqueira Berbert Vasconcelos","@id":"https:\/\/www.estrategiaconcursos.com.br\/blog\/#\/schema\/person\/7fbf898fd336f5ce58a961518beff68c"},"headline":"Saiu edital do concurso Prefeitura de Araguari com 160 vagas","datePublished":"2020-03-16T15:50:47+00:00","dateModified":"2023-06-23T12:36:30+00:00","mainEntityOfPage":{"@id":"https:\/\/www.estrategiaconcursos.com.br\/blog\/edital-concurso-prefeitura-de-araguari\/"},"wordCount":915,"commentCount":0,"publisher":{"@id":"https:\/\/www.estrategiaconcursos.com.br\/blog\/#organization"},"image":{"@id":"https:\/\/www.estrategiaconcursos.com.br\/blog\/edital-concurso-prefeitura-de-araguari\/#primaryimage"},"thumbnailUrl":"https:\/\/dhg1h5j42swfq.cloudfront.net\/2019\/11\/05113857\/Saiu-Edital-5.png","articleSection":["Concursos P\u00fablicos"],"inLanguage":"pt-BR","potentialAction":[{"@type":"CommentAction","name":"Comment","target":["https:\/\/www.estrategiaconcursos.com.br\/blog\/edital-concurso-prefeitura-de-araguari\/#respond"]}],"copyrightYear":"2020","copyrightHolder":{"@id":"https:\/\/www.estrategiaconcursos.com.br\/blog\/#organization"}},{"@type":"WebPage","@id":"https:\/\/www.estrategiaconcursos.com.br\/blog\/edital-concurso-prefeitura-de-araguari\/","url":"https:\/\/www.estrategiaconcursos.com.br\/blog\/edital-concurso-prefeitura-de-araguari\/","name":"Saiu edital do concurso Prefeitura de Araguari com 160 vagas","isPartOf":{"@id":"https:\/\/www.estrategiaconcursos.com.br\/blog\/#website"},"primaryImageOfPage":{"@id":"https:\/\/www.estrategiaconcursos.com.br\/blog\/edital-concurso-prefeitura-de-araguari\/#primaryimage"},"image":{"@id":"https:\/\/www.estrategiaconcursos.com.br\/blog\/edital-concurso-prefeitura-de-araguari\/#primaryimage"},"thumbnailUrl":"https:\/\/dhg1h5j42swfq.cloudfront.net\/2019\/11\/05113857\/Saiu-Edital-5.png","datePublished":"2020-03-16T15:50:47+00:00","dateModified":"2023-06-23T12:36:30+00:00","description":"SAIU edital do concurso Prefeitura de Araguari com oferta de 160 vagas distribu\u00eddas entre cargos de n\u00edvel fundamental, m\u00e9dio e superior.","breadcrumb":{"@id":"https:\/\/www.estrategiaconcursos.com.br\/blog\/edital-concurso-prefeitura-de-araguari\/#breadcrumb"},"inLanguage":"pt-BR","potentialAction":[{"@type":"ReadAction","target":["https:\/\/www.estrategiaconcursos.com.br\/blog\/edital-concurso-prefeitura-de-araguari\/"]}]},{"@type":"ImageObject","inLanguage":"pt-BR","@id":"https:\/\/www.estrategiaconcursos.com.br\/blog\/edital-concurso-prefeitura-de-araguari\/#primaryimage","url":"https:\/\/dhg1h5j42swfq.cloudfront.net\/2019\/11\/05113857\/Saiu-Edital-5.png","contentUrl":"https:\/\/dhg1h5j42swfq.cloudfront.net\/2019\/11\/05113857\/Saiu-Edital-5.png","width":1200,"height":628,"caption":"Edital CRF MA"},{"@type":"BreadcrumbList","@id":"https:\/\/www.estrategiaconcursos.com.br\/blog\/edital-concurso-prefeitura-de-araguari\/#breadcrumb","itemListElement":[{"@type":"ListItem","position":1,"name":"In\u00edcio","item":"https:\/\/www.estrategiaconcursos.com.br\/blog\/"},{"@type":"ListItem","position":2,"name":"Saiu edital do concurso Prefeitura de Araguari com 160 vagas"}]},{"@type":"WebSite","@id":"https:\/\/www.estrategiaconcursos.com.br\/blog\/#website","url":"https:\/\/www.estrategiaconcursos.com.br\/blog\/","name":"Estrat\u00e9gia Concursos","description":"O blog da Estrat\u00e9gia Concursos traz not\u00edcias sobre concursos e artigos de professores oferecendo cursos para concursos (pdf + videaulas) no site.","publisher":{"@id":"https:\/\/www.estrategiaconcursos.com.br\/blog\/#organization"},"potentialAction":[{"@type":"SearchAction","target":{"@type":"EntryPoint","urlTemplate":"https:\/\/www.estrategiaconcursos.com.br\/blog\/?s={search_term_string}"},"query-input":{"@type":"PropertyValueSpecification","valueRequired":true,"valueName":"search_term_string"}}],"inLanguage":"pt-BR"},{"@type":"Organization","@id":"https:\/\/www.estrategiaconcursos.com.br\/blog\/#organization","name":"Estrat\u00e9gia Concursos","url":"https:\/\/www.estrategiaconcursos.com.br\/blog\/","logo":{"@type":"ImageObject","inLanguage":"pt-BR","@id":"https:\/\/www.estrategiaconcursos.com.br\/blog\/#\/schema\/logo\/image\/","url":"https:\/\/dhg1h5j42swfq.cloudfront.net\/2025\/06\/03203428\/logo_concursos-1.jpg","contentUrl":"https:\/\/dhg1h5j42swfq.cloudfront.net\/2025\/06\/03203428\/logo_concursos-1.jpg","width":230,"height":60,"caption":"Estrat\u00e9gia Concursos"},"image":{"@id":"https:\/\/www.estrategiaconcursos.com.br\/blog\/#\/schema\/logo\/image\/"},"sameAs":["https:\/\/x.com\/EstratConcursos"]},{"@type":"Person","@id":"https:\/\/www.estrategiaconcursos.com.br\/blog\/#\/schema\/person\/7fbf898fd336f5ce58a961518beff68c","name":"Diego Cerqueira Berbert Vasconcelos","image":{"@type":"ImageObject","inLanguage":"pt-BR","@id":"https:\/\/secure.gravatar.com\/avatar\/ed2d045a7390980cad1a92d24dcc39d10ef55b88fcb9fb9c047979bf4ddeb1ce?s=96&d=mm&r=g","url":"https:\/\/secure.gravatar.com\/avatar\/ed2d045a7390980cad1a92d24dcc39d10ef55b88fcb9fb9c047979bf4ddeb1ce?s=96&d=mm&r=g","contentUrl":"https:\/\/secure.gravatar.com\/avatar\/ed2d045a7390980cad1a92d24dcc39d10ef55b88fcb9fb9c047979bf4ddeb1ce?s=96&d=mm&r=g","caption":"Diego Cerqueira Berbert Vasconcelos"},"url":"https:\/\/www.estrategiaconcursos.com.br\/blog\/author\/diegocerqueiraestrategiaconcursos-com-br\/"}]}},"_links":{"self":[{"href":"https:\/\/www.estrategiaconcursos.com.br\/blog\/wp-json\/wp\/v2\/posts\/492691","targetHints":{"allow":["GET"]}}],"collection":[{"href":"https:\/\/www.estrategiaconcursos.com.br\/blog\/wp-json\/wp\/v2\/posts"}],"about":[{"href":"https:\/\/www.estrategiaconcursos.com.br\/blog\/wp-json\/wp\/v2\/types\/post"}],"author":[{"embeddable":true,"href":"https:\/\/www.estrategiaconcursos.com.br\/blog\/wp-json\/wp\/v2\/users\/260"}],"replies":[{"embeddable":true,"href":"https:\/\/www.estrategiaconcursos.com.br\/blog\/wp-json\/wp\/v2\/comments?post=492691"}],"version-history":[{"count":10,"href":"https:\/\/www.estrategiaconcursos.com.br\/blog\/wp-json\/wp\/v2\/posts\/492691\/revisions"}],"predecessor-version":[{"id":1237799,"href":"https:\/\/www.estrategiaconcursos.com.br\/blog\/wp-json\/wp\/v2\/posts\/492691\/revisions\/1237799"}],"wp:featuredmedia":[{"embeddable":true,"href":"https:\/\/www.estrategiaconcursos.com.br\/blog\/wp-json\/wp\/v2\/media\/444277"}],"wp:attachment":[{"href":"https:\/\/www.estrategiaconcursos.com.br\/blog\/wp-json\/wp\/v2\/media?parent=492691"}],"wp:term":[{"taxonomy":"category","embeddable":true,"href":"https:\/\/www.estrategiaconcursos.com.br\/blog\/wp-json\/wp\/v2\/categories?post=492691"},{"taxonomy":"post_tag","embeddable":true,"href":"https:\/\/www.estrategiaconcursos.com.br\/blog\/wp-json\/wp\/v2\/tags?post=492691"},{"taxonomy":"tax_estado","embeddable":true,"href":"https:\/\/www.estrategiaconcursos.com.br\/blog\/wp-json\/wp\/v2\/tax_estado?post=492691"}],"curies":[{"name":"wp","href":"https:\/\/api.w.org\/{rel}","templated":true}]}}