{"id":492557,"date":"2020-03-16T08:50:36","date_gmt":"2020-03-16T11:50:36","guid":{"rendered":"https:\/\/www.estrategiaconcursos.com.br\/blog\/?p=492557"},"modified":"2020-03-16T18:22:06","modified_gmt":"2020-03-16T21:22:06","slug":"prazo-prorrogado-concurso-procon-df","status":"publish","type":"post","link":"https:\/\/www.estrategiaconcursos.com.br\/blog\/prazo-prorrogado-concurso-procon-df\/","title":{"rendered":"Prazo para conclus\u00e3o dos estudos do concurso Procon DF \u00e9 PRORROGADO!"},"content":{"rendered":"\n<p>Foi publicada nesta segunda-feira, 16 de mar\u00e7o, uma portaria que prorroga os estudos do concurso Procon DF. Al\u00e9m disso, alguns membros pertencentes da comiss\u00e3o respons\u00e1vel foram reconduzidos. <\/p>\n\n\n\n<p>Os membros reconduzidos ser\u00e3o respons\u00e1veis por dar continuidade aos estudos j\u00e1 iniciados pela comiss\u00e3o do certame no final do ano passado. <\/p>\n\n\n\n<p>O prazo estipulado \u00e9 de at\u00e9 30 dias para conclus\u00e3o dos trabalhos do certame. Ap\u00f3s isso, ser\u00e3o apuradas as empresas interessadas em organizar o concurso. E, por fim, o edital ser\u00e1 publicado. <\/p>\n\n\n\n<p>Vale ressaltar que todo o processo at\u00e9 a divulga\u00e7\u00e3o do edital depende inteiramente da conclus\u00e3o dos trabalhos realizados pela comiss\u00e3o. Apesar de ainda n\u00e3o existir um n\u00famero de vagas e respectivos cargos que ser\u00e3o ofertados, a Lei de Diretrizes Or\u00e7ament\u00e1rias do estado prev\u00ea a oferta de <strong><em>25 vagas<\/em><\/strong>. <\/p>\n\n\n\n<p>O \u00faltimo concurso Procon DF ofertou 200 vagas para cargos como <strong>Analista de Atividade de Defesa do Consumidor<\/strong> e <strong>T\u00e9cnico de Atividade de Defesa do Consumidor<\/strong> de n\u00edvel m\u00e9dio e superior. A organiza\u00e7\u00e3o do certame ficou por conta do Instituto Americano de Desenvolvimento, o <strong>IADES<\/strong>. <\/p>\n\n\n\n<p class=\"has-text-align-center\"><em><strong>Quer saber mais informa\u00e7\u00f5es a respeito do concurso Procon DF? Acesse o link abaixo e veja tudo na \u00edntegra!!<\/strong><\/em><\/p>\n\n\n\n<p style=\"font-size:22px\" class=\"has-background has-text-align-center has-very-light-gray-background-color\"><strong>Saiba mais: <a href=\"https:\/\/www.estrategiaconcursos.com.br\/blog\/concurso-procon-df\/\" target=\"_blank\" rel=\"noreferrer noopener\" aria-label=\"concurso Procon DF (abre numa nova aba)\">concurso Procon DF<\/a><\/strong><\/p>\n\n\n\n<h2 class=\"has-text-align-center wp-block-heading\" id=\"cursos-assinatura\"><br \/><strong><em>Quer estudar para o Concurso Procon DF?<\/em><\/strong><\/h2>\n\n\n\n<p class=\"has-text-align-center\"><em>Gostou desta oportunidade e deseja come\u00e7ar se preparar agora mesmo? Ent\u00e3o, confira os nossos cursos e comece a estudar para PROCON DF:<\/em><\/p>\n\n\n\n<p style=\"font-size:22px\" class=\"has-background has-text-align-center has-luminous-vivid-amber-background-color\"><strong><a rel=\"noreferrer noopener\" href=\"https:\/\/www.estrategiaconcursos.com.br\/cursosPorConcurso\/instituto-de-defesa-do-consumidor-do-distrito-federal-procon-df\/\" target=\"_blank\">CURSO PROCON DF<\/a><\/strong><\/p>\n\n\n\n<p style=\"font-size:22px\" class=\"has-background has-text-align-center has-pale-cyan-blue-background-color\"><strong><a href=\"https:\/\/www.estrategiaconcursos.com.br\/blog\/concursos-abertos\/\" target=\"_blank\" rel=\"noreferrer noopener\">CONCURSOS ABERTOS<\/a><\/strong><\/p>\n\n\n\n<p style=\"font-size:22px\" class=\"has-background has-text-align-center has-pale-cyan-blue-background-color\"><strong><a rel=\"noreferrer noopener\" href=\"https:\/\/www.estrategiaconcursos.com.br\/blog\/concursos-2020\/\" target=\"_blank\">CONCURSOS&nbsp;2020<\/a><\/strong><\/p>\n","protected":false},"excerpt":{"rendered":"<p>Foi publicada nesta segunda-feira, 16 de mar\u00e7o, uma portaria que prorroga os estudos do concurso Procon DF. Al\u00e9m disso, alguns membros pertencentes da comiss\u00e3o respons\u00e1vel foram reconduzidos. Os membros reconduzidos ser\u00e3o respons\u00e1veis por dar continuidade aos estudos j\u00e1 iniciados pela comiss\u00e3o do certame no final do ano passado. O prazo estipulado \u00e9 de at\u00e9 30 [&hellip;]<\/p>\n","protected":false},"author":248,"featured_media":380612,"comment_status":"open","ping_status":"closed","sticky":false,"template":"","format":"standard","meta":{"post_tipo":"article","footnotes":""},"categories":[1],"tags":[],"tax_estado":[],"class_list":["post-492557","post","type-post","status-publish","format-standard","has-post-thumbnail","hentry","category-cursos-e-concursos"],"acf":[],"yoast_head":"<!-- This site is optimized with the Yoast SEO Premium plugin v27.2 (Yoast SEO v27.2) - https:\/\/yoast.com\/product\/yoast-seo-premium-wordpress\/ -->\n<title>Prazo para conclus\u00e3o dos estudos do concurso Procon DF \u00e9 PRORROGADO!<\/title>\n<meta name=\"robots\" content=\"index, follow, max-snippet:-1, max-image-preview:large, max-video-preview:-1\" \/>\n<link rel=\"canonical\" href=\"https:\/\/www.estrategiaconcursos.com.br\/blog\/prazo-prorrogado-concurso-procon-df\/\" \/>\n<meta property=\"og:locale\" content=\"pt_BR\" \/>\n<meta property=\"og:type\" content=\"article\" \/>\n<meta property=\"og:title\" content=\"Prazo para conclus\u00e3o dos estudos do concurso Procon DF \u00e9 PRORROGADO!\" \/>\n<meta property=\"og:description\" content=\"Foi publicada nesta segunda-feira, 16 de mar\u00e7o, uma portaria que prorroga os estudos do concurso Procon DF. Al\u00e9m disso, alguns membros pertencentes da comiss\u00e3o respons\u00e1vel foram reconduzidos. Os membros reconduzidos ser\u00e3o respons\u00e1veis por dar continuidade aos estudos j\u00e1 iniciados pela comiss\u00e3o do certame no final do ano passado. O prazo estipulado \u00e9 de at\u00e9 30 [&hellip;]\" \/>\n<meta property=\"og:url\" content=\"https:\/\/www.estrategiaconcursos.com.br\/blog\/prazo-prorrogado-concurso-procon-df\/\" \/>\n<meta property=\"og:site_name\" content=\"Estrat\u00e9gia Concursos\" \/>\n<meta property=\"article:published_time\" content=\"2020-03-16T11:50:36+00:00\" \/>\n<meta property=\"article:modified_time\" content=\"2020-03-16T21:22:06+00:00\" \/>\n<meta property=\"og:image\" content=\"https:\/\/dhg1h5j42swfq.cloudfront.net\/2019\/05\/30114409\/PROCON-DF-e1559227456337.jpg\" \/>\n\t<meta property=\"og:image:width\" content=\"400\" \/>\n\t<meta property=\"og:image:height\" content=\"209\" \/>\n\t<meta property=\"og:image:type\" content=\"image\/jpeg\" \/>\n<meta name=\"author\" content=\"Marcos Gir\u00e3o\" \/>\n<meta name=\"twitter:card\" content=\"summary_large_image\" \/>\n<meta name=\"twitter:creator\" content=\"@EstratConcursos\" \/>\n<meta name=\"twitter:site\" content=\"@EstratConcursos\" \/>\n<meta name=\"twitter:label1\" content=\"Escrito por\" \/>\n\t<meta name=\"twitter:data1\" content=\"Marcos Gir\u00e3o\" \/>\n\t<meta name=\"twitter:label2\" content=\"Est. tempo de leitura\" \/>\n\t<meta name=\"twitter:data2\" content=\"1 minuto\" \/>\n<script type=\"application\/ld+json\" class=\"yoast-schema-graph\">{\"@context\":\"https:\/\/schema.org\",\"@graph\":[{\"@type\":\"NewsArticle\",\"@id\":\"https:\/\/www.estrategiaconcursos.com.br\/blog\/prazo-prorrogado-concurso-procon-df\/#article\",\"isPartOf\":{\"@id\":\"https:\/\/www.estrategiaconcursos.com.br\/blog\/prazo-prorrogado-concurso-procon-df\/\"},\"author\":{\"name\":\"Marcos Gir\u00e3o\",\"@id\":\"https:\/\/www.estrategiaconcursos.com.br\/blog\/#\/schema\/person\/6be195b7a02a8ca214472b848686bb37\"},\"headline\":\"Prazo para conclus\u00e3o dos estudos do concurso Procon DF \u00e9 PRORROGADO!\",\"datePublished\":\"2020-03-16T11:50:36+00:00\",\"dateModified\":\"2020-03-16T21:22:06+00:00\",\"mainEntityOfPage\":{\"@id\":\"https:\/\/www.estrategiaconcursos.com.br\/blog\/prazo-prorrogado-concurso-procon-df\/\"},\"wordCount\":264,\"commentCount\":0,\"publisher\":{\"@id\":\"https:\/\/www.estrategiaconcursos.com.br\/blog\/#organization\"},\"image\":{\"@id\":\"https:\/\/www.estrategiaconcursos.com.br\/blog\/prazo-prorrogado-concurso-procon-df\/#primaryimage\"},\"thumbnailUrl\":\"https:\/\/dhg1h5j42swfq.cloudfront.net\/2019\/05\/30114409\/PROCON-DF-e1559227456337.jpg\",\"articleSection\":[\"Concursos P\u00fablicos\"],\"inLanguage\":\"pt-BR\",\"potentialAction\":[{\"@type\":\"CommentAction\",\"name\":\"Comment\",\"target\":[\"https:\/\/www.estrategiaconcursos.com.br\/blog\/prazo-prorrogado-concurso-procon-df\/#respond\"]}],\"copyrightYear\":\"2020\",\"copyrightHolder\":{\"@id\":\"https:\/\/www.estrategiaconcursos.com.br\/blog\/#organization\"}},{\"@type\":\"WebPage\",\"@id\":\"https:\/\/www.estrategiaconcursos.com.br\/blog\/prazo-prorrogado-concurso-procon-df\/\",\"url\":\"https:\/\/www.estrategiaconcursos.com.br\/blog\/prazo-prorrogado-concurso-procon-df\/\",\"name\":\"Prazo para conclus\u00e3o dos estudos do concurso Procon DF \u00e9 PRORROGADO!\",\"isPartOf\":{\"@id\":\"https:\/\/www.estrategiaconcursos.com.br\/blog\/#website\"},\"primaryImageOfPage\":{\"@id\":\"https:\/\/www.estrategiaconcursos.com.br\/blog\/prazo-prorrogado-concurso-procon-df\/#primaryimage\"},\"image\":{\"@id\":\"https:\/\/www.estrategiaconcursos.com.br\/blog\/prazo-prorrogado-concurso-procon-df\/#primaryimage\"},\"thumbnailUrl\":\"https:\/\/dhg1h5j42swfq.cloudfront.net\/2019\/05\/30114409\/PROCON-DF-e1559227456337.jpg\",\"datePublished\":\"2020-03-16T11:50:36+00:00\",\"dateModified\":\"2020-03-16T21:22:06+00:00\",\"breadcrumb\":{\"@id\":\"https:\/\/www.estrategiaconcursos.com.br\/blog\/prazo-prorrogado-concurso-procon-df\/#breadcrumb\"},\"inLanguage\":\"pt-BR\",\"potentialAction\":[{\"@type\":\"ReadAction\",\"target\":[\"https:\/\/www.estrategiaconcursos.com.br\/blog\/prazo-prorrogado-concurso-procon-df\/\"]}]},{\"@type\":\"ImageObject\",\"inLanguage\":\"pt-BR\",\"@id\":\"https:\/\/www.estrategiaconcursos.com.br\/blog\/prazo-prorrogado-concurso-procon-df\/#primaryimage\",\"url\":\"https:\/\/dhg1h5j42swfq.cloudfront.net\/2019\/05\/30114409\/PROCON-DF-e1559227456337.jpg\",\"contentUrl\":\"https:\/\/dhg1h5j42swfq.cloudfront.net\/2019\/05\/30114409\/PROCON-DF-e1559227456337.jpg\",\"width\":400,\"height\":209,\"caption\":\"Concurso Procon DF 2021\"},{\"@type\":\"BreadcrumbList\",\"@id\":\"https:\/\/www.estrategiaconcursos.com.br\/blog\/prazo-prorrogado-concurso-procon-df\/#breadcrumb\",\"itemListElement\":[{\"@type\":\"ListItem\",\"position\":1,\"name\":\"In\u00edcio\",\"item\":\"https:\/\/www.estrategiaconcursos.com.br\/blog\/\"},{\"@type\":\"ListItem\",\"position\":2,\"name\":\"Prazo para conclus\u00e3o dos estudos do concurso Procon DF \u00e9 PRORROGADO!\"}]},{\"@type\":\"WebSite\",\"@id\":\"https:\/\/www.estrategiaconcursos.com.br\/blog\/#website\",\"url\":\"https:\/\/www.estrategiaconcursos.com.br\/blog\/\",\"name\":\"Estrat\u00e9gia Concursos\",\"description\":\"O blog da Estrat\u00e9gia Concursos traz not\u00edcias sobre concursos e artigos de professores oferecendo cursos para concursos (pdf + videaulas) no site.\",\"publisher\":{\"@id\":\"https:\/\/www.estrategiaconcursos.com.br\/blog\/#organization\"},\"potentialAction\":[{\"@type\":\"SearchAction\",\"target\":{\"@type\":\"EntryPoint\",\"urlTemplate\":\"https:\/\/www.estrategiaconcursos.com.br\/blog\/?s={search_term_string}\"},\"query-input\":{\"@type\":\"PropertyValueSpecification\",\"valueRequired\":true,\"valueName\":\"search_term_string\"}}],\"inLanguage\":\"pt-BR\"},{\"@type\":\"Organization\",\"@id\":\"https:\/\/www.estrategiaconcursos.com.br\/blog\/#organization\",\"name\":\"Estrat\u00e9gia Concursos\",\"url\":\"https:\/\/www.estrategiaconcursos.com.br\/blog\/\",\"logo\":{\"@type\":\"ImageObject\",\"inLanguage\":\"pt-BR\",\"@id\":\"https:\/\/www.estrategiaconcursos.com.br\/blog\/#\/schema\/logo\/image\/\",\"url\":\"https:\/\/dhg1h5j42swfq.cloudfront.net\/2025\/06\/03203428\/logo_concursos-1.jpg\",\"contentUrl\":\"https:\/\/dhg1h5j42swfq.cloudfront.net\/2025\/06\/03203428\/logo_concursos-1.jpg\",\"width\":230,\"height\":60,\"caption\":\"Estrat\u00e9gia Concursos\"},\"image\":{\"@id\":\"https:\/\/www.estrategiaconcursos.com.br\/blog\/#\/schema\/logo\/image\/\"},\"sameAs\":[\"https:\/\/x.com\/EstratConcursos\"]},{\"@type\":\"Person\",\"@id\":\"https:\/\/www.estrategiaconcursos.com.br\/blog\/#\/schema\/person\/6be195b7a02a8ca214472b848686bb37\",\"name\":\"Marcos Gir\u00e3o\",\"image\":{\"@type\":\"ImageObject\",\"inLanguage\":\"pt-BR\",\"@id\":\"https:\/\/secure.gravatar.com\/avatar\/ac5b9a36e2c99a8280e07b5763e3b764471d5b861c47521bfd2edffdfbb06fbd?s=96&d=mm&r=g\",\"url\":\"https:\/\/secure.gravatar.com\/avatar\/ac5b9a36e2c99a8280e07b5763e3b764471d5b861c47521bfd2edffdfbb06fbd?s=96&d=mm&r=g\",\"contentUrl\":\"https:\/\/secure.gravatar.com\/avatar\/ac5b9a36e2c99a8280e07b5763e3b764471d5b861c47521bfd2edffdfbb06fbd?s=96&d=mm&r=g\",\"caption\":\"Marcos Gir\u00e3o\"},\"url\":\"https:\/\/www.estrategiaconcursos.com.br\/blog\/author\/marcosgiraoestrategiaconcursos-com-br\/\"}]}<\/script>\n<!-- \/ Yoast SEO Premium plugin. -->","yoast_head_json":{"title":"Prazo para conclus\u00e3o dos estudos do concurso Procon DF \u00e9 PRORROGADO!","robots":{"index":"index","follow":"follow","max-snippet":"max-snippet:-1","max-image-preview":"max-image-preview:large","max-video-preview":"max-video-preview:-1"},"canonical":"https:\/\/www.estrategiaconcursos.com.br\/blog\/prazo-prorrogado-concurso-procon-df\/","og_locale":"pt_BR","og_type":"article","og_title":"Prazo para conclus\u00e3o dos estudos do concurso Procon DF \u00e9 PRORROGADO!","og_description":"Foi publicada nesta segunda-feira, 16 de mar\u00e7o, uma portaria que prorroga os estudos do concurso Procon DF. Al\u00e9m disso, alguns membros pertencentes da comiss\u00e3o respons\u00e1vel foram reconduzidos. Os membros reconduzidos ser\u00e3o respons\u00e1veis por dar continuidade aos estudos j\u00e1 iniciados pela comiss\u00e3o do certame no final do ano passado. O prazo estipulado \u00e9 de at\u00e9 30 [&hellip;]","og_url":"https:\/\/www.estrategiaconcursos.com.br\/blog\/prazo-prorrogado-concurso-procon-df\/","og_site_name":"Estrat\u00e9gia Concursos","article_published_time":"2020-03-16T11:50:36+00:00","article_modified_time":"2020-03-16T21:22:06+00:00","og_image":[{"width":400,"height":209,"url":"https:\/\/dhg1h5j42swfq.cloudfront.net\/2019\/05\/30114409\/PROCON-DF-e1559227456337.jpg","type":"image\/jpeg"}],"author":"Marcos Gir\u00e3o","twitter_card":"summary_large_image","twitter_creator":"@EstratConcursos","twitter_site":"@EstratConcursos","twitter_misc":{"Escrito por":"Marcos Gir\u00e3o","Est. tempo de leitura":"1 minuto"},"schema":{"@context":"https:\/\/schema.org","@graph":[{"@type":"NewsArticle","@id":"https:\/\/www.estrategiaconcursos.com.br\/blog\/prazo-prorrogado-concurso-procon-df\/#article","isPartOf":{"@id":"https:\/\/www.estrategiaconcursos.com.br\/blog\/prazo-prorrogado-concurso-procon-df\/"},"author":{"name":"Marcos Gir\u00e3o","@id":"https:\/\/www.estrategiaconcursos.com.br\/blog\/#\/schema\/person\/6be195b7a02a8ca214472b848686bb37"},"headline":"Prazo para conclus\u00e3o dos estudos do concurso Procon DF \u00e9 PRORROGADO!","datePublished":"2020-03-16T11:50:36+00:00","dateModified":"2020-03-16T21:22:06+00:00","mainEntityOfPage":{"@id":"https:\/\/www.estrategiaconcursos.com.br\/blog\/prazo-prorrogado-concurso-procon-df\/"},"wordCount":264,"commentCount":0,"publisher":{"@id":"https:\/\/www.estrategiaconcursos.com.br\/blog\/#organization"},"image":{"@id":"https:\/\/www.estrategiaconcursos.com.br\/blog\/prazo-prorrogado-concurso-procon-df\/#primaryimage"},"thumbnailUrl":"https:\/\/dhg1h5j42swfq.cloudfront.net\/2019\/05\/30114409\/PROCON-DF-e1559227456337.jpg","articleSection":["Concursos P\u00fablicos"],"inLanguage":"pt-BR","potentialAction":[{"@type":"CommentAction","name":"Comment","target":["https:\/\/www.estrategiaconcursos.com.br\/blog\/prazo-prorrogado-concurso-procon-df\/#respond"]}],"copyrightYear":"2020","copyrightHolder":{"@id":"https:\/\/www.estrategiaconcursos.com.br\/blog\/#organization"}},{"@type":"WebPage","@id":"https:\/\/www.estrategiaconcursos.com.br\/blog\/prazo-prorrogado-concurso-procon-df\/","url":"https:\/\/www.estrategiaconcursos.com.br\/blog\/prazo-prorrogado-concurso-procon-df\/","name":"Prazo para conclus\u00e3o dos estudos do concurso Procon DF \u00e9 PRORROGADO!","isPartOf":{"@id":"https:\/\/www.estrategiaconcursos.com.br\/blog\/#website"},"primaryImageOfPage":{"@id":"https:\/\/www.estrategiaconcursos.com.br\/blog\/prazo-prorrogado-concurso-procon-df\/#primaryimage"},"image":{"@id":"https:\/\/www.estrategiaconcursos.com.br\/blog\/prazo-prorrogado-concurso-procon-df\/#primaryimage"},"thumbnailUrl":"https:\/\/dhg1h5j42swfq.cloudfront.net\/2019\/05\/30114409\/PROCON-DF-e1559227456337.jpg","datePublished":"2020-03-16T11:50:36+00:00","dateModified":"2020-03-16T21:22:06+00:00","breadcrumb":{"@id":"https:\/\/www.estrategiaconcursos.com.br\/blog\/prazo-prorrogado-concurso-procon-df\/#breadcrumb"},"inLanguage":"pt-BR","potentialAction":[{"@type":"ReadAction","target":["https:\/\/www.estrategiaconcursos.com.br\/blog\/prazo-prorrogado-concurso-procon-df\/"]}]},{"@type":"ImageObject","inLanguage":"pt-BR","@id":"https:\/\/www.estrategiaconcursos.com.br\/blog\/prazo-prorrogado-concurso-procon-df\/#primaryimage","url":"https:\/\/dhg1h5j42swfq.cloudfront.net\/2019\/05\/30114409\/PROCON-DF-e1559227456337.jpg","contentUrl":"https:\/\/dhg1h5j42swfq.cloudfront.net\/2019\/05\/30114409\/PROCON-DF-e1559227456337.jpg","width":400,"height":209,"caption":"Concurso Procon DF 2021"},{"@type":"BreadcrumbList","@id":"https:\/\/www.estrategiaconcursos.com.br\/blog\/prazo-prorrogado-concurso-procon-df\/#breadcrumb","itemListElement":[{"@type":"ListItem","position":1,"name":"In\u00edcio","item":"https:\/\/www.estrategiaconcursos.com.br\/blog\/"},{"@type":"ListItem","position":2,"name":"Prazo para conclus\u00e3o dos estudos do concurso Procon DF \u00e9 PRORROGADO!"}]},{"@type":"WebSite","@id":"https:\/\/www.estrategiaconcursos.com.br\/blog\/#website","url":"https:\/\/www.estrategiaconcursos.com.br\/blog\/","name":"Estrat\u00e9gia Concursos","description":"O blog da Estrat\u00e9gia Concursos traz not\u00edcias sobre concursos e artigos de professores oferecendo cursos para concursos (pdf + videaulas) no site.","publisher":{"@id":"https:\/\/www.estrategiaconcursos.com.br\/blog\/#organization"},"potentialAction":[{"@type":"SearchAction","target":{"@type":"EntryPoint","urlTemplate":"https:\/\/www.estrategiaconcursos.com.br\/blog\/?s={search_term_string}"},"query-input":{"@type":"PropertyValueSpecification","valueRequired":true,"valueName":"search_term_string"}}],"inLanguage":"pt-BR"},{"@type":"Organization","@id":"https:\/\/www.estrategiaconcursos.com.br\/blog\/#organization","name":"Estrat\u00e9gia Concursos","url":"https:\/\/www.estrategiaconcursos.com.br\/blog\/","logo":{"@type":"ImageObject","inLanguage":"pt-BR","@id":"https:\/\/www.estrategiaconcursos.com.br\/blog\/#\/schema\/logo\/image\/","url":"https:\/\/dhg1h5j42swfq.cloudfront.net\/2025\/06\/03203428\/logo_concursos-1.jpg","contentUrl":"https:\/\/dhg1h5j42swfq.cloudfront.net\/2025\/06\/03203428\/logo_concursos-1.jpg","width":230,"height":60,"caption":"Estrat\u00e9gia Concursos"},"image":{"@id":"https:\/\/www.estrategiaconcursos.com.br\/blog\/#\/schema\/logo\/image\/"},"sameAs":["https:\/\/x.com\/EstratConcursos"]},{"@type":"Person","@id":"https:\/\/www.estrategiaconcursos.com.br\/blog\/#\/schema\/person\/6be195b7a02a8ca214472b848686bb37","name":"Marcos Gir\u00e3o","image":{"@type":"ImageObject","inLanguage":"pt-BR","@id":"https:\/\/secure.gravatar.com\/avatar\/ac5b9a36e2c99a8280e07b5763e3b764471d5b861c47521bfd2edffdfbb06fbd?s=96&d=mm&r=g","url":"https:\/\/secure.gravatar.com\/avatar\/ac5b9a36e2c99a8280e07b5763e3b764471d5b861c47521bfd2edffdfbb06fbd?s=96&d=mm&r=g","contentUrl":"https:\/\/secure.gravatar.com\/avatar\/ac5b9a36e2c99a8280e07b5763e3b764471d5b861c47521bfd2edffdfbb06fbd?s=96&d=mm&r=g","caption":"Marcos Gir\u00e3o"},"url":"https:\/\/www.estrategiaconcursos.com.br\/blog\/author\/marcosgiraoestrategiaconcursos-com-br\/"}]}},"_links":{"self":[{"href":"https:\/\/www.estrategiaconcursos.com.br\/blog\/wp-json\/wp\/v2\/posts\/492557","targetHints":{"allow":["GET"]}}],"collection":[{"href":"https:\/\/www.estrategiaconcursos.com.br\/blog\/wp-json\/wp\/v2\/posts"}],"about":[{"href":"https:\/\/www.estrategiaconcursos.com.br\/blog\/wp-json\/wp\/v2\/types\/post"}],"author":[{"embeddable":true,"href":"https:\/\/www.estrategiaconcursos.com.br\/blog\/wp-json\/wp\/v2\/users\/248"}],"replies":[{"embeddable":true,"href":"https:\/\/www.estrategiaconcursos.com.br\/blog\/wp-json\/wp\/v2\/comments?post=492557"}],"version-history":[{"count":2,"href":"https:\/\/www.estrategiaconcursos.com.br\/blog\/wp-json\/wp\/v2\/posts\/492557\/revisions"}],"predecessor-version":[{"id":492909,"href":"https:\/\/www.estrategiaconcursos.com.br\/blog\/wp-json\/wp\/v2\/posts\/492557\/revisions\/492909"}],"wp:featuredmedia":[{"embeddable":true,"href":"https:\/\/www.estrategiaconcursos.com.br\/blog\/wp-json\/wp\/v2\/media\/380612"}],"wp:attachment":[{"href":"https:\/\/www.estrategiaconcursos.com.br\/blog\/wp-json\/wp\/v2\/media?parent=492557"}],"wp:term":[{"taxonomy":"category","embeddable":true,"href":"https:\/\/www.estrategiaconcursos.com.br\/blog\/wp-json\/wp\/v2\/categories?post=492557"},{"taxonomy":"post_tag","embeddable":true,"href":"https:\/\/www.estrategiaconcursos.com.br\/blog\/wp-json\/wp\/v2\/tags?post=492557"},{"taxonomy":"tax_estado","embeddable":true,"href":"https:\/\/www.estrategiaconcursos.com.br\/blog\/wp-json\/wp\/v2\/tax_estado?post=492557"}],"curies":[{"name":"wp","href":"https:\/\/api.w.org\/{rel}","templated":true}]}}