{"id":492445,"date":"2020-03-14T12:59:07","date_gmt":"2020-03-14T15:59:07","guid":{"rendered":"https:\/\/www.estrategiaconcursos.com.br\/blog\/?p=492445"},"modified":"2020-05-06T14:37:15","modified_gmt":"2020-05-06T17:37:15","slug":"pcdf-e-cisne-negro","status":"publish","type":"post","link":"https:\/\/www.estrategiaconcursos.com.br\/blog\/pcdf-e-cisne-negro\/","title":{"rendered":"O Cisne Negro, o Coronav\u00edrus e a suspens\u00e3o do concurso da PCDF"},"content":{"rendered":"\n<p>Fala, galera! O momento \u00e9 bastante confuso, tanto pra quem iria fazer a prova para escriv\u00e3o dia 15 de mar\u00e7o (e foi afetado pela suspens\u00e3o do concurso da PCDF &#8211;  <a href=\"https:\/\/www.estrategiaconcursos.com.br\/blog\/concurso-pcdf-suspenso\/\">https:\/\/www.estrategiaconcursos.com.br\/blog\/concurso-pcdf-suspenso\/<\/a> ), quanto pra quem far\u00e1 outras provas nas pr\u00f3ximas semanas e ainda n\u00e3o sabe se o certame ocorrer\u00e1 ou n\u00e3o. Diante disso, vale ressaltar alguns fatores sobre essa situa\u00e7\u00e3o de incerteza, relacionando-a com importantes li\u00e7\u00f5es do livro \u201cA l\u00f3gica do Cisne Negro: o impacto do altamente improv\u00e1vel (Gerenciando o desconhecido)\u201d, de Nassim Nicholas Taleb, especialista em Ci\u00eancias da Incerteza.<\/p>\n\n\n\n<div class=\"wp-block-image\"><figure class=\"alignleft size-large is-resized\"><img loading=\"lazy\" decoding=\"async\" src=\"https:\/\/dhg1h5j42swfq.cloudfront.net\/2020\/03\/14124350\/WhatsApp-Image-2020-03-14-at-11.24.26-1-718x1024.jpeg\" alt=\"\" class=\"wp-image-492456\" width=\"333\" height=\"474\" srcset=\"https:\/\/dhg1h5j42swfq.cloudfront.net\/2020\/03\/14124350\/WhatsApp-Image-2020-03-14-at-11.24.26-1-718x1024.jpeg 718w, https:\/\/dhg1h5j42swfq.cloudfront.net\/2020\/03\/14124350\/WhatsApp-Image-2020-03-14-at-11.24.26-1-210x300.jpeg 210w, https:\/\/dhg1h5j42swfq.cloudfront.net\/2020\/03\/14124350\/WhatsApp-Image-2020-03-14-at-11.24.26-1-768x1095.jpeg 768w, https:\/\/dhg1h5j42swfq.cloudfront.net\/2020\/03\/14124350\/WhatsApp-Image-2020-03-14-at-11.24.26-1-610x869.jpeg 610w, https:\/\/dhg1h5j42swfq.cloudfront.net\/2020\/03\/14124350\/WhatsApp-Image-2020-03-14-at-11.24.26-1.jpeg 898w\" sizes=\"auto, (max-width: 333px) 100vw, 333px\" \/><\/figure><\/div>\n\n\n\n<h3 class=\"wp-block-heading\"><strong>O Cisne Negro<\/strong><\/h3>\n\n\n\n<p>Imagino\nque a rela\u00e7\u00e3o entre o Coronav\u00edrus e a suspens\u00e3o do concurso da PCDF \u00e9 f\u00e1cil de\nentender, at\u00e9 porque esse foi o motivo expresso no Decreto do Governador do\nDistrito Federal, respons\u00e1vel por suspender v\u00e1rias atividades em \u00e2mbito\ndistrital. Mas o que seria esse tal \u201cCisne Negro\u201d?<\/p>\n\n\n\n<p><em>\u201cO que chamamos aqui de Cisne Negro (com\niniciais mai\u00fasculas) \u00e9 um evento com os tr\u00eas atributos descritos a seguir.\nPrimeiro, o Cisne Negro \u00e9 um&nbsp;Outlier,\npois est\u00e1 fora do \u00e2mbito das expectativas comuns, j\u00e1 que nada no passado pode\napontar convincentemente para a sua possibilidade. Segundo, ele exerce um\nimpacto extremo. Terceiro, apesar de ser um outlier, a natureza humana faz com\nque desenvolvamos explica\u00e7\u00f5es para sua ocorr\u00eancia ap\u00f3s o evento, tornando-o\nexplic\u00e1vel e previs\u00edvel. Paro agora para<strong>\nresumir o terceto: raridade, impacto extremo e previsibilidade retrospectiva\n(mas n\u00e3o prospectiva)<\/strong>.\u201d<\/em><\/p>\n\n\n\n<p>Talvez\no Cisne Negro mais impactante deste s\u00e9culo seja o atentado terrorista de 11 de\nsetembro de 2001. Quem tinha idade suficiente na \u00e9poca, muito provavelmente se\nlembra do que estava fazendo quando aquela not\u00edcia assustadora foi amplamente\ndivulgada em todos os meios de comunica\u00e7\u00e3o. Por que tal acontecimento foi\nconsiderado um Cisne Negro? Foi um evento raro? Com certeza. Um atentado terrorista\ndessa magnitude no pa\u00eds mais poderoso do mundo nunca antes havia ocorrido. O\nimpacto foi extremo? Afetou a economia, as rela\u00e7\u00f5es pol\u00edticas, despertou o medo\nna popula\u00e7\u00e3o em n\u00edvel mundial. E a previsibilidade? Ningu\u00e9m previu, mas quando\naconteceu, parecia t\u00e3o \u00f3bvio que as explica\u00e7\u00f5es retrospectivas convenceram\nmuita gente.<\/p>\n\n\n\n<p>Mas,\nafinal, o que aprendemos com isso? Nada! Ou melhor, quase nada. Achamos que um\nnovo atentado aconteceria da mesma maneira a cada ano. Refor\u00e7amos os cuidados com\no terrorismo. Tiramos recursos de outras \u00e1reas (sa\u00fade e educa\u00e7\u00e3o, por exemplo)\npara refor\u00e7ar a seguran\u00e7a. Estabelecemos novos padr\u00f5es e expectativas baseados\nno que hav\u00edamos acabado de vivenciar. Pensamos que ent\u00e3o estar\u00edamos confiantes para\nprever o pr\u00f3ximo candidato a Cisne Negro. Matar\u00edamos o Cisne Negro antes mesmo\ndo seu nascimento, como se isso fosse poss\u00edvel.<\/p>\n\n\n\n<p><em>\u201cN\u00e3o se pode ignorar a autoilus\u00e3o. O\nproblema com especialistas \u00e9 que eles n\u00e3o sabem o que n\u00e3o sabem. Falta de\nconhecimento e ilus\u00e3o quanto \u00e0 qualidade do conhecimento coincidem \u2013 o mesmo\nprocesso que faz com que voc\u00ea saiba menos tamb\u00e9m o deixa satisfeito com seu\nconhecimento.\u201d<\/em><\/p>\n\n\n\n<h3 class=\"wp-block-heading\"><strong>O Cisne Negro e o Coronav\u00edrus<\/strong><\/h3>\n\n\n\n<p>Diante\ndo exposto, o Coronav\u00edrus se encaixa perfeitamente como um Cisne Negro \u2013 ou, pelo\nmenos at\u00e9 agora, um fort\u00edssimo candidato a isso. Veja a imprevisibilidade desse\nv\u00edrus: a \u00faltima pandemia declarada pela Organiza\u00e7\u00e3o Mundial da Sa\u00fade foi em\n2009, h\u00e1 mais de uma d\u00e9cada, com o surto do v\u00edrus <a href=\"https:\/\/pt.wikipedia.org\/wiki\/Influenza_A_subtipo_H1N1\">Influenza A\nsubtipo H1N1<\/a>. N\u00e3o est\u00e1vamos esperando uma nova pandemia, mas a\npartir de agora temeremos uma nova pandemia a cada ano (para os mais\nneur\u00f3ticos, a cada m\u00eas). N\u00e3o que isso seja imposs\u00edvel, mas acharemos que somos\ncapazes de prever a pr\u00f3xima. Mais uma vez!<\/p>\n\n\n\n<p>Entendendo\na complexidade de antecipar tal surto, resta \u00e0 popula\u00e7\u00e3o se mobilizar para control\u00e1-lo.\nQuais as consequ\u00eancias do Coronav\u00edrus? Crise econ\u00f4mica, aumento da taxa de\ndesemprego, repercuss\u00e3o em toda a cadeia de suprimentos, p\u00e2nico generalizado,\nmortes, \u201cmonop\u00f3lio\u201d da imprensa por esse assunto, fechamento de fronteiras, cancelamento\nde eventos com muitas pessoas. Dentre esses eventos, est\u00e1 a realiza\u00e7\u00e3o do\ncertame para escriv\u00e3o da Pol\u00edcia Civil do Distrito Federal.<\/p>\n\n\n\n<h3 class=\"wp-block-heading\"><strong>A suspens\u00e3o do concurso da PCDF<\/strong><\/h3>\n\n\n\n<p>A\nnot\u00edcia da suspens\u00e3o do concurso pegou muita gente de surpresa. N\u00e3o que n\u00e3o fosse\njustific\u00e1vel, mas at\u00e9 ent\u00e3o isso n\u00e3o havia ocorrido nas outras unidades federativas.\nPreju\u00edzo financeiro \u00e0 parte (muitos j\u00e1 haviam reservado hotel, comprado\npassagem a\u00e9rea, al\u00e9m de outros compromissos), creio que a maior preocupa\u00e7\u00e3o\nseja com o psicol\u00f3gico do concurseiro. Quem j\u00e1 passou por isso sabe o que \u00e9 a\npress\u00e3o, a ansiedade, a expectativa de fazer uma prova que pode mudar o rumo da\nsua vida. Muitos meses \u2013 ou at\u00e9 anos \u2013 se preparando para um dia, uma tarde. De\nrepente, a poucos dias do certame (j\u00e1 com hor\u00e1rio de in\u00edcio marcado e local da\nprova definido), a not\u00edcia da suspens\u00e3o e nenhuma previs\u00e3o de nova data. E\nagora? O que fazer?<\/p>\n\n\n\n<p>Tome\nsim seus cuidados com a doen\u00e7a, respeite as orienta\u00e7\u00f5es das autoridades da \u00e1rea\nda sa\u00fade. N\u00e3o seja um completo alienado, absolutamente distante das not\u00edcias e\nignorando a exist\u00eancia do surto, no entanto mantenha relativo isolamento. N\u00e3o\nse sobrecarregue com sentimentos de preocupa\u00e7\u00e3o, de modo que voc\u00ea fique paralisado\ne n\u00e3o consiga mais realizar suas tarefas normalmente. Cuide da sua paz de esp\u00edrito\npara que a negatividade disseminada n\u00e3o atrapalhe seu rendimento. <strong>Continue estudando como se seu concurso\nfosse ainda nesse m\u00eas, ainda nessa semana. N\u00e3o h\u00e1 motivos para diminuir o ritmo,\nmuito menos para parar. Voc\u00ea n\u00e3o tem bola de cristal para prever a nova data da\nprova. Infelizmente.<\/strong><\/p>\n\n\n\n<h3 class=\"wp-block-heading\"><strong>O pr\u00f3ximo passo<\/strong><\/h3>\n\n\n\n<p>Os candidatos\nque n\u00e3o se prepararam como deveriam ganharam nova oportunidade (se voc\u00ea se v\u00ea\nnessa categoria, aproveite a situa\u00e7\u00e3o, pois este pode ser seu Cisne Negro \u201cpositivo\u201d).\nJ\u00e1 aqueles que fizeram um planejamento e uma execu\u00e7\u00e3o adequados para chegarem\ncompetitivos e confiantes na prova precisam melhorar ainda mais. <strong>Adianta reclamar agora que a vida n\u00e3o \u00e9\njusta? N\u00e3o \u00e9. Nunca ser\u00e1. A situa\u00e7\u00e3o que existe \u00e9 essa, e voc\u00ea n\u00e3o tem outra\nop\u00e7\u00e3o a n\u00e3o ser encar\u00e1-la<\/strong> \u2013 \u00e0 exce\u00e7\u00e3o de quem pretende viver em um mundo\nparalelo, em que nenhum desses problemas existe. <strong>Lamentavelmente, muitos ir\u00e3o se perder nesse mar de incertezas e depois\nfalar\u00e3o, alto e bom som, que a culpa pela reprova\u00e7\u00e3o n\u00e3o \u00e9 deles, jogando toda\na responsabilidade no v\u00edrus.<\/strong><\/p>\n\n\n\n<p>Voc\u00ea\nquer ser uma dessas pessoas que adora dar desculpas e est\u00e1 agradecendo \u2013 mesmo\nque inconscientemente \u2013 pela desculpa pronta que acabou de receber? Ou quer\ncontinuar se aperfei\u00e7oando pra chegar ainda mais preparado pra quando a prova de\nescriv\u00e3o da PCDF for remarcada. Al\u00e9m disso, tudo o que voc\u00ea fizer agora,\nservir\u00e1 de \u201cbagagem\u201d tamb\u00e9m para o concurso de agente. Permane\u00e7a firme no seu\nprop\u00f3sito. Lembre-se da frase que simboliza os ideais do Estrat\u00e9gia Concursos: <strong>\u201cO segredo do sucesso \u00e9 a&nbsp;<\/strong><strong>const\u00e2ncia&nbsp;no\nobjetivo.\u201d<\/strong><\/p>\n\n\n\n<p>Se\nNassim Taleb, especialista nas Ci\u00eancias da incerteza, mostra \u2013 e comprova \u2013 que\nn\u00e3o \u00e9 poss\u00edvel prever o pr\u00f3ximo Cisne Negro, e que o tempo e a energia\nempregados nisso s\u00e3o um total desperd\u00edcio, n\u00e3o cabe a voc\u00ea se preocupar com o\npr\u00f3ximo Cisne Negro. Pode acontecer ainda nesse ano, como pode acontecer daqui\na uma d\u00e9cada. <strong>Gaste seu tempo e sua\nenergia com o que realmente importa no momento: a aprova\u00e7\u00e3o no concurso da PCDF\n(ou em qualquer outro concurso dos seus sonhos). N\u00e3o queira acertar a previs\u00e3o\ndo pr\u00f3ximo Cisne Negro ou at\u00e9 evitar que o ele ocorra, apenas preocupe-se em\nter realizado seu sonho at\u00e9 l\u00e1. N\u00e3o confunda: a suspens\u00e3o foi do concurso, n\u00e3o\ndos seus estudos.<\/strong><\/p>\n\n\n\n<p>Um\nabra\u00e7o e at\u00e9 a pr\u00f3xima,<\/p>\n\n\n\n<p>Ot\u00e1vio\nAugusto Costa<\/p>\n\n\n\n<p>@otavioaugustomc<\/p>\n","protected":false},"excerpt":{"rendered":"<p>Fala, galera! O momento \u00e9 bastante confuso, tanto pra quem iria fazer a prova para escriv\u00e3o dia 15 de mar\u00e7o (e foi afetado pela suspens\u00e3o do concurso da PCDF &#8211; https:\/\/www.estrategiaconcursos.com.br\/blog\/concurso-pcdf-suspenso\/ ), quanto pra quem far\u00e1 outras provas nas pr\u00f3ximas semanas e ainda n\u00e3o sabe se o certame ocorrer\u00e1 ou n\u00e3o. Diante disso, vale ressaltar [&hellip;]<\/p>\n","protected":false},"author":1521,"featured_media":0,"comment_status":"open","ping_status":"closed","sticky":false,"template":"","format":"standard","meta":{"post_tipo":"article","footnotes":""},"categories":[1],"tags":[128367,3364,128366,1259,757,752],"tax_estado":[],"class_list":["post-492445","post","type-post","status-publish","format-standard","hentry","category-cursos-e-concursos","tag-agente-pcdf","tag-area-policial","tag-escrivao-pcdf","tag-livros","tag-pcdf","tag-suspensao"],"acf":[],"yoast_head":"<!-- This site is optimized with the Yoast SEO Premium plugin v27.2 (Yoast SEO v27.2) - https:\/\/yoast.com\/product\/yoast-seo-premium-wordpress\/ -->\n<title>O Cisne Negro, o Coronav\u00edrus e a suspens\u00e3o do concurso da PCDF<\/title>\n<meta name=\"description\" content=\"Ser\u00e3o abordados: a rela\u00e7\u00e3o entre o livro &quot;Cisne Negro&quot;, o coronav\u00edrus e a suspens\u00e3o do concurso da PCDF; orienta\u00e7\u00f5es sobre o que fazer diante dessa situa\u00e7\u00e3o\" \/>\n<meta name=\"robots\" content=\"index, follow, max-snippet:-1, max-image-preview:large, max-video-preview:-1\" \/>\n<link rel=\"canonical\" href=\"https:\/\/www.estrategiaconcursos.com.br\/blog\/pcdf-e-cisne-negro\/\" \/>\n<meta property=\"og:locale\" content=\"pt_BR\" \/>\n<meta property=\"og:type\" content=\"article\" \/>\n<meta property=\"og:title\" content=\"O Cisne Negro, o Coronav\u00edrus e a suspens\u00e3o do concurso da PCDF\" \/>\n<meta property=\"og:description\" content=\"Ser\u00e3o abordados: a rela\u00e7\u00e3o entre o livro &quot;Cisne Negro&quot;, o coronav\u00edrus e a suspens\u00e3o do concurso da PCDF; orienta\u00e7\u00f5es sobre o que fazer diante dessa situa\u00e7\u00e3o\" \/>\n<meta property=\"og:url\" content=\"https:\/\/www.estrategiaconcursos.com.br\/blog\/pcdf-e-cisne-negro\/\" \/>\n<meta property=\"og:site_name\" content=\"Estrat\u00e9gia Concursos\" \/>\n<meta property=\"article:published_time\" content=\"2020-03-14T15:59:07+00:00\" \/>\n<meta property=\"article:modified_time\" content=\"2020-05-06T17:37:15+00:00\" \/>\n<meta property=\"og:image\" content=\"https:\/\/www.estrategiaconcursos.com.br\/blog\/wp-content\/uploads\/2020\/03\/WhatsApp-Image-2020-03-14-at-11.24.26-1-718x1024.jpeg\" \/>\n<meta name=\"author\" content=\"Ot\u00e1vio Augusto Costa (Coach)\" \/>\n<meta name=\"twitter:card\" content=\"summary_large_image\" \/>\n<meta name=\"twitter:creator\" content=\"@EstratConcursos\" \/>\n<meta name=\"twitter:site\" content=\"@EstratConcursos\" \/>\n<meta name=\"twitter:label1\" content=\"Escrito por\" \/>\n\t<meta name=\"twitter:data1\" content=\"Ot\u00e1vio Augusto Costa (Coach)\" \/>\n\t<meta name=\"twitter:label2\" content=\"Est. tempo de leitura\" \/>\n\t<meta name=\"twitter:data2\" content=\"7 minutos\" \/>\n<script type=\"application\/ld+json\" class=\"yoast-schema-graph\">{\"@context\":\"https:\/\/schema.org\",\"@graph\":[{\"@type\":\"NewsArticle\",\"@id\":\"https:\/\/www.estrategiaconcursos.com.br\/blog\/pcdf-e-cisne-negro\/#article\",\"isPartOf\":{\"@id\":\"https:\/\/www.estrategiaconcursos.com.br\/blog\/pcdf-e-cisne-negro\/\"},\"author\":{\"name\":\"Ot\u00e1vio Augusto Costa (Coach)\",\"@id\":\"https:\/\/www.estrategiaconcursos.com.br\/blog\/#\/schema\/person\/657255f72dcc19fb17ef957c2fb24c51\"},\"headline\":\"O Cisne Negro, o Coronav\u00edrus e a suspens\u00e3o do concurso da PCDF\",\"datePublished\":\"2020-03-14T15:59:07+00:00\",\"dateModified\":\"2020-05-06T17:37:15+00:00\",\"mainEntityOfPage\":{\"@id\":\"https:\/\/www.estrategiaconcursos.com.br\/blog\/pcdf-e-cisne-negro\/\"},\"wordCount\":1384,\"commentCount\":2,\"publisher\":{\"@id\":\"https:\/\/www.estrategiaconcursos.com.br\/blog\/#organization\"},\"image\":{\"@id\":\"https:\/\/www.estrategiaconcursos.com.br\/blog\/pcdf-e-cisne-negro\/#primaryimage\"},\"thumbnailUrl\":\"https:\/\/www.estrategiaconcursos.com.br\/blog\/wp-content\/uploads\/2020\/03\/WhatsApp-Image-2020-03-14-at-11.24.26-1-718x1024.jpeg\",\"keywords\":[\"agente pcdf\",\"\u00e1rea policial\",\"escriv\u00e3o pcdf\",\"livros\",\"PCDF\",\"Suspens\u00e3o\"],\"articleSection\":[\"Concursos P\u00fablicos\"],\"inLanguage\":\"pt-BR\",\"potentialAction\":[{\"@type\":\"CommentAction\",\"name\":\"Comment\",\"target\":[\"https:\/\/www.estrategiaconcursos.com.br\/blog\/pcdf-e-cisne-negro\/#respond\"]}],\"copyrightYear\":\"2020\",\"copyrightHolder\":{\"@id\":\"https:\/\/www.estrategiaconcursos.com.br\/blog\/#organization\"}},{\"@type\":\"WebPage\",\"@id\":\"https:\/\/www.estrategiaconcursos.com.br\/blog\/pcdf-e-cisne-negro\/\",\"url\":\"https:\/\/www.estrategiaconcursos.com.br\/blog\/pcdf-e-cisne-negro\/\",\"name\":\"O Cisne Negro, o Coronav\u00edrus e a suspens\u00e3o do concurso da PCDF\",\"isPartOf\":{\"@id\":\"https:\/\/www.estrategiaconcursos.com.br\/blog\/#website\"},\"primaryImageOfPage\":{\"@id\":\"https:\/\/www.estrategiaconcursos.com.br\/blog\/pcdf-e-cisne-negro\/#primaryimage\"},\"image\":{\"@id\":\"https:\/\/www.estrategiaconcursos.com.br\/blog\/pcdf-e-cisne-negro\/#primaryimage\"},\"thumbnailUrl\":\"https:\/\/www.estrategiaconcursos.com.br\/blog\/wp-content\/uploads\/2020\/03\/WhatsApp-Image-2020-03-14-at-11.24.26-1-718x1024.jpeg\",\"datePublished\":\"2020-03-14T15:59:07+00:00\",\"dateModified\":\"2020-05-06T17:37:15+00:00\",\"description\":\"Ser\u00e3o abordados: a rela\u00e7\u00e3o entre o livro \\\"Cisne Negro\\\", o coronav\u00edrus e a suspens\u00e3o do concurso da PCDF; orienta\u00e7\u00f5es sobre o que fazer diante dessa situa\u00e7\u00e3o\",\"breadcrumb\":{\"@id\":\"https:\/\/www.estrategiaconcursos.com.br\/blog\/pcdf-e-cisne-negro\/#breadcrumb\"},\"inLanguage\":\"pt-BR\",\"potentialAction\":[{\"@type\":\"ReadAction\",\"target\":[\"https:\/\/www.estrategiaconcursos.com.br\/blog\/pcdf-e-cisne-negro\/\"]}]},{\"@type\":\"ImageObject\",\"inLanguage\":\"pt-BR\",\"@id\":\"https:\/\/www.estrategiaconcursos.com.br\/blog\/pcdf-e-cisne-negro\/#primaryimage\",\"url\":\"https:\/\/www.estrategiaconcursos.com.br\/blog\/wp-content\/uploads\/2020\/03\/WhatsApp-Image-2020-03-14-at-11.24.26-1-718x1024.jpeg\",\"contentUrl\":\"https:\/\/www.estrategiaconcursos.com.br\/blog\/wp-content\/uploads\/2020\/03\/WhatsApp-Image-2020-03-14-at-11.24.26-1-718x1024.jpeg\"},{\"@type\":\"BreadcrumbList\",\"@id\":\"https:\/\/www.estrategiaconcursos.com.br\/blog\/pcdf-e-cisne-negro\/#breadcrumb\",\"itemListElement\":[{\"@type\":\"ListItem\",\"position\":1,\"name\":\"In\u00edcio\",\"item\":\"https:\/\/www.estrategiaconcursos.com.br\/blog\/\"},{\"@type\":\"ListItem\",\"position\":2,\"name\":\"O Cisne Negro, o Coronav\u00edrus e a suspens\u00e3o do concurso da PCDF\"}]},{\"@type\":\"WebSite\",\"@id\":\"https:\/\/www.estrategiaconcursos.com.br\/blog\/#website\",\"url\":\"https:\/\/www.estrategiaconcursos.com.br\/blog\/\",\"name\":\"Estrat\u00e9gia Concursos\",\"description\":\"O blog da Estrat\u00e9gia Concursos traz not\u00edcias sobre concursos e artigos de professores oferecendo cursos para concursos (pdf + videaulas) no site.\",\"publisher\":{\"@id\":\"https:\/\/www.estrategiaconcursos.com.br\/blog\/#organization\"},\"potentialAction\":[{\"@type\":\"SearchAction\",\"target\":{\"@type\":\"EntryPoint\",\"urlTemplate\":\"https:\/\/www.estrategiaconcursos.com.br\/blog\/?s={search_term_string}\"},\"query-input\":{\"@type\":\"PropertyValueSpecification\",\"valueRequired\":true,\"valueName\":\"search_term_string\"}}],\"inLanguage\":\"pt-BR\"},{\"@type\":\"Organization\",\"@id\":\"https:\/\/www.estrategiaconcursos.com.br\/blog\/#organization\",\"name\":\"Estrat\u00e9gia Concursos\",\"url\":\"https:\/\/www.estrategiaconcursos.com.br\/blog\/\",\"logo\":{\"@type\":\"ImageObject\",\"inLanguage\":\"pt-BR\",\"@id\":\"https:\/\/www.estrategiaconcursos.com.br\/blog\/#\/schema\/logo\/image\/\",\"url\":\"https:\/\/dhg1h5j42swfq.cloudfront.net\/2025\/06\/03203428\/logo_concursos-1.jpg\",\"contentUrl\":\"https:\/\/dhg1h5j42swfq.cloudfront.net\/2025\/06\/03203428\/logo_concursos-1.jpg\",\"width\":230,\"height\":60,\"caption\":\"Estrat\u00e9gia Concursos\"},\"image\":{\"@id\":\"https:\/\/www.estrategiaconcursos.com.br\/blog\/#\/schema\/logo\/image\/\"},\"sameAs\":[\"https:\/\/x.com\/EstratConcursos\"]},{\"@type\":\"Person\",\"@id\":\"https:\/\/www.estrategiaconcursos.com.br\/blog\/#\/schema\/person\/657255f72dcc19fb17ef957c2fb24c51\",\"name\":\"Ot\u00e1vio Augusto Costa (Coach)\",\"image\":{\"@type\":\"ImageObject\",\"inLanguage\":\"pt-BR\",\"@id\":\"https:\/\/secure.gravatar.com\/avatar\/29eb5a26ff1b27f25d534cbe9f259be8fa81e5536b9370284ac1ebf08306231d?s=96&d=mm&r=g\",\"url\":\"https:\/\/secure.gravatar.com\/avatar\/29eb5a26ff1b27f25d534cbe9f259be8fa81e5536b9370284ac1ebf08306231d?s=96&d=mm&r=g\",\"contentUrl\":\"https:\/\/secure.gravatar.com\/avatar\/29eb5a26ff1b27f25d534cbe9f259be8fa81e5536b9370284ac1ebf08306231d?s=96&d=mm&r=g\",\"caption\":\"Ot\u00e1vio Augusto Costa (Coach)\"},\"url\":\"https:\/\/www.estrategiaconcursos.com.br\/blog\/author\/otavioengcivilgmail-com\/\"}]}<\/script>\n<!-- \/ Yoast SEO Premium plugin. -->","yoast_head_json":{"title":"O Cisne Negro, o Coronav\u00edrus e a suspens\u00e3o do concurso da PCDF","description":"Ser\u00e3o abordados: a rela\u00e7\u00e3o entre o livro \"Cisne Negro\", o coronav\u00edrus e a suspens\u00e3o do concurso da PCDF; orienta\u00e7\u00f5es sobre o que fazer diante dessa situa\u00e7\u00e3o","robots":{"index":"index","follow":"follow","max-snippet":"max-snippet:-1","max-image-preview":"max-image-preview:large","max-video-preview":"max-video-preview:-1"},"canonical":"https:\/\/www.estrategiaconcursos.com.br\/blog\/pcdf-e-cisne-negro\/","og_locale":"pt_BR","og_type":"article","og_title":"O Cisne Negro, o Coronav\u00edrus e a suspens\u00e3o do concurso da PCDF","og_description":"Ser\u00e3o abordados: a rela\u00e7\u00e3o entre o livro \"Cisne Negro\", o coronav\u00edrus e a suspens\u00e3o do concurso da PCDF; orienta\u00e7\u00f5es sobre o que fazer diante dessa situa\u00e7\u00e3o","og_url":"https:\/\/www.estrategiaconcursos.com.br\/blog\/pcdf-e-cisne-negro\/","og_site_name":"Estrat\u00e9gia Concursos","article_published_time":"2020-03-14T15:59:07+00:00","article_modified_time":"2020-05-06T17:37:15+00:00","og_image":[{"url":"https:\/\/www.estrategiaconcursos.com.br\/blog\/wp-content\/uploads\/2020\/03\/WhatsApp-Image-2020-03-14-at-11.24.26-1-718x1024.jpeg","type":"","width":"","height":""}],"author":"Ot\u00e1vio Augusto Costa (Coach)","twitter_card":"summary_large_image","twitter_creator":"@EstratConcursos","twitter_site":"@EstratConcursos","twitter_misc":{"Escrito por":"Ot\u00e1vio Augusto Costa (Coach)","Est. tempo de leitura":"7 minutos"},"schema":{"@context":"https:\/\/schema.org","@graph":[{"@type":"NewsArticle","@id":"https:\/\/www.estrategiaconcursos.com.br\/blog\/pcdf-e-cisne-negro\/#article","isPartOf":{"@id":"https:\/\/www.estrategiaconcursos.com.br\/blog\/pcdf-e-cisne-negro\/"},"author":{"name":"Ot\u00e1vio Augusto Costa (Coach)","@id":"https:\/\/www.estrategiaconcursos.com.br\/blog\/#\/schema\/person\/657255f72dcc19fb17ef957c2fb24c51"},"headline":"O Cisne Negro, o Coronav\u00edrus e a suspens\u00e3o do concurso da PCDF","datePublished":"2020-03-14T15:59:07+00:00","dateModified":"2020-05-06T17:37:15+00:00","mainEntityOfPage":{"@id":"https:\/\/www.estrategiaconcursos.com.br\/blog\/pcdf-e-cisne-negro\/"},"wordCount":1384,"commentCount":2,"publisher":{"@id":"https:\/\/www.estrategiaconcursos.com.br\/blog\/#organization"},"image":{"@id":"https:\/\/www.estrategiaconcursos.com.br\/blog\/pcdf-e-cisne-negro\/#primaryimage"},"thumbnailUrl":"https:\/\/www.estrategiaconcursos.com.br\/blog\/wp-content\/uploads\/2020\/03\/WhatsApp-Image-2020-03-14-at-11.24.26-1-718x1024.jpeg","keywords":["agente pcdf","\u00e1rea policial","escriv\u00e3o pcdf","livros","PCDF","Suspens\u00e3o"],"articleSection":["Concursos P\u00fablicos"],"inLanguage":"pt-BR","potentialAction":[{"@type":"CommentAction","name":"Comment","target":["https:\/\/www.estrategiaconcursos.com.br\/blog\/pcdf-e-cisne-negro\/#respond"]}],"copyrightYear":"2020","copyrightHolder":{"@id":"https:\/\/www.estrategiaconcursos.com.br\/blog\/#organization"}},{"@type":"WebPage","@id":"https:\/\/www.estrategiaconcursos.com.br\/blog\/pcdf-e-cisne-negro\/","url":"https:\/\/www.estrategiaconcursos.com.br\/blog\/pcdf-e-cisne-negro\/","name":"O Cisne Negro, o Coronav\u00edrus e a suspens\u00e3o do concurso da PCDF","isPartOf":{"@id":"https:\/\/www.estrategiaconcursos.com.br\/blog\/#website"},"primaryImageOfPage":{"@id":"https:\/\/www.estrategiaconcursos.com.br\/blog\/pcdf-e-cisne-negro\/#primaryimage"},"image":{"@id":"https:\/\/www.estrategiaconcursos.com.br\/blog\/pcdf-e-cisne-negro\/#primaryimage"},"thumbnailUrl":"https:\/\/www.estrategiaconcursos.com.br\/blog\/wp-content\/uploads\/2020\/03\/WhatsApp-Image-2020-03-14-at-11.24.26-1-718x1024.jpeg","datePublished":"2020-03-14T15:59:07+00:00","dateModified":"2020-05-06T17:37:15+00:00","description":"Ser\u00e3o abordados: a rela\u00e7\u00e3o entre o livro \"Cisne Negro\", o coronav\u00edrus e a suspens\u00e3o do concurso da PCDF; orienta\u00e7\u00f5es sobre o que fazer diante dessa situa\u00e7\u00e3o","breadcrumb":{"@id":"https:\/\/www.estrategiaconcursos.com.br\/blog\/pcdf-e-cisne-negro\/#breadcrumb"},"inLanguage":"pt-BR","potentialAction":[{"@type":"ReadAction","target":["https:\/\/www.estrategiaconcursos.com.br\/blog\/pcdf-e-cisne-negro\/"]}]},{"@type":"ImageObject","inLanguage":"pt-BR","@id":"https:\/\/www.estrategiaconcursos.com.br\/blog\/pcdf-e-cisne-negro\/#primaryimage","url":"https:\/\/www.estrategiaconcursos.com.br\/blog\/wp-content\/uploads\/2020\/03\/WhatsApp-Image-2020-03-14-at-11.24.26-1-718x1024.jpeg","contentUrl":"https:\/\/www.estrategiaconcursos.com.br\/blog\/wp-content\/uploads\/2020\/03\/WhatsApp-Image-2020-03-14-at-11.24.26-1-718x1024.jpeg"},{"@type":"BreadcrumbList","@id":"https:\/\/www.estrategiaconcursos.com.br\/blog\/pcdf-e-cisne-negro\/#breadcrumb","itemListElement":[{"@type":"ListItem","position":1,"name":"In\u00edcio","item":"https:\/\/www.estrategiaconcursos.com.br\/blog\/"},{"@type":"ListItem","position":2,"name":"O Cisne Negro, o Coronav\u00edrus e a suspens\u00e3o do concurso da PCDF"}]},{"@type":"WebSite","@id":"https:\/\/www.estrategiaconcursos.com.br\/blog\/#website","url":"https:\/\/www.estrategiaconcursos.com.br\/blog\/","name":"Estrat\u00e9gia Concursos","description":"O blog da Estrat\u00e9gia Concursos traz not\u00edcias sobre concursos e artigos de professores oferecendo cursos para concursos (pdf + videaulas) no site.","publisher":{"@id":"https:\/\/www.estrategiaconcursos.com.br\/blog\/#organization"},"potentialAction":[{"@type":"SearchAction","target":{"@type":"EntryPoint","urlTemplate":"https:\/\/www.estrategiaconcursos.com.br\/blog\/?s={search_term_string}"},"query-input":{"@type":"PropertyValueSpecification","valueRequired":true,"valueName":"search_term_string"}}],"inLanguage":"pt-BR"},{"@type":"Organization","@id":"https:\/\/www.estrategiaconcursos.com.br\/blog\/#organization","name":"Estrat\u00e9gia Concursos","url":"https:\/\/www.estrategiaconcursos.com.br\/blog\/","logo":{"@type":"ImageObject","inLanguage":"pt-BR","@id":"https:\/\/www.estrategiaconcursos.com.br\/blog\/#\/schema\/logo\/image\/","url":"https:\/\/dhg1h5j42swfq.cloudfront.net\/2025\/06\/03203428\/logo_concursos-1.jpg","contentUrl":"https:\/\/dhg1h5j42swfq.cloudfront.net\/2025\/06\/03203428\/logo_concursos-1.jpg","width":230,"height":60,"caption":"Estrat\u00e9gia Concursos"},"image":{"@id":"https:\/\/www.estrategiaconcursos.com.br\/blog\/#\/schema\/logo\/image\/"},"sameAs":["https:\/\/x.com\/EstratConcursos"]},{"@type":"Person","@id":"https:\/\/www.estrategiaconcursos.com.br\/blog\/#\/schema\/person\/657255f72dcc19fb17ef957c2fb24c51","name":"Ot\u00e1vio Augusto Costa (Coach)","image":{"@type":"ImageObject","inLanguage":"pt-BR","@id":"https:\/\/secure.gravatar.com\/avatar\/29eb5a26ff1b27f25d534cbe9f259be8fa81e5536b9370284ac1ebf08306231d?s=96&d=mm&r=g","url":"https:\/\/secure.gravatar.com\/avatar\/29eb5a26ff1b27f25d534cbe9f259be8fa81e5536b9370284ac1ebf08306231d?s=96&d=mm&r=g","contentUrl":"https:\/\/secure.gravatar.com\/avatar\/29eb5a26ff1b27f25d534cbe9f259be8fa81e5536b9370284ac1ebf08306231d?s=96&d=mm&r=g","caption":"Ot\u00e1vio Augusto Costa (Coach)"},"url":"https:\/\/www.estrategiaconcursos.com.br\/blog\/author\/otavioengcivilgmail-com\/"}]}},"_links":{"self":[{"href":"https:\/\/www.estrategiaconcursos.com.br\/blog\/wp-json\/wp\/v2\/posts\/492445","targetHints":{"allow":["GET"]}}],"collection":[{"href":"https:\/\/www.estrategiaconcursos.com.br\/blog\/wp-json\/wp\/v2\/posts"}],"about":[{"href":"https:\/\/www.estrategiaconcursos.com.br\/blog\/wp-json\/wp\/v2\/types\/post"}],"author":[{"embeddable":true,"href":"https:\/\/www.estrategiaconcursos.com.br\/blog\/wp-json\/wp\/v2\/users\/1521"}],"replies":[{"embeddable":true,"href":"https:\/\/www.estrategiaconcursos.com.br\/blog\/wp-json\/wp\/v2\/comments?post=492445"}],"version-history":[{"count":4,"href":"https:\/\/www.estrategiaconcursos.com.br\/blog\/wp-json\/wp\/v2\/posts\/492445\/revisions"}],"predecessor-version":[{"id":511272,"href":"https:\/\/www.estrategiaconcursos.com.br\/blog\/wp-json\/wp\/v2\/posts\/492445\/revisions\/511272"}],"wp:attachment":[{"href":"https:\/\/www.estrategiaconcursos.com.br\/blog\/wp-json\/wp\/v2\/media?parent=492445"}],"wp:term":[{"taxonomy":"category","embeddable":true,"href":"https:\/\/www.estrategiaconcursos.com.br\/blog\/wp-json\/wp\/v2\/categories?post=492445"},{"taxonomy":"post_tag","embeddable":true,"href":"https:\/\/www.estrategiaconcursos.com.br\/blog\/wp-json\/wp\/v2\/tags?post=492445"},{"taxonomy":"tax_estado","embeddable":true,"href":"https:\/\/www.estrategiaconcursos.com.br\/blog\/wp-json\/wp\/v2\/tax_estado?post=492445"}],"curies":[{"name":"wp","href":"https:\/\/api.w.org\/{rel}","templated":true}]}}