{"id":492001,"date":"2022-01-04T17:03:00","date_gmt":"2022-01-04T20:03:00","guid":{"rendered":"https:\/\/www.estrategiaconcursos.com.br\/blog\/?p=492001"},"modified":"2022-02-02T17:05:42","modified_gmt":"2022-02-02T20:05:42","slug":"concurso-guarda-de-eusebio-ce","status":"publish","type":"post","link":"https:\/\/www.estrategiaconcursos.com.br\/blog\/concurso-guarda-de-eusebio-ce\/","title":{"rendered":"Concurso Guarda de Eus\u00e9bio CE: convoca\u00e7\u00e3o para matr\u00edcula no CFP!"},"content":{"rendered":"\n<p>O <strong>concurso Guarda de Eus\u00e9bio<\/strong> <strong>CE<\/strong>, localizado no Cear\u00e1, divulgou o <a href=\"https:\/\/dhg1h5j42swfq.cloudfront.net\/2022\/02\/02164148\/oaiemgekdmt1tcko3movaggernsn4tchvq3ju5xt.pdf\" target=\"_blank\" rel=\"noreferrer noopener nofollow\">edital de convoca\u00e7\u00e3o<\/a> para os candidatos aprovados realizarem a matr\u00edcula no curso de forma\u00e7\u00e3o profissional.<\/p>\n\n\n\n<p>Com o <a href=\"https:\/\/dhg1h5j42swfq.cloudfront.net\/2022\/02\/02164153\/resultado-final-guarde-de-eusebio.pdf\" target=\"_blank\" rel=\"noreferrer noopener nofollow\">resultado final<\/a> j\u00e1 publicado, a sele\u00e7\u00e3o ofertou o total de <strong>100 vagas imediatas + 150 oportunidades para forma\u00e7\u00e3o de cadastro reserva<\/strong>, para cargos de n\u00edvel m\u00e9dio.<\/p>\n\n\n\n<ul class=\"has-very-light-gray-to-cyan-bluish-gray-gradient-background has-background wp-block-list\"><li><strong>Concurso<\/strong> <strong>Guarda de Eus\u00e9bio<\/strong><\/li><li><strong>Banca<\/strong>: <a href=\"https:\/\/consulpam.selecao.net.br\/informacoes\/15\/\" target=\"_blank\" rel=\"noreferrer noopener\">Consulpam<\/a><\/li><li><strong style=\"background-color: initial;\">Vagas<\/strong><span style=\"background-color: initial;\">: <\/span>100 + 150 CR<\/li><li><strong>Sal\u00e1rio<\/strong>: R$ 1.045,00<\/li><li><strong>\u00daltimo Edital<\/strong>: <a href=\"https:\/\/dhg1h5j42swfq.cloudfront.net\/2020\/03\/13142613\/Edital-Eus%C3%A9bio.pdf\" target=\"_blank\" rel=\"noreferrer noopener\">Guarda de Eus\u00e9bio CE 2020<\/a><\/li><\/ul>\n\n\n\n<p>Neste artigo voc\u00ea encontrar\u00e1 tudo o que precisa saber sobre o edital do concurso Guarda de Eus\u00e9bio. Nosso objetivo \u00e9 deixar voc\u00ea\u00a0<strong><em>100% atualizado<\/em><\/strong>. Acompanhe pelos t\u00f3picos a seguir:<\/p>\n\n\n\n<ul class=\"wp-block-list\"><li><a href=\"#situacao\"><strong>Situa\u00e7\u00e3o atual do concurso<\/strong><\/a><ul><li><a href=\"#resultado\"><strong>Resultado final<\/strong><\/a><\/li><\/ul><\/li><li><em><strong><a href=\"#cargos\">Cargos, vagas e remunera\u00e7\u00f5es<\/a><\/strong><\/em><\/li><li><em><strong><a href=\"#etapas\">Etapas do concurso<\/a><\/strong><\/em><\/li><li><a href=\"#cursos\"><strong>Cursos e assinaturas<\/strong><\/a><\/li><li><em><a href=\"#ficha\"><strong>Ficha t\u00e9cnica<\/strong><\/a><\/em><\/li><\/ul>\n\n\n\n<h2 class=\"wp-block-heading\">Situa\u00e7\u00e3o atual do concurso Guarda de Eus\u00e9bio CE<\/h2>\n\n\n\n<h3 class=\"wp-block-heading\">Resultado final<\/h3>\n\n\n\n<p>Confira no link abaixo a publica\u00e7\u00e3o do resultado final do concurso Guarda de Eus\u00e9bio CE, ao cargo de Guarda Civil Municipal.<\/p>\n\n\n\n<ul class=\"has-medium-font-size wp-block-list\"><li><a href=\"https:\/\/dhg1h5j42swfq.cloudfront.net\/2022\/02\/02164153\/resultado-final-guarde-de-eusebio.pdf\" target=\"_blank\" rel=\"noreferrer noopener nofollow\"><strong>Resultado final Guarda de Eus\u00e9bio CE<\/strong><\/a><\/li><\/ul>\n\n\n\n<h2 class=\"wp-block-heading\" id=\"cargos\">Cargos, vagas e remunera\u00e7\u00f5es do concurso Guarda de Eus\u00e9bio CE <\/h2>\n\n\n\n<p>100 oportunidades s\u00e3o ofertadas no concurso Guarda Municipal de Eus\u00e9bio CE, sendo 95 de ampla concorr\u00eancia e 5 para PcD, al\u00e9m de mais 150 vagas para forma\u00e7\u00e3o de cadastro reserva, para uma jornada de 40h semanais.<\/p>\n\n\n\n<h4 class=\"wp-block-heading\">N\u00edvel M\u00e9dio<\/h4>\n\n\n\n<figure class=\"wp-block-table is-style-stripes\"><table class=\"has-background\" style=\"background-color:#e7f5fe\"><tbody><tr><td class=\"has-text-align-center\" data-align=\"center\"><strong>Cargo<\/strong><\/td><td class=\"has-text-align-center\" data-align=\"center\"><strong>Vagas<\/strong><\/td><td class=\"has-text-align-center\" data-align=\"center\"><strong>Remunera\u00e7\u00e3o<\/strong><\/td><\/tr><tr><td class=\"has-text-align-center\" data-align=\"center\">  Guarda Municipal   <\/td><td class=\"has-text-align-center\" data-align=\"center\">100 + 150 CR<\/td><td class=\"has-text-align-center\" data-align=\"center\">  R$ 1.045,00   <\/td><\/tr><\/tbody><\/table><\/figure>\n\n\n\n<h2 class=\"wp-block-heading\" id=\"etapas\">Etapas do concurso Guarda de Eus\u00e9bio CE    <\/h2>\n\n\n\n<p>O concurso Guarda Municipal de Eus\u00e9bio CE foi constitu\u00eddo por seis etapas: Prova Objetiva, Exame M\u00e9dico, Investiga\u00e7\u00e3o de Conduta Social, Prova de Aptid\u00e3o F\u00edsica, Curso de Forma\u00e7\u00e3o e Avalia\u00e7\u00e3o Psicol\u00f3gica.<\/p>\n\n\n\n<p>Confira abaixo os detalhes das principais etapas do certame: .   <\/p>\n\n\n\n<h3 class=\"wp-block-heading\">Prova Objetiva<\/h3>\n\n\n\n<p>A Provas Objetiva, de car\u00e1ter eliminat\u00f3rio e classificat\u00f3rio, compreendeu quest\u00f5es de m\u00faltipla escolha, com quatro alternativas (A a D). Confira o quantitativo de quest\u00f5es e o conte\u00fado program\u00e1tico abaixo: <\/p>\n\n\n\n<div class=\"wp-block-image\"><figure class=\"aligncenter size-large\"><img loading=\"lazy\" decoding=\"async\" width=\"629\" height=\"284\" src=\"https:\/\/dhg1h5j42swfq.cloudfront.net\/2020\/03\/13140636\/image-179.png\" alt=\"concurso guarda de eus\u00e9bio ce\" class=\"wp-image-492021\" srcset=\"https:\/\/dhg1h5j42swfq.cloudfront.net\/2020\/03\/13140636\/image-179.png 629w, https:\/\/dhg1h5j42swfq.cloudfront.net\/2020\/03\/13140636\/image-179-300x135.png 300w, https:\/\/dhg1h5j42swfq.cloudfront.net\/2020\/03\/13140636\/image-179-610x275.png 610w\" sizes=\"auto, (max-width: 629px) 100vw, 629px\" \/><figcaption>Prova objetiva<\/figcaption><\/figure><\/div>\n\n\n\n<h3 class=\"wp-block-heading\">Prova de Aptid\u00e3o F\u00edsica <\/h3>\n\n\n\n<p>De car\u00e1ter eliminat\u00f3rio, a Prova de Aptid\u00e3o F\u00edsica avaliou a capacidade de realiza\u00e7\u00e3o de esfor\u00e7os e a resist\u00eancia \u00e0 fadiga f\u00edsica do candidato, visando a selecionar aqueles que apresentem as condi\u00e7\u00f5es necess\u00e1rias para o desempenho da profiss\u00e3o de Guarda Municipal.<\/p>\n\n\n\n<p>Para realizar a etapa, o candidato teve que apresentar Atestado M\u00e9dico que atestasse a condi\u00e7\u00e3o de APTO para realizar esfor\u00e7o f\u00edsico exigido. Foram aceitos apenas atestados m\u00e9dicos emitidos no prazo m\u00e1ximo de 30 (trinta) dias corridos antecedentes \u00e0 data marcada para o teste.<\/p>\n\n\n\n<div class=\"wp-block-image\"><figure class=\"aligncenter size-large\"><img loading=\"lazy\" decoding=\"async\" width=\"472\" height=\"163\" src=\"https:\/\/dhg1h5j42swfq.cloudfront.net\/2020\/03\/13141811\/provaM.jpg\" alt=\"\" class=\"wp-image-492034\" srcset=\"https:\/\/dhg1h5j42swfq.cloudfront.net\/2020\/03\/13141811\/provaM.jpg 472w, https:\/\/dhg1h5j42swfq.cloudfront.net\/2020\/03\/13141811\/provaM-300x104.jpg 300w\" sizes=\"auto, (max-width: 472px) 100vw, 472px\" \/><figcaption>TAF<\/figcaption><\/figure><\/div>\n\n\n\n<div class=\"wp-block-image\"><figure class=\"aligncenter size-large\"><img loading=\"lazy\" decoding=\"async\" width=\"476\" height=\"163\" src=\"https:\/\/dhg1h5j42swfq.cloudfront.net\/2020\/03\/13141921\/ProvaF.jpg\" alt=\"\" class=\"wp-image-492037\" srcset=\"https:\/\/dhg1h5j42swfq.cloudfront.net\/2020\/03\/13141921\/ProvaF.jpg 476w, https:\/\/dhg1h5j42swfq.cloudfront.net\/2020\/03\/13141921\/ProvaF-300x103.jpg 300w\" sizes=\"auto, (max-width: 476px) 100vw, 476px\" \/><figcaption>TAF<\/figcaption><\/figure><\/div>\n\n\n\n<h3 class=\"wp-block-heading\">Curso de Forma\u00e7\u00e3o<\/h3>\n\n\n\n<p>O Curso de Forma\u00e7\u00e3o, de car\u00e1ter eliminat\u00f3rio e classificat\u00f3rio, ser\u00e1 regido por edital e regulamentos pr\u00f3prios, que estabelecer\u00e3o a grade curricular, o sistema de avalia\u00e7\u00e3o, a frequ\u00eancia m\u00ednima e as demais condi\u00e7\u00f5es relativas ao curso.<\/p>\n\n\n\n<p>Para participar do Curso de Forma\u00e7\u00e3o, o candidato dever\u00e1 ter no m\u00ednimo 18 (dezoito) anos de idade, verificados na data da matr\u00edcula no curso de forma\u00e7\u00e3o. Aos participantes do Curso de Forma\u00e7\u00e3o ser\u00e1 concedida ajuda de custo mensal n\u00e3o superior a 80% do vencimento fixado para o cargo.<\/p>\n\n\n\n<h2 class=\"has-text-align-center wp-block-heading\" id=\"h-quer-saber-tudo-sobre-concursos-previstos-confira-nossos-artigos\">Quer saber tudo sobre concursos previstos?<br \/>Confira nossos artigos!<\/h2>\n\n\n\n<ul class=\"wp-block-list\"><li><a href=\"https:\/\/www.estrategiaconcursos.com.br\/blog\/concursos-abertos\/\" target=\"_blank\" rel=\"noreferrer noopener\">Concursos abertos<\/a><\/li><li><a href=\"https:\/\/www.estrategiaconcursos.com.br\/blog\/concursos-2022\/\" target=\"_blank\" rel=\"noreferrer noopener\">Concursos 2022<\/a><\/li><\/ul>\n\n\n\n<h2 class=\"has-text-align-center wp-block-heading\" id=\"cursos\"> Quer estudar para o concurso Guarda de Eus\u00e9bio CE?<\/h2>\n\n\n\n<div class=\"container\" id=\"boxes\">\n  <div class=\"row\">\n\n    <div class=\"col-sm\">\n      <div class=\"banner-policial\" id=\"box-assinatura\">\n        <h3 class=\"titulo-assinatura\">Concurso Guarda de Eus\u00e9bio CE<\/h3>\n        <p class=\"subtitulo-assinatura\">Conhe\u00e7a os cursos<\/p>\n        <div class=\"box-botao\">\n          <a class=\"btn-assinatura\" target=\"_blank\" href=\"https:\/\/www.estrategiaconcursos.com.br\/cursosPorConcurso\/prefeitura-municipal-de-sao-luis-ma-guarda-municipal\/\" role=\"button\" rel=\"noopener noreferrer\">Conhe\u00e7a mais<\/a>\n        <\/div>\n      <\/div><\/div><\/div><\/div>\n\n\n\n<div class=\"container\" id=\"boxes\">\n  <div class=\"row\">\n\n    <div class=\"col-sm\">\n      <div class=\"estrategia\" id=\"box-assinatura\">\n        <h3 class=\"titulo-assinatura\">Assinatura Concursos<\/h3>\n        <p class=\"subtitulo-assinatura\">Assinatura de 1 ano ou 2 anos<\/p>\n        <div class=\"box-botao\">\n          <a class=\"btn-assinatura\" target=\"_blank\" href=\"https:\/\/www.estrategiaconcursos.com.br\/assinaturas\/\" role=\"button\" rel=\"noopener noreferrer\">ASSINE AGORA<\/a>\n        <\/div>\n      <\/div>\n     \n    <\/div><\/div><\/div>\n\n\n\n<figure class=\"wp-block-image size-large is-resized\"><img loading=\"lazy\" decoding=\"async\" src=\"https:\/\/dhg1h5j42swfq.cloudfront.net\/2021\/05\/12212304\/ficha-tecnica-1-1024x632-1-12.png\" alt=\"Informa\u00e7\u00f5es do Concurso Guarda de S\u00e3o Lu\u00eds MA\" class=\"wp-image-739198\" width=\"277\" height=\"171\" srcset=\"https:\/\/dhg1h5j42swfq.cloudfront.net\/2021\/05\/12212304\/ficha-tecnica-1-1024x632-1-12.png 1024w, https:\/\/dhg1h5j42swfq.cloudfront.net\/2021\/05\/12212304\/ficha-tecnica-1-1024x632-1-12-300x185.png 300w, https:\/\/dhg1h5j42swfq.cloudfront.net\/2021\/05\/12212304\/ficha-tecnica-1-1024x632-1-12-768x474.png 768w, https:\/\/dhg1h5j42swfq.cloudfront.net\/2021\/05\/12212304\/ficha-tecnica-1-1024x632-1-12-610x376.png 610w\" sizes=\"auto, (max-width: 277px) 100vw, 277px\" \/><\/figure>\n\n\n\n<h3 class=\"wp-block-heading\" id=\"ficha\"><strong>Informa\u00e7\u00f5es do Concurso Guarda de Eus\u00e9bio CE <\/strong><\/h3>\n\n\n\n<p>\u25ba<strong>Prova:\u00a0<\/strong>06 de dezembro de 2020<br \/>\u25ba<strong>Vagas<\/strong>: 100 vagas + 150 CR<br \/>\u25ba<strong>Cargos<\/strong>: Guarda Municipal<br \/>\u25ba<strong>Banca<\/strong>: Instituto Consulpam<br \/>\u25ba<strong>Escolaridade<\/strong>: N\u00edvel m\u00e9dio<br \/>\u25ba<strong>Edital<\/strong>: <a href=\"https:\/\/dhg1h5j42swfq.cloudfront.net\/2020\/03\/13142613\/Edital-Eus%C3%A9bio.pdf\" target=\"_blank\" rel=\"noreferrer noopener nofollow\"><\/a><a href=\"https:\/\/dhg1h5j42swfq.cloudfront.net\/2020\/03\/13142613\/Edital-Eus%C3%A9bio.pdf\" target=\"_blank\" rel=\"noreferrer noopener\">Guarda Municipal de Eus\u00e9bio CE<\/a><\/p>\n","protected":false},"excerpt":{"rendered":"<p>O concurso Guarda de Eus\u00e9bio CE, localizado no Cear\u00e1, divulgou o edital de convoca\u00e7\u00e3o para os candidatos aprovados realizarem a matr\u00edcula no curso de forma\u00e7\u00e3o profissional. Com o resultado final j\u00e1 publicado, a sele\u00e7\u00e3o ofertou o total de 100 vagas imediatas + 150 oportunidades para forma\u00e7\u00e3o de cadastro reserva, para cargos de n\u00edvel m\u00e9dio. Concurso [&hellip;]<\/p>\n","protected":false},"author":1,"featured_media":960471,"comment_status":"open","ping_status":"closed","sticky":false,"template":"","format":"standard","meta":{"post_tipo":"news_page","footnotes":""},"categories":[220189],"tags":[],"tax_estado":[219969],"class_list":["post-492001","post","type-post","status-publish","format-standard","has-post-thumbnail","hentry","category-policial-guarda-civis","tax_estado-ce"],"acf":[],"yoast_head":"<!-- This site is optimized with the Yoast SEO Premium plugin v27.2 (Yoast SEO v27.2) - https:\/\/yoast.com\/product\/yoast-seo-premium-wordpress\/ -->\n<title>Concurso Guarda de Eus\u00e9bio CE: convoca\u00e7\u00e3o para matr\u00edcula no CFP!<\/title>\n<meta name=\"description\" content=\"Concurso Guarda de Eus\u00e9bio CE: convoca\u00e7\u00e3o para a matr\u00edcula no curso de forma\u00e7\u00e3o. Sele\u00e7\u00e3o ofertou 100 vagas imediatas + 150 CR! Confira!\" \/>\n<meta name=\"robots\" content=\"index, follow, max-snippet:-1, max-image-preview:large, max-video-preview:-1\" \/>\n<link rel=\"canonical\" href=\"https:\/\/www.estrategiaconcursos.com.br\/blog\/concurso-guarda-de-eusebio-ce\/\" \/>\n<meta property=\"og:locale\" content=\"pt_BR\" \/>\n<meta property=\"og:type\" content=\"article\" \/>\n<meta property=\"og:title\" content=\"Concurso Guarda de Eus\u00e9bio CE: convoca\u00e7\u00e3o para matr\u00edcula no CFP!\" \/>\n<meta property=\"og:description\" content=\"Concurso Guarda de Eus\u00e9bio CE: convoca\u00e7\u00e3o para a matr\u00edcula no curso de forma\u00e7\u00e3o. Sele\u00e7\u00e3o ofertou 100 vagas imediatas + 150 CR! Confira!\" \/>\n<meta property=\"og:url\" content=\"https:\/\/www.estrategiaconcursos.com.br\/blog\/concurso-guarda-de-eusebio-ce\/\" \/>\n<meta property=\"og:site_name\" content=\"Estrat\u00e9gia Concursos\" \/>\n<meta property=\"article:author\" content=\"https:\/\/www.facebook.com\/EstrategiaConcursos\" \/>\n<meta property=\"article:published_time\" content=\"2022-01-04T20:03:00+00:00\" \/>\n<meta property=\"article:modified_time\" content=\"2022-02-02T20:05:42+00:00\" \/>\n<meta property=\"og:image\" content=\"https:\/\/dhg1h5j42swfq.cloudfront.net\/2020\/08\/02170037\/guarda-municipal-de-eusebio-ce.png\" \/>\n\t<meta property=\"og:image:width\" content=\"300\" \/>\n\t<meta property=\"og:image:height\" content=\"300\" \/>\n\t<meta property=\"og:image:type\" content=\"image\/png\" \/>\n<meta name=\"author\" content=\"Coordena\u00e7\u00e3o\" \/>\n<meta name=\"twitter:card\" content=\"summary_large_image\" \/>\n<meta name=\"twitter:creator\" content=\"@EstratConcursos\" \/>\n<meta name=\"twitter:site\" content=\"@EstratConcursos\" \/>\n<meta name=\"twitter:label1\" content=\"Escrito por\" \/>\n\t<meta name=\"twitter:data1\" content=\"Coordena\u00e7\u00e3o\" \/>\n\t<meta name=\"twitter:label2\" content=\"Est. tempo de leitura\" \/>\n\t<meta name=\"twitter:data2\" content=\"4 minutos\" \/>\n<script type=\"application\/ld+json\" class=\"yoast-schema-graph\">{\"@context\":\"https:\/\/schema.org\",\"@graph\":[{\"@type\":\"NewsArticle\",\"@id\":\"https:\/\/www.estrategiaconcursos.com.br\/blog\/concurso-guarda-de-eusebio-ce\/#article\",\"isPartOf\":{\"@id\":\"https:\/\/www.estrategiaconcursos.com.br\/blog\/concurso-guarda-de-eusebio-ce\/\"},\"author\":{\"name\":\"Coordena\u00e7\u00e3o\",\"@id\":\"https:\/\/www.estrategiaconcursos.com.br\/blog\/#\/schema\/person\/b4a388c97673c5f483d72185668afa1f\"},\"headline\":\"Concurso Guarda de Eus\u00e9bio CE: convoca\u00e7\u00e3o para matr\u00edcula no CFP!\",\"datePublished\":\"2022-01-04T20:03:00+00:00\",\"dateModified\":\"2022-02-02T20:05:42+00:00\",\"mainEntityOfPage\":{\"@id\":\"https:\/\/www.estrategiaconcursos.com.br\/blog\/concurso-guarda-de-eusebio-ce\/\"},\"wordCount\":625,\"commentCount\":27,\"publisher\":{\"@id\":\"https:\/\/www.estrategiaconcursos.com.br\/blog\/#organization\"},\"image\":{\"@id\":\"https:\/\/www.estrategiaconcursos.com.br\/blog\/concurso-guarda-de-eusebio-ce\/#primaryimage\"},\"thumbnailUrl\":\"https:\/\/dhg1h5j42swfq.cloudfront.net\/2020\/08\/02170037\/guarda-municipal-de-eusebio-ce.png\",\"articleSection\":[\"Policial (Guardas Civis)\"],\"inLanguage\":\"pt-BR\",\"potentialAction\":[{\"@type\":\"CommentAction\",\"name\":\"Comment\",\"target\":[\"https:\/\/www.estrategiaconcursos.com.br\/blog\/concurso-guarda-de-eusebio-ce\/#respond\"]}],\"copyrightYear\":\"2022\",\"copyrightHolder\":{\"@id\":\"https:\/\/www.estrategiaconcursos.com.br\/blog\/#organization\"}},{\"@type\":\"WebPage\",\"@id\":\"https:\/\/www.estrategiaconcursos.com.br\/blog\/concurso-guarda-de-eusebio-ce\/\",\"url\":\"https:\/\/www.estrategiaconcursos.com.br\/blog\/concurso-guarda-de-eusebio-ce\/\",\"name\":\"Concurso Guarda de Eus\u00e9bio CE: convoca\u00e7\u00e3o para matr\u00edcula no CFP!\",\"isPartOf\":{\"@id\":\"https:\/\/www.estrategiaconcursos.com.br\/blog\/#website\"},\"primaryImageOfPage\":{\"@id\":\"https:\/\/www.estrategiaconcursos.com.br\/blog\/concurso-guarda-de-eusebio-ce\/#primaryimage\"},\"image\":{\"@id\":\"https:\/\/www.estrategiaconcursos.com.br\/blog\/concurso-guarda-de-eusebio-ce\/#primaryimage\"},\"thumbnailUrl\":\"https:\/\/dhg1h5j42swfq.cloudfront.net\/2020\/08\/02170037\/guarda-municipal-de-eusebio-ce.png\",\"datePublished\":\"2022-01-04T20:03:00+00:00\",\"dateModified\":\"2022-02-02T20:05:42+00:00\",\"description\":\"Concurso Guarda de Eus\u00e9bio CE: convoca\u00e7\u00e3o para a matr\u00edcula no curso de forma\u00e7\u00e3o. Sele\u00e7\u00e3o ofertou 100 vagas imediatas + 150 CR! Confira!\",\"breadcrumb\":{\"@id\":\"https:\/\/www.estrategiaconcursos.com.br\/blog\/concurso-guarda-de-eusebio-ce\/#breadcrumb\"},\"inLanguage\":\"pt-BR\",\"potentialAction\":[{\"@type\":\"ReadAction\",\"target\":[\"https:\/\/www.estrategiaconcursos.com.br\/blog\/concurso-guarda-de-eusebio-ce\/\"]}]},{\"@type\":\"ImageObject\",\"inLanguage\":\"pt-BR\",\"@id\":\"https:\/\/www.estrategiaconcursos.com.br\/blog\/concurso-guarda-de-eusebio-ce\/#primaryimage\",\"url\":\"https:\/\/dhg1h5j42swfq.cloudfront.net\/2020\/08\/02170037\/guarda-municipal-de-eusebio-ce.png\",\"contentUrl\":\"https:\/\/dhg1h5j42swfq.cloudfront.net\/2020\/08\/02170037\/guarda-municipal-de-eusebio-ce.png\",\"width\":300,\"height\":300},{\"@type\":\"BreadcrumbList\",\"@id\":\"https:\/\/www.estrategiaconcursos.com.br\/blog\/concurso-guarda-de-eusebio-ce\/#breadcrumb\",\"itemListElement\":[{\"@type\":\"ListItem\",\"position\":1,\"name\":\"In\u00edcio\",\"item\":\"https:\/\/www.estrategiaconcursos.com.br\/blog\/\"},{\"@type\":\"ListItem\",\"position\":2,\"name\":\"Concurso Guarda de Eus\u00e9bio CE: convoca\u00e7\u00e3o para matr\u00edcula no CFP!\"}]},{\"@type\":\"WebSite\",\"@id\":\"https:\/\/www.estrategiaconcursos.com.br\/blog\/#website\",\"url\":\"https:\/\/www.estrategiaconcursos.com.br\/blog\/\",\"name\":\"Estrat\u00e9gia Concursos\",\"description\":\"O blog da Estrat\u00e9gia Concursos traz not\u00edcias sobre concursos e artigos de professores oferecendo cursos para concursos (pdf + videaulas) no site.\",\"publisher\":{\"@id\":\"https:\/\/www.estrategiaconcursos.com.br\/blog\/#organization\"},\"potentialAction\":[{\"@type\":\"SearchAction\",\"target\":{\"@type\":\"EntryPoint\",\"urlTemplate\":\"https:\/\/www.estrategiaconcursos.com.br\/blog\/?s={search_term_string}\"},\"query-input\":{\"@type\":\"PropertyValueSpecification\",\"valueRequired\":true,\"valueName\":\"search_term_string\"}}],\"inLanguage\":\"pt-BR\"},{\"@type\":\"Organization\",\"@id\":\"https:\/\/www.estrategiaconcursos.com.br\/blog\/#organization\",\"name\":\"Estrat\u00e9gia Concursos\",\"url\":\"https:\/\/www.estrategiaconcursos.com.br\/blog\/\",\"logo\":{\"@type\":\"ImageObject\",\"inLanguage\":\"pt-BR\",\"@id\":\"https:\/\/www.estrategiaconcursos.com.br\/blog\/#\/schema\/logo\/image\/\",\"url\":\"https:\/\/dhg1h5j42swfq.cloudfront.net\/2025\/06\/03203428\/logo_concursos-1.jpg\",\"contentUrl\":\"https:\/\/dhg1h5j42swfq.cloudfront.net\/2025\/06\/03203428\/logo_concursos-1.jpg\",\"width\":230,\"height\":60,\"caption\":\"Estrat\u00e9gia Concursos\"},\"image\":{\"@id\":\"https:\/\/www.estrategiaconcursos.com.br\/blog\/#\/schema\/logo\/image\/\"},\"sameAs\":[\"https:\/\/x.com\/EstratConcursos\"]},{\"@type\":\"Person\",\"@id\":\"https:\/\/www.estrategiaconcursos.com.br\/blog\/#\/schema\/person\/b4a388c97673c5f483d72185668afa1f\",\"name\":\"Coordena\u00e7\u00e3o\",\"image\":{\"@type\":\"ImageObject\",\"inLanguage\":\"pt-BR\",\"@id\":\"https:\/\/secure.gravatar.com\/avatar\/b720319e4c9a967eb58678d110f4fe35452fc5d5f97b202bac7b8acceb18c6ad?s=96&d=mm&r=g\",\"url\":\"https:\/\/secure.gravatar.com\/avatar\/b720319e4c9a967eb58678d110f4fe35452fc5d5f97b202bac7b8acceb18c6ad?s=96&d=mm&r=g\",\"contentUrl\":\"https:\/\/secure.gravatar.com\/avatar\/b720319e4c9a967eb58678d110f4fe35452fc5d5f97b202bac7b8acceb18c6ad?s=96&d=mm&r=g\",\"caption\":\"Coordena\u00e7\u00e3o\"},\"sameAs\":[\"https:\/\/www.facebook.com\/EstrategiaConcursos\",\"https:\/\/x.com\/EstratConcursos\"],\"url\":\"https:\/\/www.estrategiaconcursos.com.br\/blog\/author\/estrategia2013\/\"}]}<\/script>\n<!-- \/ Yoast SEO Premium plugin. -->","yoast_head_json":{"title":"Concurso Guarda de Eus\u00e9bio CE: convoca\u00e7\u00e3o para matr\u00edcula no CFP!","description":"Concurso Guarda de Eus\u00e9bio CE: convoca\u00e7\u00e3o para a matr\u00edcula no curso de forma\u00e7\u00e3o. Sele\u00e7\u00e3o ofertou 100 vagas imediatas + 150 CR! Confira!","robots":{"index":"index","follow":"follow","max-snippet":"max-snippet:-1","max-image-preview":"max-image-preview:large","max-video-preview":"max-video-preview:-1"},"canonical":"https:\/\/www.estrategiaconcursos.com.br\/blog\/concurso-guarda-de-eusebio-ce\/","og_locale":"pt_BR","og_type":"article","og_title":"Concurso Guarda de Eus\u00e9bio CE: convoca\u00e7\u00e3o para matr\u00edcula no CFP!","og_description":"Concurso Guarda de Eus\u00e9bio CE: convoca\u00e7\u00e3o para a matr\u00edcula no curso de forma\u00e7\u00e3o. Sele\u00e7\u00e3o ofertou 100 vagas imediatas + 150 CR! Confira!","og_url":"https:\/\/www.estrategiaconcursos.com.br\/blog\/concurso-guarda-de-eusebio-ce\/","og_site_name":"Estrat\u00e9gia Concursos","article_author":"https:\/\/www.facebook.com\/EstrategiaConcursos","article_published_time":"2022-01-04T20:03:00+00:00","article_modified_time":"2022-02-02T20:05:42+00:00","og_image":[{"width":300,"height":300,"url":"https:\/\/dhg1h5j42swfq.cloudfront.net\/2020\/08\/02170037\/guarda-municipal-de-eusebio-ce.png","type":"image\/png"}],"author":"Coordena\u00e7\u00e3o","twitter_card":"summary_large_image","twitter_creator":"@EstratConcursos","twitter_site":"@EstratConcursos","twitter_misc":{"Escrito por":"Coordena\u00e7\u00e3o","Est. tempo de leitura":"4 minutos"},"schema":{"@context":"https:\/\/schema.org","@graph":[{"@type":"NewsArticle","@id":"https:\/\/www.estrategiaconcursos.com.br\/blog\/concurso-guarda-de-eusebio-ce\/#article","isPartOf":{"@id":"https:\/\/www.estrategiaconcursos.com.br\/blog\/concurso-guarda-de-eusebio-ce\/"},"author":{"name":"Coordena\u00e7\u00e3o","@id":"https:\/\/www.estrategiaconcursos.com.br\/blog\/#\/schema\/person\/b4a388c97673c5f483d72185668afa1f"},"headline":"Concurso Guarda de Eus\u00e9bio CE: convoca\u00e7\u00e3o para matr\u00edcula no CFP!","datePublished":"2022-01-04T20:03:00+00:00","dateModified":"2022-02-02T20:05:42+00:00","mainEntityOfPage":{"@id":"https:\/\/www.estrategiaconcursos.com.br\/blog\/concurso-guarda-de-eusebio-ce\/"},"wordCount":625,"commentCount":27,"publisher":{"@id":"https:\/\/www.estrategiaconcursos.com.br\/blog\/#organization"},"image":{"@id":"https:\/\/www.estrategiaconcursos.com.br\/blog\/concurso-guarda-de-eusebio-ce\/#primaryimage"},"thumbnailUrl":"https:\/\/dhg1h5j42swfq.cloudfront.net\/2020\/08\/02170037\/guarda-municipal-de-eusebio-ce.png","articleSection":["Policial (Guardas Civis)"],"inLanguage":"pt-BR","potentialAction":[{"@type":"CommentAction","name":"Comment","target":["https:\/\/www.estrategiaconcursos.com.br\/blog\/concurso-guarda-de-eusebio-ce\/#respond"]}],"copyrightYear":"2022","copyrightHolder":{"@id":"https:\/\/www.estrategiaconcursos.com.br\/blog\/#organization"}},{"@type":"WebPage","@id":"https:\/\/www.estrategiaconcursos.com.br\/blog\/concurso-guarda-de-eusebio-ce\/","url":"https:\/\/www.estrategiaconcursos.com.br\/blog\/concurso-guarda-de-eusebio-ce\/","name":"Concurso Guarda de Eus\u00e9bio CE: convoca\u00e7\u00e3o para matr\u00edcula no CFP!","isPartOf":{"@id":"https:\/\/www.estrategiaconcursos.com.br\/blog\/#website"},"primaryImageOfPage":{"@id":"https:\/\/www.estrategiaconcursos.com.br\/blog\/concurso-guarda-de-eusebio-ce\/#primaryimage"},"image":{"@id":"https:\/\/www.estrategiaconcursos.com.br\/blog\/concurso-guarda-de-eusebio-ce\/#primaryimage"},"thumbnailUrl":"https:\/\/dhg1h5j42swfq.cloudfront.net\/2020\/08\/02170037\/guarda-municipal-de-eusebio-ce.png","datePublished":"2022-01-04T20:03:00+00:00","dateModified":"2022-02-02T20:05:42+00:00","description":"Concurso Guarda de Eus\u00e9bio CE: convoca\u00e7\u00e3o para a matr\u00edcula no curso de forma\u00e7\u00e3o. Sele\u00e7\u00e3o ofertou 100 vagas imediatas + 150 CR! Confira!","breadcrumb":{"@id":"https:\/\/www.estrategiaconcursos.com.br\/blog\/concurso-guarda-de-eusebio-ce\/#breadcrumb"},"inLanguage":"pt-BR","potentialAction":[{"@type":"ReadAction","target":["https:\/\/www.estrategiaconcursos.com.br\/blog\/concurso-guarda-de-eusebio-ce\/"]}]},{"@type":"ImageObject","inLanguage":"pt-BR","@id":"https:\/\/www.estrategiaconcursos.com.br\/blog\/concurso-guarda-de-eusebio-ce\/#primaryimage","url":"https:\/\/dhg1h5j42swfq.cloudfront.net\/2020\/08\/02170037\/guarda-municipal-de-eusebio-ce.png","contentUrl":"https:\/\/dhg1h5j42swfq.cloudfront.net\/2020\/08\/02170037\/guarda-municipal-de-eusebio-ce.png","width":300,"height":300},{"@type":"BreadcrumbList","@id":"https:\/\/www.estrategiaconcursos.com.br\/blog\/concurso-guarda-de-eusebio-ce\/#breadcrumb","itemListElement":[{"@type":"ListItem","position":1,"name":"In\u00edcio","item":"https:\/\/www.estrategiaconcursos.com.br\/blog\/"},{"@type":"ListItem","position":2,"name":"Concurso Guarda de Eus\u00e9bio CE: convoca\u00e7\u00e3o para matr\u00edcula no CFP!"}]},{"@type":"WebSite","@id":"https:\/\/www.estrategiaconcursos.com.br\/blog\/#website","url":"https:\/\/www.estrategiaconcursos.com.br\/blog\/","name":"Estrat\u00e9gia Concursos","description":"O blog da Estrat\u00e9gia Concursos traz not\u00edcias sobre concursos e artigos de professores oferecendo cursos para concursos (pdf + videaulas) no site.","publisher":{"@id":"https:\/\/www.estrategiaconcursos.com.br\/blog\/#organization"},"potentialAction":[{"@type":"SearchAction","target":{"@type":"EntryPoint","urlTemplate":"https:\/\/www.estrategiaconcursos.com.br\/blog\/?s={search_term_string}"},"query-input":{"@type":"PropertyValueSpecification","valueRequired":true,"valueName":"search_term_string"}}],"inLanguage":"pt-BR"},{"@type":"Organization","@id":"https:\/\/www.estrategiaconcursos.com.br\/blog\/#organization","name":"Estrat\u00e9gia Concursos","url":"https:\/\/www.estrategiaconcursos.com.br\/blog\/","logo":{"@type":"ImageObject","inLanguage":"pt-BR","@id":"https:\/\/www.estrategiaconcursos.com.br\/blog\/#\/schema\/logo\/image\/","url":"https:\/\/dhg1h5j42swfq.cloudfront.net\/2025\/06\/03203428\/logo_concursos-1.jpg","contentUrl":"https:\/\/dhg1h5j42swfq.cloudfront.net\/2025\/06\/03203428\/logo_concursos-1.jpg","width":230,"height":60,"caption":"Estrat\u00e9gia Concursos"},"image":{"@id":"https:\/\/www.estrategiaconcursos.com.br\/blog\/#\/schema\/logo\/image\/"},"sameAs":["https:\/\/x.com\/EstratConcursos"]},{"@type":"Person","@id":"https:\/\/www.estrategiaconcursos.com.br\/blog\/#\/schema\/person\/b4a388c97673c5f483d72185668afa1f","name":"Coordena\u00e7\u00e3o","image":{"@type":"ImageObject","inLanguage":"pt-BR","@id":"https:\/\/secure.gravatar.com\/avatar\/b720319e4c9a967eb58678d110f4fe35452fc5d5f97b202bac7b8acceb18c6ad?s=96&d=mm&r=g","url":"https:\/\/secure.gravatar.com\/avatar\/b720319e4c9a967eb58678d110f4fe35452fc5d5f97b202bac7b8acceb18c6ad?s=96&d=mm&r=g","contentUrl":"https:\/\/secure.gravatar.com\/avatar\/b720319e4c9a967eb58678d110f4fe35452fc5d5f97b202bac7b8acceb18c6ad?s=96&d=mm&r=g","caption":"Coordena\u00e7\u00e3o"},"sameAs":["https:\/\/www.facebook.com\/EstrategiaConcursos","https:\/\/x.com\/EstratConcursos"],"url":"https:\/\/www.estrategiaconcursos.com.br\/blog\/author\/estrategia2013\/"}]}},"_links":{"self":[{"href":"https:\/\/www.estrategiaconcursos.com.br\/blog\/wp-json\/wp\/v2\/posts\/492001","targetHints":{"allow":["GET"]}}],"collection":[{"href":"https:\/\/www.estrategiaconcursos.com.br\/blog\/wp-json\/wp\/v2\/posts"}],"about":[{"href":"https:\/\/www.estrategiaconcursos.com.br\/blog\/wp-json\/wp\/v2\/types\/post"}],"author":[{"embeddable":true,"href":"https:\/\/www.estrategiaconcursos.com.br\/blog\/wp-json\/wp\/v2\/users\/1"}],"replies":[{"embeddable":true,"href":"https:\/\/www.estrategiaconcursos.com.br\/blog\/wp-json\/wp\/v2\/comments?post=492001"}],"version-history":[{"count":19,"href":"https:\/\/www.estrategiaconcursos.com.br\/blog\/wp-json\/wp\/v2\/posts\/492001\/revisions"}],"predecessor-version":[{"id":960479,"href":"https:\/\/www.estrategiaconcursos.com.br\/blog\/wp-json\/wp\/v2\/posts\/492001\/revisions\/960479"}],"wp:featuredmedia":[{"embeddable":true,"href":"https:\/\/www.estrategiaconcursos.com.br\/blog\/wp-json\/wp\/v2\/media\/960471"}],"wp:attachment":[{"href":"https:\/\/www.estrategiaconcursos.com.br\/blog\/wp-json\/wp\/v2\/media?parent=492001"}],"wp:term":[{"taxonomy":"category","embeddable":true,"href":"https:\/\/www.estrategiaconcursos.com.br\/blog\/wp-json\/wp\/v2\/categories?post=492001"},{"taxonomy":"post_tag","embeddable":true,"href":"https:\/\/www.estrategiaconcursos.com.br\/blog\/wp-json\/wp\/v2\/tags?post=492001"},{"taxonomy":"tax_estado","embeddable":true,"href":"https:\/\/www.estrategiaconcursos.com.br\/blog\/wp-json\/wp\/v2\/tax_estado?post=492001"}],"curies":[{"name":"wp","href":"https:\/\/api.w.org\/{rel}","templated":true}]}}