{"id":491886,"date":"2026-04-14T08:58:00","date_gmt":"2026-04-14T11:58:00","guid":{"rendered":"https:\/\/www.estrategiaconcursos.com.br\/blog\/?p=491886"},"modified":"2026-04-14T15:39:58","modified_gmt":"2026-04-14T18:39:58","slug":"concurso-mp-ap","status":"publish","type":"post","link":"https:\/\/www.estrategiaconcursos.com.br\/blog\/concurso-mp-ap\/","title":{"rendered":"Concurso MP AP: resultados divulgados!"},"content":{"rendered":"\n<p>O concurso para servidores do <strong><a href=\"https:\/\/www.estrategiaconcursos.com.br\/cursosPorConcurso\/ministerio-publico-do-amapa-mp-ap\/\" target=\"_blank\" rel=\"noreferrer noopener\">Minist\u00e9rio P\u00fablico do Estado do Amap\u00e1<\/a> (MP AP)<\/strong> oferece <strong>15 vagas mais cadastro de reserva<\/strong> para os cargos de analista e t\u00e9cnico ministerial, de n\u00edveis m\u00e9dio e superior de escolaridade. <\/p>\n\n\n\n<p>Os iniciais variam de <strong>R$ 5.861,38 a R$ 7.978,05<\/strong>. Os valores atra\u00edram, em parte, o interesse de 31.253 inscritos!<\/p>\n\n\n\n<p>Os candidatos foram avaliados por meio de <strong>prova objetiva<\/strong> no dia <strong>18 de janeiro de 2026.<\/strong> Os <a href=\"https:\/\/www.concursosfcc.com.br\/rybena\/web\/index.html?file=https:\/\/www.concursosfcc.com.br\/concursos\/mpeap125\/1_habs_disc_class_preliminar.pdf\"><\/a><a href=\"https:\/\/dhg1h5j42swfq.cloudfront.net\/2026\/04\/14153437\/definitivo.pdf\" target=\"_blank\" rel=\"noreferrer noopener\">Resultados definitivos <\/a> j\u00e1 est\u00e3o dispon\u00edveis!<\/p>\n\n\n\n<p>Confira mais detalhes no artigo!<\/p>\n\n\n\n<ul id=\"block-1c25dbb6-3d50-4480-9da8-a10738a32581\" class=\"wp-block-list has-very-light-gray-to-cyan-bluish-gray-gradient-background has-background\">\n<li><strong>Concurso MP AP<\/strong><\/li>\n\n\n\n<li><strong>Status:<\/strong> resultados divulgados<\/li>\n\n\n\n<li><strong>Banca:&nbsp;<\/strong><a href=\"https:\/\/www.concursosfcc.com.br\/concursos\/mpeap125\/index.html\" target=\"_blank\" rel=\"noreferrer noopener\">FCC<\/a><\/li>\n\n\n\n<li><strong>Vagas:&nbsp;<\/strong>15 + CR<\/li>\n\n\n\n<li><strong>Sal\u00e1rio inicial:<\/strong> R$ 5.861,38 a R$ 7.978,05<\/li>\n\n\n\n<li><strong>Edital: <\/strong><a href=\"https:\/\/dhg1h5j42swfq.cloudfront.net\/2025\/09\/22181144\/mp-ap-2025.pdf\">MP AP 2025<\/a> | <a href=\"https:\/\/www.concursosfcc.com.br\/rybena\/web\/index.html?file=https:\/\/www.concursosfcc.com.br\/concursos\/mpeap125\/mpeap125_n0_02_retificacao.pdf\">Retifica\u00e7\u00e3o<\/a><\/li>\n<\/ul>\n\n\n\n<p class=\"has-text-align-center has-very-light-gray-to-cyan-bluish-gray-gradient-background has-background\">Est\u00e1 se preparando para concursos e quer estudar por um curso que garanta grandes chances de aprova\u00e7\u00e3o? Ent\u00e3o, confira nosso curso exclusivo para este certame e saiba que <strong>os \u00edndices do Estrat\u00e9gia<\/strong> variam entre <strong>40% e 70% dos aprovados<\/strong> nos concursos de tribunais e MPs! <\/p>\n\n\n\n<div class=\"container\" id=\"boxes\">\n  <div class=\"row\">\n\n    <div class=\"col-sm\">\n      <div class=\"banner-tribunal\" id=\"box-assinatura\">\n        <h2 class=\"titulo-assinatura\"><span style=\"color: #ffffff;\">Cursos para MP-AP<\/span><\/h2>\n        <p class=\"subtitulo-assinatura\">Conhe\u00e7a os cursos<\/p>\n        <div class=\"box-botao\">\n          <a class=\"btn-assinatura\" target=\"_blank\" href=\"https:\/\/www.estrategiaconcursos.com.br\/cursosPorConcurso\/ministerio-publico-do-amapa-mp-ap\/\" role=\"button\" rel=\"noopener noreferrer\">Conhe\u00e7a mais<\/a>\n        <\/div>\n      <\/div>\n   \n    <\/div>\n\n  <\/div>\n<\/div>\n\n\n\n<ul class=\"wp-block-list\">\n<li><a href=\"#situacao-atual-concurso-mp-ap\"><strong>Situa\u00e7\u00e3o atual do concurso<\/strong><\/a>\n<ul class=\"wp-block-list\">\n<li><a href=\"#h-principais-datas\"><strong>Resultados<\/strong><\/a><\/li>\n\n\n\n<li><a href=\"#inscritos\"><strong>Inscritos<\/strong><\/a><\/li>\n\n\n\n<li><a href=\"#cargos-vagas\"><strong>Cargos, vagas e remunera\u00e7\u00f5es<\/strong><\/a><\/li>\n\n\n\n<li><a href=\"#h-requisitos-do-cargos\"><strong>Requisitos<\/strong><\/a><\/li>\n\n\n\n<li><a href=\"#etapas\"><strong>Etapas e provas<\/strong><\/a><\/li>\n<\/ul>\n<\/li>\n\n\n\n<li><strong><a href=\"#carreira\">Carreira<\/a> <\/strong>\n<ul class=\"wp-block-list\">\n<li><strong><a href=\"#vagos\">Cargos vagos<\/a><\/strong><\/li>\n\n\n\n<li><a href=\"#h-estrutura-remuneratoria\"><strong>Estrutura remunerat\u00f3ria<\/strong><\/a><\/li>\n<\/ul>\n<\/li>\n\n\n\n<li><strong><a href=\"#ultimo\">\u00daltimo concurso<\/a><\/strong><\/li>\n\n\n\n<li><strong><a href=\"#edital-estrategico\" target=\"_blank\" rel=\"noreferrer noopener\">Edital Estrat\u00e9gico<\/a><\/strong><\/li>\n\n\n\n<li><a href=\"#curso\"><strong>Cursos<\/strong><\/a><\/li>\n\n\n\n<li><a href=\"#ficha\"><strong>Ficha T\u00e9cnica<\/strong><\/a><\/li>\n<\/ul>\n\n\n\n<h2 class=\"wp-block-heading\" id=\"situacao-atual-concurso-mp-ap\">Concurso MP AP: situa\u00e7\u00e3o atual <\/h2>\n\n\n\n<h3 class=\"wp-block-heading\" id=\"h-resultados\">Resultados<\/h3>\n\n\n\n<ul class=\"wp-block-list\">\n<li><a href=\"https:\/\/dhg1h5j42swfq.cloudfront.net\/2026\/04\/14153437\/definitivo.pdf\" target=\"_blank\" rel=\"noreferrer noopener\">Resultados definitivos &#8211; objetiva e discursiva.<\/a><\/li>\n<\/ul>\n\n\n\n<p><strong>Pr\u00f3ximas etapas<\/strong><\/p>\n\n\n\n<p><strong>14\/04\/2026<\/strong><br \/>&#8211; Publica\u00e7\u00e3o do Resultado Definitivo das Provas Objetivas e Discursivas<br \/>&#8211; Publica\u00e7\u00e3o do Edital de Convoca\u00e7\u00e3o para a Comiss\u00e3o de Heteroidentifica\u00e7\u00e3o dos candidatos autodeclarados negros.<\/p>\n\n\n\n<p><strong>25\/04\/2026 e 26\/04\/2026<\/strong><br \/>&#8211; Realiza\u00e7\u00e3o da Comiss\u00e3o de Heteroidentifica\u00e7\u00e3o dos candidatos autodeclarados negros.<\/p>\n\n\n\n<p><strong>06\/05\/2026<\/strong><br \/>&#8211; Publica\u00e7\u00e3o do Resultado Preliminar da Comiss\u00e3o de Heteroidentifica\u00e7\u00e3o.<\/p>\n\n\n\n<p><strong>07\/05\/2026 a 08\/05\/2026<\/strong><br \/>&#8211; Prazo para interposi\u00e7\u00e3o de recursos contra o resultado preliminar da Comiss\u00e3o de Heteroidentifica\u00e7\u00e3o.<\/p>\n\n\n\n<p><strong>28\/05\/2026<\/strong><br \/>&#8211; Publica\u00e7\u00e3o do Resultado Definitivo da Comiss\u00e3o de Heteroidentifica\u00e7\u00e3o<br \/>&#8211; Publica\u00e7\u00e3o do Resultado Final do Concurso.<\/p>\n\n\n\n<h3 class=\"wp-block-heading\" id=\"h-inscritos-no-concurso-mp-ap\">Inscritos no concurso MP AP<\/h3>\n\n\n\n<figure class=\"wp-block-table is-style-stripes\"><table class=\"has-fixed-layout\"><thead><tr><th>Cargo \/ Especialidade<\/th><th class=\"has-text-align-center\" data-align=\"center\">Geral<\/th><th class=\"has-text-align-center\" data-align=\"center\">Negros<\/th><th class=\"has-text-align-center\" data-align=\"center\">PCD<\/th><\/tr><\/thead><tbody><tr><td><strong>A01 &#8211; T\u00e9cnico Ministerial &#8211; Apoio Administrativo<\/strong><\/td><td class=\"has-text-align-center\" data-align=\"center\">20.376<\/td><td class=\"has-text-align-center\" data-align=\"center\">5.185<\/td><td class=\"has-text-align-center\" data-align=\"center\">529<\/td><\/tr><tr><td><strong>B02 &#8211; T\u00e9cnico Ministerial &#8211; T\u00e9cnico de Inform\u00e1tica<\/strong><\/td><td class=\"has-text-align-center\" data-align=\"center\">688<\/td><td class=\"has-text-align-center\" data-align=\"center\">239<\/td><td class=\"has-text-align-center\" data-align=\"center\">18<\/td><\/tr><tr><td><strong>C03 &#8211; Analista Ministerial &#8211; Psicologia<\/strong><\/td><td class=\"has-text-align-center\" data-align=\"center\">505<\/td><td class=\"has-text-align-center\" data-align=\"center\">119<\/td><td class=\"has-text-align-center\" data-align=\"center\">21<\/td><\/tr><tr><td><strong>D04 &#8211; Analista Ministerial &#8211; Servi\u00e7o Social<\/strong><\/td><td class=\"has-text-align-center\" data-align=\"center\">475<\/td><td class=\"has-text-align-center\" data-align=\"center\">149<\/td><td class=\"has-text-align-center\" data-align=\"center\">14<\/td><\/tr><tr><td><strong>E05 &#8211; Analista Ministerial &#8211; Administra\u00e7\u00e3o<\/strong><\/td><td class=\"has-text-align-center\" data-align=\"center\">773<\/td><td class=\"has-text-align-center\" data-align=\"center\">251<\/td><td class=\"has-text-align-center\" data-align=\"center\">24<\/td><\/tr><tr><td><strong>F06 &#8211; Analista Ministerial &#8211; Arquitetura<\/strong><\/td><td class=\"has-text-align-center\" data-align=\"center\">309<\/td><td class=\"has-text-align-center\" data-align=\"center\">57<\/td><td class=\"has-text-align-center\" data-align=\"center\">5<\/td><\/tr><tr><td><strong>G07 &#8211; Analista Ministerial &#8211; Ci\u00eancias Cont\u00e1beis<\/strong><\/td><td class=\"has-text-align-center\" data-align=\"center\">313<\/td><td class=\"has-text-align-center\" data-align=\"center\">95<\/td><td class=\"has-text-align-center\" data-align=\"center\">7<\/td><\/tr><tr><td><strong>H08 &#8211; Analista Ministerial &#8211; Engenharia Civil<\/strong><\/td><td class=\"has-text-align-center\" data-align=\"center\">264<\/td><td class=\"has-text-align-center\" data-align=\"center\">57<\/td><td class=\"has-text-align-center\" data-align=\"center\">6<\/td><\/tr><tr><td><strong>I09 &#8211; Analista Ministerial &#8211; Tecnologia da Informa\u00e7\u00e3o<\/strong><\/td><td class=\"has-text-align-center\" data-align=\"center\">583<\/td><td class=\"has-text-align-center\" data-align=\"center\">169<\/td><td class=\"has-text-align-center\" data-align=\"center\">22<\/td><\/tr><tr><td><strong>TOTAL<\/strong><\/td><td class=\"has-text-align-center\" data-align=\"center\"><strong>24.286<\/strong><\/td><td class=\"has-text-align-center\" data-align=\"center\"><strong>6.321<\/strong><\/td><td class=\"has-text-align-center\" data-align=\"center\"><strong>646<\/strong><\/td><\/tr><\/tbody><\/table><figcaption class=\"wp-element-caption\">N\u00famero de inscritos no concurso MP AP<\/figcaption><\/figure>\n\n\n\n<h3 class=\"wp-block-heading\" id=\"cargos-vagas\">Cargos, vagas e remunera\u00e7\u00f5es<\/h3>\n\n\n\n<figure class=\"wp-block-table is-style-stripes\"><table class=\"has-fixed-layout\"><thead><tr><th class=\"has-text-align-center\" data-align=\"center\">CARGOS<\/th><th class=\"has-text-align-center\" data-align=\"center\">VAGAS<\/th><th class=\"has-text-align-center\" data-align=\"center\">SAL\u00c1RIO<\/th><\/tr><\/thead><tbody><tr><td class=\"has-text-align-center\" data-align=\"center\">T\u00e9cnico Ministerial \u2013<br \/>Especialidade: Apoio<br \/>Administrativo<\/td><td class=\"has-text-align-center\" data-align=\"center\">10 + CR<\/td><td class=\"has-text-align-center\" data-align=\"center\">R$ 5.861,38<\/td><\/tr><tr><td class=\"has-text-align-center\" data-align=\"center\">T\u00e9cnico Ministerial \u2013<br \/>Especialidade: T\u00e9cnico de<br \/>Inform\u00e1tica<\/td><td class=\"has-text-align-center\" data-align=\"center\">1 + CR<\/td><td class=\"has-text-align-center\" data-align=\"center\">R$ 5.861,38<\/td><\/tr><tr><td class=\"has-text-align-center\" data-align=\"center\">Analista Ministerial \u2013<br \/>Especialidade: Psicologia, Servi\u00e7o Social, Administra\u00e7\u00e3o, Arquitetura, Ci\u00eancias Cont\u00e1beis, Engenharia Civil e Tecnologia da Informa\u00e7\u00e3o<\/td><td class=\"has-text-align-center\" data-align=\"center\">4 + CR<\/td><td class=\"has-text-align-center\" data-align=\"center\">R$ 7.978,05<\/td><\/tr><\/tbody><\/table><\/figure>\n\n\n\n<h3 class=\"wp-block-heading\" id=\"h-requisitos-do-cargos\">Requisitos do cargos <\/h3>\n\n\n\n<p><strong>T\u00e9cnico Ministerial \u2013 Especialidade: Apoio Administrativo:<\/strong><\/p>\n\n\n\n<p>Certificado de conclus\u00e3o de ensino em n\u00edvel m\u00e9dio reconhecido pelo MEC.<\/p>\n\n\n\n<p><strong>T\u00e9cnico Ministerial \u2013 Especialidade: T\u00e9cnico de Inform\u00e1tica<\/strong><\/p>\n\n\n\n<p>Certificado de conclus\u00e3o de ensino em n\u00edvel m\u00e9dio reconhecido pelo MEC, com habilita\u00e7\u00e3o em t\u00e9cnico de inform\u00e1tica.<\/p>\n\n\n\n<p><strong>Analista Ministerial &#8211; diversas especialidades:<\/strong><\/p>\n\n\n\n<p>Gradua\u00e7\u00e3o em curso superior na \u00e1rea espec\u00edfica reconhecido pelo MEC e com registro e\/ou inscri\u00e7\u00e3o no(s) \u00f3rg\u00e3o(s) de classe, na forma da lei ou ato normativo espec\u00edfico.<\/p>\n\n\n\n<h3 class=\"wp-block-heading\" id=\"etapas\">Etapas e provas do concurso MP AP<\/h3>\n\n\n\n<p>Sob organiza\u00e7\u00e3o da banca FCC, os candidatos inscritos s\u00e3o avaliados por meio da aplica\u00e7\u00e3o das seguintes etapas:<\/p>\n\n\n\n<ul class=\"wp-block-list\">\n<li><strong>Prova Objetiva<\/strong> \u2013 eliminat\u00f3rio e classificat\u00f3rio;<\/li>\n\n\n\n<li><strong>Prova Discursiva<\/strong> \u2013 eliminat\u00f3rio e classificat\u00f3rio;<\/li>\n<\/ul>\n\n\n\n<h3 class=\"wp-block-heading\" id=\"objetiva\">Provas Objetivas<\/h3>\n\n\n\n<p>As provas objetivas do concurso MP AP foram compostas por 50 quest\u00f5es de m\u00faltipla escolha, com 5 alternativas em cada quest\u00e3o e apenas uma resposta correta. Foram cobradas quest\u00f5es de:<\/p>\n\n\n\n<figure class=\"wp-block-table is-style-stripes\"><table class=\"has-fixed-layout\"><tbody><tr><td class=\"has-text-align-center\" data-align=\"center\"><strong>Conhecimentos<\/strong><\/td><td class=\"has-text-align-center\" data-align=\"center\"><strong>Total de<br \/>Quest\u00f5es<\/strong><\/td><td class=\"has-text-align-center\" data-align=\"center\"><strong>Pontos por<br \/>Quest\u00e3o<\/strong><\/td><\/tr><tr><td class=\"has-text-align-center\" data-align=\"center\">Conhecimentos Gerais<\/td><td class=\"has-text-align-center\" data-align=\"center\">20<\/td><td class=\"has-text-align-center\" data-align=\"center\">1<\/td><\/tr><tr><td class=\"has-text-align-center\" data-align=\"center\">Conhecimentos Espec\u00edficos<\/td><td class=\"has-text-align-center\" data-align=\"center\">30<\/td><td class=\"has-text-align-center\" data-align=\"center\">2<\/td><\/tr><tr><td class=\"has-text-align-center\" data-align=\"center\">Reda\u00e7\u00e3o<\/td><td class=\"has-text-align-center\" data-align=\"center\">1<\/td><td class=\"has-text-align-center\" data-align=\"center\">1<\/td><\/tr><\/tbody><\/table><\/figure>\n\n\n\n<p>As Provas Objetivas e as Provas Discursivas foram realizadas na cidade de Macap\u00e1\/AP, em 18\/01\/2026, nos seguintes per\u00edodos:<\/p>\n\n\n\n<p>a) no per\u00edodo da MANH\u00c3: para os cargos de T\u00e9cnico Ministerial, todas as \u00e1reas e especialidades;<br \/>b) no per\u00edodo da TARDE: para os cargos de Analista Ministerial, todas as \u00e1reas e especialidades.<\/p>\n\n\n\n<h3 class=\"wp-block-heading\" id=\"discursiva\">Prova Discursiva<\/h3>\n\n\n\n<p>Ser\u00e3o corrigidas as Provas Discursivas \u2013 Reda\u00e7\u00e3o dos candidatos habilitados e mais bem classificados na Prova Objetiva, considerados os empates na \u00faltima posi\u00e7\u00e3o de classifica\u00e7\u00e3o at\u00e9 o limite estabelecido no quadro a seguir:<\/p>\n\n\n\n<figure class=\"wp-block-image size-large\"><img loading=\"lazy\" decoding=\"async\" width=\"1024\" height=\"400\" src=\"https:\/\/dhg1h5j42swfq.cloudfront.net\/2025\/10\/17171008\/captura-de-tela-2025-11-17-as-17-09-51-1024x400.png\" alt=\"\" class=\"wp-image-1671697\" srcset=\"https:\/\/dhg1h5j42swfq.cloudfront.net\/2025\/10\/17171008\/captura-de-tela-2025-11-17-as-17-09-51-1024x400.png 1024w, https:\/\/dhg1h5j42swfq.cloudfront.net\/2025\/10\/17171008\/captura-de-tela-2025-11-17-as-17-09-51-300x117.png 300w, https:\/\/dhg1h5j42swfq.cloudfront.net\/2025\/10\/17171008\/captura-de-tela-2025-11-17-as-17-09-51-768x300.png 768w, https:\/\/dhg1h5j42swfq.cloudfront.net\/2025\/10\/17171008\/captura-de-tela-2025-11-17-as-17-09-51-1536x600.png 1536w, https:\/\/dhg1h5j42swfq.cloudfront.net\/2025\/10\/17171008\/captura-de-tela-2025-11-17-as-17-09-51-150x59.png 150w, https:\/\/dhg1h5j42swfq.cloudfront.net\/2025\/10\/17171008\/captura-de-tela-2025-11-17-as-17-09-51.png 1772w\" sizes=\"auto, (max-width: 1024px) 100vw, 1024px\" \/><\/figure>\n\n\n\n<p>Na Prova Discursiva \u2013 Reda\u00e7\u00e3o, deveria ser rigorosamente observado os limites m\u00ednimo de 20 (vinte) linhas e m\u00e1ximo de 30 (trinta) linhas, sob pena de perda de pontos a serem atribu\u00eddos \u00e0 Reda\u00e7\u00e3o.<\/p>\n\n\n\n<h2 class=\"wp-block-heading\" id=\"h-carreira-no-mp-ap\">Carreira no MP AP<\/h2>\n\n\n\n<p>Segundo os dados consultados em <a href=\"https:\/\/www.mpap.mp.br\/transparencia\/index.php?pg=consulta_cargos_servidores\">janeiro de 2026<\/a>, o MP AP possui, atualmente, os seguintes cargos vagos, sendo:<\/p>\n\n\n\n<h3 class=\"wp-block-heading\" id=\"vagos\">Cargos vagos<\/h3>\n\n\n\n<figure class=\"wp-block-table is-style-stripes\"><table class=\"has-very-light-gray-to-cyan-bluish-gray-gradient-background has-background\"><tbody><tr><th class=\"has-text-align-center\" data-align=\"center\">CARGOS<\/th><th class=\"has-text-align-center\" data-align=\"center\"><strong>VAC\u00c2NCIAS<\/strong><\/th><\/tr><tr><td class=\"has-text-align-center\" data-align=\"center\">ANALISTA MINISTERIAL<\/td><td class=\"has-text-align-center\" data-align=\"center\">71<\/td><\/tr><tr><td class=\"has-text-align-center\" data-align=\"center\">TECNICO MINISTERIAL<\/td><td class=\"has-text-align-center\" data-align=\"center\">243<\/td><\/tr><tr><td class=\"has-text-align-center\" data-align=\"center\"><strong>TOTAL<\/strong><\/td><td class=\"has-text-align-center\" data-align=\"center\">314<\/td><\/tr><\/tbody><\/table><figcaption class=\"wp-element-caption\">Concursos MP AP: cargos vagos<\/figcaption><\/figure>\n\n\n\n<h3 class=\"wp-block-heading\" id=\"h-estrutura-remuneratoria-ano-base-2025\">Estrutura remunerat\u00f3ria <strong>(Ano-base: 2025)<\/strong><\/h3>\n\n\n\n<figure class=\"wp-block-table is-style-stripes\"><table class=\"has-fixed-layout\"><thead><tr><th class=\"has-text-align-center\" data-align=\"center\">Padr\u00e3o<\/th><th class=\"has-text-align-center\" data-align=\"center\">T\u00e9cnico Ministerial (R$)<\/th><th class=\"has-text-align-center\" data-align=\"center\">Analista Ministerial (R$)<\/th><\/tr><\/thead><tbody><tr><td class=\"has-text-align-center\" data-align=\"center\">1<\/td><td class=\"has-text-align-center\" data-align=\"center\">5.861,38<\/td><td class=\"has-text-align-center\" data-align=\"center\">7.978,05<\/td><\/tr><tr><td class=\"has-text-align-center\" data-align=\"center\">2<\/td><td class=\"has-text-align-center\" data-align=\"center\">6.037,22<\/td><td class=\"has-text-align-center\" data-align=\"center\">8.217,39<\/td><\/tr><tr><td class=\"has-text-align-center\" data-align=\"center\">3<\/td><td class=\"has-text-align-center\" data-align=\"center\">6.218,34<\/td><td class=\"has-text-align-center\" data-align=\"center\">8.463,90<\/td><\/tr><tr><td class=\"has-text-align-center\" data-align=\"center\">4<\/td><td class=\"has-text-align-center\" data-align=\"center\">6.404,87<\/td><td class=\"has-text-align-center\" data-align=\"center\">8.717,83<\/td><\/tr><tr><td class=\"has-text-align-center\" data-align=\"center\">5<\/td><td class=\"has-text-align-center\" data-align=\"center\">6.597,03<\/td><td class=\"has-text-align-center\" data-align=\"center\">8.979,37<\/td><\/tr><tr><td class=\"has-text-align-center\" data-align=\"center\">6<\/td><td class=\"has-text-align-center\" data-align=\"center\">6.794,94<\/td><td class=\"has-text-align-center\" data-align=\"center\">9.248,76<\/td><\/tr><tr><td class=\"has-text-align-center\" data-align=\"center\">7<\/td><td class=\"has-text-align-center\" data-align=\"center\">6.998,79<\/td><td class=\"has-text-align-center\" data-align=\"center\">9.526,21<\/td><\/tr><tr><td class=\"has-text-align-center\" data-align=\"center\">8<\/td><td class=\"has-text-align-center\" data-align=\"center\">7.208,76<\/td><td class=\"has-text-align-center\" data-align=\"center\">9.811,99<\/td><\/tr><tr><td class=\"has-text-align-center\" data-align=\"center\">9<\/td><td class=\"has-text-align-center\" data-align=\"center\">7.425,01<\/td><td class=\"has-text-align-center\" data-align=\"center\">10.106,35<\/td><\/tr><tr><td class=\"has-text-align-center\" data-align=\"center\">10<\/td><td class=\"has-text-align-center\" data-align=\"center\">7.647,77<\/td><td class=\"has-text-align-center\" data-align=\"center\">10.409,54<\/td><\/tr><tr><td class=\"has-text-align-center\" data-align=\"center\">11<\/td><td class=\"has-text-align-center\" data-align=\"center\">7.877,21<\/td><td class=\"has-text-align-center\" data-align=\"center\">10.721,83<\/td><\/tr><tr><td class=\"has-text-align-center\" data-align=\"center\">12<\/td><td class=\"has-text-align-center\" data-align=\"center\">8.113,52<\/td><td class=\"has-text-align-center\" data-align=\"center\">11.043,47<\/td><\/tr><tr><td class=\"has-text-align-center\" data-align=\"center\">13<\/td><td class=\"has-text-align-center\" data-align=\"center\">8.356,91<\/td><td class=\"has-text-align-center\" data-align=\"center\">11.374,80<\/td><\/tr><tr><td class=\"has-text-align-center\" data-align=\"center\">14<\/td><td class=\"has-text-align-center\" data-align=\"center\">8.607,63<\/td><td class=\"has-text-align-center\" data-align=\"center\">11.716,03<\/td><\/tr><tr><td class=\"has-text-align-center\" data-align=\"center\">15<\/td><td class=\"has-text-align-center\" data-align=\"center\">8.865,86<\/td><td class=\"has-text-align-center\" data-align=\"center\">12.067,52<\/td><\/tr><tr><td class=\"has-text-align-center\" data-align=\"center\">16<\/td><td class=\"has-text-align-center\" data-align=\"center\">9.131,83<\/td><td class=\"has-text-align-center\" data-align=\"center\">12.429,54<\/td><\/tr><tr><td class=\"has-text-align-center\" data-align=\"center\">17<\/td><td class=\"has-text-align-center\" data-align=\"center\">9.405,80<\/td><td class=\"has-text-align-center\" data-align=\"center\">12.802,43<\/td><\/tr><tr><td class=\"has-text-align-center\" data-align=\"center\">18<\/td><td class=\"has-text-align-center\" data-align=\"center\">9.687,98<\/td><td class=\"has-text-align-center\" data-align=\"center\">13.186,50<\/td><\/tr><tr><td class=\"has-text-align-center\" data-align=\"center\">19<\/td><td class=\"has-text-align-center\" data-align=\"center\">9.978,61<\/td><td class=\"has-text-align-center\" data-align=\"center\">13.582,10<\/td><\/tr><tr><td class=\"has-text-align-center\" data-align=\"center\">20<\/td><td class=\"has-text-align-center\" data-align=\"center\">10.277,96<\/td><td class=\"has-text-align-center\" data-align=\"center\">13.989,56<\/td><\/tr><tr><td class=\"has-text-align-center\" data-align=\"center\">21<\/td><td class=\"has-text-align-center\" data-align=\"center\">10.586,31<\/td><td class=\"has-text-align-center\" data-align=\"center\">14.409,24<\/td><\/tr><tr><td class=\"has-text-align-center\" data-align=\"center\">22<\/td><td class=\"has-text-align-center\" data-align=\"center\">10.903,90<\/td><td class=\"has-text-align-center\" data-align=\"center\">14.841,53<\/td><\/tr><tr><td class=\"has-text-align-center\" data-align=\"center\">23<\/td><td class=\"has-text-align-center\" data-align=\"center\">11.231,01<\/td><td class=\"has-text-align-center\" data-align=\"center\">15.286,77<\/td><\/tr><tr><td class=\"has-text-align-center\" data-align=\"center\">24<\/td><td class=\"has-text-align-center\" data-align=\"center\">11.567,93<\/td><td class=\"has-text-align-center\" data-align=\"center\">15.745,36<\/td><\/tr><tr><td class=\"has-text-align-center\" data-align=\"center\">25<\/td><td class=\"has-text-align-center\" data-align=\"center\">11.914,98<\/td><td class=\"has-text-align-center\" data-align=\"center\">16.217,74<\/td><\/tr><tr><td class=\"has-text-align-center\" data-align=\"center\">26<\/td><td class=\"has-text-align-center\" data-align=\"center\">12.272,43<\/td><td class=\"has-text-align-center\" data-align=\"center\">16.704,26<\/td><\/tr><tr><td class=\"has-text-align-center\" data-align=\"center\">27<\/td><td class=\"has-text-align-center\" data-align=\"center\">12.640,60<\/td><td class=\"has-text-align-center\" data-align=\"center\">17.205,39<\/td><\/tr><tr><td class=\"has-text-align-center\" data-align=\"center\">28<\/td><td class=\"has-text-align-center\" data-align=\"center\">13.019,81<\/td><td class=\"has-text-align-center\" data-align=\"center\">17.721,54<\/td><\/tr><tr><td class=\"has-text-align-center\" data-align=\"center\">29<\/td><td class=\"has-text-align-center\" data-align=\"center\">13.410,41<\/td><td class=\"has-text-align-center\" data-align=\"center\">18.253,19<\/td><\/tr><tr><td class=\"has-text-align-center\" data-align=\"center\">30<\/td><td class=\"has-text-align-center\" data-align=\"center\">13.812,73<\/td><td class=\"has-text-align-center\" data-align=\"center\">18.800,80<\/td><\/tr><tr><td class=\"has-text-align-center\" data-align=\"center\">31<\/td><td class=\"has-text-align-center\" data-align=\"center\">14.227,11<\/td><td class=\"has-text-align-center\" data-align=\"center\">19.364,82<\/td><\/tr><tr><td class=\"has-text-align-center\" data-align=\"center\">32<\/td><td class=\"has-text-align-center\" data-align=\"center\">14.653,91<\/td><td class=\"has-text-align-center\" data-align=\"center\">19.945,76<\/td><\/tr><tr><td class=\"has-text-align-center\" data-align=\"center\">33<\/td><td class=\"has-text-align-center\" data-align=\"center\">15.093,53<\/td><td class=\"has-text-align-center\" data-align=\"center\">20.544,14<\/td><\/tr><tr><td class=\"has-text-align-center\" data-align=\"center\">34<\/td><td class=\"has-text-align-center\" data-align=\"center\">15.546,34<\/td><td class=\"has-text-align-center\" data-align=\"center\">21.160,45<\/td><\/tr><tr><td class=\"has-text-align-center\" data-align=\"center\">35<\/td><td class=\"has-text-align-center\" data-align=\"center\">16.012,73<\/td><td class=\"has-text-align-center\" data-align=\"center\">21.795,26<\/td><\/tr><tr><td class=\"has-text-align-center\" data-align=\"center\">36<\/td><td class=\"has-text-align-center\" data-align=\"center\">16.493,12<\/td><td class=\"has-text-align-center\" data-align=\"center\">22.449,11<\/td><\/tr><tr><td class=\"has-text-align-center\" data-align=\"center\">37<\/td><td class=\"has-text-align-center\" data-align=\"center\">16.987,90<\/td><td class=\"has-text-align-center\" data-align=\"center\">23.122,62<\/td><\/tr><tr><td class=\"has-text-align-center\" data-align=\"center\">38<\/td><td class=\"has-text-align-center\" data-align=\"center\">17.497,55<\/td><td class=\"has-text-align-center\" data-align=\"center\">23.816,29<\/td><\/tr><tr><td class=\"has-text-align-center\" data-align=\"center\">39<\/td><td class=\"has-text-align-center\" data-align=\"center\">18.022,48<\/td><td class=\"has-text-align-center\" data-align=\"center\">24.530,77<\/td><\/tr><tr><td class=\"has-text-align-center\" data-align=\"center\">40<\/td><td class=\"has-text-align-center\" data-align=\"center\">18.563,14<\/td><td class=\"has-text-align-center\" data-align=\"center\">25.266,69<\/td><\/tr><tr><td class=\"has-text-align-center\" data-align=\"center\">41<\/td><td class=\"has-text-align-center\" data-align=\"center\">19.120,05<\/td><td class=\"has-text-align-center\" data-align=\"center\">26.024,69<\/td><\/tr><tr><td class=\"has-text-align-center\" data-align=\"center\">42<\/td><td class=\"has-text-align-center\" data-align=\"center\">19.693,64<\/td><td class=\"has-text-align-center\" data-align=\"center\">26.805,43<\/td><\/tr><tr><td class=\"has-text-align-center\" data-align=\"center\">43<\/td><td class=\"has-text-align-center\" data-align=\"center\">20.284,46<\/td><td class=\"has-text-align-center\" data-align=\"center\">27.609,60<\/td><\/tr><\/tbody><\/table><\/figure>\n\n\n\n<h2 class=\"wp-block-heading\" id=\"h-concurso-mp-ap-ultimo-edital\">Concurso MP AP: \u00faltimo edital<\/h2>\n\n\n\n<p>O \u00faltimo edital do Minist\u00e9rio P\u00fablico do Amap\u00e1 foi publicado em foi realizado em 2021, organizado pela banca Cebraspe.&nbsp;<\/p>\n\n\n\n<p>O concurso ofereceu vagas para Analista e T\u00e9cnico Ministerial, com provas objetivas e discursivas para ambos os cargos.&nbsp;Al\u00e9m disso, houve exame de aptid\u00e3o psicol\u00f3gica e avalia\u00e7\u00e3o de t\u00edtulos para os cargos de n\u00edvel superior.&nbsp;<\/p>\n\n\n\n<p>Confira abaixo os cargos e vagas que foram ofertados!<\/p>\n\n\n\n<h3 class=\"wp-block-heading\" id=\"vagas-remuneracoes-cargos-concurso-mp-ap\">Cargos, vagas e remunera\u00e7\u00f5es<\/h3>\n\n\n\n<figure class=\"wp-block-table is-style-stripes\"><table class=\"has-very-light-gray-to-cyan-bluish-gray-gradient-background has-background has-fixed-layout\"><tbody><tr><td class=\"has-text-align-center\" data-align=\"center\"><strong>CARGOS<\/strong><\/td><td class=\"has-text-align-center\" data-align=\"center\"><strong>VAGAS A\/C<\/strong><\/td><td class=\"has-text-align-center\" data-align=\"center\"><strong>ESCOLARIDADE<\/strong><\/td><td class=\"has-text-align-center\" data-align=\"center\"><strong>REMUNERA\u00c7\u00d5ES<\/strong><\/td><\/tr><tr><td class=\"has-text-align-center\" data-align=\"center\">Analista Ministerial \u2013<br \/>Especialidade: Psicologia<\/td><td class=\"has-text-align-center\" data-align=\"center\">1 + CR<\/td><td class=\"has-text-align-center\" data-align=\"center\">N\u00edvel Superior em Psicologia<\/td><td class=\"has-text-align-center\" data-align=\"center\"> R$ 6.239,72 <\/td><\/tr><tr><td class=\"has-text-align-center\" data-align=\"center\">Analista Ministerial \u2013<br \/>Especialidade: Servi\u00e7o Social<\/td><td class=\"has-text-align-center\" data-align=\"center\">2 + CR<\/td><td class=\"has-text-align-center\" data-align=\"center\">N\u00edvel Superior em Servi\u00e7o Social<\/td><td class=\"has-text-align-center\" data-align=\"center\">R$ 6.239,72 <\/td><\/tr><tr><td class=\"has-text-align-center\" data-align=\"center\">Analista Ministerial \u2013<br \/>Especialidade: Tecnologia da<br \/>Informa\u00e7\u00e3o<\/td><td class=\"has-text-align-center\" data-align=\"center\">1 + CR<\/td><td class=\"has-text-align-center\" data-align=\"center\">N\u00edvel Superior superior em Ci\u00eancia da Computa\u00e7\u00e3o ou Sistemas de Informa\u00e7\u00e3o ou Tecnologia em Processamento de Dados ou outro curso com<br \/>gradua\u00e7\u00e3o plena em Inform\u00e1tica<\/td><td class=\"has-text-align-center\" data-align=\"center\">R$ 6.239,72<\/td><\/tr><tr><td class=\"has-text-align-center\" data-align=\"center\">T\u00e9cnico Ministerial \u2013<br \/>Especialidade: Auxiliar<br \/>Administrativo<\/td><td class=\"has-text-align-center\" data-align=\"center\">6 <\/td><td class=\"has-text-align-center\" data-align=\"center\">N\u00edvel M\u00e9dio<\/td><td class=\"has-text-align-center\" data-align=\"center\">R$ 4.584,25 <\/td><\/tr><tr><td class=\"has-text-align-center\" data-align=\"center\"><strong>TOTAL<\/strong><\/td><td class=\"has-text-align-center\" data-align=\"center\"><strong>10 + CR<\/strong><\/td><td class=\"has-text-align-center\" data-align=\"center\"><\/td><td class=\"has-text-align-center\" data-align=\"center\"><\/td><\/tr><\/tbody><\/table><figcaption class=\"wp-element-caption\"><strong> TABELA DE CARGOS E REMUNERA\u00c7\u00d5ES<\/strong><\/figcaption><\/figure>\n\n\n\n<h3 class=\"wp-block-heading\" id=\"etapas\">Etapas de provas<\/h3>\n\n\n\n<p>O certame contou com as seguintes etapas:<\/p>\n\n\n\n<ul class=\"wp-block-list\">\n<li><strong>Prova Objetiva<\/strong> (todos os cargos): car\u00e1ter eliminat\u00f3rio e classificat\u00f3rio;<\/li>\n\n\n\n<li><strong>Prova Discursiva<\/strong> (todos os cargos): car\u00e1ter eliminat\u00f3rio e classificat\u00f3rio;<\/li>\n\n\n\n<li><strong>Exame de aptid\u00e3o psicol\u00f3gica <\/strong>(todos os cargos): car\u00e1ter eliminat\u00f3rio<\/li>\n\n\n\n<li><strong>Avalia\u00e7\u00e3o de t\u00edtulos<\/strong> (apenas n\u00edvel superior): car\u00e1ter classificat\u00f3rio<\/li>\n<\/ul>\n\n\n\n<h4 class=\"wp-block-heading\" id=\"provas-objetivas\">Provas objetivas <\/h4>\n\n\n\n<p>As provas objetivas foram aplicadas em conjunto para todos os cargos e todas as especialidades e tiveram a dura\u00e7\u00e3o de <strong>4 horas e 30 minutos<\/strong>, sendo as provas para n\u00edvel superior aplicadas no turno da <strong>manh\u00e3<\/strong>, e as para n\u00edvel m\u00e9dio, no turno da<strong> tarde<\/strong>.<\/p>\n\n\n\n<p>As provas objetivas, de car\u00e1ter eliminat\u00f3rio e classificat\u00f3rio, valeram 60,00 pontos. As quest\u00f5es eram do tipo m\u00faltipla escolha, com cinco op\u00e7\u00f5es (A, B, C, D e E), sendo uma \u00fanica resposta correta, de acordo com o comando da quest\u00e3o. <\/p>\n\n\n\n<p>A nota em cada quest\u00e3o das provas objetivas, feita com base nas marca\u00e7\u00f5es da folha de respostas, foi igual a: <strong>1,00 ponto,<\/strong> caso a resposta do candidato esteja em concord\u00e2ncia com o gabarito oficial definitivo das provas; <strong>0,25 ponto negativo<\/strong>, caso a resposta do candidato esteja em discord\u00e2ncia com o gabarito oficial definitivo das provas; <strong>0,00 ponto<\/strong>, n\u00e3o haja marca\u00e7\u00e3o ou haja marca\u00e7\u00e3o dupla. <\/p>\n\n\n\n<p>A nota em cada prova objetiva foi igual \u00e0 soma das notas obtidas em todas as quest\u00f5es que a comp\u00f5em.<br \/><\/p>\n\n\n\n<figure class=\"wp-block-table is-style-stripes\"><table class=\"has-very-light-gray-to-cyan-bluish-gray-gradient-background has-background has-fixed-layout\"><tbody><tr><td class=\"has-text-align-center\" data-align=\"center\"><strong>DISCIPLINAS<\/strong><\/td><td class=\"has-text-align-center\" data-align=\"center\"><strong>N\u00ba ITENS <\/strong><\/td><\/tr><tr><td class=\"has-text-align-center\" data-align=\"center\"><strong>Conhecimentos Gerais <\/strong><br \/>&#8211; L\u00edngua Portuguesa<br \/>&#8211; \u00c9tica na Administra\u00e7\u00e3o P\u00fablica e Legisla\u00e7\u00e3o<br \/>&#8211; Legisla\u00e7\u00e3o Estadual e Institucional <br \/>&#8211; No\u00e7\u00f5es de Direito Constitucional <br \/>&#8211; No\u00e7\u00f5es de Direito Administrativo<\/td><td class=\"has-text-align-center\" data-align=\"center\">30<\/td><\/tr><tr><td class=\"has-text-align-center\" data-align=\"center\"><strong>Conhecimentos Espec\u00edficos<\/strong><br \/>&#8211; Vari\u00e1veis a depender do cargo\/escolaridade<\/td><td class=\"has-text-align-center\" data-align=\"center\">30<\/td><\/tr><\/tbody><\/table><figcaption class=\"wp-element-caption\"><strong>TABELA DE DISCIPLINAS E QUEST\u00d5ES <\/strong><\/figcaption><\/figure>\n\n\n\n<h4 class=\"wp-block-heading\" id=\"h-criterios-para-aprovacao\">Crit\u00e9rios para aprova\u00e7\u00e3o<\/h4>\n\n\n\n<p>Foi reprovado nas provas objetivas e eliminado do concurso p\u00fablico o candidato que se enquadrar<br \/>em <strong>pelo menos um dos itens a seguir<\/strong>:<br \/><br \/>a) obtiver <strong>nota inferior a 6,00 pontos na prova objetiva de conhecimentos gerais<\/strong>;<br \/>b) obtiver <strong>nota inferior a 9,00 pontos na prova objetiva de Conhecimentos espec\u00edficos<\/strong>.<\/p>\n\n\n\n<p>Respeitados os empates na \u00faltima coloca\u00e7\u00e3o, foram corrigidas as provas discursivas dos candidatos<br \/>aprovados nas provas objetivas e classificados at\u00e9 as posi\u00e7\u00f5es especificadas no quadro a seguir.<\/p>\n\n\n\n<figure class=\"wp-block-table is-style-stripes\"><table class=\"has-very-light-gray-to-cyan-bluish-gray-gradient-background has-background has-fixed-layout\"><tbody><tr><td class=\"has-text-align-center\" data-align=\"center\"><strong>Cargo\/Especialidade<\/strong><\/td><td class=\"has-text-align-center\" data-align=\"center\"><strong>Candidatos \u00e0<br \/>ampla concorr\u00eancia<\/strong><\/td><td class=\"has-text-align-center\" data-align=\"center\"><strong>Candidatos que<br \/>se declararam<br \/>com defici\u00eancia<\/strong><\/td><td class=\"has-text-align-center\" data-align=\"center\"><strong>Candidatos que<br \/>se autodeclararam<br \/>negros<\/strong><\/td><\/tr><tr><td class=\"has-text-align-center\" data-align=\"center\">Analista Ministerial \u2013 Especialidade:<br \/>Psicologia<\/td><td class=\"has-text-align-center\" data-align=\"center\">24\u00aa<\/td><td class=\"has-text-align-center\" data-align=\"center\">4\u00aa<\/td><td class=\"has-text-align-center\" data-align=\"center\">7\u00aa<\/td><\/tr><tr><td class=\"has-text-align-center\" data-align=\"center\">Analista Ministerial \u2013 Especialidade:<br \/>Servi\u00e7o Social<\/td><td class=\"has-text-align-center\" data-align=\"center\">52\u00aa<\/td><td class=\"has-text-align-center\" data-align=\"center\">8\u00aa<\/td><td class=\"has-text-align-center\" data-align=\"center\">15\u00aa<\/td><\/tr><tr><td class=\"has-text-align-center\" data-align=\"center\">Analista Ministerial \u2013 Especialidade:<br \/>Tecnologia da Informa\u00e7\u00e3o<\/td><td class=\"has-text-align-center\" data-align=\"center\">24\u00aa<\/td><td class=\"has-text-align-center\" data-align=\"center\">4\u00aa<\/td><td class=\"has-text-align-center\" data-align=\"center\">7\u00aa<\/td><\/tr><tr><td class=\"has-text-align-center\" data-align=\"center\">T\u00e9cnico Ministerial \u2013 Especialidade:<br \/>Auxiliar Administrativo<\/td><td class=\"has-text-align-center\" data-align=\"center\">58\u00aa<\/td><td class=\"has-text-align-center\" data-align=\"center\">9\u00aa<\/td><td class=\"has-text-align-center\" data-align=\"center\">17\u00aa<\/td><\/tr><\/tbody><\/table><figcaption class=\"wp-element-caption\"><strong>MP-AP: CRIT\u00c9RIOS DE APROVA\u00c7\u00c3O<\/strong><\/figcaption><\/figure>\n\n\n\n<h4 class=\"wp-block-heading\" id=\"provas-escritas\">Prova Discursiva<\/h4>\n\n\n\n<p>A prova discursiva valeu <strong>10,00 pontos<\/strong> e consistiu da reda\u00e7\u00e3o de texto dissertativo, <strong>de, no m\u00e1ximo, 30 linhas<\/strong>, a respeito dos conhecimentos espec\u00edficos para os cargos de Analista Ministerial \u2013 todas as especialidades e de tema da atualidade para o cargo de T\u00e9cnico Ministerial \u2013 Especialidade: Auxiliar Administrativo.<br \/><br \/>O texto definitivo da prova discursiva deveria ser manuscrito, em letra leg\u00edvel, com caneta esferogr\u00e1fica de tinta preta fabricada em material transparente, n\u00e3o sendo permitida a interfer\u00eancia ou a participa\u00e7\u00e3o de outras pessoas, salvo em caso de candidato a quem tenha sido deferido atendimento especial para a realiza\u00e7\u00e3o das provas.<\/p>\n\n\n\n<h4 class=\"wp-block-heading\" id=\"h-criterios-para-aprovacao-0\">Crit\u00e9rios para aprova\u00e7\u00e3o<\/h4>\n\n\n\n<p>Duas notas de conte\u00fado da prova discursiva foram consideradas convergentes se diferirem entre si em at\u00e9 25% da nota m\u00e1xima de conte\u00fado poss\u00edvel na prova discursiva.<\/p>\n\n\n\n<p>A prova discursiva foi corrigida conforme os crit\u00e9rios a seguir:<br \/><strong>a)<\/strong> a apresenta\u00e7\u00e3o e a estrutura textuais e o desenvolvimento do tema totalizar\u00e3o a nota relativa ao dom\u00ednio<br \/>do conte\u00fado (NC), cuja pontua\u00e7\u00e3o m\u00e1xima ser\u00e1 limitada ao valor de 10,00 pontos;<br \/><strong>b)<\/strong> a avalia\u00e7\u00e3o do dom\u00ednio da modalidade escrita totalizar\u00e1 o n\u00famero de erros (NE) do candidato,<br \/>considerando-se aspectos tais como: grafia, morfossintaxe, pontua\u00e7\u00e3o e propriedade vocabular;<br \/><strong>c)<\/strong> ser\u00e1 computado o n\u00famero total de linhas (TL) efetivamente escritas pelo candidato;<br \/><strong>d)<\/strong> ser\u00e1 desconsiderado, para efeito de avalia\u00e7\u00e3o, qualquer fragmento de texto que for escrito fora do local<br \/>apropriado ou que ultrapassar a extens\u00e3o m\u00e1xima de linhas estabelecida no edital;<br \/><strong>e)<\/strong> ser\u00e1 calculada, ent\u00e3o, para cada candidato, a nota na prova discursiva (NPD), como sendo<strong> NPD = NC &#8211; 2 \u00d7 NE \u00f7 TL;<\/strong> <strong>f)<\/strong> se NPD &lt; 0,00 ponto, ent\u00e3o far-se-\u00e1 NPD = 0,00 ponto.<\/p>\n\n\n\n<p>Nos casos de fuga ao tema, ou de n\u00e3o haver texto, o candidato recebeu nota na prova discursiva igual a zero.<\/p>\n\n\n\n<p>Foi aprovado na prova discursiva o candidato que obteve <strong>NPD \u2265 5,00 pontos.<\/strong><\/p>\n\n\n\n<h4 class=\"wp-block-heading\" id=\"aptdao\">Exame de Aptid\u00e3o Psicol\u00f3gica <\/h4>\n\n\n\n<p>Foram convocados para o exame de aptid\u00e3o psicol\u00f3gica os candidatos aprovados na prova discursiva.<\/p>\n\n\n\n<p>O exame de aptid\u00e3o psicol\u00f3gica, de car\u00e1ter eliminat\u00f3rio, consistiu na aplica\u00e7\u00e3o e na avalia\u00e7\u00e3o de instrumentos e t\u00e9cnicas psicol\u00f3gicas, que permitam identificar a compatibilidade de requisitos psicol\u00f3gicos do candidato com as atribui\u00e7\u00f5es do cargo\/especialidade.<\/p>\n\n\n\n<p>Al\u00e9m disso, foi considerado inapto o candidato que n\u00e3o apresentar as caracter\u00edsticas compat\u00edveis com os requisitos psicol\u00f3gicos necess\u00e1rios para o exerc\u00edcio do cargo.<\/p>\n\n\n\n<p>O candidato considerado inapto no exame de aptid\u00e3o psicol\u00f3gica ou que n\u00e3o compareceu \u00e0 avalia\u00e7\u00e3o, no local, na data e no(s) hor\u00e1rio(s) previstos para a sua realiza\u00e7\u00e3o, no edital espec\u00edfico de convoca\u00e7\u00e3o, foi eliminado do concurso.<\/p>\n\n\n\n<h4 class=\"wp-block-heading\" id=\"titulos\">Prova de T\u00edtulos <\/h4>\n\n\n\n<p>Foram convocados para a avalia\u00e7\u00e3o de t\u00edtulos os candidatos ao cargo de Analista Ministerial \u2013 todas as<br \/>especialidades n\u00e3o eliminados no exame de aptid\u00e3o psicol\u00f3gica.<\/p>\n\n\n\n<p>A nota final na avalia\u00e7\u00e3o de t\u00edtulos (NFAT) foi a soma dos valores dos t\u00edtulos apresentados, limitada a<br \/><strong>10,00 pontos<\/strong>, ainda que a soma dos valores dos t\u00edtulos apresentados seja superior a esse valor.<br \/><br \/>Somente foram aceitos os t\u00edtulos abaixo relacionados, expedidos at\u00e9 a data da de envio, observados os<br \/>limites de pontos do quadro a seguir:<\/p>\n\n\n\n<figure class=\"wp-block-table is-style-stripes\"><table class=\"has-very-light-gray-to-cyan-bluish-gray-gradient-background has-background has-fixed-layout\"><tbody><tr><td class=\"has-text-align-center\" data-align=\"center\">T\u00cdTULO<\/td><td class=\"has-text-align-center\" data-align=\"center\">VALOR DE CADA T\u00cdTULO<\/td><td class=\"has-text-align-center\" data-align=\"center\">VALOR M\u00c1XIMO DOS T\u00cdTULOS<\/td><\/tr><tr><td class=\"has-text-align-center\" data-align=\"center\">Diploma de curso de p\u00f3s-gradua\u00e7\u00e3o em n\u00edvel de doutorado (t\u00edtulo de doutor) na especialidade a que<br \/>concorre. Tamb\u00e9m ser\u00e1 aceito certificado\/declara\u00e7\u00e3o de conclus\u00e3o de curso de Doutorado, desde que<br \/>acompanhado de hist\u00f3rico escolar.<\/td><td class=\"has-text-align-center\" data-align=\"center\">4,00<\/td><td class=\"has-text-align-center\" data-align=\"center\">4,00<\/td><\/tr><tr><td class=\"has-text-align-center\" data-align=\"center\">Diploma de curso de p\u00f3s-gradua\u00e7\u00e3o em n\u00edvel de mestrado (t\u00edtulo de mestre) na especialidade a que concorre. Tamb\u00e9m ser\u00e1 aceito certificado\/declara\u00e7\u00e3o de conclus\u00e3o<br \/>de curso de Mestrado, desde que acompanhado de hist\u00f3rico escolar.<\/td><td class=\"has-text-align-center\" data-align=\"center\">2,00<\/td><td class=\"has-text-align-center\" data-align=\"center\">2,00<\/td><\/tr><tr><td class=\"has-text-align-center\" data-align=\"center\">Certificado de curso de p\u00f3s-gradua\u00e7\u00e3o em n\u00edvel de especializa\u00e7\u00e3o, com carga hor\u00e1ria m\u00ednima de 360 h\/a na especialidade a que concorre. Tamb\u00e9m ser\u00e1 aceita a declara\u00e7\u00e3o de conclus\u00e3o de p\u00f3s-gradua\u00e7\u00e3o em n\u00edvel de especializa\u00e7\u00e3o, desde que acompanhada de hist\u00f3rico escolar.<\/td><td class=\"has-text-align-center\" data-align=\"center\">0,60<\/td><td class=\"has-text-align-center\" data-align=\"center\">1,20<\/td><\/tr><tr><td class=\"has-text-align-center\" data-align=\"center\">Aprova\u00e7\u00e3o em concurso p\u00fablico na Administra\u00e7\u00e3o P\u00fablica<br \/>para empregos\/cargos na especialidade a que concorre<\/td><td class=\"has-text-align-center\" data-align=\"center\">0,20<\/td><td class=\"has-text-align-center\" data-align=\"center\">0,40<\/td><\/tr><tr><td class=\"has-text-align-center\" data-align=\"center\">Exerc\u00edcio de atividade aut\u00f4noma e(ou) profissional de<br \/>n\u00edvel superior na Administra\u00e7\u00e3o P\u00fablica ou na iniciativa<br \/>privada, em empregos\/ cargos\/ Ffun\u00e7\u00f5es na especialidade a que concorre<\/td><td class=\"has-text-align-center\" data-align=\"center\">0,30 p\/ano<br \/>completo, sem sobreposi\u00e7\u00e3o<br \/>de tempo<\/td><td class=\"has-text-align-center\" data-align=\"center\">2,40<\/td><\/tr><\/tbody><\/table><figcaption class=\"wp-element-caption\">Tabela de atribui\u00e7\u00e3o de pontos na avalia\u00e7\u00e3o de t\u00edtulos<\/figcaption><\/figure>\n\n\n\n<h4 class=\"wp-block-heading\" id=\"classificacao\">Classifica\u00e7\u00e3o final <\/h4>\n\n\n\n<p>Para o cargo de Analista Ministerial \u2013 todas as especialidades, a nota final no concurso MP AP foi o somat\u00f3rio da nota final nas provas objetivas (NFPO), da nota na prova discursiva (NPD) e da nota final na avalia\u00e7\u00e3o de t\u00edtulos (NFAT).<br \/><br \/>Para o cargo T\u00e9cnico Ministerial \u2013 Especialidade: Auxiliar Administrativo, a nota final no concurso foi o<br \/>somat\u00f3rio da nota final nas provas objetivas (NFPO) e da nota na prova discursiva (NPD).<\/p>\n\n\n\n<h3 class=\"wp-block-heading\" id=\"edital-estrategico\">Guia de estudos &#8211; concurso MP AP: acesse gratuitamente<\/h3>\n\n\n\n<ul class=\"wp-block-list\">\n<li><a href=\"https:\/\/concursos.estrategia.com\/cadernos-e-simulados\/cadernos\/438f2990-6b6e-416a-988b-2051dea05651\" target=\"_blank\" rel=\"noreferrer noopener\">Portugu\u00eas<\/a><\/li>\n\n\n\n<li><a href=\"https:\/\/concursos.estrategia.com\/cadernos-e-simulados\/cadernos\/b73d6ecf-5545-461f-b3f5-2795dfdadb13\" target=\"_blank\" rel=\"noreferrer noopener\">No\u00e7\u00f5es de Direito Constitucional<\/a><\/li>\n\n\n\n<li><a href=\"https:\/\/concursos.estrategia.com\/cadernos-e-simulados\/cadernos\/40a6bb6a-fed8-47b9-b402-cccd49e4ab94\" target=\"_blank\" rel=\"noreferrer noopener\">Direito Administrativo<\/a><\/li>\n\n\n\n<li>Legisla\u00e7\u00e3o<\/li>\n\n\n\n<li><a href=\"https:\/\/concursos.estrategia.com\/cadernos-e-simulados\/cadernos\/026c7b21-ba0b-4d1b-8647-a786990c1be1\" target=\"_blank\" rel=\"noreferrer noopener\">Raciocinio L\u00f3gico Matem\u00e1tico<\/a><\/li>\n\n\n\n<li><a href=\"https:\/\/concursos.estrategia.com\/cadernos-e-simulados\/cadernos\/311d82f6-4e59-4333-9767-a8cde620c4b0\" target=\"_blank\" rel=\"noreferrer noopener\">No\u00e7\u00f5es de Adm Publica + Or\u00e7amento Publico<\/a><\/li>\n\n\n\n<li><a href=\"https:\/\/concursos.estrategia.com\/cadernos-e-simulados\/cadernos\/62f26f20-4359-4da2-b918-a44252e6b33c\" target=\"_blank\" rel=\"noreferrer noopener\">No\u00e7\u00f5es de Direito Administrativo<\/a><\/li>\n\n\n\n<li><a href=\"https:\/\/concursos.estrategia.com\/cadernos-e-simulados\/cadernos\/5472ff24-5491-486d-855d-96e1412067ac\" target=\"_blank\" rel=\"noreferrer noopener\">No\u00e7\u00f5es de Direito Processual Penal<\/a><\/li>\n\n\n\n<li><a href=\"https:\/\/concursos.estrategia.com\/cadernos-e-simulados\/cadernos\/61f26483-b551-490e-8454-01606f215d0d\">No\u00e7\u00f5es de Direito Processual Civil<\/a><\/li>\n<\/ul>\n\n\n\n<h3 class=\"wp-block-heading\" id=\"edital-estrategico\">Edital Estrat\u00e9gico &#8211; Concurso MP AP:  baixe gratuitamente<\/h3>\n\n\n\n<p>Dando um espa\u00e7o para o Edital Estrat\u00e9gico entrar em sua rotina de estudos, ser\u00e1 poss\u00edvel acompanhar seu desempenho atrav\u00e9s de gr\u00e1ficos. Desde j\u00e1 garantindo uma vis\u00e3o completa das mat\u00e9rias que necessitam de mais revis\u00f5es no concurso MP AP.<\/p>\n\n\n\n<p>Ent\u00e3o o registro de cada tarefa ser\u00e1 feito para cada assunto exigido no conte\u00fado program\u00e1tico do edital. A partir das informa\u00e7\u00f5es preenchidas pelo aluno, uma \u201caba\u201d do Edital Estrat\u00e9gico ir\u00e1 demonstrar a progress\u00e3o em cada tarefa e assunto.<\/p>\n\n\n\n<p>A edi\u00e7\u00e3o poder\u00e1 ser realizada apenas na 3\u00aa aba, relativa ao preenchimento do progresso nas disciplinas. Caso voc\u00ea queira fazer outras modifica\u00e7\u00f5es no arquivo, \u00e9 s\u00f3 usar a&nbsp;senha \u201cadmin\u201d&nbsp;na op\u00e7\u00e3o&nbsp;<em><strong>desproteger<\/strong><\/em>&nbsp;planilha do Excel.<\/p>\n\n\n\n<p class=\"has-text-align-center has-very-light-gray-to-cyan-bluish-gray-gradient-background has-background\"><a href=\"https:\/\/www.estrategiaconcursos.com.br\/blog\/edital-estrategico-mp-ap\/\" target=\"_blank\" title=\"Edital estrat\u00e9gico MP AP\" rel=\"noreferrer noopener\"><strong>Edital Estrat\u00e9gico MP AP<\/strong><\/a><\/p>\n\n\n\n<p><strong>IMPORTANTE:&nbsp;<\/strong>Ao clicar nos links acima, vai ser aberta uma janela do Google Drive que tentar\u00e1 carregar a visualiza\u00e7\u00e3o da planilha no seu navegador. <\/p>\n\n\n\n<p>N\u00e3o h\u00e1 necessidade de esperar essa visualiza\u00e7\u00e3o (talvez at\u00e9 nem carregue, j\u00e1 que os arquivos s\u00e3o pesados).<\/p>\n\n\n\n<p>Fa\u00e7a o download clicando na seta para baixo no canto superior direito da janela do Google Drive que vai ser aberta ao clicar nos links acima.<\/p>\n\n\n\n<p>Todos os arquivos foram testados em diferentes computadores e celulares e est\u00e3o ok. Talvez alguma incompatibilidade (ou mensagem de erro, como \u201carquivo inv\u00e1lido\u201d) ocorra em virtude do seu pr\u00f3prio computador ou do tamanho dos arquivos que possuem mais conte\u00fado.<\/p>\n\n\n\n<h2 class=\"wp-block-heading has-text-align-center\" id=\"cursos\">Quer saber tudo sobre concursos previstos?<br \/>Confira nossos artigos!<\/h2>\n\n\n\n<ul class=\"wp-block-list\">\n<li><a href=\"https:\/\/www.estrategiaconcursos.com.br\/blog\/concursos-abertos\/\">Concursos abertos<\/a><\/li>\n\n\n\n<li><a href=\"https:\/\/www.estrategiaconcursos.com.br\/blog\/concursos-mp\/\">Concursos MP<\/a><\/li>\n\n\n\n<li><a href=\"https:\/\/www.estrategiaconcursos.com.br\/blog\/concursos-2026\/\" target=\"_blank\" rel=\"noreferrer noopener\">Concursos 2026<\/a><br \/><\/li>\n<\/ul>\n\n\n\n<h2 class=\"wp-block-heading has-text-align-center\" id=\"curso\">Cursos para o concurso MP AP<\/h2>\n\n\n\n<div class=\"container\" id=\"boxes\">\n  <div class=\"row\">\n\n    <div class=\"col-sm\">\n      <div class=\"banner-tribunal\" id=\"box-assinatura\">\n        <h3 class=\"titulo-assinatura\">Cursos para MP-AP<\/h3>\n        <p class=\"subtitulo-assinatura\">Conhe\u00e7a os cursos<\/p>\n        <div class=\"box-botao\">\n          <a class=\"btn-assinatura\" target=\"_blank\" href=\"https:\/\/www.estrategiaconcursos.com.br\/cursosPorConcurso\/ministerio-publico-do-amapa-mp-ap\/\" role=\"button\" rel=\"noopener noreferrer\">Conhe\u00e7a mais<\/a>\n        <\/div>\n      <\/div>\n      <p class=\"texto-auxiliar\">Prepare-se com o melhor material e com quem mais aprova em Concursos P\u00fablicos em todo o pa\u00eds.<\/p>\n    <\/div>\n\n  <\/div>\n<\/div>\n\n\n\n<div class=\"container\" id=\"boxes\">\n  <div class=\"row\">\n\n    <div class=\"col-sm\">\n      <div class=\"estrategia\" id=\"box-assinatura\">\n        <h3 class=\"titulo-assinatura\">Assinatura Concursos<\/h3>\n        <p class=\"subtitulo-assinatura\">Assinatura de 1 ano ou 2 anos<\/p>\n        <div class=\"box-botao\">\n          <a class=\"btn-assinatura\" target=\"_blank\" href=\"https:\/\/www.estrategiaconcursos.com.br\/assinaturas\/\" role=\"button\" rel=\"noopener noreferrer\">ASSINE AGORA<\/a>\n        <\/div>\n      <\/div>\n     \n    <\/div><\/div><\/div>\n\n\n\n<figure class=\"wp-block-image size-large is-resized\"><img loading=\"lazy\" decoding=\"async\" width=\"1024\" height=\"632\" src=\"https:\/\/dhg1h5j42swfq.cloudfront.net\/2021\/06\/25091556\/ficha-tecnica-6-1024x632.png\" alt=\"Informa\u00e7\u00f5es do concurso MP AP.\" class=\"wp-image-776751\" style=\"width:196px;height:auto\" srcset=\"https:\/\/dhg1h5j42swfq.cloudfront.net\/2021\/06\/25091556\/ficha-tecnica-6-1024x632.png 1024w, https:\/\/dhg1h5j42swfq.cloudfront.net\/2021\/06\/25091556\/ficha-tecnica-6-300x185.png 300w, https:\/\/dhg1h5j42swfq.cloudfront.net\/2021\/06\/25091556\/ficha-tecnica-6-768x474.png 768w, https:\/\/dhg1h5j42swfq.cloudfront.net\/2021\/06\/25091556\/ficha-tecnica-6-1536x948.png 1536w, https:\/\/dhg1h5j42swfq.cloudfront.net\/2021\/06\/25091556\/ficha-tecnica-6-610x377.png 610w, https:\/\/dhg1h5j42swfq.cloudfront.net\/2021\/06\/25091556\/ficha-tecnica-6.png 1571w\" sizes=\"auto, (max-width: 1024px) 100vw, 1024px\" \/><\/figure>\n\n\n\n<h4 class=\"wp-block-heading\" id=\"ficha\">Informa\u00e7\u00f5es sobre o concurso MP AP &#8211; 2025<\/h4>\n\n\n\n<ul class=\"wp-block-list\">\n<li><strong>Data prova<\/strong>: <s>18\/01\/2026<\/s><\/li>\n\n\n\n<li><strong>Vagas<\/strong>: 15 + CR<\/li>\n\n\n\n<li><strong>Cargos<\/strong>: Analista e T\u00e9cnico Ministerial<\/li>\n\n\n\n<li><strong>Escolaridade<\/strong>: n\u00edvel m\u00e9dio e superior<\/li>\n\n\n\n<li><strong>Banca<\/strong>: FCC<\/li>\n\n\n\n<li><strong>Edital: <\/strong><a href=\"https:\/\/dhg1h5j42swfq.cloudfront.net\/2025\/09\/22181144\/mp-ap-2025.pdf\">MP AP 2025<\/a><\/li>\n<\/ul>\n\n\n\n<h4 class=\"wp-block-heading\" id=\"ficha\">Informa\u00e7\u00f5es sobre o \u00faltimo concurso MP AP<\/h4>\n\n\n\n<ul class=\"wp-block-list\">\n<li><strong>Data prova<\/strong>: <s>1\u00ba de agosto 2021<\/s><\/li>\n\n\n\n<li><strong>Vagas<\/strong>: 10 + CR<\/li>\n\n\n\n<li><strong>Cargos<\/strong>: Analista e T\u00e9cnico Ministerial<\/li>\n\n\n\n<li><strong>Escolaridade<\/strong>: n\u00edvel m\u00e9dio e superior<\/li>\n\n\n\n<li><strong>Banca<\/strong>: Cebraspe<\/li>\n\n\n\n<li><strong>Edital: <\/strong><a title=\"Edital concurso MP AP 2021\" href=\"https:\/\/dhg1h5j42swfq.cloudfront.net\/2021\/04\/06194734\/ed_1_mpap_servidor_2021_abertura.pdf\" target=\"_blank\" rel=\"noreferrer noopener nofollow\">MP AP 2021<\/a><\/li>\n<\/ul>\n\n\n\n<p><\/p>\n","protected":false},"excerpt":{"rendered":"<p>O concurso para servidores do Minist\u00e9rio P\u00fablico do Estado do Amap\u00e1 (MP AP) oferece 15 vagas mais cadastro de reserva para os cargos de analista e t\u00e9cnico ministerial, de n\u00edveis m\u00e9dio e superior de escolaridade. Os iniciais variam de R$ 5.861,38 a R$ 7.978,05. Os valores atra\u00edram, em parte, o interesse de 31.253 inscritos! Os [&hellip;]<\/p>\n","protected":false},"author":1,"featured_media":1643217,"comment_status":"open","ping_status":"closed","sticky":false,"template":"","format":"standard","meta":{"post_tipo":"news_page","footnotes":""},"categories":[1984],"tags":[],"tax_estado":[219967],"class_list":["post-491886","post","type-post","status-publish","format-standard","has-post-thumbnail","hentry","category-tribunais","tax_estado-ap"],"acf":[],"yoast_head":"<!-- This site is optimized with the Yoast SEO Premium plugin v27.2 (Yoast SEO v27.2) - https:\/\/yoast.com\/product\/yoast-seo-premium-wordpress\/ -->\n<title>Concurso MP AP: resultados divulgados!<\/title>\n<meta name=\"description\" content=\"Concurso MP AP: edital oferta 15 vagas + CR para os cargos de t\u00e9cnico e analista ministerial. Consulta aos resultados!\" \/>\n<meta name=\"robots\" content=\"index, follow, max-snippet:-1, max-image-preview:large, max-video-preview:-1\" \/>\n<link rel=\"canonical\" href=\"https:\/\/www.estrategiaconcursos.com.br\/blog\/concurso-mp-ap\/\" \/>\n<meta property=\"og:locale\" content=\"pt_BR\" \/>\n<meta property=\"og:type\" content=\"article\" \/>\n<meta property=\"og:title\" content=\"Concurso MP AP: resultados divulgados!\" \/>\n<meta property=\"og:description\" content=\"Concurso MP AP: edital oferta 15 vagas + CR para os cargos de t\u00e9cnico e analista ministerial. Consulta aos resultados!\" \/>\n<meta property=\"og:url\" content=\"https:\/\/www.estrategiaconcursos.com.br\/blog\/concurso-mp-ap\/\" \/>\n<meta property=\"og:site_name\" content=\"Estrat\u00e9gia Concursos\" \/>\n<meta property=\"article:author\" content=\"https:\/\/www.facebook.com\/EstrategiaConcursos\" \/>\n<meta property=\"article:published_time\" content=\"2026-04-14T11:58:00+00:00\" \/>\n<meta property=\"article:modified_time\" content=\"2026-04-14T18:39:58+00:00\" \/>\n<meta property=\"og:image\" content=\"https:\/\/dhg1h5j42swfq.cloudfront.net\/2025\/09\/23101736\/concurso-mp-ap.jpg\" \/>\n\t<meta property=\"og:image:width\" content=\"768\" \/>\n\t<meta property=\"og:image:height\" content=\"432\" \/>\n\t<meta property=\"og:image:type\" content=\"image\/jpeg\" \/>\n<meta name=\"author\" content=\"Coordena\u00e7\u00e3o\" \/>\n<meta name=\"twitter:card\" content=\"summary_large_image\" \/>\n<meta name=\"twitter:creator\" content=\"@EstratConcursos\" \/>\n<meta name=\"twitter:site\" content=\"@EstratConcursos\" \/>\n<meta name=\"twitter:label1\" content=\"Escrito por\" \/>\n\t<meta name=\"twitter:data1\" content=\"Coordena\u00e7\u00e3o\" \/>\n\t<meta name=\"twitter:label2\" content=\"Est. tempo de leitura\" \/>\n\t<meta name=\"twitter:data2\" content=\"16 minutos\" \/>\n<script type=\"application\/ld+json\" class=\"yoast-schema-graph\">{\"@context\":\"https:\/\/schema.org\",\"@graph\":[{\"@type\":\"NewsArticle\",\"@id\":\"https:\/\/www.estrategiaconcursos.com.br\/blog\/concurso-mp-ap\/#article\",\"isPartOf\":{\"@id\":\"https:\/\/www.estrategiaconcursos.com.br\/blog\/concurso-mp-ap\/\"},\"author\":{\"name\":\"Coordena\u00e7\u00e3o\",\"@id\":\"https:\/\/www.estrategiaconcursos.com.br\/blog\/#\/schema\/person\/b4a388c97673c5f483d72185668afa1f\"},\"headline\":\"Concurso MP AP: resultados divulgados!\",\"datePublished\":\"2026-04-14T11:58:00+00:00\",\"dateModified\":\"2026-04-14T18:39:58+00:00\",\"mainEntityOfPage\":{\"@id\":\"https:\/\/www.estrategiaconcursos.com.br\/blog\/concurso-mp-ap\/\"},\"wordCount\":2678,\"commentCount\":0,\"publisher\":{\"@id\":\"https:\/\/www.estrategiaconcursos.com.br\/blog\/#organization\"},\"image\":{\"@id\":\"https:\/\/www.estrategiaconcursos.com.br\/blog\/concurso-mp-ap\/#primaryimage\"},\"thumbnailUrl\":\"https:\/\/dhg1h5j42swfq.cloudfront.net\/2025\/09\/23101736\/concurso-mp-ap.jpg\",\"articleSection\":[\"Tribunais\"],\"inLanguage\":\"pt-BR\",\"potentialAction\":[{\"@type\":\"CommentAction\",\"name\":\"Comment\",\"target\":[\"https:\/\/www.estrategiaconcursos.com.br\/blog\/concurso-mp-ap\/#respond\"]}],\"copyrightYear\":\"2026\",\"copyrightHolder\":{\"@id\":\"https:\/\/www.estrategiaconcursos.com.br\/blog\/#organization\"}},{\"@type\":\"WebPage\",\"@id\":\"https:\/\/www.estrategiaconcursos.com.br\/blog\/concurso-mp-ap\/\",\"url\":\"https:\/\/www.estrategiaconcursos.com.br\/blog\/concurso-mp-ap\/\",\"name\":\"Concurso MP AP: resultados divulgados!\",\"isPartOf\":{\"@id\":\"https:\/\/www.estrategiaconcursos.com.br\/blog\/#website\"},\"primaryImageOfPage\":{\"@id\":\"https:\/\/www.estrategiaconcursos.com.br\/blog\/concurso-mp-ap\/#primaryimage\"},\"image\":{\"@id\":\"https:\/\/www.estrategiaconcursos.com.br\/blog\/concurso-mp-ap\/#primaryimage\"},\"thumbnailUrl\":\"https:\/\/dhg1h5j42swfq.cloudfront.net\/2025\/09\/23101736\/concurso-mp-ap.jpg\",\"datePublished\":\"2026-04-14T11:58:00+00:00\",\"dateModified\":\"2026-04-14T18:39:58+00:00\",\"description\":\"Concurso MP AP: edital oferta 15 vagas + CR para os cargos de t\u00e9cnico e analista ministerial. Consulta aos resultados!\",\"breadcrumb\":{\"@id\":\"https:\/\/www.estrategiaconcursos.com.br\/blog\/concurso-mp-ap\/#breadcrumb\"},\"inLanguage\":\"pt-BR\",\"potentialAction\":[{\"@type\":\"ReadAction\",\"target\":[\"https:\/\/www.estrategiaconcursos.com.br\/blog\/concurso-mp-ap\/\"]}]},{\"@type\":\"ImageObject\",\"inLanguage\":\"pt-BR\",\"@id\":\"https:\/\/www.estrategiaconcursos.com.br\/blog\/concurso-mp-ap\/#primaryimage\",\"url\":\"https:\/\/dhg1h5j42swfq.cloudfront.net\/2025\/09\/23101736\/concurso-mp-ap.jpg\",\"contentUrl\":\"https:\/\/dhg1h5j42swfq.cloudfront.net\/2025\/09\/23101736\/concurso-mp-ap.jpg\",\"width\":768,\"height\":432,\"caption\":\"concurso MP AP resultados\"},{\"@type\":\"BreadcrumbList\",\"@id\":\"https:\/\/www.estrategiaconcursos.com.br\/blog\/concurso-mp-ap\/#breadcrumb\",\"itemListElement\":[{\"@type\":\"ListItem\",\"position\":1,\"name\":\"In\u00edcio\",\"item\":\"https:\/\/www.estrategiaconcursos.com.br\/blog\/\"},{\"@type\":\"ListItem\",\"position\":2,\"name\":\"Concurso MP AP: resultados divulgados!\"}]},{\"@type\":\"WebSite\",\"@id\":\"https:\/\/www.estrategiaconcursos.com.br\/blog\/#website\",\"url\":\"https:\/\/www.estrategiaconcursos.com.br\/blog\/\",\"name\":\"Estrat\u00e9gia Concursos\",\"description\":\"O blog da Estrat\u00e9gia Concursos traz not\u00edcias sobre concursos e artigos de professores oferecendo cursos para concursos (pdf + videaulas) no site.\",\"publisher\":{\"@id\":\"https:\/\/www.estrategiaconcursos.com.br\/blog\/#organization\"},\"potentialAction\":[{\"@type\":\"SearchAction\",\"target\":{\"@type\":\"EntryPoint\",\"urlTemplate\":\"https:\/\/www.estrategiaconcursos.com.br\/blog\/?s={search_term_string}\"},\"query-input\":{\"@type\":\"PropertyValueSpecification\",\"valueRequired\":true,\"valueName\":\"search_term_string\"}}],\"inLanguage\":\"pt-BR\"},{\"@type\":\"Organization\",\"@id\":\"https:\/\/www.estrategiaconcursos.com.br\/blog\/#organization\",\"name\":\"Estrat\u00e9gia Concursos\",\"url\":\"https:\/\/www.estrategiaconcursos.com.br\/blog\/\",\"logo\":{\"@type\":\"ImageObject\",\"inLanguage\":\"pt-BR\",\"@id\":\"https:\/\/www.estrategiaconcursos.com.br\/blog\/#\/schema\/logo\/image\/\",\"url\":\"https:\/\/dhg1h5j42swfq.cloudfront.net\/2025\/06\/03203428\/logo_concursos-1.jpg\",\"contentUrl\":\"https:\/\/dhg1h5j42swfq.cloudfront.net\/2025\/06\/03203428\/logo_concursos-1.jpg\",\"width\":230,\"height\":60,\"caption\":\"Estrat\u00e9gia Concursos\"},\"image\":{\"@id\":\"https:\/\/www.estrategiaconcursos.com.br\/blog\/#\/schema\/logo\/image\/\"},\"sameAs\":[\"https:\/\/x.com\/EstratConcursos\"]},{\"@type\":\"Person\",\"@id\":\"https:\/\/www.estrategiaconcursos.com.br\/blog\/#\/schema\/person\/b4a388c97673c5f483d72185668afa1f\",\"name\":\"Coordena\u00e7\u00e3o\",\"image\":{\"@type\":\"ImageObject\",\"inLanguage\":\"pt-BR\",\"@id\":\"https:\/\/secure.gravatar.com\/avatar\/b720319e4c9a967eb58678d110f4fe35452fc5d5f97b202bac7b8acceb18c6ad?s=96&d=mm&r=g\",\"url\":\"https:\/\/secure.gravatar.com\/avatar\/b720319e4c9a967eb58678d110f4fe35452fc5d5f97b202bac7b8acceb18c6ad?s=96&d=mm&r=g\",\"contentUrl\":\"https:\/\/secure.gravatar.com\/avatar\/b720319e4c9a967eb58678d110f4fe35452fc5d5f97b202bac7b8acceb18c6ad?s=96&d=mm&r=g\",\"caption\":\"Coordena\u00e7\u00e3o\"},\"sameAs\":[\"https:\/\/www.facebook.com\/EstrategiaConcursos\",\"https:\/\/x.com\/EstratConcursos\"],\"url\":\"https:\/\/www.estrategiaconcursos.com.br\/blog\/author\/estrategia2013\/\"}]}<\/script>\n<!-- \/ Yoast SEO Premium plugin. -->","yoast_head_json":{"title":"Concurso MP AP: resultados divulgados!","description":"Concurso MP AP: edital oferta 15 vagas + CR para os cargos de t\u00e9cnico e analista ministerial. Consulta aos resultados!","robots":{"index":"index","follow":"follow","max-snippet":"max-snippet:-1","max-image-preview":"max-image-preview:large","max-video-preview":"max-video-preview:-1"},"canonical":"https:\/\/www.estrategiaconcursos.com.br\/blog\/concurso-mp-ap\/","og_locale":"pt_BR","og_type":"article","og_title":"Concurso MP AP: resultados divulgados!","og_description":"Concurso MP AP: edital oferta 15 vagas + CR para os cargos de t\u00e9cnico e analista ministerial. Consulta aos resultados!","og_url":"https:\/\/www.estrategiaconcursos.com.br\/blog\/concurso-mp-ap\/","og_site_name":"Estrat\u00e9gia Concursos","article_author":"https:\/\/www.facebook.com\/EstrategiaConcursos","article_published_time":"2026-04-14T11:58:00+00:00","article_modified_time":"2026-04-14T18:39:58+00:00","og_image":[{"width":768,"height":432,"url":"https:\/\/dhg1h5j42swfq.cloudfront.net\/2025\/09\/23101736\/concurso-mp-ap.jpg","type":"image\/jpeg"}],"author":"Coordena\u00e7\u00e3o","twitter_card":"summary_large_image","twitter_creator":"@EstratConcursos","twitter_site":"@EstratConcursos","twitter_misc":{"Escrito por":"Coordena\u00e7\u00e3o","Est. tempo de leitura":"16 minutos"},"schema":{"@context":"https:\/\/schema.org","@graph":[{"@type":"NewsArticle","@id":"https:\/\/www.estrategiaconcursos.com.br\/blog\/concurso-mp-ap\/#article","isPartOf":{"@id":"https:\/\/www.estrategiaconcursos.com.br\/blog\/concurso-mp-ap\/"},"author":{"name":"Coordena\u00e7\u00e3o","@id":"https:\/\/www.estrategiaconcursos.com.br\/blog\/#\/schema\/person\/b4a388c97673c5f483d72185668afa1f"},"headline":"Concurso MP AP: resultados divulgados!","datePublished":"2026-04-14T11:58:00+00:00","dateModified":"2026-04-14T18:39:58+00:00","mainEntityOfPage":{"@id":"https:\/\/www.estrategiaconcursos.com.br\/blog\/concurso-mp-ap\/"},"wordCount":2678,"commentCount":0,"publisher":{"@id":"https:\/\/www.estrategiaconcursos.com.br\/blog\/#organization"},"image":{"@id":"https:\/\/www.estrategiaconcursos.com.br\/blog\/concurso-mp-ap\/#primaryimage"},"thumbnailUrl":"https:\/\/dhg1h5j42swfq.cloudfront.net\/2025\/09\/23101736\/concurso-mp-ap.jpg","articleSection":["Tribunais"],"inLanguage":"pt-BR","potentialAction":[{"@type":"CommentAction","name":"Comment","target":["https:\/\/www.estrategiaconcursos.com.br\/blog\/concurso-mp-ap\/#respond"]}],"copyrightYear":"2026","copyrightHolder":{"@id":"https:\/\/www.estrategiaconcursos.com.br\/blog\/#organization"}},{"@type":"WebPage","@id":"https:\/\/www.estrategiaconcursos.com.br\/blog\/concurso-mp-ap\/","url":"https:\/\/www.estrategiaconcursos.com.br\/blog\/concurso-mp-ap\/","name":"Concurso MP AP: resultados divulgados!","isPartOf":{"@id":"https:\/\/www.estrategiaconcursos.com.br\/blog\/#website"},"primaryImageOfPage":{"@id":"https:\/\/www.estrategiaconcursos.com.br\/blog\/concurso-mp-ap\/#primaryimage"},"image":{"@id":"https:\/\/www.estrategiaconcursos.com.br\/blog\/concurso-mp-ap\/#primaryimage"},"thumbnailUrl":"https:\/\/dhg1h5j42swfq.cloudfront.net\/2025\/09\/23101736\/concurso-mp-ap.jpg","datePublished":"2026-04-14T11:58:00+00:00","dateModified":"2026-04-14T18:39:58+00:00","description":"Concurso MP AP: edital oferta 15 vagas + CR para os cargos de t\u00e9cnico e analista ministerial. Consulta aos resultados!","breadcrumb":{"@id":"https:\/\/www.estrategiaconcursos.com.br\/blog\/concurso-mp-ap\/#breadcrumb"},"inLanguage":"pt-BR","potentialAction":[{"@type":"ReadAction","target":["https:\/\/www.estrategiaconcursos.com.br\/blog\/concurso-mp-ap\/"]}]},{"@type":"ImageObject","inLanguage":"pt-BR","@id":"https:\/\/www.estrategiaconcursos.com.br\/blog\/concurso-mp-ap\/#primaryimage","url":"https:\/\/dhg1h5j42swfq.cloudfront.net\/2025\/09\/23101736\/concurso-mp-ap.jpg","contentUrl":"https:\/\/dhg1h5j42swfq.cloudfront.net\/2025\/09\/23101736\/concurso-mp-ap.jpg","width":768,"height":432,"caption":"concurso MP AP resultados"},{"@type":"BreadcrumbList","@id":"https:\/\/www.estrategiaconcursos.com.br\/blog\/concurso-mp-ap\/#breadcrumb","itemListElement":[{"@type":"ListItem","position":1,"name":"In\u00edcio","item":"https:\/\/www.estrategiaconcursos.com.br\/blog\/"},{"@type":"ListItem","position":2,"name":"Concurso MP AP: resultados divulgados!"}]},{"@type":"WebSite","@id":"https:\/\/www.estrategiaconcursos.com.br\/blog\/#website","url":"https:\/\/www.estrategiaconcursos.com.br\/blog\/","name":"Estrat\u00e9gia Concursos","description":"O blog da Estrat\u00e9gia Concursos traz not\u00edcias sobre concursos e artigos de professores oferecendo cursos para concursos (pdf + videaulas) no site.","publisher":{"@id":"https:\/\/www.estrategiaconcursos.com.br\/blog\/#organization"},"potentialAction":[{"@type":"SearchAction","target":{"@type":"EntryPoint","urlTemplate":"https:\/\/www.estrategiaconcursos.com.br\/blog\/?s={search_term_string}"},"query-input":{"@type":"PropertyValueSpecification","valueRequired":true,"valueName":"search_term_string"}}],"inLanguage":"pt-BR"},{"@type":"Organization","@id":"https:\/\/www.estrategiaconcursos.com.br\/blog\/#organization","name":"Estrat\u00e9gia Concursos","url":"https:\/\/www.estrategiaconcursos.com.br\/blog\/","logo":{"@type":"ImageObject","inLanguage":"pt-BR","@id":"https:\/\/www.estrategiaconcursos.com.br\/blog\/#\/schema\/logo\/image\/","url":"https:\/\/dhg1h5j42swfq.cloudfront.net\/2025\/06\/03203428\/logo_concursos-1.jpg","contentUrl":"https:\/\/dhg1h5j42swfq.cloudfront.net\/2025\/06\/03203428\/logo_concursos-1.jpg","width":230,"height":60,"caption":"Estrat\u00e9gia Concursos"},"image":{"@id":"https:\/\/www.estrategiaconcursos.com.br\/blog\/#\/schema\/logo\/image\/"},"sameAs":["https:\/\/x.com\/EstratConcursos"]},{"@type":"Person","@id":"https:\/\/www.estrategiaconcursos.com.br\/blog\/#\/schema\/person\/b4a388c97673c5f483d72185668afa1f","name":"Coordena\u00e7\u00e3o","image":{"@type":"ImageObject","inLanguage":"pt-BR","@id":"https:\/\/secure.gravatar.com\/avatar\/b720319e4c9a967eb58678d110f4fe35452fc5d5f97b202bac7b8acceb18c6ad?s=96&d=mm&r=g","url":"https:\/\/secure.gravatar.com\/avatar\/b720319e4c9a967eb58678d110f4fe35452fc5d5f97b202bac7b8acceb18c6ad?s=96&d=mm&r=g","contentUrl":"https:\/\/secure.gravatar.com\/avatar\/b720319e4c9a967eb58678d110f4fe35452fc5d5f97b202bac7b8acceb18c6ad?s=96&d=mm&r=g","caption":"Coordena\u00e7\u00e3o"},"sameAs":["https:\/\/www.facebook.com\/EstrategiaConcursos","https:\/\/x.com\/EstratConcursos"],"url":"https:\/\/www.estrategiaconcursos.com.br\/blog\/author\/estrategia2013\/"}]}},"_links":{"self":[{"href":"https:\/\/www.estrategiaconcursos.com.br\/blog\/wp-json\/wp\/v2\/posts\/491886","targetHints":{"allow":["GET"]}}],"collection":[{"href":"https:\/\/www.estrategiaconcursos.com.br\/blog\/wp-json\/wp\/v2\/posts"}],"about":[{"href":"https:\/\/www.estrategiaconcursos.com.br\/blog\/wp-json\/wp\/v2\/types\/post"}],"author":[{"embeddable":true,"href":"https:\/\/www.estrategiaconcursos.com.br\/blog\/wp-json\/wp\/v2\/users\/1"}],"replies":[{"embeddable":true,"href":"https:\/\/www.estrategiaconcursos.com.br\/blog\/wp-json\/wp\/v2\/comments?post=491886"}],"version-history":[{"count":268,"href":"https:\/\/www.estrategiaconcursos.com.br\/blog\/wp-json\/wp\/v2\/posts\/491886\/revisions"}],"predecessor-version":[{"id":1753509,"href":"https:\/\/www.estrategiaconcursos.com.br\/blog\/wp-json\/wp\/v2\/posts\/491886\/revisions\/1753509"}],"wp:featuredmedia":[{"embeddable":true,"href":"https:\/\/www.estrategiaconcursos.com.br\/blog\/wp-json\/wp\/v2\/media\/1643217"}],"wp:attachment":[{"href":"https:\/\/www.estrategiaconcursos.com.br\/blog\/wp-json\/wp\/v2\/media?parent=491886"}],"wp:term":[{"taxonomy":"category","embeddable":true,"href":"https:\/\/www.estrategiaconcursos.com.br\/blog\/wp-json\/wp\/v2\/categories?post=491886"},{"taxonomy":"post_tag","embeddable":true,"href":"https:\/\/www.estrategiaconcursos.com.br\/blog\/wp-json\/wp\/v2\/tags?post=491886"},{"taxonomy":"tax_estado","embeddable":true,"href":"https:\/\/www.estrategiaconcursos.com.br\/blog\/wp-json\/wp\/v2\/tax_estado?post=491886"}],"curies":[{"name":"wp","href":"https:\/\/api.w.org\/{rel}","templated":true}]}}