{"id":491592,"date":"2020-03-14T00:00:00","date_gmt":"2020-03-14T03:00:00","guid":{"rendered":"https:\/\/www.estrategiaconcursos.com.br\/blog\/?p=491592"},"modified":"2023-06-14T15:51:43","modified_gmt":"2023-06-14T18:51:43","slug":"concurso-ebserh-bate-papo-com-os-aprovados","status":"publish","type":"post","link":"https:\/\/www.estrategiaconcursos.com.br\/blog\/concurso-ebserh-bate-papo-com-os-aprovados\/","title":{"rendered":"Concurso EBSERH: Bate-papo com os aprovados neste s\u00e1bado, 14 de mar\u00e7o."},"content":{"rendered":"\n<p>O Concurso da EBSERH \u00e9 um dos maiores certames na \u00e1rea da sa\u00fade por todo o pa\u00eds e publicou 3 editais com um total de 1.660 vagas para diversos cargos.<\/p>\n\n\n\n<p>Foram 553 vagas para a \u00e1rea m\u00e9dica, 998 vagas para \u00e1rea assistencial e 129 para a \u00e1rea administrativa, totalizando mais de 328 mil inscritos.<\/p>\n\n\n\n<p>A \u00e1rea assistencial foi a mais concorrida, com 232 mil inscritos, seguida da \u00e1rea administrativa com 79 mil e da \u00e1rea m\u00e9dica com 16 mil.<\/p>\n\n\n\n<p>Pensando nisso, realizaremos neste s\u00e1bado, 14 de mar\u00e7o, um bate-papo com alguns dos nossos alunos aprovados no certame.<\/p>\n\n\n\n<p>Que tal participar ganhar est\u00edmulo com as hist\u00f3rias e batalhas de cada um deles? Assista no canal do Estrat\u00e9gia Concursos, no Youtube.<\/p>\n\n\n\n<p class=\"has-text-align-center\"><em>Prepare-se com o melhor material e com quem mais aprova em Concursos P\u00fablicos em todo o pa\u00eds. Assine agora a nossa Assinatura Anual e tenha acesso ilimitado* a todos os nossos cursos.<\/em><\/p>\n\n\n\n<p class=\"has-text-align-center has-light-green-cyan-background-color has-background\"><strong>ASSINE AGORA<\/strong>&nbsp;\u2013&nbsp;<a rel=\"noreferrer noopener\" href=\"https:\/\/www.estrategiaconcursos.com.br\/assinaturas\" target=\"_blank\"><strong>Assinatura Ilimitada<\/strong><\/a><\/p>\n\n\n\n<p class=\"has-text-align-center has-pale-cyan-blue-background-color has-background\" style=\"font-size:clamp(14px, 0.875rem + ((1vw - 3.2px) * 0.392), 18px);px\"><a href=\"https:\/\/www.estrategiaconcursos.com.br\/blog\/concursos-abertos\/\"><strong>CONCURSOS ABERTOS<\/strong><\/a><\/p>\n","protected":false},"excerpt":{"rendered":"<p>O Concurso da EBSERH \u00e9 um dos maiores certames na \u00e1rea da sa\u00fade por todo o pa\u00eds e publicou 3 editais com um total de 1.660 vagas para diversos cargos. Foram 553 vagas para a \u00e1rea m\u00e9dica, 998 vagas para \u00e1rea assistencial e 129 para a \u00e1rea administrativa, totalizando mais de 328 mil inscritos. A [&hellip;]<\/p>\n","protected":false},"author":1384,"featured_media":435143,"comment_status":"open","ping_status":"closed","sticky":false,"template":"","format":"standard","meta":{"post_tipo":"article","footnotes":""},"categories":[1],"tags":[],"tax_estado":[],"class_list":["post-491592","post","type-post","status-publish","format-standard","has-post-thumbnail","hentry","category-cursos-e-concursos"],"acf":[],"yoast_head":"<!-- This site is optimized with the Yoast SEO Premium plugin v27.2 (Yoast SEO v27.2) - https:\/\/yoast.com\/product\/yoast-seo-premium-wordpress\/ -->\n<title>Concurso EBSERH: Bate-papo com os aprovados neste s\u00e1bado, 14 de mar\u00e7o.<\/title>\n<meta name=\"robots\" content=\"index, follow, max-snippet:-1, max-image-preview:large, max-video-preview:-1\" \/>\n<link rel=\"canonical\" href=\"https:\/\/www.estrategiaconcursos.com.br\/blog\/concurso-ebserh-bate-papo-com-os-aprovados\/\" \/>\n<meta property=\"og:locale\" content=\"pt_BR\" \/>\n<meta property=\"og:type\" content=\"article\" \/>\n<meta property=\"og:title\" content=\"Concurso EBSERH: Bate-papo com os aprovados neste s\u00e1bado, 14 de mar\u00e7o.\" \/>\n<meta property=\"og:description\" content=\"O Concurso da EBSERH \u00e9 um dos maiores certames na \u00e1rea da sa\u00fade por todo o pa\u00eds e publicou 3 editais com um total de 1.660 vagas para diversos cargos. Foram 553 vagas para a \u00e1rea m\u00e9dica, 998 vagas para \u00e1rea assistencial e 129 para a \u00e1rea administrativa, totalizando mais de 328 mil inscritos. A [&hellip;]\" \/>\n<meta property=\"og:url\" content=\"https:\/\/www.estrategiaconcursos.com.br\/blog\/concurso-ebserh-bate-papo-com-os-aprovados\/\" \/>\n<meta property=\"og:site_name\" content=\"Estrat\u00e9gia Concursos\" \/>\n<meta property=\"article:published_time\" content=\"2020-03-14T03:00:00+00:00\" \/>\n<meta property=\"article:modified_time\" content=\"2023-06-14T18:51:43+00:00\" \/>\n<meta property=\"og:image\" content=\"https:\/\/dhg1h5j42swfq.cloudfront.net\/2019\/10\/16093046\/EBSERH3.jpg\" \/>\n\t<meta property=\"og:image:width\" content=\"1200\" \/>\n\t<meta property=\"og:image:height\" content=\"628\" \/>\n\t<meta property=\"og:image:type\" content=\"image\/jpeg\" \/>\n<meta name=\"author\" content=\"Ana Caroline Fonseca de Lima\" \/>\n<meta name=\"twitter:card\" content=\"summary_large_image\" \/>\n<meta name=\"twitter:creator\" content=\"@EstratConcursos\" \/>\n<meta name=\"twitter:site\" content=\"@EstratConcursos\" \/>\n<meta name=\"twitter:label1\" content=\"Escrito por\" \/>\n\t<meta name=\"twitter:data1\" content=\"Ana Caroline Fonseca de Lima\" \/>\n\t<meta name=\"twitter:label2\" content=\"Est. tempo de leitura\" \/>\n\t<meta name=\"twitter:data2\" content=\"1 minuto\" \/>\n<script type=\"application\/ld+json\" class=\"yoast-schema-graph\">{\"@context\":\"https:\/\/schema.org\",\"@graph\":[{\"@type\":\"NewsArticle\",\"@id\":\"https:\/\/www.estrategiaconcursos.com.br\/blog\/concurso-ebserh-bate-papo-com-os-aprovados\/#article\",\"isPartOf\":{\"@id\":\"https:\/\/www.estrategiaconcursos.com.br\/blog\/concurso-ebserh-bate-papo-com-os-aprovados\/\"},\"author\":{\"name\":\"Ana Caroline Fonseca de Lima\",\"@id\":\"https:\/\/www.estrategiaconcursos.com.br\/blog\/#\/schema\/person\/383e5cab9cfdc3da0df6011df1298527\"},\"headline\":\"Concurso EBSERH: Bate-papo com os aprovados neste s\u00e1bado, 14 de mar\u00e7o.\",\"datePublished\":\"2020-03-14T03:00:00+00:00\",\"dateModified\":\"2023-06-14T18:51:43+00:00\",\"mainEntityOfPage\":{\"@id\":\"https:\/\/www.estrategiaconcursos.com.br\/blog\/concurso-ebserh-bate-papo-com-os-aprovados\/\"},\"wordCount\":171,\"commentCount\":0,\"publisher\":{\"@id\":\"https:\/\/www.estrategiaconcursos.com.br\/blog\/#organization\"},\"image\":{\"@id\":\"https:\/\/www.estrategiaconcursos.com.br\/blog\/concurso-ebserh-bate-papo-com-os-aprovados\/#primaryimage\"},\"thumbnailUrl\":\"https:\/\/dhg1h5j42swfq.cloudfront.net\/2019\/10\/16093046\/EBSERH3.jpg\",\"articleSection\":[\"Concursos P\u00fablicos\"],\"inLanguage\":\"pt-BR\",\"potentialAction\":[{\"@type\":\"CommentAction\",\"name\":\"Comment\",\"target\":[\"https:\/\/www.estrategiaconcursos.com.br\/blog\/concurso-ebserh-bate-papo-com-os-aprovados\/#respond\"]}],\"copyrightYear\":\"2020\",\"copyrightHolder\":{\"@id\":\"https:\/\/www.estrategiaconcursos.com.br\/blog\/#organization\"}},{\"@type\":\"WebPage\",\"@id\":\"https:\/\/www.estrategiaconcursos.com.br\/blog\/concurso-ebserh-bate-papo-com-os-aprovados\/\",\"url\":\"https:\/\/www.estrategiaconcursos.com.br\/blog\/concurso-ebserh-bate-papo-com-os-aprovados\/\",\"name\":\"Concurso EBSERH: Bate-papo com os aprovados neste s\u00e1bado, 14 de mar\u00e7o.\",\"isPartOf\":{\"@id\":\"https:\/\/www.estrategiaconcursos.com.br\/blog\/#website\"},\"primaryImageOfPage\":{\"@id\":\"https:\/\/www.estrategiaconcursos.com.br\/blog\/concurso-ebserh-bate-papo-com-os-aprovados\/#primaryimage\"},\"image\":{\"@id\":\"https:\/\/www.estrategiaconcursos.com.br\/blog\/concurso-ebserh-bate-papo-com-os-aprovados\/#primaryimage\"},\"thumbnailUrl\":\"https:\/\/dhg1h5j42swfq.cloudfront.net\/2019\/10\/16093046\/EBSERH3.jpg\",\"datePublished\":\"2020-03-14T03:00:00+00:00\",\"dateModified\":\"2023-06-14T18:51:43+00:00\",\"breadcrumb\":{\"@id\":\"https:\/\/www.estrategiaconcursos.com.br\/blog\/concurso-ebserh-bate-papo-com-os-aprovados\/#breadcrumb\"},\"inLanguage\":\"pt-BR\",\"potentialAction\":[{\"@type\":\"ReadAction\",\"target\":[\"https:\/\/www.estrategiaconcursos.com.br\/blog\/concurso-ebserh-bate-papo-com-os-aprovados\/\"]}]},{\"@type\":\"ImageObject\",\"inLanguage\":\"pt-BR\",\"@id\":\"https:\/\/www.estrategiaconcursos.com.br\/blog\/concurso-ebserh-bate-papo-com-os-aprovados\/#primaryimage\",\"url\":\"https:\/\/dhg1h5j42swfq.cloudfront.net\/2019\/10\/16093046\/EBSERH3.jpg\",\"contentUrl\":\"https:\/\/dhg1h5j42swfq.cloudfront.net\/2019\/10\/16093046\/EBSERH3.jpg\",\"width\":1200,\"height\":628,\"caption\":\"EBSERH\"},{\"@type\":\"BreadcrumbList\",\"@id\":\"https:\/\/www.estrategiaconcursos.com.br\/blog\/concurso-ebserh-bate-papo-com-os-aprovados\/#breadcrumb\",\"itemListElement\":[{\"@type\":\"ListItem\",\"position\":1,\"name\":\"In\u00edcio\",\"item\":\"https:\/\/www.estrategiaconcursos.com.br\/blog\/\"},{\"@type\":\"ListItem\",\"position\":2,\"name\":\"Concurso EBSERH: Bate-papo com os aprovados neste s\u00e1bado, 14 de mar\u00e7o.\"}]},{\"@type\":\"WebSite\",\"@id\":\"https:\/\/www.estrategiaconcursos.com.br\/blog\/#website\",\"url\":\"https:\/\/www.estrategiaconcursos.com.br\/blog\/\",\"name\":\"Estrat\u00e9gia Concursos\",\"description\":\"O blog da Estrat\u00e9gia Concursos traz not\u00edcias sobre concursos e artigos de professores oferecendo cursos para concursos (pdf + videaulas) no site.\",\"publisher\":{\"@id\":\"https:\/\/www.estrategiaconcursos.com.br\/blog\/#organization\"},\"potentialAction\":[{\"@type\":\"SearchAction\",\"target\":{\"@type\":\"EntryPoint\",\"urlTemplate\":\"https:\/\/www.estrategiaconcursos.com.br\/blog\/?s={search_term_string}\"},\"query-input\":{\"@type\":\"PropertyValueSpecification\",\"valueRequired\":true,\"valueName\":\"search_term_string\"}}],\"inLanguage\":\"pt-BR\"},{\"@type\":\"Organization\",\"@id\":\"https:\/\/www.estrategiaconcursos.com.br\/blog\/#organization\",\"name\":\"Estrat\u00e9gia Concursos\",\"url\":\"https:\/\/www.estrategiaconcursos.com.br\/blog\/\",\"logo\":{\"@type\":\"ImageObject\",\"inLanguage\":\"pt-BR\",\"@id\":\"https:\/\/www.estrategiaconcursos.com.br\/blog\/#\/schema\/logo\/image\/\",\"url\":\"https:\/\/dhg1h5j42swfq.cloudfront.net\/2025\/06\/03203428\/logo_concursos-1.jpg\",\"contentUrl\":\"https:\/\/dhg1h5j42swfq.cloudfront.net\/2025\/06\/03203428\/logo_concursos-1.jpg\",\"width\":230,\"height\":60,\"caption\":\"Estrat\u00e9gia Concursos\"},\"image\":{\"@id\":\"https:\/\/www.estrategiaconcursos.com.br\/blog\/#\/schema\/logo\/image\/\"},\"sameAs\":[\"https:\/\/x.com\/EstratConcursos\"]},{\"@type\":\"Person\",\"@id\":\"https:\/\/www.estrategiaconcursos.com.br\/blog\/#\/schema\/person\/383e5cab9cfdc3da0df6011df1298527\",\"name\":\"Ana Caroline Fonseca de Lima\",\"image\":{\"@type\":\"ImageObject\",\"inLanguage\":\"pt-BR\",\"@id\":\"https:\/\/secure.gravatar.com\/avatar\/692f024bcfac8d55be7ef1c552ddcfb3330c1cfe48f430e7e8d7de62c3191f66?s=96&d=mm&r=g\",\"url\":\"https:\/\/secure.gravatar.com\/avatar\/692f024bcfac8d55be7ef1c552ddcfb3330c1cfe48f430e7e8d7de62c3191f66?s=96&d=mm&r=g\",\"contentUrl\":\"https:\/\/secure.gravatar.com\/avatar\/692f024bcfac8d55be7ef1c552ddcfb3330c1cfe48f430e7e8d7de62c3191f66?s=96&d=mm&r=g\",\"caption\":\"Ana Caroline Fonseca de Lima\"},\"description\":\"Auditora Fiscal do Trabalho (AFT). Oficial da Reserva da For\u00e7a A\u00e9rea Brasileira, formada na Academia da For\u00e7a A\u00e9rea (Capit\u00e3o Intendente da Reserva N\u00e3o Remunerada), permanecendo na ativa por 12 anos - Bacharel em Administra\u00e7\u00e3o (2005) - Bacharel em Direito (2011) - Especializada em Gest\u00e3o da Administra\u00e7\u00e3o P\u00fablica pela Universidade Castelo Branco (2009) - P\u00f3s-graduada em Direito e Processo do Trabalho pela Universidade Anhanguera -UNIDERP (2013) Aprova\u00e7\u00f5es em concursos p\u00fablicos: - Col\u00e9gio Militar do Rio de Janeiro - CMRJ (1999) - Academia da For\u00e7a A\u00e9rea - AFA (2002) - Auditor Fiscal do Trabalho - AFT (2013) https:\/\/www.instagram.com\/anacaroline.flima\/\",\"sameAs\":[\"https:\/\/www.instagram.com\/anacaroline.flima\/\"],\"url\":\"https:\/\/www.estrategiaconcursos.com.br\/blog\/author\/anacaroline-fonsecayahoo-com-br\/\"}]}<\/script>\n<!-- \/ Yoast SEO Premium plugin. -->","yoast_head_json":{"title":"Concurso EBSERH: Bate-papo com os aprovados neste s\u00e1bado, 14 de mar\u00e7o.","robots":{"index":"index","follow":"follow","max-snippet":"max-snippet:-1","max-image-preview":"max-image-preview:large","max-video-preview":"max-video-preview:-1"},"canonical":"https:\/\/www.estrategiaconcursos.com.br\/blog\/concurso-ebserh-bate-papo-com-os-aprovados\/","og_locale":"pt_BR","og_type":"article","og_title":"Concurso EBSERH: Bate-papo com os aprovados neste s\u00e1bado, 14 de mar\u00e7o.","og_description":"O Concurso da EBSERH \u00e9 um dos maiores certames na \u00e1rea da sa\u00fade por todo o pa\u00eds e publicou 3 editais com um total de 1.660 vagas para diversos cargos. Foram 553 vagas para a \u00e1rea m\u00e9dica, 998 vagas para \u00e1rea assistencial e 129 para a \u00e1rea administrativa, totalizando mais de 328 mil inscritos. A [&hellip;]","og_url":"https:\/\/www.estrategiaconcursos.com.br\/blog\/concurso-ebserh-bate-papo-com-os-aprovados\/","og_site_name":"Estrat\u00e9gia Concursos","article_published_time":"2020-03-14T03:00:00+00:00","article_modified_time":"2023-06-14T18:51:43+00:00","og_image":[{"width":1200,"height":628,"url":"https:\/\/dhg1h5j42swfq.cloudfront.net\/2019\/10\/16093046\/EBSERH3.jpg","type":"image\/jpeg"}],"author":"Ana Caroline Fonseca de Lima","twitter_card":"summary_large_image","twitter_creator":"@EstratConcursos","twitter_site":"@EstratConcursos","twitter_misc":{"Escrito por":"Ana Caroline Fonseca de Lima","Est. tempo de leitura":"1 minuto"},"schema":{"@context":"https:\/\/schema.org","@graph":[{"@type":"NewsArticle","@id":"https:\/\/www.estrategiaconcursos.com.br\/blog\/concurso-ebserh-bate-papo-com-os-aprovados\/#article","isPartOf":{"@id":"https:\/\/www.estrategiaconcursos.com.br\/blog\/concurso-ebserh-bate-papo-com-os-aprovados\/"},"author":{"name":"Ana Caroline Fonseca de Lima","@id":"https:\/\/www.estrategiaconcursos.com.br\/blog\/#\/schema\/person\/383e5cab9cfdc3da0df6011df1298527"},"headline":"Concurso EBSERH: Bate-papo com os aprovados neste s\u00e1bado, 14 de mar\u00e7o.","datePublished":"2020-03-14T03:00:00+00:00","dateModified":"2023-06-14T18:51:43+00:00","mainEntityOfPage":{"@id":"https:\/\/www.estrategiaconcursos.com.br\/blog\/concurso-ebserh-bate-papo-com-os-aprovados\/"},"wordCount":171,"commentCount":0,"publisher":{"@id":"https:\/\/www.estrategiaconcursos.com.br\/blog\/#organization"},"image":{"@id":"https:\/\/www.estrategiaconcursos.com.br\/blog\/concurso-ebserh-bate-papo-com-os-aprovados\/#primaryimage"},"thumbnailUrl":"https:\/\/dhg1h5j42swfq.cloudfront.net\/2019\/10\/16093046\/EBSERH3.jpg","articleSection":["Concursos P\u00fablicos"],"inLanguage":"pt-BR","potentialAction":[{"@type":"CommentAction","name":"Comment","target":["https:\/\/www.estrategiaconcursos.com.br\/blog\/concurso-ebserh-bate-papo-com-os-aprovados\/#respond"]}],"copyrightYear":"2020","copyrightHolder":{"@id":"https:\/\/www.estrategiaconcursos.com.br\/blog\/#organization"}},{"@type":"WebPage","@id":"https:\/\/www.estrategiaconcursos.com.br\/blog\/concurso-ebserh-bate-papo-com-os-aprovados\/","url":"https:\/\/www.estrategiaconcursos.com.br\/blog\/concurso-ebserh-bate-papo-com-os-aprovados\/","name":"Concurso EBSERH: Bate-papo com os aprovados neste s\u00e1bado, 14 de mar\u00e7o.","isPartOf":{"@id":"https:\/\/www.estrategiaconcursos.com.br\/blog\/#website"},"primaryImageOfPage":{"@id":"https:\/\/www.estrategiaconcursos.com.br\/blog\/concurso-ebserh-bate-papo-com-os-aprovados\/#primaryimage"},"image":{"@id":"https:\/\/www.estrategiaconcursos.com.br\/blog\/concurso-ebserh-bate-papo-com-os-aprovados\/#primaryimage"},"thumbnailUrl":"https:\/\/dhg1h5j42swfq.cloudfront.net\/2019\/10\/16093046\/EBSERH3.jpg","datePublished":"2020-03-14T03:00:00+00:00","dateModified":"2023-06-14T18:51:43+00:00","breadcrumb":{"@id":"https:\/\/www.estrategiaconcursos.com.br\/blog\/concurso-ebserh-bate-papo-com-os-aprovados\/#breadcrumb"},"inLanguage":"pt-BR","potentialAction":[{"@type":"ReadAction","target":["https:\/\/www.estrategiaconcursos.com.br\/blog\/concurso-ebserh-bate-papo-com-os-aprovados\/"]}]},{"@type":"ImageObject","inLanguage":"pt-BR","@id":"https:\/\/www.estrategiaconcursos.com.br\/blog\/concurso-ebserh-bate-papo-com-os-aprovados\/#primaryimage","url":"https:\/\/dhg1h5j42swfq.cloudfront.net\/2019\/10\/16093046\/EBSERH3.jpg","contentUrl":"https:\/\/dhg1h5j42swfq.cloudfront.net\/2019\/10\/16093046\/EBSERH3.jpg","width":1200,"height":628,"caption":"EBSERH"},{"@type":"BreadcrumbList","@id":"https:\/\/www.estrategiaconcursos.com.br\/blog\/concurso-ebserh-bate-papo-com-os-aprovados\/#breadcrumb","itemListElement":[{"@type":"ListItem","position":1,"name":"In\u00edcio","item":"https:\/\/www.estrategiaconcursos.com.br\/blog\/"},{"@type":"ListItem","position":2,"name":"Concurso EBSERH: Bate-papo com os aprovados neste s\u00e1bado, 14 de mar\u00e7o."}]},{"@type":"WebSite","@id":"https:\/\/www.estrategiaconcursos.com.br\/blog\/#website","url":"https:\/\/www.estrategiaconcursos.com.br\/blog\/","name":"Estrat\u00e9gia Concursos","description":"O blog da Estrat\u00e9gia Concursos traz not\u00edcias sobre concursos e artigos de professores oferecendo cursos para concursos (pdf + videaulas) no site.","publisher":{"@id":"https:\/\/www.estrategiaconcursos.com.br\/blog\/#organization"},"potentialAction":[{"@type":"SearchAction","target":{"@type":"EntryPoint","urlTemplate":"https:\/\/www.estrategiaconcursos.com.br\/blog\/?s={search_term_string}"},"query-input":{"@type":"PropertyValueSpecification","valueRequired":true,"valueName":"search_term_string"}}],"inLanguage":"pt-BR"},{"@type":"Organization","@id":"https:\/\/www.estrategiaconcursos.com.br\/blog\/#organization","name":"Estrat\u00e9gia Concursos","url":"https:\/\/www.estrategiaconcursos.com.br\/blog\/","logo":{"@type":"ImageObject","inLanguage":"pt-BR","@id":"https:\/\/www.estrategiaconcursos.com.br\/blog\/#\/schema\/logo\/image\/","url":"https:\/\/dhg1h5j42swfq.cloudfront.net\/2025\/06\/03203428\/logo_concursos-1.jpg","contentUrl":"https:\/\/dhg1h5j42swfq.cloudfront.net\/2025\/06\/03203428\/logo_concursos-1.jpg","width":230,"height":60,"caption":"Estrat\u00e9gia Concursos"},"image":{"@id":"https:\/\/www.estrategiaconcursos.com.br\/blog\/#\/schema\/logo\/image\/"},"sameAs":["https:\/\/x.com\/EstratConcursos"]},{"@type":"Person","@id":"https:\/\/www.estrategiaconcursos.com.br\/blog\/#\/schema\/person\/383e5cab9cfdc3da0df6011df1298527","name":"Ana Caroline Fonseca de Lima","image":{"@type":"ImageObject","inLanguage":"pt-BR","@id":"https:\/\/secure.gravatar.com\/avatar\/692f024bcfac8d55be7ef1c552ddcfb3330c1cfe48f430e7e8d7de62c3191f66?s=96&d=mm&r=g","url":"https:\/\/secure.gravatar.com\/avatar\/692f024bcfac8d55be7ef1c552ddcfb3330c1cfe48f430e7e8d7de62c3191f66?s=96&d=mm&r=g","contentUrl":"https:\/\/secure.gravatar.com\/avatar\/692f024bcfac8d55be7ef1c552ddcfb3330c1cfe48f430e7e8d7de62c3191f66?s=96&d=mm&r=g","caption":"Ana Caroline Fonseca de Lima"},"description":"Auditora Fiscal do Trabalho (AFT). Oficial da Reserva da For\u00e7a A\u00e9rea Brasileira, formada na Academia da For\u00e7a A\u00e9rea (Capit\u00e3o Intendente da Reserva N\u00e3o Remunerada), permanecendo na ativa por 12 anos - Bacharel em Administra\u00e7\u00e3o (2005) - Bacharel em Direito (2011) - Especializada em Gest\u00e3o da Administra\u00e7\u00e3o P\u00fablica pela Universidade Castelo Branco (2009) - P\u00f3s-graduada em Direito e Processo do Trabalho pela Universidade Anhanguera -UNIDERP (2013) Aprova\u00e7\u00f5es em concursos p\u00fablicos: - Col\u00e9gio Militar do Rio de Janeiro - CMRJ (1999) - Academia da For\u00e7a A\u00e9rea - AFA (2002) - Auditor Fiscal do Trabalho - AFT (2013) https:\/\/www.instagram.com\/anacaroline.flima\/","sameAs":["https:\/\/www.instagram.com\/anacaroline.flima\/"],"url":"https:\/\/www.estrategiaconcursos.com.br\/blog\/author\/anacaroline-fonsecayahoo-com-br\/"}]}},"_links":{"self":[{"href":"https:\/\/www.estrategiaconcursos.com.br\/blog\/wp-json\/wp\/v2\/posts\/491592","targetHints":{"allow":["GET"]}}],"collection":[{"href":"https:\/\/www.estrategiaconcursos.com.br\/blog\/wp-json\/wp\/v2\/posts"}],"about":[{"href":"https:\/\/www.estrategiaconcursos.com.br\/blog\/wp-json\/wp\/v2\/types\/post"}],"author":[{"embeddable":true,"href":"https:\/\/www.estrategiaconcursos.com.br\/blog\/wp-json\/wp\/v2\/users\/1384"}],"replies":[{"embeddable":true,"href":"https:\/\/www.estrategiaconcursos.com.br\/blog\/wp-json\/wp\/v2\/comments?post=491592"}],"version-history":[{"count":3,"href":"https:\/\/www.estrategiaconcursos.com.br\/blog\/wp-json\/wp\/v2\/posts\/491592\/revisions"}],"predecessor-version":[{"id":1232325,"href":"https:\/\/www.estrategiaconcursos.com.br\/blog\/wp-json\/wp\/v2\/posts\/491592\/revisions\/1232325"}],"wp:featuredmedia":[{"embeddable":true,"href":"https:\/\/www.estrategiaconcursos.com.br\/blog\/wp-json\/wp\/v2\/media\/435143"}],"wp:attachment":[{"href":"https:\/\/www.estrategiaconcursos.com.br\/blog\/wp-json\/wp\/v2\/media?parent=491592"}],"wp:term":[{"taxonomy":"category","embeddable":true,"href":"https:\/\/www.estrategiaconcursos.com.br\/blog\/wp-json\/wp\/v2\/categories?post=491592"},{"taxonomy":"post_tag","embeddable":true,"href":"https:\/\/www.estrategiaconcursos.com.br\/blog\/wp-json\/wp\/v2\/tags?post=491592"},{"taxonomy":"tax_estado","embeddable":true,"href":"https:\/\/www.estrategiaconcursos.com.br\/blog\/wp-json\/wp\/v2\/tax_estado?post=491592"}],"curies":[{"name":"wp","href":"https:\/\/api.w.org\/{rel}","templated":true}]}}