{"id":491338,"date":"2020-03-12T10:01:25","date_gmt":"2020-03-12T13:01:25","guid":{"rendered":"https:\/\/www.estrategiaconcursos.com.br\/blog\/?p=491338"},"modified":"2020-09-19T12:34:32","modified_gmt":"2020-09-19T15:34:32","slug":"lista-preliminar-de-inscricoes-deferidas-e-indeferidas-concurso-cartorio-ms","status":"publish","type":"post","link":"https:\/\/www.estrategiaconcursos.com.br\/blog\/lista-preliminar-de-inscricoes-deferidas-e-indeferidas-concurso-cartorio-ms\/","title":{"rendered":"Saiu lista preliminar de inscri\u00e7\u00f5es deferidas e indeferidas concurso Cart\u00f3rio MS"},"content":{"rendered":"\n<p>O <strong>Tribunal de Justi\u00e7a do Mato Grosso do Sul<\/strong> tornou p\u00fablica a rela\u00e7\u00e3o preliminar dos inscritos e a dos que n\u00e3o tiveram a inscri\u00e7\u00e3o efetivada para o <strong>V Concurso P\u00fablico<\/strong> <strong>para outorga de delega\u00e7\u00f5es  de servi\u00e7os notariais e registrais<\/strong> do Estado.<\/p>\n\n\n\n<p>Os candidatos que quiserem enviar pedidos de revis\u00e3o acerca do indeferimento da inscri\u00e7\u00e3o devem enviar atrav\u00e9s do site da Consulpan  entre os dias 13 a 17 de mar\u00e7o de 2020. <\/p>\n\n\n\n<p><strong><em>Confira no link abaixo a lista de inscri\u00e7\u00f5es deferidas e indeferidas:<\/em><\/strong><\/p>\n\n\n\n<p class=\"has-text-align-center has-very-light-gray-background-color has-background has-medium-font-size\"> <a href=\"https:\/\/trello-attachments.s3.amazonaws.com\/5b58e1496cd37eb9a1dc29a2\/5e6a1429236568059d22afc3\/d46f2078cd469152aa00ae3052bf7f5d\/Cart%C3%B3rio_MS-_Inscri%C3%A7%C3%B5es_deferidas_%26_atendimento_especial.pdf\"><em><strong>I<\/strong><\/em><strong><em>nscri\u00e7\u00f5es deferidas e indeferidas<\/em><\/strong> <strong><em>&#8211; Lista Geral<\/em><\/strong><\/a><\/p>\n\n\n\n<p>Vale lembrar que s\u00e3o ofertadas 54 serventias vagas, das quais 36 s\u00e3o destinadas a provimento e 18 para remo\u00e7\u00e3o. O certame ter\u00e1 quatro provas: prova objetiva de sele\u00e7\u00e3o, prova escrita e pr\u00e1tica, prova oral e prova de t\u00edtulos. A primeira fase do certame vai ser aplicada em 19 de abril de 2020, na cidade de Campo Grande (MS).<\/p>\n\n\n\n<p class=\"has-text-align-center has-very-light-gray-background-color has-background has-medium-font-size\"><em><strong>Mais informa\u00e7\u00f5es: <a href=\"https:\/\/www.estrategiaconcursos.com.br\/blog\/concurso-cartorio-ms\/\">concurso Cart\u00f3rio MS<\/a><\/strong><\/em><\/p>\n\n\n\n<p class=\"has-text-align-center has-luminous-vivid-amber-background-color has-background\" style=\"font-size:clamp(16.293px, 1.018rem + ((1vw - 3.2px) * 0.854), 25px);px\"><a href=\"https:\/\/www.estrategiaconcursos.com.br\/cursosPorConcurso\/promocao-pacote-de-cursos-regulares-para-cartorios\/\" target=\"_blank\" rel=\"noreferrer noopener\" aria-label=\"CURSO PARA CONCURSO DE CART\u00d3RIO (abre numa nova aba)\">CURSO PARA CONCURSO DE CART\u00d3RIO<\/a><\/p>\n\n\n\n<p class=\"has-text-align-center\"><em><strong>Fique por dentro de todos os concursos<\/strong><\/em>:<\/p>\n\n\n\n<p class=\"has-text-align-center has-pale-cyan-blue-background-color has-background\" style=\"font-size:clamp(15.197px, 0.95rem + ((1vw - 3.2px) * 0.765), 23px);px\"><strong><a rel=\"noreferrer noopener\" href=\"https:\/\/www.estrategiaconcursos.com.br\/blog\/concursos-abertos\/\" target=\"_blank\">Concursos Abertos<\/a><\/strong><\/p>\n\n\n\n<p class=\"has-text-align-center has-pale-cyan-blue-background-color has-background\" style=\"font-size:clamp(15.197px, 0.95rem + ((1vw - 3.2px) * 0.765), 23px);px\"><a rel=\"noreferrer noopener\" href=\"https:\/\/www.estrategiaconcursos.com.br\/blog\/concursos-2020\/\" target=\"_blank\"><strong>Concursos 2020<\/strong><\/a><\/p>\n\n\n\n<p class=\"has-text-align-center has-pale-cyan-blue-background-color has-background\" style=\"font-size:clamp(15.197px, 0.95rem + ((1vw - 3.2px) * 0.765), 23px);px\"><strong><a rel=\"noreferrer noopener\" href=\"https:\/\/www.estrategiaconcursos.com.br\/blog\/concursos-de-direito\/\" target=\"_blank\">Concursos de Direito<\/a><\/strong><\/p>\n","protected":false},"excerpt":{"rendered":"<p>O Tribunal de Justi\u00e7a do Mato Grosso do Sul tornou p\u00fablica a rela\u00e7\u00e3o preliminar dos inscritos e a dos que n\u00e3o tiveram a inscri\u00e7\u00e3o efetivada para o V Concurso P\u00fablico para outorga de delega\u00e7\u00f5es de servi\u00e7os notariais e registrais do Estado. Os candidatos que quiserem enviar pedidos de revis\u00e3o acerca do indeferimento da inscri\u00e7\u00e3o devem [&hellip;]<\/p>\n","protected":false},"author":180,"featured_media":0,"comment_status":"open","ping_status":"closed","sticky":false,"template":"","format":"standard","meta":{"post_tipo":"article","footnotes":""},"categories":[1],"tags":[],"tax_estado":[],"class_list":["post-491338","post","type-post","status-publish","format-standard","hentry","category-cursos-e-concursos"],"acf":[],"yoast_head":"<!-- This site is optimized with the Yoast SEO Premium plugin v27.2 (Yoast SEO v27.2) - https:\/\/yoast.com\/product\/yoast-seo-premium-wordpress\/ -->\n<title>Saiu lista preliminar de inscri\u00e7\u00f5es deferidas e indeferidas concurso Cart\u00f3rio MS<\/title>\n<meta name=\"description\" content=\"A lista de preliminar de insri\u00e7\u00f5es deferidas e indeferidas do concurso Cart\u00f3rio MS foi divulgada. Saiba mais neste artigo.\" \/>\n<meta name=\"robots\" content=\"index, follow, max-snippet:-1, max-image-preview:large, max-video-preview:-1\" \/>\n<link rel=\"canonical\" href=\"https:\/\/www.estrategiaconcursos.com.br\/blog\/lista-preliminar-de-inscricoes-deferidas-e-indeferidas-concurso-cartorio-ms\/\" \/>\n<meta property=\"og:locale\" content=\"pt_BR\" \/>\n<meta property=\"og:type\" content=\"article\" \/>\n<meta property=\"og:title\" content=\"Saiu lista preliminar de inscri\u00e7\u00f5es deferidas e indeferidas concurso Cart\u00f3rio MS\" \/>\n<meta property=\"og:description\" content=\"A lista de preliminar de insri\u00e7\u00f5es deferidas e indeferidas do concurso Cart\u00f3rio MS foi divulgada. Saiba mais neste artigo.\" \/>\n<meta property=\"og:url\" content=\"https:\/\/www.estrategiaconcursos.com.br\/blog\/lista-preliminar-de-inscricoes-deferidas-e-indeferidas-concurso-cartorio-ms\/\" \/>\n<meta property=\"og:site_name\" content=\"Estrat\u00e9gia Concursos\" \/>\n<meta property=\"article:author\" content=\"https:\/\/www.facebook.com\/ricardo.s.torques\" \/>\n<meta property=\"article:published_time\" content=\"2020-03-12T13:01:25+00:00\" \/>\n<meta property=\"article:modified_time\" content=\"2020-09-19T15:34:32+00:00\" \/>\n<meta name=\"author\" content=\"Ricardo Torques\" \/>\n<meta name=\"twitter:card\" content=\"summary_large_image\" \/>\n<meta name=\"twitter:creator\" content=\"@EstratConcursos\" \/>\n<meta name=\"twitter:site\" content=\"@EstratConcursos\" \/>\n<meta name=\"twitter:label1\" content=\"Escrito por\" \/>\n\t<meta name=\"twitter:data1\" content=\"Ricardo Torques\" \/>\n\t<meta name=\"twitter:label2\" content=\"Est. tempo de leitura\" \/>\n\t<meta name=\"twitter:data2\" content=\"1 minuto\" \/>\n<script type=\"application\/ld+json\" class=\"yoast-schema-graph\">{\"@context\":\"https:\/\/schema.org\",\"@graph\":[{\"@type\":\"NewsArticle\",\"@id\":\"https:\/\/www.estrategiaconcursos.com.br\/blog\/lista-preliminar-de-inscricoes-deferidas-e-indeferidas-concurso-cartorio-ms\/#article\",\"isPartOf\":{\"@id\":\"https:\/\/www.estrategiaconcursos.com.br\/blog\/lista-preliminar-de-inscricoes-deferidas-e-indeferidas-concurso-cartorio-ms\/\"},\"author\":{\"name\":\"Ricardo Torques\",\"@id\":\"https:\/\/www.estrategiaconcursos.com.br\/blog\/#\/schema\/person\/aa39cf5ddb518e5bdce27c35788405e2\"},\"headline\":\"Saiu lista preliminar de inscri\u00e7\u00f5es deferidas e indeferidas concurso Cart\u00f3rio MS\",\"datePublished\":\"2020-03-12T13:01:25+00:00\",\"dateModified\":\"2020-09-19T15:34:32+00:00\",\"mainEntityOfPage\":{\"@id\":\"https:\/\/www.estrategiaconcursos.com.br\/blog\/lista-preliminar-de-inscricoes-deferidas-e-indeferidas-concurso-cartorio-ms\/\"},\"wordCount\":199,\"commentCount\":0,\"publisher\":{\"@id\":\"https:\/\/www.estrategiaconcursos.com.br\/blog\/#organization\"},\"articleSection\":[\"Concursos P\u00fablicos\"],\"inLanguage\":\"pt-BR\",\"potentialAction\":[{\"@type\":\"CommentAction\",\"name\":\"Comment\",\"target\":[\"https:\/\/www.estrategiaconcursos.com.br\/blog\/lista-preliminar-de-inscricoes-deferidas-e-indeferidas-concurso-cartorio-ms\/#respond\"]}],\"copyrightYear\":\"2020\",\"copyrightHolder\":{\"@id\":\"https:\/\/www.estrategiaconcursos.com.br\/blog\/#organization\"}},{\"@type\":\"WebPage\",\"@id\":\"https:\/\/www.estrategiaconcursos.com.br\/blog\/lista-preliminar-de-inscricoes-deferidas-e-indeferidas-concurso-cartorio-ms\/\",\"url\":\"https:\/\/www.estrategiaconcursos.com.br\/blog\/lista-preliminar-de-inscricoes-deferidas-e-indeferidas-concurso-cartorio-ms\/\",\"name\":\"Saiu lista preliminar de inscri\u00e7\u00f5es deferidas e indeferidas concurso Cart\u00f3rio MS\",\"isPartOf\":{\"@id\":\"https:\/\/www.estrategiaconcursos.com.br\/blog\/#website\"},\"datePublished\":\"2020-03-12T13:01:25+00:00\",\"dateModified\":\"2020-09-19T15:34:32+00:00\",\"description\":\"A lista de preliminar de insri\u00e7\u00f5es deferidas e indeferidas do concurso Cart\u00f3rio MS foi divulgada. Saiba mais neste artigo.\",\"breadcrumb\":{\"@id\":\"https:\/\/www.estrategiaconcursos.com.br\/blog\/lista-preliminar-de-inscricoes-deferidas-e-indeferidas-concurso-cartorio-ms\/#breadcrumb\"},\"inLanguage\":\"pt-BR\",\"potentialAction\":[{\"@type\":\"ReadAction\",\"target\":[\"https:\/\/www.estrategiaconcursos.com.br\/blog\/lista-preliminar-de-inscricoes-deferidas-e-indeferidas-concurso-cartorio-ms\/\"]}]},{\"@type\":\"BreadcrumbList\",\"@id\":\"https:\/\/www.estrategiaconcursos.com.br\/blog\/lista-preliminar-de-inscricoes-deferidas-e-indeferidas-concurso-cartorio-ms\/#breadcrumb\",\"itemListElement\":[{\"@type\":\"ListItem\",\"position\":1,\"name\":\"In\u00edcio\",\"item\":\"https:\/\/www.estrategiaconcursos.com.br\/blog\/\"},{\"@type\":\"ListItem\",\"position\":2,\"name\":\"Saiu lista preliminar de inscri\u00e7\u00f5es deferidas e indeferidas concurso Cart\u00f3rio MS\"}]},{\"@type\":\"WebSite\",\"@id\":\"https:\/\/www.estrategiaconcursos.com.br\/blog\/#website\",\"url\":\"https:\/\/www.estrategiaconcursos.com.br\/blog\/\",\"name\":\"Estrat\u00e9gia Concursos\",\"description\":\"O blog da Estrat\u00e9gia Concursos traz not\u00edcias sobre concursos e artigos de professores oferecendo cursos para concursos (pdf + videaulas) no site.\",\"publisher\":{\"@id\":\"https:\/\/www.estrategiaconcursos.com.br\/blog\/#organization\"},\"potentialAction\":[{\"@type\":\"SearchAction\",\"target\":{\"@type\":\"EntryPoint\",\"urlTemplate\":\"https:\/\/www.estrategiaconcursos.com.br\/blog\/?s={search_term_string}\"},\"query-input\":{\"@type\":\"PropertyValueSpecification\",\"valueRequired\":true,\"valueName\":\"search_term_string\"}}],\"inLanguage\":\"pt-BR\"},{\"@type\":\"Organization\",\"@id\":\"https:\/\/www.estrategiaconcursos.com.br\/blog\/#organization\",\"name\":\"Estrat\u00e9gia Concursos\",\"url\":\"https:\/\/www.estrategiaconcursos.com.br\/blog\/\",\"logo\":{\"@type\":\"ImageObject\",\"inLanguage\":\"pt-BR\",\"@id\":\"https:\/\/www.estrategiaconcursos.com.br\/blog\/#\/schema\/logo\/image\/\",\"url\":\"https:\/\/dhg1h5j42swfq.cloudfront.net\/2025\/06\/03203428\/logo_concursos-1.jpg\",\"contentUrl\":\"https:\/\/dhg1h5j42swfq.cloudfront.net\/2025\/06\/03203428\/logo_concursos-1.jpg\",\"width\":230,\"height\":60,\"caption\":\"Estrat\u00e9gia Concursos\"},\"image\":{\"@id\":\"https:\/\/www.estrategiaconcursos.com.br\/blog\/#\/schema\/logo\/image\/\"},\"sameAs\":[\"https:\/\/x.com\/EstratConcursos\"]},{\"@type\":\"Person\",\"@id\":\"https:\/\/www.estrategiaconcursos.com.br\/blog\/#\/schema\/person\/aa39cf5ddb518e5bdce27c35788405e2\",\"name\":\"Ricardo Torques\",\"image\":{\"@type\":\"ImageObject\",\"inLanguage\":\"pt-BR\",\"@id\":\"https:\/\/secure.gravatar.com\/avatar\/ce9ac6c3cff25fe86d15ed568ebc64d1724baf5c0693133bcb1f6073f712f92a?s=96&d=mm&r=g\",\"url\":\"https:\/\/secure.gravatar.com\/avatar\/ce9ac6c3cff25fe86d15ed568ebc64d1724baf5c0693133bcb1f6073f712f92a?s=96&d=mm&r=g\",\"contentUrl\":\"https:\/\/secure.gravatar.com\/avatar\/ce9ac6c3cff25fe86d15ed568ebc64d1724baf5c0693133bcb1f6073f712f92a?s=96&d=mm&r=g\",\"caption\":\"Ricardo Torques\"},\"sameAs\":[\"https:\/\/www.facebook.com\/ricardo.s.torques\"],\"url\":\"https:\/\/www.estrategiaconcursos.com.br\/blog\/author\/ricardotorquesestrategiaconcursos-com-br\/\"}]}<\/script>\n<!-- \/ Yoast SEO Premium plugin. -->","yoast_head_json":{"title":"Saiu lista preliminar de inscri\u00e7\u00f5es deferidas e indeferidas concurso Cart\u00f3rio MS","description":"A lista de preliminar de insri\u00e7\u00f5es deferidas e indeferidas do concurso Cart\u00f3rio MS foi divulgada. Saiba mais neste artigo.","robots":{"index":"index","follow":"follow","max-snippet":"max-snippet:-1","max-image-preview":"max-image-preview:large","max-video-preview":"max-video-preview:-1"},"canonical":"https:\/\/www.estrategiaconcursos.com.br\/blog\/lista-preliminar-de-inscricoes-deferidas-e-indeferidas-concurso-cartorio-ms\/","og_locale":"pt_BR","og_type":"article","og_title":"Saiu lista preliminar de inscri\u00e7\u00f5es deferidas e indeferidas concurso Cart\u00f3rio MS","og_description":"A lista de preliminar de insri\u00e7\u00f5es deferidas e indeferidas do concurso Cart\u00f3rio MS foi divulgada. Saiba mais neste artigo.","og_url":"https:\/\/www.estrategiaconcursos.com.br\/blog\/lista-preliminar-de-inscricoes-deferidas-e-indeferidas-concurso-cartorio-ms\/","og_site_name":"Estrat\u00e9gia Concursos","article_author":"https:\/\/www.facebook.com\/ricardo.s.torques","article_published_time":"2020-03-12T13:01:25+00:00","article_modified_time":"2020-09-19T15:34:32+00:00","author":"Ricardo Torques","twitter_card":"summary_large_image","twitter_creator":"@EstratConcursos","twitter_site":"@EstratConcursos","twitter_misc":{"Escrito por":"Ricardo Torques","Est. tempo de leitura":"1 minuto"},"schema":{"@context":"https:\/\/schema.org","@graph":[{"@type":"NewsArticle","@id":"https:\/\/www.estrategiaconcursos.com.br\/blog\/lista-preliminar-de-inscricoes-deferidas-e-indeferidas-concurso-cartorio-ms\/#article","isPartOf":{"@id":"https:\/\/www.estrategiaconcursos.com.br\/blog\/lista-preliminar-de-inscricoes-deferidas-e-indeferidas-concurso-cartorio-ms\/"},"author":{"name":"Ricardo Torques","@id":"https:\/\/www.estrategiaconcursos.com.br\/blog\/#\/schema\/person\/aa39cf5ddb518e5bdce27c35788405e2"},"headline":"Saiu lista preliminar de inscri\u00e7\u00f5es deferidas e indeferidas concurso Cart\u00f3rio MS","datePublished":"2020-03-12T13:01:25+00:00","dateModified":"2020-09-19T15:34:32+00:00","mainEntityOfPage":{"@id":"https:\/\/www.estrategiaconcursos.com.br\/blog\/lista-preliminar-de-inscricoes-deferidas-e-indeferidas-concurso-cartorio-ms\/"},"wordCount":199,"commentCount":0,"publisher":{"@id":"https:\/\/www.estrategiaconcursos.com.br\/blog\/#organization"},"articleSection":["Concursos P\u00fablicos"],"inLanguage":"pt-BR","potentialAction":[{"@type":"CommentAction","name":"Comment","target":["https:\/\/www.estrategiaconcursos.com.br\/blog\/lista-preliminar-de-inscricoes-deferidas-e-indeferidas-concurso-cartorio-ms\/#respond"]}],"copyrightYear":"2020","copyrightHolder":{"@id":"https:\/\/www.estrategiaconcursos.com.br\/blog\/#organization"}},{"@type":"WebPage","@id":"https:\/\/www.estrategiaconcursos.com.br\/blog\/lista-preliminar-de-inscricoes-deferidas-e-indeferidas-concurso-cartorio-ms\/","url":"https:\/\/www.estrategiaconcursos.com.br\/blog\/lista-preliminar-de-inscricoes-deferidas-e-indeferidas-concurso-cartorio-ms\/","name":"Saiu lista preliminar de inscri\u00e7\u00f5es deferidas e indeferidas concurso Cart\u00f3rio MS","isPartOf":{"@id":"https:\/\/www.estrategiaconcursos.com.br\/blog\/#website"},"datePublished":"2020-03-12T13:01:25+00:00","dateModified":"2020-09-19T15:34:32+00:00","description":"A lista de preliminar de insri\u00e7\u00f5es deferidas e indeferidas do concurso Cart\u00f3rio MS foi divulgada. Saiba mais neste artigo.","breadcrumb":{"@id":"https:\/\/www.estrategiaconcursos.com.br\/blog\/lista-preliminar-de-inscricoes-deferidas-e-indeferidas-concurso-cartorio-ms\/#breadcrumb"},"inLanguage":"pt-BR","potentialAction":[{"@type":"ReadAction","target":["https:\/\/www.estrategiaconcursos.com.br\/blog\/lista-preliminar-de-inscricoes-deferidas-e-indeferidas-concurso-cartorio-ms\/"]}]},{"@type":"BreadcrumbList","@id":"https:\/\/www.estrategiaconcursos.com.br\/blog\/lista-preliminar-de-inscricoes-deferidas-e-indeferidas-concurso-cartorio-ms\/#breadcrumb","itemListElement":[{"@type":"ListItem","position":1,"name":"In\u00edcio","item":"https:\/\/www.estrategiaconcursos.com.br\/blog\/"},{"@type":"ListItem","position":2,"name":"Saiu lista preliminar de inscri\u00e7\u00f5es deferidas e indeferidas concurso Cart\u00f3rio MS"}]},{"@type":"WebSite","@id":"https:\/\/www.estrategiaconcursos.com.br\/blog\/#website","url":"https:\/\/www.estrategiaconcursos.com.br\/blog\/","name":"Estrat\u00e9gia Concursos","description":"O blog da Estrat\u00e9gia Concursos traz not\u00edcias sobre concursos e artigos de professores oferecendo cursos para concursos (pdf + videaulas) no site.","publisher":{"@id":"https:\/\/www.estrategiaconcursos.com.br\/blog\/#organization"},"potentialAction":[{"@type":"SearchAction","target":{"@type":"EntryPoint","urlTemplate":"https:\/\/www.estrategiaconcursos.com.br\/blog\/?s={search_term_string}"},"query-input":{"@type":"PropertyValueSpecification","valueRequired":true,"valueName":"search_term_string"}}],"inLanguage":"pt-BR"},{"@type":"Organization","@id":"https:\/\/www.estrategiaconcursos.com.br\/blog\/#organization","name":"Estrat\u00e9gia Concursos","url":"https:\/\/www.estrategiaconcursos.com.br\/blog\/","logo":{"@type":"ImageObject","inLanguage":"pt-BR","@id":"https:\/\/www.estrategiaconcursos.com.br\/blog\/#\/schema\/logo\/image\/","url":"https:\/\/dhg1h5j42swfq.cloudfront.net\/2025\/06\/03203428\/logo_concursos-1.jpg","contentUrl":"https:\/\/dhg1h5j42swfq.cloudfront.net\/2025\/06\/03203428\/logo_concursos-1.jpg","width":230,"height":60,"caption":"Estrat\u00e9gia Concursos"},"image":{"@id":"https:\/\/www.estrategiaconcursos.com.br\/blog\/#\/schema\/logo\/image\/"},"sameAs":["https:\/\/x.com\/EstratConcursos"]},{"@type":"Person","@id":"https:\/\/www.estrategiaconcursos.com.br\/blog\/#\/schema\/person\/aa39cf5ddb518e5bdce27c35788405e2","name":"Ricardo Torques","image":{"@type":"ImageObject","inLanguage":"pt-BR","@id":"https:\/\/secure.gravatar.com\/avatar\/ce9ac6c3cff25fe86d15ed568ebc64d1724baf5c0693133bcb1f6073f712f92a?s=96&d=mm&r=g","url":"https:\/\/secure.gravatar.com\/avatar\/ce9ac6c3cff25fe86d15ed568ebc64d1724baf5c0693133bcb1f6073f712f92a?s=96&d=mm&r=g","contentUrl":"https:\/\/secure.gravatar.com\/avatar\/ce9ac6c3cff25fe86d15ed568ebc64d1724baf5c0693133bcb1f6073f712f92a?s=96&d=mm&r=g","caption":"Ricardo Torques"},"sameAs":["https:\/\/www.facebook.com\/ricardo.s.torques"],"url":"https:\/\/www.estrategiaconcursos.com.br\/blog\/author\/ricardotorquesestrategiaconcursos-com-br\/"}]}},"_links":{"self":[{"href":"https:\/\/www.estrategiaconcursos.com.br\/blog\/wp-json\/wp\/v2\/posts\/491338","targetHints":{"allow":["GET"]}}],"collection":[{"href":"https:\/\/www.estrategiaconcursos.com.br\/blog\/wp-json\/wp\/v2\/posts"}],"about":[{"href":"https:\/\/www.estrategiaconcursos.com.br\/blog\/wp-json\/wp\/v2\/types\/post"}],"author":[{"embeddable":true,"href":"https:\/\/www.estrategiaconcursos.com.br\/blog\/wp-json\/wp\/v2\/users\/180"}],"replies":[{"embeddable":true,"href":"https:\/\/www.estrategiaconcursos.com.br\/blog\/wp-json\/wp\/v2\/comments?post=491338"}],"version-history":[{"count":2,"href":"https:\/\/www.estrategiaconcursos.com.br\/blog\/wp-json\/wp\/v2\/posts\/491338\/revisions"}],"predecessor-version":[{"id":574784,"href":"https:\/\/www.estrategiaconcursos.com.br\/blog\/wp-json\/wp\/v2\/posts\/491338\/revisions\/574784"}],"wp:attachment":[{"href":"https:\/\/www.estrategiaconcursos.com.br\/blog\/wp-json\/wp\/v2\/media?parent=491338"}],"wp:term":[{"taxonomy":"category","embeddable":true,"href":"https:\/\/www.estrategiaconcursos.com.br\/blog\/wp-json\/wp\/v2\/categories?post=491338"},{"taxonomy":"post_tag","embeddable":true,"href":"https:\/\/www.estrategiaconcursos.com.br\/blog\/wp-json\/wp\/v2\/tags?post=491338"},{"taxonomy":"tax_estado","embeddable":true,"href":"https:\/\/www.estrategiaconcursos.com.br\/blog\/wp-json\/wp\/v2\/tax_estado?post=491338"}],"curies":[{"name":"wp","href":"https:\/\/api.w.org\/{rel}","templated":true}]}}