{"id":491300,"date":"2020-03-12T09:00:03","date_gmt":"2020-03-12T12:00:03","guid":{"rendered":"https:\/\/www.estrategiaconcursos.com.br\/blog\/?p=491300"},"modified":"2020-11-13T11:44:09","modified_gmt":"2020-11-13T14:44:09","slug":"concurso-procurador-tcdf-retificacao","status":"publish","type":"post","link":"https:\/\/www.estrategiaconcursos.com.br\/blog\/concurso-procurador-tcdf-retificacao\/","title":{"rendered":"Retifica\u00e7\u00f5es modificam edital do concurso Procurador TCDF"},"content":{"rendered":"\n<p>O TCDF (Tribunal de Contas do Distrito Federal), publicou no Di\u00e1rio Oficial do Distrito Federal, desta quinta-feira, 12 de mar\u00e7o de 2020, algumas <strong>retifica\u00e7\u00f5es<\/strong> que modificaram o edital do certame. <\/p>\n\n\n\n<p><em>De acordo com o documento, foram alteradas os seguintes itens do edital: <\/em><\/p>\n\n\n\n<ul class=\"wp-block-list\"><li><strong>a exclus\u00e3o do subitem 3.8 e da al\u00ednea &#8220;i&#8221; do subitem 17.1; <\/strong><\/li><li><strong>a retifica\u00e7\u00e3o do item 4 e dos subitens 5.2.1, 7.2.4, 8.4.8.3, 8.4.8.5, 10.13, 12.2.6, 13.12.1, 14.11.6.2, 18.11, 18.19 e 18.31;<\/strong><\/li><li><strong> a inclus\u00e3o do subitem 13.2.2. <\/strong><\/li><\/ul>\n\n\n\n<p><em>Al\u00e9m disso edital do concurso Procurador TCDF passar a valer tamb\u00e9m com as altera\u00e7\u00f5es listadas abaixo: <\/em><\/p>\n\n\n\n<p><strong>ITEM: 8.4.8.3 A candidata que tiver necessidade de amamentar durante a realiza\u00e7\u00e3o da prova objetiva e da prova discursiva dever\u00e1, conforme o prazo descrito no subitem 8.4.8.8 deste edital:<br \/>a) assinalar, no sistema eletr\u00f4nico de inscri\u00e7\u00e3o, a op\u00e7\u00e3o correspondente \u00e0 necessidade de amamentar durante a<br \/>realiza\u00e7\u00e3o das provas;<br \/>b) enviar, via upload, a imagem leg\u00edvel da certid\u00e3o de nascimento que comprove que a crian\u00e7a ter\u00e1 at\u00e9 6 meses<br \/>de idade no dia de realiza\u00e7\u00e3o das provas (caso a crian\u00e7a ainda n\u00e3o tenha nascido at\u00e9 a data de realiza\u00e7\u00e3o das<br \/>provas, a imagem leg\u00edvel da certid\u00e3o de nascimento poder\u00e1 ser substitu\u00edda por imagem leg\u00edvel de documento<br \/>emitido pelo m\u00e9dico obstetra, com o respectivo CRM, que ateste a data prov\u00e1vel do nascimento).<br \/>8.4.8.3.1 A candidata dever\u00e1 apresentar, no dia de realiza\u00e7\u00e3o das provas, original ou c\u00f3pia simples da certid\u00e3o de nascimento da crian\u00e7a para comprovar que a crian\u00e7a tem at\u00e9 6 meses de idade no dia de realiza\u00e7\u00e3o das<br \/>provas.<br \/>8.4.8.3.2 A candidata dever\u00e1 levar, no dia de realiza\u00e7\u00e3o das provas, um acompanhante adulto que ficar\u00e1 em sala reservada e ser\u00e1 o respons\u00e1vel pela guarda da crian\u00e7a. A candidata que n\u00e3o levar acompanhante adulto n\u00e3o poder\u00e1 permanecer com a crian\u00e7a no local de realiza\u00e7\u00e3o das provas.<br \/>8.4.8.3.2.1 O Cebraspe n\u00e3o disponibilizar\u00e1 acompanhante para a guarda de crian\u00e7a.<br \/>8.4.8.3.3 Nos termos do art. 52, \u00a7 3\u00ba, inciso V, da Lei Distrital n\u00ba 4.949\/2012, a candidata ter\u00e1, caso cumpra o disposto nos subitens 8.4.8.3 e 8.4.8.3.1, o direito de proceder \u00e0 amamenta\u00e7\u00e3o a cada intervalo de duas horas, por at\u00e9 trinta minutos, por filho.<br \/>8.4.8.3.3.1 A contagem do tempo de realiza\u00e7\u00e3o das provas ser\u00e1 suspensa para a candidata lactante nos per\u00edodos em que esteja amamentando, compensando-se durante a realiza\u00e7\u00e3o das provas o efetivo lapso temporal dispendido com a amamenta\u00e7\u00e3o, de modo a assegurar a isonomia com os demais candidatos, observado o disposto no subitem 8.4.8.3.3 deste edital. <\/strong><\/p>\n\n\n\n<p><strong>ITEM: 10.13 Os gabaritos oficiais definitivos e o edital de resultado provis\u00f3rio na prova objetiva ser\u00e3o publicados no Di\u00e1rio Oficial do Distrito Federal e divulgado na internet, no endere\u00e7o eletr\u00f4nico http:\/\/www.cebraspe.org.br\/concursos\/tc_df_20_procurador, na data prov\u00e1vel de 14 de julho de 2020. <\/strong><\/p>\n\n\n\n<p><strong>ITEM: 13.2.2 A prova oral ser\u00e1 aplicada na data prov\u00e1vel de 10 de janeiro de 2021. <\/strong><\/p>\n\n\n\n<p><strong>O candidato com defici\u00eancia dever\u00e1 enviar, das 10 horas do dia 13 de abril de 2020 \u00e0s 18 horas do dia 4 de maio de 2020 (hor\u00e1rio oficial de Bras\u00edlia\/DF), via upload, por meio de link espec\u00edfico no endere\u00e7o eletr\u00f4nico http:\/\/www.cebraspe.org.br\/concursos\/tc_df_20_procurador, imagem leg\u00edvel do laudo m\u00e9dico a que se refere o subitem 5.2 deste edital. Ap\u00f3s esse per\u00edodo, a solicita\u00e7\u00e3o ser\u00e1 indeferida, salvo nos casos de for\u00e7a maior e nos que forem de interesse da Administra\u00e7\u00e3o. <\/strong><\/p>\n\n\n\n<p>Vale lembrar que o concurso Procurador TCDF visa ofertar aos candidatos  1 vaga mais cadastro de reserva para o cargo de Procurador.  <\/p>\n\n\n\n<p>Os interessador podem se inscrever atrav\u00e9s do site da banca organizadora do concurso Procurador TCDF, o CEBRASPE, entre os dias 13 de abril a 04 de maio de 2020. <\/p>\n\n\n\n<p>A taxa de inscri\u00e7\u00e3o foi fixada pelo \u00f3rg\u00e3o no valor de R$ 300,00. A prova objetiva do certame ter\u00e1 a dura\u00e7\u00e3o de 5 horas e ser\u00e1 aplicada na data prov\u00e1vel de <strong>7&nbsp;de junho de 2020, no turno da tarde.<\/strong> <\/p>\n\n\n\n<p class=\"has-text-align-center has-very-light-gray-background-color has-background has-medium-font-size\"><em><strong>Mais informa\u00e7\u00f5es:<a href=\"https:\/\/www.estrategiaconcursos.com.br\/blog\/concurso-procurador-tcdf\/\"> concurso Procurador TCDF <\/a><\/strong><\/em><\/p>\n\n\n\n<h2 class=\"has-text-align-center wp-block-heading\" id=\"cursos-assinatura\">Quer estudar para o concurso Procurador TCDF?<\/h2>\n\n\n\n<p class=\"has-text-align-center\"><em>Gostou desta oportunidade e deseja come\u00e7ar se preparar agora mesmo? Ent\u00e3o, confira os nossos cursos e comece a estudar:<\/em><\/p>\n\n\n\n<p class=\"has-text-align-center has-luminous-vivid-amber-background-color has-background has-medium-font-size\"><strong><a href=\"https:\/\/www.estrategiaconcursos.com.br\/cursosPorConcurso\/tcdf-tribunal-de-contas-do-distrito-federal-procurador\/\" target=\"_blank\" rel=\"noreferrer noopener\" aria-label=\"CURSO PROCURADOR TCDF (abre numa nova aba)\">CURSO PROCURADOR TCDF<\/a><\/strong><\/p>\n\n\n\n<p class=\"has-text-align-center\"><em><strong>Assinatura Anual Ilimitada*<\/strong><\/em><\/p>\n\n\n\n<p class=\"has-text-align-center\"><em>Prepare-se com o melhor material e com quem mais aprova em Concursos P\u00fablicos em todo o pa\u00eds. Assine agora a nossa Assinatura Anual e tenha acesso ilimitado* a todos os nossos cursos.<\/em><\/p>\n\n\n\n<p class=\"has-text-align-center has-light-green-cyan-background-color has-background has-medium-font-size\"><strong>ASSINE AGORA<\/strong>&nbsp;\u2013&nbsp;<strong><a rel=\"noreferrer noopener\" href=\"https:\/\/www.estrategiaconcursos.com.br\/assinaturas\" target=\"_blank\">Assinatura Ilimitada<\/a><\/strong><\/p>\n\n\n\n<p class=\"has-text-align-center\"><strong><em>Fique por dentro de todos os concursos<\/em><\/strong><\/p>\n\n\n\n<p class=\"has-text-align-center has-pale-cyan-blue-background-color has-background has-medium-font-size\"><a rel=\"noreferrer noopener\" href=\"https:\/\/www.estrategiaconcursos.com.br\/blog\/concursos-abertos\/\" target=\"_blank\"><strong>CONCURSOS ABERTOS<\/strong><\/a><\/p>\n\n\n\n<p class=\"has-text-align-center has-pale-cyan-blue-background-color has-background has-medium-font-size\"><a rel=\"noreferrer noopener\" href=\"https:\/\/www.estrategiaconcursos.com.br\/blog\/concursos-2020\/\" target=\"_blank\"><strong>CONCURSOS&nbsp;2020<\/strong><\/a><\/p>\n\n\n\n<p class=\"has-text-align-center has-pale-cyan-blue-background-color has-background has-medium-font-size\"><strong><a rel=\"noreferrer noopener\" href=\"https:\/\/www.estrategiaconcursos.com.br\/blog\/concursos-de-direito\/\" target=\"_blank\">Concursos de Direito<\/a><\/strong><\/p>\n","protected":false},"excerpt":{"rendered":"<p>O TCDF (Tribunal de Contas do Distrito Federal), publicou no Di\u00e1rio Oficial do Distrito Federal, desta quinta-feira, 12 de mar\u00e7o de 2020, algumas retifica\u00e7\u00f5es que modificaram o edital do certame. De acordo com o documento, foram alteradas os seguintes itens do edital: a exclus\u00e3o do subitem 3.8 e da al\u00ednea &#8220;i&#8221; do subitem 17.1; a [&hellip;]<\/p>\n","protected":false},"author":180,"featured_media":488516,"comment_status":"open","ping_status":"closed","sticky":false,"template":"","format":"standard","meta":{"post_tipo":"article","footnotes":""},"categories":[1],"tags":[],"tax_estado":[],"class_list":["post-491300","post","type-post","status-publish","format-standard","has-post-thumbnail","hentry","category-cursos-e-concursos"],"acf":[],"yoast_head":"<!-- This site is optimized with the Yoast SEO Premium plugin v27.2 (Yoast SEO v27.2) - https:\/\/yoast.com\/product\/yoast-seo-premium-wordpress\/ -->\n<title>Retifica\u00e7\u00f5es modificam edital do concurso Procurador TCDF<\/title>\n<meta name=\"description\" content=\"Retifica\u00e7\u00f5es alteram o conte\u00fado program\u00e1tico do concurso Procurador TCDF. Saiba mais informa\u00e7\u00f5es sobre o certame neste artigo.\" \/>\n<meta name=\"robots\" content=\"index, follow, max-snippet:-1, max-image-preview:large, max-video-preview:-1\" \/>\n<link rel=\"canonical\" href=\"https:\/\/www.estrategiaconcursos.com.br\/blog\/concurso-procurador-tcdf-retificacao\/\" \/>\n<meta property=\"og:locale\" content=\"pt_BR\" \/>\n<meta property=\"og:type\" content=\"article\" \/>\n<meta property=\"og:title\" content=\"Retifica\u00e7\u00f5es modificam edital do concurso Procurador TCDF\" \/>\n<meta property=\"og:description\" content=\"Retifica\u00e7\u00f5es alteram o conte\u00fado program\u00e1tico do concurso Procurador TCDF. Saiba mais informa\u00e7\u00f5es sobre o certame neste artigo.\" \/>\n<meta property=\"og:url\" content=\"https:\/\/www.estrategiaconcursos.com.br\/blog\/concurso-procurador-tcdf-retificacao\/\" \/>\n<meta property=\"og:site_name\" content=\"Estrat\u00e9gia Concursos\" \/>\n<meta property=\"article:author\" content=\"https:\/\/www.facebook.com\/ricardo.s.torques\" \/>\n<meta property=\"article:published_time\" content=\"2020-03-12T12:00:03+00:00\" \/>\n<meta property=\"article:modified_time\" content=\"2020-11-13T14:44:09+00:00\" \/>\n<meta property=\"og:image\" content=\"https:\/\/dhg1h5j42swfq.cloudfront.net\/2020\/03\/05094539\/Procurador-TCDF.png\" \/>\n\t<meta property=\"og:image:width\" content=\"1200\" \/>\n\t<meta property=\"og:image:height\" content=\"628\" \/>\n\t<meta property=\"og:image:type\" content=\"image\/png\" \/>\n<meta name=\"author\" content=\"Ricardo Torques\" \/>\n<meta name=\"twitter:card\" content=\"summary_large_image\" \/>\n<meta name=\"twitter:creator\" content=\"@EstratConcursos\" \/>\n<meta name=\"twitter:site\" content=\"@EstratConcursos\" \/>\n<meta name=\"twitter:label1\" content=\"Escrito por\" \/>\n\t<meta name=\"twitter:data1\" content=\"Ricardo Torques\" \/>\n\t<meta name=\"twitter:label2\" content=\"Est. tempo de leitura\" \/>\n\t<meta name=\"twitter:data2\" content=\"4 minutos\" \/>\n<script type=\"application\/ld+json\" class=\"yoast-schema-graph\">{\"@context\":\"https:\/\/schema.org\",\"@graph\":[{\"@type\":\"NewsArticle\",\"@id\":\"https:\/\/www.estrategiaconcursos.com.br\/blog\/concurso-procurador-tcdf-retificacao\/#article\",\"isPartOf\":{\"@id\":\"https:\/\/www.estrategiaconcursos.com.br\/blog\/concurso-procurador-tcdf-retificacao\/\"},\"author\":{\"name\":\"Ricardo Torques\",\"@id\":\"https:\/\/www.estrategiaconcursos.com.br\/blog\/#\/schema\/person\/aa39cf5ddb518e5bdce27c35788405e2\"},\"headline\":\"Retifica\u00e7\u00f5es modificam edital do concurso Procurador TCDF\",\"datePublished\":\"2020-03-12T12:00:03+00:00\",\"dateModified\":\"2020-11-13T14:44:09+00:00\",\"mainEntityOfPage\":{\"@id\":\"https:\/\/www.estrategiaconcursos.com.br\/blog\/concurso-procurador-tcdf-retificacao\/\"},\"wordCount\":763,\"commentCount\":0,\"publisher\":{\"@id\":\"https:\/\/www.estrategiaconcursos.com.br\/blog\/#organization\"},\"image\":{\"@id\":\"https:\/\/www.estrategiaconcursos.com.br\/blog\/concurso-procurador-tcdf-retificacao\/#primaryimage\"},\"thumbnailUrl\":\"https:\/\/dhg1h5j42swfq.cloudfront.net\/2020\/03\/05094539\/Procurador-TCDF.png\",\"articleSection\":[\"Concursos P\u00fablicos\"],\"inLanguage\":\"pt-BR\",\"potentialAction\":[{\"@type\":\"CommentAction\",\"name\":\"Comment\",\"target\":[\"https:\/\/www.estrategiaconcursos.com.br\/blog\/concurso-procurador-tcdf-retificacao\/#respond\"]}],\"copyrightYear\":\"2020\",\"copyrightHolder\":{\"@id\":\"https:\/\/www.estrategiaconcursos.com.br\/blog\/#organization\"}},{\"@type\":\"WebPage\",\"@id\":\"https:\/\/www.estrategiaconcursos.com.br\/blog\/concurso-procurador-tcdf-retificacao\/\",\"url\":\"https:\/\/www.estrategiaconcursos.com.br\/blog\/concurso-procurador-tcdf-retificacao\/\",\"name\":\"Retifica\u00e7\u00f5es modificam edital do concurso Procurador TCDF\",\"isPartOf\":{\"@id\":\"https:\/\/www.estrategiaconcursos.com.br\/blog\/#website\"},\"primaryImageOfPage\":{\"@id\":\"https:\/\/www.estrategiaconcursos.com.br\/blog\/concurso-procurador-tcdf-retificacao\/#primaryimage\"},\"image\":{\"@id\":\"https:\/\/www.estrategiaconcursos.com.br\/blog\/concurso-procurador-tcdf-retificacao\/#primaryimage\"},\"thumbnailUrl\":\"https:\/\/dhg1h5j42swfq.cloudfront.net\/2020\/03\/05094539\/Procurador-TCDF.png\",\"datePublished\":\"2020-03-12T12:00:03+00:00\",\"dateModified\":\"2020-11-13T14:44:09+00:00\",\"description\":\"Retifica\u00e7\u00f5es alteram o conte\u00fado program\u00e1tico do concurso Procurador TCDF. Saiba mais informa\u00e7\u00f5es sobre o certame neste artigo.\",\"breadcrumb\":{\"@id\":\"https:\/\/www.estrategiaconcursos.com.br\/blog\/concurso-procurador-tcdf-retificacao\/#breadcrumb\"},\"inLanguage\":\"pt-BR\",\"potentialAction\":[{\"@type\":\"ReadAction\",\"target\":[\"https:\/\/www.estrategiaconcursos.com.br\/blog\/concurso-procurador-tcdf-retificacao\/\"]}]},{\"@type\":\"ImageObject\",\"inLanguage\":\"pt-BR\",\"@id\":\"https:\/\/www.estrategiaconcursos.com.br\/blog\/concurso-procurador-tcdf-retificacao\/#primaryimage\",\"url\":\"https:\/\/dhg1h5j42swfq.cloudfront.net\/2020\/03\/05094539\/Procurador-TCDF.png\",\"contentUrl\":\"https:\/\/dhg1h5j42swfq.cloudfront.net\/2020\/03\/05094539\/Procurador-TCDF.png\",\"width\":1200,\"height\":628},{\"@type\":\"BreadcrumbList\",\"@id\":\"https:\/\/www.estrategiaconcursos.com.br\/blog\/concurso-procurador-tcdf-retificacao\/#breadcrumb\",\"itemListElement\":[{\"@type\":\"ListItem\",\"position\":1,\"name\":\"In\u00edcio\",\"item\":\"https:\/\/www.estrategiaconcursos.com.br\/blog\/\"},{\"@type\":\"ListItem\",\"position\":2,\"name\":\"Retifica\u00e7\u00f5es modificam edital do concurso Procurador TCDF\"}]},{\"@type\":\"WebSite\",\"@id\":\"https:\/\/www.estrategiaconcursos.com.br\/blog\/#website\",\"url\":\"https:\/\/www.estrategiaconcursos.com.br\/blog\/\",\"name\":\"Estrat\u00e9gia Concursos\",\"description\":\"O blog da Estrat\u00e9gia Concursos traz not\u00edcias sobre concursos e artigos de professores oferecendo cursos para concursos (pdf + videaulas) no site.\",\"publisher\":{\"@id\":\"https:\/\/www.estrategiaconcursos.com.br\/blog\/#organization\"},\"potentialAction\":[{\"@type\":\"SearchAction\",\"target\":{\"@type\":\"EntryPoint\",\"urlTemplate\":\"https:\/\/www.estrategiaconcursos.com.br\/blog\/?s={search_term_string}\"},\"query-input\":{\"@type\":\"PropertyValueSpecification\",\"valueRequired\":true,\"valueName\":\"search_term_string\"}}],\"inLanguage\":\"pt-BR\"},{\"@type\":\"Organization\",\"@id\":\"https:\/\/www.estrategiaconcursos.com.br\/blog\/#organization\",\"name\":\"Estrat\u00e9gia Concursos\",\"url\":\"https:\/\/www.estrategiaconcursos.com.br\/blog\/\",\"logo\":{\"@type\":\"ImageObject\",\"inLanguage\":\"pt-BR\",\"@id\":\"https:\/\/www.estrategiaconcursos.com.br\/blog\/#\/schema\/logo\/image\/\",\"url\":\"https:\/\/dhg1h5j42swfq.cloudfront.net\/2025\/06\/03203428\/logo_concursos-1.jpg\",\"contentUrl\":\"https:\/\/dhg1h5j42swfq.cloudfront.net\/2025\/06\/03203428\/logo_concursos-1.jpg\",\"width\":230,\"height\":60,\"caption\":\"Estrat\u00e9gia Concursos\"},\"image\":{\"@id\":\"https:\/\/www.estrategiaconcursos.com.br\/blog\/#\/schema\/logo\/image\/\"},\"sameAs\":[\"https:\/\/x.com\/EstratConcursos\"]},{\"@type\":\"Person\",\"@id\":\"https:\/\/www.estrategiaconcursos.com.br\/blog\/#\/schema\/person\/aa39cf5ddb518e5bdce27c35788405e2\",\"name\":\"Ricardo Torques\",\"image\":{\"@type\":\"ImageObject\",\"inLanguage\":\"pt-BR\",\"@id\":\"https:\/\/secure.gravatar.com\/avatar\/ce9ac6c3cff25fe86d15ed568ebc64d1724baf5c0693133bcb1f6073f712f92a?s=96&d=mm&r=g\",\"url\":\"https:\/\/secure.gravatar.com\/avatar\/ce9ac6c3cff25fe86d15ed568ebc64d1724baf5c0693133bcb1f6073f712f92a?s=96&d=mm&r=g\",\"contentUrl\":\"https:\/\/secure.gravatar.com\/avatar\/ce9ac6c3cff25fe86d15ed568ebc64d1724baf5c0693133bcb1f6073f712f92a?s=96&d=mm&r=g\",\"caption\":\"Ricardo Torques\"},\"sameAs\":[\"https:\/\/www.facebook.com\/ricardo.s.torques\"],\"url\":\"https:\/\/www.estrategiaconcursos.com.br\/blog\/author\/ricardotorquesestrategiaconcursos-com-br\/\"}]}<\/script>\n<!-- \/ Yoast SEO Premium plugin. -->","yoast_head_json":{"title":"Retifica\u00e7\u00f5es modificam edital do concurso Procurador TCDF","description":"Retifica\u00e7\u00f5es alteram o conte\u00fado program\u00e1tico do concurso Procurador TCDF. Saiba mais informa\u00e7\u00f5es sobre o certame neste artigo.","robots":{"index":"index","follow":"follow","max-snippet":"max-snippet:-1","max-image-preview":"max-image-preview:large","max-video-preview":"max-video-preview:-1"},"canonical":"https:\/\/www.estrategiaconcursos.com.br\/blog\/concurso-procurador-tcdf-retificacao\/","og_locale":"pt_BR","og_type":"article","og_title":"Retifica\u00e7\u00f5es modificam edital do concurso Procurador TCDF","og_description":"Retifica\u00e7\u00f5es alteram o conte\u00fado program\u00e1tico do concurso Procurador TCDF. Saiba mais informa\u00e7\u00f5es sobre o certame neste artigo.","og_url":"https:\/\/www.estrategiaconcursos.com.br\/blog\/concurso-procurador-tcdf-retificacao\/","og_site_name":"Estrat\u00e9gia Concursos","article_author":"https:\/\/www.facebook.com\/ricardo.s.torques","article_published_time":"2020-03-12T12:00:03+00:00","article_modified_time":"2020-11-13T14:44:09+00:00","og_image":[{"width":1200,"height":628,"url":"https:\/\/dhg1h5j42swfq.cloudfront.net\/2020\/03\/05094539\/Procurador-TCDF.png","type":"image\/png"}],"author":"Ricardo Torques","twitter_card":"summary_large_image","twitter_creator":"@EstratConcursos","twitter_site":"@EstratConcursos","twitter_misc":{"Escrito por":"Ricardo Torques","Est. tempo de leitura":"4 minutos"},"schema":{"@context":"https:\/\/schema.org","@graph":[{"@type":"NewsArticle","@id":"https:\/\/www.estrategiaconcursos.com.br\/blog\/concurso-procurador-tcdf-retificacao\/#article","isPartOf":{"@id":"https:\/\/www.estrategiaconcursos.com.br\/blog\/concurso-procurador-tcdf-retificacao\/"},"author":{"name":"Ricardo Torques","@id":"https:\/\/www.estrategiaconcursos.com.br\/blog\/#\/schema\/person\/aa39cf5ddb518e5bdce27c35788405e2"},"headline":"Retifica\u00e7\u00f5es modificam edital do concurso Procurador TCDF","datePublished":"2020-03-12T12:00:03+00:00","dateModified":"2020-11-13T14:44:09+00:00","mainEntityOfPage":{"@id":"https:\/\/www.estrategiaconcursos.com.br\/blog\/concurso-procurador-tcdf-retificacao\/"},"wordCount":763,"commentCount":0,"publisher":{"@id":"https:\/\/www.estrategiaconcursos.com.br\/blog\/#organization"},"image":{"@id":"https:\/\/www.estrategiaconcursos.com.br\/blog\/concurso-procurador-tcdf-retificacao\/#primaryimage"},"thumbnailUrl":"https:\/\/dhg1h5j42swfq.cloudfront.net\/2020\/03\/05094539\/Procurador-TCDF.png","articleSection":["Concursos P\u00fablicos"],"inLanguage":"pt-BR","potentialAction":[{"@type":"CommentAction","name":"Comment","target":["https:\/\/www.estrategiaconcursos.com.br\/blog\/concurso-procurador-tcdf-retificacao\/#respond"]}],"copyrightYear":"2020","copyrightHolder":{"@id":"https:\/\/www.estrategiaconcursos.com.br\/blog\/#organization"}},{"@type":"WebPage","@id":"https:\/\/www.estrategiaconcursos.com.br\/blog\/concurso-procurador-tcdf-retificacao\/","url":"https:\/\/www.estrategiaconcursos.com.br\/blog\/concurso-procurador-tcdf-retificacao\/","name":"Retifica\u00e7\u00f5es modificam edital do concurso Procurador TCDF","isPartOf":{"@id":"https:\/\/www.estrategiaconcursos.com.br\/blog\/#website"},"primaryImageOfPage":{"@id":"https:\/\/www.estrategiaconcursos.com.br\/blog\/concurso-procurador-tcdf-retificacao\/#primaryimage"},"image":{"@id":"https:\/\/www.estrategiaconcursos.com.br\/blog\/concurso-procurador-tcdf-retificacao\/#primaryimage"},"thumbnailUrl":"https:\/\/dhg1h5j42swfq.cloudfront.net\/2020\/03\/05094539\/Procurador-TCDF.png","datePublished":"2020-03-12T12:00:03+00:00","dateModified":"2020-11-13T14:44:09+00:00","description":"Retifica\u00e7\u00f5es alteram o conte\u00fado program\u00e1tico do concurso Procurador TCDF. Saiba mais informa\u00e7\u00f5es sobre o certame neste artigo.","breadcrumb":{"@id":"https:\/\/www.estrategiaconcursos.com.br\/blog\/concurso-procurador-tcdf-retificacao\/#breadcrumb"},"inLanguage":"pt-BR","potentialAction":[{"@type":"ReadAction","target":["https:\/\/www.estrategiaconcursos.com.br\/blog\/concurso-procurador-tcdf-retificacao\/"]}]},{"@type":"ImageObject","inLanguage":"pt-BR","@id":"https:\/\/www.estrategiaconcursos.com.br\/blog\/concurso-procurador-tcdf-retificacao\/#primaryimage","url":"https:\/\/dhg1h5j42swfq.cloudfront.net\/2020\/03\/05094539\/Procurador-TCDF.png","contentUrl":"https:\/\/dhg1h5j42swfq.cloudfront.net\/2020\/03\/05094539\/Procurador-TCDF.png","width":1200,"height":628},{"@type":"BreadcrumbList","@id":"https:\/\/www.estrategiaconcursos.com.br\/blog\/concurso-procurador-tcdf-retificacao\/#breadcrumb","itemListElement":[{"@type":"ListItem","position":1,"name":"In\u00edcio","item":"https:\/\/www.estrategiaconcursos.com.br\/blog\/"},{"@type":"ListItem","position":2,"name":"Retifica\u00e7\u00f5es modificam edital do concurso Procurador TCDF"}]},{"@type":"WebSite","@id":"https:\/\/www.estrategiaconcursos.com.br\/blog\/#website","url":"https:\/\/www.estrategiaconcursos.com.br\/blog\/","name":"Estrat\u00e9gia Concursos","description":"O blog da Estrat\u00e9gia Concursos traz not\u00edcias sobre concursos e artigos de professores oferecendo cursos para concursos (pdf + videaulas) no site.","publisher":{"@id":"https:\/\/www.estrategiaconcursos.com.br\/blog\/#organization"},"potentialAction":[{"@type":"SearchAction","target":{"@type":"EntryPoint","urlTemplate":"https:\/\/www.estrategiaconcursos.com.br\/blog\/?s={search_term_string}"},"query-input":{"@type":"PropertyValueSpecification","valueRequired":true,"valueName":"search_term_string"}}],"inLanguage":"pt-BR"},{"@type":"Organization","@id":"https:\/\/www.estrategiaconcursos.com.br\/blog\/#organization","name":"Estrat\u00e9gia Concursos","url":"https:\/\/www.estrategiaconcursos.com.br\/blog\/","logo":{"@type":"ImageObject","inLanguage":"pt-BR","@id":"https:\/\/www.estrategiaconcursos.com.br\/blog\/#\/schema\/logo\/image\/","url":"https:\/\/dhg1h5j42swfq.cloudfront.net\/2025\/06\/03203428\/logo_concursos-1.jpg","contentUrl":"https:\/\/dhg1h5j42swfq.cloudfront.net\/2025\/06\/03203428\/logo_concursos-1.jpg","width":230,"height":60,"caption":"Estrat\u00e9gia Concursos"},"image":{"@id":"https:\/\/www.estrategiaconcursos.com.br\/blog\/#\/schema\/logo\/image\/"},"sameAs":["https:\/\/x.com\/EstratConcursos"]},{"@type":"Person","@id":"https:\/\/www.estrategiaconcursos.com.br\/blog\/#\/schema\/person\/aa39cf5ddb518e5bdce27c35788405e2","name":"Ricardo Torques","image":{"@type":"ImageObject","inLanguage":"pt-BR","@id":"https:\/\/secure.gravatar.com\/avatar\/ce9ac6c3cff25fe86d15ed568ebc64d1724baf5c0693133bcb1f6073f712f92a?s=96&d=mm&r=g","url":"https:\/\/secure.gravatar.com\/avatar\/ce9ac6c3cff25fe86d15ed568ebc64d1724baf5c0693133bcb1f6073f712f92a?s=96&d=mm&r=g","contentUrl":"https:\/\/secure.gravatar.com\/avatar\/ce9ac6c3cff25fe86d15ed568ebc64d1724baf5c0693133bcb1f6073f712f92a?s=96&d=mm&r=g","caption":"Ricardo Torques"},"sameAs":["https:\/\/www.facebook.com\/ricardo.s.torques"],"url":"https:\/\/www.estrategiaconcursos.com.br\/blog\/author\/ricardotorquesestrategiaconcursos-com-br\/"}]}},"_links":{"self":[{"href":"https:\/\/www.estrategiaconcursos.com.br\/blog\/wp-json\/wp\/v2\/posts\/491300","targetHints":{"allow":["GET"]}}],"collection":[{"href":"https:\/\/www.estrategiaconcursos.com.br\/blog\/wp-json\/wp\/v2\/posts"}],"about":[{"href":"https:\/\/www.estrategiaconcursos.com.br\/blog\/wp-json\/wp\/v2\/types\/post"}],"author":[{"embeddable":true,"href":"https:\/\/www.estrategiaconcursos.com.br\/blog\/wp-json\/wp\/v2\/users\/180"}],"replies":[{"embeddable":true,"href":"https:\/\/www.estrategiaconcursos.com.br\/blog\/wp-json\/wp\/v2\/comments?post=491300"}],"version-history":[{"count":4,"href":"https:\/\/www.estrategiaconcursos.com.br\/blog\/wp-json\/wp\/v2\/posts\/491300\/revisions"}],"predecessor-version":[{"id":610129,"href":"https:\/\/www.estrategiaconcursos.com.br\/blog\/wp-json\/wp\/v2\/posts\/491300\/revisions\/610129"}],"wp:featuredmedia":[{"embeddable":true,"href":"https:\/\/www.estrategiaconcursos.com.br\/blog\/wp-json\/wp\/v2\/media\/488516"}],"wp:attachment":[{"href":"https:\/\/www.estrategiaconcursos.com.br\/blog\/wp-json\/wp\/v2\/media?parent=491300"}],"wp:term":[{"taxonomy":"category","embeddable":true,"href":"https:\/\/www.estrategiaconcursos.com.br\/blog\/wp-json\/wp\/v2\/categories?post=491300"},{"taxonomy":"post_tag","embeddable":true,"href":"https:\/\/www.estrategiaconcursos.com.br\/blog\/wp-json\/wp\/v2\/tags?post=491300"},{"taxonomy":"tax_estado","embeddable":true,"href":"https:\/\/www.estrategiaconcursos.com.br\/blog\/wp-json\/wp\/v2\/tax_estado?post=491300"}],"curies":[{"name":"wp","href":"https:\/\/api.w.org\/{rel}","templated":true}]}}