{"id":490487,"date":"2026-03-17T14:09:18","date_gmt":"2026-03-17T17:09:18","guid":{"rendered":"https:\/\/www.estrategiaconcursos.com.br\/blog\/?p=490487"},"modified":"2026-03-17T14:59:46","modified_gmt":"2026-03-17T17:59:46","slug":"concurso-prefeitura-maua","status":"publish","type":"post","link":"https:\/\/www.estrategiaconcursos.com.br\/blog\/concurso-prefeitura-maua\/","title":{"rendered":"Concurso Prefeitura Mau\u00e1 SP: veja os gabaritos!"},"content":{"rendered":"\n<center><a id=\"cta-icon\" href=\"https:\/\/sndflw.com\/i\/pref-maua-grupo\" target=\"_blank\" style=\"background:#29a61a; display:inline-flex; align-items:center; padding:10px 15px; border-radius:6px; color:#fff; text-decoration:none; font-weight:500; font-size:15px;\"><img decoding=\"async\" src=\"https:\/\/dhg1h5j42swfq.cloudfront.net\/2023\/12\/07154107\/whatsapp_13851.png\" alt=\"\" style=\"width:20px; height:20px; margin-right:8px;\"><span>Acesse agora o Grupo de Estudos para o Concurso Prefeitura Mau\u00e1<\/span><\/a><\/center>\n\n\n\n<p>Foram divulgados os gabaritos preliminares da prova objetiva, principal avalia\u00e7\u00e3o do concurso da <strong><a href=\"https:\/\/www.estrategiaconcursos.com.br\/cursosPorConcurso\/prefeitura-municipal-de-maua-sp\/\" target=\"_blank\" rel=\"noreferrer noopener\">Prefeitura de Mau\u00e1<\/a><\/strong>, em S\u00e3o Paulo.<\/p>\n\n\n\n<ul class=\"wp-block-list\">\n<li><a href=\"https:\/\/dhg1h5j42swfq.cloudfront.net\/2026\/03\/17140817\/02-2025.pdf\" target=\"_blank\" rel=\"noreferrer noopener nofollow\">Gabaritos preliminares &#8211; Edital 01<\/a>;<\/li>\n\n\n\n<li><a href=\"https:\/\/dhg1h5j42swfq.cloudfront.net\/2026\/03\/17140816\/gabaritos-02-2025.pdf\" target=\"_blank\" rel=\"noreferrer noopener nofollow\">Gabaritos preliminares &#8211; Edital 02<\/a>.<\/li>\n<\/ul>\n\n\n\n<p>Aos interessados, a interposi\u00e7\u00e3o de recursos pode ser feita entre <strong>18 e 19 de mar\u00e7o<\/strong>, no site da banca, o IBAM.<\/p>\n\n\n\n<p>Lembrando que s\u00e3o contempladas <strong>145 vagas imediatas mais cadastro reserva.<\/strong><\/p>\n\n\n\n<ul class=\"wp-block-list has-very-light-gray-to-cyan-bluish-gray-gradient-background has-background\">\n<li><strong>Prefeitura Municipal de Mau\u00e1 &#8211; SP<\/strong><\/li>\n\n\n\n<li><strong style=\"color: initial;\">Situa\u00e7\u00e3o:<\/strong><span style=\"color: initial;\">&nbsp;provas aplicadas<\/span><\/li>\n\n\n\n<li><strong>Banca:<\/strong>&nbsp;<a href=\"https:\/\/www.ibamsp-concursos.org.br\/informacoes\/99\/\" target=\"_blank\" rel=\"noreferrer noopener\">IBAM<\/a><\/li>\n\n\n\n<li><strong>Vagas:<\/strong>&nbsp;145 + CR<\/li>\n\n\n\n<li><strong>Sal\u00e1rio inicial:<\/strong>&nbsp;R$ 2.547,70 a R$ 10.030,00<\/li>\n\n\n\n<li><strong>Edital:<\/strong> <a href=\"https:\/\/dhg1h5j42swfq.cloudfront.net\/2025\/12\/18141847\/maua-01.pdf\" target=\"_blank\" rel=\"noreferrer noopener nofollow\">Edital 01<\/a> &#8211; <a href=\"https:\/\/dhg1h5j42swfq.cloudfront.net\/2025\/12\/18141843\/maua-2.pdf\" target=\"_blank\" rel=\"noreferrer noopener nofollow\">Edital 02<\/a><\/li>\n<\/ul>\n\n\n\n<p>Confira neste artigo mais informa\u00e7\u00f5es sobre o concurso Mau\u00e1 e os detalhes de seu edital. Acompanhe pelos t\u00f3picos abaixo:<\/p>\n\n\n\n<ul id=\"indice\" class=\"wp-block-list\">\n<li><a href=\"#re\"><strong>Retifica\u00e7\u00f5es<\/strong><\/a><\/li>\n\n\n\n<li><strong><a href=\"#vagas\">Distribui\u00e7\u00e3o das vagas<\/a><\/strong>\n<ul class=\"wp-block-list\">\n<li><a href=\"#1\">Edital 1<\/a><\/li>\n\n\n\n<li><a href=\"#2\">Edital 2<\/a><\/li>\n<\/ul>\n<\/li>\n\n\n\n<li><a href=\"#etapas\"><strong>Etapa<\/strong><\/a>\n<ul class=\"wp-block-list\">\n<li><a href=\"#objetiva\">Prova objetiva<\/a><\/li>\n<\/ul>\n<\/li>\n\n\n\n<li><strong><a href=\"#cursos-assinatura\">Assinatura e cursos<\/a><\/strong><\/li>\n\n\n\n<li><a href=\"#ficha-tecnica\"><strong>Ficha t\u00e9cnica<\/strong><\/a><\/li>\n<\/ul>\n\n\n\n<div class=\"container\" id=\"boxes\">\n  <div class=\"row\">\n\n    <div class=\"col-sm\">\n      <div class=\"banner-prefeituras-ec\" id=\"box-assinatura\">\n        <h2 class=\"titulo-assinatura\" style=\"text-align: left;\">Concursos Prefeituras<\/h2>\n        <p class=\"subtitulo-assinatura\" style=\"text-align: left;\">Prepara\u00e7\u00e3o completa para a carreira!<\/p>\n        <div class=\"box-botao\" style=\"text-align: left;\">\n          <a class=\"btn-assinatura\" target=\"_blank\" href=\"https:\/\/www.estrategiaconcursos.com.br\/pesquisa\/?q=prefeitura+Maua\/\" role=\"button\" rel=\"noopener noreferrer\">EXPLORAR CURSOS<\/a>\n        <\/div>\n      <\/div><\/div><\/div><\/div>\n\n\n\n<h2 class=\"wp-block-heading\" id=\"re\">Concurso Mau\u00e1: retifica\u00e7\u00f5es<\/h2>\n\n\n\n<p><strong>Edital 1<\/strong> &#8211; <a href=\"https:\/\/dhg1h5j42swfq.cloudfront.net\/2026\/01\/28104550\/maua-retf.pdf\" target=\"_blank\" rel=\"noreferrer noopener nofollow\">Retifica\u00e7\u00e3o 1<\/a> &#8211; 14\/01: altera o conte\u00fado program\u00e1tico.<\/p>\n\n\n\n<p><strong>Edital 2<\/strong> &#8211; <a href=\"https:\/\/dhg1h5j42swfq.cloudfront.net\/2026\/01\/28105315\/29-12.pdf\" target=\"_blank\" rel=\"noreferrer noopener nofollow\">Retifica\u00e7\u00e3o 1<\/a> &#8211; 29\/12: altera requisitos de alguns cargos de professor, cont\u00e9udo program\u00e1rio e demais itens.<\/p>\n\n\n\n<h2 class=\"wp-block-heading\" id=\"vagas\">Concurso Mau\u00e1: distribui\u00e7\u00e3o das vagas<\/h2>\n\n\n\n<h3 class=\"wp-block-heading\" id=\"1\">Edital 01<\/h3>\n\n\n\n<figure class=\"wp-block-table is-style-stripes\"><table class=\"has-fixed-layout\"><thead><tr><th class=\"has-text-align-center\" data-align=\"center\">CARGOS<\/th><th class=\"has-text-align-center\" data-align=\"center\">VAGAS<\/th><th class=\"has-text-align-center\" data-align=\"center\">REQUISITOS<\/th><th class=\"has-text-align-center\" data-align=\"center\">SAL\u00c1RIO (R$)<\/th><\/tr><\/thead><tbody><tr><td class=\"has-text-align-center\" data-align=\"center\">Administrador de Banco de Dados<\/td><td class=\"has-text-align-center\" data-align=\"center\">1<\/td><td class=\"has-text-align-center\" data-align=\"center\">Ensino Superior Completo na \u00e1rea de<br \/>Computa\u00e7\u00e3o<\/td><td class=\"has-text-align-center\" data-align=\"center\">9.068,36<\/td><\/tr><tr><td class=\"has-text-align-center\" data-align=\"center\">Administrador de Rede<\/td><td class=\"has-text-align-center\" data-align=\"center\">1<\/td><td class=\"has-text-align-center\" data-align=\"center\">Ensino Superior Completo na \u00e1rea de Computa\u00e7\u00e3o<\/td><td class=\"has-text-align-center\" data-align=\"center\">9.068,36<\/td><\/tr><tr><td class=\"has-text-align-center\" data-align=\"center\">Agente Administrativo<\/td><td class=\"has-text-align-center\" data-align=\"center\">20<\/td><td class=\"has-text-align-center\" data-align=\"center\">Ensino Fundamental Completo e No\u00e7\u00f5es B\u00e1sicas de Inform\u00e1tica<\/td><td class=\"has-text-align-center\" data-align=\"center\">2.687,51<\/td><\/tr><tr><td class=\"has-text-align-center\" data-align=\"center\">Agente de Tr\u00e2nsito e Transporte<\/td><td class=\"has-text-align-center\" data-align=\"center\">10<\/td><td class=\"has-text-align-center\" data-align=\"center\">Ensino M\u00e9dio Completo e CNH &#8220;B&#8221;<\/td><td class=\"has-text-align-center\" data-align=\"center\">4.065,65<\/td><\/tr><tr><td class=\"has-text-align-center\" data-align=\"center\">Analista de Recursos Humanos<\/td><td class=\"has-text-align-center\" data-align=\"center\">2<\/td><td class=\"has-text-align-center\" data-align=\"center\">Ensino Superior Completo<\/td><td class=\"has-text-align-center\" data-align=\"center\">7.294,88<\/td><\/tr><tr><td class=\"has-text-align-center\" data-align=\"center\">Analista de Sistemas J\u00fanior<\/td><td class=\"has-text-align-center\" data-align=\"center\">1<\/td><td class=\"has-text-align-center\" data-align=\"center\">Ensino Superior<br \/>Completo na \u00e1rea de Computa\u00e7\u00e3o<\/td><td class=\"has-text-align-center\" data-align=\"center\">7.294,88<\/td><\/tr><tr><td class=\"has-text-align-center\" data-align=\"center\">Analista de Sistemas Pleno<\/td><td class=\"has-text-align-center\" data-align=\"center\">2<\/td><td class=\"has-text-align-center\" data-align=\"center\">Ensino Superior Completo na \u00e1rea de<br \/>Computa\u00e7\u00e3o<\/td><td class=\"has-text-align-center\" data-align=\"center\">9.068,36<\/td><\/tr><tr><td class=\"has-text-align-center\" data-align=\"center\">Arquiteto<\/td><td class=\"has-text-align-center\" data-align=\"center\">1<\/td><td class=\"has-text-align-center\" data-align=\"center\">Ensino Superior Completo em Arquitetura e<br \/>Registro no Conselho<\/td><td class=\"has-text-align-center\" data-align=\"center\">7.212,20<\/td><\/tr><tr><td class=\"has-text-align-center\" data-align=\"center\">Arquiteto Paisagista<\/td><td class=\"has-text-align-center\" data-align=\"center\">1<\/td><td class=\"has-text-align-center\" data-align=\"center\">Ensino Superior Completo em Arquitetura e Registro no Conselho<\/td><td class=\"has-text-align-center\" data-align=\"center\">7.212,20<\/td><\/tr><tr><td class=\"has-text-align-center\" data-align=\"center\">Assistente Social<\/td><td class=\"has-text-align-center\" data-align=\"center\">5<\/td><td class=\"has-text-align-center\" data-align=\"center\">Ensino Superior Completo em Servi\u00e7o Social e Registro no<br \/>Conselho<\/td><td class=\"has-text-align-center\" data-align=\"center\">4.798,85<\/td><\/tr><tr><td class=\"has-text-align-center\" data-align=\"center\">Auditor Fiscal de Tributos Municipais<\/td><td class=\"has-text-align-center\" data-align=\"center\">5<\/td><td class=\"has-text-align-center\" data-align=\"center\">Ensino Superior<br \/>Completo + CNH categoria \u201cB\u201d<\/td><td class=\"has-text-align-center\" data-align=\"center\">8.010,04<\/td><\/tr><tr><td class=\"has-text-align-center\" data-align=\"center\">Auxiliar de Enfermagem do Trabalho<\/td><td class=\"has-text-align-center\" data-align=\"center\">1<\/td><td class=\"has-text-align-center\" data-align=\"center\">Ensino Fundamental e Certificado de Conclus\u00e3o de Curso de Auxiliar de Enfermagem do Trabalho, reconhecido pelo<br \/>COREN e registro no Conselho<\/td><td class=\"has-text-align-center\" data-align=\"center\">3.173,65<\/td><\/tr><tr><td class=\"has-text-align-center\" data-align=\"center\">Auxiliar de Farm\u00e1cia<\/td><td class=\"has-text-align-center\" data-align=\"center\">2<\/td><td class=\"has-text-align-center\" data-align=\"center\">Ensino Fundamental Completo<\/td><td class=\"has-text-align-center\" data-align=\"center\">2.622,25<\/td><\/tr><tr><td class=\"has-text-align-center\" data-align=\"center\">Bibliotec\u00e1rio<\/td><td class=\"has-text-align-center\" data-align=\"center\">1<\/td><td class=\"has-text-align-center\" data-align=\"center\">Ensino Superior Completo em Biblioteconomia e Registro no Conselho<\/td><td class=\"has-text-align-center\" data-align=\"center\">4.881,53<\/td><\/tr><tr><td class=\"has-text-align-center\" data-align=\"center\">Bi\u00f3logo<\/td><td class=\"has-text-align-center\" data-align=\"center\">1<\/td><td class=\"has-text-align-center\" data-align=\"center\">Ensino Superior Completo em Biologia e Registro no Conselho<\/td><td class=\"has-text-align-center\" data-align=\"center\">4.881,53<\/td><\/tr><tr><td class=\"has-text-align-center\" data-align=\"center\">Cirurgi\u00e3o Dentista<\/td><td class=\"has-text-align-center\" data-align=\"center\">5<\/td><td class=\"has-text-align-center\" data-align=\"center\">Ensino Superior Completo em Odontologia e Registro no Conselho<\/td><td class=\"has-text-align-center\" data-align=\"center\">3.287,43<\/td><\/tr><tr><td class=\"has-text-align-center\" data-align=\"center\">Contador<\/td><td class=\"has-text-align-center\" data-align=\"center\">2<\/td><td class=\"has-text-align-center\" data-align=\"center\">Ensino Superior Completo em Ci\u00eancias Cont\u00e1beis e Registro no<br \/>Conselho (CRC)<\/td><td class=\"has-text-align-center\" data-align=\"center\">9.068,36<\/td><\/tr><tr><td class=\"has-text-align-center\" data-align=\"center\">Enfermeiro<\/td><td class=\"has-text-align-center\" data-align=\"center\">5<\/td><td class=\"has-text-align-center\" data-align=\"center\">Ensino Superior Completo em Enfermagem e Registro no Conselho (Coren)<\/td><td class=\"has-text-align-center\" data-align=\"center\">6.011,21<\/td><\/tr><tr><td class=\"has-text-align-center\" data-align=\"center\">Engenheiro Agr\u00f4nomo<\/td><td class=\"has-text-align-center\" data-align=\"center\">1<\/td><td class=\"has-text-align-center\" data-align=\"center\">Ensino Superior Completo em Agronomia e<br \/>Registro no Conselho<\/td><td class=\"has-text-align-center\" data-align=\"center\">7.212,20<\/td><\/tr><tr><td class=\"has-text-align-center\" data-align=\"center\">Engenheiro Civil<\/td><td class=\"has-text-align-center\" data-align=\"center\">1<\/td><td class=\"has-text-align-center\" data-align=\"center\">Ensino Superior Completo em Engenharia Civil e Registro no Conselho<\/td><td class=\"has-text-align-center\" data-align=\"center\">7.212,20<\/td><\/tr><tr><td class=\"has-text-align-center\" data-align=\"center\">Engenheiro de Seguran\u00e7a no Trabalho<\/td><td class=\"has-text-align-center\" data-align=\"center\">1<\/td><td class=\"has-text-align-center\" data-align=\"center\">Ensino Superior Completo Engenharia de Seguran\u00e7a do Trabalho e Registro<br \/>no Conselho<\/td><td class=\"has-text-align-center\" data-align=\"center\">7.212,20<\/td><\/tr><tr><td class=\"has-text-align-center\" data-align=\"center\">Engenheiro de Tr\u00e1fego<\/td><td class=\"has-text-align-center\" data-align=\"center\">1<\/td><td class=\"has-text-align-center\" data-align=\"center\">Ensino Superior Completo Engenharia Civil e Especializa\u00e7\u00e3o na \u00e1rea de Tr\u00e1fego e Registro no Conselho<\/td><td class=\"has-text-align-center\" data-align=\"center\">7.212,20<\/td><\/tr><tr><td class=\"has-text-align-center\" data-align=\"center\">Engenheiro Florestal<\/td><td class=\"has-text-align-center\" data-align=\"center\">1<\/td><td class=\"has-text-align-center\" data-align=\"center\">Ensino Superior Completo em Engenharia Florestal e Registro no Conselho<\/td><td class=\"has-text-align-center\" data-align=\"center\">7.212,20<\/td><\/tr><tr><td class=\"has-text-align-center\" data-align=\"center\">Engenheiro Or\u00e7amentista<\/td><td class=\"has-text-align-center\" data-align=\"center\">1<\/td><td class=\"has-text-align-center\" data-align=\"center\">Ensino Superior Completo em Engenharia Civil e especializa\u00e7\u00e3o na \u00e1rea de or\u00e7amento ou&nbsp; custos e Registro no<br \/>Conselho<\/td><td class=\"has-text-align-center\" data-align=\"center\">7.212,20<\/td><\/tr><tr><td class=\"has-text-align-center\" data-align=\"center\">Engenheiro Sanitarista<\/td><td class=\"has-text-align-center\" data-align=\"center\">1<\/td><td class=\"has-text-align-center\" data-align=\"center\">Ensino Superior Completo em Engenharia Sanit\u00e1ria e Registro no Conselho<\/td><td class=\"has-text-align-center\" data-align=\"center\">7.212,20<\/td><\/tr><tr><td class=\"has-text-align-center\" data-align=\"center\">Fonoaudi\u00f3logo<\/td><td class=\"has-text-align-center\" data-align=\"center\">2<\/td><td class=\"has-text-align-center\" data-align=\"center\">Ensino Superior Completo em Fonoaudiologia e Registro no Conselho<\/td><td class=\"has-text-align-center\" data-align=\"center\">3.138,35<\/td><\/tr><tr><td class=\"has-text-align-center\" data-align=\"center\">M\u00e9dico do Trabalho<\/td><td class=\"has-text-align-center\" data-align=\"center\">5<\/td><td class=\"has-text-align-center\" data-align=\"center\">Ensino Superior Completo em Medicina.<br \/>Especializa\u00e7\u00e3o ou Resid\u00eancia na \u00e1rea, reconhecida pelo CRM ou AMB. Registro no CRM<\/td><td class=\"has-text-align-center\" data-align=\"center\">4.377,98<\/td><\/tr><tr><td class=\"has-text-align-center\" data-align=\"center\">M\u00e9dico Veterin\u00e1rio<\/td><td class=\"has-text-align-center\" data-align=\"center\">2<\/td><td class=\"has-text-align-center\" data-align=\"center\">Ensino Superior Completo em Medicina Veterin\u00e1ria e Registro no CRMV<\/td><td class=\"has-text-align-center\" data-align=\"center\">6.304,40<\/td><\/tr><tr><td class=\"has-text-align-center\" data-align=\"center\">Motorista de Ve\u00edculos Leves<\/td><td class=\"has-text-align-center\" data-align=\"center\">5<\/td><td class=\"has-text-align-center\" data-align=\"center\">Ensino Fundamental Completo e CNH &#8220;B&#8221;<br \/>+ 1 (um) ano de experi\u00eancia na \u00e1rea<\/td><td class=\"has-text-align-center\" data-align=\"center\">2.547,70<\/td><\/tr><tr><td class=\"has-text-align-center\" data-align=\"center\">Motorista de Ve\u00edculos Pesados<\/td><td class=\"has-text-align-center\" data-align=\"center\">5<\/td><td class=\"has-text-align-center\" data-align=\"center\">Ensino Fundamental Completo e CNH &#8220;E&#8221;<br \/>+ 1 (um) ano de experi\u00eancia na \u00e1rea<\/td><td class=\"has-text-align-center\" data-align=\"center\">3.288,87<\/td><\/tr><tr><td class=\"has-text-align-center\" data-align=\"center\">Nutricionista<\/td><td class=\"has-text-align-center\" data-align=\"center\">3<\/td><td class=\"has-text-align-center\" data-align=\"center\">Ensino Superior Completo em Nutri\u00e7\u00e3o e Registro no Conselho<\/td><td class=\"has-text-align-center\" data-align=\"center\">4.881,53<\/td><\/tr><tr><td class=\"has-text-align-center\" data-align=\"center\">Psic\u00f3logo<\/td><td class=\"has-text-align-center\" data-align=\"center\">3<\/td><td class=\"has-text-align-center\" data-align=\"center\">Ensino Superior Completo em Psicologia e Registro no<br \/>Conselho<\/td><td class=\"has-text-align-center\" data-align=\"center\">4.798,85<\/td><\/tr><tr><td class=\"has-text-align-center\" data-align=\"center\">T\u00e9cnico Administrativo<\/td><td class=\"has-text-align-center\" data-align=\"center\">2<\/td><td class=\"has-text-align-center\" data-align=\"center\">Ensino M\u00e9dio Completo &#8211; Experi\u00eancia de 4 (quatro) anos na<br \/>\u00e1rea Administrativa<\/td><td class=\"has-text-align-center\" data-align=\"center\">4.849,53<\/td><\/tr><tr><td class=\"has-text-align-center\" data-align=\"center\">T\u00e9cnico em Contabilidade<\/td><td class=\"has-text-align-center\" data-align=\"center\">2<\/td><td class=\"has-text-align-center\" data-align=\"center\">Ensino M\u00e9dio Completo &#8211; T\u00e9cnico<br \/>em Contabilidade e Registro no CRC<\/td><td class=\"has-text-align-center\" data-align=\"center\">6.374,92<\/td><\/tr><\/tbody><\/table><\/figure>\n\n\n\n<h3 class=\"wp-block-heading\" id=\"2\">Edital 02<\/h3>\n\n\n\n<figure class=\"wp-block-table is-style-stripes\"><table class=\"has-fixed-layout\"><thead><tr><th class=\"has-text-align-center\" data-align=\"center\">CARGOS<\/th><th class=\"has-text-align-center\" data-align=\"center\">VAGAS<\/th><th class=\"has-text-align-center\" data-align=\"center\">ESCOALARIDADE<\/th><th class=\"has-text-align-center\" data-align=\"center\">SAL\u00c1RIO<\/th><\/tr><\/thead><tbody><tr><td class=\"has-text-align-center\" data-align=\"center\">Diretor de Escola \u2013 Acesso<\/td><td class=\"has-text-align-center\" data-align=\"center\">CR<\/td><td class=\"has-text-align-center\" data-align=\"center\">Licenciatura Plena em Pedagogia ou p\u00f3s-gradua\u00e7\u00e3o stricto sensu na \u00e1rea da educa\u00e7\u00e3o ou p\u00f3s-gradua\u00e7\u00e3o lato sensu em gest\u00e3o escolar<\/td><td class=\"has-text-align-center\" data-align=\"center\">8.014,00<\/td><\/tr><tr><td class=\"has-text-align-center\" data-align=\"center\">Diretor de Escola \u2013 ampla concorr\u00eancia<\/td><td class=\"has-text-align-center\" data-align=\"center\">CR<\/td><td class=\"has-text-align-center\" data-align=\"center\">Licenciatura Plena em Pedagogia ou p\u00f3s- gradua\u00e7\u00e3o stricto sensu na \u00e1rea da educa\u00e7\u00e3o ou p\u00f3s-gradua\u00e7\u00e3o lato sensu em gest\u00e3o escolar <\/td><td class=\"has-text-align-center\" data-align=\"center\">8.014,00<\/td><\/tr><tr><td class=\"has-text-align-center\" data-align=\"center\">Merendeira<\/td><td class=\"has-text-align-center\" data-align=\"center\">10<\/td><td class=\"has-text-align-center\" data-align=\"center\">Ensino Fundamental Incompleto<\/td><td class=\"has-text-align-center\" data-align=\"center\">2.687,51<\/td><\/tr><tr><td class=\"has-text-align-center\" data-align=\"center\">PEB I<\/td><td class=\"has-text-align-center\" data-align=\"center\">30<\/td><td class=\"has-text-align-center\" data-align=\"center\">Licenciatura Plena em Pedagogia ou Curso Normal Superior ou Programa Especial de Forma\u00e7\u00e3o Pedag\u00f3gica Superior, qualquer que seja a nomenclatura do Curso com habilita\u00e7\u00e3o em Educa\u00e7\u00e3o Infantil ou em Magist\u00e9rio dos anos iniciais do Ensino<br \/>Fundamental<\/td><td class=\"has-text-align-center\" data-align=\"center\">4.072,50<\/td><\/tr><tr><td class=\"has-text-align-center\" data-align=\"center\">PEB II AEE \u2013<br \/>Altas Habilidades\/ Superdota\u00e7\u00e3o<\/td><td class=\"has-text-align-center\" data-align=\"center\">CR<\/td><td class=\"has-text-align-center\" data-align=\"center\">Licenciatura Plena em<br \/>Educa\u00e7\u00e3o Especial ou<br \/>Licenciatura Plena em<br \/>Educa\u00e7\u00e3o Especial e<br \/>Inclusiva ou Licenciatura<br \/>Plena em Pedagogia com<br \/>habilita\u00e7\u00e3o espec\u00edfica na<br \/>\u00e1rea da defici\u00eancia ou<br \/>Licenciatura Plena em<br \/>Pedagogia com<br \/>especializa\u00e7\u00e3o espec\u00edfica<br \/>na \u00e1rea da defici\u00eancia ou<br \/>Mestrado ou Doutorado<br \/>na \u00e1rea de especialidade<br \/>com pr\u00e9via forma\u00e7\u00e3o<br \/>docente<\/td><td class=\"has-text-align-center\" data-align=\"center\">3.393,75<\/td><\/tr><tr><td class=\"has-text-align-center\" data-align=\"center\">PEB II AEE \u2013<br \/>Defici\u00eancia Auditiva<\/td><td class=\"has-text-align-center\" data-align=\"center\">CR<\/td><td class=\"has-text-align-center\" data-align=\"center\">Licenciatura Plena em<br \/>Educa\u00e7\u00e3o Especial ou<br \/>Licenciatura Plena em<br \/>Educa\u00e7\u00e3o Especial e<br \/>Inclusiva ou Licenciatura<br \/>Plena em Pedagogia com<br \/>habilita\u00e7\u00e3o espec\u00edfica na<br \/>\u00e1rea da defici\u00eancia ou<br \/>Licenciatura Plena em<br \/>Pedagogia com<br \/>especializa\u00e7\u00e3o espec\u00edfica<br \/>na \u00e1rea da defici\u00eancia ou<br \/>Mestrado ou Doutorado<br \/>na \u00e1rea de especialidade<br \/>com pr\u00e9via forma\u00e7\u00e3o<br \/>docente<\/td><td class=\"has-text-align-center\" data-align=\"center\">3.393,75<\/td><\/tr><tr><td class=\"has-text-align-center\" data-align=\"center\">PEB II AEE \u2013<br \/>Defici\u00eancia Intelectual<\/td><td class=\"has-text-align-center\" data-align=\"center\">CR<\/td><td class=\"has-text-align-center\" data-align=\"center\">Licenciatura Plena em<br \/>Educa\u00e7\u00e3o Especial ou<br \/>Licenciatura Plena em<br \/>Educa\u00e7\u00e3o Especial e<br \/>Inclusiva ou Licenciatura<br \/>Plena em Pedagogia com<br \/>habilita\u00e7\u00e3o espec\u00edfica na<br \/>\u00e1rea da defici\u00eancia ou<br \/>Licenciatura Plena em<br \/>Pedagogia com<br \/>especializa\u00e7\u00e3o espec\u00edfica<br \/>na \u00e1rea da defici\u00eancia ou<br \/>Mestrado ou Doutorado<br \/>na \u00e1rea de especialidade<br \/>com pr\u00e9via forma\u00e7\u00e3o<br \/>docente<\/td><td class=\"has-text-align-center\" data-align=\"center\">3.393,75<\/td><\/tr><tr><td class=\"has-text-align-center\" data-align=\"center\">PEB II AEE \u2013<br \/>Educa\u00e7\u00e3o Especial<\/td><td class=\"has-text-align-center\" data-align=\"center\">CR<\/td><td class=\"has-text-align-center\" data-align=\"center\">Licenciatura Plena em<br \/>Educa\u00e7\u00e3o Especial ou<br \/>Licenciatura Plena em<br \/>Educa\u00e7\u00e3o Especial e<br \/>Inclusiva ou Licenciatura<br \/>Plena em Pedagogia com<br \/>habilita\u00e7\u00e3o espec\u00edfica na<br \/>\u00e1rea da defici\u00eancia ou<br \/>Licenciatura Plena em<br \/>Pedagogia com<br \/>especializa\u00e7\u00e3o espec\u00edfica<br \/>na \u00e1rea da defici\u00eancia ou<br \/>Mestrado ou Doutorado<br \/>na \u00e1rea de especialidade<br \/>com pr\u00e9via forma\u00e7\u00e3o<br \/>docente<\/td><td class=\"has-text-align-center\" data-align=\"center\">3.393,75<\/td><\/tr><tr><td class=\"has-text-align-center\" data-align=\"center\">PEB II AEE \u2013<br \/>Transtorno do Espectro do Autismo (TEA)<\/td><td class=\"has-text-align-center\" data-align=\"center\">CR<\/td><td class=\"has-text-align-center\" data-align=\"center\">Licenciatura Plena em<br \/>Educa\u00e7\u00e3o Especial ou<br \/>Licenciatura Plena em<br \/>Educa\u00e7\u00e3o Especial e<br \/>Inclusiva ou Licenciatura<br \/>Plena em Pedagogia com<br \/>habilita\u00e7\u00e3o espec\u00edfica na<br \/>\u00e1rea da defici\u00eancia ou<br \/>Licenciatura Plena em<br \/>Pedagogia com<br \/>especializa\u00e7\u00e3o espec\u00edfica<br \/>na \u00e1rea da defici\u00eancia ou<br \/>Mestrado ou Doutorado<br \/>na \u00e1rea de especialidade<br \/>com pr\u00e9via forma\u00e7\u00e3o<br \/>docente<\/td><td class=\"has-text-align-center\" data-align=\"center\">3.393,75<\/td><\/tr><tr><td class=\"has-text-align-center\" data-align=\"center\">PEB II&nbsp; &#8211; Ci\u00eancias<\/td><td class=\"has-text-align-center\" data-align=\"center\">CR<\/td><td class=\"has-text-align-center\" data-align=\"center\">Licenciatura de Gradua\u00e7\u00e3o Plena na disciplina objeto do cargo<\/td><td class=\"has-text-align-center\" data-align=\"center\">3.393,75<\/td><\/tr><tr><td class=\"has-text-align-center\" data-align=\"center\">PEB II \u2013 Filosofia<\/td><td class=\"has-text-align-center\" data-align=\"center\">01<\/td><td class=\"has-text-align-center\" data-align=\"center\">Licenciatura de Gradua\u00e7\u00e3o Plena na disciplina objeto do cargo<\/td><td class=\"has-text-align-center\" data-align=\"center\">3.393,75<\/td><\/tr><tr><td class=\"has-text-align-center\" data-align=\"center\">PEB II \u2013 L\u00edngua Portuguesa<\/td><td class=\"has-text-align-center\" data-align=\"center\">CR<\/td><td class=\"has-text-align-center\" data-align=\"center\">Licenciatura de Gradua\u00e7\u00e3o Plena na disciplina objeto do cargo<\/td><td class=\"has-text-align-center\" data-align=\"center\">3.393,75<\/td><\/tr><tr><td class=\"has-text-align-center\" data-align=\"center\">PEB II \u2013<br \/>Matem\u00e1tica<\/td><td class=\"has-text-align-center\" data-align=\"center\">01<\/td><td class=\"has-text-align-center\" data-align=\"center\">Licenciatura de Gradua\u00e7\u00e3o Plena na disciplina objeto do cargo<\/td><td class=\"has-text-align-center\" data-align=\"center\">3.393,75<\/td><\/tr><tr><td class=\"has-text-align-center\" data-align=\"center\">Supervisor de Ensino<\/td><td class=\"has-text-align-center\" data-align=\"center\">02<\/td><td class=\"has-text-align-center\" data-align=\"center\">Licenciatura Plena em Pedagogia ou p\u00f3s- gradua\u00e7\u00e3o stricto sensu na \u00e1rea da educa\u00e7\u00e3o ou p\u00f3s-gradua\u00e7\u00e3o lato sensu&nbsp; em gest\u00e3o escolar<\/td><td class=\"has-text-align-center\" data-align=\"center\">10.030,00<\/td><\/tr><\/tbody><\/table><\/figure>\n\n\n\n<h2 class=\"wp-block-heading\" id=\"etapas\">Concurso Mau\u00e1: etapas<\/h2>\n\n\n\n<h3 class=\"wp-block-heading\" id=\"objetiva\">Prova objetiva<\/h3>\n\n\n\n<p>A avalia\u00e7\u00e3o dos candidatos foi realizada por meio de uma \u00fanica etapa, sendo esta uma <strong>prova objetiva<\/strong>, de car\u00e1ter classificat\u00f3rio e eliminat\u00f3rio.<\/p>\n\n\n\n<figure class=\"wp-block-image size-full\"><img loading=\"lazy\" decoding=\"async\" width=\"851\" height=\"567\" src=\"https:\/\/dhg1h5j42swfq.cloudfront.net\/2023\/02\/18142353\/1-ok.png\" alt=\"\" class=\"wp-image-1687967\" srcset=\"https:\/\/dhg1h5j42swfq.cloudfront.net\/2023\/02\/18142353\/1-ok.png 851w, https:\/\/dhg1h5j42swfq.cloudfront.net\/2023\/02\/18142353\/1-ok-300x200.png 300w, https:\/\/dhg1h5j42swfq.cloudfront.net\/2023\/02\/18142353\/1-ok-768x512.png 768w, https:\/\/dhg1h5j42swfq.cloudfront.net\/2023\/02\/18142353\/1-ok-150x100.png 150w\" sizes=\"auto, (max-width: 851px) 100vw, 851px\" \/><\/figure>\n\n\n\n<figure class=\"wp-block-image size-full\"><img loading=\"lazy\" decoding=\"async\" width=\"842\" height=\"188\" src=\"https:\/\/dhg1h5j42swfq.cloudfront.net\/2023\/02\/18142425\/2-ok.png\" alt=\"\" class=\"wp-image-1687968\" srcset=\"https:\/\/dhg1h5j42swfq.cloudfront.net\/2023\/02\/18142425\/2-ok.png 842w, https:\/\/dhg1h5j42swfq.cloudfront.net\/2023\/02\/18142425\/2-ok-300x67.png 300w, https:\/\/dhg1h5j42swfq.cloudfront.net\/2023\/02\/18142425\/2-ok-768x171.png 768w, https:\/\/dhg1h5j42swfq.cloudfront.net\/2023\/02\/18142425\/2-ok-150x33.png 150w\" sizes=\"auto, (max-width: 842px) 100vw, 842px\" \/><\/figure>\n\n\n\n<figure class=\"wp-block-image size-full\"><img loading=\"lazy\" decoding=\"async\" width=\"797\" height=\"177\" src=\"https:\/\/dhg1h5j42swfq.cloudfront.net\/2023\/02\/14071950\/image-180.png\" alt=\"\" class=\"wp-image-1687981\" srcset=\"https:\/\/dhg1h5j42swfq.cloudfront.net\/2023\/02\/14071950\/image-180.png 797w, https:\/\/dhg1h5j42swfq.cloudfront.net\/2023\/02\/14071950\/image-180-300x67.png 300w, https:\/\/dhg1h5j42swfq.cloudfront.net\/2023\/02\/14071950\/image-180-768x171.png 768w, https:\/\/dhg1h5j42swfq.cloudfront.net\/2023\/02\/14071950\/image-180-150x33.png 150w\" sizes=\"auto, (max-width: 797px) 100vw, 797px\" \/><\/figure>\n\n\n\n<figure class=\"wp-block-image size-full\"><img loading=\"lazy\" decoding=\"async\" width=\"792\" height=\"145\" src=\"https:\/\/dhg1h5j42swfq.cloudfront.net\/2023\/02\/18145240\/demais.png\" alt=\"\" class=\"wp-image-1687984\" srcset=\"https:\/\/dhg1h5j42swfq.cloudfront.net\/2023\/02\/18145240\/demais.png 792w, https:\/\/dhg1h5j42swfq.cloudfront.net\/2023\/02\/18145240\/demais-300x55.png 300w, https:\/\/dhg1h5j42swfq.cloudfront.net\/2023\/02\/18145240\/demais-768x141.png 768w, https:\/\/dhg1h5j42swfq.cloudfront.net\/2023\/02\/18145240\/demais-150x27.png 150w\" sizes=\"auto, (max-width: 792px) 100vw, 792px\" \/><\/figure>\n\n\n\n<hr class=\"wp-block-separator has-alpha-channel-opacity\"\/>\n\n\n\n<h2 class=\"wp-block-heading has-text-align-center\" id=\"cursos-assinatura\"><em>Quer estudar para o concurso Mau\u00e1?<\/em><\/h2>\n\n\n\n<div class=\"container\" id=\"boxes\">\n  <div class=\"row\">\n\n    <div class=\"col-sm\">\n      <div class=\"banner-prefeituras-ec\" id=\"box-assinatura\">\n        <h2 class=\"titulo-assinatura\" style=\"text-align: left;\">Concursos Prefeituras<\/h2>\n        <p class=\"subtitulo-assinatura\" style=\"text-align: left;\">Prepara\u00e7\u00e3o completa para a carreira!<\/p>\n        <div class=\"box-botao\" style=\"text-align: left;\">\n          <a class=\"btn-assinatura\" target=\"_blank\" href=\"https:\/\/www.estrategiaconcursos.com.br\/pesquisa\/?q=prefeitura+Maua\/\" role=\"button\" rel=\"noopener noreferrer\">EXPLORAR CURSOS<\/a>\n        <\/div>\n      <\/div><\/div><\/div><\/div>\n\n\n\n<div class=\"container\" id=\"boxes\">\n  <div class=\"row\">\n\n    <div class=\"col-sm\">\n      <div class=\"estrategia\" id=\"box-assinatura\">\n        <h3 class=\"titulo-assinatura\">Assinatura Concursos<\/h3>\n        <p class=\"subtitulo-assinatura\">Assinatura de 1 ano ou 2 anos<\/p>\n        <div class=\"box-botao\">\n          <a class=\"btn-assinatura\" target=\"_blank\" href=\"https:\/\/www.estrategiaconcursos.com.br\/assinaturas\/\" role=\"button\" rel=\"noopener noreferrer\">ASSINE AGORA<\/a>\n        <\/div>\n      <\/div><\/div><\/div><\/div>\n\n\n\n<h2 class=\"wp-block-heading has-text-align-center\" id=\"h-quer-saber-tudo-sobre-concursos-previstos-confira-nossos-artigos\">Quer saber tudo sobre concursos previstos?<br \/>Confira  nossos artigos!<\/h2>\n\n\n\n<ul class=\"wp-block-list\">\n<li><a href=\"https:\/\/www.estrategiaconcursos.com.br\/blog\/concursos-abertos\/\" target=\"_blank\" rel=\"noreferrer noopener\">Concursos abertos<\/a><\/li>\n\n\n\n<li><a href=\"https:\/\/www.estrategiaconcursos.com.br\/blog\/concursos-2023\/\" target=\"_blank\" rel=\"noreferrer noopener\">Concursos 2026<\/a><\/li>\n<\/ul>\n\n\n\n<figure class=\"wp-block-image is-resized\"><img loading=\"lazy\" decoding=\"async\" width=\"1024\" height=\"632\" src=\"https:\/\/dhg1h5j42swfq.cloudfront.net\/2021\/04\/01161145\/ficha-tecnica-5-1024x632.png\" alt=\"Informa\u00e7\u00f5es do concurso mau\u00e1\" class=\"wp-image-706736\" style=\"width:236px;height:145px\" srcset=\"https:\/\/dhg1h5j42swfq.cloudfront.net\/2021\/04\/01161145\/ficha-tecnica-5-1024x632.png 1024w, https:\/\/dhg1h5j42swfq.cloudfront.net\/2021\/04\/01161145\/ficha-tecnica-5-300x185.png 300w, https:\/\/dhg1h5j42swfq.cloudfront.net\/2021\/04\/01161145\/ficha-tecnica-5-768x474.png 768w, https:\/\/dhg1h5j42swfq.cloudfront.net\/2021\/04\/01161145\/ficha-tecnica-5-1536x948.png 1536w, https:\/\/dhg1h5j42swfq.cloudfront.net\/2021\/04\/01161145\/ficha-tecnica-5-610x377.png 610w, https:\/\/dhg1h5j42swfq.cloudfront.net\/2021\/04\/01161145\/ficha-tecnica-5.png 1571w\" sizes=\"auto, (max-width: 1024px) 100vw, 1024px\" \/><\/figure>\n\n\n\n<h3 class=\"wp-block-heading\" id=\"ficha-tecnica\">Informa\u00e7\u00f5es do concurso Prefeitura de Mau\u00e1<\/h3>\n\n\n\n<ul class=\"wp-block-list\">\n<li><strong>Data da prova<\/strong>: <s>15\/03\/2026<\/s><\/li>\n\n\n\n<li><strong>Banca<\/strong>: IBAM<\/li>\n\n\n\n<li><strong>Escolaridade<\/strong>: N\u00edveis fundamental, m\u00e9dio e superior<\/li>\n\n\n\n<li><strong>Vagas:<\/strong> 145 + CR<\/li>\n\n\n\n<li><strong>Cargos<\/strong>: v\u00e1rios<\/li>\n\n\n\n<li><strong>Edital:<\/strong> <a href=\"https:\/\/dhg1h5j42swfq.cloudfront.net\/2025\/12\/18141847\/maua-01.pdf\" target=\"_blank\" rel=\"noreferrer noopener nofollow\">Edital 01<\/a> &#8211; <a href=\"https:\/\/dhg1h5j42swfq.cloudfront.net\/2025\/12\/18141843\/maua-2.pdf\" target=\"_blank\" rel=\"noreferrer noopener nofollow\">Edital 02<\/a><\/li>\n<\/ul>\n","protected":false},"excerpt":{"rendered":"<p>Foram divulgados os gabaritos preliminares da prova objetiva, principal avalia\u00e7\u00e3o do concurso da Prefeitura de Mau\u00e1, em S\u00e3o Paulo. Aos interessados, a interposi\u00e7\u00e3o de recursos pode ser feita entre 18 e 19 de mar\u00e7o, no site da banca, o IBAM. Lembrando que s\u00e3o contempladas 145 vagas imediatas mais cadastro reserva. Confira neste artigo mais informa\u00e7\u00f5es [&hellip;]<\/p>\n","protected":false},"author":2991,"featured_media":1124730,"comment_status":"open","ping_status":"closed","sticky":false,"template":"","format":"standard","meta":{"post_tipo":"news_page","footnotes":""},"categories":[222278],"tags":[],"tax_estado":[219989],"class_list":["post-490487","post","type-post","status-publish","format-standard","has-post-thumbnail","hentry","category-prefeituras","tax_estado-sp"],"acf":[],"yoast_head":"<!-- This site is optimized with the Yoast SEO Premium plugin v27.2 (Yoast SEO v27.2) - https:\/\/yoast.com\/product\/yoast-seo-premium-wordpress\/ -->\n<title>Concurso Prefeitura Mau\u00e1 SP: veja os gabaritos!<\/title>\n<meta name=\"description\" content=\"Concurso Prefeitura de Mau\u00e1: dois editais publicados para diversos cargos. Confira os detalhes. Gabaritos preliminares!\" \/>\n<meta name=\"robots\" content=\"index, follow, max-snippet:-1, max-image-preview:large, max-video-preview:-1\" \/>\n<link rel=\"canonical\" href=\"https:\/\/www.estrategiaconcursos.com.br\/blog\/concurso-prefeitura-maua\/\" \/>\n<meta property=\"og:locale\" content=\"pt_BR\" \/>\n<meta property=\"og:type\" content=\"article\" \/>\n<meta property=\"og:title\" content=\"Concurso Prefeitura Mau\u00e1 SP: veja os gabaritos!\" \/>\n<meta property=\"og:description\" content=\"Concurso Prefeitura de Mau\u00e1: dois editais publicados para diversos cargos. Confira os detalhes. Gabaritos preliminares!\" \/>\n<meta property=\"og:url\" content=\"https:\/\/www.estrategiaconcursos.com.br\/blog\/concurso-prefeitura-maua\/\" \/>\n<meta property=\"og:site_name\" content=\"Estrat\u00e9gia Concursos\" \/>\n<meta property=\"article:published_time\" content=\"2026-03-17T17:09:18+00:00\" \/>\n<meta property=\"article:modified_time\" content=\"2026-03-17T17:59:46+00:00\" \/>\n<meta property=\"og:image\" content=\"https:\/\/dhg1h5j42swfq.cloudfront.net\/2022\/11\/16071417\/768-432-max-1-1.jpg\" \/>\n\t<meta property=\"og:image:width\" content=\"768\" \/>\n\t<meta property=\"og:image:height\" content=\"432\" \/>\n\t<meta property=\"og:image:type\" content=\"image\/jpeg\" \/>\n<meta name=\"author\" content=\"Melmuara Thaiane Doneg\u00e1 C\u00e2ndido\" \/>\n<meta name=\"twitter:card\" content=\"summary_large_image\" \/>\n<meta name=\"twitter:creator\" content=\"@EstratConcursos\" \/>\n<meta name=\"twitter:site\" content=\"@EstratConcursos\" \/>\n<meta name=\"twitter:label1\" content=\"Escrito por\" \/>\n\t<meta name=\"twitter:data1\" content=\"Melmuara Thaiane Doneg\u00e1 C\u00e2ndido\" \/>\n\t<meta name=\"twitter:label2\" content=\"Est. tempo de leitura\" \/>\n\t<meta name=\"twitter:data2\" content=\"6 minutos\" \/>\n<script type=\"application\/ld+json\" class=\"yoast-schema-graph\">{\"@context\":\"https:\/\/schema.org\",\"@graph\":[{\"@type\":\"NewsArticle\",\"@id\":\"https:\/\/www.estrategiaconcursos.com.br\/blog\/concurso-prefeitura-maua\/#article\",\"isPartOf\":{\"@id\":\"https:\/\/www.estrategiaconcursos.com.br\/blog\/concurso-prefeitura-maua\/\"},\"author\":{\"name\":\"Melmuara Thaiane Doneg\u00e1 C\u00e2ndido\",\"@id\":\"https:\/\/www.estrategiaconcursos.com.br\/blog\/#\/schema\/person\/f33ffe5648e36a1ec7be14cb98aec31a\"},\"headline\":\"Concurso Prefeitura Mau\u00e1 SP: veja os gabaritos!\",\"datePublished\":\"2026-03-17T17:09:18+00:00\",\"dateModified\":\"2026-03-17T17:59:46+00:00\",\"mainEntityOfPage\":{\"@id\":\"https:\/\/www.estrategiaconcursos.com.br\/blog\/concurso-prefeitura-maua\/\"},\"wordCount\":1250,\"commentCount\":5,\"publisher\":{\"@id\":\"https:\/\/www.estrategiaconcursos.com.br\/blog\/#organization\"},\"image\":{\"@id\":\"https:\/\/www.estrategiaconcursos.com.br\/blog\/concurso-prefeitura-maua\/#primaryimage\"},\"thumbnailUrl\":\"https:\/\/dhg1h5j42swfq.cloudfront.net\/2022\/11\/16071417\/768-432-max-1-1.jpg\",\"articleSection\":[\"Prefeituras\"],\"inLanguage\":\"pt-BR\",\"potentialAction\":[{\"@type\":\"CommentAction\",\"name\":\"Comment\",\"target\":[\"https:\/\/www.estrategiaconcursos.com.br\/blog\/concurso-prefeitura-maua\/#respond\"]}],\"copyrightYear\":\"2026\",\"copyrightHolder\":{\"@id\":\"https:\/\/www.estrategiaconcursos.com.br\/blog\/#organization\"}},{\"@type\":\"WebPage\",\"@id\":\"https:\/\/www.estrategiaconcursos.com.br\/blog\/concurso-prefeitura-maua\/\",\"url\":\"https:\/\/www.estrategiaconcursos.com.br\/blog\/concurso-prefeitura-maua\/\",\"name\":\"Concurso Prefeitura Mau\u00e1 SP: veja os gabaritos!\",\"isPartOf\":{\"@id\":\"https:\/\/www.estrategiaconcursos.com.br\/blog\/#website\"},\"primaryImageOfPage\":{\"@id\":\"https:\/\/www.estrategiaconcursos.com.br\/blog\/concurso-prefeitura-maua\/#primaryimage\"},\"image\":{\"@id\":\"https:\/\/www.estrategiaconcursos.com.br\/blog\/concurso-prefeitura-maua\/#primaryimage\"},\"thumbnailUrl\":\"https:\/\/dhg1h5j42swfq.cloudfront.net\/2022\/11\/16071417\/768-432-max-1-1.jpg\",\"datePublished\":\"2026-03-17T17:09:18+00:00\",\"dateModified\":\"2026-03-17T17:59:46+00:00\",\"description\":\"Concurso Prefeitura de Mau\u00e1: dois editais publicados para diversos cargos. Confira os detalhes. Gabaritos preliminares!\",\"breadcrumb\":{\"@id\":\"https:\/\/www.estrategiaconcursos.com.br\/blog\/concurso-prefeitura-maua\/#breadcrumb\"},\"inLanguage\":\"pt-BR\",\"potentialAction\":[{\"@type\":\"ReadAction\",\"target\":[\"https:\/\/www.estrategiaconcursos.com.br\/blog\/concurso-prefeitura-maua\/\"]}]},{\"@type\":\"ImageObject\",\"inLanguage\":\"pt-BR\",\"@id\":\"https:\/\/www.estrategiaconcursos.com.br\/blog\/concurso-prefeitura-maua\/#primaryimage\",\"url\":\"https:\/\/dhg1h5j42swfq.cloudfront.net\/2022\/11\/16071417\/768-432-max-1-1.jpg\",\"contentUrl\":\"https:\/\/dhg1h5j42swfq.cloudfront.net\/2022\/11\/16071417\/768-432-max-1-1.jpg\",\"width\":768,\"height\":432,\"caption\":\"prefeitura de mau\u00e1\"},{\"@type\":\"BreadcrumbList\",\"@id\":\"https:\/\/www.estrategiaconcursos.com.br\/blog\/concurso-prefeitura-maua\/#breadcrumb\",\"itemListElement\":[{\"@type\":\"ListItem\",\"position\":1,\"name\":\"In\u00edcio\",\"item\":\"https:\/\/www.estrategiaconcursos.com.br\/blog\/\"},{\"@type\":\"ListItem\",\"position\":2,\"name\":\"Concurso Prefeitura Mau\u00e1 SP: veja os gabaritos!\"}]},{\"@type\":\"WebSite\",\"@id\":\"https:\/\/www.estrategiaconcursos.com.br\/blog\/#website\",\"url\":\"https:\/\/www.estrategiaconcursos.com.br\/blog\/\",\"name\":\"Estrat\u00e9gia Concursos\",\"description\":\"O blog da Estrat\u00e9gia Concursos traz not\u00edcias sobre concursos e artigos de professores oferecendo cursos para concursos (pdf + videaulas) no site.\",\"publisher\":{\"@id\":\"https:\/\/www.estrategiaconcursos.com.br\/blog\/#organization\"},\"potentialAction\":[{\"@type\":\"SearchAction\",\"target\":{\"@type\":\"EntryPoint\",\"urlTemplate\":\"https:\/\/www.estrategiaconcursos.com.br\/blog\/?s={search_term_string}\"},\"query-input\":{\"@type\":\"PropertyValueSpecification\",\"valueRequired\":true,\"valueName\":\"search_term_string\"}}],\"inLanguage\":\"pt-BR\"},{\"@type\":\"Organization\",\"@id\":\"https:\/\/www.estrategiaconcursos.com.br\/blog\/#organization\",\"name\":\"Estrat\u00e9gia Concursos\",\"url\":\"https:\/\/www.estrategiaconcursos.com.br\/blog\/\",\"logo\":{\"@type\":\"ImageObject\",\"inLanguage\":\"pt-BR\",\"@id\":\"https:\/\/www.estrategiaconcursos.com.br\/blog\/#\/schema\/logo\/image\/\",\"url\":\"https:\/\/dhg1h5j42swfq.cloudfront.net\/2025\/06\/03203428\/logo_concursos-1.jpg\",\"contentUrl\":\"https:\/\/dhg1h5j42swfq.cloudfront.net\/2025\/06\/03203428\/logo_concursos-1.jpg\",\"width\":230,\"height\":60,\"caption\":\"Estrat\u00e9gia Concursos\"},\"image\":{\"@id\":\"https:\/\/www.estrategiaconcursos.com.br\/blog\/#\/schema\/logo\/image\/\"},\"sameAs\":[\"https:\/\/x.com\/EstratConcursos\"]},{\"@type\":\"Person\",\"@id\":\"https:\/\/www.estrategiaconcursos.com.br\/blog\/#\/schema\/person\/f33ffe5648e36a1ec7be14cb98aec31a\",\"name\":\"Melmuara Thaiane Doneg\u00e1 C\u00e2ndido\",\"image\":{\"@type\":\"ImageObject\",\"inLanguage\":\"pt-BR\",\"@id\":\"https:\/\/secure.gravatar.com\/avatar\/72c23c49ace6e781125178efe440f336ae4f50fbfb902780beb369688b387c4f?s=96&d=mm&r=g\",\"url\":\"https:\/\/secure.gravatar.com\/avatar\/72c23c49ace6e781125178efe440f336ae4f50fbfb902780beb369688b387c4f?s=96&d=mm&r=g\",\"contentUrl\":\"https:\/\/secure.gravatar.com\/avatar\/72c23c49ace6e781125178efe440f336ae4f50fbfb902780beb369688b387c4f?s=96&d=mm&r=g\",\"caption\":\"Melmuara Thaiane Doneg\u00e1 C\u00e2ndido\"},\"description\":\"Formada em Jornalismo em 2011 pela UniSEB-COC, Ribeir\u00e3o Preto-SP, atua desde 2017 na produ\u00e7\u00e3o de conte\u00fado para prefeituras, passando da \u00e1rea publicit\u00e1ria para a cria\u00e7\u00e3o de textos estrat\u00e9gicos e not\u00edcias sobre concursos, mantendo os concurseiros bem informados sobre os principais editais de prefeituras e concursos municipais.\",\"birthDate\":\"1990-04-21\",\"gender\":\"feminino\",\"url\":\"https:\/\/www.estrategiaconcursos.com.br\/blog\/author\/melmuara-candidoestrategia-com\/\"}]}<\/script>\n<!-- \/ Yoast SEO Premium plugin. -->","yoast_head_json":{"title":"Concurso Prefeitura Mau\u00e1 SP: veja os gabaritos!","description":"Concurso Prefeitura de Mau\u00e1: dois editais publicados para diversos cargos. Confira os detalhes. Gabaritos preliminares!","robots":{"index":"index","follow":"follow","max-snippet":"max-snippet:-1","max-image-preview":"max-image-preview:large","max-video-preview":"max-video-preview:-1"},"canonical":"https:\/\/www.estrategiaconcursos.com.br\/blog\/concurso-prefeitura-maua\/","og_locale":"pt_BR","og_type":"article","og_title":"Concurso Prefeitura Mau\u00e1 SP: veja os gabaritos!","og_description":"Concurso Prefeitura de Mau\u00e1: dois editais publicados para diversos cargos. Confira os detalhes. Gabaritos preliminares!","og_url":"https:\/\/www.estrategiaconcursos.com.br\/blog\/concurso-prefeitura-maua\/","og_site_name":"Estrat\u00e9gia Concursos","article_published_time":"2026-03-17T17:09:18+00:00","article_modified_time":"2026-03-17T17:59:46+00:00","og_image":[{"width":768,"height":432,"url":"https:\/\/dhg1h5j42swfq.cloudfront.net\/2022\/11\/16071417\/768-432-max-1-1.jpg","type":"image\/jpeg"}],"author":"Melmuara Thaiane Doneg\u00e1 C\u00e2ndido","twitter_card":"summary_large_image","twitter_creator":"@EstratConcursos","twitter_site":"@EstratConcursos","twitter_misc":{"Escrito por":"Melmuara Thaiane Doneg\u00e1 C\u00e2ndido","Est. tempo de leitura":"6 minutos"},"schema":{"@context":"https:\/\/schema.org","@graph":[{"@type":"NewsArticle","@id":"https:\/\/www.estrategiaconcursos.com.br\/blog\/concurso-prefeitura-maua\/#article","isPartOf":{"@id":"https:\/\/www.estrategiaconcursos.com.br\/blog\/concurso-prefeitura-maua\/"},"author":{"name":"Melmuara Thaiane Doneg\u00e1 C\u00e2ndido","@id":"https:\/\/www.estrategiaconcursos.com.br\/blog\/#\/schema\/person\/f33ffe5648e36a1ec7be14cb98aec31a"},"headline":"Concurso Prefeitura Mau\u00e1 SP: veja os gabaritos!","datePublished":"2026-03-17T17:09:18+00:00","dateModified":"2026-03-17T17:59:46+00:00","mainEntityOfPage":{"@id":"https:\/\/www.estrategiaconcursos.com.br\/blog\/concurso-prefeitura-maua\/"},"wordCount":1250,"commentCount":5,"publisher":{"@id":"https:\/\/www.estrategiaconcursos.com.br\/blog\/#organization"},"image":{"@id":"https:\/\/www.estrategiaconcursos.com.br\/blog\/concurso-prefeitura-maua\/#primaryimage"},"thumbnailUrl":"https:\/\/dhg1h5j42swfq.cloudfront.net\/2022\/11\/16071417\/768-432-max-1-1.jpg","articleSection":["Prefeituras"],"inLanguage":"pt-BR","potentialAction":[{"@type":"CommentAction","name":"Comment","target":["https:\/\/www.estrategiaconcursos.com.br\/blog\/concurso-prefeitura-maua\/#respond"]}],"copyrightYear":"2026","copyrightHolder":{"@id":"https:\/\/www.estrategiaconcursos.com.br\/blog\/#organization"}},{"@type":"WebPage","@id":"https:\/\/www.estrategiaconcursos.com.br\/blog\/concurso-prefeitura-maua\/","url":"https:\/\/www.estrategiaconcursos.com.br\/blog\/concurso-prefeitura-maua\/","name":"Concurso Prefeitura Mau\u00e1 SP: veja os gabaritos!","isPartOf":{"@id":"https:\/\/www.estrategiaconcursos.com.br\/blog\/#website"},"primaryImageOfPage":{"@id":"https:\/\/www.estrategiaconcursos.com.br\/blog\/concurso-prefeitura-maua\/#primaryimage"},"image":{"@id":"https:\/\/www.estrategiaconcursos.com.br\/blog\/concurso-prefeitura-maua\/#primaryimage"},"thumbnailUrl":"https:\/\/dhg1h5j42swfq.cloudfront.net\/2022\/11\/16071417\/768-432-max-1-1.jpg","datePublished":"2026-03-17T17:09:18+00:00","dateModified":"2026-03-17T17:59:46+00:00","description":"Concurso Prefeitura de Mau\u00e1: dois editais publicados para diversos cargos. Confira os detalhes. Gabaritos preliminares!","breadcrumb":{"@id":"https:\/\/www.estrategiaconcursos.com.br\/blog\/concurso-prefeitura-maua\/#breadcrumb"},"inLanguage":"pt-BR","potentialAction":[{"@type":"ReadAction","target":["https:\/\/www.estrategiaconcursos.com.br\/blog\/concurso-prefeitura-maua\/"]}]},{"@type":"ImageObject","inLanguage":"pt-BR","@id":"https:\/\/www.estrategiaconcursos.com.br\/blog\/concurso-prefeitura-maua\/#primaryimage","url":"https:\/\/dhg1h5j42swfq.cloudfront.net\/2022\/11\/16071417\/768-432-max-1-1.jpg","contentUrl":"https:\/\/dhg1h5j42swfq.cloudfront.net\/2022\/11\/16071417\/768-432-max-1-1.jpg","width":768,"height":432,"caption":"prefeitura de mau\u00e1"},{"@type":"BreadcrumbList","@id":"https:\/\/www.estrategiaconcursos.com.br\/blog\/concurso-prefeitura-maua\/#breadcrumb","itemListElement":[{"@type":"ListItem","position":1,"name":"In\u00edcio","item":"https:\/\/www.estrategiaconcursos.com.br\/blog\/"},{"@type":"ListItem","position":2,"name":"Concurso Prefeitura Mau\u00e1 SP: veja os gabaritos!"}]},{"@type":"WebSite","@id":"https:\/\/www.estrategiaconcursos.com.br\/blog\/#website","url":"https:\/\/www.estrategiaconcursos.com.br\/blog\/","name":"Estrat\u00e9gia Concursos","description":"O blog da Estrat\u00e9gia Concursos traz not\u00edcias sobre concursos e artigos de professores oferecendo cursos para concursos (pdf + videaulas) no site.","publisher":{"@id":"https:\/\/www.estrategiaconcursos.com.br\/blog\/#organization"},"potentialAction":[{"@type":"SearchAction","target":{"@type":"EntryPoint","urlTemplate":"https:\/\/www.estrategiaconcursos.com.br\/blog\/?s={search_term_string}"},"query-input":{"@type":"PropertyValueSpecification","valueRequired":true,"valueName":"search_term_string"}}],"inLanguage":"pt-BR"},{"@type":"Organization","@id":"https:\/\/www.estrategiaconcursos.com.br\/blog\/#organization","name":"Estrat\u00e9gia Concursos","url":"https:\/\/www.estrategiaconcursos.com.br\/blog\/","logo":{"@type":"ImageObject","inLanguage":"pt-BR","@id":"https:\/\/www.estrategiaconcursos.com.br\/blog\/#\/schema\/logo\/image\/","url":"https:\/\/dhg1h5j42swfq.cloudfront.net\/2025\/06\/03203428\/logo_concursos-1.jpg","contentUrl":"https:\/\/dhg1h5j42swfq.cloudfront.net\/2025\/06\/03203428\/logo_concursos-1.jpg","width":230,"height":60,"caption":"Estrat\u00e9gia Concursos"},"image":{"@id":"https:\/\/www.estrategiaconcursos.com.br\/blog\/#\/schema\/logo\/image\/"},"sameAs":["https:\/\/x.com\/EstratConcursos"]},{"@type":"Person","@id":"https:\/\/www.estrategiaconcursos.com.br\/blog\/#\/schema\/person\/f33ffe5648e36a1ec7be14cb98aec31a","name":"Melmuara Thaiane Doneg\u00e1 C\u00e2ndido","image":{"@type":"ImageObject","inLanguage":"pt-BR","@id":"https:\/\/secure.gravatar.com\/avatar\/72c23c49ace6e781125178efe440f336ae4f50fbfb902780beb369688b387c4f?s=96&d=mm&r=g","url":"https:\/\/secure.gravatar.com\/avatar\/72c23c49ace6e781125178efe440f336ae4f50fbfb902780beb369688b387c4f?s=96&d=mm&r=g","contentUrl":"https:\/\/secure.gravatar.com\/avatar\/72c23c49ace6e781125178efe440f336ae4f50fbfb902780beb369688b387c4f?s=96&d=mm&r=g","caption":"Melmuara Thaiane Doneg\u00e1 C\u00e2ndido"},"description":"Formada em Jornalismo em 2011 pela UniSEB-COC, Ribeir\u00e3o Preto-SP, atua desde 2017 na produ\u00e7\u00e3o de conte\u00fado para prefeituras, passando da \u00e1rea publicit\u00e1ria para a cria\u00e7\u00e3o de textos estrat\u00e9gicos e not\u00edcias sobre concursos, mantendo os concurseiros bem informados sobre os principais editais de prefeituras e concursos municipais.","birthDate":"1990-04-21","gender":"feminino","url":"https:\/\/www.estrategiaconcursos.com.br\/blog\/author\/melmuara-candidoestrategia-com\/"}]}},"_links":{"self":[{"href":"https:\/\/www.estrategiaconcursos.com.br\/blog\/wp-json\/wp\/v2\/posts\/490487","targetHints":{"allow":["GET"]}}],"collection":[{"href":"https:\/\/www.estrategiaconcursos.com.br\/blog\/wp-json\/wp\/v2\/posts"}],"about":[{"href":"https:\/\/www.estrategiaconcursos.com.br\/blog\/wp-json\/wp\/v2\/types\/post"}],"author":[{"embeddable":true,"href":"https:\/\/www.estrategiaconcursos.com.br\/blog\/wp-json\/wp\/v2\/users\/2991"}],"replies":[{"embeddable":true,"href":"https:\/\/www.estrategiaconcursos.com.br\/blog\/wp-json\/wp\/v2\/comments?post=490487"}],"version-history":[{"count":49,"href":"https:\/\/www.estrategiaconcursos.com.br\/blog\/wp-json\/wp\/v2\/posts\/490487\/revisions"}],"predecessor-version":[{"id":1737612,"href":"https:\/\/www.estrategiaconcursos.com.br\/blog\/wp-json\/wp\/v2\/posts\/490487\/revisions\/1737612"}],"wp:featuredmedia":[{"embeddable":true,"href":"https:\/\/www.estrategiaconcursos.com.br\/blog\/wp-json\/wp\/v2\/media\/1124730"}],"wp:attachment":[{"href":"https:\/\/www.estrategiaconcursos.com.br\/blog\/wp-json\/wp\/v2\/media?parent=490487"}],"wp:term":[{"taxonomy":"category","embeddable":true,"href":"https:\/\/www.estrategiaconcursos.com.br\/blog\/wp-json\/wp\/v2\/categories?post=490487"},{"taxonomy":"post_tag","embeddable":true,"href":"https:\/\/www.estrategiaconcursos.com.br\/blog\/wp-json\/wp\/v2\/tags?post=490487"},{"taxonomy":"tax_estado","embeddable":true,"href":"https:\/\/www.estrategiaconcursos.com.br\/blog\/wp-json\/wp\/v2\/tax_estado?post=490487"}],"curies":[{"name":"wp","href":"https:\/\/api.w.org\/{rel}","templated":true}]}}