{"id":490397,"date":"2020-02-08T09:00:00","date_gmt":"2020-02-08T12:00:00","guid":{"rendered":"https:\/\/www.estrategiaconcursos.com.br\/blog\/?p=490397"},"modified":"2021-02-08T09:24:43","modified_gmt":"2021-02-08T12:24:43","slug":"edital-setec-campinas","status":"publish","type":"post","link":"https:\/\/www.estrategiaconcursos.com.br\/blog\/edital-setec-campinas\/","title":{"rendered":"Edital SETEC Campinas: inscri\u00e7\u00f5es REABERTAS com oferta de 32 vagas"},"content":{"rendered":"\n<p>As inscri\u00e7\u00f5es do edital SETEC Campinas &#8211; SP (Servi\u00e7os T\u00e9cnicos Gerais) est\u00e3o <strong>REABERTAS <\/strong>com oferta de 32 vagas distribu\u00eddas entre cargos de n\u00edveis fundamental, m\u00e9dio e superior, al\u00e9m de Procurador. <\/p>\n\n\n\n<p>O certame oferta tamb\u00e9m seis vagas que ser\u00e3o destinadas a candidatos negros. A jornada de trabalho para todos os cargos \u00e9 de 36 horas semanais com sal\u00e1rios que chegam a R$ 8.286,45.<\/p>\n\n\n\n<p>Os interessados em participar do concurso p\u00fablico devem acessar o site da banca organizadora, o Instituto Mais, at\u00e9 o dia<strong> 11 de mar\u00e7o <\/strong>e efetuar o pagamento da taxa fixada, conforme o n\u00edvel de escolaridade:<\/p>\n\n\n\n<ul class=\"wp-block-list\"><li>N\u00edvel fundamental:&nbsp;<strong>R$ 53,00<\/strong><\/li><li>N\u00edvel m\u00e9dio:&nbsp;<strong>R$ 66,00<\/strong><\/li><li>N\u00edvel superior e Procurador:&nbsp;<strong>R$ 81,00<\/strong> <\/li><\/ul>\n\n\n\n<h2 class=\"wp-block-heading\">Principais datas do edital SETEC Campinas<\/h2>\n\n\n\n<ul class=\"wp-block-list\"><li><strong>Inscri\u00e7\u00f5es:<\/strong> 08 de fevereiro a 11 de mar\u00e7o de 2021<\/li><li><strong>Isen\u00e7\u00e3o da taxa: <\/strong>08 e 09 de fevereiro de 2021<\/li><li><strong>\u00daltimo dia para pagamento:<\/strong> 12 de mar\u00e7o de 2021<\/li><li><strong>Data da Prova Objetiva:<\/strong> 18 de abril de 2021 (manh\u00e3)<\/li><li><strong>Entrega dos T\u00edtulos:<\/strong> 18 de abril de 2021 (manh\u00e3)<\/li><li><strong>Prova Pr\u00e1tico-Profissional: <\/strong>18 de abril de 2021 (tarde)<\/li><\/ul>\n\n\n\n<h2 class=\"wp-block-heading\">Cargos do edital SETEC Campinas<\/h2>\n\n\n\n<p>Confira abaixo todos os cargos que ser\u00e3o ofertados no concurso SETEC Campinas, distribui\u00e7\u00e3o de vagas e remunera\u00e7\u00f5es conforme o n\u00edvel de escolaridade:<\/p>\n\n\n\n<h3 class=\"wp-block-heading\">N\u00edvel Fundamental<\/h3>\n\n\n\n<figure class=\"wp-block-table is-style-stripes\"><table class=\"has-subtle-pale-blue-background-color has-fixed-layout has-background\"><tbody><tr><td><strong>Cargos<\/strong><\/td><td><strong>Vagas<\/strong><\/td><td><strong>Remunera\u00e7\u00e3o<\/strong><\/td><\/tr><tr><td>Agente de Suporte Funer\u00e1rio<\/td><td>2<\/td><td>R$ 1.864,44<\/td><\/tr><tr><td>Agente Funer\u00e1rio<\/td><td>6<\/td><td>R$ 2.278,73<\/td><\/tr><tr><td>Condutor de Ve\u00edculos e M\u00e1quinas<\/td><td>1<\/td><td>R$ 2.278,73<\/td><\/tr><tr><td>Motorista Especializado<\/td><td>3<\/td><td>R$ 2.278,73<\/td><\/tr><\/tbody><\/table><\/figure>\n\n\n\n<h3 class=\"wp-block-heading\">N\u00edvel M\u00e9dio<\/h3>\n\n\n\n<figure class=\"wp-block-table is-style-stripes\"><table class=\"has-subtle-pale-blue-background-color has-fixed-layout has-background\"><tbody><tr><td><strong>Cargos<\/strong><\/td><td><strong>Vagas<\/strong><\/td><td><strong>Remunera\u00e7\u00e3o<\/strong><\/td><\/tr><tr><td>Agente Administrativo<\/td><td>5<\/td><td>R$ 2.693,10<\/td><\/tr><tr><td>Agente de Fiscaliza\u00e7\u00e3o<\/td><td>5<\/td><td>R$ 3.107,40<\/td><\/tr><tr><td>Agente de Suporte T\u00e9cnico<\/td><td>3<\/td><td>R$ 3.728,91<\/td><\/tr><tr><td>Assistente de SVO<\/td><td>3<\/td><td>R$ 2.693,10<\/td><\/tr><\/tbody><\/table><\/figure>\n\n\n\n<h3 class=\"wp-block-heading\">N\u00edvel Superior<\/h3>\n\n\n\n<figure class=\"wp-block-table is-style-stripes\"><table class=\"has-subtle-pale-blue-background-color has-fixed-layout has-background\"><tbody><tr><td><strong>Cargos<\/strong><\/td><td><strong>Vagas<\/strong><\/td><td><strong>Remunera\u00e7\u00e3o<\/strong><\/td><\/tr><tr><td>Analista T\u00e9cnico (Inform\u00e1tica)<\/td><td>1<\/td><td>R$ 6.007,70<\/td><\/tr><tr><td>Engenheiro Civil<\/td><td>1<\/td><td>R$ 7.561,40<\/td><\/tr><\/tbody><\/table><\/figure>\n\n\n\n<h3 class=\"wp-block-heading\">N\u00edvel Superior \u2013 Procurador<\/h3>\n\n\n\n<figure class=\"wp-block-table is-style-stripes\"><table class=\"has-subtle-pale-blue-background-color has-fixed-layout has-background\"><tbody><tr><td><strong>Cargos<\/strong><\/td><td><strong>Vagos<\/strong><\/td><td><strong>Remunera\u00e7\u00e3o<\/strong><\/td><\/tr><tr><td>Procurador<\/td><td>2<\/td><td>R$ 8.286,45<\/td><\/tr><\/tbody><\/table><\/figure>\n\n\n\n<h2 class=\"wp-block-heading\" id=\"etapas\">Etapas do edital SETEC Campinas<\/h2>\n\n\n\n<p>O concurso p\u00fablico dos Servi\u00e7os T\u00e9cnicos Gerais de Campinas &#8211; SP, ser\u00e1 realizado atrav\u00e9s das etapas abaixo descritas, podendo variar conforme o cargo:<\/p>\n\n\n\n<ul class=\"wp-block-list\"><li><strong>Prova Objetiva<\/strong>&nbsp;para todos os cargos (eliminat\u00f3rio e classificat\u00f3rio)<\/li><li><strong>Prova Pr\u00e1tica&nbsp;<\/strong>para os cargos de Agente Funer\u00e1rio, Assistente de SVO (eliminat\u00f3rio)<\/li><li><strong>Prova Pr\u00e1tico-Profissional&nbsp;<\/strong>para o cargo de Procurador (eliminat\u00f3rio e classificat\u00f3rio)<\/li><li><strong>Avalia\u00e7\u00e3o de T\u00edtulos&nbsp;<\/strong>para o cargo de Procurador (classificat\u00f3rio)<\/li><li><strong>Teste de Robustez F\u00edsica&nbsp;<\/strong>para os cargos de Condutor de Ve\u00edculos e Motorista (eliminat\u00f3rio)<\/li><li><strong>Pr\u00e1tica de Dire\u00e7\u00e3o Veicular<\/strong>&nbsp;para os cargos de Condutor de Ve\u00edculos e Motorista (eliminat\u00f3rio)<\/li><li><strong>Teste de Aptid\u00e3o F\u00edsica<\/strong>&nbsp;para o cargo de Agente de Fiscaliza\u00e7\u00e3o (eliminat\u00f3rio)<\/li><\/ul>\n\n\n\n<h2 class=\"wp-block-heading\" id=\"prova-objetiva\">Prova Objetiva do edital SETEC Campinas<\/h2>\n\n\n\n<p>A prova objetiva ser\u00e1 composta por 40 quest\u00f5es de m\u00faltipla escolha. Ser\u00e1 considerado habilitado o candidato que obtiver pontua\u00e7\u00e3o m\u00ednima de 50 pontos na Prova Objetiva<\/p>\n\n\n\n<h3 class=\"wp-block-heading\">Cargos de n\u00edvel fundamental<\/h3>\n\n\n\n<ul class=\"wp-block-list\"><li>L\u00edngua Portuguesa \u2013 10 quest\u00f5es<\/li><li>Matem\u00e1tica \u2013 10 quest\u00f5es<\/li><li>Atualidades \u2013 05 quest\u00f5es<\/li><li>Conhecimentos Espec\u00edficos \u2013 15 quest\u00f5es<\/li><\/ul>\n\n\n\n<h3 class=\"wp-block-heading\">Cargos de n\u00edvel m\u00e9dio (Agente Administrativo e Agente de Suporte)<\/h3>\n\n\n\n<ul class=\"wp-block-list\"><li>L\u00edngua Portuguesa \u2013 08 quest\u00f5es<\/li><li>Matem\u00e1tica \u2013 07 quest\u00f5es<\/li><li>No\u00e7\u00f5es de Inform\u00e1tica \u2013 10 quest\u00f5es<\/li><li>Conhecimentos Espec\u00edficos \u2013 15 quest\u00f5es<\/li><\/ul>\n\n\n\n<h3 class=\"wp-block-heading\">Cargos de n\u00edvel m\u00e9dio (Agente de Fiscaliza\u00e7\u00e3o e Assistente de SVO)<\/h3>\n\n\n\n<ul class=\"wp-block-list\"><li>L\u00edngua Portuguesa \u2013 08 quest\u00f5es<\/li><li>Matem\u00e1tica \u2013 07 quest\u00f5es<\/li><li>Atualidades \u2013 05 quest\u00f5es<\/li><li>No\u00e7\u00f5es de Inform\u00e1tica \u2013 05 quest\u00f5es<\/li><li>Conhecimentos Espec\u00edficos \u2013 15 quest\u00f5es<\/li><\/ul>\n\n\n\n<h3 class=\"wp-block-heading\">Cargos de n\u00edvel superior (Analista T\u00e9cnico)<\/h3>\n\n\n\n<ul class=\"wp-block-list\"><li>L\u00edngua Portuguesa \u2013 08 quest\u00f5es<\/li><li>Matem\u00e1tica \u2013 07 quest\u00f5es<\/li><li>Atualidades \u2013 05 quest\u00f5es<\/li><li>Conhecimentos Espec\u00edficos \u2013 20<\/li><\/ul>\n\n\n\n<h3 class=\"wp-block-heading\">Cargos de n\u00edvel superior (Engenheiro Civil)<\/h3>\n\n\n\n<ul class=\"wp-block-list\"><li>L\u00edngua Portuguesa \u2013 10 quest\u00f5es<\/li><li>Atualidades \u2013 05 quest\u00f5es<\/li><li>No\u00e7\u00f5es de Inform\u00e1tica \u2013 05 quest\u00f5es<\/li><li>Conhecimentos Espec\u00edficos \u2013 20 quest\u00f5es<\/li><\/ul>\n\n\n\n<h3 class=\"wp-block-heading\">Cargos de n\u00edvel superior (Procurador)<\/h3>\n\n\n\n<ul class=\"wp-block-list\"><li><strong>Conhecimentos b\u00e1sicos<\/strong><ul><li>L\u00edngua Portuguesa \u2013 05 quest\u00f5es<\/li><li>Conhecimentos B\u00e1sicos de Legisla\u00e7\u00e3o Interna \u2013 05 quest\u00f5es<\/li><\/ul><\/li><li><strong>Conhecimentos espec\u00edficos<\/strong><ul><li>Direito Administrativo \u2013 07 quest\u00f5es<\/li><li>Direito Constitucional \u2013 07 quest\u00f5es<\/li><li>Direito do Trabalho e Direito Processual do Trabalho \u2013 08 quest\u00f5es<\/li><li>Direito Tribut\u00e1rio \u2013 04 quest\u00f5es<\/li><li>Direito Civil \u2013 04 quest\u00f5es<\/li><li>Direito Processual Civil \u2013 06 quest\u00f5es<\/li><li>Direito Previdenci\u00e1rio \u2013 02 quest\u00f5es<\/li><li>Direito Ambiental \u2013 02 quest\u00f5es<\/li><\/ul><\/li><\/ul>\n\n\n\n<h2 class=\"wp-block-heading\" id=\"aptidao-fisica\"><strong>Teste de Aptid\u00e3o F\u00edsica<\/strong>&nbsp;para Agente de Fiscaliza\u00e7\u00e3o<\/h2>\n\n\n\n<p>O Teste de Aptid\u00e3o F\u00edsica constar\u00e1 dos seguintes exerc\u00edcios:<\/p>\n\n\n\n<ol class=\"wp-block-list\"><li>Abdominal;<\/li><li>Flex\u00e3o dos Bra\u00e7os;<\/li><li>Corrida em 12 minutos.<\/li><\/ol>\n\n\n\n<h2 class=\"wp-block-heading\" id=\"pratico-profissional\">Prova Pr\u00e1tico-Profissional para Procurador<\/h2>\n\n\n\n<p>A etapa exclusivamente para o cargo de Procurador, ser\u00e1 composta de 02 quest\u00f5es dissertativas, sendo 01 quest\u00e3o de<strong>&nbsp;Direito Constitucional<\/strong>&nbsp;e 01 de&nbsp;<strong>Direito Administrativo<\/strong>, que dever\u00e3o conter de 05 a 10 linhas cada, al\u00e9m de 01 Parecer Jur\u00eddico.<\/p>\n\n\n\n<h2 class=\"wp-block-heading\" id=\"titulos\">Avalia\u00e7\u00e3o de T\u00edtulos para Procurador<\/h2>\n\n\n\n<p>Ser\u00e3o considerados T\u00edtulos somente os constantes na tabela abaixo:<\/p>\n\n\n\n<div class=\"wp-block-image\"><figure class=\"aligncenter\"><img loading=\"lazy\" decoding=\"async\" width=\"713\" height=\"354\" src=\"https:\/\/dhg1h5j42swfq.cloudfront.net\/2020\/03\/10100857\/Capturar-7.png\" alt=\"\" class=\"wp-image-490423\" srcset=\"https:\/\/dhg1h5j42swfq.cloudfront.net\/2020\/03\/10100857\/Capturar-7.png 713w, https:\/\/dhg1h5j42swfq.cloudfront.net\/2020\/03\/10100857\/Capturar-7-300x149.png 300w, https:\/\/dhg1h5j42swfq.cloudfront.net\/2020\/03\/10100857\/Capturar-7-610x303.png 610w\" sizes=\"auto, (max-width: 713px) 100vw, 713px\" \/><\/figure><\/div>\n\n\n\n<h2 class=\"wp-block-heading\">An\u00e1lise de Edital<\/h2>\n\n\n<figure class=\"wp-block-embed-youtube wp-block-embed is-type-video is-provider-youtube wp-embed-aspect-16-9 wp-has-aspect-ratio\"><div class=\"lyte-wrapper\" style=\"width:853px;max-width:100%;margin:5px;\"><div class=\"lyMe\" id=\"WYL_ZnFmlvTpfoY\"><div id=\"lyte_ZnFmlvTpfoY\" data-src=\"\/\/i.ytimg.com\/vi\/ZnFmlvTpfoY\/hqdefault.jpg\" class=\"pL\"><div class=\"tC\"><div class=\"tT\"><\/div><\/div><div class=\"play\"><\/div><div class=\"ctrl\"><div class=\"Lctrl\"><\/div><div class=\"Rctrl\"><\/div><\/div><\/div><noscript><a href=\"https:\/\/youtu.be\/ZnFmlvTpfoY\" rel=\"nofollow\"><img loading=\"lazy\" decoding=\"async\" src=\"https:\/\/i.ytimg.com\/vi\/ZnFmlvTpfoY\/0.jpg\" alt=\"YouTube video thumbnail\" width=\"853\" height=\"460\" \/><br \/>Assista a este v\u00eddeo no YouTube<\/a><\/noscript><\/div><\/div><div class=\"lL\" style=\"max-width:100%;width:853px;margin:5px;\"><\/div><figcaption><\/figcaption><\/figure>\n\n\n<p><em><strong>Quer saber mais informa\u00e7\u00f5es sobre o concurso SETEC Campinas? Acesse o link abaixo e veja tudo na \u00edntegra!!<\/strong><\/em><\/p>\n\n\n\n<p class=\"has-text-align-center has-very-light-gray-background-color has-background\" style=\"font-size:clamp(14.642px, 0.915rem + ((1vw - 3.2px) * 0.721), 22px);px\"><strong>Saiba mais: <a aria-label=\"concurso SETEC Capinas (abre numa nova aba)\" rel=\"noreferrer noopener\" href=\"https:\/\/www.estrategiaconcursos.com.br\/blog\/concurso-setec-campinas\/\" target=\"_blank\">concurso SETEC Campinas<\/a><\/strong><\/p>\n\n\n\n<h2 class=\"has-text-align-center wp-block-heading\" id=\"cursos-assinatura\">Quer estudar para o edital SETEC Campinas?<\/h2>\n\n\n\n<div class=\"container\" id=\"boxes\">\n  <div class=\"row\">\n\n    <div class=\"col-sm\">\n      <div class=\"banner-estrategia\" id=\"box-assinatura\">\n        <h3 class=\"titulo-assinatura\">Concurso SETEC Campinas<\/h3>\n        <p class=\"subtitulo-assinatura\">Estude conosco<\/p>\n        <div class=\"box-botao\">\n          <a class=\"btn-assinatura\" target=\"_blank\" href=\"https:\/\/www.estrategiaconcursos.com.br\/cursos\/\" role=\"button\" rel=\"noopener noreferrer\">Conhe\u00e7a os cursos<\/a>\n        <\/div>\n      <\/div>\n     \n    <\/div>\n\n  <\/div>\n<\/div>\n\n\n\n<div class=\"container\" id=\"boxes\">\n  <div class=\"row\">\n\n    <div class=\"col-sm\">\n      <div class=\"estrategia\" id=\"box-assinatura\">\n        <h3 class=\"titulo-assinatura\">Assinatura Ilimitada<\/h3>\n        <p class=\"subtitulo-assinatura\">Assinatura Anual Ilimitada*<\/p>\n        <div class=\"box-botao\">\n          <a class=\"btn-assinatura\" target=\"_blank\" href=\"https:\/\/www.estrategiaconcursos.com.br\/assinaturas\/\" role=\"button\" rel=\"noopener noreferrer\">ASSINE AGORA<\/a>\n        <\/div>\n      <\/div>\n      <p class=\"texto-auxiliar\">Prepare-se com o melhor material e com quem mais aprova em Concursos P\u00fablicos em todo o pa\u00eds. Assine agora a nossa Assinatura Anual e tenha acesso ilimitado* a todos os nossos cursos.<\/p>\n    <\/div>\n\n    <div class=\"col-sm\">\n      <div class=\"questoes\" id=\"box-assinatura\">\n        <h3 class=\"titulo-assinatura\">Sistema de Quest\u00f5es<\/h3>\n        <p class=\"subtitulo-assinatura\">Assinatura Ilimitada*\n<\/p>\n        <div class=\"box-botao\">\n          <a class=\"btn-assinatura\" target=\"_blank\" href=\"https:\/\/www.estrategiaconcursos.com.br\/cursosPorConcurso\/sistema-de-questoes\/#\/\" role=\"button\" rel=\"noopener noreferrer\">ASSINE AGORA<\/a>\n        <\/div>\n      <\/div>\n      <p class=\"texto-auxiliar\">Estrat\u00e9gia Quest\u00f5es nasceu maior do que todos os concorrentes, com mais quest\u00f5es cadastradas e mais solu\u00e7\u00f5es por professores. Clique no link e aproveite os descontos e b\u00f4nus imperd\u00edveis!<\/p>\n    <\/div>\n  <\/div>\n<\/div>\n\n\n\n<div class=\"container\" id=\"boxes\">\n  <div class=\"row\">\n\n    <div class=\"col-sm\" id=\"boxes-concursos\">\n      <div style=\"background-color: #005DAD;\" class=\"conteudo-concursos\" id=\"box-concursos\">\n        <h3 class=\"titulo-assinatura\">Concursos Abertos<\/h3>\n        <p class=\"subtitulo-assinatura\">mais de 15 mil vagas<\/p>\n        <div class=\"box-botao\">\n          <a class=\"btn-assinatura\" target=\"_blank\" href=\"https:\/\/www.estrategiaconcursos.com.br\/blog\/concursos-abertos\/\" role=\"button\" rel=\"noopener noreferrer\">Conhe\u00e7a Agora<\/a>\n        <\/div>\n      <\/div>\n    <\/div>\n\n    <div class=\"col-sm\" id=\"boxes-concursos\">\n      <div style=\"background-color: #419FF0;\" class=\"conteudo-concursos\" id=\"box-concursos\">\n        <h3 class=\"titulo-assinatura\">Concursos 2021<\/h3>\n        <p class=\"subtitulo-assinatura\">mais de 50 mil vagas<\/p>\n        <div class=\"box-botao\">\n          <a class=\"btn-assinatura\" target=\"_blank\" href=\"https:\/\/www.estrategiaconcursos.com.br\/blog\/concursos-2021\/\" role=\"button\" rel=\"noopener noreferrer\">Conhe\u00e7a Agora<\/a>\n        <\/div>\n      <\/div>\n    <\/div>\n\n  <\/div>\n<\/div>\n\n\n\n<figure class=\"wp-block-image\"><img loading=\"lazy\" decoding=\"async\" width=\"300\" height=\"102\" src=\"https:\/\/dhg1h5j42swfq.cloudfront.net\/2017\/03\/28152500\/coruja-ficha-tecnica-300x102.png\" alt=\"Ficha t\u00e9cnica do concurso SETEC Campinas\" class=\"wp-image-68542\"\/><\/figure>\n\n\n\n<h3 class=\"wp-block-heading\" id=\"ficha-tecnica\">Informa\u00e7\u00f5es do edital SETEC Campinas<\/h3>\n\n\n\n<p>\u25ba<strong>Data das provas<\/strong>: 18\/04<br \/>\u25ba<strong>Vagas<\/strong>: 32<br \/>\u25ba<strong>Cargos<\/strong>: V\u00e1rios<br \/>\u25ba<strong>Banca<\/strong>: Instituto Mais<br \/>\u25ba<strong>Escolaridade<\/strong>: N\u00edvel fundamental, m\u00e9dio, t\u00e9cnico e superior<br \/>\u25ba<strong>Edital<\/strong>:\u00a0<a rel=\"noreferrer noopener\" href=\"https:\/\/dhg1h5j42swfq.cloudfront.net\/2020\/03\/10091057\/SETEC-Procurador.pdf\" target=\"_blank\">Edital SETEC \u2013 Procurador<\/a>\u00a0|\u00a0<a rel=\"noreferrer noopener\" href=\"https:\/\/dhg1h5j42swfq.cloudfront.net\/2020\/03\/10091054\/SETEC-Geral.pdf\" target=\"_blank\">Edital SETEC \u2013 Geral<\/a><\/p>\n\n\n\n<p><em>Ascom Estrat\u00e9gia<\/em><br \/>ascomestrategia@gmail.com<\/p>\n","protected":false},"excerpt":{"rendered":"<p>As inscri\u00e7\u00f5es do edital SETEC Campinas &#8211; SP (Servi\u00e7os T\u00e9cnicos Gerais) est\u00e3o REABERTAS com oferta de 32 vagas distribu\u00eddas entre cargos de n\u00edveis fundamental, m\u00e9dio e superior, al\u00e9m de Procurador. O certame oferta tamb\u00e9m seis vagas que ser\u00e3o destinadas a candidatos negros. A jornada de trabalho para todos os cargos \u00e9 de 36 horas semanais [&hellip;]<\/p>\n","protected":false},"author":1,"featured_media":489627,"comment_status":"open","ping_status":"closed","sticky":false,"template":"","format":"standard","meta":{"post_tipo":"news_page","footnotes":""},"categories":[214992],"tags":[],"tax_estado":[219989],"class_list":["post-490397","post","type-post","status-publish","format-standard","has-post-thumbnail","hentry","category-concursos-administrativos","tax_estado-sp"],"acf":[],"yoast_head":"<!-- This site is optimized with the Yoast SEO Premium plugin v27.2 (Yoast SEO v27.2) - https:\/\/yoast.com\/product\/yoast-seo-premium-wordpress\/ -->\n<title>Edital SETEC Campinas: inscri\u00e7\u00f5es REABERTAS com oferta de 32 vagas<\/title>\n<meta name=\"description\" content=\"Edital SETEC Campinas: inscri\u00e7\u00f5es REABERTAS com oferta de 32 vagas distribu\u00eddas entre diversos cargos. Acesse e saiba mais!\" \/>\n<meta name=\"robots\" content=\"index, follow, max-snippet:-1, max-image-preview:large, max-video-preview:-1\" \/>\n<link rel=\"canonical\" href=\"https:\/\/www.estrategiaconcursos.com.br\/blog\/edital-setec-campinas\/\" \/>\n<meta property=\"og:locale\" content=\"pt_BR\" \/>\n<meta property=\"og:type\" content=\"article\" \/>\n<meta property=\"og:title\" content=\"Edital SETEC Campinas: inscri\u00e7\u00f5es REABERTAS com oferta de 32 vagas\" \/>\n<meta property=\"og:description\" content=\"Edital SETEC Campinas: inscri\u00e7\u00f5es REABERTAS com oferta de 32 vagas distribu\u00eddas entre diversos cargos. Acesse e saiba mais!\" \/>\n<meta property=\"og:url\" content=\"https:\/\/www.estrategiaconcursos.com.br\/blog\/edital-setec-campinas\/\" \/>\n<meta property=\"og:site_name\" content=\"Estrat\u00e9gia Concursos\" \/>\n<meta property=\"article:author\" content=\"https:\/\/www.facebook.com\/EstrategiaConcursos\" \/>\n<meta property=\"article:published_time\" content=\"2020-02-08T12:00:00+00:00\" \/>\n<meta property=\"article:modified_time\" content=\"2021-02-08T12:24:43+00:00\" \/>\n<meta property=\"og:image\" content=\"https:\/\/dhg1h5j42swfq.cloudfront.net\/2020\/03\/07112747\/SETEC_CAMPINAS.jpg\" \/>\n\t<meta property=\"og:image:width\" content=\"1200\" \/>\n\t<meta property=\"og:image:height\" content=\"628\" \/>\n\t<meta property=\"og:image:type\" content=\"image\/jpeg\" \/>\n<meta name=\"author\" content=\"Coordena\u00e7\u00e3o\" \/>\n<meta name=\"twitter:card\" content=\"summary_large_image\" \/>\n<meta name=\"twitter:creator\" content=\"@EstratConcursos\" \/>\n<meta name=\"twitter:site\" content=\"@EstratConcursos\" \/>\n<meta name=\"twitter:label1\" content=\"Escrito por\" \/>\n\t<meta name=\"twitter:data1\" content=\"Coordena\u00e7\u00e3o\" \/>\n\t<meta name=\"twitter:label2\" content=\"Est. tempo de leitura\" \/>\n\t<meta name=\"twitter:data2\" content=\"5 minutos\" \/>\n<script type=\"application\/ld+json\" class=\"yoast-schema-graph\">{\"@context\":\"https:\/\/schema.org\",\"@graph\":[{\"@type\":\"NewsArticle\",\"@id\":\"https:\/\/www.estrategiaconcursos.com.br\/blog\/edital-setec-campinas\/#article\",\"isPartOf\":{\"@id\":\"https:\/\/www.estrategiaconcursos.com.br\/blog\/edital-setec-campinas\/\"},\"author\":{\"name\":\"Coordena\u00e7\u00e3o\",\"@id\":\"https:\/\/www.estrategiaconcursos.com.br\/blog\/#\/schema\/person\/b4a388c97673c5f483d72185668afa1f\"},\"headline\":\"Edital SETEC Campinas: inscri\u00e7\u00f5es REABERTAS com oferta de 32 vagas\",\"datePublished\":\"2020-02-08T12:00:00+00:00\",\"dateModified\":\"2021-02-08T12:24:43+00:00\",\"mainEntityOfPage\":{\"@id\":\"https:\/\/www.estrategiaconcursos.com.br\/blog\/edital-setec-campinas\/\"},\"wordCount\":971,\"commentCount\":2,\"publisher\":{\"@id\":\"https:\/\/www.estrategiaconcursos.com.br\/blog\/#organization\"},\"image\":{\"@id\":\"https:\/\/www.estrategiaconcursos.com.br\/blog\/edital-setec-campinas\/#primaryimage\"},\"thumbnailUrl\":\"https:\/\/dhg1h5j42swfq.cloudfront.net\/2020\/03\/07112747\/SETEC_CAMPINAS.jpg\",\"articleSection\":[\"Executivo (Administrativa)\"],\"inLanguage\":\"pt-BR\",\"potentialAction\":[{\"@type\":\"CommentAction\",\"name\":\"Comment\",\"target\":[\"https:\/\/www.estrategiaconcursos.com.br\/blog\/edital-setec-campinas\/#respond\"]}],\"copyrightYear\":\"2020\",\"copyrightHolder\":{\"@id\":\"https:\/\/www.estrategiaconcursos.com.br\/blog\/#organization\"}},{\"@type\":\"WebPage\",\"@id\":\"https:\/\/www.estrategiaconcursos.com.br\/blog\/edital-setec-campinas\/\",\"url\":\"https:\/\/www.estrategiaconcursos.com.br\/blog\/edital-setec-campinas\/\",\"name\":\"Edital SETEC Campinas: inscri\u00e7\u00f5es REABERTAS com oferta de 32 vagas\",\"isPartOf\":{\"@id\":\"https:\/\/www.estrategiaconcursos.com.br\/blog\/#website\"},\"primaryImageOfPage\":{\"@id\":\"https:\/\/www.estrategiaconcursos.com.br\/blog\/edital-setec-campinas\/#primaryimage\"},\"image\":{\"@id\":\"https:\/\/www.estrategiaconcursos.com.br\/blog\/edital-setec-campinas\/#primaryimage\"},\"thumbnailUrl\":\"https:\/\/dhg1h5j42swfq.cloudfront.net\/2020\/03\/07112747\/SETEC_CAMPINAS.jpg\",\"datePublished\":\"2020-02-08T12:00:00+00:00\",\"dateModified\":\"2021-02-08T12:24:43+00:00\",\"description\":\"Edital SETEC Campinas: inscri\u00e7\u00f5es REABERTAS com oferta de 32 vagas distribu\u00eddas entre diversos cargos. Acesse e saiba mais!\",\"breadcrumb\":{\"@id\":\"https:\/\/www.estrategiaconcursos.com.br\/blog\/edital-setec-campinas\/#breadcrumb\"},\"inLanguage\":\"pt-BR\",\"potentialAction\":[{\"@type\":\"ReadAction\",\"target\":[\"https:\/\/www.estrategiaconcursos.com.br\/blog\/edital-setec-campinas\/\"]}]},{\"@type\":\"ImageObject\",\"inLanguage\":\"pt-BR\",\"@id\":\"https:\/\/www.estrategiaconcursos.com.br\/blog\/edital-setec-campinas\/#primaryimage\",\"url\":\"https:\/\/dhg1h5j42swfq.cloudfront.net\/2020\/03\/07112747\/SETEC_CAMPINAS.jpg\",\"contentUrl\":\"https:\/\/dhg1h5j42swfq.cloudfront.net\/2020\/03\/07112747\/SETEC_CAMPINAS.jpg\",\"width\":1200,\"height\":628,\"caption\":\"Provas SETEC Campinas\"},{\"@type\":\"BreadcrumbList\",\"@id\":\"https:\/\/www.estrategiaconcursos.com.br\/blog\/edital-setec-campinas\/#breadcrumb\",\"itemListElement\":[{\"@type\":\"ListItem\",\"position\":1,\"name\":\"In\u00edcio\",\"item\":\"https:\/\/www.estrategiaconcursos.com.br\/blog\/\"},{\"@type\":\"ListItem\",\"position\":2,\"name\":\"Edital SETEC Campinas: inscri\u00e7\u00f5es REABERTAS com oferta de 32 vagas\"}]},{\"@type\":\"WebSite\",\"@id\":\"https:\/\/www.estrategiaconcursos.com.br\/blog\/#website\",\"url\":\"https:\/\/www.estrategiaconcursos.com.br\/blog\/\",\"name\":\"Estrat\u00e9gia Concursos\",\"description\":\"O blog da Estrat\u00e9gia Concursos traz not\u00edcias sobre concursos e artigos de professores oferecendo cursos para concursos (pdf + videaulas) no site.\",\"publisher\":{\"@id\":\"https:\/\/www.estrategiaconcursos.com.br\/blog\/#organization\"},\"potentialAction\":[{\"@type\":\"SearchAction\",\"target\":{\"@type\":\"EntryPoint\",\"urlTemplate\":\"https:\/\/www.estrategiaconcursos.com.br\/blog\/?s={search_term_string}\"},\"query-input\":{\"@type\":\"PropertyValueSpecification\",\"valueRequired\":true,\"valueName\":\"search_term_string\"}}],\"inLanguage\":\"pt-BR\"},{\"@type\":\"Organization\",\"@id\":\"https:\/\/www.estrategiaconcursos.com.br\/blog\/#organization\",\"name\":\"Estrat\u00e9gia Concursos\",\"url\":\"https:\/\/www.estrategiaconcursos.com.br\/blog\/\",\"logo\":{\"@type\":\"ImageObject\",\"inLanguage\":\"pt-BR\",\"@id\":\"https:\/\/www.estrategiaconcursos.com.br\/blog\/#\/schema\/logo\/image\/\",\"url\":\"https:\/\/dhg1h5j42swfq.cloudfront.net\/2025\/06\/03203428\/logo_concursos-1.jpg\",\"contentUrl\":\"https:\/\/dhg1h5j42swfq.cloudfront.net\/2025\/06\/03203428\/logo_concursos-1.jpg\",\"width\":230,\"height\":60,\"caption\":\"Estrat\u00e9gia Concursos\"},\"image\":{\"@id\":\"https:\/\/www.estrategiaconcursos.com.br\/blog\/#\/schema\/logo\/image\/\"},\"sameAs\":[\"https:\/\/x.com\/EstratConcursos\"]},{\"@type\":\"Person\",\"@id\":\"https:\/\/www.estrategiaconcursos.com.br\/blog\/#\/schema\/person\/b4a388c97673c5f483d72185668afa1f\",\"name\":\"Coordena\u00e7\u00e3o\",\"image\":{\"@type\":\"ImageObject\",\"inLanguage\":\"pt-BR\",\"@id\":\"https:\/\/secure.gravatar.com\/avatar\/b720319e4c9a967eb58678d110f4fe35452fc5d5f97b202bac7b8acceb18c6ad?s=96&d=mm&r=g\",\"url\":\"https:\/\/secure.gravatar.com\/avatar\/b720319e4c9a967eb58678d110f4fe35452fc5d5f97b202bac7b8acceb18c6ad?s=96&d=mm&r=g\",\"contentUrl\":\"https:\/\/secure.gravatar.com\/avatar\/b720319e4c9a967eb58678d110f4fe35452fc5d5f97b202bac7b8acceb18c6ad?s=96&d=mm&r=g\",\"caption\":\"Coordena\u00e7\u00e3o\"},\"sameAs\":[\"https:\/\/www.facebook.com\/EstrategiaConcursos\",\"https:\/\/x.com\/EstratConcursos\"],\"url\":\"https:\/\/www.estrategiaconcursos.com.br\/blog\/author\/estrategia2013\/\"}]}<\/script>\n<!-- \/ Yoast SEO Premium plugin. -->","yoast_head_json":{"title":"Edital SETEC Campinas: inscri\u00e7\u00f5es REABERTAS com oferta de 32 vagas","description":"Edital SETEC Campinas: inscri\u00e7\u00f5es REABERTAS com oferta de 32 vagas distribu\u00eddas entre diversos cargos. Acesse e saiba mais!","robots":{"index":"index","follow":"follow","max-snippet":"max-snippet:-1","max-image-preview":"max-image-preview:large","max-video-preview":"max-video-preview:-1"},"canonical":"https:\/\/www.estrategiaconcursos.com.br\/blog\/edital-setec-campinas\/","og_locale":"pt_BR","og_type":"article","og_title":"Edital SETEC Campinas: inscri\u00e7\u00f5es REABERTAS com oferta de 32 vagas","og_description":"Edital SETEC Campinas: inscri\u00e7\u00f5es REABERTAS com oferta de 32 vagas distribu\u00eddas entre diversos cargos. Acesse e saiba mais!","og_url":"https:\/\/www.estrategiaconcursos.com.br\/blog\/edital-setec-campinas\/","og_site_name":"Estrat\u00e9gia Concursos","article_author":"https:\/\/www.facebook.com\/EstrategiaConcursos","article_published_time":"2020-02-08T12:00:00+00:00","article_modified_time":"2021-02-08T12:24:43+00:00","og_image":[{"width":1200,"height":628,"url":"https:\/\/dhg1h5j42swfq.cloudfront.net\/2020\/03\/07112747\/SETEC_CAMPINAS.jpg","type":"image\/jpeg"}],"author":"Coordena\u00e7\u00e3o","twitter_card":"summary_large_image","twitter_creator":"@EstratConcursos","twitter_site":"@EstratConcursos","twitter_misc":{"Escrito por":"Coordena\u00e7\u00e3o","Est. tempo de leitura":"5 minutos"},"schema":{"@context":"https:\/\/schema.org","@graph":[{"@type":"NewsArticle","@id":"https:\/\/www.estrategiaconcursos.com.br\/blog\/edital-setec-campinas\/#article","isPartOf":{"@id":"https:\/\/www.estrategiaconcursos.com.br\/blog\/edital-setec-campinas\/"},"author":{"name":"Coordena\u00e7\u00e3o","@id":"https:\/\/www.estrategiaconcursos.com.br\/blog\/#\/schema\/person\/b4a388c97673c5f483d72185668afa1f"},"headline":"Edital SETEC Campinas: inscri\u00e7\u00f5es REABERTAS com oferta de 32 vagas","datePublished":"2020-02-08T12:00:00+00:00","dateModified":"2021-02-08T12:24:43+00:00","mainEntityOfPage":{"@id":"https:\/\/www.estrategiaconcursos.com.br\/blog\/edital-setec-campinas\/"},"wordCount":971,"commentCount":2,"publisher":{"@id":"https:\/\/www.estrategiaconcursos.com.br\/blog\/#organization"},"image":{"@id":"https:\/\/www.estrategiaconcursos.com.br\/blog\/edital-setec-campinas\/#primaryimage"},"thumbnailUrl":"https:\/\/dhg1h5j42swfq.cloudfront.net\/2020\/03\/07112747\/SETEC_CAMPINAS.jpg","articleSection":["Executivo (Administrativa)"],"inLanguage":"pt-BR","potentialAction":[{"@type":"CommentAction","name":"Comment","target":["https:\/\/www.estrategiaconcursos.com.br\/blog\/edital-setec-campinas\/#respond"]}],"copyrightYear":"2020","copyrightHolder":{"@id":"https:\/\/www.estrategiaconcursos.com.br\/blog\/#organization"}},{"@type":"WebPage","@id":"https:\/\/www.estrategiaconcursos.com.br\/blog\/edital-setec-campinas\/","url":"https:\/\/www.estrategiaconcursos.com.br\/blog\/edital-setec-campinas\/","name":"Edital SETEC Campinas: inscri\u00e7\u00f5es REABERTAS com oferta de 32 vagas","isPartOf":{"@id":"https:\/\/www.estrategiaconcursos.com.br\/blog\/#website"},"primaryImageOfPage":{"@id":"https:\/\/www.estrategiaconcursos.com.br\/blog\/edital-setec-campinas\/#primaryimage"},"image":{"@id":"https:\/\/www.estrategiaconcursos.com.br\/blog\/edital-setec-campinas\/#primaryimage"},"thumbnailUrl":"https:\/\/dhg1h5j42swfq.cloudfront.net\/2020\/03\/07112747\/SETEC_CAMPINAS.jpg","datePublished":"2020-02-08T12:00:00+00:00","dateModified":"2021-02-08T12:24:43+00:00","description":"Edital SETEC Campinas: inscri\u00e7\u00f5es REABERTAS com oferta de 32 vagas distribu\u00eddas entre diversos cargos. Acesse e saiba mais!","breadcrumb":{"@id":"https:\/\/www.estrategiaconcursos.com.br\/blog\/edital-setec-campinas\/#breadcrumb"},"inLanguage":"pt-BR","potentialAction":[{"@type":"ReadAction","target":["https:\/\/www.estrategiaconcursos.com.br\/blog\/edital-setec-campinas\/"]}]},{"@type":"ImageObject","inLanguage":"pt-BR","@id":"https:\/\/www.estrategiaconcursos.com.br\/blog\/edital-setec-campinas\/#primaryimage","url":"https:\/\/dhg1h5j42swfq.cloudfront.net\/2020\/03\/07112747\/SETEC_CAMPINAS.jpg","contentUrl":"https:\/\/dhg1h5j42swfq.cloudfront.net\/2020\/03\/07112747\/SETEC_CAMPINAS.jpg","width":1200,"height":628,"caption":"Provas SETEC Campinas"},{"@type":"BreadcrumbList","@id":"https:\/\/www.estrategiaconcursos.com.br\/blog\/edital-setec-campinas\/#breadcrumb","itemListElement":[{"@type":"ListItem","position":1,"name":"In\u00edcio","item":"https:\/\/www.estrategiaconcursos.com.br\/blog\/"},{"@type":"ListItem","position":2,"name":"Edital SETEC Campinas: inscri\u00e7\u00f5es REABERTAS com oferta de 32 vagas"}]},{"@type":"WebSite","@id":"https:\/\/www.estrategiaconcursos.com.br\/blog\/#website","url":"https:\/\/www.estrategiaconcursos.com.br\/blog\/","name":"Estrat\u00e9gia Concursos","description":"O blog da Estrat\u00e9gia Concursos traz not\u00edcias sobre concursos e artigos de professores oferecendo cursos para concursos (pdf + videaulas) no site.","publisher":{"@id":"https:\/\/www.estrategiaconcursos.com.br\/blog\/#organization"},"potentialAction":[{"@type":"SearchAction","target":{"@type":"EntryPoint","urlTemplate":"https:\/\/www.estrategiaconcursos.com.br\/blog\/?s={search_term_string}"},"query-input":{"@type":"PropertyValueSpecification","valueRequired":true,"valueName":"search_term_string"}}],"inLanguage":"pt-BR"},{"@type":"Organization","@id":"https:\/\/www.estrategiaconcursos.com.br\/blog\/#organization","name":"Estrat\u00e9gia Concursos","url":"https:\/\/www.estrategiaconcursos.com.br\/blog\/","logo":{"@type":"ImageObject","inLanguage":"pt-BR","@id":"https:\/\/www.estrategiaconcursos.com.br\/blog\/#\/schema\/logo\/image\/","url":"https:\/\/dhg1h5j42swfq.cloudfront.net\/2025\/06\/03203428\/logo_concursos-1.jpg","contentUrl":"https:\/\/dhg1h5j42swfq.cloudfront.net\/2025\/06\/03203428\/logo_concursos-1.jpg","width":230,"height":60,"caption":"Estrat\u00e9gia Concursos"},"image":{"@id":"https:\/\/www.estrategiaconcursos.com.br\/blog\/#\/schema\/logo\/image\/"},"sameAs":["https:\/\/x.com\/EstratConcursos"]},{"@type":"Person","@id":"https:\/\/www.estrategiaconcursos.com.br\/blog\/#\/schema\/person\/b4a388c97673c5f483d72185668afa1f","name":"Coordena\u00e7\u00e3o","image":{"@type":"ImageObject","inLanguage":"pt-BR","@id":"https:\/\/secure.gravatar.com\/avatar\/b720319e4c9a967eb58678d110f4fe35452fc5d5f97b202bac7b8acceb18c6ad?s=96&d=mm&r=g","url":"https:\/\/secure.gravatar.com\/avatar\/b720319e4c9a967eb58678d110f4fe35452fc5d5f97b202bac7b8acceb18c6ad?s=96&d=mm&r=g","contentUrl":"https:\/\/secure.gravatar.com\/avatar\/b720319e4c9a967eb58678d110f4fe35452fc5d5f97b202bac7b8acceb18c6ad?s=96&d=mm&r=g","caption":"Coordena\u00e7\u00e3o"},"sameAs":["https:\/\/www.facebook.com\/EstrategiaConcursos","https:\/\/x.com\/EstratConcursos"],"url":"https:\/\/www.estrategiaconcursos.com.br\/blog\/author\/estrategia2013\/"}]}},"_links":{"self":[{"href":"https:\/\/www.estrategiaconcursos.com.br\/blog\/wp-json\/wp\/v2\/posts\/490397","targetHints":{"allow":["GET"]}}],"collection":[{"href":"https:\/\/www.estrategiaconcursos.com.br\/blog\/wp-json\/wp\/v2\/posts"}],"about":[{"href":"https:\/\/www.estrategiaconcursos.com.br\/blog\/wp-json\/wp\/v2\/types\/post"}],"author":[{"embeddable":true,"href":"https:\/\/www.estrategiaconcursos.com.br\/blog\/wp-json\/wp\/v2\/users\/1"}],"replies":[{"embeddable":true,"href":"https:\/\/www.estrategiaconcursos.com.br\/blog\/wp-json\/wp\/v2\/comments?post=490397"}],"version-history":[{"count":19,"href":"https:\/\/www.estrategiaconcursos.com.br\/blog\/wp-json\/wp\/v2\/posts\/490397\/revisions"}],"predecessor-version":[{"id":667563,"href":"https:\/\/www.estrategiaconcursos.com.br\/blog\/wp-json\/wp\/v2\/posts\/490397\/revisions\/667563"}],"wp:featuredmedia":[{"embeddable":true,"href":"https:\/\/www.estrategiaconcursos.com.br\/blog\/wp-json\/wp\/v2\/media\/489627"}],"wp:attachment":[{"href":"https:\/\/www.estrategiaconcursos.com.br\/blog\/wp-json\/wp\/v2\/media?parent=490397"}],"wp:term":[{"taxonomy":"category","embeddable":true,"href":"https:\/\/www.estrategiaconcursos.com.br\/blog\/wp-json\/wp\/v2\/categories?post=490397"},{"taxonomy":"post_tag","embeddable":true,"href":"https:\/\/www.estrategiaconcursos.com.br\/blog\/wp-json\/wp\/v2\/tags?post=490397"},{"taxonomy":"tax_estado","embeddable":true,"href":"https:\/\/www.estrategiaconcursos.com.br\/blog\/wp-json\/wp\/v2\/tax_estado?post=490397"}],"curies":[{"name":"wp","href":"https:\/\/api.w.org\/{rel}","templated":true}]}}