{"id":490162,"date":"2020-03-09T21:07:09","date_gmt":"2020-03-10T00:07:09","guid":{"rendered":"https:\/\/www.estrategiaconcursos.com.br\/blog\/?p=490162"},"modified":"2020-05-06T14:32:25","modified_gmt":"2020-05-06T17:32:25","slug":"concurso-pcdf-escrivao-tema-de-redacao-95","status":"publish","type":"post","link":"https:\/\/www.estrategiaconcursos.com.br\/blog\/concurso-pcdf-escrivao-tema-de-redacao-95\/","title":{"rendered":"Concurso PCDF Escriv\u00e3o: Tema de Reda\u00e7\u00e3o 95"},"content":{"rendered":"\n<p>Oi, oi, oi! O assunto hoje \u00e9 certeiro: o que faz a pol\u00edcia civil do DF? Vamos de tema de reda\u00e7\u00e3o para o Concurso PCDF Escriv\u00e3o! <\/p>\n\n\n\n<p class=\"has-text-align-center\"><strong>Proposta de Reda\u00e7\u00e3o 95<\/strong><\/p>\n\n\n\n<p>Em 1808, o Pr\u00edncipe Regente Dom Jo\u00e3o VI,\npreocupado com a seguran\u00e7a da corte diante de uma poss\u00edvel dissemina\u00e7\u00e3o das\nid\u00e9ias liberais francesas, criou o cargo de intendente-geral de Pol\u00edcia da\nCorte e do Estado do Brasil, similar ao de Portugal, conforme estabelecido no\nAlvar\u00e1 de 10 de maio daquele ano.<\/p>\n\n\n\n<p>O cargo de primeiro Intendente-Geral de\nPol\u00edcia foi ocupado pelo Desembargador Paulo Fernandes Viana, Ouvidor-Geral do\nCrime e membro da ordem de Cristo, considerado o fundador da Pol\u00edcia Civil no\nBrasil. Ao criar a Intend\u00eancia-Geral de Pol\u00edcia da Corte e do Estado do Brasil,\no Pr\u00edncipe regente, em um s\u00f3 ato, instituiu a Pol\u00edcia da Capital e a Pol\u00edcia do\nPa\u00eds. A cria\u00e7\u00e3o da Intend\u00eancia-Geral de Pol\u00edcia \u00e9 considerada o marco hist\u00f3rico\nda Pol\u00edcia no Brasil, sendo compartilhado pela Pol\u00edcia Civil do Estado do Rio\nde Janeiro e pela Pol\u00edcia Civil do Distrito Federal.<\/p>\n\n\n\n<p>Historicamente, a institui\u00e7\u00e3o passou por\ndiversas transforma\u00e7\u00f5es. Em 1830, o C\u00f3digo Criminal do Imp\u00e9rio do Brasil,\nestabeleceu em cada munic\u00edpio e prov\u00edncia da Corte, o cargo de Chefe de\nPol\u00edcia, auxiliado por delegados e subdelegados. Em 1871, foi criado o\nInqu\u00e9rito Policial, sendo institu\u00eddo, como requisito para o exerc\u00edcio do cargo\nde Chefe de Pol\u00edcia, o &#8220;not\u00e1vel saber jur\u00eddico&#8221;. Com a Proclama\u00e7\u00e3o da\nRep\u00fablica, em 1889, os servi\u00e7os de pol\u00edcia passaram a ser regulamentados por\nleis estaduais, sendo que, em 1902, o Presidente da Rep\u00fablica, Rodrigues Alves,\nreformou o servi\u00e7o policial da capital, denominando-o Pol\u00edcia Civil do Distrito\nFederal. O Presidente da Rep\u00fablica Eurico Gaspar Dutra, em 1946, instituiu 21\nde abril como dia das pol\u00edcias Civis e militares e, como patrono da\ninstitui\u00e7\u00e3o, o Alferes Joaquim Jos\u00e9 da Silva Xavier, o Tiradentes. No decorrer\ndo governo Vargas, a pol\u00edcia Civil do Distrito Federal foi transformada em\nDepartamento Federal de Seguran\u00e7a p\u00fablica \u2013 DFSP, que no governo Juscelino Kubitschek,\ncom a mudan\u00e7a da Capital Federal, transferiu sua sede para Bras\u00edlia e\nincorporou servidores da Guarda Especial de Bras\u00edlia \u2013 GEB.<\/p>\n\n\n\n<p>Durante o governo Castelo Branco, em 1964, o\nDFSP foi reorganizado, sendo acrescida \u00e0 sua estrutura a Pol\u00edcia do Distrito\nFederal, que contava com a Divis\u00e3o de Pol\u00edcia Judici\u00e1ria \u2013 DPJ. Em 1965, foram\npromovidas altera\u00e7\u00f5es adicionais, em especial a implanta\u00e7\u00e3o do Regime Jur\u00eddico\ndos Policiais Civis da Uni\u00e3o e do Distrito Federal, iniciando a era\ncontempor\u00e2nea da pol\u00edcia Civil do Distrito Federal. O Regime jur\u00eddico definiu\n21 de abril como dia do Funcion\u00e1rio Policial Civil.<\/p>\n\n\n\n<p>Atualmente, as pol\u00edcias civis s\u00e3o dirigidas\npor delegados de pol\u00edcia de carreira e possuem a incumb\u00eancia, ressalvada a\ncompet\u00eancia da uni\u00e3o, de exercer as fun\u00e7\u00f5es de pol\u00edcia judici\u00e1ria e a apura\u00e7\u00e3o\nde infra\u00e7\u00f5es penais, exceto as militares, conforme estabelecido na Constitui\u00e7\u00e3o\nFederal.<\/p>\n\n\n\n<p>Fonte: <a href=\"https:\/\/www.pcdf.df.gov.br\/institucional\/historia-da-policia-civil-do-distrito-federal\">https:\/\/www.pcdf.df.gov.br\/institucional\/historia-da-policia-civil-do-distrito-federal<\/a>\n<\/p>\n\n\n\n<p>Tendo o texto acima apenas como motivador,\ndesenvolva uma disserta\u00e7\u00e3o sobre o tema: <\/p>\n\n\n\n<p class=\"has-text-align-center\"><strong>A Pol\u00edcia Civil como baluarte na defesa dos direitos humanos<\/strong><\/p>\n\n\n\n<p>Para o seu texto, aborde, obrigatoriamente, os\nseguintes aspectos: <\/p>\n\n\n\n<ol class=\"wp-block-list\"><li>Discorra sobre as compet\u00eancias da Pol\u00edcia Civil do Distrito\n     Federal [9,00]<\/li><li>Comente acerca da rela\u00e7\u00e3o entre pol\u00edcia judici\u00e1ria e pol\u00edcia civil\n     [10,00]<\/li><li>Mencione alguns exemplos de atribui\u00e7\u00f5es da PCDF [10,00] <\/li><\/ol>\n\n\n\n<p>Abra\u00e7os, <\/p>\n\n\n\n<p>Janaina Arruda (@profa.janaina.arruda) <\/p>\n","protected":false},"excerpt":{"rendered":"<p>Oi, oi, oi! O assunto hoje \u00e9 certeiro: o que faz a pol\u00edcia civil do DF? Vamos de tema de reda\u00e7\u00e3o para o Concurso PCDF Escriv\u00e3o! Proposta de Reda\u00e7\u00e3o 95 Em 1808, o Pr\u00edncipe Regente Dom Jo\u00e3o VI, preocupado com a seguran\u00e7a da corte diante de uma poss\u00edvel dissemina\u00e7\u00e3o das id\u00e9ias liberais francesas, criou o [&hellip;]<\/p>\n","protected":false},"author":1430,"featured_media":0,"comment_status":"open","ping_status":"closed","sticky":false,"template":"","format":"standard","meta":{"post_tipo":"article","footnotes":""},"categories":[1],"tags":[],"tax_estado":[],"class_list":["post-490162","post","type-post","status-publish","format-standard","hentry","category-cursos-e-concursos"],"acf":[],"yoast_head":"<!-- This site is optimized with the Yoast SEO Premium plugin v27.2 (Yoast SEO v27.2) - https:\/\/yoast.com\/product\/yoast-seo-premium-wordpress\/ -->\n<title>Concurso PCDF Escriv\u00e3o: Tema de Reda\u00e7\u00e3o 95 Concurso PCDF Escriv\u00e3o<\/title>\n<meta name=\"description\" content=\"O assunto hoje \u00e9 certeiro: o que faz a pol\u00edcia civil do DF? Vamos de tema de reda\u00e7\u00e3o para o Concurso PCDF Escriv\u00e3o!\" \/>\n<meta name=\"robots\" content=\"index, follow, max-snippet:-1, max-image-preview:large, max-video-preview:-1\" \/>\n<link rel=\"canonical\" href=\"https:\/\/www.estrategiaconcursos.com.br\/blog\/concurso-pcdf-escrivao-tema-de-redacao-95\/\" \/>\n<meta property=\"og:locale\" content=\"pt_BR\" \/>\n<meta property=\"og:type\" content=\"article\" \/>\n<meta property=\"og:title\" content=\"Concurso PCDF Escriv\u00e3o: Tema de Reda\u00e7\u00e3o 95\" \/>\n<meta property=\"og:description\" content=\"O assunto hoje \u00e9 certeiro: o que faz a pol\u00edcia civil do DF? Vamos de tema de reda\u00e7\u00e3o para o Concurso PCDF Escriv\u00e3o!\" \/>\n<meta property=\"og:url\" content=\"https:\/\/www.estrategiaconcursos.com.br\/blog\/concurso-pcdf-escrivao-tema-de-redacao-95\/\" \/>\n<meta property=\"og:site_name\" content=\"Estrat\u00e9gia Concursos\" \/>\n<meta property=\"article:published_time\" content=\"2020-03-10T00:07:09+00:00\" \/>\n<meta property=\"article:modified_time\" content=\"2020-05-06T17:32:25+00:00\" \/>\n<meta name=\"author\" content=\"Janaina Arruda\" \/>\n<meta name=\"twitter:card\" content=\"summary_large_image\" \/>\n<meta name=\"twitter:creator\" content=\"@EstratConcursos\" \/>\n<meta name=\"twitter:site\" content=\"@EstratConcursos\" \/>\n<meta name=\"twitter:label1\" content=\"Escrito por\" \/>\n\t<meta name=\"twitter:data1\" content=\"Janaina Arruda\" \/>\n\t<meta name=\"twitter:label2\" content=\"Est. tempo de leitura\" \/>\n\t<meta name=\"twitter:data2\" content=\"3 minutos\" \/>\n<script type=\"application\/ld+json\" class=\"yoast-schema-graph\">{\"@context\":\"https:\/\/schema.org\",\"@graph\":[{\"@type\":\"NewsArticle\",\"@id\":\"https:\/\/www.estrategiaconcursos.com.br\/blog\/concurso-pcdf-escrivao-tema-de-redacao-95\/#article\",\"isPartOf\":{\"@id\":\"https:\/\/www.estrategiaconcursos.com.br\/blog\/concurso-pcdf-escrivao-tema-de-redacao-95\/\"},\"author\":{\"name\":\"Janaina Arruda\",\"@id\":\"https:\/\/www.estrategiaconcursos.com.br\/blog\/#\/schema\/person\/f2fb305e65e771b216148107c0d96d68\"},\"headline\":\"Concurso PCDF Escriv\u00e3o: Tema de Reda\u00e7\u00e3o 95\",\"datePublished\":\"2020-03-10T00:07:09+00:00\",\"dateModified\":\"2020-05-06T17:32:25+00:00\",\"mainEntityOfPage\":{\"@id\":\"https:\/\/www.estrategiaconcursos.com.br\/blog\/concurso-pcdf-escrivao-tema-de-redacao-95\/\"},\"wordCount\":626,\"commentCount\":0,\"publisher\":{\"@id\":\"https:\/\/www.estrategiaconcursos.com.br\/blog\/#organization\"},\"articleSection\":[\"Concursos P\u00fablicos\"],\"inLanguage\":\"pt-BR\",\"potentialAction\":[{\"@type\":\"CommentAction\",\"name\":\"Comment\",\"target\":[\"https:\/\/www.estrategiaconcursos.com.br\/blog\/concurso-pcdf-escrivao-tema-de-redacao-95\/#respond\"]}],\"copyrightYear\":\"2020\",\"copyrightHolder\":{\"@id\":\"https:\/\/www.estrategiaconcursos.com.br\/blog\/#organization\"}},{\"@type\":\"WebPage\",\"@id\":\"https:\/\/www.estrategiaconcursos.com.br\/blog\/concurso-pcdf-escrivao-tema-de-redacao-95\/\",\"url\":\"https:\/\/www.estrategiaconcursos.com.br\/blog\/concurso-pcdf-escrivao-tema-de-redacao-95\/\",\"name\":\"Concurso PCDF Escriv\u00e3o: Tema de Reda\u00e7\u00e3o 95 Concurso PCDF Escriv\u00e3o\",\"isPartOf\":{\"@id\":\"https:\/\/www.estrategiaconcursos.com.br\/blog\/#website\"},\"datePublished\":\"2020-03-10T00:07:09+00:00\",\"dateModified\":\"2020-05-06T17:32:25+00:00\",\"description\":\"O assunto hoje \u00e9 certeiro: o que faz a pol\u00edcia civil do DF? Vamos de tema de reda\u00e7\u00e3o para o Concurso PCDF Escriv\u00e3o!\",\"breadcrumb\":{\"@id\":\"https:\/\/www.estrategiaconcursos.com.br\/blog\/concurso-pcdf-escrivao-tema-de-redacao-95\/#breadcrumb\"},\"inLanguage\":\"pt-BR\",\"potentialAction\":[{\"@type\":\"ReadAction\",\"target\":[\"https:\/\/www.estrategiaconcursos.com.br\/blog\/concurso-pcdf-escrivao-tema-de-redacao-95\/\"]}]},{\"@type\":\"BreadcrumbList\",\"@id\":\"https:\/\/www.estrategiaconcursos.com.br\/blog\/concurso-pcdf-escrivao-tema-de-redacao-95\/#breadcrumb\",\"itemListElement\":[{\"@type\":\"ListItem\",\"position\":1,\"name\":\"In\u00edcio\",\"item\":\"https:\/\/www.estrategiaconcursos.com.br\/blog\/\"},{\"@type\":\"ListItem\",\"position\":2,\"name\":\"Concurso PCDF Escriv\u00e3o: Tema de Reda\u00e7\u00e3o 95\"}]},{\"@type\":\"WebSite\",\"@id\":\"https:\/\/www.estrategiaconcursos.com.br\/blog\/#website\",\"url\":\"https:\/\/www.estrategiaconcursos.com.br\/blog\/\",\"name\":\"Estrat\u00e9gia Concursos\",\"description\":\"O blog da Estrat\u00e9gia Concursos traz not\u00edcias sobre concursos e artigos de professores oferecendo cursos para concursos (pdf + videaulas) no site.\",\"publisher\":{\"@id\":\"https:\/\/www.estrategiaconcursos.com.br\/blog\/#organization\"},\"potentialAction\":[{\"@type\":\"SearchAction\",\"target\":{\"@type\":\"EntryPoint\",\"urlTemplate\":\"https:\/\/www.estrategiaconcursos.com.br\/blog\/?s={search_term_string}\"},\"query-input\":{\"@type\":\"PropertyValueSpecification\",\"valueRequired\":true,\"valueName\":\"search_term_string\"}}],\"inLanguage\":\"pt-BR\"},{\"@type\":\"Organization\",\"@id\":\"https:\/\/www.estrategiaconcursos.com.br\/blog\/#organization\",\"name\":\"Estrat\u00e9gia Concursos\",\"url\":\"https:\/\/www.estrategiaconcursos.com.br\/blog\/\",\"logo\":{\"@type\":\"ImageObject\",\"inLanguage\":\"pt-BR\",\"@id\":\"https:\/\/www.estrategiaconcursos.com.br\/blog\/#\/schema\/logo\/image\/\",\"url\":\"https:\/\/dhg1h5j42swfq.cloudfront.net\/2025\/06\/03203428\/logo_concursos-1.jpg\",\"contentUrl\":\"https:\/\/dhg1h5j42swfq.cloudfront.net\/2025\/06\/03203428\/logo_concursos-1.jpg\",\"width\":230,\"height\":60,\"caption\":\"Estrat\u00e9gia Concursos\"},\"image\":{\"@id\":\"https:\/\/www.estrategiaconcursos.com.br\/blog\/#\/schema\/logo\/image\/\"},\"sameAs\":[\"https:\/\/x.com\/EstratConcursos\"]},{\"@type\":\"Person\",\"@id\":\"https:\/\/www.estrategiaconcursos.com.br\/blog\/#\/schema\/person\/f2fb305e65e771b216148107c0d96d68\",\"name\":\"Janaina Arruda\",\"image\":{\"@type\":\"ImageObject\",\"inLanguage\":\"pt-BR\",\"@id\":\"https:\/\/secure.gravatar.com\/avatar\/9377d341617569b19a8eb58b32e54c10304cac645ab0cef38c66bfa34f77bdc6?s=96&d=mm&r=g\",\"url\":\"https:\/\/secure.gravatar.com\/avatar\/9377d341617569b19a8eb58b32e54c10304cac645ab0cef38c66bfa34f77bdc6?s=96&d=mm&r=g\",\"contentUrl\":\"https:\/\/secure.gravatar.com\/avatar\/9377d341617569b19a8eb58b32e54c10304cac645ab0cef38c66bfa34f77bdc6?s=96&d=mm&r=g\",\"caption\":\"Janaina Arruda\"},\"url\":\"https:\/\/www.estrategiaconcursos.com.br\/blog\/author\/arruda-janhotmail-com\/\"}]}<\/script>\n<!-- \/ Yoast SEO Premium plugin. -->","yoast_head_json":{"title":"Concurso PCDF Escriv\u00e3o: Tema de Reda\u00e7\u00e3o 95 Concurso PCDF Escriv\u00e3o","description":"O assunto hoje \u00e9 certeiro: o que faz a pol\u00edcia civil do DF? Vamos de tema de reda\u00e7\u00e3o para o Concurso PCDF Escriv\u00e3o!","robots":{"index":"index","follow":"follow","max-snippet":"max-snippet:-1","max-image-preview":"max-image-preview:large","max-video-preview":"max-video-preview:-1"},"canonical":"https:\/\/www.estrategiaconcursos.com.br\/blog\/concurso-pcdf-escrivao-tema-de-redacao-95\/","og_locale":"pt_BR","og_type":"article","og_title":"Concurso PCDF Escriv\u00e3o: Tema de Reda\u00e7\u00e3o 95","og_description":"O assunto hoje \u00e9 certeiro: o que faz a pol\u00edcia civil do DF? Vamos de tema de reda\u00e7\u00e3o para o Concurso PCDF Escriv\u00e3o!","og_url":"https:\/\/www.estrategiaconcursos.com.br\/blog\/concurso-pcdf-escrivao-tema-de-redacao-95\/","og_site_name":"Estrat\u00e9gia Concursos","article_published_time":"2020-03-10T00:07:09+00:00","article_modified_time":"2020-05-06T17:32:25+00:00","author":"Janaina Arruda","twitter_card":"summary_large_image","twitter_creator":"@EstratConcursos","twitter_site":"@EstratConcursos","twitter_misc":{"Escrito por":"Janaina Arruda","Est. tempo de leitura":"3 minutos"},"schema":{"@context":"https:\/\/schema.org","@graph":[{"@type":"NewsArticle","@id":"https:\/\/www.estrategiaconcursos.com.br\/blog\/concurso-pcdf-escrivao-tema-de-redacao-95\/#article","isPartOf":{"@id":"https:\/\/www.estrategiaconcursos.com.br\/blog\/concurso-pcdf-escrivao-tema-de-redacao-95\/"},"author":{"name":"Janaina Arruda","@id":"https:\/\/www.estrategiaconcursos.com.br\/blog\/#\/schema\/person\/f2fb305e65e771b216148107c0d96d68"},"headline":"Concurso PCDF Escriv\u00e3o: Tema de Reda\u00e7\u00e3o 95","datePublished":"2020-03-10T00:07:09+00:00","dateModified":"2020-05-06T17:32:25+00:00","mainEntityOfPage":{"@id":"https:\/\/www.estrategiaconcursos.com.br\/blog\/concurso-pcdf-escrivao-tema-de-redacao-95\/"},"wordCount":626,"commentCount":0,"publisher":{"@id":"https:\/\/www.estrategiaconcursos.com.br\/blog\/#organization"},"articleSection":["Concursos P\u00fablicos"],"inLanguage":"pt-BR","potentialAction":[{"@type":"CommentAction","name":"Comment","target":["https:\/\/www.estrategiaconcursos.com.br\/blog\/concurso-pcdf-escrivao-tema-de-redacao-95\/#respond"]}],"copyrightYear":"2020","copyrightHolder":{"@id":"https:\/\/www.estrategiaconcursos.com.br\/blog\/#organization"}},{"@type":"WebPage","@id":"https:\/\/www.estrategiaconcursos.com.br\/blog\/concurso-pcdf-escrivao-tema-de-redacao-95\/","url":"https:\/\/www.estrategiaconcursos.com.br\/blog\/concurso-pcdf-escrivao-tema-de-redacao-95\/","name":"Concurso PCDF Escriv\u00e3o: Tema de Reda\u00e7\u00e3o 95 Concurso PCDF Escriv\u00e3o","isPartOf":{"@id":"https:\/\/www.estrategiaconcursos.com.br\/blog\/#website"},"datePublished":"2020-03-10T00:07:09+00:00","dateModified":"2020-05-06T17:32:25+00:00","description":"O assunto hoje \u00e9 certeiro: o que faz a pol\u00edcia civil do DF? Vamos de tema de reda\u00e7\u00e3o para o Concurso PCDF Escriv\u00e3o!","breadcrumb":{"@id":"https:\/\/www.estrategiaconcursos.com.br\/blog\/concurso-pcdf-escrivao-tema-de-redacao-95\/#breadcrumb"},"inLanguage":"pt-BR","potentialAction":[{"@type":"ReadAction","target":["https:\/\/www.estrategiaconcursos.com.br\/blog\/concurso-pcdf-escrivao-tema-de-redacao-95\/"]}]},{"@type":"BreadcrumbList","@id":"https:\/\/www.estrategiaconcursos.com.br\/blog\/concurso-pcdf-escrivao-tema-de-redacao-95\/#breadcrumb","itemListElement":[{"@type":"ListItem","position":1,"name":"In\u00edcio","item":"https:\/\/www.estrategiaconcursos.com.br\/blog\/"},{"@type":"ListItem","position":2,"name":"Concurso PCDF Escriv\u00e3o: Tema de Reda\u00e7\u00e3o 95"}]},{"@type":"WebSite","@id":"https:\/\/www.estrategiaconcursos.com.br\/blog\/#website","url":"https:\/\/www.estrategiaconcursos.com.br\/blog\/","name":"Estrat\u00e9gia Concursos","description":"O blog da Estrat\u00e9gia Concursos traz not\u00edcias sobre concursos e artigos de professores oferecendo cursos para concursos (pdf + videaulas) no site.","publisher":{"@id":"https:\/\/www.estrategiaconcursos.com.br\/blog\/#organization"},"potentialAction":[{"@type":"SearchAction","target":{"@type":"EntryPoint","urlTemplate":"https:\/\/www.estrategiaconcursos.com.br\/blog\/?s={search_term_string}"},"query-input":{"@type":"PropertyValueSpecification","valueRequired":true,"valueName":"search_term_string"}}],"inLanguage":"pt-BR"},{"@type":"Organization","@id":"https:\/\/www.estrategiaconcursos.com.br\/blog\/#organization","name":"Estrat\u00e9gia Concursos","url":"https:\/\/www.estrategiaconcursos.com.br\/blog\/","logo":{"@type":"ImageObject","inLanguage":"pt-BR","@id":"https:\/\/www.estrategiaconcursos.com.br\/blog\/#\/schema\/logo\/image\/","url":"https:\/\/dhg1h5j42swfq.cloudfront.net\/2025\/06\/03203428\/logo_concursos-1.jpg","contentUrl":"https:\/\/dhg1h5j42swfq.cloudfront.net\/2025\/06\/03203428\/logo_concursos-1.jpg","width":230,"height":60,"caption":"Estrat\u00e9gia Concursos"},"image":{"@id":"https:\/\/www.estrategiaconcursos.com.br\/blog\/#\/schema\/logo\/image\/"},"sameAs":["https:\/\/x.com\/EstratConcursos"]},{"@type":"Person","@id":"https:\/\/www.estrategiaconcursos.com.br\/blog\/#\/schema\/person\/f2fb305e65e771b216148107c0d96d68","name":"Janaina Arruda","image":{"@type":"ImageObject","inLanguage":"pt-BR","@id":"https:\/\/secure.gravatar.com\/avatar\/9377d341617569b19a8eb58b32e54c10304cac645ab0cef38c66bfa34f77bdc6?s=96&d=mm&r=g","url":"https:\/\/secure.gravatar.com\/avatar\/9377d341617569b19a8eb58b32e54c10304cac645ab0cef38c66bfa34f77bdc6?s=96&d=mm&r=g","contentUrl":"https:\/\/secure.gravatar.com\/avatar\/9377d341617569b19a8eb58b32e54c10304cac645ab0cef38c66bfa34f77bdc6?s=96&d=mm&r=g","caption":"Janaina Arruda"},"url":"https:\/\/www.estrategiaconcursos.com.br\/blog\/author\/arruda-janhotmail-com\/"}]}},"_links":{"self":[{"href":"https:\/\/www.estrategiaconcursos.com.br\/blog\/wp-json\/wp\/v2\/posts\/490162","targetHints":{"allow":["GET"]}}],"collection":[{"href":"https:\/\/www.estrategiaconcursos.com.br\/blog\/wp-json\/wp\/v2\/posts"}],"about":[{"href":"https:\/\/www.estrategiaconcursos.com.br\/blog\/wp-json\/wp\/v2\/types\/post"}],"author":[{"embeddable":true,"href":"https:\/\/www.estrategiaconcursos.com.br\/blog\/wp-json\/wp\/v2\/users\/1430"}],"replies":[{"embeddable":true,"href":"https:\/\/www.estrategiaconcursos.com.br\/blog\/wp-json\/wp\/v2\/comments?post=490162"}],"version-history":[{"count":1,"href":"https:\/\/www.estrategiaconcursos.com.br\/blog\/wp-json\/wp\/v2\/posts\/490162\/revisions"}],"predecessor-version":[{"id":490163,"href":"https:\/\/www.estrategiaconcursos.com.br\/blog\/wp-json\/wp\/v2\/posts\/490162\/revisions\/490163"}],"wp:attachment":[{"href":"https:\/\/www.estrategiaconcursos.com.br\/blog\/wp-json\/wp\/v2\/media?parent=490162"}],"wp:term":[{"taxonomy":"category","embeddable":true,"href":"https:\/\/www.estrategiaconcursos.com.br\/blog\/wp-json\/wp\/v2\/categories?post=490162"},{"taxonomy":"post_tag","embeddable":true,"href":"https:\/\/www.estrategiaconcursos.com.br\/blog\/wp-json\/wp\/v2\/tags?post=490162"},{"taxonomy":"tax_estado","embeddable":true,"href":"https:\/\/www.estrategiaconcursos.com.br\/blog\/wp-json\/wp\/v2\/tax_estado?post=490162"}],"curies":[{"name":"wp","href":"https:\/\/api.w.org\/{rel}","templated":true}]}}