{"id":490034,"date":"2021-12-21T09:10:00","date_gmt":"2021-12-21T12:10:00","guid":{"rendered":"https:\/\/www.estrategiaconcursos.com.br\/blog\/?p=490034"},"modified":"2021-12-21T09:13:03","modified_gmt":"2021-12-21T12:13:03","slug":"edital-tce-sc","status":"publish","type":"post","link":"https:\/\/www.estrategiaconcursos.com.br\/blog\/edital-tce-sc\/","title":{"rendered":"Edital TCE SC: encerrado o prazo de inscri\u00e7\u00f5es"},"content":{"rendered":"\n<p>Est\u00e1 oficialmente encerrado o prazo de inscri\u00e7\u00f5es do edital do concurso Tribunal de Contas do Estado de Santa Catarina (TCE SC). Os candidatos tiveram at\u00e9 o dia 20 de dezembro de 2022.<\/p>\n\n\n\n<p>Vale lembrar que, agora, todos os inscritos ter\u00e3o que enfrentar a etapa de provas. A previs\u00e3o \u00e9 que as avalia\u00e7\u00f5es sejam aplicadas no dia 06 de mar\u00e7o de 2022. <\/p>\n\n\n\n<p>O edital TCE SC contempla <strong>40 vagas <\/strong>imediatas mais <strong>120 em cadastro reserva<\/strong> para o cargo de <strong>Auditor Fiscal de Controle Externo<\/strong>. Os contratados ter\u00e3o que trabalhar regime de 40 horas semanais. <\/p>\n\n\n\n<p>A remunera\u00e7\u00e3o inicial para o cargo \u00e9 de R$ 7.302,91 podendo chegar a <strong>R$ 15.206,65 <\/strong>com auxilio alimenta\u00e7\u00e3o de R$ 1.722,53 e gratifica\u00e7\u00e3o de desempenho de at\u00e9 R$ 6.181,21 (valor vari\u00e1vel). <\/p>\n\n\n\n<div class=\"wp-block-image\"><figure class=\"aligncenter size-full\"><img loading=\"lazy\" decoding=\"async\" width=\"1024\" height=\"576\" src=\"https:\/\/dhg1h5j42swfq.cloudfront.net\/2021\/12\/21090952\/associado-titular-sede-tce-sc.jpg\" alt=\"Edital TCE SC\" class=\"wp-image-933362\" srcset=\"https:\/\/dhg1h5j42swfq.cloudfront.net\/2021\/12\/21090952\/associado-titular-sede-tce-sc.jpg 1024w, https:\/\/dhg1h5j42swfq.cloudfront.net\/2021\/12\/21090952\/associado-titular-sede-tce-sc-300x169.jpg 300w, https:\/\/dhg1h5j42swfq.cloudfront.net\/2021\/12\/21090952\/associado-titular-sede-tce-sc-768x432.jpg 768w, https:\/\/dhg1h5j42swfq.cloudfront.net\/2021\/12\/21090952\/associado-titular-sede-tce-sc-610x343.jpg 610w\" sizes=\"auto, (max-width: 1024px) 100vw, 1024px\" \/><figcaption>Foto do Tribunal de Contas do Estado de Santa Catarina (TCE SC)<\/figcaption><\/figure><\/div>\n\n\n\n<h2 class=\"wp-block-heading\">Principais datas do edital TCE SC:<\/h2>\n\n\n\n<p class=\"has-background\" style=\"background-color:#c6e4f6\"><strong>Inscri\u00e7\u00f5es<\/strong>:\u00a0<s>19\/11 a 20\/12\/2021<\/s><strong><br \/>Isen\u00e7\u00e3o da taxa<\/strong>: <s>19\/11 a 20\/12\/2021<\/s><strong><br \/>\u00daltimo dia para pagamento<\/strong>: 11\/01\/2022<strong><br \/>Prova<\/strong>: 06\/03\/2022 (tarde)<\/p>\n\n\n\n<h2 class=\"wp-block-heading\">Cargos e vagas do edital TCE SC<\/h2>\n\n\n\n<p>Ao todo o edital TCE SC traz 40 vagas mais 120 em cadastro de reserva para o cargo de <strong>Auditor Fiscal de Controle Externo<\/strong> distribu\u00eddas da seguinte forma:<\/p>\n\n\n\n<figure class=\"wp-block-table is-style-stripes\"><table class=\"has-background has-fixed-layout\" style=\"background-color:#c6e4f6\"><thead><tr><th class=\"has-text-align-center\" data-align=\"center\">\u00c1rea<\/th><th class=\"has-text-align-center\" data-align=\"center\">Vagas AC<\/th><th class=\"has-text-align-center\" data-align=\"center\">PcD<\/th><th class=\"has-text-align-center\" data-align=\"center\">Cadastro Reserva &#8211; AC<\/th><th class=\"has-text-align-center\" data-align=\"center\"> Cadastro Reserva  &#8211; PcD<\/th><\/tr><\/thead><tbody><tr><td class=\"has-text-align-center\" data-align=\"center\"><a href=\"https:\/\/www.estrategiaconcursos.com.br\/curso\/pacote-p-tce-sc-auditor-fiscal-de-controle-externo-area-administrativa-2021-pos-edital\/\" target=\"_blank\" rel=\"noreferrer noopener\">Administra\u00e7\u00e3o<\/a><\/td><td class=\"has-text-align-center\" data-align=\"center\">05<\/td><td class=\"has-text-align-center\" data-align=\"center\">01<\/td><td class=\"has-text-align-center\" data-align=\"center\">17<\/td><td class=\"has-text-align-center\" data-align=\"center\">01<\/td><\/tr><tr><td class=\"has-text-align-center\" data-align=\"center\"><a href=\"https:\/\/www.estrategiaconcursos.com.br\/curso\/tce-sc-auditor-fiscal-de-controle-externo-ciencias-da-computacao-pacote-2021-pos-edital\/\" target=\"_blank\" rel=\"noreferrer noopener\">Ci\u00eancias da Computa\u00e7\u00e3o<\/a><\/td><td class=\"has-text-align-center\" data-align=\"center\">07<\/td><td class=\"has-text-align-center\" data-align=\"center\">01<\/td><td class=\"has-text-align-center\" data-align=\"center\">22<\/td><td class=\"has-text-align-center\" data-align=\"center\">02<\/td><\/tr><tr><td class=\"has-text-align-center\" data-align=\"center\"><a href=\"https:\/\/www.estrategiaconcursos.com.br\/curso\/tce-sc-auditor-fiscal-de-controle-externo-ciencias-contabeis-pacote-2021-pos-edital\/\" target=\"_blank\" rel=\"noreferrer noopener\">Ci\u00eancias Cont\u00e1beis<\/a><\/td><td class=\"has-text-align-center\" data-align=\"center\">08<\/td><td class=\"has-text-align-center\" data-align=\"center\">01<\/td><td class=\"has-text-align-center\" data-align=\"center\">25<\/td><td class=\"has-text-align-center\" data-align=\"center\">02<\/td><\/tr><tr><td class=\"has-text-align-center\" data-align=\"center\"><a href=\"https:\/\/www.estrategiaconcursos.com.br\/curso\/tce-sc-auditor-fiscal-de-controle-externo-area-direito-pacote-2021-pos-edital\/\" target=\"_blank\" rel=\"noreferrer noopener\">Direito<\/a><\/td><td class=\"has-text-align-center\" data-align=\"center\">09<\/td><td class=\"has-text-align-center\" data-align=\"center\">01<\/td><td class=\"has-text-align-center\" data-align=\"center\">28<\/td><td class=\"has-text-align-center\" data-align=\"center\">02<\/td><\/tr><tr><td class=\"has-text-align-center\" data-align=\"center\"><a href=\"https:\/\/www.estrategiaconcursos.com.br\/curso\/tce-sc-auditor-fiscal-de-controle-externo-ciencias-economicas-pacote-2021-pos-edital\/\" target=\"_blank\" rel=\"noreferrer noopener\">Ci\u00eancias Econ\u00f4micas<\/a><\/td><td class=\"has-text-align-center\" data-align=\"center\">02<\/td><td class=\"has-text-align-center\" data-align=\"center\">01<\/td><td class=\"has-text-align-center\" data-align=\"center\">08<\/td><td class=\"has-text-align-center\" data-align=\"center\">01<\/td><\/tr><tr><td class=\"has-text-align-center\" data-align=\"center\"><a href=\"https:\/\/www.estrategiaconcursos.com.br\/curso\/tce-sc-auditor-fiscal-de-controle-externo-engenharia-civil-pacote-2021-pos-edital\/\" target=\"_blank\" rel=\"noreferrer noopener\">Engenharia Civil<\/a><\/td><td class=\"has-text-align-center\" data-align=\"center\">03<\/td><td class=\"has-text-align-center\" data-align=\"center\">01<\/td><td class=\"has-text-align-center\" data-align=\"center\">11<\/td><td class=\"has-text-align-center\" data-align=\"center\">01<\/td><\/tr><\/tbody><\/table><\/figure>\n\n\n\n<h2 class=\"wp-block-heading\">Etapas do edital TCE SC<\/h2>\n\n\n\n<p>O concurso ser\u00e1 composto por duas importantes etapas, sendo a primeira composta de uma <strong>Prova Objetiva<\/strong>, de car\u00e1ter eliminat\u00f3rio e classificat\u00f3rio, e a segunda por uma <strong>Prova Discursiva<\/strong>. <\/p>\n\n\n\n<figure class=\"wp-block-table is-style-stripes\"><table class=\"has-background has-fixed-layout\" style=\"background-color:#c6e4f6\"><thead><tr><th class=\"has-text-align-center\" data-align=\"center\">Prova\/Tipo<\/th><th class=\"has-text-align-center\" data-align=\"center\">\u00c1rea de Conhecimento<\/th><th class=\"has-text-align-center\" data-align=\"center\">N\u00famero de Itens <\/th><th class=\"has-text-align-center\" data-align=\"center\">Car\u00e1ter<\/th><\/tr><\/thead><tbody><tr><td class=\"has-text-align-center\" data-align=\"center\"><em>P1<\/em> Objetiva<\/td><td class=\"has-text-align-center\" data-align=\"center\">Conhecimentos b\u00e1sicos<\/td><td class=\"has-text-align-center\" data-align=\"center\">40<\/td><td class=\"has-text-align-center\" data-align=\"center\">Eliminat\u00f3rio e classificat\u00f3rio<\/td><\/tr><tr><td class=\"has-text-align-center\" data-align=\"center\"><em>P2<\/em> Objetiva<\/td><td class=\"has-text-align-center\" data-align=\"center\">Conhecimentos espec\u00edficos<\/td><td class=\"has-text-align-center\" data-align=\"center\">60<\/td><td class=\"has-text-align-center\" data-align=\"center\"> Eliminat\u00f3rio e classificat\u00f3rio <\/td><\/tr><tr><td class=\"has-text-align-center\" data-align=\"center\"><em>P3<\/em> Discursiva<\/td><td class=\"has-text-align-center\" data-align=\"center\"> Conhecimentos espec\u00edficos <\/td><td class=\"has-text-align-center\" data-align=\"center\">Pe\u00e7a t\u00e9cnica (relat\u00f3rio t\u00e9cnico)<\/td><td class=\"has-text-align-center\" data-align=\"center\"> Eliminat\u00f3rio e classificat\u00f3rio <\/td><\/tr><\/tbody><\/table><\/figure>\n\n\n\n<h3 class=\"wp-block-heading\">Prova Objetiva<\/h3>\n\n\n\n<p>Esta etapa, de car\u00e1ter eliminat\u00f3rio e classificat\u00f3rio, valer\u00e1 100,00 pontos. A Prova Objetiva e a Prova Discursiva ser\u00e3o aplicadas em conjunto e ter\u00e3o dura\u00e7\u00e3o de 5 horas.<\/p>\n\n\n\n<p>Cada Prova Objetiva ser\u00e1 constitu\u00edda de itens do tipo CERTO ou ERRADO. A nota em cada item das avalia\u00e7\u00f5es, feita com base nas marca\u00e7\u00f5es da folha de respostas, ser\u00e1 igual a: <\/p>\n\n\n\n<ul class=\"wp-block-list\"><li>1,00 ponto, caso a resposta do candidato esteja em concord\u00e2ncia com o gabarito oficial definitivo das provas; <\/li><li>1,00 ponto negativo, caso a resposta do candidato esteja em discord\u00e2ncia com o gabarito oficial definitivo das provas;<\/li><li>0,00, caso n\u00e3o haja marca\u00e7\u00e3o ou haja marca\u00e7\u00e3o dupla (C e E). <\/li><\/ul>\n\n\n\n<p>Ser\u00e1 reprovado e e eliminado do concurso p\u00fablico o candidato que se enquadrar em pelo menos um dos itens a seguir:<\/p>\n\n\n\n<ul class=\"wp-block-list\"><li>Obtiver nota inferior a 8,00 pontos na prova objetiva de conhecimentos b\u00e1sicos P1;<\/li><li>Obtiver nota inferior a 18,00 pontos na prova objetiva de conhecimentos espec\u00edficos P2;<\/li><li>Obtiver nota inferior a 30,00 pontos no conjunto das provas objetivas.<\/li><\/ul>\n\n\n\n<h3 class=\"wp-block-heading\">Prova Discursiva<\/h3>\n\n\n\n<p>A Prova Discursiva valer\u00e1 40,00 pontos e consistir\u00e1 em pe\u00e7a t\u00e9cnica (relat\u00f3rio t\u00e9cnico), de at\u00e9 90 linhas, a respeito de temas relacionados aos conhecimentos espec\u00edficos para cada cargo\/\u00e1rea.<\/p>\n\n\n\n<p>Com base na lista organizada, ser\u00e1 corrigida a avalia\u00e7\u00e3o dos candidatos aprovados nas Provas Objetivas e classificados at\u00e9 a posi\u00e7\u00e3o especificada no quadro a seguir, respeitados os empates na \u00faltima coloca\u00e7\u00e3o:<\/p>\n\n\n\n<div class=\"wp-block-image\"><figure class=\"aligncenter size-large\"><img loading=\"lazy\" decoding=\"async\" width=\"1024\" height=\"136\" src=\"https:\/\/dhg1h5j42swfq.cloudfront.net\/2021\/11\/10081136\/image-162-1024x136.png\" alt=\"Prova Discursiva edital TCE SC\" class=\"wp-image-905080\" srcset=\"https:\/\/dhg1h5j42swfq.cloudfront.net\/2021\/11\/10081136\/image-162-1024x136.png 1024w, https:\/\/dhg1h5j42swfq.cloudfront.net\/2021\/11\/10081136\/image-162-300x40.png 300w, https:\/\/dhg1h5j42swfq.cloudfront.net\/2021\/11\/10081136\/image-162-768x102.png 768w, https:\/\/dhg1h5j42swfq.cloudfront.net\/2021\/11\/10081136\/image-162-610x81.png 610w, https:\/\/dhg1h5j42swfq.cloudfront.net\/2021\/11\/10081136\/image-162.png 1090w\" sizes=\"auto, (max-width: 1024px) 100vw, 1024px\" \/><\/figure><\/div>\n\n\n\n<p>Esta etapa avaliar\u00e1 o conte\u00fado (conhecimento do tema), a capacidade de express\u00e3o na modalidade escrita e o uso das normas do registro formal culto da L\u00edngua Portuguesa. <\/p>\n\n\n\n<p>O candidato dever\u00e1 produzir, conforme o comando formulado pela banca examinadora, texto dissertativo, primando pela coer\u00eancia e pela coes\u00e3o.<\/p>\n\n\n\n<h2 class=\"wp-block-heading\">Atribui\u00e7\u00f5es do cargo &#8211; edital TCE SC<\/h2>\n\n\n\n<p>As principais fun\u00e7\u00f5es de um Auditor Fiscal de Controle Externo \u00e9 de desempenhar atividades relacionadas ao controle externo da compet\u00eancia do Tribunal de Contas, abrangendo: assessoria e consultoria t\u00e9cnicas relacionadas \u00e0s compet\u00eancias constitucionais e legais do Tribunal de Contas.<\/p>\n\n\n\n<p>Al\u00e9m disso, ele faz o planejamento, coordena\u00e7\u00e3o e supervis\u00e3o da fiscaliza\u00e7\u00e3o cont\u00e1bil, financeira, or\u00e7ament\u00e1ria, operacional e patrimonial e de gest\u00e3o; execu\u00e7\u00e3o da fiscaliza\u00e7\u00e3o cont\u00e1bil, financeira, or\u00e7ament\u00e1ria, operacional e patrimonial e de gest\u00e3o; planejamento, coordena\u00e7\u00e3o e supervis\u00e3o de auditorias e inspe\u00e7\u00f5es; realiza\u00e7\u00e3o de inspe\u00e7\u00f5es e auditorias; instru\u00e7\u00e3o de processos formalizados no \u00e2mbito do Tribunal de Contas. Entre outras coisas.  <\/p>\n\n\n\n<h2 class=\"wp-block-heading\" id=\"estrategico\">Edital Estrat\u00e9gico TCE SC<\/h2>\n\n\n\n<p><strong>O que \u00e9 o Edital Estrat\u00e9gico?<\/strong>&nbsp;Trata-se de uma planilha com recursos para ajud\u00e1-los no registro das diferentes tarefas de estudo: teoria, revis\u00e3o e exerc\u00edcios. O registro de cada tarefa ser\u00e1 feito para cada assunto exigido no conte\u00fado program\u00e1tico do edital.<\/p>\n\n\n\n<ul class=\"wp-block-list\"><li><strong><a href=\"https:\/\/docs.google.com\/spreadsheets\/d\/1fF5xvwPRUx4L4n2uxpWDU5F8i9EX7_UM\/edit?usp=sharing&amp;ouid=117192946593289605908&amp;rtpof=true&amp;sd=true\" target=\"_blank\" rel=\"noreferrer noopener nofollow\">Administra\u00e7\u00e3o<\/a><\/strong><\/li><li><strong><a href=\"https:\/\/docs.google.com\/spreadsheets\/u\/1\/d\/1_m0VI5Y9rn8LbN5kV_6ml-GcTBaJP6AL\/edit?usp=sharing&amp;ouid=117192946593289605908&amp;rtpof=true&amp;sd=true\" target=\"_blank\" rel=\"noreferrer noopener nofollow\">Ci\u00eancias Cont\u00e1beis<\/a><\/strong><\/li><li><strong><a href=\"https:\/\/docs.google.com\/spreadsheets\/d\/1iJDBQuFPbgXbgDtrFyzOm-6wvQJGJUXc\/edit?usp=sharing&amp;ouid=117192946593289605908&amp;rtpof=true&amp;sd=true\" target=\"_blank\" rel=\"noreferrer noopener nofollow\">Ci\u00eancias Econ\u00f4micas<\/a><\/strong><\/li><li><strong><a href=\"https:\/\/docs.google.com\/spreadsheets\/d\/12v1zC1uet5js1VLZSnMSviYQz-avFSXB\/edit?usp=sharing&amp;ouid=117192946593289605908&amp;rtpof=true&amp;sd=true\" target=\"_blank\" rel=\"noreferrer noopener nofollow\">Ci\u00eancias da Computa\u00e7\u00e3o<\/a><\/strong><\/li><li><strong><a href=\"https:\/\/docs.google.com\/spreadsheets\/d\/1CQoDu5KhpU-IxEhkzhShAWwp4bcefV8I\/edit?usp=sharing&amp;ouid=117192946593289605908&amp;rtpof=true&amp;sd=true\" target=\"_blank\" rel=\"noreferrer noopener nofollow\">Direito<\/a><\/strong><\/li><li><strong><a href=\"https:\/\/docs.google.com\/spreadsheets\/d\/1BBPuhhk81Yq1UZPa4Rv4m6hHkyr6XLEp\/edit?usp=sharing&amp;ouid=117192946593289605908&amp;rtpof=true&amp;sd=true\" target=\"_blank\" rel=\"noreferrer noopener nofollow\">Engenharia Civil<\/a><\/strong><\/li><\/ul>\n\n\n\n<h2 class=\"wp-block-heading\" id=\"vade\">Vade Mecum TCE SC<\/h2>\n\n\n\n<p>Nosso Vade Mecum traz uma compila\u00e7\u00e3o das principais normas do concurso. Esse material de consulta pode ser utilizado em toda a sua prepara\u00e7\u00e3o, sendo o seu companheiro sempre que voc\u00ea estiver assistindo nossas videoaulas ou lendo os nossos livros digitais (PDFs).<\/p>\n\n\n\n<ul class=\"wp-block-list\"><li><strong><a href=\"https:\/\/gratis.estrategiaconcursos.com.br\/vade-mecum-para-o-tce-sc\/\" target=\"_blank\" rel=\"noreferrer noopener\">Vade Mecum TCE SC<\/a><\/strong><\/li><\/ul>\n\n\n\n<p class=\"has-text-align-center has-background\" style=\"background-color:#c6e4f6;font-size:clamp(14.642px, 0.915rem + ((1vw - 3.2px) * 0.721), 22px);\"><strong>Saiba mais: <a href=\"https:\/\/www.estrategiaconcursos.com.br\/blog\/concurso-tce-sc\/\" target=\"_blank\" rel=\"noreferrer noopener\">concurso TCE SC<\/a><\/strong><\/p>\n\n\n\n<hr class=\"wp-block-separator\"\/>\n\n\n\n<h2 class=\"has-text-align-center wp-block-heading\" id=\"cursos-tce-sc\"><strong><em>Quer estudar para o edital TCE SC?<\/em><\/strong><\/h2>\n\n\n\n<div id=\"boxes\" class=\"container\">\n<div class=\"row\">\n<div class=\"col-sm\">\n<div id=\"box-assinatura\" class=\"banner-tcg\">\n<h3 class=\"titulo-assinatura\">Concurso TCE SC<\/h3>\n<p class=\"subtitulo-assinatura\">Conhe\u00e7a os cursos<\/p>\n<div class=\"box-botao\"><a class=\"btn-assinatura\" role=\"button\" href=\"https:\/\/www.estrategiaconcursos.com.br\/cursosPorConcurso\/tce-sc-tribunal-de-contas-de-santa-catarina-374\/\" target=\"_blank\" rel=\"noopener noreferrer\">Conhe\u00e7a mais<\/a><\/div>\n<\/div>\n<\/div>\n<\/div>\n<\/div>\n\n\n\n<div id=\"boxes\" class=\"container\">\n<div class=\"row\">\n<div class=\"col-sm\">\n<div id=\"box-assinatura\" class=\"estrategia\">\n<h3 class=\"titulo-assinatura\">Assinatura Concursos<\/h3>\n<p class=\"subtitulo-assinatura\">Assinatura de 1 Ano ou 2 Anos<\/p>\n<div class=\"box-botao\"><a class=\"btn-assinatura\" role=\"button\" href=\"https:\/\/www.estrategiaconcursos.com.br\/assinaturas\/\" target=\"_blank\" re=\"noopener noreferrer\" rel=\"noopener\">ASSINE AGORA<\/a><\/div>\n<\/div><\/div><\/div><\/div>\n\n\n\n<h2 class=\"has-text-align-center wp-block-heading\" id=\"h-quer-saber-tudo-sobre-concursos-previstos-confira-nossos-artigos\">Quer saber tudo sobre concursos previstos?<br \/>Confira nossos artigos!<\/h2>\n\n\n\n<ul class=\"wp-block-list\"><li><a href=\"https:\/\/www.estrategiaconcursos.com.br\/blog\/concursos-abertos\/\" target=\"_blank\" rel=\"noreferrer noopener\">Concursos abertos<\/a><\/li><li><a href=\"https:\/\/www.estrategiaconcursos.com.br\/blog\/concursos-2022\/\" target=\"_blank\" rel=\"noreferrer noopener\">Concursos 2022<\/a><\/li><\/ul>\n\n\n\n<figure class=\"wp-block-image size-large is-resized\"><img loading=\"lazy\" decoding=\"async\" src=\"https:\/\/dhg1h5j42swfq.cloudfront.net\/2021\/06\/18111329\/ficha-tecnica-4-1024x632.png\" alt=\"Informa\u00e7\u00f5es sobre o edital TCE\u00a0SC\" class=\"wp-image-770422\" width=\"225\" height=\"139\" srcset=\"https:\/\/dhg1h5j42swfq.cloudfront.net\/2021\/06\/18111329\/ficha-tecnica-4-1024x632.png 1024w, https:\/\/dhg1h5j42swfq.cloudfront.net\/2021\/06\/18111329\/ficha-tecnica-4-300x185.png 300w, https:\/\/dhg1h5j42swfq.cloudfront.net\/2021\/06\/18111329\/ficha-tecnica-4-768x474.png 768w, https:\/\/dhg1h5j42swfq.cloudfront.net\/2021\/06\/18111329\/ficha-tecnica-4-1536x948.png 1536w, https:\/\/dhg1h5j42swfq.cloudfront.net\/2021\/06\/18111329\/ficha-tecnica-4-610x377.png 610w, https:\/\/dhg1h5j42swfq.cloudfront.net\/2021\/06\/18111329\/ficha-tecnica-4.png 1571w\" sizes=\"auto, (max-width: 225px) 100vw, 225px\" \/><\/figure>\n\n\n\n<h3 class=\"wp-block-heading\" id=\"ficha-tecnica-concurso-tce-sc\"><strong>Informa\u00e7\u00f5es sobre o edital TCE&nbsp;SC<\/strong><\/h3>\n\n\n\n<ul class=\"wp-block-list\"><li><strong>Data da prova<\/strong>: 06\/03\/2022 <\/li><li><strong>Vagas<\/strong>: 40 + 120 CR<\/li><li><strong>Cargos<\/strong>: Auditor Fiscal de Controle Externo<\/li><li><strong>Banca<\/strong>: Cebraspe<\/li><li><strong>Escolaridade<\/strong>: N\u00edvel Superior<\/li><li><strong>Edital TCE SC:<\/strong> <a href=\"https:\/\/dhg1h5j42swfq.cloudfront.net\/2021\/11\/10111533\/ed_1_2020_tce_sc_abertura.pdf\" target=\"_blank\" rel=\"noreferrer noopener nofollow\">Edital TCE SC 2021<\/a><\/li><\/ul>\n\n\n\n<p><\/p>\n","protected":false},"excerpt":{"rendered":"<p>Est\u00e1 oficialmente encerrado o prazo de inscri\u00e7\u00f5es do edital do concurso Tribunal de Contas do Estado de Santa Catarina (TCE SC). Os candidatos tiveram at\u00e9 o dia 20 de dezembro de 2022. Vale lembrar que, agora, todos os inscritos ter\u00e3o que enfrentar a etapa de provas. A previs\u00e3o \u00e9 que as avalia\u00e7\u00f5es sejam aplicadas no [&hellip;]<\/p>\n","protected":false},"author":656,"featured_media":698541,"comment_status":"open","ping_status":"closed","sticky":false,"template":"","format":"standard","meta":{"post_tipo":"news","footnotes":""},"categories":[214710,220219],"tags":[],"tax_estado":[219987],"class_list":["post-490034","post","type-post","status-publish","format-standard","has-post-thumbnail","hentry","category-tribunais-de-contas","category-noticias","tax_estado-sc"],"acf":[],"yoast_head":"<!-- This site is optimized with the Yoast SEO Premium plugin v27.2 (Yoast SEO v27.2) - https:\/\/yoast.com\/product\/yoast-seo-premium-wordpress\/ -->\n<title>Edital TCE SC: encerrado o prazo de inscri\u00e7\u00f5es<\/title>\n<meta name=\"description\" content=\"Edital TCE SC: Cebraspe encerra per\u00edodo de inscri\u00e7\u00f5es. S\u00e3o ofertadas 40 vagas + 120 CR para Auditor Fiscal de Controle Externo.\" \/>\n<meta name=\"robots\" content=\"index, follow, max-snippet:-1, max-image-preview:large, max-video-preview:-1\" \/>\n<link rel=\"canonical\" href=\"https:\/\/www.estrategiaconcursos.com.br\/blog\/edital-tce-sc\/\" \/>\n<meta property=\"og:locale\" content=\"pt_BR\" \/>\n<meta property=\"og:type\" content=\"article\" \/>\n<meta property=\"og:title\" content=\"Edital TCE SC: encerrado o prazo de inscri\u00e7\u00f5es\" \/>\n<meta property=\"og:description\" content=\"Edital TCE SC: Cebraspe encerra per\u00edodo de inscri\u00e7\u00f5es. S\u00e3o ofertadas 40 vagas + 120 CR para Auditor Fiscal de Controle Externo.\" \/>\n<meta property=\"og:url\" content=\"https:\/\/www.estrategiaconcursos.com.br\/blog\/edital-tce-sc\/\" \/>\n<meta property=\"og:site_name\" content=\"Estrat\u00e9gia Concursos\" \/>\n<meta property=\"article:published_time\" content=\"2021-12-21T12:10:00+00:00\" \/>\n<meta property=\"article:modified_time\" content=\"2021-12-21T12:13:03+00:00\" \/>\n<meta property=\"og:image\" content=\"https:\/\/dhg1h5j42swfq.cloudfront.net\/2021\/02\/22155338\/tce-sc.jpg\" \/>\n\t<meta property=\"og:image:width\" content=\"1200\" \/>\n\t<meta property=\"og:image:height\" content=\"628\" \/>\n\t<meta property=\"og:image:type\" content=\"image\/jpeg\" \/>\n<meta name=\"author\" content=\"F\u00e1bio Scaldelai\" \/>\n<meta name=\"twitter:card\" content=\"summary_large_image\" \/>\n<meta name=\"twitter:creator\" content=\"@EstratConcursos\" \/>\n<meta name=\"twitter:site\" content=\"@EstratConcursos\" \/>\n<meta name=\"twitter:label1\" content=\"Escrito por\" \/>\n\t<meta name=\"twitter:data1\" content=\"F\u00e1bio Scaldelai\" \/>\n\t<meta name=\"twitter:label2\" content=\"Est. tempo de leitura\" \/>\n\t<meta name=\"twitter:data2\" content=\"5 minutos\" \/>\n<script type=\"application\/ld+json\" class=\"yoast-schema-graph\">{\"@context\":\"https:\/\/schema.org\",\"@graph\":[{\"@type\":\"NewsArticle\",\"@id\":\"https:\/\/www.estrategiaconcursos.com.br\/blog\/edital-tce-sc\/#article\",\"isPartOf\":{\"@id\":\"https:\/\/www.estrategiaconcursos.com.br\/blog\/edital-tce-sc\/\"},\"author\":{\"name\":\"F\u00e1bio Scaldelai\",\"@id\":\"https:\/\/www.estrategiaconcursos.com.br\/blog\/#\/schema\/person\/e3b6b7ce0192dd4ad270655969d61750\"},\"headline\":\"Edital TCE SC: encerrado o prazo de inscri\u00e7\u00f5es\",\"datePublished\":\"2021-12-21T12:10:00+00:00\",\"dateModified\":\"2021-12-21T12:13:03+00:00\",\"mainEntityOfPage\":{\"@id\":\"https:\/\/www.estrategiaconcursos.com.br\/blog\/edital-tce-sc\/\"},\"wordCount\":927,\"commentCount\":0,\"publisher\":{\"@id\":\"https:\/\/www.estrategiaconcursos.com.br\/blog\/#organization\"},\"image\":{\"@id\":\"https:\/\/www.estrategiaconcursos.com.br\/blog\/edital-tce-sc\/#primaryimage\"},\"thumbnailUrl\":\"https:\/\/dhg1h5j42swfq.cloudfront.net\/2021\/02\/22155338\/tce-sc.jpg\",\"articleSection\":[\"Tribunais de Contas (TCU, TCE, TCM)\",\"\u00daltimas not\u00edcias\"],\"inLanguage\":\"pt-BR\",\"potentialAction\":[{\"@type\":\"CommentAction\",\"name\":\"Comment\",\"target\":[\"https:\/\/www.estrategiaconcursos.com.br\/blog\/edital-tce-sc\/#respond\"]}],\"copyrightYear\":\"2021\",\"copyrightHolder\":{\"@id\":\"https:\/\/www.estrategiaconcursos.com.br\/blog\/#organization\"}},{\"@type\":\"WebPage\",\"@id\":\"https:\/\/www.estrategiaconcursos.com.br\/blog\/edital-tce-sc\/\",\"url\":\"https:\/\/www.estrategiaconcursos.com.br\/blog\/edital-tce-sc\/\",\"name\":\"Edital TCE SC: encerrado o prazo de inscri\u00e7\u00f5es\",\"isPartOf\":{\"@id\":\"https:\/\/www.estrategiaconcursos.com.br\/blog\/#website\"},\"primaryImageOfPage\":{\"@id\":\"https:\/\/www.estrategiaconcursos.com.br\/blog\/edital-tce-sc\/#primaryimage\"},\"image\":{\"@id\":\"https:\/\/www.estrategiaconcursos.com.br\/blog\/edital-tce-sc\/#primaryimage\"},\"thumbnailUrl\":\"https:\/\/dhg1h5j42swfq.cloudfront.net\/2021\/02\/22155338\/tce-sc.jpg\",\"datePublished\":\"2021-12-21T12:10:00+00:00\",\"dateModified\":\"2021-12-21T12:13:03+00:00\",\"description\":\"Edital TCE SC: Cebraspe encerra per\u00edodo de inscri\u00e7\u00f5es. S\u00e3o ofertadas 40 vagas + 120 CR para Auditor Fiscal de Controle Externo.\",\"breadcrumb\":{\"@id\":\"https:\/\/www.estrategiaconcursos.com.br\/blog\/edital-tce-sc\/#breadcrumb\"},\"inLanguage\":\"pt-BR\",\"potentialAction\":[{\"@type\":\"ReadAction\",\"target\":[\"https:\/\/www.estrategiaconcursos.com.br\/blog\/edital-tce-sc\/\"]}]},{\"@type\":\"ImageObject\",\"inLanguage\":\"pt-BR\",\"@id\":\"https:\/\/www.estrategiaconcursos.com.br\/blog\/edital-tce-sc\/#primaryimage\",\"url\":\"https:\/\/dhg1h5j42swfq.cloudfront.net\/2021\/02\/22155338\/tce-sc.jpg\",\"contentUrl\":\"https:\/\/dhg1h5j42swfq.cloudfront.net\/2021\/02\/22155338\/tce-sc.jpg\",\"width\":1200,\"height\":628,\"caption\":\"Concurso TCE SC empossados\"},{\"@type\":\"BreadcrumbList\",\"@id\":\"https:\/\/www.estrategiaconcursos.com.br\/blog\/edital-tce-sc\/#breadcrumb\",\"itemListElement\":[{\"@type\":\"ListItem\",\"position\":1,\"name\":\"In\u00edcio\",\"item\":\"https:\/\/www.estrategiaconcursos.com.br\/blog\/\"},{\"@type\":\"ListItem\",\"position\":2,\"name\":\"Edital TCE SC: encerrado o prazo de inscri\u00e7\u00f5es\"}]},{\"@type\":\"WebSite\",\"@id\":\"https:\/\/www.estrategiaconcursos.com.br\/blog\/#website\",\"url\":\"https:\/\/www.estrategiaconcursos.com.br\/blog\/\",\"name\":\"Estrat\u00e9gia Concursos\",\"description\":\"O blog da Estrat\u00e9gia Concursos traz not\u00edcias sobre concursos e artigos de professores oferecendo cursos para concursos (pdf + videaulas) no site.\",\"publisher\":{\"@id\":\"https:\/\/www.estrategiaconcursos.com.br\/blog\/#organization\"},\"potentialAction\":[{\"@type\":\"SearchAction\",\"target\":{\"@type\":\"EntryPoint\",\"urlTemplate\":\"https:\/\/www.estrategiaconcursos.com.br\/blog\/?s={search_term_string}\"},\"query-input\":{\"@type\":\"PropertyValueSpecification\",\"valueRequired\":true,\"valueName\":\"search_term_string\"}}],\"inLanguage\":\"pt-BR\"},{\"@type\":\"Organization\",\"@id\":\"https:\/\/www.estrategiaconcursos.com.br\/blog\/#organization\",\"name\":\"Estrat\u00e9gia Concursos\",\"url\":\"https:\/\/www.estrategiaconcursos.com.br\/blog\/\",\"logo\":{\"@type\":\"ImageObject\",\"inLanguage\":\"pt-BR\",\"@id\":\"https:\/\/www.estrategiaconcursos.com.br\/blog\/#\/schema\/logo\/image\/\",\"url\":\"https:\/\/dhg1h5j42swfq.cloudfront.net\/2025\/06\/03203428\/logo_concursos-1.jpg\",\"contentUrl\":\"https:\/\/dhg1h5j42swfq.cloudfront.net\/2025\/06\/03203428\/logo_concursos-1.jpg\",\"width\":230,\"height\":60,\"caption\":\"Estrat\u00e9gia Concursos\"},\"image\":{\"@id\":\"https:\/\/www.estrategiaconcursos.com.br\/blog\/#\/schema\/logo\/image\/\"},\"sameAs\":[\"https:\/\/x.com\/EstratConcursos\"]},{\"@type\":\"Person\",\"@id\":\"https:\/\/www.estrategiaconcursos.com.br\/blog\/#\/schema\/person\/e3b6b7ce0192dd4ad270655969d61750\",\"name\":\"F\u00e1bio Scaldelai\",\"image\":{\"@type\":\"ImageObject\",\"inLanguage\":\"pt-BR\",\"@id\":\"https:\/\/secure.gravatar.com\/avatar\/8ed7492c4d88d8495bc0cb24cda6847b8ae23eec459a919e08e77d0ca0fd79ec?s=96&d=mm&r=g\",\"url\":\"https:\/\/secure.gravatar.com\/avatar\/8ed7492c4d88d8495bc0cb24cda6847b8ae23eec459a919e08e77d0ca0fd79ec?s=96&d=mm&r=g\",\"contentUrl\":\"https:\/\/secure.gravatar.com\/avatar\/8ed7492c4d88d8495bc0cb24cda6847b8ae23eec459a919e08e77d0ca0fd79ec?s=96&d=mm&r=g\",\"caption\":\"F\u00e1bio Scaldelai\"},\"description\":\"Jornalista no Estrat\u00e9gia Concursos e Produtor de Televis\u00e3o, formado em Jornalismo, R\u00e1dio e TV pela Faculdade Integrada Rio Branco, com especializa\u00e7\u00f5es em Gest\u00e3o Empresarial e Marketing pelo M\u00f3dulo. Atuou como produtor no SBT, TV Bandeirantes e R\u00e1dio Band FM, al\u00e9m de acumular tr\u00eas anos de experi\u00eancia no setor de concursos p\u00fablicos pela LFG (Luiz Fl\u00e1vio Gomes). No Estrat\u00e9gia Concursos, atua na apura\u00e7\u00e3o de not\u00edcias da \u00e1rea fiscal, al\u00e9m de coberturas sobre concursos das \u00e1reas de controle (TCU, TCE, etc), concurso AFT, \u00e1rea de gest\u00e3o e administrativa, bem como dos \u00f3rg\u00e3os participantes do CNU. Tamb\u00e9m possui experi\u00eancia em link building e an\u00e1lise de m\u00eddia, adquirida durante sua atua\u00e7\u00e3o na ag\u00eancia SEO Marketing.\",\"url\":\"https:\/\/www.estrategiaconcursos.com.br\/blog\/author\/fabio-scaldelaiestrategiaconcursos-com-br\/\"}]}<\/script>\n<!-- \/ Yoast SEO Premium plugin. -->","yoast_head_json":{"title":"Edital TCE SC: encerrado o prazo de inscri\u00e7\u00f5es","description":"Edital TCE SC: Cebraspe encerra per\u00edodo de inscri\u00e7\u00f5es. S\u00e3o ofertadas 40 vagas + 120 CR para Auditor Fiscal de Controle Externo.","robots":{"index":"index","follow":"follow","max-snippet":"max-snippet:-1","max-image-preview":"max-image-preview:large","max-video-preview":"max-video-preview:-1"},"canonical":"https:\/\/www.estrategiaconcursos.com.br\/blog\/edital-tce-sc\/","og_locale":"pt_BR","og_type":"article","og_title":"Edital TCE SC: encerrado o prazo de inscri\u00e7\u00f5es","og_description":"Edital TCE SC: Cebraspe encerra per\u00edodo de inscri\u00e7\u00f5es. S\u00e3o ofertadas 40 vagas + 120 CR para Auditor Fiscal de Controle Externo.","og_url":"https:\/\/www.estrategiaconcursos.com.br\/blog\/edital-tce-sc\/","og_site_name":"Estrat\u00e9gia Concursos","article_published_time":"2021-12-21T12:10:00+00:00","article_modified_time":"2021-12-21T12:13:03+00:00","og_image":[{"width":1200,"height":628,"url":"https:\/\/dhg1h5j42swfq.cloudfront.net\/2021\/02\/22155338\/tce-sc.jpg","type":"image\/jpeg"}],"author":"F\u00e1bio Scaldelai","twitter_card":"summary_large_image","twitter_creator":"@EstratConcursos","twitter_site":"@EstratConcursos","twitter_misc":{"Escrito por":"F\u00e1bio Scaldelai","Est. tempo de leitura":"5 minutos"},"schema":{"@context":"https:\/\/schema.org","@graph":[{"@type":"NewsArticle","@id":"https:\/\/www.estrategiaconcursos.com.br\/blog\/edital-tce-sc\/#article","isPartOf":{"@id":"https:\/\/www.estrategiaconcursos.com.br\/blog\/edital-tce-sc\/"},"author":{"name":"F\u00e1bio Scaldelai","@id":"https:\/\/www.estrategiaconcursos.com.br\/blog\/#\/schema\/person\/e3b6b7ce0192dd4ad270655969d61750"},"headline":"Edital TCE SC: encerrado o prazo de inscri\u00e7\u00f5es","datePublished":"2021-12-21T12:10:00+00:00","dateModified":"2021-12-21T12:13:03+00:00","mainEntityOfPage":{"@id":"https:\/\/www.estrategiaconcursos.com.br\/blog\/edital-tce-sc\/"},"wordCount":927,"commentCount":0,"publisher":{"@id":"https:\/\/www.estrategiaconcursos.com.br\/blog\/#organization"},"image":{"@id":"https:\/\/www.estrategiaconcursos.com.br\/blog\/edital-tce-sc\/#primaryimage"},"thumbnailUrl":"https:\/\/dhg1h5j42swfq.cloudfront.net\/2021\/02\/22155338\/tce-sc.jpg","articleSection":["Tribunais de Contas (TCU, TCE, TCM)","\u00daltimas not\u00edcias"],"inLanguage":"pt-BR","potentialAction":[{"@type":"CommentAction","name":"Comment","target":["https:\/\/www.estrategiaconcursos.com.br\/blog\/edital-tce-sc\/#respond"]}],"copyrightYear":"2021","copyrightHolder":{"@id":"https:\/\/www.estrategiaconcursos.com.br\/blog\/#organization"}},{"@type":"WebPage","@id":"https:\/\/www.estrategiaconcursos.com.br\/blog\/edital-tce-sc\/","url":"https:\/\/www.estrategiaconcursos.com.br\/blog\/edital-tce-sc\/","name":"Edital TCE SC: encerrado o prazo de inscri\u00e7\u00f5es","isPartOf":{"@id":"https:\/\/www.estrategiaconcursos.com.br\/blog\/#website"},"primaryImageOfPage":{"@id":"https:\/\/www.estrategiaconcursos.com.br\/blog\/edital-tce-sc\/#primaryimage"},"image":{"@id":"https:\/\/www.estrategiaconcursos.com.br\/blog\/edital-tce-sc\/#primaryimage"},"thumbnailUrl":"https:\/\/dhg1h5j42swfq.cloudfront.net\/2021\/02\/22155338\/tce-sc.jpg","datePublished":"2021-12-21T12:10:00+00:00","dateModified":"2021-12-21T12:13:03+00:00","description":"Edital TCE SC: Cebraspe encerra per\u00edodo de inscri\u00e7\u00f5es. S\u00e3o ofertadas 40 vagas + 120 CR para Auditor Fiscal de Controle Externo.","breadcrumb":{"@id":"https:\/\/www.estrategiaconcursos.com.br\/blog\/edital-tce-sc\/#breadcrumb"},"inLanguage":"pt-BR","potentialAction":[{"@type":"ReadAction","target":["https:\/\/www.estrategiaconcursos.com.br\/blog\/edital-tce-sc\/"]}]},{"@type":"ImageObject","inLanguage":"pt-BR","@id":"https:\/\/www.estrategiaconcursos.com.br\/blog\/edital-tce-sc\/#primaryimage","url":"https:\/\/dhg1h5j42swfq.cloudfront.net\/2021\/02\/22155338\/tce-sc.jpg","contentUrl":"https:\/\/dhg1h5j42swfq.cloudfront.net\/2021\/02\/22155338\/tce-sc.jpg","width":1200,"height":628,"caption":"Concurso TCE SC empossados"},{"@type":"BreadcrumbList","@id":"https:\/\/www.estrategiaconcursos.com.br\/blog\/edital-tce-sc\/#breadcrumb","itemListElement":[{"@type":"ListItem","position":1,"name":"In\u00edcio","item":"https:\/\/www.estrategiaconcursos.com.br\/blog\/"},{"@type":"ListItem","position":2,"name":"Edital TCE SC: encerrado o prazo de inscri\u00e7\u00f5es"}]},{"@type":"WebSite","@id":"https:\/\/www.estrategiaconcursos.com.br\/blog\/#website","url":"https:\/\/www.estrategiaconcursos.com.br\/blog\/","name":"Estrat\u00e9gia Concursos","description":"O blog da Estrat\u00e9gia Concursos traz not\u00edcias sobre concursos e artigos de professores oferecendo cursos para concursos (pdf + videaulas) no site.","publisher":{"@id":"https:\/\/www.estrategiaconcursos.com.br\/blog\/#organization"},"potentialAction":[{"@type":"SearchAction","target":{"@type":"EntryPoint","urlTemplate":"https:\/\/www.estrategiaconcursos.com.br\/blog\/?s={search_term_string}"},"query-input":{"@type":"PropertyValueSpecification","valueRequired":true,"valueName":"search_term_string"}}],"inLanguage":"pt-BR"},{"@type":"Organization","@id":"https:\/\/www.estrategiaconcursos.com.br\/blog\/#organization","name":"Estrat\u00e9gia Concursos","url":"https:\/\/www.estrategiaconcursos.com.br\/blog\/","logo":{"@type":"ImageObject","inLanguage":"pt-BR","@id":"https:\/\/www.estrategiaconcursos.com.br\/blog\/#\/schema\/logo\/image\/","url":"https:\/\/dhg1h5j42swfq.cloudfront.net\/2025\/06\/03203428\/logo_concursos-1.jpg","contentUrl":"https:\/\/dhg1h5j42swfq.cloudfront.net\/2025\/06\/03203428\/logo_concursos-1.jpg","width":230,"height":60,"caption":"Estrat\u00e9gia Concursos"},"image":{"@id":"https:\/\/www.estrategiaconcursos.com.br\/blog\/#\/schema\/logo\/image\/"},"sameAs":["https:\/\/x.com\/EstratConcursos"]},{"@type":"Person","@id":"https:\/\/www.estrategiaconcursos.com.br\/blog\/#\/schema\/person\/e3b6b7ce0192dd4ad270655969d61750","name":"F\u00e1bio Scaldelai","image":{"@type":"ImageObject","inLanguage":"pt-BR","@id":"https:\/\/secure.gravatar.com\/avatar\/8ed7492c4d88d8495bc0cb24cda6847b8ae23eec459a919e08e77d0ca0fd79ec?s=96&d=mm&r=g","url":"https:\/\/secure.gravatar.com\/avatar\/8ed7492c4d88d8495bc0cb24cda6847b8ae23eec459a919e08e77d0ca0fd79ec?s=96&d=mm&r=g","contentUrl":"https:\/\/secure.gravatar.com\/avatar\/8ed7492c4d88d8495bc0cb24cda6847b8ae23eec459a919e08e77d0ca0fd79ec?s=96&d=mm&r=g","caption":"F\u00e1bio Scaldelai"},"description":"Jornalista no Estrat\u00e9gia Concursos e Produtor de Televis\u00e3o, formado em Jornalismo, R\u00e1dio e TV pela Faculdade Integrada Rio Branco, com especializa\u00e7\u00f5es em Gest\u00e3o Empresarial e Marketing pelo M\u00f3dulo. Atuou como produtor no SBT, TV Bandeirantes e R\u00e1dio Band FM, al\u00e9m de acumular tr\u00eas anos de experi\u00eancia no setor de concursos p\u00fablicos pela LFG (Luiz Fl\u00e1vio Gomes). No Estrat\u00e9gia Concursos, atua na apura\u00e7\u00e3o de not\u00edcias da \u00e1rea fiscal, al\u00e9m de coberturas sobre concursos das \u00e1reas de controle (TCU, TCE, etc), concurso AFT, \u00e1rea de gest\u00e3o e administrativa, bem como dos \u00f3rg\u00e3os participantes do CNU. Tamb\u00e9m possui experi\u00eancia em link building e an\u00e1lise de m\u00eddia, adquirida durante sua atua\u00e7\u00e3o na ag\u00eancia SEO Marketing.","url":"https:\/\/www.estrategiaconcursos.com.br\/blog\/author\/fabio-scaldelaiestrategiaconcursos-com-br\/"}]}},"_links":{"self":[{"href":"https:\/\/www.estrategiaconcursos.com.br\/blog\/wp-json\/wp\/v2\/posts\/490034","targetHints":{"allow":["GET"]}}],"collection":[{"href":"https:\/\/www.estrategiaconcursos.com.br\/blog\/wp-json\/wp\/v2\/posts"}],"about":[{"href":"https:\/\/www.estrategiaconcursos.com.br\/blog\/wp-json\/wp\/v2\/types\/post"}],"author":[{"embeddable":true,"href":"https:\/\/www.estrategiaconcursos.com.br\/blog\/wp-json\/wp\/v2\/users\/656"}],"replies":[{"embeddable":true,"href":"https:\/\/www.estrategiaconcursos.com.br\/blog\/wp-json\/wp\/v2\/comments?post=490034"}],"version-history":[{"count":45,"href":"https:\/\/www.estrategiaconcursos.com.br\/blog\/wp-json\/wp\/v2\/posts\/490034\/revisions"}],"predecessor-version":[{"id":933363,"href":"https:\/\/www.estrategiaconcursos.com.br\/blog\/wp-json\/wp\/v2\/posts\/490034\/revisions\/933363"}],"wp:featuredmedia":[{"embeddable":true,"href":"https:\/\/www.estrategiaconcursos.com.br\/blog\/wp-json\/wp\/v2\/media\/698541"}],"wp:attachment":[{"href":"https:\/\/www.estrategiaconcursos.com.br\/blog\/wp-json\/wp\/v2\/media?parent=490034"}],"wp:term":[{"taxonomy":"category","embeddable":true,"href":"https:\/\/www.estrategiaconcursos.com.br\/blog\/wp-json\/wp\/v2\/categories?post=490034"},{"taxonomy":"post_tag","embeddable":true,"href":"https:\/\/www.estrategiaconcursos.com.br\/blog\/wp-json\/wp\/v2\/tags?post=490034"},{"taxonomy":"tax_estado","embeddable":true,"href":"https:\/\/www.estrategiaconcursos.com.br\/blog\/wp-json\/wp\/v2\/tax_estado?post=490034"}],"curies":[{"name":"wp","href":"https:\/\/api.w.org\/{rel}","templated":true}]}}