{"id":489814,"date":"2020-03-09T08:55:35","date_gmt":"2020-03-09T11:55:35","guid":{"rendered":"https:\/\/www.estrategiaconcursos.com.br\/blog\/?p=489814"},"modified":"2020-12-09T15:13:02","modified_gmt":"2020-12-09T18:13:02","slug":"concurso-semad-manaus","status":"publish","type":"post","link":"https:\/\/www.estrategiaconcursos.com.br\/blog\/concurso-semad-manaus\/","title":{"rendered":"Concurso SEMAD Manaus: IBFC \u00e9 a banca do certame; previstas 568 vagas!"},"content":{"rendered":"\n<p>Saiu o despacho para contrata\u00e7\u00e3o do <strong>Instituto Brasileiro de Forma\u00e7\u00e3o e Capacita\u00e7\u00e3o<\/strong> (IBFC) para organizar o pr\u00f3ximo concurso da Secret\u00e1ria Municipal de Administra\u00e7\u00e3o de Manaus (concurso SEMAD Manaus).<\/p>\n\n\n\n<p>O concurso vai ofertar <strong>568 vagas <\/strong>para diversos cargos mais cadastro de reserva. Voc\u00ea que deseja estudar para o certame, chegou ao lugar certo! Confira nos t\u00f3picos abaixo tudo que voc\u00ea vai encontrar neste artigo referente ao concurso SEMAD Manaus. <\/p>\n\n\n\n<ul class=\"wp-block-list\"><li><a href=\"#atual\"><strong><em>Atual situa\u00e7\u00e3o do concurso<\/em><\/strong><\/a><\/li><li><a href=\"#ultimo\"><strong><em>\u00daltimo concurso<\/em><\/strong><\/a><\/li><li><a href=\"#cursos-assinatura\"><strong><em>Assinatura\/cursos<\/em><\/strong><\/a><\/li><li><strong><em><a href=\"#ficha-tecnica\">Ficha t\u00e9cnica<\/a><\/em><\/strong><\/li><\/ul>\n\n\n\n<h2 class=\"wp-block-heading\" id=\"atual\">Atual situa\u00e7\u00e3o do concurso SEMAD Manaus <\/h2>\n\n\n\n<p>Foi publicado o despacho para contrata\u00e7\u00e3o do Instituto Brasileiro de Forma\u00e7\u00e3o e Capacita\u00e7\u00e3o <strong>(IBFC) <\/strong>como banca organizadora do concurso da Secretaria Municipal de Administra\u00e7\u00e3o de Manaus. <\/p>\n\n\n\n<p>A empresa deve assinar o contrato como organizadora do concurso nos pr\u00f3ximo dias para que, posteriormente, o edital possa ser divulgado. Ao todo, ser\u00e3o ofertadas<strong> 568 vagas<\/strong> mais cadastro de reserva.<\/p>\n\n\n\n<p>Os cargos contemplados ser\u00e3o destinados para a \u00e1rea da sa\u00fade da Secretaria Municipal de Sa\u00fade (SEMSA). A equipe de jornalismo segue em contato com o \u00f3rg\u00e3o para obter maiores informa\u00e7\u00f5es sobre o certame e a previs\u00e3o de publica\u00e7\u00e3o do edital.<\/p>\n\n\n\n<p><strong>Confira abaixo o despacho referente a banca do certame:<\/strong><\/p>\n\n\n\n<div class=\"wp-block-image\"><figure class=\"aligncenter size-large is-resized\"><img loading=\"lazy\" decoding=\"async\" src=\"https:\/\/dhg1h5j42swfq.cloudfront.net\/2020\/03\/09084221\/semsa.PNG.png\" alt=\"\" class=\"wp-image-489815\" width=\"392\" height=\"502\" srcset=\"https:\/\/dhg1h5j42swfq.cloudfront.net\/2020\/03\/09084221\/semsa.PNG.png 401w, https:\/\/dhg1h5j42swfq.cloudfront.net\/2020\/03\/09084221\/semsa.PNG-234x300.png 234w\" sizes=\"auto, (max-width: 392px) 100vw, 392px\" \/><\/figure><\/div>\n\n\n\n<h2 class=\"wp-block-heading\" id=\"ultimo\">\u00daltimo concurso SEMAD Manaus<\/h2>\n\n\n\n<p>O \u00faltimo concurso da Secretaria Municipal de Administra\u00e7\u00e3o de Manaus ocorreu no ano de 2017 e ofertou 400 vagas imediatas mais cadastro de reserva para professor. A banca organizadora do certame foi o IBADE.  <\/p>\n\n\n\n<p>Foram registrados um total de 22.718 candidatos inscritos no concurso. O prazo de validade do certame era de dois anos, contados a partir da homologa\u00e7\u00e3o do resultado final. <\/p>\n\n\n\n<p>Vale ressaltar que em 2018 a prefeitura autorizou a convoca\u00e7\u00e3o de mais de 900 professores aprovados em cadastro de reserva do \u00faltimo concurso. Os selecionados foram contratados para serem lotados em 498 unidades escolares da rede municipal.<\/p>\n\n\n\n<h2 class=\"has-text-align-center wp-block-heading\" id=\"cursos-assinatura\">Quer estudar para o concurso SEMAD Manaus?<\/h2>\n\n\n\n<p style=\"font-size:22px\" class=\"has-background has-text-align-center has-luminous-vivid-amber-background-color\"><a rel=\"noreferrer noopener\" href=\"https:\/\/www.estrategiaconcursos.com.br\/cursos\/concurso\/\" target=\"_blank\"><strong>Cursos para concursos<\/strong><\/a><\/p>\n\n\n\n<p class=\"has-text-align-center\"><strong><em>Assinatura Anual Ilimitada*<\/em><\/strong><\/p>\n\n\n\n<p class=\"has-text-align-center\"><em>Prepare-se com o melhor material e com quem mais aprova em&nbsp;Concursos P\u00fablicos de todo o pa\u00eds. Assine agora a nossa Assinatura Anual e tenha acesso ilimitado* a todos os nossos cursos.<\/em><\/p>\n\n\n\n<p style=\"font-size:22px\" class=\"has-background has-text-align-center has-light-green-cyan-background-color\"><strong>ASSINE AGORA&nbsp;\u2013&nbsp;<\/strong><a rel=\"noreferrer noopener\" href=\"https:\/\/www.estrategiaconcursos.com.br\/blog\/concursos-abertos\/\" target=\"_blank\"><strong>Assinatura Ilimitada<\/strong><\/a><\/p>\n\n\n\n<p class=\"has-text-align-center\"><strong><em>Sistema de Quest\u00f5es<\/em><\/strong><\/p>\n\n\n\n<p class=\"has-text-align-center\"><em>Estrat\u00e9gia Quest\u00f5es nasceu maior do que todos os concorrentes, com mais quest\u00f5es cadastradas e mais solu\u00e7\u00f5es por professores. Clique no link e aproveite os descontos e b\u00f4nus imperd\u00edveis!<\/em><\/p>\n\n\n\n<p class=\"has-background has-text-align-center has-medium-font-size has-vivid-green-cyan-background-color\"><strong>ASSINE AGORA \u2013&nbsp;<a href=\"https:\/\/www.estrategiaconcursos.com.br\/cursosPorConcurso\/sistema-de-questoes\/#\/\" target=\"_blank\" rel=\"noreferrer noopener\">Sistema de Quest\u00f5es<\/a><\/strong><\/p>\n\n\n\n<p class=\"has-text-align-center\"><strong><em>Fique por dentro de todos os concursos<\/em><\/strong>:<\/p>\n\n\n\n<p style=\"font-size:22px\" class=\"has-background has-text-align-center has-pale-cyan-blue-background-color\"><a rel=\"noreferrer noopener\" href=\"https:\/\/www.estrategiaconcursos.com.br\/blog\/concursos-abertos\/\" target=\"_blank\"><strong>Concursos abertos<\/strong><\/a><\/p>\n\n\n\n<p style=\"font-size:22px\" class=\"has-background has-text-align-center has-pale-cyan-blue-background-color\"><a rel=\"noreferrer noopener\" href=\"https:\/\/www.estrategiaconcursos.com.br\/blog\/concursos-2020\/\" target=\"_blank\"><strong>CONCURSOS&nbsp;2020<\/strong><\/a><\/p>\n\n\n\n<p style=\"font-size:22px\" class=\"has-background has-text-align-center has-pale-cyan-blue-background-color\"><a rel=\"noreferrer noopener\" href=\"https:\/\/www.estrategiaconcursos.com.br\/blog\/concursos-2021\/\" target=\"_blank\"><strong>CONCURSOS 2021<\/strong><\/a><\/p>\n\n\n\n<figure class=\"wp-block-image\"><img loading=\"lazy\" decoding=\"async\" width=\"300\" height=\"102\" src=\"https:\/\/dhg1h5j42swfq.cloudfront.net\/2017\/03\/28152500\/coruja-ficha-tecnica-300x102.png\" alt=\"Ficha t\u00e9cnica concurso Semad Manaus\" class=\"wp-image-68542\"\/><\/figure>\n\n\n\n<h3 class=\"wp-block-heading\" id=\"ficha-tecnica\"><strong>Informa\u00e7\u00f5es do \u00faltimo concurso <\/strong>SEMAD Manaus <\/h3>\n\n\n\n<p><strong>\u25baData da realiza\u00e7\u00e3o do certame: <\/strong>2017<strong><br \/><\/strong>\u25ba<strong>Vagas<\/strong>: 400 + CR<br \/>\u25ba<strong>Cargos<\/strong>: V\u00e1rios<br \/>\u25ba<strong>Banca<\/strong>: IBADE<br \/>\u25ba<strong>Escolaridade<\/strong>: N\u00edvel superior<br \/>\u25ba<strong>Edital do \u00faltimo concurso<\/strong>:&nbsp;<a rel=\"noreferrer noopener\" aria-label=\"SEMAD Manaus  (abre numa nova aba)\" href=\"https:\/\/dhg1h5j42swfq.cloudfront.net\/2020\/03\/09115444\/EDITAL-DO-CONCURSO-DOM-4248-21.11.2017.pdf\" target=\"_blank\">SEMAD Manaus <\/a><\/p>\n\n\n\n<p><em>Ascom Estrat\u00e9gia<br \/>ascomestrategia@gmail.com<\/em><\/p>\n","protected":false},"excerpt":{"rendered":"<p>Saiu o despacho para contrata\u00e7\u00e3o do Instituto Brasileiro de Forma\u00e7\u00e3o e Capacita\u00e7\u00e3o (IBFC) para organizar o pr\u00f3ximo concurso da Secret\u00e1ria Municipal de Administra\u00e7\u00e3o de Manaus (concurso SEMAD Manaus). O concurso vai ofertar 568 vagas para diversos cargos mais cadastro de reserva. Voc\u00ea que deseja estudar para o certame, chegou ao lugar certo! Confira nos t\u00f3picos [&hellip;]<\/p>\n","protected":false},"author":492,"featured_media":489822,"comment_status":"open","ping_status":"closed","sticky":false,"template":"","format":"standard","meta":{"post_tipo":"article","footnotes":""},"categories":[214992],"tags":[],"tax_estado":[],"class_list":["post-489814","post","type-post","status-publish","format-standard","has-post-thumbnail","hentry","category-concursos-administrativos"],"acf":[],"yoast_head":"<!-- This site is optimized with the Yoast SEO Premium plugin v27.2 (Yoast SEO v27.2) - https:\/\/yoast.com\/product\/yoast-seo-premium-wordpress\/ -->\n<title>Concurso SEMAD Manaus: IBFC \u00e9 a banca do certame; previstas 568 vagas!<\/title>\n<meta name=\"description\" content=\"Concurso SEMAD Manaus: despacho para contrata\u00e7\u00e3o do Instituto Brasileiro de Forma\u00e7\u00e3o e Capacita\u00e7\u00e3o \u00e9 divulgado; S\u00e3o previstas 568 vagas!\" \/>\n<meta name=\"robots\" content=\"index, follow, max-snippet:-1, max-image-preview:large, max-video-preview:-1\" \/>\n<link rel=\"canonical\" href=\"https:\/\/www.estrategiaconcursos.com.br\/blog\/concurso-semad-manaus\/\" \/>\n<meta property=\"og:locale\" content=\"pt_BR\" \/>\n<meta property=\"og:type\" content=\"article\" \/>\n<meta property=\"og:title\" content=\"Concurso SEMAD Manaus: IBFC \u00e9 a banca do certame; previstas 568 vagas!\" \/>\n<meta property=\"og:description\" content=\"Concurso SEMAD Manaus: despacho para contrata\u00e7\u00e3o do Instituto Brasileiro de Forma\u00e7\u00e3o e Capacita\u00e7\u00e3o \u00e9 divulgado; S\u00e3o previstas 568 vagas!\" \/>\n<meta property=\"og:url\" content=\"https:\/\/www.estrategiaconcursos.com.br\/blog\/concurso-semad-manaus\/\" \/>\n<meta property=\"og:site_name\" content=\"Estrat\u00e9gia Concursos\" \/>\n<meta property=\"article:published_time\" content=\"2020-03-09T11:55:35+00:00\" \/>\n<meta property=\"article:modified_time\" content=\"2020-12-09T18:13:02+00:00\" \/>\n<meta property=\"og:image\" content=\"https:\/\/dhg1h5j42swfq.cloudfront.net\/2020\/03\/09085442\/semad.png\" \/>\n\t<meta property=\"og:image:width\" content=\"225\" \/>\n\t<meta property=\"og:image:height\" content=\"225\" \/>\n\t<meta property=\"og:image:type\" content=\"image\/png\" \/>\n<meta name=\"author\" content=\"Nelma Fontana\" \/>\n<meta name=\"twitter:card\" content=\"summary_large_image\" \/>\n<meta name=\"twitter:creator\" content=\"@EstratConcursos\" \/>\n<meta name=\"twitter:site\" content=\"@EstratConcursos\" \/>\n<meta name=\"twitter:label1\" content=\"Escrito por\" \/>\n\t<meta name=\"twitter:data1\" content=\"Nelma Fontana\" \/>\n\t<meta name=\"twitter:label2\" content=\"Est. tempo de leitura\" \/>\n\t<meta name=\"twitter:data2\" content=\"2 minutos\" \/>\n<script type=\"application\/ld+json\" class=\"yoast-schema-graph\">{\"@context\":\"https:\/\/schema.org\",\"@graph\":[{\"@type\":\"NewsArticle\",\"@id\":\"https:\/\/www.estrategiaconcursos.com.br\/blog\/concurso-semad-manaus\/#article\",\"isPartOf\":{\"@id\":\"https:\/\/www.estrategiaconcursos.com.br\/blog\/concurso-semad-manaus\/\"},\"author\":{\"name\":\"Nelma Fontana\",\"@id\":\"https:\/\/www.estrategiaconcursos.com.br\/blog\/#\/schema\/person\/09924ae9dae935885ef15db075a3be15\"},\"headline\":\"Concurso SEMAD Manaus: IBFC \u00e9 a banca do certame; previstas 568 vagas!\",\"datePublished\":\"2020-03-09T11:55:35+00:00\",\"dateModified\":\"2020-12-09T18:13:02+00:00\",\"mainEntityOfPage\":{\"@id\":\"https:\/\/www.estrategiaconcursos.com.br\/blog\/concurso-semad-manaus\/\"},\"wordCount\":468,\"commentCount\":0,\"publisher\":{\"@id\":\"https:\/\/www.estrategiaconcursos.com.br\/blog\/#organization\"},\"image\":{\"@id\":\"https:\/\/www.estrategiaconcursos.com.br\/blog\/concurso-semad-manaus\/#primaryimage\"},\"thumbnailUrl\":\"https:\/\/dhg1h5j42swfq.cloudfront.net\/2020\/03\/09085442\/semad.png\",\"articleSection\":[\"Executivo (Administrativa)\"],\"inLanguage\":\"pt-BR\",\"potentialAction\":[{\"@type\":\"CommentAction\",\"name\":\"Comment\",\"target\":[\"https:\/\/www.estrategiaconcursos.com.br\/blog\/concurso-semad-manaus\/#respond\"]}],\"copyrightYear\":\"2020\",\"copyrightHolder\":{\"@id\":\"https:\/\/www.estrategiaconcursos.com.br\/blog\/#organization\"}},{\"@type\":\"WebPage\",\"@id\":\"https:\/\/www.estrategiaconcursos.com.br\/blog\/concurso-semad-manaus\/\",\"url\":\"https:\/\/www.estrategiaconcursos.com.br\/blog\/concurso-semad-manaus\/\",\"name\":\"Concurso SEMAD Manaus: IBFC \u00e9 a banca do certame; previstas 568 vagas!\",\"isPartOf\":{\"@id\":\"https:\/\/www.estrategiaconcursos.com.br\/blog\/#website\"},\"primaryImageOfPage\":{\"@id\":\"https:\/\/www.estrategiaconcursos.com.br\/blog\/concurso-semad-manaus\/#primaryimage\"},\"image\":{\"@id\":\"https:\/\/www.estrategiaconcursos.com.br\/blog\/concurso-semad-manaus\/#primaryimage\"},\"thumbnailUrl\":\"https:\/\/dhg1h5j42swfq.cloudfront.net\/2020\/03\/09085442\/semad.png\",\"datePublished\":\"2020-03-09T11:55:35+00:00\",\"dateModified\":\"2020-12-09T18:13:02+00:00\",\"description\":\"Concurso SEMAD Manaus: despacho para contrata\u00e7\u00e3o do Instituto Brasileiro de Forma\u00e7\u00e3o e Capacita\u00e7\u00e3o \u00e9 divulgado; S\u00e3o previstas 568 vagas!\",\"breadcrumb\":{\"@id\":\"https:\/\/www.estrategiaconcursos.com.br\/blog\/concurso-semad-manaus\/#breadcrumb\"},\"inLanguage\":\"pt-BR\",\"potentialAction\":[{\"@type\":\"ReadAction\",\"target\":[\"https:\/\/www.estrategiaconcursos.com.br\/blog\/concurso-semad-manaus\/\"]}]},{\"@type\":\"ImageObject\",\"inLanguage\":\"pt-BR\",\"@id\":\"https:\/\/www.estrategiaconcursos.com.br\/blog\/concurso-semad-manaus\/#primaryimage\",\"url\":\"https:\/\/dhg1h5j42swfq.cloudfront.net\/2020\/03\/09085442\/semad.png\",\"contentUrl\":\"https:\/\/dhg1h5j42swfq.cloudfront.net\/2020\/03\/09085442\/semad.png\",\"width\":225,\"height\":225,\"caption\":\"Concurso Semad\"},{\"@type\":\"BreadcrumbList\",\"@id\":\"https:\/\/www.estrategiaconcursos.com.br\/blog\/concurso-semad-manaus\/#breadcrumb\",\"itemListElement\":[{\"@type\":\"ListItem\",\"position\":1,\"name\":\"In\u00edcio\",\"item\":\"https:\/\/www.estrategiaconcursos.com.br\/blog\/\"},{\"@type\":\"ListItem\",\"position\":2,\"name\":\"Concurso SEMAD Manaus: IBFC \u00e9 a banca do certame; previstas 568 vagas!\"}]},{\"@type\":\"WebSite\",\"@id\":\"https:\/\/www.estrategiaconcursos.com.br\/blog\/#website\",\"url\":\"https:\/\/www.estrategiaconcursos.com.br\/blog\/\",\"name\":\"Estrat\u00e9gia Concursos\",\"description\":\"O blog da Estrat\u00e9gia Concursos traz not\u00edcias sobre concursos e artigos de professores oferecendo cursos para concursos (pdf + videaulas) no site.\",\"publisher\":{\"@id\":\"https:\/\/www.estrategiaconcursos.com.br\/blog\/#organization\"},\"potentialAction\":[{\"@type\":\"SearchAction\",\"target\":{\"@type\":\"EntryPoint\",\"urlTemplate\":\"https:\/\/www.estrategiaconcursos.com.br\/blog\/?s={search_term_string}\"},\"query-input\":{\"@type\":\"PropertyValueSpecification\",\"valueRequired\":true,\"valueName\":\"search_term_string\"}}],\"inLanguage\":\"pt-BR\"},{\"@type\":\"Organization\",\"@id\":\"https:\/\/www.estrategiaconcursos.com.br\/blog\/#organization\",\"name\":\"Estrat\u00e9gia Concursos\",\"url\":\"https:\/\/www.estrategiaconcursos.com.br\/blog\/\",\"logo\":{\"@type\":\"ImageObject\",\"inLanguage\":\"pt-BR\",\"@id\":\"https:\/\/www.estrategiaconcursos.com.br\/blog\/#\/schema\/logo\/image\/\",\"url\":\"https:\/\/dhg1h5j42swfq.cloudfront.net\/2025\/06\/03203428\/logo_concursos-1.jpg\",\"contentUrl\":\"https:\/\/dhg1h5j42swfq.cloudfront.net\/2025\/06\/03203428\/logo_concursos-1.jpg\",\"width\":230,\"height\":60,\"caption\":\"Estrat\u00e9gia Concursos\"},\"image\":{\"@id\":\"https:\/\/www.estrategiaconcursos.com.br\/blog\/#\/schema\/logo\/image\/\"},\"sameAs\":[\"https:\/\/x.com\/EstratConcursos\"]},{\"@type\":\"Person\",\"@id\":\"https:\/\/www.estrategiaconcursos.com.br\/blog\/#\/schema\/person\/09924ae9dae935885ef15db075a3be15\",\"name\":\"Nelma Fontana\",\"image\":{\"@type\":\"ImageObject\",\"inLanguage\":\"pt-BR\",\"@id\":\"https:\/\/secure.gravatar.com\/avatar\/a2b4071a40b0ae857a4dfe2308130289bde3d65cc7674fb758d21a8b645071e5?s=96&d=mm&r=g\",\"url\":\"https:\/\/secure.gravatar.com\/avatar\/a2b4071a40b0ae857a4dfe2308130289bde3d65cc7674fb758d21a8b645071e5?s=96&d=mm&r=g\",\"contentUrl\":\"https:\/\/secure.gravatar.com\/avatar\/a2b4071a40b0ae857a4dfe2308130289bde3d65cc7674fb758d21a8b645071e5?s=96&d=mm&r=g\",\"caption\":\"Nelma Fontana\"},\"url\":\"https:\/\/www.estrategiaconcursos.com.br\/blog\/author\/fontananelmagmail-com\/\"}]}<\/script>\n<!-- \/ Yoast SEO Premium plugin. -->","yoast_head_json":{"title":"Concurso SEMAD Manaus: IBFC \u00e9 a banca do certame; previstas 568 vagas!","description":"Concurso SEMAD Manaus: despacho para contrata\u00e7\u00e3o do Instituto Brasileiro de Forma\u00e7\u00e3o e Capacita\u00e7\u00e3o \u00e9 divulgado; S\u00e3o previstas 568 vagas!","robots":{"index":"index","follow":"follow","max-snippet":"max-snippet:-1","max-image-preview":"max-image-preview:large","max-video-preview":"max-video-preview:-1"},"canonical":"https:\/\/www.estrategiaconcursos.com.br\/blog\/concurso-semad-manaus\/","og_locale":"pt_BR","og_type":"article","og_title":"Concurso SEMAD Manaus: IBFC \u00e9 a banca do certame; previstas 568 vagas!","og_description":"Concurso SEMAD Manaus: despacho para contrata\u00e7\u00e3o do Instituto Brasileiro de Forma\u00e7\u00e3o e Capacita\u00e7\u00e3o \u00e9 divulgado; S\u00e3o previstas 568 vagas!","og_url":"https:\/\/www.estrategiaconcursos.com.br\/blog\/concurso-semad-manaus\/","og_site_name":"Estrat\u00e9gia Concursos","article_published_time":"2020-03-09T11:55:35+00:00","article_modified_time":"2020-12-09T18:13:02+00:00","og_image":[{"width":225,"height":225,"url":"https:\/\/dhg1h5j42swfq.cloudfront.net\/2020\/03\/09085442\/semad.png","type":"image\/png"}],"author":"Nelma Fontana","twitter_card":"summary_large_image","twitter_creator":"@EstratConcursos","twitter_site":"@EstratConcursos","twitter_misc":{"Escrito por":"Nelma Fontana","Est. tempo de leitura":"2 minutos"},"schema":{"@context":"https:\/\/schema.org","@graph":[{"@type":"NewsArticle","@id":"https:\/\/www.estrategiaconcursos.com.br\/blog\/concurso-semad-manaus\/#article","isPartOf":{"@id":"https:\/\/www.estrategiaconcursos.com.br\/blog\/concurso-semad-manaus\/"},"author":{"name":"Nelma Fontana","@id":"https:\/\/www.estrategiaconcursos.com.br\/blog\/#\/schema\/person\/09924ae9dae935885ef15db075a3be15"},"headline":"Concurso SEMAD Manaus: IBFC \u00e9 a banca do certame; previstas 568 vagas!","datePublished":"2020-03-09T11:55:35+00:00","dateModified":"2020-12-09T18:13:02+00:00","mainEntityOfPage":{"@id":"https:\/\/www.estrategiaconcursos.com.br\/blog\/concurso-semad-manaus\/"},"wordCount":468,"commentCount":0,"publisher":{"@id":"https:\/\/www.estrategiaconcursos.com.br\/blog\/#organization"},"image":{"@id":"https:\/\/www.estrategiaconcursos.com.br\/blog\/concurso-semad-manaus\/#primaryimage"},"thumbnailUrl":"https:\/\/dhg1h5j42swfq.cloudfront.net\/2020\/03\/09085442\/semad.png","articleSection":["Executivo (Administrativa)"],"inLanguage":"pt-BR","potentialAction":[{"@type":"CommentAction","name":"Comment","target":["https:\/\/www.estrategiaconcursos.com.br\/blog\/concurso-semad-manaus\/#respond"]}],"copyrightYear":"2020","copyrightHolder":{"@id":"https:\/\/www.estrategiaconcursos.com.br\/blog\/#organization"}},{"@type":"WebPage","@id":"https:\/\/www.estrategiaconcursos.com.br\/blog\/concurso-semad-manaus\/","url":"https:\/\/www.estrategiaconcursos.com.br\/blog\/concurso-semad-manaus\/","name":"Concurso SEMAD Manaus: IBFC \u00e9 a banca do certame; previstas 568 vagas!","isPartOf":{"@id":"https:\/\/www.estrategiaconcursos.com.br\/blog\/#website"},"primaryImageOfPage":{"@id":"https:\/\/www.estrategiaconcursos.com.br\/blog\/concurso-semad-manaus\/#primaryimage"},"image":{"@id":"https:\/\/www.estrategiaconcursos.com.br\/blog\/concurso-semad-manaus\/#primaryimage"},"thumbnailUrl":"https:\/\/dhg1h5j42swfq.cloudfront.net\/2020\/03\/09085442\/semad.png","datePublished":"2020-03-09T11:55:35+00:00","dateModified":"2020-12-09T18:13:02+00:00","description":"Concurso SEMAD Manaus: despacho para contrata\u00e7\u00e3o do Instituto Brasileiro de Forma\u00e7\u00e3o e Capacita\u00e7\u00e3o \u00e9 divulgado; S\u00e3o previstas 568 vagas!","breadcrumb":{"@id":"https:\/\/www.estrategiaconcursos.com.br\/blog\/concurso-semad-manaus\/#breadcrumb"},"inLanguage":"pt-BR","potentialAction":[{"@type":"ReadAction","target":["https:\/\/www.estrategiaconcursos.com.br\/blog\/concurso-semad-manaus\/"]}]},{"@type":"ImageObject","inLanguage":"pt-BR","@id":"https:\/\/www.estrategiaconcursos.com.br\/blog\/concurso-semad-manaus\/#primaryimage","url":"https:\/\/dhg1h5j42swfq.cloudfront.net\/2020\/03\/09085442\/semad.png","contentUrl":"https:\/\/dhg1h5j42swfq.cloudfront.net\/2020\/03\/09085442\/semad.png","width":225,"height":225,"caption":"Concurso Semad"},{"@type":"BreadcrumbList","@id":"https:\/\/www.estrategiaconcursos.com.br\/blog\/concurso-semad-manaus\/#breadcrumb","itemListElement":[{"@type":"ListItem","position":1,"name":"In\u00edcio","item":"https:\/\/www.estrategiaconcursos.com.br\/blog\/"},{"@type":"ListItem","position":2,"name":"Concurso SEMAD Manaus: IBFC \u00e9 a banca do certame; previstas 568 vagas!"}]},{"@type":"WebSite","@id":"https:\/\/www.estrategiaconcursos.com.br\/blog\/#website","url":"https:\/\/www.estrategiaconcursos.com.br\/blog\/","name":"Estrat\u00e9gia Concursos","description":"O blog da Estrat\u00e9gia Concursos traz not\u00edcias sobre concursos e artigos de professores oferecendo cursos para concursos (pdf + videaulas) no site.","publisher":{"@id":"https:\/\/www.estrategiaconcursos.com.br\/blog\/#organization"},"potentialAction":[{"@type":"SearchAction","target":{"@type":"EntryPoint","urlTemplate":"https:\/\/www.estrategiaconcursos.com.br\/blog\/?s={search_term_string}"},"query-input":{"@type":"PropertyValueSpecification","valueRequired":true,"valueName":"search_term_string"}}],"inLanguage":"pt-BR"},{"@type":"Organization","@id":"https:\/\/www.estrategiaconcursos.com.br\/blog\/#organization","name":"Estrat\u00e9gia Concursos","url":"https:\/\/www.estrategiaconcursos.com.br\/blog\/","logo":{"@type":"ImageObject","inLanguage":"pt-BR","@id":"https:\/\/www.estrategiaconcursos.com.br\/blog\/#\/schema\/logo\/image\/","url":"https:\/\/dhg1h5j42swfq.cloudfront.net\/2025\/06\/03203428\/logo_concursos-1.jpg","contentUrl":"https:\/\/dhg1h5j42swfq.cloudfront.net\/2025\/06\/03203428\/logo_concursos-1.jpg","width":230,"height":60,"caption":"Estrat\u00e9gia Concursos"},"image":{"@id":"https:\/\/www.estrategiaconcursos.com.br\/blog\/#\/schema\/logo\/image\/"},"sameAs":["https:\/\/x.com\/EstratConcursos"]},{"@type":"Person","@id":"https:\/\/www.estrategiaconcursos.com.br\/blog\/#\/schema\/person\/09924ae9dae935885ef15db075a3be15","name":"Nelma Fontana","image":{"@type":"ImageObject","inLanguage":"pt-BR","@id":"https:\/\/secure.gravatar.com\/avatar\/a2b4071a40b0ae857a4dfe2308130289bde3d65cc7674fb758d21a8b645071e5?s=96&d=mm&r=g","url":"https:\/\/secure.gravatar.com\/avatar\/a2b4071a40b0ae857a4dfe2308130289bde3d65cc7674fb758d21a8b645071e5?s=96&d=mm&r=g","contentUrl":"https:\/\/secure.gravatar.com\/avatar\/a2b4071a40b0ae857a4dfe2308130289bde3d65cc7674fb758d21a8b645071e5?s=96&d=mm&r=g","caption":"Nelma Fontana"},"url":"https:\/\/www.estrategiaconcursos.com.br\/blog\/author\/fontananelmagmail-com\/"}]}},"_links":{"self":[{"href":"https:\/\/www.estrategiaconcursos.com.br\/blog\/wp-json\/wp\/v2\/posts\/489814","targetHints":{"allow":["GET"]}}],"collection":[{"href":"https:\/\/www.estrategiaconcursos.com.br\/blog\/wp-json\/wp\/v2\/posts"}],"about":[{"href":"https:\/\/www.estrategiaconcursos.com.br\/blog\/wp-json\/wp\/v2\/types\/post"}],"author":[{"embeddable":true,"href":"https:\/\/www.estrategiaconcursos.com.br\/blog\/wp-json\/wp\/v2\/users\/492"}],"replies":[{"embeddable":true,"href":"https:\/\/www.estrategiaconcursos.com.br\/blog\/wp-json\/wp\/v2\/comments?post=489814"}],"version-history":[{"count":10,"href":"https:\/\/www.estrategiaconcursos.com.br\/blog\/wp-json\/wp\/v2\/posts\/489814\/revisions"}],"predecessor-version":[{"id":525163,"href":"https:\/\/www.estrategiaconcursos.com.br\/blog\/wp-json\/wp\/v2\/posts\/489814\/revisions\/525163"}],"wp:featuredmedia":[{"embeddable":true,"href":"https:\/\/www.estrategiaconcursos.com.br\/blog\/wp-json\/wp\/v2\/media\/489822"}],"wp:attachment":[{"href":"https:\/\/www.estrategiaconcursos.com.br\/blog\/wp-json\/wp\/v2\/media?parent=489814"}],"wp:term":[{"taxonomy":"category","embeddable":true,"href":"https:\/\/www.estrategiaconcursos.com.br\/blog\/wp-json\/wp\/v2\/categories?post=489814"},{"taxonomy":"post_tag","embeddable":true,"href":"https:\/\/www.estrategiaconcursos.com.br\/blog\/wp-json\/wp\/v2\/tags?post=489814"},{"taxonomy":"tax_estado","embeddable":true,"href":"https:\/\/www.estrategiaconcursos.com.br\/blog\/wp-json\/wp\/v2\/tax_estado?post=489814"}],"curies":[{"name":"wp","href":"https:\/\/api.w.org\/{rel}","templated":true}]}}