{"id":489759,"date":"2020-03-08T21:21:21","date_gmt":"2020-03-09T00:21:21","guid":{"rendered":"https:\/\/www.estrategiaconcursos.com.br\/blog\/?p=489759"},"modified":"2022-10-24T17:19:46","modified_gmt":"2022-10-24T20:19:46","slug":"gabarito-mpce-penal-e-processo-penal-extraoficial","status":"publish","type":"post","link":"https:\/\/www.estrategiaconcursos.com.br\/blog\/gabarito-mpce-penal-e-processo-penal-extraoficial\/","title":{"rendered":"GABARITO MPCE &#8211; Penal e Processo Penal (extraoficial)"},"content":{"rendered":"\n<p class=\"has-text-align-center\">GABARITO MPCE &#8211; Direito Penal e Processual Penal<\/p>\n\n\n\n<p>Ol\u00e1, pessoal<\/p>\n\n\n\n<p>Para quem n\u00e3o me conhece ainda, meu nome \u00e9 <strong>Renan Araujo<\/strong> e sou professor aqui no Estrat\u00e9gia Concursos, lecionando as mat\u00e9rias de Direito Penal e Processual Penal.<\/p>\n\n\n\n<p>Antes de prosseguir, <strong>convido voc\u00ea a me seguir no INSTAGRAM<\/strong>:<strong>&nbsp;<a href=\"http:\/\/www.instagram.com\/profrenanaraujo\/?hl=pt-br\">Instagram do Prof. Renan Araujo<\/a><\/strong><\/p>\n\n\n\n<p>Neste artigo vamos comentar as quest\u00f5es de <strong>Direito Penal e Processual Penal <\/strong>que foram cobradas pela Banca <strong>CESPE<\/strong> no concurso do <strong>MPCE<\/strong>, cuja prova foi realizada hoje, 08.03.2020.<\/p>\n\n\n\n<p>A prova teve um n\u00edvel tranquilo, e quem estudou pelo nosso material certamente se saiu bem!<\/p>\n\n\n\n<p>Vamos aos coment\u00e1rios:<\/p>\n\n\n\n<figure class=\"wp-block-image size-large\"><img loading=\"lazy\" decoding=\"async\" width=\"356\" height=\"268\" src=\"https:\/\/dhg1h5j42swfq.cloudfront.net\/2020\/03\/08212343\/image-106.png\" alt=\"\" class=\"wp-image-489763\" srcset=\"https:\/\/dhg1h5j42swfq.cloudfront.net\/2020\/03\/08212343\/image-106.png 356w, https:\/\/dhg1h5j42swfq.cloudfront.net\/2020\/03\/08212343\/image-106-300x226.png 300w\" sizes=\"auto, (max-width: 356px) 100vw, 356px\" \/><\/figure>\n\n\n\n<p><strong>103.\n(CESPE\/2020\/MPCE\/T\u00c9CNICO)<\/strong><\/p>\n\n\n\n<p><strong>COMENT\u00c1RIOS<\/strong><\/p>\n\n\n\n<p>Item\nerrado, pois a embriaguez volunt\u00e1ria ou culposa (como \u00e9 o caso) n\u00e3o afasta a\nimputabilidade penal, na forma do art. 28, II do CP.<\/p>\n\n\n\n<p><strong>GABARITO: ERRADA<\/strong><\/p>\n\n\n\n<p><strong>104.\n(CESPE\/2020\/MPCE\/T\u00c9CNICO)<\/strong><\/p>\n\n\n\n<p><strong>COMENT\u00c1RIOS<\/strong><\/p>\n\n\n\n<p>Item\ncorreto, pois o homic\u00eddio simples n\u00e3o configura crime hediondo, salvo quando\npraticado em atividade t\u00edpica de grupo de exterm\u00ednio, n\u00e3o sendo este o caso\n(art. 1\u00ba, I da Lei 8.072\/90).<\/p>\n\n\n\n<p><strong>GABARITO: CORRETA<\/strong><\/p>\n\n\n\n<p><strong>105.\n(CESPE\/2020\/MPCE\/T\u00c9CNICO)<\/strong><\/p>\n\n\n\n<p><strong>COMENT\u00c1RIOS<\/strong><\/p>\n\n\n\n<p>Item\nerrado, pois n\u00e3o h\u00e1 que se falar aqui em viol\u00eancia dom\u00e9stica e familiar contra\na mulher, de forma que a a\u00e7\u00e3o penal \u00e9 p\u00fablica condicionada \u00e0 representa\u00e7\u00e3o\n(art. 88 da Lei 9.099\/95), e a retrata\u00e7\u00e3o da representa\u00e7\u00e3o segue a regra geral\ndo art. 25 do CPP: somente \u00e9 cab\u00edvel at\u00e9 o oferecimento da den\u00fancia pelo MP.<\/p>\n\n\n\n<p><strong>GABARITO: ERRADA<\/strong><\/p>\n\n\n\n<p><strong>106.\n(CESPE\/2020\/MPCE\/T\u00c9CNICO)<\/strong><\/p>\n\n\n\n<p><strong>COMENT\u00c1RIOS<\/strong><\/p>\n\n\n\n<p>Item\nerrado, pois n\u00e3o sendo crime de a\u00e7\u00e3o penal privada, incab\u00edvel falar em extin\u00e7\u00e3o\nda punibilidade pela ren\u00fancia ao direito de queixa (pois n\u00e3o existe, nesse\ncaso, direito de queixa, j\u00e1 que se trata de a\u00e7\u00e3o penal p\u00fablica).<\/p>\n\n\n\n<p><strong>GABARITO: ERRADA<\/strong><\/p>\n\n\n\n<figure class=\"wp-block-image size-large\"><img loading=\"lazy\" decoding=\"async\" width=\"375\" height=\"303\" src=\"https:\/\/dhg1h5j42swfq.cloudfront.net\/2020\/03\/08212356\/image-107.png\" alt=\"\" class=\"wp-image-489764\" srcset=\"https:\/\/dhg1h5j42swfq.cloudfront.net\/2020\/03\/08212356\/image-107.png 375w, https:\/\/dhg1h5j42swfq.cloudfront.net\/2020\/03\/08212356\/image-107-300x242.png 300w\" sizes=\"auto, (max-width: 375px) 100vw, 375px\" \/><\/figure>\n\n\n\n<p><strong>107.\n(CESPE\/2020\/MPCE\/T\u00c9CNICO)<\/strong><\/p>\n\n\n\n<p><strong>COMENT\u00c1RIOS<\/strong><\/p>\n\n\n\n<p>Item\ncorreto, pois o art. 33 do CP estabelece que a pena de reclus\u00e3o poder\u00e1 ser\ncumprida em regime fechado, semiaberto ou aberto (qualquer dos tr\u00eas, a depender\ndo caso concreto). A quest\u00e3o n\u00e3o restringe somente ao fechado ou aberto, mas\ndiz que pode ser em qualquer deles (e pode).<\/p>\n\n\n\n<p><strong>GABARITO: CORRETA<\/strong><\/p>\n\n\n\n<p><strong>108.\n(CESPE\/2020\/MPCE\/T\u00c9CNICO)<\/strong><\/p>\n\n\n\n<p><strong>COMENT\u00c1RIOS<\/strong><\/p>\n\n\n\n<p>Item\nerrado, pois Ana praticou crime de peculato, j\u00e1 que se apropriou dos valores\np\u00fablicos aos quais tinha acesso em raz\u00e3o do cargo, na forma do art. 312 do CP,\nn\u00e3o havendo que se falar aqui em crime de apropria\u00e7\u00e3o ind\u00e9bita.<\/p>\n\n\n\n<p><strong>GABARITO: ERRADA<\/strong><\/p>\n\n\n\n<p><strong>109.\n(CESPE\/2020\/MPCE\/T\u00c9CNICO)<\/strong><\/p>\n\n\n\n<p><strong>COMENT\u00c1RIOS<\/strong><\/p>\n\n\n\n<p>Item\ncorreto, pois a amiga de Ana responder\u00e1 pelo crime de falso testemunho,\nprevisto no art. 342 do CP (haver\u00e1, ainda, majorante por ter sido praticado\nmediante suborno, na forma do art. 342, \u00a71\u00ba do CP).<\/p>\n\n\n\n<p><strong>GABARITO: CORRETA<\/strong><\/p>\n\n\n\n<p><strong>110.\n(CESPE\/2020\/MPCE\/T\u00c9CNICO)<\/strong><\/p>\n\n\n\n<p><strong>COMENT\u00c1RIOS<\/strong><\/p>\n\n\n\n<p>Item\ncorreto, pois o crime de corrup\u00e7\u00e3o ativa, previsto no art. 333 do CP, se\nconfigura quando o particular oferece ou promete vantagem indevida ao\nFUNCION\u00c1RIO P\u00daBLICO, para que este venha a infringir o seu dever funcional. N\u00e3o\n\u00e9 o caso. Ana, nessa conduta, praticou o crime de suborno de testemunha,\nprevisto no art. 343 do CP.<\/p>\n\n\n\n<p><strong>GABARITO: CORRETA<\/strong><\/p>\n\n\n\n<figure class=\"wp-block-image size-large\"><img loading=\"lazy\" decoding=\"async\" width=\"364\" height=\"342\" src=\"https:\/\/dhg1h5j42swfq.cloudfront.net\/2020\/03\/08212403\/image-108.png\" alt=\"\" class=\"wp-image-489766\" srcset=\"https:\/\/dhg1h5j42swfq.cloudfront.net\/2020\/03\/08212403\/image-108.png 364w, https:\/\/dhg1h5j42swfq.cloudfront.net\/2020\/03\/08212403\/image-108-300x282.png 300w\" sizes=\"auto, (max-width: 364px) 100vw, 364px\" \/><\/figure>\n\n\n\n<p><strong>111.\n(CESPE\/2020\/MPCE\/T\u00c9CNICO)<\/strong><\/p>\n\n\n\n<p><strong>COMENT\u00c1RIOS<\/strong><\/p>\n\n\n\n<p>Item\nerrado, pois a v\u00edtima poder\u00e1 se habilitar como assistente de acusa\u00e7\u00e3o, na forma\ndo art. 268 do CPP, por ser a v\u00edtima do crime, que \u00e9 de a\u00e7\u00e3o penal p\u00fablica.<\/p>\n\n\n\n<p><strong>GABARITO: ERRADA<\/strong><\/p>\n\n\n\n<p><strong>112.\n(CESPE\/2020\/MPCE\/T\u00c9CNICO)<\/strong><\/p>\n\n\n\n<p><strong>COMENT\u00c1RIOS<\/strong><\/p>\n\n\n\n<p>Item\nerrado, pois n\u00e3o se trata de viol\u00eancia dom\u00e9stica e familiar contra a mulher. A\ncompet\u00eancia, portanto, \u00e9 do Juiz singular (ju\u00edzo comum).<\/p>\n\n\n\n<p><strong>GABARITO: ERRADA<\/strong><\/p>\n\n\n\n<p><strong>113.\n(CESPE\/2020\/MPCE\/T\u00c9CNICO)<\/strong><\/p>\n\n\n\n<p><strong>COMENT\u00c1RIOS<\/strong><\/p>\n\n\n\n<p>Item\ncorreto, pois a fixa\u00e7\u00e3o de medidas cautelares diversas da pris\u00e3o \u00e9 poss\u00edvel\nneste caso, sendo poss\u00edvel tamb\u00e9m, caso inadequadas ou insuficientes as\ncautelares diversas da pris\u00e3o, a decreta\u00e7\u00e3o da pris\u00e3o preventiva, na forma do\nart. 310, II do CPP.<\/p>\n\n\n\n<p><strong>GABARITO: CORRETA<\/strong><\/p>\n\n\n\n<p><strong>114.\n(CESPE\/2020\/MPCE\/T\u00c9CNICO)<\/strong><\/p>\n\n\n\n<p><strong>COMENT\u00c1RIOS<\/strong><\/p>\n\n\n\n<p>Item\ncorreto, pois o crime de estupro \u00e9 de a\u00e7\u00e3o penal p\u00fablica incondicionada, motivo\npelo qual n\u00e3o h\u00e1 que se falar em ren\u00fancia ou retrata\u00e7\u00e3o. Ademais, sendo crime\nde a\u00e7\u00e3o penal p\u00fablica e estando preso o indiciado, o MP tem o prazo de 05 dias\npara oferecer den\u00fancia, a contar do recebimento dos autos do IP, na forma do\nart. 46 do CPP. <\/p>\n\n\n\n<p><strong>GABARITO: CORRETA<\/strong><\/p>\n\n\n\n<p><strong>115.\n(CESPE\/2020\/MPCE\/T\u00c9CNICO)<\/strong><\/p>\n\n\n\n<p><strong>COMENT\u00c1RIOS<\/strong><\/p>\n\n\n\n<p>Item\nerrado, pois, sendo o estupro um crime de a\u00e7\u00e3o penal p\u00fablica incondicionada, \u00e9\nperfeitamente poss\u00edvel a instaura\u00e7\u00e3o \u201cex officio\u201d do inqu\u00e9rito policial, na\nforma do art. 5\u00ba, I do CPP.<\/p>\n\n\n\n<p><strong>GABARITO: ERRADA<\/strong><\/p>\n\n\n\n<figure class=\"wp-block-image size-large\"><img loading=\"lazy\" decoding=\"async\" width=\"355\" height=\"297\" src=\"https:\/\/dhg1h5j42swfq.cloudfront.net\/2020\/03\/08212411\/image-109.png\" alt=\"\" class=\"wp-image-489767\" srcset=\"https:\/\/dhg1h5j42swfq.cloudfront.net\/2020\/03\/08212411\/image-109.png 355w, https:\/\/dhg1h5j42swfq.cloudfront.net\/2020\/03\/08212411\/image-109-300x251.png 300w\" sizes=\"auto, (max-width: 355px) 100vw, 355px\" \/><\/figure>\n\n\n\n<p><strong>116.\n(CESPE\/2020\/MPCE\/T\u00c9CNICO)<\/strong><\/p>\n\n\n\n<p><strong>COMENT\u00c1RIOS<\/strong><\/p>\n\n\n\n<p>Item\ncorreto, pois essa \u00e9 uma das hip\u00f3teses em que \u00e9 cab\u00edvel o manejo do habeas\ncorpus, na forma do art. 648, VI do CPP:<\/p>\n\n\n\n<p>Art.\n648.&nbsp; A coa\u00e7\u00e3o considerar-se-\u00e1 ilegal:<\/p>\n\n\n\n<p>(&#8230;)<\/p>\n\n\n\n<p>VI\n&#8211; quando o processo for manifestamente nulo;<\/p>\n\n\n\n<p><strong>GABARITO: CORRETA<\/strong><\/p>\n\n\n\n<p><strong>117.\n(CESPE\/2020\/MPCE\/T\u00c9CNICO)<\/strong><\/p>\n\n\n\n<p><strong>COMENT\u00c1RIOS<\/strong><\/p>\n\n\n\n<p>Item\ncorreto, pois \u00e9 poss\u00edvel que o acusado que teve defensor nomeado em seu favor\nseja obrigado a pagar os honor\u00e1rios de tal advogado. Isso ocorrer\u00e1 quando o\nacusado n\u00e3o for considerado pobre, na forma do art. 263, \u00a7 \u00fanico do CPP.<\/p>\n\n\n\n<p><strong>GABARITO: CORRETA<\/strong><\/p>\n\n\n\n<p><strong>118.\n(CESPE\/2020\/MPCE\/T\u00c9CNICO)<\/strong><\/p>\n\n\n\n<p><strong>COMENT\u00c1RIOS<\/strong><\/p>\n\n\n\n<p>Item\nerrado, pois nesse caso o acusado deveria ter sido citado por edital, na forma\ndo art. 361 do CPP.<\/p>\n\n\n\n<p><strong>GABARITO: ERRADA<\/strong><\/p>\n\n\n\n<p><strong>119.\n(CESPE\/2020\/MPCE\/T\u00c9CNICO)<\/strong><\/p>\n\n\n\n<p><strong>COMENT\u00c1RIOS<\/strong><\/p>\n\n\n\n<p>Item\nerrado, pois para impugnar a senten\u00e7a condenat\u00f3ria \u00e9 cab\u00edvel o recurso de\napela\u00e7\u00e3o, na forma do art. 593, I do CPP.<\/p>\n\n\n\n<p><strong>GABARITO: ERRADA<\/strong><\/p>\n\n\n\n<p><strong>120.\n(CESPE\/2020\/MPCE\/T\u00c9CNICO)<\/strong><\/p>\n\n\n\n<p><strong>COMENT\u00c1RIOS<\/strong><\/p>\n\n\n\n<p>Item\ncorreto, pois o art. 387, IV do CPP estabelece que o Juiz, ao proferir senten\u00e7a\ncondenat\u00f3ria, dever\u00e1 fixar valor m\u00ednimo para repara\u00e7\u00e3o dos danos causados pela\ninfra\u00e7\u00e3o, considerando os preju\u00edzos sofridos pelo ofendido.<\/p>\n\n\n\n<p><strong>GABARITO: CORRETA<\/strong><\/p>\n\n\n\n<p><\/p>\n\n\n\n<p>&nbsp;__________________<\/p>\n\n\n\n<p>Se voc\u00ea quer conhecer mais do meu trabalho aqui no Estrat\u00e9gia Concursos, <a href=\"https:\/\/www.estrategiaconcursos.com.br\/cursosPorProfessor\/renan-araujo-3209\/\">clique aqui<\/a> e baixe, gratuitamente, as aulas demonstrativas dos meus cursos.<\/p>\n\n\n\n<p><strong>Bons estudos!<\/strong><\/p>\n\n\n\n<p><strong>Prof. Renan Araujo<\/strong><\/p>\n\n\n\n<p><strong>E-mail:&nbsp;<\/strong><a href=\"mailto:profrenanaraujo@gmail.com\"><strong>prof<\/strong><\/a><strong>renanaraujo@gmail.com<\/strong><\/p>\n\n\n\n<p><strong>Facebook:&nbsp;<\/strong><a href=\"http:\/\/www.facebook.com\/profrenanaraujoestrategia\"><strong>www.facebook.com\/profrenanaraujoestrategia<\/strong><\/a><\/p>\n\n\n\n<p><strong>Instagram:&nbsp;<\/strong><a href=\"http:\/\/www.instagram.com\/profrenanaraujo\/?hl=pt-br\"><strong>www.instagram.com\/profrenanaraujo\/?hl=pt-br<\/strong><\/a><\/p>\n\n\n\n<p><strong>Youtube:&nbsp;<\/strong><a href=\"http:\/\/www.youtube.com\/channel\/UClIFS2cyREWT35OELN8wcFQ\"><strong>www.youtube.com\/channel\/UClIFS2cyREWT35OELN8wcFQ<\/strong><\/a><\/p>\n","protected":false},"excerpt":{"rendered":"<p>GABARITO MPCE &#8211; Direito Penal e Processual Penal Ol\u00e1, pessoal Para quem n\u00e3o me conhece ainda, meu nome \u00e9 Renan Araujo e sou professor aqui no Estrat\u00e9gia Concursos, lecionando as mat\u00e9rias de Direito Penal e Processual Penal. Antes de prosseguir, convido voc\u00ea a me seguir no INSTAGRAM:&nbsp;Instagram do Prof. Renan Araujo Neste artigo vamos comentar [&hellip;]<\/p>\n","protected":false},"author":39,"featured_media":0,"comment_status":"open","ping_status":"closed","sticky":false,"template":"","format":"standard","meta":{"post_tipo":"article","footnotes":""},"categories":[1],"tags":[],"tax_estado":[],"class_list":["post-489759","post","type-post","status-publish","format-standard","hentry","category-cursos-e-concursos"],"acf":[],"yoast_head":"<!-- This site is optimized with the Yoast SEO Premium plugin v27.2 (Yoast SEO v27.2) - https:\/\/yoast.com\/product\/yoast-seo-premium-wordpress\/ -->\n<title>GABARITO MPCE - Penal e Processo Penal (extraoficial)<\/title>\n<meta name=\"description\" content=\"Coment\u00e1rios do prof. Renan Araujo \u00e0s quest\u00f5es de Direito Penal e Processual Penal cobradas pelo CESPE no concurso do MPCE (T\u00c9CNICO).\" \/>\n<meta name=\"robots\" content=\"index, follow, max-snippet:-1, max-image-preview:large, max-video-preview:-1\" \/>\n<link rel=\"canonical\" href=\"https:\/\/www.estrategiaconcursos.com.br\/blog\/gabarito-mpce-penal-e-processo-penal-extraoficial\/\" \/>\n<meta property=\"og:locale\" content=\"pt_BR\" \/>\n<meta property=\"og:type\" content=\"article\" \/>\n<meta property=\"og:title\" content=\"GABARITO MPCE - Penal e Processo Penal (extraoficial)\" \/>\n<meta property=\"og:description\" content=\"Coment\u00e1rios do prof. Renan Araujo \u00e0s quest\u00f5es de Direito Penal e Processual Penal cobradas pelo CESPE no concurso do MPCE (T\u00c9CNICO).\" \/>\n<meta property=\"og:url\" content=\"https:\/\/www.estrategiaconcursos.com.br\/blog\/gabarito-mpce-penal-e-processo-penal-extraoficial\/\" \/>\n<meta property=\"og:site_name\" content=\"Estrat\u00e9gia Concursos\" \/>\n<meta property=\"article:published_time\" content=\"2020-03-09T00:21:21+00:00\" \/>\n<meta property=\"article:modified_time\" content=\"2022-10-24T20:19:46+00:00\" \/>\n<meta property=\"og:image\" content=\"https:\/\/www.estrategiaconcursos.com.br\/blog\/wp-content\/uploads\/2020\/03\/image-106.png\" \/>\n<meta name=\"author\" content=\"Renan Araujo\" \/>\n<meta name=\"twitter:card\" content=\"summary_large_image\" \/>\n<meta name=\"twitter:creator\" content=\"@EstratConcursos\" \/>\n<meta name=\"twitter:site\" content=\"@EstratConcursos\" \/>\n<meta name=\"twitter:label1\" content=\"Escrito por\" \/>\n\t<meta name=\"twitter:data1\" content=\"Renan Araujo\" \/>\n\t<meta name=\"twitter:label2\" content=\"Est. tempo de leitura\" \/>\n\t<meta name=\"twitter:data2\" content=\"5 minutos\" \/>\n<script type=\"application\/ld+json\" class=\"yoast-schema-graph\">{\"@context\":\"https:\/\/schema.org\",\"@graph\":[{\"@type\":\"NewsArticle\",\"@id\":\"https:\/\/www.estrategiaconcursos.com.br\/blog\/gabarito-mpce-penal-e-processo-penal-extraoficial\/#article\",\"isPartOf\":{\"@id\":\"https:\/\/www.estrategiaconcursos.com.br\/blog\/gabarito-mpce-penal-e-processo-penal-extraoficial\/\"},\"author\":{\"name\":\"Renan Araujo\",\"@id\":\"https:\/\/www.estrategiaconcursos.com.br\/blog\/#\/schema\/person\/1a7a7af72da82939a6308b2ee292162b\"},\"headline\":\"GABARITO MPCE &#8211; Penal e Processo Penal (extraoficial)\",\"datePublished\":\"2020-03-09T00:21:21+00:00\",\"dateModified\":\"2022-10-24T20:19:46+00:00\",\"mainEntityOfPage\":{\"@id\":\"https:\/\/www.estrategiaconcursos.com.br\/blog\/gabarito-mpce-penal-e-processo-penal-extraoficial\/\"},\"wordCount\":1043,\"commentCount\":1,\"publisher\":{\"@id\":\"https:\/\/www.estrategiaconcursos.com.br\/blog\/#organization\"},\"image\":{\"@id\":\"https:\/\/www.estrategiaconcursos.com.br\/blog\/gabarito-mpce-penal-e-processo-penal-extraoficial\/#primaryimage\"},\"thumbnailUrl\":\"https:\/\/www.estrategiaconcursos.com.br\/blog\/wp-content\/uploads\/2020\/03\/image-106.png\",\"articleSection\":[\"Concursos P\u00fablicos\"],\"inLanguage\":\"pt-BR\",\"potentialAction\":[{\"@type\":\"CommentAction\",\"name\":\"Comment\",\"target\":[\"https:\/\/www.estrategiaconcursos.com.br\/blog\/gabarito-mpce-penal-e-processo-penal-extraoficial\/#respond\"]}],\"copyrightYear\":\"2020\",\"copyrightHolder\":{\"@id\":\"https:\/\/www.estrategiaconcursos.com.br\/blog\/#organization\"}},{\"@type\":\"WebPage\",\"@id\":\"https:\/\/www.estrategiaconcursos.com.br\/blog\/gabarito-mpce-penal-e-processo-penal-extraoficial\/\",\"url\":\"https:\/\/www.estrategiaconcursos.com.br\/blog\/gabarito-mpce-penal-e-processo-penal-extraoficial\/\",\"name\":\"GABARITO MPCE - Penal e Processo Penal (extraoficial)\",\"isPartOf\":{\"@id\":\"https:\/\/www.estrategiaconcursos.com.br\/blog\/#website\"},\"primaryImageOfPage\":{\"@id\":\"https:\/\/www.estrategiaconcursos.com.br\/blog\/gabarito-mpce-penal-e-processo-penal-extraoficial\/#primaryimage\"},\"image\":{\"@id\":\"https:\/\/www.estrategiaconcursos.com.br\/blog\/gabarito-mpce-penal-e-processo-penal-extraoficial\/#primaryimage\"},\"thumbnailUrl\":\"https:\/\/www.estrategiaconcursos.com.br\/blog\/wp-content\/uploads\/2020\/03\/image-106.png\",\"datePublished\":\"2020-03-09T00:21:21+00:00\",\"dateModified\":\"2022-10-24T20:19:46+00:00\",\"description\":\"Coment\u00e1rios do prof. Renan Araujo \u00e0s quest\u00f5es de Direito Penal e Processual Penal cobradas pelo CESPE no concurso do MPCE (T\u00c9CNICO).\",\"breadcrumb\":{\"@id\":\"https:\/\/www.estrategiaconcursos.com.br\/blog\/gabarito-mpce-penal-e-processo-penal-extraoficial\/#breadcrumb\"},\"inLanguage\":\"pt-BR\",\"potentialAction\":[{\"@type\":\"ReadAction\",\"target\":[\"https:\/\/www.estrategiaconcursos.com.br\/blog\/gabarito-mpce-penal-e-processo-penal-extraoficial\/\"]}]},{\"@type\":\"ImageObject\",\"inLanguage\":\"pt-BR\",\"@id\":\"https:\/\/www.estrategiaconcursos.com.br\/blog\/gabarito-mpce-penal-e-processo-penal-extraoficial\/#primaryimage\",\"url\":\"https:\/\/dhg1h5j42swfq.cloudfront.net\/2020\/03\/08212343\/image-106.png\",\"contentUrl\":\"https:\/\/dhg1h5j42swfq.cloudfront.net\/2020\/03\/08212343\/image-106.png\",\"width\":356,\"height\":268},{\"@type\":\"BreadcrumbList\",\"@id\":\"https:\/\/www.estrategiaconcursos.com.br\/blog\/gabarito-mpce-penal-e-processo-penal-extraoficial\/#breadcrumb\",\"itemListElement\":[{\"@type\":\"ListItem\",\"position\":1,\"name\":\"In\u00edcio\",\"item\":\"https:\/\/www.estrategiaconcursos.com.br\/blog\/\"},{\"@type\":\"ListItem\",\"position\":2,\"name\":\"GABARITO MPCE &#8211; Penal e Processo Penal (extraoficial)\"}]},{\"@type\":\"WebSite\",\"@id\":\"https:\/\/www.estrategiaconcursos.com.br\/blog\/#website\",\"url\":\"https:\/\/www.estrategiaconcursos.com.br\/blog\/\",\"name\":\"Estrat\u00e9gia Concursos\",\"description\":\"O blog da Estrat\u00e9gia Concursos traz not\u00edcias sobre concursos e artigos de professores oferecendo cursos para concursos (pdf + videaulas) no site.\",\"publisher\":{\"@id\":\"https:\/\/www.estrategiaconcursos.com.br\/blog\/#organization\"},\"potentialAction\":[{\"@type\":\"SearchAction\",\"target\":{\"@type\":\"EntryPoint\",\"urlTemplate\":\"https:\/\/www.estrategiaconcursos.com.br\/blog\/?s={search_term_string}\"},\"query-input\":{\"@type\":\"PropertyValueSpecification\",\"valueRequired\":true,\"valueName\":\"search_term_string\"}}],\"inLanguage\":\"pt-BR\"},{\"@type\":\"Organization\",\"@id\":\"https:\/\/www.estrategiaconcursos.com.br\/blog\/#organization\",\"name\":\"Estrat\u00e9gia Concursos\",\"url\":\"https:\/\/www.estrategiaconcursos.com.br\/blog\/\",\"logo\":{\"@type\":\"ImageObject\",\"inLanguage\":\"pt-BR\",\"@id\":\"https:\/\/www.estrategiaconcursos.com.br\/blog\/#\/schema\/logo\/image\/\",\"url\":\"https:\/\/dhg1h5j42swfq.cloudfront.net\/2025\/06\/03203428\/logo_concursos-1.jpg\",\"contentUrl\":\"https:\/\/dhg1h5j42swfq.cloudfront.net\/2025\/06\/03203428\/logo_concursos-1.jpg\",\"width\":230,\"height\":60,\"caption\":\"Estrat\u00e9gia Concursos\"},\"image\":{\"@id\":\"https:\/\/www.estrategiaconcursos.com.br\/blog\/#\/schema\/logo\/image\/\"},\"sameAs\":[\"https:\/\/x.com\/EstratConcursos\"]},{\"@type\":\"Person\",\"@id\":\"https:\/\/www.estrategiaconcursos.com.br\/blog\/#\/schema\/person\/1a7a7af72da82939a6308b2ee292162b\",\"name\":\"Renan Araujo\",\"image\":{\"@type\":\"ImageObject\",\"inLanguage\":\"pt-BR\",\"@id\":\"https:\/\/secure.gravatar.com\/avatar\/ca6cb9ba5a547fbe93c05c63d6103dff6c2566555a601f1efb8590a69fb9ed76?s=96&d=mm&r=g\",\"url\":\"https:\/\/secure.gravatar.com\/avatar\/ca6cb9ba5a547fbe93c05c63d6103dff6c2566555a601f1efb8590a69fb9ed76?s=96&d=mm&r=g\",\"contentUrl\":\"https:\/\/secure.gravatar.com\/avatar\/ca6cb9ba5a547fbe93c05c63d6103dff6c2566555a601f1efb8590a69fb9ed76?s=96&d=mm&r=g\",\"caption\":\"Renan Araujo\"},\"url\":\"https:\/\/www.estrategiaconcursos.com.br\/blog\/author\/renanaraujoestrategiaconcursos-com-br\/\"}]}<\/script>\n<!-- \/ Yoast SEO Premium plugin. -->","yoast_head_json":{"title":"GABARITO MPCE - Penal e Processo Penal (extraoficial)","description":"Coment\u00e1rios do prof. Renan Araujo \u00e0s quest\u00f5es de Direito Penal e Processual Penal cobradas pelo CESPE no concurso do MPCE (T\u00c9CNICO).","robots":{"index":"index","follow":"follow","max-snippet":"max-snippet:-1","max-image-preview":"max-image-preview:large","max-video-preview":"max-video-preview:-1"},"canonical":"https:\/\/www.estrategiaconcursos.com.br\/blog\/gabarito-mpce-penal-e-processo-penal-extraoficial\/","og_locale":"pt_BR","og_type":"article","og_title":"GABARITO MPCE - Penal e Processo Penal (extraoficial)","og_description":"Coment\u00e1rios do prof. Renan Araujo \u00e0s quest\u00f5es de Direito Penal e Processual Penal cobradas pelo CESPE no concurso do MPCE (T\u00c9CNICO).","og_url":"https:\/\/www.estrategiaconcursos.com.br\/blog\/gabarito-mpce-penal-e-processo-penal-extraoficial\/","og_site_name":"Estrat\u00e9gia Concursos","article_published_time":"2020-03-09T00:21:21+00:00","article_modified_time":"2022-10-24T20:19:46+00:00","og_image":[{"url":"https:\/\/www.estrategiaconcursos.com.br\/blog\/wp-content\/uploads\/2020\/03\/image-106.png","type":"","width":"","height":""}],"author":"Renan Araujo","twitter_card":"summary_large_image","twitter_creator":"@EstratConcursos","twitter_site":"@EstratConcursos","twitter_misc":{"Escrito por":"Renan Araujo","Est. tempo de leitura":"5 minutos"},"schema":{"@context":"https:\/\/schema.org","@graph":[{"@type":"NewsArticle","@id":"https:\/\/www.estrategiaconcursos.com.br\/blog\/gabarito-mpce-penal-e-processo-penal-extraoficial\/#article","isPartOf":{"@id":"https:\/\/www.estrategiaconcursos.com.br\/blog\/gabarito-mpce-penal-e-processo-penal-extraoficial\/"},"author":{"name":"Renan Araujo","@id":"https:\/\/www.estrategiaconcursos.com.br\/blog\/#\/schema\/person\/1a7a7af72da82939a6308b2ee292162b"},"headline":"GABARITO MPCE &#8211; Penal e Processo Penal (extraoficial)","datePublished":"2020-03-09T00:21:21+00:00","dateModified":"2022-10-24T20:19:46+00:00","mainEntityOfPage":{"@id":"https:\/\/www.estrategiaconcursos.com.br\/blog\/gabarito-mpce-penal-e-processo-penal-extraoficial\/"},"wordCount":1043,"commentCount":1,"publisher":{"@id":"https:\/\/www.estrategiaconcursos.com.br\/blog\/#organization"},"image":{"@id":"https:\/\/www.estrategiaconcursos.com.br\/blog\/gabarito-mpce-penal-e-processo-penal-extraoficial\/#primaryimage"},"thumbnailUrl":"https:\/\/www.estrategiaconcursos.com.br\/blog\/wp-content\/uploads\/2020\/03\/image-106.png","articleSection":["Concursos P\u00fablicos"],"inLanguage":"pt-BR","potentialAction":[{"@type":"CommentAction","name":"Comment","target":["https:\/\/www.estrategiaconcursos.com.br\/blog\/gabarito-mpce-penal-e-processo-penal-extraoficial\/#respond"]}],"copyrightYear":"2020","copyrightHolder":{"@id":"https:\/\/www.estrategiaconcursos.com.br\/blog\/#organization"}},{"@type":"WebPage","@id":"https:\/\/www.estrategiaconcursos.com.br\/blog\/gabarito-mpce-penal-e-processo-penal-extraoficial\/","url":"https:\/\/www.estrategiaconcursos.com.br\/blog\/gabarito-mpce-penal-e-processo-penal-extraoficial\/","name":"GABARITO MPCE - Penal e Processo Penal (extraoficial)","isPartOf":{"@id":"https:\/\/www.estrategiaconcursos.com.br\/blog\/#website"},"primaryImageOfPage":{"@id":"https:\/\/www.estrategiaconcursos.com.br\/blog\/gabarito-mpce-penal-e-processo-penal-extraoficial\/#primaryimage"},"image":{"@id":"https:\/\/www.estrategiaconcursos.com.br\/blog\/gabarito-mpce-penal-e-processo-penal-extraoficial\/#primaryimage"},"thumbnailUrl":"https:\/\/www.estrategiaconcursos.com.br\/blog\/wp-content\/uploads\/2020\/03\/image-106.png","datePublished":"2020-03-09T00:21:21+00:00","dateModified":"2022-10-24T20:19:46+00:00","description":"Coment\u00e1rios do prof. Renan Araujo \u00e0s quest\u00f5es de Direito Penal e Processual Penal cobradas pelo CESPE no concurso do MPCE (T\u00c9CNICO).","breadcrumb":{"@id":"https:\/\/www.estrategiaconcursos.com.br\/blog\/gabarito-mpce-penal-e-processo-penal-extraoficial\/#breadcrumb"},"inLanguage":"pt-BR","potentialAction":[{"@type":"ReadAction","target":["https:\/\/www.estrategiaconcursos.com.br\/blog\/gabarito-mpce-penal-e-processo-penal-extraoficial\/"]}]},{"@type":"ImageObject","inLanguage":"pt-BR","@id":"https:\/\/www.estrategiaconcursos.com.br\/blog\/gabarito-mpce-penal-e-processo-penal-extraoficial\/#primaryimage","url":"https:\/\/dhg1h5j42swfq.cloudfront.net\/2020\/03\/08212343\/image-106.png","contentUrl":"https:\/\/dhg1h5j42swfq.cloudfront.net\/2020\/03\/08212343\/image-106.png","width":356,"height":268},{"@type":"BreadcrumbList","@id":"https:\/\/www.estrategiaconcursos.com.br\/blog\/gabarito-mpce-penal-e-processo-penal-extraoficial\/#breadcrumb","itemListElement":[{"@type":"ListItem","position":1,"name":"In\u00edcio","item":"https:\/\/www.estrategiaconcursos.com.br\/blog\/"},{"@type":"ListItem","position":2,"name":"GABARITO MPCE &#8211; Penal e Processo Penal (extraoficial)"}]},{"@type":"WebSite","@id":"https:\/\/www.estrategiaconcursos.com.br\/blog\/#website","url":"https:\/\/www.estrategiaconcursos.com.br\/blog\/","name":"Estrat\u00e9gia Concursos","description":"O blog da Estrat\u00e9gia Concursos traz not\u00edcias sobre concursos e artigos de professores oferecendo cursos para concursos (pdf + videaulas) no site.","publisher":{"@id":"https:\/\/www.estrategiaconcursos.com.br\/blog\/#organization"},"potentialAction":[{"@type":"SearchAction","target":{"@type":"EntryPoint","urlTemplate":"https:\/\/www.estrategiaconcursos.com.br\/blog\/?s={search_term_string}"},"query-input":{"@type":"PropertyValueSpecification","valueRequired":true,"valueName":"search_term_string"}}],"inLanguage":"pt-BR"},{"@type":"Organization","@id":"https:\/\/www.estrategiaconcursos.com.br\/blog\/#organization","name":"Estrat\u00e9gia Concursos","url":"https:\/\/www.estrategiaconcursos.com.br\/blog\/","logo":{"@type":"ImageObject","inLanguage":"pt-BR","@id":"https:\/\/www.estrategiaconcursos.com.br\/blog\/#\/schema\/logo\/image\/","url":"https:\/\/dhg1h5j42swfq.cloudfront.net\/2025\/06\/03203428\/logo_concursos-1.jpg","contentUrl":"https:\/\/dhg1h5j42swfq.cloudfront.net\/2025\/06\/03203428\/logo_concursos-1.jpg","width":230,"height":60,"caption":"Estrat\u00e9gia Concursos"},"image":{"@id":"https:\/\/www.estrategiaconcursos.com.br\/blog\/#\/schema\/logo\/image\/"},"sameAs":["https:\/\/x.com\/EstratConcursos"]},{"@type":"Person","@id":"https:\/\/www.estrategiaconcursos.com.br\/blog\/#\/schema\/person\/1a7a7af72da82939a6308b2ee292162b","name":"Renan Araujo","image":{"@type":"ImageObject","inLanguage":"pt-BR","@id":"https:\/\/secure.gravatar.com\/avatar\/ca6cb9ba5a547fbe93c05c63d6103dff6c2566555a601f1efb8590a69fb9ed76?s=96&d=mm&r=g","url":"https:\/\/secure.gravatar.com\/avatar\/ca6cb9ba5a547fbe93c05c63d6103dff6c2566555a601f1efb8590a69fb9ed76?s=96&d=mm&r=g","contentUrl":"https:\/\/secure.gravatar.com\/avatar\/ca6cb9ba5a547fbe93c05c63d6103dff6c2566555a601f1efb8590a69fb9ed76?s=96&d=mm&r=g","caption":"Renan Araujo"},"url":"https:\/\/www.estrategiaconcursos.com.br\/blog\/author\/renanaraujoestrategiaconcursos-com-br\/"}]}},"_links":{"self":[{"href":"https:\/\/www.estrategiaconcursos.com.br\/blog\/wp-json\/wp\/v2\/posts\/489759","targetHints":{"allow":["GET"]}}],"collection":[{"href":"https:\/\/www.estrategiaconcursos.com.br\/blog\/wp-json\/wp\/v2\/posts"}],"about":[{"href":"https:\/\/www.estrategiaconcursos.com.br\/blog\/wp-json\/wp\/v2\/types\/post"}],"author":[{"embeddable":true,"href":"https:\/\/www.estrategiaconcursos.com.br\/blog\/wp-json\/wp\/v2\/users\/39"}],"replies":[{"embeddable":true,"href":"https:\/\/www.estrategiaconcursos.com.br\/blog\/wp-json\/wp\/v2\/comments?post=489759"}],"version-history":[{"count":5,"href":"https:\/\/www.estrategiaconcursos.com.br\/blog\/wp-json\/wp\/v2\/posts\/489759\/revisions"}],"predecessor-version":[{"id":1114885,"href":"https:\/\/www.estrategiaconcursos.com.br\/blog\/wp-json\/wp\/v2\/posts\/489759\/revisions\/1114885"}],"wp:attachment":[{"href":"https:\/\/www.estrategiaconcursos.com.br\/blog\/wp-json\/wp\/v2\/media?parent=489759"}],"wp:term":[{"taxonomy":"category","embeddable":true,"href":"https:\/\/www.estrategiaconcursos.com.br\/blog\/wp-json\/wp\/v2\/categories?post=489759"},{"taxonomy":"post_tag","embeddable":true,"href":"https:\/\/www.estrategiaconcursos.com.br\/blog\/wp-json\/wp\/v2\/tags?post=489759"},{"taxonomy":"tax_estado","embeddable":true,"href":"https:\/\/www.estrategiaconcursos.com.br\/blog\/wp-json\/wp\/v2\/tax_estado?post=489759"}],"curies":[{"name":"wp","href":"https:\/\/api.w.org\/{rel}","templated":true}]}}