{"id":489735,"date":"2020-03-08T20:13:19","date_gmt":"2020-03-08T23:13:19","guid":{"rendered":"https:\/\/www.estrategiaconcursos.com.br\/blog\/?p=489735"},"modified":"2022-09-06T14:46:49","modified_gmt":"2022-09-06T17:46:49","slug":"comentarios-aos-temas-de-redacao-do-concurso-do-mp-ce-remicao-da-pena-por-meio-da-leitura-e-residuos-solidos","status":"publish","type":"post","link":"https:\/\/www.estrategiaconcursos.com.br\/blog\/comentarios-aos-temas-de-redacao-do-concurso-do-mp-ce-remicao-da-pena-por-meio-da-leitura-e-residuos-solidos\/","title":{"rendered":"Coment\u00e1rios aos temas de reda\u00e7\u00e3o do concurso do MP-CE: remi\u00e7\u00e3o da pena por meio da leitura e res\u00edduos s\u00f3lidos"},"content":{"rendered":"\n<p>Prof. Raphael Reis chegando na \u00e1rea para <strong>comentar os temas de reda\u00e7\u00e3o do concurso do MP-CE<\/strong>, que foi realizado hoje (08\/03).<\/p>\n\n\n\n<p>Depois de me tornar o &#8220;mago da FCC&#8221; &#8211; j\u00e1 s\u00e3o 12 acertos consecutivos em revis\u00e3o de v\u00e9spera, acho que daqui a pouco me tornarei tamb\u00e9m o &#8220;mago da Cespe&#8221; &#8211; hoje foi o terceiro tema consecutivo que acerto!<\/p>\n\n\n\n<p>No dia 13\/03, ser\u00e1 o quarto, porque tamb\u00e9m vou acertar o do concurso da PC-DF ;)<\/p>\n\n\n\n<p>Na revis\u00e3o de v\u00e9spera, analisamos t\u00f3picos sobre cidadania, direitos humanos, seguran\u00e7a p\u00fablica, sistema carcer\u00e1rio, ressocializa\u00e7\u00e3o, saneamento b\u00e1sico :)<\/p>\n\n\n\n<p>Quero saber de voc\u00ea que assistiu as nossas aulas, o que utilizou para montar a sua argumenta\u00e7\u00e3o? Coloque nos coment\u00e1rios.<\/p>\n\n\n\n<p><strong>Veja a live que fiz comentando as possibilidades argumentativas:<\/strong><\/p>\n\n\n\n  <div itemprop=\"video\" itemscope itemtype=\"http:\/\/schema.org\/VideoObject\">\n\t<h2><span itemprop=\"name\">Coment\u00e1rios ao tema de reda\u00e7\u00e3o do MP-CE: a remi\u00e7\u00e3o da pena por meio da leitura | Prof. Raphael Reis<\/span><\/h2>\n\t<meta itemprop=\"duration\" content=\"PT10M35S\" \/>\n\t<meta itemprop=\"uploadDate\" content=\"2020-03-08T23:04:50Z\" \/>\n\t<meta itemprop=\"thumbnailURL\" content=\"https:\/\/i.ytimg.com\/vi\/6-j97_hlHZs\/default.jpg\" \/>\n\t<meta itemprop=\"interactionCount\" content=\"1630\" \/>\n\t<meta itemprop=\"embedURL\" content=\"https:\/\/youtube.googleapis.com\/v\/6-j97_hlHZs\" \/>\n\t<div id=\"schema-videoobject\" class=\"video-container\"><div class=\"lyte-wrapper\" style=\"width:853px;max-width:100%;margin:5px;\"><div class=\"lyMe qsa_\\&amp;showinfo\\=0\" id=\"WYL_6-j97_hlHZs\"><div id=\"lyte_6-j97_hlHZs\" data-src=\"\/\/i.ytimg.com\/vi\/6-j97_hlHZs\/hqdefault.jpg\" class=\"pL\"><div class=\"tC hidden\"><div class=\"tT\"><\/div><\/div><div class=\"play\"><\/div><div class=\"ctrl\"><div class=\"Lctrl\"><\/div><div class=\"Rctrl\"><\/div><\/div><\/div><noscript><a href=\"https:\/\/youtu.be\/6-j97_hlHZs\" rel=\"nofollow\"><img loading=\"lazy\" decoding=\"async\" src=\"https:\/\/i.ytimg.com\/vi\/6-j97_hlHZs\/0.jpg\" alt=\"YouTube video thumbnail\" width=\"853\" height=\"460\" \/><br \/>Assista a este v\u00eddeo no YouTube<\/a><\/noscript><\/div><\/div><div class=\"lL\" style=\"max-width:100%;width:853px;margin:5px;\"><\/div><\/div>\n\t<span itemprop=\"description\">\u2800\u2800\u2800\u2800\u2800\u2800\u2800\u2800<\/span>\n  <\/div><!--Video Markup Code Generated by https:\/\/videoschema.com\/ -->\n\n\n\n<p><strong>Quem sou eu?<\/strong><\/p>\n\n\n\n<p>Sou o Professor Raphael Reis. Para quem ainda n\u00e3o me conhece, fica aqui uma breve apresenta\u00e7\u00e3o: sou Professor do Estrat\u00e9gia Concursos desde 2016 e leciono os seguintes conte\u00fados: Reda\u00e7\u00e3o (macroestrutura), Recursos, Hist\u00f3ria, Filosofia e Sociologia. Fiz minha gradua\u00e7\u00e3o em Hist\u00f3ria (UFJF), especializa\u00e7\u00e3o em Pol\u00edticas P\u00fablicas e Gest\u00e3o Social (UFJF) e mestrado em Sociologia da Educa\u00e7\u00e3o (UFJF).<\/p>\n\n\n\n<p>Nos \u00faltimos anos tenho me especializado na parte de macroestrutura da<br \/>reda\u00e7\u00e3o. Ao perceber que a grande dificuldade dos candidatos \u00e9 desenvolver argumentos bem fundamentados, criei o curso in\u00e9dito e inovador de <a href=\"https:\/\/www.estrategiaconcursos.com.br\/curso\/ciencias-humanas-para-redacao-2019\/\">Ci\u00eancias Humanas para Reda\u00e7\u00e3o<\/a>, que j\u00e1 atendeu milhares de alunos e t\u00eam contribu\u00eddo decisivamente para a melhoria das notas. Sou autor do e-book 15 conceitos para mandar bem na reda\u00e7\u00e3o da FCC.<\/p>\n\n\n\n<p><strong>Sigam-me os bons:<\/strong><\/p>\n\n\n\n<p>Instagram (@profraphaelreis)<\/p>\n\n\n\n<p>YouTube (Professor Raphael Reis)<\/p>\n\n\n\n<p>Telegram: t.me\/profraphael<\/p>\n\n\n\n<p><strong>Site:<\/strong> www.professorraphaelreis.com.br<\/p>\n\n\n<p><!--EndFragment--><\/p>\n\n\n<p><\/p>\n","protected":false},"excerpt":{"rendered":"<p>Prof. Raphael Reis chegando na \u00e1rea para comentar os temas de reda\u00e7\u00e3o do concurso do MP-CE, que foi realizado hoje (08\/03). Depois de me tornar o &#8220;mago da FCC&#8221; &#8211; j\u00e1 s\u00e3o 12 acertos consecutivos em revis\u00e3o de v\u00e9spera, acho que daqui a pouco me tornarei tamb\u00e9m o &#8220;mago da Cespe&#8221; &#8211; hoje foi o [&hellip;]<\/p>\n","protected":false},"author":384,"featured_media":0,"comment_status":"open","ping_status":"closed","sticky":false,"template":"","format":"standard","meta":{"post_tipo":"article","footnotes":""},"categories":[1],"tags":[],"tax_estado":[],"class_list":["post-489735","post","type-post","status-publish","format-standard","hentry","category-cursos-e-concursos"],"acf":[],"yoast_head":"<!-- This site is optimized with the Yoast SEO Premium plugin v27.2 (Yoast SEO v27.2) - https:\/\/yoast.com\/product\/yoast-seo-premium-wordpress\/ -->\n<title>Coment\u00e1rios aos temas de reda\u00e7\u00e3o do concurso do MP-CE: remi\u00e7\u00e3o da pena por meio da leitura e res\u00edduos s\u00f3lidos<\/title>\n<meta name=\"robots\" content=\"index, follow, max-snippet:-1, max-image-preview:large, max-video-preview:-1\" \/>\n<link rel=\"canonical\" href=\"https:\/\/www.estrategiaconcursos.com.br\/blog\/comentarios-aos-temas-de-redacao-do-concurso-do-mp-ce-remicao-da-pena-por-meio-da-leitura-e-residuos-solidos\/\" \/>\n<meta property=\"og:locale\" content=\"pt_BR\" \/>\n<meta property=\"og:type\" content=\"article\" \/>\n<meta property=\"og:title\" content=\"Coment\u00e1rios aos temas de reda\u00e7\u00e3o do concurso do MP-CE: remi\u00e7\u00e3o da pena por meio da leitura e res\u00edduos s\u00f3lidos\" \/>\n<meta property=\"og:description\" content=\"Prof. Raphael Reis chegando na \u00e1rea para comentar os temas de reda\u00e7\u00e3o do concurso do MP-CE, que foi realizado hoje (08\/03). Depois de me tornar o &#8220;mago da FCC&#8221; &#8211; j\u00e1 s\u00e3o 12 acertos consecutivos em revis\u00e3o de v\u00e9spera, acho que daqui a pouco me tornarei tamb\u00e9m o &#8220;mago da Cespe&#8221; &#8211; hoje foi o [&hellip;]\" \/>\n<meta property=\"og:url\" content=\"https:\/\/www.estrategiaconcursos.com.br\/blog\/comentarios-aos-temas-de-redacao-do-concurso-do-mp-ce-remicao-da-pena-por-meio-da-leitura-e-residuos-solidos\/\" \/>\n<meta property=\"og:site_name\" content=\"Estrat\u00e9gia Concursos\" \/>\n<meta property=\"article:published_time\" content=\"2020-03-08T23:13:19+00:00\" \/>\n<meta property=\"article:modified_time\" content=\"2022-09-06T17:46:49+00:00\" \/>\n<meta name=\"author\" content=\"Raphael de Oliveira Reis\" \/>\n<meta name=\"twitter:card\" content=\"summary_large_image\" \/>\n<meta name=\"twitter:creator\" content=\"@EstratConcursos\" \/>\n<meta name=\"twitter:site\" content=\"@EstratConcursos\" \/>\n<meta name=\"twitter:label1\" content=\"Escrito por\" \/>\n\t<meta name=\"twitter:data1\" content=\"Raphael de Oliveira Reis\" \/>\n\t<meta name=\"twitter:label2\" content=\"Est. tempo de leitura\" \/>\n\t<meta name=\"twitter:data2\" content=\"2 minutos\" \/>\n<script type=\"application\/ld+json\" class=\"yoast-schema-graph\">{\"@context\":\"https:\/\/schema.org\",\"@graph\":[{\"@type\":\"NewsArticle\",\"@id\":\"https:\/\/www.estrategiaconcursos.com.br\/blog\/comentarios-aos-temas-de-redacao-do-concurso-do-mp-ce-remicao-da-pena-por-meio-da-leitura-e-residuos-solidos\/#article\",\"isPartOf\":{\"@id\":\"https:\/\/www.estrategiaconcursos.com.br\/blog\/comentarios-aos-temas-de-redacao-do-concurso-do-mp-ce-remicao-da-pena-por-meio-da-leitura-e-residuos-solidos\/\"},\"author\":{\"name\":\"Raphael de Oliveira Reis\",\"@id\":\"https:\/\/www.estrategiaconcursos.com.br\/blog\/#\/schema\/person\/b49a1a49e5ef8a9f8d3268e74404a911\"},\"headline\":\"Coment\u00e1rios aos temas de reda\u00e7\u00e3o do concurso do MP-CE: remi\u00e7\u00e3o da pena por meio da leitura e res\u00edduos s\u00f3lidos\",\"datePublished\":\"2020-03-08T23:13:19+00:00\",\"dateModified\":\"2022-09-06T17:46:49+00:00\",\"mainEntityOfPage\":{\"@id\":\"https:\/\/www.estrategiaconcursos.com.br\/blog\/comentarios-aos-temas-de-redacao-do-concurso-do-mp-ce-remicao-da-pena-por-meio-da-leitura-e-residuos-solidos\/\"},\"wordCount\":336,\"commentCount\":0,\"publisher\":{\"@id\":\"https:\/\/www.estrategiaconcursos.com.br\/blog\/#organization\"},\"articleSection\":[\"Concursos P\u00fablicos\"],\"inLanguage\":\"pt-BR\",\"potentialAction\":[{\"@type\":\"CommentAction\",\"name\":\"Comment\",\"target\":[\"https:\/\/www.estrategiaconcursos.com.br\/blog\/comentarios-aos-temas-de-redacao-do-concurso-do-mp-ce-remicao-da-pena-por-meio-da-leitura-e-residuos-solidos\/#respond\"]}],\"copyrightYear\":\"2020\",\"copyrightHolder\":{\"@id\":\"https:\/\/www.estrategiaconcursos.com.br\/blog\/#organization\"}},{\"@type\":\"WebPage\",\"@id\":\"https:\/\/www.estrategiaconcursos.com.br\/blog\/comentarios-aos-temas-de-redacao-do-concurso-do-mp-ce-remicao-da-pena-por-meio-da-leitura-e-residuos-solidos\/\",\"url\":\"https:\/\/www.estrategiaconcursos.com.br\/blog\/comentarios-aos-temas-de-redacao-do-concurso-do-mp-ce-remicao-da-pena-por-meio-da-leitura-e-residuos-solidos\/\",\"name\":\"Coment\u00e1rios aos temas de reda\u00e7\u00e3o do concurso do MP-CE: remi\u00e7\u00e3o da pena por meio da leitura e res\u00edduos s\u00f3lidos\",\"isPartOf\":{\"@id\":\"https:\/\/www.estrategiaconcursos.com.br\/blog\/#website\"},\"datePublished\":\"2020-03-08T23:13:19+00:00\",\"dateModified\":\"2022-09-06T17:46:49+00:00\",\"breadcrumb\":{\"@id\":\"https:\/\/www.estrategiaconcursos.com.br\/blog\/comentarios-aos-temas-de-redacao-do-concurso-do-mp-ce-remicao-da-pena-por-meio-da-leitura-e-residuos-solidos\/#breadcrumb\"},\"inLanguage\":\"pt-BR\",\"potentialAction\":[{\"@type\":\"ReadAction\",\"target\":[\"https:\/\/www.estrategiaconcursos.com.br\/blog\/comentarios-aos-temas-de-redacao-do-concurso-do-mp-ce-remicao-da-pena-por-meio-da-leitura-e-residuos-solidos\/\"]}]},{\"@type\":\"BreadcrumbList\",\"@id\":\"https:\/\/www.estrategiaconcursos.com.br\/blog\/comentarios-aos-temas-de-redacao-do-concurso-do-mp-ce-remicao-da-pena-por-meio-da-leitura-e-residuos-solidos\/#breadcrumb\",\"itemListElement\":[{\"@type\":\"ListItem\",\"position\":1,\"name\":\"In\u00edcio\",\"item\":\"https:\/\/www.estrategiaconcursos.com.br\/blog\/\"},{\"@type\":\"ListItem\",\"position\":2,\"name\":\"Coment\u00e1rios aos temas de reda\u00e7\u00e3o do concurso do MP-CE: remi\u00e7\u00e3o da pena por meio da leitura e res\u00edduos s\u00f3lidos\"}]},{\"@type\":\"WebSite\",\"@id\":\"https:\/\/www.estrategiaconcursos.com.br\/blog\/#website\",\"url\":\"https:\/\/www.estrategiaconcursos.com.br\/blog\/\",\"name\":\"Estrat\u00e9gia Concursos\",\"description\":\"O blog da Estrat\u00e9gia Concursos traz not\u00edcias sobre concursos e artigos de professores oferecendo cursos para concursos (pdf + videaulas) no site.\",\"publisher\":{\"@id\":\"https:\/\/www.estrategiaconcursos.com.br\/blog\/#organization\"},\"potentialAction\":[{\"@type\":\"SearchAction\",\"target\":{\"@type\":\"EntryPoint\",\"urlTemplate\":\"https:\/\/www.estrategiaconcursos.com.br\/blog\/?s={search_term_string}\"},\"query-input\":{\"@type\":\"PropertyValueSpecification\",\"valueRequired\":true,\"valueName\":\"search_term_string\"}}],\"inLanguage\":\"pt-BR\"},{\"@type\":\"Organization\",\"@id\":\"https:\/\/www.estrategiaconcursos.com.br\/blog\/#organization\",\"name\":\"Estrat\u00e9gia Concursos\",\"url\":\"https:\/\/www.estrategiaconcursos.com.br\/blog\/\",\"logo\":{\"@type\":\"ImageObject\",\"inLanguage\":\"pt-BR\",\"@id\":\"https:\/\/www.estrategiaconcursos.com.br\/blog\/#\/schema\/logo\/image\/\",\"url\":\"https:\/\/dhg1h5j42swfq.cloudfront.net\/2025\/06\/03203428\/logo_concursos-1.jpg\",\"contentUrl\":\"https:\/\/dhg1h5j42swfq.cloudfront.net\/2025\/06\/03203428\/logo_concursos-1.jpg\",\"width\":230,\"height\":60,\"caption\":\"Estrat\u00e9gia Concursos\"},\"image\":{\"@id\":\"https:\/\/www.estrategiaconcursos.com.br\/blog\/#\/schema\/logo\/image\/\"},\"sameAs\":[\"https:\/\/x.com\/EstratConcursos\"]},{\"@type\":\"Person\",\"@id\":\"https:\/\/www.estrategiaconcursos.com.br\/blog\/#\/schema\/person\/b49a1a49e5ef8a9f8d3268e74404a911\",\"name\":\"Raphael de Oliveira Reis\",\"image\":{\"@type\":\"ImageObject\",\"inLanguage\":\"pt-BR\",\"@id\":\"https:\/\/secure.gravatar.com\/avatar\/b1c5789180fc7bfb5103ec006c301370c02393e37aa13c55f6d72f05fcc76b3b?s=96&d=mm&r=g\",\"url\":\"https:\/\/secure.gravatar.com\/avatar\/b1c5789180fc7bfb5103ec006c301370c02393e37aa13c55f6d72f05fcc76b3b?s=96&d=mm&r=g\",\"contentUrl\":\"https:\/\/secure.gravatar.com\/avatar\/b1c5789180fc7bfb5103ec006c301370c02393e37aa13c55f6d72f05fcc76b3b?s=96&d=mm&r=g\",\"caption\":\"Raphael de Oliveira Reis\"},\"url\":\"https:\/\/www.estrategiaconcursos.com.br\/blog\/author\/profraphaelreisgmail-com\/\"}]}<\/script>\n<!-- \/ Yoast SEO Premium plugin. -->","yoast_head_json":{"title":"Coment\u00e1rios aos temas de reda\u00e7\u00e3o do concurso do MP-CE: remi\u00e7\u00e3o da pena por meio da leitura e res\u00edduos s\u00f3lidos","robots":{"index":"index","follow":"follow","max-snippet":"max-snippet:-1","max-image-preview":"max-image-preview:large","max-video-preview":"max-video-preview:-1"},"canonical":"https:\/\/www.estrategiaconcursos.com.br\/blog\/comentarios-aos-temas-de-redacao-do-concurso-do-mp-ce-remicao-da-pena-por-meio-da-leitura-e-residuos-solidos\/","og_locale":"pt_BR","og_type":"article","og_title":"Coment\u00e1rios aos temas de reda\u00e7\u00e3o do concurso do MP-CE: remi\u00e7\u00e3o da pena por meio da leitura e res\u00edduos s\u00f3lidos","og_description":"Prof. Raphael Reis chegando na \u00e1rea para comentar os temas de reda\u00e7\u00e3o do concurso do MP-CE, que foi realizado hoje (08\/03). Depois de me tornar o &#8220;mago da FCC&#8221; &#8211; j\u00e1 s\u00e3o 12 acertos consecutivos em revis\u00e3o de v\u00e9spera, acho que daqui a pouco me tornarei tamb\u00e9m o &#8220;mago da Cespe&#8221; &#8211; hoje foi o [&hellip;]","og_url":"https:\/\/www.estrategiaconcursos.com.br\/blog\/comentarios-aos-temas-de-redacao-do-concurso-do-mp-ce-remicao-da-pena-por-meio-da-leitura-e-residuos-solidos\/","og_site_name":"Estrat\u00e9gia Concursos","article_published_time":"2020-03-08T23:13:19+00:00","article_modified_time":"2022-09-06T17:46:49+00:00","author":"Raphael de Oliveira Reis","twitter_card":"summary_large_image","twitter_creator":"@EstratConcursos","twitter_site":"@EstratConcursos","twitter_misc":{"Escrito por":"Raphael de Oliveira Reis","Est. tempo de leitura":"2 minutos"},"schema":{"@context":"https:\/\/schema.org","@graph":[{"@type":"NewsArticle","@id":"https:\/\/www.estrategiaconcursos.com.br\/blog\/comentarios-aos-temas-de-redacao-do-concurso-do-mp-ce-remicao-da-pena-por-meio-da-leitura-e-residuos-solidos\/#article","isPartOf":{"@id":"https:\/\/www.estrategiaconcursos.com.br\/blog\/comentarios-aos-temas-de-redacao-do-concurso-do-mp-ce-remicao-da-pena-por-meio-da-leitura-e-residuos-solidos\/"},"author":{"name":"Raphael de Oliveira Reis","@id":"https:\/\/www.estrategiaconcursos.com.br\/blog\/#\/schema\/person\/b49a1a49e5ef8a9f8d3268e74404a911"},"headline":"Coment\u00e1rios aos temas de reda\u00e7\u00e3o do concurso do MP-CE: remi\u00e7\u00e3o da pena por meio da leitura e res\u00edduos s\u00f3lidos","datePublished":"2020-03-08T23:13:19+00:00","dateModified":"2022-09-06T17:46:49+00:00","mainEntityOfPage":{"@id":"https:\/\/www.estrategiaconcursos.com.br\/blog\/comentarios-aos-temas-de-redacao-do-concurso-do-mp-ce-remicao-da-pena-por-meio-da-leitura-e-residuos-solidos\/"},"wordCount":336,"commentCount":0,"publisher":{"@id":"https:\/\/www.estrategiaconcursos.com.br\/blog\/#organization"},"articleSection":["Concursos P\u00fablicos"],"inLanguage":"pt-BR","potentialAction":[{"@type":"CommentAction","name":"Comment","target":["https:\/\/www.estrategiaconcursos.com.br\/blog\/comentarios-aos-temas-de-redacao-do-concurso-do-mp-ce-remicao-da-pena-por-meio-da-leitura-e-residuos-solidos\/#respond"]}],"copyrightYear":"2020","copyrightHolder":{"@id":"https:\/\/www.estrategiaconcursos.com.br\/blog\/#organization"}},{"@type":"WebPage","@id":"https:\/\/www.estrategiaconcursos.com.br\/blog\/comentarios-aos-temas-de-redacao-do-concurso-do-mp-ce-remicao-da-pena-por-meio-da-leitura-e-residuos-solidos\/","url":"https:\/\/www.estrategiaconcursos.com.br\/blog\/comentarios-aos-temas-de-redacao-do-concurso-do-mp-ce-remicao-da-pena-por-meio-da-leitura-e-residuos-solidos\/","name":"Coment\u00e1rios aos temas de reda\u00e7\u00e3o do concurso do MP-CE: remi\u00e7\u00e3o da pena por meio da leitura e res\u00edduos s\u00f3lidos","isPartOf":{"@id":"https:\/\/www.estrategiaconcursos.com.br\/blog\/#website"},"datePublished":"2020-03-08T23:13:19+00:00","dateModified":"2022-09-06T17:46:49+00:00","breadcrumb":{"@id":"https:\/\/www.estrategiaconcursos.com.br\/blog\/comentarios-aos-temas-de-redacao-do-concurso-do-mp-ce-remicao-da-pena-por-meio-da-leitura-e-residuos-solidos\/#breadcrumb"},"inLanguage":"pt-BR","potentialAction":[{"@type":"ReadAction","target":["https:\/\/www.estrategiaconcursos.com.br\/blog\/comentarios-aos-temas-de-redacao-do-concurso-do-mp-ce-remicao-da-pena-por-meio-da-leitura-e-residuos-solidos\/"]}]},{"@type":"BreadcrumbList","@id":"https:\/\/www.estrategiaconcursos.com.br\/blog\/comentarios-aos-temas-de-redacao-do-concurso-do-mp-ce-remicao-da-pena-por-meio-da-leitura-e-residuos-solidos\/#breadcrumb","itemListElement":[{"@type":"ListItem","position":1,"name":"In\u00edcio","item":"https:\/\/www.estrategiaconcursos.com.br\/blog\/"},{"@type":"ListItem","position":2,"name":"Coment\u00e1rios aos temas de reda\u00e7\u00e3o do concurso do MP-CE: remi\u00e7\u00e3o da pena por meio da leitura e res\u00edduos s\u00f3lidos"}]},{"@type":"WebSite","@id":"https:\/\/www.estrategiaconcursos.com.br\/blog\/#website","url":"https:\/\/www.estrategiaconcursos.com.br\/blog\/","name":"Estrat\u00e9gia Concursos","description":"O blog da Estrat\u00e9gia Concursos traz not\u00edcias sobre concursos e artigos de professores oferecendo cursos para concursos (pdf + videaulas) no site.","publisher":{"@id":"https:\/\/www.estrategiaconcursos.com.br\/blog\/#organization"},"potentialAction":[{"@type":"SearchAction","target":{"@type":"EntryPoint","urlTemplate":"https:\/\/www.estrategiaconcursos.com.br\/blog\/?s={search_term_string}"},"query-input":{"@type":"PropertyValueSpecification","valueRequired":true,"valueName":"search_term_string"}}],"inLanguage":"pt-BR"},{"@type":"Organization","@id":"https:\/\/www.estrategiaconcursos.com.br\/blog\/#organization","name":"Estrat\u00e9gia Concursos","url":"https:\/\/www.estrategiaconcursos.com.br\/blog\/","logo":{"@type":"ImageObject","inLanguage":"pt-BR","@id":"https:\/\/www.estrategiaconcursos.com.br\/blog\/#\/schema\/logo\/image\/","url":"https:\/\/dhg1h5j42swfq.cloudfront.net\/2025\/06\/03203428\/logo_concursos-1.jpg","contentUrl":"https:\/\/dhg1h5j42swfq.cloudfront.net\/2025\/06\/03203428\/logo_concursos-1.jpg","width":230,"height":60,"caption":"Estrat\u00e9gia Concursos"},"image":{"@id":"https:\/\/www.estrategiaconcursos.com.br\/blog\/#\/schema\/logo\/image\/"},"sameAs":["https:\/\/x.com\/EstratConcursos"]},{"@type":"Person","@id":"https:\/\/www.estrategiaconcursos.com.br\/blog\/#\/schema\/person\/b49a1a49e5ef8a9f8d3268e74404a911","name":"Raphael de Oliveira Reis","image":{"@type":"ImageObject","inLanguage":"pt-BR","@id":"https:\/\/secure.gravatar.com\/avatar\/b1c5789180fc7bfb5103ec006c301370c02393e37aa13c55f6d72f05fcc76b3b?s=96&d=mm&r=g","url":"https:\/\/secure.gravatar.com\/avatar\/b1c5789180fc7bfb5103ec006c301370c02393e37aa13c55f6d72f05fcc76b3b?s=96&d=mm&r=g","contentUrl":"https:\/\/secure.gravatar.com\/avatar\/b1c5789180fc7bfb5103ec006c301370c02393e37aa13c55f6d72f05fcc76b3b?s=96&d=mm&r=g","caption":"Raphael de Oliveira Reis"},"url":"https:\/\/www.estrategiaconcursos.com.br\/blog\/author\/profraphaelreisgmail-com\/"}]}},"_links":{"self":[{"href":"https:\/\/www.estrategiaconcursos.com.br\/blog\/wp-json\/wp\/v2\/posts\/489735","targetHints":{"allow":["GET"]}}],"collection":[{"href":"https:\/\/www.estrategiaconcursos.com.br\/blog\/wp-json\/wp\/v2\/posts"}],"about":[{"href":"https:\/\/www.estrategiaconcursos.com.br\/blog\/wp-json\/wp\/v2\/types\/post"}],"author":[{"embeddable":true,"href":"https:\/\/www.estrategiaconcursos.com.br\/blog\/wp-json\/wp\/v2\/users\/384"}],"replies":[{"embeddable":true,"href":"https:\/\/www.estrategiaconcursos.com.br\/blog\/wp-json\/wp\/v2\/comments?post=489735"}],"version-history":[{"count":3,"href":"https:\/\/www.estrategiaconcursos.com.br\/blog\/wp-json\/wp\/v2\/posts\/489735\/revisions"}],"predecessor-version":[{"id":1090387,"href":"https:\/\/www.estrategiaconcursos.com.br\/blog\/wp-json\/wp\/v2\/posts\/489735\/revisions\/1090387"}],"wp:attachment":[{"href":"https:\/\/www.estrategiaconcursos.com.br\/blog\/wp-json\/wp\/v2\/media?parent=489735"}],"wp:term":[{"taxonomy":"category","embeddable":true,"href":"https:\/\/www.estrategiaconcursos.com.br\/blog\/wp-json\/wp\/v2\/categories?post=489735"},{"taxonomy":"post_tag","embeddable":true,"href":"https:\/\/www.estrategiaconcursos.com.br\/blog\/wp-json\/wp\/v2\/tags?post=489735"},{"taxonomy":"tax_estado","embeddable":true,"href":"https:\/\/www.estrategiaconcursos.com.br\/blog\/wp-json\/wp\/v2\/tax_estado?post=489735"}],"curies":[{"name":"wp","href":"https:\/\/api.w.org\/{rel}","templated":true}]}}