{"id":489713,"date":"2020-03-08T14:59:44","date_gmt":"2020-03-08T17:59:44","guid":{"rendered":"https:\/\/www.estrategiaconcursos.com.br\/blog\/?p=489713"},"modified":"2020-03-08T14:59:45","modified_gmt":"2020-03-08T17:59:45","slug":"gabarito-mpce-analista-etica","status":"publish","type":"post","link":"https:\/\/www.estrategiaconcursos.com.br\/blog\/gabarito-mpce-analista-etica\/","title":{"rendered":"Gabarito MPCE Analista &#8211; \u00c9tica"},"content":{"rendered":"\n<p>Fala pessoal! Aqui \u00e9 o Prof. Paulo Guimar\u00e3es, e vamos agora corrigir as quest\u00f5es de \u00c9tica que foram aplicadas no concurso do MPCE para o cargo de Analista. Se tiver d\u00favidas voc\u00ea pode entrar em contanto comigo pelo <a href=\"http:\/\/www.instagram.com\/profpauloguimaraes\">instagram<\/a>, ou deixe sua d\u00favida aqui nos coment\u00e1rios e eu vou responder.<\/p>\n\n\n\n<p>Vamos \u00e0 nossa corre\u00e7\u00e3o!<\/p>\n\n\n\n<figure class=\"wp-block-image size-large\"><img loading=\"lazy\" decoding=\"async\" width=\"674\" height=\"85\" src=\"https:\/\/dhg1h5j42swfq.cloudfront.net\/2020\/03\/08145342\/image-99.png\" alt=\"\" class=\"wp-image-489714\" srcset=\"https:\/\/dhg1h5j42swfq.cloudfront.net\/2020\/03\/08145342\/image-99.png 674w, https:\/\/dhg1h5j42swfq.cloudfront.net\/2020\/03\/08145342\/image-99-300x38.png 300w, https:\/\/dhg1h5j42swfq.cloudfront.net\/2020\/03\/08145342\/image-99-610x77.png 610w\" sizes=\"auto, (max-width: 674px) 100vw, 674px\" \/><\/figure>\n\n\n\n<p>Os ju\u00edzos de valor v\u00e3o al\u00e9m da perspectiva da legalidade, exigindo que as pessoas tomem decis\u00f5es em termos de certo e errado, justo e injusto, etc. N\u00e3o se trata apenas do que \u00e9 legal ou ilegal.<\/p>\n\n\n\n<p>GABARITO: ERRADO<\/p>\n\n\n\n<figure class=\"wp-block-image size-large\"><img loading=\"lazy\" decoding=\"async\" width=\"712\" height=\"83\" src=\"https:\/\/dhg1h5j42swfq.cloudfront.net\/2020\/03\/08145434\/image-100.png\" alt=\"\" class=\"wp-image-489715\" srcset=\"https:\/\/dhg1h5j42swfq.cloudfront.net\/2020\/03\/08145434\/image-100.png 712w, https:\/\/dhg1h5j42swfq.cloudfront.net\/2020\/03\/08145434\/image-100-300x35.png 300w, https:\/\/dhg1h5j42swfq.cloudfront.net\/2020\/03\/08145434\/image-100-610x71.png 610w\" sizes=\"auto, (max-width: 712px) 100vw, 712px\" \/><\/figure>\n\n\n\n<p>\u00c9 completamente equivocado dizer que o senso moral \u00e9 universal, justamente porque a moral, por excel\u00eancia, varia no tempo e no espa\u00e7o. O que \u00e9 moralmente aceit\u00e1vel aqui no Brasil em 2020 pode ser completamente inaceit\u00e1vel em outro lugar e em outra \u00e9poca.<\/p>\n\n\n\n<p>GABARITO: ERRADO<\/p>\n\n\n\n<figure class=\"wp-block-image size-large\"><img loading=\"lazy\" decoding=\"async\" width=\"706\" height=\"67\" src=\"https:\/\/dhg1h5j42swfq.cloudfront.net\/2020\/03\/08145538\/image-101.png\" alt=\"\" class=\"wp-image-489717\" srcset=\"https:\/\/dhg1h5j42swfq.cloudfront.net\/2020\/03\/08145538\/image-101.png 706w, https:\/\/dhg1h5j42swfq.cloudfront.net\/2020\/03\/08145538\/image-101-300x28.png 300w, https:\/\/dhg1h5j42swfq.cloudfront.net\/2020\/03\/08145538\/image-101-610x58.png 610w\" sizes=\"auto, (max-width: 706px) 100vw, 706px\" \/><\/figure>\n\n\n\n<p>Valores positivos e negativos, em termos de \u00c9tica, devem ser encarados como as no\u00e7\u00f5es de certo e errado. Dizer que esses valores podem ser dissociados do senso moral \u00e9 falacioso, pois o ser humano \u00e9 racional e complexo, e considera determinada conduta conveniente ou n\u00e3o de acordo com o seu senso de justi\u00e7a, que nada mais \u00e9 do que o senso moral.<\/p>\n\n\n\n<p>GABARITO: ERRADO<\/p>\n\n\n\n<figure class=\"wp-block-image size-large\"><img loading=\"lazy\" decoding=\"async\" width=\"666\" height=\"66\" src=\"https:\/\/dhg1h5j42swfq.cloudfront.net\/2020\/03\/08145643\/image-102.png\" alt=\"\" class=\"wp-image-489718\" srcset=\"https:\/\/dhg1h5j42swfq.cloudfront.net\/2020\/03\/08145643\/image-102.png 666w, https:\/\/dhg1h5j42swfq.cloudfront.net\/2020\/03\/08145643\/image-102-300x30.png 300w, https:\/\/dhg1h5j42swfq.cloudfront.net\/2020\/03\/08145643\/image-102-610x60.png 610w\" sizes=\"auto, (max-width: 666px) 100vw, 666px\" \/><\/figure>\n\n\n\n<p>O agir \u00e9tico est\u00e1 relacionado \u00e0 moralidade da Administra\u00e7\u00e3o P\u00fablica, que, sob o prisma da \u00c9tica Profissional, ser\u00e1 atingida por meio do equil\u00edbrio entre legalidade e finalidade. Para buscar a finalidade o servidor deve ter em mente no\u00e7\u00f5es como justi\u00e7a e bem comum, e por isso podemos dizer que o agir \u00e9tico depende da liberdade de consci\u00eancia. Sem uma consci\u00eancia livre o indiv\u00edduo n\u00e3o pode tomar decis\u00f5es racionais e, portanto, n\u00e3o pode agir de maneira \u00e9tica.<\/p>\n\n\n\n<p>GABARITO: CERTO<\/p>\n\n\n\n<figure class=\"wp-block-image size-large\"><img loading=\"lazy\" decoding=\"async\" width=\"702\" height=\"96\" src=\"https:\/\/dhg1h5j42swfq.cloudfront.net\/2020\/03\/08145817\/image-103.png\" alt=\"\" class=\"wp-image-489720\" srcset=\"https:\/\/dhg1h5j42swfq.cloudfront.net\/2020\/03\/08145817\/image-103.png 702w, https:\/\/dhg1h5j42swfq.cloudfront.net\/2020\/03\/08145817\/image-103-300x41.png 300w, https:\/\/dhg1h5j42swfq.cloudfront.net\/2020\/03\/08145817\/image-103-610x83.png 610w\" sizes=\"auto, (max-width: 702px) 100vw, 702px\" \/><\/figure>\n\n\n\n<p>E mais uma vez Arist\u00f3teles surgiu para assombrar os concurseiros de bom cora\u00e7\u00e3o! Uma das ideias mais interessantes da \u00c9tica aristot\u00e9lica \u00e9 a de que as manifesta\u00e7\u00f5es da virtude est\u00e3o ligadas ao agir, e n\u00e3o apenas ao pensar. Para dizermos que algu\u00e9m \u00e9 virtuoso, devemos nos pautar nas a\u00e7\u00f5es dessa pessoa, e n\u00e3o simplesmente nos seus pensamentos. Sob esse ponto de vista podemos dizer que quest\u00e3o est\u00e1 correta, pois os h\u00e1bitos e costumes s\u00e3o justamente as a\u00e7\u00f5es dos seres morais, que definem o valor da sua conduta.<\/p>\n\n\n\n<p>GABARITO: CERTO<\/p>\n","protected":false},"excerpt":{"rendered":"<p>Fala pessoal! Aqui \u00e9 o Prof. Paulo Guimar\u00e3es, e vamos agora corrigir as quest\u00f5es de \u00c9tica que foram aplicadas no concurso do MPCE para o cargo de Analista. Se tiver d\u00favidas voc\u00ea pode entrar em contanto comigo pelo instagram, ou deixe sua d\u00favida aqui nos coment\u00e1rios e eu vou responder. Vamos \u00e0 nossa corre\u00e7\u00e3o! Os [&hellip;]<\/p>\n","protected":false},"author":99,"featured_media":0,"comment_status":"open","ping_status":"closed","sticky":false,"template":"","format":"standard","meta":{"post_tipo":"article","footnotes":""},"categories":[1],"tags":[],"tax_estado":[],"class_list":["post-489713","post","type-post","status-publish","format-standard","hentry","category-cursos-e-concursos"],"acf":[],"yoast_head":"<!-- This site is optimized with the Yoast SEO Premium plugin v27.2 (Yoast SEO v27.2) - https:\/\/yoast.com\/product\/yoast-seo-premium-wordpress\/ -->\n<title>Gabarito MPCE Analista - \u00c9tica<\/title>\n<meta name=\"robots\" content=\"index, follow, max-snippet:-1, max-image-preview:large, max-video-preview:-1\" \/>\n<link rel=\"canonical\" href=\"https:\/\/www.estrategiaconcursos.com.br\/blog\/gabarito-mpce-analista-etica\/\" \/>\n<meta property=\"og:locale\" content=\"pt_BR\" \/>\n<meta property=\"og:type\" content=\"article\" \/>\n<meta property=\"og:title\" content=\"Gabarito MPCE Analista - \u00c9tica\" \/>\n<meta property=\"og:description\" content=\"Fala pessoal! Aqui \u00e9 o Prof. Paulo Guimar\u00e3es, e vamos agora corrigir as quest\u00f5es de \u00c9tica que foram aplicadas no concurso do MPCE para o cargo de Analista. Se tiver d\u00favidas voc\u00ea pode entrar em contanto comigo pelo instagram, ou deixe sua d\u00favida aqui nos coment\u00e1rios e eu vou responder. Vamos \u00e0 nossa corre\u00e7\u00e3o! Os [&hellip;]\" \/>\n<meta property=\"og:url\" content=\"https:\/\/www.estrategiaconcursos.com.br\/blog\/gabarito-mpce-analista-etica\/\" \/>\n<meta property=\"og:site_name\" content=\"Estrat\u00e9gia Concursos\" \/>\n<meta property=\"article:published_time\" content=\"2020-03-08T17:59:44+00:00\" \/>\n<meta property=\"article:modified_time\" content=\"2020-03-08T17:59:45+00:00\" \/>\n<meta property=\"og:image\" content=\"https:\/\/www.estrategiaconcursos.com.br\/blog\/wp-content\/uploads\/2020\/03\/image-99.png\" \/>\n<meta name=\"author\" content=\"Paulo Guimar\u00e3es\" \/>\n<meta name=\"twitter:card\" content=\"summary_large_image\" \/>\n<meta name=\"twitter:creator\" content=\"@EstratConcursos\" \/>\n<meta name=\"twitter:site\" content=\"@EstratConcursos\" \/>\n<meta name=\"twitter:label1\" content=\"Escrito por\" \/>\n\t<meta name=\"twitter:data1\" content=\"Paulo Guimar\u00e3es\" \/>\n\t<meta name=\"twitter:label2\" content=\"Est. tempo de leitura\" \/>\n\t<meta name=\"twitter:data2\" content=\"2 minutos\" \/>\n<script type=\"application\/ld+json\" class=\"yoast-schema-graph\">{\"@context\":\"https:\/\/schema.org\",\"@graph\":[{\"@type\":\"NewsArticle\",\"@id\":\"https:\/\/www.estrategiaconcursos.com.br\/blog\/gabarito-mpce-analista-etica\/#article\",\"isPartOf\":{\"@id\":\"https:\/\/www.estrategiaconcursos.com.br\/blog\/gabarito-mpce-analista-etica\/\"},\"author\":{\"name\":\"Paulo Guimar\u00e3es\",\"@id\":\"https:\/\/www.estrategiaconcursos.com.br\/blog\/#\/schema\/person\/80ff9f9f52e43a90b6efd99f2869d22b\"},\"headline\":\"Gabarito MPCE Analista &#8211; \u00c9tica\",\"datePublished\":\"2020-03-08T17:59:44+00:00\",\"dateModified\":\"2020-03-08T17:59:45+00:00\",\"mainEntityOfPage\":{\"@id\":\"https:\/\/www.estrategiaconcursos.com.br\/blog\/gabarito-mpce-analista-etica\/\"},\"wordCount\":402,\"commentCount\":0,\"publisher\":{\"@id\":\"https:\/\/www.estrategiaconcursos.com.br\/blog\/#organization\"},\"image\":{\"@id\":\"https:\/\/www.estrategiaconcursos.com.br\/blog\/gabarito-mpce-analista-etica\/#primaryimage\"},\"thumbnailUrl\":\"https:\/\/www.estrategiaconcursos.com.br\/blog\/wp-content\/uploads\/2020\/03\/image-99.png\",\"articleSection\":[\"Concursos P\u00fablicos\"],\"inLanguage\":\"pt-BR\",\"potentialAction\":[{\"@type\":\"CommentAction\",\"name\":\"Comment\",\"target\":[\"https:\/\/www.estrategiaconcursos.com.br\/blog\/gabarito-mpce-analista-etica\/#respond\"]}],\"copyrightYear\":\"2020\",\"copyrightHolder\":{\"@id\":\"https:\/\/www.estrategiaconcursos.com.br\/blog\/#organization\"}},{\"@type\":\"WebPage\",\"@id\":\"https:\/\/www.estrategiaconcursos.com.br\/blog\/gabarito-mpce-analista-etica\/\",\"url\":\"https:\/\/www.estrategiaconcursos.com.br\/blog\/gabarito-mpce-analista-etica\/\",\"name\":\"Gabarito MPCE Analista - \u00c9tica\",\"isPartOf\":{\"@id\":\"https:\/\/www.estrategiaconcursos.com.br\/blog\/#website\"},\"primaryImageOfPage\":{\"@id\":\"https:\/\/www.estrategiaconcursos.com.br\/blog\/gabarito-mpce-analista-etica\/#primaryimage\"},\"image\":{\"@id\":\"https:\/\/www.estrategiaconcursos.com.br\/blog\/gabarito-mpce-analista-etica\/#primaryimage\"},\"thumbnailUrl\":\"https:\/\/www.estrategiaconcursos.com.br\/blog\/wp-content\/uploads\/2020\/03\/image-99.png\",\"datePublished\":\"2020-03-08T17:59:44+00:00\",\"dateModified\":\"2020-03-08T17:59:45+00:00\",\"breadcrumb\":{\"@id\":\"https:\/\/www.estrategiaconcursos.com.br\/blog\/gabarito-mpce-analista-etica\/#breadcrumb\"},\"inLanguage\":\"pt-BR\",\"potentialAction\":[{\"@type\":\"ReadAction\",\"target\":[\"https:\/\/www.estrategiaconcursos.com.br\/blog\/gabarito-mpce-analista-etica\/\"]}]},{\"@type\":\"ImageObject\",\"inLanguage\":\"pt-BR\",\"@id\":\"https:\/\/www.estrategiaconcursos.com.br\/blog\/gabarito-mpce-analista-etica\/#primaryimage\",\"url\":\"https:\/\/dhg1h5j42swfq.cloudfront.net\/2020\/03\/08145342\/image-99.png\",\"contentUrl\":\"https:\/\/dhg1h5j42swfq.cloudfront.net\/2020\/03\/08145342\/image-99.png\",\"width\":674,\"height\":85},{\"@type\":\"BreadcrumbList\",\"@id\":\"https:\/\/www.estrategiaconcursos.com.br\/blog\/gabarito-mpce-analista-etica\/#breadcrumb\",\"itemListElement\":[{\"@type\":\"ListItem\",\"position\":1,\"name\":\"In\u00edcio\",\"item\":\"https:\/\/www.estrategiaconcursos.com.br\/blog\/\"},{\"@type\":\"ListItem\",\"position\":2,\"name\":\"Gabarito MPCE Analista &#8211; \u00c9tica\"}]},{\"@type\":\"WebSite\",\"@id\":\"https:\/\/www.estrategiaconcursos.com.br\/blog\/#website\",\"url\":\"https:\/\/www.estrategiaconcursos.com.br\/blog\/\",\"name\":\"Estrat\u00e9gia Concursos\",\"description\":\"O blog da Estrat\u00e9gia Concursos traz not\u00edcias sobre concursos e artigos de professores oferecendo cursos para concursos (pdf + videaulas) no site.\",\"publisher\":{\"@id\":\"https:\/\/www.estrategiaconcursos.com.br\/blog\/#organization\"},\"potentialAction\":[{\"@type\":\"SearchAction\",\"target\":{\"@type\":\"EntryPoint\",\"urlTemplate\":\"https:\/\/www.estrategiaconcursos.com.br\/blog\/?s={search_term_string}\"},\"query-input\":{\"@type\":\"PropertyValueSpecification\",\"valueRequired\":true,\"valueName\":\"search_term_string\"}}],\"inLanguage\":\"pt-BR\"},{\"@type\":\"Organization\",\"@id\":\"https:\/\/www.estrategiaconcursos.com.br\/blog\/#organization\",\"name\":\"Estrat\u00e9gia Concursos\",\"url\":\"https:\/\/www.estrategiaconcursos.com.br\/blog\/\",\"logo\":{\"@type\":\"ImageObject\",\"inLanguage\":\"pt-BR\",\"@id\":\"https:\/\/www.estrategiaconcursos.com.br\/blog\/#\/schema\/logo\/image\/\",\"url\":\"https:\/\/dhg1h5j42swfq.cloudfront.net\/2025\/06\/03203428\/logo_concursos-1.jpg\",\"contentUrl\":\"https:\/\/dhg1h5j42swfq.cloudfront.net\/2025\/06\/03203428\/logo_concursos-1.jpg\",\"width\":230,\"height\":60,\"caption\":\"Estrat\u00e9gia Concursos\"},\"image\":{\"@id\":\"https:\/\/www.estrategiaconcursos.com.br\/blog\/#\/schema\/logo\/image\/\"},\"sameAs\":[\"https:\/\/x.com\/EstratConcursos\"]},{\"@type\":\"Person\",\"@id\":\"https:\/\/www.estrategiaconcursos.com.br\/blog\/#\/schema\/person\/80ff9f9f52e43a90b6efd99f2869d22b\",\"name\":\"Paulo Guimar\u00e3es\",\"image\":{\"@type\":\"ImageObject\",\"inLanguage\":\"pt-BR\",\"@id\":\"https:\/\/secure.gravatar.com\/avatar\/08d24bbaa2d103a1d6aba72ee81baa1680267436588d5d9cfb8d32c3aa4ca278?s=96&d=mm&r=g\",\"url\":\"https:\/\/secure.gravatar.com\/avatar\/08d24bbaa2d103a1d6aba72ee81baa1680267436588d5d9cfb8d32c3aa4ca278?s=96&d=mm&r=g\",\"contentUrl\":\"https:\/\/secure.gravatar.com\/avatar\/08d24bbaa2d103a1d6aba72ee81baa1680267436588d5d9cfb8d32c3aa4ca278?s=96&d=mm&r=g\",\"caption\":\"Paulo Guimar\u00e3es\"},\"url\":\"https:\/\/www.estrategiaconcursos.com.br\/blog\/author\/pauloguimaraesestrategiaconcursos-com-br\/\"}]}<\/script>\n<!-- \/ Yoast SEO Premium plugin. -->","yoast_head_json":{"title":"Gabarito MPCE Analista - \u00c9tica","robots":{"index":"index","follow":"follow","max-snippet":"max-snippet:-1","max-image-preview":"max-image-preview:large","max-video-preview":"max-video-preview:-1"},"canonical":"https:\/\/www.estrategiaconcursos.com.br\/blog\/gabarito-mpce-analista-etica\/","og_locale":"pt_BR","og_type":"article","og_title":"Gabarito MPCE Analista - \u00c9tica","og_description":"Fala pessoal! Aqui \u00e9 o Prof. Paulo Guimar\u00e3es, e vamos agora corrigir as quest\u00f5es de \u00c9tica que foram aplicadas no concurso do MPCE para o cargo de Analista. Se tiver d\u00favidas voc\u00ea pode entrar em contanto comigo pelo instagram, ou deixe sua d\u00favida aqui nos coment\u00e1rios e eu vou responder. Vamos \u00e0 nossa corre\u00e7\u00e3o! Os [&hellip;]","og_url":"https:\/\/www.estrategiaconcursos.com.br\/blog\/gabarito-mpce-analista-etica\/","og_site_name":"Estrat\u00e9gia Concursos","article_published_time":"2020-03-08T17:59:44+00:00","article_modified_time":"2020-03-08T17:59:45+00:00","og_image":[{"url":"https:\/\/www.estrategiaconcursos.com.br\/blog\/wp-content\/uploads\/2020\/03\/image-99.png","type":"","width":"","height":""}],"author":"Paulo Guimar\u00e3es","twitter_card":"summary_large_image","twitter_creator":"@EstratConcursos","twitter_site":"@EstratConcursos","twitter_misc":{"Escrito por":"Paulo Guimar\u00e3es","Est. tempo de leitura":"2 minutos"},"schema":{"@context":"https:\/\/schema.org","@graph":[{"@type":"NewsArticle","@id":"https:\/\/www.estrategiaconcursos.com.br\/blog\/gabarito-mpce-analista-etica\/#article","isPartOf":{"@id":"https:\/\/www.estrategiaconcursos.com.br\/blog\/gabarito-mpce-analista-etica\/"},"author":{"name":"Paulo Guimar\u00e3es","@id":"https:\/\/www.estrategiaconcursos.com.br\/blog\/#\/schema\/person\/80ff9f9f52e43a90b6efd99f2869d22b"},"headline":"Gabarito MPCE Analista &#8211; \u00c9tica","datePublished":"2020-03-08T17:59:44+00:00","dateModified":"2020-03-08T17:59:45+00:00","mainEntityOfPage":{"@id":"https:\/\/www.estrategiaconcursos.com.br\/blog\/gabarito-mpce-analista-etica\/"},"wordCount":402,"commentCount":0,"publisher":{"@id":"https:\/\/www.estrategiaconcursos.com.br\/blog\/#organization"},"image":{"@id":"https:\/\/www.estrategiaconcursos.com.br\/blog\/gabarito-mpce-analista-etica\/#primaryimage"},"thumbnailUrl":"https:\/\/www.estrategiaconcursos.com.br\/blog\/wp-content\/uploads\/2020\/03\/image-99.png","articleSection":["Concursos P\u00fablicos"],"inLanguage":"pt-BR","potentialAction":[{"@type":"CommentAction","name":"Comment","target":["https:\/\/www.estrategiaconcursos.com.br\/blog\/gabarito-mpce-analista-etica\/#respond"]}],"copyrightYear":"2020","copyrightHolder":{"@id":"https:\/\/www.estrategiaconcursos.com.br\/blog\/#organization"}},{"@type":"WebPage","@id":"https:\/\/www.estrategiaconcursos.com.br\/blog\/gabarito-mpce-analista-etica\/","url":"https:\/\/www.estrategiaconcursos.com.br\/blog\/gabarito-mpce-analista-etica\/","name":"Gabarito MPCE Analista - \u00c9tica","isPartOf":{"@id":"https:\/\/www.estrategiaconcursos.com.br\/blog\/#website"},"primaryImageOfPage":{"@id":"https:\/\/www.estrategiaconcursos.com.br\/blog\/gabarito-mpce-analista-etica\/#primaryimage"},"image":{"@id":"https:\/\/www.estrategiaconcursos.com.br\/blog\/gabarito-mpce-analista-etica\/#primaryimage"},"thumbnailUrl":"https:\/\/www.estrategiaconcursos.com.br\/blog\/wp-content\/uploads\/2020\/03\/image-99.png","datePublished":"2020-03-08T17:59:44+00:00","dateModified":"2020-03-08T17:59:45+00:00","breadcrumb":{"@id":"https:\/\/www.estrategiaconcursos.com.br\/blog\/gabarito-mpce-analista-etica\/#breadcrumb"},"inLanguage":"pt-BR","potentialAction":[{"@type":"ReadAction","target":["https:\/\/www.estrategiaconcursos.com.br\/blog\/gabarito-mpce-analista-etica\/"]}]},{"@type":"ImageObject","inLanguage":"pt-BR","@id":"https:\/\/www.estrategiaconcursos.com.br\/blog\/gabarito-mpce-analista-etica\/#primaryimage","url":"https:\/\/dhg1h5j42swfq.cloudfront.net\/2020\/03\/08145342\/image-99.png","contentUrl":"https:\/\/dhg1h5j42swfq.cloudfront.net\/2020\/03\/08145342\/image-99.png","width":674,"height":85},{"@type":"BreadcrumbList","@id":"https:\/\/www.estrategiaconcursos.com.br\/blog\/gabarito-mpce-analista-etica\/#breadcrumb","itemListElement":[{"@type":"ListItem","position":1,"name":"In\u00edcio","item":"https:\/\/www.estrategiaconcursos.com.br\/blog\/"},{"@type":"ListItem","position":2,"name":"Gabarito MPCE Analista &#8211; \u00c9tica"}]},{"@type":"WebSite","@id":"https:\/\/www.estrategiaconcursos.com.br\/blog\/#website","url":"https:\/\/www.estrategiaconcursos.com.br\/blog\/","name":"Estrat\u00e9gia Concursos","description":"O blog da Estrat\u00e9gia Concursos traz not\u00edcias sobre concursos e artigos de professores oferecendo cursos para concursos (pdf + videaulas) no site.","publisher":{"@id":"https:\/\/www.estrategiaconcursos.com.br\/blog\/#organization"},"potentialAction":[{"@type":"SearchAction","target":{"@type":"EntryPoint","urlTemplate":"https:\/\/www.estrategiaconcursos.com.br\/blog\/?s={search_term_string}"},"query-input":{"@type":"PropertyValueSpecification","valueRequired":true,"valueName":"search_term_string"}}],"inLanguage":"pt-BR"},{"@type":"Organization","@id":"https:\/\/www.estrategiaconcursos.com.br\/blog\/#organization","name":"Estrat\u00e9gia Concursos","url":"https:\/\/www.estrategiaconcursos.com.br\/blog\/","logo":{"@type":"ImageObject","inLanguage":"pt-BR","@id":"https:\/\/www.estrategiaconcursos.com.br\/blog\/#\/schema\/logo\/image\/","url":"https:\/\/dhg1h5j42swfq.cloudfront.net\/2025\/06\/03203428\/logo_concursos-1.jpg","contentUrl":"https:\/\/dhg1h5j42swfq.cloudfront.net\/2025\/06\/03203428\/logo_concursos-1.jpg","width":230,"height":60,"caption":"Estrat\u00e9gia Concursos"},"image":{"@id":"https:\/\/www.estrategiaconcursos.com.br\/blog\/#\/schema\/logo\/image\/"},"sameAs":["https:\/\/x.com\/EstratConcursos"]},{"@type":"Person","@id":"https:\/\/www.estrategiaconcursos.com.br\/blog\/#\/schema\/person\/80ff9f9f52e43a90b6efd99f2869d22b","name":"Paulo Guimar\u00e3es","image":{"@type":"ImageObject","inLanguage":"pt-BR","@id":"https:\/\/secure.gravatar.com\/avatar\/08d24bbaa2d103a1d6aba72ee81baa1680267436588d5d9cfb8d32c3aa4ca278?s=96&d=mm&r=g","url":"https:\/\/secure.gravatar.com\/avatar\/08d24bbaa2d103a1d6aba72ee81baa1680267436588d5d9cfb8d32c3aa4ca278?s=96&d=mm&r=g","contentUrl":"https:\/\/secure.gravatar.com\/avatar\/08d24bbaa2d103a1d6aba72ee81baa1680267436588d5d9cfb8d32c3aa4ca278?s=96&d=mm&r=g","caption":"Paulo Guimar\u00e3es"},"url":"https:\/\/www.estrategiaconcursos.com.br\/blog\/author\/pauloguimaraesestrategiaconcursos-com-br\/"}]}},"_links":{"self":[{"href":"https:\/\/www.estrategiaconcursos.com.br\/blog\/wp-json\/wp\/v2\/posts\/489713","targetHints":{"allow":["GET"]}}],"collection":[{"href":"https:\/\/www.estrategiaconcursos.com.br\/blog\/wp-json\/wp\/v2\/posts"}],"about":[{"href":"https:\/\/www.estrategiaconcursos.com.br\/blog\/wp-json\/wp\/v2\/types\/post"}],"author":[{"embeddable":true,"href":"https:\/\/www.estrategiaconcursos.com.br\/blog\/wp-json\/wp\/v2\/users\/99"}],"replies":[{"embeddable":true,"href":"https:\/\/www.estrategiaconcursos.com.br\/blog\/wp-json\/wp\/v2\/comments?post=489713"}],"version-history":[{"count":1,"href":"https:\/\/www.estrategiaconcursos.com.br\/blog\/wp-json\/wp\/v2\/posts\/489713\/revisions"}],"predecessor-version":[{"id":489721,"href":"https:\/\/www.estrategiaconcursos.com.br\/blog\/wp-json\/wp\/v2\/posts\/489713\/revisions\/489721"}],"wp:attachment":[{"href":"https:\/\/www.estrategiaconcursos.com.br\/blog\/wp-json\/wp\/v2\/media?parent=489713"}],"wp:term":[{"taxonomy":"category","embeddable":true,"href":"https:\/\/www.estrategiaconcursos.com.br\/blog\/wp-json\/wp\/v2\/categories?post=489713"},{"taxonomy":"post_tag","embeddable":true,"href":"https:\/\/www.estrategiaconcursos.com.br\/blog\/wp-json\/wp\/v2\/tags?post=489713"},{"taxonomy":"tax_estado","embeddable":true,"href":"https:\/\/www.estrategiaconcursos.com.br\/blog\/wp-json\/wp\/v2\/tax_estado?post=489713"}],"curies":[{"name":"wp","href":"https:\/\/api.w.org\/{rel}","templated":true}]}}