{"id":48954,"date":"2016-09-11T19:56:20","date_gmt":"2016-09-11T22:56:20","guid":{"rendered":"https:\/\/www.estrategiaconcursos.com.br\/blog\/?p=48954"},"modified":"2017-02-06T09:45:31","modified_gmt":"2017-02-06T12:45:31","slug":"administracao-tce-pr-gabarito-de-direito-administrativo-especifica","status":"publish","type":"post","link":"https:\/\/www.estrategiaconcursos.com.br\/blog\/administracao-tce-pr-gabarito-de-direito-administrativo-especifica\/","title":{"rendered":"Gabarito TCE-PR &#8211; Administra\u00e7\u00e3o (parte de Direito Administrativo  da prova espec\u00edfica)"},"content":{"rendered":"<p style=\"text-align: justify\"><strong>[Gabarito TCE-PR &#8211; Administra\u00e7\u00e3o \/ parde de Direito Administrativo]<\/strong><\/p>\n<p style=\"text-align: justify\">Ol\u00e1 pessoal, tudo bem?<\/p>\n<p style=\"text-align: justify\">Agora, segue o Gabarito TCE-PR Administra\u00e7\u00e3o (parte de\u00a0Direito Administrativo &#8211; da prova\u00a0de conhecimentos espec\u00edficos). As quest\u00f5es que me refiro s\u00e3o as de n\u00ba 76 (Lei 6.174\/1970); n\u00ba 77 (Resolu\u00e7\u00e3o TCE PR 55\/2016); n\u00bas 90 e 91 (Lei de Acesso \u00e0 Informa\u00e7\u00e3o).<\/p>\n<p style=\"text-align: justify\">Se voc\u00ea quiser analisar as quest\u00f5es de Direito Administrativo de conhecimentos b\u00e1sicos, os coment\u00e1rios est\u00e3o no seguinte link:\u00a0<a href=\"https:\/\/www.estrategiaconcursos.com.br\/blog\/direito-administrativo-tce-pr-gabarito-extraoficial-e-prova-resolvida\/\" target=\"_blank\">https:\/\/www.estrategiaconcursos.com.br\/blog\/direito-administrativo-tce-pr-gabarito-extraoficial-e-prova-resolvida\/<\/a><\/p>\n<p style=\"text-align: justify\">Seguem os coment\u00e1rios!<\/p>\n<p style=\"text-align: justify\"><strong>Quest\u00e3o 76 &#8211;<\/strong><\/p>\n<p style=\"text-align: justify\"><img loading=\"lazy\" decoding=\"async\" class=\"alignnone size-full wp-image-48959\" src=\"https:\/\/dhg1h5j42swfq.cloudfront.net\/2016\/09\/11173927\/Quest%C3%A3o-76-L6174.jpg\" alt=\"Quest\u00e3o 76 - L6174\" width=\"907\" height=\"905\" srcset=\"https:\/\/dhg1h5j42swfq.cloudfront.net\/2016\/09\/11173927\/Quest%C3%A3o-76-L6174.jpg 907w, https:\/\/dhg1h5j42swfq.cloudfront.net\/2016\/09\/11173927\/Quest%C3%A3o-76-L6174.jpg 150w, https:\/\/dhg1h5j42swfq.cloudfront.net\/2016\/09\/11173927\/Quest%C3%A3o-76-L6174.jpg 300w, https:\/\/dhg1h5j42swfq.cloudfront.net\/2016\/09\/11173927\/Quest%C3%A3o-76-L6174.jpg 768w, https:\/\/dhg1h5j42swfq.cloudfront.net\/2016\/09\/11173927\/Quest%C3%A3o-76-L6174.jpg 301w\" sizes=\"auto, (max-width: 907px) 100vw, 907px\" \/><\/p>\n<p style=\"text-align: justify\"><strong>Coment\u00e1rio<\/strong>:<\/p>\n<p style=\"text-align: justify\">a) no est\u00e1gio probat\u00f3rio, o servidor dever\u00e1 ser avaliado quanto (Lei 6.174\/70, art. 43): (i) \u00e0 idoneidade moral; (ii) \u00e0 assiduidade; (iii) \u00e0 disciplina; e (iv)\u00a0\u00e0\u00a0<strong>efici\u00eancia <\/strong>&#8211; CORRETA;<\/p>\n<p style=\"text-align: justify\">b) a Lei 6.174 n\u00e3o prev\u00ea essa possibilidade de licen\u00e7a para servidor em est\u00e1gio probat\u00f3rio &#8211; ERRADA;<\/p>\n<p style=\"text-align: justify\">c) a licen\u00e7a compuls\u00f3ria aplica-se ao servidor\u00a0<strong>acometido por determinadas doen\u00e7as<\/strong>, ou ainda quando <strong>a autoridade sanit\u00e1ria competente determinar a sua interdi\u00e7\u00e3o<\/strong>, por motivo de doen\u00e7a de pessoa coabitante da resid\u00eancia do funcion\u00e1rio (arts. 232 e 233). Com efeito, o art. 235 do Estatuto disp\u00f5e que\u00a0a licen\u00e7a ser\u00e1 <strong>convertida em aposentadoria <\/strong>quando a junta m\u00e9dica considerar definitiva a invalidez do funcion\u00e1rio para o servi\u00e7o p\u00fablico em geral, at\u00e9 mesmo antes do prazo de 24 meses mencionado no art. 216 da Lei 6.174\/70\u00a0&#8211; ERRADA;<\/p>\n<p style=\"text-align: justify\">d) de acordo com o Estatuto, quando o servidor for\u00a0&#8220;\u00a7 Preso\u00a0preventivamente, pronunciado por crime comum ou denunciado por crime funcional, ou, ainda, condenado por crime inafian\u00e7\u00e1vel em processo no qual n\u00e3o haja pron\u00fancia, o <strong>funcion\u00e1rio ser\u00e1 afastado do exerc\u00edcio, at\u00e9 decis\u00e3o final passada em julgado&#8221;<\/strong>. Portanto, o afastamento do exerc\u00edcio poder\u00e1 ocorrer antes da decis\u00e3o final em que o servidor for r\u00e9u. Ressalta-se que a perda do cargo \u00e9 que s\u00f3 seria efetivada com o transito em julgado, j\u00e1 que o afastamento do exerc\u00edcio \u00e9 medida preventiva, sem car\u00e1ter punitivo &#8211; ERRADA;<\/p>\n<p style=\"text-align: justify\">e)\u00a0a Lei 6.174\/70 estabelece que &#8220;nenhum servidor poder\u00e1 desempenhar atribui\u00e7\u00f5es diversas das pertinentes \u00e0 classe a que pertence, <strong>salvo se se tratar de fun\u00e7\u00e3o gratificada, de cargo em comiss\u00e3o ou no caso de substitui\u00e7\u00e3o<\/strong>&#8221; (art. 63) &#8211; ERRADA.<\/p>\n<p style=\"text-align: justify\"><strong>Gabarito extraoficial: alternativa A.<\/strong><\/p>\n<p style=\"text-align: justify\"><strong>Quest\u00e3o 77 &#8211;\u00a0<\/strong><\/p>\n<p style=\"text-align: justify\"><a href=\"https:\/\/dhg1h5j42swfq.cloudfront.net\/2016\/09\/11173843\/Quest%C3%A3o-77-Resolu%C3%A7%C3%A3o-55.jpg\"><img loading=\"lazy\" decoding=\"async\" class=\"alignnone size-full wp-image-48956\" src=\"https:\/\/dhg1h5j42swfq.cloudfront.net\/2016\/09\/11173843\/Quest%C3%A3o-77-Resolu%C3%A7%C3%A3o-55.jpg\" alt=\"Quest\u00e3o 77 - Resolu\u00e7\u00e3o 55\" width=\"699\" height=\"912\" srcset=\"https:\/\/dhg1h5j42swfq.cloudfront.net\/2016\/09\/11173843\/Quest%C3%A3o-77-Resolu%C3%A7%C3%A3o-55.jpg 699w, https:\/\/dhg1h5j42swfq.cloudfront.net\/2016\/09\/11173843\/Quest%C3%A3o-77-Resolu%C3%A7%C3%A3o-55.jpg 230w\" sizes=\"auto, (max-width: 699px) 100vw, 699px\" \/><\/a><\/p>\n<p style=\"text-align: justify\"><strong>Coment\u00e1rio<\/strong>:<\/p>\n<p style=\"text-align: justify\">a)\u00a0os gestores, para os fins da Resolu\u00e7\u00e3o TCE-PR 55\/2015, s\u00e3o agentes que se encontram hierarquicamente e imediatamente acima dos servidores avaliados. Dessa forma, o auditor ser\u00e1 gestor <strong>em rela\u00e7\u00e3o aos servidores lotados no respectivo gabinete<\/strong> (art. 11, VI) &#8211; ERRADA;<\/p>\n<p style=\"text-align: justify\">b) em rela\u00e7\u00e3o ao servidor em est\u00e1gio probat\u00f3rio, a avalia\u00e7\u00e3o de desempenho, semestral, ser\u00e1 efetuada pelo <strong>respectivo gestor<\/strong> (art. 20). De modo opcional, esse servidor poder\u00e1 utilizar a <strong>autoavalia\u00e7\u00e3o<\/strong>, a qual servir\u00e1 apenas para <strong>fins de refer\u00eancia<\/strong> no processo avaliativo, n\u00e3o integrando a nota final da avalia\u00e7\u00e3o (art. 20, par\u00e1grafo \u00fanico) &#8211; CORRETA;<\/p>\n<p style=\"text-align: justify\">c)\u00a0avalia\u00e7\u00e3o de capacita\u00e7\u00e3o tem por finalidade aferir as compet\u00eancias relativas a <strong>conhecimentos gerais e espec\u00edficos<\/strong>, para a <strong>identifica\u00e7\u00e3o de<\/strong> defici\u00eancias \u2013 <em>gaps<\/em> \u2013 e forma\u00e7\u00e3o de <strong>banco de talentos<\/strong>, de modo a possibilitar a adequada qualifica\u00e7\u00e3o dos servidores e o melhor aproveitamento nas atividades do Tribunal de Contas do Estado do Paran\u00e1 (art. 47, <em>caput<\/em>).\u00a0Contudo, a pr\u00f3pria Resolu\u00e7\u00e3o disp\u00f5e que\u00a0o resultado da avalia\u00e7\u00e3o de capacita\u00e7\u00e3o <strong>n\u00e3o ser\u00e1 considerado<\/strong> para efeito de aquisi\u00e7\u00e3o de <strong>estabilidade<\/strong> e progress\u00e3o funcional por <strong>merecimento<\/strong> (art. 47, par\u00e1grafo \u00fanico) &#8211; ERRADA;<\/p>\n<p style=\"text-align: justify\">d) a reda\u00e7\u00e3o da alternativa ficou um pouco confusa, mas vamos tentar clarear as coisas! De fato, no est\u00e1gio probat\u00f3rio, o servidor \u00e9 avaliado quanto \u00e0s compet\u00eancias t\u00e9cnicas e comportamentais. Por\u00e9m, em rela\u00e7\u00e3o \u00e0s compet\u00eancias gerenciais, a avalia\u00e7\u00e3o poder\u00e1 ocorrer tamb\u00e9m no\u00a0est\u00e1gio probat\u00f3rio. Por\u00e9m, o que define se ocorrer\u00e1 ou n\u00e3o a avalia\u00e7\u00e3o da compet\u00eancia gerencial n\u00e3o \u00e9 o fato de o servidor estar ou n\u00e3o em est\u00e1gio, mas sim se ele desempenha cargo ou fun\u00e7\u00e3o de gest\u00e3o ou gerencial (art. 20, \u00a7 4\u00ba). Assim, \u00e9 poss\u00edvel que o servidor tenha conclu\u00eddo o est\u00e1gio, mas n\u00e3o seja submetido \u00e0 avalia\u00e7\u00e3o gerencial. Al\u00e9m disso, conforme se v\u00ea do quadro abaixo, nenhuma compet\u00eancia gerencial \u00e9 chamada de &#8220;lideran\u00e7a&#8221;:<\/p>\n<p style=\"text-align: justify\"><a href=\"https:\/\/dhg1h5j42swfq.cloudfront.net\/2016\/09\/11190816\/Sem-t%C3%ADtulo1.jpg\"><img loading=\"lazy\" decoding=\"async\" class=\"alignnone size-full wp-image-48973\" src=\"https:\/\/dhg1h5j42swfq.cloudfront.net\/2016\/09\/11190816\/Sem-t%C3%ADtulo1.jpg\" alt=\"Sem t\u00edtulo\" width=\"835\" height=\"438\" srcset=\"https:\/\/dhg1h5j42swfq.cloudfront.net\/2016\/09\/11190816\/Sem-t%C3%ADtulo1.jpg 835w, https:\/\/dhg1h5j42swfq.cloudfront.net\/2016\/09\/11190816\/Sem-t%C3%ADtulo1.jpg 300w, https:\/\/dhg1h5j42swfq.cloudfront.net\/2016\/09\/11190816\/Sem-t%C3%ADtulo1.jpg 768w, https:\/\/dhg1h5j42swfq.cloudfront.net\/2016\/09\/11190816\/Sem-t%C3%ADtulo1.jpg 500w\" sizes=\"auto, (max-width: 835px) 100vw, 835px\" \/><\/a><\/p>\n<p style=\"text-align: justify\">Portanto, a alternativa est\u00e1 mesmo ERRADA;<\/p>\n<p style=\"text-align: justify\">e) a qualidade de trabalho \u00e9 um dos aspectos avaliados nas compet\u00eancias t\u00e9cnicas: &#8220;<em>II \u2013 compet\u00eancias t\u00e9cnicas, as quais abrangem a avalia\u00e7\u00e3o dos seguintes aspectos:\u00a0<\/em><em>a) otimiza\u00e7\u00e3o de m\u00e9todos e procedimentos;\u00a0<\/em><em>b) autodesenvolvimento e capacita\u00e7\u00e3o;\u00a0<\/em><em>c) qualidade do trabalho <\/em>&#8211; ERRADA.<\/p>\n<p style=\"text-align: justify\"><strong>Gabarito extraoficial: alternativa B.<\/strong><\/p>\n<p style=\"text-align: justify\"><strong>Quest\u00e3o 90 &#8211;\u00a0<\/strong><\/p>\n<p style=\"text-align: justify\"><a href=\"https:\/\/dhg1h5j42swfq.cloudfront.net\/2016\/09\/11173845\/Quest%C3%A3o-90-LAI.jpg\"><img loading=\"lazy\" decoding=\"async\" class=\"alignnone size-full wp-image-48957\" src=\"https:\/\/dhg1h5j42swfq.cloudfront.net\/2016\/09\/11173845\/Quest%C3%A3o-90-LAI.jpg\" alt=\"Quest\u00e3o 90 - LAI\" width=\"554\" height=\"883\" srcset=\"https:\/\/dhg1h5j42swfq.cloudfront.net\/2016\/09\/11173845\/Quest%C3%A3o-90-LAI.jpg 554w, https:\/\/dhg1h5j42swfq.cloudfront.net\/2016\/09\/11173845\/Quest%C3%A3o-90-LAI.jpg 188w\" sizes=\"auto, (max-width: 554px) 100vw, 554px\" \/><\/a><\/p>\n<p style=\"text-align: justify\"><strong>Coment\u00e1rio<\/strong>:<\/p>\n<p style=\"text-align: justify\">a) na verdade, uma vez apresentado o pedido de acesso, o \u00f3rg\u00e3o ou entidade dever\u00e1 disponibilizar a informa\u00e7\u00e3o imediatamente. Por\u00e9m, se n\u00e3o for poss\u00edvel a disponibiliza\u00e7\u00e3o imediata, o \u00f3rg\u00e3o ou entidade ter\u00e1 o prazo de 20 dias, prorrog\u00e1vel justificadamente por mais 10, para (art. 11): (i)\u00a0comunicar a data, local e modo para se realizar a consulta, efetuar a reprodu\u00e7\u00e3o ou obter a certid\u00e3o; (ii)\u00a0indicar as raz\u00f5es de fato ou de direito da recusa, total ou parcial, do acesso pretendido; ou (iii)\u00a0comunicar que n\u00e3o possui a informa\u00e7\u00e3o, indicar, se for do seu conhecimento, o \u00f3rg\u00e3o ou a entidade que a det\u00e9m, ou, ainda, remeter o requerimento a esse \u00f3rg\u00e3o ou entidade, cientificando o interessado da remessa de seu pedido de informa\u00e7\u00e3o. Portanto, o prazo inicial n\u00e3o \u00e9 de 30 dias, nem tampouco isso depender\u00e1 de &#8220;instru\u00e7\u00e3o do peticion\u00e1rio&#8221; &#8211; ERRADA;<\/p>\n<p style=\"text-align: justify\">b) a LAI disp\u00f5e que\u00a0<strong>qualquer interessado<\/strong> poder\u00e1 apresentar pedido de acesso a informa\u00e7\u00f5es aos \u00f3rg\u00e3os e entidades p\u00fablicos, por qualquer meio leg\u00edtimo, devendo o pedido conter a identifica\u00e7\u00e3o do requerente e a especifica\u00e7\u00e3o da informa\u00e7\u00e3o requerida (art. 10). Com efeito, s\u00e3o obrigados a fornecer informa\u00e7\u00f5es (art. 1\u00ba): \u00a0(i)\u00a0os \u00f3rg\u00e3os p\u00fablicos integrantes da administra\u00e7\u00e3o direta dos Poderes Executivo, Legislativo, incluindo as Cortes de Contas, e Judici\u00e1rio e do Minist\u00e9rio P\u00fablico; (ii)\u00a0\u00a0as autarquias, as funda\u00e7\u00f5es p\u00fablicas, as <strong>empresas p\u00fablicas, as sociedades de economia mista<\/strong> e demais entidades controladas direta ou indiretamente pela Uni\u00e3o, Estados, Distrito Federal e Munic\u00edpios. Ademais, ainda se subordinam \u00e0s regra da LAI as entidades privadas sem fins lucrativos que recebam, para realiza\u00e7\u00e3o de a\u00e7\u00f5es de interesse p\u00fablico, recursos p\u00fablicos diretamente do or\u00e7amento ou mediante subven\u00e7\u00f5es sociais, contrato de gest\u00e3o, termo de parceria, conv\u00eanios, acordo, ajustes ou outros instrumentos cong\u00eaneres, no que se refere \u00e0\u00a0parcela dos recursos p\u00fablicos recebidos e \u00e0 sua destina\u00e7\u00e3o (art. 2\u00ba) &#8211; ERRADA;<\/p>\n<p style=\"text-align: justify\">c) no caso de <strong>indeferimento de acesso a informa\u00e7\u00f5es<\/strong> ou <strong>\u00e0s raz\u00f5es da negativa do acesso<\/strong>, poder\u00e1 o interessado interpor <strong>RECURSO<\/strong>\u00a0contra a decis\u00e3o no prazo de 10 (dez) dias a contar da sua ci\u00eancia (art. 15) &#8211; ERRADA;<\/p>\n<p style=\"text-align: justify\">d) o tema \u00e9 abordado no art. 21 da LAI:<\/p>\n<p class=\"Artigo\" style=\"text-align: justify;padding-left: 60px\"><em>Art. 21.\u00a0 N\u00e3o poder\u00e1 ser negado acesso \u00e0 informa\u00e7\u00e3o necess\u00e1ria \u00e0 tutela judicial ou administrativa de direitos fundamentais.\u00a0<\/em><\/p>\n<p class=\"Artigo\" style=\"text-align: justify;padding-left: 60px\"><em>Par\u00e1grafo \u00fanico.\u00a0 As informa\u00e7\u00f5es ou documentos que versem sobre condutas que impliquem <strong>viola\u00e7\u00e3o dos direitos humanos praticada por agentes p\u00fablicos ou a mando de autoridades p\u00fablicas n\u00e3o poder\u00e3o ser objeto de restri\u00e7\u00e3o de acesso<\/strong>.\u00a0<\/em><\/p>\n<p class=\"Artigo\" style=\"text-align: justify\">Portanto, as informa\u00e7\u00f5es sobre viola\u00e7\u00e3o dos direitos humanos n\u00e3o possuem restri\u00e7\u00e3o de acesso &#8211; ERRADA;<\/p>\n<p style=\"text-align: justify\">e) a resposta est\u00e1 de acordo com o art. 12 da LAI:<\/p>\n<p class=\"Artigo\" style=\"text-align: justify;padding-left: 60px\"><em>Art. 12.\u00a0 O servi\u00e7o de busca e fornecimento da informa\u00e7\u00e3o \u00e9 <strong>gratuito,<\/strong> salvo nas hip\u00f3teses de <strong>reprodu\u00e7\u00e3o de documentos pelo \u00f3rg\u00e3o ou entidade p\u00fablica consultada<\/strong>, situa\u00e7\u00e3o em que poder\u00e1 ser cobrado exclusivamente o valor necess\u00e1rio ao ressarcimento do custo dos servi\u00e7os e dos materiais utilizados.\u00a0<\/em><\/p>\n<p class=\"Artigo\" style=\"text-align: justify;padding-left: 60px\"><em>Par\u00e1grafo \u00fanico.\u00a0 <strong>Estar\u00e1 isento de ressarcir os custos<\/strong> previstos no <b>caput<\/b> todo aquele <strong>cuja situa\u00e7\u00e3o econ\u00f4mica n\u00e3o lhe permita faz\u00ea-lo sem preju\u00edzo do sustento pr\u00f3prio ou da fam\u00edlia<\/strong>, declarada nos termos da Lei n<u><sup>o<\/sup><\/u> 7.115, de 29 de agosto de 1983.\u00a0<\/em><\/p>\n<p class=\"Artigo\" style=\"text-align: justify\">O art. 12 trata especificamente do comprometimento do sustento da fam\u00edlia, o que n\u00e3o deixa de ser uma falta de condi\u00e7\u00f5es financeiras, conforme descrito na quest\u00e3o &#8211; CORRETA.<\/p>\n<p style=\"text-align: justify\"><strong>Gabarito extraoficial E.<\/strong><\/p>\n<p style=\"text-align: justify\"><strong>Quest\u00e3o 91 &#8211;\u00a0<\/strong><\/p>\n<p style=\"text-align: justify\"><a href=\"https:\/\/dhg1h5j42swfq.cloudfront.net\/2016\/09\/11173847\/Quest%C3%A3o-91-LAI.jpg\"><img loading=\"lazy\" decoding=\"async\" class=\"alignnone size-full wp-image-48958\" src=\"https:\/\/dhg1h5j42swfq.cloudfront.net\/2016\/09\/11173847\/Quest%C3%A3o-91-LAI.jpg\" alt=\"Quest\u00e3o 91 - LAI\" width=\"656\" height=\"740\" srcset=\"https:\/\/dhg1h5j42swfq.cloudfront.net\/2016\/09\/11173847\/Quest%C3%A3o-91-LAI.jpg 656w, https:\/\/dhg1h5j42swfq.cloudfront.net\/2016\/09\/11173847\/Quest%C3%A3o-91-LAI.jpg 266w\" sizes=\"auto, (max-width: 656px) 100vw, 656px\" \/><\/a><\/p>\n<p style=\"text-align: justify\">Coment\u00e1rio:<\/p>\n<p style=\"text-align: justify\">a) inicialmente, uma informa\u00e7\u00e3o n\u00e3o \u00e9 sigilosa simplesmente pelo seu &#8220;car\u00e1ter estrat\u00e9gico&#8221;. Na verdade, elas receber\u00e3o grau de sigilo &#8220;em raz\u00e3o de sua imprescindibilidade \u00e0 seguran\u00e7a da sociedade ou do Estado&#8221;. Claro que, de acordo com o art. 23 da LAI, existem informa\u00e7\u00f5es de \u00e1reas de\u00a0&#8220;interesse estrat\u00e9gico nacional&#8221; ou de car\u00e1ter estrat\u00e9gico para as For\u00e7as Armadas que ser\u00e3o dadas como imprescind\u00edveis \u00e0 seguran\u00e7a da sociedade ou do Estado, mas n\u00e3o \u00e9 esse o elemento que determina todas as classifica\u00e7\u00f5es de grau de sigilo. Ademais, as informa\u00e7\u00f5es sigilosas ser\u00e3o classificadas em <strong>ultrassecretas, secretas e reservadas<\/strong> (art. 24) &#8211; ERRADA;<\/p>\n<p style=\"text-align: justify\">b) n\u00e3o h\u00e1 prazo diferenciado para os entes da Federa\u00e7\u00e3o. Os prazos s\u00e3o os mesmos para todos os entes: (i)\u00a0ultrassecreta: 25 (vinte e cinco) anos; (ii)\u00a0secreta: 15 (quinze) anos; e (iii)\u00a0reservada: 5 (cinco) anos &#8211; ERRADA;<\/p>\n<p style=\"text-align: justify\">c) a LAI somente prev\u00ea possibilidade de renova\u00e7\u00e3o da informa\u00e7\u00e3o ultrassecreta, por meio de avalia\u00e7\u00e3o da\u00a0Comiss\u00e3o Mista de Reavalia\u00e7\u00e3o de Informa\u00e7\u00f5es, sempre <strong>por prazo determinado<\/strong>, enquanto o seu acesso ou divulga\u00e7\u00e3o puder ocasionar amea\u00e7a externa \u00e0 soberania nacional ou \u00e0 integridade do territ\u00f3rio nacional ou grave risco \u00e0s rela\u00e7\u00f5es internacionais do Pa\u00eds (art. 35, \u00a7 1\u00ba, III) &#8211; ERRADA;<\/p>\n<p style=\"text-align: justify\">d) pelo contr\u00e1rio, a LAI exige a disponibiliza\u00e7\u00e3o dessas informa\u00e7\u00e3o (art. 7\u00ba, VII, &#8220;a&#8221;) &#8211; ERRADA;<\/p>\n<p style=\"text-align: justify\">e) de acordo com o art. 23 da LAI,\u00a0s\u00e3o consideradas imprescind\u00edveis \u00e0 seguran\u00e7a da sociedade ou do Estado e, portanto, <strong>pass\u00edveis de classifica\u00e7\u00e3o as informa\u00e7\u00f5es<\/strong> cuja divulga\u00e7\u00e3o ou acesso irrestrito possam, entre outras coisas, &#8220;<em>p\u00f4r em risco a <strong>defesa e a soberania nacionais<\/strong> ou a i<strong>ntegridade do territ\u00f3rio nacional&#8221; <\/strong><\/em><strong>(art. 23, I)\u00a0<\/strong>&#8211; CORRETA.<\/p>\n<p style=\"text-align: justify\">Gabarito extraoficial: alternativa E.<\/p>\n<p style=\"text-align: justify\"><a href=\"https:\/\/dhg1h5j42swfq.cloudfront.net\/2016\/09\/11205755\/Quest%C3%A3o-92-LAI.jpg\"><img loading=\"lazy\" decoding=\"async\" class=\"alignnone size-full wp-image-48989\" src=\"https:\/\/dhg1h5j42swfq.cloudfront.net\/2016\/09\/11205755\/Quest%C3%A3o-92-LAI.jpg\" alt=\"Quest\u00e3o 92 - LAI\" width=\"889\" height=\"845\" srcset=\"https:\/\/dhg1h5j42swfq.cloudfront.net\/2016\/09\/11205755\/Quest%C3%A3o-92-LAI.jpg 889w, https:\/\/dhg1h5j42swfq.cloudfront.net\/2016\/09\/11205755\/Quest%C3%A3o-92-LAI.jpg 300w, https:\/\/dhg1h5j42swfq.cloudfront.net\/2016\/09\/11205755\/Quest%C3%A3o-92-LAI.jpg 768w, https:\/\/dhg1h5j42swfq.cloudfront.net\/2016\/09\/11205755\/Quest%C3%A3o-92-LAI.jpg 316w\" sizes=\"auto, (max-width: 889px) 100vw, 889px\" \/><\/a><\/p>\n<p style=\"text-align: justify\"><strong>Coment\u00e1rio<\/strong>:<\/p>\n<p style=\"text-align: justify\">a) o servidor dever\u00e1 liberar o acesso \u00e0 informa\u00e7\u00e3o, mesmo que dela possa surgir um preju\u00edzo financeiro ao Estado &#8211; ERRADA;<\/p>\n<p style=\"text-align: justify\">b) a LAI considera\u00a0conduta il\u00edcita praticada pelo servidor p\u00fablico ou militar, entre outras, &#8220;recusar-se a fornecer informa\u00e7\u00e3o requerida nos termos desta Lei, retardar deliberadamente o seu fornecimento ou fornec\u00ea-la intencionalmente de forma incorreta, incompleta ou imprecisa&#8221; (art. 32, I) &#8211; CORRETA;<\/p>\n<p style=\"text-align: justify\">c)\u00a0como regra, as informa\u00e7\u00f5es pessoais relativas \u00e0 intimidade, vida privada, honra e imagem n\u00e3o podem ser divulgadas. Contudo, a LAI disp\u00f5e que essas informa\u00e7\u00f5es &#8220;poder\u00e3o ter autorizada sua divulga\u00e7\u00e3o ou acesso por terceiros diante de previs\u00e3o legal ou consentimento expresso da pessoa a que elas se referirem&#8221; (art. 31, \u00a7 1\u00ba, II) &#8211; ERRADA;<\/p>\n<p class=\"Artigo\" style=\"text-align: justify\">d) na verdade,\u00a0\u00a0\u00e9 <strong>dever<\/strong> do Estado controlar o acesso e a divulga\u00e7\u00e3o de informa\u00e7\u00f5es sigilosas produzidas por seus \u00f3rg\u00e3os e entidades, assegurando a sua prote\u00e7\u00e3o (art. 25, <em>caput)<\/em> &#8211; ERRADA;<\/p>\n<p style=\"text-align: justify\">e) tamb\u00e9m \u00e9 conduta vedada &#8220;destruir ou subtrair, por qualquer meio, documentos concernentes a poss\u00edveis viola\u00e7\u00f5es de direitos humanos por parte de agentes do Estado&#8221; (art. 32, VII) &#8211; ERRADA.<\/p>\n<p style=\"text-align: justify\"><strong>Gabarito extraoficial: alternativa B.<\/strong><\/p>\n<p style=\"text-align: justify\"><a href=\"https:\/\/dhg1h5j42swfq.cloudfront.net\/2016\/09\/11211309\/Quest%C3%A3o-93-Modalidade-de-licita%C3%A7%C3%A3o.jpg\"><img loading=\"lazy\" decoding=\"async\" class=\"alignnone size-full wp-image-48992\" src=\"https:\/\/dhg1h5j42swfq.cloudfront.net\/2016\/09\/11211309\/Quest%C3%A3o-93-Modalidade-de-licita%C3%A7%C3%A3o.jpg\" alt=\"Quest\u00e3o 93 - Modalidade de licita\u00e7\u00e3o\" width=\"881\" height=\"685\" srcset=\"https:\/\/dhg1h5j42swfq.cloudfront.net\/2016\/09\/11211309\/Quest%C3%A3o-93-Modalidade-de-licita%C3%A7%C3%A3o.jpg 881w, https:\/\/dhg1h5j42swfq.cloudfront.net\/2016\/09\/11211309\/Quest%C3%A3o-93-Modalidade-de-licita%C3%A7%C3%A3o.jpg 300w, https:\/\/dhg1h5j42swfq.cloudfront.net\/2016\/09\/11211309\/Quest%C3%A3o-93-Modalidade-de-licita%C3%A7%C3%A3o.jpg 768w, https:\/\/dhg1h5j42swfq.cloudfront.net\/2016\/09\/11211309\/Quest%C3%A3o-93-Modalidade-de-licita%C3%A7%C3%A3o.jpg 386w\" sizes=\"auto, (max-width: 881px) 100vw, 881px\" \/><\/a><\/p>\n<p style=\"text-align: justify\"><strong>Coment\u00e1rio<\/strong>: essa quest\u00e3o, no meu ponto de vista, \u00e9 pass\u00edvel de anula\u00e7\u00e3o, mesmo antes do gabarito preliminar.<\/p>\n<p style=\"text-align: justify\">Inicialmente, vamos eliminar a letra B, pois o leil\u00e3o se aplica \u00e0s aliena\u00e7\u00f5es e n\u00e3o \u00e0s aquisi\u00e7\u00f5es ou contrata\u00e7\u00f5es de servi\u00e7os. Al\u00e9m disso, podemos eliminar as op\u00e7\u00f5es A e D, uma vez que R$ 5 milh\u00f5es excederia o valor para essas modalidades (tomada de pre\u00e7os e convite).<\/p>\n<p style=\"text-align: justify\">Sobram as letras C e E.<\/p>\n<p style=\"text-align: justify\">O preg\u00e3o \u00e9 a modalidade de licita\u00e7\u00e3o para a\u00a0aquisi\u00e7\u00e3o de bens ou servi\u00e7os comuns, assim definidos como aqueles que\u00a0cujos &#8220;padr\u00f5es de desempenho e qualidade possam ser objetivamente definidos pelo edital, <strong>por meio de especifica\u00e7\u00f5es usuais no mercado<\/strong>&#8220;. Ademais, o preg\u00e3o aplica-se independentemente do valor de contrata\u00e7\u00e3o.<\/p>\n<p style=\"text-align: justify\">Com efeito, o TCU possui jurisprud\u00eancia consolidada no sentido\u00a0de que \u00e9 poss\u00edvel adotar o preg\u00e3o para a contrata\u00e7\u00e3o de bens ou servi\u00e7os comuns de TI, desde que\u00a0possam ser definidos mediante padr\u00f5es usuais de mercado. Nesse sentido,\u00a0no\u00a0Ac\u00f3rd\u00e3o 2.471\/2008-Plen\u00e1rio-TCU, foi fixado o seguinte entendimento:<\/p>\n<p style=\"text-align: justify;padding-left: 60px\"><em>9.2. recomendar ao Minist\u00e9rio do Planejamento, Or\u00e7amento e Gest\u00e3o &#8211; MPOG que preveja, em documento normativo que trate exclusivamente de licita\u00e7\u00e3o e contrata\u00e7\u00e3o de servi\u00e7os de Tecnologia da Informa\u00e7\u00e3o, distinto da norma que se refere genericamente \u00e0 contrata\u00e7\u00e3o de outros servi\u00e7os, que os \u00f3rg\u00e3os e entidades da Administra\u00e7\u00e3o P\u00fablica Direta, Aut\u00e1rquica e Fundacional devem utilizar o preg\u00e3o para contratar bens e servi\u00e7os de inform\u00e1tica considerados comuns, observado o disposto abaixo:<\/em><\/p>\n<p style=\"text-align: justify;padding-left: 60px\"><em>9.2.1. A licita\u00e7\u00e3o de bens e servi\u00e7os de tecnologia da informa\u00e7\u00e3o considerados comuns, ou seja, aqueles que possuam padr\u00f5es de desempenho e de qualidade objetivamente definidos pelo edital, com base em especifica\u00e7\u00f5es usuais no mercado, deve ser obrigatoriamente realizada pela modalidade Preg\u00e3o, preferencialmente na forma eletr\u00f4nica. Quando, eventualmente, n\u00e3o for vi\u00e1vel utilizar essa forma, <strong>dever\u00e1 ser anexada a justificativa correspondente<\/strong> (Lei n\u00ba 10.520\/2002, art. 1\u00ba; Lei n\u00ba 8.248\/1991, art. 3\u00ba, \u00a7 3\u00ba; Decreto n\u00ba 3.555\/2000, anexo II; Decreto n\u00ba 5.450\/2005, art. 4\u00ba, e Ac\u00f3rd\u00e3o n\u00ba 1.547\/2004 &#8211; Primeira C\u00e2mara);<\/em><\/p>\n<p style=\"text-align: justify\">Em outro processo, o TCU analisou um processo em que foi adotado o preg\u00e3o para uma contrata\u00e7\u00e3o de f\u00e1brica de software, adotando-se a metodologia de medi\u00e7\u00e3o\u00a0por ponto de fun\u00e7\u00e3o. No caso, ocorreram algumas irregularidades no preg\u00e3o, mas n\u00e3o em rela\u00e7\u00e3o \u00e0 modalidade de licita\u00e7\u00e3o adotada, mas sim por outros aspectos, sendo que na decis\u00e3o o TCU ainda recomendou que, nas licita\u00e7\u00f5es para bens e servi\u00e7os comuns, fosse adotado o &#8220;preg\u00e3o eletr\u00f4nico&#8221; (Ac\u00f3rd\u00e3o\u00a0N\u00ba 161\/2012 &#8211; TCU \u2013 Plen\u00e1rio).<\/p>\n<p style=\"text-align: justify\">Se voc\u00ea for procurar na internet, encontrar\u00e1 julgados de tribunais estaduais que entendem que n\u00e3o \u00e9 poss\u00edvel utilizar o preg\u00e3o na aquisi\u00e7\u00e3o de TI por pontos de fun\u00e7\u00e3o, por considerar que, nesse caso, n\u00e3o seria um servi\u00e7o comum. Entretanto, creio que n\u00e3o ser\u00e1 esse o entendimento da banca, afinal o pr\u00f3prio enunciado mencionou que seriam adotadas especifica\u00e7\u00f5es usuais.<\/p>\n<p style=\"text-align: justify\">Entretanto, o art. 18, \u00a7 1\u00ba, da Lei 15.608\/2007 (Lei Estadual de Licita\u00e7\u00e3o do Paran\u00e1)\u00a0<strong>permite<\/strong> a utiliza\u00e7\u00e3o do preg\u00e3o para aquisi\u00e7\u00e3o de bens e servi\u00e7os de inform\u00e1tica e automa\u00e7\u00e3o considerados comuns. Por\u00e9m, \u00e9 poss\u00edvel usar tamb\u00e9m a concorr\u00eancia.\u00a0Contudo, no caso concreto, a autoridade poder\u00e1 escolher entre o preg\u00e3o e a concorr\u00eancia, uma vez que h\u00e1 &#8220;permiss\u00e3o&#8221;, mas n\u00e3o &#8220;determina\u00e7\u00e3o&#8221; de se adotar o preg\u00e3o.<\/p>\n<p style=\"text-align: justify\">Ocorre ainda que o enunciado expressamente disse que era uma contrata\u00e7\u00e3o de uma &#8220;prefeitura de determinado munic\u00edpio&#8221;. Nesse caso, n\u00e3o seria aplic\u00e1vel a Lei 15.608\/2007, mas isso n\u00e3o muda o fato de o preg\u00e3o ser facultativo, nos termos da Lei 10.520\/2002, sendo poss\u00edvel o emprego das duas modalidades (concorr\u00eancia e preg\u00e3o).<\/p>\n<p style=\"text-align: justify\">Na prova, eu marcaria a concorr\u00eancia, pois essa sem d\u00favidas tem que estar certa, mas lembro que tamb\u00e9m daria para adotar o preg\u00e3o (caso seja considerado um servi\u00e7o comum, pela banca).<\/p>\n<p style=\"text-align: justify\">Dessa forma,\u00a0as letras C e E est\u00e3o corretas, motivo pelo qual a quest\u00e3o dever\u00e1 ser anulada.<\/p>\n<p style=\"text-align: justify\"><span style=\"color: #ff0000\"><strong>Gabarito extraoficial: letras C e E (anula\u00e7\u00e3o).<\/strong><\/span><\/p>\n<p style=\"text-align: justify\">&#8212;-<\/p>\n<p style=\"text-align: justify\">\u00c9 isso a\u00ed,\u00a0meu povo!<\/p>\n<p style=\"text-align: justify\">Espero que\u00a0voc\u00ea tenha se sa\u00eddo muito bem nessa prova. Contudo, se n\u00e3o foi dessa vez, ou se voc\u00ea nem fez a prova do TCE-PR, mas quer se preparar em alto n\u00edvel para concursos, n\u00e3o deixe de conhecer os nossos cursos aqui no Estrat\u00e9gia:<\/p>\n<p><a href=\"https:\/\/www.estrategiaconcursos.com.br\/cursosPorProfessor\/herbert-almeida-3314\/\" target=\"_blank\">https:\/\/www.estrategiaconcursos.com.br\/cursosPorProfessor\/herbert-almeida-3314\/<\/a><\/p>\n<p>Aproveite tamb\u00e9m e se inscreva na nossa lista especial de Direito Administrativo para receber materiais exclusivos e gratuitos; ou ainda nos siga nas redes sociais:<\/p>\n<p>Lista especial:\u00a0<a href=\"http:\/\/eepurl.com\/caWVb5\" target=\"_blank\">http:\/\/eepurl.com\/caWVb5<\/a><\/p>\n<p>Facebook\u00a0<a href=\"https:\/\/www.facebook.com\/profherbertalmeida\" target=\"_blank\"><strong>\/profherbertalmeida<\/strong><\/a><\/p>\n<p>Instagram\u00a0<a href=\"https:\/\/www.instagram.com\/profherbertalmeida\/\" target=\"_blank\">@<strong>profherbertalmeida<\/strong><\/a><\/p>\n<p>Youtube <a href=\"https:\/\/www.youtube.com\/profherbertalmeida\" target=\"_blank\"><strong>\/profherbertalmeida<\/strong><\/a><\/p>\n<p>Grande abra\u00e7o,<\/p>\n<p>Herbert Almeida<\/p>\n","protected":false},"excerpt":{"rendered":"<p>[Gabarito TCE-PR &#8211; Administra\u00e7\u00e3o \/ parde de Direito Administrativo] Ol\u00e1 pessoal, tudo bem? Agora, segue o Gabarito TCE-PR Administra\u00e7\u00e3o (parte de\u00a0Direito Administrativo &#8211; da prova\u00a0de conhecimentos espec\u00edficos). As quest\u00f5es que me refiro s\u00e3o as de n\u00ba 76 (Lei 6.174\/1970); n\u00ba 77 (Resolu\u00e7\u00e3o TCE PR 55\/2016); n\u00bas 90 e 91 (Lei de Acesso \u00e0 Informa\u00e7\u00e3o). Se [&hellip;]<\/p>\n","protected":false},"author":129,"featured_media":48944,"comment_status":"open","ping_status":"open","sticky":false,"template":"","format":"standard","meta":{"post_tipo":"article","footnotes":""},"categories":[1],"tags":[1041],"tax_estado":[],"class_list":["post-48954","post","type-post","status-publish","format-standard","has-post-thumbnail","hentry","category-cursos-e-concursos","tag-tce-pr"],"acf":[],"yoast_head":"<!-- This site is optimized with the Yoast SEO Premium plugin v27.2 (Yoast SEO v27.2) - https:\/\/yoast.com\/product\/yoast-seo-premium-wordpress\/ -->\n<title>Gabarito TCE-PR - Administra\u00e7\u00e3o (parte de Direito Administrativo da prova espec\u00edfica)<\/title>\n<meta name=\"description\" content=\"Coment\u00e1rio do gabarito TCE-PR Administra\u00e7\u00e3o - quest\u00f5es de direito administrativo da prova de conhecimentos espec\u00edficos (extraoficial).\" \/>\n<meta name=\"robots\" content=\"index, follow, max-snippet:-1, max-image-preview:large, max-video-preview:-1\" \/>\n<link rel=\"canonical\" href=\"https:\/\/www.estrategiaconcursos.com.br\/blog\/administracao-tce-pr-gabarito-de-direito-administrativo-especifica\/\" \/>\n<meta property=\"og:locale\" content=\"pt_BR\" \/>\n<meta property=\"og:type\" content=\"article\" \/>\n<meta property=\"og:title\" content=\"Gabarito TCE-PR - Administra\u00e7\u00e3o (parte de Direito Administrativo da prova espec\u00edfica)\" \/>\n<meta property=\"og:description\" content=\"Coment\u00e1rio do gabarito TCE-PR Administra\u00e7\u00e3o - quest\u00f5es de direito administrativo da prova de conhecimentos espec\u00edficos (extraoficial).\" \/>\n<meta property=\"og:url\" content=\"https:\/\/www.estrategiaconcursos.com.br\/blog\/administracao-tce-pr-gabarito-de-direito-administrativo-especifica\/\" \/>\n<meta property=\"og:site_name\" content=\"Estrat\u00e9gia Concursos\" \/>\n<meta property=\"article:published_time\" content=\"2016-09-11T22:56:20+00:00\" \/>\n<meta property=\"article:modified_time\" content=\"2017-02-06T12:45:31+00:00\" \/>\n<meta property=\"og:image\" content=\"https:\/\/dhg1h5j42swfq.cloudfront.net\/2016\/09\/11170043\/1931526_1749298401970037_1682234932308893336_n.jpg\" \/>\n\t<meta property=\"og:image:width\" content=\"480\" \/>\n\t<meta property=\"og:image:height\" content=\"480\" \/>\n\t<meta property=\"og:image:type\" content=\"image\/jpeg\" \/>\n<meta name=\"author\" content=\"Herbert Almeida\" \/>\n<meta name=\"twitter:card\" content=\"summary_large_image\" \/>\n<meta name=\"twitter:creator\" content=\"@EstratConcursos\" \/>\n<meta name=\"twitter:site\" content=\"@EstratConcursos\" \/>\n<meta name=\"twitter:label1\" content=\"Escrito por\" \/>\n\t<meta name=\"twitter:data1\" content=\"Herbert Almeida\" \/>\n\t<meta name=\"twitter:label2\" content=\"Est. tempo de leitura\" \/>\n\t<meta name=\"twitter:data2\" content=\"14 minutos\" \/>\n<script type=\"application\/ld+json\" class=\"yoast-schema-graph\">{\"@context\":\"https:\/\/schema.org\",\"@graph\":[{\"@type\":\"NewsArticle\",\"@id\":\"https:\/\/www.estrategiaconcursos.com.br\/blog\/administracao-tce-pr-gabarito-de-direito-administrativo-especifica\/#article\",\"isPartOf\":{\"@id\":\"https:\/\/www.estrategiaconcursos.com.br\/blog\/administracao-tce-pr-gabarito-de-direito-administrativo-especifica\/\"},\"author\":{\"name\":\"Herbert Almeida\",\"@id\":\"https:\/\/www.estrategiaconcursos.com.br\/blog\/#\/schema\/person\/59717c75350fa01aa0fd68a52a8d02e0\"},\"headline\":\"Gabarito TCE-PR &#8211; Administra\u00e7\u00e3o (parte de Direito Administrativo da prova espec\u00edfica)\",\"datePublished\":\"2016-09-11T22:56:20+00:00\",\"dateModified\":\"2017-02-06T12:45:31+00:00\",\"mainEntityOfPage\":{\"@id\":\"https:\/\/www.estrategiaconcursos.com.br\/blog\/administracao-tce-pr-gabarito-de-direito-administrativo-especifica\/\"},\"wordCount\":2747,\"commentCount\":8,\"publisher\":{\"@id\":\"https:\/\/www.estrategiaconcursos.com.br\/blog\/#organization\"},\"image\":{\"@id\":\"https:\/\/www.estrategiaconcursos.com.br\/blog\/administracao-tce-pr-gabarito-de-direito-administrativo-especifica\/#primaryimage\"},\"thumbnailUrl\":\"https:\/\/dhg1h5j42swfq.cloudfront.net\/2016\/09\/11170043\/1931526_1749298401970037_1682234932308893336_n.jpg\",\"keywords\":[\"TCE-PR\"],\"articleSection\":[\"Concursos P\u00fablicos\"],\"inLanguage\":\"pt-BR\",\"potentialAction\":[{\"@type\":\"CommentAction\",\"name\":\"Comment\",\"target\":[\"https:\/\/www.estrategiaconcursos.com.br\/blog\/administracao-tce-pr-gabarito-de-direito-administrativo-especifica\/#respond\"]}],\"copyrightYear\":\"2016\",\"copyrightHolder\":{\"@id\":\"https:\/\/www.estrategiaconcursos.com.br\/blog\/#organization\"}},{\"@type\":\"WebPage\",\"@id\":\"https:\/\/www.estrategiaconcursos.com.br\/blog\/administracao-tce-pr-gabarito-de-direito-administrativo-especifica\/\",\"url\":\"https:\/\/www.estrategiaconcursos.com.br\/blog\/administracao-tce-pr-gabarito-de-direito-administrativo-especifica\/\",\"name\":\"Gabarito TCE-PR - Administra\u00e7\u00e3o (parte de Direito Administrativo da prova espec\u00edfica)\",\"isPartOf\":{\"@id\":\"https:\/\/www.estrategiaconcursos.com.br\/blog\/#website\"},\"primaryImageOfPage\":{\"@id\":\"https:\/\/www.estrategiaconcursos.com.br\/blog\/administracao-tce-pr-gabarito-de-direito-administrativo-especifica\/#primaryimage\"},\"image\":{\"@id\":\"https:\/\/www.estrategiaconcursos.com.br\/blog\/administracao-tce-pr-gabarito-de-direito-administrativo-especifica\/#primaryimage\"},\"thumbnailUrl\":\"https:\/\/dhg1h5j42swfq.cloudfront.net\/2016\/09\/11170043\/1931526_1749298401970037_1682234932308893336_n.jpg\",\"datePublished\":\"2016-09-11T22:56:20+00:00\",\"dateModified\":\"2017-02-06T12:45:31+00:00\",\"description\":\"Coment\u00e1rio do gabarito TCE-PR Administra\u00e7\u00e3o - quest\u00f5es de direito administrativo da prova de conhecimentos espec\u00edficos (extraoficial).\",\"breadcrumb\":{\"@id\":\"https:\/\/www.estrategiaconcursos.com.br\/blog\/administracao-tce-pr-gabarito-de-direito-administrativo-especifica\/#breadcrumb\"},\"inLanguage\":\"pt-BR\",\"potentialAction\":[{\"@type\":\"ReadAction\",\"target\":[\"https:\/\/www.estrategiaconcursos.com.br\/blog\/administracao-tce-pr-gabarito-de-direito-administrativo-especifica\/\"]}]},{\"@type\":\"ImageObject\",\"inLanguage\":\"pt-BR\",\"@id\":\"https:\/\/www.estrategiaconcursos.com.br\/blog\/administracao-tce-pr-gabarito-de-direito-administrativo-especifica\/#primaryimage\",\"url\":\"https:\/\/dhg1h5j42swfq.cloudfront.net\/2016\/09\/11170043\/1931526_1749298401970037_1682234932308893336_n.jpg\",\"contentUrl\":\"https:\/\/dhg1h5j42swfq.cloudfront.net\/2016\/09\/11170043\/1931526_1749298401970037_1682234932308893336_n.jpg\",\"width\":480,\"height\":480},{\"@type\":\"BreadcrumbList\",\"@id\":\"https:\/\/www.estrategiaconcursos.com.br\/blog\/administracao-tce-pr-gabarito-de-direito-administrativo-especifica\/#breadcrumb\",\"itemListElement\":[{\"@type\":\"ListItem\",\"position\":1,\"name\":\"In\u00edcio\",\"item\":\"https:\/\/www.estrategiaconcursos.com.br\/blog\/\"},{\"@type\":\"ListItem\",\"position\":2,\"name\":\"Gabarito TCE-PR &#8211; Administra\u00e7\u00e3o (parte de Direito Administrativo da prova espec\u00edfica)\"}]},{\"@type\":\"WebSite\",\"@id\":\"https:\/\/www.estrategiaconcursos.com.br\/blog\/#website\",\"url\":\"https:\/\/www.estrategiaconcursos.com.br\/blog\/\",\"name\":\"Estrat\u00e9gia Concursos\",\"description\":\"O blog da Estrat\u00e9gia Concursos traz not\u00edcias sobre concursos e artigos de professores oferecendo cursos para concursos (pdf + videaulas) no site.\",\"publisher\":{\"@id\":\"https:\/\/www.estrategiaconcursos.com.br\/blog\/#organization\"},\"potentialAction\":[{\"@type\":\"SearchAction\",\"target\":{\"@type\":\"EntryPoint\",\"urlTemplate\":\"https:\/\/www.estrategiaconcursos.com.br\/blog\/?s={search_term_string}\"},\"query-input\":{\"@type\":\"PropertyValueSpecification\",\"valueRequired\":true,\"valueName\":\"search_term_string\"}}],\"inLanguage\":\"pt-BR\"},{\"@type\":\"Organization\",\"@id\":\"https:\/\/www.estrategiaconcursos.com.br\/blog\/#organization\",\"name\":\"Estrat\u00e9gia Concursos\",\"url\":\"https:\/\/www.estrategiaconcursos.com.br\/blog\/\",\"logo\":{\"@type\":\"ImageObject\",\"inLanguage\":\"pt-BR\",\"@id\":\"https:\/\/www.estrategiaconcursos.com.br\/blog\/#\/schema\/logo\/image\/\",\"url\":\"https:\/\/dhg1h5j42swfq.cloudfront.net\/2025\/06\/03203428\/logo_concursos-1.jpg\",\"contentUrl\":\"https:\/\/dhg1h5j42swfq.cloudfront.net\/2025\/06\/03203428\/logo_concursos-1.jpg\",\"width\":230,\"height\":60,\"caption\":\"Estrat\u00e9gia Concursos\"},\"image\":{\"@id\":\"https:\/\/www.estrategiaconcursos.com.br\/blog\/#\/schema\/logo\/image\/\"},\"sameAs\":[\"https:\/\/x.com\/EstratConcursos\"]},{\"@type\":\"Person\",\"@id\":\"https:\/\/www.estrategiaconcursos.com.br\/blog\/#\/schema\/person\/59717c75350fa01aa0fd68a52a8d02e0\",\"name\":\"Herbert Almeida\",\"image\":{\"@type\":\"ImageObject\",\"inLanguage\":\"pt-BR\",\"@id\":\"https:\/\/secure.gravatar.com\/avatar\/b6461a43893c24d5fc91efc433971ffec025c84c0341129f4578034d77f9a536?s=96&d=mm&r=g\",\"url\":\"https:\/\/secure.gravatar.com\/avatar\/b6461a43893c24d5fc91efc433971ffec025c84c0341129f4578034d77f9a536?s=96&d=mm&r=g\",\"contentUrl\":\"https:\/\/secure.gravatar.com\/avatar\/b6461a43893c24d5fc91efc433971ffec025c84c0341129f4578034d77f9a536?s=96&d=mm&r=g\",\"caption\":\"Herbert Almeida\"},\"url\":\"https:\/\/www.estrategiaconcursos.com.br\/blog\/author\/herbertestrategiaconcursos-com-br\/\"}]}<\/script>\n<!-- \/ Yoast SEO Premium plugin. -->","yoast_head_json":{"title":"Gabarito TCE-PR - Administra\u00e7\u00e3o (parte de Direito Administrativo da prova espec\u00edfica)","description":"Coment\u00e1rio do gabarito TCE-PR Administra\u00e7\u00e3o - quest\u00f5es de direito administrativo da prova de conhecimentos espec\u00edficos (extraoficial).","robots":{"index":"index","follow":"follow","max-snippet":"max-snippet:-1","max-image-preview":"max-image-preview:large","max-video-preview":"max-video-preview:-1"},"canonical":"https:\/\/www.estrategiaconcursos.com.br\/blog\/administracao-tce-pr-gabarito-de-direito-administrativo-especifica\/","og_locale":"pt_BR","og_type":"article","og_title":"Gabarito TCE-PR - Administra\u00e7\u00e3o (parte de Direito Administrativo da prova espec\u00edfica)","og_description":"Coment\u00e1rio do gabarito TCE-PR Administra\u00e7\u00e3o - quest\u00f5es de direito administrativo da prova de conhecimentos espec\u00edficos (extraoficial).","og_url":"https:\/\/www.estrategiaconcursos.com.br\/blog\/administracao-tce-pr-gabarito-de-direito-administrativo-especifica\/","og_site_name":"Estrat\u00e9gia Concursos","article_published_time":"2016-09-11T22:56:20+00:00","article_modified_time":"2017-02-06T12:45:31+00:00","og_image":[{"width":480,"height":480,"url":"https:\/\/dhg1h5j42swfq.cloudfront.net\/2016\/09\/11170043\/1931526_1749298401970037_1682234932308893336_n.jpg","type":"image\/jpeg"}],"author":"Herbert Almeida","twitter_card":"summary_large_image","twitter_creator":"@EstratConcursos","twitter_site":"@EstratConcursos","twitter_misc":{"Escrito por":"Herbert Almeida","Est. tempo de leitura":"14 minutos"},"schema":{"@context":"https:\/\/schema.org","@graph":[{"@type":"NewsArticle","@id":"https:\/\/www.estrategiaconcursos.com.br\/blog\/administracao-tce-pr-gabarito-de-direito-administrativo-especifica\/#article","isPartOf":{"@id":"https:\/\/www.estrategiaconcursos.com.br\/blog\/administracao-tce-pr-gabarito-de-direito-administrativo-especifica\/"},"author":{"name":"Herbert Almeida","@id":"https:\/\/www.estrategiaconcursos.com.br\/blog\/#\/schema\/person\/59717c75350fa01aa0fd68a52a8d02e0"},"headline":"Gabarito TCE-PR &#8211; Administra\u00e7\u00e3o (parte de Direito Administrativo da prova espec\u00edfica)","datePublished":"2016-09-11T22:56:20+00:00","dateModified":"2017-02-06T12:45:31+00:00","mainEntityOfPage":{"@id":"https:\/\/www.estrategiaconcursos.com.br\/blog\/administracao-tce-pr-gabarito-de-direito-administrativo-especifica\/"},"wordCount":2747,"commentCount":8,"publisher":{"@id":"https:\/\/www.estrategiaconcursos.com.br\/blog\/#organization"},"image":{"@id":"https:\/\/www.estrategiaconcursos.com.br\/blog\/administracao-tce-pr-gabarito-de-direito-administrativo-especifica\/#primaryimage"},"thumbnailUrl":"https:\/\/dhg1h5j42swfq.cloudfront.net\/2016\/09\/11170043\/1931526_1749298401970037_1682234932308893336_n.jpg","keywords":["TCE-PR"],"articleSection":["Concursos P\u00fablicos"],"inLanguage":"pt-BR","potentialAction":[{"@type":"CommentAction","name":"Comment","target":["https:\/\/www.estrategiaconcursos.com.br\/blog\/administracao-tce-pr-gabarito-de-direito-administrativo-especifica\/#respond"]}],"copyrightYear":"2016","copyrightHolder":{"@id":"https:\/\/www.estrategiaconcursos.com.br\/blog\/#organization"}},{"@type":"WebPage","@id":"https:\/\/www.estrategiaconcursos.com.br\/blog\/administracao-tce-pr-gabarito-de-direito-administrativo-especifica\/","url":"https:\/\/www.estrategiaconcursos.com.br\/blog\/administracao-tce-pr-gabarito-de-direito-administrativo-especifica\/","name":"Gabarito TCE-PR - Administra\u00e7\u00e3o (parte de Direito Administrativo da prova espec\u00edfica)","isPartOf":{"@id":"https:\/\/www.estrategiaconcursos.com.br\/blog\/#website"},"primaryImageOfPage":{"@id":"https:\/\/www.estrategiaconcursos.com.br\/blog\/administracao-tce-pr-gabarito-de-direito-administrativo-especifica\/#primaryimage"},"image":{"@id":"https:\/\/www.estrategiaconcursos.com.br\/blog\/administracao-tce-pr-gabarito-de-direito-administrativo-especifica\/#primaryimage"},"thumbnailUrl":"https:\/\/dhg1h5j42swfq.cloudfront.net\/2016\/09\/11170043\/1931526_1749298401970037_1682234932308893336_n.jpg","datePublished":"2016-09-11T22:56:20+00:00","dateModified":"2017-02-06T12:45:31+00:00","description":"Coment\u00e1rio do gabarito TCE-PR Administra\u00e7\u00e3o - quest\u00f5es de direito administrativo da prova de conhecimentos espec\u00edficos (extraoficial).","breadcrumb":{"@id":"https:\/\/www.estrategiaconcursos.com.br\/blog\/administracao-tce-pr-gabarito-de-direito-administrativo-especifica\/#breadcrumb"},"inLanguage":"pt-BR","potentialAction":[{"@type":"ReadAction","target":["https:\/\/www.estrategiaconcursos.com.br\/blog\/administracao-tce-pr-gabarito-de-direito-administrativo-especifica\/"]}]},{"@type":"ImageObject","inLanguage":"pt-BR","@id":"https:\/\/www.estrategiaconcursos.com.br\/blog\/administracao-tce-pr-gabarito-de-direito-administrativo-especifica\/#primaryimage","url":"https:\/\/dhg1h5j42swfq.cloudfront.net\/2016\/09\/11170043\/1931526_1749298401970037_1682234932308893336_n.jpg","contentUrl":"https:\/\/dhg1h5j42swfq.cloudfront.net\/2016\/09\/11170043\/1931526_1749298401970037_1682234932308893336_n.jpg","width":480,"height":480},{"@type":"BreadcrumbList","@id":"https:\/\/www.estrategiaconcursos.com.br\/blog\/administracao-tce-pr-gabarito-de-direito-administrativo-especifica\/#breadcrumb","itemListElement":[{"@type":"ListItem","position":1,"name":"In\u00edcio","item":"https:\/\/www.estrategiaconcursos.com.br\/blog\/"},{"@type":"ListItem","position":2,"name":"Gabarito TCE-PR &#8211; Administra\u00e7\u00e3o (parte de Direito Administrativo da prova espec\u00edfica)"}]},{"@type":"WebSite","@id":"https:\/\/www.estrategiaconcursos.com.br\/blog\/#website","url":"https:\/\/www.estrategiaconcursos.com.br\/blog\/","name":"Estrat\u00e9gia Concursos","description":"O blog da Estrat\u00e9gia Concursos traz not\u00edcias sobre concursos e artigos de professores oferecendo cursos para concursos (pdf + videaulas) no site.","publisher":{"@id":"https:\/\/www.estrategiaconcursos.com.br\/blog\/#organization"},"potentialAction":[{"@type":"SearchAction","target":{"@type":"EntryPoint","urlTemplate":"https:\/\/www.estrategiaconcursos.com.br\/blog\/?s={search_term_string}"},"query-input":{"@type":"PropertyValueSpecification","valueRequired":true,"valueName":"search_term_string"}}],"inLanguage":"pt-BR"},{"@type":"Organization","@id":"https:\/\/www.estrategiaconcursos.com.br\/blog\/#organization","name":"Estrat\u00e9gia Concursos","url":"https:\/\/www.estrategiaconcursos.com.br\/blog\/","logo":{"@type":"ImageObject","inLanguage":"pt-BR","@id":"https:\/\/www.estrategiaconcursos.com.br\/blog\/#\/schema\/logo\/image\/","url":"https:\/\/dhg1h5j42swfq.cloudfront.net\/2025\/06\/03203428\/logo_concursos-1.jpg","contentUrl":"https:\/\/dhg1h5j42swfq.cloudfront.net\/2025\/06\/03203428\/logo_concursos-1.jpg","width":230,"height":60,"caption":"Estrat\u00e9gia Concursos"},"image":{"@id":"https:\/\/www.estrategiaconcursos.com.br\/blog\/#\/schema\/logo\/image\/"},"sameAs":["https:\/\/x.com\/EstratConcursos"]},{"@type":"Person","@id":"https:\/\/www.estrategiaconcursos.com.br\/blog\/#\/schema\/person\/59717c75350fa01aa0fd68a52a8d02e0","name":"Herbert Almeida","image":{"@type":"ImageObject","inLanguage":"pt-BR","@id":"https:\/\/secure.gravatar.com\/avatar\/b6461a43893c24d5fc91efc433971ffec025c84c0341129f4578034d77f9a536?s=96&d=mm&r=g","url":"https:\/\/secure.gravatar.com\/avatar\/b6461a43893c24d5fc91efc433971ffec025c84c0341129f4578034d77f9a536?s=96&d=mm&r=g","contentUrl":"https:\/\/secure.gravatar.com\/avatar\/b6461a43893c24d5fc91efc433971ffec025c84c0341129f4578034d77f9a536?s=96&d=mm&r=g","caption":"Herbert Almeida"},"url":"https:\/\/www.estrategiaconcursos.com.br\/blog\/author\/herbertestrategiaconcursos-com-br\/"}]}},"_links":{"self":[{"href":"https:\/\/www.estrategiaconcursos.com.br\/blog\/wp-json\/wp\/v2\/posts\/48954","targetHints":{"allow":["GET"]}}],"collection":[{"href":"https:\/\/www.estrategiaconcursos.com.br\/blog\/wp-json\/wp\/v2\/posts"}],"about":[{"href":"https:\/\/www.estrategiaconcursos.com.br\/blog\/wp-json\/wp\/v2\/types\/post"}],"author":[{"embeddable":true,"href":"https:\/\/www.estrategiaconcursos.com.br\/blog\/wp-json\/wp\/v2\/users\/129"}],"replies":[{"embeddable":true,"href":"https:\/\/www.estrategiaconcursos.com.br\/blog\/wp-json\/wp\/v2\/comments?post=48954"}],"version-history":[{"count":9,"href":"https:\/\/www.estrategiaconcursos.com.br\/blog\/wp-json\/wp\/v2\/posts\/48954\/revisions"}],"predecessor-version":[{"id":63897,"href":"https:\/\/www.estrategiaconcursos.com.br\/blog\/wp-json\/wp\/v2\/posts\/48954\/revisions\/63897"}],"wp:featuredmedia":[{"embeddable":true,"href":"https:\/\/www.estrategiaconcursos.com.br\/blog\/wp-json\/wp\/v2\/media\/48944"}],"wp:attachment":[{"href":"https:\/\/www.estrategiaconcursos.com.br\/blog\/wp-json\/wp\/v2\/media?parent=48954"}],"wp:term":[{"taxonomy":"category","embeddable":true,"href":"https:\/\/www.estrategiaconcursos.com.br\/blog\/wp-json\/wp\/v2\/categories?post=48954"},{"taxonomy":"post_tag","embeddable":true,"href":"https:\/\/www.estrategiaconcursos.com.br\/blog\/wp-json\/wp\/v2\/tags?post=48954"},{"taxonomy":"tax_estado","embeddable":true,"href":"https:\/\/www.estrategiaconcursos.com.br\/blog\/wp-json\/wp\/v2\/tax_estado?post=48954"}],"curies":[{"name":"wp","href":"https:\/\/api.w.org\/{rel}","templated":true}]}}