{"id":489272,"date":"2020-06-03T00:45:00","date_gmt":"2020-06-03T03:45:00","guid":{"rendered":"https:\/\/www.estrategiaconcursos.com.br\/blog\/?p=489272"},"modified":"2022-10-13T18:21:59","modified_gmt":"2022-10-13T21:21:59","slug":"edital-pc-pr-2020","status":"publish","type":"post","link":"https:\/\/www.estrategiaconcursos.com.br\/blog\/edital-pc-pr-2020\/","title":{"rendered":"Edital PC PR:  inscri\u00e7\u00f5es encerradas!"},"content":{"rendered":"\n<p style=\"font-size:clamp(16.293px, 1.018rem + ((1vw - 3.2px) * 0.854), 25px);px\"><em>Edital PC PR ter\u00e1 provas realizadas em julho de 2020<\/em><\/p>\n\n\n\n<p>Est\u00e3o encerradas as inscri\u00e7\u00f5es para o concurso Pol\u00edcia Civil do Paran\u00e1, com oferta de <strong>400 vagas imediatas<\/strong>, para os cargos de Delegado, Investigador e Papiloscopista.   <\/p>\n\n\n\n<p>Neste artigo voc\u00ea encontrar\u00e1 tudo o que precisa saber sobre o edital do concurso PC PR. Nosso objetivo \u00e9 deixar voc\u00ea&nbsp;<strong><em>100% atualizado<\/em><\/strong>. Acompanhe pelos t\u00f3picos a seguir:<\/p>\n\n\n\n<ul class=\"wp-block-list\"><li><em><strong><a href=\"#datas\">Principais datas:<\/a>   <\/strong><\/em><\/li><li><em><strong><a href=\"#cargos\">Cargos, vagas e remunera\u00e7\u00f5es:<\/a><\/strong><\/em><\/li><li><em><strong><a href=\"#etapas\">Etapas do concurso:<\/a>  <\/strong><\/em><\/li><li><a href=\"#ficha\"><em><strong>Ficha t\u00e9cnica<\/strong><\/em>:<\/a><\/li><\/ul>\n\n\n\n<h2 class=\"wp-block-heading\" id=\"datas\">Principais informa\u00e7\u00f5es e datas do Edital PC PR <\/h2>\n\n\n\n<p class=\"has-very-light-gray-background-color has-background\"><strong>Inscri\u00e7\u00f5es:<\/strong> 04 de maio a 02 de junho de 2020<br \/><strong>Isen\u00e7\u00e3o:<\/strong> 04 a 13 de maio  <br \/><strong>Taxas:<\/strong> R$ 120,00 a R$ 200,00<br \/><strong>Prova:<\/strong> 26 de julho de 2020 <\/p>\n\n\n\n<h2 class=\"wp-block-heading\" id=\"cargos\">Cargos, vagas e remunera\u00e7\u00f5es do Edital PC PR <\/h2>\n\n\n\n<h3 class=\"wp-block-heading\">N\u00edvel Superior<\/h3>\n\n\n\n<figure class=\"wp-block-table is-style-stripes\"><table class=\"has-background\" style=\"background-color:#e7f5fe\"><tbody><tr><td class=\"has-text-align-center\" data-align=\"center\"><strong>Cargo<\/strong><\/td><td class=\"has-text-align-center\" data-align=\"center\"><strong>Vagas<\/strong><\/td><td class=\"has-text-align-center\" data-align=\"center\"><strong>Remunera\u00e7\u00e3o<\/strong><\/td><\/tr><tr><td class=\"has-text-align-center\" data-align=\"center\"><strong>Delegado<\/strong><\/td><td class=\"has-text-align-center\" data-align=\"center\"> 50 vagas <\/td><td class=\"has-text-align-center\" data-align=\"center\"> R$ 18.280,05<\/td><\/tr><tr><td class=\"has-text-align-center\" data-align=\"center\"> <strong>Investigador<\/strong> <\/td><td class=\"has-text-align-center\" data-align=\"center\"> 300 vagas <\/td><td class=\"has-text-align-center\" data-align=\"center\"> R$ 5.588,05<\/td><\/tr><tr><td class=\"has-text-align-center\" data-align=\"center\"> <strong>Papiloscopista<\/strong> <\/td><td class=\"has-text-align-center\" data-align=\"center\">50 vagas<\/td><td class=\"has-text-align-center\" data-align=\"center\">R$ 5.867,45<\/td><\/tr><\/tbody><\/table><\/figure>\n\n\n\n<h2 class=\"wp-block-heading\" id=\"etapas\">Etapas do Edital PC PR    <\/h2>\n\n\n\n<p>O concurso PC PR, da Pol\u00edcia Civil do Paran\u00e1, ser\u00e1 constitu\u00eddo por seis etapas: <\/p>\n\n\n\n<p>Prova Objetiva, Prova de Conhecimentos Espec\u00edficos, Prova de T\u00edtulos, Prova de Higidez F\u00edsica, Prova de Aptid\u00e3o F\u00edsica e Exame de Investiga\u00e7\u00e3o de Conduta. Confira a seguir os detalhes das principais etapas do certame.<\/p>\n\n\n\n<h3 class=\"wp-block-heading\">Prova Objetiva<\/h3>\n\n\n\n<p>A Prova Objetiva ser\u00e1 do tipo m\u00faltipla escolha, com cinco alternativas cada, das quais apenas uma deve ser assinalada, sendo avaliada na escala de 0 (zero) a 100 (cem) pontos. A etapa ser\u00e1 eliminat\u00f3ria e classificat\u00f3ria, sendo constitu\u00edda da seguinte maneira:<\/p>\n\n\n\n<figure class=\"wp-block-image size-large\"><img loading=\"lazy\" decoding=\"async\" width=\"857\" height=\"408\" src=\"https:\/\/dhg1h5j42swfq.cloudfront.net\/2020\/04\/08235017\/image-96.png\" alt=\"\" class=\"wp-image-501858\" srcset=\"https:\/\/dhg1h5j42swfq.cloudfront.net\/2020\/04\/08235017\/image-96.png 857w, https:\/\/dhg1h5j42swfq.cloudfront.net\/2020\/04\/08235017\/image-96-300x143.png 300w, https:\/\/dhg1h5j42swfq.cloudfront.net\/2020\/04\/08235017\/image-96-768x366.png 768w, https:\/\/dhg1h5j42swfq.cloudfront.net\/2020\/04\/08235017\/image-96-610x290.png 610w\" sizes=\"auto, (max-width: 857px) 100vw, 857px\" \/><\/figure>\n\n\n\n<h3 class=\"wp-block-heading\">Prova de Conhecimentos Espec\u00edficos<\/h3>\n\n\n\n<p>A prova de conhecimentos espec\u00edficos ser\u00e1 aplicada para todos os cargos. Os candidatos que prestarem o concurso para o cargo de Delegado realizar\u00e3o a etapa no dia 13 de setembro. <\/p>\n\n\n\n<figure class=\"wp-block-image size-large\"><img loading=\"lazy\" decoding=\"async\" width=\"849\" height=\"454\" src=\"https:\/\/dhg1h5j42swfq.cloudfront.net\/2020\/04\/09000008\/image-97.png\" alt=\"\" class=\"wp-image-501862\" srcset=\"https:\/\/dhg1h5j42swfq.cloudfront.net\/2020\/04\/09000008\/image-97.png 849w, https:\/\/dhg1h5j42swfq.cloudfront.net\/2020\/04\/09000008\/image-97-300x160.png 300w, https:\/\/dhg1h5j42swfq.cloudfront.net\/2020\/04\/09000008\/image-97-768x411.png 768w, https:\/\/dhg1h5j42swfq.cloudfront.net\/2020\/04\/09000008\/image-97-610x326.png 610w\" sizes=\"auto, (max-width: 849px) 100vw, 849px\" \/><\/figure>\n\n\n\n<h3 class=\"wp-block-heading\">  Prova de T\u00edtulos<\/h3>\n\n\n\n<p>Participar\u00e3o desta fase, de car\u00e1ter exclusivamente classificat\u00f3rio, os candidatos classificados nas etapas anteriores. Para a Prova de T\u00edtulos, ser\u00e3o considerados, de acordo com o cargo, os seguintes documentos:<\/p>\n\n\n\n<figure class=\"wp-block-image size-large\"><img loading=\"lazy\" decoding=\"async\" width=\"1024\" height=\"485\" src=\"https:\/\/dhg1h5j42swfq.cloudfront.net\/2020\/04\/09003200\/image-102-1024x485.png\" alt=\"\" class=\"wp-image-501884\" srcset=\"https:\/\/dhg1h5j42swfq.cloudfront.net\/2020\/04\/09003200\/image-102-1024x485.png 1024w, https:\/\/dhg1h5j42swfq.cloudfront.net\/2020\/04\/09003200\/image-102-300x142.png 300w, https:\/\/dhg1h5j42swfq.cloudfront.net\/2020\/04\/09003200\/image-102-768x364.png 768w, https:\/\/dhg1h5j42swfq.cloudfront.net\/2020\/04\/09003200\/image-102-610x289.png 610w, https:\/\/dhg1h5j42swfq.cloudfront.net\/2020\/04\/09003200\/image-102.png 1440w\" sizes=\"auto, (max-width: 1024px) 100vw, 1024px\" \/><\/figure>\n\n\n\n<figure class=\"wp-block-image size-large\"><img loading=\"lazy\" decoding=\"async\" width=\"1024\" height=\"489\" src=\"https:\/\/dhg1h5j42swfq.cloudfront.net\/2020\/04\/09003405\/image-103-1024x489.png\" alt=\"\" class=\"wp-image-501886\" srcset=\"https:\/\/dhg1h5j42swfq.cloudfront.net\/2020\/04\/09003405\/image-103-1024x489.png 1024w, https:\/\/dhg1h5j42swfq.cloudfront.net\/2020\/04\/09003405\/image-103-300x143.png 300w, https:\/\/dhg1h5j42swfq.cloudfront.net\/2020\/04\/09003405\/image-103-768x367.png 768w, https:\/\/dhg1h5j42swfq.cloudfront.net\/2020\/04\/09003405\/image-103-610x291.png 610w, https:\/\/dhg1h5j42swfq.cloudfront.net\/2020\/04\/09003405\/image-103.png 1433w\" sizes=\"auto, (max-width: 1024px) 100vw, 1024px\" \/><\/figure>\n\n\n\n<h3 class=\"wp-block-heading\">Prova de Higidez F\u00edsica<\/h3>\n\n\n\n<p>A Prova de Higidez F\u00edsica ter\u00e1 car\u00e1ter eliminat\u00f3rio, sendo realizada por Banca Examinadora, consiste na realiza\u00e7\u00e3o de exame m\u00e9dico cl\u00ednico, de forma presencial, que tem por finalidade avaliar, no conjunto, as condi\u00e7\u00f5es f\u00edsicas efetivas do candidato para o exerc\u00edcio da fun\u00e7\u00e3o de policial civil.<br \/> <br \/>O candidato que for convocado e n\u00e3o se submeter \u00e0 realiza\u00e7\u00e3o de exame ou avalia\u00e7\u00e3o previstos em Edital ou n\u00e3o comparecer no dia e local definidos por meio de agendamento ser\u00e1 desclassificado do Concurso P\u00fablico.<\/p>\n\n\n\n<h3 class=\"wp-block-heading\">Prova de Aptid\u00e3o F\u00edsica &#8211; Edital PC PR<\/h3>\n\n\n\n<p>A Prova de Aptid\u00e3o F\u00edsica ter\u00e1 car\u00e1ter eliminat\u00f3rio, sendo realizada por Banca Examinadora espec\u00edfica, e visa avaliar a capacidade m\u00ednima do candidato para suportar f\u00edsica e organicamente os treinamentos a que ser\u00e1 submetido, bem como as condi\u00e7\u00f5es t\u00edpicas para o desempenho das atribui\u00e7\u00f5es de cada um dos cargos ofertados.<\/p>\n\n\n\n<figure class=\"wp-block-image aligncenter size-large\"><img loading=\"lazy\" decoding=\"async\" width=\"707\" height=\"358\" src=\"https:\/\/dhg1h5j42swfq.cloudfront.net\/2020\/04\/09001140\/image-101.png\" alt=\"\" class=\"wp-image-501869\" srcset=\"https:\/\/dhg1h5j42swfq.cloudfront.net\/2020\/04\/09001140\/image-101.png 707w, https:\/\/dhg1h5j42swfq.cloudfront.net\/2020\/04\/09001140\/image-101-300x152.png 300w, https:\/\/dhg1h5j42swfq.cloudfront.net\/2020\/04\/09001140\/image-101-610x309.png 610w\" sizes=\"auto, (max-width: 707px) 100vw, 707px\" \/><\/figure>\n\n\n\n<h3 class=\"wp-block-heading\">Edital PC PR &#8211; Exame de Investiga\u00e7\u00e3o de Conduta<\/h3>\n\n\n\n<p>O Exame de Investiga\u00e7\u00e3o de Conduta ter\u00e1 car\u00e1ter eliminat\u00f3rio, sendo realizado por Banca Examinadora espec\u00edfica presidida pelo<br \/>Corregedor Geral da Pol\u00edcia Civil e demais membros designados, e visa verificar todos os aspectos da vida pregressa e atual do<br \/>candidato.<br \/><br \/>Nessa fase do Concurso P\u00fablico, ser\u00e3o levados em conta:<br \/>a) a falta de entrega de qualquer documento exigido;<br \/>b) a presta\u00e7\u00e3o de informa\u00e7\u00e3o inver\u00eddica ou incompleta ou falsa sobre o candidato;<br \/>c) informa\u00e7\u00f5es sobre eventual uso abusivo de \u00e1lcool e utiliza\u00e7\u00e3o de drogas il\u00edcitas;<br \/>d) a fundada suspeita de v\u00ednculo com organiza\u00e7\u00e3o criminosa;<br \/>e) condutas inapropriadas e reiteradas, desvios comportamentais ou inid\u00f4neos, que n\u00e3o recomendem ou incompatibilizem o<br \/>candidato com a fun\u00e7\u00e3o policial civil;<br \/>f) inadimplemento de obriga\u00e7\u00f5es contratuais.<br \/><br \/>Constatada qualquer conduta ou evid\u00eancia que demonstre a inadequa\u00e7\u00e3o do candidato com os preceitos legais, \u00e9ticos e morais, de forma a n\u00e3o o recomendar para o exerc\u00edcio do cargo pleiteado, o Corregedor Geral da Pol\u00edcia Civil encaminhar\u00e1 relat\u00f3rio<br \/>circunstanciado sobre os impedimentos, que ser\u00e1 submetido \u00e0 aprecia\u00e7\u00e3o do Presidente da Comiss\u00e3o do Concurso, o qual decidir\u00e1 acerca da sua exclus\u00e3o do certame.<\/p>\n\n\n\n<p class=\"has-text-align-center\"><strong>Confira tudo o que voc\u00ea precisa saber para garantir uma vaga! <\/strong><\/p>\n\n\n\n<p class=\"has-text-align-center has-very-light-gray-background-color has-background\"><strong>Saiba mais: <a href=\"https:\/\/www.estrategiaconcursos.com.br\/blog\/concurso-policia-civil-pr\/\">Concurso PC PR<\/a> <\/strong><\/p>\n\n\n\n<p class=\"has-text-align-center has-luminous-vivid-amber-background-color has-background has-medium-font-size\"><a rel=\"noreferrer noopener\" href=\"https:\/\/www.estrategiaconcursos.com.br\/cursosPorConcurso\/policia-civil-do-parana-pc-pr\/\" target=\"_blank\">CURSO PC PR<\/a><\/p>\n\n\n\n<p class=\"has-text-align-center\"><em><strong>Assinatura Anual Ilimitada*<\/strong><\/em><\/p>\n\n\n\n<p class=\"has-text-align-center\"><em>Prepare-se com o melhor material e com quem mais aprova em Concursos P\u00fablicos em todo o pa\u00eds. Assine agora a nossa Assinatura Anual e tenha acesso ilimitado* a todos os nossos cursos.<\/em><\/p>\n\n\n\n<p class=\"has-text-align-center has-light-green-cyan-background-color has-background has-medium-font-size\"><strong>ASSINE AGORA<\/strong>&nbsp;\u2013&nbsp;<a rel=\"noreferrer noopener\" href=\"https:\/\/www.estrategiaconcursos.com.br\/assinaturas\/\" target=\"_blank\"><strong>Assinatura Ilimitada<\/strong><\/a><\/p>\n\n\n\n<p class=\"has-text-align-center has-pale-cyan-blue-background-color has-background has-medium-font-size\"><strong><a href=\"https:\/\/www.estrategiaconcursos.com.br\/blog\/concursos-abertos\/\">CONCURSOS ABERTOS<\/a><\/strong><\/p>\n\n\n\n<p class=\"has-text-align-center has-pale-cyan-blue-background-color has-background has-medium-font-size\"><a href=\"https:\/\/www.estrategiaconcursos.com.br\/blog\/concursos-2020\/\"><strong>CONCURSOS<\/strong><\/a><strong><a href=\"https:\/\/www.estrategiaconcursos.com.br\/blog\/concursos-2020\/\">&nbsp;2020<\/a><\/strong><\/p>\n\n\n\n<figure class=\"wp-block-image\"><img loading=\"lazy\" decoding=\"async\" width=\"300\" height=\"102\" src=\"https:\/\/dhg1h5j42swfq.cloudfront.net\/2019\/05\/29143052\/coruja-ficha-tecnica-300x1025.png\" alt=\"Ficha T\u00e9cnica concurso PCDF\" class=\"wp-image-380136\"\/><\/figure>\n\n\n\n<h3 class=\"wp-block-heading\" id=\"ficha\"><strong>Informa\u00e7\u00f5es do <\/strong>Edital PC PR <\/h3>\n\n\n\n<p>\u25ba<strong>Data prevista<\/strong>&nbsp;<strong>da prova:&nbsp;<\/strong>26 de julho de 2020<br \/>\u25ba<strong>Vagas<\/strong>: 400 vagas<br \/>\u25ba<strong>Cargos<\/strong>: Delegado, Investigador e Papiloscopista<br \/>\u25ba<strong>Banca<\/strong>: FUNPAR-UFPR<br \/>\u25ba<strong>Escolaridade<\/strong>: N\u00edvel superior<br \/>\u25ba<strong>Edital: <a href=\"https:\/\/dhg1h5j42swfq.cloudfront.net\/2020\/04\/09002436\/EX_2020-04-08-2.pdf\" target=\"_blank\" rel=\"noreferrer noopener\">Concurso PC PR<\/a><\/strong> <\/p>\n","protected":false},"excerpt":{"rendered":"<p>Edital PC PR ter\u00e1 provas realizadas em julho de 2020 Est\u00e3o encerradas as inscri\u00e7\u00f5es para o concurso Pol\u00edcia Civil do Paran\u00e1, com oferta de 400 vagas imediatas, para os cargos de Delegado, Investigador e Papiloscopista. Neste artigo voc\u00ea encontrar\u00e1 tudo o que precisa saber sobre o edital do concurso PC PR. Nosso objetivo \u00e9 deixar [&hellip;]<\/p>\n","protected":false},"author":214,"featured_media":0,"comment_status":"open","ping_status":"closed","sticky":false,"template":"","format":"standard","meta":{"post_tipo":"article","footnotes":""},"categories":[1],"tags":[],"tax_estado":[],"class_list":["post-489272","post","type-post","status-publish","format-standard","hentry","category-cursos-e-concursos"],"acf":[],"yoast_head":"<!-- This site is optimized with the Yoast SEO Premium plugin v27.2 (Yoast SEO v27.2) - https:\/\/yoast.com\/product\/yoast-seo-premium-wordpress\/ -->\n<title>Edital PC PR: inscri\u00e7\u00f5es encerradas!<\/title>\n<meta name=\"description\" content=\"Edital PC PR PUBLICADO! S\u00e3o 400 vagas para Delegado, Papiloscopista e Investigador, todo de n\u00edvel superior. Confira tudo sobre essa oportunidade!\" \/>\n<meta name=\"robots\" content=\"index, follow, max-snippet:-1, max-image-preview:large, max-video-preview:-1\" \/>\n<link rel=\"canonical\" href=\"https:\/\/www.estrategiaconcursos.com.br\/blog\/edital-pc-pr-2020\/\" \/>\n<meta property=\"og:locale\" content=\"pt_BR\" \/>\n<meta property=\"og:type\" content=\"article\" \/>\n<meta property=\"og:title\" content=\"Edital PC PR: inscri\u00e7\u00f5es encerradas!\" \/>\n<meta property=\"og:description\" content=\"Edital PC PR PUBLICADO! S\u00e3o 400 vagas para Delegado, Papiloscopista e Investigador, todo de n\u00edvel superior. Confira tudo sobre essa oportunidade!\" \/>\n<meta property=\"og:url\" content=\"https:\/\/www.estrategiaconcursos.com.br\/blog\/edital-pc-pr-2020\/\" \/>\n<meta property=\"og:site_name\" content=\"Estrat\u00e9gia Concursos\" \/>\n<meta property=\"article:published_time\" content=\"2020-06-03T03:45:00+00:00\" \/>\n<meta property=\"article:modified_time\" content=\"2022-10-13T21:21:59+00:00\" \/>\n<meta property=\"og:image\" content=\"https:\/\/www.estrategiaconcursos.com.br\/blog\/wp-content\/uploads\/2020\/04\/image-96.png\" \/>\n<meta name=\"author\" content=\"D\u00e9cio Terror Filho\" \/>\n<meta name=\"twitter:card\" content=\"summary_large_image\" \/>\n<meta name=\"twitter:creator\" content=\"@EstratConcursos\" \/>\n<meta name=\"twitter:site\" content=\"@EstratConcursos\" \/>\n<meta name=\"twitter:label1\" content=\"Escrito por\" \/>\n\t<meta name=\"twitter:data1\" content=\"D\u00e9cio Terror Filho\" \/>\n\t<meta name=\"twitter:label2\" content=\"Est. tempo de leitura\" \/>\n\t<meta name=\"twitter:data2\" content=\"4 minutos\" \/>\n<script type=\"application\/ld+json\" class=\"yoast-schema-graph\">{\"@context\":\"https:\/\/schema.org\",\"@graph\":[{\"@type\":\"NewsArticle\",\"@id\":\"https:\/\/www.estrategiaconcursos.com.br\/blog\/edital-pc-pr-2020\/#article\",\"isPartOf\":{\"@id\":\"https:\/\/www.estrategiaconcursos.com.br\/blog\/edital-pc-pr-2020\/\"},\"author\":{\"name\":\"D\u00e9cio Terror Filho\",\"@id\":\"https:\/\/www.estrategiaconcursos.com.br\/blog\/#\/schema\/person\/e8165364027a31208914fc77c3314727\"},\"headline\":\"Edital PC PR: inscri\u00e7\u00f5es encerradas!\",\"datePublished\":\"2020-06-03T03:45:00+00:00\",\"dateModified\":\"2022-10-13T21:21:59+00:00\",\"mainEntityOfPage\":{\"@id\":\"https:\/\/www.estrategiaconcursos.com.br\/blog\/edital-pc-pr-2020\/\"},\"wordCount\":794,\"commentCount\":15,\"publisher\":{\"@id\":\"https:\/\/www.estrategiaconcursos.com.br\/blog\/#organization\"},\"image\":{\"@id\":\"https:\/\/www.estrategiaconcursos.com.br\/blog\/edital-pc-pr-2020\/#primaryimage\"},\"thumbnailUrl\":\"https:\/\/www.estrategiaconcursos.com.br\/blog\/wp-content\/uploads\/2020\/04\/image-96.png\",\"articleSection\":[\"Concursos P\u00fablicos\"],\"inLanguage\":\"pt-BR\",\"potentialAction\":[{\"@type\":\"CommentAction\",\"name\":\"Comment\",\"target\":[\"https:\/\/www.estrategiaconcursos.com.br\/blog\/edital-pc-pr-2020\/#respond\"]}],\"copyrightYear\":\"2020\",\"copyrightHolder\":{\"@id\":\"https:\/\/www.estrategiaconcursos.com.br\/blog\/#organization\"}},{\"@type\":\"WebPage\",\"@id\":\"https:\/\/www.estrategiaconcursos.com.br\/blog\/edital-pc-pr-2020\/\",\"url\":\"https:\/\/www.estrategiaconcursos.com.br\/blog\/edital-pc-pr-2020\/\",\"name\":\"Edital PC PR: inscri\u00e7\u00f5es encerradas!\",\"isPartOf\":{\"@id\":\"https:\/\/www.estrategiaconcursos.com.br\/blog\/#website\"},\"primaryImageOfPage\":{\"@id\":\"https:\/\/www.estrategiaconcursos.com.br\/blog\/edital-pc-pr-2020\/#primaryimage\"},\"image\":{\"@id\":\"https:\/\/www.estrategiaconcursos.com.br\/blog\/edital-pc-pr-2020\/#primaryimage\"},\"thumbnailUrl\":\"https:\/\/www.estrategiaconcursos.com.br\/blog\/wp-content\/uploads\/2020\/04\/image-96.png\",\"datePublished\":\"2020-06-03T03:45:00+00:00\",\"dateModified\":\"2022-10-13T21:21:59+00:00\",\"description\":\"Edital PC PR PUBLICADO! S\u00e3o 400 vagas para Delegado, Papiloscopista e Investigador, todo de n\u00edvel superior. Confira tudo sobre essa oportunidade!\",\"breadcrumb\":{\"@id\":\"https:\/\/www.estrategiaconcursos.com.br\/blog\/edital-pc-pr-2020\/#breadcrumb\"},\"inLanguage\":\"pt-BR\",\"potentialAction\":[{\"@type\":\"ReadAction\",\"target\":[\"https:\/\/www.estrategiaconcursos.com.br\/blog\/edital-pc-pr-2020\/\"]}]},{\"@type\":\"ImageObject\",\"inLanguage\":\"pt-BR\",\"@id\":\"https:\/\/www.estrategiaconcursos.com.br\/blog\/edital-pc-pr-2020\/#primaryimage\",\"url\":\"https:\/\/dhg1h5j42swfq.cloudfront.net\/2020\/04\/08235017\/image-96.png\",\"contentUrl\":\"https:\/\/dhg1h5j42swfq.cloudfront.net\/2020\/04\/08235017\/image-96.png\",\"width\":857,\"height\":408},{\"@type\":\"BreadcrumbList\",\"@id\":\"https:\/\/www.estrategiaconcursos.com.br\/blog\/edital-pc-pr-2020\/#breadcrumb\",\"itemListElement\":[{\"@type\":\"ListItem\",\"position\":1,\"name\":\"In\u00edcio\",\"item\":\"https:\/\/www.estrategiaconcursos.com.br\/blog\/\"},{\"@type\":\"ListItem\",\"position\":2,\"name\":\"Edital PC PR: inscri\u00e7\u00f5es encerradas!\"}]},{\"@type\":\"WebSite\",\"@id\":\"https:\/\/www.estrategiaconcursos.com.br\/blog\/#website\",\"url\":\"https:\/\/www.estrategiaconcursos.com.br\/blog\/\",\"name\":\"Estrat\u00e9gia Concursos\",\"description\":\"O blog da Estrat\u00e9gia Concursos traz not\u00edcias sobre concursos e artigos de professores oferecendo cursos para concursos (pdf + videaulas) no site.\",\"publisher\":{\"@id\":\"https:\/\/www.estrategiaconcursos.com.br\/blog\/#organization\"},\"potentialAction\":[{\"@type\":\"SearchAction\",\"target\":{\"@type\":\"EntryPoint\",\"urlTemplate\":\"https:\/\/www.estrategiaconcursos.com.br\/blog\/?s={search_term_string}\"},\"query-input\":{\"@type\":\"PropertyValueSpecification\",\"valueRequired\":true,\"valueName\":\"search_term_string\"}}],\"inLanguage\":\"pt-BR\"},{\"@type\":\"Organization\",\"@id\":\"https:\/\/www.estrategiaconcursos.com.br\/blog\/#organization\",\"name\":\"Estrat\u00e9gia Concursos\",\"url\":\"https:\/\/www.estrategiaconcursos.com.br\/blog\/\",\"logo\":{\"@type\":\"ImageObject\",\"inLanguage\":\"pt-BR\",\"@id\":\"https:\/\/www.estrategiaconcursos.com.br\/blog\/#\/schema\/logo\/image\/\",\"url\":\"https:\/\/dhg1h5j42swfq.cloudfront.net\/2025\/06\/03203428\/logo_concursos-1.jpg\",\"contentUrl\":\"https:\/\/dhg1h5j42swfq.cloudfront.net\/2025\/06\/03203428\/logo_concursos-1.jpg\",\"width\":230,\"height\":60,\"caption\":\"Estrat\u00e9gia Concursos\"},\"image\":{\"@id\":\"https:\/\/www.estrategiaconcursos.com.br\/blog\/#\/schema\/logo\/image\/\"},\"sameAs\":[\"https:\/\/x.com\/EstratConcursos\"]},{\"@type\":\"Person\",\"@id\":\"https:\/\/www.estrategiaconcursos.com.br\/blog\/#\/schema\/person\/e8165364027a31208914fc77c3314727\",\"name\":\"D\u00e9cio Terror Filho\",\"image\":{\"@type\":\"ImageObject\",\"inLanguage\":\"pt-BR\",\"@id\":\"https:\/\/secure.gravatar.com\/avatar\/a5b78e734de7c6482e965926e78344deb81abbc34282a3c9536cbb1a59728a37?s=96&d=mm&r=g\",\"url\":\"https:\/\/secure.gravatar.com\/avatar\/a5b78e734de7c6482e965926e78344deb81abbc34282a3c9536cbb1a59728a37?s=96&d=mm&r=g\",\"contentUrl\":\"https:\/\/secure.gravatar.com\/avatar\/a5b78e734de7c6482e965926e78344deb81abbc34282a3c9536cbb1a59728a37?s=96&d=mm&r=g\",\"caption\":\"D\u00e9cio Terror Filho\"},\"url\":\"https:\/\/www.estrategiaconcursos.com.br\/blog\/author\/contatoterrorportugues-com-br\/\"}]}<\/script>\n<!-- \/ Yoast SEO Premium plugin. -->","yoast_head_json":{"title":"Edital PC PR: inscri\u00e7\u00f5es encerradas!","description":"Edital PC PR PUBLICADO! S\u00e3o 400 vagas para Delegado, Papiloscopista e Investigador, todo de n\u00edvel superior. Confira tudo sobre essa oportunidade!","robots":{"index":"index","follow":"follow","max-snippet":"max-snippet:-1","max-image-preview":"max-image-preview:large","max-video-preview":"max-video-preview:-1"},"canonical":"https:\/\/www.estrategiaconcursos.com.br\/blog\/edital-pc-pr-2020\/","og_locale":"pt_BR","og_type":"article","og_title":"Edital PC PR: inscri\u00e7\u00f5es encerradas!","og_description":"Edital PC PR PUBLICADO! S\u00e3o 400 vagas para Delegado, Papiloscopista e Investigador, todo de n\u00edvel superior. Confira tudo sobre essa oportunidade!","og_url":"https:\/\/www.estrategiaconcursos.com.br\/blog\/edital-pc-pr-2020\/","og_site_name":"Estrat\u00e9gia Concursos","article_published_time":"2020-06-03T03:45:00+00:00","article_modified_time":"2022-10-13T21:21:59+00:00","og_image":[{"url":"https:\/\/www.estrategiaconcursos.com.br\/blog\/wp-content\/uploads\/2020\/04\/image-96.png","type":"","width":"","height":""}],"author":"D\u00e9cio Terror Filho","twitter_card":"summary_large_image","twitter_creator":"@EstratConcursos","twitter_site":"@EstratConcursos","twitter_misc":{"Escrito por":"D\u00e9cio Terror Filho","Est. tempo de leitura":"4 minutos"},"schema":{"@context":"https:\/\/schema.org","@graph":[{"@type":"NewsArticle","@id":"https:\/\/www.estrategiaconcursos.com.br\/blog\/edital-pc-pr-2020\/#article","isPartOf":{"@id":"https:\/\/www.estrategiaconcursos.com.br\/blog\/edital-pc-pr-2020\/"},"author":{"name":"D\u00e9cio Terror Filho","@id":"https:\/\/www.estrategiaconcursos.com.br\/blog\/#\/schema\/person\/e8165364027a31208914fc77c3314727"},"headline":"Edital PC PR: inscri\u00e7\u00f5es encerradas!","datePublished":"2020-06-03T03:45:00+00:00","dateModified":"2022-10-13T21:21:59+00:00","mainEntityOfPage":{"@id":"https:\/\/www.estrategiaconcursos.com.br\/blog\/edital-pc-pr-2020\/"},"wordCount":794,"commentCount":15,"publisher":{"@id":"https:\/\/www.estrategiaconcursos.com.br\/blog\/#organization"},"image":{"@id":"https:\/\/www.estrategiaconcursos.com.br\/blog\/edital-pc-pr-2020\/#primaryimage"},"thumbnailUrl":"https:\/\/www.estrategiaconcursos.com.br\/blog\/wp-content\/uploads\/2020\/04\/image-96.png","articleSection":["Concursos P\u00fablicos"],"inLanguage":"pt-BR","potentialAction":[{"@type":"CommentAction","name":"Comment","target":["https:\/\/www.estrategiaconcursos.com.br\/blog\/edital-pc-pr-2020\/#respond"]}],"copyrightYear":"2020","copyrightHolder":{"@id":"https:\/\/www.estrategiaconcursos.com.br\/blog\/#organization"}},{"@type":"WebPage","@id":"https:\/\/www.estrategiaconcursos.com.br\/blog\/edital-pc-pr-2020\/","url":"https:\/\/www.estrategiaconcursos.com.br\/blog\/edital-pc-pr-2020\/","name":"Edital PC PR: inscri\u00e7\u00f5es encerradas!","isPartOf":{"@id":"https:\/\/www.estrategiaconcursos.com.br\/blog\/#website"},"primaryImageOfPage":{"@id":"https:\/\/www.estrategiaconcursos.com.br\/blog\/edital-pc-pr-2020\/#primaryimage"},"image":{"@id":"https:\/\/www.estrategiaconcursos.com.br\/blog\/edital-pc-pr-2020\/#primaryimage"},"thumbnailUrl":"https:\/\/www.estrategiaconcursos.com.br\/blog\/wp-content\/uploads\/2020\/04\/image-96.png","datePublished":"2020-06-03T03:45:00+00:00","dateModified":"2022-10-13T21:21:59+00:00","description":"Edital PC PR PUBLICADO! S\u00e3o 400 vagas para Delegado, Papiloscopista e Investigador, todo de n\u00edvel superior. Confira tudo sobre essa oportunidade!","breadcrumb":{"@id":"https:\/\/www.estrategiaconcursos.com.br\/blog\/edital-pc-pr-2020\/#breadcrumb"},"inLanguage":"pt-BR","potentialAction":[{"@type":"ReadAction","target":["https:\/\/www.estrategiaconcursos.com.br\/blog\/edital-pc-pr-2020\/"]}]},{"@type":"ImageObject","inLanguage":"pt-BR","@id":"https:\/\/www.estrategiaconcursos.com.br\/blog\/edital-pc-pr-2020\/#primaryimage","url":"https:\/\/dhg1h5j42swfq.cloudfront.net\/2020\/04\/08235017\/image-96.png","contentUrl":"https:\/\/dhg1h5j42swfq.cloudfront.net\/2020\/04\/08235017\/image-96.png","width":857,"height":408},{"@type":"BreadcrumbList","@id":"https:\/\/www.estrategiaconcursos.com.br\/blog\/edital-pc-pr-2020\/#breadcrumb","itemListElement":[{"@type":"ListItem","position":1,"name":"In\u00edcio","item":"https:\/\/www.estrategiaconcursos.com.br\/blog\/"},{"@type":"ListItem","position":2,"name":"Edital PC PR: inscri\u00e7\u00f5es encerradas!"}]},{"@type":"WebSite","@id":"https:\/\/www.estrategiaconcursos.com.br\/blog\/#website","url":"https:\/\/www.estrategiaconcursos.com.br\/blog\/","name":"Estrat\u00e9gia Concursos","description":"O blog da Estrat\u00e9gia Concursos traz not\u00edcias sobre concursos e artigos de professores oferecendo cursos para concursos (pdf + videaulas) no site.","publisher":{"@id":"https:\/\/www.estrategiaconcursos.com.br\/blog\/#organization"},"potentialAction":[{"@type":"SearchAction","target":{"@type":"EntryPoint","urlTemplate":"https:\/\/www.estrategiaconcursos.com.br\/blog\/?s={search_term_string}"},"query-input":{"@type":"PropertyValueSpecification","valueRequired":true,"valueName":"search_term_string"}}],"inLanguage":"pt-BR"},{"@type":"Organization","@id":"https:\/\/www.estrategiaconcursos.com.br\/blog\/#organization","name":"Estrat\u00e9gia Concursos","url":"https:\/\/www.estrategiaconcursos.com.br\/blog\/","logo":{"@type":"ImageObject","inLanguage":"pt-BR","@id":"https:\/\/www.estrategiaconcursos.com.br\/blog\/#\/schema\/logo\/image\/","url":"https:\/\/dhg1h5j42swfq.cloudfront.net\/2025\/06\/03203428\/logo_concursos-1.jpg","contentUrl":"https:\/\/dhg1h5j42swfq.cloudfront.net\/2025\/06\/03203428\/logo_concursos-1.jpg","width":230,"height":60,"caption":"Estrat\u00e9gia Concursos"},"image":{"@id":"https:\/\/www.estrategiaconcursos.com.br\/blog\/#\/schema\/logo\/image\/"},"sameAs":["https:\/\/x.com\/EstratConcursos"]},{"@type":"Person","@id":"https:\/\/www.estrategiaconcursos.com.br\/blog\/#\/schema\/person\/e8165364027a31208914fc77c3314727","name":"D\u00e9cio Terror Filho","image":{"@type":"ImageObject","inLanguage":"pt-BR","@id":"https:\/\/secure.gravatar.com\/avatar\/a5b78e734de7c6482e965926e78344deb81abbc34282a3c9536cbb1a59728a37?s=96&d=mm&r=g","url":"https:\/\/secure.gravatar.com\/avatar\/a5b78e734de7c6482e965926e78344deb81abbc34282a3c9536cbb1a59728a37?s=96&d=mm&r=g","contentUrl":"https:\/\/secure.gravatar.com\/avatar\/a5b78e734de7c6482e965926e78344deb81abbc34282a3c9536cbb1a59728a37?s=96&d=mm&r=g","caption":"D\u00e9cio Terror Filho"},"url":"https:\/\/www.estrategiaconcursos.com.br\/blog\/author\/contatoterrorportugues-com-br\/"}]}},"_links":{"self":[{"href":"https:\/\/www.estrategiaconcursos.com.br\/blog\/wp-json\/wp\/v2\/posts\/489272","targetHints":{"allow":["GET"]}}],"collection":[{"href":"https:\/\/www.estrategiaconcursos.com.br\/blog\/wp-json\/wp\/v2\/posts"}],"about":[{"href":"https:\/\/www.estrategiaconcursos.com.br\/blog\/wp-json\/wp\/v2\/types\/post"}],"author":[{"embeddable":true,"href":"https:\/\/www.estrategiaconcursos.com.br\/blog\/wp-json\/wp\/v2\/users\/214"}],"replies":[{"embeddable":true,"href":"https:\/\/www.estrategiaconcursos.com.br\/blog\/wp-json\/wp\/v2\/comments?post=489272"}],"version-history":[{"count":28,"href":"https:\/\/www.estrategiaconcursos.com.br\/blog\/wp-json\/wp\/v2\/posts\/489272\/revisions"}],"predecessor-version":[{"id":1109883,"href":"https:\/\/www.estrategiaconcursos.com.br\/blog\/wp-json\/wp\/v2\/posts\/489272\/revisions\/1109883"}],"wp:attachment":[{"href":"https:\/\/www.estrategiaconcursos.com.br\/blog\/wp-json\/wp\/v2\/media?parent=489272"}],"wp:term":[{"taxonomy":"category","embeddable":true,"href":"https:\/\/www.estrategiaconcursos.com.br\/blog\/wp-json\/wp\/v2\/categories?post=489272"},{"taxonomy":"post_tag","embeddable":true,"href":"https:\/\/www.estrategiaconcursos.com.br\/blog\/wp-json\/wp\/v2\/tags?post=489272"},{"taxonomy":"tax_estado","embeddable":true,"href":"https:\/\/www.estrategiaconcursos.com.br\/blog\/wp-json\/wp\/v2\/tax_estado?post=489272"}],"curies":[{"name":"wp","href":"https:\/\/api.w.org\/{rel}","templated":true}]}}