{"id":489212,"date":"2024-03-14T23:59:00","date_gmt":"2024-03-15T02:59:00","guid":{"rendered":"https:\/\/www.estrategiaconcursos.com.br\/blog\/?p=489212"},"modified":"2024-03-18T08:47:01","modified_gmt":"2024-03-18T11:47:01","slug":"concurso-prefeitura-votorantim","status":"publish","type":"post","link":"https:\/\/www.estrategiaconcursos.com.br\/blog\/concurso-prefeitura-votorantim\/","title":{"rendered":"Concurso Prefeitura de Votorantim SP: provas em abril"},"content":{"rendered":"\n<p>Com mais de 100 mil habitantes, o munic\u00edpio de <strong><a href=\"https:\/\/www.estrategiaconcursos.com.br\/cursosPorConcurso\/prefeitura-municipal-de-votorantim-sp\/\" target=\"_blank\" rel=\"noreferrer noopener\">Votorantim<\/a><\/strong>, localizado no interior do estado de S\u00e3o Paulo, lan\u00e7ou novos editais para o seu <strong>concurso p\u00fablico<\/strong>, com preenchimento de<strong> 98 vagas<\/strong> em 65 cargos.<\/p>\n\n\n\n<p>Os sal\u00e1rios iniciais da sele\u00e7\u00e3o podem alternar conforme o cargo pretendido pelo candidato, chegando a receber <strong>R$ 5.236,79<\/strong>, podendo acrescer mais R$ 265,03 com adicional de insalubridade.<\/p>\n\n\n\n<p>Ademais, para se inscrever no concurso o candidato teve que preencher o formul\u00e1rio de requerimento no site da banca, o IBAM, at\u00e9 o dia 14 de mar\u00e7o<strong>.<\/strong> <\/p>\n\n\n\n<ul style=\"background-color:#f1f1f1\" id=\"block-ee678516-e9d1-48bd-b327-7b9acd55f0fd\" class=\"has-background wp-block-list\">\n<li><strong>Prefeitura Municipal de Votorantim &#8211; SP<\/strong><\/li>\n\n\n\n<li><strong>Status:<\/strong>\u00a0inscri\u00e7\u00f5es encerradas\/provas em 14\/04<\/li>\n\n\n\n<li><strong>Banca:&nbsp;<\/strong>IBAM<\/li>\n\n\n\n<li><strong>Vagas:&nbsp;<\/strong>98<\/li>\n\n\n\n<li><strong>Sal\u00e1rio inicial:<\/strong>&nbsp;R$ 1.716,10 a R$ 5.236,79<\/li>\n\n\n\n<li><a href=\"https:\/\/dhg1h5j42swfq.cloudfront.net\/2024\/02\/20090441\/01-edital-de-abertura-5-1.pdf\" target=\"_blank\" rel=\"noreferrer noopener\">Edital n\u00ba 01<\/a> | <a href=\"https:\/\/dhg1h5j42swfq.cloudfront.net\/2024\/02\/20090551\/01-edital-de-abertura-6-1.pdf\" target=\"_blank\" rel=\"noreferrer noopener nofollow\">Edital n\u00ba 02<\/a> | <a href=\"https:\/\/dhg1h5j42swfq.cloudfront.net\/2024\/02\/20090616\/01-edital-de-abertura-8-1.pdf\" target=\"_blank\" rel=\"noreferrer noopener nofollow\">Edital n\u00ba 03<\/a> | <a href=\"https:\/\/dhg1h5j42swfq.cloudfront.net\/2024\/02\/20090652\/01-edital-de-abertura-9-1.pdf\" target=\"_blank\" rel=\"noreferrer noopener nofollow\">Edital n\u00ba 04<\/a> | <a href=\"https:\/\/dhg1h5j42swfq.cloudfront.net\/2024\/02\/20090714\/01-edital-de-abertura-10-1.pdf\" target=\"_blank\" rel=\"noreferrer noopener nofollow\">Edital n\u00ba 05<\/a><\/li>\n<\/ul>\n\n\n\n<p>O prazo de validade do concurso \u00e9 de 2 anos, a contar da data de homologa\u00e7\u00e3o, podendo ser prorrogado pelo mesmo per\u00edodo. Ainda h\u00e1 a possibilidade de abertura de mais vagas at\u00e9 o vencimento do certame.<\/p>\n\n\n\n<ul class=\"wp-block-list\" id=\"indice\">\n<li><a href=\"#datas\">Principais datas<\/a><\/li>\n\n\n\n<li><a href=\"#cargos\">Cargos e vagas<\/a><\/li>\n\n\n\n<li><a href=\"#etapas\">Etapas de provas<\/a>\n<ul class=\"wp-block-list\">\n<li><a href=\"#objetiva\">Prova objetiva<\/a><\/li>\n\n\n\n<li><a href=\"#pratica\">Prova pr\u00e1tica<\/a><\/li>\n\n\n\n<li><a href=\"#taf\">Prova de Aptid\u00e3o F\u00edsica<\/a><\/li>\n<\/ul>\n<\/li>\n\n\n\n<li><a href=\"#cursos\">Cursos e assinaturas<\/a><\/li>\n\n\n\n<li><a href=\"#ficha\">Ficha t\u00e9cnica<\/a><\/li>\n<\/ul>\n\n\n\n<div class=\"container\" id=\"boxes\">\n  <div class=\"row\">\n\n    <div class=\"col-sm\">\n      <div class=\"banner-estrategia\" id=\"box-assinatura\">\n        <h3 class=\"titulo-assinatura\">Concurso Prefeitura Votorantim<\/h3>\n        <p class=\"subtitulo-assinatura\">Conhe\u00e7a os cursos<\/p>\n        <div class=\"box-botao\">\n          <a class=\"btn-assinatura\" target=\"_blank\" href=\"https:\/\/www.estrategiaconcursos.com.br\/cursosPorConcurso\/prefeitura-municipal-de-votorantim-sp\/\" role=\"button\" rel=\"noopener noreferrer\">Conhe\u00e7a mais<\/a>\n        <\/div>\n      <\/div><\/div><\/div><\/div>\n\n\n\n<h2 class=\"wp-block-heading\" id=\"datas\">Concurso da Prefeitura de Votorantim: principais datas<\/h2>\n\n\n\n<ul class=\"wp-block-list\">\n<li><strong>Inscri\u00e7\u00f5es<\/strong>: <s>at\u00e9 14 de mar\u00e7o\u00a0<\/s><\/li>\n\n\n\n<li><strong>Pagamento da taxa: <\/strong>at\u00e9 15 de mar\u00e7o<\/li>\n\n\n\n<li><strong>Provas<\/strong>: 14 de abril<\/li>\n<\/ul>\n\n\n\n<h2 class=\"wp-block-heading\" id=\"cargos\">Concurso da Prefeitura de Votorantim: cargos, vagas e sal\u00e1rios<\/h2>\n\n\n\n<p>Confira abaixo a lista de cargos, vagas e sal\u00e1rios do concurso p\u00fablico da Prefeitura de Votorantim:<\/p>\n\n\n\n<ul class=\"wp-block-list\">\n<li>Agente de apoio operacional e conserva\u00e7\u00e3o: 4 vagas &#8211; sal\u00e1rio R$ 2.045,58;<\/li>\n\n\n\n<li>Eletricista: 1 vaga &#8211; sal\u00e1rios R$ 1.926,29;<\/li>\n\n\n\n<li>Encanador: 1 vaga &#8211; sal\u00e1rio R$ 1.926,29;<\/li>\n\n\n\n<li>Marceneiro: 1 vaga &#8211; sal\u00e1rio R$ 1.816,68;<\/li>\n\n\n\n<li>Mestre de obras: 1 vaga &#8211; sal\u00e1rio R$ 2.175,83;<\/li>\n\n\n\n<li>Operador de m\u00e1quina carregadeira, rolo compactador: 1 vaga &#8211; sal\u00e1rio R$ 2.175,83;<\/li>\n\n\n\n<li>Operador de m\u00e1quina motoniveladora e rolo compactador: 1 vaga &#8211; sal\u00e1rio R$ 2.175,83;<\/li>\n\n\n\n<li>Operador de trator e l\u00e2mina: 1 vaga &#8211; sal\u00e1rio R$ 2.175,83;<\/li>\n\n\n\n<li>Pedreiro: 1 vaga &#8211; sal\u00e1rio R$ 1.926,29;<\/li>\n\n\n\n<li>Pintor: 1 vaga &#8211; sal\u00e1rio R$ 1.716,10;<\/li>\n\n\n\n<li>Soldador: 1 vaga&nbsp;&nbsp;&#8211; sal\u00e1rio R$ 1.926,29;<\/li>\n\n\n\n<li><a href=\"https:\/\/www.estrategiaconcursos.com.br\/curso\/prefeitura-de-votorantim-sp-gcm-votorantim-sp-guarda-municipal-pacote-2024-pos-edital\/\" target=\"_blank\" rel=\"noreferrer noopener\">Guarda Civil Municipal 2\u00aa classe<\/a>: 20 vagas&nbsp; &#8211; R$ 2.317,70;<\/li>\n\n\n\n<li>Auxiliar de enfermagem em unidade Estrat\u00e9gia Sa\u00fade da Fam\u00edlia: 5 vagas;<\/li>\n\n\n\n<li><a href=\"https:\/\/www.estrategiaconcursos.com.br\/curso\/prefeitura-de-votorantim-sp-agente-fazendario-pacote-2024-pos-edital\/\" target=\"_blank\" rel=\"noreferrer noopener\">Agente fazend\u00e1rio<\/a>: 2 vagas &#8211; sal\u00e1rio R$ 5.236,79;<\/li>\n\n\n\n<li><a href=\"https:\/\/www.estrategiaconcursos.com.br\/curso\/prefeitura-de-votorantim-sp-almoxarife-pacote-2024-pos-edital\/\" target=\"_blank\" rel=\"noreferrer noopener\">Almoxarife<\/a>: 1 vaga &#8211; sal\u00e1rio R$ 2.045,58;<\/li>\n\n\n\n<li><a href=\"https:\/\/www.estrategiaconcursos.com.br\/curso\/prefeitura-de-votorantim-sp-assistente-social-plantonista-pacote-2024-pos-edital\/\" target=\"_blank\" rel=\"noreferrer noopener\">Assistente social plantonista<\/a>: 1 vaga &#8211; sal\u00e1rio R$ 432,93 por plant\u00e3o;<\/li>\n\n\n\n<li><a href=\"https:\/\/www.estrategiaconcursos.com.br\/curso\/prefeitura-de-votorantim-sp-auditor-de-controle-interno-pacote-2024-pos-edital\/\" target=\"_blank\" rel=\"noreferrer noopener\">Auditor de controle interno:<\/a> 1 vaga &#8211; sal\u00e1rio R$ 5.236,79;<\/li>\n\n\n\n<li><a href=\"https:\/\/www.estrategiaconcursos.com.br\/curso\/prefeitura-de-votorantim-sp-auxiliar-de-enfermagem-pacote-2024-pos-edital\/\" target=\"_blank\" rel=\"noreferrer noopener\">Auxiliar de enfermagem<\/a>: Cadastro reserva &#8211; sal\u00e1rio R$ 2.472,36;<\/li>\n\n\n\n<li>Auxiliar de enfermagem plantonista: 1 vaga &#8211; sal\u00e1rio R$ 3.296,48;<\/li>\n\n\n\n<li>Auxiliar de sa\u00fade bucal: 1 vaga &#8211; sal\u00e1rio R$ 2.472,36;<\/li>\n\n\n\n<li>Auxiliar de servi\u00e7os gerais: 4 vagas &#8211; sal\u00e1rio R$ 1.325,14;<\/li>\n\n\n\n<li>Auxiliar de servi\u00e7os operacionais (vigia): 2 vagas &#8211; sal\u00e1rio R$ 1.716,10;<\/li>\n\n\n\n<li>Auxiliar de topografia e agrimensura: 1 vaga &#8211; sal\u00e1rio R$ 1.461,69;<\/li>\n\n\n\n<li><a href=\"https:\/\/www.estrategiaconcursos.com.br\/curso\/prefeitura-de-votorantim-sp-bibliotecario-pacote-2024-pos-edital\/\" target=\"_blank\" rel=\"noreferrer noopener\">Bibliotec\u00e1rio<\/a>: 1 vaga &#8211; sal\u00e1rio R$ 4.234,94;<\/li>\n\n\n\n<li>Cirurgi\u00e3o dentista: 1 vaga &#8211; sal\u00e1rio R$ 69,82\/hora;<\/li>\n\n\n\n<li>Desenhista: 1 vaga &#8211; sal\u00e1rio R$ 2.175,83;<\/li>\n\n\n\n<li>Enfermeiro: 1 vaga &#8211; sal\u00e1rio R$ 5.236,79;<\/li>\n\n\n\n<li>Enfermeiro ESF: 2 vagas &#8211; sal\u00e1rio R$ 6.982,39;<\/li>\n\n\n\n<li>Enfermeiro plantonista: 1 vaga &#8211; sal\u00e1rio 535,27\/plant\u00e3o;<\/li>\n\n\n\n<li><a href=\"https:\/\/www.estrategiaconcursos.com.br\/curso\/prefeitura-de-votorantim-sp-farmaceutico-pacote-2024-pos-edital\/\" target=\"_blank\" rel=\"noreferrer noopener\">Farmac\u00eautico<\/a>: 1 vaga &#8211; sal\u00e1rio R$ 4.540,63;<\/li>\n\n\n\n<li>Fiscal de obras: 1 vaga &#8211; sal\u00e1rio R$ 2.472,36;<\/li>\n\n\n\n<li>Fiscal de transporte: 1 vaga &#8211; sal\u00e1rio R$ 2.472,36;<\/li>\n\n\n\n<li>Fiscal sanit\u00e1rio: 1 vaga &#8211; sal\u00e1rio R$ 2.317,7;<\/li>\n\n\n\n<li>M\u00e9dico (diversos): 20 + CR &#8211; sal\u00e1rio R$ 107,92\/hora;<\/li>\n\n\n\n<li><a href=\"https:\/\/www.estrategiaconcursos.com.br\/curso\/prefeitura-de-votorantim-sp-nutricionista-pacote-2024-pos-edital\/\" target=\"_blank\" rel=\"noreferrer noopener\">Nutricionista<\/a>: 1 vaga &#8211; sal\u00e1rio R$ 4.234,94;<\/li>\n\n\n\n<li><a href=\"https:\/\/www.estrategiaconcursos.com.br\/curso\/prefeitura-de-votorantim-sp-recepcionista-plantonista-pacote-2024-pos-edital\/\" target=\"_blank\" rel=\"noreferrer noopener\">Recepcionista plantonista<\/a>: 1 vaga &#8211; sal\u00e1rio R$ 133,03 por plant\u00e3o;<\/li>\n\n\n\n<li>T\u00e9cnico Agrimensura: 1 vaga &#8211; sal\u00e1rio R$ 2.824,47;<\/li>\n\n\n\n<li><a href=\"https:\/\/www.estrategiaconcursos.com.br\/curso\/prefeitura-de-votorantim-sp-tecnico-de-enfermagem-plantonista-pacote-2024-pos-edital\/\" target=\"_blank\" rel=\"noreferrer noopener\">T\u00e9cnico de enfermagem plantonista<\/a>: 3 vagas &#8211; sal\u00e1rio R$ 205,48\/plant\u00e3o;<\/li>\n\n\n\n<li>T\u00e9cnico desportivo: 1 vaga &#8211; sal\u00e1rio R$ 4.234,94;<\/li>\n\n\n\n<li>T\u00e9cnico de seguran\u00e7a do trabalho: 1 vaga &#8211; sal\u00e1rio R$ 2.824,47;<\/li>\n\n\n\n<li>Top\u00f3grafo: 1 vaga &#8211; sal\u00e1rio R$ 2.824,47;<\/li>\n\n\n\n<li>Arquiteto: 1 vaga &#8211; sal\u00e1rio R$ 5.236,79;<\/li>\n\n\n\n<li><a href=\"https:\/\/www.estrategiaconcursos.com.br\/curso\/prefeitura-de-votorantim-sp-engenheiro-ambiental-pacote-2024-pos-edital\/\" target=\"_blank\" rel=\"noreferrer noopener\">Engenheiro ambiental<\/a>: 1 vaga &#8211; sal\u00e1rio R$ 5.236,79;<\/li>\n\n\n\n<li>Engenheiro civil: 1 vaga &#8211; sal\u00e1rio R$ 5.236,79;<\/li>\n\n\n\n<li>Engenheiro el\u00e9trico: Cadastro reserva &#8211; sal\u00e1rio R$ 5.236,79;<\/li>\n\n\n\n<li>Engenheiro de seguran\u00e7a do trabalho: 1 vaga &#8211; sal\u00e1rio R$ 5.236,79;<\/li>\n\n\n\n<li>Agente comunit\u00e1rio de sa\u00fade &#8211; Parque S\u00e3o Jo\u00e3o: 1 vaga &#8211; sal\u00e1rio R$ 2.604,00.<\/li>\n<\/ul>\n\n\n\n<p class=\"has-text-align-center has-background has-medium-font-size\" style=\"background-color:#f4f4f4\"><a href=\"https:\/\/www.estrategiaconcursos.com.br\/blog\/concurso-votorantim-saude\/\" target=\"_blank\" rel=\"noreferrer noopener\"><strong>Saiba detalhes do cargos da \u00e1rea da sa\u00fade<\/strong><\/a><\/p>\n\n\n\n<p class=\"has-text-align-center has-background has-medium-font-size\" style=\"background-color:#e6f2f9\"><a href=\"https:\/\/www.estrategiaconcursos.com.br\/blog\/concurso-iss-votorantim\/\" target=\"_blank\" rel=\"noreferrer noopener\"><strong>Saiba detalhes do cargo de Agente Fazend\u00e1rio ISS<\/strong><\/a><\/p>\n\n\n\n<p class=\"has-text-align-center has-background has-medium-font-size\" style=\"background-color:#ffd86c\"><a href=\"https:\/\/www.estrategiaconcursos.com.br\/blog\/concurso-guarda-de-votorantim-sp\/\" target=\"_blank\" rel=\"noreferrer noopener\"><strong>Saiba detalhes do cargo de Guarda<\/strong><\/a><\/p>\n\n\n\n<h2 class=\"wp-block-heading\" id=\"etapas\">Concurso da Prefeitura de Votorantim: etapas de provas<\/h2>\n\n\n\n<p>O concurso da Prefeitura de Votorantim ser\u00e1 constitu\u00eddo de algumas importantes etapas, sendo elas: provas objetivas, prova pr\u00e1tica, teste de aptid\u00e3o e curso de forma\u00e7\u00e3o.<\/p>\n\n\n\n<ul class=\"wp-block-list\">\n<li><strong>Prova objetiva <\/strong>de car\u00e1ter classificat\u00f3rio e eliminat\u00f3rio, para todos os cargos;<\/li>\n\n\n\n<li><strong>Teste de aptid\u00e3o f\u00edsica (TAF)<\/strong> de car\u00e1ter eliminat\u00f3rio, para os candidatos habilitados. <\/li>\n\n\n\n<li><strong>Teste de aptid\u00e3o psicol\u00f3gica<\/strong> de car\u00e1ter eliminat\u00f3rio, para os candidatos habilitados;<\/li>\n\n\n\n<li><strong>Prova pr\u00e1tica <\/strong>&#8211; de car\u00e1ter classificat\u00f3rio e eliminat\u00f3rio para os candidatos habilitados nas provas objetivas;<\/li>\n\n\n\n<li><strong>Curso de forma\u00e7\u00e3o especifica,<\/strong> de car\u00e1ter eliminat\u00f3rio e classificat\u00f3rio.<\/li>\n<\/ul>\n\n\n\n<h3 class=\"wp-block-heading\" id=\"objetiva\">Prova objetiva<\/h3>\n\n\n\n<p>As provas objetivas de car\u00e1ter classificat\u00f3rio e eliminat\u00f3rio, com dura\u00e7\u00e3o de 3 horas, ser\u00e3o constitu\u00eddas por quest\u00f5es de m\u00faltipla escolha e ter\u00e3o a seguinte composi\u00e7\u00e3o:<\/p>\n\n\n\n<h3 class=\"wp-block-heading\" id=\"h-disciplinas-do-edital-n\u00ba-1\">Disciplinas do edital n\u00ba 1<\/h3>\n\n\n\n<figure class=\"wp-block-image aligncenter size-full\"><img loading=\"lazy\" decoding=\"async\" width=\"690\" height=\"81\" src=\"https:\/\/dhg1h5j42swfq.cloudfront.net\/2024\/02\/20085236\/image-445.png\" alt=\"Detalhes da prova objetiva aos cargos do edital 1\" class=\"wp-image-1354919\" srcset=\"https:\/\/dhg1h5j42swfq.cloudfront.net\/2024\/02\/20085236\/image-445.png 690w, https:\/\/dhg1h5j42swfq.cloudfront.net\/2024\/02\/20085236\/image-445-300x35.png 300w, https:\/\/dhg1h5j42swfq.cloudfront.net\/2024\/02\/20085236\/image-445-610x72.png 610w, https:\/\/dhg1h5j42swfq.cloudfront.net\/2024\/02\/20085236\/image-445-150x18.png 150w\" sizes=\"auto, (max-width: 690px) 100vw, 690px\" \/><\/figure>\n\n\n\n<h3 class=\"wp-block-heading\" id=\"h-disciplinas-do-edital-n\u00ba-2\">Disciplinas do edital n\u00ba 2<\/h3>\n\n\n\n<figure class=\"wp-block-image aligncenter size-full\"><img loading=\"lazy\" decoding=\"async\" width=\"647\" height=\"115\" src=\"https:\/\/dhg1h5j42swfq.cloudfront.net\/2024\/02\/20085502\/image-448.png\" alt=\"Detalhes da prova objetiva aos cargos do edital 2\" class=\"wp-image-1354928\" srcset=\"https:\/\/dhg1h5j42swfq.cloudfront.net\/2024\/02\/20085502\/image-448.png 647w, https:\/\/dhg1h5j42swfq.cloudfront.net\/2024\/02\/20085502\/image-448-300x53.png 300w, https:\/\/dhg1h5j42swfq.cloudfront.net\/2024\/02\/20085502\/image-448-610x108.png 610w, https:\/\/dhg1h5j42swfq.cloudfront.net\/2024\/02\/20085502\/image-448-640x115.png 640w, https:\/\/dhg1h5j42swfq.cloudfront.net\/2024\/02\/20085502\/image-448-150x27.png 150w\" sizes=\"auto, (max-width: 647px) 100vw, 647px\" \/><\/figure>\n\n\n\n<h3 class=\"wp-block-heading\" id=\"h-disciplinas-do-edital-n\u00ba-3\">Disciplinas do edital n\u00ba 3<\/h3>\n\n\n\n<figure class=\"wp-block-image aligncenter size-full\"><img loading=\"lazy\" decoding=\"async\" width=\"594\" height=\"207\" src=\"https:\/\/dhg1h5j42swfq.cloudfront.net\/2024\/02\/27184407\/image-731.png\" alt=\"Detalhes da prova objetiva aos cargos do edital 3\" class=\"wp-image-1360140\" srcset=\"https:\/\/dhg1h5j42swfq.cloudfront.net\/2024\/02\/27184407\/image-731.png 594w, https:\/\/dhg1h5j42swfq.cloudfront.net\/2024\/02\/27184407\/image-731-300x105.png 300w, https:\/\/dhg1h5j42swfq.cloudfront.net\/2024\/02\/27184407\/image-731-150x52.png 150w\" sizes=\"auto, (max-width: 594px) 100vw, 594px\" \/><\/figure>\n\n\n\n<h3 class=\"wp-block-heading\" id=\"h-disciplinas-do-edital-n\u00ba-4\">Disciplinas do edital n\u00ba 4<\/h3>\n\n\n\n<figure class=\"wp-block-image aligncenter size-full\"><img loading=\"lazy\" decoding=\"async\" width=\"682\" height=\"97\" src=\"https:\/\/dhg1h5j42swfq.cloudfront.net\/2024\/02\/20085545\/image-449.png\" alt=\"Detalhes da prova objetiva aos cargos do edital 4\" class=\"wp-image-1354932\" srcset=\"https:\/\/dhg1h5j42swfq.cloudfront.net\/2024\/02\/20085545\/image-449.png 682w, https:\/\/dhg1h5j42swfq.cloudfront.net\/2024\/02\/20085545\/image-449-300x43.png 300w, https:\/\/dhg1h5j42swfq.cloudfront.net\/2024\/02\/20085545\/image-449-610x87.png 610w, https:\/\/dhg1h5j42swfq.cloudfront.net\/2024\/02\/20085545\/image-449-150x21.png 150w\" sizes=\"auto, (max-width: 682px) 100vw, 682px\" \/><\/figure>\n\n\n\n<h3 class=\"wp-block-heading\" id=\"pratica\">Prova pr\u00e1tica<\/h3>\n\n\n\n<p>Haver\u00e1 prova pr\u00e1tica de car\u00e1ter eliminat\u00f3rio e classificat\u00f3rio para os candidatos habilitados na prova  objetiva de <strong>Eletricista, Encanador, Marceneiro, Mestre de obras, Operador de M\u00e1quinas (Todos) Pedreiro, Pintor e Soldador<\/strong>.<\/p>\n\n\n\n<p>A avalia\u00e7\u00e3o das provas pr\u00e1ticas tem por objetivo auferir a Capacidade T\u00e9cnica e Agilidade atrav\u00e9s do desenvolvimento de tarefas propostas, compat\u00edveis com as atribui\u00e7\u00f5es do cargo, obedecidos os seguintes crit\u00e9rios m\u00ednimos:<\/p>\n\n\n\n<figure class=\"wp-block-image aligncenter size-full\"><img loading=\"lazy\" decoding=\"async\" width=\"667\" height=\"790\" src=\"https:\/\/dhg1h5j42swfq.cloudfront.net\/2024\/02\/20155415\/image-494.png\" alt=\"Detalhes da prova pr\u00e1tica aos cargos que devem participar\" class=\"wp-image-1355501\" srcset=\"https:\/\/dhg1h5j42swfq.cloudfront.net\/2024\/02\/20155415\/image-494.png 667w, https:\/\/dhg1h5j42swfq.cloudfront.net\/2024\/02\/20155415\/image-494-253x300.png 253w, https:\/\/dhg1h5j42swfq.cloudfront.net\/2024\/02\/20155415\/image-494-610x722.png 610w, https:\/\/dhg1h5j42swfq.cloudfront.net\/2024\/02\/20155415\/image-494-150x178.png 150w\" sizes=\"auto, (max-width: 667px) 100vw, 667px\" \/><\/figure>\n\n\n\n<h3 class=\"wp-block-heading\" id=\"taf\">Prova de Aptid\u00e3o F\u00edsica <\/h3>\n\n\n\n<p>Haver\u00e1 Avalia\u00e7\u00e3o de Aptid\u00e3o F\u00edsica, de car\u00e1ter eliminat\u00f3rio, para o cargo de Agente de Apoio<br \/>operacional e Conserva\u00e7\u00e3o do concurso Prefeitura de Votorantim. Para a realiza\u00e7\u00e3o da etapa, o candidato dever\u00e1:<\/p>\n\n\n\n<ul class=\"wp-block-list\">\n<li>apresentar-se com 30 minutos de anteced\u00eancia do hor\u00e1rio previsto no Edital de Convoca\u00e7\u00e3o;<\/li>\n\n\n\n<li>apresentar original de documento de identifica\u00e7\u00e3o conforme previsto no item 5.5 deste Edital;<\/li>\n\n\n\n<li>assinar Termo de Responsabilidade do pr\u00f3prio candidato que ser\u00e1 entregue no local de aplica\u00e7\u00e3o das provas;<\/li>\n\n\n\n<li>entregar Atestado M\u00e9dico conforme modelo constante do Anexo V deste Edital, datado de at\u00e9 20 dias anteriores \u00e0 data da prova, que o capacite a realizar testes de ESFOR\u00c7O F\u00cdSICO; e<\/li>\n\n\n\n<li>apresentar-se com roupa e cal\u00e7ado apropriados<\/li>\n<\/ul>\n\n\n\n<hr class=\"wp-block-separator has-alpha-channel-opacity\"\/>\n\n\n\n<h2 class=\"wp-block-heading has-text-align-center\" id=\"cursos\">Quer estudar para o Concurso Prefeitura de Votorantim ?<\/h2>\n\n\n\n<div class=\"container\" id=\"boxes\">\n  <div class=\"row\">\n\n    <div class=\"col-sm\">\n      <div class=\"banner-estrategia\" id=\"box-assinatura\">\n        <h3 class=\"titulo-assinatura\">Cursos para concursos<\/h3>\n        <p class=\"subtitulo-assinatura\">Conhe\u00e7a os cursos<\/p>\n        <div class=\"box-botao\">\n          <a class=\"btn-assinatura\" target=\"_blank\" href=\"https:\/\/www.estrategiaconcursos.com.br\/cursosPorConcurso\/prefeitura-municipal-de-votorantim-sp\/\" role=\"button\" rel=\"noopener noreferrer\">Conhe\u00e7a mais<\/a>\n        <\/div>\n      <\/div>\n     \n    <\/div>\n\n  <\/div>\n<\/div>\n\n\n\n<div class=\"container\" id=\"boxes\">\n  <div class=\"row\">\n\n    <div class=\"col-sm\">\n      <div class=\"estrategia\" id=\"box-assinatura\">\n        <h3 class=\"titulo-assinatura\">Assinatura Concursos<\/h3>\n        <p class=\"subtitulo-assinatura\">Assinatura de 1 ano ou 2 anos<\/p>\n        <div class=\"box-botao\">\n          <a class=\"btn-assinatura\" target=\"_blank\" href=\"https:\/\/www.estrategiaconcursos.com.br\/assinaturas\/\" role=\"button\" rel=\"noopener noreferrer\">ASSINE AGORA<\/a>\n        <\/div>\n      <\/div><\/div><\/div><\/div>\n\n\n\n<h2 class=\"wp-block-heading has-text-align-center\" id=\"h-quer-saber-tudo-sobre-concursos-previstos-confira-nossos-artigos\">Quer saber tudo sobre concursos previstos?<br \/>Confira  nossos artigos!<\/h2>\n\n\n\n<ul class=\"wp-block-list\">\n<li><a href=\"https:\/\/www.estrategiaconcursos.com.br\/blog\/concursos-abertos\/\" target=\"_blank\" rel=\"noreferrer noopener\">Concursos abertos<\/a><\/li>\n\n\n\n<li><a href=\"https:\/\/www.estrategiaconcursos.com.br\/blog\/concursos-federais\/\">Concursos prefeituras<\/a><\/li>\n\n\n\n<li><a href=\"https:\/\/www.estrategiaconcursos.com.br\/blog\/concursos-2024\/\" target=\"_blank\" rel=\"noreferrer noopener\">Concursos 2024<\/a><\/li>\n<\/ul>\n\n\n\n<figure class=\"wp-block-image size-large is-resized\"><img loading=\"lazy\" decoding=\"async\" width=\"1024\" height=\"632\" src=\"https:\/\/dhg1h5j42swfq.cloudfront.net\/2025\/06\/27101122\/ficha-tecnica-1-1024x632.png\" alt=\"Informa\u00e7\u00f5es do Concurso Prefeitura de Votorantim \" class=\"wp-image-702728\" style=\"aspect-ratio:1.620253164556962;width:282px;height:auto\" srcset=\"https:\/\/dhg1h5j42swfq.cloudfront.net\/2025\/06\/27101122\/ficha-tecnica-1-1024x632.png 1024w, https:\/\/dhg1h5j42swfq.cloudfront.net\/2025\/06\/27101122\/ficha-tecnica-1-300x185.png 300w, https:\/\/dhg1h5j42swfq.cloudfront.net\/2025\/06\/27101122\/ficha-tecnica-1-768x474.png 768w, https:\/\/dhg1h5j42swfq.cloudfront.net\/2025\/06\/27101122\/ficha-tecnica-1-1536x948.png 1536w, https:\/\/dhg1h5j42swfq.cloudfront.net\/2025\/06\/27101122\/ficha-tecnica-1-610x377.png 610w, https:\/\/dhg1h5j42swfq.cloudfront.net\/2025\/06\/27101122\/ficha-tecnica-1.png 1571w\" sizes=\"auto, (max-width: 1024px) 100vw, 1024px\" \/><\/figure>\n\n\n\n<h3 class=\"wp-block-heading\" id=\"ficha\">Informa\u00e7\u00f5es do Concurso Prefeitura de Votorantim <\/h3>\n\n\n\n<ul class=\"wp-block-list\">\n<li><strong>Provas<\/strong>: 14\/04\/2024<\/li>\n\n\n\n<li><strong>Vagas<\/strong>: 98<\/li>\n\n\n\n<li><strong>Cargos<\/strong>: diversos<\/li>\n\n\n\n<li><strong>Banca<\/strong>: IBAM<\/li>\n\n\n\n<li><strong>Escolaridade<\/strong>: n\u00edvel fundamental, m\u00e9dio e superior<\/li>\n\n\n\n<li><a href=\"https:\/\/dhg1h5j42swfq.cloudfront.net\/2024\/02\/20090441\/01-edital-de-abertura-5-1.pdf\" target=\"_blank\" rel=\"noreferrer noopener\">Edital n\u00ba 01<\/a>; <a href=\"https:\/\/dhg1h5j42swfq.cloudfront.net\/2024\/03\/18084459\/1-14.pdf\" target=\"_blank\" rel=\"noreferrer noopener nofollow\">Retifica\u00e7\u00e3o<\/a> | <a href=\"https:\/\/dhg1h5j42swfq.cloudfront.net\/2024\/02\/20090551\/01-edital-de-abertura-6-1.pdf\" target=\"_blank\" rel=\"noreferrer noopener nofollow\">Edital n\u00ba 02<\/a> | <a href=\"https:\/\/dhg1h5j42swfq.cloudfront.net\/2024\/02\/20090616\/01-edital-de-abertura-8-1.pdf\" target=\"_blank\" rel=\"noreferrer noopener nofollow\">Edital n\u00ba 03<\/a>; <a href=\"https:\/\/dhg1h5j42swfq.cloudfront.net\/2024\/03\/18084456\/3-7.pdf\" target=\"_blank\" rel=\"noreferrer noopener nofollow\">Retifica\u00e7\u00e3o<\/a> | <a href=\"https:\/\/dhg1h5j42swfq.cloudfront.net\/2024\/02\/20090652\/01-edital-de-abertura-9-1.pdf\" target=\"_blank\" rel=\"noreferrer noopener nofollow\">Edital n\u00ba 04<\/a> | <a href=\"https:\/\/dhg1h5j42swfq.cloudfront.net\/2024\/02\/20090714\/01-edital-de-abertura-10-1.pdf\" target=\"_blank\" rel=\"noreferrer noopener nofollow\">Edital n\u00ba 05<\/a><\/li>\n<\/ul>\n","protected":false},"excerpt":{"rendered":"<p>Com mais de 100 mil habitantes, o munic\u00edpio de Votorantim, localizado no interior do estado de S\u00e3o Paulo, lan\u00e7ou novos editais para o seu concurso p\u00fablico, com preenchimento de 98 vagas em 65 cargos. Os sal\u00e1rios iniciais da sele\u00e7\u00e3o podem alternar conforme o cargo pretendido pelo candidato, chegando a receber R$ 5.236,79, podendo acrescer mais [&hellip;]<\/p>\n","protected":false},"author":1,"featured_media":729802,"comment_status":"open","ping_status":"closed","sticky":false,"template":"","format":"standard","meta":{"post_tipo":"news_page","footnotes":""},"categories":[214992],"tags":[],"tax_estado":[219989],"class_list":["post-489212","post","type-post","status-publish","format-standard","has-post-thumbnail","hentry","category-concursos-administrativos","tax_estado-sp"],"acf":[],"yoast_head":"<!-- This site is optimized with the Yoast SEO Premium plugin v27.2 (Yoast SEO v27.2) - https:\/\/yoast.com\/product\/yoast-seo-premium-wordpress\/ -->\n<title>Concurso Prefeitura de Votorantim SP: provas em abril<\/title>\n<meta name=\"description\" content=\"Concurso Prefeitura de Votorantim: sa\u00edram editais com 98 vagas em diversos cargos e n\u00edveis de escolaridade. Inscri\u00e7\u00f5es encerradas.\" \/>\n<meta name=\"robots\" content=\"index, follow, max-snippet:-1, max-image-preview:large, max-video-preview:-1\" \/>\n<link rel=\"canonical\" href=\"https:\/\/www.estrategiaconcursos.com.br\/blog\/concurso-prefeitura-votorantim\/\" \/>\n<meta property=\"og:locale\" content=\"pt_BR\" \/>\n<meta property=\"og:type\" content=\"article\" \/>\n<meta property=\"og:title\" content=\"Concurso Prefeitura de Votorantim SP: provas em abril\" \/>\n<meta property=\"og:description\" content=\"Concurso Prefeitura de Votorantim: sa\u00edram editais com 98 vagas em diversos cargos e n\u00edveis de escolaridade. Inscri\u00e7\u00f5es encerradas.\" \/>\n<meta property=\"og:url\" content=\"https:\/\/www.estrategiaconcursos.com.br\/blog\/concurso-prefeitura-votorantim\/\" \/>\n<meta property=\"og:site_name\" content=\"Estrat\u00e9gia Concursos\" \/>\n<meta property=\"article:author\" content=\"https:\/\/www.facebook.com\/EstrategiaConcursos\" \/>\n<meta property=\"article:published_time\" content=\"2024-03-15T02:59:00+00:00\" \/>\n<meta property=\"article:modified_time\" content=\"2024-03-18T11:47:01+00:00\" \/>\n<meta property=\"og:image\" content=\"https:\/\/dhg1h5j42swfq.cloudfront.net\/2021\/04\/03132914\/prefeitura-de-votorantim-sp.jpg\" \/>\n\t<meta property=\"og:image:width\" content=\"768\" \/>\n\t<meta property=\"og:image:height\" content=\"432\" \/>\n\t<meta property=\"og:image:type\" content=\"image\/jpeg\" \/>\n<meta name=\"author\" content=\"Coordena\u00e7\u00e3o\" \/>\n<meta name=\"twitter:card\" content=\"summary_large_image\" \/>\n<meta name=\"twitter:creator\" content=\"@EstratConcursos\" \/>\n<meta name=\"twitter:site\" content=\"@EstratConcursos\" \/>\n<meta name=\"twitter:label1\" content=\"Escrito por\" \/>\n\t<meta name=\"twitter:data1\" content=\"Coordena\u00e7\u00e3o\" \/>\n\t<meta name=\"twitter:label2\" content=\"Est. tempo de leitura\" \/>\n\t<meta name=\"twitter:data2\" content=\"4 minutos\" \/>\n<script type=\"application\/ld+json\" class=\"yoast-schema-graph\">{\"@context\":\"https:\/\/schema.org\",\"@graph\":[{\"@type\":\"NewsArticle\",\"@id\":\"https:\/\/www.estrategiaconcursos.com.br\/blog\/concurso-prefeitura-votorantim\/#article\",\"isPartOf\":{\"@id\":\"https:\/\/www.estrategiaconcursos.com.br\/blog\/concurso-prefeitura-votorantim\/\"},\"author\":{\"name\":\"Coordena\u00e7\u00e3o\",\"@id\":\"https:\/\/www.estrategiaconcursos.com.br\/blog\/#\/schema\/person\/b4a388c97673c5f483d72185668afa1f\"},\"headline\":\"Concurso Prefeitura de Votorantim SP: provas em abril\",\"datePublished\":\"2024-03-15T02:59:00+00:00\",\"dateModified\":\"2024-03-18T11:47:01+00:00\",\"mainEntityOfPage\":{\"@id\":\"https:\/\/www.estrategiaconcursos.com.br\/blog\/concurso-prefeitura-votorantim\/\"},\"wordCount\":1136,\"commentCount\":0,\"publisher\":{\"@id\":\"https:\/\/www.estrategiaconcursos.com.br\/blog\/#organization\"},\"image\":{\"@id\":\"https:\/\/www.estrategiaconcursos.com.br\/blog\/concurso-prefeitura-votorantim\/#primaryimage\"},\"thumbnailUrl\":\"https:\/\/dhg1h5j42swfq.cloudfront.net\/2021\/04\/03132914\/prefeitura-de-votorantim-sp.jpg\",\"articleSection\":[\"Executivo (Administrativa)\"],\"inLanguage\":\"pt-BR\",\"potentialAction\":[{\"@type\":\"CommentAction\",\"name\":\"Comment\",\"target\":[\"https:\/\/www.estrategiaconcursos.com.br\/blog\/concurso-prefeitura-votorantim\/#respond\"]}],\"copyrightYear\":\"2024\",\"copyrightHolder\":{\"@id\":\"https:\/\/www.estrategiaconcursos.com.br\/blog\/#organization\"}},{\"@type\":\"WebPage\",\"@id\":\"https:\/\/www.estrategiaconcursos.com.br\/blog\/concurso-prefeitura-votorantim\/\",\"url\":\"https:\/\/www.estrategiaconcursos.com.br\/blog\/concurso-prefeitura-votorantim\/\",\"name\":\"Concurso Prefeitura de Votorantim SP: provas em abril\",\"isPartOf\":{\"@id\":\"https:\/\/www.estrategiaconcursos.com.br\/blog\/#website\"},\"primaryImageOfPage\":{\"@id\":\"https:\/\/www.estrategiaconcursos.com.br\/blog\/concurso-prefeitura-votorantim\/#primaryimage\"},\"image\":{\"@id\":\"https:\/\/www.estrategiaconcursos.com.br\/blog\/concurso-prefeitura-votorantim\/#primaryimage\"},\"thumbnailUrl\":\"https:\/\/dhg1h5j42swfq.cloudfront.net\/2021\/04\/03132914\/prefeitura-de-votorantim-sp.jpg\",\"datePublished\":\"2024-03-15T02:59:00+00:00\",\"dateModified\":\"2024-03-18T11:47:01+00:00\",\"description\":\"Concurso Prefeitura de Votorantim: sa\u00edram editais com 98 vagas em diversos cargos e n\u00edveis de escolaridade. Inscri\u00e7\u00f5es encerradas.\",\"breadcrumb\":{\"@id\":\"https:\/\/www.estrategiaconcursos.com.br\/blog\/concurso-prefeitura-votorantim\/#breadcrumb\"},\"inLanguage\":\"pt-BR\",\"potentialAction\":[{\"@type\":\"ReadAction\",\"target\":[\"https:\/\/www.estrategiaconcursos.com.br\/blog\/concurso-prefeitura-votorantim\/\"]}]},{\"@type\":\"ImageObject\",\"inLanguage\":\"pt-BR\",\"@id\":\"https:\/\/www.estrategiaconcursos.com.br\/blog\/concurso-prefeitura-votorantim\/#primaryimage\",\"url\":\"https:\/\/dhg1h5j42swfq.cloudfront.net\/2021\/04\/03132914\/prefeitura-de-votorantim-sp.jpg\",\"contentUrl\":\"https:\/\/dhg1h5j42swfq.cloudfront.net\/2021\/04\/03132914\/prefeitura-de-votorantim-sp.jpg\",\"width\":768,\"height\":432},{\"@type\":\"BreadcrumbList\",\"@id\":\"https:\/\/www.estrategiaconcursos.com.br\/blog\/concurso-prefeitura-votorantim\/#breadcrumb\",\"itemListElement\":[{\"@type\":\"ListItem\",\"position\":1,\"name\":\"In\u00edcio\",\"item\":\"https:\/\/www.estrategiaconcursos.com.br\/blog\/\"},{\"@type\":\"ListItem\",\"position\":2,\"name\":\"Concurso Prefeitura de Votorantim SP: provas em abril\"}]},{\"@type\":\"WebSite\",\"@id\":\"https:\/\/www.estrategiaconcursos.com.br\/blog\/#website\",\"url\":\"https:\/\/www.estrategiaconcursos.com.br\/blog\/\",\"name\":\"Estrat\u00e9gia Concursos\",\"description\":\"O blog da Estrat\u00e9gia Concursos traz not\u00edcias sobre concursos e artigos de professores oferecendo cursos para concursos (pdf + videaulas) no site.\",\"publisher\":{\"@id\":\"https:\/\/www.estrategiaconcursos.com.br\/blog\/#organization\"},\"potentialAction\":[{\"@type\":\"SearchAction\",\"target\":{\"@type\":\"EntryPoint\",\"urlTemplate\":\"https:\/\/www.estrategiaconcursos.com.br\/blog\/?s={search_term_string}\"},\"query-input\":{\"@type\":\"PropertyValueSpecification\",\"valueRequired\":true,\"valueName\":\"search_term_string\"}}],\"inLanguage\":\"pt-BR\"},{\"@type\":\"Organization\",\"@id\":\"https:\/\/www.estrategiaconcursos.com.br\/blog\/#organization\",\"name\":\"Estrat\u00e9gia Concursos\",\"url\":\"https:\/\/www.estrategiaconcursos.com.br\/blog\/\",\"logo\":{\"@type\":\"ImageObject\",\"inLanguage\":\"pt-BR\",\"@id\":\"https:\/\/www.estrategiaconcursos.com.br\/blog\/#\/schema\/logo\/image\/\",\"url\":\"https:\/\/dhg1h5j42swfq.cloudfront.net\/2025\/06\/03203428\/logo_concursos-1.jpg\",\"contentUrl\":\"https:\/\/dhg1h5j42swfq.cloudfront.net\/2025\/06\/03203428\/logo_concursos-1.jpg\",\"width\":230,\"height\":60,\"caption\":\"Estrat\u00e9gia Concursos\"},\"image\":{\"@id\":\"https:\/\/www.estrategiaconcursos.com.br\/blog\/#\/schema\/logo\/image\/\"},\"sameAs\":[\"https:\/\/x.com\/EstratConcursos\"]},{\"@type\":\"Person\",\"@id\":\"https:\/\/www.estrategiaconcursos.com.br\/blog\/#\/schema\/person\/b4a388c97673c5f483d72185668afa1f\",\"name\":\"Coordena\u00e7\u00e3o\",\"image\":{\"@type\":\"ImageObject\",\"inLanguage\":\"pt-BR\",\"@id\":\"https:\/\/secure.gravatar.com\/avatar\/b720319e4c9a967eb58678d110f4fe35452fc5d5f97b202bac7b8acceb18c6ad?s=96&d=mm&r=g\",\"url\":\"https:\/\/secure.gravatar.com\/avatar\/b720319e4c9a967eb58678d110f4fe35452fc5d5f97b202bac7b8acceb18c6ad?s=96&d=mm&r=g\",\"contentUrl\":\"https:\/\/secure.gravatar.com\/avatar\/b720319e4c9a967eb58678d110f4fe35452fc5d5f97b202bac7b8acceb18c6ad?s=96&d=mm&r=g\",\"caption\":\"Coordena\u00e7\u00e3o\"},\"sameAs\":[\"https:\/\/www.facebook.com\/EstrategiaConcursos\",\"https:\/\/x.com\/EstratConcursos\"],\"url\":\"https:\/\/www.estrategiaconcursos.com.br\/blog\/author\/estrategia2013\/\"}]}<\/script>\n<!-- \/ Yoast SEO Premium plugin. -->","yoast_head_json":{"title":"Concurso Prefeitura de Votorantim SP: provas em abril","description":"Concurso Prefeitura de Votorantim: sa\u00edram editais com 98 vagas em diversos cargos e n\u00edveis de escolaridade. Inscri\u00e7\u00f5es encerradas.","robots":{"index":"index","follow":"follow","max-snippet":"max-snippet:-1","max-image-preview":"max-image-preview:large","max-video-preview":"max-video-preview:-1"},"canonical":"https:\/\/www.estrategiaconcursos.com.br\/blog\/concurso-prefeitura-votorantim\/","og_locale":"pt_BR","og_type":"article","og_title":"Concurso Prefeitura de Votorantim SP: provas em abril","og_description":"Concurso Prefeitura de Votorantim: sa\u00edram editais com 98 vagas em diversos cargos e n\u00edveis de escolaridade. Inscri\u00e7\u00f5es encerradas.","og_url":"https:\/\/www.estrategiaconcursos.com.br\/blog\/concurso-prefeitura-votorantim\/","og_site_name":"Estrat\u00e9gia Concursos","article_author":"https:\/\/www.facebook.com\/EstrategiaConcursos","article_published_time":"2024-03-15T02:59:00+00:00","article_modified_time":"2024-03-18T11:47:01+00:00","og_image":[{"width":768,"height":432,"url":"https:\/\/dhg1h5j42swfq.cloudfront.net\/2021\/04\/03132914\/prefeitura-de-votorantim-sp.jpg","type":"image\/jpeg"}],"author":"Coordena\u00e7\u00e3o","twitter_card":"summary_large_image","twitter_creator":"@EstratConcursos","twitter_site":"@EstratConcursos","twitter_misc":{"Escrito por":"Coordena\u00e7\u00e3o","Est. tempo de leitura":"4 minutos"},"schema":{"@context":"https:\/\/schema.org","@graph":[{"@type":"NewsArticle","@id":"https:\/\/www.estrategiaconcursos.com.br\/blog\/concurso-prefeitura-votorantim\/#article","isPartOf":{"@id":"https:\/\/www.estrategiaconcursos.com.br\/blog\/concurso-prefeitura-votorantim\/"},"author":{"name":"Coordena\u00e7\u00e3o","@id":"https:\/\/www.estrategiaconcursos.com.br\/blog\/#\/schema\/person\/b4a388c97673c5f483d72185668afa1f"},"headline":"Concurso Prefeitura de Votorantim SP: provas em abril","datePublished":"2024-03-15T02:59:00+00:00","dateModified":"2024-03-18T11:47:01+00:00","mainEntityOfPage":{"@id":"https:\/\/www.estrategiaconcursos.com.br\/blog\/concurso-prefeitura-votorantim\/"},"wordCount":1136,"commentCount":0,"publisher":{"@id":"https:\/\/www.estrategiaconcursos.com.br\/blog\/#organization"},"image":{"@id":"https:\/\/www.estrategiaconcursos.com.br\/blog\/concurso-prefeitura-votorantim\/#primaryimage"},"thumbnailUrl":"https:\/\/dhg1h5j42swfq.cloudfront.net\/2021\/04\/03132914\/prefeitura-de-votorantim-sp.jpg","articleSection":["Executivo (Administrativa)"],"inLanguage":"pt-BR","potentialAction":[{"@type":"CommentAction","name":"Comment","target":["https:\/\/www.estrategiaconcursos.com.br\/blog\/concurso-prefeitura-votorantim\/#respond"]}],"copyrightYear":"2024","copyrightHolder":{"@id":"https:\/\/www.estrategiaconcursos.com.br\/blog\/#organization"}},{"@type":"WebPage","@id":"https:\/\/www.estrategiaconcursos.com.br\/blog\/concurso-prefeitura-votorantim\/","url":"https:\/\/www.estrategiaconcursos.com.br\/blog\/concurso-prefeitura-votorantim\/","name":"Concurso Prefeitura de Votorantim SP: provas em abril","isPartOf":{"@id":"https:\/\/www.estrategiaconcursos.com.br\/blog\/#website"},"primaryImageOfPage":{"@id":"https:\/\/www.estrategiaconcursos.com.br\/blog\/concurso-prefeitura-votorantim\/#primaryimage"},"image":{"@id":"https:\/\/www.estrategiaconcursos.com.br\/blog\/concurso-prefeitura-votorantim\/#primaryimage"},"thumbnailUrl":"https:\/\/dhg1h5j42swfq.cloudfront.net\/2021\/04\/03132914\/prefeitura-de-votorantim-sp.jpg","datePublished":"2024-03-15T02:59:00+00:00","dateModified":"2024-03-18T11:47:01+00:00","description":"Concurso Prefeitura de Votorantim: sa\u00edram editais com 98 vagas em diversos cargos e n\u00edveis de escolaridade. Inscri\u00e7\u00f5es encerradas.","breadcrumb":{"@id":"https:\/\/www.estrategiaconcursos.com.br\/blog\/concurso-prefeitura-votorantim\/#breadcrumb"},"inLanguage":"pt-BR","potentialAction":[{"@type":"ReadAction","target":["https:\/\/www.estrategiaconcursos.com.br\/blog\/concurso-prefeitura-votorantim\/"]}]},{"@type":"ImageObject","inLanguage":"pt-BR","@id":"https:\/\/www.estrategiaconcursos.com.br\/blog\/concurso-prefeitura-votorantim\/#primaryimage","url":"https:\/\/dhg1h5j42swfq.cloudfront.net\/2021\/04\/03132914\/prefeitura-de-votorantim-sp.jpg","contentUrl":"https:\/\/dhg1h5j42swfq.cloudfront.net\/2021\/04\/03132914\/prefeitura-de-votorantim-sp.jpg","width":768,"height":432},{"@type":"BreadcrumbList","@id":"https:\/\/www.estrategiaconcursos.com.br\/blog\/concurso-prefeitura-votorantim\/#breadcrumb","itemListElement":[{"@type":"ListItem","position":1,"name":"In\u00edcio","item":"https:\/\/www.estrategiaconcursos.com.br\/blog\/"},{"@type":"ListItem","position":2,"name":"Concurso Prefeitura de Votorantim SP: provas em abril"}]},{"@type":"WebSite","@id":"https:\/\/www.estrategiaconcursos.com.br\/blog\/#website","url":"https:\/\/www.estrategiaconcursos.com.br\/blog\/","name":"Estrat\u00e9gia Concursos","description":"O blog da Estrat\u00e9gia Concursos traz not\u00edcias sobre concursos e artigos de professores oferecendo cursos para concursos (pdf + videaulas) no site.","publisher":{"@id":"https:\/\/www.estrategiaconcursos.com.br\/blog\/#organization"},"potentialAction":[{"@type":"SearchAction","target":{"@type":"EntryPoint","urlTemplate":"https:\/\/www.estrategiaconcursos.com.br\/blog\/?s={search_term_string}"},"query-input":{"@type":"PropertyValueSpecification","valueRequired":true,"valueName":"search_term_string"}}],"inLanguage":"pt-BR"},{"@type":"Organization","@id":"https:\/\/www.estrategiaconcursos.com.br\/blog\/#organization","name":"Estrat\u00e9gia Concursos","url":"https:\/\/www.estrategiaconcursos.com.br\/blog\/","logo":{"@type":"ImageObject","inLanguage":"pt-BR","@id":"https:\/\/www.estrategiaconcursos.com.br\/blog\/#\/schema\/logo\/image\/","url":"https:\/\/dhg1h5j42swfq.cloudfront.net\/2025\/06\/03203428\/logo_concursos-1.jpg","contentUrl":"https:\/\/dhg1h5j42swfq.cloudfront.net\/2025\/06\/03203428\/logo_concursos-1.jpg","width":230,"height":60,"caption":"Estrat\u00e9gia Concursos"},"image":{"@id":"https:\/\/www.estrategiaconcursos.com.br\/blog\/#\/schema\/logo\/image\/"},"sameAs":["https:\/\/x.com\/EstratConcursos"]},{"@type":"Person","@id":"https:\/\/www.estrategiaconcursos.com.br\/blog\/#\/schema\/person\/b4a388c97673c5f483d72185668afa1f","name":"Coordena\u00e7\u00e3o","image":{"@type":"ImageObject","inLanguage":"pt-BR","@id":"https:\/\/secure.gravatar.com\/avatar\/b720319e4c9a967eb58678d110f4fe35452fc5d5f97b202bac7b8acceb18c6ad?s=96&d=mm&r=g","url":"https:\/\/secure.gravatar.com\/avatar\/b720319e4c9a967eb58678d110f4fe35452fc5d5f97b202bac7b8acceb18c6ad?s=96&d=mm&r=g","contentUrl":"https:\/\/secure.gravatar.com\/avatar\/b720319e4c9a967eb58678d110f4fe35452fc5d5f97b202bac7b8acceb18c6ad?s=96&d=mm&r=g","caption":"Coordena\u00e7\u00e3o"},"sameAs":["https:\/\/www.facebook.com\/EstrategiaConcursos","https:\/\/x.com\/EstratConcursos"],"url":"https:\/\/www.estrategiaconcursos.com.br\/blog\/author\/estrategia2013\/"}]}},"_links":{"self":[{"href":"https:\/\/www.estrategiaconcursos.com.br\/blog\/wp-json\/wp\/v2\/posts\/489212","targetHints":{"allow":["GET"]}}],"collection":[{"href":"https:\/\/www.estrategiaconcursos.com.br\/blog\/wp-json\/wp\/v2\/posts"}],"about":[{"href":"https:\/\/www.estrategiaconcursos.com.br\/blog\/wp-json\/wp\/v2\/types\/post"}],"author":[{"embeddable":true,"href":"https:\/\/www.estrategiaconcursos.com.br\/blog\/wp-json\/wp\/v2\/users\/1"}],"replies":[{"embeddable":true,"href":"https:\/\/www.estrategiaconcursos.com.br\/blog\/wp-json\/wp\/v2\/comments?post=489212"}],"version-history":[{"count":73,"href":"https:\/\/www.estrategiaconcursos.com.br\/blog\/wp-json\/wp\/v2\/posts\/489212\/revisions"}],"predecessor-version":[{"id":1369974,"href":"https:\/\/www.estrategiaconcursos.com.br\/blog\/wp-json\/wp\/v2\/posts\/489212\/revisions\/1369974"}],"wp:featuredmedia":[{"embeddable":true,"href":"https:\/\/www.estrategiaconcursos.com.br\/blog\/wp-json\/wp\/v2\/media\/729802"}],"wp:attachment":[{"href":"https:\/\/www.estrategiaconcursos.com.br\/blog\/wp-json\/wp\/v2\/media?parent=489212"}],"wp:term":[{"taxonomy":"category","embeddable":true,"href":"https:\/\/www.estrategiaconcursos.com.br\/blog\/wp-json\/wp\/v2\/categories?post=489212"},{"taxonomy":"post_tag","embeddable":true,"href":"https:\/\/www.estrategiaconcursos.com.br\/blog\/wp-json\/wp\/v2\/tags?post=489212"},{"taxonomy":"tax_estado","embeddable":true,"href":"https:\/\/www.estrategiaconcursos.com.br\/blog\/wp-json\/wp\/v2\/tax_estado?post=489212"}],"curies":[{"name":"wp","href":"https:\/\/api.w.org\/{rel}","templated":true}]}}