{"id":48861,"date":"2017-09-22T14:30:20","date_gmt":"2017-09-22T17:30:20","guid":{"rendered":"https:\/\/www.estrategiaconcursos.com.br\/blog\/?p=48861"},"modified":"2022-11-28T18:19:18","modified_gmt":"2022-11-28T21:19:18","slug":"concurso-dpu-revisao-vespera","status":"publish","type":"post","link":"https:\/\/www.estrategiaconcursos.com.br\/blog\/concurso-dpu-revisao-vespera\/","title":{"rendered":"Concurso DPU: mais de 12 mil concorrem a 25 vagas no domingo &#8211; Revis\u00e3o de V\u00e9spera"},"content":{"rendered":"\n<p><span style=\"color: #000000;\">A aplica\u00e7\u00e3o das provas do concurso da Defensoria P\u00fablica da Uni\u00e3o acontece no pr\u00f3ximo dia 24 de setembro (<em><strong>concurso DPU<\/strong><\/em>) e o Cespe\/Cebraspe registrou 12548 candidatos inscritos no concurso para Defensor P\u00fablico. Nesta reta final, o Estrat\u00e9gia Concursos preparou uma grande oportunidade para voc\u00ea.<\/span><\/p>\n\n\n\n<p><span style=\"color: #000000;\">No s\u00e1bado, dia 23 de setembro, os nossos professores estar\u00e3o de plant\u00e3o, aqui na sede do Estrat\u00e9gia em Bras\u00edlia, para fazer uma Revis\u00e3o Geral de V\u00e9spera, um dia antes da aplica\u00e7\u00e3o das provas.<\/span><\/p>\n\n\n\n<p><strong>Ao realizar sua inscri\u00e7\u00e3o, voc\u00ea poder\u00e1 baixar GRATUITAMENTE um Resum\u00e3o que os nossos professores fizeram para voc\u00ea dar aquele g\u00e1s na reta final!<\/strong><\/p>\n\n\n\n<p><span style=\"color: #000000;\">Ser\u00e1 um dia inteiro dedicado a um plant\u00e3o tira d\u00favidas, um momento importante para voc\u00ea relembrar o que j\u00e1 foi esquecido e tamb\u00e9m refor\u00e7ar todos os conte\u00fados que j\u00e1 est\u00e3o muito claros para voc\u00ea.<\/span><\/p>\n\n\n\n<p><span style=\"color: #000000;\">Al\u00e9m da apresenta\u00e7\u00e3o dos principais conte\u00fados que os professores acreditam que cair\u00e3o nas provas, ser\u00e3o resolvidas quest\u00f5es para que voc\u00ea fique ainda mais preparado para enfrentar a banca Cespe\/Cebraspe.<\/span><\/p>\n\n\n\n<p><span style=\"color: #000000;\">Para participar gratuitamente do Aul\u00e3o de Revis\u00e3o de V\u00e9spera do Concurso DPU basta preencher o formul\u00e1rio abaixo, continuar estudando e aguardar o in\u00edcio da aula. Pode ficar tranquilo. O link vai estar dispon\u00edvel aqui nesta p\u00e1gina e ser\u00e1 enviado ao seu e-mail.<\/span><\/p>\n\n\n\n<p><span style=\"color: #000000;\">Reforce a sua prepara\u00e7\u00e3o #ComEstrat\u00e9gia!<\/span><\/p>\n\n\n\n<h3 class=\"wp-block-heading\" id=\"h-inscreva-se-para-a-revisao-de-vespera-dpu\">Inscreva-se para a Revis\u00e3o de V\u00e9spera DPU<\/h3>\n\n\n\n<p><script type=\"text\/javascript\" src=\"https:\/\/ax182.infusionsoft.com\/app\/form\/iframe\/5b99f68d6a0f11af2da8b201d37b49a6\"><\/script><\/p>\n\n\n\n<figure class=\"wp-block-image aligncenter\"><img loading=\"lazy\" decoding=\"async\" width=\"1200\" height=\"300\" src=\"https:\/\/dhg1h5j42swfq.cloudfront.net\/2017\/09\/14112034\/dpu-banner-site.jpg\" alt=\"concurso dpu\" class=\"wp-image-88904\" srcset=\"https:\/\/dhg1h5j42swfq.cloudfront.net\/2017\/09\/14112034\/dpu-banner-site.jpg 1200w, https:\/\/dhg1h5j42swfq.cloudfront.net\/2017\/09\/14112034\/dpu-banner-site.jpg 300w, https:\/\/dhg1h5j42swfq.cloudfront.net\/2017\/09\/14112034\/dpu-banner-site.jpg 768w, https:\/\/dhg1h5j42swfq.cloudfront.net\/2017\/09\/14112034\/dpu-banner-site.jpg 1024w, https:\/\/dhg1h5j42swfq.cloudfront.net\/2017\/09\/14112034\/dpu-banner-site.jpg 610w\" sizes=\"auto, (max-width: 1200px) 100vw, 1200px\" \/><\/figure>\n\n\n\n<p>O Defensor P\u00fablico-Geral Federal , publicou no Di\u00e1rio Oficial da Uni\u00e3o, que os locais&nbsp;de aplica\u00e7\u00e3o da prova objetiva,&nbsp;&nbsp;para as vagas no cargo&nbsp;de Defensor P\u00fablico Federal de Segunda Categoria, j\u00e1 est\u00e3o dispon\u00edveis para consulta no site oficial da banca organizadora, Cebraspe-Cespe.<\/p>\n\n\n\n<p>Informou ainda, que a&nbsp;prova objetiva ter\u00e1 a dura\u00e7\u00e3o de 5 horas e ser\u00e1 aplicada&nbsp;no dia 24 de setembro de 2017, \u00e0s 13 horas (hor\u00e1rio oficial de&nbsp;Bras\u00edlia\/DF).<\/p>\n\n\n\n<p><strong>Retifica\u00e7\u00f5es do Edital DPU, divulgado nos dias 12 e<\/strong><strong>&nbsp;13 de julho<\/strong><\/p>\n\n\n\n<p>Nesta retifica\u00e7\u00e3o do dia 13, foi alterado o conte\u00fado program\u00e1tico&nbsp;na disciplina de Direito Previdenci\u00e1rio e Assist\u00eancia Social. Na retifica\u00e7\u00e3o do dia 12, ficam alteradas as datas de aplica\u00e7\u00e3o das provas dissertativas (segunda fase) para os dias <strong>19 e 20 de novembro<\/strong> e o conte\u00fado program\u00e1tico.<\/p>\n\n\n\n<p><span style=\"color: #000000;\">O edital do <strong>concurso DPU<\/strong> para 25\u00a0vagas no\u00a0cargo de Defensor P\u00fablico Federal, com remunera\u00e7\u00e3o inicial de\u00a0R$ 22.197,67, j\u00e1 incluindo o aux\u00edlio-alimenta\u00e7\u00e3o, de R$ 884,00 e aux\u00edlio sa\u00fade de R$ 215,00 <em>per capita<\/em>.\u00a0O certame ser\u00e1 realizado pelo Cebraspe (Cespe) e pela DPU, com a participa\u00e7\u00e3o, em todas as fases do concurso, da Ordem dos Advogados do Brasil (OAB).\u00a0<\/span><\/p>\n\n\n\n<h3 class=\"wp-block-heading\" id=\"h-requisitos-para-pleitear-o-cargo\">Requisitos para pleitear o cargo<\/h3>\n\n\n\n<p><span style=\"color: #000000;\">Para concorrer ao cargo de Defensor \u00e9 necess\u00e1rio possuir diploma, devidamente registrado, ou certid\u00e3o de conclus\u00e3o de curso de gradua\u00e7\u00e3o de n\u00edvel superior de bacharelado em Direito, estar inscrito na OAB, ressalvada a situa\u00e7\u00e3o dos candidatos que exer\u00e7am atividade incompat\u00edvel com a advocacia; e ter, no m\u00ednimo, a pr\u00e1tica de tr\u00eas anos de atividade jur\u00eddica.&nbsp;<\/span><\/p>\n\n\n\n<p>Ser\u00e1 admitida a inscri\u00e7\u00e3o no site oficial da banca organizadora, Cebraspe,&nbsp;entre 10 horas do dia 30 de junho de 2017 e 18 horas do dia 25 de julho de 2017, no valor de&nbsp;R$ 200,00.<\/p>\n\n\n\n<h3 class=\"wp-block-heading\" id=\"h-etapas-do-concurso-dpu\">Etapas do concurso DPU<\/h3>\n\n\n\n<p><span style=\"color: #000000;\"><strong>primeira fase:<\/strong> prova objetiva, de car\u00e1ter eliminat\u00f3rio e classificat\u00f3rio, de responsabilidade do Cebraspe; <strong>Data<\/strong>:<strong>&nbsp;24\/09 &#8211; Vespertino<\/strong><\/span><\/p>\n\n\n\n<ul class=\"wp-block-list\"><li style=\"text-align: justify;\"><span style=\"color: #000000;\">De car\u00e1ter eliminat\u00f3rio e classificat\u00f3rio, os candidatos foram submetidos a uma prova objetiva composta por 200 quest\u00f5es divididas em quatro grupos, que cobraram conhecimentos em:<\/span><\/li><\/ul>\n\n\n\n<p><span style=\"color: #000000;\"><strong>GRUPO I<\/strong><br \/><em>Direito Administrativo<br \/>Direito Civil<br \/>Direito Empresarial<br \/>Direito do Consumidor<br \/>Direito Processual Civil<br \/>Direito Tribut\u00e1rio<\/em><\/span><\/p>\n\n\n\n<p><span style=\"color: #000000;\"><strong>GRUPO II<\/strong><br \/><em>Direito Penal<br \/>Direito Processual Penal<br \/>Direito Penal Militar<br \/>Direito Processual<br \/>Penal Militar<br \/>Direito Eleitoral<\/em><\/span><\/p>\n\n\n\n<p><span style=\"color: #000000;\"><strong>GRUPO III<\/strong><br \/><em>Direito do Trabalho<br \/>Direito Processual do Trabalho<br \/>Direito Previdenci\u00e1rio e da Assist\u00eancia Social<br \/>Princ\u00edpios Institucionais da Defensoria P\u00fablica<\/em><\/span><\/p>\n\n\n\n<p><span style=\"color: #000000;\"><strong>GRUPO IV<\/strong><br \/><em>Direito Constitucional<br \/>Direito Internacional<br \/>Direitos Humanos<br \/>Filosofia do Direito<br \/>No\u00e7\u00f5es de Sociologia Jur\u00eddica<br \/>No\u00e7\u00f5es de Ci\u00eancia Pol\u00edtica<\/em><\/span><\/p>\n\n\n\n<p><span style=\"color: #000000;\"><strong>segunda fase:<\/strong> provas dissertativas escritas, de car\u00e1ter eliminat\u00f3rio e classificat\u00f3rio, de responsabilidade da DPU, com apoio log\u00edstico do Cebraspe; <strong>Data: 19 e 20 de novembro<\/strong><\/span><\/p>\n\n\n\n<ul class=\"wp-block-list\"><li style=\"text-align: justify;\"><span style=\"color: #000000;\">A primeira fase (prova objetiva) e a segunda fase (provas dissertativas escritas) ser\u00e3o realizadas nas capitais dos 26 estados da Federa\u00e7\u00e3o e na capital federal. <\/span><\/li><\/ul>\n\n\n\n<ul class=\"wp-block-list\"><li style=\"text-align: justify;\"><span style=\"color: #000000;\">os candidatos respondem&nbsp;a cinco quest\u00f5es, a serem respondidas em at\u00e9 10 linhas cada, uma pe\u00e7a judicial ou disserta\u00e7\u00e3o, de at\u00e9 90 linhas.<\/span><\/li><\/ul>\n\n\n\n<p><span style=\"color: #000000;\"><strong>terceira fase:<\/strong> provas orais, de car\u00e1ter eliminat\u00f3rio e classificat\u00f3rio, de responsabilidade da DPU, com apoio log\u00edstico do Cebraspe; <strong>&nbsp;Data: a definir<\/strong><\/span><\/p>\n\n\n\n<ul class=\"wp-block-list\"><li style=\"text-align: justify;\"><span style=\"color: #000000;\">A terceira fase (provas orais), a per\u00edcia m\u00e9dica dos candidatos que se declararem com defici\u00eancia, o procedimento administrativo de verifica\u00e7\u00e3o da condi\u00e7\u00e3o declarada para concorrer \u00e0s vagas reservadas aos candidatos negros e a entrega da documenta\u00e7\u00e3o para confirma\u00e7\u00e3o da veracidade das informa\u00e7\u00f5es dos candidatos ind\u00edgenas ser\u00e3o realizados apenas em Bras\u00edlia\/DF. <\/span><\/li><\/ul>\n\n\n\n<p><span style=\"color: #000000;\"><strong>quarta fase:<\/strong> avalia\u00e7\u00e3o de t\u00edtulos, de car\u00e1ter classificat\u00f3rio, de responsabilidade da DPU, com apoio log\u00edstico do Cebraspe; <\/span><\/p>\n\n\n\n<ul class=\"wp-block-list\"><li style=\"text-align: justify;\"><span style=\"color: #000000;\">A quarta fase (avalia\u00e7\u00e3o de t\u00edtulos) e a quinta fase (sindic\u00e2ncia de vida pregressa e apura\u00e7\u00e3o dos demais requisitos pessoais) ser\u00e3o realizadas na capital federal e nas capitais de todos os Estados onde houver aprovados;<\/span><\/li><\/ul>\n\n\n\n<p><span style=\"color: #000000;\"><strong>quinta fase:<\/strong> sindic\u00e2ncia de vida pregressa e apura\u00e7\u00e3o dos demais requisitos pessoais, de car\u00e1ter eliminat\u00f3rio, de responsabilidade da DPU, com apoio log\u00edstico do Cebraspe.<\/span><\/p>\n\n\n\n<h3 class=\"wp-block-heading\" id=\"h-subsidios-do-defensor-publico-federal\">Subs\u00eddios do Defensor P\u00fablico Federal<\/h3>\n\n\n\n<p><span style=\"color: #000000;\">Confira abaixo os subs\u00eddios ao longo dos anos:<\/span><\/p>\n\n\n\n<p><span style=\"color: #000000;\">Jan\/2015 &#8211; R$ 17.330,33<br \/>Jan\/2017 &#8211; R$ 22.197,67<br \/>Jan\/2018 &#8211; R$ 23.252,06<br \/>Jan\/2019 &#8211; R$ 24.298,40<\/span><\/p>\n\n\n\n<p><span style=\"color: #000000;\">Na noite de segunda-feira, o\u00a0projeto &#8220;Quartas das Carreiras&#8221; teve uma edi\u00e7\u00e3o especial ao receber\u00a0o Defensor P\u00fablico Federal\u00a0Renan Ara\u00fajo.\u00a0Durante a transmiss\u00e3o, Renan conversou com a jornalista Tha\u00eds Mendes contando sobre o cargo,\u00a0remunera\u00e7\u00e3o, jornada de trabalho, expectativa de crescimento, progress\u00e3o, lota\u00e7\u00e3o, al\u00e9m do\u00a0dia a dia da fun\u00e7\u00e3o!<\/span><\/p>\n\n\n\n<h3 class=\"wp-block-heading\" id=\"h-ultimo-concurso-dpu\">\u00daltimo concurso DPU<\/h3>\n\n\n\n<p><span style=\"color: #000000;\">Com 13.160 inscritos, o \u00faltimo concurso realizado pela Defensoria P\u00fablica da Uni\u00e3o para o cargo de Defensor P\u00fablico Federal aconteceu em 2014, quando foram ofertadas 58 vagas. Dessas, 3 foram para candidatos com defici\u00eancia.<\/span><\/p>\n\n\n\n<p><span style=\"color: #000000;\">A demanda de vaga na ampla concorr\u00eancia ficou em 236,58 candidatos por vaga. E para candidatos com defici\u00eancia, a concorr\u00eancia por vaga foi de 49,33 candidatos para cada vaga. Na \u00e9poca, a remunera\u00e7\u00e3o ofertada no edital era de R$ 16.489,37. A taxa de inscri\u00e7\u00e3o no certame ficou fixada em R$ 180,00.<\/span><\/p>\n\n\n\n<p><strong>O Estrat\u00e9gia est\u00e1 realizando um&nbsp;<u>curso extensivo gratuito focado nas Carreiras Jur\u00eddicas<\/u>! Ser\u00e3o centenas de horas de aulas gratuitas focadas nos concursos de Magistratura e&nbsp;Minist\u00e9rio P\u00fablico.&nbsp;Para participar, basta se inscrever clicando no banner abaixo e selecionando a op\u00e7\u00e3o&nbsp;<u>\u00c1rea Jur\u00eddica<\/u>:<\/strong><\/p>\n\n\n\n<figure class=\"wp-block-image aligncenter\"><a href=\"https:\/\/www.estrategiaconcursos.com.br\/gratis\/cursos-extensivos\/\"><img loading=\"lazy\" decoding=\"async\" width=\"753\" height=\"180\" src=\"https:\/\/dhg1h5j42swfq.cloudfront.net\/2017\/02\/01163222\/extensivo-gratuito.png\" alt=\"CONCURSO magistratura do trabalho\" class=\"wp-image-63458\" srcset=\"https:\/\/dhg1h5j42swfq.cloudfront.net\/2017\/02\/01163222\/extensivo-gratuito.png 753w, https:\/\/dhg1h5j42swfq.cloudfront.net\/2017\/02\/01163222\/extensivo-gratuito.png 300w, https:\/\/dhg1h5j42swfq.cloudfront.net\/2017\/02\/01163222\/extensivo-gratuito.png 500w\" sizes=\"auto, (max-width: 753px) 100vw, 753px\" \/><\/a><\/figure>\n\n\n\n<p><strong><span style=\"color: #000000;\"><em>O Estrat\u00e9gia Concursos j\u00e1 lan\u00e7ou cursos para o concurso DPU.<\/em><\/span><br \/><a href=\"https:\/\/www.estrategiaconcursos.com.br\/cursosPorConcurso\/dpu-defensor-publico-da-uniao\/\" target=\"_blank\" rel=\"noopener noreferrer\">CURSOS CONCURSO DPU<\/a><br \/><span style=\"color: #000000;\"><a href=\"https:\/\/www.estrategiaconcursos.com.br\/blog\/defensor-publico-federal\/\" target=\"_blank\" rel=\"noopener noreferrer\">CONHE\u00c7A A CARREIRA DE DEFENSOR P\u00daBLICO FEDERAL<\/a><\/span><\/strong><\/p>\n\n\n\n<figure class=\"wp-block-image\"><img decoding=\"async\" src=\"https:\/\/dhg1h5j42swfq.cloudfront.net\/2017\/03\/28152500\/coruja-ficha-tecnica-300x102.png\" alt=\"\"\/><\/figure>\n\n\n\n<p><span style=\"color: #000000;\"><\/span><\/p>\n\n\n\n<p><span style=\"color: #000000;\"><strong>\u2666Informa\u00e7\u00f5es do Concurso 2017<\/strong><\/span><\/p>\n\n\n\n<p><span style=\"color: #000000;\">\u25baEdital: <a href=\"http:\/\/pesquisa.in.gov.br\/imprensa\/jsp\/visualiza\/index.jsp?data=13\/06\/2017&amp;jornal=3&amp;pagina=115&amp;totalArquivos=115\" target=\"_blank\" rel=\"noopener noreferrer\">Defensor P\u00fablico DOU<\/a><br \/>\u25baData prevista: 24 de setembro<br \/>\u25baVagas: 17<br \/>\u25baLota\u00e7\u00f5es: a definir<br \/>\u25baRemunera\u00e7\u00e3o inicial: R$ 22 mil<br \/>\u25baBanca: Cebraspe (Cespe)<br \/>\u25baEscolaridade: N\u00edvel Superior<br \/>\u25baCursos Estrat\u00e9gia Concursos:&nbsp;<\/span><strong><a href=\"https:\/\/www.estrategiaconcursos.com.br\/cursosPorConcurso\/dpu-defensor-publico-da-uniao\/\" target=\"_blank\" rel=\"noopener noreferrer\">CURSOS CONCURSO DPU<\/a><\/strong><\/p>\n\n\n\n<p><span style=\"color: #000000;\"><em>Fernando Brito<\/em><br \/>Ascom Estrat\u00e9gia<br \/>comunicacao@estrategiaconcursos.com.br<\/span><\/p>\n","protected":false},"excerpt":{"rendered":"<p>A aplica\u00e7\u00e3o das provas do concurso da Defensoria P\u00fablica da Uni\u00e3o acontece no pr\u00f3ximo dia 24 de setembro (concurso DPU) e o Cespe\/Cebraspe registrou 12548 candidatos inscritos no concurso para Defensor P\u00fablico. Nesta reta final, o Estrat\u00e9gia Concursos preparou uma grande oportunidade para voc\u00ea. No s\u00e1bado, dia 23 de setembro, os nossos professores estar\u00e3o de [&hellip;]<\/p>\n","protected":false},"author":1,"featured_media":78015,"comment_status":"open","ping_status":"open","sticky":false,"template":"","format":"standard","meta":{"post_tipo":"news","footnotes":""},"categories":[1,2185],"tags":[1926,538],"tax_estado":[],"class_list":["post-48861","post","type-post","status-publish","format-standard","has-post-thumbnail","hentry","category-cursos-e-concursos","category-carreiras-juridicas","tag-defensor-publico","tag-dpu"],"acf":[],"yoast_head":"<!-- This site is optimized with the Yoast SEO Premium plugin v27.2 (Yoast SEO v27.2) - https:\/\/yoast.com\/product\/yoast-seo-premium-wordpress\/ -->\n<title>Concurso DPU: Quer gabaritar a prova?? REVIS\u00c3O GERAL!!<\/title>\n<meta name=\"description\" content=\"Confira as \u00faltimas not\u00edcias sobre o Concurso DPU: Autoriza\u00e7\u00e3o, vagas, remunera\u00e7\u00e3o, inscri\u00e7\u00f5es e provas da Defensoria P\u00fablica da Uni\u00e3o!\" \/>\n<meta name=\"robots\" content=\"index, follow, max-snippet:-1, max-image-preview:large, max-video-preview:-1\" \/>\n<link rel=\"canonical\" href=\"https:\/\/www.estrategiaconcursos.com.br\/blog\/concurso-dpu-revisao-vespera\/\" \/>\n<meta property=\"og:locale\" content=\"pt_BR\" \/>\n<meta property=\"og:type\" content=\"article\" \/>\n<meta property=\"og:title\" content=\"Concurso DPU: mais de 12 mil concorrem a 25 vagas no domingo - Revis\u00e3o de V\u00e9spera\" \/>\n<meta property=\"og:description\" content=\"Confira as \u00faltimas not\u00edcias sobre o Concurso DPU: Autoriza\u00e7\u00e3o, vagas, remunera\u00e7\u00e3o, inscri\u00e7\u00f5es e provas da Defensoria P\u00fablica da Uni\u00e3o!\" \/>\n<meta property=\"og:url\" content=\"https:\/\/www.estrategiaconcursos.com.br\/blog\/concurso-dpu-revisao-vespera\/\" \/>\n<meta property=\"og:site_name\" content=\"Estrat\u00e9gia Concursos\" \/>\n<meta property=\"article:author\" content=\"https:\/\/www.facebook.com\/EstrategiaConcursos\" \/>\n<meta property=\"article:published_time\" content=\"2017-09-22T17:30:20+00:00\" \/>\n<meta property=\"article:modified_time\" content=\"2022-11-28T21:19:18+00:00\" \/>\n<meta property=\"og:image\" content=\"https:\/\/dhg1h5j42swfq.cloudfront.net\/2017\/06\/16190306\/DPU2-e1497650603237.jpg\" \/>\n\t<meta property=\"og:image:width\" content=\"400\" \/>\n\t<meta property=\"og:image:height\" content=\"209\" \/>\n\t<meta property=\"og:image:type\" content=\"image\/jpeg\" \/>\n<meta name=\"author\" content=\"Coordena\u00e7\u00e3o\" \/>\n<meta name=\"twitter:card\" content=\"summary_large_image\" \/>\n<meta name=\"twitter:creator\" content=\"@EstratConcursos\" \/>\n<meta name=\"twitter:site\" content=\"@EstratConcursos\" \/>\n<meta name=\"twitter:label1\" content=\"Escrito por\" \/>\n\t<meta name=\"twitter:data1\" content=\"Coordena\u00e7\u00e3o\" \/>\n\t<meta name=\"twitter:label2\" content=\"Est. tempo de leitura\" \/>\n\t<meta name=\"twitter:data2\" content=\"6 minutos\" \/>\n<script type=\"application\/ld+json\" class=\"yoast-schema-graph\">{\"@context\":\"https:\/\/schema.org\",\"@graph\":[{\"@type\":\"NewsArticle\",\"@id\":\"https:\/\/www.estrategiaconcursos.com.br\/blog\/concurso-dpu-revisao-vespera\/#article\",\"isPartOf\":{\"@id\":\"https:\/\/www.estrategiaconcursos.com.br\/blog\/concurso-dpu-revisao-vespera\/\"},\"author\":{\"name\":\"Coordena\u00e7\u00e3o\",\"@id\":\"https:\/\/www.estrategiaconcursos.com.br\/blog\/#\/schema\/person\/b4a388c97673c5f483d72185668afa1f\"},\"headline\":\"Concurso DPU: mais de 12 mil concorrem a 25 vagas no domingo &#8211; Revis\u00e3o de V\u00e9spera\",\"datePublished\":\"2017-09-22T17:30:20+00:00\",\"dateModified\":\"2022-11-28T21:19:18+00:00\",\"mainEntityOfPage\":{\"@id\":\"https:\/\/www.estrategiaconcursos.com.br\/blog\/concurso-dpu-revisao-vespera\/\"},\"wordCount\":1262,\"commentCount\":4,\"publisher\":{\"@id\":\"https:\/\/www.estrategiaconcursos.com.br\/blog\/#organization\"},\"image\":{\"@id\":\"https:\/\/www.estrategiaconcursos.com.br\/blog\/concurso-dpu-revisao-vespera\/#primaryimage\"},\"thumbnailUrl\":\"https:\/\/dhg1h5j42swfq.cloudfront.net\/2017\/06\/16190306\/DPU2-e1497650603237.jpg\",\"keywords\":[\"Defensor P\u00fablico\",\"DPU\"],\"articleSection\":[\"Concursos P\u00fablicos\",\"Jur\u00eddico\"],\"inLanguage\":\"pt-BR\",\"potentialAction\":[{\"@type\":\"CommentAction\",\"name\":\"Comment\",\"target\":[\"https:\/\/www.estrategiaconcursos.com.br\/blog\/concurso-dpu-revisao-vespera\/#respond\"]}],\"copyrightYear\":\"2017\",\"copyrightHolder\":{\"@id\":\"https:\/\/www.estrategiaconcursos.com.br\/blog\/#organization\"}},{\"@type\":\"WebPage\",\"@id\":\"https:\/\/www.estrategiaconcursos.com.br\/blog\/concurso-dpu-revisao-vespera\/\",\"url\":\"https:\/\/www.estrategiaconcursos.com.br\/blog\/concurso-dpu-revisao-vespera\/\",\"name\":\"Concurso DPU: Quer gabaritar a prova?? REVIS\u00c3O GERAL!!\",\"isPartOf\":{\"@id\":\"https:\/\/www.estrategiaconcursos.com.br\/blog\/#website\"},\"primaryImageOfPage\":{\"@id\":\"https:\/\/www.estrategiaconcursos.com.br\/blog\/concurso-dpu-revisao-vespera\/#primaryimage\"},\"image\":{\"@id\":\"https:\/\/www.estrategiaconcursos.com.br\/blog\/concurso-dpu-revisao-vespera\/#primaryimage\"},\"thumbnailUrl\":\"https:\/\/dhg1h5j42swfq.cloudfront.net\/2017\/06\/16190306\/DPU2-e1497650603237.jpg\",\"datePublished\":\"2017-09-22T17:30:20+00:00\",\"dateModified\":\"2022-11-28T21:19:18+00:00\",\"description\":\"Confira as \u00faltimas not\u00edcias sobre o Concurso DPU: Autoriza\u00e7\u00e3o, vagas, remunera\u00e7\u00e3o, inscri\u00e7\u00f5es e provas da Defensoria P\u00fablica da Uni\u00e3o!\",\"breadcrumb\":{\"@id\":\"https:\/\/www.estrategiaconcursos.com.br\/blog\/concurso-dpu-revisao-vespera\/#breadcrumb\"},\"inLanguage\":\"pt-BR\",\"potentialAction\":[{\"@type\":\"ReadAction\",\"target\":[\"https:\/\/www.estrategiaconcursos.com.br\/blog\/concurso-dpu-revisao-vespera\/\"]}]},{\"@type\":\"ImageObject\",\"inLanguage\":\"pt-BR\",\"@id\":\"https:\/\/www.estrategiaconcursos.com.br\/blog\/concurso-dpu-revisao-vespera\/#primaryimage\",\"url\":\"https:\/\/dhg1h5j42swfq.cloudfront.net\/2017\/06\/16190306\/DPU2-e1497650603237.jpg\",\"contentUrl\":\"https:\/\/dhg1h5j42swfq.cloudfront.net\/2017\/06\/16190306\/DPU2-e1497650603237.jpg\",\"width\":400,\"height\":209,\"caption\":\"concurso dpu\"},{\"@type\":\"BreadcrumbList\",\"@id\":\"https:\/\/www.estrategiaconcursos.com.br\/blog\/concurso-dpu-revisao-vespera\/#breadcrumb\",\"itemListElement\":[{\"@type\":\"ListItem\",\"position\":1,\"name\":\"In\u00edcio\",\"item\":\"https:\/\/www.estrategiaconcursos.com.br\/blog\/\"},{\"@type\":\"ListItem\",\"position\":2,\"name\":\"Concurso DPU: mais de 12 mil concorrem a 25 vagas no domingo &#8211; Revis\u00e3o de V\u00e9spera\"}]},{\"@type\":\"WebSite\",\"@id\":\"https:\/\/www.estrategiaconcursos.com.br\/blog\/#website\",\"url\":\"https:\/\/www.estrategiaconcursos.com.br\/blog\/\",\"name\":\"Estrat\u00e9gia Concursos\",\"description\":\"O blog da Estrat\u00e9gia Concursos traz not\u00edcias sobre concursos e artigos de professores oferecendo cursos para concursos (pdf + videaulas) no site.\",\"publisher\":{\"@id\":\"https:\/\/www.estrategiaconcursos.com.br\/blog\/#organization\"},\"potentialAction\":[{\"@type\":\"SearchAction\",\"target\":{\"@type\":\"EntryPoint\",\"urlTemplate\":\"https:\/\/www.estrategiaconcursos.com.br\/blog\/?s={search_term_string}\"},\"query-input\":{\"@type\":\"PropertyValueSpecification\",\"valueRequired\":true,\"valueName\":\"search_term_string\"}}],\"inLanguage\":\"pt-BR\"},{\"@type\":\"Organization\",\"@id\":\"https:\/\/www.estrategiaconcursos.com.br\/blog\/#organization\",\"name\":\"Estrat\u00e9gia Concursos\",\"url\":\"https:\/\/www.estrategiaconcursos.com.br\/blog\/\",\"logo\":{\"@type\":\"ImageObject\",\"inLanguage\":\"pt-BR\",\"@id\":\"https:\/\/www.estrategiaconcursos.com.br\/blog\/#\/schema\/logo\/image\/\",\"url\":\"https:\/\/dhg1h5j42swfq.cloudfront.net\/2025\/06\/03203428\/logo_concursos-1.jpg\",\"contentUrl\":\"https:\/\/dhg1h5j42swfq.cloudfront.net\/2025\/06\/03203428\/logo_concursos-1.jpg\",\"width\":230,\"height\":60,\"caption\":\"Estrat\u00e9gia Concursos\"},\"image\":{\"@id\":\"https:\/\/www.estrategiaconcursos.com.br\/blog\/#\/schema\/logo\/image\/\"},\"sameAs\":[\"https:\/\/x.com\/EstratConcursos\"]},{\"@type\":\"Person\",\"@id\":\"https:\/\/www.estrategiaconcursos.com.br\/blog\/#\/schema\/person\/b4a388c97673c5f483d72185668afa1f\",\"name\":\"Coordena\u00e7\u00e3o\",\"image\":{\"@type\":\"ImageObject\",\"inLanguage\":\"pt-BR\",\"@id\":\"https:\/\/secure.gravatar.com\/avatar\/b720319e4c9a967eb58678d110f4fe35452fc5d5f97b202bac7b8acceb18c6ad?s=96&d=mm&r=g\",\"url\":\"https:\/\/secure.gravatar.com\/avatar\/b720319e4c9a967eb58678d110f4fe35452fc5d5f97b202bac7b8acceb18c6ad?s=96&d=mm&r=g\",\"contentUrl\":\"https:\/\/secure.gravatar.com\/avatar\/b720319e4c9a967eb58678d110f4fe35452fc5d5f97b202bac7b8acceb18c6ad?s=96&d=mm&r=g\",\"caption\":\"Coordena\u00e7\u00e3o\"},\"sameAs\":[\"https:\/\/www.facebook.com\/EstrategiaConcursos\",\"https:\/\/x.com\/EstratConcursos\"],\"url\":\"https:\/\/www.estrategiaconcursos.com.br\/blog\/author\/estrategia2013\/\"}]}<\/script>\n<!-- \/ Yoast SEO Premium plugin. -->","yoast_head_json":{"title":"Concurso DPU: Quer gabaritar a prova?? REVIS\u00c3O GERAL!!","description":"Confira as \u00faltimas not\u00edcias sobre o Concurso DPU: Autoriza\u00e7\u00e3o, vagas, remunera\u00e7\u00e3o, inscri\u00e7\u00f5es e provas da Defensoria P\u00fablica da Uni\u00e3o!","robots":{"index":"index","follow":"follow","max-snippet":"max-snippet:-1","max-image-preview":"max-image-preview:large","max-video-preview":"max-video-preview:-1"},"canonical":"https:\/\/www.estrategiaconcursos.com.br\/blog\/concurso-dpu-revisao-vespera\/","og_locale":"pt_BR","og_type":"article","og_title":"Concurso DPU: mais de 12 mil concorrem a 25 vagas no domingo - Revis\u00e3o de V\u00e9spera","og_description":"Confira as \u00faltimas not\u00edcias sobre o Concurso DPU: Autoriza\u00e7\u00e3o, vagas, remunera\u00e7\u00e3o, inscri\u00e7\u00f5es e provas da Defensoria P\u00fablica da Uni\u00e3o!","og_url":"https:\/\/www.estrategiaconcursos.com.br\/blog\/concurso-dpu-revisao-vespera\/","og_site_name":"Estrat\u00e9gia Concursos","article_author":"https:\/\/www.facebook.com\/EstrategiaConcursos","article_published_time":"2017-09-22T17:30:20+00:00","article_modified_time":"2022-11-28T21:19:18+00:00","og_image":[{"width":400,"height":209,"url":"https:\/\/dhg1h5j42swfq.cloudfront.net\/2017\/06\/16190306\/DPU2-e1497650603237.jpg","type":"image\/jpeg"}],"author":"Coordena\u00e7\u00e3o","twitter_card":"summary_large_image","twitter_creator":"@EstratConcursos","twitter_site":"@EstratConcursos","twitter_misc":{"Escrito por":"Coordena\u00e7\u00e3o","Est. tempo de leitura":"6 minutos"},"schema":{"@context":"https:\/\/schema.org","@graph":[{"@type":"NewsArticle","@id":"https:\/\/www.estrategiaconcursos.com.br\/blog\/concurso-dpu-revisao-vespera\/#article","isPartOf":{"@id":"https:\/\/www.estrategiaconcursos.com.br\/blog\/concurso-dpu-revisao-vespera\/"},"author":{"name":"Coordena\u00e7\u00e3o","@id":"https:\/\/www.estrategiaconcursos.com.br\/blog\/#\/schema\/person\/b4a388c97673c5f483d72185668afa1f"},"headline":"Concurso DPU: mais de 12 mil concorrem a 25 vagas no domingo &#8211; Revis\u00e3o de V\u00e9spera","datePublished":"2017-09-22T17:30:20+00:00","dateModified":"2022-11-28T21:19:18+00:00","mainEntityOfPage":{"@id":"https:\/\/www.estrategiaconcursos.com.br\/blog\/concurso-dpu-revisao-vespera\/"},"wordCount":1262,"commentCount":4,"publisher":{"@id":"https:\/\/www.estrategiaconcursos.com.br\/blog\/#organization"},"image":{"@id":"https:\/\/www.estrategiaconcursos.com.br\/blog\/concurso-dpu-revisao-vespera\/#primaryimage"},"thumbnailUrl":"https:\/\/dhg1h5j42swfq.cloudfront.net\/2017\/06\/16190306\/DPU2-e1497650603237.jpg","keywords":["Defensor P\u00fablico","DPU"],"articleSection":["Concursos P\u00fablicos","Jur\u00eddico"],"inLanguage":"pt-BR","potentialAction":[{"@type":"CommentAction","name":"Comment","target":["https:\/\/www.estrategiaconcursos.com.br\/blog\/concurso-dpu-revisao-vespera\/#respond"]}],"copyrightYear":"2017","copyrightHolder":{"@id":"https:\/\/www.estrategiaconcursos.com.br\/blog\/#organization"}},{"@type":"WebPage","@id":"https:\/\/www.estrategiaconcursos.com.br\/blog\/concurso-dpu-revisao-vespera\/","url":"https:\/\/www.estrategiaconcursos.com.br\/blog\/concurso-dpu-revisao-vespera\/","name":"Concurso DPU: Quer gabaritar a prova?? REVIS\u00c3O GERAL!!","isPartOf":{"@id":"https:\/\/www.estrategiaconcursos.com.br\/blog\/#website"},"primaryImageOfPage":{"@id":"https:\/\/www.estrategiaconcursos.com.br\/blog\/concurso-dpu-revisao-vespera\/#primaryimage"},"image":{"@id":"https:\/\/www.estrategiaconcursos.com.br\/blog\/concurso-dpu-revisao-vespera\/#primaryimage"},"thumbnailUrl":"https:\/\/dhg1h5j42swfq.cloudfront.net\/2017\/06\/16190306\/DPU2-e1497650603237.jpg","datePublished":"2017-09-22T17:30:20+00:00","dateModified":"2022-11-28T21:19:18+00:00","description":"Confira as \u00faltimas not\u00edcias sobre o Concurso DPU: Autoriza\u00e7\u00e3o, vagas, remunera\u00e7\u00e3o, inscri\u00e7\u00f5es e provas da Defensoria P\u00fablica da Uni\u00e3o!","breadcrumb":{"@id":"https:\/\/www.estrategiaconcursos.com.br\/blog\/concurso-dpu-revisao-vespera\/#breadcrumb"},"inLanguage":"pt-BR","potentialAction":[{"@type":"ReadAction","target":["https:\/\/www.estrategiaconcursos.com.br\/blog\/concurso-dpu-revisao-vespera\/"]}]},{"@type":"ImageObject","inLanguage":"pt-BR","@id":"https:\/\/www.estrategiaconcursos.com.br\/blog\/concurso-dpu-revisao-vespera\/#primaryimage","url":"https:\/\/dhg1h5j42swfq.cloudfront.net\/2017\/06\/16190306\/DPU2-e1497650603237.jpg","contentUrl":"https:\/\/dhg1h5j42swfq.cloudfront.net\/2017\/06\/16190306\/DPU2-e1497650603237.jpg","width":400,"height":209,"caption":"concurso dpu"},{"@type":"BreadcrumbList","@id":"https:\/\/www.estrategiaconcursos.com.br\/blog\/concurso-dpu-revisao-vespera\/#breadcrumb","itemListElement":[{"@type":"ListItem","position":1,"name":"In\u00edcio","item":"https:\/\/www.estrategiaconcursos.com.br\/blog\/"},{"@type":"ListItem","position":2,"name":"Concurso DPU: mais de 12 mil concorrem a 25 vagas no domingo &#8211; Revis\u00e3o de V\u00e9spera"}]},{"@type":"WebSite","@id":"https:\/\/www.estrategiaconcursos.com.br\/blog\/#website","url":"https:\/\/www.estrategiaconcursos.com.br\/blog\/","name":"Estrat\u00e9gia Concursos","description":"O blog da Estrat\u00e9gia Concursos traz not\u00edcias sobre concursos e artigos de professores oferecendo cursos para concursos (pdf + videaulas) no site.","publisher":{"@id":"https:\/\/www.estrategiaconcursos.com.br\/blog\/#organization"},"potentialAction":[{"@type":"SearchAction","target":{"@type":"EntryPoint","urlTemplate":"https:\/\/www.estrategiaconcursos.com.br\/blog\/?s={search_term_string}"},"query-input":{"@type":"PropertyValueSpecification","valueRequired":true,"valueName":"search_term_string"}}],"inLanguage":"pt-BR"},{"@type":"Organization","@id":"https:\/\/www.estrategiaconcursos.com.br\/blog\/#organization","name":"Estrat\u00e9gia Concursos","url":"https:\/\/www.estrategiaconcursos.com.br\/blog\/","logo":{"@type":"ImageObject","inLanguage":"pt-BR","@id":"https:\/\/www.estrategiaconcursos.com.br\/blog\/#\/schema\/logo\/image\/","url":"https:\/\/dhg1h5j42swfq.cloudfront.net\/2025\/06\/03203428\/logo_concursos-1.jpg","contentUrl":"https:\/\/dhg1h5j42swfq.cloudfront.net\/2025\/06\/03203428\/logo_concursos-1.jpg","width":230,"height":60,"caption":"Estrat\u00e9gia Concursos"},"image":{"@id":"https:\/\/www.estrategiaconcursos.com.br\/blog\/#\/schema\/logo\/image\/"},"sameAs":["https:\/\/x.com\/EstratConcursos"]},{"@type":"Person","@id":"https:\/\/www.estrategiaconcursos.com.br\/blog\/#\/schema\/person\/b4a388c97673c5f483d72185668afa1f","name":"Coordena\u00e7\u00e3o","image":{"@type":"ImageObject","inLanguage":"pt-BR","@id":"https:\/\/secure.gravatar.com\/avatar\/b720319e4c9a967eb58678d110f4fe35452fc5d5f97b202bac7b8acceb18c6ad?s=96&d=mm&r=g","url":"https:\/\/secure.gravatar.com\/avatar\/b720319e4c9a967eb58678d110f4fe35452fc5d5f97b202bac7b8acceb18c6ad?s=96&d=mm&r=g","contentUrl":"https:\/\/secure.gravatar.com\/avatar\/b720319e4c9a967eb58678d110f4fe35452fc5d5f97b202bac7b8acceb18c6ad?s=96&d=mm&r=g","caption":"Coordena\u00e7\u00e3o"},"sameAs":["https:\/\/www.facebook.com\/EstrategiaConcursos","https:\/\/x.com\/EstratConcursos"],"url":"https:\/\/www.estrategiaconcursos.com.br\/blog\/author\/estrategia2013\/"}]}},"_links":{"self":[{"href":"https:\/\/www.estrategiaconcursos.com.br\/blog\/wp-json\/wp\/v2\/posts\/48861","targetHints":{"allow":["GET"]}}],"collection":[{"href":"https:\/\/www.estrategiaconcursos.com.br\/blog\/wp-json\/wp\/v2\/posts"}],"about":[{"href":"https:\/\/www.estrategiaconcursos.com.br\/blog\/wp-json\/wp\/v2\/types\/post"}],"author":[{"embeddable":true,"href":"https:\/\/www.estrategiaconcursos.com.br\/blog\/wp-json\/wp\/v2\/users\/1"}],"replies":[{"embeddable":true,"href":"https:\/\/www.estrategiaconcursos.com.br\/blog\/wp-json\/wp\/v2\/comments?post=48861"}],"version-history":[{"count":98,"href":"https:\/\/www.estrategiaconcursos.com.br\/blog\/wp-json\/wp\/v2\/posts\/48861\/revisions"}],"predecessor-version":[{"id":1130786,"href":"https:\/\/www.estrategiaconcursos.com.br\/blog\/wp-json\/wp\/v2\/posts\/48861\/revisions\/1130786"}],"wp:featuredmedia":[{"embeddable":true,"href":"https:\/\/www.estrategiaconcursos.com.br\/blog\/wp-json\/wp\/v2\/media\/78015"}],"wp:attachment":[{"href":"https:\/\/www.estrategiaconcursos.com.br\/blog\/wp-json\/wp\/v2\/media?parent=48861"}],"wp:term":[{"taxonomy":"category","embeddable":true,"href":"https:\/\/www.estrategiaconcursos.com.br\/blog\/wp-json\/wp\/v2\/categories?post=48861"},{"taxonomy":"post_tag","embeddable":true,"href":"https:\/\/www.estrategiaconcursos.com.br\/blog\/wp-json\/wp\/v2\/tags?post=48861"},{"taxonomy":"tax_estado","embeddable":true,"href":"https:\/\/www.estrategiaconcursos.com.br\/blog\/wp-json\/wp\/v2\/tax_estado?post=48861"}],"curies":[{"name":"wp","href":"https:\/\/api.w.org\/{rel}","templated":true}]}}